{"id":17844,"date":"2019-08-15T11:00:03","date_gmt":"2019-08-15T10:00:03","guid":{"rendered":"https:\/\/speyer24news.com\/?p=17844"},"modified":"2019-08-16T09:09:16","modified_gmt":"2019-08-16T08:09:16","slug":"veranstaltungen-15","status":"publish","type":"post","link":"https:\/\/speyer24news.com\/?p=17844","title":{"rendered":"Veranstaltungen:"},"content":{"rendered":"<style type=\"text\/css\">\r\n\t.ads_top_disp{}\r\n\t.ads_top_corner_disp{ float:left; margin:0px 10px 10px 0px; }\r\n\t.ads_first_p_disp{}\r\n\t.ads_bottom_disp{}\r\n\t<\/style>\n<h2 class=\"wp-block-heading\"><strong>Picknickkonzert am Sonntag wird in die Schule im Vogelgesang verlegt<\/strong><\/h2>\n\n\n\n<div class=\"wp-block-image\"><figure class=\"aligncenter\"><img decoding=\"async\" loading=\"lazy\" width=\"800\" height=\"600\" src=\"https:\/\/speyer24news.com\/wp-content\/uploads\/2019\/08\/67074716_10211506092127393_2028630358047588352_n.jpg\" alt=\"\" class=\"wp-image-17624\" srcset=\"https:\/\/speyer24news.com\/wp-content\/uploads\/2019\/08\/67074716_10211506092127393_2028630358047588352_n.jpg 800w, https:\/\/speyer24news.com\/wp-content\/uploads\/2019\/08\/67074716_10211506092127393_2028630358047588352_n-300x225.jpg 300w, https:\/\/speyer24news.com\/wp-content\/uploads\/2019\/08\/67074716_10211506092127393_2028630358047588352_n-768x576.jpg 768w, https:\/\/speyer24news.com\/wp-content\/uploads\/2019\/08\/67074716_10211506092127393_2028630358047588352_n-678x509.jpg 678w, https:\/\/speyer24news.com\/wp-content\/uploads\/2019\/08\/67074716_10211506092127393_2028630358047588352_n-326x245.jpg 326w, https:\/\/speyer24news.com\/wp-content\/uploads\/2019\/08\/67074716_10211506092127393_2028630358047588352_n-80x60.jpg 80w\" sizes=\"(max-width: 800px) 100vw, 800px\" \/><\/figure><\/div>\n\n\n\n<p>Aufgrund der unsicheren Wetterprognose f\u00fcr den kommenden Sonntag wird das auf dem Platz der Stadt Ravenna geplante Picknickkonzert <strong>in die Schule im Vogelgesang, Kardinal-Wendel-Stra\u00dfe 7, verlegt<\/strong>. <\/p>\n\n\n\n<p>Ab 11 Uhr wird dort die Zan Ganassa Band  aus Ravenna \u00a0ihre farbenfrohen Lieder aus Italien, verwurzelt in den  musikalischen Traditionen von ganz Europa, pr\u00e4sentieren. Der  Freundeskreis Speyer-Ravenna und der Stadtteilverein Speyer-S\u00fcd werden das Picknickkonzert in der Vogelgesang Schule mit italienischen Spezialit\u00e4ten bereichern. \u00a0<\/p>\n\n\n\n<p><em>Text: Stadt Speyer Foto: S24N, dak<br>16.08.2019<\/em><\/p>\n\n\n\n<h2 class=\"wp-block-heading\"><strong>\u201eLa dolce vita\u201c auf dem Platz der Stadt Ravenna:  Kulinarisch und musikalisch beim Picknick-Konzert mit der \u201eZan Ganassa Band\u201c erleben<\/strong><\/h2>\n\n\n\n<h4 class=\"wp-block-heading\"><strong>Am 18. August, &nbsp;11 Uhr wird das letzte  Picknick-Konzert des Jahres auf dem Platz der Stadt Ravenna stattfinden.  Anl\u00e4sslich des 30-J\u00e4hrigen Jubil\u00e4ums  der deutsch-italienischen St\u00e4dtepartnerschaft von Speyer  und Ravenna kommt die \u201eZan Ganassa Band\u201c aus der Partnerstadt zu  Besuch. Sie nimmt uns beim gem\u00fctlichen Picknick mit auf eine  musikalische Reise durch Europa.<\/strong><\/h4>\n\n\n\n<div class=\"wp-block-image\"><figure class=\"aligncenter\"><img decoding=\"async\" loading=\"lazy\" width=\"800\" height=\"548\" src=\"https:\/\/speyer24news.com\/wp-content\/uploads\/2019\/08\/Zan-Ganassa-Band-Foto-von-Mattia-DOvidio.jpg\" alt=\"\" class=\"wp-image-17845\" srcset=\"https:\/\/speyer24news.com\/wp-content\/uploads\/2019\/08\/Zan-Ganassa-Band-Foto-von-Mattia-DOvidio.jpg 800w, https:\/\/speyer24news.com\/wp-content\/uploads\/2019\/08\/Zan-Ganassa-Band-Foto-von-Mattia-DOvidio-300x206.jpg 300w, https:\/\/speyer24news.com\/wp-content\/uploads\/2019\/08\/Zan-Ganassa-Band-Foto-von-Mattia-DOvidio-768x526.jpg 768w\" sizes=\"(max-width: 800px) 100vw, 800px\" \/><\/figure><\/div>\n\n\n\n<p><strong>Speyer \/ Platz der Stadt Ravenna &#8211; <\/strong>Ein letztes Mal diesen Sommer k\u00f6nnen sich die Speyerer B\u00fcrgerinnen und  B\u00fcrger bei einem gem\u00fctlichen Picknick von den farbenfrohen Melodien und  Kl\u00e4ngen anderer Welten begleiten lassen. Bei italienischem Folk wird es  mit der \u201eZan Ganassa Band\u201c auf die Reise durch  Europas musikalische Traditionen gehen. Die \u201eZan Ganassa Band\u201c entstand  aus einem Projekt des Teatro del Drago in Speyers italienischer  Partnerstadt Ravenna, das in einer Live-Performance klassisches  Puppentheater mit Volksmusik verband. Ihre Musik fu\u00dft auf  traditioneller Musik der italienischen Region Emilia Romagna wie  beispielsweise den T\u00e4nzen des 19. und 20. Jahrhunderts. Das Ganze wird  mit traditionellen europ\u00e4ischen und zeitgen\u00f6ssischen Musikstilen  konfrontiert, stets auf der Suche nach dem, was alle europ\u00e4ischen  Musikrichtungen verbindet. <\/p>\n\n\n\n<div class=\"wp-block-image\"><figure class=\"alignleft is-resized\"><img decoding=\"async\" loading=\"lazy\" src=\"https:\/\/speyer24news.com\/wp-content\/uploads\/2019\/07\/Picknick-Konzerte-Kopie.png\" alt=\"\" class=\"wp-image-16327\" width=\"300\" height=\"367\" srcset=\"https:\/\/speyer24news.com\/wp-content\/uploads\/2019\/07\/Picknick-Konzerte-Kopie.png 450w, https:\/\/speyer24news.com\/wp-content\/uploads\/2019\/07\/Picknick-Konzerte-Kopie-245x300.png 245w\" sizes=\"(max-width: 300px) 100vw, 300px\" \/><\/figure><\/div>\n\n\n\n<p>Ganz im Sinne des Jubil\u00e4umsjahrs \u201e30 Jahre \nSpeyer-Ravenna\u201c wird der Platz der Stadt Ravenna Mittelpunkt und \nBegegnungsort des kulturellen Austauschs zugleich. Daf\u00fcr engagieren sich\n nicht nur der \u201eFreundeskreis Speyer-Ravenna\u201c, sondern auch\n der Stadtteilverein Speyer-S\u00fcd und die Pestalozzischule. Die Besucher \nsind eingeladen ihr Picknick auf die Gr\u00fcnanlage mitzunehmen und Musik \nund Essen zu genie\u00dfen. Wer sein Picknick nicht selbst mitbringt, kann \nsich vor Ort mit Speisen und Getr\u00e4nken vom \u201eFreundeskreis\n Speyer-Ravenna\u201c und der Pestalozzi-Schule bewirten lassen. <\/p>\n\n\n\n<p>Der Eintritt ist frei. Bei Regen wird das Konzert in die Turnhalle der Pestalozzischule verlegt.<\/p>\n\n\n\n<p>Weitere Infos: <a rel=\"noreferrer noopener\" href=\"https:\/\/deref-web-02.de\/mail\/client\/8BvcZ6Q7Cuc\/dereferrer\/?redirectUrl=https%3A%2F%2Fwww.speyer.de%2Fsv_speyer%2Fde%2FKultur%2FMusik%2FSpeyerer%2520Picknickkonzerte%2F\" target=\"_blank\"> https:\/\/www.speyer.de\/sv_speyer\/de\/Kultur\/Musik\/Speyerer%20Picknickkonzerte\/<\/a>  <\/p>\n\n\n\n<p><em>Text: Stadt Speyer Foto: Zan Ganassa Band<br>15.08.2019<\/em><\/p>\n","protected":false},"excerpt":{"rendered":"<div class=\"mh-excerpt\"><p>Picknickkonzert am Sonntag wird in die Schule im Vogelgesang verlegt Aufgrund der unsicheren Wetterprognose f\u00fcr den kommenden Sonntag wird das auf dem Platz der Stadt Ravenna geplante Picknickkonzert in die Schule im Vogelgesang, Kardinal-Wendel-Stra\u00dfe 7, <a class=\"mh-excerpt-more\" href=\"https:\/\/speyer24news.com\/?p=17844\" title=\"Veranstaltungen:\">[&#8230;]<\/a><\/p>\n<\/div>","protected":false},"author":3,"featured_media":0,"comment_status":"open","ping_status":"open","sticky":false,"template":"","format":"standard","meta":{"_monsterinsights_skip_tracking":false,"_monsterinsights_sitenote_active":false,"_monsterinsights_sitenote_note":"","_monsterinsights_sitenote_category":0,"footnotes":""},"categories":[13],"tags":[2759,2758,2321,1371,6,1431],"aioseo_notices":[],"amp_enabled":true,"_links":{"self":[{"href":"https:\/\/speyer24news.com\/index.php?rest_route=\/wp\/v2\/posts\/17844"}],"collection":[{"href":"https:\/\/speyer24news.com\/index.php?rest_route=\/wp\/v2\/posts"}],"about":[{"href":"https:\/\/speyer24news.com\/index.php?rest_route=\/wp\/v2\/types\/post"}],"author":[{"embeddable":true,"href":"https:\/\/speyer24news.com\/index.php?rest_route=\/wp\/v2\/users\/3"}],"replies":[{"embeddable":true,"href":"https:\/\/speyer24news.com\/index.php?rest_route=%2Fwp%2Fv2%2Fcomments&post=17844"}],"version-history":[{"count":2,"href":"https:\/\/speyer24news.com\/index.php?rest_route=\/wp\/v2\/posts\/17844\/revisions"}],"predecessor-version":[{"id":17936,"href":"https:\/\/speyer24news.com\/index.php?rest_route=\/wp\/v2\/posts\/17844\/revisions\/17936"}],"wp:attachment":[{"href":"https:\/\/speyer24news.com\/index.php?rest_route=%2Fwp%2Fv2%2Fmedia&parent=17844"}],"wp:term":[{"taxonomy":"category","embeddable":true,"href":"https:\/\/speyer24news.com\/index.php?rest_route=%2Fwp%2Fv2%2Fcategories&post=17844"},{"taxonomy":"post_tag","embeddable":true,"href":"https:\/\/speyer24news.com\/index.php?rest_route=%2Fwp%2Fv2%2Ftags&post=17844"}],"curies":[{"name":"wp","href":"https:\/\/api.w.org\/{rel}","templated":true}]}}