{"id":17847,"date":"2019-08-15T15:00:35","date_gmt":"2019-08-15T14:00:35","guid":{"rendered":"https:\/\/speyer24news.com\/?p=17847"},"modified":"2019-08-15T15:00:37","modified_gmt":"2019-08-15T14:00:37","slug":"polizei-40","status":"publish","type":"post","link":"https:\/\/speyer24news.com\/?p=17847","title":{"rendered":"Polizei:"},"content":{"rendered":"<style type=\"text\/css\">\r\n\t.ads_top_disp{}\r\n\t.ads_top_corner_disp{ float:left; margin:0px 10px 10px 0px; }\r\n\t.ads_first_p_disp{}\r\n\t.ads_bottom_disp{}\r\n\t<\/style>\n<h2 class=\"wp-block-heading\">Polizeimeldungen vom Donnerstag (15.08.2019)<\/h2>\n\n\n\n<div class=\"wp-block-image\"><figure class=\"aligncenter\"><img decoding=\"async\" src=\"https:\/\/speyer24news.com\/wp-content\/uploads\/2019\/07\/Aktuelles-Polizeilogo-1.jpg\" alt=\"\" class=\"wp-image-16637\"\/><\/figure><\/div>\n\n\n\n<h4 class=\"wp-block-heading\">(Speyer) &#8211; Verkehrskontrollen in der Landauer Stra\u00dfe<\/h4>\n\n\n\n<p>F\u00fcr  die Dauer von ca. 2 Stunden wurde in der Nacht von Mittwoch auf  Donnerstag in der Landauer Stra\u00dfe eine station\u00e4re Kontrollstelle durch  die Polizei eingerichtet. Bei ca. 40 kontrollierten Fahrzeugen kam es  hierbei zu mehreren Beanstandungen. 3 Fahrer f\u00fchrten bei der Kontrolle  kein Warndreieck im Fahrzeug mit, in 5 Fahrzeugen fehlte die Warnweste,  in 3 Fahrzeugen der Verbandskasten. Zudem konnten 4 Fahrzeugf\u00fchrer den  Fahrzeugschein bzw. 1 Fahrzeugf\u00fchrer seinen F\u00fchrerschein nicht  vorweisen.  Letztlich konnte bei einem Fahrzeug ein Beleuchtungsmangel  sowie bei 2 weiteren Fahrzeugen jeweils abgelaufene T\u00dcV-Plaketten  festgestellt und beanstandet werden. <\/p>\n\n\n\n<h4 class=\"wp-block-heading\">(B\u00f6hl-Iggelheim) &#8211; Pkw mutwillig besch\u00e4digt<\/h4>\n\n\n\n<p>Bei einem Pkw, der von einem Sportverein Am Neugraben zur Platzpflege  verwendet wird, wurde in der Zeit von Dienstag, 13.08., 21.00 Uhr, bis  Mittwoch, 14.08., 11.00 Uhr, die Windschutzscheibe eingeschlagen,  Scheibenwischer abgerissen, sowie Dach und Motorhaube verbeult.  Mitb\u00fcrger, die Hinweise auf den oder die Verursacher machen k\u00f6nnen oder  verd\u00e4chtige Wahrnehmungen gemacht haben, werden gebeten sich bei der  Polizeiinspektion Schifferstadt unter 06235 495-0 oder <a href=\"mailto:pischifferstadt@polizei.rlp.de\">pischifferstadt@polizei.rlp.de<\/a> zu melden. <\/p>\n\n\n\n<h4 class=\"wp-block-heading\">(Dannstadt-Schauernheim) &#8211; Verkehrsunfall \/ Anh\u00e4nger kippt um und Auto f\u00e4hrt sich fest<\/h4>\n\n\n\n<p>Am Mittwoch, dem 14.08., befuhr eine Zugmaschine mit Anh\u00e4nger den  Kreisverkehr der L454 am n\u00f6rdlichen Ortsrand von Schauernheim. W\u00e4hrend  der Kurvenfahrt verrutschte ungesicherte Ladung auf dem Anh\u00e4nger,  weshalb dieser umkippte. Ladung fiel herunter und ein Teil der fl\u00fcssigen  Ladung (Destillat) ergoss sich \u00fcber die Fahrbahn. Der 70j\u00e4hrige Fahrer  des Gespanns blieb hierbei unverletzt. F\u00fcr die Dauer der Bergung musste  die Stra\u00dfe vor dem Ortseingang Schauernheim vor\u00fcbergehend gesperrt  werden. An der Sperrung fuhr sich eine 80j\u00e4hrige Pkw-Fahrerin beim  Versuch zu wenden in der B\u00f6schung fest und musste ebenfalls von einem  Abschleppdienst aus der B\u00f6schung gezogen werden. Ein Schaden entstand  hierbei nicht. <\/p>\n\n\n\n<h4 class=\"wp-block-heading\">(R\u00f6merberg) &#8211; Diebstahl aus Pkw<\/h4>\n\n\n\n<p>Vermutlich  in der Nacht von Dienstag auf Mittwoch entwendeten unbekannte T\u00e4ter aus  dem Innenraum eines Am Unteren Schlittberg in R\u00f6merberg abgestellen  Audi eine Tasche mit einem F\u00f6hn und Pflegeutensilien, ein Lederetui mit  einem TomTom-Navigationsger\u00e4t und einen geringen M\u00fcnzgeldbetrag. Der  Wert des Diebesgutes bel\u00e4uft sich auf ca. 150EUR. Am Fahrzeug konnten  keine Aufbruchspuren festgestellt werden. Derzeit liegen keine  T\u00e4terhinweise vor. Zeugenhinweise werden unter Tel.-Nr. 06232-1370 oder  per Mail an <a href=\"mailto:pispeyer@polizei.rlp.de\">pispeyer@polizei.rlp.de<\/a> entgegen genommen. <\/p>\n\n\n\n<h4 class=\"wp-block-heading\">(Harthausen) &#8211; Doppelter Ladendiebstahl<\/h4>\n\n\n\n<p>Eine\n Angestellte eines Supermarktes in Harthausen beobachtete am Mittwoch \nkurz nach 20 Uhr eine 18j\u00e4hrige dabei, wie sie im Supermarkt ein \nHaarpflegeprodukt aus der Verkaufsverpackung entnahm und dieses in ihre \nHandtasche legte. Als sie danach versuchte, das Gesch\u00e4ft ohne Bezahlung \nzu verlassen, wurde sie mit der Tat konfrontiert und h\u00e4ndigte den \nentwendeten Gegenstand aus. Die polizeiliche Durchsuchung brachte bei \nihr kein weiteres Diebesgut zum Vorschein. <\/p>\n\n\n\n<p>Allerdings konnte der  Inhalt einer weiteren leeren Verpackung aus dem Supermarkt bei ihrem  24j\u00e4hrigen, m\u00e4nnlichen Begleiter aufgefunden werden. Dieser wird sich  nun wegen des Diebstahls eines Feuerzeugs aus dem Supermarkt  verantworten m\u00fcssen. <\/p>\n\n\n\n<h4 class=\"wp-block-heading\">(Germersheim) &#8211; Mit zwei Bier 2,11 Promille erreicht?<\/h4>\n\n\n\n<p>Weil er in Schlangenlinien durch Germersheim fuhr, ist am Mittwochabend  gegen 21:10 Uhr ein Autofahrer einer Streife aufgefallen. Bei der  anschlie\u00dfenden Kontrolle bemerkten die eingesetzten Beamten  Alkoholgeruch. Auf Nachfrage gab der 32-j\u00e4hrige Fahrzeugf\u00fchrer an, zwei  Bier getrunken zu haben. Letztendlich war das Ergebnis des  Atemalkoholtests 2,11 Promille. Dem Mann wurde eine Blutprobe entnommen  und sein F\u00fchrerschein wurde einbehalten. <\/p>\n\n\n\n<h4 class=\"wp-block-heading\">(Birkenh\u00f6rdt \/ B 427) &#8211; Zweiradfahrerin leicht verletzt<\/h4>\n\n\n\n<p>Am Dienstag, 13.08.19, um 13:00 Uhr, befuhr die Fahrerin eines  Leichtkraftrades die B 427 von Bad Bergzabern kommend in Richtung  Birkenh\u00f6rdt. Aufgrund einer eingerichteten Baustellenampel, welche  Rotlicht zeigte, musste die 17-J\u00e4hrige abbremsen. Hierbei geriet sie ins  Schleudern und st\u00fcrzte auf die Fahrbahn. Sie wurde zur Untersuchung vom  Rettungsdienst in ein Krankenhaus verbracht. an dem Roller entstand  Sachschaden in H\u00f6he von 500.- Euro. <\/p>\n\n\n\n<h4 class=\"wp-block-heading\">(Landau \/ B 38) &#8211; Verkehrsunfall mit 4 Pkw<\/h4>\n\n\n\n<p>Zu einem Verkehrsunfall mit vier beteiligten Pkw kam es am fr\u00fchen  Mittwochabend gegen 17.40 Uhr auf der B38 H\u00f6he Einm\u00fcndung  Flugplatzgel\u00e4nde Ebenberg. Alle Pkw befuhren die B38 von der Autobahn  kommend in Richtung Westen. Ein Pkw bremste zum Abbiegen auf die Stra\u00dfe  zum Flugplatzgel\u00e4nde ab. Die beiden unmittelbar folgenden Pkw erkannten  dies und verringerten deutlich die Geschwindigkeit. Ein 71-j\u00e4hriger  Pkw-Fahrer erkannte dies nicht und fuhr auf die fast zum Stillstand  gekommenen Pkw auf. Durch die Kollision wurden die drei vor ihm  befindlichen Pkw ineinander geschoben. Es entstand Sachschaden in H\u00f6he  von ca. 30.000.&#8211;EUR. Drei Pkw waren nicht mehr fahrbereit und mussten  abgeschleppt werden. <\/p>\n\n\n\n<h4 class=\"wp-block-heading\">(Annweiler) &#8211; Mehrfach ohne Fahrerlaubnis unterwegs<\/h4>\n\n\n\n<p>Bei einem 24-j\u00e4hrigen Autofahrer stellte die Polizei am Mittwoch, den  14.08.19, im Rahmen einer Verkehrskontrolle in Annweiler fest, dass  dieser zum wiederholten Mal ohne g\u00fcltige Fahrerlaubnis ein Kraftfahrzeug  f\u00fchrte. Obwohl der Mann bereits in der Vergangenheit mehrfach ohne  g\u00fcltigen F\u00fchrerschein unterwegs war und entsprechend bestraft wurde,  zeigt er sich weiterhin uneinsichtig. Er wird nunmehr erneut wegen  Fahrens ohne Fahrerlaubnis beanzeigt und muss damit rechnen, dass sein  von ihm gef\u00fchrtes Auto der Verwertung zugef\u00fchrt wird. <\/p>\n\n\n\n<h4 class=\"wp-block-heading\">(A 65 \/ NW \/ Edenkoben) &#8211; Autorennen zw. Neustadt Wstr. und Edenkoben<\/h4>\n\n\n\n<p>Am Mittwochabend wurde um 22:00 Uhr ein Autorennen auf der A65 zw.  Neustadt und Edenkoben in Richtung Karlsruhe gemeldet. Beteiligt sollen  ein grauer Mercedes und ein schwarzer Audi, beide mit Kennzeichen NW-,  gewesen sein. Die Fahrzeuge fuhren bei der AS Edenkoben ab und f\u00fchrten  ihr Rennen auf der K6 in Richtung Venningen weiter. Die Polizei bittet  Zeugen sich unter Tel. 06323 9550 zu melden. <\/p>\n\n\n\n<h4 class=\"wp-block-heading\">(Neustadt) &#8211; War es ein Autorennen?<\/h4>\n\n\n\n<p>Nur durch Gl\u00fcck kam es nicht zu schwereren Unfallfolgen. Ein  19-j\u00e4hriger Neustadter befuhr am 14.08.2019 um 19:13 Uhr  mit seinem  hochmotorisierten, schwarzen BMW der 5-er Baureihe die Mu\u00dfbacher  Landstra\u00dfe, vom Kreisverkehr kommend in Richtung Maximilianstra\u00dfe. An  der Einm\u00fcndung der Martin-Luther-Stra\u00dfe bog er nach links ab. Dieser  Abbiegevorgang erfolgte mit deutlich \u00fcberh\u00f6hter Geschwindigkeit und sehr  wahrscheinlich in triftender Art und Weise, sodass der junge Mann die  Kontrolle \u00fcber sein Auto verlor. Er kam in der Martin-Luther-Stra\u00dfe auf  die Gegenspur und steuerte daraufhin wieder nach rechts in Richtung  Tankstelle, wo er gegen die dortige Mauer fuhr und zum Stillstand  gelangte. Konkret gef\u00e4hrdet wurden nach derzeitigem Ermittlungsstand ein  dem BMW in der Martin-Luther-Stra\u00dfe entgegen kommender PKW, sowie die  Tankstelle selbst als bedeutender Sachwert. Der F\u00fchrerschein des  19-j\u00e4hrigen wurde deshalb sichergestellt. Einzelne Stimmen sprachen im  Rahmen der Verkehrsunfallaufnahme von einem weiteren PKW, der vor dem  BMW fuhr und den Abbiegevorgang in gleicher Art und Weise gestaltete. Ob  es diesen zweiten PKW tats\u00e4chlich gab und ob die beiden Fahrer sich  vielleicht ein Rennen lieferten, muss im Rahmen der weiteren  Ermittlungen gekl\u00e4rt werden. Zeugen, die sich der Polizei noch nicht zur  Verf\u00fcgung gestellt hatten oder Angaben zu Beobachtungen hinsichtlich  des Fahrverhaltens des BMW vor dem Unfall machen k\u00f6nnen, m\u00f6gen sich  bitte bei der Polizei Neustadt melden. <\/p>\n\n\n\n<h4 class=\"wp-block-heading\">(Bad D\u00fcrkheim) &#8211; Geschwindigkeitskontrollen in der Kanalstra\u00dfe<\/h4>\n\n\n\n<p>Bei einer Lasermessung am Mittwochnachmittag wurden in der Kanalstra\u00dfe zwei Fahrzeugf\u00fchrer festgestellt, die mit 45 Km\/h bei erlaubtem Tempo 30  unterwegs waren. Bei einer weiteren Messung im Wellsring fuhren die  Fahrzeugf\u00fchrer vorbildlich, sodass es zu keinen Verst\u00f6\u00dfen kam. <\/p>\n\n\n\n<h4 class=\"wp-block-heading\">(Bad D\u00fcrkheim) &#8211; Rotlichtversto\u00df vor der Polizeiinspektion<\/h4>\n\n\n\n<p>Direkt vor den Augen einer Streife fuhr am Mittwoch ein PKW-Fahrer an der  Lichtzeichenanlage am Amtsplatz bei Rot in den Kreuzungsbereich ein.  Nachdem er angehalten und auf auf den Verkehrsversto\u00df angesprochen  wurde, empfand der Fahrzeugf\u00fchrer die Ma\u00dfnahme der Polizei als nicht  verh\u00e4ltnism\u00e4\u00dfig! <\/p>\n\n\n\n<h4 class=\"wp-block-heading\">(Hettenleidelheim) &#8211; Verkehrsunfall mit 2 Schwerverletzten<\/h4>\n\n\n\n<p>Am fr\u00fchen Donnerstag Morgen gegen 7 Uhr kam es auf der Umgehungsstra\u00dfe  von Hettenleidelheim (B47) zu einem folgenschweren Verkehrsunfall mit  zwei Schwerverletzten. Nach derzeitigem Ermittlungsstand zum  Unfallhergang befuhr eine 21-j\u00e4hrige PKW-Fahrerin aus Neuleiningen die  B47 in Richtung Eisenberg. An der Einm\u00fcndung Schamottestra\u00dfe bog eine  56-j\u00e4hrige aus Hettenleidelheim mit ihrem PKW auf die B47 ein und  missachtete hierbei die Vorfahrt der 21-j\u00e4hrigen. Diese konnte einen  Zusammensto\u00df mit dem einbiegenden PKW zwar durch ein Ausweichman\u00f6ver  verhindern, geriet dadurch jedoch ins Schleudern und stie\u00df frontal mit  einem entgegenkommenden PKW einer 22-j\u00e4hrigen aus Eisenberg zusammen.  Beide Fahrzeuge wurden erheblich besch\u00e4digt, beide Fahrerinnen wurden  verletzt und nach Erstversorgung durch Rettungsdienst und Notarzt in  verschiedene Krankenh\u00e4user gebracht. Die B47 musste zur Unfallaufnahme,  Versorgung der Verletzten und Bergung der Fahrzeuge in beide Richtungen  f\u00fcr ca. 1 Stunde voll gesperrt werden. Die Feuerwehr Hettenleidelheim  war ebenfalls mit 3 Fahrzeugen und 15 Mann vor Ort im Einsatz und  \u00fcbernahm u. a. die Umleitung des Verkehrs. <\/p>\n\n\n\n<h4 class=\"wp-block-heading\">(Maxdorf) &#8211; Verkehrsunfall mit schwerverletztem Fahrzeugf\u00fchrer<\/h4>\n\n\n\n<p>Am 15.08.2019, gegen 00.45 Uhr, bef\u00e4hrt ein 28-j\u00e4hriger Mann aus  Maxdorf mit seinem Pkw Toyota die K2 von Lambsheim kommend in Richtung  Maxdorf. Zwischen den Zufahrten Voltastra\u00dfe und Carl-Zeiss-Stra\u00dfe kommt  er, nach eigenen Angaben, aufgrund \u00fcberh\u00f6hter Geschwindigkeit nach links  von der Fahrbahn ab und kollidiert frontal mit einem Baum. Hierdurch  wird der Pkw nach rechts \u00fcber die Fahrbahn geschleudert und kommt im  dortigen Gr\u00fcnstreifen zum Stehen. Der Fahrer wird hierbei schwerverletzt  und durch den eingesetzten Rettungsdienst in ein Krankenhaus nach  Ludwigshafen verbracht. Ein beim Fahrer durchgef\u00fchrter Atemalkoholtest  ergibt einen Wert von 1,5 Promille. Daraufhin wird bei ihm eine  Blutprobe angeordnet und der F\u00fchrerschein sichergestellt. Da durch  Zeugen angegeben wird, dass der Beifahrer von der Unfallstelle  gefl\u00fcchtet sei, wird mit weiteren Kr\u00e4ften nach diesem gesucht. Dieser  kann letztendlich im Feld gehend festgestellt werden. Auch dieser ist  verletzt, lehnt jedoch eine \u00e4rztliche Behandlung ab. Der Grund seiner  Flucht konnte bislang noch nicht ermittelt werden. Am Pkw des  Unfallverursachers entsteht Totalschaden. <\/p>\n\n\n\n<p>Wer sachdienliche  Hinweise zu dem genannten Fall geben kann, wird gebeten sich mit der  Polizeiinspektion Frankenthal unter der Rufnummer 06233\/313-0 oder der  Polizeiwache Maxdorf unter der Rufnummer 06237\/934-1100 in Verbindung zu  setzen. Hinweise k\u00f6nnen auch per E-Mail unter <a href=\"mailto:pifrankenthal@polizei.rlp.de\">pifrankenthal@polizei.rlp.de<\/a> an die Polizei \u00fcbermittelt werden. <\/p>\n\n\n\n<h4 class=\"wp-block-heading\">(Frankenthal) &#8211; Verkehrsunfallflucht<\/h4>\n\n\n\n<p>Die Gesch\u00e4digte parkt ihren Pkw Renault Clio am 14.08.2019, in der Zeit  von 11.45 Uhr bis 18.45 Uhr, in der Wormser Stra\u00dfe, H\u00f6he Hausnummer 51,  ab. Als sie wieder zu ihrem Fahrzeug kommt, muss sie feststellen, dass  ein bislang unbekannter Fahrzeugf\u00fchrer dieses am linken Au\u00dfenspiegel  besch\u00e4digt hat. Der Schaden wird auf etwa 200 Euro gesch\u00e4tzt. <\/p>\n\n\n\n<p>Wer\n sachdienliche Hinweise zu dem genannten Fall geben kann, wird gebeten \nsich mit der Polizeiinspektion Frankenthal unter der Rufnummer \n06233\/313-0 oder der Polizeiwache Maxdorf unter der Rufnummer \n06237\/934-1100 in Verbindung zu setzen. Hinweise k\u00f6nnen auch per E-Mail \nunter <a href=\"mailto:pifrankenthal@polizei.rlp.de\">pifrankenthal@polizei.rlp.de<\/a> an die Polizei \u00fcbermittelt werden. <\/p>\n\n\n\n<h4 class=\"wp-block-heading\">(Frankenthal) &#8211; Verkehrsunfall mit schwerverletztem Motorradfahrer<\/h4>\n\n\n\n<p>Am 14.08.2019, gegen 15.45 Uhr, bef\u00e4hrt ein 55-j\u00e4hriger Mann aus  Frankenthal mit seinem Motorrad die Eisenbahnstra\u00dfe in Richtung  Bahnunterf\u00fchrung. In H\u00f6he der Hausnummer 28 f\u00e4hrt ihm ein 21-j\u00e4hriger  Mann aus Dirmstein mit seinem Pkw von hinten auf und schiebt in noch  etwa 20 Meter vor sich her. Der Motorradfahrer wird hierbei schwer,  jedoch nicht lebensgef\u00e4hrlich verletzt und durch den Rettungsdienst in  ein Krankenhaus in Ludwigshafen verbracht. Bei dem Pkw-Fahrer werden  durch die eingesetzten Beamten Hinweise auf Bet\u00e4ubungsmittelkonsum  festgestellt. Er wird zur Dienststelle verbracht und eine Blutprobe wird  angeordnet, zudem wird sein F\u00fchrerschein sichergestellt. An den  Fahrzeugen entsteht ein Schaden von sch\u00e4tzungsweise 1500 Euro. <\/p>\n\n\n\n<p>Wer  sachdienliche Hinweise zu dem genannten Fall geben kann, wird gebeten  sich mit der Polizeiinspektion Frankenthal unter der Rufnummer  06233\/313-0 oder der Polizeiwache Maxdorf unter der Rufnummer  06237\/934-1100 in Verbindung zu setzen. Hinweise k\u00f6nnen auch per E-Mail  unter <a href=\"mailto:pifrankenthal@polizei.rlp.de\">pifrankenthal@polizei.rlp.de<\/a> an die Polizei \u00fcbermittelt werden. <\/p>\n\n\n\n<h4 class=\"wp-block-heading\">(Ludwigshafen) &#8211; Unfall in der Hochfeldstra\u00dfe<\/h4>\n\n\n\n<p>Am 14.08.2019, gegen 18:00 Uhr, fuhr eine 59-J\u00e4hrige mit ihrem Auto auf  der Hochfeldstra\u00dfe in Richtung Raschigstra\u00dfe. Zur gleichen Zeit fuhr  ein 58-J\u00e4hriger mit seinem Auto auf der Abteistra\u00dfe in Richtung  Hochfeldstra\u00dfe. An der Kreuzung Hochfeldstra\u00dfe \/ Abteistra\u00dfe bog der  58-J\u00e4hrige nach rechts in die Hochfeldstra\u00dfe und stie\u00df mit dem Auto der  59-J\u00e4hrigen zusammen. Infolge des Aufpralls geriet das Auto der  59-J\u00e4hrigen ins Schleudern und stie\u00df gegen das Auto eines 52-J\u00e4hrigen,  das ordnungsgem\u00e4\u00df am Fahrbahnrand abgestellt war. Dieses Auto wurde  letztlich noch gegen das Auto eines 63-J\u00e4hrigen aufgeschoben, der vor  ihm parkte. Am allen vier Autos entstand Sachschaden in H\u00f6he von  insgesamt etwa 11.200 Euro. Die Autos des 58-J\u00e4hrigen und der  59-J\u00e4hrigen wurden abgeschleppt. <\/p>\n\n\n\n<h4 class=\"wp-block-heading\">(Ludwigshafen) &#8211; Unfall im Buschweg \/ Zeugen gesucht<\/h4>\n\n\n\n<p>Am 14.08.2019, gegen 15:20 Uhr, fuhr eine 71-J\u00e4hrige mit ihrem Auto auf  dem Buschweg in Richtung Wormser Stra\u00dfe. An der Einm\u00fcndung zum  Schillerplatz musste sie an einer roten Ampel anhalten. Auf dem linken  Fahrstreifen neben ihr wartete ein schwarzer Kleinwagen. Als bei gr\u00fcner  Ampel beide Autos losfuhren, zog der unbekannte Fahrer des schwarzen  Kleinwagens nach rechts und stie\u00df mit seiner rechten Fahrzeugfront gegen  die linke Fahrzeugfront des Autos der 71-J\u00e4hrigen. Danach fuhr er  weiter, ohne sich um den Unfall zu k\u00fcmmern. Der Schaden am Auto der  71-J\u00e4hrigen bel\u00e4uft sich auf etwa 1.500 Euro. Die Polizei sucht nun  Zeugen, die den Unfall beobachtet haben und Hinweise auf den Fahrer des  schwarzen Kleinwagens machen k\u00f6nnen. Sachdienliche Hinweise bitte an die  Polizeiwache Oggersheim unter Tel. 0621 963 &#8211; 2403 oder per Mail <a href=\"mailto:pwoggersheim@polizei.rlp.de\">pwoggersheim@polizei.rlp.de<\/a>. <\/p>\n\n\n\n<h4 class=\"wp-block-heading\">(Ludwigshafen) &#8211; Kehrmaschinen Fahrzeug muss ausweichen und f\u00e4hrt gegen Ampel<\/h4>\n\n\n\n<p>Am 14.08.2019, gegen 10:35 Uhr, reinigte ein 50-J\u00e4hriger mit einem  Kehrmaschinen Fahrzeug den Kreuzungsbereich Bahnhofstra\u00dfe \/ Berliner  Stra\u00dfe und fuhr dabei in Richtung Bismarckstra\u00dfe. Als er die Ampel im  Kreuzungsbereich \u00fcberquerte, kam pl\u00f6tzlich ein unbekannter Fahrradfahrer  von der Berliner Stra\u00dfe in Richtung J\u00e4gerstra\u00dfe angefahren. Dadurch  musste der 50-J\u00e4hrige ausweichen und fuhr gegen die Ampel. Sowohl an der  Ampel als auch am Kehrmaschinen Fahrzeug entstand ein Schaden in noch  unbekannter H\u00f6he. Der unbekannte Radfahrer fuhr weiter, ohne sich um den  Unfall zu k\u00fcmmern. Die Polizeiinspektion Ludwigshafen 1 bittet um  sachdienliche Hinweise unter der Telefonnummer 0621 963-2122 oder per  e-Mail <a href=\"mailto:piludwigshafen1@polizei.rlp.de\">piludwigshafen1@polizei.rlp.de<\/a>. <\/p>\n\n\n\n<h4 class=\"wp-block-heading\">(Ludwigshafen) &#8211; Einbruch in Kosmetikstudio<\/h4>\n\n\n\n<p>Am 14.08.2019, gegen 09:50 Uhr, gelangte ein unbekannter T\u00e4ter \u00fcber ein  Fenster vom Hof aus in den Aufenthaltsraum eines Kosmetikstudios in der  Edigheimer Stra\u00dfe. Als eine Mitarbeiterin Ger\u00e4usche h\u00f6rte und  nachschaute, sah sie nur noch, wie die T\u00fcr zuging, die zum Hof f\u00fchrt.  Gesehen hat sie den unbekannten T\u00e4ter nicht mehr. Gestohlen wurde  nichts. Sachdienliche Hinweise nimmt die Kriminalpolizei Ludwigshafen  unter der Telefonnummer 0621\/963-2773 oder per E-Mail <a href=\"mailto:kiludwigshafen@polizei.rlp.de\">kiludwigshafen@polizei.rlp.de<\/a> entgegen. <\/p>\n\n\n\n<h4 class=\"wp-block-heading\">(Mannheim-Innenstadt) &#8211; e-Scooter-Fahrerin bei Unfall verletzt \/ Polizei sucht Zeugen<\/h4>\n\n\n\n<p>Einen Verkehrsunfall, bei dem eine 23-j\u00e4hrige e-Scooter-Fahrerin  verletzt wurde, verursachte am Donnerstagmorgen ein unbekannter  Autofahrer. Der unbekannte Mann war mit seinem Mercedes in der Stra\u00dfe  zwischen den Quadraten H 2 und J 2 in Richtung Marktstra\u00dfe unterwegs. An  der Kreuzung H 1\/J 2 gew\u00e4hrte er zun\u00e4chst drei e-Scooter-Fahrern die  Vorfahrt und fuhr anschlie\u00dfend los. Dabei missachtete er die Vorfahrt  einer vierten e-Scooter-Fahrerin. Diese musste ausweichen, st\u00fcrzte dabei  und verletzte sich am Sprunggelenk. Sie musste zur Behandlung in ein  Krankenhaus eingeliefert werden. <\/p>\n\n\n\n<p>Der Mercedes-Fahrer setzte seine einfach in Richtung Marktplatz fort, ohne sich um die Verletzte zu k\u00fcmmern. <\/p>\n\n\n\n<p>Bei\n dem Verursacher soll es sich um einen schwarzen Mercedes E-Klasse, \n\u00e4lteren Baujahrs, gehandelt haben. Ein Kennzeichen ist nicht bekannt. \nDas Fahrzeug war lediglich mit einem m\u00e4nnlichen Fahrer, ca. 20 bis 25 \nJahre alt, der einen Bart trug, besetzt. <\/p>\n\n\n\n<p>Zeugen, die den Vorfall  beobachtet haben und sachdienliche Hinweise zum fl\u00fcchtigen Mercedes  geben k\u00f6nnen, werden gebeten, sich beim Polizeirevier Innenstadt, Tel.:  0621\/1258-0 zu melden. <\/p>\n\n\n\n<h4 class=\"wp-block-heading\">(Mannheim-Innenstadt) &#8211; Zwei junge M\u00e4nner liefern sich verbotenes Kraftfahrzeugrennen \/ Einer der Fahrer unter Drogeneinfluss<\/h4>\n\n\n\n<p>Am fr\u00fchen Donnerstagmorgen lieferten sich zwei junge M\u00e4nner im Alter  von 20 und 22 Jahren in der Mannheimer Innenstadt ein verbotenes  Kraftfahrzeugrennen. Einer Polizeistreife fielen kurz nach vier Uhr ein  BMW und ein Peugeot auf, die auf dem Friedrichsring nebeneinander bei  Rotlicht an der Ampel in H\u00f6he des Quadrats Q 7 standen. Beide lie\u00dfen  mehrfach den Motor ihrer Fahrzeuge aufheulen. Bei Umschaltung auf Gr\u00fcn  gaben beide stark Gas und fuhren mit quietschenden Reifen los. Sie  rasten am Wasserturm vorbei, bogen nach links auf den Friedrichsplatz in  Richtung Augustaanlage ab. Die Beamten nahmen umgehend die Verfolgung  der beiden jungen M\u00e4nner auf, die mit Tempo 120 die Augustaanlage in  Richtung Planetarium rasten. Beim Abbiegen in die Weberstra\u00dfe konnten  die Polizeibeamten zu den beiden Autos aufschlie\u00dfen und diese  schlie\u00dflich in der M\u00fchldorfer Stra\u00dfe stoppen. Beide hatten keinen  Alkohol getrunken. Alkoholtests verliefen ohne Befund. Bei dem  20-j\u00e4hrigen Peugeot-Fahrer bemerkten die Beamten jedoch deutliche  Anzeichen f\u00fcr Drogenkonsum. Ein Drogentest reagierte positiv auf  Cannabis. Dem 20-J\u00e4hrigen wurde eine Blutprobe entnommen. <\/p>\n\n\n\n<p>Gegen  beide M\u00e4nner wird nun wegen verbotenen Kraftfahrzeugrennens ermittelt.  Den 20-j\u00e4hrigen erwartet zudem eine Anzeige wegen Fahrens unter  Drogeneinfluss. Die F\u00fchrerscheine der jungen M\u00e4nner wurden einbehalten. <\/p>\n\n\n\n<h4 class=\"wp-block-heading\">(Mannheim-Neckarstadt) &#8211; Wohnungseinbruch in der Langstra\u00dfe<\/h4>\n\n\n\n<p>In den Innenhof eines Anwesens in der Langstra\u00dfe begaben sich in der  Nacht zum Donnerstag bislang nicht ermittelte T\u00e4ter und machten sich  einem Fenster der im EG gelegenen Wohnung zu schaffen. In der Wohnung  wurde aus der abgelegten Damenhandtasche ein geringer Geldbetrag sowie  ein auf dem K\u00fcchentisch platziertes Huawei-Handy gestohlen. Als  Einbruchszeit kommt der sp\u00e4te Mittwochabend, kurz vor Mitternacht bis  Donnerstag, ca. 3 Uhr in Frage. Zeugen bzw. Bewohner des Hauses, die  verd\u00e4chtige Beobachtungen gemacht haben, werden gebeten, sich mit dem  Polizeirevier Mannheim-Neckarstadt, Tel.: 0621\/3301-0, oder der  Kriminalpolizeidirektion Heidelberg, Tel.: 0621\/174-4444, in Verbindung  zu setzen. <\/p>\n\n\n\n<h4 class=\"wp-block-heading\">(Mannheim-Feudenheim) &#8211; Streit in Erstaufnahmestelle durch gro\u00dfes Polizeiaufgebot geschlichtet<\/h4>\n\n\n\n<p>Am Donnerstag gegen 00.30 Uhr waren elf Streifenwagenbesatzungen in der  Erstaufnahmestelle f\u00fcr Fl\u00fcchtlinge in den ehemaligen Spinelli-Baracks  eingesetzt. <\/p>\n\n\n\n<p>Nach derzeitigem Ermittlungsstand wollte ein \naugenscheinlich alkoholisierter 21-j\u00e4hriger Schwarzafrikaner sich vom \nSicherheitspersonal der Einrichtung, beim Betreten der Aufnahmestelle \nnicht kontrollieren lassen und \u00e4u\u00dferte seine Unmut ob des Ansinnens. <\/p>\n\n\n\n<p>Ein\n weiterer 22-J\u00e4hriger Bewohner der Aufnahmestelle kam hinzu und \nunterst\u00fctzte seinen Landsmann lautstark, da auch er der Meinung war, \ndass die Vorgehensweise des Sicherheitspersonals unangemessen war. <\/p>\n\n\n\n<p>Schlie\u00dflich\n lief eine Gruppe von 30 bis 40 Schwarzafrikaner zum Eingangsbereich der\n Aufnahmestelle und stellten sich aggressiv den vor Ort arbeitenden \nSicherheitsmitarbeiten entgegen. Es entstand ein sog. \nSolidarisierungseffekt. <\/p>\n\n\n\n<p>Durch die Pr\u00e4senz eines gro\u00dfen \nPolizeiaufgebots konnte eine drohende Eskalation der Situation vermieden\n werden. Die Gruppe verlie\u00df die \u00d6rtlichkeit und zog sich in die \nUnterkunftsgeb\u00e4ude zur\u00fcck. <\/p>\n\n\n\n<p>Der 21- und der 22-J\u00e4hrige wurden \nanschlie\u00dfend f\u00fcr den Rest der Nacht separat in der Einrichtung \nuntergebracht um weitere St\u00f6rungen abzuwenden. <\/p>\n\n\n\n<p>Die weiteren Ermittlungen in dieser Sache \u00fcbernahmen Kollegen der Besonderen Aufbauorganisation (BAO) Migration. <\/p>\n\n\n\n<h4 class=\"wp-block-heading\">(Heidelberg) &#8211; Radfahrerin st\u00fcrzt und verletzt sich<\/h4>\n\n\n\n<p>Beim Einfahren auf ein Tankstellengel\u00e4nde in der M\u00f6nchhofstra\u00dfe achtete  am Mittwochnachmittag kurz nach 15 Uhr ein VW Passat-Fahrer nicht auf  eine ordnungsgem\u00e4\u00df fahrende 22-j\u00e4hrige Radfahrerin und erfasste diese.  Bei dem Sturz auf die Motorhaube und anschlie\u00dfend Fahrbahn zog sich die  junge Frau Verletzungen zu, die zuerst vor Ort behandelt und danach in  einem Heidelberger Krankenhaus weiterversorgt werden mussten. Den  Gesamtschaden beziffert die Polizei auf \u00fcber 1.500 Euro. Der Verursacher  sieht einer Anzeige entgegen. <\/p>\n\n\n\n<h4 class=\"wp-block-heading\">(Reilingen \/ Rhein-Neckar-Kreis) &#8211; Hoher Sachschaden bei Unfallflucht \/ Zeugen gesucht<\/h4>\n\n\n\n<p>Bereits am Sonntagmorgen ereignete sich ein Verkehrsunfall in der  Hauptstra\u00dfe &#8211; der Verursacher fl\u00fcchtete trotz hohen Sachschadens. <\/p>\n\n\n\n<p>Am\n 11.08.2019 in der Zeit von 04:00 Uhr bis 09:30 Uhr streifte ein bislang\n unbekannter Unfallverursacher einen geparkten Hyundai. Neben tiefen \nKratzern am Auto wurde das Blech des vorderen Radkastens aus der \nVerankerung gerissen und umgebogen. Dabei wurde auch die Sto\u00dfstange \nverschoben. Ohne sich um den Schaden zu k\u00fcmmern, fl\u00fcchtete der \nVerursacher vom Unfallort. Es entstand ein Sachschaden von mehr als \n4.500 Euro. <\/p>\n\n\n\n<p>Zeugen des Vorfalls oder Hinweisgeber, werden \ngebeten, sich unter 06205 28600 an die Beamten des Polizeireviers \nHockenheim zu wenden. <\/p>\n\n\n\n<h4 class=\"wp-block-heading\">(Leimen \/ Rhein-Neckar-Kreis) &#8211; Roller-Fahrer schaute zu tief ins Glas&#8230;<\/h4>\n\n\n\n<p>In der Nacht zum Donnerstag kurz nach Mitternacht war ein 23-j\u00e4hriger  Roller-Fahrer auf der B 3 unterwegs und kam aus bislang nicht  erkennbaren Gr\u00fcnden, m\u00f6glicherweise auch aufgrund seiner  Alkoholisierung, zwischen den Abfahrten Leimen-S\u00fcd und Nu\u00dfloch in den  Gr\u00fcnstreifen. Bei seinem Versuch, den Roller wieder auf die Fahrbahn zu  steuern, st\u00fcrzte der junge Mann und zog sich leichte Verletzungen zu. Er  wurde vor Ort erstversorgt, lehnte aber eine Einlieferung in ein  Krankenhaus ab. <\/p>\n\n\n\n<p>Bei der Unfallaufnahme wehte den Beamten  Alkoholgeruch entgegen und ordneten eine \u00dcberpr\u00fcfung an. Nach dem Wert  von \u00fcber 1,6 Promille folgten auf der Dienststelle die Blutentnahme, die  Einbehaltung des F\u00fchrerscheins sowie die Anzeige. <\/p>\n\n\n\n<h4 class=\"wp-block-heading\">(Wiesloch-Schatthausen \/ Rhein-Neckar-Kreis) &#8211; Einbruch in Vereinsheim \/ Polizei Wiesloch ermittelt und bittet um Hinweise<\/h4>\n\n\n\n<p>Auf abschlie\u00dfend noch nicht gekl\u00e4rte Art und Weise verschafften sich  bislang nicht ermittelte T\u00e4ter Zugang zu dem Vereinsheim des  &#8222;Sch\u00fctzenvereins Baiertal&#8220; in der Maisbacher Stra\u00dfe.  Im Innern flexten  die Einbrecher den Tresor auf, in dem sich mehrere Schachteln mit  Munition befanden. Offenbar zur Spurenbeseitigung versch\u00fctteten sie  diesen mit schwarzer Dispersionsfarbe. <\/p>\n\n\n\n<p>Die Gesamtschadensh\u00f6he \nl\u00e4sst sich aktuell noch nicht beziffern. Die Beamten des Polizeireviers \nWiesloch haben die Ermittlungen aufgenommen und bitten Zeugen, die \nverd\u00e4chtige Beobachtungen in den vergangenen Tagen gemacht haben, sich \nunter Tel.: 06222\/57090 zu melden. <\/p>\n\n\n\n<p>Die Tatzeit d\u00fcrfte in der Zeit  zwischen dem vergangenen Donnerstag, 08.08. und Dienstagabend, 13.08.  liegen. Der Einbruch wurde kurz vor 19 Uhr bemerkt und die Polizei  dar\u00fcber in Kenntnis gesetzt. <\/p>\n\n\n\n<h4 class=\"wp-block-heading\">(Meckesheim \/ Rhein-Neckar-Kreis) &#8211; 8.000 Euro Schaden bei Crash auf der B 45<\/h4>\n\n\n\n<p>BMW und Toyota stie\u00dfen am Mittwochnachmittag zusammen, wobei an beiden  Autos Schaden von je 4.000 Euro entstand. Verursacht hatte die Kollision  der 27-j\u00e4hrige BMW-Fahrer, der beim Einfahren von der Zuzenh\u00e4user  Stra\u00dfe auf die Bundesstra\u00dfe der ordnungsgem\u00e4\u00df fahrenden Toyota-Fahrerin  die Vorfahrt nicht gew\u00e4hrt hatte. <\/p>\n\n\n\n<h4 class=\"wp-block-heading\">(Zuzenhausen \/ Meckesheim \/ Rhein-Neckar-Kreis) &#8211; Zeugen f\u00fcr Unfall gesucht \/  Beteiligte beschuldigen sich gegenseitig der Verursachung<\/h4>\n\n\n\n<p>Zeugen suchen die Beamten des Polizeireviers Sinsheim zu einem Unfall,  der sich am Mittwoch kurz vor 17 Uhr auf der Verbindungsstra\u00dfe zwischen  Zuzenhausen und Meckesheim, verl\u00e4ngerter H\u00e4uselgrundweg ereignet hat und  sich die Beteiligten gegenseitig der Verursachung beschuldigen. <\/p>\n\n\n\n<p>Ein\n 68-j\u00e4hriger Moped-Fahrer wie auch die beiden 70-j\u00e4hrigen Radfahrer \nwaren in Richtung Meckesheim unterwegs, wobei die Radfahrer \nnebeneinander fuhren. Ca. 300 m nach dem Ortsausgang Zuzenhausen machte \nder Moped-Fahrer offenbar durch akustische Signale auf sich aufmerksam. \nDa diese nicht reagierten, \u00fcberholte er rechts, wobei es zur Kollision \nmit der 70-j\u00e4hrigen Frau kam. Diese st\u00fcrzte und erlitt auch leichte \nVerletzungen. <\/p>\n\n\n\n<p>Die beiden Radfahrer gaben jedoch an, von einem \nKlingeln nichts geh\u00f6rt zu haben, best\u00e4tigten aber, nebeneinander \ngefahren zu sein. Ein \u00dcberholen &#8222;links&#8220; w\u00e4re durchaus m\u00f6glich gewesen. <\/p>\n\n\n\n<p>Zur eindeutigen Kl\u00e4rung werden daher m\u00f6gliche Zeugen gebeten, sich unter Tel.: 07261\/6900 zu melden. <\/p>\n\n\n\n<h4 class=\"wp-block-heading\">(Sinsheim \/ Rhein-Neckar-Kreis) &#8211; Diesel aus abgestellten Lkw abgezapft&#8230;<\/h4>\n\n\n\n<p>Bislang unbekannte T\u00e4ter machten sich in der Nacht zum Donnerstag an  zwei auf einem Gel\u00e4nde in der Stra\u00dfe &#8222;Oberer Renngrund&#8220; im Sinsheimer  Stadtteil Reihen abgestellten Lkw zu schaffen und zapften \u00fcber 1.000  Liter Diesel ab. Die Schadensh\u00f6he bel\u00e4uft sich nach ersten Angaben der  Gesch\u00e4digten auf \u00fcber 2.000 Euro. Abgestellt waren beide Lkw in der Zeit  zwischen Mittwoch, 17 Uhr und Donnerstagfr\u00fch, 5 Uhr. Zeugen, die  Hinweise geben k\u00f6nnen, werden gebeten, sich mit dem Polizeirevier  Sinsheim, Tel.: 07261\/6900, in Verbindung zu setzen. <\/p>\n\n\n\n<h4 class=\"wp-block-heading\">(Sinsheim \/ Rhein-Neckar-Kreis) &#8211; VW Golf touchiert geparkten Wagen<\/h4>\n\n\n\n<p>Ein 68-j\u00e4hriger VW-Fahrer befuhr am Mittwochabend kurz nach 19 Uhr die  General-Sigl-Stra\u00dfe und wollte einem weiteren Verkehrsteilnehmer &#8222;Platz  machen&#8220;. Dabei zog er seinen Wagen so weit nach rechts, dass er einen  geparkten VW Golf rammte und Schaden von 1.500 Euro verursachte. An  seinem Auto entstand ebenfalls Schaden von 4.000 Euro. Der Verursacher  hinterlie\u00df an dem besch\u00e4digten Auto eine Notiz und informierte  zeitgleich die Polizei. <\/p>\n\n\n\n<h4 class=\"wp-block-heading\">(Sinsheim \/ Rhein-Neckar-Kreis) &#8211; Einbruch in Einfamilienhaus Zeugen gesucht<\/h4>\n\n\n\n<p>Ein Einfamilienhaus in der Stra\u00dfe &#8222;Am Ilvesbach&#8220; suchten in der Zeit  zwischen Montagnachmittag und Mittwochabend bislang unbekannte T\u00e4ter  heim. Die T\u00fcre zum Wintergarten hebelten die Einbrecher auf, betraten  s\u00e4mtliche Etagen und durchsuchten R\u00e4ume wie auch Beh\u00e4ltnisse. Zum  jetzigen Zeitpunkt ist lediglich bekannt, dass mehrere Packungen  Zigaretten, die in der angrenzenden Garage in einem Schrank gelagert  waren, gestohlen wurden. Ob weitere Utensilien aus dem Anwesen  mitgenommen worden sind, ist noch unklar und Gegenstand der weiteren  polizeilichen Ermittlungen. Angaben zur Gesamtschadensh\u00f6he k\u00f6nnen daher  noch nicht gemacht werden. <\/p>\n\n\n\n<p>Zeugen, die zur fraglichen Zeit  verd\u00e4chtige Wahrnehmungen gemacht haben und Hinweise geben k\u00f6nnen,  werden gebeten, sich mit dem Polizeirevier Sinsheim, Tel.: 07261\/6900,  oder der Kriminalpolizeidirektion Heidelberg, Tel.: 0621\/174-4444, in  Verbindung zu setzen. <\/p>\n\n\n\n<h4 class=\"wp-block-heading\">(Sinsheim \/ Rhein-Neckar-Kreis) &#8211; Hoher Schaden an geparktem Opel Cascada<\/h4>\n\n\n\n<p>Einen auf dem REWE-Parkplatz in der Strombergstra\u00dfe abgestellten  schwarzen Opel Cascada besch\u00e4digte am Mittwochnachmittag ein bislang  nicht ermittelter Autofahrer, richtete Schaden von mindestens 2.500 Euro  an und entfernte sich danach unerlaubt. Die Gesch\u00e4digte stellte ihren  Wagen gegen 15.45 Uhr ab und musste rund 15 Minuten sp\u00e4ter die  Besch\u00e4digungen feststellen. Sie informierte die Beamten des  Polizeireviers Sinsheim, die nun wegen Unfallflucht ermitteln. Kunden  des Marktes oder sonstige Zeugen, die auf den Ansto\u00df aufmerksam wurden,  werden gebeten, sich unter Tel.: 07261\/6900, zu melden. <\/p>\n\n\n\n<h4 class=\"wp-block-heading\">(Neckargem\u00fcnd \/ Rhein-Neckar-Kreis) &#8211; Versuchter Einbruch in der Schwimmbadstra\u00dfe<\/h4>\n\n\n\n<p>In der Nacht zum Mittwoch versuchten bislang unbekannte T\u00e4ter in die  Sportgastst\u00e4tte des Tennisclubs in der Schwimmbadstra\u00dfe einzudringen.  Die Abschlusst\u00fcre hielt allerdings Stand, so dass lediglich Sachschaden  entstanden sein d\u00fcrfte. Im Innern waren die T\u00e4ter nicht. <\/p>\n\n\n\n<p>Als  Tatzeit d\u00fcrfte demnach Dienstagabend, 21.30 Uhr bis Mittwochmittag, 14  Uhr in Frage kommen. Zeugen, die Hinweise geben k\u00f6nnen, wenden sich  bitte an das Polizeirevier Neckargem\u00fcnd, Tel.: 06223\/9254-0. <\/p>\n\n\n\n<h4 class=\"wp-block-heading\">(Neu-Edingen \/ Edingen-Neckarhausen \/ Rhein-Neckar-Kreis) &#8211; Glimmende Zigarette setzt Dachstuhl in Brand, Ermittlungen dauern an<\/h4>\n\n\n\n<p>Am Donnerstag kurz nach 12.30 Uhr wurden Feuerwehr und Polizei  verst\u00e4ndigt, da in der Fliederstra\u00dfe offenbar ein Dachstuhl brennen  w\u00fcrde. <\/p>\n\n\n\n<p>Beim Eintreffen der Polizei waren Einsatzkr\u00e4fte der \nFeuerwehr bereits bei der Brandbek\u00e4mpfung, Personen befanden sich in dem\n von zwei Familien genutztem Geb\u00e4ude keine mehr. <\/p>\n\n\n\n<p>Das offene Feuer\n konnte von der Feuerwehr gel\u00f6scht werden. Aufgrund der enormen \nHitzeentwicklung mussten nahezu alle Dachziegel entfernt werden, damit \ndas Feuer sich nicht neu entfachte und alle Glutnester gefunden werden \nkonnten. Vom Dach entfernte Ziegel besch\u00e4digten ein Auto, das vor dem \nHaus abgestellt war. <\/p>\n\n\n\n<p>Die L\u00f6scharbeiten wurden um kurz vor 15 Uhr eingestellt. <\/p>\n\n\n\n<p>Nach\n derzeitigem Ermittlungsstand wollte ein 41-j\u00e4hriger Bewohner des Hauses\n die Dachrinnen des Anwesens s\u00e4ubern. Hierzu stieg er von au\u00dfen mit \neiner Leiter zur Dachrinne auf. Beim S\u00e4ubern verlor er offenbar eine \nglimmende Zigarette, die wiederrum den Dachstuhl in Brand setzte. <\/p>\n\n\n\n<p>Es entstand ein Sachschaden in H\u00f6he von ca. 250.000 Euro. <\/p>\n\n\n\n<p>Das Haus wurde durch den Brand und der anschlie\u00dfenden Brandbek\u00e4mpfung unbewohnbar. <\/p>\n\n\n\n<p>Die Ermittlungen des Polizeipostens Edingen Neckarhausen wegen des Verdachts der fahrl\u00e4ssigen Brandstiftung dauern an. <\/p>\n","protected":false},"excerpt":{"rendered":"<div class=\"mh-excerpt\"><p>Polizeimeldungen vom Donnerstag (15.08.2019) (Speyer) &#8211; Verkehrskontrollen in der Landauer Stra\u00dfe F\u00fcr die Dauer von ca. 2 Stunden wurde in der Nacht von Mittwoch auf Donnerstag in der Landauer Stra\u00dfe eine station\u00e4re Kontrollstelle durch die <a class=\"mh-excerpt-more\" href=\"https:\/\/speyer24news.com\/?p=17847\" title=\"Polizei:\">[&#8230;]<\/a><\/p>\n<\/div>","protected":false},"author":3,"featured_media":0,"comment_status":"open","ping_status":"open","sticky":false,"template":"","format":"standard","meta":{"_monsterinsights_skip_tracking":false,"_monsterinsights_sitenote_active":false,"_monsterinsights_sitenote_note":"","_monsterinsights_sitenote_category":0,"footnotes":""},"categories":[12],"tags":[61,63,105,53,102,213,55,103,106,427,62,104,979,1565],"aioseo_notices":[],"amp_enabled":true,"_links":{"self":[{"href":"https:\/\/speyer24news.com\/index.php?rest_route=\/wp\/v2\/posts\/17847"}],"collection":[{"href":"https:\/\/speyer24news.com\/index.php?rest_route=\/wp\/v2\/posts"}],"about":[{"href":"https:\/\/speyer24news.com\/index.php?rest_route=\/wp\/v2\/types\/post"}],"author":[{"embeddable":true,"href":"https:\/\/speyer24news.com\/index.php?rest_route=\/wp\/v2\/users\/3"}],"replies":[{"embeddable":true,"href":"https:\/\/speyer24news.com\/index.php?rest_route=%2Fwp%2Fv2%2Fcomments&post=17847"}],"version-history":[{"count":1,"href":"https:\/\/speyer24news.com\/index.php?rest_route=\/wp\/v2\/posts\/17847\/revisions"}],"predecessor-version":[{"id":17848,"href":"https:\/\/speyer24news.com\/index.php?rest_route=\/wp\/v2\/posts\/17847\/revisions\/17848"}],"wp:attachment":[{"href":"https:\/\/speyer24news.com\/index.php?rest_route=%2Fwp%2Fv2%2Fmedia&parent=17847"}],"wp:term":[{"taxonomy":"category","embeddable":true,"href":"https:\/\/speyer24news.com\/index.php?rest_route=%2Fwp%2Fv2%2Fcategories&post=17847"},{"taxonomy":"post_tag","embeddable":true,"href":"https:\/\/speyer24news.com\/index.php?rest_route=%2Fwp%2Fv2%2Ftags&post=17847"}],"curies":[{"name":"wp","href":"https:\/\/api.w.org\/{rel}","templated":true}]}}