{"id":17849,"date":"2019-08-15T15:54:03","date_gmt":"2019-08-15T14:54:03","guid":{"rendered":"https:\/\/speyer24news.com\/?p=17849"},"modified":"2019-08-15T15:54:05","modified_gmt":"2019-08-15T14:54:05","slug":"kirche-23","status":"publish","type":"post","link":"https:\/\/speyer24news.com\/?p=17849","title":{"rendered":"Kirche:"},"content":{"rendered":"<style type=\"text\/css\">\r\n\t.ads_top_disp{}\r\n\t.ads_top_corner_disp{ float:left; margin:0px 10px 10px 0px; }\r\n\t.ads_first_p_disp{}\r\n\t.ads_bottom_disp{}\r\n\t<\/style>\n<h2 class=\"wp-block-heading\"><strong>\u201eMaria ist wirklich ein Zeichen der Hoffnung und des Trostes\u201c<\/strong><\/h2>\n\n\n\n<h3 class=\"wp-block-heading\"><strong>Pontifikalamt mit Bischof Wiesemann zum Fest Mari\u00e4 Himmelfahrt im Dom zu Speyer<\/strong><\/h3>\n\n\n\n<div class=\"wp-block-image\"><figure class=\"aligncenter\"><img decoding=\"async\" loading=\"lazy\" width=\"800\" height=\"533\" src=\"https:\/\/speyer24news.com\/wp-content\/uploads\/2019\/08\/mariae-himmehlfahrt-1-.jpg\" alt=\"\" class=\"wp-image-17852\" srcset=\"https:\/\/speyer24news.com\/wp-content\/uploads\/2019\/08\/mariae-himmehlfahrt-1-.jpg 800w, https:\/\/speyer24news.com\/wp-content\/uploads\/2019\/08\/mariae-himmehlfahrt-1--300x200.jpg 300w, https:\/\/speyer24news.com\/wp-content\/uploads\/2019\/08\/mariae-himmehlfahrt-1--768x512.jpg 768w\" sizes=\"(max-width: 800px) 100vw, 800px\" \/><figcaption> <em>Die Pilger ziehen in den Dom ein.<\/em><\/figcaption><\/figure><\/div>\n\n\n\n<p><strong>Speyer &#8211; <\/strong> Mari\u00e4 Himmelfahrt ist in der Domstadt wie \u00fcberall ein Feiertag f\u00fcr alle  Katholiken, aber in Speyer ist er dar\u00fcber hinaus ein ganz besonderer  Tag: Er ist gleichzeitig das Hochfest der Kathedrale und Wallfahrtstag  zu Ehren der Muttergottes, der Hauptpatronin des Doms. Bischof Dr.  Karl-Heinz Wiesemann leitete das Pontifikalamt im vollbesetzten Dom. <\/p>\n\n\n\n<p>Er  hie\u00df alle Gl\u00e4ubigen, alle Pilgerinnen und Pilger herzlich willkommen.  Unter den Gottesdienstbesuchern waren auch rund hundert Frauen und  M\u00e4nner, die am Mittwochabend von der Annakapelle bei Burrweiler  aufgebrochen waren. In der Nacht pilgerten sie \u00fcber 30 Kilometer, um  rechtzeitig zum Pontifikalamt im Dom zu sein. Mit Wanderst\u00f6cken,  Rucks\u00e4cken und nat\u00fcrlich mit der Pilgerlaterne zogen sie in den Dom ein.  Auch eine Gruppe von Menschen mit Behinderung unternahm eine Wallfahrt  nach Speyer. W\u00e4hrend der Messe \u00fcbersetzte eine Geb\u00e4rdendolmetscherin die  Worte f\u00fcr geh\u00f6rlose Menschen. <\/p>\n\n\n\n<p>\u201eMaria ist  wirklich ein Zeichen der Hoffnung und des Trostes\u201c, sagte Bischof  Wiesemann zu Beginn. Was er damit meinte, f\u00fchrte er in seiner  ausf\u00fchrlichen und eindringlichen Predigt aus. Er erinnerte an Papst Pius  XII, der 1952 die Aufnahme der Gottesmutter Maria mit Leib und Seele in  den Himmel zum Glaubenssatz f\u00fcr die ganze Kirche erkl\u00e4rt hatte. Damit  habe der Papst nach den beiden Weltkriegen ein Zeichen gesetzt f\u00fcr den  Sieg des Lebens, des Leibes, der Seele und der Menschenw\u00fcrde. Wiesemann  kn\u00fcpfte auch an Papst Franziskus an und zitierte aus dessen Enzyklika  \u201eLaudato si\u201c unter anderem den Satz: \u201eWir k\u00f6nnen Maria bitten, dass sie  uns hilft, diese Welt mit weiseren Augen zu betrachten.\u201c In diesem Satz  sieht der Bischof \u201edas Gebot der Stunde\u201c, wie er sagte.\u00a0 <\/p>\n\n\n\n<div class=\"wp-block-image\"><figure class=\"aligncenter\"><img decoding=\"async\" loading=\"lazy\" width=\"800\" height=\"533\" src=\"https:\/\/speyer24news.com\/wp-content\/uploads\/2019\/08\/mariae-himmehlfahrt-6-.jpg\" alt=\"\" class=\"wp-image-17853\" srcset=\"https:\/\/speyer24news.com\/wp-content\/uploads\/2019\/08\/mariae-himmehlfahrt-6-.jpg 800w, https:\/\/speyer24news.com\/wp-content\/uploads\/2019\/08\/mariae-himmehlfahrt-6--300x200.jpg 300w, https:\/\/speyer24news.com\/wp-content\/uploads\/2019\/08\/mariae-himmehlfahrt-6--768x512.jpg 768w\" sizes=\"(max-width: 800px) 100vw, 800px\" \/><figcaption> <em>Bischof Dr. Karl-Heinz Wiesemann und Konzelebranten bei der Eucharistie am Hochaltar.<\/em> <\/figcaption><\/figure><\/div>\n\n\n\n<p>Er  richtete den Blick darauf, wie Menschen in die Sch\u00f6pfung eingreifen und  dabei sind, sie zu zerst\u00f6ren. \u201eWir wissen, dass wir weit \u00fcber unsere  Verh\u00e4ltnisse leben\u201c, so Wiesemann. Tatsachen d\u00fcrften nicht geleugnet  werden, wenn sie den eigenen Interessen widersprechen. Vielmehr m\u00fcssten  die Menschen jetzt dringend handeln. Der Mensch sei zum \u201eentscheidenden  Macher aller Lebensprozesse\u201c geworden, er trage Verantwortung f\u00fcr die  Sch\u00f6pfung, betonte der Bischof. Das bedeute, dass die Menschen ihre  Lebensweise ver\u00e4ndern m\u00fcssen. Nicht beurteilen wolle er, inwieweit die  Wissenschaft die Sch\u00f6pfung bewahren k\u00f6nne. Wiesemann schlug etwas  anderes vor: die Besinnung auf Maria und Jesus. <\/p>\n\n\n\n<p>Er  las von Maria drei einfache Grundhaltungen ab, die ihm zufolge dabei  helfen k\u00f6nnten, die Lebensweise der Menschen zu ver\u00e4ndern. Zuerst nannte  er das Zuh\u00f6ren. Es sei die Voraussetzung f\u00fcr Ver\u00e4nderung und  gemeinsames Handeln; Zuh\u00f6ren stifte gegenseitiges Vertrauen. Wer richtig  zuh\u00f6re, nehme die Wirklichkeit wahr und ernst. Darauf k\u00f6nne man \u201edie  eigene Antwort geben als Verantwortung, der man sich stellt\u201c. <\/p>\n\n\n\n<p>Zum  Zweiten sei Maria sensibel f\u00fcr den Zusammenhang des Ganzen. In der  Sch\u00f6pfung sei alles miteinander verbunden, die Menschen seien immer Teil  des Ganzen. \u201eKeine Grenze, kein Zaun sch\u00fctzt uns vor unserer  Mitverantwortlichkeit.\u201c Maria helfe uns, einen wahrhaft globalen Blick  einzu\u00fcben. <\/p>\n\n\n\n<div class=\"wp-block-image\"><figure class=\"aligncenter\"><img decoding=\"async\" loading=\"lazy\" width=\"800\" height=\"533\" src=\"https:\/\/speyer24news.com\/wp-content\/uploads\/2019\/08\/mariae-himmehlfahrt-10-.jpg\" alt=\"\" class=\"wp-image-17854\" srcset=\"https:\/\/speyer24news.com\/wp-content\/uploads\/2019\/08\/mariae-himmehlfahrt-10-.jpg 800w, https:\/\/speyer24news.com\/wp-content\/uploads\/2019\/08\/mariae-himmehlfahrt-10--300x200.jpg 300w, https:\/\/speyer24news.com\/wp-content\/uploads\/2019\/08\/mariae-himmehlfahrt-10--768x512.jpg 768w\" sizes=\"(max-width: 800px) 100vw, 800px\" \/><figcaption> <em>Zum Schluss der Messe versammelten sich die Zelebranten vor der Marienfigur.<\/em><\/figcaption><\/figure><\/div>\n\n\n\n<p>Als dritte innere Haltung Marias \nbezeichnete Wiesemann ihr untr\u00fcgliches Gesp\u00fcr f\u00fcr das Geheimnis Gottes, \nf\u00fcr das Wunderbare in seinen Taten. \u201eOhne Gesp\u00fcr f\u00fcr das Geheimnis \nGottes in allem, f\u00fcr das Wundervolle in seiner Sch\u00f6pfung gewinnt der \nMensch niemals die Kraft zur Umkehr und Erneuerung\u201c, erkl\u00e4rte er. \nSchlie\u00dflich k\u00f6nnten die Menschen mit Besinnung auf Marias innere \nHaltungen die Welt mit weiseren Augen betrachten. <\/p>\n\n\n\n<p>Nach  der Kommunion segnete der Bischof die mitgebrachten Blumen- und  Kr\u00e4uterstr\u00e4u\u00dfe. Damit wird auf die von Gott gegebene Sch\u00f6nheit und  Heilkraft der Sch\u00f6pfung hingewiesen. Zum Schluss des Gottesdienstes  erteilte Wiesemann den Apostolischen Segen. <\/p>\n\n\n\n<p>Die  musikalische Gestaltung \u00fcbernahm die Capella Spirensis vocale e  instrumentale unter Leitung von Domkapellmeister Markus Melchiori. Es  erklang die \u201cMissa catholica\u201c von Heinrich Ignaz Franz von Biber. Die  Hauptorgel spielte Domorganist Markus Eichenlaub. <\/p>\n\n\n\n<p>Das  Pontifikalamt bildete den Auftakt des Festtages. Es folgten am  Nachmittag eine Pontifikalvesper, die Abendmesse, sowie am sp\u00e4teren  Abend ein Rosenkranz-Gebet und die Marienfeier, die mit einer  Lichterprozession durch den Domgarten abschloss.<\/p>\n\n\n\n<p><em>Text und Fotos: Yvette Wagner<br>15.08.2019<\/em><\/p>\n\n\n\n<h2 class=\"wp-block-heading\"><strong>Sanierung\nder Vorhalle des Doms schreitet voran<\/strong><\/h2>\n\n\n\n<h3 class=\"wp-block-heading\"><strong>Baustellenbegehung zeigt Stand der Arbeiten \u2013 Zeit- und Kostenplan werden eingehalten<\/strong><\/h3>\n\n\n\n<div class=\"wp-block-image\"><figure class=\"aligncenter\"><img decoding=\"async\" loading=\"lazy\" width=\"800\" height=\"546\" src=\"https:\/\/speyer24news.com\/wp-content\/uploads\/2019\/08\/IMG_20190814_140322.jpg\" alt=\"\" class=\"wp-image-17855\" srcset=\"https:\/\/speyer24news.com\/wp-content\/uploads\/2019\/08\/IMG_20190814_140322.jpg 800w, https:\/\/speyer24news.com\/wp-content\/uploads\/2019\/08\/IMG_20190814_140322-300x205.jpg 300w, https:\/\/speyer24news.com\/wp-content\/uploads\/2019\/08\/IMG_20190814_140322-768x524.jpg 768w\" sizes=\"(max-width: 800px) 100vw, 800px\" \/><figcaption>v.l.:  Friederike Walter \u00d6ffentlickeitsarbeit,  Domdekan und Domkustos Dr. Christoph Kohl und Dombaumeisterin Hedwig Drabik informieren \u00fcber das aktuelle Baugeschehen <\/figcaption><\/figure><\/div>\n\n\n\n<p>Einen Einblick in den aktuellen Stand der Bauarbeiten in der Vorhalle des Doms gaben am Mittwoch, 14. August, Domdekan und Domkustos Dr. Christoph Kohl und Dombaumeisterin Hedwig Drabik. Die Ma\u00dfnahme betrifft alle sichtbaren Fl\u00e4chen der Vorhalle, Gew\u00f6lbe, Reliefs und Skulpturen. Die Vorhalle ist daher seit Beginn des Jahres komplett einger\u00fcstet, so dass von den Arbeiten normalerweise nichts zu sehen ist. Nun gab es einen Blick hinter die Kulissen. <\/p>\n\n\n\n<div class=\"wp-block-image\"><figure class=\"aligncenter\"><img decoding=\"async\" loading=\"lazy\" width=\"500\" height=\"657\" src=\"https:\/\/speyer24news.com\/wp-content\/uploads\/2019\/08\/IMG_20190814_140357.jpg\" alt=\"\" class=\"wp-image-17856\" srcset=\"https:\/\/speyer24news.com\/wp-content\/uploads\/2019\/08\/IMG_20190814_140357.jpg 500w, https:\/\/speyer24news.com\/wp-content\/uploads\/2019\/08\/IMG_20190814_140357-228x300.jpg 228w\" sizes=\"(max-width: 500px) 100vw, 500px\" \/><\/figure><\/div>\n\n\n\n<p>Domdekan Dr. Kohl, der seit dem 1. Juli auch das Amt als Domkustos \u00fcbernommen hat und damit neben der Liturgie nun auch f\u00fcr den Bauerhalt des Doms zust\u00e4ndig ist, freut sich \u00fcber das Voranschreiten der Ma\u00dfnahme: \u201eDie Vorhalle wird ein Kleinod\u201c. Bislang sei er bei seinen Domf\u00fchrungen relativ schnell durch diesen Teil des Bauwerks gegangen, denn die Figuren seien doch relativ verschmutzt und unansehnlich gewesen. Es war der erste gro\u00dfe Termin zu Bauthemen f\u00fcr den neuen Domkustos. Mit dem Thema Bau kann er sich gut identifizieren, da sein Vater Bauingenieur gewesen sei und er viele Handwerker in der Familie habe. Die Restaurierung der Vorhalle bewegt sich im vorab geplanten Zeit- und Kostenrahmen. Das bedeutet, dass die Ma\u00dfnahme bis Ende des Jahres abgeschlossen sein wird und dass der prognostizierte Kostenrahmen von 890.000 Euro eingehalten wird.<\/p>\n\n\n\n<div class=\"wp-block-image\"><figure class=\"aligncenter\"><img decoding=\"async\" loading=\"lazy\" width=\"800\" height=\"600\" src=\"https:\/\/speyer24news.com\/wp-content\/uploads\/2019\/08\/IMG_20190814_140639.jpg\" alt=\"\" class=\"wp-image-17857\" srcset=\"https:\/\/speyer24news.com\/wp-content\/uploads\/2019\/08\/IMG_20190814_140639.jpg 800w, https:\/\/speyer24news.com\/wp-content\/uploads\/2019\/08\/IMG_20190814_140639-300x225.jpg 300w, https:\/\/speyer24news.com\/wp-content\/uploads\/2019\/08\/IMG_20190814_140639-768x576.jpg 768w, https:\/\/speyer24news.com\/wp-content\/uploads\/2019\/08\/IMG_20190814_140639-678x509.jpg 678w, https:\/\/speyer24news.com\/wp-content\/uploads\/2019\/08\/IMG_20190814_140639-326x245.jpg 326w, https:\/\/speyer24news.com\/wp-content\/uploads\/2019\/08\/IMG_20190814_140639-80x60.jpg 80w\" sizes=\"(max-width: 800px) 100vw, 800px\" \/><\/figure><\/div>\n\n\n\n<p>Auf der obersten Ebene der Ger\u00fcste sind die frisch gereinigten, aus Ziegelstein gemauerten Gew\u00f6lbe zu sehen. Die roten Ziegelsteine besitzen eine Farbfassung, die Farbigkeit der gelben Ziegel besteht von Natur aus beziehungsweise entsteht durch den Brand, erkl\u00e4rt Dombaumeisterin Drabik. \u00a0Eine Etage darunter sind die frisch gereinigten Lunettenreliefs zu sehen. Diese sind \u00e4u\u00dferst detailreich gestaltet, was bei direkter Draufsicht besonders eindrucksvoll zu sehen ist. Zuk\u00fcnftig sollen diese eine bessere Beleuchtung erhalten, verspricht Domdekan Dr. Kohl. Die Verschmutzungen, der davor befindliche Draht zur Taubenabwehr und schlechte Lichtverh\u00e4ltnisse haben bislang von unten nicht viel von der Pracht und Kunstfertigkeit der Reliefs erkennen lassen. Da auch die Vergoldung des Hintergrunds bereits erneuert wurde, sind die Darstellungen aus dem Leben des K\u00f6nigs Rudolf von Habsburg nun echte Schmuckst\u00fccke. Nur einige Fehlstellen sind hier noch zu erg\u00e4nzen, dann sind die Arbeiten abgeschlossen.<\/p>\n\n\n\n<div class=\"wp-block-image\"><figure class=\"aligncenter\"><img decoding=\"async\" loading=\"lazy\" width=\"800\" height=\"600\" src=\"https:\/\/speyer24news.com\/wp-content\/uploads\/2019\/08\/IMG_20190814_142349.jpg\" alt=\"\" class=\"wp-image-17858\" srcset=\"https:\/\/speyer24news.com\/wp-content\/uploads\/2019\/08\/IMG_20190814_142349.jpg 800w, https:\/\/speyer24news.com\/wp-content\/uploads\/2019\/08\/IMG_20190814_142349-300x225.jpg 300w, https:\/\/speyer24news.com\/wp-content\/uploads\/2019\/08\/IMG_20190814_142349-768x576.jpg 768w, https:\/\/speyer24news.com\/wp-content\/uploads\/2019\/08\/IMG_20190814_142349-678x509.jpg 678w, https:\/\/speyer24news.com\/wp-content\/uploads\/2019\/08\/IMG_20190814_142349-326x245.jpg 326w, https:\/\/speyer24news.com\/wp-content\/uploads\/2019\/08\/IMG_20190814_142349-80x60.jpg 80w\" sizes=\"(max-width: 800px) 100vw, 800px\" \/><\/figure><\/div>\n\n\n\n<p>Drabik erl\u00e4utert die Technik der Lasereinigung als die schonendste Reinigungsmethode: Die dunkle Schmutzschicht wird verbrannt, zur\u00fcck bleibt der helle Kalkstein. Von dem Originalmaterial wird nichts abgetragen, was bei den herk\u00f6mmlichen Methoden der Abstrahlung unvermeidbar war. Auch das Kenotaph von Rudolf von Habsburg, bei dem der Herrscher imposant im S\u00fcdarm der Vorhalle thront, wurde mit dieser Methode gereinigt. Auch hier sind nur noch einzelne Fehlstellen zu erg\u00e4nzen.<\/p>\n\n\n\n<div class=\"wp-block-image\"><figure class=\"aligncenter\"><img decoding=\"async\" loading=\"lazy\" width=\"800\" height=\"600\" src=\"https:\/\/speyer24news.com\/wp-content\/uploads\/2019\/08\/IMG_20190814_141608.jpg\" alt=\"\" class=\"wp-image-17859\" srcset=\"https:\/\/speyer24news.com\/wp-content\/uploads\/2019\/08\/IMG_20190814_141608.jpg 800w, https:\/\/speyer24news.com\/wp-content\/uploads\/2019\/08\/IMG_20190814_141608-300x225.jpg 300w, https:\/\/speyer24news.com\/wp-content\/uploads\/2019\/08\/IMG_20190814_141608-768x576.jpg 768w, https:\/\/speyer24news.com\/wp-content\/uploads\/2019\/08\/IMG_20190814_141608-678x509.jpg 678w, https:\/\/speyer24news.com\/wp-content\/uploads\/2019\/08\/IMG_20190814_141608-326x245.jpg 326w, https:\/\/speyer24news.com\/wp-content\/uploads\/2019\/08\/IMG_20190814_141608-80x60.jpg 80w\" sizes=\"(max-width: 800px) 100vw, 800px\" \/><\/figure><\/div>\n\n\n\n<p>Wie die Figuren vor der Reinigung aussahen, l\u00e4sst  sich noch anhand von zwei noch unrestaurierten Exemplaren erkennen. Diese sind durch die  f\u00fcr die Besucher des Kaisersaals und des Turms notwendigen, tunnelartigen  Durchg\u00e4nge durch die Baustelle momentan nicht zu erreichen. Die \u00fcbrigen Ganzk\u00f6rperdarstellungen der im Dom begrabenen Herrscher sind bereits  gereinigt. Der Hintergrund wird derzeit mit einer neuen Vergoldung versehen.  Restauratorin Christine Gottschalk ist gerade damit besch\u00e4ftigt, feinstes Blattgold  auf die mit diamantf\u00f6rmigen Mustern verzierte R\u00fcckwand der Nischen  aufzubringen.<\/p>\n\n\n\n<div class=\"wp-block-image\"><figure class=\"aligncenter\"><img decoding=\"async\" loading=\"lazy\" width=\"800\" height=\"600\" src=\"https:\/\/speyer24news.com\/wp-content\/uploads\/2019\/08\/IMG_20190814_141823.jpg\" alt=\"\" class=\"wp-image-17860\" srcset=\"https:\/\/speyer24news.com\/wp-content\/uploads\/2019\/08\/IMG_20190814_141823.jpg 800w, https:\/\/speyer24news.com\/wp-content\/uploads\/2019\/08\/IMG_20190814_141823-300x225.jpg 300w, https:\/\/speyer24news.com\/wp-content\/uploads\/2019\/08\/IMG_20190814_141823-768x576.jpg 768w, https:\/\/speyer24news.com\/wp-content\/uploads\/2019\/08\/IMG_20190814_141823-678x509.jpg 678w, https:\/\/speyer24news.com\/wp-content\/uploads\/2019\/08\/IMG_20190814_141823-326x245.jpg 326w, https:\/\/speyer24news.com\/wp-content\/uploads\/2019\/08\/IMG_20190814_141823-80x60.jpg 80w\" sizes=\"(max-width: 800px) 100vw, 800px\" \/><\/figure><\/div>\n\n\n\n<p>Durch die Reinigung und den direkten Zugang zu den Skulpturen wurden auch neue Erkenntnisse \u00fcber deren Beschaffenheit gewonnen. Die Engelsb\u00fcsten am Stufenportal besitzen einen Holzd\u00fcbel und waren wohl urspr\u00fcnglich als Ganzk\u00f6rperfiguren geplant. Das lassen zumindest vertikale Fugen und \u00dcberst\u00e4nde am unteren Ende der Figuren vermuten. Domdekan Dr. Kohl freut sich \u00fcber die Gestaltung der Engel, die alle mit Musikinstrumenten best\u00fcckt und mit dem Gotteslob besch\u00e4ftigt sind. Sie stimmen die Gl\u00e4ubigen auf den Eintritt in den Dom ein.<\/p>\n\n\n\n<div class=\"wp-block-image\"><figure class=\"aligncenter\"><img decoding=\"async\" loading=\"lazy\" width=\"800\" height=\"600\" src=\"https:\/\/speyer24news.com\/wp-content\/uploads\/2019\/08\/IMG_20190814_142952.jpg\" alt=\"\" class=\"wp-image-17861\" srcset=\"https:\/\/speyer24news.com\/wp-content\/uploads\/2019\/08\/IMG_20190814_142952.jpg 800w, https:\/\/speyer24news.com\/wp-content\/uploads\/2019\/08\/IMG_20190814_142952-300x225.jpg 300w, https:\/\/speyer24news.com\/wp-content\/uploads\/2019\/08\/IMG_20190814_142952-768x576.jpg 768w, https:\/\/speyer24news.com\/wp-content\/uploads\/2019\/08\/IMG_20190814_142952-678x509.jpg 678w, https:\/\/speyer24news.com\/wp-content\/uploads\/2019\/08\/IMG_20190814_142952-326x245.jpg 326w, https:\/\/speyer24news.com\/wp-content\/uploads\/2019\/08\/IMG_20190814_142952-80x60.jpg 80w\" sizes=\"(max-width: 800px) 100vw, 800px\" \/><\/figure><\/div>\n\n\n\n<p>Ein paar Etagen darunter, auf dem \u201eBoden der Tatsachen\u201c, sind dann die Sch\u00e4den zu sehen, die auch der Laie erkennt. An den Vorsatzschalen der W\u00e4nde haben sich durch Rostsprengung gr\u00f6\u00dfere St\u00fccke aus der Sandsteinfl\u00e4che gel\u00f6st. Dazu ist konnte es kommen, weil von au\u00dfen eindringende Feuchtigkeit die Eisenklammern rosten l\u00e4sst, die die Platten mit dem Untergrund verbinden. Die Fehlstellen werden nun mit Steinrestaurierungsm\u00f6rtel ausgebessert.<\/p>\n\n\n\n<div class=\"wp-block-image\"><figure class=\"aligncenter\"><img decoding=\"async\" loading=\"lazy\" width=\"800\" height=\"600\" src=\"https:\/\/speyer24news.com\/wp-content\/uploads\/2019\/08\/IMG_20190814_143114.jpg\" alt=\"\" class=\"wp-image-17862\" srcset=\"https:\/\/speyer24news.com\/wp-content\/uploads\/2019\/08\/IMG_20190814_143114.jpg 800w, https:\/\/speyer24news.com\/wp-content\/uploads\/2019\/08\/IMG_20190814_143114-300x225.jpg 300w, https:\/\/speyer24news.com\/wp-content\/uploads\/2019\/08\/IMG_20190814_143114-768x576.jpg 768w, https:\/\/speyer24news.com\/wp-content\/uploads\/2019\/08\/IMG_20190814_143114-678x509.jpg 678w, https:\/\/speyer24news.com\/wp-content\/uploads\/2019\/08\/IMG_20190814_143114-326x245.jpg 326w, https:\/\/speyer24news.com\/wp-content\/uploads\/2019\/08\/IMG_20190814_143114-80x60.jpg 80w\" sizes=\"(max-width: 800px) 100vw, 800px\" \/><\/figure><\/div>\n\n\n\n<p>Dombaumeisterin Drabik zeigte am Mittwoch auch die Gitter, welche die Vorhalle vom Domplatz trennen. Diese wurden im Lauf  der Zeit mehrfach \u00fcberstrichen. Die Farbschichten wurden jetzt untersucht. Dabei  wurde eine gr\u00fcnliche Farbfassung entdeckt. \u201eWie die Gitter zuk\u00fcnftig aussehen  sollen, werden wir uns zusammen mit dem wissenschaftlichen Beirat  diskutieren\u201c, sagt Drabik zum weiteren Vorgehen. Der Beirat als beratendes Gremium, das im  Oktober tagt, wird auch \u00fcber die zuk\u00fcnftige Beleuchtung befinden.<\/p>\n\n\n\n<div class=\"wp-block-image\"><figure class=\"aligncenter\"><img decoding=\"async\" loading=\"lazy\" width=\"500\" height=\"667\" src=\"https:\/\/speyer24news.com\/wp-content\/uploads\/2019\/08\/IMG_20190814_144848.jpg\" alt=\"\" class=\"wp-image-17863\" srcset=\"https:\/\/speyer24news.com\/wp-content\/uploads\/2019\/08\/IMG_20190814_144848.jpg 500w, https:\/\/speyer24news.com\/wp-content\/uploads\/2019\/08\/IMG_20190814_144848-225x300.jpg 225w\" sizes=\"(max-width: 500px) 100vw, 500px\" \/><\/figure><\/div>\n\n\n\n<p>Zuletzt wird noch der Fu\u00dfboden ausbessert und werden Leitungen neu verlegt, wo dies n\u00f6tig ist. Im November sollen die Arbeiten fertig sein. Ein kleiner Teil der Vorhalle wird dann allerdings noch nicht fertig sein: n\u00e4mlich das gro\u00dfe Fresko \u00fcber dem Hauptportal. Auf der obersten Etage des Bauger\u00fcsts zeigt Dombaumeisterin Drabik das \u201eSorgenkind\u201c der Vorhalle: \u201eDie Vergoldung wirft Blasen und l\u00f6st sich vom Untergrund.\u201c Grund sei eine Versalzung, was die Restaurierung schwierig mache. Zudem seien nachtr\u00e4gliche \u00dcbermalungen festgestellt worden. \u00dcber dem Hauptportal hatte der Meister der Domausmalung, Johann Baptist Schraudolph, als sein letztes Werk in Speyer ein Fresko gemalt. Es zeigt neben dem K\u00fcnstler selbst die Patronin des Doms, die Gottesmutter Maria, und verschiedene Heilige vor einem goldenen Hintergrund. Das Fresko wird laut Drabik derzeit restauratorisch untersucht. Schon jetzt sei klar, dass diese Ma\u00dfnahme aus der Gesamtma\u00dfnahme der Restaurierung herausgenommen werden m\u00fcsse und in G\u00e4nze erst nachtr\u00e4glich erfolgen k\u00f6nne.<\/p>\n\n\n\n<div class=\"wp-block-image\"><figure class=\"aligncenter\"><img decoding=\"async\" loading=\"lazy\" width=\"800\" height=\"600\" src=\"https:\/\/speyer24news.com\/wp-content\/uploads\/2019\/08\/IMG_20190814_142724.jpg\" alt=\"\" class=\"wp-image-17864\" srcset=\"https:\/\/speyer24news.com\/wp-content\/uploads\/2019\/08\/IMG_20190814_142724.jpg 800w, https:\/\/speyer24news.com\/wp-content\/uploads\/2019\/08\/IMG_20190814_142724-300x225.jpg 300w, https:\/\/speyer24news.com\/wp-content\/uploads\/2019\/08\/IMG_20190814_142724-768x576.jpg 768w, https:\/\/speyer24news.com\/wp-content\/uploads\/2019\/08\/IMG_20190814_142724-678x509.jpg 678w, https:\/\/speyer24news.com\/wp-content\/uploads\/2019\/08\/IMG_20190814_142724-326x245.jpg 326w, https:\/\/speyer24news.com\/wp-content\/uploads\/2019\/08\/IMG_20190814_142724-80x60.jpg 80w\" sizes=\"(max-width: 800px) 100vw, 800px\" \/><\/figure><\/div>\n\n\n\n<p>Domdekan Dr. Kohl erkl\u00e4rt in seiner Eigenschaft als Domkustos, dass diese Staffelung der Ma\u00dfnahmen an sich nichts Ungew\u00f6hnliches sei: \u201eMan muss immer wieder schauen, was als n\u00e4chstes dran ist.\u201c Gro\u00dfe Restaurierungskampagnen, bei denen innerhalb einiger Jahre alles gemacht w\u00fcrde, geh\u00f6rten der Vergangenheit an. Inzwischen sehe man den Domerhalt als fortlaufende Ma\u00dfnahme, so dass jedes Jahr etwa eine Million Euro in den Bauerhalt flie\u00dfen. Finanziert werden die Ma\u00dfnahmen aus dem Haushalt des Domkapitels, einem Zuschuss des Landes Rheinland-Pfalz, das 40 Prozent der Kosten der substanzerhaltenden Ma\u00dfnahmen tr\u00e4gt. Zudem bekommt der Dom fortlaufende Unterst\u00fctzung durch den Dombauverein Speyer. Fallweise unterst\u00fctzen der Bund, die Deutsche Stiftung Denkmalschutz oder die Europ\u00e4ische Stiftung Kaiserdom einzelne Restaurierungsma\u00dfnahmen.<\/p>\n\n\n\n<h4 class=\"wp-block-heading\">Sehen sie hier einen Videozusammenschnitt zur Baustellenbegehung:<\/h4>\n\n\n\n<figure class=\"wp-block-embed-youtube wp-block-embed is-type-video is-provider-youtube wp-embed-aspect-16-9 wp-has-aspect-ratio\"><div class=\"wp-block-embed__wrapper\">\n<iframe loading=\"lazy\" title=\"Domvorhalle\" width=\"500\" height=\"281\" src=\"https:\/\/www.youtube.com\/embed\/13ZCwMzCgow?feature=oembed\" frameborder=\"0\" allow=\"accelerometer; autoplay; encrypted-media; gyroscope; picture-in-picture\" allowfullscreen><\/iframe>\n<\/div><\/figure>\n\n\n\n<h4 class=\"wp-block-heading\">Sehen sie hier das Fotoalbum zur Baustellenbegehung:<\/h4>\n\n\n\n<ul class=\"wp-block-gallery columns-2 is-cropped wp-block-gallery-1 is-layout-flex wp-block-gallery-is-layout-flex\"><li class=\"blocks-gallery-item\"><figure><img decoding=\"async\" loading=\"lazy\" width=\"800\" height=\"546\" src=\"https:\/\/speyer24news.com\/wp-content\/uploads\/2019\/08\/IMG_20190814_140322-1.jpg\" alt=\"\" data-id=\"17865\" data-link=\"https:\/\/speyer24news.com\/?attachment_id=17865\" class=\"wp-image-17865\" srcset=\"https:\/\/speyer24news.com\/wp-content\/uploads\/2019\/08\/IMG_20190814_140322-1.jpg 800w, https:\/\/speyer24news.com\/wp-content\/uploads\/2019\/08\/IMG_20190814_140322-1-300x205.jpg 300w, https:\/\/speyer24news.com\/wp-content\/uploads\/2019\/08\/IMG_20190814_140322-1-768x524.jpg 768w\" sizes=\"(max-width: 800px) 100vw, 800px\" \/><\/figure><\/li><li class=\"blocks-gallery-item\"><figure><img decoding=\"async\" loading=\"lazy\" width=\"500\" height=\"657\" src=\"https:\/\/speyer24news.com\/wp-content\/uploads\/2019\/08\/IMG_20190814_140357-1.jpg\" alt=\"\" data-id=\"17866\" data-link=\"https:\/\/speyer24news.com\/?attachment_id=17866\" class=\"wp-image-17866\" srcset=\"https:\/\/speyer24news.com\/wp-content\/uploads\/2019\/08\/IMG_20190814_140357-1.jpg 500w, https:\/\/speyer24news.com\/wp-content\/uploads\/2019\/08\/IMG_20190814_140357-1-228x300.jpg 228w\" sizes=\"(max-width: 500px) 100vw, 500px\" \/><\/figure><\/li><li class=\"blocks-gallery-item\"><figure><img decoding=\"async\" loading=\"lazy\" width=\"800\" height=\"600\" src=\"https:\/\/speyer24news.com\/wp-content\/uploads\/2019\/08\/IMG_20190814_140639-1.jpg\" alt=\"\" data-id=\"17867\" data-link=\"https:\/\/speyer24news.com\/?attachment_id=17867\" class=\"wp-image-17867\" srcset=\"https:\/\/speyer24news.com\/wp-content\/uploads\/2019\/08\/IMG_20190814_140639-1.jpg 800w, https:\/\/speyer24news.com\/wp-content\/uploads\/2019\/08\/IMG_20190814_140639-1-300x225.jpg 300w, https:\/\/speyer24news.com\/wp-content\/uploads\/2019\/08\/IMG_20190814_140639-1-768x576.jpg 768w, https:\/\/speyer24news.com\/wp-content\/uploads\/2019\/08\/IMG_20190814_140639-1-678x509.jpg 678w, https:\/\/speyer24news.com\/wp-content\/uploads\/2019\/08\/IMG_20190814_140639-1-326x245.jpg 326w, https:\/\/speyer24news.com\/wp-content\/uploads\/2019\/08\/IMG_20190814_140639-1-80x60.jpg 80w\" sizes=\"(max-width: 800px) 100vw, 800px\" \/><\/figure><\/li><li class=\"blocks-gallery-item\"><figure><img decoding=\"async\" loading=\"lazy\" width=\"800\" height=\"600\" src=\"https:\/\/speyer24news.com\/wp-content\/uploads\/2019\/08\/IMG_20190814_141452.jpg\" alt=\"\" data-id=\"17868\" data-link=\"https:\/\/speyer24news.com\/?attachment_id=17868\" class=\"wp-image-17868\" srcset=\"https:\/\/speyer24news.com\/wp-content\/uploads\/2019\/08\/IMG_20190814_141452.jpg 800w, https:\/\/speyer24news.com\/wp-content\/uploads\/2019\/08\/IMG_20190814_141452-300x225.jpg 300w, https:\/\/speyer24news.com\/wp-content\/uploads\/2019\/08\/IMG_20190814_141452-768x576.jpg 768w, https:\/\/speyer24news.com\/wp-content\/uploads\/2019\/08\/IMG_20190814_141452-678x509.jpg 678w, https:\/\/speyer24news.com\/wp-content\/uploads\/2019\/08\/IMG_20190814_141452-326x245.jpg 326w, https:\/\/speyer24news.com\/wp-content\/uploads\/2019\/08\/IMG_20190814_141452-80x60.jpg 80w\" sizes=\"(max-width: 800px) 100vw, 800px\" \/><\/figure><\/li><li class=\"blocks-gallery-item\"><figure><img decoding=\"async\" loading=\"lazy\" width=\"800\" height=\"600\" src=\"https:\/\/speyer24news.com\/wp-content\/uploads\/2019\/08\/IMG_20190814_141506.jpg\" alt=\"\" data-id=\"17869\" data-link=\"https:\/\/speyer24news.com\/?attachment_id=17869\" class=\"wp-image-17869\" srcset=\"https:\/\/speyer24news.com\/wp-content\/uploads\/2019\/08\/IMG_20190814_141506.jpg 800w, https:\/\/speyer24news.com\/wp-content\/uploads\/2019\/08\/IMG_20190814_141506-300x225.jpg 300w, https:\/\/speyer24news.com\/wp-content\/uploads\/2019\/08\/IMG_20190814_141506-768x576.jpg 768w, https:\/\/speyer24news.com\/wp-content\/uploads\/2019\/08\/IMG_20190814_141506-678x509.jpg 678w, https:\/\/speyer24news.com\/wp-content\/uploads\/2019\/08\/IMG_20190814_141506-326x245.jpg 326w, https:\/\/speyer24news.com\/wp-content\/uploads\/2019\/08\/IMG_20190814_141506-80x60.jpg 80w\" sizes=\"(max-width: 800px) 100vw, 800px\" \/><\/figure><\/li><li class=\"blocks-gallery-item\"><figure><img decoding=\"async\" loading=\"lazy\" width=\"800\" height=\"600\" src=\"https:\/\/speyer24news.com\/wp-content\/uploads\/2019\/08\/IMG_20190814_141551.jpg\" alt=\"\" data-id=\"17870\" data-link=\"https:\/\/speyer24news.com\/?attachment_id=17870\" class=\"wp-image-17870\" srcset=\"https:\/\/speyer24news.com\/wp-content\/uploads\/2019\/08\/IMG_20190814_141551.jpg 800w, https:\/\/speyer24news.com\/wp-content\/uploads\/2019\/08\/IMG_20190814_141551-300x225.jpg 300w, https:\/\/speyer24news.com\/wp-content\/uploads\/2019\/08\/IMG_20190814_141551-768x576.jpg 768w, https:\/\/speyer24news.com\/wp-content\/uploads\/2019\/08\/IMG_20190814_141551-678x509.jpg 678w, https:\/\/speyer24news.com\/wp-content\/uploads\/2019\/08\/IMG_20190814_141551-326x245.jpg 326w, https:\/\/speyer24news.com\/wp-content\/uploads\/2019\/08\/IMG_20190814_141551-80x60.jpg 80w\" sizes=\"(max-width: 800px) 100vw, 800px\" \/><\/figure><\/li><li class=\"blocks-gallery-item\"><figure><img decoding=\"async\" loading=\"lazy\" width=\"800\" height=\"600\" src=\"https:\/\/speyer24news.com\/wp-content\/uploads\/2019\/08\/IMG_20190814_141608-1.jpg\" alt=\"\" data-id=\"17871\" data-link=\"https:\/\/speyer24news.com\/?attachment_id=17871\" class=\"wp-image-17871\" srcset=\"https:\/\/speyer24news.com\/wp-content\/uploads\/2019\/08\/IMG_20190814_141608-1.jpg 800w, https:\/\/speyer24news.com\/wp-content\/uploads\/2019\/08\/IMG_20190814_141608-1-300x225.jpg 300w, https:\/\/speyer24news.com\/wp-content\/uploads\/2019\/08\/IMG_20190814_141608-1-768x576.jpg 768w, https:\/\/speyer24news.com\/wp-content\/uploads\/2019\/08\/IMG_20190814_141608-1-678x509.jpg 678w, https:\/\/speyer24news.com\/wp-content\/uploads\/2019\/08\/IMG_20190814_141608-1-326x245.jpg 326w, https:\/\/speyer24news.com\/wp-content\/uploads\/2019\/08\/IMG_20190814_141608-1-80x60.jpg 80w\" sizes=\"(max-width: 800px) 100vw, 800px\" \/><\/figure><\/li><li class=\"blocks-gallery-item\"><figure><img decoding=\"async\" loading=\"lazy\" width=\"800\" height=\"600\" src=\"https:\/\/speyer24news.com\/wp-content\/uploads\/2019\/08\/IMG_20190814_141734.jpg\" alt=\"\" data-id=\"17872\" data-link=\"https:\/\/speyer24news.com\/?attachment_id=17872\" class=\"wp-image-17872\" srcset=\"https:\/\/speyer24news.com\/wp-content\/uploads\/2019\/08\/IMG_20190814_141734.jpg 800w, https:\/\/speyer24news.com\/wp-content\/uploads\/2019\/08\/IMG_20190814_141734-300x225.jpg 300w, https:\/\/speyer24news.com\/wp-content\/uploads\/2019\/08\/IMG_20190814_141734-768x576.jpg 768w, https:\/\/speyer24news.com\/wp-content\/uploads\/2019\/08\/IMG_20190814_141734-678x509.jpg 678w, https:\/\/speyer24news.com\/wp-content\/uploads\/2019\/08\/IMG_20190814_141734-326x245.jpg 326w, https:\/\/speyer24news.com\/wp-content\/uploads\/2019\/08\/IMG_20190814_141734-80x60.jpg 80w\" sizes=\"(max-width: 800px) 100vw, 800px\" \/><\/figure><\/li><li class=\"blocks-gallery-item\"><figure><img decoding=\"async\" loading=\"lazy\" width=\"800\" height=\"600\" src=\"https:\/\/speyer24news.com\/wp-content\/uploads\/2019\/08\/IMG_20190814_141755.jpg\" alt=\"\" data-id=\"17873\" data-link=\"https:\/\/speyer24news.com\/?attachment_id=17873\" class=\"wp-image-17873\" srcset=\"https:\/\/speyer24news.com\/wp-content\/uploads\/2019\/08\/IMG_20190814_141755.jpg 800w, https:\/\/speyer24news.com\/wp-content\/uploads\/2019\/08\/IMG_20190814_141755-300x225.jpg 300w, https:\/\/speyer24news.com\/wp-content\/uploads\/2019\/08\/IMG_20190814_141755-768x576.jpg 768w, https:\/\/speyer24news.com\/wp-content\/uploads\/2019\/08\/IMG_20190814_141755-678x509.jpg 678w, https:\/\/speyer24news.com\/wp-content\/uploads\/2019\/08\/IMG_20190814_141755-326x245.jpg 326w, https:\/\/speyer24news.com\/wp-content\/uploads\/2019\/08\/IMG_20190814_141755-80x60.jpg 80w\" sizes=\"(max-width: 800px) 100vw, 800px\" \/><\/figure><\/li><li class=\"blocks-gallery-item\"><figure><img decoding=\"async\" loading=\"lazy\" width=\"800\" height=\"600\" src=\"https:\/\/speyer24news.com\/wp-content\/uploads\/2019\/08\/IMG_20190814_141804.jpg\" alt=\"\" data-id=\"17874\" data-link=\"https:\/\/speyer24news.com\/?attachment_id=17874\" class=\"wp-image-17874\" srcset=\"https:\/\/speyer24news.com\/wp-content\/uploads\/2019\/08\/IMG_20190814_141804.jpg 800w, https:\/\/speyer24news.com\/wp-content\/uploads\/2019\/08\/IMG_20190814_141804-300x225.jpg 300w, https:\/\/speyer24news.com\/wp-content\/uploads\/2019\/08\/IMG_20190814_141804-768x576.jpg 768w, https:\/\/speyer24news.com\/wp-content\/uploads\/2019\/08\/IMG_20190814_141804-678x509.jpg 678w, https:\/\/speyer24news.com\/wp-content\/uploads\/2019\/08\/IMG_20190814_141804-326x245.jpg 326w, https:\/\/speyer24news.com\/wp-content\/uploads\/2019\/08\/IMG_20190814_141804-80x60.jpg 80w\" sizes=\"(max-width: 800px) 100vw, 800px\" \/><\/figure><\/li><li class=\"blocks-gallery-item\"><figure><img decoding=\"async\" loading=\"lazy\" width=\"800\" height=\"600\" src=\"https:\/\/speyer24news.com\/wp-content\/uploads\/2019\/08\/IMG_20190814_141815.jpg\" alt=\"\" data-id=\"17875\" data-link=\"https:\/\/speyer24news.com\/?attachment_id=17875\" class=\"wp-image-17875\" srcset=\"https:\/\/speyer24news.com\/wp-content\/uploads\/2019\/08\/IMG_20190814_141815.jpg 800w, https:\/\/speyer24news.com\/wp-content\/uploads\/2019\/08\/IMG_20190814_141815-300x225.jpg 300w, https:\/\/speyer24news.com\/wp-content\/uploads\/2019\/08\/IMG_20190814_141815-768x576.jpg 768w, https:\/\/speyer24news.com\/wp-content\/uploads\/2019\/08\/IMG_20190814_141815-678x509.jpg 678w, https:\/\/speyer24news.com\/wp-content\/uploads\/2019\/08\/IMG_20190814_141815-326x245.jpg 326w, https:\/\/speyer24news.com\/wp-content\/uploads\/2019\/08\/IMG_20190814_141815-80x60.jpg 80w\" sizes=\"(max-width: 800px) 100vw, 800px\" \/><\/figure><\/li><li class=\"blocks-gallery-item\"><figure><img decoding=\"async\" loading=\"lazy\" width=\"800\" height=\"600\" src=\"https:\/\/speyer24news.com\/wp-content\/uploads\/2019\/08\/IMG_20190814_141823-1.jpg\" alt=\"\" data-id=\"17876\" data-link=\"https:\/\/speyer24news.com\/?attachment_id=17876\" class=\"wp-image-17876\" srcset=\"https:\/\/speyer24news.com\/wp-content\/uploads\/2019\/08\/IMG_20190814_141823-1.jpg 800w, https:\/\/speyer24news.com\/wp-content\/uploads\/2019\/08\/IMG_20190814_141823-1-300x225.jpg 300w, https:\/\/speyer24news.com\/wp-content\/uploads\/2019\/08\/IMG_20190814_141823-1-768x576.jpg 768w, https:\/\/speyer24news.com\/wp-content\/uploads\/2019\/08\/IMG_20190814_141823-1-678x509.jpg 678w, https:\/\/speyer24news.com\/wp-content\/uploads\/2019\/08\/IMG_20190814_141823-1-326x245.jpg 326w, https:\/\/speyer24news.com\/wp-content\/uploads\/2019\/08\/IMG_20190814_141823-1-80x60.jpg 80w\" sizes=\"(max-width: 800px) 100vw, 800px\" \/><\/figure><\/li><li class=\"blocks-gallery-item\"><figure><img decoding=\"async\" loading=\"lazy\" width=\"800\" height=\"600\" src=\"https:\/\/speyer24news.com\/wp-content\/uploads\/2019\/08\/IMG_20190814_142349-1.jpg\" alt=\"\" data-id=\"17877\" data-link=\"https:\/\/speyer24news.com\/?attachment_id=17877\" class=\"wp-image-17877\" srcset=\"https:\/\/speyer24news.com\/wp-content\/uploads\/2019\/08\/IMG_20190814_142349-1.jpg 800w, https:\/\/speyer24news.com\/wp-content\/uploads\/2019\/08\/IMG_20190814_142349-1-300x225.jpg 300w, https:\/\/speyer24news.com\/wp-content\/uploads\/2019\/08\/IMG_20190814_142349-1-768x576.jpg 768w, https:\/\/speyer24news.com\/wp-content\/uploads\/2019\/08\/IMG_20190814_142349-1-678x509.jpg 678w, https:\/\/speyer24news.com\/wp-content\/uploads\/2019\/08\/IMG_20190814_142349-1-326x245.jpg 326w, https:\/\/speyer24news.com\/wp-content\/uploads\/2019\/08\/IMG_20190814_142349-1-80x60.jpg 80w\" sizes=\"(max-width: 800px) 100vw, 800px\" \/><\/figure><\/li><li class=\"blocks-gallery-item\"><figure><img decoding=\"async\" loading=\"lazy\" width=\"800\" height=\"600\" src=\"https:\/\/speyer24news.com\/wp-content\/uploads\/2019\/08\/IMG_20190814_142540.jpg\" alt=\"\" data-id=\"17878\" data-link=\"https:\/\/speyer24news.com\/?attachment_id=17878\" class=\"wp-image-17878\" srcset=\"https:\/\/speyer24news.com\/wp-content\/uploads\/2019\/08\/IMG_20190814_142540.jpg 800w, https:\/\/speyer24news.com\/wp-content\/uploads\/2019\/08\/IMG_20190814_142540-300x225.jpg 300w, https:\/\/speyer24news.com\/wp-content\/uploads\/2019\/08\/IMG_20190814_142540-768x576.jpg 768w, https:\/\/speyer24news.com\/wp-content\/uploads\/2019\/08\/IMG_20190814_142540-678x509.jpg 678w, https:\/\/speyer24news.com\/wp-content\/uploads\/2019\/08\/IMG_20190814_142540-326x245.jpg 326w, https:\/\/speyer24news.com\/wp-content\/uploads\/2019\/08\/IMG_20190814_142540-80x60.jpg 80w\" sizes=\"(max-width: 800px) 100vw, 800px\" \/><\/figure><\/li><li class=\"blocks-gallery-item\"><figure><img decoding=\"async\" loading=\"lazy\" width=\"800\" height=\"600\" src=\"https:\/\/speyer24news.com\/wp-content\/uploads\/2019\/08\/IMG_20190814_142655.jpg\" alt=\"\" data-id=\"17879\" data-link=\"https:\/\/speyer24news.com\/?attachment_id=17879\" class=\"wp-image-17879\" srcset=\"https:\/\/speyer24news.com\/wp-content\/uploads\/2019\/08\/IMG_20190814_142655.jpg 800w, https:\/\/speyer24news.com\/wp-content\/uploads\/2019\/08\/IMG_20190814_142655-300x225.jpg 300w, https:\/\/speyer24news.com\/wp-content\/uploads\/2019\/08\/IMG_20190814_142655-768x576.jpg 768w, https:\/\/speyer24news.com\/wp-content\/uploads\/2019\/08\/IMG_20190814_142655-678x509.jpg 678w, https:\/\/speyer24news.com\/wp-content\/uploads\/2019\/08\/IMG_20190814_142655-326x245.jpg 326w, https:\/\/speyer24news.com\/wp-content\/uploads\/2019\/08\/IMG_20190814_142655-80x60.jpg 80w\" sizes=\"(max-width: 800px) 100vw, 800px\" \/><\/figure><\/li><li class=\"blocks-gallery-item\"><figure><img decoding=\"async\" loading=\"lazy\" width=\"800\" height=\"600\" src=\"https:\/\/speyer24news.com\/wp-content\/uploads\/2019\/08\/IMG_20190814_142700.jpg\" alt=\"\" data-id=\"17880\" data-link=\"https:\/\/speyer24news.com\/?attachment_id=17880\" class=\"wp-image-17880\" srcset=\"https:\/\/speyer24news.com\/wp-content\/uploads\/2019\/08\/IMG_20190814_142700.jpg 800w, https:\/\/speyer24news.com\/wp-content\/uploads\/2019\/08\/IMG_20190814_142700-300x225.jpg 300w, https:\/\/speyer24news.com\/wp-content\/uploads\/2019\/08\/IMG_20190814_142700-768x576.jpg 768w, https:\/\/speyer24news.com\/wp-content\/uploads\/2019\/08\/IMG_20190814_142700-678x509.jpg 678w, https:\/\/speyer24news.com\/wp-content\/uploads\/2019\/08\/IMG_20190814_142700-326x245.jpg 326w, https:\/\/speyer24news.com\/wp-content\/uploads\/2019\/08\/IMG_20190814_142700-80x60.jpg 80w\" sizes=\"(max-width: 800px) 100vw, 800px\" \/><\/figure><\/li><li class=\"blocks-gallery-item\"><figure><img decoding=\"async\" loading=\"lazy\" width=\"800\" height=\"600\" src=\"https:\/\/speyer24news.com\/wp-content\/uploads\/2019\/08\/IMG_20190814_142724-1.jpg\" alt=\"\" data-id=\"17881\" data-link=\"https:\/\/speyer24news.com\/?attachment_id=17881\" class=\"wp-image-17881\" srcset=\"https:\/\/speyer24news.com\/wp-content\/uploads\/2019\/08\/IMG_20190814_142724-1.jpg 800w, https:\/\/speyer24news.com\/wp-content\/uploads\/2019\/08\/IMG_20190814_142724-1-300x225.jpg 300w, https:\/\/speyer24news.com\/wp-content\/uploads\/2019\/08\/IMG_20190814_142724-1-768x576.jpg 768w, https:\/\/speyer24news.com\/wp-content\/uploads\/2019\/08\/IMG_20190814_142724-1-678x509.jpg 678w, https:\/\/speyer24news.com\/wp-content\/uploads\/2019\/08\/IMG_20190814_142724-1-326x245.jpg 326w, https:\/\/speyer24news.com\/wp-content\/uploads\/2019\/08\/IMG_20190814_142724-1-80x60.jpg 80w\" sizes=\"(max-width: 800px) 100vw, 800px\" \/><\/figure><\/li><li class=\"blocks-gallery-item\"><figure><img decoding=\"async\" loading=\"lazy\" width=\"800\" height=\"600\" src=\"https:\/\/speyer24news.com\/wp-content\/uploads\/2019\/08\/IMG_20190814_142952-1.jpg\" alt=\"\" data-id=\"17882\" data-link=\"https:\/\/speyer24news.com\/?attachment_id=17882\" class=\"wp-image-17882\" srcset=\"https:\/\/speyer24news.com\/wp-content\/uploads\/2019\/08\/IMG_20190814_142952-1.jpg 800w, https:\/\/speyer24news.com\/wp-content\/uploads\/2019\/08\/IMG_20190814_142952-1-300x225.jpg 300w, https:\/\/speyer24news.com\/wp-content\/uploads\/2019\/08\/IMG_20190814_142952-1-768x576.jpg 768w, https:\/\/speyer24news.com\/wp-content\/uploads\/2019\/08\/IMG_20190814_142952-1-678x509.jpg 678w, https:\/\/speyer24news.com\/wp-content\/uploads\/2019\/08\/IMG_20190814_142952-1-326x245.jpg 326w, https:\/\/speyer24news.com\/wp-content\/uploads\/2019\/08\/IMG_20190814_142952-1-80x60.jpg 80w\" sizes=\"(max-width: 800px) 100vw, 800px\" \/><\/figure><\/li><li class=\"blocks-gallery-item\"><figure><img decoding=\"async\" loading=\"lazy\" width=\"800\" height=\"600\" src=\"https:\/\/speyer24news.com\/wp-content\/uploads\/2019\/08\/IMG_20190814_143018.jpg\" alt=\"\" data-id=\"17883\" data-link=\"https:\/\/speyer24news.com\/?attachment_id=17883\" class=\"wp-image-17883\" srcset=\"https:\/\/speyer24news.com\/wp-content\/uploads\/2019\/08\/IMG_20190814_143018.jpg 800w, https:\/\/speyer24news.com\/wp-content\/uploads\/2019\/08\/IMG_20190814_143018-300x225.jpg 300w, https:\/\/speyer24news.com\/wp-content\/uploads\/2019\/08\/IMG_20190814_143018-768x576.jpg 768w, https:\/\/speyer24news.com\/wp-content\/uploads\/2019\/08\/IMG_20190814_143018-678x509.jpg 678w, https:\/\/speyer24news.com\/wp-content\/uploads\/2019\/08\/IMG_20190814_143018-326x245.jpg 326w, https:\/\/speyer24news.com\/wp-content\/uploads\/2019\/08\/IMG_20190814_143018-80x60.jpg 80w\" sizes=\"(max-width: 800px) 100vw, 800px\" \/><\/figure><\/li><li class=\"blocks-gallery-item\"><figure><img decoding=\"async\" loading=\"lazy\" width=\"800\" height=\"600\" src=\"https:\/\/speyer24news.com\/wp-content\/uploads\/2019\/08\/IMG_20190814_143114-1.jpg\" alt=\"\" data-id=\"17884\" data-link=\"https:\/\/speyer24news.com\/?attachment_id=17884\" class=\"wp-image-17884\" srcset=\"https:\/\/speyer24news.com\/wp-content\/uploads\/2019\/08\/IMG_20190814_143114-1.jpg 800w, https:\/\/speyer24news.com\/wp-content\/uploads\/2019\/08\/IMG_20190814_143114-1-300x225.jpg 300w, https:\/\/speyer24news.com\/wp-content\/uploads\/2019\/08\/IMG_20190814_143114-1-768x576.jpg 768w, https:\/\/speyer24news.com\/wp-content\/uploads\/2019\/08\/IMG_20190814_143114-1-678x509.jpg 678w, https:\/\/speyer24news.com\/wp-content\/uploads\/2019\/08\/IMG_20190814_143114-1-326x245.jpg 326w, https:\/\/speyer24news.com\/wp-content\/uploads\/2019\/08\/IMG_20190814_143114-1-80x60.jpg 80w\" sizes=\"(max-width: 800px) 100vw, 800px\" \/><\/figure><\/li><li class=\"blocks-gallery-item\"><figure><img decoding=\"async\" loading=\"lazy\" width=\"800\" height=\"600\" src=\"https:\/\/speyer24news.com\/wp-content\/uploads\/2019\/08\/IMG_20190814_143137.jpg\" alt=\"\" data-id=\"17885\" data-link=\"https:\/\/speyer24news.com\/?attachment_id=17885\" class=\"wp-image-17885\" srcset=\"https:\/\/speyer24news.com\/wp-content\/uploads\/2019\/08\/IMG_20190814_143137.jpg 800w, https:\/\/speyer24news.com\/wp-content\/uploads\/2019\/08\/IMG_20190814_143137-300x225.jpg 300w, https:\/\/speyer24news.com\/wp-content\/uploads\/2019\/08\/IMG_20190814_143137-768x576.jpg 768w, https:\/\/speyer24news.com\/wp-content\/uploads\/2019\/08\/IMG_20190814_143137-678x509.jpg 678w, https:\/\/speyer24news.com\/wp-content\/uploads\/2019\/08\/IMG_20190814_143137-326x245.jpg 326w, https:\/\/speyer24news.com\/wp-content\/uploads\/2019\/08\/IMG_20190814_143137-80x60.jpg 80w\" sizes=\"(max-width: 800px) 100vw, 800px\" \/><\/figure><\/li><li class=\"blocks-gallery-item\"><figure><img decoding=\"async\" loading=\"lazy\" width=\"800\" height=\"600\" src=\"https:\/\/speyer24news.com\/wp-content\/uploads\/2019\/08\/IMG_20190814_143330.jpg\" alt=\"\" data-id=\"17886\" data-link=\"https:\/\/speyer24news.com\/?attachment_id=17886\" class=\"wp-image-17886\" srcset=\"https:\/\/speyer24news.com\/wp-content\/uploads\/2019\/08\/IMG_20190814_143330.jpg 800w, https:\/\/speyer24news.com\/wp-content\/uploads\/2019\/08\/IMG_20190814_143330-300x225.jpg 300w, https:\/\/speyer24news.com\/wp-content\/uploads\/2019\/08\/IMG_20190814_143330-768x576.jpg 768w, https:\/\/speyer24news.com\/wp-content\/uploads\/2019\/08\/IMG_20190814_143330-678x509.jpg 678w, https:\/\/speyer24news.com\/wp-content\/uploads\/2019\/08\/IMG_20190814_143330-326x245.jpg 326w, https:\/\/speyer24news.com\/wp-content\/uploads\/2019\/08\/IMG_20190814_143330-80x60.jpg 80w\" sizes=\"(max-width: 800px) 100vw, 800px\" \/><\/figure><\/li><li class=\"blocks-gallery-item\"><figure><img decoding=\"async\" loading=\"lazy\" width=\"800\" height=\"600\" src=\"https:\/\/speyer24news.com\/wp-content\/uploads\/2019\/08\/IMG_20190814_143626.jpg\" alt=\"\" data-id=\"17887\" data-link=\"https:\/\/speyer24news.com\/?attachment_id=17887\" class=\"wp-image-17887\" srcset=\"https:\/\/speyer24news.com\/wp-content\/uploads\/2019\/08\/IMG_20190814_143626.jpg 800w, https:\/\/speyer24news.com\/wp-content\/uploads\/2019\/08\/IMG_20190814_143626-300x225.jpg 300w, https:\/\/speyer24news.com\/wp-content\/uploads\/2019\/08\/IMG_20190814_143626-768x576.jpg 768w, https:\/\/speyer24news.com\/wp-content\/uploads\/2019\/08\/IMG_20190814_143626-678x509.jpg 678w, https:\/\/speyer24news.com\/wp-content\/uploads\/2019\/08\/IMG_20190814_143626-326x245.jpg 326w, https:\/\/speyer24news.com\/wp-content\/uploads\/2019\/08\/IMG_20190814_143626-80x60.jpg 80w\" sizes=\"(max-width: 800px) 100vw, 800px\" \/><\/figure><\/li><li class=\"blocks-gallery-item\"><figure><img decoding=\"async\" loading=\"lazy\" width=\"800\" height=\"600\" src=\"https:\/\/speyer24news.com\/wp-content\/uploads\/2019\/08\/IMG_20190814_143813.jpg\" alt=\"\" data-id=\"17888\" data-link=\"https:\/\/speyer24news.com\/?attachment_id=17888\" class=\"wp-image-17888\" srcset=\"https:\/\/speyer24news.com\/wp-content\/uploads\/2019\/08\/IMG_20190814_143813.jpg 800w, https:\/\/speyer24news.com\/wp-content\/uploads\/2019\/08\/IMG_20190814_143813-300x225.jpg 300w, https:\/\/speyer24news.com\/wp-content\/uploads\/2019\/08\/IMG_20190814_143813-768x576.jpg 768w, https:\/\/speyer24news.com\/wp-content\/uploads\/2019\/08\/IMG_20190814_143813-678x509.jpg 678w, https:\/\/speyer24news.com\/wp-content\/uploads\/2019\/08\/IMG_20190814_143813-326x245.jpg 326w, https:\/\/speyer24news.com\/wp-content\/uploads\/2019\/08\/IMG_20190814_143813-80x60.jpg 80w\" sizes=\"(max-width: 800px) 100vw, 800px\" \/><\/figure><\/li><li class=\"blocks-gallery-item\"><figure><img decoding=\"async\" loading=\"lazy\" width=\"800\" height=\"600\" src=\"https:\/\/speyer24news.com\/wp-content\/uploads\/2019\/08\/IMG_20190814_143917.jpg\" alt=\"\" data-id=\"17889\" data-link=\"https:\/\/speyer24news.com\/?attachment_id=17889\" class=\"wp-image-17889\" srcset=\"https:\/\/speyer24news.com\/wp-content\/uploads\/2019\/08\/IMG_20190814_143917.jpg 800w, https:\/\/speyer24news.com\/wp-content\/uploads\/2019\/08\/IMG_20190814_143917-300x225.jpg 300w, https:\/\/speyer24news.com\/wp-content\/uploads\/2019\/08\/IMG_20190814_143917-768x576.jpg 768w, https:\/\/speyer24news.com\/wp-content\/uploads\/2019\/08\/IMG_20190814_143917-678x509.jpg 678w, https:\/\/speyer24news.com\/wp-content\/uploads\/2019\/08\/IMG_20190814_143917-326x245.jpg 326w, https:\/\/speyer24news.com\/wp-content\/uploads\/2019\/08\/IMG_20190814_143917-80x60.jpg 80w\" sizes=\"(max-width: 800px) 100vw, 800px\" \/><\/figure><\/li><li class=\"blocks-gallery-item\"><figure><img decoding=\"async\" loading=\"lazy\" width=\"800\" height=\"600\" src=\"https:\/\/speyer24news.com\/wp-content\/uploads\/2019\/08\/IMG_20190814_143922.jpg\" alt=\"\" data-id=\"17890\" data-link=\"https:\/\/speyer24news.com\/?attachment_id=17890\" class=\"wp-image-17890\" srcset=\"https:\/\/speyer24news.com\/wp-content\/uploads\/2019\/08\/IMG_20190814_143922.jpg 800w, https:\/\/speyer24news.com\/wp-content\/uploads\/2019\/08\/IMG_20190814_143922-300x225.jpg 300w, https:\/\/speyer24news.com\/wp-content\/uploads\/2019\/08\/IMG_20190814_143922-768x576.jpg 768w, https:\/\/speyer24news.com\/wp-content\/uploads\/2019\/08\/IMG_20190814_143922-678x509.jpg 678w, https:\/\/speyer24news.com\/wp-content\/uploads\/2019\/08\/IMG_20190814_143922-326x245.jpg 326w, https:\/\/speyer24news.com\/wp-content\/uploads\/2019\/08\/IMG_20190814_143922-80x60.jpg 80w\" sizes=\"(max-width: 800px) 100vw, 800px\" \/><\/figure><\/li><li class=\"blocks-gallery-item\"><figure><img decoding=\"async\" loading=\"lazy\" width=\"800\" height=\"600\" src=\"https:\/\/speyer24news.com\/wp-content\/uploads\/2019\/08\/IMG_20190814_144003.jpg\" alt=\"\" data-id=\"17891\" data-link=\"https:\/\/speyer24news.com\/?attachment_id=17891\" class=\"wp-image-17891\" srcset=\"https:\/\/speyer24news.com\/wp-content\/uploads\/2019\/08\/IMG_20190814_144003.jpg 800w, https:\/\/speyer24news.com\/wp-content\/uploads\/2019\/08\/IMG_20190814_144003-300x225.jpg 300w, https:\/\/speyer24news.com\/wp-content\/uploads\/2019\/08\/IMG_20190814_144003-768x576.jpg 768w, https:\/\/speyer24news.com\/wp-content\/uploads\/2019\/08\/IMG_20190814_144003-678x509.jpg 678w, https:\/\/speyer24news.com\/wp-content\/uploads\/2019\/08\/IMG_20190814_144003-326x245.jpg 326w, https:\/\/speyer24news.com\/wp-content\/uploads\/2019\/08\/IMG_20190814_144003-80x60.jpg 80w\" sizes=\"(max-width: 800px) 100vw, 800px\" \/><\/figure><\/li><li class=\"blocks-gallery-item\"><figure><img decoding=\"async\" loading=\"lazy\" width=\"500\" height=\"667\" src=\"https:\/\/speyer24news.com\/wp-content\/uploads\/2019\/08\/IMG_20190814_144210.jpg\" alt=\"\" data-id=\"17893\" data-link=\"https:\/\/speyer24news.com\/?attachment_id=17893\" class=\"wp-image-17893\" srcset=\"https:\/\/speyer24news.com\/wp-content\/uploads\/2019\/08\/IMG_20190814_144210.jpg 500w, https:\/\/speyer24news.com\/wp-content\/uploads\/2019\/08\/IMG_20190814_144210-225x300.jpg 225w\" sizes=\"(max-width: 500px) 100vw, 500px\" \/><\/figure><\/li><li class=\"blocks-gallery-item\"><figure><img decoding=\"async\" loading=\"lazy\" width=\"500\" height=\"667\" src=\"https:\/\/speyer24news.com\/wp-content\/uploads\/2019\/08\/IMG_20190814_144332.jpg\" alt=\"\" data-id=\"17894\" data-link=\"https:\/\/speyer24news.com\/?attachment_id=17894\" class=\"wp-image-17894\" srcset=\"https:\/\/speyer24news.com\/wp-content\/uploads\/2019\/08\/IMG_20190814_144332.jpg 500w, https:\/\/speyer24news.com\/wp-content\/uploads\/2019\/08\/IMG_20190814_144332-225x300.jpg 225w\" sizes=\"(max-width: 500px) 100vw, 500px\" \/><\/figure><\/li><li class=\"blocks-gallery-item\"><figure><img decoding=\"async\" loading=\"lazy\" width=\"500\" height=\"667\" src=\"https:\/\/speyer24news.com\/wp-content\/uploads\/2019\/08\/IMG_20190814_144344.jpg\" alt=\"\" data-id=\"17895\" data-link=\"https:\/\/speyer24news.com\/?attachment_id=17895\" class=\"wp-image-17895\" srcset=\"https:\/\/speyer24news.com\/wp-content\/uploads\/2019\/08\/IMG_20190814_144344.jpg 500w, https:\/\/speyer24news.com\/wp-content\/uploads\/2019\/08\/IMG_20190814_144344-225x300.jpg 225w\" sizes=\"(max-width: 500px) 100vw, 500px\" \/><\/figure><\/li><li class=\"blocks-gallery-item\"><figure><img decoding=\"async\" loading=\"lazy\" width=\"500\" height=\"667\" src=\"https:\/\/speyer24news.com\/wp-content\/uploads\/2019\/08\/IMG_20190814_144811.jpg\" alt=\"\" data-id=\"17896\" data-link=\"https:\/\/speyer24news.com\/?attachment_id=17896\" class=\"wp-image-17896\" srcset=\"https:\/\/speyer24news.com\/wp-content\/uploads\/2019\/08\/IMG_20190814_144811.jpg 500w, https:\/\/speyer24news.com\/wp-content\/uploads\/2019\/08\/IMG_20190814_144811-225x300.jpg 225w\" sizes=\"(max-width: 500px) 100vw, 500px\" \/><\/figure><\/li><li class=\"blocks-gallery-item\"><figure><img decoding=\"async\" loading=\"lazy\" width=\"800\" height=\"600\" src=\"https:\/\/speyer24news.com\/wp-content\/uploads\/2019\/08\/IMG_20190814_144827.jpg\" alt=\"\" data-id=\"17897\" data-link=\"https:\/\/speyer24news.com\/?attachment_id=17897\" class=\"wp-image-17897\" srcset=\"https:\/\/speyer24news.com\/wp-content\/uploads\/2019\/08\/IMG_20190814_144827.jpg 800w, https:\/\/speyer24news.com\/wp-content\/uploads\/2019\/08\/IMG_20190814_144827-300x225.jpg 300w, https:\/\/speyer24news.com\/wp-content\/uploads\/2019\/08\/IMG_20190814_144827-768x576.jpg 768w, https:\/\/speyer24news.com\/wp-content\/uploads\/2019\/08\/IMG_20190814_144827-678x509.jpg 678w, https:\/\/speyer24news.com\/wp-content\/uploads\/2019\/08\/IMG_20190814_144827-326x245.jpg 326w, https:\/\/speyer24news.com\/wp-content\/uploads\/2019\/08\/IMG_20190814_144827-80x60.jpg 80w\" sizes=\"(max-width: 800px) 100vw, 800px\" \/><\/figure><\/li><li class=\"blocks-gallery-item\"><figure><img decoding=\"async\" loading=\"lazy\" width=\"500\" height=\"667\" src=\"https:\/\/speyer24news.com\/wp-content\/uploads\/2019\/08\/IMG_20190814_144848-1.jpg\" alt=\"\" data-id=\"17898\" data-link=\"https:\/\/speyer24news.com\/?attachment_id=17898\" class=\"wp-image-17898\" srcset=\"https:\/\/speyer24news.com\/wp-content\/uploads\/2019\/08\/IMG_20190814_144848-1.jpg 500w, https:\/\/speyer24news.com\/wp-content\/uploads\/2019\/08\/IMG_20190814_144848-1-225x300.jpg 225w\" sizes=\"(max-width: 500px) 100vw, 500px\" \/><\/figure><\/li><li class=\"blocks-gallery-item\"><figure><img decoding=\"async\" loading=\"lazy\" width=\"800\" height=\"600\" src=\"https:\/\/speyer24news.com\/wp-content\/uploads\/2019\/08\/IMG_20190814_144924.jpg\" alt=\"\" data-id=\"17900\" data-link=\"https:\/\/speyer24news.com\/?attachment_id=17900\" class=\"wp-image-17900\" srcset=\"https:\/\/speyer24news.com\/wp-content\/uploads\/2019\/08\/IMG_20190814_144924.jpg 800w, https:\/\/speyer24news.com\/wp-content\/uploads\/2019\/08\/IMG_20190814_144924-300x225.jpg 300w, https:\/\/speyer24news.com\/wp-content\/uploads\/2019\/08\/IMG_20190814_144924-768x576.jpg 768w, https:\/\/speyer24news.com\/wp-content\/uploads\/2019\/08\/IMG_20190814_144924-678x509.jpg 678w, https:\/\/speyer24news.com\/wp-content\/uploads\/2019\/08\/IMG_20190814_144924-326x245.jpg 326w, https:\/\/speyer24news.com\/wp-content\/uploads\/2019\/08\/IMG_20190814_144924-80x60.jpg 80w\" sizes=\"(max-width: 800px) 100vw, 800px\" \/><\/figure><\/li><li class=\"blocks-gallery-item\"><figure><img decoding=\"async\" loading=\"lazy\" width=\"800\" height=\"600\" src=\"https:\/\/speyer24news.com\/wp-content\/uploads\/2019\/08\/IMG_20190814_145126-1.jpg\" alt=\"\" data-id=\"17902\" data-link=\"https:\/\/speyer24news.com\/?attachment_id=17902\" class=\"wp-image-17902\" srcset=\"https:\/\/speyer24news.com\/wp-content\/uploads\/2019\/08\/IMG_20190814_145126-1.jpg 800w, https:\/\/speyer24news.com\/wp-content\/uploads\/2019\/08\/IMG_20190814_145126-1-300x225.jpg 300w, https:\/\/speyer24news.com\/wp-content\/uploads\/2019\/08\/IMG_20190814_145126-1-768x576.jpg 768w, https:\/\/speyer24news.com\/wp-content\/uploads\/2019\/08\/IMG_20190814_145126-1-678x509.jpg 678w, https:\/\/speyer24news.com\/wp-content\/uploads\/2019\/08\/IMG_20190814_145126-1-326x245.jpg 326w, https:\/\/speyer24news.com\/wp-content\/uploads\/2019\/08\/IMG_20190814_145126-1-80x60.jpg 80w\" sizes=\"(max-width: 800px) 100vw, 800px\" \/><\/figure><\/li><li class=\"blocks-gallery-item\"><figure><img decoding=\"async\" loading=\"lazy\" width=\"800\" height=\"600\" src=\"https:\/\/speyer24news.com\/wp-content\/uploads\/2019\/08\/IMG_20190814_144109-1.jpg\" alt=\"\" data-id=\"17903\" data-link=\"https:\/\/speyer24news.com\/?attachment_id=17903\" class=\"wp-image-17903\" srcset=\"https:\/\/speyer24news.com\/wp-content\/uploads\/2019\/08\/IMG_20190814_144109-1.jpg 800w, https:\/\/speyer24news.com\/wp-content\/uploads\/2019\/08\/IMG_20190814_144109-1-300x225.jpg 300w, https:\/\/speyer24news.com\/wp-content\/uploads\/2019\/08\/IMG_20190814_144109-1-768x576.jpg 768w, https:\/\/speyer24news.com\/wp-content\/uploads\/2019\/08\/IMG_20190814_144109-1-678x509.jpg 678w, https:\/\/speyer24news.com\/wp-content\/uploads\/2019\/08\/IMG_20190814_144109-1-326x245.jpg 326w, https:\/\/speyer24news.com\/wp-content\/uploads\/2019\/08\/IMG_20190814_144109-1-80x60.jpg 80w\" sizes=\"(max-width: 800px) 100vw, 800px\" \/><\/figure><\/li><\/ul>\n\n\n\n<p><em>Text: Diakonissen Speyer Foto &amp; Video: Speyer 24\/\/ News,dak<br>15.08.2019<\/em><\/p>\n\n\n\n<h2 class=\"wp-block-heading\"><strong>Wege zur Zufriedenheit\u201c: Vortagsabend mit Pater Anselm Gr\u00fcn am 6. November 2019 im Mutterhaus der Diakonissen Speyer \u2013 Vorverkauf ab 19. August 2019<\/strong><\/h2>\n\n\n\n<h4 class=\"wp-block-heading\"><em>Zu einem Abend mit Pater Anselm Gr\u00fcn l\u00e4dt der F\u00f6rderverein Hospiz im Wilhelminenstift der Evangelischen Diakonissenanstalt Speyer e.V. f\u00fcr Mittwoch, 6. November 2019, 19 Uhr, ins Mutterhaus der Diakonissen Speyer (Fliedner-Saal), Hilgardstra\u00dfe 26, in Speyer herzlich ein. Der Buchautor und langj\u00e4hrige wirtschaftliche Leiter der<\/em> <em>Abtei M\u00fcnsterschwarzach zeigt in seinem Vortrag \u201eWege zur Zufriedenheit \u2013 Was l\u00e4sst mich zufrieden sein?\u201c auf, wie man zum Frieden mit sich selbst, den Menschen im eigenen Umfeld und den \u00e4u\u00dferen Umst\u00e4nden im Leben gelangt. Der Vorverkauf zur Benefizveranstaltung zugunsten des F\u00f6rdervereins beginnt am 19. August 2019.<\/em><\/h4>\n\n\n\n<div class=\"wp-block-image\"><figure class=\"aligncenter\"><img decoding=\"async\" loading=\"lazy\" width=\"443\" height=\"1024\" src=\"https:\/\/speyer24news.com\/wp-content\/uploads\/2019\/08\/Bild-Anselm-2017-443x1024.jpg\" alt=\"\" class=\"wp-image-17851\" srcset=\"https:\/\/speyer24news.com\/wp-content\/uploads\/2019\/08\/Bild-Anselm-2017-443x1024.jpg 443w, https:\/\/speyer24news.com\/wp-content\/uploads\/2019\/08\/Bild-Anselm-2017-130x300.jpg 130w, https:\/\/speyer24news.com\/wp-content\/uploads\/2019\/08\/Bild-Anselm-2017.jpg 500w\" sizes=\"(max-width: 443px) 100vw, 443px\" \/><\/figure><\/div>\n\n\n\n<p><strong>Speyer \/ Diakonissen Mutterhaus &#8211; <\/strong>\u201eWir freuen uns, dass Pater Anselm Gr\u00fcn nach einem ersten Vortagsabend 2012 erneut zu uns ins Mutterhaus kommt\u201c, sagt Werner Vogelsang, Vorsitzender des F\u00f6rdervereins, der den Abend mit Unterst\u00fctzung des Vorstands und haupt- und ehrenamtlicher Mitarbeitender im Hospiz ausrichtet. \u201eDie guten Kontakte unserer Vorstandsmitglieder Sanit\u00e4tsrat Dr. med. Adalbert Orth und Oberin Sr. Isabelle Wien haben uns dabei sehr geholfen\u201c, hebt er hervor. <\/p>\n\n\n\n<p>Karten f\u00fcr den Vortag sind f\u00fcr 10 Euro ab Montag, 19. August 2019, in der Buchhandlung Osiander, Wormser Stra\u00dfe 2, 67346 Speyer (Telefon 06232 60540, E-Mail <a href=\"mailto:speyer@osiander.de\">speyer@osiander.de<\/a>) und an der Pforte im Mutterhaus der Diakonissen Speyer (Adresse oben) erh\u00e4ltlich.<\/p>\n\n\n\n<p><strong>\u00dcber Anselm Gr\u00fcn: <\/strong><\/p>\n\n\n\n<p>Am 14. Januar 1945 im\nfr\u00e4nkischen Junkershausen geboren, wuchs Anselm Gr\u00fcn in M\u00fcnchen auf. Nach dem\nAbitur trat er in die Benediktinerabtei M\u00fcnsterschwarzach bei W\u00fcrzburg ein.\nDort entdeckte er in den 1970er Jahren die Tradition der alten M\u00f6nchsv\u00e4ter\nwieder, die er mit der modernen Psychologie verbindet. Nach einem Studium der\nPhilosophie, Theologie und Betriebswirtschaft war Gr\u00fcn von 1977 bis 2013 als\nCellerar f\u00fcr rund 300 Mitarbeiter in \u00fcber 20 Betrieben verantwortlich. In\nKursen und Vortr\u00e4gen geht der Benediktinerpater auf die N\u00f6te und Fragen der\nMenschen ein und ist unter anderem zum spirituellen Berater und geistlichen\nBegleiter vieler Manager geworden. Zum Thema hat er rund 300 B\u00fccher verfasst,\ndie bisher in einer Gesamtauflage von \u00fcber 14 Millionen weltweit verkauft\nwurden. <\/p>\n\n\n\n<p><strong>\u00dcber den F\u00f6rderverein Hospiz im Wilhelminenstift: <\/strong><\/p>\n\n\n\n<p>Der F\u00f6rderverein gew\u00e4hrleistet ideelle,\nfinanzielle und personelle Hilfe f\u00fcr das Hospiz im Wilhelminenstift.\nVereinsziel ist, die Anliegen der Hospizbewegung durch \u00d6ffentlichkeitsarbeit\nbekannt zu machen. Daf\u00fcr sucht der Verein Menschen, die diese Arbeit\nunterst\u00fctzen. Der F\u00f6rderverein ist als gemeinn\u00fctzig anerkannt. Spenden k\u00f6nnen\nsteuerlich geltend gemacht werden und sind bei folgenden Kreditunternehmen\nm\u00f6glich: <\/p>\n\n\n\n<p>Volksbank Speyer:&nbsp;&nbsp;&nbsp;&nbsp;&nbsp;&nbsp;&nbsp;&nbsp;&nbsp;&nbsp;&nbsp;&nbsp;&nbsp;&nbsp;&nbsp; IBAN: DE19 5479 0000 0000 2902 70<\/p>\n\n\n\n<p>Sparkasse Vorderpfalz: \u00a0\u00a0\u00a0\u00a0\u00a0\u00a0\u00a0 IBAN: DE67 5455 0010 0000 1353 76<\/p>\n\n\n\n<p><em>Text: Diakonissen Speyer Foto: Vier-T\u00fcrme GmbH, Verlag \/ Dirk Nitschke <br>15.08.2019<\/em><\/p>\n\n\n\n<h2 class=\"wp-block-heading\"><strong>Ab sofort Anmeldung zu Sch\u00fclertagen des Bistums m\u00f6glich<\/strong><\/h2>\n\n\n\n<h3 class=\"wp-block-heading\"><strong>Sch\u00fclertage  finden vom 27. Januar bis 4. Februar 2020 statt \u2013 Anhaltend gro\u00dfes  Interesse in den vergangenen Jahren \u2013 Jugendliche sch\u00e4tzen M\u00f6glichkeit  zum Dialog mit der Bistumsleitung<\/strong><\/h3>\n\n\n\n<div class=\"wp-block-image\"><figure class=\"aligncenter\"><img decoding=\"async\" src=\"https:\/\/speyer24news.com\/wp-content\/uploads\/2019\/07\/Dom-1.jpg\" alt=\"\" class=\"wp-image-16804\"\/><\/figure><\/div>\n\n\n\n<p><strong>Speyer &#8211;  <\/strong>Vom 27. Januar bis zum 4. Februar 2020 werden erneut die Sch\u00fclertage  des Bistums Speyer stattfinden. Unter dem Motto \u201eMeine Di\u00f6zese\u201c haben  Oberstufensch\u00fclerinnen und -sch\u00fcler aus der Pfalz und dem Saarpfalzkreis  die M\u00f6glichkeit, Kirche aus der N\u00e4he kennen zu lernen. Ab sofort k\u00f6nnen  sich interessierte Schulklassen f\u00fcr die Teilnahme an den Sch\u00fclertagen  anmelden. Eine Anmeldung ist bis Anfang November m\u00f6glich. <\/p>\n\n\n\n<p>Das\n Bistum l\u00e4dt bereits zum achten Mal zu den Sch\u00fclertagen ein. Im Gespr\u00e4ch\n mit dem Bischof, Mitgliedern des Domkapitels sowie Mitarbeiterinnen und\n Mitarbeitern aus ganz unterschiedlichen Arbeitsbereichen des \nBisch\u00f6flichen Ordinariates, des Caritasverbandes und der Bistumszeitung \n\u201eDer Pilger\u201c haben die jungen Leute Gelegenheit, ihre Fragen zum Thema \nKirche zu stellen und sich ein pers\u00f6nliches Bild von \u201eihrem Bistum\u201c zu \nmachen. In diesem Jahr haben an den Sch\u00fclertagen des Bistums rund 580 \nSch\u00fclerinnen und Sch\u00fcler aus insgesamt 19 Schulen teilgenommen.<\/p>\n\n\n\n<p>\u201eBei\n den Sch\u00fclerinnen und Sch\u00fclern kommen vor allem die verschiedenen \nWorkshopangebote und das Gespr\u00e4ch mit der Bistumsleitung sehr gut an\u201c, \nfreut sich die Initiatorin und Organisatorin der Sch\u00fclertage Dr. Irina \nKreusch, die aktuell die kommissarische Leitung der Hauptabteilung \n\u201eSchulen, Hochschulen und Bildung\u201c wahrnimmt. Die Idee, die Themen \nGlaube und Kirche aktuell, ortsnah und praktisch darzustellen und dabei \nauf die Begegnung mit Menschen anstatt auf Texte in Schulb\u00fcchern zu \nsetzen, habe sich hervorragend bew\u00e4hrt. \u201eDas Bild des Bistums gewinnt an\n diesem Tag Kontur. Die Jugendlichen erfahren: Was ist das Bistum \nSpeyer? Welche Angebote macht die Di\u00f6zese? Warum engagieren sich \nMenschen hier? Auch k\u00f6nnen sie ihre eigenen Erfahrungen mit der Kirche \neinbringen\u201c, so Irina Kreusch.<\/p>\n\n\n\n<p>Das\n Programm der Sch\u00fclertage beginnt mit dem Dom. In Kleingruppen lernen \ndie Jugendlichen zum Beispiel die Krypta, die Dom-Orgel oder die \nSakristei mit dem Goldenen Kaiserevangeliar Heinrich III. kennen. \nAnschlie\u00dfend stehen Grundinformationen \u00fcber das Bistum und Schlaglichter\n zur Arbeit des Caritasverbandes auf dem Programm. Im zweiten Teil der \nSch\u00fclertage entscheiden sich die Sch\u00fclerinnen und Sch\u00fcler f\u00fcr mehrere \nWorkshops ihrer Wahl. Das Workshop-Angebot reichte in diesem Jahr von \neinem Escape-Room im Bistumsarchiv \u00fcber die Vorstellung des Freiwilligen\n Sozialen Jahrs und des Bundesfreiwilligendienstes bis zu einem Einblick\n in die Redaktion der Kirchenzeitung \u201eDer Pilger\u201c und in das Medienhaus \nPeregrinus. Auch die Begegnung mit einem Gef\u00e4ngnisseelsorger, Workshops \nzu den Themen \u201eKirchen, Sekten, Konfessionen\u201c, \u201esexueller Missbrauch\u201c \nund die pastoralen Angebote f\u00fcr homosexuelle Menschen sowie \nInformationen zur kirchlichen Eheschlie\u00dfung waren Teil des Programms. \nLanggehegter Wunsch war die Einbindung zur Krankenhausseelsorge und \nTrauerpastoral. Dazu wird es 2020 erstmals Workshop-Angebote geben.<\/p>\n\n\n\n<p><strong>Weitere Informationen und Anmeldung unter:<\/strong> <a href=\"https:\/\/www.bistum-speyer.de\/schule\/religionsunterricht\/schuelertage\/\">https:\/\/www.bistum-speyer.de\/schule\/religionsunterricht\/schuelertage\/<\/a><\/p>\n\n\n\n<p><em>Text: Bistum Speyer Foto: S24N,dak<br>15.08.2019<\/em><\/p>\n\n\n\n<h2 class=\"wp-block-heading\"><strong>Abschluss der Wallfahrten zum Annaberg<\/strong><\/h2>\n\n\n\n<h3 class=\"wp-block-heading\"><strong>Bischof Wiesemann feiert am 20. August den letzten Wallfahrtsgottesdienst in diesem Jahr<\/strong><\/h3>\n\n\n\n<div class=\"wp-block-image\"><figure class=\"aligncenter\"><img decoding=\"async\" loading=\"lazy\" width=\"800\" height=\"604\" src=\"https:\/\/speyer24news.com\/wp-content\/uploads\/2019\/08\/Annakapelle.jpg\" alt=\"\" class=\"wp-image-17850\" srcset=\"https:\/\/speyer24news.com\/wp-content\/uploads\/2019\/08\/Annakapelle.jpg 800w, https:\/\/speyer24news.com\/wp-content\/uploads\/2019\/08\/Annakapelle-300x227.jpg 300w, https:\/\/speyer24news.com\/wp-content\/uploads\/2019\/08\/Annakapelle-768x580.jpg 768w, https:\/\/speyer24news.com\/wp-content\/uploads\/2019\/08\/Annakapelle-326x245.jpg 326w, https:\/\/speyer24news.com\/wp-content\/uploads\/2019\/08\/Annakapelle-80x60.jpg 80w\" sizes=\"(max-width: 800px) 100vw, 800px\" \/><\/figure><\/div>\n\n\n\n<p><strong>Burrweiler &#8211; <\/strong>Bischof Dr. Karl-Heinz Wiesemann wird am Dienstag, den 20. August, den  letzten Wallfahrtsgottesdienst in diesem Sommer auf dem Annaberg bei  Burrweiler halten. Die Messe beginnt um 10 Uhr und steht unter dem  Leitwort &#8222;Kommt alle zu mir, die ihr m\u00fchselig und beladen seid. Ich will  euch Ruhe verschaffen; denn ich bin g\u00fctig und von Herzen dem\u00fctig\u201c (Mt  11,28.29b). Gleichzeitig findet an diesem Tag eine Sch\u00fclerwallfahrt zum  Annaberg statt. Bei dem Gottesdienst wird Bischof Wiesemann die Erntegaben segnen.<\/p>\n\n\n\n<p>Bereits um 6.30 Uhr und 8 Uhr besteht die M\u00f6glichkeit einen Gottesdienst in der Annakapelle mitzufeiern und das Bu\u00dfsakrament (ab 8 Uhr) zu empfangen.  Um 8 Uhr beginnt der Kreuzweg ab der Pfarrkirche Burrweiler mit  Sch\u00fclergruppen. Um 8.45 Uhr wird der Rosenkranz gebetet.<\/p>\n\n\n\n<p>Ab  7.30 Uhr fahren Pendelbusse von Burrweiler zur Kapelle und zur\u00fcck. Die  Abfahrtsorte der Pendelbusse in Burrweiler sind am Gro\u00dfparkplatz P1  &#8222;Pfarrgarten&#8220; sowie am Parkplatz P3 &#8222;Festhalle&#8220;.<\/p>\n\n\n\n<p>Die Annakapelle geh\u00f6rt zu den meistbesuchten Wallfahrtsorten im Bistum  Speyer. Zu den Wallfahrtstagen &#8211; jeweils dienstags von Ende Juni bis  Anfang\/Mitte August &#8211; kommen regelm\u00e4\u00dfig bis zu 1 000 Wallfahrerinnen und  Wallfahrer mit ihren Anliegen zur Heiligen Mutter Anna.<\/p>\n\n\n\n<p>Weitere Informationen: <a rel=\"noreferrer noopener\" href=\"https:\/\/deref-web-02.de\/mail\/client\/drJ66Qz416Y\/dereferrer\/?redirectUrl=http%3A%2F%2Fwww.annakapelle.de\" target=\"_blank\">www.annakapelle.de<\/a><\/p>\n\n\n\n<p><em>Bistum Speyer<br>15.08.2019<\/em><\/p>\n","protected":false},"excerpt":{"rendered":"<div class=\"mh-excerpt\"><p>\u201eMaria ist wirklich ein Zeichen der Hoffnung und des Trostes\u201c Pontifikalamt mit Bischof Wiesemann zum Fest Mari\u00e4 Himmelfahrt im Dom zu Speyer Speyer &#8211; Mari\u00e4 Himmelfahrt ist in der Domstadt wie \u00fcberall ein Feiertag f\u00fcr <a class=\"mh-excerpt-more\" href=\"https:\/\/speyer24news.com\/?p=17849\" title=\"Kirche:\">[&#8230;]<\/a><\/p>\n<\/div>","protected":false},"author":3,"featured_media":16802,"comment_status":"open","ping_status":"open","sticky":false,"template":"","format":"standard","meta":{"_monsterinsights_skip_tracking":false,"_monsterinsights_sitenote_active":false,"_monsterinsights_sitenote_note":"","_monsterinsights_sitenote_category":0,"footnotes":""},"categories":[120],"tags":[1737,2763,2761,174,2159,1097,1189,277,2762,121,2158,663,2760,2765,2764],"aioseo_notices":[],"amp_enabled":true,"_links":{"self":[{"href":"https:\/\/speyer24news.com\/index.php?rest_route=\/wp\/v2\/posts\/17849"}],"collection":[{"href":"https:\/\/speyer24news.com\/index.php?rest_route=\/wp\/v2\/posts"}],"about":[{"href":"https:\/\/speyer24news.com\/index.php?rest_route=\/wp\/v2\/types\/post"}],"author":[{"embeddable":true,"href":"https:\/\/speyer24news.com\/index.php?rest_route=\/wp\/v2\/users\/3"}],"replies":[{"embeddable":true,"href":"https:\/\/speyer24news.com\/index.php?rest_route=%2Fwp%2Fv2%2Fcomments&post=17849"}],"version-history":[{"count":1,"href":"https:\/\/speyer24news.com\/index.php?rest_route=\/wp\/v2\/posts\/17849\/revisions"}],"predecessor-version":[{"id":17904,"href":"https:\/\/speyer24news.com\/index.php?rest_route=\/wp\/v2\/posts\/17849\/revisions\/17904"}],"wp:featuredmedia":[{"embeddable":true,"href":"https:\/\/speyer24news.com\/index.php?rest_route=\/wp\/v2\/media\/16802"}],"wp:attachment":[{"href":"https:\/\/speyer24news.com\/index.php?rest_route=%2Fwp%2Fv2%2Fmedia&parent=17849"}],"wp:term":[{"taxonomy":"category","embeddable":true,"href":"https:\/\/speyer24news.com\/index.php?rest_route=%2Fwp%2Fv2%2Fcategories&post=17849"},{"taxonomy":"post_tag","embeddable":true,"href":"https:\/\/speyer24news.com\/index.php?rest_route=%2Fwp%2Fv2%2Ftags&post=17849"}],"curies":[{"name":"wp","href":"https:\/\/api.w.org\/{rel}","templated":true}]}}