{"id":17907,"date":"2019-08-15T16:16:36","date_gmt":"2019-08-15T15:16:36","guid":{"rendered":"https:\/\/speyer24news.com\/?p=17907"},"modified":"2019-08-15T16:16:37","modified_gmt":"2019-08-15T15:16:37","slug":"speyer-4","status":"publish","type":"post","link":"https:\/\/speyer24news.com\/?p=17907","title":{"rendered":"Speyer:"},"content":{"rendered":"<style type=\"text\/css\">\r\n\t.ads_top_disp{}\r\n\t.ads_top_corner_disp{ float:left; margin:0px 10px 10px 0px; }\r\n\t.ads_first_p_disp{}\r\n\t.ads_bottom_disp{}\r\n\t<\/style>\n<h2 class=\"wp-block-heading\"><strong>Aktiv f\u00fcr Umwelt- und Klimaschutz &#8211; Stadt lobt Umweltpreis 2019 aus<\/strong><\/h2>\n\n\n\n<div class=\"wp-block-image\"><figure class=\"aligncenter\"><img decoding=\"async\" loading=\"lazy\" width=\"800\" height=\"600\" src=\"https:\/\/speyer24news.com\/wp-content\/uploads\/2019\/08\/IMG_20190607_104122.jpg\" alt=\"\" class=\"wp-image-17908\" srcset=\"https:\/\/speyer24news.com\/wp-content\/uploads\/2019\/08\/IMG_20190607_104122.jpg 800w, https:\/\/speyer24news.com\/wp-content\/uploads\/2019\/08\/IMG_20190607_104122-300x225.jpg 300w, https:\/\/speyer24news.com\/wp-content\/uploads\/2019\/08\/IMG_20190607_104122-768x576.jpg 768w, https:\/\/speyer24news.com\/wp-content\/uploads\/2019\/08\/IMG_20190607_104122-678x509.jpg 678w, https:\/\/speyer24news.com\/wp-content\/uploads\/2019\/08\/IMG_20190607_104122-326x245.jpg 326w, https:\/\/speyer24news.com\/wp-content\/uploads\/2019\/08\/IMG_20190607_104122-80x60.jpg 80w\" sizes=\"(max-width: 800px) 100vw, 800px\" \/><\/figure><\/div>\n\n\n\n<p><strong>Speyer &#8211; <\/strong>Noch <strong><em>bis zum 29. November 2019<\/em><\/strong> k\u00f6nnen sich Kindertagesst\u00e4tten, Schulen,  Vereine, Verb\u00e4nde, Arbeits- und Interessengemeinschaften sowie  Privatpersonen f\u00fcr den mit 1250 Euro dotierten Umweltpreis der Stadt  Speyer bewerben. Mit der Auslobung des Preises alle zwei Jahre sollen  Aktivit\u00e4ten zum Schutz der Lebensgrundlagen angeregt und gef\u00f6rdert  werden. Zielsetzung ist es, das Verst\u00e4ndnis f\u00fcr die  Belange der Umwelt zu wecken und die Bereitschaft zu st\u00e4rken, selbst im  Umweltschutz aktiv zu werden.<\/p>\n\n\n\n<p>Wie\n schon vor zwei Jahren steht auch der Umweltpreis 2019 der Stadt Speyer \nunter keinem festen Motto und ist somit offen f\u00fcr Umweltprojekte\n aller Art. <\/p>\n\n\n\n<p>Wer\n sich bewerben m\u00f6chte, reicht bis sp\u00e4testens 29. November 2019 eine \naussagekr\u00e4ftige Projektbeschreibung von maximal vier Din A4-Seiten\n bei der Stadt Speyer, Abteilung Umwelt und Forsten, Maximilianstra\u00dfe \n12, 67346 Speyer, ein. Anlagen wie Zeichnungen, Fotos und nat\u00fcrlich die \nAdressliste der am Projekt beteiligten Personen sind den Unterlagen \nbeizulegen. Die Jury, zusammengesetzt aus den Mitgliedern\n des Ausschusses f\u00fcr Klimaschutz, Umwelt und Nachhaltigkeit, wird im \nRahmen der Ausschusssitzung am 16. Dezember 2019 \u00fcber die Preisvergabe \nentscheiden.\n<\/p>\n\n\n\n<p>F\u00fcr  R\u00fcckfragen steht Dr. Bernd Schwarz, Leiter der Abteilung Umwelt und  Forsten, zur Verf\u00fcgung (Tel.: 06232-142456, E-Mail:  <a href=\"bernd.schwarz@stadt-speyer.de\">bernd.schwarz@stadt-speyer.de<\/a>)<\/p>\n\n\n\n<p><em>Text: Stadt Speyer Foto: S24N,dak<br>15.08.2019<\/em><\/p>\n","protected":false},"excerpt":{"rendered":"<div class=\"mh-excerpt\"><p>Aktiv f\u00fcr Umwelt- und Klimaschutz &#8211; Stadt lobt Umweltpreis 2019 aus Speyer &#8211; Noch bis zum 29. November 2019 k\u00f6nnen sich Kindertagesst\u00e4tten, Schulen, Vereine, Verb\u00e4nde, Arbeits- und Interessengemeinschaften sowie Privatpersonen f\u00fcr den mit 1250 Euro <a class=\"mh-excerpt-more\" href=\"https:\/\/speyer24news.com\/?p=17907\" title=\"Speyer:\">[&#8230;]<\/a><\/p>\n<\/div>","protected":false},"author":3,"featured_media":0,"comment_status":"open","ping_status":"open","sticky":false,"template":"","format":"standard","meta":{"_monsterinsights_skip_tracking":false,"_monsterinsights_sitenote_active":false,"_monsterinsights_sitenote_note":"","_monsterinsights_sitenote_category":0,"footnotes":""},"categories":[9],"tags":[182,2030,6,2767,2768,394],"aioseo_notices":[],"amp_enabled":true,"_links":{"self":[{"href":"https:\/\/speyer24news.com\/index.php?rest_route=\/wp\/v2\/posts\/17907"}],"collection":[{"href":"https:\/\/speyer24news.com\/index.php?rest_route=\/wp\/v2\/posts"}],"about":[{"href":"https:\/\/speyer24news.com\/index.php?rest_route=\/wp\/v2\/types\/post"}],"author":[{"embeddable":true,"href":"https:\/\/speyer24news.com\/index.php?rest_route=\/wp\/v2\/users\/3"}],"replies":[{"embeddable":true,"href":"https:\/\/speyer24news.com\/index.php?rest_route=%2Fwp%2Fv2%2Fcomments&post=17907"}],"version-history":[{"count":1,"href":"https:\/\/speyer24news.com\/index.php?rest_route=\/wp\/v2\/posts\/17907\/revisions"}],"predecessor-version":[{"id":17909,"href":"https:\/\/speyer24news.com\/index.php?rest_route=\/wp\/v2\/posts\/17907\/revisions\/17909"}],"wp:attachment":[{"href":"https:\/\/speyer24news.com\/index.php?rest_route=%2Fwp%2Fv2%2Fmedia&parent=17907"}],"wp:term":[{"taxonomy":"category","embeddable":true,"href":"https:\/\/speyer24news.com\/index.php?rest_route=%2Fwp%2Fv2%2Fcategories&post=17907"},{"taxonomy":"post_tag","embeddable":true,"href":"https:\/\/speyer24news.com\/index.php?rest_route=%2Fwp%2Fv2%2Ftags&post=17907"}],"curies":[{"name":"wp","href":"https:\/\/api.w.org\/{rel}","templated":true}]}}