{"id":17937,"date":"2019-08-16T09:21:50","date_gmt":"2019-08-16T08:21:50","guid":{"rendered":"https:\/\/speyer24news.com\/?p=17937"},"modified":"2019-08-16T09:31:40","modified_gmt":"2019-08-16T08:31:40","slug":"1-fc-08-hassloch-7","status":"publish","type":"post","link":"https:\/\/speyer24news.com\/?p=17937","title":{"rendered":"1. FC 08 Ha\u00dfloch \/ 8-Balls Ha\u00dfloch:"},"content":{"rendered":"<style type=\"text\/css\">\r\n\t.ads_top_disp{}\r\n\t.ads_top_corner_disp{ float:left; margin:0px 10px 10px 0px; }\r\n\t.ads_first_p_disp{}\r\n\t.ads_bottom_disp{}\r\n\t<\/style>\n<h2 class=\"wp-block-heading\"><strong>Terrassenfest\nbeim 1. FC 08 Ha\u00dfloch am 24. August<\/strong><\/h2>\n\n\n\n<h3 class=\"wp-block-heading\"><strong>Fu\u00dfball und feiern<\/strong><\/h3>\n\n\n\n<div class=\"wp-block-image\"><figure class=\"aligncenter\"><img decoding=\"async\" loading=\"lazy\" width=\"800\" height=\"532\" src=\"https:\/\/speyer24news.com\/wp-content\/uploads\/2019\/08\/DSC_0012.jpg\" alt=\"\" class=\"wp-image-17938\" srcset=\"https:\/\/speyer24news.com\/wp-content\/uploads\/2019\/08\/DSC_0012.jpg 800w, https:\/\/speyer24news.com\/wp-content\/uploads\/2019\/08\/DSC_0012-300x200.jpg 300w, https:\/\/speyer24news.com\/wp-content\/uploads\/2019\/08\/DSC_0012-768x511.jpg 768w\" sizes=\"(max-width: 800px) 100vw, 800px\" \/><\/figure><\/div>\n\n\n\n<p><strong>Ha\u00dfloch \/ 1. FC 08 &#8211; <\/strong>Der 1. FC 08 Ha\u00dfloch feiert am Samstag, 24. August 2019, auf seinem Sportgel\u00e4nde an der Adam-Stegerwald-Stra\u00dfe sein traditionelles Terrassenfest. Dabei ist Fu\u00dfball und feiern angesagt. <\/p>\n\n\n\n<ul><li>Um 12.00 Uhr \u00f6ffnet der Ausschank. <\/li><li>Um 13.30Uhr spielt die 2. Mannschaft der 08er gegen TuS Niederkirchen (B-Klasse Rhein-Mittelhaardt West). <\/li><li>Um 15.15 Uhr stellen sich alle Jugendmannschaften und -teams des Vereins dem Publikum vor. <\/li><li>Um 15.00 Uhr steht dann ein interessantes Match der Bezirksliga Vorderpfalz auf dem Programm: 1. FC 08 Ha\u00dfloch gegen den BSC Oppau. <\/li><li>Um 18.00 Uhr finden Ehrungen durch den Verein und den S\u00fcdwestdeutschen Fu\u00dfballverband (SWFV) statt. <\/li><li>Ab 18.30 Uhr wird bei Musik mit DJ \u201ePoschtel\u201c gefeiert und die Bar wird er\u00f6ffnet. <\/li><\/ul>\n\n\n\n<p>F\u00fcr Speisen und Getr\u00e4nke wird gesorgt sein. Der 1. FC 08 Ha\u00dfloch freut sich \u00fcber viele Besucher.<\/p>\n\n\n\n<p><em>1 FC 08 Ha\u00dfloch, J\u00fcrgen Hurrle<br>16.08.2019<\/em><\/p>\n\n\n\n<h2 class=\"wp-block-heading\">Aufholjagd\nkam zu sp\u00e4t&#8230;.. <\/h2>\n\n\n\n<h3 class=\"wp-block-heading\">14:27 Niederlage gegen die Saarland Hurricanes II<\/h3>\n\n\n\n<div class=\"wp-block-image\"><figure class=\"aligncenter\"><img decoding=\"async\" loading=\"lazy\" width=\"800\" height=\"533\" src=\"https:\/\/speyer24news.com\/wp-content\/uploads\/2019\/08\/IMG_3484.jpg\" alt=\"\" class=\"wp-image-17941\" srcset=\"https:\/\/speyer24news.com\/wp-content\/uploads\/2019\/08\/IMG_3484.jpg 800w, https:\/\/speyer24news.com\/wp-content\/uploads\/2019\/08\/IMG_3484-300x200.jpg 300w, https:\/\/speyer24news.com\/wp-content\/uploads\/2019\/08\/IMG_3484-768x512.jpg 768w\" sizes=\"(max-width: 800px) 100vw, 800px\" \/><\/figure><\/div>\n\n\n\n<p><strong>Saarbr\u00fccken \/ Ha\u00dfloch &#8211; <\/strong>Am vergangenen Sonntag reisten die Hassloch 8-Balls nach Saarbr\u00fccken zum R\u00fcckspiel gegen die Saarland Hurricanes II. Das Hinspiel konnte in einer packenden Begegnung knapp mit 12:7 gewonnen werden, daher sind Coaches und Spieler mit dem n\u00f6tigen Respekt an die vor ihnen stehende Aufgabe heran gegangen. Wie schon im Hinspiel sahen die Zuschauer im ersten Quarter zwei starke Defensivmannschaften, viele Punts und Turnover pr\u00e4gten den Beginn des Spiels.<\/p>\n\n\n\n<p>Im zweiten Quarter knackte die Offensive der Gastgeber dann die\nVerteidigung der 8-Balls, ein langer Pass bescherte ihnen die ersten Punkte zum\n6:0. Normalerweise kein Grund Tr\u00fcbsal zu blasen, doch die Mannschaft stand wie\nunter Schock und es wollte einfach nichts mehr gelingen. Offensiv wurde kein\nRaumgewinn erzielt, immer wieder musste man den Ballbesitz abgeben, und auch\ndie Defense lie\u00df sich ein ums andere Mal \u00fcberrennen. Ein geblockter Punt der\nG\u00e4ste brachte die Canes II bis an die 7y Linie heran und von dort war der\nzweite Touchdown mit Extrapunkt zum 13:0 nur noch Formsache. Nach einem dritten\nTouchdown der Saarl\u00e4nder zum Halbzeitstand von 20:0 sah man in den Gesichtern\nder 8-Balls nur noch wenig Hoffnung das Spiel zu gewinnen&#8230;.<\/p>\n\n\n\n<p>Doch die Trainer haben wohl in der Halbzeit die richtigen Worte\ngefunden und auch die richtigen Anpassungen gemacht. Auf einmal spielten nur\nnoch die Pf\u00e4lzer und ihre Anstrengungen wurden belohnt, als Dominik Hauck zu\nseinem ersten Touchdown als Seniors- Spieler lief und auf 20:7 verk\u00fcrzte. Die\nDefense konnte ihrerseits die folgende Angriffsserie der Gastgeber stoppen,\nzwangen diese zum Punt, welcher allerdings an der 5y Linie vor der Ha\u00dflocher\nEndzone zur Ruhe kam. Eine denkbar schlechte Ausgangsposition, doch Tobias\n\u201cJesus\u201d Baisch fand eine L\u00fccke zwischen den Verteidigern und trug den Ball 95y\nweit \u00fcber das gesamte Feld in die Endzone des Gegners! Es stand 20:14 und alles\nwar wieder offen.<\/p>\n\n\n\n<p>Beide Mannschaften k\u00e4mpften nun verbissen um jedes Yard, es entwickelte sich ein offener Schlagabtausch. Letztendlich behielten die Canes II die Oberhand. Durch eine ungl\u00fcckliche Schiedsrichterentscheidung kamen sie noch einmal in gute Schlagdistanz und nutzten diese Chance zum 27:14 Endstand. Unterm Strich bleibt das Gef\u00fchl einer unn\u00f6tigen Niederlage, doch wieder einmal hat das Team um Clemens \u201cBalu\u201d Hans Moral und Willen gezeigt und sich nie aufgegeben. Nun steht das letzte Spiel der Saison 2019 an, am Samstag, 17.August, um 15 Uhr bestreitet man das R\u00fcckspiel gegen die South West Wolves in St. Wendel.<\/p>\n\n\n\n<p><em>Text: 8-Balls Ha\u00dfloch, kb Foto: Samuel Fischer<br>16.08.2019<\/em><\/p>\n","protected":false},"excerpt":{"rendered":"<div class=\"mh-excerpt\"><p>Terrassenfest beim 1. FC 08 Ha\u00dfloch am 24. August Fu\u00dfball und feiern Ha\u00dfloch \/ 1. FC 08 &#8211; Der 1. FC 08 Ha\u00dfloch feiert am Samstag, 24. August 2019, auf seinem Sportgel\u00e4nde an der Adam-Stegerwald-Stra\u00dfe <a class=\"mh-excerpt-more\" href=\"https:\/\/speyer24news.com\/?p=17937\" title=\"1. FC 08 Ha\u00dfloch \/ 8-Balls Ha\u00dfloch:\">[&#8230;]<\/a><\/p>\n<\/div>","protected":false},"author":3,"featured_media":17319,"comment_status":"open","ping_status":"open","sticky":false,"template":"","format":"standard","meta":{"_monsterinsights_skip_tracking":false,"_monsterinsights_sitenote_active":false,"_monsterinsights_sitenote_note":"","_monsterinsights_sitenote_category":0,"footnotes":""},"categories":[317],"tags":[320,318,2241,1806,826,2776,2777,1708,2775],"aioseo_notices":[],"amp_enabled":true,"_links":{"self":[{"href":"https:\/\/speyer24news.com\/index.php?rest_route=\/wp\/v2\/posts\/17937"}],"collection":[{"href":"https:\/\/speyer24news.com\/index.php?rest_route=\/wp\/v2\/posts"}],"about":[{"href":"https:\/\/speyer24news.com\/index.php?rest_route=\/wp\/v2\/types\/post"}],"author":[{"embeddable":true,"href":"https:\/\/speyer24news.com\/index.php?rest_route=\/wp\/v2\/users\/3"}],"replies":[{"embeddable":true,"href":"https:\/\/speyer24news.com\/index.php?rest_route=%2Fwp%2Fv2%2Fcomments&post=17937"}],"version-history":[{"count":3,"href":"https:\/\/speyer24news.com\/index.php?rest_route=\/wp\/v2\/posts\/17937\/revisions"}],"predecessor-version":[{"id":17943,"href":"https:\/\/speyer24news.com\/index.php?rest_route=\/wp\/v2\/posts\/17937\/revisions\/17943"}],"wp:featuredmedia":[{"embeddable":true,"href":"https:\/\/speyer24news.com\/index.php?rest_route=\/wp\/v2\/media\/17319"}],"wp:attachment":[{"href":"https:\/\/speyer24news.com\/index.php?rest_route=%2Fwp%2Fv2%2Fmedia&parent=17937"}],"wp:term":[{"taxonomy":"category","embeddable":true,"href":"https:\/\/speyer24news.com\/index.php?rest_route=%2Fwp%2Fv2%2Fcategories&post=17937"},{"taxonomy":"post_tag","embeddable":true,"href":"https:\/\/speyer24news.com\/index.php?rest_route=%2Fwp%2Fv2%2Ftags&post=17937"}],"curies":[{"name":"wp","href":"https:\/\/api.w.org\/{rel}","templated":true}]}}