{"id":17944,"date":"2019-08-16T09:54:15","date_gmt":"2019-08-16T08:54:15","guid":{"rendered":"https:\/\/speyer24news.com\/?p=17944"},"modified":"2019-08-16T09:57:39","modified_gmt":"2019-08-16T08:57:39","slug":"germersheim-und-landkreis-germersheim-4","status":"publish","type":"post","link":"https:\/\/speyer24news.com\/?p=17944","title":{"rendered":"Germersheim und Landkreis Germersheim:"},"content":{"rendered":"<style type=\"text\/css\">\r\n\t.ads_top_disp{}\r\n\t.ads_top_corner_disp{ float:left; margin:0px 10px 10px 0px; }\r\n\t.ads_first_p_disp{}\r\n\t.ads_bottom_disp{}\r\n\t<\/style>\n<h2 class=\"wp-block-heading\"><strong>Am\nTag der Deutschen Einheit in Berlin<\/strong><\/h2>\n\n\n\n<h3 class=\"wp-block-heading\"><strong>Herbstferien-Wohngemeinschaft f\u00fcr junge Menschen ab 15 Jahren \u2013 noch wenige freie Pl\u00e4tze<\/strong><\/h3>\n\n\n\n<div class=\"wp-block-image\"><figure class=\"aligncenter\"><img decoding=\"async\" loading=\"lazy\" width=\"800\" height=\"600\" src=\"https:\/\/speyer24news.com\/wp-content\/uploads\/2019\/08\/DSC07455_1.jpg\" alt=\"\" class=\"wp-image-17945\" srcset=\"https:\/\/speyer24news.com\/wp-content\/uploads\/2019\/08\/DSC07455_1.jpg 800w, https:\/\/speyer24news.com\/wp-content\/uploads\/2019\/08\/DSC07455_1-300x225.jpg 300w, https:\/\/speyer24news.com\/wp-content\/uploads\/2019\/08\/DSC07455_1-768x576.jpg 768w, https:\/\/speyer24news.com\/wp-content\/uploads\/2019\/08\/DSC07455_1-678x509.jpg 678w, https:\/\/speyer24news.com\/wp-content\/uploads\/2019\/08\/DSC07455_1-326x245.jpg 326w, https:\/\/speyer24news.com\/wp-content\/uploads\/2019\/08\/DSC07455_1-80x60.jpg 80w\" sizes=\"(max-width: 800px) 100vw, 800px\" \/><\/figure><\/div>\n\n\n\n<p><strong>Landkreis Germersheim \/ Berlin &#8211; J<\/strong>ugendliche sind nicht an Politik interessiert? \u201eVon wegen! Die Erfahrungen aus den bisherigen bildungspolitischen Reisen des Kreisjugendamtes Germersheim zeigen ein anderes Bild\u201c, betont Erster Kreisbeigeordneter und Jugenddezernent Christoph Buttweiler. Deshalb veranstaltet das Kreisjugendamt bereits zum 15. Mal und immer auf Einladung eines Bundestagabgeordneten, in diesem Jahr von Thomas Hitschler (SPD), eine 7-t\u00e4gige bildungspolitische Fahrt in die Bundeshauptstadt Berlin. Angesprochen sind Jugendliche und junge Erwachsene ab 15 Jahre, die von der lebendigen Stadt Berlin bereits fasziniert sind oder diese gerne kennenlernen m\u00f6chten. Die Fahrt findet in den Herbstferien <strong>vom 28. September bis 5. Oktober 2019<\/strong> statt. <\/p>\n\n\n\n<div class=\"wp-block-image\"><figure class=\"aligncenter\"><img decoding=\"async\" loading=\"lazy\" width=\"800\" height=\"600\" src=\"https:\/\/speyer24news.com\/wp-content\/uploads\/2019\/08\/DSC07458.jpg\" alt=\"\" class=\"wp-image-17946\" srcset=\"https:\/\/speyer24news.com\/wp-content\/uploads\/2019\/08\/DSC07458.jpg 800w, https:\/\/speyer24news.com\/wp-content\/uploads\/2019\/08\/DSC07458-300x225.jpg 300w, https:\/\/speyer24news.com\/wp-content\/uploads\/2019\/08\/DSC07458-768x576.jpg 768w, https:\/\/speyer24news.com\/wp-content\/uploads\/2019\/08\/DSC07458-678x509.jpg 678w, https:\/\/speyer24news.com\/wp-content\/uploads\/2019\/08\/DSC07458-326x245.jpg 326w, https:\/\/speyer24news.com\/wp-content\/uploads\/2019\/08\/DSC07458-80x60.jpg 80w\" sizes=\"(max-width: 800px) 100vw, 800px\" \/><\/figure><\/div>\n\n\n\n<p>Bei individuellen Besuchen im Bundestag, Bundesrat und neu er\u00f6ffneten Bundesnachrichtendienst gewinnen die Teilnehmer Einblicke in die politische Praxis und Gremienarbeit. Neben dem Berlin von heute stehen die Geschehnisse des \u201ealten\u201c Berlins im Blickpunkt, bspw. der Besuch der Gedenkst\u00e4tten \u201eBernauer Stra\u00dfe\u201c, \u201eHohensch\u00f6nhausen\u201c oder \u201eDeutscher Widerstand\u201c.<\/p>\n\n\n\n<div class=\"wp-block-image\"><figure class=\"aligncenter\"><img decoding=\"async\" loading=\"lazy\" width=\"800\" height=\"600\" src=\"https:\/\/speyer24news.com\/wp-content\/uploads\/2019\/08\/DSC07429.jpg\" alt=\"\" class=\"wp-image-17947\" srcset=\"https:\/\/speyer24news.com\/wp-content\/uploads\/2019\/08\/DSC07429.jpg 800w, https:\/\/speyer24news.com\/wp-content\/uploads\/2019\/08\/DSC07429-300x225.jpg 300w, https:\/\/speyer24news.com\/wp-content\/uploads\/2019\/08\/DSC07429-768x576.jpg 768w, https:\/\/speyer24news.com\/wp-content\/uploads\/2019\/08\/DSC07429-678x509.jpg 678w, https:\/\/speyer24news.com\/wp-content\/uploads\/2019\/08\/DSC07429-326x245.jpg 326w, https:\/\/speyer24news.com\/wp-content\/uploads\/2019\/08\/DSC07429-80x60.jpg 80w\" sizes=\"(max-width: 800px) 100vw, 800px\" \/><\/figure><\/div>\n\n\n\n<p>Gemeinsam geht es mit dem Fahrrad zu einer aktiven Stadtrundfahrt und einer Street Art Tour mit anschlie\u00dfendem Graffiti-Workshop. Fest gesetzt ist zudem der Besuch des Impro-Theaters in der \u201eBerliner Kabarett Anstalt. Nat\u00fcrlich bleibt auch Zeit, die Stadt auf eigene Faust zu erkunden. Die Teilnehmergruppe wird als zeitlich befristete Wohngemeinschaft, d.h. in Mehrbettzimmern und Wohnk\u00fcche in dem Tagungshaus \u201eAlten Feuerwache\u201c, zusammenleben. Die Platzanzahl ist begrenzt, es gibt noch wenige freie Pl\u00e4tze.<\/p>\n\n\n\n<div class=\"wp-block-image\"><figure class=\"alignleft is-resized\"><img decoding=\"async\" loading=\"lazy\" src=\"https:\/\/speyer24news.com\/wp-content\/uploads\/2019\/08\/DSC07442.jpg\" alt=\"\" class=\"wp-image-17948\" width=\"275\" height=\"507\" srcset=\"https:\/\/speyer24news.com\/wp-content\/uploads\/2019\/08\/DSC07442.jpg 500w, https:\/\/speyer24news.com\/wp-content\/uploads\/2019\/08\/DSC07442-163x300.jpg 163w\" sizes=\"(max-width: 275px) 100vw, 275px\" \/><\/figure><\/div>\n\n\n\n<h4 class=\"wp-block-heading\"><strong>Das\nAngebot auf einen Blick:<\/strong><\/h4>\n\n\n\n<p>Termin: Samstag, 28. September ab 8:00 Uhr\nbis Samstag, 5. Oktober am fr\u00fchen Abend<\/p>\n\n\n\n<p>Teilnehmerbeitrag: 300 Euro, Inhaber*innen der\nJugendleiter*innen-Card erm\u00e4\u00dfigt<\/p>\n\n\n\n<p>Leistungen: An- und\nAbreise mit der Deutschen Bahn ab Bahnhof Germersheim, \u00dcbernachtungen mit\nFr\u00fchst\u00fcck, ein 7-Tage-Ticket f\u00fcr S- &amp; U-Bahn, alle Eintrittsgelder des\noffiziellen Programms, Betreuung der Gruppe.<\/p>\n\n\n\n<p>Anmeldung und Informationen beim Kreisjugendamt Germersheim, Jeanette Zikko-Giessen, E-Mail <a href=\"j.zikko@kreis-germersheim.de\">j.zikko@kreis-germersheim.de<\/a>, Tel. 07274\/53-372.<\/p>\n\n\n\n<p><em>Text: Kreisverwaltung Germersheim Foto: Speyer 24\/7 News, dak<br>16.08.2019<\/em><\/p>\n","protected":false},"excerpt":{"rendered":"<div class=\"mh-excerpt\"><p>Am Tag der Deutschen Einheit in Berlin Herbstferien-Wohngemeinschaft f\u00fcr junge Menschen ab 15 Jahren \u2013 noch wenige freie Pl\u00e4tze Landkreis Germersheim \/ Berlin &#8211; Jugendliche sind nicht an Politik interessiert? \u201eVon wegen! Die Erfahrungen aus <a class=\"mh-excerpt-more\" href=\"https:\/\/speyer24news.com\/?p=17944\" title=\"Germersheim und Landkreis Germersheim:\">[&#8230;]<\/a><\/p>\n<\/div>","protected":false},"author":3,"featured_media":0,"comment_status":"open","ping_status":"open","sticky":false,"template":"","format":"standard","meta":{"_monsterinsights_skip_tracking":false,"_monsterinsights_sitenote_active":false,"_monsterinsights_sitenote_note":"","_monsterinsights_sitenote_category":0,"footnotes":""},"categories":[449],"tags":[2778,729,2779,210],"aioseo_notices":[],"amp_enabled":true,"_links":{"self":[{"href":"https:\/\/speyer24news.com\/index.php?rest_route=\/wp\/v2\/posts\/17944"}],"collection":[{"href":"https:\/\/speyer24news.com\/index.php?rest_route=\/wp\/v2\/posts"}],"about":[{"href":"https:\/\/speyer24news.com\/index.php?rest_route=\/wp\/v2\/types\/post"}],"author":[{"embeddable":true,"href":"https:\/\/speyer24news.com\/index.php?rest_route=\/wp\/v2\/users\/3"}],"replies":[{"embeddable":true,"href":"https:\/\/speyer24news.com\/index.php?rest_route=%2Fwp%2Fv2%2Fcomments&post=17944"}],"version-history":[{"count":2,"href":"https:\/\/speyer24news.com\/index.php?rest_route=\/wp\/v2\/posts\/17944\/revisions"}],"predecessor-version":[{"id":17950,"href":"https:\/\/speyer24news.com\/index.php?rest_route=\/wp\/v2\/posts\/17944\/revisions\/17950"}],"wp:attachment":[{"href":"https:\/\/speyer24news.com\/index.php?rest_route=%2Fwp%2Fv2%2Fmedia&parent=17944"}],"wp:term":[{"taxonomy":"category","embeddable":true,"href":"https:\/\/speyer24news.com\/index.php?rest_route=%2Fwp%2Fv2%2Fcategories&post=17944"},{"taxonomy":"post_tag","embeddable":true,"href":"https:\/\/speyer24news.com\/index.php?rest_route=%2Fwp%2Fv2%2Ftags&post=17944"}],"curies":[{"name":"wp","href":"https:\/\/api.w.org\/{rel}","templated":true}]}}