{"id":17951,"date":"2019-08-16T10:26:20","date_gmt":"2019-08-16T09:26:20","guid":{"rendered":"https:\/\/speyer24news.com\/?p=17951"},"modified":"2019-08-16T10:26:22","modified_gmt":"2019-08-16T09:26:22","slug":"landau-16","status":"publish","type":"post","link":"https:\/\/speyer24news.com\/?p=17951","title":{"rendered":"Landau:"},"content":{"rendered":"<style type=\"text\/css\">\r\n\t.ads_top_disp{}\r\n\t.ads_top_corner_disp{ float:left; margin:0px 10px 10px 0px; }\r\n\t.ads_first_p_disp{}\r\n\t.ads_bottom_disp{}\r\n\t<\/style>\n<h2 class=\"wp-block-heading\">Ausbau der Landauer Kita-Landschaft: Spatenstich f\u00fcr Erweiterung der Kita Spiel- und Lernhaus im Landauer Stadtteil Horst<\/h2>\n\n\n\n<div class=\"wp-block-image\"><figure class=\"aligncenter\"><img decoding=\"async\" loading=\"lazy\" width=\"800\" height=\"533\" src=\"https:\/\/speyer24news.com\/wp-content\/uploads\/2019\/08\/Info-398-Spatenstich-Kita.jpg\" alt=\"\" class=\"wp-image-17960\" srcset=\"https:\/\/speyer24news.com\/wp-content\/uploads\/2019\/08\/Info-398-Spatenstich-Kita.jpg 800w, https:\/\/speyer24news.com\/wp-content\/uploads\/2019\/08\/Info-398-Spatenstich-Kita-300x200.jpg 300w, https:\/\/speyer24news.com\/wp-content\/uploads\/2019\/08\/Info-398-Spatenstich-Kita-768x512.jpg 768w\" sizes=\"(max-width: 800px) 100vw, 800px\" \/><figcaption>v.l.:  Gemeinsam mit den Kindern beim Spatenstich in der Kita Spiel- und  Lernhaus: Kita-Leiterin Sonja Heim-K\u00f6hr, OB Thomas Hirsch, die  stellvertretende Kita-Leiterin, Annabel Mohr, Architekt Lothar Reif,  Kita-Freundeskreis-Vertreter Rolf Wambsgan\u00df  und Presbyter G\u00fcnter Selzer <\/figcaption><\/figure><\/div>\n\n\n\n<p>\u201eEinfach spitze, lasst uns\nbauen!\u201c So hallte es jetzt durch das Gemeindehaus der Protestantischen Johanneskirchengemeinde\nin der Schlesier Stra\u00dfe im Landauer Stadtteil Horst. Die benachbarte Prot.\nKindertagesst\u00e4tte Spiel- und Lernhaus wird ihr bislang dreigruppiges Angebot um\neine Gruppe erweitern. Hierf\u00fcr stellt die Kirchengemeinde als Tr\u00e4ger ihre\nGemeinder\u00e4ume im Erdgeschoss zur Verf\u00fcgung, die zu neuen Bewegungs-,\nMultifunktions- und Teamr\u00e4umen umgebaut werden sollen. Den symbolischen ersten\nSpatenstich nahmen, ausger\u00fcstet mit kleinen Schaufeln, die Kinder der Kita\ngemeinsam mit Oberb\u00fcrgermeister Thomas Hirsch vor. <\/p>\n\n\n\n<p>\u201eDer jahrelange landesweite\nSpitzenplatz in der Kinderbetreuung zeigt es: Die Stadt Landau ist dank eines\nkonsequenten und vorausschauenden Ausbaus in Sachen Kitabetreuung gut\naufgestellt\u201c, betont OB und Jugenddezernent Hirsch. Als familiengerechte\nKommune lege die Stadt Landau gro\u00dfen Wert darauf, die Vereinbarkeit von Beruf\nund Familie zu f\u00f6rdern und weiter auf den steigenden Bedarf an Betreuungspl\u00e4tzen,\ninsbesondere auch f\u00fcr Kinder unter zwei Jahren, zu reagieren. \u201eNach der\ndiesj\u00e4hrigen Er\u00f6ffnung unserer neuen Kita Ponyhof in Tr\u00e4gerschaft der\nStadtholding-Tochter SH-Jugend und Soziales gGmbH freuen wir uns sehr, dass\nauch eine Kita in kirchlicher Hand Pl\u00e4ne zur Erweiterung umsetzen kann und\ndanken der Kirchengemeinde um Pfarrer Friedhelm Hans herzlich f\u00fcr die\nBereitstellung ihrer R\u00e4umlichkeiten\u201c, so der Stadtchef. <\/p>\n\n\n\n<p>Neben OB Hirsch begr\u00fc\u00dften auch Jugendamtsleiter Claus Eisenstein, Kita-Leiterin Sonja Heim-K\u00f6hr, Presbyter G\u00fcnter Selzer in Vertretung f\u00fcr Pfarrer Hans, Kita-Freundeskreis-Vertreter Rolf Wambsgan\u00df sowie Architekt Lothar Reif die G\u00e4ste des Spatenstichs und erl\u00e4uterten die genauen Planungen. So sollen die bisherigen Gemeinder\u00e4ume mit einem Verbindungsflur an die bestehende Kindertagesst\u00e4tte angeschlossen, der in der Kita vorhandene Bewegungsraum\u00a0 zum Gruppenraum umgewandelt und der bestehende Teamraum zum neuen Ruheraum umgestaltet werden. Der derzeitige Gemeinderaum wird zu einem neuen Bewegungsraum mit dazugeh\u00f6rigem Ger\u00e4teraum. Zudem werden ein Multifunktions- und ein Teamraum eingerichtet. Die vorhandenen Sanit\u00e4rr\u00e4ume im Gemeindehaus werden kindgerecht umgebaut und Wickelm\u00f6glichkeiten installiert. Der kommunale Zuschuss zur Bauma\u00dfenahme, die rund 300.000 Euro kosten wird, betr\u00e4gt 150.000 Euro. Da die Umbauarbeiten im Gemeindehaus in Trockenbauweise umgesetzt werden, wird mit einer Fertigstellung im kommenden Jahr, p\u00fcnktlich zum 66-j\u00e4hrigen Jubil\u00e4um der Kita Spiel- und Lernhaus, gerechnet. <\/p>\n\n\n\n<p><em>Stadtverwaltung Landau in der Pfalz<br>16.08.2019<\/em><\/p>\n\n\n\n<h2 class=\"wp-block-heading\"><strong>Literatur und Kunst entlang der Queich: Premiere des \u201eFestival des Bouquinistes et des Artistes Landau\u201c<\/strong><\/h2>\n\n\n\n<div class=\"wp-block-image\"><figure class=\"aligncenter\"><img decoding=\"async\" loading=\"lazy\" width=\"800\" height=\"534\" src=\"https:\/\/speyer24news.com\/wp-content\/uploads\/2019\/08\/Info-399-Festival.jpg\" alt=\"\" class=\"wp-image-17957\" srcset=\"https:\/\/speyer24news.com\/wp-content\/uploads\/2019\/08\/Info-399-Festival.jpg 800w, https:\/\/speyer24news.com\/wp-content\/uploads\/2019\/08\/Info-399-Festival-300x200.jpg 300w, https:\/\/speyer24news.com\/wp-content\/uploads\/2019\/08\/Info-399-Festival-768x513.jpg 768w\" sizes=\"(max-width: 800px) 100vw, 800px\" \/><figcaption> Lisa Kunzmann vom Stadtmarketing, OB Thomas Hirsch, Margit Frey vom Caf\u00e9  \u201eIch bin so frey\u201c und Birgit Heid vom Literarischen Verein der Pfalz  (v.l.n.r.) bei der Vorstellung des Programms des 1. \u201eFestival des  Bouquinistes et des Artistes  Landau\u201c.<\/figcaption><\/figure><\/div>\n\n\n\n<p>Am <strong>Samstag, 24. August<\/strong>, verwandelt sich das Queichufer entlang der Bachgasse und am Heinrich-Heine-Platz in Landau nach franz\u00f6sischem Vorbild zu einem Treffpunkt f\u00fcr Literatur, Kunst, Kunsthandwerk und Fotografie \u2013 beim Festival des Bouquinistes et des Artistes Landau\u201c. <\/p>\n\n\n\n<p>Veranstalterin Margit Frey gewann im\nJanuar dieses Jahres mit ihrer Idee den 1. Preis des durch das Stadtmarketing\nLandau erstmalig ausgeschriebenen Ideenwettbewerbs \u201eMitgestalten \u2013 Landau f\u00f6rdert\nIdeen\u201c. F\u00fcr die Umsetzung ihrer Idee erhielt die Inhaberin des Caf\u00e9s \u201eIch bin\nso frey\u201c dank der Unterst\u00fctzung der Sparkasse S\u00fcdliche Weinstra\u00dfe die Summe von\n2.500 Euro. Mit Birgit Heid vom Literarischen Verein der Pfalz fand sie eine\ntatkr\u00e4ftige Unterst\u00fctzerin, die mit ihrer Leidenschaft f\u00fcr Literatur auch eine\nweitere F\u00f6rderung im Rahmen des Kultursommers Rheinland-Pfalz m\u00f6glich machte. <\/p>\n\n\n\n<p>Es fand sich eine Vielzahl an kreativen und engagierten Ausstellerinnen und Ausstellern, K\u00fcnstlerinnen und K\u00fcnstlern sowie Vereinen und Organisationen, die sich mit ihren Fertigkeiten und ihrem Engagement rund um die Themen Literatur und Kunst am \u201eFestival des Bouquinistes et des Artistes Landau\u201c beteiligen. <\/p>\n\n\n\n<div class=\"wp-block-image\"><figure class=\"aligncenter\"><img decoding=\"async\" loading=\"lazy\" width=\"800\" height=\"610\" src=\"https:\/\/speyer24news.com\/wp-content\/uploads\/2019\/08\/FEstival.png\" alt=\"\" class=\"wp-image-17958\" srcset=\"https:\/\/speyer24news.com\/wp-content\/uploads\/2019\/08\/FEstival.png 800w, https:\/\/speyer24news.com\/wp-content\/uploads\/2019\/08\/FEstival-300x229.png 300w, https:\/\/speyer24news.com\/wp-content\/uploads\/2019\/08\/FEstival-768x586.png 768w, https:\/\/speyer24news.com\/wp-content\/uploads\/2019\/08\/FEstival-80x60.png 80w\" sizes=\"(max-width: 800px) 100vw, 800px\" \/><\/figure><\/div>\n\n\n\n<p>Von 11 bis 20 Uhr erwartet die\nBesucherinnen und Besucher entlang des Queichufers ein buntes Programm \u2013 von regelm\u00e4\u00dfig\nstattfindenden Lesungen im Foyer des Universum-Kinocenters in der K\u00f6nigstra\u00dfe sowie\nauf dem Heinrich-Heine-Platz \u00fcber Mitmachaktionen und Ausstellungen zahlreicher\nK\u00fcnstlerinnen und K\u00fcnstler aus den Bereichen Malerei, Fotografie und\nKunsthandwerk bis hin zu musikalischen Beitr\u00e4gen wie Tango, Jazz und Improvisation.\n<\/p>\n\n\n\n<p>&nbsp;\u201eIch freue mich sehr auf die Premiere und auf das\nvielf\u00e4ltige Programm, dass Frau Frey gemeinsam mit den vielen kreativen und\nengagierten Teilnehmerinnen und Teilnehmern auf die Beine gestellt hat. Mit dem\n\u00abFestival des Bouquinistes et des Artistes\u00bb ist der geschichtliche Bogen zu\nunserem Nachbarland auf eine&nbsp;\nabwechslungsreiche und spannende Weise geschlagen worden\u201c, so\nOberb\u00fcrgermeister Thomas Hirsch als Vorsitzender des Stadtmarketings.<\/p>\n\n\n\n<p>F\u00fcr alle, die selbst literarisch kreativ werden wollen, hat das Festival einen Gedichtwettbewerb unter dem passenden Motto \u201eAm Fluss\u201c ausgerufen. Bis zum Veranstaltungstag um 19 Uhr k\u00f6nnen Poetinnen und Poeten sowie alle, die es werden wollen, ihre Werke einreichen. Das geht entweder direkt vor Ort am Stand des Literarischen Vereins der Pfalz an der Bachgasse oder vorab per E-Mail an <a href=\"birgit-heid@t-online.de\">birgit-heid@t-online.de<\/a>. Eine Jury aus drei Poetinnen und Poeten wird aus den eingereichten Gedichten drei Gewinnerinnen bzw. Gewinner k\u00fcren. Die Siegergedichte werden in der Tageszeitung DIE RHEINPFALZ ver\u00f6ffentlicht.\u00a0 <\/p>\n\n\n\n<p>Und das Engagement nimmt kein Ende, wie\nMargit Frey berichtet. \u201eEs melden sich bis jetzt interessierte K\u00fcnstlerinnen\nund K\u00fcnstler, die an unserem \u00ableisen Festival\u00bb teilnehmen m\u00f6chten.\u201c <\/p>\n\n\n\n<p>Eine aktuelle \u00dcbersicht \u00fcber das Programm findet sich auf der Internetseite des Festivals unter <a href=\"http:\/\/www.festivaldesbouquinistesetartistes.de\">www.festivaldesbouquinistesetartistes.de<\/a> oder auf der <a href=\"https:\/\/www.facebook.com\/groups\/873679709641754\/\">Facebookseite<\/a> zum Event.<\/p>\n\n\n\n<div class=\"wp-block-image\"><figure class=\"aligncenter\"><img decoding=\"async\" loading=\"lazy\" width=\"800\" height=\"225\" src=\"https:\/\/speyer24news.com\/wp-content\/uploads\/2019\/08\/Stadtmarketing-Landau-Logo.png\" alt=\"\" class=\"wp-image-17959\" srcset=\"https:\/\/speyer24news.com\/wp-content\/uploads\/2019\/08\/Stadtmarketing-Landau-Logo.png 800w, https:\/\/speyer24news.com\/wp-content\/uploads\/2019\/08\/Stadtmarketing-Landau-Logo-300x84.png 300w, https:\/\/speyer24news.com\/wp-content\/uploads\/2019\/08\/Stadtmarketing-Landau-Logo-768x216.png 768w\" sizes=\"(max-width: 800px) 100vw, 800px\" \/><\/figure><\/div>\n\n\n\n<p><em>Stadtverwaltung Landau in der Pfalz<br>16.08.2019<\/em><\/p>\n\n\n\n<h2 class=\"wp-block-heading\">Endspurt f\u00fcr st\u00e4dtische Abos: Abonnements f\u00fcr Spielzeit 2019\/2020 in Kulturstadt Landau noch bis 30. August erh\u00e4ltlich \u2013 Ab 2. September freier Verkauf<\/h2>\n\n\n\n<div class=\"wp-block-image\"><figure class=\"aligncenter\"><img decoding=\"async\" loading=\"lazy\" width=\"800\" height=\"494\" src=\"https:\/\/speyer24news.com\/wp-content\/uploads\/2019\/08\/Info-397a-Abonnements.jpg\" alt=\"\" class=\"wp-image-17953\" srcset=\"https:\/\/speyer24news.com\/wp-content\/uploads\/2019\/08\/Info-397a-Abonnements.jpg 800w, https:\/\/speyer24news.com\/wp-content\/uploads\/2019\/08\/Info-397a-Abonnements-300x185.jpg 300w, https:\/\/speyer24news.com\/wp-content\/uploads\/2019\/08\/Info-397a-Abonnements-768x474.jpg 768w\" sizes=\"(max-width: 800px) 100vw, 800px\" \/><figcaption> DantzaZ aus dem Baskenland, am 23. Januar 2020 mit dem Programm \u201eGrowing Young\u201c zu Gast in Landau. (Bildquelle: Blanca Razquin) <\/figcaption><\/figure><\/div>\n\n\n\n<p>Zwischen Klassik und Kom\u00f6die, Tanz und\nTrag\u00f6die, Schauspiel und Show hat das Abonnementprogramm der Kulturstadt Landau\nin der Spielzeit 2019\/20 viele Highlights zu bieten. F\u00fcr die st\u00e4dtischen\nAbonnementreihen 2 bis 4 k\u00f6nnen noch bis zum 30. August Abonnements in der\nKulturabteilung im Rathaus gezeichnet werden. Das Konzertabonnement 1 ist\nbereits zum siebten Mal in Folge ausabonniert. Nur f\u00fcr das Aboplus-Konzert mit\nAvi Avital am 17. September gibt es ab 2. September noch Tickets im freien\nVerkauf. Der Meister der Mandoline, der dem Instrument zu neuer Popularit\u00e4t im\nKonzertsaal verhalf, ist inzwischen ein weltweit gefragter Musiker. In Landau\nspielt er zusammen mit Streicherstipendiatinnen und -stipendiaten der Stiftung\nVilla Musica.<\/p>\n\n\n\n<p>Musik spielt auch in \u201eDie Orchesterprobe\u201c nach Karl Valentin eine gro\u00dfe Rolle. Der Kom\u00f6dienklassiker er\u00f6ffnet am 25. September die Spielzeit im Abonnement 2. In \u201e#zauberfl\u00f6te 3.0\u201c, einer Tanzproduktion des NRW-Juniorballetts, trifft Mozarts Opernstoff am 14. November auf \u201eMatrix\u201c. D\u00fcrrenmatts Klassiker \u201eDie Physiker\u201c wird am 14. Januar in einer Fassung des Tourneetheaters Thespiskarren gezeigt. Angesichts der aktuellen Diskussionen um die Auswirkungen des technischen Fortschritts ist das St\u00fcck von 1961 wieder hochaktuell. Verdis Oper \u201eLa Traviata\u201c in einer Inszenierung des Pfalztheaters Kaiserslautern setzt am 1. April einen effektvollen Schlusspunkt im Abo 2.<\/p>\n\n\n\n<div class=\"wp-block-image\"><figure class=\"aligncenter\"><img decoding=\"async\" loading=\"lazy\" width=\"800\" height=\"533\" src=\"https:\/\/speyer24news.com\/wp-content\/uploads\/2019\/08\/Info-397b-Abonnements.jpg\" alt=\"\" class=\"wp-image-17954\" srcset=\"https:\/\/speyer24news.com\/wp-content\/uploads\/2019\/08\/Info-397b-Abonnements.jpg 800w, https:\/\/speyer24news.com\/wp-content\/uploads\/2019\/08\/Info-397b-Abonnements-300x200.jpg 300w, https:\/\/speyer24news.com\/wp-content\/uploads\/2019\/08\/Info-397b-Abonnements-768x512.jpg 768w\" sizes=\"(max-width: 800px) 100vw, 800px\" \/><figcaption> Die Aboreihe 4 startet am 15. Oktober 2019 mit der spektakul\u00e4ren  Zirkusshow \u201eFilament \u2013 The Circus Club\u201c. (Bildquelle: Milos Salek) <\/figcaption><\/figure><\/div>\n\n\n\n<p>Ein durchgeknalltes Duo im Ausnahmezustand, n\u00e4mlich \u201eEros &amp; Ramazotti\u201c, setzen am 20. September den ersten Akzent im Abonnement 3. Erstmals geht die Neufassung von \u201eEin Amerikaner in Paris\u201c nach dem gleichnamigen Film in deutscher Sprache auf Tournee und macht in Landau am 12. Dezember Station. In einer wahrhaft turbulenten \u201eTour de Farce\u201c schl\u00fcpfen Tim Grobe und Karoline Kiesewetter in einer Produktion der Hamburger Kammerspiele am 28. Februar in insgesamt sechs Frauen- und vier M\u00e4nnerrollen. Mit der charmanten franz\u00f6sischen Kom\u00f6die \u201eDiese Nacht oder nie!\u201c gastieren Multitalent Isabell Varell und der Bruder des \u201eBergdoktors\u201c Heiko Ruprecht am 29. April in der Jugendstil-Festhalle. <\/p>\n\n\n\n<div class=\"wp-block-image\"><figure class=\"aligncenter\"><img decoding=\"async\" loading=\"lazy\" width=\"800\" height=\"532\" src=\"https:\/\/speyer24news.com\/wp-content\/uploads\/2019\/08\/Info-397c-Abonnements.jpg\" alt=\"\" class=\"wp-image-17955\" srcset=\"https:\/\/speyer24news.com\/wp-content\/uploads\/2019\/08\/Info-397c-Abonnements.jpg 800w, https:\/\/speyer24news.com\/wp-content\/uploads\/2019\/08\/Info-397c-Abonnements-300x200.jpg 300w, https:\/\/speyer24news.com\/wp-content\/uploads\/2019\/08\/Info-397c-Abonnements-768x511.jpg 768w\" sizes=\"(max-width: 800px) 100vw, 800px\" \/><figcaption>  In \u201eHeisenberg\u201c erleben Anna Stieblich aus \u201eT\u00fcrkisch f\u00fcr Anf\u00e4nger\u201c und  Ex-Tatort-Kommissar Charles Brauer am 5. Dezember 2019 eine ebenso  ber\u00fchrende wie komische Liebesgeschichte. (Bildquelle: Christian Enger) <\/figcaption><\/figure><\/div>\n\n\n\n<p>Die Abonnementreihe 4 startet am 15. Oktober mit der spektakul\u00e4ren Zirkusshow \u201eFilament \u2013 The Circus Club\u201c im Stil des Cirque du Soleil. Die Handlung ist inspiriert von Highschool-Filmen der 80er Jahre. In \u201eHeisenberg\u201c erleben Anna Stieblich aus \u201eT\u00fcrkisch f\u00fcr Anf\u00e4nger\u201c und Ex-Tatort-Kommissar Charles Brauer am 5. Dezember eine ebenso ber\u00fchrende wie komische Liebesgeschichte. DantzaZ aus dem Baskenland pr\u00e4sentiert am 23. Januar das Programm \u201eGrowing Young\u201c, das sich mit der Unbefangenheit der Jugend auseinandersetzt. Die Tragikom\u00f6die \u201eVater\u201c von Florian Zeller zeigt dagegen am 10. M\u00e4rz so ergreifend wie feinf\u00fchlig die l\u00e4nger werdenden Schatten der fortschreitenden Demenz des 80-j\u00e4hrigen Andre. Dem Autor gelingt es dabei, ein aktuelles Thema aufzugreifen, ohne den schmalen Grad zwischen Leichtigkeit und Ernsthaftigkeit zu verlassen. Daf\u00fcr gab es Standing Ovations quer durch die Republik.<\/p>\n\n\n\n<figure class=\"wp-block-image\"><img decoding=\"async\" loading=\"lazy\" width=\"800\" height=\"497\" src=\"https:\/\/speyer24news.com\/wp-content\/uploads\/2019\/08\/Info-397d-Abonnements.jpg\" alt=\"\" class=\"wp-image-17956\" srcset=\"https:\/\/speyer24news.com\/wp-content\/uploads\/2019\/08\/Info-397d-Abonnements.jpg 800w, https:\/\/speyer24news.com\/wp-content\/uploads\/2019\/08\/Info-397d-Abonnements-300x186.jpg 300w, https:\/\/speyer24news.com\/wp-content\/uploads\/2019\/08\/Info-397d-Abonnements-768x477.jpg 768w\" sizes=\"(max-width: 800px) 100vw, 800px\" \/><figcaption> In einer wahrhaft turbulenten \u201eTour de Farce\u201c schl\u00fcpfen Tim Grobe und  Karoline Kiesewetter am 28. Februar 2020 in insgesamt sechs Frauen- und  vier M\u00e4nnerrollen. (Bildquelle: Anatol Kotte) <\/figcaption><\/figure>\n\n\n\n<p>Auch in der neuen Spielzeit bietet die Kulturabteilung Mini-Abos an. Diese k\u00f6nnen zu Beginn des freien Verkaufs ab dem 2. September entweder im B\u00fcro f\u00fcr Tourismus im Rathaus oder online unter <a href=\"http:\/\/www.ticket-regional.de\">www.ticket-regional.de<\/a> gebucht werden. Im Mini-Abo A kann man die Zirkusshow \u201eFilament \u2013 The Circus Club\u201c mit dem Musical \u201eEin Amerikaner in Paris\u201c, im Mini-Abo B die Tanztheater \u201e#zauberfl\u00f6te 3.0\u201c und \u201eDantzaZ \u2013 Growing Young\u201c, im Mini-Abo C die Kom\u00f6dien \u201eHeisenberg\u201c und \u201eDiese Nacht oder nie!\u201c und im Mini-Abo D die beiden Schauspiele \u201eDie Physiker\u201c und \u201eVater\u201c zu einem verg\u00fcnstigten Preis miteinander kombinieren.  Abonnements der Reihen 2 bis 4 k\u00f6nnen bis zum 30. August bei der Kulturabteilung im Rathaus, Telefon 0 63 41\/13 41 01, gezeichnet werden. Am 2. September beginnen der freie Verkauf f\u00fcr die Abonnementveranstaltungen und der Verkauf der Mini-Abos. Der Vorverkauf f\u00fcr alle anderen Veranstaltungen l\u00e4uft bereits. Tickets gibt es im B\u00fcro f\u00fcr Tourismus im Rathaus, online unter <a href=\"http:\/\/www.ticket-regional.de\">www.ticket-regional.de<\/a>, an allen Vorverkaufsstellen von ticket REGIONAL und bei der Ticket-Hotline der Kulturabteilung unter 0 63 41\/13 41 41. <\/p>\n\n\n\n<p><em>Text: Stadtverwaltung Landau in der Pfalz Foto: siehe Bildunterschrift<br>16.08.2019<\/em><\/p>\n\n\n\n<h2 class=\"wp-block-heading\">Zu Beginn der neuen Wahlperiode: 22 Landauer Stadtr\u00e4tinnen und Stadtr\u00e4te nehmen Abschied \u2013 Rudi Eichhorn f\u00fcr 40 Jahre Ratsmitgliedschaft geehrt<\/h2>\n\n\n\n<div class=\"wp-block-image\"><figure class=\"aligncenter\"><img decoding=\"async\" loading=\"lazy\" width=\"800\" height=\"533\" src=\"https:\/\/speyer24news.com\/wp-content\/uploads\/2019\/08\/Info-396-Verabschiedung-Ratsmitglieder.jpg\" alt=\"\" class=\"wp-image-17952\" srcset=\"https:\/\/speyer24news.com\/wp-content\/uploads\/2019\/08\/Info-396-Verabschiedung-Ratsmitglieder.jpg 800w, https:\/\/speyer24news.com\/wp-content\/uploads\/2019\/08\/Info-396-Verabschiedung-Ratsmitglieder-300x200.jpg 300w, https:\/\/speyer24news.com\/wp-content\/uploads\/2019\/08\/Info-396-Verabschiedung-Ratsmitglieder-768x512.jpg 768w\" sizes=\"(max-width: 800px) 100vw, 800px\" \/><figcaption> Oberb\u00fcrgermeister Thomas Hirsch (r.) mit ausgeschiedenen Ratsmitgliedern bei der offiziellen Verabschiedung im Landauer Rathaus.<\/figcaption><\/figure><\/div>\n\n\n\n<p>Viele neue Gesichter im Landauer\nStadtrat: 22 bisherige Ratsmitglieder, fast alle seit langem in der\nKommunalpolitik engagiert, geh\u00f6ren dem Gremium k\u00fcnftig nicht mehr an. Sie\nwurden jetzt im Anschluss an die konstituierende Sitzung im Rahmen einer\nkleinen Feierstunde von Oberb\u00fcrgermeister Thomas Hirsch offiziell\nverabschiedet. Die Zeit im Rat, auf die die ausgeschiedenen Stadtr\u00e4tinnen und\nStadtr\u00e4te zur\u00fcckblicken k\u00f6nnen, reicht von wenigen Monaten bis zu mehreren\nJahrzehnten. Spitzenreiter sind Rolf Morio und Rudi Eichhorn (beide CDU), die dem\nLandauer Stadtrat 35 bzw. 40 Jahre lang angeh\u00f6rten. <\/p>\n\n\n\n<p>\u201eLandau hat aktuell 47.500 Einwohnerinnen und Einwohner, aber nur 44 Stadtr\u00e4tinnen und Stadtr\u00e4te \u2013 schon das zeigt, dass Sie eine besondere Aufgabe mit einer ganz besonderen Verantwortung \u00fcbernommen haben\u201c, richtete der OB seine Worte an die fr\u00fcheren Ratsmitglieder. Der Stadtchef rechnete auch vor, dass die ausgeschiedenen Stadtr\u00e4tinnen und Stadtr\u00e4te zusammen auf beeindruckende 220 Jahre Ratserfahrung kommen. \u201eDie Stadt Landau hat in den zur\u00fcckliegenden Jahren und Jahrzehnten eine besondere Entwicklung genommen und sich in dieser Zeit vom Aschenbr\u00f6del zur S\u00fcdpfalzmetropole gemausert. Dazu haben die Mitglieder des Stadtrats mit ihrer Arbeit einen ma\u00dfgeblichen Beitrag geleistet.\u201c Er danke den ausgeschiedenen Ratsmitgliedern f\u00fcr die Zeit und Kraft, die diese in die Gremienarbeit und damit in die Entwicklung der Stadt Landau investiert h\u00e4tten, so der Stadtchef, der sich auch f\u00fcr die kommende Wahlperiode \u2013 bei allen Unterschieden in Sachfragen \u2013 einen sachlichen Diskurs im Ratsrund w\u00fcnscht.  Seit dieser Wahlperiode nicht mehr im Landauer Stadtrat sind Dr. Thomas Bals, Heidi Berger, Rudi Eichhorn, Andreas Hott, Rolf Morio, Georg Schmalz, Michael Schreiner (alle CDU), Dr. Christine Altst\u00f6tter-Gleich, Sonja Baum-Baur, Klaus Eisold, Rolf Kost, Judith Neumann, Michael Scheid, Aydin Tas (alle SPD), Susanne Follenius-B\u00fcssow, Andrea He\u00df, Udo Lichtenth\u00e4ler (alle B\u00fcndnis 90\/Die Gr\u00fcnen), Aniello Casella, Hans Volkhardt (beide FWG), Jakob Wagner (Pfeffer&amp;Salz), J\u00fcrgen Sauer (AfD) und Bertram Marquardt (Parteilos).<\/p>\n\n\n\n<p><em>Stadtverwaltung Landau in der Pfalz<br>16.08.2019<\/em><\/p>\n","protected":false},"excerpt":{"rendered":"<div class=\"mh-excerpt\"><p>Ausbau der Landauer Kita-Landschaft: Spatenstich f\u00fcr Erweiterung der Kita Spiel- und Lernhaus im Landauer Stadtteil Horst \u201eEinfach spitze, lasst uns bauen!\u201c So hallte es jetzt durch das Gemeindehaus der Protestantischen Johanneskirchengemeinde in der Schlesier Stra\u00dfe <a class=\"mh-excerpt-more\" href=\"https:\/\/speyer24news.com\/?p=17951\" title=\"Landau:\">[&#8230;]<\/a><\/p>\n<\/div>","protected":false},"author":3,"featured_media":17287,"comment_status":"open","ping_status":"open","sticky":false,"template":"","format":"standard","meta":{"_monsterinsights_skip_tracking":false,"_monsterinsights_sitenote_active":false,"_monsterinsights_sitenote_note":"","_monsterinsights_sitenote_category":0,"footnotes":""},"categories":[675],"tags":[2783,2781,2780,2782,2787,1721,2786,58,2785,2784,2790,2788,2789],"aioseo_notices":[],"amp_enabled":true,"_links":{"self":[{"href":"https:\/\/speyer24news.com\/index.php?rest_route=\/wp\/v2\/posts\/17951"}],"collection":[{"href":"https:\/\/speyer24news.com\/index.php?rest_route=\/wp\/v2\/posts"}],"about":[{"href":"https:\/\/speyer24news.com\/index.php?rest_route=\/wp\/v2\/types\/post"}],"author":[{"embeddable":true,"href":"https:\/\/speyer24news.com\/index.php?rest_route=\/wp\/v2\/users\/3"}],"replies":[{"embeddable":true,"href":"https:\/\/speyer24news.com\/index.php?rest_route=%2Fwp%2Fv2%2Fcomments&post=17951"}],"version-history":[{"count":1,"href":"https:\/\/speyer24news.com\/index.php?rest_route=\/wp\/v2\/posts\/17951\/revisions"}],"predecessor-version":[{"id":17961,"href":"https:\/\/speyer24news.com\/index.php?rest_route=\/wp\/v2\/posts\/17951\/revisions\/17961"}],"wp:featuredmedia":[{"embeddable":true,"href":"https:\/\/speyer24news.com\/index.php?rest_route=\/wp\/v2\/media\/17287"}],"wp:attachment":[{"href":"https:\/\/speyer24news.com\/index.php?rest_route=%2Fwp%2Fv2%2Fmedia&parent=17951"}],"wp:term":[{"taxonomy":"category","embeddable":true,"href":"https:\/\/speyer24news.com\/index.php?rest_route=%2Fwp%2Fv2%2Fcategories&post=17951"},{"taxonomy":"post_tag","embeddable":true,"href":"https:\/\/speyer24news.com\/index.php?rest_route=%2Fwp%2Fv2%2Ftags&post=17951"}],"curies":[{"name":"wp","href":"https:\/\/api.w.org\/{rel}","templated":true}]}}