{"id":17967,"date":"2019-08-16T11:07:29","date_gmt":"2019-08-16T10:07:29","guid":{"rendered":"https:\/\/speyer24news.com\/?p=17967"},"modified":"2019-08-16T11:07:30","modified_gmt":"2019-08-16T10:07:30","slug":"rhein-pfalz-kreis-14","status":"publish","type":"post","link":"https:\/\/speyer24news.com\/?p=17967","title":{"rendered":"Rhein-Pfalz-Kreis:"},"content":{"rendered":"<style type=\"text\/css\">\r\n\t.ads_top_disp{}\r\n\t.ads_top_corner_disp{ float:left; margin:0px 10px 10px 0px; }\r\n\t.ads_first_p_disp{}\r\n\t.ads_bottom_disp{}\r\n\t<\/style>\n<h2 class=\"wp-block-heading\"><strong>Eigenen Apfelsaft herstellen<\/strong><\/h2>\n\n\n\n<div class=\"wp-block-image\"><figure class=\"aligncenter\"><img decoding=\"async\" loading=\"lazy\" width=\"450\" height=\"457\" src=\"https:\/\/speyer24news.com\/wp-content\/uploads\/2019\/08\/190604_Saftspende-an-Schulen_-hier-RvW-RSplus-GER3.jpg\" alt=\"\" class=\"wp-image-17968\" srcset=\"https:\/\/speyer24news.com\/wp-content\/uploads\/2019\/08\/190604_Saftspende-an-Schulen_-hier-RvW-RSplus-GER3.jpg 450w, https:\/\/speyer24news.com\/wp-content\/uploads\/2019\/08\/190604_Saftspende-an-Schulen_-hier-RvW-RSplus-GER3-295x300.jpg 295w\" sizes=\"(max-width: 450px) 100vw, 450px\" \/><\/figure><\/div>\n\n\n\n<p><strong>Schifferstadt \/ RheinPfalzKreis &#8211; <\/strong>Wer \u00c4pfel aus dem eigenen Garten, von der Wiese oder von einer Streuobstwiese in fl\u00fcssiger Form genie\u00dfen m\u00f6chte, kann die Fr\u00fcchte im fr\u00fchen Herbst nach Schifferstadt bringen. Dort werden sie vom Verein der Garten- und Blumenfreunde mit einer mobilen Presse, die vom Rhein-Pfalz-Kreis gesponsert wurde, in einen naturbelassenen, naturtr\u00fcben und naturreinen Saft gepresst.<\/p>\n\n\n\n<p>Nach\nvorheriger Terminabsprache k\u00f6nnen \u00c4pfel angeliefert werden, die dann zun\u00e4chst\ngewaschen, zerkleinert, gepresst, sterilisiert und abgef\u00fcllt werden. Abgef\u00fcllt\nwird in 5 Liter Bag in Box Systemen. Die Mindestmenge an \u00c4pfeln betr\u00e4gt 50 kg,\ndie H\u00f6chstmenge 500 kg pro Tag. Es wird darum gebeten, nur die angemeldeten\nMengen an \u00c4pfel zu bringen. Sollten mehr \u00c4pfel angefallen sein, kann ein\nweiterer Termin vereinbart werden. Quitten werden zum Ende der Saison ebenfalls\ngepresst. Der Pressr\u00fcckstand ist selbst zu entsorgen. Die Naturschutzbeh\u00f6rde empfiehlt,\ndie Pressr\u00fcckst\u00e4nde unter den Streuobstb\u00e4umen zur D\u00fcngung auszubringen.<\/p>\n\n\n\n<p>Die Pressaktion beginnt Ende August. In diesem Jahr wird eine kleinere Apfelernte erwartet, da im letzten Jahr die B\u00e4ume brechend voll hingen. Voraussichtlich werden weniger Presstermine ben\u00f6tigt. Es ist sinnvoll, einen Termine 8-10 Tage im Voraus zu vereinbaren.  Die genauen Versaftungszeiten, Versaftungsort und die aktuellen Preise erfahren Interessierte bei der Anmeldung. Diese nimmt Bernd Frank vom Verein der Garten- und Blumenfreunde unter der Telefonnummer 06235 5342 entgegen. Es wird auch dieses Jahr um rechtzeitige Anmeldung gebeten, um einen reibungslosen und wartefreien Ablauf sicherstellen zu k\u00f6nnen. <\/p>\n\n\n\n<p><em>Kreisverwaltung Rhein-Pfalz-Kreis<br>16.08.2019<\/em><\/p>\n","protected":false},"excerpt":{"rendered":"<div class=\"mh-excerpt\"><p>Eigenen Apfelsaft herstellen Schifferstadt \/ RheinPfalzKreis &#8211; Wer \u00c4pfel aus dem eigenen Garten, von der Wiese oder von einer Streuobstwiese in fl\u00fcssiger Form genie\u00dfen m\u00f6chte, kann die Fr\u00fcchte im fr\u00fchen Herbst nach Schifferstadt bringen. Dort <a class=\"mh-excerpt-more\" href=\"https:\/\/speyer24news.com\/?p=17967\" title=\"Rhein-Pfalz-Kreis:\">[&#8230;]<\/a><\/p>\n<\/div>","protected":false},"author":3,"featured_media":0,"comment_status":"open","ping_status":"open","sticky":false,"template":"","format":"standard","meta":{"_monsterinsights_skip_tracking":false,"_monsterinsights_sitenote_active":false,"_monsterinsights_sitenote_note":"","_monsterinsights_sitenote_category":0,"footnotes":""},"categories":[1564],"tags":[1556,427,127,2792,2793],"aioseo_notices":[],"amp_enabled":true,"_links":{"self":[{"href":"https:\/\/speyer24news.com\/index.php?rest_route=\/wp\/v2\/posts\/17967"}],"collection":[{"href":"https:\/\/speyer24news.com\/index.php?rest_route=\/wp\/v2\/posts"}],"about":[{"href":"https:\/\/speyer24news.com\/index.php?rest_route=\/wp\/v2\/types\/post"}],"author":[{"embeddable":true,"href":"https:\/\/speyer24news.com\/index.php?rest_route=\/wp\/v2\/users\/3"}],"replies":[{"embeddable":true,"href":"https:\/\/speyer24news.com\/index.php?rest_route=%2Fwp%2Fv2%2Fcomments&post=17967"}],"version-history":[{"count":1,"href":"https:\/\/speyer24news.com\/index.php?rest_route=\/wp\/v2\/posts\/17967\/revisions"}],"predecessor-version":[{"id":17969,"href":"https:\/\/speyer24news.com\/index.php?rest_route=\/wp\/v2\/posts\/17967\/revisions\/17969"}],"wp:attachment":[{"href":"https:\/\/speyer24news.com\/index.php?rest_route=%2Fwp%2Fv2%2Fmedia&parent=17967"}],"wp:term":[{"taxonomy":"category","embeddable":true,"href":"https:\/\/speyer24news.com\/index.php?rest_route=%2Fwp%2Fv2%2Fcategories&post=17967"},{"taxonomy":"post_tag","embeddable":true,"href":"https:\/\/speyer24news.com\/index.php?rest_route=%2Fwp%2Fv2%2Ftags&post=17967"}],"curies":[{"name":"wp","href":"https:\/\/api.w.org\/{rel}","templated":true}]}}