{"id":18092,"date":"2019-08-21T06:53:06","date_gmt":"2019-08-21T05:53:06","guid":{"rendered":"https:\/\/speyer24news.com\/?p=18092"},"modified":"2019-08-21T06:55:22","modified_gmt":"2019-08-21T05:55:22","slug":"wirtschaft-finanzen-19","status":"publish","type":"post","link":"https:\/\/speyer24news.com\/?p=18092","title":{"rendered":"Wirtschaft &#038; Finanzen:"},"content":{"rendered":"<style type=\"text\/css\">\r\n\t.ads_top_disp{}\r\n\t.ads_top_corner_disp{ float:left; margin:0px 10px 10px 0px; }\r\n\t.ads_first_p_disp{}\r\n\t.ads_bottom_disp{}\r\n\t<\/style>\n<h1 class=\"wp-block-heading\">Sparkasse Vorderpfalz:<\/h1>\n\n\n\n<div class=\"wp-block-image\"><figure class=\"aligncenter\"><img decoding=\"async\" src=\"https:\/\/speyer24news.com\/wp-content\/uploads\/2019\/08\/Sparkasse-Vorderpfalz-1-1024x768-1024x768.jpg\" alt=\"\" class=\"wp-image-18098\"\/><\/figure><\/div>\n\n\n\n<h2 class=\"wp-block-heading\"><strong>Sparkasse Vorderpfalz belohnt die fairsten Fu\u00dfballvereine<\/strong><\/h2>\n\n\n\n<div class=\"wp-block-image\"><figure class=\"aligncenter\"><img decoding=\"async\" loading=\"lazy\" width=\"800\" height=\"533\" src=\"https:\/\/speyer24news.com\/wp-content\/uploads\/2019\/08\/Fair-Play.jpg\" alt=\"\" class=\"wp-image-18099\" srcset=\"https:\/\/speyer24news.com\/wp-content\/uploads\/2019\/08\/Fair-Play.jpg 800w, https:\/\/speyer24news.com\/wp-content\/uploads\/2019\/08\/Fair-Play-300x200.jpg 300w, https:\/\/speyer24news.com\/wp-content\/uploads\/2019\/08\/Fair-Play-768x512.jpg 768w\" sizes=\"(max-width: 800px) 100vw, 800px\" \/><figcaption> Fair Play zahlt sich aus: Sparkasse Vorderpfalz belohnt die fairsten Fu\u00dfballvereine in ihrem Gesch\u00e4ftsgebiet mit Geldpr\u00e4mien von insgesamt 2.950 Euro.<\/figcaption><\/figure><\/div>\n\n\n\n<p><strong>Ludwigshafen \/ Vorderpfalz &#8211; <\/strong>Fair Play auf dem Fu\u00dfballplatz zahlt sich in barer M\u00fcnze aus. Mit Geldpr\u00e4mien von insgesamt 2.950 Euro belohnt die Sparkasse Vorderpfalz die fairsten Fu\u00dfballmannschaften der vergangenen Saison in ihrem Gesch\u00e4ftsgebiet.<\/p>\n\n\n\n<p>Bei den <strong>M\u00e4nnern <\/strong>aus der <strong>Verbands-Landes-Bezirksliga \/ A-Klasse<\/strong> erh\u00e4lt der SC Bobenheim-Roxheim 500 Euro (1. Platz), der ASV Harthausen 250 Euro (2. Platz) und der ASV Hessheim 150 Euro (3. Platz). Aus der <strong>Verbands-Landes-Bezirksliga \/ B-Klasse<\/strong> erh\u00e4lt der FSV Schifferstadt II 500 Euro (1. Platz), die TuS Gronau 250 Euro (2. Platz) und der SC Bobenheim-Roxheim II 150 Euro (3. Platz). In der <strong>Verbands-Landes-Bezirksliga \/ C-Klasse<\/strong> erh\u00e4lt der FV Hanhofen II 500 Euro (1. Platz), der TuS Altrip II 250 Euro (2. Platz) und der VfB Iggelheim II 150 Euro (3. Platz). Beim Fair-Play-Wettbewerb der <strong>Frauen <\/strong>erreichten die Spielerinnen des ASV Harthausen den 2. Platz und k\u00f6nnen sich \u00fcber eine Pr\u00e4mie von 250 Euro freuen.<\/p>\n\n\n\n<p><strong>Hintergrund zum Fair-Play-Wettbewerb:<\/strong><\/p>\n\n\n\n<p>Der S\u00fcdwestdeutsche Fu\u00dfballverband ermittelt in jeder Saison die fairsten Fu\u00dfballvereine. Hierbei werden in unterschiedlichen Spielklassen die gezeigten roten, gelb-roten und gelben Karten erfasst und in einem Punktesystem bewertet. Dar\u00fcber hinaus flie\u00dfen noch das Zuschauerverhalten, das Nichtantreten und Spielabbruch in die Bewertung ein. Den Fair-Play-Wettbewerb unterst\u00fctzen die Vorderpf\u00e4lzer Sparkassen mit Geldpreisen.<\/p>\n\n\n\n<p><em>Sparkasse Vorderpfalz<br>21.08.2019<\/em><\/p>\n\n\n\n<h1 class=\"wp-block-heading\">Stadtwerke Speyer GmbH:<\/h1>\n\n\n\n<div class=\"wp-block-image\"><figure class=\"aligncenter\"><img decoding=\"async\" src=\"https:\/\/speyer24news.com\/wp-content\/uploads\/2019\/08\/SWS-Logo-1024x356.jpg\" alt=\"\" class=\"wp-image-18093\"\/><\/figure><\/div>\n\n\n\n<h2 class=\"wp-block-heading\"><strong>Wasser trinken nach Bedarf<\/strong><\/h2>\n\n\n\n<h3 class=\"wp-block-heading\"><strong>Erster Brunnen auf der Maximilianstra\u00dfe in Betrieb<\/strong><\/h3>\n\n\n\n<div class=\"wp-block-image\"><figure class=\"aligncenter\"><img decoding=\"async\" loading=\"lazy\" width=\"500\" height=\"541\" src=\"https:\/\/speyer24news.com\/wp-content\/uploads\/2019\/08\/RS220617_20190820_200819Brunnen08.jpg\" alt=\"\" class=\"wp-image-18100\" srcset=\"https:\/\/speyer24news.com\/wp-content\/uploads\/2019\/08\/RS220617_20190820_200819Brunnen08.jpg 500w, https:\/\/speyer24news.com\/wp-content\/uploads\/2019\/08\/RS220617_20190820_200819Brunnen08-277x300.jpg 277w\" sizes=\"(max-width: 500px) 100vw, 500px\" \/><figcaption> Oberb\u00fcrgermeisterin Stefanie Seiler und SWS-Gesch\u00e4ftsf\u00fchrer Wolfgang B\u00fchring schmeckt das Speyerer Trinkwasser.<br> Bildnachweis: SWS <\/figcaption><\/figure><\/div>\n\n\n\n<p><strong>Speyer &#8211; <\/strong>Der erste Speyerer Trinkwasserbrunnen ist am 20.  August in der Maximilianstra\u00dfe, vor dem Anwesen mit der Nummer 99,  offiziell vorgestellt worden. Dem politischen Beschluss im Stadtrat  folgte die praktische Umsetzung durch die Stadtwerke  Speyer (SWS). Ohne F\u00f6rdermittel ist der Wasserspender entstanden. Zwei  weitere sollen mit finanzieller Zuwendung durch das rheinland-pf\u00e4lzische  Umweltministerium am Berliner Platz und am Platz der Stadt Ravenna  folgen.<\/p>\n\n\n\n<p>\u201eWir hatten schon mit dem Tiefbau begonnen, als wir  erfuhren, dass es F\u00f6rdermittel f\u00fcr Trinkwasserbrunnen gibt\u201c, erkl\u00e4rte  Oberb\u00fcrgermeisterin Stefanie Seiler. Umso h\u00f6her wertete sie den Einsatz,  der auch ohne Geldzuschuss zustande kam.  \u201eOhne Wasser kein Leben\u201c, machte SWS-Gesch\u00e4ftsf\u00fchrer Wolfgang B\u00fchring  den wichtigsten Beweggrund zur Umsetzung des Trinkwasserbrunnens  deutlich.<\/p>\n\n\n\n<h4 class=\"wp-block-heading\"><strong>Zusatznutzen f\u00fcr alle bieten<\/strong><\/h4>\n\n\n\n<p>Speyer sei zum einen eine Touristenstadt, zum  anderen heize sie sich aufgrund des Klimawandels aber auch inner\u00f6rtlich  auf. \u201eWir m\u00f6chten den Menschen daher wo immer es geht einen Zusatznutzen  anbieten\u201c, betonte Wolfgang B\u00fchring. Unproblematisch  sollen sich alle an den vorgesehenen Stellen mit Trinkwasser versorgen  k\u00f6nnen, wenn es n\u00f6tig sei. Um die Reinhaltung des Spenders k\u00fcmmern sich  ebenfalls die Stadtwerke, lie\u00df der Gesch\u00e4ftsf\u00fchrer wissen. Putzen und  desinfizieren geh\u00f6re dazu.<\/p>\n\n\n\n<h4 class=\"wp-block-heading\"><strong>\u00d6ffentliche Soda-Streamer<\/strong><\/h4>\n\n\n\n<p>\u201eDas beste Wasser in Speyer ist das aus dem Hahn\u201c,  versicherte Seiler. Nicht zuletzt deshalb seien die Trinkstationen auch  zum Wiederbef\u00fcllen von Mehrwegbeh\u00e4ltnissen gedacht. SWS-Sprecherin Sonja  Daum erg\u00e4nzte dazu, dass die Stadtwerke  in \u00f6ffentlichen Einrichtungen wie dem selbst betriebenen Sport- und  Erlebnisbad bademaxx, der Touristinfo, den st\u00e4dtischen B\u00fcrgerb\u00fcros und  dem SWS-Kundenzentrum, aber auch in allen Ganztagsschulen der Stadt so  genannte Soda-Streamer aufstellen lie\u00dfen. An diesen  k\u00f6nnten die B\u00fcrgerinnen und B\u00fcrger sich permanent mit sprudelndem  Wasser versorgen. Sonja Daum nannte gleicherma\u00dfen die Aktion f\u00fcr die  jeweiligen Erstkl\u00e4ssler eines neuen Schuljahrgangs. Rund 500  wiederverwendbare Trinkflaschen w\u00fcrden jeweils ausgegeben.<\/p>\n\n\n\n<h4 class=\"wp-block-heading\"><strong>Klimaschutz beginnt am Wasserhahn<\/strong><\/h4>\n\n\n\n<p>F\u00fcr Stefanie Seiler beginnt das Thema Klimaschutz  bereits am Wasserhahn. \u201eTrinkwasser darf nicht zu einem Luxusgut  werden\u201c, betonte sie. J\u00fcrgen Hermes, stellvertretender Gesch\u00e4ftsf\u00fchrer  der SWS und f\u00fcr den Bereich Anlagen\/Netze verantwortlich,  informierte \u00fcber die technische Umsetzung des Trinkwasserbrunnens. \u201eAuf  der Maximilianstra\u00dfe haben wir ihn an den Hausanschluss gelegt und mit  entsprechenden Sicherheitselementen versehen, die den R\u00fcckfluss des  Wassers verhindern\u201c, sagte er. Mehrmals im Jahr  w\u00fcrden Proben genommen.<\/p>\n\n\n\n<p>W\u00e4hrend der Brunnen auf der Maximilianstra\u00dfe in  eine Granitvariante umgewandelt wird \u2013 Kostenpunkt 17.000 Euro \u2013 werden  am Berliner Platz und am Platz der Stadt Ravenna mit Hilfe der  F\u00f6rdermittel aus dem Ministerium Edelstahlalternativen  zu je 11.500 Euro aufgebaut. \u201eDer Anschluss geht dort \u00fcber das  \u00f6ffentliche Netz\u201c, informierte J\u00fcrgen Hermes. Ein zus\u00e4tzlicher Schacht  werde gesetzt, \u00fcber den das Wasser mit Eintritt in die Frostperiode  abgelassen werden kann. \u00dcber Winter werden die Trinkwasserbrunnen  abgestellt.<\/p>\n\n\n\n<p><em>Stadtwerke Speyer GmbH<br>21.08.2019<\/em><\/p>\n\n\n\n<h2 class=\"wp-block-heading\"><strong>Energie f\u00fcr die Entsorgung<\/strong><\/h2>\n\n\n\n<h3 class=\"wp-block-heading\"><strong>Tag der offenen T\u00fcr auf Kl\u00e4ranlage, Abfallwirtschaftshof und Sonnenberg<\/strong><\/h3>\n\n\n\n<h4 class=\"wp-block-heading\"><strong>4,2 Millionen Kubikmeter Schmutzwasser  durchlaufen pro Jahr die Kl\u00e4ranlage am Fu\u00dfe der ehemaligen  Hausm\u00fclldeponie Nonnenw\u00fchl. Das entspricht 11.500 Kubikmeter pro Tag.  Stolze Zahlen, mit denen die Besucherinnen und Besucher beim Tag  der offenen T\u00fcr am Sonntag konfrontiert wurden. Die Entsorgungsbetriebe  und die Stadtwerke Speyer hatten eingeladen. Die Resonanz war gro\u00df.<\/strong><\/h4>\n\n\n\n<div class=\"wp-block-image\"><figure class=\"aligncenter\"><img decoding=\"async\" loading=\"lazy\" width=\"800\" height=\"600\" src=\"https:\/\/speyer24news.com\/wp-content\/uploads\/2019\/08\/20190818_121008_resized.jpg\" alt=\"\" class=\"wp-image-18095\" srcset=\"https:\/\/speyer24news.com\/wp-content\/uploads\/2019\/08\/20190818_121008_resized.jpg 800w, https:\/\/speyer24news.com\/wp-content\/uploads\/2019\/08\/20190818_121008_resized-300x225.jpg 300w, https:\/\/speyer24news.com\/wp-content\/uploads\/2019\/08\/20190818_121008_resized-768x576.jpg 768w, https:\/\/speyer24news.com\/wp-content\/uploads\/2019\/08\/20190818_121008_resized-678x509.jpg 678w, https:\/\/speyer24news.com\/wp-content\/uploads\/2019\/08\/20190818_121008_resized-326x245.jpg 326w, https:\/\/speyer24news.com\/wp-content\/uploads\/2019\/08\/20190818_121008_resized-80x60.jpg 80w\" sizes=\"(max-width: 800px) 100vw, 800px\" \/><figcaption> Entsorgungsfahrzeuge zur Besichtigung  Bildnachweis: SWS <\/figcaption><\/figure><\/div>\n\n\n\n<p><strong>Speyer  &#8211; <\/strong>Ein Blick in die Geschichte zeigt: Speyer nahm schon fr\u00fch eine  Vorreiterrolle ein. Als eine der ersten St\u00e4dte baute es ein Kanalnetz  und eine Kl\u00e4ranlage. W\u00e4hrend 1929 an der Rheintorstra\u00dfe schon eine  mechanische Kl\u00e4ranlage in Betrieb ging, wurde der jetzige  Standort im Jahr 1969 in Betrieb genommen. Vieles hat sich in den  vergangenen Jahrzehnten ver\u00e4ndert, wie J\u00fcrgen W\u00f6lle, Teamleiter  Entsorgungsdienstleistungen, erkl\u00e4rte.<\/p>\n\n\n\n<h4 class=\"wp-block-heading\"><strong>N\u00e4chste Reinigungsstufe folgt<\/strong><\/h4>\n\n\n\n<p>\u201eFr\u00fcher haben wir nur organische Stoffe rangeholt.  Mit dem Robbensterben 1988 in der Nordsee kam man drauf, dass die  N\u00e4hrstoffe absorbiert werden m\u00fcssen\u201c, sagte er. Stehen geblieben sind  die Untersuchungen nie. Aktuell dreht sich die Entwicklung  um eine weitere Reinigungsstufe, die den Spurenelementen gelten soll.  Im vergangenen Jahr ist laut W\u00f6lle eine Novellierung der  Kl\u00e4rschlammverordnung erfolgt, die eine Phosphorr\u00fcckgewinnung bis  sp\u00e4testens 2032 fordert.<\/p>\n\n\n\n<div class=\"wp-block-image\"><figure class=\"aligncenter\"><img decoding=\"async\" loading=\"lazy\" width=\"800\" height=\"600\" src=\"https:\/\/speyer24news.com\/wp-content\/uploads\/2019\/08\/20190818_113628_resized.jpg\" alt=\"\" class=\"wp-image-18094\" srcset=\"https:\/\/speyer24news.com\/wp-content\/uploads\/2019\/08\/20190818_113628_resized.jpg 800w, https:\/\/speyer24news.com\/wp-content\/uploads\/2019\/08\/20190818_113628_resized-300x225.jpg 300w, https:\/\/speyer24news.com\/wp-content\/uploads\/2019\/08\/20190818_113628_resized-768x576.jpg 768w, https:\/\/speyer24news.com\/wp-content\/uploads\/2019\/08\/20190818_113628_resized-678x509.jpg 678w, https:\/\/speyer24news.com\/wp-content\/uploads\/2019\/08\/20190818_113628_resized-326x245.jpg 326w, https:\/\/speyer24news.com\/wp-content\/uploads\/2019\/08\/20190818_113628_resized-80x60.jpg 80w\" sizes=\"(max-width: 800px) 100vw, 800px\" \/><figcaption> F\u00fchrungen Kl\u00e4ranlage Bildnachweis: SWS <\/figcaption><\/figure><\/div>\n\n\n\n<p>2017 wurden auch bauliche Ver\u00e4nderungen an der  Kl\u00e4ranlage vorgenommen. \u201eWir haben eine Prozesswasserbehandlungsanlage  errichtet\u201c, lie\u00df J\u00fcrgen W\u00f6lle wissen. Zwei Beh\u00e4lter \u2013 einer mit einem  Fassungsverm\u00f6gen von 500, einer von 300 Kubikmeter  \u2013 sind dazu aufgestellt worden. Einsparungen beim Energieverbrauch im  Zuge der Behandlung des Schlammwassers werden damit erzielt. Offiziell  \u00fcbergeben werden soll die Anlage, die ein Investitionsvolumen von rund  einer Million f\u00fcr die Entsorgungsbetriebe Speyer  bedeutete, in wenigen Wochen.<\/p>\n\n\n\n<h4 class=\"wp-block-heading\"><strong>Anlagentechnik auf modernem Stand<\/strong><\/h4>\n\n\n\n<p>\u201eWir sind ein umwelttechnischer Betrieb und  entsorgen das Abwasser von Speyer. Deshalb m\u00f6chten wir uns mit einem Tag  der offenen T\u00fcr vorstellen\u201c, begr\u00fcndete J\u00fcrgen W\u00f6lle die Einblicke, die  allen B\u00fcrgerinnen und B\u00fcrgern offenstanden. Bei  drei F\u00fchrungen lernten die Interessierten den Weg des Abwassers von der  eigenen Leitung bis zum Wiederaustritt aus der Kl\u00e4ranlage kennen. \u201eDie  Besucherinnen und Besucher erkennen, wie viel Arbeit und Energie hinter  der Umwandlung des Abwassers steckt\u201c, machte  J\u00fcrgen W\u00f6lle deutlich.<\/p>\n\n\n\n<p>Generell werde die Kl\u00e4ranlage laufend ert\u00fcchtigt. \n1999 sei die letzte gro\u00dfe Ausbaustufe auf den jetzigen Stand erfolgt. \n\u201eSeitdem sind wir dabei, die Anlagentechnik modern zu halten\u201c, hob \nJ\u00fcrgen W\u00f6lle hervor. Insgesamt seien elf Personen\n in dem Bereich besch\u00e4ftigt. Gewandelt hat sich \u00fcbrigens auch das \nBerufsbild, nach dem junge Menschen heute ausgebildet werden. Ihre \nBezeichnung heute: Fachkr\u00e4fte f\u00fcr Abwassertechnik. \u201eDie Anforderungen \nsind hoch\u201c, so J\u00fcrgen W\u00f6lle.<\/p>\n\n\n\n<p>Nicht nur die Kl\u00e4ranlage durfte am Sonntag im  Detail in Augenschein genommen werden. F\u00fchrungen auf die ehemalige  Hausdeponie wurden gerne von den G\u00e4sten begleitet. Dass das Gel\u00e4nde, auf  dem heute Schafe weiden, auch Sonnenberg genannt wird,  liegt an der Photovoltaikanlage, die im November 2007 in Betrieb ging.  \u201eIm Jahr 2000 wurde der letzte M\u00fcll hier abgelagert\u201c, blickte Sabrina  Schaefer, Projektleiterin Erneuerbare Energien, zur\u00fcck.<\/p>\n\n\n\n<div class=\"wp-block-image\"><figure class=\"aligncenter\"><img decoding=\"async\" loading=\"lazy\" width=\"800\" height=\"600\" src=\"https:\/\/speyer24news.com\/wp-content\/uploads\/2019\/08\/20190818_131139_resized.jpg\" alt=\"\" class=\"wp-image-18096\" srcset=\"https:\/\/speyer24news.com\/wp-content\/uploads\/2019\/08\/20190818_131139_resized.jpg 800w, https:\/\/speyer24news.com\/wp-content\/uploads\/2019\/08\/20190818_131139_resized-300x225.jpg 300w, https:\/\/speyer24news.com\/wp-content\/uploads\/2019\/08\/20190818_131139_resized-768x576.jpg 768w, https:\/\/speyer24news.com\/wp-content\/uploads\/2019\/08\/20190818_131139_resized-678x509.jpg 678w, https:\/\/speyer24news.com\/wp-content\/uploads\/2019\/08\/20190818_131139_resized-326x245.jpg 326w, https:\/\/speyer24news.com\/wp-content\/uploads\/2019\/08\/20190818_131139_resized-80x60.jpg 80w\" sizes=\"(max-width: 800px) 100vw, 800px\" \/><figcaption> F\u00fchrungen Sonnenberg Bildnachweis: SWS  <\/figcaption><\/figure><\/div>\n\n\n\n<h4 class=\"wp-block-heading\"><strong>3122 Module auf dem Sonnenberg<\/strong><\/h4>\n\n\n\n<p>Aus mehreren Schichten \u2013 Abfall, undurchl\u00e4ssige  Dichtfolie und Kontrollmesssysteme \u2013 bestehe die Erhebung, die 40 Meter  \u00fcber dem umliegenden Gel\u00e4nde und 135 Meter \u00fcber Normalnull liegt. 3122  Module seien auf dem Berg angebracht, deren prognostizierter  Ertrag bei zirka 464.000 Kilowattstunden im Jahr liege. Von der Spitze  aus konnten die Besucherinnen und Besucher nicht nur den Dom erblicken,  sondern unter anderem auch die Windkraftanlagen, die die SWS in  Hatzenb\u00fchl errichtet haben. \u201eDas Thema Entsorgung  bewegt viele B\u00fcrgerinnen und B\u00fcrger, was zeigt, dass alle ihre Stadt  gerne sauber haben und noch sauberer machen m\u00f6chten\u201c, hob  Oberb\u00fcrgermeisterin Stefanie Seiler beim Besuch des Gel\u00e4ndes hervor. Sie  appellierte an alle, selbst weniger M\u00fcll zu produzieren  und die Arbeit der Frauen und M\u00e4nner in den Entsorgungsbetrieben  wertzusch\u00e4tzen.<\/p>\n\n\n\n<h4 class=\"wp-block-heading\"><strong>Aufruf zur Wiederverwendung<\/strong><\/h4>\n\n\n\n<figure class=\"wp-block-image\"><img decoding=\"async\" loading=\"lazy\" width=\"800\" height=\"600\" src=\"https:\/\/speyer24news.com\/wp-content\/uploads\/2019\/08\/20190818_140542_resized.jpg\" alt=\"\" class=\"wp-image-18097\" srcset=\"https:\/\/speyer24news.com\/wp-content\/uploads\/2019\/08\/20190818_140542_resized.jpg 800w, https:\/\/speyer24news.com\/wp-content\/uploads\/2019\/08\/20190818_140542_resized-300x225.jpg 300w, https:\/\/speyer24news.com\/wp-content\/uploads\/2019\/08\/20190818_140542_resized-768x576.jpg 768w, https:\/\/speyer24news.com\/wp-content\/uploads\/2019\/08\/20190818_140542_resized-678x509.jpg 678w, https:\/\/speyer24news.com\/wp-content\/uploads\/2019\/08\/20190818_140542_resized-326x245.jpg 326w, https:\/\/speyer24news.com\/wp-content\/uploads\/2019\/08\/20190818_140542_resized-80x60.jpg 80w\" sizes=\"(max-width: 800px) 100vw, 800px\" \/><figcaption>Oberb\u00fcrgermeisterin Stefanie Seiler und Umweltaktivist Ayla Schellenberger Bildnachweis: SWS <\/figcaption><\/figure>\n\n\n\n<p>Als junge Umweltaktivistin stellte die Speyererin  Ayla Schellenberger ihr Projekt zur Klimadebatte vor, mit dem sie schon  in Kindertagesst\u00e4tten der Stadt unterwegs ist. Mehrweg- statt  Einwegbecher, eigene Brotbox statt Kunststoffverpackungen  beim Einkauf, Jutebeutel statt Plastikt\u00fcte \u2013 daf\u00fcr pl\u00e4dierte sie auf  dem Abfallwirtschaftshof. \u201eDer Schl\u00fcssel zur M\u00fcllvermeidung\u201c, fasste  Ayla Schellenberger zusammen, \u201eist Wiederverwendung.\u201c<\/p>\n\n\n\n<p>F\u00fcr Speis und Trank war w\u00e4hrend des Tages der  offenen T\u00fcr gesorgt. Der Nachwuchs konnte sich mit einem Spiel- und  Bastelangebot verweilen.<\/p>\n\n\n\n<p><em>Stadtwerke Speyer GmbH<br>21.08.2019<\/em><\/p>\n","protected":false},"excerpt":{"rendered":"<div class=\"mh-excerpt\"><p>Sparkasse Vorderpfalz: Sparkasse Vorderpfalz belohnt die fairsten Fu\u00dfballvereine Ludwigshafen \/ Vorderpfalz &#8211; Fair Play auf dem Fu\u00dfballplatz zahlt sich in barer M\u00fcnze aus. Mit Geldpr\u00e4mien von insgesamt 2.950 Euro belohnt die Sparkasse Vorderpfalz die fairsten <a class=\"mh-excerpt-more\" href=\"https:\/\/speyer24news.com\/?p=18092\" title=\"Wirtschaft &#038; Finanzen:\">[&#8230;]<\/a><\/p>\n<\/div>","protected":false},"author":3,"featured_media":0,"comment_status":"open","ping_status":"open","sticky":false,"template":"","format":"standard","meta":{"_monsterinsights_skip_tracking":false,"_monsterinsights_sitenote_active":false,"_monsterinsights_sitenote_note":"","_monsterinsights_sitenote_category":0,"footnotes":""},"categories":[29],"tags":[2821,2817,2816,1088,2822,2820,2823,301,303,1442,2818,2819,1087],"aioseo_notices":[],"amp_enabled":true,"_links":{"self":[{"href":"https:\/\/speyer24news.com\/index.php?rest_route=\/wp\/v2\/posts\/18092"}],"collection":[{"href":"https:\/\/speyer24news.com\/index.php?rest_route=\/wp\/v2\/posts"}],"about":[{"href":"https:\/\/speyer24news.com\/index.php?rest_route=\/wp\/v2\/types\/post"}],"author":[{"embeddable":true,"href":"https:\/\/speyer24news.com\/index.php?rest_route=\/wp\/v2\/users\/3"}],"replies":[{"embeddable":true,"href":"https:\/\/speyer24news.com\/index.php?rest_route=%2Fwp%2Fv2%2Fcomments&post=18092"}],"version-history":[{"count":2,"href":"https:\/\/speyer24news.com\/index.php?rest_route=\/wp\/v2\/posts\/18092\/revisions"}],"predecessor-version":[{"id":18102,"href":"https:\/\/speyer24news.com\/index.php?rest_route=\/wp\/v2\/posts\/18092\/revisions\/18102"}],"wp:attachment":[{"href":"https:\/\/speyer24news.com\/index.php?rest_route=%2Fwp%2Fv2%2Fmedia&parent=18092"}],"wp:term":[{"taxonomy":"category","embeddable":true,"href":"https:\/\/speyer24news.com\/index.php?rest_route=%2Fwp%2Fv2%2Fcategories&post=18092"},{"taxonomy":"post_tag","embeddable":true,"href":"https:\/\/speyer24news.com\/index.php?rest_route=%2Fwp%2Fv2%2Ftags&post=18092"}],"curies":[{"name":"wp","href":"https:\/\/api.w.org\/{rel}","templated":true}]}}