{"id":18103,"date":"2019-08-21T07:02:05","date_gmt":"2019-08-21T06:02:05","guid":{"rendered":"https:\/\/speyer24news.com\/?p=18103"},"modified":"2019-08-21T07:02:07","modified_gmt":"2019-08-21T06:02:07","slug":"verkehrsnotizen-6","status":"publish","type":"post","link":"https:\/\/speyer24news.com\/?p=18103","title":{"rendered":"Verkehrsnotizen:"},"content":{"rendered":"<style type=\"text\/css\">\r\n\t.ads_top_disp{}\r\n\t.ads_top_corner_disp{ float:left; margin:0px 10px 10px 0px; }\r\n\t.ads_first_p_disp{}\r\n\t.ads_bottom_disp{}\r\n\t<\/style>\n<h2 class=\"wp-block-heading\"><strong>Markierungsarbeiten in der Tullastra\u00dfe\n<\/strong><\/h2>\n\n\n\n<p>Aufgrund  von Markierungsarbeiten werden am Montag, 26.08.2019 und Dienstag,  27.08.2019 ganzt\u00e4gig jeweils einseitige Halteverbote in  der Tullastra\u00dfe eingerichtet. Zur fr\u00fchzeitigen Information der  Verkehrsteilnehmer*innen wird der st\u00e4dtische Baubetriebshof die  Beschilderung bereits am morgigen Mittwoch aufstellen.<\/p>\n\n\n\n<p><em>Stadt Speyer<br>21.08.2019<\/em><\/p>\n\n\n\n<h2 class=\"wp-block-heading\"><strong>Bauma\u00dfnahmen zwischen Dr.-Eduard-Orth-Stra\u00dfe und Kinderhort Abenteuerland<\/strong><\/h2>\n\n\n\n<p>Die Stadtwerke Speyer teilen mit, dass <strong>seit Dienstag, 19. August<\/strong>, vom AV 03 Speyer und der Dr.-Eduard-Orth-Stra\u00dfe bis zum Kinderhort Abenteuerland Strom-Leitungen verlegt werden. Hierzu wird der Gehweg ge\u00f6ffnet. Fu\u00dfg\u00e4nger k\u00f6nnen den nahegelegenen  Parkplatz oder einen Notbehelf zum \u00dcberqueren der Stra\u00dfe nutzen. Der Stra\u00dfenverkehr ist hiervon nicht beeintr\u00e4chtigt. Die Bauma\u00dfnahme dauert <strong>ca. zwei Wochen<\/strong>.<\/p>\n\n\n\n<p><em>Stadtwerke Speyer GmbH<br>21.08.2019<\/em><\/p>\n","protected":false},"excerpt":{"rendered":"<div class=\"mh-excerpt\"><p>Markierungsarbeiten in der Tullastra\u00dfe Aufgrund von Markierungsarbeiten werden am Montag, 26.08.2019 und Dienstag, 27.08.2019 ganzt\u00e4gig jeweils einseitige Halteverbote in der Tullastra\u00dfe eingerichtet. Zur fr\u00fchzeitigen Information der Verkehrsteilnehmer*innen wird der st\u00e4dtische Baubetriebshof die Beschilderung bereits am <a class=\"mh-excerpt-more\" href=\"https:\/\/speyer24news.com\/?p=18103\" title=\"Verkehrsnotizen:\">[&#8230;]<\/a><\/p>\n<\/div>","protected":false},"author":3,"featured_media":0,"comment_status":"open","ping_status":"open","sticky":false,"template":"","format":"standard","meta":{"_monsterinsights_skip_tracking":false,"_monsterinsights_sitenote_active":false,"_monsterinsights_sitenote_note":"","_monsterinsights_sitenote_category":0,"footnotes":""},"categories":[47],"tags":[2825,2824,87,658,1114],"aioseo_notices":[],"amp_enabled":true,"_links":{"self":[{"href":"https:\/\/speyer24news.com\/index.php?rest_route=\/wp\/v2\/posts\/18103"}],"collection":[{"href":"https:\/\/speyer24news.com\/index.php?rest_route=\/wp\/v2\/posts"}],"about":[{"href":"https:\/\/speyer24news.com\/index.php?rest_route=\/wp\/v2\/types\/post"}],"author":[{"embeddable":true,"href":"https:\/\/speyer24news.com\/index.php?rest_route=\/wp\/v2\/users\/3"}],"replies":[{"embeddable":true,"href":"https:\/\/speyer24news.com\/index.php?rest_route=%2Fwp%2Fv2%2Fcomments&post=18103"}],"version-history":[{"count":1,"href":"https:\/\/speyer24news.com\/index.php?rest_route=\/wp\/v2\/posts\/18103\/revisions"}],"predecessor-version":[{"id":18104,"href":"https:\/\/speyer24news.com\/index.php?rest_route=\/wp\/v2\/posts\/18103\/revisions\/18104"}],"wp:attachment":[{"href":"https:\/\/speyer24news.com\/index.php?rest_route=%2Fwp%2Fv2%2Fmedia&parent=18103"}],"wp:term":[{"taxonomy":"category","embeddable":true,"href":"https:\/\/speyer24news.com\/index.php?rest_route=%2Fwp%2Fv2%2Fcategories&post=18103"},{"taxonomy":"post_tag","embeddable":true,"href":"https:\/\/speyer24news.com\/index.php?rest_route=%2Fwp%2Fv2%2Ftags&post=18103"}],"curies":[{"name":"wp","href":"https:\/\/api.w.org\/{rel}","templated":true}]}}