{"id":18160,"date":"2019-08-22T09:54:10","date_gmt":"2019-08-22T08:54:10","guid":{"rendered":"https:\/\/speyer24news.com\/?p=18160"},"modified":"2019-08-22T09:54:11","modified_gmt":"2019-08-22T08:54:11","slug":"germersheim-landkreis-germersheim-2","status":"publish","type":"post","link":"https:\/\/speyer24news.com\/?p=18160","title":{"rendered":"Germersheim &#038; Landkreis Germersheim:"},"content":{"rendered":"<style type=\"text\/css\">\r\n\t.ads_top_disp{}\r\n\t.ads_top_corner_disp{ float:left; margin:0px 10px 10px 0px; }\r\n\t.ads_first_p_disp{}\r\n\t.ads_bottom_disp{}\r\n\t<\/style>\n<h2 class=\"wp-block-heading\"><strong>Kreisvolkshochschule Germersheim: Kurse, Vortr\u00e4ge, Veranstaltungen<\/strong><\/h2>\n\n\n\n<figure class=\"wp-block-image\"><img decoding=\"async\" src=\"https:\/\/speyer24news.com\/wp-content\/uploads\/2019\/08\/KVHS-GER-Logo.png\" alt=\"\" class=\"wp-image-17439\"\/><\/figure>\n\n\n\n<p>Es wird darauf hingewiesen, dass zu\nallen nachstehend aufgef\u00fchrten Kursen und Vortr\u00e4gen eine<strong> Anmeldung unbedingt erforderlich <\/strong>ist. Kontaktadressen sind\nam Ende des Textes zu finden.<\/p>\n\n\n\n<p><strong>2019kv284<\/strong><strong><\/strong><\/p>\n\n\n\n<p><strong>\u201eRechnen im Alltag<\/strong><\/p>\n\n\n\n<p><strong>Mathematik\n&#8211; Grundkurs<\/strong><strong>\u201c &#8211; <\/strong>Kurs mit<strong> Dieter Boudgoust:<\/strong> Germersheim, August-Keiler-Str.\n34, Goethe-Gymnasium, Ostbau, EG, Saal\n082. Beginn: Montag, 02.09.2019, 19:00\n&#8211; 20:30 Uhr. Dauer: 12 Termine,\nKosten: 75,00 Euro\/Person.<\/p>\n\n\n\n<p><strong>2019kv257<\/strong><strong><\/strong><\/p>\n\n\n\n<p><strong>\u201eGymnastik &#8211; f\u00fcr Senioren\u201c &#8211; <\/strong>Kurs mit<strong> Christiane Steiner-Krombach:<\/strong>\nGermersheim, August-Keiler-Str. 34, Goethe-Gymnasium,\nOstbau, 2. OG, Gymnastikhalle. Beginn: Dienstag,\n03.09.2019, 16:00 &#8211; 17:00 Uhr. Dauer: 14 Termine,\nKosten: 20,00 Euro\/Person.<\/p>\n\n\n\n<p><strong>2019kv339<\/strong><strong><\/strong><\/p>\n\n\n\n<p><strong>\u201eT\u00fcrkisch A1 Teil 1\u201c &#8211; <\/strong>Kurs mit<strong> Fahriye Kont:<\/strong> Germersheim, August-Keiler-Str.\n34, Goethe-Gymnasium, Ostbau, EG, Saal\n081. Beginn: Dienstag, 03.09.2019, 16:00\n&#8211; 17:30 Uhr. Dauer: 13 Termine,\nKosten: 65,00 Euro\/Person.<\/p>\n\n\n\n<p><strong>2019kv282<\/strong><strong><\/strong><\/p>\n\n\n\n<p><strong>\u201eT\u00fcrkisch A1 Teil 2 (AK 1)\u201c &#8211; <\/strong>Kurs mit<strong> Fahriye Kont:<\/strong> Germersheim, August-Keiler-Str.\n34, Goethe-Gymnasium, Ostbau, EG, Saal\n081. Beginn: Dienstag, 03.09.2019, 17:45\n&#8211; 19:15 Uhr. Dauer: 13 Termine,\nKosten: 65,00 Euro\/Person.<\/p>\n\n\n\n<p><strong>2019kv308<\/strong><strong><\/strong><\/p>\n\n\n\n<p><strong>\u201eAchtsamkeit &#8211; im Alltagsleben\u201c &#8211; <\/strong>Kurs mit<strong> Claudia Michaelis:<\/strong> Germersheim, Friedenstr.\n13, Praxis &#8222;Munai Healing&#8220;.\nBeginn: Dienstag, 03.09.2019, 18:30 &#8211; 19:15 Uhr. Dauer: 9 Termine, Kosten: 27,00 Euro\/Person.<\/p>\n\n\n\n<p><strong>2019kv285<\/strong><strong><\/strong><\/p>\n\n\n\n<p><strong>\u201eRechnen im Alltag<\/strong><\/p>\n\n\n\n<p><strong>Mathematik\n&#8211; Aufbaukurs (Leistungsanforderung qualifizierter Sekundarabschluss I)<\/strong><strong>\u201c\n&#8211; <\/strong>Kurs mit<strong> Dieter\nBoudgoust:<\/strong> Germersheim, August-Keiler-Str. 34, Goethe-Gymnasium, Ostbau, EG, Saal 082. Beginn: Dienstag, 03.09.2019,\n19:00 &#8211; 20:30\nUhr. Dauer: 12 Termine, Kosten: 75,00\nEuro\/Person.<\/p>\n\n\n\n<p><strong>2019kv283<\/strong><strong><\/strong><\/p>\n\n\n\n<p><strong>\u201eT\u00fcrkisch A2 Teil 8 (AK 10)\u201c &#8211; <\/strong>Kurs mit<strong> Fahriye Kont:<\/strong> Germersheim, August-Keiler-Str.\n34, Goethe-Gymnasium, Ostbau, EG, Saal\n081. Beginn: Dienstag, 03.09.2019, 19:30\n&#8211; 21:00 Uhr. Dauer: 13 Termine,\nKosten: 65,00 Euro\/Person.<\/p>\n\n\n\n<p><strong>2019kv306<\/strong><strong><\/strong><\/p>\n\n\n\n<p><strong>\u201eMeditation \u201eRuhe &amp; Konzentration\u201c\u201c &#8211; <\/strong>Kurs mit<strong> Janina-Alisha Michaelis:<\/strong> Germersheim, Friedenstr.\n13, Praxis \u201eOMVitalZeit\u201c. Beginn: Mittwoch, 04.09.2019,\n18:30 &#8211; 19:15\nUhr. Dauer: 9 Termine, Kosten: 27,00\nEuro\/Person.<\/p>\n\n\n\n<p><strong>2019kv279<\/strong><strong><\/strong><\/p>\n\n\n\n<p><strong>\u201eYoga &#8211; f\u00fcr Anf\u00e4nger&nbsp;\noder Wiederkehrer\u201c &#8211; <\/strong>Kurs\nmit<strong> Susanne\nR\u00f6del-De Crescenzo:<\/strong> Germersheim,\nJakobstr. 12, Hintereingang Stadtbibliothek, 2. OG. Beginn: Mittwoch, 04.09.2019,\n19:00 &#8211; 19:45\nUhr. Dauer: 11 Termine, Kosten: 38,50\nEuro\/Person.<\/p>\n\n\n\n<p><strong>2019kv280<\/strong><strong><\/strong><\/p>\n\n\n\n<p><strong>\u201eSanftes Yoga gepaart mit Bhakti Yoga\u201c &#8211; <\/strong>Kurs mit<strong> Susanne R\u00f6del-De Crescenzo:<\/strong> Germersheim, Jakobstr.\n12, Hintereingang Stadtbibliothek, 2. OG.\nBeginn: Mittwoch, 04.09.2019, 20:00 &#8211; 22:00 Uhr. Dauer: 11 Termine, Kosten: Mittwoch Euro\/Person.<\/p>\n\n\n\n<p><strong>2019kv213<\/strong><strong><\/strong><\/p>\n\n\n\n<p><strong>\u201eKnippst Du noch oder fotografierst Du schon?\u201c &#8211; <\/strong>Kurs mit<strong> Harald Baumeister:<\/strong> Germersheim, August-Keiler-Str. 34, Goethe-Gymnasium, Ostbau, EG, Saal 081. Beginn: Freitag, 06.09.2019, 18:00 &#8211; 21:00 Uhr. Dauer: 3 Termine, Kosten: 65,00 Euro\/Person.<\/p>\n\n\n\n<p><strong>2019kv184<\/strong><strong><\/strong><\/p>\n\n\n\n<p><strong>\u201eKunstausstellung des \u201eAlbert-Haueisen-Preises\u201c<\/strong><\/p>\n\n\n\n<p><strong>(Er\u00f6ffnung\n&#8211; Kunstpreis des Landkreises Germersheim &#8211; Pr\u00e4mierungsausstellung)<\/strong><strong>\u201c\n&#8211; <\/strong>Laudatio von<\/p>\n\n\n\n<p><strong>Dr.\nHeinz H\u00f6fchen<\/strong><strong>:<\/strong> Jockgrim, Ludwigstr. 26, \u201eZehnthaus\u201c.\nEr\u00f6ffnung: Sonntag, 08.09.2019, 11:00\n&#8211; 12:30 Uhr, Eintritt frei. Kunstausstellung\nvom 08.09. bis 06.10.2019, Eintritt 4,00 Euro pro Person.<\/p>\n\n\n\n<p><strong>2019kv222<\/strong><strong><\/strong><\/p>\n\n\n\n<p><strong>\u201ePflegefall &#8211; was nun? &#8211; Vortrag A\u201c &#8211; <\/strong>Kurs mit<strong> Andrea Kalt:<\/strong> Germersheim, Ritter-von-Schmau\u00df-Str.\/Ecke\nParadeplatz, Seminarraum 1 in der KVHS\nGesch\u00e4ftsstelle. Beginn: Mittwoch,\n11.09.2019, 19:00 &#8211; 21:15 Uhr. Dauer: 1 Termin, Kosten: 10,00 Euro\/Person.<\/p>\n\n\n\n<p><strong>2019kv265<\/strong><strong><\/strong><\/p>\n\n\n\n<p><strong>\u201eErbrecht &#8211; Rechtsvortrag A\u201c &#8211; <\/strong>Kurs mit<strong> Michael M\u00fcnch:<\/strong> Germersheim, Ritter-von-Schmau\u00df-Str.\/Ecke\nParadeplatz, Seiteneingang der\nBerufsbildende Schule, EG, Saal E 06. Beginn: Mittwoch, 11.09.2019, 19:30 &#8211; 21:00\nUhr. Dauer: 1 Termin, Kosten: 10,00 Euro\/Person.<\/p>\n\n\n\n<p><strong>2019kv309<\/strong><strong><\/strong><\/p>\n\n\n\n<p><strong>\u201eDer gepflegt Mann\u201c &#8211; <\/strong>Kurs mit<strong> Claudia Michaelis:<\/strong> Germersheim, Friedenstr.\n13, Praxis &#8222;Munai Healing&#8220;.\nBeginn: Donnerstag, 12.09.2019, 18:00\n&#8211; 20:15 Uhr. Dauer: 1 Termin, Kosten: 10,00 Euro\/Person.<\/p>\n\n\n\n<p><strong>2019kv303<\/strong><strong><\/strong><\/p>\n\n\n\n<p><strong>\u201eRhetorik f\u00fcr Frauen &#8211; Kompetenz f\u00fcr Frauen Gespr\u00e4che\nzielsicher f\u00fchren\u201c &#8211; <\/strong>Kurs\nmit<strong> Ulrike-Ebba\nGr\u00e4fin von Sparr:<\/strong> Germersheim,\nRitter-von-Schmau\u00df-Str.\/Ecke Paradeplatz,\nSeminarraum 1 in der KVHS Gesch\u00e4ftsstelle.\nBeginn: Donnerstag, 12.09.2019, 18:15\n&#8211; 21:15 Uhr. Dauer: 1 Termin, Kosten: 20,00 Euro\/Person.<\/p>\n\n\n\n<p><strong>2019kv261<\/strong><strong><\/strong><\/p>\n\n\n\n<p><strong>\u201eAusstieg verzweifelt gesucht \u2026<\/strong><\/p>\n\n\n\n<p><strong>Mehr\ngeistige Flexibilit\u00e4t und Kreativit\u00e4t im privaten und beruflichen Alltag<\/strong><strong>\u201c\n&#8211; <\/strong>Kurs mit<strong> Horst\nM\u00fcller:<\/strong> Germersheim, Ritter-von-Schmau\u00df-Str.\/Ecke Paradeplatz, Seminarraum 1 in der KVHS Gesch\u00e4ftsstelle.\nBeginn: Samstag, 14.09.2019, 09:30 &#8211; 17:30 Uhr. Dauer: 1 Termin, Kosten: 45,00\nEuro\/Person.<\/p>\n\n\n\n<p><strong>2019kv310<\/strong><strong><\/strong><\/p>\n\n\n\n<p><strong>\u201eSalsa Cubana &#8211; f\u00fcr Einsteiger*innen &#8211; Kurs A\u201c &#8211;\n<\/strong>Kurs mit<strong> Mostafa Abd\nAlla:<\/strong> Germersheim, Ritter-von-Schmau\u00df-Str.\/Ecke Paradeplatz, Seiteneingang der Berufsbildende Schule, EG, Saal E 07.\nBeginn: Sonntag, 15.09.2019, 15:00 &#8211; 19:15 Uhr. Dauer: 1 Termin, Kosten: 25,00\nEuro\/Person.<\/p>\n\n\n\n<p>Eine <strong>Anmeldung<\/strong> ist zu allen Veranstaltungen der Kreisvolkshochschule zwingend <strong>erforderlich. <\/strong>Pers\u00f6nlich\u00a0bei der Gesch\u00e4ftsstelle der KVHS in Germersheim, Ritter-von-Schmau\u00df-Str.\/Ecke Paradeplatz, telefonisch 07274-53334 oder -53382, per E-Mail: <a href=\"mailto:vhs@kreis-germersheim.de\">vhs@kreis-germersheim.de<\/a> oder online \u00fcber ein Buchungsformular auf der Homepage unter <a href=\"http:\/\/www.kreis-germersheim.de\/kv_germersheim\">www.kreis-germersheim.de\/kv_germersheim<\/a>.<\/p>\n\n\n\n<p><strong>Bitte beachten Sie unsere\n\u00d6ffnungszeiten:<\/strong><\/p>\n\n\n\n<p>Montag\nbis Freitag: 08:30 bis 12:00 Uhr, Dienstag: 13:30 bis 16:00 Uhr, Donnerstag:\n13:30 bis 18:00 Uhr, <\/p>\n\n\n\n<p>Annahmeschluss: jeweils\u00a015 Minuten vor Ende der \u00d6ffnungszeiten.<\/p>\n\n\n\n<p><em>Kreisverwaltung Germersheim<br>22.08.2019<\/em><\/p>\n\n\n\n<h2 class=\"wp-block-heading\"><strong>Informationsveranstaltungen\nzu den Wahlen zum Beirat f\u00fcr Migration und Integration <\/strong><\/h2>\n\n\n\n<p>Am <strong>Sonntag, 27.10.2019<\/strong>, finden die Wahlen zum Beirat f\u00fcr Migration und Integration in Rheinland-Pfalz statt. Gem\u00e4\u00df \u00a7 49 a LKO ist in St\u00e4dten, in denen mehr als 1000 und in Landkreisen, in denen mehr als 5.000 ausl\u00e4ndische Einwohner ihre Hauptwohnung haben, ein Beirat f\u00fcr Migration und Integration einzurichten. Hierzu z\u00e4hlen auch der Landkreis Germersheim und die St\u00e4dte Kandel, W\u00f6rth und Germersheim. Die Verbandsgemeinde Jockgrim w\u00e4hlt auf freiwilliger Basis einen Beirat f\u00fcr Migration und Integration. <\/p>\n\n\n\n<p>Die\nKreisverwaltung Germersheim veranstaltet in Kooperation mit den\nStadtverwaltungen und der VG Jockgrim Info-Abende zu den Wahlen, um \u00fcber wichtige\nFristen und die Arbeit eines Beirats f\u00fcr Migration und Integration zu informieren.\nAlle B\u00fcrger\/innen (auch ohne Migrationshintergrund) ab 16 Jahren, die seit\nmindestens drei Monaten ihren Hauptwohnsitz im Landkreis Germersheim haben, k\u00f6nnen\nsich zur Wahl aufstellen lassen. Die Infoveranstaltungen richten sich deshalb an\nalle Interessierten, die sich f\u00fcr die Belange von Mitb\u00fcrgerinnen und Mitb\u00fcrgern\nmit Migrationshintergrund einsetzen m\u00f6chten sowie an alle Wahlberechtigte, die\nsich \u00fcber die Wahlen und die Funktion eines Beirats f\u00fcr Migration und\nIntegration informieren m\u00f6chten. <\/p>\n\n\n\n<p>Die\nInformationsveranstaltungen finden statt <\/p>\n\n\n\n<ul><li>am <strong>Montag, 26. August, 19 Uhr, im Ratssaal der Stadt Kandel, <\/strong>Hauptstra\u00dfe 61, 76870 Kandel, <\/li><li>am<strong> Dienstag, 27. August, 19 Uhr, im Ratssaal der Verbandsgemeinde Jockgrim, <\/strong>Untere Buchstra\u00dfe 22, 76751 Jockgrim, <\/li><li>am <strong>Mittwoch, 28. August, 19 Uhr, im Sitzungssaal (Rathaus W\u00f6rth), <\/strong>Mozartstra\u00dfe 2, 76744 W\u00f6rth am Rhein und <\/li><li>am <strong>Donnerstag, 29. August, 19 Uhr, im B\u00fcrgerhaus Germersheim, <\/strong>An der Grabenwehr 2, 76726 Germersheim.<\/li><\/ul>\n\n\n\n<p>Eine\nAnmeldung ist nicht erforderlich.<\/p>\n\n\n\n<p>Weitere\nInfos zu den Beiratswahlen sind auf der Webseite der Arbeitsgemeinschaft der\nBeir\u00e4te f\u00fcr Migration und Integration erh\u00e4ltlich: <a href=\"http:\/\/beiratswahlen.agarp.de\/\">http:\/\/beiratswahlen.agarp.de\/<\/a> <\/p>\n\n\n\n<p>Die erforderlichen Formulare gibt\nes unter <a href=\"http:\/\/www.kreis-germersheim.de\/wahl-bmi\">www.kreis-germersheim.de\/wahl-bmi<\/a><\/p>\n\n\n\n<p><em>Kreisverwaltung Germersheim<br>22.08.2019<\/em><\/p>\n\n\n\n<h2 class=\"wp-block-heading\"><strong>Grillfest des Landkreises Germersheim und der Betreuungsvereine<\/strong><\/h2>\n\n\n\n<div class=\"wp-block-image\"><figure class=\"aligncenter\"><img decoding=\"async\" loading=\"lazy\" width=\"800\" height=\"440\" src=\"https:\/\/speyer24news.com\/wp-content\/uploads\/2019\/08\/Betreuerfest-GER1.jpg\" alt=\"\" class=\"wp-image-18162\" srcset=\"https:\/\/speyer24news.com\/wp-content\/uploads\/2019\/08\/Betreuerfest-GER1.jpg 800w, https:\/\/speyer24news.com\/wp-content\/uploads\/2019\/08\/Betreuerfest-GER1-300x165.jpg 300w, https:\/\/speyer24news.com\/wp-content\/uploads\/2019\/08\/Betreuerfest-GER1-768x422.jpg 768w\" sizes=\"(max-width: 800px) 100vw, 800px\" \/><\/figure><\/div>\n\n\n\n<p>\u201eDas Fest heute soll eine kleine\nAnerkennung sein \u2013 f\u00fcr Ihr Engagement f\u00fcr Ihre Mitmenschen und f\u00fcr die\nGesellschaft\u201c, so Landrat Dr. Fritz Brechtel beim Grillfest, zu dem der Landkreis\nGermersheim die ehrenamtlichen Betreuerinnen und Betreuer Mitte August\neingeladen hatte. In seiner Ansprache w\u00fcrdigte Brechtel das Engagement und sicherte\nihnen auch weiterhin die Unterst\u00fctzung des Landkreises zu.<\/p>\n\n\n\n<p>Die Betreuerinnen und Betreuer\nkommen gerne zu diesem Treffen im Festzelt am Sportplatz in Hatzenb\u00fchl und\nnutzen die Zeit zum Austausch und zum geselligen Miteinander, auch mit den\nVertretern der Betreuungsbeh\u00f6rde und der Betreuungsvereine des Landkreises\nGermersheim. Einen besonderen Dank richtete Landrat Brechtel noch an die\nMalteser aus Hatzenb\u00fchl, die sich wieder engagiert um die Verpflegung an diesem\nTag k\u00fcmmerten.<\/p>\n\n\n\n<p>Derzeit gibt es im Landkreis\nGermersheim rund 1770 ehrenamtliche Betreuerinnen und Betreuer, insgesamt 1800\nPersonen sind auf deren Unterst\u00fctzung angewiesen. Der n\u00e4chste Betreuerkurs\nfindet voraussichtlich im Fr\u00fchjahr 2020 statt. Wer sich zum Thema informieren\nm\u00f6chte, erh\u00e4lt weitere Informationen bei:<\/p>\n\n\n\n<p>Betreuungsbeh\u00f6rde der\nKreisverwaltung Germersheim, Herr Stegner, Tel. 07274\/53 264,<\/p>\n\n\n\n<p>Sozialdienst katholischer Frauen\nund M\u00e4nner Germersheim, Frau Klein, Tel. 07274\/7078211,<\/p>\n\n\n\n<p>Betreuungsverein der Lebenshilfe\nGermersheim, Herr Bast, Tel. 07271\/5050341,<\/p>\n\n\n\n<p>Betreuungsverein der AWO Kandel, Frau\nLossin, Tel. 07275 \/ 8919.<\/p>\n\n\n\n<p><em>Kreisverwaltung Germersheim<br>22.08.2019<\/em><\/p>\n\n\n\n<h2 class=\"wp-block-heading\"><strong>Schulabteilung am\n23. August ab 10.30 Uhr erreichbar<\/strong><\/h2>\n\n\n\n<p>Aufgrund einer internen Dienstbesprechung sind die Mitarbeiter\/innen der Schulabteilung (z.B. Schulbuchausleihe, Sch\u00fclerbef\u00f6rderung) der Kreisverwaltung Germersheim am Freitag, 23. August 2019 eingeschr\u00e4nkt, von 10.30 bis 12 Uhr, erreichbar.<\/p>\n\n\n\n<p><em>Kreisverwaltung Germersheim<br>22.08.2019<\/em><\/p>\n\n\n\n<h2 class=\"wp-block-heading\"><strong>Eingeleitete Ma\u00dfnahmen zeigen erste\nWirkung<\/strong><\/h2>\n\n\n\n<h3 class=\"wp-block-heading\"><strong>Landrat Brechtel:\nSchreiben von AVG zu Verbesserungen in Sachen Fahrtausf\u00e4lle, P\u00fcnktlichkeit und Fahrgastinformationen<\/strong><\/h3>\n\n\n\n<p>Im Jahr 2018 wurden berechtigterweise von\nKommunalpolitikern sowie Fahrg\u00e4sten aus dem Landkreis Germersheim immer wieder\nBeschwerden \u00fcber Zugausf\u00e4lle und Unp\u00fcnktlichkeit der Stadtbahnlinien S 5 und S\n51\/52 Germersheim-W\u00f6rth-Karlsruhe vorgebracht. <\/p>\n\n\n\n<p>\u201eDie Situation war sehr unzufriedenstellend\u201c, so\nLandrat Dr. Fritz Brechtel: \u201eDeshalb hatten wir Anfang Dezember 2018 und zur\nSitzung des Kreistages am 18.2.2019 Vertreter der AVG (Albtal-Verkehrsgesellschaft\nmbH) eingeladen, die \u00fcber geplante und bereits eingeleitete Ma\u00dfnahmen zur\nVerbesserung der P\u00fcnktlichkeit und Reduzierung der Fahrtausf\u00e4lle informierten.\nErfreulicherweise konnten nun bei allen in der Sitzung des Kreistages\nangesprochenen Kritikpunkten wie Fahrtausf\u00e4lle, P\u00fcnktlichkeit und\nFahrgastinformation Verbesserungen erzielt werden\u201c, so Brechtel. <\/p>\n\n\n\n<p>Hauptursache f\u00fcr die Nichterbringung eines Teils der\ngegen\u00fcber den Aufgabentr\u00e4gern und den Fahrg\u00e4sten geschuldeten Leistung waren laut\nAVG die fehlenden Triebfahrzeugf\u00fchrerinnen und Triebfahrzeugf\u00fchrer. <\/p>\n\n\n\n<p>Die AVG hat nun Landrat Dr. Fritz Brechtel in einem\nSchreiben mitgeteilt, dass durch das gestartete umfangreiche\nAusbildungsprogramm und die verst\u00e4rkte Qualifikationsma\u00dfnahmen wieder eine\nausreichende Anzahl von Mitarbeitern und Mitarbeiterinnen im Bereich des Fahrpersonals\naufgebaut werden konnte. Die AVG plane auch weiterhin neue Fahrerinnen und\nFahrer auszubilden, um den auch in Zukunft bestehenden Bedarf stets ausreichend\nabzudecken. Bewerber und Bewerberinnen werden daf\u00fcr weiterhin gesucht. Seit\nJahresbeginn 2019 sei die Zahl der personalbedingten Fahrtausf\u00e4lle deutlich\nzur\u00fcckgegangen. Dies trifft auch auf die Linie S 51\/52 zu. So fielen z.B. im\nMai 2018 auf der Linie S 51\/52 72 Fahrten wegen Personalmangels aus, im Mai 2019\nwaren es 2. <\/p>\n\n\n\n<p>Die AVG teilt in ihrem Schreiben weiterhin mit, dass\nin den ersten sechs Monaten des Jahres 2019 eine Zuverl\u00e4ssigkeit im gesamten\nStadtbahnnetz von 99,32 % erreicht werden konnte. \u00dcber alle Ausfallursachen\nhinweg ist dies gegen\u00fcber dem Vorjahr eine Reduzierung der Fahrtausf\u00e4lle von\n\u00fcber 60 %.<\/p>\n\n\n\n<p>Die AVG arbeitet weiterhin an der Verbesserung der\nP\u00fcnktlichkeit des Stadtbahnbetriebs. \u201eDie P\u00fcnktlichkeitsentwicklung ist noch\nnicht zufriedenstellend. Auch im Landkreis Germersheim kam es zu \u00e4rgerlichen\nVersp\u00e4tungen\u201c, so Landrat Dr. Fritz Brechtel. Laut AVG konnten einige Fahrzeuge\naufgrund eines fahrzeugtechnischen Problems infolge eines Softwarefehlers nur\nmit verminderter Geschwindigkeit fahren. Ein weiteres Versp\u00e4tungspotential\nliegt in der Innenstadt von Karlsruhe. Der Bau der \u201eKombil\u00f6sung\u201c ist noch nicht\nabgeschlossen.<\/p>\n\n\n\n<p>Ein weiterer immer wieder angesprochener Kritikpunkt ist die Fahrgastinformation. Auch hier wurde laut AVG verst\u00e4rkt an Probleml\u00f6sungen gearbeitet. Die Schnittstellen zwischen den diversen Systemen werden automatisiert. Zuk\u00fcnftig werden dann Fahrplan\u00e4nderungen deutlich fr\u00fcher in den Online-Auskunftssystemen abzurufen sein als heute. Weiter verbessert wurde auch die Weitergabe der Echtzeitdaten. \u201eDas sind gute Nachrichten\u201c, so Landrat Dr. Fritz Brechtel: \u201eDie Kreisverwaltung steht weiterhin in st\u00e4ndigem Kontakt mit den Verantwortlichen bei der AVG, um das gemeinsame Ziel eines leistungsf\u00e4higen und zukunftsweisenden Nahverkehrs zu erreichen und das klimafreundliche Mobilit\u00e4tsangebot weiter auszubauen.\u201c<\/p>\n\n\n\n<p><em>Kreisverwaltung Germersheim<br>22.08.2019<\/em><\/p>\n\n\n\n<h2 class=\"wp-block-heading\"><strong>Neue Auszubildende in der Kreisverwaltung Germersheim<\/strong><\/h2>\n\n\n\n<div class=\"wp-block-image\"><figure class=\"aligncenter\"><img decoding=\"async\" loading=\"lazy\" width=\"800\" height=\"508\" src=\"https:\/\/speyer24news.com\/wp-content\/uploads\/2019\/08\/Neue-Azubis-der-KV-GER.jpg\" alt=\"\" class=\"wp-image-18161\" srcset=\"https:\/\/speyer24news.com\/wp-content\/uploads\/2019\/08\/Neue-Azubis-der-KV-GER.jpg 800w, https:\/\/speyer24news.com\/wp-content\/uploads\/2019\/08\/Neue-Azubis-der-KV-GER-300x191.jpg 300w, https:\/\/speyer24news.com\/wp-content\/uploads\/2019\/08\/Neue-Azubis-der-KV-GER-768x488.jpg 768w\" sizes=\"(max-width: 800px) 100vw, 800px\" \/><figcaption>v.l.:  Fabienne  Spie\u00df, Ausbildungsleiterin Ulla Seiler-Knape, Marcel Kostinek,  Personalratsvorsitzende Klemens Puderer und Landrat Dr. Fritz Brechtel.<\/figcaption><\/figure><\/div>\n\n\n\n<p>Anfang August haben Fabienne Spie\u00df und Marcel Kostinek ihre\ndreij\u00e4hrige Ausbildung zur\/m Verwaltungsfachangestellten bei der\nKreisverwaltung Germersheim begonnen. Landrat Dr. Fritz Brechtel hie\u00df die\nNachwuchskr\u00e4fte herzlich willkommen. \u201eIch w\u00fcnsche Ihnen eine gute und\nerfolgreiche Ausbildungszeit in der Kreisverwaltung. Wir sind eine moderne und\nb\u00fcrgernahe Verwaltung und ich freue mich \u00fcber Ihre Entscheidung und k\u00fcnftigen Einsatz\nf\u00fcr die B\u00fcrgerinnen und B\u00fcrger des Landkreises Germersheim\u201c, so Brechtel.<\/p>\n\n\n\n<p>Den theoretischen Teil absolvieren Fabienne Spie\u00df und Marcel Kostinek in der Berufsbildenden Schule in Landau, in der Kreisverwaltung werden die Nachwuchskr\u00e4fte in verschiedenen Zentral- und Fachbereichen eingesetzt. Auch Personalchef Ralph Lehr, die Ausbildungsleiterin Ulla Seiler-Knape und der Personalratsvorsitzende Klemens Puderer w\u00fcnschten den beiden zu Beginn ihrer Ausbildung alles Gute und ermunterten sie, offen gegen\u00fcber der Themenvielfalt in der Kreisverwaltung zu sein und stets mit Freude und Optimismus an den Schul- und Ausbildungsplatz zu gehen.<\/p>\n\n\n\n<p><em>Kreisverwaltung Germersheim<br>22.08.2019<\/em><\/p>\n","protected":false},"excerpt":{"rendered":"<div class=\"mh-excerpt\"><p>Kreisvolkshochschule Germersheim: Kurse, Vortr\u00e4ge, Veranstaltungen Es wird darauf hingewiesen, dass zu allen nachstehend aufgef\u00fchrten Kursen und Vortr\u00e4gen eine Anmeldung unbedingt erforderlich ist. Kontaktadressen sind am Ende des Textes zu finden. 2019kv284 \u201eRechnen im Alltag Mathematik <a class=\"mh-excerpt-more\" href=\"https:\/\/speyer24news.com\/?p=18160\" title=\"Germersheim &#038; Landkreis Germersheim:\">[&#8230;]<\/a><\/p>\n<\/div>","protected":false},"author":3,"featured_media":0,"comment_status":"open","ping_status":"open","sticky":false,"template":"","format":"standard","meta":{"_monsterinsights_skip_tracking":false,"_monsterinsights_sitenote_active":false,"_monsterinsights_sitenote_note":"","_monsterinsights_sitenote_category":0,"footnotes":""},"categories":[449],"tags":[2839,2189,210,2837,1664,1665,2840,2838],"aioseo_notices":[],"amp_enabled":true,"_links":{"self":[{"href":"https:\/\/speyer24news.com\/index.php?rest_route=\/wp\/v2\/posts\/18160"}],"collection":[{"href":"https:\/\/speyer24news.com\/index.php?rest_route=\/wp\/v2\/posts"}],"about":[{"href":"https:\/\/speyer24news.com\/index.php?rest_route=\/wp\/v2\/types\/post"}],"author":[{"embeddable":true,"href":"https:\/\/speyer24news.com\/index.php?rest_route=\/wp\/v2\/users\/3"}],"replies":[{"embeddable":true,"href":"https:\/\/speyer24news.com\/index.php?rest_route=%2Fwp%2Fv2%2Fcomments&post=18160"}],"version-history":[{"count":1,"href":"https:\/\/speyer24news.com\/index.php?rest_route=\/wp\/v2\/posts\/18160\/revisions"}],"predecessor-version":[{"id":18163,"href":"https:\/\/speyer24news.com\/index.php?rest_route=\/wp\/v2\/posts\/18160\/revisions\/18163"}],"wp:attachment":[{"href":"https:\/\/speyer24news.com\/index.php?rest_route=%2Fwp%2Fv2%2Fmedia&parent=18160"}],"wp:term":[{"taxonomy":"category","embeddable":true,"href":"https:\/\/speyer24news.com\/index.php?rest_route=%2Fwp%2Fv2%2Fcategories&post=18160"},{"taxonomy":"post_tag","embeddable":true,"href":"https:\/\/speyer24news.com\/index.php?rest_route=%2Fwp%2Fv2%2Ftags&post=18160"}],"curies":[{"name":"wp","href":"https:\/\/api.w.org\/{rel}","templated":true}]}}