{"id":18200,"date":"2019-08-22T12:59:11","date_gmt":"2019-08-22T11:59:11","guid":{"rendered":"https:\/\/speyer24news.com\/?p=18200"},"modified":"2019-08-22T12:59:12","modified_gmt":"2019-08-22T11:59:12","slug":"schwetzingen-20","status":"publish","type":"post","link":"https:\/\/speyer24news.com\/?p=18200","title":{"rendered":"Schwetzingen:"},"content":{"rendered":"<style type=\"text\/css\">\r\n\t.ads_top_disp{}\r\n\t.ads_top_corner_disp{ float:left; margin:0px 10px 10px 0px; }\r\n\t.ads_first_p_disp{}\r\n\t.ads_bottom_disp{}\r\n\t<\/style>\n<h2 class=\"wp-block-heading\"><strong>Nach Brand in der Nordstadt: B\u00fcrgermeister Steffan dankt  allen beteiligten Einsatzkr\u00e4ften \/ Zusammenspiel der Feuerwehren und Rettungsdienste verlief reibungslos \/ seit Dienstagabend alle Wohnungen wieder mit Strom versorgt<\/strong><\/h2>\n\n\n\n<p>Am\n vergangenen Samstagnachmittag, 17. August, &nbsp;war es in den beiden \nH\u00e4usern Tilsiter Weg 4+6 in der Schwetzinger Nordstadt zu einem \nElektroanlagenbrand im Keller gekommen. Dort brannten\n zwei Stromverteiler, wodurch es zu Rauchentwicklung und einem \nStromausfall in zahlreichen Wohnungen der Gro\u00dfwohnanlage kam. Beide \nGeb\u00e4ude wurden aufgrund der Rauchentwicklung umgehend evakuiert, so dass\n 87 Bewohner\/innen w\u00e4hrend des rund f\u00fcnfst\u00fcndigen Einsatzes\n vom Deutschen Roten Kreuz sowie den Maltesern Rettungsdiensten betreut \nwerden mussten. Der DRK Ortsverband Oftersheim errichtete daf\u00fcr zwei \nbeheizte Zelte und leistete in diesen auch medizinische und \nseelsorgerische Hilfe. Der Kaufland Supermarkt spendete\n Getr\u00e4nke und Verpflegung f\u00fcr die Bewohner\/innen.<\/p>\n\n\n\n<p>Bei\n der Brandbek\u00e4mpfung halfen der Schwetzinger Feuerwehr um Kommandant \nWalter Leschinski noch die Freiwillige Feuerwehr Br\u00fchl und die \nBerufsfeuerwehr Heidelberg. Letztere stellte f\u00fcr\n die Bek\u00e4mpfung des Kabelbrands Kohlendioxidgas zur Verf\u00fcgung, was f\u00fcr \nein r\u00fcckstandsfreies L\u00f6schen sorgte, ohne weitere Sch\u00e4den an der \nElektroanlage der Wohngeb\u00e4ude anzurichten. Nach dem erfolgreich \nbeendeten Einsatz konnte der Gro\u00dfteil der Bewohner\/innen\n gegen 21.30 Uhr wieder in ihre Wohnungen zur\u00fcckkehren. Um die von dem \nBrandschaden betroffenen elf Wohnungen wieder mit Strom zu versorgen, \nwar seit Samstag die Schwetzinger Firma Metz im Einsatz. F\u00fcr f\u00fcnf in \ndiesen Wohnungen lebenden Familien, die nicht bei\n Verwandten oder Freunden unterkommen konnten, organisierte die Stadt \nvor\u00fcbergehend Zimmer im Achat Hotel.<\/p>\n\n\n\n<p>Die gute Nachricht: Seit Dienstagabend, 22.30 Uhr, ist die\nStromversorgung wiederhergestellt und alle Bewohner\/innen konnten\nzur\u00fcckkehren. <\/p>\n\n\n\n<p>Da\n w\u00e4hrend des Einsatzes die Friedrich-Ebert-Stra\u00dfe gesperrt wurde, \n\u00f6ffnete die Feuerwehr die Notzufahrt zur Nordstadt f\u00fcr den Verkehr. \nInsgesamt 113 Einsatzkr\u00e4fte der Feuerwehr, Polizei,\n der Malteser, Johanniter und des DRK waren im Einsatz. Zudem waren \nKreisbrandmeister Udo Denz, B\u00fcrgermeister Matthias Steffan und \nOrdnungsamtsleiter Pascal Seidel vor Ort um sich ein Bild vom Einsatz zu\n machen. B\u00fcrgermeister Steffan dankte allen am Einsatz\n beteiligten sowie dem Hausmeister der Wohnanlage f\u00fcr die schnelle und \nprofessionelle Hilfe und dankte insbesondere auch den Bewohner\/innen f\u00fcr\n deren besonnenes und ruhiges Verhalten in dieser Ausnahmesituation. \nAuch Feuerwehrkommandant Walter Leschinski &nbsp;freute\n sich \u00fcber die gute Kommunikation und Zusammenarbeit aller \nRettungskr\u00e4fte. Diese habe sehr gut funktioniert.<\/p>\n\n\n\n<p><em>Stadtverwaltung Schwetzingen<br>22.08.2019<\/em><\/p>\n\n\n\n<h2 class=\"wp-block-heading\"><strong>4. ECOmobil-Gala am 31. August\/ 1. September auf dem Schlossplatz<\/strong><\/h2>\n\n\n\n<h3 class=\"wp-block-heading\"><em>Nachhaltiger mobil: Tesla Probefahrt-Wochenende zu gewinnen\/ Kostenloser Rad-Check<\/em><\/h3>\n\n\n\n<p>Ob Wasserstoff- oder Elektroautos, Hybridfahrzeuge, E-Bikes oder E-Scooter \u2013  auf der ECOmobil-Gala am <strong>31. August und 1. September 2019<\/strong> pr\u00e4sentieren  sich auf dem Schlossplatz in Schwetzingen die wichtigsten  und neuesten Konzepte zur nachhaltigen Mobilit\u00e4t. <\/p>\n\n\n\n<p>Auf  einer Rundstrecke lassen sich verschiedenste Fahrzeugmodelle Probe  fahren und die rund zehn verschiedenen Aussteller freuen sich auf  informative Gespr\u00e4che mit interessierten B\u00fcrgern und B\u00fcrgerinnen.<\/p>\n\n\n\n<p>Nach der offiziellen Er\u00f6ffnung der ECOmobil-Gala durch Verkehrsminister Winfried  Hermann, Oberb\u00fcrgermeister Dr. Ren\u00e9 P\u00f6ltl sowie dem Veranstalter der  ECOmobil-Gala Wolfgang Gauf l\u00e4dt Patrick Cisowski,  Klimaschutzbeauftragter der Stadt, ab 11 Uhr  an den Stand der Stabsstelle Klimaschutz vor dem Palais Hirsch. Hier  wird er f\u00fcr ausf\u00fchrliche Gespr\u00e4che zur Verf\u00fcgung stehen.<\/p>\n\n\n\n<p>Die  Stabstelle Klimaschutz, Energie und Umwelt der Stadt Schwetzingen ist  an beiden Veranstaltungstagen von 10:00 bis 18:00 Uhr mit einem eigenen  Stand auf der Gala vertreten. Besonderes Highlight: Mit einem Gewinnspiel verlost die Stadt ein \u201eProbefahrt- Wochenende\u201c mit einem Tesla Model 3. Zudem gibt es zehn E-Auto-Quartetts des Vereins Elektrify-BW zu gewinnen. Alle sind herzlich zur Teilnahme eingeladen.<\/p>\n\n\n\n<p>Ebenfalls gef\u00f6rdert durch die Stadt Schwetzingen wird ein kostenloser Radcheck angeboten. Am Samstag und Sonntag von 11 bis 17 Uhr \u00fcberpr\u00fcfen Profis Fahrr\u00e4der auf ihre Ver\u00adkehrs\u00adtaug\u00adlich\u00adkeit. Dabei steht die Sicher\u00adheit der Drahtesel im Vor\u00adder\u00adgrund: Brem\u00adsen, Licht, Klin\u00adgel oder Reifen\u00addruck  er\u00adden gecheckt und klei\u00adnere M\u00e4n\u00adgel direkt vor Ort beho\u00adben.<\/p>\n\n\n\n<p><em>Stadtverwaltung Schwetzingen<br>22.08.2019<\/em><\/p>\n","protected":false},"excerpt":{"rendered":"<div class=\"mh-excerpt\"><p>Nach Brand in der Nordstadt: B\u00fcrgermeister Steffan dankt allen beteiligten Einsatzkr\u00e4ften \/ Zusammenspiel der Feuerwehren und Rettungsdienste verlief reibungslos \/ seit Dienstagabend alle Wohnungen wieder mit Strom versorgt Am vergangenen Samstagnachmittag, 17. August, &nbsp;war es <a class=\"mh-excerpt-more\" href=\"https:\/\/speyer24news.com\/?p=18200\" title=\"Schwetzingen:\">[&#8230;]<\/a><\/p>\n<\/div>","protected":false},"author":3,"featured_media":0,"comment_status":"open","ping_status":"open","sticky":false,"template":"","format":"standard","meta":{"_monsterinsights_skip_tracking":false,"_monsterinsights_sitenote_active":false,"_monsterinsights_sitenote_note":"","_monsterinsights_sitenote_category":0,"footnotes":""},"categories":[477],"tags":[2882,2886,2887,2445,2884,2885,154,2883],"aioseo_notices":[],"amp_enabled":true,"_links":{"self":[{"href":"https:\/\/speyer24news.com\/index.php?rest_route=\/wp\/v2\/posts\/18200"}],"collection":[{"href":"https:\/\/speyer24news.com\/index.php?rest_route=\/wp\/v2\/posts"}],"about":[{"href":"https:\/\/speyer24news.com\/index.php?rest_route=\/wp\/v2\/types\/post"}],"author":[{"embeddable":true,"href":"https:\/\/speyer24news.com\/index.php?rest_route=\/wp\/v2\/users\/3"}],"replies":[{"embeddable":true,"href":"https:\/\/speyer24news.com\/index.php?rest_route=%2Fwp%2Fv2%2Fcomments&post=18200"}],"version-history":[{"count":1,"href":"https:\/\/speyer24news.com\/index.php?rest_route=\/wp\/v2\/posts\/18200\/revisions"}],"predecessor-version":[{"id":18201,"href":"https:\/\/speyer24news.com\/index.php?rest_route=\/wp\/v2\/posts\/18200\/revisions\/18201"}],"wp:attachment":[{"href":"https:\/\/speyer24news.com\/index.php?rest_route=%2Fwp%2Fv2%2Fmedia&parent=18200"}],"wp:term":[{"taxonomy":"category","embeddable":true,"href":"https:\/\/speyer24news.com\/index.php?rest_route=%2Fwp%2Fv2%2Fcategories&post=18200"},{"taxonomy":"post_tag","embeddable":true,"href":"https:\/\/speyer24news.com\/index.php?rest_route=%2Fwp%2Fv2%2Ftags&post=18200"}],"curies":[{"name":"wp","href":"https:\/\/api.w.org\/{rel}","templated":true}]}}