{"id":18227,"date":"2019-08-23T08:57:02","date_gmt":"2019-08-23T07:57:02","guid":{"rendered":"https:\/\/speyer24news.com\/?p=18227"},"modified":"2019-08-26T06:52:20","modified_gmt":"2019-08-26T05:52:20","slug":"speyer-aktuell-6","status":"publish","type":"post","link":"https:\/\/speyer24news.com\/?p=18227","title":{"rendered":"Speyer Aktuell:"},"content":{"rendered":"<style type=\"text\/css\">\r\n\t.ads_top_disp{}\r\n\t.ads_top_corner_disp{ float:left; margin:0px 10px 10px 0px; }\r\n\t.ads_first_p_disp{}\r\n\t.ads_bottom_disp{}\r\n\t<\/style>\n<h2 class=\"wp-block-heading\">Klimanotstand \u2026 oder ein neuer \u201eKlimahype\u201c?<\/h2>\n\n\n\n<h4 class=\"wp-block-heading\"><em>Ein Kommentar von Daniel Kemmerich<\/em><\/h4>\n\n\n\n<div class=\"wp-block-image\"><figure class=\"aligncenter\"><img decoding=\"async\" loading=\"lazy\" width=\"500\" height=\"667\" src=\"https:\/\/speyer24news.com\/wp-content\/uploads\/2019\/08\/Temperatur-SP-25.07.19-12-Uhr.jpg\" alt=\"\" class=\"wp-image-18228\" srcset=\"https:\/\/speyer24news.com\/wp-content\/uploads\/2019\/08\/Temperatur-SP-25.07.19-12-Uhr.jpg 500w, https:\/\/speyer24news.com\/wp-content\/uploads\/2019\/08\/Temperatur-SP-25.07.19-12-Uhr-225x300.jpg 225w\" sizes=\"(max-width: 500px) 100vw, 500px\" \/><\/figure><\/div>\n\n\n\n<p><strong>Speyer \u2013 <\/strong>Seit gestern Abend (22.08.2019) ist es also soweit und die Fraktion \u201eDer Linken\u201c, bestehend aus 2 Personen, hat es geschafft, mit ihrem Antrag durchzukommen\u2026 wir haben nun auch in Speyer den <strong>Klimanotstand<\/strong>! <\/p>\n\n\n\n<p>Doch was ist eigentlich ein Klimanotstand und wer hat es erfunden? Die Schweizer waren es diesmal nicht, sondern eher das Gefolge um die Klimaj\u00fcngerin <strong>Greta Thunberg<\/strong>. Diese selbsternannte Klimasch\u00fctzerin und mutma\u00dfliche Expertin verweigert immer an einem Freitag die Schule um, f\u00fcr das Klima zu protestieren. Hieraus entwickelte sich, nat\u00fcrlich mit perfektem Marketing und PR Arbeit seitens ihres erfahren Vater Svante Thunberg, die Ikone des Klimaschutzes. Ihr Vater betreute und managte davor schon seine Frau Marlena Ernman als S\u00e4ngerin. Letztere schrieb 2018 auch ein Buch \u00fcber ihre \u00e4lteste Tochter Greta.<\/p>\n\n\n\n<div class=\"wp-block-image\"><figure class=\"aligncenter\"><img decoding=\"async\" loading=\"lazy\" width=\"800\" height=\"592\" src=\"https:\/\/speyer24news.com\/wp-content\/uploads\/2019\/08\/FFF-Neutral-Quer.png\" alt=\"\" class=\"wp-image-18229\" srcset=\"https:\/\/speyer24news.com\/wp-content\/uploads\/2019\/08\/FFF-Neutral-Quer.png 800w, https:\/\/speyer24news.com\/wp-content\/uploads\/2019\/08\/FFF-Neutral-Quer-300x222.png 300w, https:\/\/speyer24news.com\/wp-content\/uploads\/2019\/08\/FFF-Neutral-Quer-768x568.png 768w, https:\/\/speyer24news.com\/wp-content\/uploads\/2019\/08\/FFF-Neutral-Quer-80x60.png 80w\" sizes=\"(max-width: 800px) 100vw, 800px\" \/><\/figure><\/div>\n\n\n\n<p>Aber zur\u00fcck zur durch Greta Thunberg initiierten Bewegung <strong>#FridaysForFuture (FFF)<\/strong> und dem daraus Resultierenden. Die Stadt Speyer ist bereits seit 10 Jahren stark im Umweltschutz engagiert und hat sich selbst hohe Ziele gesteckt. <\/p>\n\n\n\n<div class=\"wp-block-image\"><figure class=\"aligncenter\"><img decoding=\"async\" loading=\"lazy\" width=\"500\" height=\"500\" src=\"https:\/\/speyer24news.com\/wp-content\/uploads\/2019\/08\/FFF-Speyer.jpg\" alt=\"\" class=\"wp-image-18230\" srcset=\"https:\/\/speyer24news.com\/wp-content\/uploads\/2019\/08\/FFF-Speyer.jpg 500w, https:\/\/speyer24news.com\/wp-content\/uploads\/2019\/08\/FFF-Speyer-150x150.jpg 150w, https:\/\/speyer24news.com\/wp-content\/uploads\/2019\/08\/FFF-Speyer-300x300.jpg 300w\" sizes=\"(max-width: 500px) 100vw, 500px\" \/><\/figure><\/div>\n\n\n\n<p>So sind die <strong>Stadtwerke Speyer<\/strong> federf\u00fchrend dabei, bis sp\u00e4testens im Jahr 2030 100 %&nbsp; des Energiebedarfs von Speyer aus regenerativen Quellen zu speisen. Im Jahr 2040 soll dann auch 100 % der ben\u00f6tigten W\u00e4rme, in Speyer aus regenerativen Quellen kommen. Und bereits heute sind es bei beidem \u00fcber 50 %.<\/p>\n\n\n\n<div class=\"wp-block-image\"><figure class=\"aligncenter\"><img decoding=\"async\" loading=\"lazy\" width=\"400\" height=\"285\" src=\"https:\/\/speyer24news.com\/wp-content\/uploads\/2019\/08\/KISS-Logo-farbig-SWS.jpg\" alt=\"\" class=\"wp-image-18231\" srcset=\"https:\/\/speyer24news.com\/wp-content\/uploads\/2019\/08\/KISS-Logo-farbig-SWS.jpg 400w, https:\/\/speyer24news.com\/wp-content\/uploads\/2019\/08\/KISS-Logo-farbig-SWS-300x214.jpg 300w\" sizes=\"(max-width: 400px) 100vw, 400px\" \/><\/figure><\/div>\n\n\n\n<p>Die <strong>Stadt Speyer<\/strong> und <strong>Stadtwerke Speyer<\/strong> haben <strong>KISS <\/strong>ins Leben gerufen, die <strong>Klimaschutz-Initiative<\/strong>. Diese vergibt Kiss-Siegel an Unternehmen, Gewerbebetriebe, Institutionen und Vereine. Voraussetzung daf\u00fcr ist eine Einrichtung am Standort Speyer, die im Jahr 2018\/2019 energieeffizient saniert, gebaut und\/oder Ma\u00dfnahmen zur CO<sub>2<\/sub>-Reduzierung (Neuanschaffung, Umstellung auf energieeffiziente Netze) durchgef\u00fchrt hat.<\/p>\n\n\n\n<p>Neubauprojekte wurden genau angeschaut und gepr\u00fcft, seien es private, aber auch die von <strong>Gewo <\/strong>und <strong>GBS<\/strong>. So wurden meistens auch gleich Photovoltaikanlagen auf den D\u00e4chern installiert. Unternehmen mussten um Erweiterungsfl\u00e4chen \u201ek\u00e4mpfen\u201c und das, obwohl sie zu den gr\u00f6\u00dften Arbeitgebern in Speyer geh\u00f6ren (<strong>PM International AG<\/strong> z.B. beim Bau seiner Erweiterungshalle).<\/p>\n\n\n\n<div class=\"wp-block-image\"><figure class=\"aligncenter\"><img decoding=\"async\" loading=\"lazy\" width=\"500\" height=\"500\" src=\"https:\/\/speyer24news.com\/wp-content\/uploads\/2019\/08\/Kiss-Siegel.jpg\" alt=\"\" class=\"wp-image-18232\" srcset=\"https:\/\/speyer24news.com\/wp-content\/uploads\/2019\/08\/Kiss-Siegel.jpg 500w, https:\/\/speyer24news.com\/wp-content\/uploads\/2019\/08\/Kiss-Siegel-150x150.jpg 150w, https:\/\/speyer24news.com\/wp-content\/uploads\/2019\/08\/Kiss-Siegel-300x300.jpg 300w\" sizes=\"(max-width: 500px) 100vw, 500px\" \/><\/figure><\/div>\n\n\n\n<p>Dies alles wurde allerdings freiwillig bzw. unter selbst\nauferlegten Aspekten durchgef\u00fchrt. Einen Klimanotstand auszurufen geht insoweit\nweiter, dass Klimaschutzaspekte immer mit ber\u00fccksichtigt werden m\u00fcssen. Jede\nEntscheidung muss nun auch immer Klimaschutz bzw. den \u00f6kologischen\nGesichtspunkt mit beinhalten und auf diese gepr\u00fcft werden.&nbsp; <\/p>\n\n\n\n<p>Sei es das Anlegen eines <strong>Steingarten <\/strong>im Vorhof, der Bau einer Garage, die k\u00fcnftig eine Dachbegr\u00fcnung ben\u00f6tigen wird oder eventuell sogar unsere liebgewonnen Feste wie Brezelfest, Altp\u00f6rtel in Flammen, Herbst und Fr\u00fchjahrsmesse\u2026 denn auch <strong>Feuerwerke <\/strong>sind \u00f6kologisch nicht zu vertreten, da sie L\u00e4rmemmissionen und Feinstaub erzeugen.<\/p>\n\n\n\n<figure class=\"wp-block-image\"><img decoding=\"async\" loading=\"lazy\" width=\"800\" height=\"600\" src=\"https:\/\/speyer24news.com\/wp-content\/uploads\/2019\/07\/DSC04856.jpg\" alt=\"\" class=\"wp-image-17187\" srcset=\"https:\/\/speyer24news.com\/wp-content\/uploads\/2019\/07\/DSC04856.jpg 800w, https:\/\/speyer24news.com\/wp-content\/uploads\/2019\/07\/DSC04856-300x225.jpg 300w, https:\/\/speyer24news.com\/wp-content\/uploads\/2019\/07\/DSC04856-768x576.jpg 768w, https:\/\/speyer24news.com\/wp-content\/uploads\/2019\/07\/DSC04856-678x509.jpg 678w, https:\/\/speyer24news.com\/wp-content\/uploads\/2019\/07\/DSC04856-326x245.jpg 326w, https:\/\/speyer24news.com\/wp-content\/uploads\/2019\/07\/DSC04856-80x60.jpg 80w\" sizes=\"(max-width: 800px) 100vw, 800px\" \/><\/figure>\n\n\n\n<p>Wir d\u00fcrfen also gespannt sein, was k\u00fcnftig alles kommen wird und was sich ver\u00e4ndern wird. Dass sich etwas ver\u00e4ndern muss, sollte jedem klar sein, genauso sollte aber auch jedem klar sein, dass ein Land,&nbsp; welches im Jahr 2018 gesch\u00e4tzte 865 Millionen Tonnen CO\u00b2 ausgesto\u00dfen hat, nur bedingt ins Gewicht f\u00e4llt gegen L\u00e4nder wie China mit mehr als 11 Milliarden Tonnen CO\u00b2 Aussto\u00df im Jahr 2018. Insgesamt ist Deutschland mit knapp 2,5 % am weltweiten <strong>CO\u00b2 Aussto\u00df<\/strong> beteiligt, als eines der gr\u00f6\u00dften Industriel\u00e4nder, also ein bemerkenswert niedriger Wert, der zeigt, wie sehr schon auf die Umwelt geachtet wird.<\/p>\n\n\n\n<div class=\"wp-block-image\"><figure class=\"aligncenter\"><img decoding=\"async\" loading=\"lazy\" width=\"800\" height=\"618\" src=\"https:\/\/speyer24news.com\/wp-content\/uploads\/2019\/08\/CO-2-Emission.png\" alt=\"\" class=\"wp-image-18233\" srcset=\"https:\/\/speyer24news.com\/wp-content\/uploads\/2019\/08\/CO-2-Emission.png 800w, https:\/\/speyer24news.com\/wp-content\/uploads\/2019\/08\/CO-2-Emission-300x232.png 300w, https:\/\/speyer24news.com\/wp-content\/uploads\/2019\/08\/CO-2-Emission-768x593.png 768w\" sizes=\"(max-width: 800px) 100vw, 800px\" \/><\/figure><\/div>\n\n\n\n<p>Ebenfalls nicht vergessen sollte man, dass <strong>CO\u00b2 auch D\u00fcnger<\/strong> ist, denn noch nie hatten wir ein solch gro\u00dfes Pflanzenwachstum wie in diesen Zeiten. Die Schweizer haben da ein tolles Projekt am Laufen \u201eClimeworks\u201c. Diese will bis 2025 1 % des weltweiten CO\u00b2 aus der Luft filtern und mit diesem Pflanzen in Gew\u00e4chsh\u00e4usern d\u00fcngen. Co\u00b2 ist also ebenfalls ein wertvoller D\u00fcnger und sorgt daf\u00fcr, dass Pflanzen 20 % schneller wachsen.<\/p>\n\n\n\n<div class=\"wp-block-image\"><figure class=\"aligncenter\"><img decoding=\"async\" loading=\"lazy\" width=\"400\" height=\"286\" src=\"https:\/\/speyer24news.com\/wp-content\/uploads\/2019\/08\/Diagram.png\" alt=\"\" class=\"wp-image-18234\" srcset=\"https:\/\/speyer24news.com\/wp-content\/uploads\/2019\/08\/Diagram.png 400w, https:\/\/speyer24news.com\/wp-content\/uploads\/2019\/08\/Diagram-300x215.png 300w\" sizes=\"(max-width: 400px) 100vw, 400px\" \/><figcaption>Deutschlands Anteil betrug 2,4 % im Jahr 2011<\/figcaption><\/figure><\/div>\n\n\n\n<h4 class=\"wp-block-heading\">Interessante Links:<\/h4>\n\n\n\n<p><strong>Artikel zu Climeworks:<\/strong> <a href=\"https:\/\/www.gq-magazin.de\/auto-technik\/article\/smog-kohlenstoff-co2-schweiz-filtersystem-duenger-klimaschutz\">https:\/\/www.gq-magazin.de\/auto-technik\/article\/smog-kohlenstoff-co2-schweiz-filtersystem-duenger-klimaschutz<\/a><\/p>\n\n\n\n<p><strong>Liste der gr\u00f6\u00dften Kohlenstoffdioxidemittenten:<\/strong> <a href=\"https:\/\/de.wikipedia.org\/wiki\/Liste_der_gr%25C3%25B6%25C3%259Ften_Kohlenstoffdioxidemittenten\">https:\/\/de.wikipedia.org\/wiki\/Liste_der_gr%C3%B6%C3%9Ften_Kohlenstoffdioxidemittenten<\/a><\/p>\n\n\n\n<p><em>Foto: Wikipedia \/ EPA Lektorin: Speyer 24\/7 News, ank<br>23.08.2019<\/em><\/p>\n","protected":false},"excerpt":{"rendered":"<div class=\"mh-excerpt\"><p>Klimanotstand \u2026 oder ein neuer \u201eKlimahype\u201c? Ein Kommentar von Daniel Kemmerich Speyer \u2013 Seit gestern Abend (22.08.2019) ist es also soweit und die Fraktion \u201eDer Linken\u201c, bestehend aus 2 Personen, hat es geschafft, mit ihrem <a class=\"mh-excerpt-more\" href=\"https:\/\/speyer24news.com\/?p=18227\" title=\"Speyer Aktuell:\">[&#8230;]<\/a><\/p>\n<\/div>","protected":false},"author":3,"featured_media":0,"comment_status":"open","ping_status":"open","sticky":false,"template":"","format":"standard","meta":{"_monsterinsights_skip_tracking":false,"_monsterinsights_sitenote_active":false,"_monsterinsights_sitenote_note":"","_monsterinsights_sitenote_category":0,"footnotes":""},"categories":[9],"tags":[2910,1238,1239,1593,2908,1268,2906,1426,2905,2907,182,1425,2909,6,771,31,394],"aioseo_notices":[],"amp_enabled":true,"_links":{"self":[{"href":"https:\/\/speyer24news.com\/index.php?rest_route=\/wp\/v2\/posts\/18227"}],"collection":[{"href":"https:\/\/speyer24news.com\/index.php?rest_route=\/wp\/v2\/posts"}],"about":[{"href":"https:\/\/speyer24news.com\/index.php?rest_route=\/wp\/v2\/types\/post"}],"author":[{"embeddable":true,"href":"https:\/\/speyer24news.com\/index.php?rest_route=\/wp\/v2\/users\/3"}],"replies":[{"embeddable":true,"href":"https:\/\/speyer24news.com\/index.php?rest_route=%2Fwp%2Fv2%2Fcomments&post=18227"}],"version-history":[{"count":2,"href":"https:\/\/speyer24news.com\/index.php?rest_route=\/wp\/v2\/posts\/18227\/revisions"}],"predecessor-version":[{"id":18288,"href":"https:\/\/speyer24news.com\/index.php?rest_route=\/wp\/v2\/posts\/18227\/revisions\/18288"}],"wp:attachment":[{"href":"https:\/\/speyer24news.com\/index.php?rest_route=%2Fwp%2Fv2%2Fmedia&parent=18227"}],"wp:term":[{"taxonomy":"category","embeddable":true,"href":"https:\/\/speyer24news.com\/index.php?rest_route=%2Fwp%2Fv2%2Fcategories&post=18227"},{"taxonomy":"post_tag","embeddable":true,"href":"https:\/\/speyer24news.com\/index.php?rest_route=%2Fwp%2Fv2%2Ftags&post=18227"}],"curies":[{"name":"wp","href":"https:\/\/api.w.org\/{rel}","templated":true}]}}