{"id":18237,"date":"2019-08-23T18:57:39","date_gmt":"2019-08-23T17:57:39","guid":{"rendered":"https:\/\/speyer24news.com\/?p=18237"},"modified":"2019-08-23T18:57:41","modified_gmt":"2019-08-23T17:57:41","slug":"polizei-46","status":"publish","type":"post","link":"https:\/\/speyer24news.com\/?p=18237","title":{"rendered":"Polizei:"},"content":{"rendered":"<style type=\"text\/css\">\r\n\t.ads_top_disp{}\r\n\t.ads_top_corner_disp{ float:left; margin:0px 10px 10px 0px; }\r\n\t.ads_first_p_disp{}\r\n\t.ads_bottom_disp{}\r\n\t<\/style>\n<h2 class=\"wp-block-heading\">Polizeimeldungen vom Donnerstag &amp; Freitag (22.08. &amp; 23.08.2019)<\/h2>\n\n\n\n<div class=\"wp-block-image\"><figure class=\"aligncenter\"><img decoding=\"async\" src=\"https:\/\/speyer24news.com\/wp-content\/uploads\/2019\/07\/Aktuelles-Polizeilogo-1.jpg\" alt=\"\" class=\"wp-image-16637\"\/><\/figure><\/div>\n\n\n\n<h4 class=\"wp-block-heading\">(Speyer) &#8211; Vorsicht ! Blindflug wegen tiefstehender Sonne<\/h4>\n\n\n\n<div class=\"wp-block-image\"><figure class=\"aligncenter\"><img decoding=\"async\" loading=\"lazy\" width=\"800\" height=\"600\" src=\"https:\/\/speyer24news.com\/wp-content\/uploads\/2019\/08\/22.08.19-SP-VU.jpg\" alt=\"\" class=\"wp-image-18238\" srcset=\"https:\/\/speyer24news.com\/wp-content\/uploads\/2019\/08\/22.08.19-SP-VU.jpg 800w, https:\/\/speyer24news.com\/wp-content\/uploads\/2019\/08\/22.08.19-SP-VU-300x225.jpg 300w, https:\/\/speyer24news.com\/wp-content\/uploads\/2019\/08\/22.08.19-SP-VU-768x576.jpg 768w, https:\/\/speyer24news.com\/wp-content\/uploads\/2019\/08\/22.08.19-SP-VU-678x509.jpg 678w, https:\/\/speyer24news.com\/wp-content\/uploads\/2019\/08\/22.08.19-SP-VU-326x245.jpg 326w, https:\/\/speyer24news.com\/wp-content\/uploads\/2019\/08\/22.08.19-SP-VU-80x60.jpg 80w\" sizes=\"(max-width: 800px) 100vw, 800px\" \/><\/figure><\/div>\n\n\n\n<p>Am\n Donnerstagmorgen kam es in Speyer innerhalb kurzer Zeit zu zwei \nVerkehrsunf\u00e4llen, bei welchen die Unfallverursacher jeweils die \neingeschr\u00e4nkte Sicht aufgrund der tiefstehenden Sonne als Unfallursache \nanf\u00fchrten. <\/p>\n\n\n\n<p>Gegen 09:19 Uhr fuhr eine 72j\u00e4hrigen Frau aus \nB\u00f6hl-Iggelheim mit ihrem VW Polo aus Richtung Iggelheim kommend in den \nKreisverkehr am Bauhaus ein und \u00fcbersah dabei einen sich mit seinem \nMercedes bereits im Kreisverkehr befindlichen 63j\u00e4hrigen Speyerer. Es \nkam zum Zusammensto\u00df der Fahrzeuge, bei welchem keiner der \nUnfallbeteiligten verletzt wurde, jedoch ein Gesamtschaden von ca. \n7500EUR entstand. Die Unfallverursacherin gab an, von der tiefstehenden \nSonne geblendet gewesen zu sein. <\/p>\n\n\n\n<p>Ein weiterer Unfall ereignete \nsich gegen 09:48 Uhr an einer zu diesem Zeitpunkt wegen eines G\u00fcterzuges\n geschlossenen Bahnschranke in der Hafenstra\u00dfe. Ein mit seinem Mercedes \nin Richtung Schillerweg fahrender 89j\u00e4hriger Speyer \u00fcbersah die \nBahnschranke als auch das das dortige Rotlicht und fuhr deshalb durch \ndie geschlossene Schranke hindurch. Hierbei ging seine Frontscheibe zu \nBruch. Die Schranke wurde nach oben gedr\u00fcckt, war jedoch weiterhin \nfunktionst\u00fcchtig. Der durch die Kollision entstandene Sachschaden an Pkw\n und Schranke d\u00fcrfte bei ca. 500EUR liegen. Zu einer \nGef\u00e4hrdungssituation mit einem herannahenden Zug kam es nicht. Auch der \nMercedes Fahrer gab an, durch die blendende Sonne Schranke und Rotlicht \nnicht wahrgenommen zu haben. <\/p>\n\n\n\n<p>Die Polizei wei\u00dft in diesem \nZusammenhang darauf hin, dass gerade bei tiefstehender Sonne in den \nMorgen- und Abendstunden die Sicht stark eingeschr\u00e4nkt sein kann und r\u00e4t\n in solchen Situationen: <\/p>\n\n\n\n<p>Runter vom Gas ! Sicherheitsabstand einhalten ! Sonnenbrille tragen ! Den Blick auf den rechten Fahrbahnrand senken ! <\/p>\n\n\n\n<h4 class=\"wp-block-heading\">(Speyer) &#8211; Kurzfristige Festnahme wegen offenem Haftbefehl<\/h4>\n\n\n\n<p>W\u00e4hrend einer Fu\u00dfstreife in der Maximilianstra\u00dfe konnte ein 27J\u00e4hriger aus  R\u00f6merberg einer polizeilichen Personenkontrolle unterzogen werden. Bei  der \u00dcberpr\u00fcfung seiner Person fiel auf, dass gegen ihn ein offener  Haftbefehl in niedriger vierstelliger H\u00f6he bestand. Der Verantwortliche  zeigte sich nicht in der Lage, den ausstehenden Gesamtbetrag umgehend zu  begleichen und bat die Polizeibeamten um eine Ratenzahlung. Deshalb  nahmen diese Kontakt mit der zust\u00e4ndigen Staatsanwaltschaft auf, wo eine  Ratenzahlung bewilligt und die R\u00fccknahme des Haftbefehls veranlasst  wurde. Der 27J\u00e4hrige konnte danach wieder auf freien Fu\u00df gesetzt werden.  <\/p>\n\n\n\n<h4 class=\"wp-block-heading\">(Speyer) &#8211; Zwei Ladendiebst\u00e4hle<\/h4>\n\n\n\n<p>Zu zwei Ladendiebst\u00e4hlen mit jeweils jugendlichen T\u00e4tern kam es am Mittwochnachmittag und fr\u00fchen Abend in Speyer.<\/p>\n\n\n\n<p>In\n einem Supermarkt im Wei\u00dfdornweg bezahlte ein 18j\u00e4hrigen Mann aus Speyer\n mehrere Waren und war danach im Begriff, den Kassenbereich zu \nverlassen. Hierbei fiel der Kassiererin dessen ausgebeulter Hosenbund \nauf. Hierauf angesprochen zog der junge Mann seinen Pullover hoch, unter\n welchem sich eine unbezahlte 0,7 Liter Wodka-Flasche befand. <\/p>\n\n\n\n<p>Gegen  18:55 Uhr wurde eine 19j\u00e4hrige aus Speyer in einem Bekleidungsgesch\u00e4ft  in der Maximilianstra\u00dfe dabei ertappt, wie sie Modeschmuck im Wert von  ca. 15 EUR aus der Verpackung entfernte und das Gesch\u00e4ft verlassen  wollte, ohne f\u00fcr den Schmuck zu bezahlen. Durch Angestellte  angesprochen, h\u00e4ndigte sie die entwendeten Modeschmuckteile wieder aus. <\/p>\n\n\n\n<h4 class=\"wp-block-heading\">(Speyer) &#8211; Verkehrsunfallflucht L\u00f6ffelgasseparkplatz<\/h4>\n\n\n\n<p>Ein\n 36j\u00e4hriger BMW- Fahrer aus Waldsee wollte am Mittwoch gegen 17:50 Uhr \nvom L\u00f6ffelgasseparkplatz ausfahren. Er bemerkte dabei eine VW \nScirocco-Fahrerin, die von rechts immer n\u00e4her r\u00fcckw\u00e4rts in Richtung \nseines Fahrzeugs fuhr und vernahm dann ein kurzes schleifendes Ger\u00e4usch.\n Die Fahrerin des blauen Scirocco (Kennzeichen unbekannt) verlie\u00df danach\n mit ihrem Fahrzeug den Parkplatz, konnte jedoch von dem BMW-Fahrer an \nder nahegelegenen Ampelanlage Math\u00e4us-Hotz-Stra\u00dfe\/Bahnhofstra\u00dfe auf den \nVorfall angesprochen. Sie bestritt, gegen den BMW gefahren zu sein und \nfuhr dann, ohne dass es zu einem Personalienaustausch kam, weiter. Der \nBMW wies einen Unfallschaden in Form von zwei Kratzern im Heckbereich \nauf. Die Unfallbeteiligte Scirocco-Fahrerin wird deshalb aufgerufen, \nsich mit der Polizei unter der Tel.-Nr. 06232-1370 oder per Mail <a href=\"mailto:pispeyer@polizei.rlp.de\">pispeyer@polizei.rlp.de<\/a>\n in Verbindung zu setzen. Sollte es Zeugen des Unfalls geben bzw. \nPersonen, die Auskunft zum Kennzeichen des Scirocco geben k\u00f6nnen, werden\n diese ebenfalls gebeten, sich bei der Polizei Speyer zu melden. <\/p>\n\n\n\n<h4 class=\"wp-block-heading\">(Speyer) &#8211; Verirrte Schlange in Gesch\u00e4ftslager<\/h4>\n\n\n\n<p>Der\n Lagerist eines Kinderbekleidungsgesch\u00e4ftes in der Auestra\u00dfe stellte am \nMittwoch gegen 17:40 Uhr bei seiner Arbeit im Lager des Gesch\u00e4ftes eine \nca. 60-70 cm gro\u00dfe Schlange fest und verst\u00e4ndigte daraufhin die Polizei.\n Vor Ort stellte sich nach R\u00fccksprache mit einer Mitarbeiterin eines \nnahegelegenen Zoofachgesch\u00e4ftes heraus, dass es sich bei dem \naufgefundenen Tier lediglich um eine heimische, harmlose Ringelnatter \nhandelt. Diese wurde daher in einem angrenzenden Geb\u00fcsch wieder in die \nFreiheit entlassen. <\/p>\n\n\n\n<h4 class=\"wp-block-heading\">(Speyer) &#8211; Herrenloses E-Bike im Geb\u00fcsch gefunden<\/h4>\n\n\n\n<p>Am Mittwochmorgen wurde die Polizei \u00fcber ein E-Bike nahe des  Friedrich-H\u00f6lderlin-Weges verst\u00e4ndigt. Dieses solle bereits seit dem  Vortag in einem Geb\u00fcsch am &#8218;Hundespielplatz&#8216; am Weg zwischen dem  Friedrich-H\u00f6lderlin-Weg und dem Woogbach liegen. Vor Ort konnte das  mitgeteilte Fahrrad &#8211; ein graues Damen-E-Bike der Marke Chicco &#8211; durch  die eingesetzte Streifenbesatzung aufgefunden werden. Eine polizeiliche  \u00dcberpr\u00fcfung des Rades ergab, dass dieses bislang nicht als gestohlen  gemeldet wurde. Deshalb wurde die Stadt informiert, welche sich des  Fahrrads annahm. Sollte jemand das beschrieben Fahrrad vermissen, ist  dieses beim Fundb\u00fcro der Stadt Speyer gegen einen entsprechenden  Eigentumsnachweis abzuholen. <\/p>\n\n\n\n<h4 class=\"wp-block-heading\">(Speyer) &#8211; Diebstahl aus Handtasche<\/h4>\n\n\n\n<p>Bereits  am Samstag, 10.08.2019 gegen 11 Uhr kam es in der Maximilianstra\u00dfe  Speyer zu einem Diebstahl aus einer um die Schulter getragenen  Handtasche einer 55j\u00e4hrigen Frau aus Speyer. Diese wurde in der  Fu\u00dfg\u00e4ngerzone von zwei ihr unbekannten Personen angerempelt. Es soll  sich dabei um eine weibliche, ca. 40j\u00e4hrige und eine m\u00e4nnliche, ca.  25-30j\u00e4hrige Person gehandelt haben. Die Gesch\u00e4digte stellte danach  fest, dass der Rei\u00dfverschluss ihrer Handtasche offenstand. Da sich ihr  Geldbeutel und ihr Schl\u00fcsselbund weiterhin in der Handtasche befanden,  machte sich die Angerempelte jedoch zun\u00e4chst keine weiteren Gedanken.  Erst als sie am 22.08. ihr Fahrzeug zur Inspektion anmelden wollte,  bemerkte sie das Fehlen ihres Dokumentenm\u00e4ppchens mit F\u00fchrerschein,  Fahrzeugschein und 50EUR Bargeld, welches sich zur Tatzeit in ihrer  Handtasche befunden hat. Derzeit liegen der Polizei keinerlei  T\u00e4terhinweise vor. Zeugenhinweise werden unter Tel.-Nr. 06232-1370 oder  per Mail an <a href=\"mailto:pispeyer@polizei.rlp.de\">pispeyer@polizei.rlp.de<\/a> entgegen genommen. <\/p>\n\n\n\n<h4 class=\"wp-block-heading\">(Limburgerhof) &#8211; Unfallflucht \/ Radfahrerin schwer verletzt<\/h4>\n\n\n\n<p>Am 20.08.2019 gegen 09:00 Uhr kam es zu einem Unfall mit einer  Radfahrerin, die sich dabei schwer verletzte. Der Unfallverursacher  fl\u00fcchtete. Die 65-j\u00e4hrige fuhr mit ihrem Fahrrad die Parkstra\u00dfe entlang  in Richtung Knospstra\u00dfe. Ihr kam ein roter Kleinwagen entgegen, der an  auf seiner Seite geparkten Pkws vorbeifuhr und somit direkt auf die  65-j\u00e4hrige Frau zuhielt. Sie musste ausweichen, um einen Zusammensto\u00df zu  verhindern und st\u00fcrzte dabei zu Boden. Sie zog sich dadurch einen  komplizierten Bruch am Oberarm zu. Der Fahrer oder die Fahrerin des  roten Kleinwagens fuhr weiter, ohne sich um die Frau zu k\u00fcmmern. Die  Polizei ermittelt nun wegen des unerlaubten Entfernens vom Unfallort und  fahrl\u00e4ssiger K\u00f6rperverletzung. Zeugen, die Angaben zum Unfallhergang  oder dem fl\u00fcchtigen Fahrzeug bzw. den Insassen machen k\u00f6nnen, werden  gebeten, sich mit der Polizei Schifferstadt unter 06235 495-0 oder <a href=\"mailto:pischifferstadt@polizei.rlp.de\">pischifferstadt@polizei.rlp.de<\/a> in Verbindung zu setzen. <\/p>\n\n\n\n<h4 class=\"wp-block-heading\">(Lingenfeld) &#8211; Schulweg\u00fcberwachung<\/h4>\n\n\n\n<p>Ein Versto\u00df wegen mangelnder Kindersicherung stellte der Bezirksbeamte  der Verbandsgemeinde Lingenfeld bei einer Schulweg\u00fcberwachung im Bereich  der Grundschule am Donnerstag zwischen 7.30 und 08.15 Uhr fest. Die  Beamten der Polizeiinspektion Germersheim zeigten sich erfreut \u00fcber das  Ergebnis. <\/p>\n\n\n\n<h4 class=\"wp-block-heading\">(Germersheim) &#8211; Cannabis gefunden<\/h4>\n\n\n\n<p>Ein Verfahren wegen Versto\u00df gegen das Bet\u00e4ubungsmittelgesetz wurde am  Freitagmorgen gegen 0.20 Uhr gegen einen 18 &#8211; j\u00e4hrigen Mann aus Mannheim  eingeleitet. Der Autofahrer war in eine Verkehrskontrolle im  Stadtgebiet geraten und hatte in seinem Handschuhfach eine geringe Menge  Cannabis mitgef\u00fchrt. Zudem bestand der Verdacht, dass der Fahrer unter  dem Einfluss von Cannabis am Stra\u00dfenverkehr teilnahm. Dem Mann wurde bei  der Dienststelle eine Blutprobe genommen. Die Drogen wurden  sichergestellt. <\/p>\n\n\n\n<h4 class=\"wp-block-heading\">(Germersheim \/ Sondernheim) &#8211; Geschwindigkeitsmessung<\/h4>\n\n\n\n<p>Vier Verst\u00f6\u00dfe wegen \u00fcberh\u00f6hter Geschwindigkeit stellten Beamte der  Polizeiinspektion Germersheim bei einer Messung am Donnerstagabend in  der Zeit von 20.30 bis 21.15 Uhr in Germersheim fest. Die Kontrolle  erfolgte in H\u00f6he der Feuerwehr, hierbei wurde der Verkehr aus Richtung  Sondernheim in Richtung Germersheim \u00fcberwacht. Der &#8222;Schnellste&#8220; wurde  bei erlaubten 70 km\/h mit 93 km\/h gemessen. <\/p>\n\n\n\n<h4 class=\"wp-block-heading\">(Germersheim) &#8211; Bekifft unterwegs<\/h4>\n\n\n\n<p>Unter dem Einfluss von Cannabis stand ein 31 &#8211; j\u00e4hriger Autofahrer,  welcher am Mittwochabend gegen 20.15 Uhr im Stadtgebiet kontrolliert  wurde. Im Rahmen der Kontrolle r\u00e4umte er den Drogenkonsum ein. Die  Weiterfahrt wurde untersagt. Dem Fahrer wurde eine Blutprobe bei der  Polizeidienststelle entnommen. Ein Ermittlungsverfahren wegen Versto\u00df  gegen das Bet\u00e4ubungsmittelgesetz wurde eingeleitet. Zudem erwartet den  Fahrer ein Bu\u00dfgeld in H\u00f6he von 500 EUR sowie ein Fahrverbot f\u00fcr einen  Monat. <\/p>\n\n\n\n<h4 class=\"wp-block-heading\">(Germersheim) &#8211; Tempo 30 \u00fcberwacht<\/h4>\n\n\n\n<p>27 Geschwindigkeitsverst\u00f6\u00dfe ahndeten Beamte der Polizeiinspektion  Germersheim am Mittwoch in der Zeit von 17 bis 20 Uhr im Bereich der  Stra\u00dfe Am Unkenfunk in Germersheim. Bei erlaubten 30 km\/h wurde der  &#8222;Schnellste&#8220; mit 55 km\/h gemessen. Weiterhin ergab sich ein Versto\u00df  wegen mangelnder Kindersicherung sowie ein Versto\u00df wegen nicht anlegen  des Sicherheitsgurtes. Weiterhin wurden neun Fahrzeuge wegen  entsprechender M\u00e4ngel beanstandet. <\/p>\n\n\n\n<h4 class=\"wp-block-heading\">(Bellheim) &#8211; LKW-Brand<\/h4>\n\n\n\n<div class=\"wp-block-image\"><figure class=\"aligncenter\"><img decoding=\"async\" loading=\"lazy\" width=\"500\" height=\"667\" src=\"https:\/\/speyer24news.com\/wp-content\/uploads\/2019\/08\/22.08.19-Bellheim-LKW-Brand.jpg\" alt=\"\" class=\"wp-image-18239\" srcset=\"https:\/\/speyer24news.com\/wp-content\/uploads\/2019\/08\/22.08.19-Bellheim-LKW-Brand.jpg 500w, https:\/\/speyer24news.com\/wp-content\/uploads\/2019\/08\/22.08.19-Bellheim-LKW-Brand-225x300.jpg 225w\" sizes=\"(max-width: 500px) 100vw, 500px\" \/><\/figure><\/div>\n\n\n\n<p>Aus\n bislang ungekl\u00e4rter Ursache brannte am Donnerstag, den 22.08.2019 gegen\n 06.00 Uhr der Innenraum eines Kastenaufbaus an einem LKW eines \nM\u00f6belhauses. <\/p>\n\n\n\n<p>Nach den L\u00f6scharbeiten der Feuerwehr konnte im  Rahmen der Ermittlungen keine Hinweise auf eine vors\u00e4tzliche  Inbrandsetzung gefunden werden. Der gesch\u00e4tzte Sachschaden bel\u00e4uft sich  auf ca. 20.000 Euro, da der gesamte Kastenaufbau des LKW erneuert werden  muss. Die weiteren Ermittlungen zur Brandursache dauern derzeit noch  an. <\/p>\n\n\n\n<h4 class=\"wp-block-heading\">(Herxheim) &#8211; Frontalzusammensto\u00df<\/h4>\n\n\n\n<p>Ein 26-j\u00e4hriger Fahrer eines Lieferwagens kam auf der L493 in Herxheim  beim Befahren zwischen beiden Kreiseln am Ortseingang in Fahrtrichtung  Herxheim in einer leichten Linkskurve auf die Gegenfahrbahn und stie\u00df  hier frontal mit einer 48-j\u00e4hrigen Ford-Fahrerin zusammen.  Gl\u00fccklicherweise wurden die Insassen hierbei nicht verletzt. Die beiden  Fahrzeuge wurden jedoch erheblich besch\u00e4digt und mussten abgeschleppt  werden. Aufgrund des entstandenen Splitterfeldes und ausgelaufener  Betriebsstoffe musste die Fahrbahn zwischen beiden Kreiseln voll  gesperrt werden. Dennoch fuhren einige Verkehrsteilnehmer an der  Sperrung vorbei in die Unfallstelle, was die Beamten bei der  Unfallaufnahme beeintr\u00e4chtigte und die Reinigungsma\u00dfnahmen aufgrund der  zerfahrenen Betriebsstoffe ausgedehnt werden mussten. Ein ortsans\u00e4ssiger  Landwirt kam zuf\u00e4llig an der Unfallstelle vorbei und hatte weiteres  Absperrmaterial dabei, welches dankenswerterweise vor\u00fcbergehend noch von  den Polizeibeamten eingesetzt werden konnte. <\/p>\n\n\n\n<h4 class=\"wp-block-heading\">(W\u00f6rth am Rhein) &#8211; W\u00e4hrend der Arbeit Felgen entwendet<\/h4>\n\n\n\n<p>Nicht schlecht staunte ein Mitarbeiter der Firma Daimler-Benz, als er  am Donnerstag, dem 22.08.2019, nach der Arbeit, gegen 23.20 Uhr, zum  Abstellort seines Fahrzeugs auf dem Parkplatz bei Tor 1 zur\u00fcckkam.  Unbekannte hatten w\u00e4hrend seiner Abwesenheit sein Auto auf  Betonpflastersteine aufgebockt und alle vier R\u00e4der entwendet. Bei der  Demontage wurde das Fahrzeug noch besch\u00e4digt. Der Diebstahl- und  Sachschaden wird auf etwa 6500 Euro gesch\u00e4tzt. Hinweise werden an die  Polizeiinspektion W\u00f6rth erbeten. <\/p>\n\n\n\n<h4 class=\"wp-block-heading\">(W\u00f6rth am Rhein) &#8211; 72-j\u00e4hrige Autofahrerin f\u00e4hrt unter Alkoholeinwirkung<\/h4>\n\n\n\n<p>Anwohner der Richard-Wagner-Stra\u00dfe teilten der Polizeiinspektion W\u00f6rth  am Donnerstag, dem 22.08.2019, um 20.00 Uhr, mit, sie h\u00e4tten von der  Einm\u00fcndung Hanns-Martin-Schleyer-Stra\u00dfe in die Richard-Wagner-Stra\u00dfe her  einen lauten Knall vernommen. Bei einer Nachschau konnte ein  silberfarbenes Fahrzeug stehend an der dortigen Verkehrsinsel  festgestellt werden, das die Fahrt in der Richard-Wagner-Stra\u00dfe  fortgesetzt h\u00e4tte. An der geschilderten Aufprallstelle konnten  Polizeibeamte eine d\u00fcnne \u00d6lspur feststellen, die sie direkt zum Anwesen  der 72-j\u00e4hrigen Autofahrerin f\u00fchrte, die mit ihrem Fahrzeug \u00fcber die  Verkehrsinsel gefahren war. Die Dame stand erkennbar unter  Alkoholeinwirkung und f\u00fchrte einen Test durch, der 2,04 Promille ergab.  Ihr wurde eine Blutprobe entnommen, ihr F\u00fchrerschein einbehalten. <\/p>\n\n\n\n<h4 class=\"wp-block-heading\">(W\u00f6rth am Rhein) &#8211; Mit Promille zu schnell in die Kurve<\/h4>\n\n\n\n<p>Am Donnerstag, dem 22.08.2019, um 15.40 Uhr, befuhr ein 35-j\u00e4hriger  Autofahrer die B 10 aus Karlsruhe kommend in Fahrtrichtung Pfalz. Er  wechselte am W\u00f6rther Kreuz von der B 10 auf die Auffahrt zur B 9 in  Fahrtrichtung Ludwigshafen und kam in der scharfen Rechtskurve aufgrund  \u00fcberh\u00f6hter Geschwindigkeit und Alkoholeinfluss nach links von der  Fahrbahn ab. W\u00e4hrend der Unfallaufnahme wurde festgestellt, dass der  35-J\u00e4hrige unter Alkoholeinwirkung stand. Ein Test ergab 2,02 Promille.  Seinen F\u00fchrerschein ist der 35-J\u00e4hrige f\u00fcr einige Zeit los. Es entstand  Sachschaden in H\u00f6he von 6000 Euro. <\/p>\n\n\n\n<h4 class=\"wp-block-heading\">(W\u00f6rth am Rhein) &#8211; 83-j\u00e4hrige Rentnerin st\u00fcrzt mit Fahrrad<\/h4>\n\n\n\n<p>Eine 83-j\u00e4hrige Radfahrerin befuhr am Donnerstag, dem 22.08.2019, um  11.40 Uhr,  den Radweg neben der Rheinbr\u00fccke von Karlsruhe kommend in  Richtung Maximiliansau. Im absch\u00fcssigen Bereich des Radwegs, der zur  Eisenbahnstra\u00dfe f\u00fchrt, stieg sie nicht ab, und versuchte ihre Fahrt mit  der Vorderradbremse zu verlangsamen. Hierbei riss das Zugseil der  Bremse, die Frau verlor die Kontrolle \u00fcber ihr Fahrrad und st\u00fcrzte auf  den Asphalt. Durch den Sturz zog sie sich diverse leichtere Verletzungen  zu, die in einem Krankenhaus behandelt werden mussten. Die Frau trug  zum Unfallzeitpunkt keinen Schutzhelm. <\/p>\n\n\n\n<h4 class=\"wp-block-heading\">(Schweigen-Rechtenbach) &#8211; Hauswand besch\u00e4digt<\/h4>\n\n\n\n<p>Am Mittwoch, 21.08.2019, zwischen 09:00 und 11:00 Uhr, wurde in der  Talstra\u00dfe, eine Hauswand in einer H\u00f6he von 2m besch\u00e4digt. Ein bislang  unbekannter Lkw-Fahrer touchierte im Vorbeifahren die Hauswand und  richtete einen Sachschaden in noch unbekannter H\u00f6he an. Anschlie\u00dfend  entfernte sich der Unbekannte unerlaubt von der Unfallstelle. Zeugen  werden gebeten sich bei der Polizei Bad Bergzabern unter 06343\/9334-0  oder per email unter <a href=\"mailto:pibadbergzabern@polizei.rlp.de\">pibadbergzabern@polizei.rlp.de<\/a> zu melden. <\/p>\n\n\n\n<h4 class=\"wp-block-heading\">(Bad Bergzabern) &#8211; Hauswand und Glasscheibe besch\u00e4digt<\/h4>\n\n\n\n<p>Am Dienstag, 20.08.2019, gegen 02:30 Uhr, warfen bislang unbekannte  Personen, Steine gegen ein Gesch\u00e4ftsgeb\u00e4ude in der Kettengasse. Hierbei  entstand ein Sachschaden in H\u00f6he von 200.- Euro. Beim Entdecken rannten  die T\u00e4ter davon. Hinweise auf die T\u00e4ter nimmt die Polizei Bad Bergzabern  unter 06343\/93340 oder per Email unter <a href=\"mailto:pibadbergzabern@polizei.rlp.de\">pibadbergzabern@polizei.rlp.de<\/a> entgegen. <\/p>\n\n\n\n<h4 class=\"wp-block-heading\">(Silz) &#8211; \u00dcberholvorgang geht glimpflich aus<\/h4>\n\n\n\n<p>Am 22.08.2019, um 07:20 Uhr, befuhren ein Pkw-Fahrer und ein Lkw-Fahrer  die L 493 von Vorderweidenthal in Richtung Silz. Zwischen dem Wild- und  Wanderpark und dem Ortseingang Silz \u00fcberholte der 54-j\u00e4hriger  Skoda-Fahrer im Verlauf einer Rechtskurve, einen 57-j\u00e4hrigen Lkw-Fahrer  und \u00fcbersah hierbei einen entgegenkommendes Fahrzeug. Um einen  Zusammensto\u00df mit dem Entgegenkommenden zu vermeiden, scherte der  \u00fcberholende Skoda-Fahrer vor dem \u00fcberholten Lkw zu eng ein und  kollidierte mit dem Mercedes-Fahrer. An beiden Fahrzeugen entstand ein  Sachschaden in H\u00f6he von 8000.- Euro. Verletzt wurde gl\u00fccklicherweise  niemand. <\/p>\n\n\n\n<h4 class=\"wp-block-heading\">(Billigheim-Ingenheim) &#8211; Mit Motorrad gest\u00fcrzt<\/h4>\n\n\n\n<p>Auf der B 38, von Landau kommend in Richtung Appenhofen, wollte eine  16-j\u00e4hrige junge Frau mit ihrem Leichtkraftrad nach rechts auf einen  Feldweg abbiegen. Hierbei verlor sie die Kontrolle \u00fcber das Fahrzeug,  geriet ins Schleudern und kam zu Fall.  Hierbei verletzte sie sich  leicht und musste in ein Krankenhaus eingeliefert werden. <\/p>\n\n\n\n<h4 class=\"wp-block-heading\">(Landau) &#8211; Zug verpasst und R\u00e4der gestohlen<\/h4>\n\n\n\n<p>Zwei Br\u00fcder im Alter von 14 und 17 Jahren wurden in der Nacht zu Freitag am Busbahnhof  festgestellt, nachdem ein Zeuge mitteilte, dass sich drei Personen am  Fahrradst\u00e4nder des Hauptbahnhofes zu schaffen machten. Die dritte Person  befand sich nicht mehr vor Ort. Die Br\u00fcder gaben an, dass sie den Zug  verpasst h\u00e4tten und mit den gestohlenen R\u00e4dern, die nach wie vor mit  einem Schloss durch die Hinterr\u00e4der abgeschlossen waren, nach Hause  fahren wollten. Die R\u00e4der wurden wieder zur\u00fcck gestellt und die Br\u00fcder  ihren Eltern \u00fcberstellt. <\/p>\n\n\n\n<h4 class=\"wp-block-heading\">(Landau) &#8211; Verkehrsunfallflucht<\/h4>\n\n\n\n<p>Auf einem Parkplatz in der Albert-Einstein-Stra\u00dfe wurde am Mittwochabend ein PKW Ford  mit S\u00dcW-Kennzeichen von einem unbekannten Fahrzeug beim Ein- oder  Ausparken am linken Fahrzeugheck besch\u00e4digt. Der Verursacher entfernte  sich danach unerlaubt von der Unfallstelle. Es entstand Schaden von ca.  1000 Euro. <\/p>\n\n\n\n<p>Zeugen m\u00f6gen sich bitte bei der Polizei Landau melden. <\/p>\n\n\n\n<h4 class=\"wp-block-heading\">(Landau) &#8211; Mehrfach bei Rot \u00fcber die Ampel<\/h4>\n\n\n\n<p>Der Fahrer einer grauen Limousine mit S\u00dcW-Kennzeichen bog am Mittwochnachmittag von der  D\u00f6rrenbergstra\u00dfe nach rechts in die Wei\u00dfenburger Stra\u00dfe ein und  missachtete hierbei trotz querenden Fu\u00dfg\u00e4ngerverkehrs das Rotlicht der  Ampelanlage. Anschlie\u00dfend bog der Fahrer auf das Tankstellengel\u00e4nde ein,  um kurz darauf wieder auf die Wei\u00dfenburger Stra\u00dfe einzufahren und bog  erneut bei Rot nach links in die D\u00f6rrenbergstra\u00dfe ab, die er dann weiter  mit hoher Geschwindigkeit befuhr. Es handelte sich um einen m\u00e4nnlichen  Fahrer, der nicht n\u00e4her beschrieben werden konnte. <\/p>\n\n\n\n<p>Zeugen und auch Fu\u00dfg\u00e4nger, die bei dem Fahrman\u00f6ver gef\u00e4hrdet wurden, m\u00f6gen sich bitte bei der Polizei Landau melden. <\/p>\n\n\n\n<h4 class=\"wp-block-heading\">(Landau) &#8211; Mit E-Scooter unterwegs<\/h4>\n\n\n\n<p>Eine 20-j\u00e4hrige Frau wurde am Donnerstag in der Albert-Einstein-Stra\u00dfe mit einem  E-Scooter angetroffen. Da das Fahrzeug bis zu 24 km\/h schnell f\u00e4hrt und  die Dame keinen Versicherungsschutz und auch keinen F\u00fchrerschein  besitzt, wurde die Weiterfahrt untersagt und eine entsprechende Anzeige  gefertigt. <\/p>\n\n\n\n<h4 class=\"wp-block-heading\">(Landau-Ebenberg) &#8211; Asbestdach illegal entsorgt<\/h4>\n\n\n\n<div class=\"wp-block-image\"><figure class=\"aligncenter\"><img decoding=\"async\" loading=\"lazy\" width=\"800\" height=\"450\" src=\"https:\/\/speyer24news.com\/wp-content\/uploads\/2019\/08\/22.08.19-LD-Asbestdach.jpg\" alt=\"\" class=\"wp-image-18240\" srcset=\"https:\/\/speyer24news.com\/wp-content\/uploads\/2019\/08\/22.08.19-LD-Asbestdach.jpg 800w, https:\/\/speyer24news.com\/wp-content\/uploads\/2019\/08\/22.08.19-LD-Asbestdach-300x169.jpg 300w, https:\/\/speyer24news.com\/wp-content\/uploads\/2019\/08\/22.08.19-LD-Asbestdach-768x432.jpg 768w, https:\/\/speyer24news.com\/wp-content\/uploads\/2019\/08\/22.08.19-LD-Asbestdach-678x381.jpg 678w\" sizes=\"(max-width: 800px) 100vw, 800px\" \/><figcaption>Asbestablagerung<\/figcaption><\/figure><\/div>\n\n\n\n<p>Bisher\n unbekannte T\u00e4ter lagerten m Bereich der Bahngleise s\u00fcdlich der \nBahnlinie Landau-Karlsruhe, in H\u00f6he von Landau-Queichheim, gr\u00f6\u00dfere \nMengen Asbestplatten ab. Die Ablagerung wurde am Donnerstag, den \n22.08.2019 festgestellt. Wann genau die Platten dort abgelagert wurden, \nkonnte bisher jedoch noch nicht ermittelt werden. <\/p>\n\n\n\n<p>Aufgrund Anzahl und Form d\u00fcrften die Platten von einem ca. 100 Quadratmeter gro\u00dfen Satteldach entfernt worden sein. <\/p>\n\n\n\n<p>Zeugen,  die Angaben zur Herkunft der Platten oder zur Ablagerung machen k\u00f6nnen,  werden gebeten sich mit der Kriminalinspektion Landau unter der  Telefonnummer: 06341-287-0 in Verbindung zu setzen. <\/p>\n\n\n\n<h4 class=\"wp-block-heading\">(Hainfeld) &#8211; Fahrzeugbrand<\/h4>\n\n\n\n<p>Am Morgen des 22.08.2019 wurde hiesiger Dienststelle eine schwarze  Rauchs\u00e4ule im Bereich der V\u00f6lkerstra\u00dfe gemeldet. Der Bereich wurde durch  die Streife und die Feuerwehr gro\u00dffl\u00e4chig abgesucht. \u00dcber Anwohner  konnte schlie\u00dflich in Erfahrung gebracht werden, dass es in der  Weinstra\u00dfe zu einem Fahrzeugbrand kam. Vor Ort stellte sich heraus, dass  der Motorraum eines VW Transporters im Stand, aufgrund eines  technischen Defekts, zu brennen begann. Der 77j\u00e4hrige Fahrzeughalter  konnte den Brand jedoch selbstst\u00e4ndig l\u00f6schen. Am Fahrzeug entstand  wirtschaftlicher Totalschaden. <\/p>\n\n\n\n<h4 class=\"wp-block-heading\">(Edenkoben) &#8211; Unfall mit schwerverletztem Radfahrer<\/h4>\n\n\n\n<p>Am 23.08.2019, gegen 10:15 Uhr, kam es in der Radeburger Stra\u00dfe zu  einem schweren Verkehrsunfall mit einem Pedelecfahrer. Dieser befuhr  die Radeburger Stra\u00dfe aus Richtung Klosterstra\u00dfe. Kurz nach der  dortigen Verkehrsinsel kam der 71j\u00e4hrige Radfahrer aus Bayern aus  bisher ungekl\u00e4rter Ursache zu Fall. Der Radfahrer trug keinen Helm.  Durch den hinzugezogenen Rettungsdienst wurde er mit Kopfverletzungen in ein umliegendes Krankenhaus verbracht. Bei der Unfallaufnahme war  der Mann ansprechbar. <\/p>\n\n\n\n<p>Zeugenhinweise nimmt die PI Edenkoben unter 06323 955-0 oder per Mail an <a href=\"mailto:piedenkoben@polizei.rlp.de\">piedenkoben@polizei.rlp.de<\/a> entgegen. <\/p>\n\n\n\n<h4 class=\"wp-block-heading\">(Maikammer) &#8211; Ein defektes Bremslicht und seine Folgen<\/h4>\n\n\n\n<p>Am 22.08.2019, gegen 12:00 Uhr, fiel der Streife ein Pkw mit defektem  Bremslicht auf der L516 in H\u00f6he Maikammer auf. Der Fahrer wurde aus  diesem Grund zwecks Verkehrskontrolle angehalten. Noch bevor die Beamten  ein Wort sagen konnten, \u00fcbergab der Fahrer den Fahrzeugschl\u00fcssel an den  Kontrollierenden mit den Worten &#8222;ich habe Nichts&#8220;. Im weiteren Verlauf  der Kontrolle stellte sich heraus, dass der 40j\u00e4hrige aus der VG  Maikammer seit 21 Jahren ohne Fahrerlaubnis am Verkehr teilnimmt.  Au\u00dferdem geh\u00f6rten die am Fahrzeug angebrachten Kennzeichen zu einem  anderen Pkw. Der Pkw wurde sichergestellt und gegen den Mann diverse  Strafverfahren eingeleitet. <\/p>\n\n\n\n<h4 class=\"wp-block-heading\">(Neustadt) &#8211; Erlebnistag Deutsche Weinstra\u00dfe: Querungsstellen f\u00fcr den motorisierten Verkehr im Bereich Neustadt<\/h4>\n\n\n\n<div class=\"wp-block-image\"><figure class=\"aligncenter\"><img decoding=\"async\" loading=\"lazy\" width=\"500\" height=\"589\" src=\"https:\/\/speyer24news.com\/wp-content\/uploads\/2019\/08\/25.08.19-NW-Erlebnistag-Weinstra\u00dfe.jpg\" alt=\"\" class=\"wp-image-18241\" srcset=\"https:\/\/speyer24news.com\/wp-content\/uploads\/2019\/08\/25.08.19-NW-Erlebnistag-Weinstra\u00dfe.jpg 500w, https:\/\/speyer24news.com\/wp-content\/uploads\/2019\/08\/25.08.19-NW-Erlebnistag-Weinstra\u00dfe-255x300.jpg 255w\" sizes=\"(max-width: 500px) 100vw, 500px\" \/><figcaption>Durchlassstellen Weinstra\u00dfe in Neustadt<\/figcaption><\/figure><\/div>\n\n\n\n<p>Am kommenden Sonntag findet der Erlebnistag Deutsche Weinstra\u00dfe statt.  Um Allen eine m\u00f6glichst friedliche, ungest\u00f6rte und stressfreie Zeit zu  erm\u00f6glichen, m\u00f6chte die Polizeiinspektion Neustadt auf die zul\u00e4ssigen  Durchlassstellen f\u00fcr den die Weinstra\u00dfe querenden, motorisierten   Fahrzeugverkehr in ihrem Dienstgebiet informieren. Aus der beigef\u00fcgten  \u00dcbersicht ergeben sich die f\u00fcnf \u00d6rtlichkeiten, an denen die jeweils auf  der anderen Seite der Weinstra\u00dfe liegenden Stra\u00dfenz\u00fcge erreicht werden  k\u00f6nnen. Teilweise ist auch die Anfahrt zur Querungsstelle verdeutlicht.  Die Polizei Neustadt bittet Alle, sich an bestehende  (Verkehrs-)regelungen zu halten, auf die Nutzung von Schleichwegen zu  verzichten, den Anweisungen sowohl von Polizei, aber auch von  Ordnungsamt, Feuerwehr, THW, sowie anderen Helferinnen und Helfern zu  folgen und individuelle &#8222;Bed\u00fcrfnisse&#8220; dem Gelingen der  Gesamtveranstaltung im Zweifelsfall unterzuordnen. Durch das erstellte  Sicherheitskonzept wurde versucht den einzelnen Interessensgruppierungen  bestm\u00f6glich Rechnung zu tragen. 1. Am Rosengarten: Durchlassstelle f\u00fcr  den Fernverkehr in Rtg. Kaiserslautern und die Ortsteile Haardt,  Gimmeldingen und K\u00f6nigsbach 2. Landauer Stra\u00dfe \/ Hauptstra\u00dfe:  Durchlassstelle f\u00fcr den Fernverkehr in Richtung Speyer, Landau, BAB 65,  sowie zu den \u00f6stlichen Stadtteilen Lachen-Speyerdorf, Geinsheim und  Duttweiler 3. Hambacher Stra\u00dfe \/ Haltweg: Durchlassstelle mit  Zufahrtsm\u00f6glichkeiten zu den Bereichen Waldstra\u00dfe, Dochnahlstra\u00dfe&#8230; 4.  Dammstra\u00dfe \/ Weinstra\u00dfe und  Weinstra\u00dfe \/ R\u00f6merweg: Durchlassstelle  abflie\u00dfender Verkehr aus Richtung NW-Hambach in Richtung L 516 \/ BAB 65  5. Eichstra\u00dfe \/ Weinstra\u00dfe (Eichplatz): Durchlassstelle f\u00fcr  Fahrzeugverkehr in Richtung NW-Hambach, NW-Diedesfeld (West) und  Hambacher Schloss <\/p>\n\n\n\n<h4 class=\"wp-block-heading\">(Neustadt) &#8211; Mercedes mit spitzem Gegenstand besch\u00e4digt<\/h4>\n\n\n\n<p>Ein nicht angemeldeter grauer Mercedes wurde in der Nacht zum  22.08.2019 auf einem offenen Verkaufsgel\u00e4nde in der Dammstra\u00dfe von  bislang Unbekannten besch\u00e4digt. In die Motorhaube und die Fahrerseite  wurden  mit einem spitzen Gegenstand Kratzer eingeritzt. Der Sachschaden  betr\u00e4gt ca. 2500 Euro. <\/p>\n\n\n\n<h4 class=\"wp-block-heading\">(Neustadt) &#8211; Date endet mit K\u00f6rperverletzung<\/h4>\n\n\n\n<p>Die Polizei wurde am 22.08.2019 gegen 23:00 Uhr ins Krankenhaus  gerufen, da dort eine Person behandelt wurde, die mit einem  Reizstoffspr\u00fchger\u00e4t attackiert wurde. Es stellte sich heraus, dass sich  ein 32-j\u00e4hriger Mann aus dem bayerischen Oberstaufen am Abend mit einer  unbekannten Prostituierten in Neustadt verabredete. Das Treffen wurde  \u00fcber Internet arrangiert und ein Preis von 50 Euro vereinbart.  Allerdings war der Freier entt\u00e4uscht, weil die Frau scheinbar \u00e4lter war  als vermutet. So wollte er den vereinbarten Geldbetrag nicht begleichen  und beendete das Treffen. Die sichtlich ver\u00e4rgerte Frau verabschiedete  sich mit einem Spr\u00fchsto\u00df eines Reizstoff-Sprays in die Augen, so dass  der 32-J\u00e4hrige orientierungslos wurde und Schmerzen erlitt. Durch einen  bislang unbekannten Passanten wurde er ins Krankenhaus Neustadt  gebracht. Zur \u00d6rtlichkeit, an der das Treffen stattfand, wollte oder  konnte der Oberstaufener keine Angaben machen. <\/p>\n\n\n\n<h4 class=\"wp-block-heading\">(Neustadt) &#8211; Beim Einbruch sich selbst verletzt<\/h4>\n\n\n\n<p>Ein 20-j\u00e4hriger Neustadter ist am sp\u00e4ten Mittwochabend den 21.08.2019  in ein leerstehendes Haus in der Landwehrstra\u00dfe eingebrochen. Er schlug  die Scheibe ein und gelangte so in das Haus. Dass er sich hierbei am  Handgelenk verletzte, bemerkte er erst kurze Zeit sp\u00e4ter. Er ging zum  Fenster und schrie um Hilfe. Zeugen halfen ihm aus dem Haus und  alarmierten den Rettungsdienst und die Polizei. Die kleine blutende  Schnittwunde wurde \u00e4rztlich versorgt. Der Heranwachsende wurde zun\u00e4chst  mit zur Dienststelle genommen. Nach Abschluss der polizeilichen  Ma\u00dfnahmen wurde er entlassen. <\/p>\n\n\n\n<h4 class=\"wp-block-heading\">(Neustadt) &#8211; Betrunken beim Rangieren zwei Fahrzeuge besch\u00e4digt<\/h4>\n\n\n\n<p>Ein 77-j\u00e4hriger Mann aus R\u00f6merberg hat am Mittwochabend den 21.08.2019  beim Ausparken im Mandelring zwei Fahrzeuge besch\u00e4digt. Er stie\u00df beim  Rangieren gegen die Fahrzeuge, die vor bzw. hinter ihm abgeparkt waren.  Bei der Unfallaufnahme bemerkten die Beamten Alkoholgeruch. Ein  Atemalkoholtest ergab eine Konzentration von 1,59 Promille. Dem  77-J\u00e4hrigen wurde eine Blutprobe entnommen und der F\u00fchrerschein wurde  sichergestellt. An den beiden Fremdfahrzeugen entstand nur geringer  Sachschaden (ca. 300 Euro). <\/p>\n\n\n\n<h4 class=\"wp-block-heading\">(Neustadt) &#8211; Mofafahrer unter Einfluss von Drogen<\/h4>\n\n\n\n<p>Am Mittwoch den 21.08.2019 wurde gegen 18:15 Uhr ein Mofafahrer in der  Winzinger Stra\u00dfe einer Verkehrskontrolle unterzogen. Der 22-j\u00e4hrige  Fahrer zeigte Drogentypische Auff\u00e4lligkeiten und gab den regelm\u00e4\u00dfigen  Konsum von Bet\u00e4ubungsmitteln zu. Ein Drogenschnelltest verlief positiv.  Ihm wurde eine Blutprobe entnommen. Ihn erwartet nun eine  Ordnungswidrigkeitenanzeige mit 500 Euro Bu\u00dfgeld, zwei Punkten in  Flensburg und einen Monat Fahrverbot. <\/p>\n\n\n\n<h4 class=\"wp-block-heading\">(Lambrecht) &#8211; Ziegenbock auf der B 39<\/h4>\n\n\n\n<div class=\"wp-block-image\"><figure class=\"aligncenter\"><img decoding=\"async\" loading=\"lazy\" width=\"800\" height=\"600\" src=\"https:\/\/speyer24news.com\/wp-content\/uploads\/2019\/08\/22.08.19-Lambrecht-Ziegenbock.jpg\" alt=\"\" class=\"wp-image-18242\" srcset=\"https:\/\/speyer24news.com\/wp-content\/uploads\/2019\/08\/22.08.19-Lambrecht-Ziegenbock.jpg 800w, https:\/\/speyer24news.com\/wp-content\/uploads\/2019\/08\/22.08.19-Lambrecht-Ziegenbock-300x225.jpg 300w, https:\/\/speyer24news.com\/wp-content\/uploads\/2019\/08\/22.08.19-Lambrecht-Ziegenbock-768x576.jpg 768w, https:\/\/speyer24news.com\/wp-content\/uploads\/2019\/08\/22.08.19-Lambrecht-Ziegenbock-678x509.jpg 678w, https:\/\/speyer24news.com\/wp-content\/uploads\/2019\/08\/22.08.19-Lambrecht-Ziegenbock-326x245.jpg 326w, https:\/\/speyer24news.com\/wp-content\/uploads\/2019\/08\/22.08.19-Lambrecht-Ziegenbock-80x60.jpg 80w\" sizes=\"(max-width: 800px) 100vw, 800px\" \/><\/figure><\/div>\n\n\n\n<p>Am Donnerstag den 22.08.2019 wurde die Polizei gegen 10:00 Uhr \u00fcber  einen Ziegenbock auf der B39 bei Lambrecht gemeldet. Das Tier wurde beim  Eintreffen der Streife auf dem Gel\u00e4nde eines Blumengesch\u00e4ftes  festgestellt und konnte zun\u00e4chst in ein Gew\u00e4chshaus eingesperrt werden.  Im weiteren Verlauf wurde der Ziegenbock von der Feuerwehr betreut. <\/p>\n\n\n\n<h4 class=\"wp-block-heading\">(Wachenheim) &#8211; Vers. Enkeltrick durchschaut<\/h4>\n\n\n\n<p>Am Nachmittag des 22.08.19 wurde die Polizei Bad D\u00fcrkheim von einer  \u00e4lteren Dame dar\u00fcber informiert, dass sie gegen 12:30 Uhr einen Anruf  von einer unbekannten Frau erhalten habe. Diese wollte sie raten lassen  wer denn dran sei, gab sich aber letztendlich als ihre Gro\u00dfnichte aus  und bat um eine finanzielle Hilfe von 40.000 Euro. Die \u00e4ltere Dame  reagierte richtig und gab an, dass sie dies erst mit ihrer Tochter  besprechen m\u00fcsse. Daraufhin wurde das Gespr\u00e4ch beendet. Ein Schaden ist  somit nicht entstanden. <\/p>\n\n\n\n<h4 class=\"wp-block-heading\">(Bad D\u00fcrkheim) &#8211; Gef\u00e4hrliche K\u00f6rperverletzung<\/h4>\n\n\n\n<p>Am 21.08.19, gegen 20:35 Uhr, wurde die Polizei dar\u00fcber informiert,  dass soeben am &#8222;Stadion&#8220; mehrere Personen auf einen Mann eingeschlagen  h\u00e4tten. Vor Ort stellte sich heraus, dass die B-Jugend des SV Bad  D\u00fcrkheim ein Fu\u00dfballspiel gegen die Jugend des SV Waldhof bestritten  hatte. W\u00e4hrend des Spiels soll es bereits mehrfach zu Beleidigungen und  P\u00f6beleien gekommen. sei. Aus diesem Grunde wurde von dem 36-J\u00e4hrigen  Trainer und Jugendleiter des SV Bad D\u00fcrkheim das Hausrecht durchgesetzt  und vier Personen im Alter von 17, 18 und 28 Jahren von der Sportanlage  verwiesen. Diese Personen stammen alle aus der Region Bad D\u00fcrkheim.  Zuvor soll es auch zu einer Rangelei zwischen dem Trainer und einem  weiteren 17-J\u00e4hrigen gekommen sein. Hierbei wurde das T-Shirt des  Trainers und des 17-J\u00e4hrigen besch\u00e4digt und der Jugendliche verletzt.  Nachdem das Spiel beendet war begaben sich alles Spieler und der Trainer  in die Umkleidekabine. Pl\u00f6tzlich betraten vier unbekannte Personen den  Flur zur Umkleidekabine und einer davon schlug mit einem Schlagstock auf  den Trainer ein. Danach fl\u00fcchteten die unbekannten T\u00e4ter mit einem Pkw.  Ob es sich bei den unbekannten T\u00e4ter um die zuvor in Erscheinung  getretenen Personen handelt, die von der Sportanlage verwiesen wurden,  steht nicht fest. Dies m\u00fcssen die weiteren Ermittlungen ergeben. Der  Trainer zog sich eine Kopfplatzwunde zu. Auch wurde ein Zahn in  Mitleidenschaft gezogen. Er wurde in ein Krankenhaus eingeliefert und  ambulant behandelt. Spieler des SV Bad D\u00fcrkheim wurden nicht verletzt. <\/p>\n\n\n\n<p>Zeugen,  die die Auseinandersetzung beobachtet haben, m\u00f6gen sich bitte mit der  Polizeiinspektion Bad D\u00fcrkheim, Tel. 06322\/963-0, oder <a href=\"mailto:pibadduerkheim@polizei.rlp.de\">pibadduerkheim@polizei.rlp.de<\/a> in Verbindung setzen. <\/p>\n\n\n\n<h4 class=\"wp-block-heading\">(Gr\u00fcnstadt) &#8211; Sachbesch\u00e4digung an KFZ<\/h4>\n\n\n\n<p>Unbekannte haben einen vor der Fa. Raumdecor Haa\u00df geparkten PKW  erheblich besch\u00e4digt. Alle 4 Reifen wurden platt gestochen, zudem wurde  der PKW rundherum zerkratzt. Der Schaden wird auf mehrere tausend Euro  gesch\u00e4tzt. Die 60-j\u00e4hrige Gesch\u00e4digte konnte keinen Tatverdacht \u00e4u\u00dfern.  Die Polizei bittet um Hinweise aus der Bev\u00f6lkerung: Wer etwas zur  Sachbesch\u00e4digung sagen kann, soll dies bitte bei der Polizei Gr\u00fcnstadt  mitteilen &#8211; Tel. 06359 93120. <\/p>\n\n\n\n<h4 class=\"wp-block-heading\">(Gro\u00dfkarlbach) &#8211; Ein Schorle zu viel?<\/h4>\n\n\n\n<p>Bei der Kontrolle eines 61-j\u00e4hrigen PKW-Fahrers aus Gro\u00dfkarlbach  stellten die Beamten Atemalkoholgeruch fest. Ein Test ergab einen Wert  von umgerechnet 0,78 Promille. Auto und F\u00fchrerschein wurden  sichergestellt. Beides bekommt der 61-J\u00e4hre zur\u00fcck, wenn er wieder  n\u00fcchtern ist. <\/p>\n\n\n\n<h4 class=\"wp-block-heading\">(Lambsheim) &#8211; Verkehrsunfallflucht \/ Zeugen gesucht!!!<\/h4>\n\n\n\n<p>Am 16.08.2019 gegen 20:30 Uhr rangiert ein PKW in Lambsheim, in der  M\u00fchltorstra\u00dfe r\u00fcckw\u00e4rts aus einer Hofeinfahrt heraus und st\u00f6\u00dft gegen den  auf der gegen\u00fcberliegenden Seite, senkrecht zur Fahrbahn geparkten PKW,  welcher am Heck besch\u00e4digt wird. Der Unfallverursacher verl\u00e4sst die  Unfallstelle, ohne sich um die Schadensregulierung zu k\u00fcmmern. Der  Schaden am geparkten PKW bel\u00e4uft sich auf etwa 200EUR <\/p>\n\n\n\n<p>Wer \nsachdienliche Hinweise zu dem genannten Fall geben kann, wird gebeten \nsich mit der Polizeiwache Maxdorf unter der Rufnummer 06237\/934-1100 in \nVerbindung zu setzen. Hinweise k\u00f6nnen auch per E-Mail unter <a href=\"mailto:pwmaxdorf@polizei.rlp.de\">pwmaxdorf@polizei.rlp.de<\/a> an die Polizei \u00fcbermittelt werden. <\/p>\n\n\n\n<p>Die  Polizei weist daraufhin, dass Unerlaubtes Entfernen von Unfallort kein  Kavaliersdelikt ist! Der fl\u00fcchtige Fahrer muss mit einer Geld- oder  Freiheitsstrafe bis zu 3 Jahren und evtl. mit einem F\u00fchrerscheinentzug  rechnen. Au\u00dferdem kann der Fl\u00fcchtige den Kaskoschutz seiner  Kfz-Versicherung verlieren und von seiner Versicherung an der  Beteiligung des Fremdschadens beteiligt werden. Die Polizei r\u00e4t deshalb  jeden Unfall bei der Polizei zu melden. <\/p>\n\n\n\n<h4 class=\"wp-block-heading\">(Frankenthal) &#8211; Verkehrskontrolle<\/h4>\n\n\n\n<p>Aufgrund von B\u00fcrgerbeschwerden wurden im verkehrsberuhigten Bereich der  Wormser Stra\u00dfe am 22.08.2019, zwischen 22.30 Uhr und 23.30 Uhr,  Geschwindigkeitskontrollen durchgef\u00fchrt. Bei 32 Fahrzeugen welche in  diesem Zeitraum gemessen wurden, wurden insgesamt 7  Geschwindigkeitsverst\u00f6\u00dfe festgestellt. Der h\u00f6chstgemessenen Wert nach  Abzug der Toleranz von 3 km\/h betrug 37 km\/h. Wir werden auch weiterhin  in diesem Bereich Geschwindigkeitskontrollen durchf\u00fchren. <\/p>\n\n\n\n<h4 class=\"wp-block-heading\">(Frankenthal) &#8211; Verkehrsunfallflucht I<\/h4>\n\n\n\n<p>Der Gesch\u00e4digte stellt seinen Pkw Seat Alhambra am 22.08.2019, in der  Zeit von 07.50 Uhr bis 18.15 Uhr, in der Mahlastra\u00dfe, H\u00f6he Hausnummer  20a, ab. Als er wieder zu seinem Fahrzeug kommt, muss er feststellen,  dass dieses durch einen bislang unbekannten Fahrzeugf\u00fchrer an der  hinteren rechten Sto\u00dfstange besch\u00e4digt wurde. Der Schaden wird auf etwa  500 Euro gesch\u00e4tzt. <\/p>\n\n\n\n<p>Wer sachdienliche Hinweise zu dem genannten \nFall geben kann, wird gebeten sich mit der Polizeiinspektion Frankenthal\n unter der Rufnummer 06233\/313-0 oder der Polizeiwache Maxdorf unter der\n Rufnummer 06237\/934-1100 in Verbindung zu setzen. Hinweise k\u00f6nnen auch \nper E-Mail unter <a href=\"mailto:pifrankenthal@polizei.rlp.de\">pifrankenthal@polizei.rlp.de<\/a> an die Polizei \u00fcbermittelt werden. <\/p>\n\n\n\n<h4 class=\"wp-block-heading\">(Frankenthal) &#8211; Verkehrsunfallflucht II<\/h4>\n\n\n\n<p>Der Gesch\u00e4digte stellt seinen Pkw Mercedes-Benz A180 am 22.08.2019, in  der Zeit von 08.00 Uhr bis 16.00 Uhr, in der Industriestra\u00dfe, H\u00f6he  Hausnummer 13, ab. Als er wieder zu seinem Fahrzeug kommt, muss er  feststellen, dass dieses durch einen bislang unbekannten Fahrzeugf\u00fchrer  an der rechten Fahrzeugfront besch\u00e4digt wurde. Der Schaden wird auf etwa  500 Euro gesch\u00e4tzt. <\/p>\n\n\n\n<p>Wer sachdienliche Hinweise zu dem genannten  Fall geben kann, wird gebeten sich mit der Polizeiinspektion Frankenthal  unter der Rufnummer 06233\/313-0 oder der Polizeiwache Maxdorf unter der  Rufnummer 06237\/934-1100 in Verbindung zu setzen. Hinweise k\u00f6nnen auch  per E-Mail unter <a href=\"mailto:pifrankenthal@polizei.rlp.de\">pifrankenthal@polizei.rlp.de<\/a> an die Polizei \u00fcbermittelt werden.<\/p>\n\n\n\n<h4 class=\"wp-block-heading\">(Ludwigshafen) &#8211; Brennender M\u00fcllcontainer<\/h4>\n\n\n\n<p>Am 23.08.2019, gegen 05:00 Uhr, brannte in der Ruthenstra\u00dfe ein  M\u00fcllcontainer, der von der Berufsfeuerwehr gel\u00f6scht wurde. Ein weiterer  M\u00fcllcontainer sowie eine M\u00fclltonne wurden ebenfalls durch das  \u00fcbergreifende Feuer besch\u00e4digt. Nach jetzigen Ermittlungen ist davon  auszugehen, dass es sich um eine Brandstiftung handelte. Sachdienliche  Hinweise bitte an die Polizeiinspektion Ludwigshafen 2  unter der  Telefonnummer 0621 963-2222 oder per E-Mail <a href=\"mailto:piludwigshafen2@polizei.rlp.de\">piludwigshafen2@polizei.rlp.de<\/a>. <\/p>\n\n\n\n<h4 class=\"wp-block-heading\">(Ludwigshafen) &#8211; Parfumdieb erwischt aber gefl\u00fcchtet<\/h4>\n\n\n\n<p>Am 22.08.2019, gegen 16:30 Uhr, packte ein unbekannter Mann mehrere  Parfumpackungen in seine mitgebrachte T\u00fcte in einem Drogeriemarkt am  Rathausplatz. Als er die Filiale verlassen wollte, ohne die Ware zu  bezahlen, sprach ihn ein Angestellter des Drogeriemarktes an. Daraufhin  lie\u00df der Unbekannte die T\u00fcte fallen und rannte in Richtung Ludwigstra\u00dfe  weg. In der T\u00fcte befanden sich Herrend\u00fcfte im Wert von \u00fcber 800 Euro.  Der unbekannte Mann hatte kurze Haare. Er trug eine graue Jeans und ein  schwarzes langarmiges Hemd sowie eine Sonnenbrille. Die  Polizeiinspektion Ludwigshafen 1 bittet um sachdienliche Hinweise unter  der Telefonnummer 0621 963-2122 oder per e-Mail <a href=\"mailto:piludwigshafen1@polizei.rlp.de\">piludwigshafen1@polizei.rlp.de<\/a>. <\/p>\n\n\n\n<h4 class=\"wp-block-heading\">(Ludwigshafen) &#8211; Gel\u00e4ndewagen f\u00e4hrt in Zaun<\/h4>\n\n\n\n<p>Am 22.08.2019, gegen 07:45 Uhr, fuhr ein 41-J\u00e4hriger mit seinem  Gel\u00e4ndewagen auf der Mittelpartstra\u00dfe aus Richtung Sudetenstra\u00dfe kommend  in Richtung Gro\u00dfpartstra\u00dfe. Etwa in der Mitte der beiden Stra\u00dfen kam er  in einer leichten Rechtskurve nach rechts von der Fahrbahn ab,  durchbrach mehrere Elemente eines Metallzauns und kam schlie\u00dflich im  angrenzenden Geb\u00fcsch neben der Fahrbahn zum Stehen. Die H\u00f6he des  Schadens steht derzeit noch nicht fest. Die Feuerwehr schnitt den  Gel\u00e4ndewagen aus dem Metallzaun heraus. Danach wurde das Auto  abgeschleppt. W\u00e4hrend des gesamten Einsatzes musste ein Fahrstreifen  gesperrt und der Verkehr geregelt werden. <\/p>\n\n\n\n<h4 class=\"wp-block-heading\">(Ludwigshafen) &#8211; Werkzeuge aus Auto gestohlen<\/h4>\n\n\n\n<p>Am 22.08.2019, gegen 07:00 Uhr, stahlen unbekannte T\u00e4ter aus einem  Baustellen Pritschenwagen, der in der Pr\u00e4lat-Caire-Stra\u00dfe geparkt war,  diverse Werkzeuge. Die H\u00f6he des Schadens steht derzeit noch nicht fest.  Sachdienliche Hinweise bitte an die Polizeiwache Oggersheim unter Tel.  0621 963 &#8211; 2403 oder per Mail <a href=\"mailto:pwoggersheim@polizei.rlp.de\">pwoggersheim@polizei.rlp.de<\/a>. <\/p>\n\n\n\n<h4 class=\"wp-block-heading\">(Ludwigshafen) &#8211; Autoscheibe eingeschlagen<\/h4>\n\n\n\n<p>Am 22.08.2019, gegen 03:10 Uhr, h\u00f6rte ein 32-J\u00e4hriger die Alarmanlage  seines BMW X 5 in der Arnimstra\u00dfe. Als er aus dem Fenster schaute,  konnte er niemand mehr auf der Stra\u00dfe sehen. Bei seinem Auto war das  Fenster auf der Beifahrerseite eingeschlagen. Die Mittelkonsole und das  Handschuhfach waren durchw\u00fchlt Gestohlen war nichts. Sachdienliche  Hinweise bitte an die Polizeiinspektion Ludwigshafen 2  unter der  Telefonnummer 0621 963-2222 oder per E-Mail <a href=\"mailto:piludwigshafen2@polizei.rlp.de\">piludwigshafen2@polizei.rlp.de<\/a>. <\/p>\n\n\n\n<h4 class=\"wp-block-heading\">(Ludwigshafen) &#8211; Mercedes Fahrer entkommt nach Verfolgungsfahrt<\/h4>\n\n\n\n<p>Am 21.08.2019, gegen 22:00 Uhr, kam es in Ludwigshafen Pfingstweide zu  einer Verfolgungsfahrt. In der Oppauer Stra\u00dfe wollten die Polizeibeamten  den Fahrer eines silbernen Mercedes (Coup\u00e9 \/Cabrio, vermutlich SLK)  kontrollieren, da dieser durch den Kreisverkehr mit erh\u00f6hter  Geschwindigkeit und quietschenden Reifen fuhr. Auf der H\u00f6he der  Bushaltestelle Oppauer Stra\u00dfe (in Richtung Pfingstweide) schalteten die  Polizeibeamten das Anhalte Signal (&#8222;Stopp Polizei&#8220;) und das Blaulicht  mit Martinshorn ein. Als der Mercedes Fahrer dies sah, erh\u00f6hte er seine  Geschwindigkeit noch mehr. Nachdem er mit etwa 100 km\/h die 30er-Zone  der Budapester Stra\u00dfe durchfuhr, bog er anschlie\u00dfend in die Prager  Stra\u00dfe ein. Hier mussten die Polizeibeamten die Verfolgungsfahrt  abbrechen, um andere Verkehrsteilnehmer nicht zu gef\u00e4hrden. Die Polizei  sucht nun Zeugen, die Hinweise zu dem silbernen Mercedes und seinen  Fahrer machen k\u00f6nnen. Sachdienliche Hinweise bitte an die  Polizeiinspektion Ludwigshafen 2  unter der Telefonnummer 0621 963-2222  oder per E-Mail <a href=\"mailto:piludwigshafen2@polizei.rlp.de\">piludwigshafen2@polizei.rlp.de<\/a>. <\/p>\n\n\n\n<h4 class=\"wp-block-heading\">(Ludwigshafen) &#8211; Motorroller Fahrer fl\u00fcchtet nach Unfall<\/h4>\n\n\n\n<p>Am 21.08.2019, gegen 15:20 Uhr, fuhr ein unbekannter Mann mit einem  grauen Motorroller auf der B\u00fcrgermeister-Gr\u00fcnzweig-Stra\u00dfe in Richtung  Industriestra\u00dfe und bog nach links in die Rohrlachstra\u00dfe ab. Da zur  gleichen Zeit ein 52-J\u00e4hriger mit seinem Fahrrad \u00fcber die gr\u00fcne Ampel  der Rohrlachstra\u00dfe fuhr, kam es zu einem Zusammensto\u00df zwischen beiden.  Der 52-J\u00e4hrige st\u00fcrzte und verletzte sich. Der Rollerfahrer st\u00fcrzte  nicht, sondern fuhr weiter, ohne sich um den Unfall zu k\u00fcmmern. Er war  etwa 30-40 Jahre alt und trug keinen Schutzhelm. Zeugen, die den Unfall  beobachtet haben und Hinweise zu dem unbekannten Motorrollerfahrer  machen k\u00f6nnen, werden gebeten, sich mit der Polizeiinspektion  Ludwigshafen 1 unter der Telefonnummer 0621 963-2122 oder per e-Mail <a href=\"mailto:piludwigshafen1@polizei.rlp.de\">piludwigshafen1@polizei.rlp.de<\/a> in Verbindung zu setzen. <\/p>\n\n\n\n<h4 class=\"wp-block-heading\">(Ludwigshafen) &#8211; Ferrari besch\u00e4digt<\/h4>\n\n\n\n<p>Am 21.08.2019, gegen 15:15 Uhr, schlug ein betrunkener 61-J\u00e4hriger mit  einer Flasche Weinbrand auf die Windschutzscheibe eines Ferrari, der  ordnungswidrig am Fahrbahnrand in der Bahnhofstra\u00dfe geparkt war. Danach  st\u00fcrzte er aufgrund seiner Alkoholisierung zu Boden und verletzte sich.  Er wurde ins Krankenhaus gebracht. Sein   Atemalkoholwert betrug 1,73  Promille. Am Ferrari entstand ein Schaden von etwa 3.000 Euro. Der  50-j\u00e4hrige Ferrari Fahrer wurde durch die Stadt Ludwigshafen aufgrund  seines Parkverhaltens verwarnt. <\/p>\n\n\n\n<h4 class=\"wp-block-heading\">(Ludwigshafen) &#8211; Handtasche auf Friedhof gestohlen<\/h4>\n\n\n\n<p>Am 21.08.2019 erschien eine 49-J\u00e4hrige bei der Polizei und gab eine  Damenhandtasche ab, die sie auf dem Friedhof in Oggersheim &#8222;Alter  Frankenthaler Weg&#8220; neben einem Geb\u00fcsch gefunden hatte. W\u00e4hrend die  Polizeibeamten den Sachverhalt aufnahmen, kam eine 83-J\u00e4hrige auf die  Dienststelle und erkl\u00e4rte, dass gegen 14:45 Uhr ihre Handtasche aus  ihrem Fahrradkorb heraus auf dem Friedhof gestohlen worden war, w\u00e4hrend  sie eine Gie\u00dfkanne mit Wasser holte. Da es sich bei der von der  49-J\u00e4hrigen gefundenen Handtasche um die Handtasche der 83-J\u00e4hrigehn  handelte, konnte sie ihr direkt \u00fcbergeben werden. Allerdings musste die  83-J\u00e4hrige feststellen, dass der unbekannte T\u00e4ter mehrere hundert Euro  sowie ihr Handy aus der Handtasche gestohlen hatte. Sachdienliche  Hinweise bitte an die Polizeiwache Oggersheim unter Tel. 0621 963 &#8211; 2403  oder per Mail <a href=\"mailto:pwoggersheim@polizei.rlp.de\">pwoggersheim@polizei.rlp.de<\/a>. <\/p>\n\n\n\n<h4 class=\"wp-block-heading\">(Ludwigshafen) &#8211; Einbruch in Wohnung<\/h4>\n\n\n\n<p>Am 21.08.2019, zwischen 09:30 Uhr und 11:00 Uhr, brachen unbekannte  T\u00e4ter in eine Wohnung eines Mehrfamilienhauses in der Hoheneckenstra\u00dfe  ein. Sie stahlen Schmuck und Bargeld in H\u00f6he von mehreren tausend Euro.  Sachdienliche Hinweise nimmt die Kriminalpolizei Ludwigshafen unter der  Telefonnummer 0621\/963-2773 oder per E-Mail <a href=\"mailto:kiludwigshafen@polizei.rlp.de\">kiludwigshafen@polizei.rlp.de<\/a> entgegen. <\/p>\n\n\n\n<h4 class=\"wp-block-heading\">(Ludwigshafen) &#8211; Diesel aus LKW gestohlen<\/h4>\n\n\n\n<p>In der Zeit zwischen dem 20.08.2019, gegen 18:00 Uhr und dem  21.08.2019, gegen 08:00 Uhr, stahlen unbekannte T\u00e4ter aus dem Tank eines  LKW, der in der Christian-Wei\u00df-Stra\u00dfe geparkt war, etwa 150 Liter  Dieselkraftstoff. Die Polizeiinspektion Ludwigshafen 1 bittet um  sachdienliche Hinweise unter der Telefonnummer 0621 963-2122 oder per  e-Mail <a href=\"mailto:piludwigshafen1@polizei.rlp.de\">piludwigshafen1@polizei.rlp.de<\/a>. <\/p>\n\n\n\n<h4 class=\"wp-block-heading\">(Mannheim) &#8211; Nach Sturz in Stra\u00dfenbahn Zeugen gesucht<\/h4>\n\n\n\n<p>Bereits am 18.05.2019 st\u00fcrzte ein 71-J\u00e4hriger in der Stra\u00dfenbahn der  Linie 6a. Der Mann war um kurz vor 16:50 Uhr an der Haltestelle  Pestalozzischule  in die Bahn eingestiegen und gerade dabei seinen  Fahrschein zu entwerten, als der Bahnf\u00fchrer den Zug ruckartig in  Bewegung setzte. Dabei st\u00fcrzte der gehbehinderte Senior zu Boden und  verletzte sich. Mehrere Fahrg\u00e4ste eines heimischen Eishockey-Vereins  halfen dem Verletzten auf. An der Haltestelle Strohmarkt verlie\u00df der  Mann die Bahn. Aufgrund der Verletzung suchte der 71-J\u00e4hrige ein  Krankenhaus auf und erstattete am  20.08.2019 Strafanzeige gegen den  Bahnf\u00fchrer. Die Verkehrspolizei Mannheim hat die Ermittlungen  aufgenommen und sucht in diesem Zusammenhang nach Zeugen, insbesondere  nach den hilfsbereiten Fahrg\u00e4sten. Diese werden gebeten, sich unter 0621  174-4444 zu melden. <\/p>\n\n\n\n<h4 class=\"wp-block-heading\">(Mannheim-Gartenstadt) &#8211; Nach Arbeitsunfall lebensgef\u00e4hrlich verletzt<\/h4>\n\n\n\n<p>Am Donnerstag kurz vor 10.30 Uhr kam es im F\u00f6hrenweg zu einem  Arbeitsunfall, bei dem ein 31-j\u00e4hriger Arbeiter lebensgef\u00e4hrlich  verletzt wurde. <\/p>\n\n\n\n<p>Nach derzeitigem Ermittlungsstand f\u00fchrte der Mann\n Fr\u00e4sarbeiten am Mauerwerk eines Rohbaus durch. W\u00e4hrend der T\u00e4tigkeit \nverkantete sich wohl ein Winkelschleifer und fuhr dem Mann in den \nOberschenkel. <\/p>\n\n\n\n<p>Ein Zeuge verst\u00e4ndigte Polizei und Rettungsdienst. <\/p>\n\n\n\n<p>Aufgrund\n eines massiven Blutverlustes verlor der 31-J\u00e4hrige sein Bewusstsein, \nmusste reanimiert werden und wurde anschlie\u00dfend in ein Krankenhaus \nverbracht. Er befindet sich noch immer in Lebensgefahr. <\/p>\n\n\n\n<p>Die Ermittlungen in dieser Sache \u00fcbernahmen Beamte des Kriminalkommissariats Mannheim. <\/p>\n\n\n\n<h4 class=\"wp-block-heading\">(Mannheim-Waldhof) &#8211; Brand im Pfarrb\u00fcro, Polizei kann drei Tatverd\u00e4chtige ermitteln, hoher Sachschaden!<\/h4>\n\n\n\n<p>Am Mittwoch kurz nach 18 Uhr wurden Polizei und Feuerwehr zum  evangelischen Gemeindezentrum in der Wiesbadener Stra\u00dfe beordert, da es  dort brennen sollte. <\/p>\n\n\n\n<p>Die Feuerwehr konnte den Brand eines \nBriefkastens, der in der Eingangst\u00fcr des Pfarrb\u00fcros verbaut war, \nl\u00f6schen. Durch die Flammen und die dadurch entstandene Rauchentwicklung \nentstand ein Sachschaden in H\u00f6he von 20.000 Euro. Personen wurden \ngl\u00fccklicherweise nicht verletzt. <\/p>\n\n\n\n<p>Ermittlungen ergaben, dass \noffensichtlich &#8222;Jugendliche&#8220; Feuerwerksk\u00f6rper in den Briefschlitz des \nGemeindezentrums geworfen hatten und dadurch den Brand verursachten. <\/p>\n\n\n\n<p>Im\n Rahmen von sofort eingeleiteten Fahndungsma\u00dfnahmen konnte ein \n14-J\u00e4hriger Tatverd\u00e4chtiger ermittelt werden, er wurde im Polizeirevier \nMannheim-Sandhofen seinen Eltern \u00fcberstellt. Au\u00dferdem konnten Hinweise \nauf zwei weitere Tatverd\u00e4chtige im Alter von 13 und 14 Jahren erlangt \nwerden. <\/p>\n\n\n\n<p>Die weiteren Ermittlungen \u00fcbernahmen Beamte des Kriminalkommissariats Mannheim. <\/p>\n\n\n\n<h4 class=\"wp-block-heading\">(Stuttgart \/ Mannheim \/ Heidelberg \/ Rhein-Neckar-Kreis) &#8211; Stalking ist kein Kavaliersdelikt \/ Tipps der Polizei helfen!<\/h4>\n\n\n\n<p>Im Jahr 2018 wurden 18.960 F\u00e4lle von Stalking in Deutschland  polizeilich erfasst &#8211; Betroffenen wird empfohlen, Anzeige zu erstatten &#8211;  <\/p>\n\n\n\n<p>Studien besagen, dass zw\u00f6lf Prozent der deutschen Bev\u00f6lkerung \neinmal in ihrem Leben von Stalking betroffen sind. Es trifft statistisch\n also jeden achten B\u00fcrger, die Dunkelziffer ist jedoch weitaus h\u00f6her \neinzusch\u00e4tzen. Die meisten Stalker sind M\u00e4nner, die h\u00e4ufigsten Opfer \nFrauen. In acht von zehn F\u00e4llen sind Stalker Ex-Partner. Doch es gibt \nHilfe f\u00fcr Betroffene. Bereits 2007 wurde der spezielle Tatbestand \n&#8222;Nachstellung&#8220; unter \u00a7 238 ins Strafgesetzbuch eingef\u00fcgt und in den \u00a7 \n112a Strafprozessordnung aufgenommen, wo unter bestimmten \nVoraussetzungen und Gef\u00e4hrdungen ein Haftgrund zur Anordnung der \nUntersuchungshaft, man spricht auch von Deeskalationshaft, vorliegen \nkann. <\/p>\n\n\n\n<p>Muss ich anonyme Nachrichten und n\u00e4chtliche Anrufe \naushalten? Muss ich mich unsicher auf der Stra\u00dfe f\u00fchlen, da ich verfolgt\n werde? Warum macht das jemand mit mir? Wann h\u00f6rt das auf? Diese oder \n\u00e4hnliche Fragen stellen sich unz\u00e4hlige Opfer von Stalking und wissen \nnicht weiter. Sie f\u00fchlen sich in ihrer Sicherheit bedroht und in der \nLebensgestaltung schwerwiegend beeintr\u00e4chtigt. <\/p>\n\n\n\n<p>In der Regel \nhandelt es sich bei Stalking nicht um eine klar abzugrenzende Einzeltat.\n Es setzt sich vielmehr aus einer Reihe von Tathandlungen \u00fcber einen \nl\u00e4ngeren Zeitraum zusammen, die aus strafbaren Handlungen wie \u00fcbler \nNachrede, Verleumdung, Sachbesch\u00e4digung, N\u00f6tigung, K\u00f6rperverletzung \nsowie Nachstellung bestehen k\u00f6nnen. Die von der stalkenden Person den \nBetroffenen entgegengebrachten &#8222;Gef\u00fchle&#8220; k\u00f6nnen &#8222;positiv&#8220; (Bewunderung, \nZuneigung, Liebe) oder &#8222;negativ&#8220; (Rachegef\u00fchle, Hass) sein. &#8222;Positive&#8220; \nGef\u00fchle k\u00f6nnen ins Negative umschlagen. Die gr\u00f6\u00dfte Gruppe der Stalker \nbilden ehemalige Beziehungspartner, aber auch Freunde, Arbeitskollegen, \nFamilienmitglieder oder fl\u00fcchtige Bekannte k\u00f6nnen zur T\u00e4terin bzw. zum \nT\u00e4ter werden. Nur selten ist die stalkende Person dem Opfer v\u00f6llig \nunbekannt. <\/p>\n\n\n\n<p>Betroffene von Stalking sollten bei akuter Bedrohung \nunbedingt die Polizei unter 110 rufen und Anzeige erstatten. \nErfahrungsgem\u00e4\u00df zeigt schnelles und konsequentes Ein-schreiten der \nPolizei gegen Stalkende Wirkung und die Bel\u00e4stigungen nach einer Anzeige\n h\u00f6ren h\u00e4ufig auf. Viele Betroffene von Stalking m\u00f6chten einfach nur, \ndass es endlich vorbei ist und sollten sich darum nicht scheuen, Hilfe \nin Anspruch zu nehmen. &#8222;Zudem sollten Betroffene keine Angst haben, \nihrer Familie, ihren Freunden, Kollegen oder Nachbarn die Situation zu \nschildern. Diese werden dann besonders aufmerksam sein und k\u00f6nnen \nwarnen. Denn \u00d6ffentlichkeit kann auch sch\u00fctzen&#8220;, betont Gerhard Klotter,\n Vorsitzender der Polizeilichen Kriminalpr\u00e4vention der L\u00e4nder und des \nBundes. <\/p>\n\n\n\n<p>Informationen rund um das Thema Stalking finden Sie auf unserer Homepage unter <a target=\"_blank\" href=\"https:\/\/www.polizei-beratung.de\/opferinformationen\/stalking\/\" rel=\"noreferrer noopener\">https:\/\/www.polizei-beratung.de\/opferinformationen\/stalking\/<\/a> . <\/p>\n\n\n\n<p>Wenn Sie weitere Hilfe oder Tipps ben\u00f6tigen, finden Sie unser Informationsblatt &#8222;Stalking&#8220; unter <a target=\"_blank\" href=\"https:\/\/www.polizei-beratung.de\/medienangebot\/detail\/45-stalking\/\" rel=\"noreferrer noopener\">https:\/\/www.polizei-beratung.de\/medienangebot\/detail\/45-stalking\/<\/a> . <\/p>\n\n\n\n<p>Der Handzettel &#8222;Opferschutz &#8211; Stalking&#8220;, der unter <a rel=\"noreferrer noopener\" target=\"_blank\" href=\"https:\/\/www.polizei-beratung.de\/medienangebot\/\">https:\/\/www.polizei-beratung.de\/medienangebot\/<\/a>  herunterzuladen ist, soll bewirken, dass Angeh\u00f6rige und Opfer von  Stalking ihre Hemmungen abbauen, und Anzeige erstatten. Der Handzettel  gibt Tipps zur Orientierung und Unterst\u00fctzung. Wenn Sie oder jemand aus  Ihrem Umfeld Hilfe ben\u00f6tigt, wenden Sie sich beispielsweise an den  WEISSEN RING unter <a rel=\"noreferrer noopener\" target=\"_blank\" href=\"https:\/\/weisser-ring.de\/praevention\/tipps\/stalking\">https:\/\/weisser-ring.de\/praevention\/tipps\/stalking<\/a> <\/p>\n\n\n\n<h4 class=\"wp-block-heading\">(Heidelberg \/ Mannheim \/ Rhein-Neckar-Kreis) &#8211; &#8222;Beistehen statt rumstehen&#8220;: Ehrung -Couragierte Zeugen stoppen gef\u00e4hrliche  K\u00f6rperverletzung<\/h4>\n\n\n\n<div class=\"wp-block-image\"><figure class=\"aligncenter\"><img decoding=\"async\" loading=\"lazy\" width=\"500\" height=\"446\" src=\"https:\/\/speyer24news.com\/wp-content\/uploads\/2019\/08\/Zeugen_web1.jpg\" alt=\"\" class=\"wp-image-18243\" srcset=\"https:\/\/speyer24news.com\/wp-content\/uploads\/2019\/08\/Zeugen_web1.jpg 500w, https:\/\/speyer24news.com\/wp-content\/uploads\/2019\/08\/Zeugen_web1-300x268.jpg 300w\" sizes=\"(max-width: 500px) 100vw, 500px\" \/><figcaption>Tobias Raffelsberger, Judith Meng\n\nBildquelle: Sicheres Heidelberg e.V.<\/figcaption><\/figure><\/div>\n\n\n\n<p>F\u00fcr ihr aufmerksames Verhalten wurden die 24-j\u00e4hrige Judith Meng und  der 23 Jahre alte Tobias Raffelsberger im Rahmen der Kampagne &#8222;Beistehen  statt rumstehen&#8220; geehrt. Heidelbergs B\u00fcrgermeister Wolfgang Erichson,  Polizeidirektor Uwe Schr\u00f6tel vom Polizeirevier Heidelberg-Mitte und  Reiner Greulich, Gesch\u00e4ftsf\u00fchrer des Vereins Sicheres Heidelberg e. V.,  nahmen die Ehrung gestern vor. <\/p>\n\n\n\n<div class=\"wp-block-image\"><figure class=\"aligncenter\"><img decoding=\"async\" loading=\"lazy\" width=\"800\" height=\"510\" src=\"https:\/\/speyer24news.com\/wp-content\/uploads\/2019\/08\/Zeugen_web.jpg\" alt=\"\" class=\"wp-image-18244\" srcset=\"https:\/\/speyer24news.com\/wp-content\/uploads\/2019\/08\/Zeugen_web.jpg 800w, https:\/\/speyer24news.com\/wp-content\/uploads\/2019\/08\/Zeugen_web-300x191.jpg 300w, https:\/\/speyer24news.com\/wp-content\/uploads\/2019\/08\/Zeugen_web-768x490.jpg 768w\" sizes=\"(max-width: 800px) 100vw, 800px\" \/><figcaption>v.l.:  Polizeidirektor Uwe Schr\u00f6tel (Polizeirevier Heidelberg-Mitte), Judith Meng, B\u00fcrgermeister Wolfgang Erichson (Stadt Heidelberg), Tobias Raffelsberger, Reiner Greulich (Sicheres Heidelberg e.V.) Bildquelle: Sicheres Heidelberg e.V.<\/figcaption><\/figure><\/div>\n\n\n\n<h4 class=\"wp-block-heading\">(Heidelberg) &#8211; Radfahrerin kollidiert mit Sprinter und wird schwer verletzt in Klinik eingeliefert<\/h4>\n\n\n\n<p>Am Donnerstag, kurz nach 19 Uhr, kollidierte in der Pleikartsf\u00f6rster  Stra\u00dfe, an der Einm\u00fcndung zur Breslauer Stra\u00dfe, eine 56-j\u00e4hrige  Radfahrerin mit einem Sprinter und wurde dabei schwer verletzt. Der  37-j\u00e4hrige Fahrer des Sprinters war von der Breslauer Stra\u00dfe in den  Einm\u00fcndungsbereich eingefahren und hatte dabei der Radfahrerin, die den  Radweg in Richtung Speyerer Stra\u00dfe befuhr, die Vorfahrt genommen. Die  Frau st\u00fcrzte zu Boden und erlitt eine Fraktur des Fu\u00dfes. Sie wurde vor  Ort von Rettungssanit\u00e4tern versorgt und anschlie\u00dfend in eine Klinik  gebracht, wo sie station\u00e4r aufgenommen wurde. Am Sprinter des  Verursachers entstand durch den Zusammensto\u00df kein Schaden. <\/p>\n\n\n\n<h4 class=\"wp-block-heading\">(Heidelberg) &#8211; Von der Stra\u00dfe abgekommen und in B\u00f6schung gerutscht \/ Fahrer und Beifahrer leicht verletzt<\/h4>\n\n\n\n<p>Beim Abbiegen von der B 535 an der Ausfahrt zum Kurpfalzhof kam ein  18-j\u00e4hriger Autofahrer aufgrund \u00fcberh\u00f6hter Geschwindigkeit am  Donnerstagmorgen gegen 1 Uhr von der Stra\u00dfe am, prallte gegen die  Leitplanken, wodurch sich das Auto drehte und anschlie\u00dfend etwa vier  Meter die B\u00f6schung hinunter rutschte. Der Fahrer sowie der Beifahrer  konnten selbstst\u00e4ndig aussteigen, sie zogen sich leichte Verletzungen  zu. Das Auto musste abgeschleppt werden, der Sachschaden bel\u00e4uft sich  auf ca. 5.000 Euro. <\/p>\n\n\n\n<h4 class=\"wp-block-heading\">(Heidelberg) &#8211; In Schulzentrum eingebrochen \/ Zwei Jugendliche  festgenommen, ein weiterer  gefl\u00fcchtet &#8211; Passant &#8222;leiht&#8220; Polizeibeamten  zur Verfolgung sein Fahrrad<\/h4>\n\n\n\n<p>Am Mittwochabend wurden zwei Jugendliche im Alter von 14 und 15 Jahren,  die in das Schulzentrum in der Rohrbacher Stra\u00dfe eingedrungen waren,  von der Polizei festgenommen, ein weiterer Jugendlicher konnte fl\u00fcchten.  Zwei Beamte des Polizeireviers Heidelberg-Mitte, die am Mittwochabend  gegen 20.45 zu Fu\u00df das Schulzentrum bestreiften, nahmen zun\u00e4chst  Cannabisgeruch wahr. Bei der weiteren Absuche des Gel\u00e4ndes wurden auf  dem Dach der Pestalozzischule drei Jugendliche entdeckt. W\u00e4hrend ein  15-J\u00e4hriger vom Dach stieg und widerstandslos festgenommen werden  konnte, fl\u00fcchteten die beiden Begleiter zun\u00e4chst \u00fcber das Dach. Ein  14-j\u00e4hriger rannte zu Fu\u00df in Richtung Weststadt. In der H\u00e4usserstra\u00dfe  wurde er rennend von einer Streife der Bereitschaftspolizei, die im  Rahmen der Sicherheitspartnerschaft Heidelberg in die Fahndung  eingebunden war, entdeckt und von einem Beamten zu Fu\u00df verfolgt. Auf die  Aufforderung stehen zu bleiben reagierte der Jugendliche nicht. Nachdem  ein aufmerksamer Passant dem Beamten sein Fahrrad zur Verf\u00fcgung  stellte, konnte der Tatverd\u00e4chtige in der Wilhelmstra\u00dfe eingeholt und  mit Unterst\u00fctzung einer weiteren Streife festgenommen werden. Dem  dritten Jugendlichen gelang es in Richtung Franz-Marc-Stra\u00dfe zu  fl\u00fcchten. <\/p>\n\n\n\n<p>Bei der Durchsuchung des 15-J\u00e4hrigen wurde in seiner \nUmh\u00e4ngetasche eine geringe Menge Marihuana sowie zwei Joints gefunden \nund sichergestellt. <\/p>\n\n\n\n<p>Bei der erneuten Absuche des Schulgel\u00e4ndes  wurden an einer Seitent\u00fcr der angrenzenden Julius-Springer-Schule  frische Einbruchspuren festgestellt. Ob die Jugendlichen \u00fcber diese T\u00fcr  in das Geb\u00e4ude gelangten, ist derzeit Gegenstand der weiteren  Ermittlungen. Die beiden jugendlichen Tatverd\u00e4chtigen wurden auf dem  Revier erkennungsdienstlich behandelt. Ein Drogenvortest verlief bei  beiden Jugendlichen positiv. Im Anschluss daran wurden sie in die Obhut  der verst\u00e4ndigten Erziehungsberechtigten gegeben. Die weitere  Sachbearbeitung hat der Ermittlungsdienst des Polizeireviers  Heidelberg-Mitte \u00fcbernommen. <\/p>\n\n\n\n<h4 class=\"wp-block-heading\">(Heidelberg-Altstadt) &#8211; 20-J\u00e4hriger leistet Widerstand gegen Polizisten<\/h4>\n\n\n\n<p>Ein 20-j\u00e4hriger Mann leistete am Mittwochnachmittag in der Heidelberger  Altstadt Widerstand gegen Polizeibeamte. Der Mann fiel den Beamten, die  eine zivile Fu\u00dfstreife durchf\u00fchrten, kurz vor 15 Uhr auf, als dieser in  der Fahrtgasse am Treppenaufgang eines Einkaufszentrums sa\u00df und gerade  seine alten Schuhe gegen neue Schuhe tauschte. Er sollte daher durch die  Polizisten kontrolliert werden. Nachdem die Beamten sich als Polizisten  zu erkennengegeben hatten, verweigerte er jedoch die Herausgabe seines  Ausweises. Zudem vermittelte er durch st\u00e4ndiges Umschauen den Eindruck,  als wolle er sich der Personenkontrolle entziehen. Als er nun  festgehalten werden sollte, versuchte er, sich loszurei\u00dfen. Er konnte  jedoch zu Boden gebracht werden. Ihm wurden daraufhin Handschlie\u00dfen  angelegt, um eine Flucht zu verhindern. Er wurde zum Polizeirevier  Heidelberg-Mitte gebracht, von wo er nach Abschluss der polizeilichen  Ma\u00dfnahmen wieder auf freien Fu\u00df entlassen wurde. <\/p>\n\n\n\n<p>Gegen den 20-J\u00e4hrigen wird nun wegen Widerstands gegen Polizeibeamte ermittelt. <\/p>\n\n\n\n<h4 class=\"wp-block-heading\">(Heidelberg-Bergheim) &#8211; e-Scooter-Fahrer verursacht Verkehrsunfall und verletzt sich<\/h4>\n\n\n\n<p>Kopfverletzungen erlitt ein 25-j\u00e4hriger Fahrer eines sogenannten  e-Scooter bei einem Verkehrsunfall am Donnerstagabend im Stadtteil  Bergheim. <\/p>\n\n\n\n<p>Der Mann war mit dem Elektroroller auf dem Fahrradweg \nder Kurf\u00fcstenanlage in Richtung Adenauerplatz entgegen der vorgegebenen \nFahrtrichtung. An der Fu\u00dfg\u00e4ngerampel in H\u00f6he der Stadtb\u00fccherei wollte \neine43-j\u00e4hrige Fu\u00dfg\u00e4ngerin bei Gr\u00fcnlicht die Fahrbahn \u00fcberqueren. Dabei \nkam es zur Kollision mit dem Roller-Fahrer. Der 25-J\u00e4hrige st\u00fcrzte auf \ndie Fahrbahn und zog sich Kopfverletzungen zu. Er wurde zur Behandlung \nin ein Krankenhaus eingeliefert. Auch die Fu\u00dfg\u00e4ngerin zog sich \nVerletzungen in Form von Prellungen an Armen und Beinen zu. Eine \nBehandlung im Krankenhaus war nicht n\u00f6tig. <\/p>\n\n\n\n<p>Gegen den 25-j\u00e4hrigen  Roller-Fahrer wird nun wegen fahrl\u00e4ssiger K\u00f6rperverletzung ermittelt.  Zudem erwartet ihn ein Bu\u00dfgeld wegen Benutzung des Radwegs entgegen der  Fahrtrichtung. <\/p>\n\n\n\n<h4 class=\"wp-block-heading\">(Heidelberg-Pfaffengrund) &#8211; Unfall mit Beteiligung eines Elektrorollstuhl-Fahrers<\/h4>\n\n\n\n<p>Am Donnerstagabend ereignete sich im Heidelberger Stadtteil  Pfaffengrund, bei dem ein 27-j\u00e4hriger Fahrer eines elektrisch  angetriebenen Krankenrollstuhl schwere Verletzungen erlitt. Der Mann war  mit seinem elektrischen Rollstuhl auf dem Rad- und Fu\u00dfweg der Stra\u00dfe  &#8222;Am alten Bahnbetriebswerk&#8220; in Richtung Eppelheim unterwegs. Dabei stie\u00df  er mit einer Fu\u00dfg\u00e4ngerin zusammen, die in gleicher Richtung lief. Der  27-J\u00e4hrige kam nach rechts von der Fahrbahn ab, fiel aus dem Rollstuhl  und st\u00fcrzte die B\u00f6schung hinab. Hierbei zog er sich mehrere  Knochenbr\u00fcche an H\u00fcfte und Bein zu. Er wurde zur Behandlung in ein  Krankenhaus eingeliefert. Auch die Fu\u00dfg\u00e4ngerin verletzte sich und wurde  in ein Krankenhaus gebracht, wo sie nach ambulanter Behandlung wieder  entlassen wurde. <\/p>\n\n\n\n<p>Bei der Unfallaufnahme meldeten sich Zeugen, die\n beobachtet hatten, dass der Rollstuhlfahrer mit hoher Geschwindigkeit \nunterwegs war. Der elektronische Tacho zeigte eine H\u00f6chstgeschwindigkeit\n vor \u00fcber 30 km\/h an. Eine Versicherung bestand f\u00fcr dieses Fahrzeug \njedoch nicht, auch war der Fahrer nicht im Besitz der erforderlichen \nFahrerlaubnis. Der Roller wurde sichergestellt und wird technisch \n\u00fcberpr\u00fcft. Insbesondere wird am Rollenpr\u00fcfstand die m\u00f6gliche \nH\u00f6chstgeschwindigkeit ermittelt. <\/p>\n\n\n\n<p>Gegen den 27-J\u00e4hrigen wird nun  wegen Versto\u00dfes gegen das Pflichtversicherungsgesetz, Fahrens ohne  Fahrerlaubnis und fahrl\u00e4ssiger K\u00f6rperverletzung ermittelt. <\/p>\n\n\n\n<h4 class=\"wp-block-heading\">(Plankstadt \/ Rhein-Neckar-Kreis) &#8211; Vermeintliche Mitarbeiter des Bauamtes bestehlen 89-J\u00e4hrigen \/ Zeugen gesucht!<\/h4>\n\n\n\n<p>Ein 89-j\u00e4hriger Mann wurde am Donnerstagmittag, gegen 14:20 Uhr, in  seiner Wohnung im Br\u00fchler Weg von Trickdieben bestohlen. Der Mann befand  sich vor seinem Wohnhaus, als er von einem vermeintlichen Mitarbeiter  des Bauamtes angesprochen wurde. Dieser erkl\u00e4rte dem 89-J\u00e4hrigen, dass  es zu einem Wasserrohrbruch kam und er jetzt die Wohnung des Mannes  \u00fcberpr\u00fcfen m\u00fcsse, ob aus den Wasserh\u00e4hnen blaue Fl\u00fcssigkeit herausk\u00e4me.  Der Senior ging daraufhin mit dem Unbekannten in dessen Badezimmer, um  das Wasser zu \u00fcberpr\u00fcfen. Nach einiger Zeit klopfte pl\u00f6tzlich eine  zweite unbekannte Person an der Badezimmert\u00fcr, die daraufhin die Wohnung  verlie\u00df. Der vermeintliche Mitarbeiter des Bauamtes teilte dem Rentner  mit, dass dies sein Chef gewesen sei, mit welchem er nun den Keller  \u00fcberpr\u00fcfen m\u00fcsse. Als der Unbekannte daraufhin ebenfalls aus der Wohnung  ging, stellte der Gesch\u00e4digte fest, dass s\u00e4mtliche Schr\u00e4nke durchw\u00fchlt  worden waren. Zudem fehlten mehrere Schmuckst\u00fccke sowie Silber- und  Goldm\u00fcnzen im Gesamtwert von mindestens 10.000 Euro. <\/p>\n\n\n\n<p>Der \nGesch\u00e4digte konnte einen der beiden T\u00e4ter wie folgt beschreiben: \nm\u00e4nnlich, ca. 20-25 Jahre alt, etwa 1,75 m gro\u00df, normale Statur, sprach \nakzentfrei Deutsch. <\/p>\n\n\n\n<p>Zeugen, die den Vorfall beobachtet haben und  sachdienliche Hinweise zu den Unbekannten geben k\u00f6nnen, werden gebeten,  sich beim Polizeirevier Schwetzingen unter Tel.: 06202\/288-0 zu melden. <\/p>\n\n\n\n<h4 class=\"wp-block-heading\">(Schwetzingen \/ Rhein-Neckar-Kreis) &#8211; Brand in Fl\u00fcchtlingsunterkunft<\/h4>\n\n\n\n<h4 class=\"wp-block-heading\" style=\"text-align:center\">Pressemitteilung 1<\/h4>\n\n\n\n<p>Am Freitagmorgen wurde um 7:30 Uhr ein Brand in der  Robert-Bosch-Stra\u00dfe gemeldet. Bei dem betroffenen Geb\u00e4ude der Stadt  Schwetzingen handelt es sich um eine Unterkunft zur  Anschlussunterbringung. <\/p>\n\n\n\n<p>Aufgrund bislang unbekannter Ursache entfachte am fr\u00fchen Morgen ein \nFeuer, das sich im Geb\u00e4ude ausbreitete. Alle Bewohner wurden durch \nEinsatzkr\u00e4fte der Feuerwehr und Polizei evakuiert. Bislang wurden \nsieben Personen aufgrund eingeatmeten Rauchs durch Rettungskr\u00e4fte vor\nOrt versorgt. Drei Personen kamen zur weiteren Behandlung in \nnahegelegene Krankenh\u00e4user. <\/p>\n\n\n\n<p>Die L\u00f6scharbeiten dauern zum Berichtszeitpunkt an. <\/p>\n\n\n\n<h4 class=\"wp-block-heading\">(Schwetzingen \/ Rhein-Neckar-Kreis) &#8211; Brand in einer Anschlussunterbringungseinrichtung f\u00fcr Fl\u00fcchtling der Stadt Schwetzingen<\/h4>\n\n\n\n<h4 class=\"wp-block-heading\" style=\"text-align:center\">Pressemeldung 2<\/h4>\n\n\n\n<p>Am Freitag gegen 07.30 Uhr wurden Polizei und Feuerwehr in die  Robert-Bosch-Stra\u00dfe beordert, da es in der dortigen  Anschlussunterbringungseinrichtung brennen sollte. <\/p>\n\n\n\n<p>Beim \nEintreffen der Einsatzkr\u00e4fte, hatten bereits mehrere Bewohner des \nehemaligen Hotels Atlanta das Geb\u00e4ude verlassen. Die restlichen Bewohner\n der mit insgesamt ca. 85 Bewohnern belegten Einrichtung wurden von \nFeuerwehr und Polizei evakuiert. <\/p>\n\n\n\n<p>Der Brand konnte von der \nFeuerwehr gegen 09 Uhr gel\u00f6scht werden, danach wurden \nBel\u00fcftungsma\u00dfnahmen durchgef\u00fchrt und Brandwachen eingerichtet. <\/p>\n\n\n\n<p>Nach\n derzeitigem Stand der Ermittlungen brach das Feuer in einer Wohnung im \nErdgeschoss aus. Durch das Feuer wurde nahezu der gesamte Wohnkomplex \nmit Rauch durchzogen. <\/p>\n\n\n\n<p>Neun Personen wurden von Rettungskr\u00e4ften \nmedizinisch betreut, zwei M\u00e4nner mussten zur weiteren Behandlung in \nnahegelegene Krankenh\u00e4user verbracht werden. Bei alle Personen bestand \nder Verdacht der Rauchgasvergiftung. <\/p>\n\n\n\n<p>An dem Geb\u00e4ude entstand \ndurch den Brand und die danach durchgef\u00fchrten L\u00f6scharbeiten erheblicher \nSachschaden, der derzeit nicht beziffert werden kann. <\/p>\n\n\n\n<p>Die \nweiteren Ermittlungen \u00fcbernahmen Beamte des Kriminalkommissariats \nMannheim. Der Brandort wurde beschlagnahmt. Die Ermittlungen zur \nBrandursache dauern an. Nach derzeitigem Stand gibt es keine Hinweise, \ndass der Brand vors\u00e4tzlich gelegt wurde. Die Ermittler des \nKriminalkommissariats gehen vielmehr von einem technischen Defekt aus, \nder brandurs\u00e4chlich gewesen sein k\u00f6nnte. <\/p>\n\n\n\n<p>W\u00e4hrend der \nL\u00f6scharbeiten und Rettungsma\u00dfnahmen war der Bereich um die \nAnschlussunterbringungseinrichtung gesperrt, es kam minimalen \nVerkehrsbeeintr\u00e4chtigungen. <\/p>\n\n\n\n<p>Vertreter der Stadt Schwetzingen  befanden sich vor Ort und k\u00fcmmerten sich um M\u00f6glichkeiten einer  vor\u00fcbergehenden Unterbringung der Bewohner. <\/p>\n\n\n\n<h4 class=\"wp-block-heading\">(Hockenheim \/ Rhein-Neckar-Kreis) &#8211; Motorradfahrer kollidierte auf der A6 mit VW \/ Zwei Personen verletzt<\/h4>\n\n\n\n<p>Auf der A6, zwischen dem Autobahnkreuz Walldorf und dem Dreieck  Hockenheim, ereignete sich am Donnerstag, gegen 16:35 Uhr, ein  Verkehrsunfall mit zwei verletzten Personen. Ein 31-j\u00e4hriger  Motorradfahrer war auf der rechten Fahrspur in Richtung Mannheim  unterwegs und wollte auf die BAB61 auffahren. Als ein vorausfahrender  VW-Fahrer pl\u00f6tzlich verkehrsbedingt abbremsen musste, bremste der  Motorradfahrer ebenfalls stark ab, verlor jedoch die Kontrolle \u00fcber sein  Fahrzeug. Er versuchte dem VW auszuweichen, konnte allerdings eine  Kollision nicht mehr vermeiden und prallte gegen das linke Heck des  Wagens. Der Mann st\u00fcrzte von seinem Motorrad und wurde auf die Fahrbahn  geschleudert, wo er schlie\u00dflich liegen blieb. Er zog sich Prellungen zu  und wurde nach der Erstversorgung zur ambulanten Behandlung in ein  Krankenhaus gebracht. Auch der 31-j\u00e4hrige VW-Fahrer wurde durch den  Aufprall leicht verletzt. Die beiden Fahrzeuge waren nicht mehr  fahrbereit und mussten abgeschleppt werden. In welcher H\u00f6he Sachschaden  entstand, steht bislang noch nicht fest. <\/p>\n\n\n\n<h4 class=\"wp-block-heading\">(Leimen \/ Rhein-Neckar-Kreis) &#8211; Ermittlungen wegen gef\u00e4hrlicher K\u00f6rperverletzung nach Stinkbombenwurf<\/h4>\n\n\n\n<p>Wegen des Verdachts der versuchten gef\u00e4hrlichen K\u00f6rperverletzung durch  Ausbringen einer reizenden \u00fcbel riechenden Fl\u00fcssigkeit ermitteln derzeit  die Beamten des Polizeipostens Leimen. <\/p>\n\n\n\n<p>Vermutlich eine \nunbekannte Person warf am Freitagmorgen eine mit Butters\u00e4ure gef\u00fcllte, \nmehrere Zentimeter gro\u00dfe Glasampulle in den Wartebereich einer Bank in \nder Schwetzinger Stra\u00dfe. Gegen 10:00 Uhr breitete sich daraufhin im \ngesamten Haus ein derart intensiv \u00fcbel riechender Gestank aus, dass das \nGeb\u00e4ude, in welchem auch der \u00f6rtliche Polizeiposten untergebracht ist, \nger\u00e4umt werden musste. <\/p>\n\n\n\n<p>Insgesamt verlie\u00dfen 10 Bankbedienstete und\n 3 Polizeibeamte das Haus und warteten auf das Eintreffen der Feuerwehr.\n Die stinkende Substanz wurde von der Feuerwehr lokalisiert und \nschlie\u00dflich neutralisiert. Messungen ergaben, dass es sich bei der \nFl\u00fcssigkeit um Butters\u00e4ure handelte. Anschlie\u00dfend wurde das Geb\u00e4ude \ngel\u00fcftet, sodass dieses ab der Mittagszeit wieder betreten werden \nkonnte. <\/p>\n\n\n\n<p>Beim derzeitigen Stand der Ermittlungen wurde niemand  verletzt, der Polizeiposten Leimen ermittelt dennoch wegen versuchter  gef\u00e4hrlicher K\u00f6rperverletzung. <\/p>\n\n\n\n<h4 class=\"wp-block-heading\">(Leimen-St.Ilgen \/ Rhein-Neckar-Kreis) &#8211; Mit \u00fcber zwei Promille Alkohol Unfall verursacht \/ 12.000 Euro Sachschaden<\/h4>\n\n\n\n<p>\u00dcber 2,2 Promille Alkohol hatte ein 67 Jahre alter Autofahrer am  Mittwoch um 20.40 Uhr intus, als er in der Theodor-Heuss-Stra\u00dfe einen  Unfall verursachte. Nach den bisherigen Unfallermittlungen war der  Opel-Fahrer mit \u00fcberh\u00f6hter Geschwindigkeit unterwegs und geriet in der  leichten Rechtskurve zwischen der Franz-Schubert-Stra\u00dfe und der  Joseph-Haydnstra\u00dfe nach links auf die Gegenfahrbahn. Dabei streifte er  den Volvo eines entgegenkommenden 33-j\u00e4hrigen Fahrers. Anschlie\u00dfend  prallte er gegen einen am Fahrbahnrand geparkten Mercedes und schob  diesen etwa 15 Meter weg. Der Gesamtschaden an den Fahrzeugen bel\u00e4uft  sich auf etwa 12.000 Euro. Nach dem Atemalkoholtest musste der  67-J\u00e4hrige mit auf die Wache, dort entnahm ein Arzt eine Blutprobe. Der  F\u00fchrerschein wurde sichergestellt. <\/p>\n\n\n\n<h4 class=\"wp-block-heading\">(Gaiberg \/ Rhein-Neckar-Kreis) &#8211; Vorfahrt in Kreisel nicht einger\u00e4umt \/  Motorradfahrer &#8222;springt&#8220; von Motorrad &#8211; 47-J\u00e4hriger leicht verletzt<\/h4>\n\n\n\n<p>Weil ein 64-j\u00e4hriger Autofahrer, der von Leimen kommend am Kreisel an  der L 600 keine Anstalten machte, einem Harley-Davidson-Fahrer die  Vorfahrt einzur\u00e4umen, kam es am Mittwoch gegen 15.40 Uhr zum Unfall. Der  47-j\u00e4hrige Motorradfahrer, der aus Richtung K\u00f6nigstuhl kam, &#8222;warf&#8220;  deshalb sein Motorrad weg und sprang ab um eine Kollision zu vermeiden.  Er zog sich dabei Sch\u00fcrfwunden und Prellungen zu, zur Ber\u00fchrung mit dem  Toyota kam es nicht. An dem Motorrad entstand Sachschaden von ca. 10.000  Euro.  Die weiteren Ermittlungen f\u00fchrt das Polizeirevier Neckargem\u00fcnd. <\/p>\n\n\n\n<h4 class=\"wp-block-heading\">(Meckesheim \/ Rhein-Neckar-Kreis) &#8211; Streit artet in Schl\u00e4gerei aus \/ Zwei Personen verletzt<\/h4>\n\n\n\n<p>Zeugen meldeten der Polizei am Donnerstag, gegen 22 Uhr, eine  Schl\u00e4gerei auf dem Vorplatz der katholischen Kirche in der Schulstra\u00dfe.  Zwei Streifenwagenbesatzungen des Polizeireviers Sinsheim eilten zur  \u00d6rtlichkeit, wo sie auf eine gr\u00f6\u00dfere Personengruppe trafen. Es stellte  sich heraus, dass ein alkoholisierter 24-j\u00e4hriger junger Mann mit einem  21-j\u00e4hrigen Bekannten in Streit geraten und auf diesen losgegangen war.  Laut Aussage der Zeugen habe dieser ihm mehrere Kopfst\u00f6\u00dfe ins Gesicht  gegeben. Als ein 19-J\u00e4hriger dann dazwischen ging, wurde dieser selbst  von dem 24-J\u00e4hrigen attackiert. Im weiteren Verlauf setzte der junge  Mann Pfefferspray gegen den Angreifer ein und traf ihn am Oberk\u00f6rper und  im Gesicht. Dieser zeigte sich hierdurch noch aggressiver, besch\u00e4digte  Verkehrsschilder und warf Kanaldeckel herum. Der Streithahn hatte sich  im Anschluss entfernt, er konnte jedoch aufgrund mehrerer Hinweise in  N\u00e4he der \u00d6rtlichkeit von den Beamten aufgegriffen werden. Der Mann sowie  der 21-j\u00e4hrige Gesch\u00e4digte zogen sich bei der Auseinandersetzung  Verletzungen zu und wurden von Rettungssanit\u00e4tern versorgt. Mit dem  Angreifer wurde ein Alkoholtest durchgef\u00fchrt, der einen Wert von \u00fcber  1,6 Promille ergab. Er muss nun mit einer Anzeige wegen K\u00f6rperverletzung  rechnen. Der Polizeiposten Meckesheim hat die weiteren Ermittlungen  \u00fcbernommen. <\/p>\n\n\n\n<h4 class=\"wp-block-heading\">(Meckesheim \/ Rhein-Neckar-Kreis) &#8211; Polizei nimmt renitenten Ladendieb fest<\/h4>\n\n\n\n<p>Mit einem renitenten Ladendieb hatten es am sp\u00e4ten Donnerstagabend die Beamten des Polizeireviers Neckargem\u00fcnd zu tun. <\/p>\n\n\n\n<p>Gegen\n 21:35 wurde der Polizei mitgeteilt, dass es in der Industriestra\u00dfe in \neinem Lebensmittelmarkt nach einem Ladendiebstahl zu einer Schl\u00e4gerei \ngekommen sei. Als die alarmierte Funkstreife am Ort des Geschehens \neintraf, hatten Besch\u00e4ftigte des Supermarkts und Kunden einen \naggressiven Mann auf dem Boden fixiert und \u00fcbergaben ihn an die Polizei.\n <\/p>\n\n\n\n<p>Wie die ersten Ermittlungen ergaben, wollte der 17-J\u00e4hrige eine \nFlasche Alkohol stehlen und wurde dabei erwischt. Bei einem \nFluchtversuch schlug und trat er nach einem Mann, der sich ihm in den \nWeg stellte. Auf die Gegenwehr des Angegangenen war der Halbstarke aber \nnicht ausreichend vorbereitet, sodass es gelang, ihn zu Boden zu \nbringen, festzuhalten und an die Polizei zu \u00fcbergeben. <\/p>\n\n\n\n<p>Bereits wenige Stunden zuvor hatte der 17-J\u00e4hrige im selben Markt versucht, Alkohol zu stehlen und war dabei erwischt worden. <\/p>\n\n\n\n<p>Die weiteren Ermittlungen gegen den jungen Mann wird der Jugendsachbearbeiter des Reviers Sinsheim f\u00fchren. <\/p>\n\n\n\n<h4 class=\"wp-block-heading\">(Sinsheim \/ Rhein-Neckar-Kreis) &#8211; Bei Einbruch in Fahrradgesch\u00e4ft vier  hochwertige E-Bikes gestohlen \/ Polizei sucht Zeugen<\/h4>\n\n\n\n<p>Am Mittwoch zwischen 1.30 und 2.30 Uhr wurden von zwei bislang  unbekannten T\u00e4tern insgesamt vier hochwertige E-Bikes aus einem  Fahrradgesch\u00e4ft in der Carl-Benz-Stra\u00dfe entwendet. Dar\u00fcber hinaus wurde  eine Registrierkasse mit einer geringen Bargeldsumme sowie drei  Gartenger\u00e4te der Marke HILTI gestohlen. Die Registrierkasse konnte in  einem angrenzenden Feldweg aufgebrochen aufgefunden werden. Bei der  Absuche wurden in einem an die Firma angrenzenden Gr\u00fcnstreifen zwei  Fahrr\u00e4der entdeckt und sichergestellt. Nach den bisherigen Ermittlungen  sind die beiden T\u00e4ter mit diesen Fahrr\u00e4dern zum Tatort gefahren.  Der  Diebstahlsschaden bel\u00e4uft sich insgesamt auf \u00fcber 10.000 Euro. Zeugen,  die verd\u00e4chtige Beobachtungen gemacht haben und sachdienliche Hinweise  geben k\u00f6nnen, werden gebeten sich unter Telefon 07261\/6900 beim  Polizeirevier Sinsheim zu melden. <\/p>\n\n\n\n<h4 class=\"wp-block-heading\">(Eberbach \/ Rhein-Neckar-Kreis) &#8211; Verkehrsunfall mit drei Fahrzeugen, mehrere Personen verletzt<\/h4>\n\n\n\n<p>Am Mittwoch kurz nach 16 Uhr wollte eine 18-j\u00e4hrige Fahrerin eines BMWs  vom Neuen Weg links in die Wilhelm-Blos-Stra\u00dfe abbiegen. Nach  derzeitigem Ermittlungsstand hielt sie an der Einm\u00fcndung kurz an, fuhr  dann jedoch los und missachtete die Vorfahrt einer auf der  Wilhelm-Blos-Stra\u00dfe fahrenden 31-j\u00e4hrigen Ford-Fahrerin, die  stadteinw\u00e4rts unterwegs war. <\/p>\n\n\n\n<p>Die beiden Fahrzeuge kollidierten im\n Einm\u00fcndungsbereich miteinander. Durch den Zusammensto\u00df wurde der Ford \nnach links auf die Gegenfahrbahn abgewiesen und stie\u00df hier mit einem \nentgegenkommenden Daimler Benz, Vito eines 26-J\u00e4hrigen zusammen. <\/p>\n\n\n\n<p>Die\n Unfallverursacherin wurde mit einem Rettungswagen leicht verletzt in \nein Krankenhaus gefahren. Der Vito-Lenker musste ebenfalls leicht \nverletzt ein Krankenhaus aufsuchen. Zwei Kleinkinder, die sich im Ford \nder 31-J\u00e4hrigen befanden, wurden vorsorglich in eine Kinderklinik \nverbracht. Nach derzeitigem Kenntnisstand wurden die Kinder \ngl\u00fccklicherweise jedoch nicht verletzt. <\/p>\n\n\n\n<p>An den Fahrzeugen entstand Sachschaden von insgesamt 10.500 Euro. <\/p>\n\n\n\n<p>W\u00e4hrend\n der Unfallaufnahme, Bergung der Fahrzeuge und Reinigung der \nUnfallstelle kam es zu Verkehrsbehinderungen bis kurz vor 18 Uhr. <\/p>\n\n\n\n<p>Die Ermittlungen der Beamten des Polizeireviers Eberbach dauern an. <\/p>\n\n\n\n<h4 class=\"wp-block-heading\">(Eppelheim \/ Rhein-Neckar-Kreis) &#8211; Paketboten bestohlen<\/h4>\n\n\n\n<p>Am Mittwochnachmittag entwendeten zwei M\u00e4nner ein Paket aus einem  Zustellerfahrzeug und fl\u00fcchtete anschlie\u00dfend. Davor sprachen die beiden  T\u00e4ter den Paketboten gegen 13:30 Uhr in der Seestra\u00dfe an und fragten  nach einer Lieferung, die angeblich falsch beschriftet sei. Der  Zusteller suchte das angeblich falsch adressierte Paket heraus, worauf  einer der M\u00e4nner dieses gleich an sich nahm und mit seinem Komplizen  fl\u00fcchtete. Trotz Verfolgung zu Fu\u00df verlor der Angestellte die beiden  T\u00e4ter in der Dantestra\u00dfe aus den Augen. Bei der gestohlenen Lieferung  handelte es sich um eine Bestellung per Nachnahme im Wert von 1.700  Euro. <\/p>\n\n\n\n<p>Die T\u00e4ter k\u00f6nnen wie folgt beschrieben werden: <\/p>\n\n\n\n<ol><li>Person: m\u00e4nnlich, 18-25 Jahre alt, d\u00fcnn, sehr kurze schwarze Haare,  dunkles T-Shirt und dunkle kurze Hose, schwarzafrikanisches Aussehen,  sprach akzentfrei Deutsch <\/li><li>Person: m\u00e4nnlich, 18-25 Jahre alt,  d\u00fcnn, kurze abstehende Dreadlocks, dunkles T-Shirt und dunkle kurze  Hose, schwarzafrikanisches Aussehen, sprach gebrochenes Deutsch <\/li><\/ol>\n\n\n\n<p>Die  Beamten des Polizeireviers Heidelberg-S\u00fcd haben die Ermittlungen  aufgenommen und sucht in diesem Zusammenhang nach Zeuge. Diese werden  gebeten, sich unter 06221 34180 an die Ermittler zu wenden. <\/p>\n\n\n\n<h4 class=\"wp-block-heading\">(Schriesheim \/ Rhein-Neckar-Kreis) &#8211; Drei schwer Verletzte und hoher Sachschaden nach Frontalzusammensto\u00df<\/h4>\n\n\n\n<p>Zu einem schweren Verkehrsunfall kam es am 22.08.19, um 17.10 Uhr, auf  der K4122, H\u00f6he R\u00f6schbacher Hof. Ein 28-J\u00e4hriger befuhr mit seinem BMW  die Kreisstra\u00dfe 4122 vom R\u00f6schbacher Hof in Richtung Kohlhof. Vermutlich  aufgrund unangemessener Geschwindigkeit kam er in einer Rechtskurve auf  die Gegenfahrbahn und kollidierte frontal mit einem entgegenkommenden  Fiat eines 68-J\u00e4hrigen. Ein hinter dem BMW fahrender 58-j\u00e4hriger  Motorradfahrer konnte nicht mehr rechtzeitig bremsen und kollidierte  auch noch mit dem Fahrzeug des Unfallverursachers. Alle Beteiligten  wurden schwer verletzt in Krankenh\u00e4user nach Heidelberg und Mannheim  verbracht. Am hochwertigen BMW (M4) entstand Totalschaden in H\u00f6he von  100.000 Euro. Der Schaden am Fiat wurde auf 5.000 Euro gesch\u00e4tzt, der  Schaden an der Ducati auf 7.000 Euro. Die zwei Pkw sowie das Motorrad  mussten abgeschleppt werden. Die K4122 wurde bis 22.45 Uhr gesperrt, da  aufgrund ausgelaufener Betriebsstoffe eine Spezialfirma zun\u00e4chst die  Fahrbahn reinigen musste. Zu gr\u00f6\u00dferen Verkehrsbehinderungen kam es  nicht. Die Freiwillige Feuerwehr Schriesheim war mit 23 Einsatzkr\u00e4ften  vor Ort. Zudem waren ein Rettungshubschrauber, ein Notarztwagen, zwei  RTW und ein Krankentransportwagen eingesetzt. <\/p>\n\n\n\n<h4 class=\"wp-block-heading\">(Schriesheim \/ Rhein-Neckar-Kreis) &#8211; Au\u00dfenspiegel an Opel abgetreten \/ Weitere Zeugen gesucht<\/h4>\n\n\n\n<p>Weitere Zeugen einer Sachbesch\u00e4digung, die sich am Dienstag (20.08.)  gegen 22.50 Uhr in der Wormser Stra\u00dfe ereignete, sucht die Polizei.  Anwohner hatten beobachtet, wie der T\u00e4ter den Spiegel abtrat. Vor dem  T\u00e4ter war noch ein junger Mann, evtl. mit einem Rucksack unterwegs,  dahinter folgten zwei junge M\u00e4dchen, wovon eine sp\u00e4ter als Zeugin  namhaft gemacht werden konnte. Eine &#8222;Fahndung&#8220; der Anwohner verlief  ergebnislos, die Polizei wurde zun\u00e4chst nicht verst\u00e4ndigt. Erst am Tag  danach wurde Anzeige erstattet. Die Polizei sucht nun weitere Zeugen,  insbesondere den jungen Mann sowie das zweite junge M\u00e4dchen. Diese  werden gebeten, sich unter Telefon 06203\/61301 beim Polizeiposten  Schriesheim oder au\u00dferhalb dessen \u00d6ffnungszeiten beim Polizeirevier  Weinheim, Tel. 06201\/10030, zu melden. <\/p>\n\n\n\n<h4 class=\"wp-block-heading\">(Weinheim \/ Rhein-Neckar-Kreis) &#8211; Freilaufender Sch\u00e4ferhund bei\u00dft  mehrfach eine Fu\u00dfg\u00e4ngerin, unbekannter Helfer und weitere Zeugen gesucht!<\/h4>\n\n\n\n<p> Am Donnerstag gegen 14.30 Uhr lief eine 42-j\u00e4hrige Frau in der  Humboldtstra\u00dfe in Richtung Mannheimer Stra\u00dfe. Auf dem Weg rannte ein  freilaufender Sch\u00e4ferhund auf sie zu und biss sie unvermittelt in den  Oberschenkel. Die 42-J\u00e4hrige setzte sich mit ihrer Handtasche gegen den  Hund zur Wehr, worauf dieser von ihr ablie\u00df. Danach rannte die Frau  wieder in Richtung Humboldtstra\u00dfe, der Hund attackierte sie erneut und  biss sie ins Ges\u00e4\u00df. <\/p>\n\n\n\n<p>Hierauf st\u00fcrzte die Frau zu Boden und verletzte sich am Knie. <\/p>\n\n\n\n<p>Die\n Hundehalterin, eine 59-J\u00e4hrige, rief ihren Hund zur\u00fcck, brachte diesen \nnach Hause und k\u00fcmmerte sich im Anschluss um die verletzte Frau. <\/p>\n\n\n\n<p>Ein bislang unbekannter Mann kam der verletzten 42-J\u00e4hrigen ebenfalls zu Hilfe. <\/p>\n\n\n\n<p>Im Anschluss musste die Frau ein Krankenhaus aufsuchen, sie wurde leicht verletzt. <\/p>\n\n\n\n<p>Die Ermittlungen in dieser Sache \u00fcbernahmen Beamte der Polizeihundef\u00fchrerstaffel. <\/p>\n\n\n\n<p>Diese\n suchen nun u.a. nach dem bislang unbekannten Helfer und nach weiteren \nZeugen des Vorfalls. Diese m\u00f6gen sich unter 0621 714970 melden. <\/p>\n","protected":false},"excerpt":{"rendered":"<div class=\"mh-excerpt\"><p>Polizeimeldungen vom Donnerstag &amp; Freitag (22.08. &amp; 23.08.2019) (Speyer) &#8211; Vorsicht ! Blindflug wegen tiefstehender Sonne Am Donnerstagmorgen kam es in Speyer innerhalb kurzer Zeit zu zwei Verkehrsunf\u00e4llen, bei welchen die Unfallverursacher jeweils die eingeschr\u00e4nkte <a class=\"mh-excerpt-more\" href=\"https:\/\/speyer24news.com\/?p=18237\" title=\"Polizei:\">[&#8230;]<\/a><\/p>\n<\/div>","protected":false},"author":3,"featured_media":0,"comment_status":"open","ping_status":"open","sticky":false,"template":"","format":"standard","meta":{"_monsterinsights_skip_tracking":false,"_monsterinsights_sitenote_active":false,"_monsterinsights_sitenote_note":"","_monsterinsights_sitenote_category":0,"footnotes":""},"categories":[12],"tags":[61,2555,63,105,53,102,213,55,103,106,427,62,104,979,1565],"aioseo_notices":[],"amp_enabled":true,"_links":{"self":[{"href":"https:\/\/speyer24news.com\/index.php?rest_route=\/wp\/v2\/posts\/18237"}],"collection":[{"href":"https:\/\/speyer24news.com\/index.php?rest_route=\/wp\/v2\/posts"}],"about":[{"href":"https:\/\/speyer24news.com\/index.php?rest_route=\/wp\/v2\/types\/post"}],"author":[{"embeddable":true,"href":"https:\/\/speyer24news.com\/index.php?rest_route=\/wp\/v2\/users\/3"}],"replies":[{"embeddable":true,"href":"https:\/\/speyer24news.com\/index.php?rest_route=%2Fwp%2Fv2%2Fcomments&post=18237"}],"version-history":[{"count":1,"href":"https:\/\/speyer24news.com\/index.php?rest_route=\/wp\/v2\/posts\/18237\/revisions"}],"predecessor-version":[{"id":18245,"href":"https:\/\/speyer24news.com\/index.php?rest_route=\/wp\/v2\/posts\/18237\/revisions\/18245"}],"wp:attachment":[{"href":"https:\/\/speyer24news.com\/index.php?rest_route=%2Fwp%2Fv2%2Fmedia&parent=18237"}],"wp:term":[{"taxonomy":"category","embeddable":true,"href":"https:\/\/speyer24news.com\/index.php?rest_route=%2Fwp%2Fv2%2Fcategories&post=18237"},{"taxonomy":"post_tag","embeddable":true,"href":"https:\/\/speyer24news.com\/index.php?rest_route=%2Fwp%2Fv2%2Ftags&post=18237"}],"curies":[{"name":"wp","href":"https:\/\/api.w.org\/{rel}","templated":true}]}}