{"id":18261,"date":"2019-08-24T07:49:33","date_gmt":"2019-08-24T06:49:33","guid":{"rendered":"https:\/\/speyer24news.com\/?p=18261"},"modified":"2019-08-24T07:49:35","modified_gmt":"2019-08-24T06:49:35","slug":"veranstaltungen-21","status":"publish","type":"post","link":"https:\/\/speyer24news.com\/?p=18261","title":{"rendered":"Veranstaltungen"},"content":{"rendered":"<style type=\"text\/css\">\r\n\t.ads_top_disp{}\r\n\t.ads_top_corner_disp{ float:left; margin:0px 10px 10px 0px; }\r\n\t.ads_first_p_disp{}\r\n\t.ads_bottom_disp{}\r\n\t<\/style>\n<h2 class=\"wp-block-heading\">White Dinner in Speyer<\/h2>\n\n\n\n<div class=\"wp-block-image\"><figure class=\"aligncenter\"><img decoding=\"async\" loading=\"lazy\" width=\"500\" height=\"672\" src=\"https:\/\/speyer24news.com\/wp-content\/uploads\/2019\/08\/White-Dinner.png\" alt=\"\" class=\"wp-image-18262\" srcset=\"https:\/\/speyer24news.com\/wp-content\/uploads\/2019\/08\/White-Dinner.png 500w, https:\/\/speyer24news.com\/wp-content\/uploads\/2019\/08\/White-Dinner-223x300.png 223w\" sizes=\"(max-width: 500px) 100vw, 500px\" \/><\/figure><\/div>\n\n\n\n<p><strong>Speyer &#8211; <\/strong>Am Samstag, 24. August, wird  der St.-Guido-Stifts-Platz in Speyer zur wei\u00dfen Festtafel. Ab 17 Uhr bis zum Einbruch der Dunkelheit feiern bei einem White Dinner ganz in wei\u00df gekleidete Menschen unter freiem Himmel den Sommer, verspeisen ihre mitgebrachten K\u00f6stlichkeiten und kommen miteinander ins Gespr\u00e4ch.<\/p>\n\n\n\n<div class=\"wp-block-image\"><figure class=\"aligncenter\"><img decoding=\"async\" loading=\"lazy\" width=\"500\" height=\"688\" src=\"https:\/\/speyer24news.com\/wp-content\/uploads\/2019\/08\/White-Dinner2.png\" alt=\"\" class=\"wp-image-18263\" srcset=\"https:\/\/speyer24news.com\/wp-content\/uploads\/2019\/08\/White-Dinner2.png 500w, https:\/\/speyer24news.com\/wp-content\/uploads\/2019\/08\/White-Dinner2-218x300.png 218w\" sizes=\"(max-width: 500px) 100vw, 500px\" \/><\/figure><\/div>\n\n\n\n<p>Gerne kann man eigene Tische und Sitzgelegenheiten mitbringen. Auch Speisen und Getr\u00e4nke, Geschirr und Deko bringt jeder selbst mit. Offenes Feuer und Grillen sind nicht gestattet, Windlichter sind hingegen Willkommen.  <strong>Wichtig: <\/strong>Jeder nimmt bitte seinen M\u00fcll wieder mit.<\/p>\n\n\n\n<p><em>Sabine Ross<br>24.08.2019<\/em><\/p>\n","protected":false},"excerpt":{"rendered":"<div class=\"mh-excerpt\"><p>White Dinner in Speyer Speyer &#8211; Am Samstag, 24. August, wird der St.-Guido-Stifts-Platz in Speyer zur wei\u00dfen Festtafel. Ab 17 Uhr bis zum Einbruch der Dunkelheit feiern bei einem White Dinner ganz in wei\u00df gekleidete <a class=\"mh-excerpt-more\" href=\"https:\/\/speyer24news.com\/?p=18261\" title=\"Veranstaltungen\">[&#8230;]<\/a><\/p>\n<\/div>","protected":false},"author":3,"featured_media":0,"comment_status":"open","ping_status":"open","sticky":false,"template":"","format":"standard","meta":{"_monsterinsights_skip_tracking":false,"_monsterinsights_sitenote_active":false,"_monsterinsights_sitenote_note":"","_monsterinsights_sitenote_category":0,"footnotes":""},"categories":[13],"tags":[2919,2921,6,929,2920,2918],"aioseo_notices":[],"amp_enabled":true,"_links":{"self":[{"href":"https:\/\/speyer24news.com\/index.php?rest_route=\/wp\/v2\/posts\/18261"}],"collection":[{"href":"https:\/\/speyer24news.com\/index.php?rest_route=\/wp\/v2\/posts"}],"about":[{"href":"https:\/\/speyer24news.com\/index.php?rest_route=\/wp\/v2\/types\/post"}],"author":[{"embeddable":true,"href":"https:\/\/speyer24news.com\/index.php?rest_route=\/wp\/v2\/users\/3"}],"replies":[{"embeddable":true,"href":"https:\/\/speyer24news.com\/index.php?rest_route=%2Fwp%2Fv2%2Fcomments&post=18261"}],"version-history":[{"count":1,"href":"https:\/\/speyer24news.com\/index.php?rest_route=\/wp\/v2\/posts\/18261\/revisions"}],"predecessor-version":[{"id":18264,"href":"https:\/\/speyer24news.com\/index.php?rest_route=\/wp\/v2\/posts\/18261\/revisions\/18264"}],"wp:attachment":[{"href":"https:\/\/speyer24news.com\/index.php?rest_route=%2Fwp%2Fv2%2Fmedia&parent=18261"}],"wp:term":[{"taxonomy":"category","embeddable":true,"href":"https:\/\/speyer24news.com\/index.php?rest_route=%2Fwp%2Fv2%2Fcategories&post=18261"},{"taxonomy":"post_tag","embeddable":true,"href":"https:\/\/speyer24news.com\/index.php?rest_route=%2Fwp%2Fv2%2Ftags&post=18261"}],"curies":[{"name":"wp","href":"https:\/\/api.w.org\/{rel}","templated":true}]}}