{"id":18265,"date":"2019-08-24T08:02:43","date_gmt":"2019-08-24T07:02:43","guid":{"rendered":"https:\/\/speyer24news.com\/?p=18265"},"modified":"2019-08-24T08:02:45","modified_gmt":"2019-08-24T07:02:45","slug":"veranstaltungen-22","status":"publish","type":"post","link":"https:\/\/speyer24news.com\/?p=18265","title":{"rendered":"Veranstaltungen:"},"content":{"rendered":"<style type=\"text\/css\">\r\n\t.ads_top_disp{}\r\n\t.ads_top_corner_disp{ float:left; margin:0px 10px 10px 0px; }\r\n\t.ads_first_p_disp{}\r\n\t.ads_bottom_disp{}\r\n\t<\/style>\n<h2 class=\"wp-block-heading\">Kirchweih St. Otto<\/h2>\n\n\n\n<div class=\"wp-block-image\"><figure class=\"aligncenter\"><img decoding=\"async\" loading=\"lazy\" width=\"800\" height=\"600\" src=\"https:\/\/speyer24news.com\/wp-content\/uploads\/2019\/08\/IMG_20190821_152314.jpg\" alt=\"\" class=\"wp-image-18266\" srcset=\"https:\/\/speyer24news.com\/wp-content\/uploads\/2019\/08\/IMG_20190821_152314.jpg 800w, https:\/\/speyer24news.com\/wp-content\/uploads\/2019\/08\/IMG_20190821_152314-300x225.jpg 300w, https:\/\/speyer24news.com\/wp-content\/uploads\/2019\/08\/IMG_20190821_152314-768x576.jpg 768w, https:\/\/speyer24news.com\/wp-content\/uploads\/2019\/08\/IMG_20190821_152314-678x509.jpg 678w, https:\/\/speyer24news.com\/wp-content\/uploads\/2019\/08\/IMG_20190821_152314-326x245.jpg 326w, https:\/\/speyer24news.com\/wp-content\/uploads\/2019\/08\/IMG_20190821_152314-80x60.jpg 80w\" sizes=\"(max-width: 800px) 100vw, 800px\" \/><\/figure><\/div>\n\n\n\n<p><strong>Speyer-West \/ St. Otto &#8211; <\/strong>Am Wochenende findet das Kirchweihfest in St. Otto statt. Leider k\u00f6nnen wir weder etwas \u00fcber den Ablauf noch \u00fcber den Zeitplan sagen. <\/p>\n\n\n\n<p>Also am Besten einmal selbst vorbeischauen und bestimmt leckeren Kuchen, vermutlich Bratw\u00fcrste\/Steaks und ein k\u00fchles Getr\u00e4nk genie\u00dfen. Was sonst noch so geboten wird&#8230; ? Wir wissen es wirklich nicht.<\/p>\n\n\n\n<div class=\"wp-block-image\"><figure class=\"aligncenter\"><img decoding=\"async\" loading=\"lazy\" width=\"800\" height=\"468\" src=\"https:\/\/speyer24news.com\/wp-content\/uploads\/2019\/08\/IMG_20190821_152320.jpg\" alt=\"\" class=\"wp-image-18267\" srcset=\"https:\/\/speyer24news.com\/wp-content\/uploads\/2019\/08\/IMG_20190821_152320.jpg 800w, https:\/\/speyer24news.com\/wp-content\/uploads\/2019\/08\/IMG_20190821_152320-300x176.jpg 300w, https:\/\/speyer24news.com\/wp-content\/uploads\/2019\/08\/IMG_20190821_152320-768x449.jpg 768w\" sizes=\"(max-width: 800px) 100vw, 800px\" \/><\/figure><\/div>\n\n\n\n<p><strong>Wo: <\/strong> St. Otto, Kurt-Schumacher-Stra\u00dfe 39, 67346 Speyer<\/p>\n\n\n\n<p><strong>Wann: <\/strong>24.08. und 25.08.2019<\/p>\n\n\n\n<p><em>Speyer 24\/7 News, dak<br>24.08.2019<\/em><\/p>\n","protected":false},"excerpt":{"rendered":"<div class=\"mh-excerpt\"><p>Kirchweih St. Otto Speyer-West \/ St. Otto &#8211; Am Wochenende findet das Kirchweihfest in St. Otto statt. Leider k\u00f6nnen wir weder etwas \u00fcber den Ablauf noch \u00fcber den Zeitplan sagen. Also am Besten einmal selbst <a class=\"mh-excerpt-more\" href=\"https:\/\/speyer24news.com\/?p=18265\" title=\"Veranstaltungen:\">[&#8230;]<\/a><\/p>\n<\/div>","protected":false},"author":3,"featured_media":0,"comment_status":"open","ping_status":"open","sticky":false,"template":"","format":"standard","meta":{"_monsterinsights_skip_tracking":false,"_monsterinsights_sitenote_active":false,"_monsterinsights_sitenote_note":"","_monsterinsights_sitenote_category":0,"footnotes":""},"categories":[13],"tags":[2923,2924,6,96,2922],"aioseo_notices":[],"amp_enabled":true,"_links":{"self":[{"href":"https:\/\/speyer24news.com\/index.php?rest_route=\/wp\/v2\/posts\/18265"}],"collection":[{"href":"https:\/\/speyer24news.com\/index.php?rest_route=\/wp\/v2\/posts"}],"about":[{"href":"https:\/\/speyer24news.com\/index.php?rest_route=\/wp\/v2\/types\/post"}],"author":[{"embeddable":true,"href":"https:\/\/speyer24news.com\/index.php?rest_route=\/wp\/v2\/users\/3"}],"replies":[{"embeddable":true,"href":"https:\/\/speyer24news.com\/index.php?rest_route=%2Fwp%2Fv2%2Fcomments&post=18265"}],"version-history":[{"count":1,"href":"https:\/\/speyer24news.com\/index.php?rest_route=\/wp\/v2\/posts\/18265\/revisions"}],"predecessor-version":[{"id":18268,"href":"https:\/\/speyer24news.com\/index.php?rest_route=\/wp\/v2\/posts\/18265\/revisions\/18268"}],"wp:attachment":[{"href":"https:\/\/speyer24news.com\/index.php?rest_route=%2Fwp%2Fv2%2Fmedia&parent=18265"}],"wp:term":[{"taxonomy":"category","embeddable":true,"href":"https:\/\/speyer24news.com\/index.php?rest_route=%2Fwp%2Fv2%2Fcategories&post=18265"},{"taxonomy":"post_tag","embeddable":true,"href":"https:\/\/speyer24news.com\/index.php?rest_route=%2Fwp%2Fv2%2Ftags&post=18265"}],"curies":[{"name":"wp","href":"https:\/\/api.w.org\/{rel}","templated":true}]}}