{"id":18299,"date":"2019-08-26T10:14:34","date_gmt":"2019-08-26T09:14:34","guid":{"rendered":"https:\/\/speyer24news.com\/?p=18299"},"modified":"2019-08-26T10:21:41","modified_gmt":"2019-08-26T09:21:41","slug":"polizei-48","status":"publish","type":"post","link":"https:\/\/speyer24news.com\/?p=18299","title":{"rendered":"Polizei:"},"content":{"rendered":"<style type=\"text\/css\">\r\n\t.ads_top_disp{}\r\n\t.ads_top_corner_disp{ float:left; margin:0px 10px 10px 0px; }\r\n\t.ads_first_p_disp{}\r\n\t.ads_bottom_disp{}\r\n\t<\/style>\n<h2 class=\"wp-block-heading\">Polizeimeldungen vom Sonntag (25.08.2019)<\/h2>\n\n\n\n<div class=\"wp-block-image\"><figure class=\"aligncenter\"><img decoding=\"async\" src=\"https:\/\/speyer24news.com\/wp-content\/uploads\/2019\/07\/Aktuelles-Polizeilogo-1.jpg\" alt=\"\" class=\"wp-image-16637\"\/><\/figure><\/div>\n\n\n\n<h4 class=\"wp-block-heading\">(Speyer) &#8211; Fl\u00fcchtiger Ladendieb gefasst<\/h4>\n\n\n\n<p>Ein 20-j\u00e4hriger Mann aus Ludwigshafen wurde am Samstagnachmittag in einem Speyerer Drogeriemarkt von einer Angestellten dabei beobachtet, wie er einen Bluetooth-Lautsprecher im Wert von 150 Euro einsteckte und den Laden verlie\u00df, ohne zu bezahlen. Nach der Alarmausl\u00f6sung fl\u00fcchtete der Mann in die Fu\u00dfg\u00e4ngerzone und  betrat hier ein Mehrfamilienhaus, wo er sich nun verborgen hielt.  Dies konnte von nacheilenden Mitarbeitern des Drogeriemarktes  beobachtet werden, welche sich zudem vor dem Anwesen positionierten  bis die Polizei eintraf. Bei einer Absuche des Treppenhauses konnte  der Beschuldigte schlie\u00dflich versteckt im Treppenhaus unter einer  Rigipsplatte entdeckt und von den eingesetzten Beamten festgenommen  werden. Das Diebesgut f\u00fchrte er noch mit sich. <\/p>\n\n\n\n<h4 class=\"wp-block-heading\">(Schifferstadt) &#8211; Schwerer Verkehrsunfall zwischen PKW und Motorrad<\/h4>\n\n\n\n<p>Am Sonntag, 25.08.2019, gegen 12:00 Uhr kam es auf der L532 zu einem  schweren Verkehrsunfall zwischen einem Motorrad und einem PKW. Der  24-j\u00e4hrige Motorradfahrer hatte die L532 aus Fahrtrichtung Schifferstadt  in Richtung B\u00f6hl-Iggelheim befahren. Der 58-j\u00e4hrige PKW Fahrer war von  der A61 abgefahren und wollte auf die L532 in Richtung Schifferstadt  abbiegen. Hierbei kam es zum Zusammensto\u00df. Der schwerverletzte  Motorradfahrer wurde durch den Rettungshubschrauber ins Krankenhaus  verbracht. Auch der PKW Fahrer kam aufgrund ihrer Verletzung zur  weiteren Behandlung ins Krankenhaus. Die Ermittlungen bez\u00fcglich des  genauen Unfallhergangs dauern an. Zeugen, die Hinweise zum Unfallhergang  machen k\u00f6nnen, werden gebeten sich mit der Polizeiinspektion  Schifferstadt unter der 06235 495-0 in Verbindung zu setzen. <\/p>\n\n\n\n<h4 class=\"wp-block-heading\">(Schifferstadt) &#8211; Verkehrsunfall mit verletztem Motorradfahrer<\/h4>\n\n\n\n<p>Am Freitag, den 23.08.2019, gegen 14.45 Uhr, kam es an der Kreuzung  Bahnhofstra\u00dfe \/ Kirchenstra\u00dfe zu einem Verkehrsunfall, bei dem ein  beteiligter Motorradfahrer leicht verletzt wurde. Der 30-j\u00e4hrige  Motorradfahrer befuhr die Bahnhofstra\u00dfe in Richtung Bahnhof und wollte  nach links in die Kirchenstra\u00dfe abbiegen. Hierbei wurde er von einem  kreuzenden Pkw erfasst und kam zu Fall. Die 50-j\u00e4hrige Pkw-Fahrerin  wollte von der Kirchenstra\u00dfe \u00fcber die Kreuzung in die Mannheimer Stra\u00dfe  fahren und hatte das Rotlicht der Lichtzeichenanlage \u00fcbersehen, weshalb  es zur Kollision mit dem Motorrad kam. Der beteiligte Pkw war nach dem  Verkehrsunfall nicht mehr fahrbereit und musste abgeschleppt werden. Es  entstand ein Gesamtschaden von etwa 5000 Euro. <\/p>\n\n\n\n<h4 class=\"wp-block-heading\">(Mutterstadt) &#8211; Brand in Recyclingfirma<\/h4>\n\n\n\n<figure class=\"wp-block-image\"><img decoding=\"async\" loading=\"lazy\" width=\"800\" height=\"562\" src=\"https:\/\/speyer24news.com\/wp-content\/uploads\/2019\/08\/25.08.2019-Mutterstadt-Brand2.jpg\" alt=\"\" class=\"wp-image-18300\" srcset=\"https:\/\/speyer24news.com\/wp-content\/uploads\/2019\/08\/25.08.2019-Mutterstadt-Brand2.jpg 800w, https:\/\/speyer24news.com\/wp-content\/uploads\/2019\/08\/25.08.2019-Mutterstadt-Brand2-300x211.jpg 300w, https:\/\/speyer24news.com\/wp-content\/uploads\/2019\/08\/25.08.2019-Mutterstadt-Brand2-768x540.jpg 768w\" sizes=\"(max-width: 800px) 100vw, 800px\" \/><\/figure>\n\n\n\n<p>Am Sonntagabend gegen 19:30 Uhr stand der Hausm\u00fcll in einer Freilufthalle eines Recyclingbetriebs in Flammen. Die Polizei vermutet Brandstiftung.<\/p>\n\n\n\n<p>Der brennende M\u00fcll wurde mit Radladern aus der Halle geschafft und abgel\u00f6scht. Gegen 23:20 Uhr meldeten die Feuerwehren Entwarung \u00fcber KATWARN. Bis dahin war eine weitl\u00e4ufig zu sehende Rauchs\u00e4ule \u00fcber dem Brandort.<\/p>\n\n\n\n<div class=\"wp-block-image\"><figure class=\"aligncenter\"><img decoding=\"async\" loading=\"lazy\" width=\"500\" height=\"667\" src=\"https:\/\/speyer24news.com\/wp-content\/uploads\/2019\/08\/25.08.2019-Mutterstadt-Brand.jpg\" alt=\"\" class=\"wp-image-18301\" srcset=\"https:\/\/speyer24news.com\/wp-content\/uploads\/2019\/08\/25.08.2019-Mutterstadt-Brand.jpg 500w, https:\/\/speyer24news.com\/wp-content\/uploads\/2019\/08\/25.08.2019-Mutterstadt-Brand-225x300.jpg 225w\" sizes=\"(max-width: 500px) 100vw, 500px\" \/><\/figure><\/div>\n\n\n\n<p>Messfahrzeuge kontrollierten die Luft und konnten keine erh\u00f6hten Schadstoffwerte nachweisen. Es wird nachebrichtet.<\/p>\n\n\n\n<h4 class=\"wp-block-heading\">(Mutterstadt) &#8211; Widerstand nach Verkehrsunfall unter Alkoholeinfluss<\/h4>\n\n\n\n<p>Am fr\u00fchen Samstagmorgen, gegen 02.00 Uhr, befuhr ein 34-j\u00e4hriger  Autofahrer die Friedensstra\u00dfe und fuhr hierbei auf einen geparkten Pkw  auf. Durch die Funkstreife konnten bei dem Mann deutliche Anzeichen  einer Alkoholisierung festgestellt werden, welche durch den  durchgef\u00fchrten Atemalkoholtest, der einen Wert von 2,32 Promille ergab,  auch best\u00e4tigt werden konnte. Der Fahrer wurde zur Dienststelle  verbracht, wo ihm eine Blutprobe entnommen und der F\u00fchrerschein  sichergestellt wurde. Bei der Blutentnahme leistete der Mann  k\u00f6rperlichen Widerstand und beleidigte die eingesetzten Beamten, sowie  den blutentnehmenden Arzt, aufs \u00dcbelste. Der 34-j\u00e4hrige muss jetzt neben  der Strafanzeige wegen Stra\u00dfenverkehrsgef\u00e4hrdung, auch mit einer  Anzeige wegen Widerstands gegen Vollstreckungsbeamte und Beleidigung  rechnen. <\/p>\n\n\n\n<h4 class=\"wp-block-heading\">(Hanhofen) &#8211; Brand in Einfamilienhaus<\/h4>\n\n\n\n<p>In der Nacht zum Sonntag wurde ein 38-j\u00e4hriger Familienvater in  Hanhofen von einem &#8222;knisternden Ger\u00e4usch&#8220; geweckt, welches er aus  einem Abstellraum wahrnahm. Als er nachschaute stellte er fest, dass  das Ger\u00e4usch von einem Brand an dieser Stelle herr\u00fchrte. Der Mann  weckte sofort seine Familie und brachte sie samt der drei Haustiere  nach drau\u00dfen in Sicherheit.  Durch die Feuerwehr konnte der Brand gel\u00f6scht werden, allerdings  entstand nach vorl\u00e4ufigen Sch\u00e4tzungen ein Schaden von 120.000 Euro.  Die 14-j\u00e4hrige Tochter der Familie wurde wegen Verdachts auf eine  Rauchgasintoxikation vorsorglich in ein Speyerer Krankenhaus  verbracht.  Die drei anderen Familienmitglieder blieben unverletzt und kamen f\u00fcr  die Nacht bei Nachbarn unter.  Die Brandursache ist zur Zeit noch unklar und bedarf weiterer  Ermittlungen. <\/p>\n\n\n\n<h4 class=\"wp-block-heading\">(Lustadt) &#8211; T\u00fcrkisches Beschneidungsfest<\/h4>\n\n\n\n<p>Am 24.08.2019 feierte eine t\u00fcrkische Festgesellschaft mit ca. 200  G\u00e4sten eine Beschneidungsfeier Auf der Weide in Lustadt. Einige G\u00e4ste  schlugen \u00fcber die Str\u00e4nge und \u00fcbertrieben es bei einem Autokorso. Dabei  beschleunigten sie ihre Fahrzeuge stark und lie\u00dfen die Reifen  quietschen. Au\u00dferdem wurden mehrere Sch\u00fcsse aus Schreckschusswaffen  abgefeuert. Damit nicht genug, feierten die G\u00e4ste so laut, dass die  Polizei im Laufe der Nacht drei Ruhest\u00f6rungen, ausgehend von der  Festivit\u00e4t, aufnehmen musste. <\/p>\n\n\n\n<p>Hinweise nimmt die Polizei Germersheim unter 07274\/958-0 oder <a href=\"mailto:pigermersheim.presse@polizei.rlp.de\">pigermersheim.presse@polizei.rlp.de<\/a> entgegen. <\/p>\n\n\n\n<h4 class=\"wp-block-heading\">(Zeiskam) &#8211; Unfall unter Bet\u00e4ubungsmitteleinfluss<\/h4>\n\n\n\n<p>Am 24.08.2019, gegen 16:10Uhr kam es zu einem Verkehrsunfall an der  Kreuzung Raiffeisenstra\u00dfe\/Schumannstra\u00dfe\/ Johanniterstra\u00dfe in Zeiskam.  Ein 17j\u00e4hriger fuhr aus Unachtsamkeit mit seinem Kleinkraftrad gegen  einen VW Transporter. Dabei wurde der 17j\u00e4hrige leicht verletzt und  beide Fahrzeuge leicht besch\u00e4digt. Gl\u00fcck hatte der Sozius des  17j\u00e4hrigen. Er wurde trotz fehlendem Schutzhelm nicht verletzt. Pech  hatte der 17j\u00e4hrige. Er stand unter dem Einfluss von Cannabis, wurde zu  hiesiger Dienststelle verbracht und musste eine Blutprobe abgeben. <\/p>\n\n\n\n<h4 class=\"wp-block-heading\">(Germersheim) &#8211; Ladendiebst\u00e4hle<\/h4>\n\n\n\n<p>Am Nachmittag des 24.08.2019 kam es zu mehreren Ladendiebst\u00e4hlen im  Germersheimer Stadtgebiet. In einem Baumarkt in der Mainzer Stra\u00dfe  entwendeten ein 18- und ein 15j\u00e4hriger gemeinsam einen Fahrradschlauch.  In einem Einkaufsmarkt in der August-Keiler-Stra\u00dfe versuchte eine  14j\u00e4hrige eine Dose eines Energydrinks zu entwenden und in einem  Einkaufsmarkt in der Posthiusstra\u00dfe wollten eine 13- und eine 14j\u00e4hrige  mehrere Feuerzeuge entwenden. Die Minderj\u00e4hrigen wurden ihren  begeisterten Eltern zugef\u00fchrt. <\/p>\n\n\n\n<h4 class=\"wp-block-heading\">(Bellheim) &#8211; Verkehrsunfallflucht<\/h4>\n\n\n\n<p>Am 24.08.2019, gegen 12:20 Uhr, befuhr ein 22j\u00e4hriger mit seinem  schwarzen Pkw Daimler-Benz die Postgrabenstra\u00dfe in Bellheim in Richtung  des dortigen Netto-Marktes. Ihm kam ein silberner Pkw VW Golf entgegen  und \u00fcberholte, ca. 50-100m von der Postgrabenstra\u00dfe 3 entfernt, zwei  namentlich nicht bekannte Fahrradfahrer. Dadurch fuhr er auf die  Fahrbahnseite des 22j\u00e4hrigen, weshalb dieser leicht nach rechts  ausweichen musste. Dennoch touchierte der VW Golf den Mercedes-Benz,  wodurch dieser leicht besch\u00e4digt wurde. Der Golffahrer entfernte sich  vom Unfallort, ohne sich um die Schadensregulierung zu k\u00fcmmern. <\/p>\n\n\n\n<p>Hinweise nimmt die Polizei Germersheim unter 07274\/958-0 oder <a href=\"mailto:pigermersheim.presse@polizei.rlp.de\">pigermersheim.presse@polizei.rlp.de<\/a> entgegen. <\/p>\n\n\n\n<h4 class=\"wp-block-heading\">(R\u00fclzheim) &#8211; Nach Unfall ins Gef\u00e4ngnis<\/h4>\n\n\n\n<p>Einen richtig schlechten Tag hatte ein 39j\u00e4hriger aus R\u00fclzheim. Er fuhr  am 24.08.2019, gegen 15:45 Uhr, mit seinem Fahrrad gegen einen  geparkten Pkw. Bei der Verkehrsunfallaufnahme stellte sich dann heraus,  dass der 39j\u00e4hrige per Haftbefehl gesucht wurde. Da er die geforderten  Geldstrafen nicht bezahlen konnte, wurde er f\u00fcr die n\u00e4chsten Monate in  einer nahgelegenen Justizvollzugsanstalt untergebracht. <\/p>\n\n\n\n<h4 class=\"wp-block-heading\">(Rheinzabern) &#8211; Verkehrsunfallflucht in Rheinzabern<\/h4>\n\n\n\n<p>Verkehrsunfallflucht in Rheinzabern (501041\/23082019\/1950) Am  23.08.2019 stie\u00df im Zeitraum zwischen 11 Uhr und 19:37 Uhr ein noch  unbekannter Kraftfahrer, vermutlich Autofahrer, mit seinem Fahrzeug  gegen einen Blumenk\u00fcbel, welcher H\u00f6he dem Anwesen Badgasse 29 stand. Der  K\u00fcbel st\u00fcrzte aufgrund des Ansto\u00dfes um und wurde besch\u00e4digt. Es ist zu  vermuten, dass der noch fl\u00fcchtige Kraftfahrer\/in den Ansto\u00df bemerkt  haben m\u00fcsste. Hinweise zur Ermittlung des Unfallverursachers\/in bitte an  die Polizeiinspektion W\u00f6rth unter der Rufnummer 07271-92210 oder <a href=\"mailto:piwoerth@polizei.rlp.de\">piwoerth@polizei.rlp.de<\/a>  geben. Ein entsprechendes Strafverfahren ist eingeleitet und wird nach  Abschluss der Ermittlungen der Staatsanwaltschaft in Landau vorgelegt. <\/p>\n\n\n\n<h4 class=\"wp-block-heading\">(Jockgrim) &#8211; Fu\u00dfg\u00e4nger auf der B9 H\u00f6he Jockgrim<\/h4>\n\n\n\n<p>Am 24.08.2019 sahen um 12:06 Uhr zwei 59-j\u00e4hrige  Verkehrsteilnehmerinnen einen Fu\u00dfg\u00e4nger mit Gehhilfen auf der B9. Die  beiden aufmerksamen Frauen erkannten die Gefahr f\u00fcr den Fu\u00dfg\u00e4nger und  konnten ihn gefahrlos zu sich ins Auto holen. Den unbekannten Fu\u00dfg\u00e4nger  verbrachten sie zur Polizei W\u00f6rth. Hier konnte gekl\u00e4rt werden, dass der  Mann desorientiert war. Die Familie des Fu\u00dfg\u00e4ngers konnte ermittelt  werden. Die Ehefrau erschien auf der Dienststelle und holte ihren  Ehemann ab, welcher nach Angaben der Ehefrau an Demenz leide. Durch das  beherzte Einschreiten der Verkehrsteilnehmerinnen konnte die Gef\u00e4hrdung  f\u00fcr den Fu\u00dfg\u00e4nger ausgeschlossen und er selbst  seiner Familie  \u00fcberstellt werden. <\/p>\n\n\n\n<h4 class=\"wp-block-heading\">(Jockgrim) &#8211; Streitende Fahrzeuginsassen auf der B 9 H\u00f6he Jockgrim<\/h4>\n\n\n\n<p>Am 23.08.2019 gerieten um 19:46 Uhr zwei Fahrzeuginnassen w\u00e4hrend der  Autofahrt auf der B 9 heftig in Streit, in dessen Verlauf der 49-j\u00e4hrige  Autofahrer aus Sicherheitsgr\u00fcnden auf dem Standstreifen anhielt. Die  28-j\u00e4hrige Mitfahrerin nahm dann den Z\u00fcndschl\u00fcssel offensichtlich aus  Wut aus dem Schloss und warf diesen in den Gr\u00fcnstreifen am Fahrbahnrand.  Da der Z\u00fcndschl\u00fcssel weg war, wurde auf Wunsch des verantwortlichen  Fahrzeugf\u00fchrers ein Abschleppunternehmen verst\u00e4ndigt. Der Z\u00fcndschl\u00fcssel  konnte noch vor dem Abschleppvorgang im Gr\u00fcnen durch die streitenden  Verkehrsteilnehmer gefunden werden. Die im Raum stehenden, strafbaren  Handlungen im Verkehrsbereich wurden durch die Streife geahndet. <\/p>\n\n\n\n<h4 class=\"wp-block-heading\">(W\u00f6rth) &#8211; Berauschter Autofahrer in W\u00f6rth<\/h4>\n\n\n\n<p>Am 24.08.2019 f\u00fchrte eine Streifte der Polizeiinspektion W\u00f6rth um 01:42  Uhr eine Verkehrskontrolle durch. Am PKW des 25-j\u00e4hrigen Autofahrers  waren keine Beanstandungen feststellbar, jedoch zeigte der Autofahrer  Auff\u00e4lligkeiten, welche auf eine Beeinflussung von Drogen hindeuteten.  Ein durchgef\u00fchrter Urintest best\u00e4tigte den Verdacht des Streifenteams.  Mit dem Testergebnis konfrontiert gab der Autofahrer an, einen Tag vor  der Kontrolle Cannabisprodukte konsumiert zu haben. Der PKW ist mit  Einwilligung vor Ort verschlossen belassen worden. Eine Blutprobe wurde  durch eine verst\u00e4ndigte \u00c4rztin entnommen. Ein entsprechendes Verfahren  wird eingeleitet, das nach Eingang des Blutprobenergebnisses  weiterbearbeitet wird. Dem Autofahrer drohen erhebliche finanzielle und  f\u00fchrerscheinrechtliche Konsequenzen. <\/p>\n\n\n\n<h4 class=\"wp-block-heading\">(Landau) &#8211; Erlebnistag Deutsche Weinstra\u00dfe<\/h4>\n\n\n\n<p>P\u00fcnktlich um 10:00 Uhr am Sonntag wurde die Weinstra\u00dfe f\u00fcr den motorisierten  Fahrzeugverkehr von Schweigen-Rechtenbach bis nach Bockenheim gesperrt.  Bis zur Aufhebung der Sperrung um 18:00 Uhr registrierte die Polizei  zehn Verkehrsunf\u00e4lle und vier Strafanzeigen. <\/p>\n\n\n\n<p>Insgesamt werden \nneun Radfahrer gemeldet, die ohne Fremdeinwirkung gest\u00fcrzt sind. In \neinem Fall ist der Radfahrer leicht alkoholisiert. Zwei der verletzten \nPersonen werden zur weiteren Behandlung in ein Krankenhaus eingeliefert.\n <\/p>\n\n\n\n<p>Ein weiterer Verkehrsunfall ereignet sich gegen 17:30 Uhr in der\n Ortschaft Rhodt. Eine 23 Jahre alte Radfahrerin st\u00fcrzt, als sie einer \nge\u00f6ffneten Autot\u00fcr ausweichen will. Die Frau verletzt sich bei dem Sturz\n und muss in einem Krankenhaus behandelt werden. <\/p>\n\n\n\n<p>Um 15:20 Uhr \nwird ein 27-j\u00e4hriger Radfahrer in Edesheim kontrolliert, der in \nSchlangenlinien auf der  Staatstra\u00dfe unterwegs ist. Ein Atemalkoholtest \nergibt einen Wert von 1,65 Promille. <\/p>\n\n\n\n<p>Gegen 16:00 Uhr f\u00e4hrt ein \n23-j\u00e4hriger Radfahrer zwischen Maikammer und Diedesfeld eine bislang \nunbekannte Frau an. Diese wirft dem Radfahrer ein &#8222;Schoppenglas&#8220; \nhinterher, wodurch dieser eine Schnittwunde am Unterarm erleidet. Bei \ndem Radfahrer wird eine Atemalkoholkonzentration von 1,25 Promille \ngemessen. <\/p>\n\n\n\n<p>Kurz vor 18:00 Uhr kam es sowohl in Neustadt als auch \nin Klingenm\u00fcnster zu wechselseitigen K\u00f6rperverletzungen. Hierbei wurden \ninsgesamt sechs Personen leicht verletzt. <\/p>\n\n\n\n<p>An verschiedenen \n\u00d6rtlichkeiten entlang der Strecke, informierte die Polizei rund um das \nThema Sicherheit auf dem Rad. Neben der Darstellung typischer Gefahren \nim Stra\u00dfenverkehr wurde Informationsmaterial an interessierte \nRadfahrerinnen und Radfahrer ausgeh\u00e4ndigt. <\/p>\n\n\n\n<p>Die Einsatzma\u00dfnehmen  \nder Polizeidirektionen Landau und Neustadt wurden von Kr\u00e4ften des \nPolizeipr\u00e4sidiums Einsatz Logistik und Technik unterst\u00fctzt. Insgesamt \nwaren \u00fcber 100 Polizisten im Einsatz. <\/p>\n\n\n\n<h4 class=\"wp-block-heading\">(Landau) &#8211; Verkehrsunfallflucht<\/h4>\n\n\n\n<p>Am 21.08.19 parkte eine Anwohnerin ihren PKW um 10:00 Uhr in der  Berwartsteinstra\u00dfe in Landau. Als die Frau am Samstagmorgen um 09:00 Uhr  wieder in ihr Fahrzeug einsteigen wollte, stellte sie an diesem einen  Unfallschaden fest. An dem grauen PKW sind blaue Lackanhaftungen zu  erkennen, welche von dem unfallverursachenden Fahrzeug stammen m\u00fcssen. <\/p>\n\n\n\n<h4 class=\"wp-block-heading\">(Freimersheim) &#8211; Abermals Grill von der Terrasse gestohlen<\/h4>\n\n\n\n<p>\u00dcber das Wochenende wurde in Freimersheim durch unbekannte T\u00e4ter ein  Kugelgrill von der Terrasse eines Einfamilienhauses entwendet. Hierf\u00fcr  mussten unbekannte T\u00e4ter \u00fcber eine Grundst\u00fccksumz\u00e4unung klettern. Es  entstand Schaden in H\u00f6he von circa 500 Euro. Bereits am Tag zuvor wurde  bei der Polizeiinspektion Edenkoben der Diebstahl eines Grills  beanzeigt. Hier war der Tatort im Bereich Altdorf. Zeugenhinweise nimmt die PI Edenkoben unter 06323 955-0 oder per Mail an <a href=\"mailto:piedenkoben@polizei.rlp.de\">piedenkoben@polizei.rlp.de<\/a> entgegen. <\/p>\n\n\n\n<h4 class=\"wp-block-heading\">(Venningen) &#8211; Durch umherfliegende Spiegelteile bei Unfall verletzt<\/h4>\n\n\n\n<p>Am Samstag, den 24.08.2019, gegen 18:55 Uhr kam es zu einem  Verkehrsunfall auf der K6 zwischen Edenkoben und Venningen. Hiernach kam  es zu einer Ber\u00fchrung der Au\u00dfenspiegel im Begegnungsverkehr kurz vor  Venningen zwischen einem 41-j\u00e4hrigen VW-Fahrer und einer 33-j\u00e4hrigen  VW-Fahrerin. Die 33-j\u00e4hrige VW-Fahrerin hatte ihrerseits ihr Fenster  ge\u00f6ffnet und wurde dabei durch umherfliegende Spiegelteile leicht  verletzt. Ebenso wurde ihr 7-j\u00e4hriger Sohn durch die Spiegelteile leicht  verletzt, welcher zum Unfallzeitpunkt im Fahrzeugfond sa\u00df. Es entstand  Sachschaden in H\u00f6he von 450 Euro. Durch die Polizeiinspektion Edenkoben  hat die Ermittlungen aufgenommen und ein entsprechendes  Ermittlungsverfahren eingeleitet. <\/p>\n\n\n\n<h4 class=\"wp-block-heading\">(Edenkoben) &#8211; Zu schnell im Kreisverkehr<\/h4>\n\n\n\n<p>Am Samstag, den 24.08.2019, gegen 19:05 Uhr, befuhr der 16-j\u00e4hrige  Kleinkraftradfahrer die K6 von Venningen kommend in Richtung Edenkoben.  Im Kreisverkehr verlor der Kleinkraftradfahrer aufgrund nicht  angepasster Geschwindigkeit die Kontrolle \u00fcber sein Gef\u00e4hrt und st\u00fcrzte  in den Gr\u00fcnstreifen. Am Kleinkraftrad entstand Sachschaden in H\u00f6he von  2500 Euro. Der Fahrer klagte \u00fcber Schmerzen in der H\u00fcfte und wurde zur  weiteren Behandlung in ein Neustadter Krankenhaus verbracht. <\/p>\n\n\n\n<h4 class=\"wp-block-heading\">(Neustadt) &#8211; Erlebnistag Weinstra\u00dfe: Nach Veranstaltungsende zwei Fahrradfahrer mit zuviel Alkohol aufgefallen<\/h4>\n\n\n\n<p>Eine 50-j\u00e4hrige Frau geriet am 25.08.2019 kurz nach 18:00 Uhr mit ihrem  Fahrrad in der Weinstra\u00dfe in Diedesfeld auf die Gegenfahrbahn und  kollidierte mit einer entgegenkommenden 64-j\u00e4hrigen Radfahrerin. Die  50-J\u00e4hrige erlitt einen Nasenbeinbruch, die 64-J\u00e4hrige eine  Rippenprellung. Sie wurden durch Rettungskr\u00e4fte versorgt. Ein  Atemalkoholtest ergab bei der augenscheinlich alkoholisierten  Verursacherin eine Konzentration von 2,22 Promille. Ihr wurde auf der  Dienststelle eine Blutprobe entnommen. <\/p>\n\n\n\n<p>Ein 27-j\u00e4hriger Neustadter\n fuhr ebenfalls nach Beendigung des Erlebnistages gegen 18:30 Uhr mit \nseinem Fahrrad in der Martin-Luther-Stra\u00dfe. Er fiel einer Polizeistreife\n auf, da er deutlich in Schlangenlinien fuhr. Ein Atemalkoholtest ergab \neine Konzentration von 1,88 Promille. Ihm wurde ebenfalls eine Blutprobe\n entnommen. <\/p>\n\n\n\n<h4 class=\"wp-block-heading\">(Neustadt) &#8211; Besuch im Nagelstudio endet mit Rangelei<\/h4>\n\n\n\n<p>Am Samstagmittag, kurz vor 15:00 Uhr, kam es zu einer Rangelei zwischen  zwei Frauen. Eine 36-j\u00e4hrige Kundin eines Neustadter Nagelstudios war  mit dem Ergebnis ihrer Manik\u00fcre unzufrieden. Da die Polizeistreife  schnell vor Ort war konnte Schlimmeres verhindert werden. Die Damen  wurden sich aufgrund der Preisvorstellung nicht einig. Durch die  Vermittlung der Beamten wurde ein akzeptabler Preis verhandelt mit dem  die Designerin als auch Kundin leben konnten. <\/p>\n\n\n\n<h4 class=\"wp-block-heading\">(Neustadt) &#8211; Verletzter Radfahrer nach Alleinunfall<\/h4>\n\n\n\n<p>Samstagvormittag befuhr ein Radfahrer die B39 von  Weidenthal aus kommend in Richtung Neidenfels. Kurz vor dem Ortseingang  Neidenfels geriet der Radfahrer als Folge einer Unachtsamkeit auf den  Gr\u00fcnstreifen. Hierdurch st\u00fcrzte der 50-j\u00e4hrige Mann und verletzte sich.  Aufgrund der Schmerzen im linken Unterarm wurde der Herr aus  Ludwigshafen in ein naheliegendes Krankenhaus verbracht. <\/p>\n\n\n\n<h4 class=\"wp-block-heading\">(Bad D\u00fcrkheim) &#8211; Sachbesch\u00e4digung an Pkw<\/h4>\n\n\n\n<p>In der Zeit von 23.08.2019, 22.00 Uhr bis 24.08.2019, 08.00 Uhr wurde  in Bad D\u00fcrkheim in der Kaiserslauterer Stra\u00dfe der geparkte dunkelrote  Pkw Renault Twingo an der Fahrert\u00fcr zerkratzt. Der Schaden bel\u00e4uft sich  auf ca. 500 EUR. <\/p>\n\n\n\n<p>Hinweise bitte an die Polizeiinspektion Bad D\u00fcrkheim, Tel. 06322\/963-0, oder <a href=\"mailto:pibadduerkheim@polizei.rlp.de\">pibadduerkheim@polizei.rlp.de<\/a> <\/p>\n\n\n\n<h4 class=\"wp-block-heading\">(Birkenheide) &#8211; Fahrradsicherstellung nach Personenkontrolle<\/h4>\n\n\n\n<div class=\"wp-block-image\"><figure class=\"aligncenter\"><img decoding=\"async\" loading=\"lazy\" width=\"800\" height=\"600\" src=\"https:\/\/speyer24news.com\/wp-content\/uploads\/2019\/08\/24.08.19-Birkenheide-Fahrrad.jpg\" alt=\"\" class=\"wp-image-18302\" srcset=\"https:\/\/speyer24news.com\/wp-content\/uploads\/2019\/08\/24.08.19-Birkenheide-Fahrrad.jpg 800w, https:\/\/speyer24news.com\/wp-content\/uploads\/2019\/08\/24.08.19-Birkenheide-Fahrrad-300x225.jpg 300w, https:\/\/speyer24news.com\/wp-content\/uploads\/2019\/08\/24.08.19-Birkenheide-Fahrrad-768x576.jpg 768w, https:\/\/speyer24news.com\/wp-content\/uploads\/2019\/08\/24.08.19-Birkenheide-Fahrrad-678x509.jpg 678w, https:\/\/speyer24news.com\/wp-content\/uploads\/2019\/08\/24.08.19-Birkenheide-Fahrrad-326x245.jpg 326w, https:\/\/speyer24news.com\/wp-content\/uploads\/2019\/08\/24.08.19-Birkenheide-Fahrrad-80x60.jpg 80w\" sizes=\"(max-width: 800px) 100vw, 800px\" \/><figcaption>Fahrrad<\/figcaption><\/figure><\/div>\n\n\n\n<p>Am Samstag, den 24.08.2019 wurde der Rettungsdienst durch Beamte der PW  Maxdorf, bei der Verbringung einer renitenten Behandlungsbed\u00fcrftigen  Person unterst\u00fctzt. Hierbei wurde bei der Person ein gr\u00fcnes Mountainbike  aufgefunden. Durch Angeh\u00f6rige wurde auf Nachfrage mitgeteilt, dass man  nicht w\u00fcsste, woher das Fahrrad stammt. Der Verd\u00e4chtige konnte zu dem  Fahrrad bislang nicht befragt werden. Das Fahrrad wurde sichergestellt.  Ermittlungen wegen des Verdachts des Diebstahls wurden aufgenommen. <\/p>\n\n\n\n<p>Wer\n sachdienliche Hinweise zu dem genannten Fall geben kann, wird gebeten \nsich mit der Polizeiwache Maxdorf unter der Rufnummer 06237\/934-1100 in \nVerbindung zu setzen. Hinweise k\u00f6nnen auch per E-Mail unter <a href=\"mailto:pwmaxdorf@polizei.rlp.de\">pwmaxdorf@polizei.rlp.de<\/a> an die Polizei \u00fcbermittelt werden. <\/p>\n\n\n\n<h4 class=\"wp-block-heading\">(Weisenheim am Sand) &#8211; Einbruch in Wohnhaus mit T\u00e4terkontakt und T\u00e4terfestnahme<\/h4>\n\n\n\n<p>Am Sonntag 25.08.2019, um 01.20 Uhr kam die Bewohnerin eines  Einfamilienhauses in Weisenheim am Sand im Sch\u00e4fersteg  nach Hause, als  ihr zwei unbekannte M\u00e4nner aus ihrem Haus entgegen kamen. Die sofort  eingeleiteten Fahndungsma\u00dfnahmen mittels Funkstreifenwagen der  umliegenden Dienststellen und dem Einsatz des Polizeihubschraubers  konnten die beiden T\u00e4ter, aufgrund der detaillierten  Personenbeschreibung durch die Gesch\u00e4digte, in der umliegenden  Nachbarschaft festgestellt und vor Ort festgenommen werden. Die T\u00e4ter  hatten nichts entwendet. Der Sachschaden bel\u00e4uft sich auf ca. 250 EUR.  Die Sachbearbeitung wurden durch den Kriminaldauerdienst \u00fcbernommen. <\/p>\n\n\n\n<h4 class=\"wp-block-heading\">(Frankenthal) &#8211; Diebstahl aus Kraftfahrzeug<\/h4>\n\n\n\n<p>Der 29-J\u00e4hrige Mitarbeiter einer Baufirma parkt seinen Firmenwagen,  Iveco \/ 35C12, ordnungsgem\u00e4\u00df und verschlossen in H\u00f6he des Anwesens,  Welschgasse 10 in 67227 Frankenthal. Im Zeitraum von Freitag,  23.08.2019, ca. 21.00 Uhr, bis Samstag, 24.08.2019, ca. 14.00 Uhr,  n\u00e4hert sich ein unbekannter T\u00e4ter dem Fahrzeug. Am Fahrzeug dr\u00fcckt der  T\u00e4ter eine etwas offenstehende Seitenscheibe herunter, entriegelt die  Fahrzeugt\u00fcr und entwendet aus dem Fahrzeuginnenraum eine Betonfr\u00e4se im  Wert von ca. 1000 EUR. <\/p>\n\n\n\n<p>Wer sachdienliche Hinweise zu dem \ngenannten Fall geben kann, wird gebeten sich mit der Polizeiinspektion \nFrankenthal unter der Rufnummer 06233\/313-0 oder der Polizeiwache \nMaxdorf unter der Rufnummer 06237\/934-1100 in Verbindung zu setzen. \nHinweise k\u00f6nnen auch per E-Mail unter <a href=\"mailto:pifrankenthal@polizei.rlp.de\">pifrankenthal@polizei.rlp.de<\/a> an die Polizei \u00fcbermittelt werden. <\/p>\n\n\n\n<h4 class=\"wp-block-heading\">(Gro\u00dfniedesheim) &#8211; Bei Anruf Betrug<\/h4>\n\n\n\n<p>Am Samstag, 24.08.2019, gegen 09.00 Uhr, erh\u00e4lt ein 60-J\u00e4hriger  Gesch\u00e4digter zuhause einen Anruf von einem vermeintlichen Mitarbeiter  einer Computerfirma. In dem mehrst\u00fcndigen Telefonat teilt der Anrufer  mit, dass Viren auf dem PC des Gesch\u00e4digten entdeckt worden w\u00e4ren, die  er nun via Fernwartung beseitigen wolle. Der Gesch\u00e4digte gew\u00e4hrt dem  Anrufer Fernzugriff auf seinen PC sowie zu seinem Onlinebanking und  PayPal Konto. Letztlich fordert der Anrufer f\u00fcr seine geleisteten  Dienste eine Zahlung in H\u00f6he von 1000 EUR. Der Gesch\u00e4digte bekommt  hierauf Zweifel an der Echtheit des Anrufers und beendet das Gespr\u00e4ch. <\/p>\n\n\n\n<p>Immer  wieder spiegeln Betr\u00fcger falsche Tatsachen am Telefon vor. Lassen Sie  sich nicht t\u00e4uschen und seien Sie misstrauisch. Dies gilt insbesondere  wenn sie nach finanziellen Verh\u00e4ltnissen oder Kontodaten befragt werden.  Wenn Ihnen ein Anruf seltsam erscheint rufen Sie uns an. Wir sind unter  der 110 oder der 06233 3130 f\u00fcr Sie da. <\/p>\n\n\n\n<h4 class=\"wp-block-heading\">(Ruchheim \/ A 61) &#8211; PKW-Brand sorgt f\u00fcr Vollsperrung auf der A61<\/h4>\n\n\n\n<div class=\"wp-block-image\"><figure class=\"aligncenter\"><img decoding=\"async\" loading=\"lazy\" width=\"500\" height=\"690\" src=\"https:\/\/speyer24news.com\/wp-content\/uploads\/2019\/08\/25.08.19-Ruchheim-brennendes-KFZ.jpg\" alt=\"\" class=\"wp-image-18303\" srcset=\"https:\/\/speyer24news.com\/wp-content\/uploads\/2019\/08\/25.08.19-Ruchheim-brennendes-KFZ.jpg 500w, https:\/\/speyer24news.com\/wp-content\/uploads\/2019\/08\/25.08.19-Ruchheim-brennendes-KFZ-217x300.jpg 217w\" sizes=\"(max-width: 500px) 100vw, 500px\" \/><figcaption>Fahrzeugbrand<\/figcaption><\/figure><\/div>\n\n\n\n<p>Vermutlich aufgrund eines technischen Defekts geriet am Sonntag, den  25.08.2019 gegen 15:50 Uhr ein PKW auf der Autobahn A 61 zwischen der  Anschlussstelle Schifferstadt und dem Autobahnparkplatz &#8222;Birkenschlag&#8220;   in Fahrtrichtung Speyer, in Brand. Der Fahrzeugf\u00fchrer konnte sein  Fahrzeug noch rechtzeitig auf dem Seitenstreifen zum Stillstand bringen  und zusammen mit der Beifahrerin und dem gemeinsamen Hund unverletzt das  Fahrzeug verlassen. Kurze Zeit sp\u00e4ter stand das Fahrzeug im Vollbrand.  Durch das Feuer geriet auch die angrenzende B\u00f6schung in Brand, konnte  jedoch durch die Feuerwehr schnell gel\u00f6scht werden. Da in dem brennenden  Fahrzeug Gaskartuschen mitgef\u00fchrt wurden, musste die A61 bis zur  Entwarnung durch die Feuerwehr in Fahrtrichtung Speyer voll gesperrt  werden. Hierdurch kam es zu einem l\u00e4ngeren Stau. Auch die Mitarbeiter  der hinzugerufenen Autobahnmeisterei Ruchheim sind sprichw\u00f6rtlich durch  diesen Einsatz &#8222;Auf den Hund gekommen&#8220;. Da eine Mitnahme des Hundes vom  Brandort nicht anders m\u00f6glich war,   stieg dieser in ein  Mehrzweckfahrzeug der Autobahnmeisterei ein. <\/p>\n\n\n\n<div class=\"wp-block-image\"><figure class=\"aligncenter\"><img decoding=\"async\" loading=\"lazy\" width=\"800\" height=\"488\" src=\"https:\/\/speyer24news.com\/wp-content\/uploads\/2019\/08\/25.08.19-Ruchheim-Versorgung.jpg\" alt=\"\" class=\"wp-image-18304\" srcset=\"https:\/\/speyer24news.com\/wp-content\/uploads\/2019\/08\/25.08.19-Ruchheim-Versorgung.jpg 800w, https:\/\/speyer24news.com\/wp-content\/uploads\/2019\/08\/25.08.19-Ruchheim-Versorgung-300x183.jpg 300w, https:\/\/speyer24news.com\/wp-content\/uploads\/2019\/08\/25.08.19-Ruchheim-Versorgung-768x468.jpg 768w\" sizes=\"(max-width: 800px) 100vw, 800px\" \/><figcaption>Auf den Hund gekommen<\/figcaption><\/figure><\/div>\n\n\n\n<p>Durch die \nHitzeentwicklung wurde die Teerdecke auf dem Seitenstreifen besch\u00e4digt, \nzu einem Personenschaden kam es gl\u00fccklicherweise nicht. <\/p>\n\n\n\n<p>Im  Einsatz waren neben Polizei und Rettungsdienst die Feuerwehr der VG  Dannstadt-Schauernheim mit acht Fahrzeugen und 26 Mann, die Feuerwehr  Schifferstadt mit vier Fahrzeugen und 17 Mann. Weiterhin befand sich im  entstehenden Stau ein Notarzt in seiner Freizeit, der seine Hilfe anbot  und sich mit dem Rettungsdienst um die Fahrzeuginsassen k\u00fcmmerte. <\/p>\n\n\n\n<h4 class=\"wp-block-heading\">(Ludwigshafen) &#8211; 36 J\u00e4hriger um mehrere Tausend Euro beraubt<\/h4>\n\n\n\n<p>Sonntagnacht, dem 25.08.2019 gegen 00:30 Uhr, stritten sich etwa 20  Personen im s\u00fcdlichen Innenstadtbereich um ein Fahrrad. Der Streit  eskalierte derart, dass eine mehrk\u00f6pfige unbekannte Personengruppe  k\u00f6rperlich auf einen 31-J\u00e4hrigen und dessen Freunde einwirkte. Hierbei  benutzten diese auch Messer und Glasflaschen. Im Zuge des Handgemenges  st\u00fcrzte der 31-J\u00e4rige mit dem Hinterkopf zu Boden, weshalb er durch den  Rettungsdienst in ein Krankenhaus verbracht werden musste. Auch ein  36-j\u00e4hriger Freund des Verletzten wurde mehrmals ins Gesicht geschlagen  und um seine Umh\u00e4ngetasche mit mehreren Tausend Euro Bargeld beraubt. <\/p>\n\n\n\n<p>Da\n bisher keine genaue Personenbeschreibung zu den T\u00e4tern vorliegt, werden\n Zeugen gebeten, sich mit der Polizeiinspektion Ludwigshafen 1 in \nVerbindung zu setzen: <\/p>\n\n\n\n<p>Polizeiinspektion Ludwigshafen 1 Beethovenstra\u00dfe 36 67061 Ludwigshafen am Rhein 0621\/963-2122 <a href=\"mailto:piludwigshafen1@polizei.rlp.de\">piludwigshafen1@polizei.rlp.de<\/a> <\/p>\n\n\n\n<h4 class=\"wp-block-heading\">(Ludwigshafen) &#8211; Mehrere Verletzte auf Stra\u00dfenfest<\/h4>\n\n\n\n<p>Am Sonntag, dem 25.08.2019, entwickelte sich gegen Mitternacht auf dem  Stra\u00dfenfest in Rheing\u00f6nheim unweit der B\u00fchne ein Streit zwischen zwei  Personengruppen. Die zun\u00e4chst verbale Auseinandersetzung gipfelte darin,  dass ein 53 Jahre alter Mann sein Pfefferspray z\u00fcckte und dies in  Richtung der gegnerischen vierk\u00f6pfigen Gruppe spr\u00fchte. Auch mehrere  unbeteiligte Personen bekamen das verspr\u00fchte Pfefferspray ab. Insgesamt  mussten 7 Personen wegen Atemwegsreizungen sowie Augenr\u00f6tungen durch den  Rettungsdienst erstversorgt und teilweise in verschiedene Krankenh\u00e4user  verbracht werden. Nach der Tat hatte der 53-j\u00e4hrige zu Fu\u00df die Flucht  ergriffen; konnte jedoch durch die Polizei kurz darauf in Begleitung  seiner Ehefrau eingeholt und kontrolliert werden. Im Rahmen der  Personenkontrolle konnten bei ihm sowohl das zuvor verwendete  Pfefferspray als auch ein Einhandmesser aufgefunden und sichergestellt  werden. Ein Atemalkoholtest des Mannes ergab einen Wert von 1,36  Promille. <\/p>\n\n\n\n<p>Nun muss sich der 53-J\u00e4hrige wegen gef\u00e4hrlicher K\u00f6rperverletzung und Versto\u00dfes gegen das Waffengesetz verantworten. <\/p>\n\n\n\n<h4 class=\"wp-block-heading\">(Ludwigshafen) &#8211; Zwei M\u00e4nner l\u00f6sen Polizeieinsatz aus<\/h4>\n\n\n\n<p>Einen gr\u00f6\u00dferen Polizeieinsatz l\u00f6sten am Sonntagmorgen zwei Personen im  Stadtgebiet aus. Kurz nach 10 Uhr informierte uns ein Anwohner, dass er  in der Hemshofstra\u00dfe zwei M\u00e4nner beobachtet hatte, von denen einer eine  Waffe  in der Hand hielt. Den aktuellen Aufenthaltsort der M\u00e4nner konnte  er nicht angeben, er hatte sie aus den Augen verloren. Durch die sehr  guten Informationen des Zeugen und weiterer polizeilicher  Feststellungen, gelang es schnell einen der M\u00e4nner zu identifizieren und  seinen Aufenthaltsort festzustellen. Der 29-J\u00e4hrige Ludwigshafener  konnte um 15.10 Uhr auf einem Fu\u00dfballplatz im Rheinpfalz Kreis  festgenommen werden. Er r\u00e4umte ein, dass er am Morgen mit seinem Cousin  in Ludwigshafen unterwegs war und dieser h\u00e4tte eine Softairwaffe mit  sich gef\u00fchrt. Gegen 17 Uhr konnte die zweite Person zuhause festgenommen  werden. In der Wohnung des 17-J\u00e4hrigen in Ludwigshafen wurde auch die  Waffe aufgefunden. Bei dieser handelt es sich um eine Softairwaffe, die  einer echten Waffe t\u00e4uschend \u00e4hnlich sieht. Nach Abschluss der  polizeilichen Ma\u00dfnahmen kamen beide M\u00e4nner wieder auf freien Fu\u00df. Die  weiteren Ermittlungen und die Pr\u00fcfung der Waffe erfolgt durch die  Kriminalinspektion Ludwigshafen. <\/p>\n\n\n\n<h4 class=\"wp-block-heading\">(Ludwigshafen) &#8211; Bargeld bei Einbruch in Gastst\u00e4tte entwendet<\/h4>\n\n\n\n<p>In der Nacht von Freitag auf Samstag, den 24.08.2019, verschafften sich   unbekannte T\u00e4ter Zutritt zu einer Shisha-Bar im Bereich Mundenheimer  Stra\u00dfe \/ Rottstra\u00dfe. In der Bar brachen die T\u00e4ter einen Spielautomaten  auf und entwendeten einen vierstelligen Bargeldbetrag. Im Anschluss  verlie\u00dfen die T\u00e4ter die \u00d6rtlichkeit durch den Hinterausgang. <\/p>\n\n\n\n<p>Zeugen,\n die n\u00e4here Angaben zur Tat oder den T\u00e4tern machen k\u00f6nnen, werden \ngebeten, mit der Polizeiinspektion Ludwigshafen 1 Kontakt aufzunehmen: <\/p>\n\n\n\n<p>Polizeiinspektion Ludwigshafen 1 Beethovenstra\u00dfe 36 67061 Ludwigshafen am Rhein 0621\/963-2122 <a href=\"mailto:piludwigshafen1@polizei.rlp.de\">piludwigshafen1@polizei.rlp.de<\/a> <\/p>\n\n\n\n<h4 class=\"wp-block-heading\">(Mannheim) &#8211; Trunkenheitsfahrt durch E-Scooter-Fahrer \/ Fast 1,5 Promille<\/h4>\n\n\n\n<p>Ein E-Scooter-Fahrer wurde am Sonntagmorgen, um 01:30 Uhr, aufgrund des  Befahrens der Fu\u00dfg\u00e4ngerzone in Mannheim H\u00f6he des Quadrats K 1 \/  Haltestelle Abendakademie einer Verkehrskontrolle unterzogen. Im Rahmen  der Kontrolle konnte festgestellt werden, dass der Fahrzeugf\u00fchrer  deutlich unter dem Einfluss von alkoholischen Getr\u00e4nken stand und  Schwierigkeiten hatte, das Gleichgewicht zu halten. Ein durchgef\u00fchrter  Atemalkoholtest ergab einen Wert von fast 1,5 Promille. Des Weiteren  wurde im Rahmen eines Urin-Tests im Polizeirevier Mannheim-Innenstadt  festgestellt, dass der Fahrer auch unter der Einwirkung von  Bet\u00e4ubungsmitteln stand. Dem 33-J\u00e4hrigen wurde durch einen Polizeiarzt  eine Blutprobe entnommen. Gegen den Fahrer wurde ein  Ermittlungsverfahren wegen Trunkenheit im Verkehr eingeleitet. Da der  E-Scooter au\u00dferdem nicht zum Verkehr zugelassen war und kein  Versicherungsschutz bestand, wird der 33-J\u00e4hrige sich auch hierf\u00fcr  verantworten m\u00fcssen. Der E-Scooter wurde polizeirechtlich beschlagnahmt.  <\/p>\n\n\n\n<h4 class=\"wp-block-heading\">(Mannheim) &#8211; Vermisste Person nach Hinweisen von Verkehrsteilnehmern aufgegriffen \/ Polizeihubschrauber im Einsatz<\/h4>\n\n\n\n<p>Am Samstagabend, 24.08.2019, kurz vor 20 Uhr, wurde durch eine  Pflegerin ein 81-J\u00e4hriger aus Mannheim-Gartenstadt als vermisst  gemeldet. Der Vermisste sei wie gew\u00f6hnlich zu einem Waldspaziergang  aufgebrochen, aber nicht wieder zur\u00fcckgekehrt. Fahndungsma\u00dfnahmen und  \u00dcberpr\u00fcfungen von Hinwendungsorten verliefen ohne positives Ergebnis.  Der angrenzende K\u00e4fertaler Wald wurde durch Beamte auch mit Fahrr\u00e4dern  bestreift. Dortige Spazierg\u00e4nger wurden durch die eingesetzten  Polizeibeamten \u00fcber den Vermisstenfall informiert. Zur Unterst\u00fctzung der  Fahndungskr\u00e4fte am Boden wurde gegen 22 Uhr ein Polizeihubschrauber  hinzugezogen. Gegen 23 Uhr wurde durch mehrere Verkehrsteilnehmer eine  m\u00e4nnliche Person auf der Autobahn 659 Fahrtrichtung Weinheim in H\u00f6he des  Viernheimer Kreuzes gemeldet. Eine \u00dcberpr\u00fcfung der Person an der  nahegelegen Tankstelle ergab, dass es sich um den vermissten 81-J\u00e4hrigen  handelte. Der Vermisste war unverletzt und wurde seiner Pflegerin an  der Wohnanschrift \u00fcberstellt. Der verst\u00e4ndigte Personensp\u00fcrhund kam  daher nicht zum Einsatz. <\/p>\n\n\n\n<h4 class=\"wp-block-heading\">(Heidelberg) &#8211; 30-J\u00e4hriger betrunken mit Fahrrad unterwegs<\/h4>\n\n\n\n<p>Am fr\u00fchen Sonntagmorgen, um 03.55 Uhr, fiel einer Polizeistreife ein  Fahrradfahrer auf, der stark schwankend die Steubenstra\u00dfe in  Heidelberg-Handschuhsheim befuhr. Bei der anschlie\u00dfenden Kontrolle des  Fahrradfahrers wurde Alkoholgeruch wahrgenommen. Ein Alcotest ergab  einen Promillewert von 1,88. Das Fahrrad wurde vor Ort abgeschlossen  abgestellt. Im Polizeirevier wurde dem 30-J\u00e4hrigen eine Blutprobe  entnommen, zudem erwartet ihn eine Anzeige wegen Trunkenheit im Verkehr.  <\/p>\n\n\n\n<h4 class=\"wp-block-heading\">(Heidelberg) &#8211; Starke Rauchentwicklung in einem Restaurant<\/h4>\n\n\n\n<p>Am 24.08.2019 um 16:43 Uhr wurde durch Beamte der Polizei-Sonderwache  in Heidelberg am Bismarckplatz eine starke Rauchentwicklung aus einem  Restaurant in der Rohrbacher Stra\u00dfe festgestellt. Es konnte festgestellt  werden, dass es im Bereich des Grills zu einem Brand in der dortigen  Abzugshaube kam und sich der Brand in einem L\u00fcftungsrohr ausbreitete.  Die verst\u00e4ndigte Berufsfeuerwehr Heidelberg kam mit einem L\u00f6schzug vor  Ort und konnte den Brand nach kurzer Zeit l\u00f6schen. Der weitere Betrieb  des Grills ist bis zu einer Abnahme durch einen Schornsteinfeger  untersagt. W\u00e4hrend der L\u00f6scharbeiten mussten die Besucher das Restaurant  verlassen. Personen wurden durch die Rauchentwicklung nicht verletzt.  Es entstand lediglich geringer Sachschaden. F\u00fcr die Dauer der  L\u00f6schma\u00dfnahmen war die Rohrbacher Stra\u00dfe gesperrt. Der  Stra\u00dfenbahn-\/Busverkehr war durch die Sperrma\u00dfnahmen nicht betroffen.  Die Sperrung der Rohrbacher Stra\u00dfe wurde gegen 18:30 Uhr aufgehoben. Es  kam zu keinen nennenswerten Verkehrsbeeintr\u00e4chtigungen. <\/p>\n\n\n\n<h4 class=\"wp-block-heading\">(Heidelberg-Pfaffengrund) &#8211; Brand einer Garage<\/h4>\n\n\n\n<p>Aus ungekl\u00e4rter Ursache kam es am 24.08.2019, gg. 17.15 Uhr, in der  Marktstra\u00dfe im Pfaffengrund zu einem Brand in einer Garage. Noch bevor  die Berufsfeuerwehr Heidelberg eintraf, konnte das Feuer im hinteren  Bereich durch den Garagenbesitzer gel\u00f6scht werden. Der vordere  Garagenbereich, der durch einen Freund des Besitzers genutzt wird, ist  abgetrennt und kann nur durch das Garagentor betreten werden. Da nicht  auszuschlie\u00dfen war, dass dort noch Gasflaschen lagern, wurde das Tor  durch die Feuerwehr gewaltsam ge\u00f6ffnet. Es wurde festgestellt, dass es  im vorderen Bereich der Garage zu keinem Brandgeschehen kam. Nachdem die  Garage noch gew\u00e4ssert wurde, um ein erneutes Ausbrechen des Feuers zu  verhindern, konnten die 17 Einsatzkr\u00e4fte der Berufsfeuerwehr die  \u00d6rtlichkeit wieder verlassen. Der Sachschaden wird auf 500 Euro  gesch\u00e4tzt.<\/p>\n\n\n\n<h4 class=\"wp-block-heading\">(Eberbach \/ Rhein-Neckar-Kreis) &#8211; 84. Kuckucksmarkt<\/h4>\n\n\n\n<p>Der 84. Kuckucksmarkt verlief bis zum Sonntagmorgen \u00fcberwiegend  friedlich und ohne besondere Vorkommnisse. Einige wenige Eins\u00e4tze f\u00fcr  die eingesetzten Security Mitarbeiter und Polizeibeamten waren erneut  dem pers\u00f6nlichen Suchtmittelmissbrauch von Besuchern  auf dem  Festgel\u00e4nde geschuldet. So mussten die Polizeibeamten am fr\u00fchen  Samstagmorgen den Notarzt f\u00fcr eine 18-j\u00e4hrige alarmieren, die in H\u00f6he  der DLRG Station infolge Alkoholmissbrauchs bewusstlos am Boden liegend,  noch rechtzeitig entdeckt worden war. Gl\u00fccklicherweise konnte sie nach  ambulanter Behandlung nach Hause gebracht werden. Am fr\u00fchen Samstagabend  nutze ein 17-j\u00e4hriger die Wartezeit bis er mit der F\u00e4hre &#8222;Frischling&#8220;  zum Festgel\u00e4nde \u00fcbersetzen konnte, um sich vor den Augen von  Polizeibeamten einen Marihuana Joint zu drehen. Er wurde in Gewahrsam  genommen und seiner Mutter \u00fcberstellt. Er sieht einem Strafverfahren  wegen des Besitzes von Bet\u00e4ubungsmitteln entgegen. Am Sonntag, gegen  00:30 Uhr, fiel ein 24-j\u00e4hriger, der zuvor etwas unbeholfen und  erfolglos Kontakt zu weiblichen G\u00e4sten gesucht hatte, dadurch auf, dass  er sich , mittlerweile sehr stark alkoholisiert,  gegen\u00fcber  Festzeltbesuchern aggressiv verhielt. Nachdem er durch die vom Festwirt  hinzugerufenen Security-Mitarbeiter aus dem Zelt begleitet worden war,  zeigte er sich auch drau\u00dfen total uneinsichtig, weiterhin aggressiv und  wollte sofort wieder zur\u00fcck ins Zelt. Die Security hielt ihn bis zum  Eintreffen der Polizeistreife fest. Die Beamten fesselten den  widersetzlichen St\u00f6renfried und verbrachten ihn in die Notarrestzelle  des Polizeireviers, aus der er erst nach erlangter N\u00fcchternheit wieder  entlassen wurde. Etwaige Gesch\u00e4digte, Zeugen oder Hinweisgeber zu dem  Vorfall werden gebeten sich mit dem Polizeirevier Eberbach, Tel.:  06271\/92100, in Verbindung zu setzen. <\/p>\n\n\n\n<p> <\/p>\n","protected":false},"excerpt":{"rendered":"<div class=\"mh-excerpt\"><p>Polizeimeldungen vom Sonntag (25.08.2019) (Speyer) &#8211; Fl\u00fcchtiger Ladendieb gefasst Ein 20-j\u00e4hriger Mann aus Ludwigshafen wurde am Samstagnachmittag in einem Speyerer Drogeriemarkt von einer Angestellten dabei beobachtet, wie er einen Bluetooth-Lautsprecher im Wert von 150 Euro <a class=\"mh-excerpt-more\" href=\"https:\/\/speyer24news.com\/?p=18299\" title=\"Polizei:\">[&#8230;]<\/a><\/p>\n<\/div>","protected":false},"author":3,"featured_media":0,"comment_status":"open","ping_status":"open","sticky":false,"template":"","format":"standard","meta":{"_monsterinsights_skip_tracking":false,"_monsterinsights_sitenote_active":false,"_monsterinsights_sitenote_note":"","_monsterinsights_sitenote_category":0,"footnotes":""},"categories":[12],"tags":[61,2555,63,105,53,102,213,55,103,106,427,62,104,979,1565],"aioseo_notices":[],"amp_enabled":true,"_links":{"self":[{"href":"https:\/\/speyer24news.com\/index.php?rest_route=\/wp\/v2\/posts\/18299"}],"collection":[{"href":"https:\/\/speyer24news.com\/index.php?rest_route=\/wp\/v2\/posts"}],"about":[{"href":"https:\/\/speyer24news.com\/index.php?rest_route=\/wp\/v2\/types\/post"}],"author":[{"embeddable":true,"href":"https:\/\/speyer24news.com\/index.php?rest_route=\/wp\/v2\/users\/3"}],"replies":[{"embeddable":true,"href":"https:\/\/speyer24news.com\/index.php?rest_route=%2Fwp%2Fv2%2Fcomments&post=18299"}],"version-history":[{"count":1,"href":"https:\/\/speyer24news.com\/index.php?rest_route=\/wp\/v2\/posts\/18299\/revisions"}],"predecessor-version":[{"id":18305,"href":"https:\/\/speyer24news.com\/index.php?rest_route=\/wp\/v2\/posts\/18299\/revisions\/18305"}],"wp:attachment":[{"href":"https:\/\/speyer24news.com\/index.php?rest_route=%2Fwp%2Fv2%2Fmedia&parent=18299"}],"wp:term":[{"taxonomy":"category","embeddable":true,"href":"https:\/\/speyer24news.com\/index.php?rest_route=%2Fwp%2Fv2%2Fcategories&post=18299"},{"taxonomy":"post_tag","embeddable":true,"href":"https:\/\/speyer24news.com\/index.php?rest_route=%2Fwp%2Fv2%2Ftags&post=18299"}],"curies":[{"name":"wp","href":"https:\/\/api.w.org\/{rel}","templated":true}]}}