{"id":18309,"date":"2019-08-26T13:13:47","date_gmt":"2019-08-26T12:13:47","guid":{"rendered":"https:\/\/speyer24news.com\/?p=18309"},"modified":"2019-08-26T13:13:49","modified_gmt":"2019-08-26T12:13:49","slug":"historisches-museum-der-pfalz","status":"publish","type":"post","link":"https:\/\/speyer24news.com\/?p=18309","title":{"rendered":"Historisches Museum der Pfalz:"},"content":{"rendered":"<style type=\"text\/css\">\r\n\t.ads_top_disp{}\r\n\t.ads_top_corner_disp{ float:left; margin:0px 10px 10px 0px; }\r\n\t.ads_first_p_disp{}\r\n\t.ads_bottom_disp{}\r\n\t<\/style>\n<div class=\"wp-block-image\"><figure class=\"aligncenter\"><img decoding=\"async\" src=\"https:\/\/speyer24news.com\/wp-content\/uploads\/2019\/08\/Historisches-Museum-Speyer-Logo.png\" alt=\"\" class=\"wp-image-17918\"\/><\/figure><\/div>\n\n\n\n<h2 class=\"wp-block-heading\">Robin Hood zieht weiter<\/h2>\n\n\n\n<h3 class=\"wp-block-heading\">Historisches Museum der Pfalz Speyer \u00fcbergibt Ausstellung nach Dortmund<\/h3>\n\n\n\n<div class=\"wp-block-image\"><figure class=\"aligncenter\"><img decoding=\"async\" loading=\"lazy\" width=\"355\" height=\"500\" src=\"https:\/\/speyer24news.com\/wp-content\/uploads\/2019\/08\/DSC01119.jpg\" alt=\"\" class=\"wp-image-18311\" srcset=\"https:\/\/speyer24news.com\/wp-content\/uploads\/2019\/08\/DSC01119.jpg 355w, https:\/\/speyer24news.com\/wp-content\/uploads\/2019\/08\/DSC01119-213x300.jpg 213w\" sizes=\"(max-width: 355px) 100vw, 355px\" \/><\/figure><\/div>\n\n\n\n<p><strong>Speyer \/ Dortmund &#8211; <\/strong>Die vom Historischen Museum der Pfalz Speyer entwickelte Familien-Ausstellung \u201eRobin Hood\u201c ist ab dem 1. September 2019 in Dortmund im Museum f\u00fcr Kunst und Kulturgeschichte zu sehen.<\/p>\n\n\n\n<p>Die Familien-Ausstellung kn\u00fcpfte inhaltlich an die gro\u00dfe kunst- und kulturhistorische Landesausstellung \u201eRichard L\u00f6wenherz. K\u00f6nig \u2013 Ritter \u2013 Gefangener\u201c an, die parallel zu \u201eRobin Hood\u201c im Historischen Museum der Pfalz Speyer gezeigt wurde. Insgesamt sahen rund 160.000 Besucher die beiden Ausstellungen.<\/p>\n\n\n\n<div class=\"wp-block-image\"><figure class=\"aligncenter\"><img decoding=\"async\" loading=\"lazy\" width=\"640\" height=\"480\" src=\"https:\/\/speyer24news.com\/wp-content\/uploads\/2019\/08\/DSC01189.jpg\" alt=\"\" class=\"wp-image-18312\" srcset=\"https:\/\/speyer24news.com\/wp-content\/uploads\/2019\/08\/DSC01189.jpg 640w, https:\/\/speyer24news.com\/wp-content\/uploads\/2019\/08\/DSC01189-300x225.jpg 300w, https:\/\/speyer24news.com\/wp-content\/uploads\/2019\/08\/DSC01189-326x245.jpg 326w, https:\/\/speyer24news.com\/wp-content\/uploads\/2019\/08\/DSC01189-80x60.jpg 80w\" sizes=\"(max-width: 640px) 100vw, 640px\" \/><\/figure><\/div>\n\n\n\n<p>Die gro\u00dfen und kleinen Besucher der Ausstellung werden durch zahlreiche Mitmachstationen und Originalobjekte dazu eingeladen, in die Welt des Mittelalters einzutauchen. An den Schaupl\u00e4tzen der Legende k\u00f6nnen sie selbst in die Rollen der Figuren schl\u00fcpfen  und der Faszination rund um den ber\u00fchmten Bogensch\u00fctzen nachsp\u00fcren.<\/p>\n\n\n\n<div class=\"wp-block-image\"><figure class=\"aligncenter\"><img decoding=\"async\" loading=\"lazy\" width=\"375\" height=\"500\" src=\"https:\/\/speyer24news.com\/wp-content\/uploads\/2019\/08\/DSC08218.jpg\" alt=\"\" class=\"wp-image-18313\" srcset=\"https:\/\/speyer24news.com\/wp-content\/uploads\/2019\/08\/DSC08218.jpg 375w, https:\/\/speyer24news.com\/wp-content\/uploads\/2019\/08\/DSC08218-225x300.jpg 225w\" sizes=\"(max-width: 375px) 100vw, 375px\" \/><\/figure><\/div>\n\n\n\n<p>Seit das Historische Museum der Pfalz Speyer vor 20 Jahren das \u201eJunge Museum\u201c gr\u00fcndete, sorgen die speziell f\u00fcr Kinder und Familien konzipierten Ausstellungen f\u00fcr \u00fcberregionale Aufmerksamkeit. Neben \u201eRobin Hood\u201c z\u00e4hlen zu den Erfolgsausstellungen \u201e40 Jahre Playmobil\u201c (2013\/2014), \u201eDetektive, Agenten und Spione\u201c (2015\/2016) oder \u201eDas Sams   und die Helden der Kinderb\u00fccher\u201c (2018\/2019). <\/p>\n\n\n\n<div class=\"wp-block-image\"><figure class=\"aligncenter\"><img decoding=\"async\" loading=\"lazy\" width=\"500\" height=\"667\" src=\"https:\/\/speyer24news.com\/wp-content\/uploads\/2019\/08\/DSC08260.jpg\" alt=\"\" class=\"wp-image-18314\" srcset=\"https:\/\/speyer24news.com\/wp-content\/uploads\/2019\/08\/DSC08260.jpg 500w, https:\/\/speyer24news.com\/wp-content\/uploads\/2019\/08\/DSC08260-225x300.jpg 225w\" sizes=\"(max-width: 500px) 100vw, 500px\" \/><\/figure><\/div>\n\n\n\n<p>Ab dem 22. Dezember 2019 ist im Historischen Museum der Pfalz Speyer die neue Familien-Ausstellung \u201eDer Gr\u00fcffelo \u2013 Die Ausstellung\u201c zu sehen, die sich dem von Julia Donaldson verfassten und von Axel Scheffler farbenfroh illustrierten Kinderbuch \u201eDer Gr\u00fcffelo\u201c widmet.<\/p>\n\n\n\n<p>Weitere Informationen unter <a rel=\"noreferrer noopener\" href=\"https:\/\/deref-web-02.de\/mail\/client\/XFQAbhxFb2g\/dereferrer\/?redirectUrl=http%3A%2F%2Fwww.grueffelo-ausstellung.de\" target=\"_blank\">www.grueffelo-ausstellung.de<\/a><\/p>\n\n\n\n<p>Das Historische Museum der Pfalz Speyer ist dienstags bis sonntags von 10 bis 18 Uhr, an Feiertagen auch montags ge\u00f6ffnet. Weitere Informationen unter <a rel=\"noreferrer noopener\" href=\"https:\/\/deref-web-02.de\/mail\/client\/ou1UlwWHcBU\/dereferrer\/?redirectUrl=http%3A%2F%2Fwww.museum.speyer.de\" target=\"_blank\">www.museum.speyer.de<\/a><\/p>\n\n\n\n<p><em>Text: Historisches Museum der Pfalz Foto: Speyer 24\/7 News, dak<br>26.08.2019<\/em><\/p>\n\n\n\n<h2 class=\"wp-block-heading\"><strong>Gruselspa\u00df im Museum<\/strong><\/h2>\n\n\n\n<h3 class=\"wp-block-heading\"><strong>Halloween-Party im Historischen Museum der Pfalz Speyer<\/strong><\/h3>\n\n\n\n<div class=\"wp-block-image\"><figure class=\"aligncenter\"><img decoding=\"async\" loading=\"lazy\" width=\"800\" height=\"499\" src=\"https:\/\/speyer24news.com\/wp-content\/uploads\/2019\/08\/Museum-bei-Nacht.jpg\" alt=\"\" class=\"wp-image-18310\" srcset=\"https:\/\/speyer24news.com\/wp-content\/uploads\/2019\/08\/Museum-bei-Nacht.jpg 800w, https:\/\/speyer24news.com\/wp-content\/uploads\/2019\/08\/Museum-bei-Nacht-300x187.jpg 300w, https:\/\/speyer24news.com\/wp-content\/uploads\/2019\/08\/Museum-bei-Nacht-768x479.jpg 768w\" sizes=\"(max-width: 800px) 100vw, 800px\" \/><\/figure><\/div>\n\n\n\n<p><strong>Speyer \/ Historisches Museum &#8211; <\/strong>Am <strong>Donnerstag, 31. Oktober<\/strong>, l\u00e4dt das Historische Museum der Pfalz Speyer wieder gruselige Gestalten zur j\u00e4hrlichen Halloween-Party ein. Einlass ist um 20 Uhr, ab 21 Uhr sorgt DJ Tim Starratt mit der passenden Musik f\u00fcr gute Stimmung.<\/p>\n\n\n\n<p>Die Tickets kosten im Vorverkauf 15 \u20ac. Sie sind an der Museumskasse und im Online-Ticketshop unter <a rel=\"noreferrer noopener\" href=\"https:\/\/deref-web-02.de\/mail\/client\/VGcZPEusi9k\/dereferrer\/?redirectUrl=https%3A%2F%2Fmuseum-speyer.ticketfritz.de\" target=\"_blank\">https:\/\/museum-speyer.ticketfritz.de<\/a> (zzgl. 1 \u20ac Bearbeitungsgeb\u00fchr) erh\u00e4ltlich. An der Abendkasse k\u00f6nnen m\u00f6gliche Restkarten f\u00fcr 17 \u20ac erworben werden.<\/p>\n\n\n\n<p>Das Mindestalter f\u00fcr die Party betr\u00e4gt 18 Jahre. Es erfolgt eine Ausweiskontrolle beim Einlass. Bitte auch die Sicherheitshinweise unter <a rel=\"noreferrer noopener\" href=\"https:\/\/deref-web-02.de\/mail\/client\/ou1UlwWHcBU\/dereferrer\/?redirectUrl=http%3A%2F%2Fwww.museum.speyer.de\" target=\"_blank\">www.museum.speyer.de<\/a> beachten.<\/p>\n\n\n\n<p>Das Historische Museum der Pfalz Speyer ist dienstags bis sonntags von 10 bis 18 Uhr, an Feiertagen auch montags ge\u00f6ffnet. Weitere Informationen unter <a rel=\"noreferrer noopener\" href=\"https:\/\/deref-web-02.de\/mail\/client\/ou1UlwWHcBU\/dereferrer\/?redirectUrl=http%3A%2F%2Fwww.museum.speyer.de\" target=\"_blank\">www.museum.speyer.de<\/a><\/p>\n\n\n\n<p><em>Text: Historisches Museum der Pfalz Foto: Historisches Museum der Pfalz \/ Robert H\u00e4usser<br>26.08.2019<\/em><\/p>\n","protected":false},"excerpt":{"rendered":"<div class=\"mh-excerpt\"><p>Robin Hood zieht weiter Historisches Museum der Pfalz Speyer \u00fcbergibt Ausstellung nach Dortmund Speyer \/ Dortmund &#8211; Die vom Historischen Museum der Pfalz Speyer entwickelte Familien-Ausstellung \u201eRobin Hood\u201c ist ab dem 1. September 2019 in <a class=\"mh-excerpt-more\" href=\"https:\/\/speyer24news.com\/?p=18309\" title=\"Historisches Museum der Pfalz:\">[&#8230;]<\/a><\/p>\n<\/div>","protected":false},"author":3,"featured_media":0,"comment_status":"open","ping_status":"open","sticky":false,"template":"","format":"standard","meta":{"_monsterinsights_skip_tracking":false,"_monsterinsights_sitenote_active":false,"_monsterinsights_sitenote_note":"","_monsterinsights_sitenote_category":0,"footnotes":""},"categories":[14],"tags":[1191,540,577,6],"aioseo_notices":[],"amp_enabled":true,"_links":{"self":[{"href":"https:\/\/speyer24news.com\/index.php?rest_route=\/wp\/v2\/posts\/18309"}],"collection":[{"href":"https:\/\/speyer24news.com\/index.php?rest_route=\/wp\/v2\/posts"}],"about":[{"href":"https:\/\/speyer24news.com\/index.php?rest_route=\/wp\/v2\/types\/post"}],"author":[{"embeddable":true,"href":"https:\/\/speyer24news.com\/index.php?rest_route=\/wp\/v2\/users\/3"}],"replies":[{"embeddable":true,"href":"https:\/\/speyer24news.com\/index.php?rest_route=%2Fwp%2Fv2%2Fcomments&post=18309"}],"version-history":[{"count":1,"href":"https:\/\/speyer24news.com\/index.php?rest_route=\/wp\/v2\/posts\/18309\/revisions"}],"predecessor-version":[{"id":18315,"href":"https:\/\/speyer24news.com\/index.php?rest_route=\/wp\/v2\/posts\/18309\/revisions\/18315"}],"wp:attachment":[{"href":"https:\/\/speyer24news.com\/index.php?rest_route=%2Fwp%2Fv2%2Fmedia&parent=18309"}],"wp:term":[{"taxonomy":"category","embeddable":true,"href":"https:\/\/speyer24news.com\/index.php?rest_route=%2Fwp%2Fv2%2Fcategories&post=18309"},{"taxonomy":"post_tag","embeddable":true,"href":"https:\/\/speyer24news.com\/index.php?rest_route=%2Fwp%2Fv2%2Ftags&post=18309"}],"curies":[{"name":"wp","href":"https:\/\/api.w.org\/{rel}","templated":true}]}}