{"id":18341,"date":"2019-08-26T15:23:30","date_gmt":"2019-08-26T14:23:30","guid":{"rendered":"https:\/\/speyer24news.com\/?p=18341"},"modified":"2019-08-26T15:23:31","modified_gmt":"2019-08-26T14:23:31","slug":"landau-18","status":"publish","type":"post","link":"https:\/\/speyer24news.com\/?p=18341","title":{"rendered":"Landau:"},"content":{"rendered":"<style type=\"text\/css\">\r\n\t.ads_top_disp{}\r\n\t.ads_top_corner_disp{ float:left; margin:0px 10px 10px 0px; }\r\n\t.ads_first_p_disp{}\r\n\t.ads_bottom_disp{}\r\n\t<\/style>\n<h2 class=\"wp-block-heading\">Queichheimer Kerwe vom 30. August bis zum 2. September<\/h2>\n\n\n\n<div class=\"wp-block-image\"><figure class=\"aligncenter\"><img decoding=\"async\" loading=\"lazy\" width=\"500\" height=\"670\" src=\"https:\/\/speyer24news.com\/wp-content\/uploads\/2019\/08\/Info-416-Queichheim.jpg\" alt=\"\" class=\"wp-image-18348\" srcset=\"https:\/\/speyer24news.com\/wp-content\/uploads\/2019\/08\/Info-416-Queichheim.jpg 500w, https:\/\/speyer24news.com\/wp-content\/uploads\/2019\/08\/Info-416-Queichheim-224x300.jpg 224w\" sizes=\"(max-width: 500px) 100vw, 500px\" \/><figcaption> Die \u201eQu\u00e4chemer Kerwe\u201c steht in den Startl\u00f6chern: Vom 30. August bis zum  2. September wird im Landauer Stadtdorf Queichheim gefeiert. <\/figcaption><\/figure><\/div>\n\n\n\n<p>Die \u201eQu\u00e4chemer Kerwe\u201c steht in den Startl\u00f6chern: <strong>Vom 30. August bis zum 2. September<\/strong> wird im Landauer Stadtdorf Queichheim gefeiert. Den offiziellen Startschuss auf dem Festplatz vor der Turnhalle geben Oberb\u00fcrgermeister Thomas Hirsch, Ortsvorsteher J\u00fcrgen Doll und die Landauer Weinprinzessin Alicia I. am Freitag, 30. August, um 18 Uhr.<\/p>\n\n\n\n<p>Auf dem Festplatz warten diverse\nK\u00f6stlichkeiten aus K\u00fcche und Keller sowie ein buntes Kerwetreiben mit\nKinderkarussell, Autoscooter und Verkaufsst\u00e4nden auf die Besucherinnen und\nBesucher. Zur Kaffeezeit vers\u00fc\u00dfen die Eltern der Kinder der protestantischen\nKindertagesst\u00e4tte den Besuch der Kerwe mit selbstgebackenen Kuchen und Torten. Zudem\nhat der Kulturkreis Queichheim auch in diesem Jahr ein buntes Programm f\u00fcr Jung\nund Alt zusammengestellt. <\/p>\n\n\n\n<p>Noch vor der offiziellen\nEr\u00f6ffnung findet am Freitag ab 17 Uhr ein \u00f6kumenischer Kirchweihgottesdienst in\nder protestantischen Kirche statt. Die eigentliche Er\u00f6ffnung auf dem Festplatz\nwird von Kl\u00e4ngen der Kultuskapelle Offenbach begleitet.<\/p>\n\n\n\n<p>Am Samstag l\u00e4dt Queichheim ab\n11 Uhr zum Bikerfr\u00fchschoppen. Besucherinnen und Besucher haben die M\u00f6glichkeit,\ndie individuellen Motorr\u00e4der zu bestaunen. Ab 20 Uhr tritt die Band \u201eHERZBLUT\u201c\nauf.<\/p>\n\n\n\n<p>Der Sonntag startet um 11\nUhr mit einem Fr\u00fchschoppenkonzert des Akkordeonorchesters Annweiler. Ab 13:30 Uhr\nfindet ein Boule-Turnier statt, ab 15 Uhr unterh\u00e4lt Clown Julchen das Publikum\nund gegen 16 Uhr werden Freikarten f\u00fcr die Fahrgesch\u00e4fte an die kleinen G\u00e4ste\nverteilt. Ab 19 Uhr spielt die Band \u201eBig Wave and the Bandits\u201c. <\/p>\n\n\n\n<p>Am Montag steht ab 11 Uhr\ndas traditionelle Dampfnudelessen an. Dampfnudeln gibt es mit Gulasch, Vanille-\noder Weinso\u00dfe. Am Abend klingt die Kerwe dann langsam aus. Um 19 Uhr tritt die\nKultband \u201eFriends\u201c auf. \n\nDie\nQueichheimerinnen und Queichheimer freuen sich auf viele G\u00e4ste!\n\n\n\n<\/p>\n\n\n\n<p><em>Stadtverwaltung Landau in der Pfalz<br>26.08.2019<\/em><\/p>\n\n\n\n<h2 class=\"wp-block-heading\">Gemeinsam f\u00fcr fairen Handel: Parkhotel als offizieller Unterst\u00fctzer der Fairtrade-Stadt Landau ausgezeichnet<\/h2>\n\n\n\n<div class=\"wp-block-image\"><figure class=\"aligncenter\"><img decoding=\"async\" loading=\"lazy\" width=\"800\" height=\"684\" src=\"https:\/\/speyer24news.com\/wp-content\/uploads\/2019\/08\/Info-414-Fairtradepartner-Parkhotel.jpg\" alt=\"\" class=\"wp-image-18347\" srcset=\"https:\/\/speyer24news.com\/wp-content\/uploads\/2019\/08\/Info-414-Fairtradepartner-Parkhotel.jpg 800w, https:\/\/speyer24news.com\/wp-content\/uploads\/2019\/08\/Info-414-Fairtradepartner-Parkhotel-300x257.jpg 300w, https:\/\/speyer24news.com\/wp-content\/uploads\/2019\/08\/Info-414-Fairtradepartner-Parkhotel-768x657.jpg 768w\" sizes=\"(max-width: 800px) 100vw, 800px\" \/><figcaption>v.l.:  Gemeinsam stark f\u00fcr fairen Handel: Oliver Hasert, Gesch\u00e4ftsf\u00fchrender  Direktor des Parkhotels, B\u00fcrgermeister Dr. Maximilian Ingenthron,  Barbara Piorko, Veranstaltungs- und Verkaufsdirektorin des Parkhotels,  Barbara Weyrauch vom Landauer  Weltladen, Pfarrer J\u00fcrgen Leonhard und Annette Liebel von der  st\u00e4dtischen Lokalen Agenda  <\/figcaption><\/figure><\/div>\n\n\n\n<p>Die Landauer Fairtrade-Familie w\u00e4chst und w\u00e4chst: Als\nneuestes Mitglied konnte die Initiative \u201eFairtrade-Stadt Landau\u201c jetzt das\nParkhotel im Kreis der Unterst\u00fctzerinnen und Unterst\u00fctzer begr\u00fc\u00dfen. Auf der\nTerrasse des Hotels \u00fcberreichten B\u00fcrgermeister Dr. Maximilian Ingenthron,\nBarbara Weyrauch vom Landauer Weltladen, Pfarrer J\u00fcrgen Leonhard und Annette\nLiebel von der st\u00e4dtischen Lokalen Agenda die mit \u201eWir sind dabei\u201c\n\u00fcberschriebene Urkunde an den Gesch\u00e4ftsf\u00fchrenden Direktor Oliver Hasert sowie an\nVeranstaltungs- und Verkaufsdirektorin Barbara Piorko. <\/p>\n\n\n\n<p>\u201eHerzlich willkommen im wachsenden Kreis der\nInstitutionen, Vereine und Initiativen, die den Gedanken der fairen Produktion\nund des fairen Handels f\u00f6rdern \u2013 und aktiv zu dessen Verbreitung beitragen\u201c,\nrichtete Dr. Ingenthron seine Worte an die Vertreterinnen und Vertreter des in\nunmittelbarer Nachbarschaft der Jugendstil-Festhalle gelegenen Hotels, das\nregelm\u00e4\u00dfig zu den Top-Tagungshotels in Deutschland gew\u00e4hlt wird. \u201eAls\nFairtrade-Initiative freuen wir uns sehr, dass das Parkhotel als gro\u00dfes und\nrenommiertes Haus nun auch offiziell zu den Unterst\u00fctzerinnen und Unterst\u00fctzern\ndes Fairtrade-Gedankens in Landau geh\u00f6rt.\u201c Er w\u00fcnsche dem Parkhotel wie auch\nallen anderen bisher schon aktiven Mitgliedern weiterhin viel Erfolg, so Dr.\nIngenthron. \u201eGemeinsam sind wir stark, gemeinsam wollen wir noch mehr Fairness\nin Produktion, Handel und Konsum erreichen. Und freuen uns auch k\u00fcnftig \u00fcber\nweitere Unterst\u00fctzerinnen und Unterst\u00fctzer!\u201c <\/p>\n\n\n\n<p>Interessierte Personen, Vereine, Organisationen, Institutionen und Unternehmen, die ebenfalls an einer Zusammenarbeit mit bzw. an der Unterst\u00fctzung der Landauer Fairtrade-Kampagne interessiert sind, k\u00f6nnen sich gerne direkt an die Stadtverwaltung wenden. Ansprechpartnerin ist Annette Liebel von der Lokalen Agenda des Umweltamts: <a href=\"annette.liebel@landau.de\">annette.liebel@landau.de<\/a> bzw. 0 63 41\/13 35 02.<\/p>\n\n\n\n<p>Die Stadt Landau war am 12. Mai 2018 mit dem begehrten\nFairtrade-Siegel ausgezeichnet worden. Die Initiativ- bzw. Steuerungsgruppe um\nden Tr\u00e4gerverein des Landauer Weltladens, die protestantische\nStiftskirchengemeinde, die katholische Kirchengemeinde Mari\u00e4 Himmelfahrt, die\nUnternehmensgruppe Kissel und die Lokale Agenda hatte entscheidend dazu\nbeigetragen, dass sich Landau seitdem Fairtrade-Stadt nennen darf. Die\nMitglieder betreuen die Landauer Fairtrade-Kampagne bis heute \u2013 und freuen sich\n\u00fcber die gro\u00dfe Unterst\u00fctzung von starken Partnerinnen und Partnern. \u201eWir sind\neine breit getragene Initiative, die geeint wird vom Wunsch und dem Willen nach\nmehr sozialer Verantwortung und Nachhaltigkeit bei der Herstellung und dem\nHandel von Waren\u201c, betont Dr. Ingenthron.<\/p>\n\n\n\n<p><em>Stadtverwaltung Landau in der Pfalz<br>26.08.2019<\/em><\/p>\n\n\n\n<h2 class=\"wp-block-heading\">F\u00fcr begeisterte kleine Nachwuchsg\u00e4rtnerinnen und Nachwuchsg\u00e4rtner: Schrebergartengemeinschaft am Lohgraben stiftet Hochbeet f\u00fcr Landauer Kita Stadtpiraten<\/h2>\n\n\n\n<div class=\"wp-block-image\"><figure class=\"aligncenter\"><img decoding=\"async\" loading=\"lazy\" width=\"800\" height=\"533\" src=\"https:\/\/speyer24news.com\/wp-content\/uploads\/2019\/08\/Info-412-Hochbeet.jpg\" alt=\"\" class=\"wp-image-18346\" srcset=\"https:\/\/speyer24news.com\/wp-content\/uploads\/2019\/08\/Info-412-Hochbeet.jpg 800w, https:\/\/speyer24news.com\/wp-content\/uploads\/2019\/08\/Info-412-Hochbeet-300x200.jpg 300w, https:\/\/speyer24news.com\/wp-content\/uploads\/2019\/08\/Info-412-Hochbeet-768x512.jpg 768w\" sizes=\"(max-width: 800px) 100vw, 800px\" \/><figcaption> Gro\u00dfe Freude bei der offiziellen \u00dcbergabe des neuen Hochbeets auf dem Au\u00dfengel\u00e4nde der Kita Stadtpiraten im Landauer Nordring.<\/figcaption><\/figure><\/div>\n\n\n\n<p>Saftige rote und gelbe Paprika, pr\u00e4chtige K\u00fcrbisse und\nTomaten, die noch ein paar Tage brauchen, bevor sie rotbackig und genie\u00dfbar\nsind: Vor den Kindern der Kita Stadtpiraten im Landauer Nordring liegt eine\ngro\u00dfe Ernte. Dank der Unterst\u00fctzung der Schrebergartengemeinschaft am Lohgraben\nd\u00fcrfen sich die Kita-Kinder und deren Erzieherinnen und Erzieher um Leiterin\nChristina Nuber \u00fcber ein nigelnagelneues Hochbeet freuen. Das h\u00f6lzerne Beet,\ndas von den langj\u00e4hrigen Vereinsmitgliedern Erwin Muth und Roland Stichler\nunter tatkr\u00e4ftiger Mithilfe der Kinder gebaut worden war, wurde jetzt im\nBeisein von Oberb\u00fcrgermeister Thomas Hirsch offiziell seiner Bestimmung\n\u00fcbergeben. <\/p>\n\n\n\n<p>\u201eEine tolle Geste der Schrebergartengemeinschaft, die den\nKids unserer st\u00e4dtischen Kita sicherlich viel Freude bereiten wird und nebenbei\nnoch f\u00fcr einen gro\u00dfen Lerneffekt sorgt\u201c, ist der Jugenddezernent \u00fcberzeugt.\nViel zu viele Kinder w\u00fcssten heute nicht mehr, wo unsere Lebensmittel herk\u00e4men\nbzw. wie sie in ihrer \u201enat\u00fcrlichen\u201c Form auss\u00e4hen \u2013 hier h\u00e4tten die Kinder der\nKita Stadtpiraten nun Anschauungsmaterial aus erster Hand. Ein Eindruck, den\nder Vorsitzende der Schrebergartengemeinschaft Aydin Tas nur best\u00e4tigen kann.\n\u201e\u00abWas ist das?\u00bb ist die h\u00e4ufigste Frage, wenn Kinder uns vor Ort in unseren\nSchreberg\u00e4rten am Lohgraben besuchen\u201c, berichtet er. Auch die Kinder der Kita\nStadtpiraten hatten im Vorfeld die M\u00f6glichkeit, den Kleing\u00e4rtnerinnen und\nKleing\u00e4rtnern bei der Arbeit in ihren kleinen, gr\u00fcnen Paradiesen \u00fcber die\nSchulter zu schauen. K\u00fcnftig wolle der Verein die Zusammenarbeit mit den Landauer\nKinderg\u00e4rten intensivieren, um die Kinder weiter f\u00fcr Natur und Umwelt zu sensibilisieren,\nk\u00fcndigt Tas an. <\/p>\n\n\n\n<p>\u201eLandau hat eine lange und ausgezeichnete Tradition der\nKleing\u00e4rtnerinnen und Kleing\u00e4rtner\u201c, f\u00fcgt der OB hinzu und betont, dass aus\neinem vermeintlich spie\u00dfigen Hobby l\u00e4ngst ein moderner Zeitvertreib im Sinne\neiner nachhaltigen, \u00f6kologischen und naturnahen Gartenkultur geworden sei. \u201eAls\nKlimaoase und Naturidylle tragen Kleingartenanlagen zur Lebensqualit\u00e4t in\nunserer Stadt bei\u201c, ist Hirsch \u00fcberzeugt. Erst k\u00fcrzlich hatte der Stadtchef am\ntraditionellen Sommerfest der Schrebergartengemeinschaft am Lohgraben teilgenommen\nund die Vereinsarbeit mit einer Spende aus Mitteln der Sparkassenstiftung unterst\u00fctzt.\n<\/p>\n\n\n\n<p>Das Hochbeet, das ab sofort auf dem Au\u00dfengel\u00e4nde der Kita\nStadtpiraten gepflegt wird, wurde vom Landauer Blumenh\u00e4ndler und\nMarktbeschicker Mehrhof kostenlos mit Gem\u00fcsepflanzen best\u00fcckt. \n\nInformationen und\nKontaktm\u00f6glichkeiten zu den Schreberg\u00e4rtnerinnen und Schreberg\u00e4rtner am\nLohgraben gibt es auf der Internetseite <a href=\"http:\/\/www.schrebergarten-landau.de\">www.schrebergarten-landau.de<\/a><\/p>\n\n\n\n<p><em>Stadtverwaltung Landau in der Pfalz<br>26.08.2019<\/em><\/p>\n\n\n\n<h2 class=\"wp-block-heading\">Anl\u00e4sslich des Welttags der Suizidpr\u00e4vention: Ausstellung \u201eSuizid \u2013 Keine Trauer wie jede andere\u201c vom 5. bis 18. September in Stadtbibliothek Landau \u2013 Begleitende Veranstaltungen bei \u201eLebensmutwochen\u201c<\/h2>\n\n\n\n<div class=\"wp-block-image\"><figure class=\"aligncenter\"><img decoding=\"async\" loading=\"lazy\" width=\"500\" height=\"750\" src=\"https:\/\/speyer24news.com\/wp-content\/uploads\/2019\/08\/Gemeinsame-PM-Lebensmutwochen.jpg\" alt=\"\" class=\"wp-image-18345\" srcset=\"https:\/\/speyer24news.com\/wp-content\/uploads\/2019\/08\/Gemeinsame-PM-Lebensmutwochen.jpg 500w, https:\/\/speyer24news.com\/wp-content\/uploads\/2019\/08\/Gemeinsame-PM-Lebensmutwochen-200x300.jpg 200w\" sizes=\"(max-width: 500px) 100vw, 500px\" \/><figcaption> Vom 5. bis zum 20. September finden in der Stadt Landau die  \u201eLebensmutwochen\u201c rund um die Ausstellung \u201eSuizid \u2013 Keine Trauer wie  jede andere\u201c statt. <\/figcaption><\/figure><\/div>\n\n\n\n<p>Alle 52 Minuten nimmt sich ein Mensch in Deutschland das Leben. Diese aufr\u00fcttelnde Zahl macht deutlich, dass Suizid kein gesellschaftliches Randgruppenthema ist. Anl\u00e4sslich des Welttags der Suizidpr\u00e4vention, der j\u00e4hrlich am 10. September stattfindet, zeigt das B\u00fcndnis gegen Depression Landau-S\u00fcdliche Weinstra\u00dfe die Wanderausstellung \u201eSuizid \u2013 Keine Trauer wie jede andere\u201c des Selbsthilfevereins AGUS \u2013 Angeh\u00f6rige um Suizid. Die Ausstellung in der Stadtbibliothek Landau wird<strong> am Donnerstag, 5. September, er\u00f6ffnet und ist bis Mittwoch, 18. September<\/strong>, zu sehen. <\/p>\n\n\n\n<p>Die Ausstellung wurde konzipiert, um\n\u00fcber Suizid und die Trauer danach zu informieren. Die Themen sollen so ins\n\u00f6ffentliche Bewusstsein ger\u00fcckt und enttabuisiert werden. Au\u00dferdem soll die\nAusstellung dazu beitragen, die Situation der Hinterbliebenen kennen zu lernen\nund M\u00f6glichkeiten einer hilfreichen Unterst\u00fctzung aufzuzeigen. Die zweiw\u00f6chige\nAusstellung in Landau wird im Rahmen der \u201eLebensmutwochen\u201c vom 5. bis 20.\nSeptember von einer Filmvorf\u00fchrung, einem Konzert, einem Gottesdienst, einem\n\u00e4rztlichen Vortrag, einer Buchlesung und einem kreativen VHS-Angebot begleitet.\n<\/p>\n\n\n\n<p>Oberb\u00fcrgermeister Thomas Hirsch und\nLandrat Dietmar Seefeldt wissen um das Tabu, das das Thema Suizid oft noch\nimmer umgibt, und legen den Menschen aus Stadt und Kreis gerade aus diesem\nGrund die Ausstellung und die begleitenden Veranstaltungen ans Herz. \u201eJedes\nJahr sterben in Deutschland knapp \u00fcber 10.000 Menschen durch Suizid, das sind\nfast doppelt so viele, wie durch Verkehrsunf\u00e4lle ums Leben kommen \u2013 und doch\nwird \u00fcber das Thema noch immer viel zu oft geschwiegen. Wir sind aus diesem\nGrund dankbar, dass das B\u00fcndnis gegen Depression, dem auch die Stadt- und die\nKreisverwaltung seit Jahren angeh\u00f6ren, sich f\u00fcr Betroffene und deren Angeh\u00f6rige\nbzw. Hinterbliebene stark macht. Die Veranstaltungen im Herzen der Stadt Landau\ntragen weiter dazu bei, das Wissen in der Bev\u00f6lkerung \u00fcber Depression und\nSuizid zu verbessern und Betroffene zu entstigmatisieren.\u201c <\/p>\n\n\n\n<p>Die <strong>Ausstellungser\u00f6ffnung <\/strong>findet am <strong>Donnerstag, 5. September<\/strong>, ab 19 Uhr in den R\u00e4umlichkeiten der Stadtbibliothek Landau am Heinrich-Heine-Platz statt. Zur Einf\u00fchrung spricht Gerhard Sch\u00e4fer, der sich seit dem Suizid seiner Frau im Verein ASUS engagiert. Im Anschluss kann die Ausstellung immer zu den \u00d6ffnungszeiten der Stadtbibliothek besichtigt werden: Montags und dienstags von 14 bis 18 Uhr, donnerstags und freitags von 10 bis 18 Uhr und samstags von 9 bis 13 Uhr. <\/p>\n\n\n\n<p>Zum begleitenden Programm geh\u00f6ren am <strong>Sonntag, 8. September<\/strong>, um 11 Uhr eine Matinee-Vorstellung des Films \u201e<strong>Bruder Jakob, schl\u00e4fst du noch?<\/strong>\u201c im Universum-Kinocenter in der K\u00f6nigstra\u00dfe in Landau. Der Dokumentarfilm von Stefan Bohun handelt von vier Br\u00fcdern, die sich nach dem Tod des f\u00fcnften Bruders auf eine Reise in die Vergangenheit begeben. <\/p>\n\n\n\n<p>Am <strong>Dienstag, 10. September<\/strong>, gibt Songwriterin und S\u00e4ngerin Marie-Luise Gunst der Depression eine Stimme. Unter dem Motto \u201e<strong>Musik spricht da, wo Worte versagen<\/strong>\u201c beginnt ihr Konzert um 18 Uhr in der Aula der Maria-Ward-Schule in der Landauer Cornichonstra\u00dfe. <\/p>\n\n\n\n<p>Aus seinem Buch \u201e<strong>Der stillste Tag im Jahr<\/strong>\u201c liest Ralf Schwob am <strong>Donnerstag. 12, September<\/strong>, in der Psychotherapieambulanz f\u00fcr Kinder und Jugendliche in der Landauer Ostbahnstra\u00dfe. Darin sucht ein 13-j\u00e4hriger Antworten auf den verschwiegenen Suizidversuch seiner Mutter. Beginn ist um 18 Uhr. <\/p>\n\n\n\n<p>Am <strong>Sonntag, 15. September<\/strong>, ab 11 Uhr folgt ein \u00f6kumenischer Gottesdienst zum Thema \u201e<strong>erMUTigung zum Leben<\/strong>\u201c im Kirchenpavillon himmelgr\u00fcn auf dem fr\u00fcheren Landauer Landesgartenschaugel\u00e4nde. Gestaltet wird der Gottesdienst von Pfarrer Helmut Gingerich, Pastoralreferent Michael Reis und dem Kammerchor der Landauer Maria-Ward-Schule. <\/p>\n\n\n\n<p>\u201e<strong>Wenn Frauen schwarz sehen<\/strong>\u201c lautet der Titel einer gemeinsamen Veranstaltung der st\u00e4dtischen Gleichstellungsstelle und der Landauer Volkshochschule am <strong>Montag, 16. September<\/strong>. Dr. Marcella Altherr, Fach\u00e4rztin f\u00fcr psychosomatische Medizin und Psychotherapie, spricht zum Thema Depressionen bei Frauen. Beginn des Vortrags im Otto-Hahn-Gymnasium im Landauer Westring ist um 19 Uhr. <\/p>\n\n\n\n<p>Den Abschluss der gemeinsamen Reihe, die neben den B\u00fcndnismitgliedern auch von der Stiftung Deutsche Depressionshilfe und der Sparkasse S\u00fcdliche Weinstra\u00dfe gef\u00f6rdert wird, bildet am <strong>Freitag, 20. September<\/strong>, der Kurs \u201e<strong>Intuitives Malen<\/strong>\u201c der Volkshochschule Landau. Im Rahmen der \u201e<strong>Langen Nacht der Weiterbildung<\/strong>\u201c der VHS lernen die Teilnehmerinnen und Teilnehmer, die eigene sch\u00f6pferische Kraft zu entdecken. Beginn im Otto-Hahn-Gymnasium im Westring ist um 18:30 Uhr. <\/p>\n\n\n\n<p>Alle Veranstaltungen sind kostenfrei. Anmeldungen f\u00fcr die Termine der VHS nimmt diese \u00fcber die Internetseite <a href=\"http:\/\/www.volkshochschule-landau.de\">www.volkshochschule-landau.de<\/a> entgegen.<\/p>\n\n\n\n<p>Dem B\u00fcndnis gegen Depression\nLandau-S\u00fcdliche Weinstra\u00dfe geh\u00f6ren die Stadtverwaltung Landau, die\nKreisverwaltung S\u00fcdliche Weinstra\u00dfe, das Pfalzklinikum, die\nPsychotherapeutische Universit\u00e4tsambulanz der Universit\u00e4t Koblenz-Landau, die Kontakt-\nund Informationsstelle f\u00fcr Selbsthilfe (KISS) in der Pfalz, die\nSozialtherapeutische Kette, die Beratungs- und Koordinierungsstelle im\nPflegest\u00fctzpunkt Landau, das Wei\u00dfe Kreuz, der Selbsthilfeverein AGUS \u2013\nAngeh\u00f6rige um Suizid, niedergelassene \u00c4rztinnen und \u00c4rzte sowie\nPsychotherapeutinnen und Psychotherapeuten, die Privatklinik Bad Gleisweiler,\ndie Mut-Tour Rhodt sowie Betroffene und deren Angeh\u00f6rige an. Der eingetragene\nVerein, dem Dr. Sylvia Klaus, Chef\u00e4rztin am Pfalzklinikum, vorsitzt, m\u00f6chte das\nWissen \u00fcber die Krankheit Depression in der Bev\u00f6lkerung erweitern, \u00fcber\nHilfsm\u00f6glichkeiten aufkl\u00e4ren, Informationen \u00fcber Anlaufstellen f\u00fcr Betroffene\nund Angeh\u00f6rige geben und zur Entstigmatisierung beitragen.<\/p>\n\n\n\n<p><em>Text: Stadtverwaltung Landau und Kreisverwaltung S\u00fcdliche Weinstra\u00dfe Foto: Stadtverwaltung Landau in der Pfalz<br>26.08.2019<\/em><\/p>\n\n\n\n<h2 class=\"wp-block-heading\">Auf Initiative des Landauer Beteiligungsrats: Gut besuchter Rundgang zur Umgestaltung des Ostparks \u2013 Stadtverwaltung und Planungsb\u00fcro bauchplan ).( sammeln Anregungen und W\u00fcnsche verschiedener Interessengruppen<\/h2>\n\n\n\n<figure class=\"wp-block-image\"><img decoding=\"async\" loading=\"lazy\" width=\"800\" height=\"533\" src=\"https:\/\/speyer24news.com\/wp-content\/uploads\/2019\/08\/Info-410a-Ostpark.jpg\" alt=\"\" class=\"wp-image-18343\" srcset=\"https:\/\/speyer24news.com\/wp-content\/uploads\/2019\/08\/Info-410a-Ostpark.jpg 800w, https:\/\/speyer24news.com\/wp-content\/uploads\/2019\/08\/Info-410a-Ostpark-300x200.jpg 300w, https:\/\/speyer24news.com\/wp-content\/uploads\/2019\/08\/Info-410a-Ostpark-768x512.jpg 768w\" sizes=\"(max-width: 800px) 100vw, 800px\" \/><figcaption> Auf Initiative des Landauer Beteiligungsrats fand jetzt ein gemeinsamer  Rundgang mit verschiedenen Interessengruppen zur Umgestaltung des  Ostparks statt. <\/figcaption><\/figure>\n\n\n\n<p>Den Ostpark den B\u00fcrgerinnen und B\u00fcrgern zur\u00fcckgeben: Das ist oberstes Ziel bei der anstehenden Sanierung und Neugestaltung des Parks rund um den Schwanenweiher. Nach dem Tag der St\u00e4dtebauf\u00f6rderung im Mai dieses Jahres, bei dem B\u00fcrgerinnen und B\u00fcrger vor Ort gefragt waren, ihre Ideen und W\u00fcnsche f\u00fcr die k\u00fcnftige Gestaltung einzubringen, fand jetzt auf Initiative des Beteiligungsrats ein gut besuchter Rundgang mit Vertreterinnen und Vertretern der Stadtverwaltung, des Planungsb\u00fcros bauchplan ).( und verschiedener Interessengruppen statt. Neben Mitgliedern des Beirats f\u00fcr \u00e4ltere Menschen und des Beirats f\u00fcr die Teilhabe von Menschen mit Behinderungen nahmen auch Vertreterinnen und Vertreter der Landauer Jugendbeteiligung, des Pr\u00e4ventionsrats und die st\u00e4dtischen Gleichstellungs-, Senioren, sowie Behindertenbeauftragten an der Veranstaltung teil. <\/p>\n\n\n\n<div class=\"wp-block-image\"><figure class=\"aligncenter\"><img decoding=\"async\" loading=\"lazy\" width=\"800\" height=\"533\" src=\"https:\/\/speyer24news.com\/wp-content\/uploads\/2019\/08\/Info-410b-Ostpark.jpg\" alt=\"\" class=\"wp-image-18344\" srcset=\"https:\/\/speyer24news.com\/wp-content\/uploads\/2019\/08\/Info-410b-Ostpark.jpg 800w, https:\/\/speyer24news.com\/wp-content\/uploads\/2019\/08\/Info-410b-Ostpark-300x200.jpg 300w, https:\/\/speyer24news.com\/wp-content\/uploads\/2019\/08\/Info-410b-Ostpark-768x512.jpg 768w\" sizes=\"(max-width: 800px) 100vw, 800px\" \/><figcaption> Die Stadtverwaltung und das Planungsb\u00fcro bauchplan ).( sammelten dabei  Ideen, W\u00fcnsche und Anregungen f\u00fcr die k\u00fcnftige Gestaltung des Parks rund  um den Schwanenweiher. <\/figcaption><\/figure><\/div>\n\n\n\n<p>Oberb\u00fcrgermeister Thomas Hirsch freut sich \u00fcber das gro\u00dfe Interesse und die Bereitschaft, an der Planung des Ostparks mitzuwirken. \u201eDie Ideen und W\u00fcnsche der B\u00fcrgerinnen und B\u00fcrger sind uns bei der anstehenden Umgestaltung des Parks sehr wichtig und ich bin sicher, dass das Planungsb\u00fcro zahlreiche Anregungen aus diesem Zusammentreffen mitnehmen konnte\u201c, erkl\u00e4rt der Stadtchef. Besonders freue ihn, dass die Initiative f\u00fcr den gemeinsamen Rundgang mit verschiedenen Interessengruppen aus dem st\u00e4dtischen Beteiligungsrat gekommen sei. \u201eDas Gremium ist das Sprachrohr der B\u00fcrgerinnen und B\u00fcrger, ber\u00e4t \u00fcber Ma\u00df, Ziel und Zielgruppe der B\u00fcrgerbeteiligung bei st\u00e4dtischen Projekten und bringt sich mit wertvollen Impulsen in die Ausgestaltung von Planungsprozessen ein\u201c, so Hirsch. Auch Sabine Klein, Leiterin der st\u00e4dtischen Gr\u00fcnfl\u00e4chenabteilung, die die Planungen f\u00fcr die Umgestaltung des Ostparks federf\u00fchrend betreut, zeigte sich begeistert vom Austausch der Teilnehmerinnen und Teilnehmer. \u201eOb barrierefreie Spielm\u00f6glichkeiten, ein Holzsteg, stimmungsvolle Wegbeleuchtung, eine Trinkwasserstation, Sportger\u00e4te, ein Barfu\u00dfpfad oder eine Bootstation: Wir konnten zahlreiche tolle Vorschl\u00e4ge sammeln und im direkten Gespr\u00e4ch mit den Interessengruppen viel \u00fcber die unterschiedlichen Bedarfe erfahren\u201c, so Klein. \u201eDie Anregungen werden von uns in Zusammenarbeit mit dem Planungsb\u00fcro auf Umsetzbarkeit gepr\u00fcft und flie\u00dfen dann gegebenfalls in die jetzt immer konkreter werdenden Planungen ein.\u201c <\/p>\n\n\n\n<p><em>Stadtverwaltung Landau in der Pfalz<br>26.08.2019<\/em><\/p>\n\n\n\n<h2 class=\"wp-block-heading\">Landauer Beirat f\u00fcr \u00e4ltere Menschen setzt sich seit zwei Jahren f\u00fcr Interessen von Seniorinnen und Senioren ein \u2013 Hirsch: \u201eWissen und Lebenserfahrung f\u00fcr Landau\u201c \u2013 Neuwahlen am 27. Oktober<\/h2>\n\n\n\n<div class=\"wp-block-image\"><figure class=\"aligncenter\"><img decoding=\"async\" loading=\"lazy\" width=\"800\" height=\"533\" src=\"https:\/\/speyer24news.com\/wp-content\/uploads\/2019\/08\/Info-409-Beirat-f\u00fcr-\u00e4ltere-Menschen.jpg\" alt=\"\" class=\"wp-image-18342\" srcset=\"https:\/\/speyer24news.com\/wp-content\/uploads\/2019\/08\/Info-409-Beirat-f\u00fcr-\u00e4ltere-Menschen.jpg 800w, https:\/\/speyer24news.com\/wp-content\/uploads\/2019\/08\/Info-409-Beirat-f\u00fcr-\u00e4ltere-Menschen-300x200.jpg 300w, https:\/\/speyer24news.com\/wp-content\/uploads\/2019\/08\/Info-409-Beirat-f\u00fcr-\u00e4ltere-Menschen-768x512.jpg 768w\" sizes=\"(max-width: 800px) 100vw, 800px\" \/><figcaption> Oberb\u00fcrgermeister Thomas Hirsch (M.), Beiratsvorsitzender Willi Schmitt  (r.) und dessen Stellvertreter Rolf L\u00fcchow haben jetzt ein positives  Fazit der ersten Wahlperiode des Landauer Beirats f\u00fcr \u00e4ltere Menschen  gezogen. <\/figcaption><\/figure><\/div>\n\n\n\n<p>Der\ndemografische Wandel macht auch vor der Stadt Landau nicht Halt: Rund 25\nProzent der Einwohnerinnen und Einwohner sind 60 Jahre und \u00e4lter. Die\nInteressen der Generation 60plus vertritt seit rund zwei Jahren der Beirat f\u00fcr\n\u00e4ltere Menschen. Oberb\u00fcrgermeister Thomas Hirsch, Beiratsvorsitzender Willi\nSchmitt und dessen Stellvertreter Rolf&nbsp;L\u00fcchow zogen jetzt gemeinsam ein\npositives Fazit der ersten Wahlperiode. Das st\u00e4dtische Gremium wird am 27.\nOktober dieses Jahres neu gew\u00e4hlt. Seniorinnen und Senioren sind dazu\naufgerufen, sich bis zum 8. September f\u00fcr die Mitarbeit im Beirat f\u00fcr \u00e4ltere\nMenschen der Stadt Landau zu bewerben.<\/p>\n\n\n\n<p>\u201eAls\nSozialdezernent habe ich die Art und Weise der Zusammenarbeit mit dem Beirat\nf\u00fcr \u00e4ltere Menschen in den zur\u00fcckliegenden beiden Jahren sehr genossen\u201c, betont\nOB Hirsch. Der Seniorenpolitik k\u00e4me auch angesichts des demografischen Wandels\neine immer gr\u00f6\u00dfere Bedeutung zu und das erste demokratisch legitimierte Gremium\nf\u00fcr \u00e4ltere Menschen in Landau habe seit dessen Wahl im November 2017 bereits\nviele wichtige Themen angesto\u00dfen und bespielt. Der Stadtchef hofft, dass sich\nviele Seniorinnen und Senioren f\u00fcr die neue Wahlperiode des st\u00e4dtischen\nGremiums bewerben werden. \u201eBewerben Sie sich als Kandidatin oder Kandidat und\nunterst\u00fctzen Sie uns mit Ihrem Wissen und Ihrer Lebenserfahrung\u201c, appelliert\nHirsch an die Generation 60plus.<\/p>\n\n\n\n<p>Dem\nBeiratsvorsitzenden Schmitt und seinen Mitstreiterinnen und Mitstreitern\nbescheinigt der Stadtchef gro\u00dfes Engagement bei der \u201ePionierarbeit\u201c im ersten\nBeirat f\u00fcr \u00e4ltere Menschen \u2013 und freut sich, dass viele Beiratsmitglieder\nerneut f\u00fcr das Gremium kandidieren wollen. Als besonders wichtiges Ergebnis der\n&nbsp;Zusammenarbeit mit dem Beirat hebt er die\nErstellung einer Vorsorgemappe gemeinsam mit der st\u00e4dtischen\nSeniorenbeauftragten Ulrike Sprengling hervor. Die Mappe hilft (nicht nur)\n\u00e4lteren Menschen, alle wichtigen Angelegenheiten \u00fcbersichtlich zu regeln und\nstie\u00df auf viel positive Resonanz in der Bev\u00f6lkerung.&nbsp; <\/p>\n\n\n\n<p>Auch Willi\nSchmitt blickt gerne auf die zur\u00fcckliegenden beiden Jahre und die\nZusammenarbeit mit Stadtspitze und Stadtverwaltung zur\u00fcck. \u201eEs hat mir gro\u00dfen\nSpa\u00df gemacht, gemeinsam mit den \u00fcbrigen Beiratsmitgliedern die Interessen der\nLandauer Seniorinnen und Senioren zu vertreten und ich bin \u00fcberzeugt, dass wir\nauch einiges bewegt haben. Ich denke nur an die Themen Radfahren in der\nFu\u00dfg\u00e4ngerzone, \u00f6ffentliche WC-Anlagen im Stadtgebiet, Vorsorgemappe und\nSeniorenbus.\u201c Neu eingef\u00fchrt hat der Beirat um Willi Schmitt und Rolf&nbsp;L\u00fcchow\ndie\nGeburtstagsbesuche bei Landauer Hochbetagten, die die Beiratsmitglieder\nerg\u00e4nzend zur Stadtspitze durchf\u00fchren. <\/p>\n\n\n\n<p>Insgesamt kam\ndas Gremium auf elf Beiratssitzungen, f\u00fcnf Vorstandssitzungen und diverse\nSitzungen der Arbeitsgruppen, die zu Themen wie Wahlen, \u00d6ffentlichkeitsarbeit,\nBauen\/Wohnen\/Mobilit\u00e4t und Soziales eingerichtet wurden. Die Mitglieder des Beirats\nnahmen auch an den Sitzungen der Aussch\u00fcsse f\u00fcr Kultur, Umwelt, Soziales, Bauen\nund Verkehr mit beratender Stimme teil. Der Beirat f\u00fcr \u00e4ltere Menschen\npr\u00e4sentierte sich und seine Arbeit regelm\u00e4\u00dfig bei Veranstaltungen wie etwa den\nMusikalischen Goetheparkplaudereien oder dem Seniorentag im Alten Kaufhaus. <\/p>\n\n\n\n<p>Der Beirat f\u00fcr \u00e4ltere Menschen vertritt die Belange der Landauer Seniorinnen und Senioren gegen\u00fcber dem Stadtrat und der Stadtverwaltung. Er kann \u00fcber alle Themen, die f\u00fcr \u00e4ltere Menschen von Bedeutung sind, beraten und Anregungen sowie Empfehlungen geben. F\u00fcr das Gremium bewerben kann sich, wer mindestens 60 Jahre alt ist bzw. in diesem Jahr noch wird und wer seinen Hauptwohnsitz seit mindestens drei Monaten in Landau hat. Bewerbungen nimmt das B\u00fcro f\u00fcr Wahlen des st\u00e4dtischen Hauptamts bis zum 8. September entgegen. Vordrucke finden sich auf der Internetseite <a href=\"http:\/\/www.landau.de\/beirat-f\u00fcr-\u00e4ltere-menschen.de\">www.landau.de\/beirat-f\u00fcr-\u00e4ltere-menschen.de<\/a>. Flyer, die \u00fcber die Wahlen informieren, liegen u.a. im Rathaus aus. <\/p>\n\n\n\n<p><em>Stadtverwaltung Landau in der Pfalz<br>26.08.2019<\/em><\/p>\n","protected":false},"excerpt":{"rendered":"<div class=\"mh-excerpt\"><p>Queichheimer Kerwe vom 30. August bis zum 2. September Die \u201eQu\u00e4chemer Kerwe\u201c steht in den Startl\u00f6chern: Vom 30. August bis zum 2. September wird im Landauer Stadtdorf Queichheim gefeiert. Den offiziellen Startschuss auf dem Festplatz <a class=\"mh-excerpt-more\" href=\"https:\/\/speyer24news.com\/?p=18341\" title=\"Landau:\">[&#8230;]<\/a><\/p>\n<\/div>","protected":false},"author":3,"featured_media":17287,"comment_status":"open","ping_status":"open","sticky":false,"template":"","format":"standard","meta":{"_monsterinsights_skip_tracking":false,"_monsterinsights_sitenote_active":false,"_monsterinsights_sitenote_note":"","_monsterinsights_sitenote_category":0,"footnotes":""},"categories":[675],"tags":[2971,2725,893,2154,892,2966,58,2962,2970,2968,2967,2972,2963,2964,2969],"aioseo_notices":[],"amp_enabled":true,"_links":{"self":[{"href":"https:\/\/speyer24news.com\/index.php?rest_route=\/wp\/v2\/posts\/18341"}],"collection":[{"href":"https:\/\/speyer24news.com\/index.php?rest_route=\/wp\/v2\/posts"}],"about":[{"href":"https:\/\/speyer24news.com\/index.php?rest_route=\/wp\/v2\/types\/post"}],"author":[{"embeddable":true,"href":"https:\/\/speyer24news.com\/index.php?rest_route=\/wp\/v2\/users\/3"}],"replies":[{"embeddable":true,"href":"https:\/\/speyer24news.com\/index.php?rest_route=%2Fwp%2Fv2%2Fcomments&post=18341"}],"version-history":[{"count":1,"href":"https:\/\/speyer24news.com\/index.php?rest_route=\/wp\/v2\/posts\/18341\/revisions"}],"predecessor-version":[{"id":18349,"href":"https:\/\/speyer24news.com\/index.php?rest_route=\/wp\/v2\/posts\/18341\/revisions\/18349"}],"wp:featuredmedia":[{"embeddable":true,"href":"https:\/\/speyer24news.com\/index.php?rest_route=\/wp\/v2\/media\/17287"}],"wp:attachment":[{"href":"https:\/\/speyer24news.com\/index.php?rest_route=%2Fwp%2Fv2%2Fmedia&parent=18341"}],"wp:term":[{"taxonomy":"category","embeddable":true,"href":"https:\/\/speyer24news.com\/index.php?rest_route=%2Fwp%2Fv2%2Fcategories&post=18341"},{"taxonomy":"post_tag","embeddable":true,"href":"https:\/\/speyer24news.com\/index.php?rest_route=%2Fwp%2Fv2%2Ftags&post=18341"}],"curies":[{"name":"wp","href":"https:\/\/api.w.org\/{rel}","templated":true}]}}