{"id":18352,"date":"2019-08-27T07:50:46","date_gmt":"2019-08-27T06:50:46","guid":{"rendered":"https:\/\/speyer24news.com\/?p=18352"},"modified":"2019-08-27T07:57:11","modified_gmt":"2019-08-27T06:57:11","slug":"polizei-49","status":"publish","type":"post","link":"https:\/\/speyer24news.com\/?p=18352","title":{"rendered":"Polizei"},"content":{"rendered":"<style type=\"text\/css\">\r\n\t.ads_top_disp{}\r\n\t.ads_top_corner_disp{ float:left; margin:0px 10px 10px 0px; }\r\n\t.ads_first_p_disp{}\r\n\t.ads_bottom_disp{}\r\n\t<\/style>\n<h2 class=\"wp-block-heading\">Polizeimeldungen vom Montag (26.08.2019)<\/h2>\n\n\n\n<h4 class=\"wp-block-heading\">(Speyer) &#8211; Unfall auf der B9 mit hohem Sachschaden und leichtverletzter Unfallverursacherin<\/h4>\n\n\n\n<div class=\"wp-block-image\"><figure class=\"aligncenter\"><img decoding=\"async\" loading=\"lazy\" width=\"800\" height=\"600\" src=\"https:\/\/speyer24news.com\/wp-content\/uploads\/2019\/08\/26.08.19-SP-VU.jpg\" alt=\"\" class=\"wp-image-18353\" srcset=\"https:\/\/speyer24news.com\/wp-content\/uploads\/2019\/08\/26.08.19-SP-VU.jpg 800w, https:\/\/speyer24news.com\/wp-content\/uploads\/2019\/08\/26.08.19-SP-VU-300x225.jpg 300w, https:\/\/speyer24news.com\/wp-content\/uploads\/2019\/08\/26.08.19-SP-VU-768x576.jpg 768w, https:\/\/speyer24news.com\/wp-content\/uploads\/2019\/08\/26.08.19-SP-VU-678x509.jpg 678w, https:\/\/speyer24news.com\/wp-content\/uploads\/2019\/08\/26.08.19-SP-VU-326x245.jpg 326w, https:\/\/speyer24news.com\/wp-content\/uploads\/2019\/08\/26.08.19-SP-VU-80x60.jpg 80w\" sizes=\"(max-width: 800px) 100vw, 800px\" \/><\/figure><\/div>\n\n\n\n<p>Zu  inem Verkehrsunfall mit einem Sachschaden von ca. 42.500 EUR kam es am fr\u00fchen Montagmorgen gegen 01:50 Uhr auf der B9 in Fahrtrichtung Germersheim.  Dort \u00fcberholte eine 21J\u00e4hrige Frau aus Germersheim in einem Jaguar auf  der linken Fahrspur fahrend zun\u00e4chst mehrere Fahrzeuge, ehe sie in der  langgezogenen Linkskurve kurz vor dem Tankhof Schwegenheim vermutlich  auf Grund ihrer Geschwindigkeit die Kontrolle \u00fcber ihr Fahrzeug verlor  und ins Schlingern geriet. Sie kollidierte in der Folge mit der rechten  Leitplanke und der Mitteilleitplanke, wo ihr Fahrzeug nach dem Unfall  auf der \u00dcberholspur zum Stehen kam. Die Fahrerin erlitt aufgrund der  ausgel\u00f6sten Airbags leichte Verletzungen und einen Schock. Hinter der  Verunfallten fahrende Verkehrsteilnehmer k\u00fcmmerten sich bis zum  Eintreffen des Rettungsdienstes um die Fahrerin. Bei der Unfallaufnahme  durch die Polizei ergaben sich keinerlei Hinweise auf eine  Verkehrsunt\u00fcchtigkeit der Fahrerin. Diese begab sich nach der  Unfallaufnahme mit Angeh\u00f6rigen selbst\u00e4ndig in ein Krankenhaus. Ihr nicht  mehr fahrbereites Fahrzeug musste abgeschleppt werden. Aufgrund des  Tr\u00fcmmerfeldes war die B9 in Fahrtrichtung Germersheim f\u00fcr ca. eine  Stunde gesperrt. <\/p>\n\n\n\n<h4 class=\"wp-block-heading\">(Speyer) &#8211; Mit nichtversichertem E-Roller unterwegs<\/h4>\n\n\n\n<p>Am  Sonntag gegen 18:58 Uhr wurde ein 17j\u00e4hriger Jugendlicher aus Speyer in  der Armbruststra\u00dfe auf einem E-Scooter fahrend festgestellt und einer  allgemeinen Verkehrskontrolle unterzogen. Hierbei stellte sich heraus,  dass der E-Scooter nicht versichert ist und er weiterhin nicht \u00fcber eine  erforderliche Betriebserlaubnis verf\u00fcgt. Dem Jugendlichen wurde  daraufhin die Weiterfahrt untersagt. Er wird sich nun f\u00fcr die  Inbetriebnahme des nicht versicherten E-Rollers im \u00f6ffentlichen  Stra\u00dfenverkehr strafrechtlich verantworten m\u00fcssen. <\/p>\n\n\n\n<h4 class=\"wp-block-heading\">(Speyer \/ Dudenhofen) &#8211; Verkehrskontrolle Verl\u00e4ngerung Brucknerweg und Hermann-Ehlers-Stra\u00dfe<\/h4>\n\n\n\n<p>Am  Samstag, 24.08.2019 wurden im Zeitraum 15:10 &#8211; 15:30 Uhr der Bereich  Verl\u00e4ngerung Brucknerweg und Hermann-Ehlers-Stra\u00dfe aus Speyer kommend  Richtung Dudenhofen bestreift. In diesem Zeitraum konnte dort lediglich  ein Zweiradfahrer angetroffen und kontrolliert werden. Im Verlauf der  Kontrolle des 17j\u00e4hrigen Jugendlichen aus Dudenhofen r\u00e4umte dieser ein,  die Geschwindigkeitsdrossel an dem von ihm gef\u00fchrten Mofa entfernt zu  haben. Die eigenm\u00e4chtig technische Ver\u00e4nderung f\u00fchrte zu einem Erl\u00f6schen  der f\u00fcr das Mofa erteilten Betriebserlaubnis. Eine Neuversicherung des  Fahrzeugs aufgrund der baulichen Ver\u00e4nderung ist durch den Jugendlichen  nicht erfolgt. Dementsprechend wurde gegen ihn ein Strafverfahren wegen  Fahrens ohne Versicherungsschutz eingeleitet. Ihm wurde die Weiterfahrt  untersagt. Das am Mofa angebrachte gr\u00fcne Versicherungskennzeichen wurde  sichergestellt. <\/p>\n\n\n\n<h4 class=\"wp-block-heading\">(Schifferstadt) &#8211; Motorradfahrer bei Unfall schwer verletzt \/ L 532 \u00fcber zwei Stunden gesperrt<\/h4>\n\n\n\n<p>Am Sonntagmittag gegen 11:50 Uhr ereignete sich auf der L 532 an der  Anschlussstelle zur A 61 ein Verkehrsunfall, bei dem ein 24-j\u00e4hriger  Motorradfahrer schwer verletzt wurde. Er fuhr auf der L 532 in Richtung  B\u00f6hl-Iggelheim. Es kam zur Kollision, als ein Pkw von der A 61 nach  links in Richtung Schifferstadt abbog. Der Motorradfahrer stie\u00df zuerst  gegen die Leitplanke und ist dann dar\u00fcber geschleudert worden. Dabei zog  er sich schwere Verletzungen am Bein zu. Der 58-j\u00e4hrige Autofahrer und  seine Beifahrerin erlitten ein Schock. Rettungsdienst und Notarzt  k\u00fcmmerten sich um die Versorgung der Unfallbeteiligten. Der  Motorradfahrer ist durch den Rettungshubschrauber ins Krankenhaus  gebracht worden. Laut Zeugenangaben h\u00e4tte er vor dem Unfall einen  anderen Pkw mit \u00fcberh\u00f6hter Geschwindigkeit \u00fcberholt. An den Fahrzeugen  entstand Totalschaden. F\u00fcr die Dauer der Unfallaufnahme und der  Reinigung der Stra\u00dfe musste die L 532 bis 14:45 Uhr in beide Richtungen  voll gesperrt werden. <\/p>\n\n\n\n<h4 class=\"wp-block-heading\">(Hanhofen) &#8211; Einbruch in ein am Morgen in Brand geratenes Einfamilienhaus<\/h4>\n\n\n\n<p>Am Sonntag gegen 16:30 Uhr stellte ein Nachbar des am Morgen in Hanhofen  in Brand geratenen Einfamilienhauses zwei  m\u00e4nnliche Personen fest, welche sich in geb\u00fcckter Haltung auf dem  Flachdach des Brandhauses aufhielten. Da das Haus aufgrund des  Brandschadens derzeit unbewohnt ist, verst\u00e4ndigte der Beobachter die  Polizei. Bis zum Eintreffen der entsandten Polizeistreifen ergriffen die  verd\u00e4chtigen Personen jedoch laut Mitteiler bereits fu\u00dfl\u00e4ufig die  Flucht. Bei diesen soll es sich um zwei ca. 20j\u00e4hrige M\u00e4nner mit  europ\u00e4ischem Aussehen gehandelt haben. Eine Nahbereichsfahndung nach  ihnen verlief ohne Erfolg. An dem Brandhaus konnte eine offenstehende  Hintert\u00fcr vorgefunden werden. Die Dienstsiegel an Vorder- und Hintert\u00fcr,  welche am Morgen bei den Brandermittlungen durch die Polizei angebracht  wurden, waren durchtrennt. Bei der gemeinsamen Begehung des Hauses mit  dem Eigent\u00fcmer konnte festgestellt werden, dass mehrere Sachen  durchw\u00fchlt waren und eine Geldkassette mit D-Mark-M\u00fcnzen, einer goldenen  Taschenuhr, einem Fahrzeugschl\u00fcssel und Fahrzeugpapieren fehlte. Zeugenhinweise nimmt die  Polizei werden unter der Tel.-Nr. 06232-1370 oder per Mail an <a href=\"mailto:pispeyer@polizei.rlp.de\">pispeyer@polizei.rlp.de<\/a> entgegen. <\/p>\n\n\n\n<h4 class=\"wp-block-heading\">(Lingenfeld) &#8211; Brand im Schrebergarten gel\u00f6scht<\/h4>\n\n\n\n<p>Zu einem gemeinsamen Einsatz r\u00fcckten die Feuerwehren der  Verbandsgemeinde Lingenfeld sowie die Beamten der Polizeiinspektion  Germersheim am Sonntagmittag gegen 15 Uhr nach Lingenfeld aus. In einem Schrebergarten im Bereich In den Lachen\u00e4ckern war es zu einem Brand  gekommen. M\u00f6glicherweise hatte sich Plastik auf Grund der Hitze erw\u00e4rmt.  Der Brand konnte gel\u00f6scht werden. Es kam zu keinem  Personen-\/Sachschaden. <\/p>\n\n\n\n<h4 class=\"wp-block-heading\">(Bellheim) &#8211; Technische Ver\u00e4nderung f\u00fchrt zum Erl\u00f6schen der Betriebserlaubnis<\/h4>\n\n\n\n<p>Eine erloschene Betriebserlaubnis ist die Folge einer Verkehrskontrolle  am Sonntag gegen 11 Uhr in Bellheim. Die Beamten mussten feststellen,  dass der 31 &#8211; j\u00e4hrige Autofahrer aus dem Kreis Germersheim eine  Umcodierung der Fahrrichtungsanzeiger vorgenommen hatte und hierdurch  ein nicht genehmigtes Dauerleuchten entstand. Der Fahrer wurde  aufgefordert die technischen Ver\u00e4nderungen zu beheben. Ein  Ordnungswidrigkeitsverfahren  wurde eingeleitet. <\/p>\n\n\n\n<h4 class=\"wp-block-heading\">(Steinfeld) &#8211; Hochwertiges Fahrrad mit Anh\u00e4nger entwendet<\/h4>\n\n\n\n<p>Am Sonntag, 25.08.2019, wurde in Steinfeld, am dortigen Sportplatz, in  den fr\u00fchen Morgenstunden, ein lilafarbenes Damen-Trekkingrad mit einem  Fahrradanh\u00e4nger, entwendet. In dem Fahrradanh\u00e4nger befanden sich auch  pers\u00f6nliche Gegenst\u00e4nde des Eigent\u00fcmers. Gegen 04:30 Uhr wurden zwei  Personen beobachtet, die sich mit dem Fahrradrad vom Sportplatz entfernt  haben. Zeugen, die Angaben zu den beiden Personen oder den Verbleib des  Fahrrades machen k\u00f6nnen, werden gebeten, sich mit der Polizei Bad  Bergzabern unter 06343-93340 oder per Email unter <a href=\"mailto:pibadbergzabern@polizei.rlp.de\">pibadbergzabern@polizei.rlp.de<\/a> in Verbindung zu setzen. <\/p>\n\n\n\n<h4 class=\"wp-block-heading\">(Bad Bergzabern) &#8211; Fu\u00dfg\u00e4nger gef\u00e4hrdet<\/h4>\n\n\n\n<p>Am Freitag, 23.08.2019, gegen 19:10 Uhr, \u00fcberquerten zwei Fu\u00dfg\u00e4nger  einen \u00dcberweg auf der Weinstra\u00dfe, in H\u00f6he der Karl-Popp-Stra\u00dfe. Ein  bislang unbekannter Fahrer eines Pkw, VW Golf hielt nicht wie  vorgeschrieben an dem Fu\u00dfg\u00e4nger\u00fcberweg an, sondern fuhr in einem sehr  geringen Abstand an den beiden Fu\u00dfg\u00e4ngern vorbei. Die beiden Fu\u00dfg\u00e4nger  im Alter von 34 und 65 Jahren konnten im letzten Moment noch stehen  bleiben, ohne von dem Pkw erfasst zu werden. Zeugen des Vorfalls werden  gebeten, sich mit der Polizei Bad Bergzabern unter 06343-93340 oder per  Email unter <a href=\"mailto:pibadbergzabern@polizei.rlp.de\">pibadbergzabern@polizei.rlp.de<\/a> in Verbindung zu setzen. <\/p>\n\n\n\n<h4 class=\"wp-block-heading\">(L 516 bei Roschbach) &#8211; Schwerer Verkehrsunfall zwischen zwei Motorradfahrern<\/h4>\n\n\n\n<p>Am 26.08.2019, gegen 15:45 Uhr, befuhr der 53-j\u00e4hrige  Ducati-Motorradfahrer die K54 von Roschbach aus kommend in Richtung  L516. An der dortigen Kreuzung wollte der Ducati-Fahrer nach links in  Richtung Edesheim abbiegen. Hierbei missachtete er die Vorfahrt des  33-j\u00e4hrigen Yamaha-Motorradfahrers, der seinerseits die L516 von Landau  aus kommend in Richtung Edesheim befuhr. Beide Motorradfahrer wurden  durch den Unfall verletzt. Der Ducati-Fahrer erlitt lebensgef\u00e4hrliche  Verletzungen und wurde mittels Hubschrauber in ein Landauer Krankenhaus  verbracht. Der Yamaha-Fahrer wurde in ein Neustadter Krankenhaus  verbracht. Nach R\u00fccksprache mit der Staatsanwaltschaft Landau wurde ein  Gutachter zwecks Kl\u00e4rung des Unfallhergangs beauftragt. Ferner wurden  die beiden verunfallten Motorr\u00e4der zur Beweissicherung sichergestellt.  F\u00fcr die Dauer der Unfallaufnahme wurde die L516 voll gesperrt. Hierf\u00fcr  wurde zus\u00e4tzlich die Stra\u00dfenmeisterei Landau verst\u00e4ndigt. Die Sperrung  wird bis voraussichtlich 18:30 Uhr aufrechterhalten. Hierdurch kam es zu  geringen Verkehrsbeeintr\u00e4chtigungen. Die Polizeiinspektion Edenkoben  hat ein entsprechendes Ermittlungsverfahren eingeleitet. Zeugen, die  Angaben zu dem Unfallhergang machen k\u00f6nnen, werden gebeten sich mit der  Polizeiinspektion Edenkoben unter 06323-9550 oder <a href=\"mailto:piedenkoben@polizei.rlp.de\">piedenkoben@polizei.rlp.de<\/a> in Verbindung zu setzen. <\/p>\n\n\n\n<h4 class=\"wp-block-heading\">(Edesheim \/ Edenkoben \/ Rhodt \/ Maikammer \/ Kirrweiler) &#8211; Tag der Deutschen Weinstra\u00dfentag: Bilanz der Polizei Edenkoben<\/h4>\n\n\n\n<p>Bereits kurz nach der Er\u00f6ffnung des deutschen Weinstra\u00dfentags kam eine  70-j\u00e4hrige Radfahrerin aus Berlin in der Rhodter Stra\u00dfe in Edesheim  infolge Unachtsamkeit von der Fahrbahn ab und kollidierte mit einem  neben der Fahrbahn stehenden Stromkasten. Durch die Kollision erlitt die  Frau eine Platzwunde am Kopf und musste in ein Krankenhaus. Einen Helm  trug sie nicht. Eine Fraktur am Ellenbogen zog sich gegen 10.50 Uhr ein  55-j\u00e4hriger Pedelec-Fahrer in Rhodt in der Weinstra\u00dfe zu. An der  Einm\u00fcndung zur Edesheimer Stra\u00dfe verlor er beim Anhalten das  Gleichgewicht und st\u00fcrzte. Er musste in einem Krankenhaus behandelt  werden. Gegen 13.15 Uhr kam ein 7-j\u00e4hriges M\u00e4dchen mit ihrem Fahrrad auf  der L 512 zwischen Maikammer und Edenkoben ins Schlingern und st\u00fcrzte.  Das Kind erlitt Sch\u00fcrf-und Platzwunde und kam in ein Krankenhaus. Eine  83-j\u00e4hrige Autofahrerin rammte gegen 14.30 Uhr in Edenkoben in der  Radeburger Stra\u00dfe die Absperrung und besch\u00e4digte dabei ihr Fahrzeug.  Schlangenlinienfahrend kam gegen 15.11 Uhr ein 27-j\u00e4hriger Radfahrer der  Streife in Edesheim in der Staatsstra\u00dfe entgegen. Hinterher fuhren  mehrere Autofahrer, die ihm hupten und ihn zum Anhalten bewegen wollten.  Die Streife konnte den Mann in der Ruprechtstra\u00dfe stoppen. Weil der  Test 1,65 Promille ergab, wurde eine Blutprobe angeordnet. Mit 1,25  Promille raste ein 24-j\u00e4hriger Radfahrer auf der L516 bei Maikammer in  eine private Ordnerin, die ihm aus Ver\u00e4rgerung ein Schoppenglas  hinterherwarf. Die Ordnerin konnte unerkannt fl\u00fcchten, der Radfahrer  musste zur Blutentnahme mit auf die Dienststelle. Hinweise zu der  unbekannten Ordnerin nimmt die Polizei Edenkoben entgegen. In der  Weinstra\u00dfe in Edenkoben \u00f6ffnete eine 42-j\u00e4hrige Autofahrerin ihre  Fahrzeugt\u00fcr, ohne auf die nachfolgende Radfahrerin zu achten. Es kam zur  Kollision, wobei die 23-j\u00e4hrige Radfahrerin den Unfall erst in Rhodt  einer Streife meldete, da sie zwischenzeitlich starke Kopf- und  Kieferschmerzen hatte. Sie musste vom DRK versorgt werden. Zwei  Radfahrerinnen stie\u00dfen um 15.40 Uhr auf der L 515 in Kirrweiler  zusammen, weil sie nicht den n\u00f6tigen Sicherheitsabstand einhielten.  Dabei verletzte sich eine 55-j\u00e4hrige Frau an der Nasenwurzel und musste  in einem Krankenhaus behandelt werden. Zu Handgreiflichkeiten zwischen  zwei Radfahrern kam es gegen 16 Uhr auf der L 516 bei Maikammer. Aus  bislang ungekl\u00e4rter Ursache schlug eine unbekannteRadfahrerin einem  24-j\u00e4hrigen Radfahrer ein Schoppenglas gegen den linken Oberarm. Durch  die Glasscherben erlitt dieser neben einer Platzwunde am Arm eine  Schnittverletzung an der linken Halsseite. Bei einem anschlie\u00dfenden  Wortgefecht kam ein Mann hinzu und schlug dem 24-J\u00e4hrigen, der 1,24  Promille Alkohol intus hatte, noch ins Gesicht. Unerkannt konnten beide  entkommen. Der 24-j\u00e4hrige Mann aus dem Kreis kam in ein Krankenhaus.  Hinweise zu den Unbekannten nimmt die Polizei Edenkoben unter der Tel.  06323 9550 entgegen. Weil ein 30-j\u00e4hriger Radfahrer in Maikammer auf der  L 512 gegen 17.15 Uhr mit 1,58 Promille Alkohol der Streife auffiel,  wurde ihm die Weiterfahrt untersagt. Sein Fahrrad wurde sichergestellt.  Ein 20-j\u00e4hriger Mann mit 1,91 Promille st\u00fcrzte gegen 17.20 Uhr bei  Maikammer auf die Stra\u00dfe, als er sein Fahrrad in einen naheliegenden  Weinberg schieben wollte. Er verletzte sich an der Hand und zog sich  eine Platzwunde am Kopf zu. Vom DRK musste er medizinisch versorgt  werden. Mit 1,87 Promille streifte gegen 18.20 Uhr in Hainfeld an der  Einm\u00fcndung Weinstra\u00dfe\/Zum Schlossberg eine 26-j\u00e4hrige Radfahrerin einen  entgegenkommenden Pkw. Nach der Unfallaufnahme wurde ihr eine Blutprobe  entnommen. Ein 27-j\u00e4hriger Mann mit 2,1 Promille muss sich wegen einem  Strafverfahren wegen Widerstand und Beleidigung verantworten, da er kurz  nach 19.30 Uhr auf der Dienststelle erschien und ein sichergestelltes  Fahrrad zur\u00fcckhaben wollte. Da er das Rad nicht ausgeh\u00e4ndigt bekam,  beleidigte er einen Polizeibeamten in F\u00e4kalsprache. Da er dabei immer  renitenter wurde, musste er gefesselt werden. Eine Blutprobe wurde  angeordnet. Neben einem Strafverfahren wird in dem Fall auch die  zust\u00e4ndige F\u00fchrerscheinstelle zum Zwecke der Pr\u00fcfung der charakterlichen  Eignung zum F\u00fchren eines Kraftfahrzeugs im \u00f6ffentlichen Stra\u00dfenverkehr  informiert. Mit einem Schoppenglas in der Hand st\u00fcrzte gegen 19.30 Uhr  in der Bahnhofstra\u00dfe in Maikammer ein 24-j\u00e4hriger Radfahrer, weil er mit  1,2 Promille die Kontrolle \u00fcber sein Fahrrad verloren hatte. Mit  Sch\u00fcrf- und Schnittwunden kam er in ein Neustadter Krankenhaus. Eine  Blutentnahme folgte. <\/p>\n\n\n\n<h4 class=\"wp-block-heading\">(Edenkoben) &#8211; Wem geh\u00f6rt das Fahrrad?<\/h4>\n\n\n\n<div class=\"wp-block-image\"><figure class=\"aligncenter\"><img decoding=\"async\" loading=\"lazy\" width=\"800\" height=\"517\" src=\"https:\/\/speyer24news.com\/wp-content\/uploads\/2019\/08\/24.08.19-Edenkoben-Fahrrad.jpg\" alt=\"\" class=\"wp-image-18354\" srcset=\"https:\/\/speyer24news.com\/wp-content\/uploads\/2019\/08\/24.08.19-Edenkoben-Fahrrad.jpg 800w, https:\/\/speyer24news.com\/wp-content\/uploads\/2019\/08\/24.08.19-Edenkoben-Fahrrad-300x194.jpg 300w, https:\/\/speyer24news.com\/wp-content\/uploads\/2019\/08\/24.08.19-Edenkoben-Fahrrad-768x496.jpg 768w\" sizes=\"(max-width: 800px) 100vw, 800px\" \/><\/figure><\/div>\n\n\n\n<p>In der Bahnhofstra\u00dfe in Edenkoben konnte bereits am 24.08.2019 ein  Fahrrad aufgefunden werden, welches unverschlossen an eine Hauswand  angelehnt war. Bei dem Fahrrad handelt es sich um ein Trekkingrad der  Marke Verada. Da in der Nachbarschaft das Fahrrad g\u00e4nzlich unbekannt war  wird davon ausgegangen, dass das Fahrrad zuvor entwendet wurde. Der  Eigent\u00fcmer des Fahrrades oder sonstige Zeugen werden gebeten, sich mit  der Polizeiinspektion Edenkoben in Verbindung zu setzen. <\/p>\n\n\n\n<h4 class=\"wp-block-heading\">(Ha\u00dfloch) &#8211; Einbruchsdiebstahl an Baustelle<\/h4>\n\n\n\n<p>In der Nacht zum Samstag, den 24.08.2019, brachen unbekannte T\u00e4ter eine  Baustellent\u00fcr an einem Anwesen in der Gottlieb-Duttenh\u00f6fer-Stra\u00dfe auf  und entwendeten eine Putzmaschine der Marke PFT im Wert von ca. 8000,-  Euro. Der Abtransport erfolgte \u00fcber eine r\u00fcckseitige T\u00fcr zur  Otto-Dill-Stra\u00dfe hin. <\/p>\n\n\n\n<p>Zeugen werden gebeten, sich an die Polizeiinspektion Ha\u00dfloch, Tel. 06324\/933-0, Fax 06324\/933120, email: <a href=\"mailto:pihassloch@polizei.rlp.de\">pihassloch@polizei.rlp.de<\/a>, zu  wenden. <\/p>\n\n\n\n<h4 class=\"wp-block-heading\">(Bad D\u00fcrkheim) &#8211; Pkw-Fahrer war betrunken<\/h4>\n\n\n\n<p>Am 25.08.19, gegen 18:00 Uhr, befuhr ein 18-j\u00e4hriger Peugeot-Fahrer die  Friedelsheimer Stra\u00dfe i.R. Weinstra\u00dfe S\u00fcd. Aufgrund der Veranstaltung  &#8222;Erlebnistag Deutsche Weinstra\u00dfe&#8220; war die Weinstra\u00dfe S\u00fcd jedoch  gesperrt. Der 18-J\u00e4hrige wurde von einem vor Ort befindlichen  Polizeibeamten angesprochen. Hierbei wurde Alkoholgeruch bei dem  Pkw-Fahrer festgestellt. Ein freiwillig durchgef\u00fchrter Atemalkoholtest  ergab einen Wert von ca. 1,7 Promille. Dem 18-J\u00e4hrigen wurde auf der  Dienststelle eine Blutprobe entnommen. Sein F\u00fchrerschein wurde  sichergestellt. Sein 17-j\u00e4hriger Beifahrer war ebenfalls stark  alkoholisiert. Er wurde von seiner Mutter auf der Dienststelle abgeholt.  <\/p>\n\n\n\n<h4 class=\"wp-block-heading\">(Lambsheim) &#8211; Gef\u00e4hrdung des Stra\u00dfenverkehrs<\/h4>\n\n\n\n<p>Am 25.08.2019, gegen 21.30 Uhr, wird durch Zeugen ein Pkw gemeldet,  welcher aufgrund seiner Fahrweise m\u00f6glicherweise betrunken sein k\u00f6nnte.  Laut Angaben der Zeugen soll dieser Pkw, ein VW Golf, welcher von  Fu\u00dfg\u00f6nheim nach Lambsheim unterwegs war, einem anderen Pkw in Maxdorf  die Vorfahrt genommen haben, sowie mit \u00fcberh\u00f6hter Geschwindigkeit  unterwegs gewesen sein. Weiterhin habe er im Kreisel in Maxdorf fast  einen Verkehrsunfall verursacht und massiv gedr\u00e4ngelt. Das Fahrzeug  konnte letztendlich an der Wohnadresse des Fahrers, einem 23-j\u00e4hrigen  Mann aus Lambsheim, festgestellt werden. Dieser wird sodann durch die  eingesetzten Beamten kontrolliert, hierbei k\u00f6nnen keine Auff\u00e4lligkeiten  hinsichtlich Alkohol- oder Bet\u00e4ubungsmittelkonsum festgestellt werden.  Allerdings zeigt der Fahrer k\u00f6rperliche M\u00e4ngel, welche letztendlich dazu  f\u00fchren, dass sein F\u00fchrerschein beschlagnahmt wird und ihm die  Weiterfahrt untersagt wird. In diesem Zusammenhang werden weitere Zeugen  gesucht, welche Angaben zu diesem Fall machen k\u00f6nnen und m\u00f6glicherweise  durch die Fahrt des Beschuldigten gef\u00e4hrdet wurden. <\/p>\n\n\n\n<p>Wer \nsachdienliche Hinweise zu dem genannten Fall geben kann, wird gebeten \nsich mit der Polizeiinspektion Frankenthal unter der Rufnummer \n06233\/313-0 oder der Polizeiwache Maxdorf unter der Rufnummer \n06237\/934-1100 in Verbindung zu setzen. Hinweise k\u00f6nnen auch per E-Mail \nunter <a href=\"mailto:pifrankenthal@polizei.rlp.de\">pifrankenthal@polizei.rlp.de<\/a> an die Polizei \u00fcbermittelt werden. <\/p>\n\n\n\n<h4 class=\"wp-block-heading\">(Lambsheim) &#8211; Verdacht eines Badeunfalles<\/h4>\n\n\n\n<p>Am 25.08.2019, gegen 18.00 Uhr, wird durch einen Zeugen gemeldet, dass  am Nachtweideweiher, in der N\u00e4he zur A61, Kleidung aufgefunden wurde. Da  der Verdacht bestand, dass es im dortigen Bereich zu einem Badeunfall  gekommen ist, werden zur Suche Feuerwehr, DLRG, Taucher und  Rettungshunde hinzugezogen. W\u00e4hrend der Suche wird auch der angrenzende  Autobahnparkplatz abgesucht, da m\u00f6glicherweise ein Lkw-Fahrer nach dem  Baden seine Kleidung vergessen haben k\u00f6nnte. Gegen 20.30 Uhr kann dort  tats\u00e4chlich ein Lkw-Fahrer angetroffen werden, welcher angibt, dass er  am Vorabend dort baden war und offensichtlich ein Teil seiner Kleidung  dort vergessen hat. <\/p>\n\n\n\n<h4 class=\"wp-block-heading\">(Frankenthal) &#8211; Sachbesch\u00e4digung an Pkw<\/h4>\n\n\n\n<p>Der Gesch\u00e4digte stellt seinen Pkw Fiat Strada in der Zeit von  23.08.2019, 13.00 Uhr, bis 25.08.2019, 14.00, in der Wormser Stra\u00dfe,  H\u00f6he Hausnummer 92, ab. Als er wieder zu seinem Fahrzeug kommt, muss er  feststellen, dass ein bislang unbekannter T\u00e4ter die Windschutzscheibe  eingeschlagen hat. Der Schaden wird auf etwa 600 Euro gesch\u00e4tzt. <\/p>\n\n\n\n<p>Wer  sachdienliche Hinweise zu dem genannten Fall geben kann, wird gebeten  sich mit der Polizeiinspektion Frankenthal unter der Rufnummer  06233\/313-0 oder der Polizeiwache Maxdorf unter der Rufnummer  06237\/934-1100 in Verbindung zu setzen. Hinweise k\u00f6nnen auch per E-Mail  unter <a href=\"mailto:pifrankenthal@polizei.rlp.de\">pifrankenthal@polizei.rlp.de<\/a> an die Polizei \u00fcbermittelt werden. <\/p>\n\n\n\n<h4 class=\"wp-block-heading\">(Frankenthal) &#8211; Verkehrsunfallflucht<\/h4>\n\n\n\n<p>Die Gesch\u00e4digte stellt ihren Pkw Mini Countryman in der Zeit von  24.08.2019, 16.00 Uhr, bis 25.08.2019, 11.00 Uhr, in der Stra\u00dfe In den  Klosterg\u00e4rten, H\u00f6he Hausnummer 38, ab. Als sie wieder zu ihrem Fahrzeug  kommt, muss sie feststellen, dass ein bislang unbekannter Fahrzeugf\u00fchrer  dieses an der hinteren Sto\u00dfstange besch\u00e4digt hat. Der Schaden wird auf  etwa 2000 Euro gesch\u00e4tzt. <\/p>\n\n\n\n<p>Wer sachdienliche Hinweise zu dem  genannten Fall geben kann, wird gebeten sich mit der Polizeiinspektion  Frankenthal unter der Rufnummer 06233\/313-0 oder der Polizeiwache  Maxdorf unter der Rufnummer 06237\/934-1100 in Verbindung zu setzen.  Hinweise k\u00f6nnen auch per E-Mail unter <a href=\"mailto:pifrankenthal@polizei.rlp.de\">pifrankenthal@polizei.rlp.de<\/a> an die Polizei \u00fcbermittelt werden. <\/p>\n\n\n\n<h4 class=\"wp-block-heading\">(Ludwigshafen) &#8211; Unbekannter verletzt Frau<\/h4>\n\n\n\n<p>Eine 30-J\u00e4hrige wurde am Montag (26.08.2019) von einem unbekannten Mann  angegriffen und hierbei leicht verletzt. Die Frau befand sich gegen  2.20 Uhr in einem Parkhaus in der Mottstra\u00dfe, als sie dort auf einem  Mann traf, der sie unvermittelt ins Gesicht schlug. Der T\u00e4ter ergriff  daraufhin die Flucht und entkam unerkannt. Der Unbekannte war: <\/p>\n\n\n\n<ul><li>circa 1,75  m gro\u00df und <\/li><li>von schlanker Statur<\/li><li>Das Alter wurde auf 25 Jahre gesch\u00e4tzt.  <\/li><li>Zum Tatzeitpunkt trug er eine kurze Hose und ein T-Shirt. <\/li><\/ul>\n\n\n\n<p>Zeugen, die  den Vorfall beobachtet haben, werden gebeten, sich bei der  Polizeiinspektion Ludwigshafen 2  unter der Telefonnummer 0621 963-2222  oder per E-Mail <a href=\"mailto:piludwigshafen2@polizei.rlp.de\">piludwigshafen2@polizei.rlp.de<\/a> zu melden. <\/p>\n\n\n\n<h4 class=\"wp-block-heading\">(Ludwigshafen) &#8211; Auto besch\u00e4digt und abgehauen<\/h4>\n\n\n\n<p>Zwischen dem 24.08.2019, 17 Uhr, und dem 25.08.2019, 9 Uhr, wurde in  der Hafenstra\u00dfe der parkende Audi eines 61-J\u00e4hrigen durch eine\/n  unbekannte\/n Fahrer\/in besch\u00e4digt. Die Schadensh\u00f6he aufgrund von  Streifsch\u00e4den sowie einen besch\u00e4digten Au\u00dfenspiegel bel\u00e4uft sich auf  etwa 1.200 Euro. <\/p>\n\n\n\n<p>Die Polizeiinspektion Ludwigshafen 1 bittet um sachdienliche Hinweise unter der Telefonnummer 0621 963-2122 oder per e-Mail <a href=\"mailto:piludwigshafen1@polizei.rlp.de\">piludwigshafen1@polizei.rlp.de<\/a>. <\/p>\n\n\n\n<h4 class=\"wp-block-heading\">(Mannheim) &#8211; 19-J\u00e4hriger aus Mannheim vermisst \/ Polizei fahndet mit Lichtbild!<\/h4>\n\n\n\n<div class=\"wp-block-image\"><figure class=\"aligncenter\"><img decoding=\"async\" loading=\"lazy\" width=\"500\" height=\"680\" src=\"https:\/\/speyer24news.com\/wp-content\/uploads\/2019\/08\/Rafiq-A..jpg\" alt=\"\" class=\"wp-image-18357\" srcset=\"https:\/\/speyer24news.com\/wp-content\/uploads\/2019\/08\/Rafiq-A..jpg 500w, https:\/\/speyer24news.com\/wp-content\/uploads\/2019\/08\/Rafiq-A.-221x300.jpg 221w\" sizes=\"(max-width: 500px) 100vw, 500px\" \/><\/figure><\/div>\n\n\n\n<p>Seit dem 21.08.2019 gilt Rafiq A. aus Mannheim als vermisst. Der  19-J\u00e4hrige verlie\u00df am fr\u00fchen Mittwochmorgen um 4 Uhr die Wohnanschrift  seiner Familie und kehrte seitdem nicht wieder zur\u00fcck. <\/p>\n\n\n\n<p>Hinweise \nauf seinen Aufenthaltsort sind nicht bekannt. Das Kriminalkommissariat \nMannheim hat die Ermittlungen zum Aufenthalt des Heranwachsenden \naufgenommen und bereits umfangreiche Ma\u00dfnahmen getroffen, die jedoch \nbislang nicht zum Auffinden des Vermissten gef\u00fchrt haben. <\/p>\n\n\n\n<p>Rafiq  A. kann wie folgt beschrieben werden: <\/p>\n\n\n\n<ul><li>m\u00e4nnlich<\/li><li>1,77 m gro\u00df<\/li><li>schlanke  Figur<\/li><li>s\u00fcdeurop\u00e4isches Erscheinungsbild<\/li><li>kurze schwarze Haare<\/li><li>braune  Augen<\/li><li>flaumiger Oberlippenbart<\/li><li>spricht Hochdeutsch und ist der englischen und arabischen Sprache m\u00e4chtig<\/li><li>tr\u00e4gt vermutlich eine gr\u00fcne Stoffjacke. <\/li><\/ul>\n\n\n\n<p>Das\n Verhalten des Vermissten ist nach bisherigen Erkenntnissen als \nungew\u00f6hnlich zu betrachten. Der Vermisste k\u00f6nnte sich in einer hilflosen\n Lage befinden, weshalb eine Eigengef\u00e4hrdung und somit Gefahr f\u00fcr Leib- \nund Leben des Heranwachsenden besteht. <\/p>\n\n\n\n<p>Zeugen, die Hinweise zum  Aufenthaltsort von Rafiq A. geben k\u00f6nnen, werden gebeten, sich mit den  Beamten der Kriminalpolizei unter 0621 174-4444 in Verbindung zu setzen.  Hinweise werden zudem jederzeit unter dem polizeilichen Notruf 110 und  bei jeder Polizeidienststelle entgegen genommen. <\/p>\n\n\n\n<h4 class=\"wp-block-heading\">(Mannheim) &#8211; Polizei zufrieden mit dem Verlauf des Open-Air-Konzerts der Band &#8222;Metallica&#8220; auf dem Maimarktgel\u00e4nde<\/h4>\n\n\n\n<p>Die Mannheimer Polizei zieht eine durchweg positive Bilanz nach dem  Konzert der Band &#8222;Metallica&#8220; am Sonntag, 25.08.2019 auf dem Mannheimer  Maimarktgel\u00e4nde. <\/p>\n\n\n\n<p>Zahlreiche Konzertbesucher waren dem Rat von \nKonzertveranstalter und Polizei gefolgt und hatten die \u00f6ffentlichen \nVerkehrsmittel wie S-Bahn und Stra\u00dfenbahn genutzt. Diese konnten die \nBesuchermassen problemlos bew\u00e4ltigen. <\/p>\n\n\n\n<p>Deshalb verlief auch der \nindividuelle Anreiseverkehr mit dem Auto ohne Probleme. Die \nKonzertbesucher, die nicht auf das Auto verzichten konnten, kamen ohne \ngr\u00f6\u00dferen Stau und Verkehrsbeeintr\u00e4chtigungen auf die gut \nausgeschilderten Parkpl\u00e4tze. In der Hauptanreisezeit kam es lediglich \nauf der A 6 kurzzeitig zu einem R\u00fcckstau von maximal sechs Kilometern \nL\u00e4nge aus Richtung Viernheim. <\/p>\n\n\n\n<p>Die Konzertbesucher verhielten sich\n aus polizeilicher Sicht vorbildlich und diszipliniert und genossen bei \nhei\u00dfem Konzertwetter einen abwechslungsreichen Tag. Es kam zu keinen \nnennenswerten Vorf\u00e4llen. Lediglich ein Drogendelikt sowie eine \nK\u00f6rperverletzung wurden der Polizei zum Berichtszeitpunkt angezeigt. \nZwei betrunkene Personen mussten den Rettungsdiensten zugef\u00fchrt. <\/p>\n\n\n\n<p>Die\n Rettungsdienste r\u00fcckten insgesamt 350 Mal zur medizinischen \nHilfeleistung, meist wegen Hitzestress aus. Davon mussten 16 Patienten \nzur medizinischen Weiterversorgung in Krankenh\u00e4user transportiert \nwerden. <\/p>\n\n\n\n<p>Nach Konzertende kam es zu Verz\u00f6gerungen beim Verlassen \ndes Konzertgel\u00e4ndes. Insbesondere beim Abstrom der Besucher in Richtung \nGro\u00dfparkplatz ergaben sich erhebliche Behinderungen aufgrund der \nEngstelle am Fu\u00dfg\u00e4ngersteg. Die B 38a musste in der Folge aus \nSicherheitsgr\u00fcnden wegen Fu\u00dfg\u00e4ngern auf der Fahrbahn vor\u00fcbergehend in \nbeide Fahrtrichtungen zwischen Mannheim-Feudenheim und Mannheim-Neckarau\n voll gesperrt werden. <\/p>\n\n\n\n<p>Bei der Ausfahrt aus den Parkpl\u00e4tzen und insbesondere aber bei der Abreise mit den S-Bahnen ergaben sich l\u00e4ngere Wartezeiten. <\/p>\n\n\n\n<h4 class=\"wp-block-heading\">(Mannheim-Innenstadt) &#8211; Kameras der Video\u00fcberwachung im Bereich &#8222;Breite  Stra\u00dfe Nord&#8220; betriebsbereit, L\u00fcckenschluss zwischen Marktplatz und  Neckartor erfolgt<\/h4>\n\n\n\n<h4 class=\"wp-block-heading\">Gemeinsame Pressemitteilung der Stadt Mannheim und des Polizeipr\u00e4sidiums Mannheim<\/h4>\n\n\n\n<div class=\"wp-block-image\"><figure class=\"aligncenter\"><img decoding=\"async\" loading=\"lazy\" width=\"800\" height=\"529\" src=\"https:\/\/speyer24news.com\/wp-content\/uploads\/2019\/08\/\u00dcberwachungskamera-@-ElasticComputeFarm.jpg\" alt=\"\" class=\"wp-image-18359\" srcset=\"https:\/\/speyer24news.com\/wp-content\/uploads\/2019\/08\/\u00dcberwachungskamera-@-ElasticComputeFarm.jpg 800w, https:\/\/speyer24news.com\/wp-content\/uploads\/2019\/08\/\u00dcberwachungskamera-@-ElasticComputeFarm-300x198.jpg 300w, https:\/\/speyer24news.com\/wp-content\/uploads\/2019\/08\/\u00dcberwachungskamera-@-ElasticComputeFarm-768x508.jpg 768w\" sizes=\"(max-width: 800px) 100vw, 800px\" \/><\/figure><\/div>\n\n\n\n<p>Sprichw\u00f6rtlich\n auf der Zielgeraden befindet sich der Ausbau der Video\u00fcberwachung in \nder Mannheimer Innenstadt. Ab dem 27. August, 12.00 Uhr, wird im Bereich\n der Breiten Stra\u00dfe die letzte verbliebene L\u00fccke &#8211; zwischen Marktplatz \nund Neckartor- geschlossen. Fortan werden an neun Standorten weitere 17 \nKameras den innerst\u00e4dtischen Bereich \u00fcberwachen. Entsprechende \nHinweisschilder sind bereits aufgestellt und werden mit der \nInbetriebnahme enth\u00fcllt. <\/p>\n\n\n\n<p>F\u00fcr den Mannheimer Polizeipr\u00e4sidenten \nAndreas Stenger ist die Video\u00fcberwachung ein voller Erfolg und ein \nwichtiger Baustein f\u00fcr unsere B\u00fcrgerinnen und B\u00fcrger zur weiteren \nSteigerung der Sicherheit im \u00f6ffentlichen Raum: &#8222;Bereits jetzt zeichnet \nsich ab, dass sich die \u00dcberwachung besonders kriminalit\u00e4tsbelasteter \nBereiche in der Innenstadt und Neckarstadt bew\u00e4hrt. Unser Gesamtkonzept \ngreift. Flankierend zur Video\u00fcberwachung sorgen zus\u00e4tzliche Streifen f\u00fcr\n eine schnelle Intervention, wenn polizeiliche Hilfe ben\u00f6tigt wird. Nach\n dem Erkennen einer Straftat dauert es durchschnittlich maximal zwei \nMinuten bis die Polizei am Ereignisort eintrifft&#8220;, so Stenger. <\/p>\n\n\n\n<p>&#8222;Die\n Ma\u00dfnahme der intelligenten Video\u00fcberwachung ist ein Baustein eines \numfassenden Sicherheitskonzepts der Stadt Mannheim&#8220;, betont Erster \nB\u00fcrgermeister und Sicherheitsdezernent Christian Specht. &#8222;Neben der \nVideo\u00fcberwachung beinhaltet das Konzept eine Vielzahl weiterer Ma\u00dfnahmen\n wie beispielsweise eine regelm\u00e4\u00dfige Sicherheitsbefragung der \nB\u00fcrgerinnen und B\u00fcrger, unsere &#8218;Runden Tische Sicherheit&#8216; oder die \nF\u00f6rderung der Kriminalpr\u00e4vention durch den Verein &#8218;Sicherheit in \nMannheim e.V.&#8216;. Wir sind \u00fcberzeugt, dass wir mithilfe der \nDigitalisierung und der perspektivisch algorithmenbasierten, \n&#8218;intelligenten&#8216; Video\u00fcberwachung f\u00fcr mehr Sicherheit sorgen, bei einem \ngleichzeitig geringeren Eingriff in die Privatsph\u00e4re und Grundrechte \nunbeteiligter Passanten.&#8220; <\/p>\n\n\n\n<p>R\u00fcckblick: Bereits seit 2007 wurde der \nBereich des Vorplatzes am Hauptbahnhof mit analoger Kameratechnik durch \ndie Polizei \u00fcberwacht. Nach der Umstellung auf Ger\u00e4te mit Digitaltechnik\n startete parallel hierzu bereits im November 2018 die Video\u00fcberwachung \nin der Mannheimer Innenstadt. Die Kameras der Video\u00fcberwachung in den \nBereichen Paradeplatz und Alter Messplatz sind seither an das F\u00fchrungs- \nund Lagezentrum des Polizeipr\u00e4sidiums Mannheim angebunden. In der \nFolgezeit wurden mit der Breiten Stra\u00dfe S\u00fcd und dem Marktplatz zwei \nweitere Bereiche ert\u00fcchtigt, die seit dem 30. April ebenfalls Bilder an \ndie Polizei \u00fcbermitteln. <\/p>\n\n\n\n<p>Mit der zun\u00e4chst konventionellen \nInbetriebnahme der Video\u00fcberwachung in der Breiten Stra\u00dfe Nord sind nun \ninsgesamt 68 Kameras betriebsbereit; 20 Kameras sind mit der Software \nzur automatisierten Verhaltenserkennung des Fraunhofer IOSB \nausgestattet. <\/p>\n\n\n\n<p>Ausblick: Am Marktplatz wird diese Technik in der \nersten Entwicklungsstufe im September 2019 zum Einsatz kommen, in der \n&#8222;Breiten Stra\u00dfe Nord&#8220;, beim derzeitigen Stand der Planungen, im vierten \nQuartal 2019. Im ersten Quartal 2020 soll dann der Alte Messplatz \nebenfalls &#8222;intelligent&#8220; \u00fcberwacht werden. <\/p>\n\n\n\n<p>Die Entscheidung, ob \n-wie in den urspr\u00fcnglichen Planungen vorgesehen- in einem weiteren \nSchritt auch am Plankenkopf eine Video\u00fcberwachung erfolgen wird, soll \nEnde des Jahres nach Auswertung der aktuellen Kriminalit\u00e4tslage fallen. <\/p>\n\n\n\n<p>Die  parallel verlaufende Fortentwicklung der zum Einsatz kommenden  Experimentalsoftware des Fraunhofer IOSB verl\u00e4uft planm\u00e4\u00dfig. Die  bisherige Erwartungshaltung zum Fortschritt der algorithmenbasierten  Bildauswertung wurde bislang in vollem Umfang erf\u00fcllt bzw. sogar  \u00fcbertroffen. Mit weiteren konkreten Ergebnissen wird in den n\u00e4chsten  Wochen gerechnet. <\/p>\n\n\n\n<h4 class=\"wp-block-heading\">(Mannheim-Innenstadt) &#8211; 49-J\u00e4hrige wird von unbekannter Frau angegriffen \/ Polizei sucht Zeugen!<\/h4>\n\n\n\n<p>Eine 49-j\u00e4hrige Frau wurde am Samstagabend, gegen 21 Uhr, von einer  Unbekannten im Quadrat H2 angegriffen und verletzt. Die Gesch\u00e4digte war  zu Fu\u00df unterwegs, als an ihr eine Personengruppe mit einem Kinderwagen  vorbeilief. Sie warf eigenen Angaben zufolge dem Kind im Kinderwagen  einen Handkuss zu und ging weiter. Kurz darauf wurde sie von der  unbekannten Frau k\u00f6rperlich angegangen, woraufhin sie das Gleichgewicht  verlor und zu Boden st\u00fcrzte. Die Angreiferin habe dann den Kopf der  Gesch\u00e4digten mehrere Male auf den Boden geschlagen und diese mit  Schimpfw\u00f6rtern beleidigt. Anschlie\u00dfend sei sie in unbekannte Richtung  davon gegangen. Ob die Angreiferin zu der Personengruppe geh\u00f6rte, ist  nicht bekannt. <\/p>\n\n\n\n<p>Sie wurde wie folgt beschrieben: <\/p>\n\n\n\n<ul><li>weiblich<\/li><li>ca. 30 Jahre alt<\/li><li>etwa 1,75 m gro\u00df<\/li><li>d\u00fcnn<\/li><li>blaue Augen<\/li><li>lange schwarze Haare<\/li><\/ul>\n\n\n\n<p>Die Gesch\u00e4digte suchte im Anschluss einen Arzt auf. <\/p>\n\n\n\n<p>Zeugen,\n die den Vorfall beobachtet haben und Hinweise zu der beschriebenen \nPerson geben k\u00f6nnen, werden gebeten, sich beim Polizeirevier \nMannheim-Innenstadt unter Tel.: 0621\/1258-0 zu melden. <\/p>\n\n\n\n<h4 class=\"wp-block-heading\">(Mannheim-Innenstadt) &#8211; 24-j\u00e4hriger Fu\u00dfg\u00e4nger bei Verkehrsunfall schwer verletzt<\/h4>\n\n\n\n<p>Bei einem Verkehrsunfall am Samstagabend in der Mannheimer Innenstadt  wurde ein 24-j\u00e4hriger Fu\u00dfg\u00e4nger schwer verletzt. Der Mann \u00fcberquerte den  Kaiserring bei Rotlicht in H\u00f6he Kunststra\u00dfe\/Friedrichsplatz und wurde  dabei von einem 41-j\u00e4hrigen Ford-Fahrer erfasst, der bei Gr\u00fcnlich den  Kaiserring in Richtung Friedrichsring befuhr. Der Fu\u00dfg\u00e4nger st\u00fcrzte auf  das Fahrzeug und schlug mit dem Kopf gegen die Windschutzscheibe.  Anschlie\u00dfend wurde er auf die Fahrbahn geschleudert, wo er liegenblieb.  Er zog sich dabei schwere Gesichtsverletzungen zu. Zun\u00e4chst war  Lebensgefahr nicht auszuschlie\u00dfen. Der 24-J\u00e4hrige wurde zur Behandlung  in ein Krankenhaus eingeliefert, wo er station\u00e4r aufgenommen wurde. Ein  Alkoholvortest ergab einen Wert von rund 2,4 Promille. Ihm wurde im  Krankenhaus eine Blutprobe entnommen. <\/p>\n\n\n\n<p>Nach ersten Erkenntnissen \nergaben sich keine Anhaltspunkte daf\u00fcr, dass der Ford-Fahrer mit \nnichtangepasster Geschwindigkeit unterwegs war. Ebenso ergaben sich \nkeine Anhaltspunkte auf Alkohol- oder Drogenkonsum bei dem 41-J\u00e4hrigen. <\/p>\n\n\n\n<p>W\u00e4hrend  der Unfallaufnahme wurde der Kaiserring ab dem Friedrichsplatz in  Richtung Friedrichsring voll gesperrt. Der Verkehr wurde \u00fcber den  Friedrichsplatz abgeleitet. <\/p>\n\n\n\n<h4 class=\"wp-block-heading\">(Mannheim-Neckarstadt) &#8211; W\u00e4hrend Bewohner schlief bricht Unbekannter in dessen Wohnung ein \/ Zeugen gesucht!<\/h4>\n\n\n\n<p>Am fr\u00fchen Sonntag, gegen 7 Uhr, brach ein bislang unbekannter T\u00e4ter in  eine Erdgeschosswohnung in der Langstra\u00dfe ein. W\u00e4hrend der Bewohner  schlief, verschaffte sich der Unbekannte \u00fcber ein Fenster Zutritt zur  Wohnung und entwendete aus dem Wohnzimmer ein Mobiltelefon sowie eine  Packung Zigaretten. Der Gesch\u00e4digte wurde dann durch Ger\u00e4usche aus dem  Schlaf gerissen und traf auf den Einbrecher, der gerade durch das  Fenster die Flucht ergriff. Eine Personenbeschreibung liegt der Polizei  nicht vor. <\/p>\n\n\n\n<p>Zeugen, die verd\u00e4chtige Beobachtungen gemacht haben,  werden gebeten, sich beim Polizeirevier Mannheim-Neckarstadt unter Tel.:  0621\/3301-0 zu melden. <\/p>\n\n\n\n<h4 class=\"wp-block-heading\">(Mannheim-Neuostheim) &#8211; Autoreifen an drei PKW zerstochen \/ Polizei sucht Zeugen!<\/h4>\n\n\n\n<p>Im Zeitraum von Montag, 12.08., 12 Uhr bis Montag, 26.08., kurz nach  Mitternacht, zerstach ein bislang unbekannter T\u00e4ter die Autoreifen  dreier PKW, die in der Hans-Thoma-Stra\u00dfe, in H\u00f6he der Edeka-Filiale,  geparkt waren. An dem Seat, Toyota und Mercedes-Benz wurde jeweils  mindestens ein Reifen besch\u00e4digt, sodass die Gesch\u00e4digten sich nun um  einen Schaden in H\u00f6he von mehreren hundert Euro k\u00fcmmern m\u00fcssen. <\/p>\n\n\n\n<p>Zeugen,\n die verd\u00e4chtige Beobachtungen gemacht haben, werden gebeten, sich mit \ndem Polizeirevier Mannheim-Oststadt unter Tel.: 0621\/174-3310 in \nVerbindung zu setzen. <\/p>\n\n\n\n<h4 class=\"wp-block-heading\">(Mannheim-Neuostheim) &#8211; Unbekannter bricht Dacia auf \/ Wer hat Verd\u00e4chtiges beobachtet?<\/h4>\n\n\n\n<p>Ein bislang unbekannter T\u00e4ter brach auf bislang ungekl\u00e4rte Art und  Weise einen Dacia Duster auf, der am Sonntag, zwischen 15 Uhr und 23:30  Uhr, in der Hans-Thoma-Stra\u00dfe\/Ecke Xaver-Fuhr-Stra\u00dfe geparkt war. Aus  dem Auto wurden ein Mobiltelefon sowie eine Geldb\u00f6rse mit einem geringen  Bargeldbetrag, pers\u00f6nlichen Dokumenten und einer EC-Karte gestohlen.  Die H\u00f6he des Diebstahlschadens steht bislang noch nicht fest. <\/p>\n\n\n\n<p>Zeugen,\n die verd\u00e4chtige Beobachtungen gemacht haben, werden gebeten, sich mit \ndem Polizeirevier Mannheim-Oststadt unter Tel.: 0621\/174-3310 in \nVerbindung zu setzen. <\/p>\n\n\n\n<h4 class=\"wp-block-heading\">(Mannheim-Neuostheim) &#8211; Transporter aufgebrochen und drei Geldbeutel gestohlen \/ Zeugen gesucht!<\/h4>\n\n\n\n<p>Auf einem Discounterparkplatz in der Seckenheimer Landstra\u00dfe, in H\u00f6he  der Coblitzallee, wurde von Sonntag, 17:30 Uhr, bis Montag, Mitternacht,  ein VW Transporter aufgebrochen. Ein bislang Unbekannter hatte die  Beifahrert\u00fcr des Wagens aufgehebelt und aus dem Fahrzeug drei Geldb\u00f6rsen  gestohlen, in denen sich mehrere EC- und Kreditkarten, pers\u00f6nliche  Dokumente und Bargeld befanden. Anschlie\u00dfend war er mit dem Diebesgut  gefl\u00fcchtet. An dem VW entstand Sachschaden in H\u00f6he von mehreren hundert  Euro. <\/p>\n\n\n\n<p>Zeugen, die verd\u00e4chtige Wahrnehmungen gemacht haben, werden  gebeten, sich beim Polizeiposten Mannheim-Neuostheim unter Tel.:  0621\/4236638 oder beim Polizeirevier Mannheim-Oststadt unter Tel.:  0621\/174-3310 zu melden. <\/p>\n\n\n\n<h4 class=\"wp-block-heading\">(Nu\u00dfloch \/ Rhein-Neckar-Kreis) &#8211; Unbekannte besch\u00e4digten Schlepper im Wald \/ Zeugen gesucht!<\/h4>\n\n\n\n<p>Auf einem forstwirtschaftlichen Weg im Bereich Brunnenfeld im Nu\u00dflocher  Wald besch\u00e4digten ein oder mehrere bislang unbekannte T\u00e4ter einen  abgestellten roten Schlepper der Marke Mercedes-Benz. Ein Fu\u00dfg\u00e4nger  hatte den besch\u00e4digten Schlepper am Donnerstag, 22.08., gegen 16 Uhr,  entdeckt und dies der Polizei gemeldet. An dem Fahrzeug waren mehrere  Scheiben zerst\u00f6rt und der Tankdeckel besch\u00e4digt. Zudem wurden im Umfeld  Kanister aufgefunden, weshalb die Ermittler davon ausgehen, dass die  Unbekannten evtl. Treibstoff abzapften. Ob sie tats\u00e4chlich Kraftstoff  stahlen ist bislang noch unklar. Ein genauer Tatzeitraum kann derzeit  nicht n\u00e4her eingegrenzt werden. <\/p>\n\n\n\n<p>Weitere Zeugen, die sachdienliche  Hinweise geben k\u00f6nnen, werden gebeten, sich mit dem Polizeirevier  Wiesloch unter Tel.: 06222\/5709-0 in Verbindung zu setzen. <\/p>\n\n\n\n<h4 class=\"wp-block-heading\">(Rauenberg \/ A 6 \/ Rhein-Neckar-Kreis) &#8211; Schwerer Unfall auf Autobahn<\/h4>\n\n\n\n<p>Am Montagmorgen kam es auf der BAB 6 zwischen der  Anschlussstelle Wiesloch \/ Rauenberg und der Ausfahrt Sinsheim zu einem  schweren Verkehrsunfall &#8211; es kam zu Verkehrsbeeintr\u00e4chtigungen. <\/p>\n\n\n\n<p>Ein\n 20-J\u00e4hriger fuhr um kurz nach 7 Uhr auf dem mittleren Fahrstreifen der \nAutobahn. Aus bislang ungekl\u00e4rter Ursache kam der Toyota dabei ins \nSchlingern und prallt im weiteren Verlauf nach links an die \nBetontrennwand. Von dort nach rechts abgewiesen, \u00fcberschl\u00e4gt sich das \nAuto und rutscht auf dem Dach \u00fcber alle Spuren in Richtung \nStandstreifen. Zwischen diesem und dem rechten Fahrstreifen konnte der \n20-J\u00e4hrige, nachdem das Auto liegen geblieben war, sich selbst befreien.\n Aufgrund des Unfallgeschehens verletzte sich der Heranwachsende leicht \num kam zur weiteren Behandlung in Krankenhaus. Es entstand ein \nSachschaden von mindestens 5000 Euro. <\/p>\n\n\n\n<p>W\u00e4hrend der Unfallaufnahme \nund der anschlie\u00dfenden Bergungs- und Rettungsarbeiten war der rechte \nFahrstreifen gesperrt. Es kam zu Verkehrsbeeintr\u00e4chtigungen. <\/p>\n\n\n\n<h4 class=\"wp-block-heading\">(Rauenberg \/ Rhein-Neckar-Kreis) &#8211; Nach Verkehrsunfall weitere Zeugen gesucht<\/h4>\n\n\n\n<p>Am Sonntagabend kam es auf der B 39 an der Anschlussstelle Wiesloch \/  Rauenberg zu einem schweren Verkehrsunfall &#8211; das Polizeirevier Wiesloch  sucht nach weiteren Zeugen. <\/p>\n\n\n\n<p>Ein 19-J\u00e4hriger fuhr um 18:10 Uhr mit\n seinem Seat auf der B 39 in Richtung Rauenberg. Auf H\u00f6he der Ausfahrt \nBAB 6 in Richtung Heilbronn bog zur selben Zeit ein 54-J\u00e4hriger mit \nseinem Toyota von der Autobahnausfahrt kommend in Richtung Wiesloch auf \ndie B 39 ab. Dabei kam es zum Frontalzusammensto\u00df der beiden Fahrzeuge, \nwobei der 19-J\u00e4hrige leicht verletzt wurde. Am Toyota entstand \nTotalschaden; am Seat von mehr als 4000 Euro. <\/p>\n\n\n\n<p>Zum Unfallzeitpunkt  war die Ampelanlage in Betrieb, beide Unfallbeteiligen geben jedoch an  bei &#8222;gr\u00fcn&#8220; gefahren zu sein. Die Beamten des Polizeireviers Wiesloch  suchen in diesem Zusammenhang nach weiteren Zeugen des Unfalls. Diese  werden gebeten, sich unter 06222 57090 an die Unfallermittler zu wenden.  <\/p>\n\n\n\n<h4 class=\"wp-block-heading\">(St. Leon-Rot \/ Rhein-Neckar-Kreis) &#8211; Auffahrunf\u00e4lle auf der A 5 \/ Ein Beteiligter fl\u00fcchtet &#8211; Zeugen gesucht<\/h4>\n\n\n\n<p>Mehrere Auffahrunf\u00e4lle in Folge ereigneten sich am Sonntagnachmittag  auf der A 5 bei St. Leon-Rot. Dabei fl\u00fcchtete einer der Beteiligten von  der Unfallstelle. <\/p>\n\n\n\n<p>Eine 39-j\u00e4hrige Frau war gegen 15.30 Uhr mit \nihrem Mazda auf der rechten Fahrspur der A 5 in Richtung Frankfurt \nunterwegs. Zwischen der Anschlussstelle Kronau und dem Autobahnkreuz \nWalldorf bremste der vorausfahrende 64-j\u00e4hrige Skoda-Fahrer aufgrund \nstockenden Verkehrs sein Fahrzeug stark ab. Die 39-J\u00e4hrige konnte nicht \nmehr rechtzeitig bremsen und fuhr dem Skoda auf. In der Folge fuhr der \nunbekannte Fahrer eines SUV auf den Mazda und schlie\u00dflich eine \n58-j\u00e4hrige Golf-Fahrerin auf den SUV. Der Fahrer des SUV stieg kurz aus \nund begutachtete den Schaden, stieg anschlie\u00dfend aber wieder ein und \nfuhr einfach weiter. <\/p>\n\n\n\n<p>Alle Beteiligten kamen mit dem Schrecken \ndavon und blieben unverletzt. Der Mazda musste abgeschleppt werden. Nach\n ersten Sch\u00e4tzungen entstand Sachschaden von rund 8.000 Euro. <\/p>\n\n\n\n<p>W\u00e4hrend\n der Unfallaufnahmen war die rechte Fahrspur gesperrt. Nach Reinigung \nder Fahrbahn wegen ausgelaufener Betriebsstoffe konnte der Fahrstreifen \ngegen 17 Uhr wieder freigegeben werden. Es bildete sich ein R\u00fcckstau von\n bis zu 3 Kilometern L\u00e4nge. <\/p>\n\n\n\n<p>Zeugen, die auf den Unfall aufmerksam  geworden waren und sachdienliche Hinweise zum fl\u00fcchtigen Beteiligten  geben k\u00f6nnen, werden gebeten, sich beim Verkehrskommissariat Walldorf,  Tel.: 06227\/35826-0 zu melden. <\/p>\n\n\n\n<h4 class=\"wp-block-heading\">(Weinheim \/ Rhein-Neckar-Kreis) &#8211; Radfahrer kollidiert mit Stra\u00dfenbahn<\/h4>\n\n\n\n<p>Ein 80-j\u00e4hriger Fahrradfahrer wurde am Samstagmorgen bei einem  Zusammensto\u00df mit einer Stra\u00dfenbahn leicht verletzt. Der Senior war kurz  nach 9 Uhr mit seinem Fahrrad auf dem Radweg am Multring in Richtung  Cavaillonstra\u00dfe unterwegs. Am Ende des Radwegs setzte er seine Fahrt  verbotswidrig auf dem Gehweg fort. Am dortigen Bahn\u00fcbergang, der mit  Rotlicht und akustischem Signal eine herannahende Stra\u00dfenbahn  ank\u00fcndigte, versuchte er noch vor der Bahn die Gleise zu queren und  touchierte dabei die Stra\u00dfenbahn. In der weiteren Folge st\u00fcrzte er nach  rechts auf den Gehweg. Dabei zog er sich leichte Verletzungen zu. Eine  medizinische Versorgung seiner Verletzungen lehnte der 80-J\u00e4hrige ab. An  der Stra\u00dfenbahn entstand Sachschaden in H\u00f6he von rund 3.500 Euro. <\/p>\n\n\n\n<h4 class=\"wp-block-heading\">(Weinheim \/ Rhein-Neckar-Kreis \/ Lampertheim) &#8211; Kriminalpolizei nimmt &#8222;falschen Polizeibeamten&#8220; fest<\/h4>\n\n\n\n<figure class=\"wp-block-image\"><img decoding=\"async\" src=\"https:\/\/speyer24news.com\/wp-content\/uploads\/2019\/08\/Zelle.jpg\" alt=\"\" class=\"wp-image-18363\"\/><\/figure>\n\n\n\n<p>Einen Ermittlungserfolg hat die Kriminalinspektion 3 der Kriminalpolizeidirektion Heidelberg zu verbuchen. <\/p>\n\n\n\n<p>Wie\n vom Polizeipr\u00e4sidium S\u00fcdhessen mit polizeilicher Meldung berichtet, kam\n es in den Abendstunden des 19. Februar 2018 in Lampertheim zu einem \nTrickbetrug, bei dem sich ein Unbekannter als falscher Polizeibeamter \nausgab. Die gesch\u00e4digte Seniorin \u00fcbergab seinerzeit Bargeld und Schmuck \nim Wert von mehreren Tausend Euro an den angeblichen Polizisten. Die \nErmittlungen oblagen seinerzeit der Kriminalpolizei in Heppenheim. <\/p>\n\n\n\n<p>Auf\n der Grundlage neuer Erkenntnisse gelang es dann der Heidelberger \nKriminalpolizei, den damaligen T\u00e4ter zu identifizieren. In den fr\u00fchen \nMorgenstunden des 20. August vollzogen die Kriminalbeamten einen auf \nAntrag der Staatsanwaltschaft Mannheim erwirkten Durchsuchungs- und \nBeschlagnahmebeschluss. In einer Wohnung in Weinheim traf die Polizei \nnicht nur auf den 17-j\u00e4hrigen Beschuldigten, es wurde auch \nBeweismaterial sichergestellt. <\/p>\n\n\n\n<p>Die Ermittlungen der Kriminalpolizei dauern zum gegenw\u00e4rtigen Zeitpunkt an. <\/p>\n","protected":false},"excerpt":{"rendered":"<div class=\"mh-excerpt\"><p>Polizeimeldungen vom Montag (26.08.2019) (Speyer) &#8211; Unfall auf der B9 mit hohem Sachschaden und leichtverletzter Unfallverursacherin Zu inem Verkehrsunfall mit einem Sachschaden von ca. 42.500 EUR kam es am fr\u00fchen Montagmorgen gegen 01:50 Uhr auf <a class=\"mh-excerpt-more\" href=\"https:\/\/speyer24news.com\/?p=18352\" title=\"Polizei\">[&#8230;]<\/a><\/p>\n<\/div>","protected":false},"author":3,"featured_media":0,"comment_status":"open","ping_status":"open","sticky":false,"template":"","format":"standard","meta":{"_monsterinsights_skip_tracking":false,"_monsterinsights_sitenote_active":false,"_monsterinsights_sitenote_note":"","_monsterinsights_sitenote_category":0,"footnotes":""},"categories":[12],"tags":[61,2555,63,105,53,102,213,55,103,106,427,62,104,979,1565],"aioseo_notices":[],"amp_enabled":true,"_links":{"self":[{"href":"https:\/\/speyer24news.com\/index.php?rest_route=\/wp\/v2\/posts\/18352"}],"collection":[{"href":"https:\/\/speyer24news.com\/index.php?rest_route=\/wp\/v2\/posts"}],"about":[{"href":"https:\/\/speyer24news.com\/index.php?rest_route=\/wp\/v2\/types\/post"}],"author":[{"embeddable":true,"href":"https:\/\/speyer24news.com\/index.php?rest_route=\/wp\/v2\/users\/3"}],"replies":[{"embeddable":true,"href":"https:\/\/speyer24news.com\/index.php?rest_route=%2Fwp%2Fv2%2Fcomments&post=18352"}],"version-history":[{"count":4,"href":"https:\/\/speyer24news.com\/index.php?rest_route=\/wp\/v2\/posts\/18352\/revisions"}],"predecessor-version":[{"id":18364,"href":"https:\/\/speyer24news.com\/index.php?rest_route=\/wp\/v2\/posts\/18352\/revisions\/18364"}],"wp:attachment":[{"href":"https:\/\/speyer24news.com\/index.php?rest_route=%2Fwp%2Fv2%2Fmedia&parent=18352"}],"wp:term":[{"taxonomy":"category","embeddable":true,"href":"https:\/\/speyer24news.com\/index.php?rest_route=%2Fwp%2Fv2%2Fcategories&post=18352"},{"taxonomy":"post_tag","embeddable":true,"href":"https:\/\/speyer24news.com\/index.php?rest_route=%2Fwp%2Fv2%2Ftags&post=18352"}],"curies":[{"name":"wp","href":"https:\/\/api.w.org\/{rel}","templated":true}]}}