{"id":18356,"date":"2019-08-27T07:36:44","date_gmt":"2019-08-27T06:36:44","guid":{"rendered":"https:\/\/speyer24news.com\/?p=18356"},"modified":"2019-08-27T07:36:45","modified_gmt":"2019-08-27T06:36:45","slug":"vermisstensuche-oeffentlichkeitsfahndung-2","status":"publish","type":"post","link":"https:\/\/speyer24news.com\/?p=18356","title":{"rendered":"Vermisstensuche \/ \u00d6ffentlichkeitsfahndung:"},"content":{"rendered":"<style type=\"text\/css\">\r\n\t.ads_top_disp{}\r\n\t.ads_top_corner_disp{ float:left; margin:0px 10px 10px 0px; }\r\n\t.ads_first_p_disp{}\r\n\t.ads_bottom_disp{}\r\n\t<\/style>\n<h2 class=\"wp-block-heading\">19-J\u00e4hriger aus Mannheim vermisst \/ Polizei fahndet mit Lichtbild!<\/h2>\n\n\n\n<div class=\"wp-block-image\"><figure class=\"aligncenter\"><img decoding=\"async\" loading=\"lazy\" width=\"500\" height=\"680\" src=\"https:\/\/speyer24news.com\/wp-content\/uploads\/2019\/08\/Rafiq-A..jpg\" alt=\"\" class=\"wp-image-18357\" srcset=\"https:\/\/speyer24news.com\/wp-content\/uploads\/2019\/08\/Rafiq-A..jpg 500w, https:\/\/speyer24news.com\/wp-content\/uploads\/2019\/08\/Rafiq-A.-221x300.jpg 221w\" sizes=\"(max-width: 500px) 100vw, 500px\" \/><\/figure><\/div>\n\n\n\n<p><strong>(Mannheim) &#8211; <\/strong>Seit dem 21.08.2019 gilt Rafiq A. aus Mannheim als vermisst. Der  19-J\u00e4hrige verlie\u00df am fr\u00fchen Mittwochmorgen um 4 Uhr die Wohnanschrift  seiner Familie und kehrte seitdem nicht wieder zur\u00fcck. <\/p>\n\n\n\n<p>Hinweise \nauf seinen Aufenthaltsort sind nicht bekannt. Das Kriminalkommissariat \nMannheim hat die Ermittlungen zum Aufenthalt des Heranwachsenden \naufgenommen und bereits umfangreiche Ma\u00dfnahmen getroffen, die jedoch \nbislang nicht zum Auffinden des Vermissten gef\u00fchrt haben. <\/p>\n\n\n\n<h4 class=\"wp-block-heading\">Rafiq  A. kann wie folgt beschrieben werden: <\/h4>\n\n\n\n<ul><li>m\u00e4nnlich<\/li><li>1,77 m gro\u00df<\/li><li>schlanke  Figur<\/li><li>s\u00fcdeurop\u00e4isches Erscheinungsbild<\/li><li>kurze schwarze Haare<\/li><li>braune  Augen<\/li><li>flaumiger Oberlippenbart<\/li><li>spricht Hochdeutsch und ist der englischen und arabischen Sprache m\u00e4chtig<\/li><li>tr\u00e4gt vermutlich eine gr\u00fcne Stoffjacke. <\/li><\/ul>\n\n\n\n<p>Das\n Verhalten des Vermissten ist nach bisherigen Erkenntnissen als \nungew\u00f6hnlich zu betrachten. Der Vermisste k\u00f6nnte sich in einer hilflosen\n Lage befinden, weshalb eine Eigengef\u00e4hrdung und somit Gefahr f\u00fcr Leib- \nund Leben des Heranwachsenden besteht. <\/p>\n\n\n\n<p>Zeugen, die Hinweise zum  Aufenthaltsort von Rafiq A. geben k\u00f6nnen, werden gebeten, sich mit den  Beamten der Kriminalpolizei unter 0621 174-4444 in Verbindung zu setzen.  Hinweise werden zudem jederzeit unter dem polizeilichen Notruf 110 und  bei jeder Polizeidienststelle entgegen genommen. <\/p>\n\n\n\n<p><em>Polizeipr\u00e4sidium Mannheim<br>27.08.2019<\/em><\/p>\n\n\n<p><!--EndFragment--><br \/><br \/><\/p>","protected":false},"excerpt":{"rendered":"<div class=\"mh-excerpt\"><p>19-J\u00e4hriger aus Mannheim vermisst \/ Polizei fahndet mit Lichtbild! (Mannheim) &#8211; Seit dem 21.08.2019 gilt Rafiq A. aus Mannheim als vermisst. Der 19-J\u00e4hrige verlie\u00df am fr\u00fchen Mittwochmorgen um 4 Uhr die Wohnanschrift seiner Familie und <a class=\"mh-excerpt-more\" href=\"https:\/\/speyer24news.com\/?p=18356\" title=\"Vermisstensuche \/ \u00d6ffentlichkeitsfahndung:\">[&#8230;]<\/a><\/p>\n<\/div>","protected":false},"author":3,"featured_media":0,"comment_status":"open","ping_status":"open","sticky":false,"template":"","format":"standard","meta":{"_monsterinsights_skip_tracking":false,"_monsterinsights_sitenote_active":false,"_monsterinsights_sitenote_note":"","_monsterinsights_sitenote_category":0,"footnotes":""},"categories":[12],"tags":[2976,56,2388,1117,619,618],"aioseo_notices":[],"amp_enabled":true,"_links":{"self":[{"href":"https:\/\/speyer24news.com\/index.php?rest_route=\/wp\/v2\/posts\/18356"}],"collection":[{"href":"https:\/\/speyer24news.com\/index.php?rest_route=\/wp\/v2\/posts"}],"about":[{"href":"https:\/\/speyer24news.com\/index.php?rest_route=\/wp\/v2\/types\/post"}],"author":[{"embeddable":true,"href":"https:\/\/speyer24news.com\/index.php?rest_route=\/wp\/v2\/users\/3"}],"replies":[{"embeddable":true,"href":"https:\/\/speyer24news.com\/index.php?rest_route=%2Fwp%2Fv2%2Fcomments&post=18356"}],"version-history":[{"count":1,"href":"https:\/\/speyer24news.com\/index.php?rest_route=\/wp\/v2\/posts\/18356\/revisions"}],"predecessor-version":[{"id":18358,"href":"https:\/\/speyer24news.com\/index.php?rest_route=\/wp\/v2\/posts\/18356\/revisions\/18358"}],"wp:attachment":[{"href":"https:\/\/speyer24news.com\/index.php?rest_route=%2Fwp%2Fv2%2Fmedia&parent=18356"}],"wp:term":[{"taxonomy":"category","embeddable":true,"href":"https:\/\/speyer24news.com\/index.php?rest_route=%2Fwp%2Fv2%2Fcategories&post=18356"},{"taxonomy":"post_tag","embeddable":true,"href":"https:\/\/speyer24news.com\/index.php?rest_route=%2Fwp%2Fv2%2Ftags&post=18356"}],"curies":[{"name":"wp","href":"https:\/\/api.w.org\/{rel}","templated":true}]}}