{"id":18390,"date":"2019-08-27T10:57:11","date_gmt":"2019-08-27T09:57:11","guid":{"rendered":"https:\/\/speyer24news.com\/?p=18390"},"modified":"2019-08-27T10:57:12","modified_gmt":"2019-08-27T09:57:12","slug":"veranstaltungen-senioren-innen","status":"publish","type":"post","link":"https:\/\/speyer24news.com\/?p=18390","title":{"rendered":"Veranstaltungen \/ Senioren\/innen:"},"content":{"rendered":"<style type=\"text\/css\">\r\n\t.ads_top_disp{}\r\n\t.ads_top_corner_disp{ float:left; margin:0px 10px 10px 0px; }\r\n\t.ads_first_p_disp{}\r\n\t.ads_bottom_disp{}\r\n\t<\/style>\n<figure class=\"wp-block-image\"><img decoding=\"async\" loading=\"lazy\" width=\"800\" height=\"322\" src=\"https:\/\/speyer24news.com\/wp-content\/uploads\/2019\/08\/Radeln-ohne-Alter-Logo.png\" alt=\"\" class=\"wp-image-18393\" srcset=\"https:\/\/speyer24news.com\/wp-content\/uploads\/2019\/08\/Radeln-ohne-Alter-Logo.png 800w, https:\/\/speyer24news.com\/wp-content\/uploads\/2019\/08\/Radeln-ohne-Alter-Logo-300x121.png 300w, https:\/\/speyer24news.com\/wp-content\/uploads\/2019\/08\/Radeln-ohne-Alter-Logo-768x309.png 768w\" sizes=\"(max-width: 800px) 100vw, 800px\" \/><\/figure>\n\n\n\n<h2 class=\"wp-block-heading\">Radeln ohne Alter Bonn e.V. erneut auf Deutschlandtour<\/h2>\n\n\n\n<h3 class=\"wp-block-heading\">40 ehrenamtliche Piloten radeln mit Rikschas vom Bodensee nach Bonn f\u00fcr \u201edas Recht auf Wind in den Haaren\u201c<\/h3>\n\n\n\n<h4 class=\"wp-block-heading\">Halt in Speyer am 11.09.2019 zw. 13.15 Uhr und 14:30 Uhr am Seniorenstift B\u00fcrgerhospital Speyer im Mausbergweg<\/h4>\n\n\n\n<div class=\"wp-block-image\"><figure class=\"aligncenter\"><img decoding=\"async\" loading=\"lazy\" width=\"800\" height=\"581\" src=\"https:\/\/speyer24news.com\/wp-content\/uploads\/2019\/08\/Bild-1-RoA.jpeg\" alt=\"\" class=\"wp-image-18394\" srcset=\"https:\/\/speyer24news.com\/wp-content\/uploads\/2019\/08\/Bild-1-RoA.jpeg 800w, https:\/\/speyer24news.com\/wp-content\/uploads\/2019\/08\/Bild-1-RoA-300x218.jpeg 300w, https:\/\/speyer24news.com\/wp-content\/uploads\/2019\/08\/Bild-1-RoA-768x558.jpeg 768w\" sizes=\"(max-width: 800px) 100vw, 800px\" \/><\/figure><\/div>\n\n\n\n<p><strong>Bonn \/ Speyer &#8211; <\/strong>Unter dem Motto \u201eBesondere Momente am Rhein\u201c startet am 24.08.2019 die diesj\u00e4hrige Deutschlandtour des Vereins Radeln ohne Alter Bonn e.V. von Konstanz nach Bonn. Das Motto ist dem Welt-Alzheimer-Tag gewidmet, an welchem die Tour mit einem gro\u00dfen Finale in Bonn am 21.09.2019 enden wird. 40 ehrenamtliche Piloten werden abwechselnd mit f\u00fcnf Rikschas vom Bodensee entlang des Rheins nach Bonn radeln und dabei f\u00fcr die Initiative \u201eRadeln ohne Alter\u201c werben. Die Tour wird auch in diesem Jahr wieder unterst\u00fctzt von der Deutschen Fernsehlotterie.<\/p>\n\n\n\n<p>Vier Wochen, vierzig Radfahrer, f\u00fcnf Rikschas und eine Strecke von ca. 840 km &#8211; kein schr\u00e4ger Ausflug von Fahrrad-Enthusiasten, sondern eine \u00f6ffentlichkeitswirksame Methode, um auf die mangelnde Teilhabe immobiler Senioren aufmerksam zu machen.<\/p>\n\n\n\n<p>Auf dem Weg entlang des Rheins werden verschiedene Senioreneinrichtungen in ausgew\u00e4hlten St\u00e4dten besucht und mit den dortigen Bewohnern Ausfahrten unternommen. Auf diese Weise wird das Konzept \u201eRadeln ohne Alter\u201c weiterverbreitet sowie die Freude, die die Initiative den Senioren bringt, quer durch das Land getragen. Die Strecke streift zudem die Nachbarl\u00e4nder \u00d6sterreich, Schweiz und Frankreich. Hier wie auch in Deutschland sind Treffen und aktiver Austausch mit ans\u00e4ssigen Ortsverb\u00e4nden geplant.<\/p>\n\n\n\n<p>Die Tour ist praktizierte ehrenamtliche Altenhilfe und das nicht nur am Standort von Radeln ohne Alter Bonn e.V. im Rheinland, sondern auf einer Strecke quer durch Deutschland. Senioreneinrichtungen entlang der Strecke wird der Anreiz gegeben, die Gr\u00fcndung von derartigen eigenen Initiativen in Angriff zu nehmen. Durch Aktionstage und die Pr\u00e4sentation durch lokale Repr\u00e4sentanten und Medien wird zudem eine breite \u00d6ffentlichkeit auf das Projekt aufmerksam gemacht.<\/p>\n\n\n\n<div class=\"wp-block-image\"><figure class=\"aligncenter\"><img decoding=\"async\" loading=\"lazy\" width=\"800\" height=\"533\" src=\"https:\/\/speyer24news.com\/wp-content\/uploads\/2019\/08\/s2090_0144-1.jpg\" alt=\"\" class=\"wp-image-18395\" srcset=\"https:\/\/speyer24news.com\/wp-content\/uploads\/2019\/08\/s2090_0144-1.jpg 800w, https:\/\/speyer24news.com\/wp-content\/uploads\/2019\/08\/s2090_0144-1-300x200.jpg 300w, https:\/\/speyer24news.com\/wp-content\/uploads\/2019\/08\/s2090_0144-1-768x512.jpg 768w\" sizes=\"(max-width: 800px) 100vw, 800px\" \/><\/figure><\/div>\n\n\n\n<p>Das Datum, an welchem die Radler nach vier Wochen in Bonn einfahren, ist bewusst gew\u00e4hlt: Der <strong>21.09.2019 ist Welt-Alzheimer-Tag<\/strong>. Und da auch ein Teil der Senioren von dieser Krankheit betroffen sind, m\u00f6chte Radeln ohne Alter Bonn die Tour auch zum Anlass nehmen, auf diese Krankheit aufmerksam zu machen.<\/p>\n\n\n\n<p>Die Tour unter dem Motto \u201cBesondere Momente entlang des Rheins\u201c ist f\u00fcr die Mitfahrenden ein Highlight, das in guter Erinnerung bleibt. Aber auch f\u00fcr AlzheimerPatienten etwas Wohltuendes, da diese bei unseren Fahrten Zuwendung und Wertsch\u00e4tzung erfahren und die Fahrten hoffentlich den Krankheitsverlauf positiv beeinflussen.<\/p>\n\n\n\n<p>Am Finaltag werden die Radelnden mit einem Sommerfest in Empfang genommen. Gefeiert wird im Seniorenzentrum Haus Rosental in Bonn. Hier werden seit 2018 Rikscha-Ausfahrten f\u00fcr Senioren von Radeln ohne Alter angeboten.<\/p>\n\n\n\n<h4 class=\"wp-block-heading\">Spenden<\/h4>\n\n\n\n<div class=\"wp-block-image\"><figure class=\"aligncenter\"><img decoding=\"async\" loading=\"lazy\" width=\"800\" height=\"314\" src=\"https:\/\/speyer24news.com\/wp-content\/uploads\/2019\/08\/Deutsche-Fernsehlotterie.png\" alt=\"\" class=\"wp-image-18396\" srcset=\"https:\/\/speyer24news.com\/wp-content\/uploads\/2019\/08\/Deutsche-Fernsehlotterie.png 800w, https:\/\/speyer24news.com\/wp-content\/uploads\/2019\/08\/Deutsche-Fernsehlotterie-300x118.png 300w, https:\/\/speyer24news.com\/wp-content\/uploads\/2019\/08\/Deutsche-Fernsehlotterie-768x301.png 768w\" sizes=\"(max-width: 800px) 100vw, 800px\" \/><\/figure><\/div>\n\n\n\n<p>Auch in diesem Jahr ist der gr\u00f6\u00dfte Unterst\u00fctzer der Deutschlandtour die <strong>Deutsche Fernsehlotterie<\/strong>. \u201eBei der Deutschlandtour geht es darum, Grenzen zu \u00fcberwinden \u2013 regionale Grenzen, aber auch Altersgrenzen. Radeln ohne Alter zeigt ganz klar: Nur indem wir aufeinander zugehen und einander helfen, kann ein solidarisches Miteinander entstehen. Daf\u00fcr setzen wir uns als Soziallotterie auch mit unseren Projektf\u00f6rderungen ein, die durch die Hilfe unserer Mitspielerinnen und Mitspieler m\u00f6glich sind. Daher freut es uns umso mehr, dass die Tour auch an von uns gef\u00f6rderten Einrichtungen Halt macht\u201c, sagt Christian Kipper, Gesch\u00e4ftsf\u00fchrer der Deutschen Fernsehlotterie und der Stiftung Deutsches Hilfswerk (<a href=\"http:\/\/www.fernsehlotterie.de\">www.fernsehlotterie.de<\/a>). <\/p>\n\n\n\n<p>Damit ist ein Gro\u00dfteil der Tourkosten gedeckelt. Neben Unterkunft und Verpflegung der Radelnden, die z.T. von den Fahrern selbst \u00fcbernommen werden, sind vor allem der Transport der Rikschas zum Ausgangspunkt, das Begleitfahrzeug sowie Werbematerial f\u00fcr die Aktionstage unterwegs abgesichert.<\/p>\n\n\n\n<p><strong>Wer die Tour noch unterst\u00fctzen m\u00f6chte, kann dies gern mit einem Betrag auf folgendes Konto: <\/strong><\/p>\n\n\n\n<ul><li>Kontoinhaber: Radeln ohne Alter Bonn e.V. <\/li><li>Kreditinstitut: Volksbank Bonn-Rhein-Sieg <\/li><li>IBAN: DE03 3806 0186 2007 7170 19 <\/li><li>BIC: GENODED1BRS <\/li><li>Betreff: Deutschlandtour 2019<\/li><\/ul>\n\n\n\n<p><strong>N\u00e4here Infos zum Welt-Alzheimer-Tag<\/strong>: <a href=\"https:\/\/www.deutsche-alzheimer.de\/termine\/welt-alzheimertag.html\">https:\/\/www.deutsche-alzheimer.de\/termine\/welt-alzheimertag.html<\/a> <\/p>\n\n\n\n<p><strong>Der genaue Streckenverlauf sowie n\u00e4here Informationen zur Tour:<\/strong> <a href=\"https:\/\/radelnohnealter.de\/deutschlandtour\/roabodenseebonn\/\">https:\/\/radelnohnealter.de\/deutschlandtour\/roabodenseebonn\/<\/a><\/p>\n\n\n\n<h3 class=\"wp-block-heading\">Der Verein Radeln ohne Alter Bonn e.V. und dessen Hintergrund <\/h3>\n\n\n\n<p>Der gemeinn\u00fctzige Verein wurde 2017 von neun jungen Bonnerinnen und Bonnern gegr\u00fcndet und hat aktuell \u00fcber 150 Mitglieder, darunter 60 Pilotinnen und Piloten. Sie unternehmen ehrenamtlich Rikscha-Fahrten mit Bewohnerinnen und Bewohnern von Senioren- und Pflegeeinrichtungen in Bonn. Ziel und Philosophie des Vereins ist es, \u00e4lteren Menschen Zeit und Mobilit\u00e4t zu schenken, B\u00fcrgerinnen und B\u00fcrger miteinander zu vernetzen, voneinander zu lernen und gemeinsam die Stadt Bonn neu zu entdecken.<\/p>\n\n\n\n<p>\u201cCycling without age\u201d wurde 2012 von Ole Kassow in Kopenhagen (D\u00e4nemark) ins Leben gerufen und hat sich seitdem zu einer weltweiten Initiative entwickelt: In mittlerweile fast 40 L\u00e4ndern werden innerhalb des Netzwerks Rikscha-Fahrten f\u00fcr Menschen im Alter sowie Menschen mit eingeschr\u00e4nkter Mobilit\u00e4t angeboten.<\/p>\n\n\n\n<p><a href=\"http:\/\/www.radelnohnealter.de\/bonn\">http:\/\/www.radelnohnealter.de\/bonn<\/a> <\/p>\n\n\n\n<p><a href=\"https:\/\/twitter.com\/roa_bonn\">https:\/\/twitter.com\/roa_bonn<\/a> <\/p>\n\n\n\n<p><a href=\"https:\/\/www.facebook.com\/RoABonn\/\">https:\/\/www.facebook.com\/RoABonn\/<\/a> <\/p>\n\n\n\n<p><a href=\"https:\/\/www.instagram.com\/roa_bonn\/\">https:\/\/www.instagram.com\/roa_bonn\/<\/a><\/p>\n\n\n\n<h3 class=\"wp-block-heading\">Lesen sie hier die Einladung zum Zwischenstopp in Speyer als pdf:<\/h3>\n\n\n\n<div class=\"wp-block-file\"><a href=\"https:\/\/speyer24news.com\/wp-content\/uploads\/2019\/08\/Einladung-zur-Inforunde-am-11.9.-im-AH-am-Mausbergweg.pdf\">Einladung-zur-Inforunde-am-11.9.-im-AH-am-Mausbergweg<\/a><a href=\"https:\/\/speyer24news.com\/wp-content\/uploads\/2019\/08\/Einladung-zur-Inforunde-am-11.9.-im-AH-am-Mausbergweg.pdf\" class=\"wp-block-file__button\" download>Herunterladen<\/a><\/div>\n\n\n\n<h3 class=\"wp-block-heading\">Lesen sie hier \u00fcber das Projekt &#8222;Radeln ohne Alter&#8220; als pdf:<\/h3>\n\n\n\n<div class=\"wp-block-file\"><a href=\"https:\/\/speyer24news.com\/wp-content\/uploads\/2019\/08\/ROA-Flyer_Piloten.pdf\">ROA-Flyer_Piloten<\/a><a href=\"https:\/\/speyer24news.com\/wp-content\/uploads\/2019\/08\/ROA-Flyer_Piloten.pdf\" class=\"wp-block-file__button\" download>Herunterladen<\/a><\/div>\n\n\n\n<p><em>Radeln ohne Alter e.V.<br>27.08.2019<\/em><\/p>\n","protected":false},"excerpt":{"rendered":"<div class=\"mh-excerpt\"><p>Radeln ohne Alter Bonn e.V. erneut auf Deutschlandtour 40 ehrenamtliche Piloten radeln mit Rikschas vom Bodensee nach Bonn f\u00fcr \u201edas Recht auf Wind in den Haaren\u201c Halt in Speyer am 11.09.2019 zw. 13.15 Uhr und <a class=\"mh-excerpt-more\" href=\"https:\/\/speyer24news.com\/?p=18390\" title=\"Veranstaltungen \/ Senioren\/innen:\">[&#8230;]<\/a><\/p>\n<\/div>","protected":false},"author":3,"featured_media":0,"comment_status":"open","ping_status":"open","sticky":false,"template":"","format":"standard","meta":{"_monsterinsights_skip_tracking":false,"_monsterinsights_sitenote_active":false,"_monsterinsights_sitenote_note":"","_monsterinsights_sitenote_category":0,"footnotes":""},"categories":[13],"tags":[3012,3009,216,3008,3011,358,3010,1550,6,3007],"aioseo_notices":[],"amp_enabled":true,"_links":{"self":[{"href":"https:\/\/speyer24news.com\/index.php?rest_route=\/wp\/v2\/posts\/18390"}],"collection":[{"href":"https:\/\/speyer24news.com\/index.php?rest_route=\/wp\/v2\/posts"}],"about":[{"href":"https:\/\/speyer24news.com\/index.php?rest_route=\/wp\/v2\/types\/post"}],"author":[{"embeddable":true,"href":"https:\/\/speyer24news.com\/index.php?rest_route=\/wp\/v2\/users\/3"}],"replies":[{"embeddable":true,"href":"https:\/\/speyer24news.com\/index.php?rest_route=%2Fwp%2Fv2%2Fcomments&post=18390"}],"version-history":[{"count":1,"href":"https:\/\/speyer24news.com\/index.php?rest_route=\/wp\/v2\/posts\/18390\/revisions"}],"predecessor-version":[{"id":18397,"href":"https:\/\/speyer24news.com\/index.php?rest_route=\/wp\/v2\/posts\/18390\/revisions\/18397"}],"wp:attachment":[{"href":"https:\/\/speyer24news.com\/index.php?rest_route=%2Fwp%2Fv2%2Fmedia&parent=18390"}],"wp:term":[{"taxonomy":"category","embeddable":true,"href":"https:\/\/speyer24news.com\/index.php?rest_route=%2Fwp%2Fv2%2Fcategories&post=18390"},{"taxonomy":"post_tag","embeddable":true,"href":"https:\/\/speyer24news.com\/index.php?rest_route=%2Fwp%2Fv2%2Ftags&post=18390"}],"curies":[{"name":"wp","href":"https:\/\/api.w.org\/{rel}","templated":true}]}}