{"id":18398,"date":"2019-08-27T11:16:23","date_gmt":"2019-08-27T10:16:23","guid":{"rendered":"https:\/\/speyer24news.com\/?p=18398"},"modified":"2019-08-27T11:18:35","modified_gmt":"2019-08-27T10:18:35","slug":"speyer-aktuell-8","status":"publish","type":"post","link":"https:\/\/speyer24news.com\/?p=18398","title":{"rendered":"Speyer Aktuell:"},"content":{"rendered":"<style type=\"text\/css\">\r\n\t.ads_top_disp{}\r\n\t.ads_top_corner_disp{ float:left; margin:0px 10px 10px 0px; }\r\n\t.ads_first_p_disp{}\r\n\t.ads_bottom_disp{}\r\n\t<\/style>\n<h2 class=\"wp-block-heading\"><strong>Baumf\u00e4llung im Domgarten<\/strong><\/h2>\n\n\n\n<div class=\"wp-block-image\"><figure class=\"aligncenter\"><img decoding=\"async\" loading=\"lazy\" width=\"500\" height=\"500\" src=\"https:\/\/speyer24news.com\/wp-content\/uploads\/2019\/08\/IMG-20190725-WA0008.jpg\" alt=\"\" class=\"wp-image-18402\" srcset=\"https:\/\/speyer24news.com\/wp-content\/uploads\/2019\/08\/IMG-20190725-WA0008.jpg 500w, https:\/\/speyer24news.com\/wp-content\/uploads\/2019\/08\/IMG-20190725-WA0008-150x150.jpg 150w, https:\/\/speyer24news.com\/wp-content\/uploads\/2019\/08\/IMG-20190725-WA0008-300x300.jpg 300w\" sizes=\"(max-width: 500px) 100vw, 500px\" \/><\/figure><\/div>\n\n\n\n<p>Die  Stadtverwaltung weist darauf hin, dass am morgigen <strong>Mittwoch,  28.08.2019<\/strong>, ein Bergahorn im Domgarten gef\u00e4llt werden muss, der von der Ru\u00dfrindenkrankheit befallen ist. <\/p>\n\n\n\n<div class=\"wp-block-image\"><figure class=\"aligncenter\"><img decoding=\"async\" loading=\"lazy\" width=\"500\" height=\"667\" src=\"https:\/\/speyer24news.com\/wp-content\/uploads\/2019\/08\/IMG-20190725-WA0003.jpg\" alt=\"\" class=\"wp-image-18403\" srcset=\"https:\/\/speyer24news.com\/wp-content\/uploads\/2019\/08\/IMG-20190725-WA0003.jpg 500w, https:\/\/speyer24news.com\/wp-content\/uploads\/2019\/08\/IMG-20190725-WA0003-225x300.jpg 225w\" sizes=\"(max-width: 500px) 100vw, 500px\" \/><\/figure><\/div>\n\n\n\n<p>Der Pilz ist nicht nur f\u00fcr die Ahornb\u00e4ume sehr aggressiv, sondern kann auch beim Menschen gesundheitliche Beschwerden hervorrufen. <\/p>\n\n\n\n<p>Um zu verhindern, dass sich die Krankheit weiter ausbreitet, ist eine F\u00e4llung unumg\u00e4nglich.<\/p>\n\n\n\n<p><em>Stadt Speyer<br>27.08.2019<\/em><\/p>\n\n\n\n<h2 class=\"wp-block-heading\"><strong>J\u00fcdisches Erbe f\u00fcr die Welt<\/strong><\/h2>\n\n\n\n<div class=\"wp-block-image\"><figure class=\"aligncenter\"><img decoding=\"async\" loading=\"lazy\" width=\"500\" height=\"716\" src=\"https:\/\/speyer24news.com\/wp-content\/uploads\/2019\/08\/DSC08055.jpg\" alt=\"\" class=\"wp-image-18401\" srcset=\"https:\/\/speyer24news.com\/wp-content\/uploads\/2019\/08\/DSC08055.jpg 500w, https:\/\/speyer24news.com\/wp-content\/uploads\/2019\/08\/DSC08055-209x300.jpg 209w\" sizes=\"(max-width: 500px) 100vw, 500px\" \/><\/figure><\/div>\n\n\n\n<p>Am  \u201eEurop\u00e4ischen Tag der j\u00fcdischen Kultur\u201c am kommenden Sonntag,  <strong>01.09.2019<\/strong> steht Speyer ganz im Zeichen der SchUM-St\u00e4dte und des  gemeinsamen Strebens von Speyer, Worms und Mainz auf Anerkennung ihrer  j\u00fcdischen St\u00e4tten als UNESCO-Weltkulturerbe. Mit der Er\u00f6ffnung der  Ausstellung \u201eJ\u00fcdische Lebenswelten in Deutschland heute\u201c und der  Mitmach-Aktion \u201eFilm ab! Sie f\u00fcr SchUM\u201c wird die Thematik  f\u00fcr alle B\u00fcrger*innen erlebbar gemacht.<\/p>\n\n\n\n<p>Um\n 12:30 Uhr wird Oberb\u00fcrgermeisterin Stefanie Seiler gemeinsam mit \nBernhard Kukatzki, Direktor der Landeszentrale f\u00fcr politische\n Bildung Rheinland-Pfalz, im Historischen Ratssaal die Wanderausstellung\n \u201eJ\u00fcdische Lebenswelten in Deutschland heute\u201c er\u00f6ffnen. Die im Rahmen \ndes Bundesprogramms \u201eDemokratie leben!\u201c entwickelte und vom \nBundesministerium f\u00fcr Familie, Senioren, Frauen und Jugend\n gef\u00f6rderte Ausstellung vermittelt anhand von Biografien die Vielfalt \nj\u00fcdischen Lebens in Deutschland in der Gegenwart. Erg\u00e4nzende \nGeschichtstafeln betten die Lebensgeschichten in den Kontext der fast \n2000-j\u00e4hrigen Geschichte der Juden in Deutschland ein.\n<\/p>\n\n\n\n<p>Umrahmt\n wird die Ausstellungser\u00f6ffnung von einem Vortrag von Dr. Esther Graf \nvon der Agentur f\u00fcr J\u00fcdische Kultur mit dem Titel \u201eWie\n lebt es sich als Jude in Deutschland heute?\u201c. Amnon Seelig, Kantor der \nJ\u00fcdischen Gemeinde Mannheim, wird die Veranstaltung musikalisch \nbegleiten.\n<\/p>\n\n\n\n<p>Die  Ausstellung wird am Er\u00f6ffnungstag im Historischen Ratssaal gezeigt und  ist danach bis zum 01.12.2019 im Museum SchPIRA in der  Kleinen Pfaffengasse 20 w\u00e4hrend der \u00fcblichen \u00d6ffnungszeiten zu sehen.<\/p>\n\n\n\n<p>Dar\u00fcber hinaus haben alle Interessierten am 1. September zwischen 11 und  16 Uhr im Judenhof die Gelegenheit, selbst \u201eSchUM-Botschafter\u201c zu  werden. Im Rahmen der Aktion \u201eFilm ab! Sie f\u00fcr SchUM!\u201c k\u00f6nnen  Besucher*innen im sogenannten \u201ePop-Up-Chair\u201c Platz nehmen  und erz\u00e4hlen, warum sie pers\u00f6nlich die Bewerbung der SchUM-St\u00e4tten um  den Status als UNESCO-Weltkulturerbe unterst\u00fctzen. Die Vota werden  gefilmt und anschlie\u00dfend auf der Website der SchUM-St\u00e4dte (<a rel=\"noreferrer noopener\" href=\"https:\/\/deref-web-02.de\/mail\/client\/vd4AAa97f7E\/dereferrer\/?redirectUrl=http%3A%2F%2Fwww.schumstaedte.de\" target=\"_blank\">www.schumstaedte.de<\/a>)  und auf dem Youtube-Kanal des SchUM-St\u00e4dte e.V. zu sehen sein. Der  Eintritt in den Judenhof ist in dieser Zeit kostenfrei m\u00f6glich.<\/p>\n\n\n\n<p>Der  \u201eEurop\u00e4ische Tag der j\u00fcdischen Kultur\u201c wird von der \u201eEuropean  Association for the Preservation and Promotion of Jewish Culture  and Heritage\u201c koordiniert. Kooperationspartner sind an diesem Tag der  SchUM-St\u00e4dte e.V., die Stadt Speyer und der Verkehrsverein Speyer.<\/p>\n\n\n\n<p><em>Text: Stadt Speyer Foto: Speyer 24\/7 News<br>27.08.2019<\/em><\/p>\n\n\n\n<h2 class=\"wp-block-heading\"><strong>Circlesingen an der Musikschule<\/strong><\/h2>\n\n\n\n<div class=\"wp-block-image\"><figure class=\"aligncenter\"><img decoding=\"async\" loading=\"lazy\" width=\"640\" height=\"388\" src=\"https:\/\/speyer24news.com\/wp-content\/uploads\/2019\/08\/MS.jpg\" alt=\"\" class=\"wp-image-18400\" srcset=\"https:\/\/speyer24news.com\/wp-content\/uploads\/2019\/08\/MS.jpg 640w, https:\/\/speyer24news.com\/wp-content\/uploads\/2019\/08\/MS-300x182.jpg 300w\" sizes=\"(max-width: 640px) 100vw, 640px\" \/><\/figure><\/div>\n\n\n\n<p>Zu  einem weiteren \u00f6ffentlichen Circlesingen l\u00e4dt die Musikschule der Stadt  Speyer am kommenden <strong>Montag, 2. September 2019<\/strong>, 19:30 Uhr  in die Ged\u00e4chtniskirche ein. Bei dieser Form des gemeinschaftlichen  Singens erleben die Teilnehmer die musikalische Begegnung in einem  sicheren und gef\u00fchrten Rahmen, der aber trotzdem die Freiheit gibt, der  eigenen Intuition zu vertrauen. Rhythmus und Polyrhythmus,  Melodie und Harmonie, Chorklang und Solo bilden ebenso Elemente wie  auch die geteilte Stille und das Eintauchen in den Moment. Die Leitung  hat Jutta Brandl, Treffpunkt ist um 19:20 Uhr vor der Kirche auf dem  Bartholom\u00e4us-Weltz-Platz 5. Das Angebot ist unverbindlich  und kostenfrei. Interessenten melden sich direkt bei der Leiterin unter  der E-Mail-Adresse: <a rel=\"noreferrer noopener\" href=\"mailto:info@juttabrandl.de\" target=\"_blank\">info@juttabrandl.de<\/a>. <\/p>\n\n\n\n<p>Zwei  Tage sp\u00e4ter, am <strong>4. September 2019<\/strong> startet dann ein neuer  Circlesinging-Kurs an der Musikschule der Stadt Speyer. In zehn  Unterrichtsstunden  werden den Teilnehmer*innen sorgf\u00e4ltig ausgew\u00e4hlte Lieder aus aller  Welt in ihrer nat\u00fcrlichsten Form vermittelt, n\u00e4mlich durch Vor- und  Nachsingen. Im Repertoire finden sich dabei sowohl einstimmige als auch  mehrstimmige Lieder, Songs und Kanons. Vorkenntnisse  sind nicht erforderlich. Die Kosten f\u00fcr zehn Kursstunden belaufen sich  auf insgesamt 85 \u20ac. Die Anmeldung erfolgt \u00fcber die Musikschule der Stadt  Speyer unter <a rel=\"noreferrer noopener\" href=\"https:\/\/deref-web-02.de\/mail\/client\/5RaOOa2ED2E\/dereferrer\/?redirectUrl=http%3A%2F%2Fwww.speyer.de\" target=\"_blank\">www.speyer.de<\/a>, per E-Mail an <a rel=\"noreferrer noopener\" href=\"mailto:musikschule@stadt-speyer.de\" target=\"_blank\">musikschule@stadt-speyer.de<\/a> oder telefonisch unter 06232-141340.<\/p>\n\n\n\n<p><em>Stadt Speyer<br>27.08.2019<\/em><\/p>\n\n\n\n<h2 class=\"wp-block-heading\"><strong>Noch wenige Pl\u00e4tze frei bei Aktionen\nder <\/strong><strong>Jugendf\u00f6rderung Speyer f\u00fcr 11-18-J\u00e4hrige<\/strong><\/h2>\n\n\n\n<div class=\"wp-block-image\"><figure class=\"aligncenter\"><img decoding=\"async\" src=\"https:\/\/speyer24news.com\/wp-content\/uploads\/2019\/08\/J\u00fcFo-SP-Logo.png\" alt=\"\" class=\"wp-image-18399\"\/><\/figure><\/div>\n\n\n\n<p>Die Jugendf\u00f6rderung Speyer\nbietet verschiedene Aktionen f\u00fcr 11-18-J\u00e4hrige an. Bei einigen Ausfl\u00fcgen sind\nnoch Pl\u00e4tze frei.<\/p>\n\n\n\n<p>F\u00fcr beide \u201e<strong>Online-N\u00e4chte<\/strong>\u201c sind noch einige Restpl\u00e4tz frei. Also beeilt euch und sichert euch einen der letzten Pl\u00e4tze. Die erste \u201eOnline-Nacht\u201c findet vom <strong>27. \u2013 28. September<\/strong> und die zweite findet am <strong>11. \u2013 12. Oktober<\/strong> statt und ist f\u00fcr Jugendliche von 12 &#8211; 18 Jahren. Die Teilnahmegeb\u00fchr betr\u00e4gt 12 Euro.<\/p>\n\n\n\n<p>Beim <strong>Upcycling Day<\/strong> basteln wir gemeinsam mit den unterschiedlichsten Materialien. Schon mal eine Handyh\u00fclle aus einer alten Krawatte oder Jeans gebastelt. Oder einen Geldbeutel aus Milcht\u00fcten. Wer eine kreative Pause ben\u00f6tigt, kann sich bei einer Runde Billard, Air-Hockey oder Tischtennis entspannen. F\u00fcr ein leckeres Mittagessen ist ebenfalls gesorgt. Der Upcycling Day ist am <strong>10. Oktober<\/strong> von 10 \u2013 15 Uhr direkt in der Juf\u00f6. Die Teilnehmergeb\u00fchr betr\u00e4gt 8 Euro.<\/p>\n\n\n\n<p>Kennst du schon die vielen, erlebnisreichen Rutschen im <strong>Miramar<\/strong>? Dann solltest du sie dir nicht entgehen lassen. Neben vielen Rutschen ist der Spa\u00df garantiert und wenn du eine Pause brauchst, chillst du einfach im warmen Becken oder zockst eine Runde Uno oder Halli Galli. Der Ausflug ins Miramar ist am <strong>11. Oktober<\/strong> von 10 \u2013 17 Uhr. Die Teilnehmergeb\u00fchr betr\u00e4gt 18 Euro.<\/p>\n\n\n\n<p>Beim \u201e<strong>Fu\u00dfballgolf in St. Leon-Rot<\/strong>\u201c spielt ihr eine Kombination aus Fu\u00dfball und Golf. Ob Profi oder nicht, auf dem Fun-Platz mit 18 Bahnen kann sich jeder ausprobieren. Der Spa\u00df steht dabei im Vordergrund. Anschlie\u00dfend fahren wir in die Juf\u00f6 und ihr k\u00f6nnt euch noch ein wenig bei Billard, Dart, Air-Hockey, Nintendo Switch ausprobieren. Der Ausflug findet am Samstag den <strong>26. Oktober<\/strong> 11 &#8211; 16 Uhr statt. Der Teilnehmerbeitrag liegt bei 10 Euro.<\/p>\n\n\n\n<p>Ein weiterer Ausflug f\u00fchrt uns dieses Mal in das <strong>Technikmuseum und IMAX-Kino<\/strong> nach <strong>Sinsheim<\/strong>. Dort k\u00f6nnt ihr nicht nur die \u201eConcord\u201c oder \u201eBlue Flame\u201c bestaunen, auch weitere Kultobjekte, welche die Technikwelt gepr\u00e4gt haben, sind zu bestaunen. Anschlie\u00dfend sucht ihr euch gemeinsam einen Film aus und genie\u00dft diesen im IMAX 3D Kino. Wenn ihr in die Technikwelt eintauchen wollt, bucht euch einen Platz f\u00fcr Samstag, den <strong>23. November<\/strong> von 10 \u2013 15 Uhr. Der Teilnehmerbeitrag liegt bei 16 Euro. <\/p>\n\n\n\n<p>Im Dezember fahren wir auf den traditionellen <strong>Weihnachtsmarkt <\/strong>im Herzen von <strong>Stra\u00dfburg<\/strong>. Hier k\u00f6nnt ihr die letzten weihnachtlichen Besorgungen machen, falls euch noch Geschenkideen fehlen. Anschlie\u00dfend steuern wir ein Einkaufszentrum an, in dem ihr noch ein wenig shoppen k\u00f6nnt. Das alles findet am Samstag den <strong>14. Dezember<\/strong> von 10 &#8211; 19 Uhr statt. Die Teilnahmegeb\u00fchr betr\u00e4gt 8 Euro. Weitere Infos gibt es unter <a href=\"http:\/\/www.juf\u00f6.de\">www.juf\u00f6.de<\/a>. Anmeldungen nehmen wir bevorzugt online auf unserer Internetseite entgegen. Wer keine M\u00f6glichkeit hat, sich online anzumelden, ruft uns einfach an (Tel. 06232\/6773-180). <\/p>\n\n\n\n<p><em>Stadtverwaltung Speyer, Fachbereich Jugend, Familie, Senioren, Soziales, Jugendf\u00f6rderung <br>27.08.2019<\/em><\/p>\n","protected":false},"excerpt":{"rendered":"<div class=\"mh-excerpt\"><p>Baumf\u00e4llung im Domgarten Die Stadtverwaltung weist darauf hin, dass am morgigen Mittwoch, 28.08.2019, ein Bergahorn im Domgarten gef\u00e4llt werden muss, der von der Ru\u00dfrindenkrankheit befallen ist. Der Pilz ist nicht nur f\u00fcr die Ahornb\u00e4ume sehr <a class=\"mh-excerpt-more\" href=\"https:\/\/speyer24news.com\/?p=18398\" title=\"Speyer Aktuell:\">[&#8230;]<\/a><\/p>\n<\/div>","protected":false},"author":3,"featured_media":0,"comment_status":"open","ping_status":"open","sticky":false,"template":"","format":"standard","meta":{"_monsterinsights_skip_tracking":false,"_monsterinsights_sitenote_active":false,"_monsterinsights_sitenote_note":"","_monsterinsights_sitenote_category":0,"footnotes":""},"categories":[9],"tags":[3013,3018,975,3017,3014,40,42,292,1516,3015,6,3016],"aioseo_notices":[],"amp_enabled":true,"_links":{"self":[{"href":"https:\/\/speyer24news.com\/index.php?rest_route=\/wp\/v2\/posts\/18398"}],"collection":[{"href":"https:\/\/speyer24news.com\/index.php?rest_route=\/wp\/v2\/posts"}],"about":[{"href":"https:\/\/speyer24news.com\/index.php?rest_route=\/wp\/v2\/types\/post"}],"author":[{"embeddable":true,"href":"https:\/\/speyer24news.com\/index.php?rest_route=\/wp\/v2\/users\/3"}],"replies":[{"embeddable":true,"href":"https:\/\/speyer24news.com\/index.php?rest_route=%2Fwp%2Fv2%2Fcomments&post=18398"}],"version-history":[{"count":2,"href":"https:\/\/speyer24news.com\/index.php?rest_route=\/wp\/v2\/posts\/18398\/revisions"}],"predecessor-version":[{"id":18405,"href":"https:\/\/speyer24news.com\/index.php?rest_route=\/wp\/v2\/posts\/18398\/revisions\/18405"}],"wp:attachment":[{"href":"https:\/\/speyer24news.com\/index.php?rest_route=%2Fwp%2Fv2%2Fmedia&parent=18398"}],"wp:term":[{"taxonomy":"category","embeddable":true,"href":"https:\/\/speyer24news.com\/index.php?rest_route=%2Fwp%2Fv2%2Fcategories&post=18398"},{"taxonomy":"post_tag","embeddable":true,"href":"https:\/\/speyer24news.com\/index.php?rest_route=%2Fwp%2Fv2%2Ftags&post=18398"}],"curies":[{"name":"wp","href":"https:\/\/api.w.org\/{rel}","templated":true}]}}