{"id":18406,"date":"2019-08-27T11:23:01","date_gmt":"2019-08-27T10:23:01","guid":{"rendered":"https:\/\/speyer24news.com\/?p=18406"},"modified":"2019-08-27T11:23:02","modified_gmt":"2019-08-27T10:23:02","slug":"freizeit-2","status":"publish","type":"post","link":"https:\/\/speyer24news.com\/?p=18406","title":{"rendered":"Freizeit:"},"content":{"rendered":"<style type=\"text\/css\">\r\n\t.ads_top_disp{}\r\n\t.ads_top_corner_disp{ float:left; margin:0px 10px 10px 0px; }\r\n\t.ads_first_p_disp{}\r\n\t.ads_bottom_disp{}\r\n\t<\/style>\n<h2 class=\"wp-block-heading\"><strong>Oberb\u00fcrgermeisterin Seiler l\u00e4dt zur Radtour nach Schwetzingen<\/strong><\/h2>\n\n\n\n<div class=\"wp-block-image\"><figure class=\"aligncenter\"><img decoding=\"async\" loading=\"lazy\" width=\"800\" height=\"533\" src=\"https:\/\/speyer24news.com\/wp-content\/uploads\/2019\/08\/IMG_4160.jpg\" alt=\"\" class=\"wp-image-18407\" srcset=\"https:\/\/speyer24news.com\/wp-content\/uploads\/2019\/08\/IMG_4160.jpg 800w, https:\/\/speyer24news.com\/wp-content\/uploads\/2019\/08\/IMG_4160-300x200.jpg 300w, https:\/\/speyer24news.com\/wp-content\/uploads\/2019\/08\/IMG_4160-768x512.jpg 768w\" sizes=\"(max-width: 800px) 100vw, 800px\" \/><figcaption>Freut sich auf viele Teilnehmer\/innen bei der Radtour nach Schwetzingen<\/figcaption><\/figure><\/div>\n\n\n\n<p><strong>Speyer \/ Schwetzingen &#8211; <\/strong>Die Pf\u00e4lzerinnen und  Pf\u00e4lzer zeichnen sich nicht zuletzt durch ihr gutes Verh\u00e4ltnis zu ihren  Nachbarn aus und so pflegt auch die Stadt Speyer eine gute  Zusammenarbeit mit den Gemeinden und St\u00e4dten im benachbarten  Baden-W\u00fcrttemberg. Oberb\u00fcrgermeisterin Stefanie Seiler wird daher gerne  an die seit Jahren gepflegte Tradition ankn\u00fcpfen und l\u00e4dt alle  Interessieren zur Radtour nach Schwetzingen am <strong>Samstag, 14. September  2019,<\/strong> ein. <\/p>\n\n\n\n<p>Treffpunkt ist um 10:45 \nUhr vor dem Historischen Rathaus in der Maximilianstra\u00dfe 12, von wo aus \nes um 11:00 Uhr in Richtung Johanneshof geht. Nach einer kurzen Rast \nf\u00fchrt der Weg weiter nach Schwetzingen. Dort wird\n um 14:00 Uhr im Palais Hirsch ein Empfang beim Ersten B\u00fcrgermeister der\n Stadt, Matthias Steffan, stattfinden. Im Anschluss an den Empfang \ngestaltet sich der weitere Tagesablauf individuell.\n<\/p>\n\n\n\n<p>Interessierte  werden um <strong><em>Anmeldung bis sp\u00e4testens Montag, 9. September 2019<\/em><\/strong>, gebeten.  Diese nimmt die pers\u00f6nlichen Referentin der Oberb\u00fcrgermeisterin,  Jennifer Braun, gerne unter <a rel=\"noreferrer noopener\" href=\"mailto:jennifer.braun@stadt-speyer.de\" target=\"_blank\">jennifer.braun@stadt-speyer.de<\/a>  entgegen. F\u00fcr Interessierte bietet die Stadt Schwetzingen zudem die  M\u00f6glichkeit, um 15:00 Uhr an einer Stadtf\u00fchrung teilzunehmen.  Anmeldungen hierf\u00fcr  sind ebenfalls an Jennifer Braun zu richten. <\/p>\n\n\n\n<p><em>Stadt Speyer<br>27.08.2019<\/em><\/p>\n","protected":false},"excerpt":{"rendered":"<div class=\"mh-excerpt\"><p>Oberb\u00fcrgermeisterin Seiler l\u00e4dt zur Radtour nach Schwetzingen Speyer \/ Schwetzingen &#8211; Die Pf\u00e4lzerinnen und Pf\u00e4lzer zeichnen sich nicht zuletzt durch ihr gutes Verh\u00e4ltnis zu ihren Nachbarn aus und so pflegt auch die Stadt Speyer eine <a class=\"mh-excerpt-more\" href=\"https:\/\/speyer24news.com\/?p=18406\" title=\"Freizeit:\">[&#8230;]<\/a><\/p>\n<\/div>","protected":false},"author":3,"featured_media":0,"comment_status":"open","ping_status":"open","sticky":false,"template":"","format":"standard","meta":{"_monsterinsights_skip_tracking":false,"_monsterinsights_sitenote_active":false,"_monsterinsights_sitenote_note":"","_monsterinsights_sitenote_category":0,"footnotes":""},"categories":[11],"tags":[3021,3019,3020,154,6,3022],"aioseo_notices":[],"amp_enabled":true,"_links":{"self":[{"href":"https:\/\/speyer24news.com\/index.php?rest_route=\/wp\/v2\/posts\/18406"}],"collection":[{"href":"https:\/\/speyer24news.com\/index.php?rest_route=\/wp\/v2\/posts"}],"about":[{"href":"https:\/\/speyer24news.com\/index.php?rest_route=\/wp\/v2\/types\/post"}],"author":[{"embeddable":true,"href":"https:\/\/speyer24news.com\/index.php?rest_route=\/wp\/v2\/users\/3"}],"replies":[{"embeddable":true,"href":"https:\/\/speyer24news.com\/index.php?rest_route=%2Fwp%2Fv2%2Fcomments&post=18406"}],"version-history":[{"count":1,"href":"https:\/\/speyer24news.com\/index.php?rest_route=\/wp\/v2\/posts\/18406\/revisions"}],"predecessor-version":[{"id":18408,"href":"https:\/\/speyer24news.com\/index.php?rest_route=\/wp\/v2\/posts\/18406\/revisions\/18408"}],"wp:attachment":[{"href":"https:\/\/speyer24news.com\/index.php?rest_route=%2Fwp%2Fv2%2Fmedia&parent=18406"}],"wp:term":[{"taxonomy":"category","embeddable":true,"href":"https:\/\/speyer24news.com\/index.php?rest_route=%2Fwp%2Fv2%2Fcategories&post=18406"},{"taxonomy":"post_tag","embeddable":true,"href":"https:\/\/speyer24news.com\/index.php?rest_route=%2Fwp%2Fv2%2Ftags&post=18406"}],"curies":[{"name":"wp","href":"https:\/\/api.w.org\/{rel}","templated":true}]}}