{"id":18448,"date":"2019-08-31T10:05:06","date_gmt":"2019-08-31T09:05:06","guid":{"rendered":"https:\/\/speyer24news.com\/?p=18448"},"modified":"2019-08-31T10:05:08","modified_gmt":"2019-08-31T09:05:08","slug":"polizei-52","status":"publish","type":"post","link":"https:\/\/speyer24news.com\/?p=18448","title":{"rendered":"Polizei:"},"content":{"rendered":"<style type=\"text\/css\">\r\n\t.ads_top_disp{}\r\n\t.ads_top_corner_disp{ float:left; margin:0px 10px 10px 0px; }\r\n\t.ads_first_p_disp{}\r\n\t.ads_bottom_disp{}\r\n\t<\/style>\n<h2 class=\"wp-block-heading\">Polizeimeldungen vom Donnerstag &amp; Freitag (29.08. &amp; 30.08.2019)<\/h2>\n\n\n\n<div class=\"wp-block-image\"><figure class=\"aligncenter\"><img decoding=\"async\" src=\"https:\/\/speyer24news.com\/wp-content\/uploads\/2019\/07\/Aktuelles-Polizeilogo-1.jpg\" alt=\"\" class=\"wp-image-16637\"\/><\/figure><\/div>\n\n\n\n<h4 class=\"wp-block-heading\">(Speyer) &#8211; Austritt eines gesundheitsgef\u00e4hrdenden Stoffes in einer Arztpraxis mit sechs verletzten Personen<\/h4>\n\n\n\n<p>Am fr\u00fchen Donnerstagabend klagten mehrere Mitarbeiter einer \nArztpraxis in der Iggelheimer Stra\u00dfe in Speyer \u00fcber \nAtemwegsreizungen, nachdem sie zuvor einen stark bei\u00dfenden Geruch aus\neinem hier befindlichen Reinigungsraum wahrgenommen hatten. Die \ninsgesamt sechs betroffenen Personen wurden sicherheitshalber zur \nBeobachtung in Krankenh\u00e4user in der Umgebung verbracht.\nNeben der Polizei waren Feuerwehr und Rettungsdienste vorsorglich mit\neinem Gro\u00dfaufgebot im Einsatz.\nNachdem das Geb\u00e4ude ger\u00e4umt und gel\u00fcftet worden war, wurde das \n\u00c4rztehaus, in welchem sich auch die Praxis befindet, wieder \nfreigegeben.\nDurch den Gefahrstoffzug der Feuerwehr Speyer wurden Messungen vor \nOrt durchgef\u00fchrt und Proben genommen. Die Proben werden derzeit noch \nausgewertet. \nDie genaue Schadensursache ist derzeit noch nicht bekannt. <\/p>\n\n\n\n<h4 class=\"wp-block-heading\">(Speyer) &#8211; Zwei Verkehrsunf\u00e4lle auf der B 9 bei Starkregen<\/h4>\n\n\n\n<p>Am Donnerstagnachmittag ereigneten sich bei Starkregen zwei Verkehrsunf\u00e4lle auf der B9 in Fahrtrichtung Germersheim. <\/p>\n\n\n\n<p>Um\n 15:45 Uhr staute sich ca. 500 Meter vor der Ausfahrt zum Tankhof \nSchwegenheim der Verkehr vermutlich aufgrund der zu diesem Zeitpunkt \nvorherrschenden Wetterverh\u00e4ltnisse. Ein 57j\u00e4hriger Mercedes Fahrer aus \nSchweighofen erkannte das Abbremsen einer 45j\u00e4hrigen Frau aus Speyer zu \nsp\u00e4t und fuhr so auf deren Volvo auf. Hierbei entstand ein Gesamtschaden\n von ca. 6500EUR. <\/p>\n\n\n\n<p>Der starke Regenfall d\u00fcrfte auch der Grund  daf\u00fcr gewesen sein, dass kurz darauf der Verkehr auf der B9 im Bereich  der Anschlussstelle R\u00f6merberg\/Dudenhofen ins Stocken geriet. Auch hier  kam es zu einem Auffahrunfall, bei welchem eine 25j\u00e4hrige BMW-Fahrerin  aus Hochstadt auf einen vor ihr fahrenden Skoda Karoq einer 35j\u00e4hrigen  Frau aus Germersheim auffuhr. Bei dem Zusammensto\u00df entstand ein  Gesamtschaden von ca. 10.000EUR. In dem Fahrzeug der Auffahrenden wurden  durch den Aufprall beide Airbags ausgel\u00f6st. Die Fahrerin als auch ihr 8  Monate altes Baby, welches sich ordnungsgem\u00e4\u00df gesichert auf dem  Beifahrersitz befand, blieben nach ersten Erkenntnissen unverletzt. Sie  wurden jedoch nach der Unfallaufnahme zur vorsorglichen Untersuchung in  eine Speyerer Krankenhaus verbracht. <\/p>\n\n\n\n<h4 class=\"wp-block-heading\">(Speyer) &#8211; Zwei Mal an einem Tag alkoholisiert am Stra\u00dfenverkehr teilgenommen<\/h4>\n\n\n\n<figure class=\"wp-block-image\"><img decoding=\"async\" loading=\"lazy\" width=\"640\" height=\"527\" src=\"https:\/\/speyer24news.com\/wp-content\/uploads\/2019\/08\/Alkomat-Test.jpg\" alt=\"\" class=\"wp-image-18449\" srcset=\"https:\/\/speyer24news.com\/wp-content\/uploads\/2019\/08\/Alkomat-Test.jpg 640w, https:\/\/speyer24news.com\/wp-content\/uploads\/2019\/08\/Alkomat-Test-300x247.jpg 300w\" sizes=\"(max-width: 640px) 100vw, 640px\" \/><\/figure>\n\n\n\n<p>Gleich\n zweimal an einem Tag hatte die Polizei am Donnerstag mit einem \n38j\u00e4hrigen Mann aus Hanhofen zu tun, weil er jeweils alkoholisiert am \nStra\u00dfenverkehr teilnahm. <\/p>\n\n\n\n<p>Zun\u00e4chst st\u00fcrzte er gegen 04:49 Uhr in \nder Stockholmer Stra\u00dfe offensichtlich alleinverschuldet von seinem \nFahrrad und verletzte sich hierbei an der Schulter. Ein Begleiter \nmeldete sich deshalb bei der Polizei und bat um die Anforderung eines \nRettungswagens f\u00fcr seinen Freund. An der Unfallstelle konnte die Streife\n bei dem leichtverletzen Radfahrer dann deutlichen Atemalkohol \nwahrnehmen. Einen Atemalkoholtest beatmete er mit knapp 2 Promille. Ihm \nwurde daraufhin eine Blutprobe entnommen. <\/p>\n\n\n\n<p>Nur wenige Stunden  sp\u00e4ter kam der 38J\u00e4hrige dann einer Polizeistreife in der Waldseer  Stra\u00dfe diesmal als Fahrer eines Pkw Mercedes entgegen. Bei der  polizeilichen Kontrolle ergab ein erneuter Atemalkoholtest immer noch  einen Wert von \u00fcber 1,1 Promille. Dementsprechend wurde dem Mann eine  erneute Blutprobe entnommen, sein F\u00fchrerschein beschlagnahmt und ein  Strafverfahren wegen Trunkenheit im Verkehr eingeleitet. <\/p>\n\n\n\n<h4 class=\"wp-block-heading\">(Speyer) &#8211; Badeg\u00e4ste am Binsfeldsee bestohlen<\/h4>\n\n\n\n<p>Gleich zweimal kam es am Mittwochnachmittag zum Diebstahl zum Nachteil von Badeg\u00e4sten im Bereich des Binsfelds. <\/p>\n\n\n\n<p>Zwischen\n 15:30 &#8211; 16:00 Uhr entwendete ein unbekannter T\u00e4ter an einem \nPrivatstrand im Bereich Binshofhotel mehrere Gegenst\u00e4nde aus den \nRucks\u00e4cken von drei Jugendlichen, die sich zu diesem Zeitpunkt im See \naufhielten. Als diese aus dem See zur\u00fcckkamen, bemerkten sie, dass ihre \nSachen durchw\u00fchlt waren. Passanten beschrieben eine Person, welche sich \nzuvor verd\u00e4chtig an den Rucks\u00e4cken aufgehalten haben soll, wie folgt: \nRotes T-Shirt, t\u00e4towierter Arm, gepflegtes \u00c4u\u00dferes, Haare nach hinten \ngek\u00e4mmt. Zeugenhinweise nimmt die Polizei unter der Tel.-Nr. 06232-1370 \noder per Mail an <a href=\"mailto:pispeyer@polizei.rlp.de\">pispeyer@polizei.rlp.de<\/a> entgegen. <\/p>\n\n\n\n<p>Ein  weiterer Diebstahl zum Nachteil eines Badegastes ereignete sich am  Hundestrand des Binsfeldsee gegen 16:44 Uhr. W\u00e4hrend sich eine 48j\u00e4hrige  Frau  zusammen mit ihrem 55j\u00e4hrigen Lebensgef\u00e4hrten im Wasser aufhielt,  entwendet ein zun\u00e4chst unbekannter T\u00e4ter ein Mobiltelefon sowie einen  Geldbeutel mit geringer Bargeldsumme aus der Tasche der Gesch\u00e4digten.  Dass sich der T\u00e4ter in verd\u00e4chtiger Weise an der Tasche aufhielt und  sich anschlie\u00dfend in ein Geb\u00fcsch fl\u00fcchtete, konnte die Gesch\u00e4digte und  ihr Lebensgef\u00e4hrte vom Wasser aus sehen. Da es sich bei dem Hundestrand  um eine Halbinsel handelt, begab sich beide an die Br\u00fccke (Zugang zum  Festland) und verst\u00e4ndigten von dort die Polizei. Dank des vorbildlichen  Handelns der Gesch\u00e4digten war dem T\u00e4ter so der Fluchtweg versperrt.  Beim Eintreffen der Polizei konnten diese dann den 18j\u00e4hrige Jugendliche  aus Speyer in einem Geb\u00fcsch auf der Halbinsel auffinden und festnehmen.  Das Diebesgut, dessen er sich vor seiner Festnahme entledigt hatte,  konnte an die Gesch\u00e4digte ausgeh\u00e4ndigt werden. Eine Absuche nach  weiterem Diebesgut auf der Halbinsel verlief ohne Erfolg. <\/p>\n\n\n\n<h4 class=\"wp-block-heading\">(Speyer \/ R\u00f6merberg) &#8211; Verkehrskontrollen<\/h4>\n\n\n\n<p>Am\n Mittwoch wurden durch die Polizei Speyer Verkehrskontrollen auf der \nSalierbr\u00fccke sowie in der Rheinallee\/Schillerweg und am Tafelbrunnen in \nR\u00f6merberg durchgef\u00fchrt. <\/p>\n\n\n\n<p>Auf der Salierbr\u00fccke konnte bei sechs  Fahrradfahrern verkehrsrechtliches Fehlverhalten in Form des Befahrens  des Fu\u00dfweges festgestellt und geahndet werden. Durch die polizeiliche  Pr\u00e4senz auf der Br\u00fccke konnte das genannte Fehlverhalten zudem bei  einigen Fahrradfahrern unterbunden werden. Diese stiegen bei Erblicken  der Polizeibeamten von ihrem Zweirad und schoben dies. In mehreren  B\u00fcrgergespr\u00e4chen wurde seitens der Polizei nochmals auf die bestehende  Verkehrsregelung hingewiesen und diese gegen\u00fcber den Radfahrern  erl\u00e4utert. Auch am heutigen Tag gab es jedoch wieder mehrere Radfahrer,  welche keinerlei Verst\u00e4ndnis f\u00fcr die derzeitige Beschilderung des  Fu\u00dfweges der Salierbr\u00fccke zeigten und ihren Unmut gegen\u00fcber der Polizei  zum Ausdruck brachten. An den beiden anderen Kontroll\u00f6rtlichkeiten  konnten bei ca. 50 kontrollierten Fahrzeugen insgesamt 21  Verkehrsverst\u00f6\u00dfe festgestellt und geahndet werden. Dabei hatten 13  Fahrzeuginsassen keinen Sicherheitsgurt angelegt, 6 Fahrzeugf\u00fchrer  bedienten ihr Mobiltelefon w\u00e4hrend des Fahrens, ein Fahrzeugf\u00fchrer  musste wegen unzureichend gesicherter Ladung beanstandet werden und ein  Verkehrsteilnehmer f\u00fchrte keinen F\u00fchrerschein mit sich. <\/p>\n\n\n\n<h4 class=\"wp-block-heading\">(Speyer) &#8211; Radfahrer beim Zur\u00fccksetzen mit Pkw \u00fcbersehen<\/h4>\n\n\n\n<p>Zu\n einem Verkehrsunfall mit einem leichtverletzten Radfahrer kam es am \nMittwoch gegen 11:40 in der Hagedornsgasse. Ein 24j\u00e4hriger Mann aus \nWorms fuhr dort mit einem Firmenlieferwagen zun\u00e4chst an der Einm\u00fcndung \nKleine Greifengasse vorbei und registrierte erst versp\u00e4tet, das dort \nstehende Durchfahrtsverbotsschild f\u00fcr den weiteren Verlauf der \nHagedornsgasse. Er setzte deshalb mit seinem Fahrzeug zur\u00fcck, um seine \nFahrt in Richtung Kleine Greifengasse fortzusetzten. Hierbei kollidierte\n er mit einem 56j\u00e4hrigen Radfahrer aus Speyer, der die Kleine \nGreifengasse (Einbahnstra\u00dfe) verbotswidrig in Richtung Hagedornsgasse \nbefuhr und von dort aus gerade in diese einbog. Bei seinem Sturz zog \nsich der Radfahrer Prellungen zu und wurde anschlie\u00dfend durch das DRK \nmedizinisch versorgt. <\/p>\n\n\n\n<h4 class=\"wp-block-heading\">(Limburgerhof) &#8211; Heftiger Widerstand gegen Polizeibeamte auf dem Stra\u00dfenfest<\/h4>\n\n\n\n<div class=\"wp-block-image\"><figure class=\"aligncenter\"><img decoding=\"async\" src=\"https:\/\/speyer24news.com\/wp-content\/uploads\/2019\/08\/Zelle.jpg\" alt=\"\" class=\"wp-image-18363\"\/><\/figure><\/div>\n\n\n\n<p>Der erste Abend des diesj\u00e4hrigen Limburgerhofer Stra\u00dfenfestes verlief  f\u00fcr die eingesetzten Polizeibeamten der Polizeiinspektion Schifferstadt  und der Bereitschaftspolizei Rheinland-Pfalz zun\u00e4chst friedlich und  entspannt. <\/p>\n\n\n\n<p>Diese erste Bilanz wurde durch einen einzigen \nFestbesucher massiv getr\u00fcbt, der sich erheblich gegen polizeiliche \nMa\u00dfnahmen zur Wehr setzte und hierbei Beamte verletzte. <\/p>\n\n\n\n<p>Was war \npassiert? Ein deutlich alkoholisierter 36j\u00e4hriger Festbesucher aus \nLudwigshafen hatte an einem Bierstand gegen 22:40 Uhr eine verbale \nStreitigkeit mit dem dortigen Personal, die zu eskalieren drohte. Der \nMann hatte kein Getr\u00e4nk mehr bekommen, da er unzufrieden war und sein \nvorheriges Bier absichtlich \u00fcber den Tresen gesch\u00fcttet hatte. <\/p>\n\n\n\n<p>Die\n eingesetzten Polizeibeamten brachten den Mann etwas auf die Seite und \nf\u00fchrten eine Personenkontrolle durch. Er machte einen deutlich \nalkoholisierten Eindruck, redete wirr und wollte sich zun\u00e4chst auch \nnicht ausweisen. Zudem zog er vor den Beamten seine Hosen herunter. <\/p>\n\n\n\n<p>Zur\n Verhinderung von Straftaten wurde dem Mann daher durch die Polizei ein \nPlatzverweis f\u00fcr das Stra\u00dfenfest erteilt, dem er zun\u00e4chst nachzukommen \nschien. Ihm wurde auch angedroht, dass er bei Zuwiderhandlung in \nGewahrsam genommen werde und mit einer Nacht in der Polizeizelle rechnen\n m\u00fcsse. <\/p>\n\n\n\n<p>Doch gegen 23:00 Uhr erschien die Person wieder am \ngleichen Getr\u00e4nkestand. Aus diesem Grund musste der Mann nochmals \nkontrolliert werden. Erneut entbl\u00f6\u00dfte er sich vor den Beamten. Nun \nsollte die bereits zuvor angedrohte Ingewahrsamnahme durchgef\u00fchrt \nwerden. Der Mann musste hierzu auf Grund seines aggressiven Verhaltens \nzu Boden gebracht werden. Dabei versuchte er, einem Beamten mit dem \nFinger ins Auge zu stechen. Am Boden liegend griff er dem gleichen \nBeamten derart heftig in den Genitalbereich, dass dieser Angriff nur \ndurch gezielte Schl\u00e4ge ins Gesicht des Beschuldigten beendet werden \nkonnte. W\u00e4hrenddessen spuckte er die Beamten auch noch mit blutigem \nSpeichel an und traf einen Polizisten ins Auge. <\/p>\n\n\n\n<p>Letztlich konnte der Mann in die Gewahrsamszelle verbracht werden. <\/p>\n\n\n\n<p>Da\n die vorherigen Angriffe die Tatbest\u00e4nde des Widerstands gegen \nPolizeivollzugsbeamte, sowie der K\u00f6rperverletzung erf\u00fcllen, ordnete die \nStaatsanwaltschaft die Entnahme einer Blutprobe an, um die \nSchuldf\u00e4higkeit des alkoholisierten Beschuldigten feststellen zu k\u00f6nnen.\n <\/p>\n\n\n\n<p>Der Beschuldigte setzte sich auch gegen diese Ma\u00dfnahme massiv \nzur Wehr, sodass nur durch Festhalten mit mehreren Beamten dem Arzt die \nBlutentnahme m\u00f6glich war. Hierbei wurden erneut zwei Beamte verletzt, \nder bereits auf dem Fest angegriffene diesmal durch eine Kratzwunde am \nBein; ein weiterer Beamter erlitt eine Stichverletzung durch die f\u00fcr die\n Blutentnahme genutzte Spritze. <\/p>\n\n\n\n<p>Nach Ausn\u00fcchterung wurde der Beschuldigte am fr\u00fchen Vormittag wieder aus dem Gewahrsam entlassen. <\/p>\n\n\n\n<p>Da  zum gegenw\u00e4rtigen Zeitpunkt unklar war, ob der Beschuldigte  gegebenenfalls an ansteckenden Krankheiten leidet, wurden die verletzten  Beamten noch in der Nacht im Krankenhaus vorsorglich untersucht und  Ma\u00dfnahmen der Infektionsprophylaxe durchgef\u00fchrt. <\/p>\n\n\n\n<h4 class=\"wp-block-heading\">(Limburgerhof) &#8211; Unfall mit schwer verletztem Motorradfahrer<\/h4>\n\n\n\n<p>Am Donnerstagmittag gegen 13:35 Uhr, ereignete sich auf der L 533  zwischen Limburgerhof und Neuhofen ein Verkehrsunfall, bei dem ein  Motorradfahrer schwer verletzt wurde. Der 68-j\u00e4hrige kam aus Richtung  Neuhofen. Ihm entgegen kam ein Pkw, der nach links auf die B9 abbiegen  wollte. Offenbar \u00fcbersah die Fahrerin den Motorradfahrer und es kam zur  Kollision. Der 68-j\u00e4hrige erlitt dabei mehrere Armfrakturen und musste  in ein Krankenhaus gebracht werden. Die 21-j\u00e4hrige Pkw-Fahrerin blieb  unverletzt. An den Fahrzeugen entstand ein Sachschaden von  sch\u00e4tzungsweise 4.800 Euro. <\/p>\n\n\n\n<h4 class=\"wp-block-heading\">(Schifferstadt) &#8211; Alkoholisierter Radfahrer bei Unfall verletzt<\/h4>\n\n\n\n<p>Durch einen Anwohner der Mutterstadter Stra\u00dfe wird der Polizei am  sp\u00e4ten Donnerstagabend gegen 23:15 Uhr ein Radfahrer gemeldet, der samt  Fahrrad auf dem Boden lag. Das Rad befand sich noch zwischen seinen  Beinen. Der 23-j\u00e4hrige Radfahrer hatte eine stark blutende Platzwunde am  Kopf und war nicht ansprechbar. Die Beamten haben leichten  Alkoholgeruch wahrgenommen. Das Fahrrad wies keine Unfallsch\u00e4den auf und  es war fahrtauglich. Lediglich die Beleuchtung fehlte. Nach bisherigem  Ermittlungsstand schien der Radfahrer ohne Fremdweinwirkung gefallen zu  sein. Wegen der Kopfverletzung ist er in ein Krankenhaus gebracht  worden, wo ihm auch noch eine Blutprobe entnommen wurde. Zeugen, die  Angaben zum Unfallhergang machen k\u00f6nnen, werden gebeten, sich mit der  Polizeiinspektion Schifferstadt unter 06235 495-0 oder <a href=\"mailto:pischifferstadt@polizei.rlp.de\">pischifferstadt@polizei.rlp.de<\/a> in Verbindung zu setzen. <\/p>\n\n\n\n<h4 class=\"wp-block-heading\">(Altrip \/ Ludwigshafen) &#8211; Durchsuchungsaktion in Altrip und Ludwigshafen Suche nach Eigent\u00fcmer<\/h4>\n\n\n\n<h4 class=\"wp-block-heading\">Gemeinsame Pressemitteilung von Staatsanwaltschaft Frankenthal\/Pfalz und Polizeiinspektion Schifferstadt <\/h4>\n\n\n\n<p>Im\n Rahmen eines umfangreich gef\u00fchrten Ermittlungsverfahrens des \nKriminaldienstes der Polizeiinspektion Schifferstadt f\u00fchrten \nPolizeibeamte des Polizeipr\u00e4sidiums Rheinpfalz am Mittag des 15.05.2019 \neine gro\u00df angelegte Durchsuchung bei einem 37-j\u00e4hrigen Tatverd\u00e4chtigen \nin Altrip durch. Bei dem Durchsuchungsobjekt handelte es sich um eine \nParzelle &#8222;Im Karpfenzug&#8220;, auf der eine Vielzahl von Diebesgut entdeckt \nwurde. Unter den \u00fcber 400 Gegenst\u00e4nden, die sichergestellt wurden, \nbefanden sich unter anderem USB-Sticks, Navigationsger\u00e4te, Handys, \nSchmuck, verschiedene Werkzeuge, sowie normale Haushaltsgegenst\u00e4nde wie \nWasserkocher, Bettw\u00e4sche, Rasenm\u00e4her und Gartenst\u00fchle, die mit sehr \nhoher Wahrscheinlichkeit aus Diebst\u00e4hlen stammen. Zudem f\u00fchrte ein \nweiterer Hinweis zu einer Durchsuchung bei einem 35-J\u00e4hrigen aus \nLudwigshafen, bei dem \u00fcber hundert \u00e4hnliche Gegenst\u00e4nde sichergestellt \nwurden. Bisher ist bekannt, dass beide haupts\u00e4chlich im Gebiet der \nVerbandsgemeinde Rheinauen und Ludwigshafen t\u00e4tig waren und sich dort \nunter anderem auf die Suche nach unverschlossenen Autos begaben oder in \nGeb\u00e4ude eingebrochen sind. <\/p>\n\n\n\n<p>Zum jetzigen Stand der Ermittlungen \nd\u00fcrften sich die beiden und noch ein dritter, 21-j\u00e4hriger \nTatverd\u00e4chtiger aus dem Rhein-Pfalz-Kreis, ihren Lebensunterhalt mit dem\n Begehen von Diebst\u00e4hlen finanziert haben. Der Gro\u00dfteil der knapp 600 \nGegenst\u00e4nden kann bislang keinem Besitzer zugeordnet werden. <\/p>\n\n\n\n<p>Die \nPolizeiinspektion Schifferstadt sucht nun die rechtm\u00e4\u00dfigen Eigent\u00fcmer \nder sichergestellten Gegenst\u00e4nde und bittet diese, sich unter der \nTelefonnummer 06235-495-0 oder auf die E-Mail-Adresse <a href=\"mailto:pischifferstadt@polizei.rlp.de\">pischifferstadt@polizei.rlp.de<\/a> zu melden. <\/p>\n\n\n\n<p>Bilder der Gegenst\u00e4nde k\u00f6nnen auf der Homepage der Polizei Rheinland-Pfalz unter dem Link <a rel=\"noreferrer noopener\" target=\"_blank\" href=\"https:\/\/s.rlp.de\/p86aN\">https:\/\/s.rlp.de\/p86aN<\/a> angesehen werden. <\/p>\n\n\n\n<h4 class=\"wp-block-heading\">(Hanhofen) &#8211; Brand eines Einfamilienhauses<\/h4>\n\n\n\n<h4 class=\"wp-block-heading\">Gemeinsame Pressemitteilung von Staatsanwaltschaft Frankenthal\/Pfalz und Polizeipr\u00e4sidium Rheinpfalz <\/h4>\n\n\n\n<h4 class=\"wp-block-heading\" style=\"text-align:center\">Nachtragsmeldung<\/h4>\n\n\n\n<p>Nach\n dem Brand eines Einfamilienhauses in Hanhofen am 25.08.2019 wurde der \nBrandort inzwischen durch einen Brandsachverst\u00e4ndigen sowie \nBrandermittler der Kriminalinspektion Ludwigshafen begangen. Bei der \nBegutachtung ergaben sich keine eindeutigen Hinweise auf die \nBrandursache. F\u00fcr ein vors\u00e4tzliches Handeln bestehen keine konkreten \nAnhaltspunkte. Die durch das Rauchgas verletzte 14-J\u00e4hrige wurde bereits\n am 26.08.2019 wieder aus dem Krankenhaus entlassen. <\/p>\n\n\n\n<h4 class=\"wp-block-heading\">(Harthausen) &#8211; Einbruch in mehrere Lagerhallen<\/h4>\n\n\n\n<p>Unbekannte\n T\u00e4ter machten sich vermutlich in der Nacht von Mittwoch auf Donnerstag \nan drei Lagerhallen auf dem Gel\u00e4nde der Werksiedlung Hufnagel in \nHarthausen zu schaffen. <\/p>\n\n\n\n<p>Sie verschafften sich den unberechtigten  Zutritt in die Hallen vermutlich durch das Aufhebeln einer Schiebet\u00fcr,  bzw. das Einwerfen eines Fensters. Entwendeten wurden nach derzeitigem  Ermittlungsstand mehrere Fahrzeugpapiere, eine Bargeldsumme in  4stelliger H\u00f6he, sowie mehrere Flaschen hochwertigen Whiskys, welche  ebenfalls in einer Halle gelagert waren. Der durch den Einbruch  entstandene Gesamtschaden kann derzeit noch nicht genau beziffert werden  und bedarf weiteren Ermittlungen. T\u00e4terhinweise ergaben sich vor Ort  nicht. Solche nimmt die Polizei jedoch unter der Tel.-Nr. 06232-1370  oder per Mail an <a href=\"mailto:pispeyer@polizei.rlp.de\">pispeyer@polizei.rlp.de<\/a> entgegen. <\/p>\n\n\n\n<h4 class=\"wp-block-heading\">(Lingenfeld) &#8211; Beim Cannabispflanzen gie\u00dfen vor\u00fcbergehend festgenommen&#8230;<\/h4>\n\n\n\n<p>  &#8230;wurde ein 57-j\u00e4hriger aus dem Kreis Germersheim am  Mittwochnachmittag. Der Mann fiel am Vortag einer Zeugin auf, als er mit  einem Wasserkanister auf dem Gep\u00e4cktr\u00e4ger seines Fahrrades auf ein  \u00fcberwuchertes Feld ging. Am Folgetag legten sich Polizeibeamte auf die  Lauer und konnten den Mann beim Gie\u00dfen der zwei Pflanzen in flagranti  erwischen und festnehmen. Bei einer Nachschau in seiner Wohnung konnten  weitere Bet\u00e4ubungsmittel aufgefunden und sichergestellt werden. Gegen  den 57-J\u00e4hrigen wurde ein Strafverfahren eingeleitet. <\/p>\n\n\n\n<h4 class=\"wp-block-heading\">(Germersheim) &#8211; Unfallflucht<\/h4>\n\n\n\n<p>Zirka 500 Euro Sachschaden verursachte am Mittwochmittag eine bislang  unbekannte Verkehrsteilnehmerin an einem geparkten Auto. Das besch\u00e4digte  Fahrzeug, ein schwarzer Mercedes, war im Bereich des Busbahnhofs an  Fronte Lamotte abgestellt. Bei dem verursachenden Fahrzeug soll es sich  um einen dunkelblauen VW gehandelt haben Zeugenhinweise nimmt die  Polizeiinspektion Germersheim unter 07274\/958-0 oder per Mail an <a href=\"mailto:pigermersheim@polizei.rlp.de\">pigermersheim@polizei.rlp.de<\/a> entgegen. <\/p>\n\n\n\n<h4 class=\"wp-block-heading\">(Bellheim) &#8211; Unfall mit zwei verletzten Radfahrern<\/h4>\n\n\n\n<p>Eine schwer und eine leicht verletzte Person sind die Folgen eines  Verkehrsunfalls zwischen Radfahrern am Mittwochabend in Bellheim. Ein  81-j\u00e4hriger Mann aus dem Landkreis befuhr mit seinem Pedelec den Radweg  parallel zur Fortm\u00fchlstra\u00dfe in Richtung Westheim, nach Zeugenangaben war  er mit hoher Geschwindigkeit unterwegs. Ein 58-j\u00e4hriger aus  Baden-W\u00fcrttemberg \u00fcberquerte mit zwei Mitfahren die Fortm\u00fchlstra\u00dfe an  der Fu\u00dfg\u00e4ngerampel und setzte seine Fahrt auf dem oben genannten Weg  ebenfalls in Richtung Westheim fort. Aufgrund seiner h\u00f6heren  Geschwindigkeit fuhr der 81-J\u00e4hrige auf den 58-J\u00e4hrigen auf, woraufhin  beide st\u00fcrzten. Der 81-J\u00e4hrige, der keinen Fahrradhelm trug, erlitt  Kopfverletzungen und wurde durch einen Rettungsdienst in ein  nahegelegenes Krankenhaus verbracht. Der 58-J\u00e4hrige erlitt Sch\u00fcrfwunden,  eine medizinische Versorgung ben\u00f6tigte er nicht. <\/p>\n\n\n\n<h4 class=\"wp-block-heading\">(D\u00f6rrenbach) &#8211; Heckscheibe besch\u00e4digt<\/h4>\n\n\n\n<p>Im Zeitraum Dienstag, 27.08.19 und Mittwoch, 28.08.19, zwischen 23:00  Uhr und 16:30 Uhr, wurde an einem Pkw Mercedes, Am Kolmerberg, die  Heckscheibe besch\u00e4digt und ein Schaden in H\u00f6he von 500.- Euro  angerichtet. Hinweise auf den oder die T\u00e4ter bitte an die Polizei Bad  Bergzabern unter 06343-93340 oder <a href=\"mailto:pibadbergzabern@Polizei.rlp.de\">pibadbergzabern@Polizei.rlp.de<\/a> melden. <\/p>\n\n\n\n<h4 class=\"wp-block-heading\">(Bad Bergzabern) &#8211; Pkw zerkratzt<\/h4>\n\n\n\n<p>Am Dienstag, 27.08.2019, zwischen 10:00 und 13:00 Uhr, wurde ein in der  Petronellastra\u00dfe abgestellter Pkw Mercedes, auf der Beifahrerseite  zerkratzt. Hierbei richtete ein bislang unbekannter T\u00e4ter einen  Sachschaden in H\u00f6he von 1500.- an. Zeugen, die Hinweise zu der Tat oder  dem T\u00e4ter machen k\u00f6nnen, werden gebeten sich mit der Polizei Bad  Bergzabern unter 06343-93340 oder <a href=\"mailto:pibadbergzabern@Polizei.rlp.de\">pibadbergzabern@Polizei.rlp.de<\/a> zu melden. <\/p>\n\n\n\n<h4 class=\"wp-block-heading\">(Birkenh\u00f6rdt) &#8211; Vandalismus an Schutzh\u00fctte<\/h4>\n\n\n\n<p>In der Zeit von 22.08.-25.08.2019, wurde an einer Schutzh\u00fctte an der  Hirzeckstra\u00dfe, im Bereich der &#8222;Birkenh\u00f6rdter Linde&#8220;, ein erheblicher  Sachschaden angerichtet. Bislang unbekannte Vandalen rissen Holzb\u00e4nke  mutwillig aus der Verankerung und entfernten gewaltsam St\u00fctzpfeiler und  Gel\u00e4nder der beliebten Schutzh\u00fctte. Hinweise zu den T\u00e4tern bittet die  Polizei Bad Bergzabern unter 06343-93340 oder per Email unter <a href=\"mailto:pibadbergzabern@polizei.rlp.de\">pibadbergzabern@polizei.rlp.de<\/a> zu melden. <\/p>\n\n\n\n<h4 class=\"wp-block-heading\">(Landau) &#8211; Veranstaltungshinweis: Die Hacker kommen nach Landau<\/h4>\n\n\n\n<div class=\"wp-block-image\"><figure class=\"aligncenter\"><img decoding=\"async\" loading=\"lazy\" width=\"800\" height=\"250\" src=\"https:\/\/speyer24news.com\/wp-content\/uploads\/2019\/08\/Hacker.png\" alt=\"\" class=\"wp-image-18452\" srcset=\"https:\/\/speyer24news.com\/wp-content\/uploads\/2019\/08\/Hacker.png 800w, https:\/\/speyer24news.com\/wp-content\/uploads\/2019\/08\/Hacker-300x94.png 300w, https:\/\/speyer24news.com\/wp-content\/uploads\/2019\/08\/Hacker-768x240.png 768w\" sizes=\"(max-width: 800px) 100vw, 800px\" \/><\/figure><\/div>\n\n\n\n<p>Zu einer au\u00dfergew\u00f6hnlichen Informationsveranstaltung zum Thema  Cybersicherheit und Cyberkriminalit\u00e4t laden <strong>am 17.09.2019<\/strong> das  Polizeipr\u00e4sidium Rheinpfalz und das Ministerium des Innern und f\u00fcr Sport  Leitstelle &#8222;Kriminalpr\u00e4vention&#8220; in Kooperation mit der Stadt Landau  ein. <\/p>\n\n\n\n<p>In der digitalen Welt spielt die Sicherheit im Internet eine\n immer gr\u00f6\u00dfere Rolle. Ob beim Online-Banking, dem Online-Einkauf oder im\n E-Mail-Verkehr. In vielen Alltagssituationen kann es zu Gef\u00e4hrdungen \nIhrer privaten oder beruflichen Daten oder auch zu Straftaten der \nInternetkriminalit\u00e4t kommen. Umso wichtiger ist es, \u00fcber m\u00f6gliche \nGefahren informiert und somit vorbereitet zu sein. <\/p>\n\n\n\n<p>Im Rahmen der \nVeranstaltung &#8222;Die Hacker kommen&#8230;&#8220; wird eine Live-Hacking-Vorf\u00fchrung \ngezeigt, die sehr anschaulich vor Augen f\u00fchrt, wie einfach es sein kann,\n Daten von fremden Computern oder Smartphones zu entwenden. Dar\u00fcber \nhinaus erhalten Sie wertvolle Tipps, wie Sie sich bei der \nInternetnutzung in verschiedenen Situationen am besten verhalten und \nsch\u00fctzen k\u00f6nnen. <\/p>\n\n\n\n<p><strong>Wo? <\/strong><\/p>\n\n\n\n<p>Kulturzentrum Altes Kaufhaus Rathausplatz 9 76829 Landau in der Pfalz <\/p>\n\n\n\n<p><strong>Wann? <\/strong><\/p>\n\n\n\n<p>Dienstag, 17.09.2019, 17:30 Uhr bis 19:45 Uhr <\/p>\n\n\n\n<p>Anmeldung unter <a href=\"mailto:pprheinpfalz.ha@polizei.rlp.de\">pprheinpfalz.ha@polizei.rlp.de<\/a> Aufgrund limitierter Teilnehmerpl\u00e4tze bitten wir Sie um zeitnahe Anmeldung. Die Teilnahme ist kostenlos. <\/p>\n\n\n\n<p><strong>Lesen sie hier den Einladungsflyer als pdf:<\/strong><\/p>\n\n\n\n<div class=\"wp-block-file\"><a href=\"https:\/\/speyer24news.com\/wp-content\/uploads\/2019\/08\/Die_Hacker_kommen.pdf\">Die_Hacker_kommen<\/a><a href=\"https:\/\/speyer24news.com\/wp-content\/uploads\/2019\/08\/Die_Hacker_kommen.pdf\" class=\"wp-block-file__button\" download>Herunterladen<\/a><\/div>\n\n\n\n<h4 class=\"wp-block-heading\">(Landau) &#8211; Verkehrsunfall mit Radfahrerin<\/h4>\n\n\n\n<p>Zu einem weiteren Unfall kam es am 29.8.2019, gegen 07.55 Uhr im  Kreisverkehr  des Nordring\/Kronwerk\/An 44. Eine aus der Stra\u00dfe &#8222;Am  Kronwerk&#8220;  in den Kreisverkehr fahrende 13-j\u00e4hrige Radfahrerin wurde von  einem Pkw, der aus westlicher Richtung kam, erfasst. Die 79-j\u00e4hrige  Pkw-Fahrer missachtete die Vorfahrt der im Kreisel bevorrechtigt  fahrenden Radfahrerin. Die Radfahrerin wurde nicht verletzt. Es entstand  Sachschaden in H\u00f6he von ca. 300.&#8211;EUR. <\/p>\n\n\n\n<h4 class=\"wp-block-heading\">(Landau) &#8211; R\u00e4uberischer Diebstahl, Hausfriedensbruch<\/h4>\n\n\n\n<p>Zu mehreren Vorf\u00e4llen durch einen amtsbekannten 36-j\u00e4hrigen Mann kam es  am 28. und 29.8.2019 im Stadtgebiet Landau. Am 28.8.2019, gegen 09.00  Uhr, betrat er ein Tabakwarengesch\u00e4ft in der Gerberstra\u00dfe trotz  Hausverbot. Er nahm Zigarillos im Wert von 11,80EUR an sich, und verlie\u00df  das Gesch\u00e4ft ohne zu zahlen. Aus dem Festhaltegriff der anwesenden  Verk\u00e4uferin befreite er sich, indem er in Richtung der Verk\u00e4uferin  schlug und fl\u00fcchtete. Die Verk\u00e4uferin blieb unverletzt. Am 29.9.19,  gegen 15.10 Uhr, betrat er einen Tabakladen in der Horststra\u00dfe. Hier  wurde er erkannt und sofort des Ladens verwiesen und ein Hausverbot  ausgesprochen. Gegen 16.00 Uhr betrat er einen Tabakladen in der  Ostbahnstra\u00dfe. Auch hier wurde ihm sofort ein Hausverbot erteilt. In  diesen F\u00e4llen kam es zu keinen strafbaren Handlungen. Der amtsbekannte  36-j\u00e4hrige betrat gegen 14.40 Uhr trotz bestehenden Hausverbotes einen  Discountladen in der Horststra\u00dfe. Auch hier wurde Anzeige erstattet.  Hierbei wurde der zwei Tage zuvor in gleicher R\u00e4umlichkeit  stattgefundene Hausfriedensbruch mit angezeigt. Am Abend des 29.8.19,  gegen 19.15 Uhr, betrat die gleiche Person einen Supermarkt in der  Annweiler Stra\u00dfe. Hier nahm er Waren im Wert von 10EUR an sich. Nachdem  er auf ein bestehendes Hausverbot und die Herausgabe der Waren   angesprochen wurde reagierte er aggressiv. Er wollte mit den nicht  bezahlten Waren den Supermarkt verlassen. Die Verk\u00e4uferin versuchte  dies, durch Festhalten zu verhindern. Der T\u00e4ter entwand sich dem  Festhaltegriff und schubste die Verk\u00e4uferin gegen einen weiteren Kunden.  Danach fl\u00fcchtete er mit einer Packung Tabak und zwei Dosen  Kaffee. Die  Verk\u00e4uferin und der Kunde wurden nicht verletzt. Der T\u00e4ter fl\u00fcchtete.  Auch hier blieb die Fahndung im Stadtbereich nach ihm erfolglos. <\/p>\n\n\n\n<h4 class=\"wp-block-heading\">(Landau) &#8211; K\u00f6rperverletzung<\/h4>\n\n\n\n<p>Zu einer K\u00f6rperverletzung kam es am fr\u00fchen Montagabend, 26.8.2019,  gegen 20.30 Uhr in Landau in der Martin-Luther-Stra\u00dfe. Nachdem ein  20-j\u00e4hriger Mann und eine 19-j\u00e4hrige Frau auf dem Gehweg laufend von  einer vierk\u00f6pfigen Personengruppe ohne erkennbaren Grund beleidigt  worden war wurde der 20-j\u00e4hrige auf dem R\u00fcckweg 15 bis 20 Minuten sp\u00e4ter  angegriffen. Er wurde von einem T\u00e4ter festgehalten, w\u00e4hrend ein anderer  T\u00e4ter mit der Faust gegen den Kopf schlug. Der Gesch\u00e4digte erlitt eine  Sch\u00e4delprellung. Die Personengruppe entfernte sich dann. Zeugen des  Vorfalles werden  gebeten sich unter Tel. Nr. 06341\/287-0 oder per Email  <a href=\"mailto:pilandau@polizei.rlp.de\">pilandau@polizei.rlp.de<\/a> an die Polizei in Landau zu wenden. <\/p>\n\n\n\n<h4 class=\"wp-block-heading\">(Edenkoben) &#8211; Betrunkener nimmt Verkehrszeichen mit<\/h4>\n\n\n\n<p>Mit einem Verkehrszeichen unter dem Arm lief am sp\u00e4ten Abend  (29.08.2019, 23.20 Uhr) ein 24-j\u00e4hriger Mann aus dem Landkreis  Birkenfeld mit 1,7 Promille durch die Poststra\u00dfe, als er von der Streife  angehalten und kontrolliert wurde. Dabei konnte in Erfahrung gebracht  werden, dass er das Schild zuvor in der Tanzstra\u00dfe entwendet und mit  nach Hause nehmen wollte.  Das Verkehrszeichen musste er in Begleitung  der Polizei an Ort und Stelle zur\u00fcckbringen. Wegen des Diebstahls l\u00e4uft  nun gegen ihn ein Strafverfahren. <\/p>\n\n\n\n<h4 class=\"wp-block-heading\">(Edenkoben) &#8211; LKW hebt Dach an<\/h4>\n\n\n\n<div class=\"wp-block-image\"><figure class=\"aligncenter\"><img decoding=\"async\" loading=\"lazy\" width=\"800\" height=\"547\" src=\"https:\/\/speyer24news.com\/wp-content\/uploads\/2019\/08\/29.08.19-Edenkoben-Dach.jpg\" alt=\"\" class=\"wp-image-18450\" srcset=\"https:\/\/speyer24news.com\/wp-content\/uploads\/2019\/08\/29.08.19-Edenkoben-Dach.jpg 800w, https:\/\/speyer24news.com\/wp-content\/uploads\/2019\/08\/29.08.19-Edenkoben-Dach-300x205.jpg 300w, https:\/\/speyer24news.com\/wp-content\/uploads\/2019\/08\/29.08.19-Edenkoben-Dach-768x525.jpg 768w\" sizes=\"(max-width: 800px) 100vw, 800px\" \/><figcaption>2<\/figcaption><\/figure><\/div>\n\n\n\n<p>Nicht schlecht staunte am sp\u00e4ten Donnerstagnachmittag ein Anwohner im  Bereich der Klosterstra\u00dfe in Edenkoben. Bei einer gem\u00fctlichen Tasse  Kaffee konnte er filmreif aus seinem Hof beobachten, wie ein  vorbeifahrender LKW mit dem Auflieger zuerst an das Dach seines Hauses  fuhr und dieses dann sogar aus der Verankerung anhob. <\/p>\n\n\n\n<div class=\"wp-block-image\"><figure class=\"aligncenter\"><img decoding=\"async\" loading=\"lazy\" width=\"500\" height=\"667\" src=\"https:\/\/speyer24news.com\/wp-content\/uploads\/2019\/08\/29.08.19-Edenkoben-Dach2.jpg\" alt=\"\" class=\"wp-image-18451\" srcset=\"https:\/\/speyer24news.com\/wp-content\/uploads\/2019\/08\/29.08.19-Edenkoben-Dach2.jpg 500w, https:\/\/speyer24news.com\/wp-content\/uploads\/2019\/08\/29.08.19-Edenkoben-Dach2-225x300.jpg 225w\" sizes=\"(max-width: 500px) 100vw, 500px\" \/><figcaption>1<\/figcaption><\/figure><\/div>\n\n\n\n<p>In Folge dessen  war dieses so instabil, dass ein ortsans\u00e4ssiger Dachdecker hinzugerufen  werden musste, der mit der Sicherung beauftragt wurde. Die Fahrbahn ist  derzeit aufgrund der Sicherungsarbeiten nur halbseitig befahrbar. <\/p>\n\n\n\n<p>Zu  Behinderungen d\u00fcrfte es nicht kommen. Der Schaden d\u00fcrfte sich nach  Sch\u00e4tzungen auf ca. 5000 Euro belaufen. Der Fahrer wurde  geb\u00fchrenpflichtig verwarnt. <\/p>\n\n\n\n<h4 class=\"wp-block-heading\">(Neustadt) &#8211; Jugendliche Neugier endet mit Feuerwehreinsatz<\/h4>\n\n\n\n<p>Ein 17-j\u00e4hriger Jugendlicher fand am 29.08.2019 gegen 13:30 Uhr in  Lachen-Speyerdorf im Bett seines Zimmergenossen einen stabf\u00f6rmigen  Gegenstand, den er untersuchen wollte. Hierbei schraubte er eine  Plastikkappe ab, ohne zu wissen, dass es sich um einen Bengalo-Stab  handelt. Der Bengalo entz\u00fcndete sich und vor Schreck fiel der Stab auf  die Matratze, die anfing zu kokeln. Der Junge konnte den Stab noch aus  dem Fenster werfen. Es enstand enorme Rauchentwicklung. Die  hinzugerufene Feuerwehr konnte die kokelnde Matratze austreten. Der  Junge blieb unverletzt. <\/p>\n\n\n\n<h4 class=\"wp-block-heading\">(Neustadt) &#8211; Ruhest\u00f6rung endet mit Fund geringer Menge Rauschgift<\/h4>\n\n\n\n<p>Schreie auf der Stra\u00dfe bewegten Anwohner der Bismarckstra\u00dfe am  29.08.2019 gegen 02:00 Uhr dazu, die Polizei anzurufen. Die Beamten  konnten einen 27-j\u00e4hrigen Mann aus Landau und eine 25-j\u00e4hrige Frau aus  Neustadt in der Friedrich-Ebert-Stra\u00dfe antreffen, wobei eindeutig  Marihuana-Geruch das Paar umgab. Eine Durchsuchung der Personen f\u00fchrte  zum Auffinden von 0,9gr Kokain bei dem 27-J\u00e4hrigen. Das Kokain wurde  sichergestellt. Nach den polizeilichen Ma\u00dfnahmen wurden beide entlassen.  Gegen den 27-J\u00e4hrigen wird nun wegen Versto\u00df gegen das  Bet\u00e4ubungsmittelgesetz ermittelt. <\/p>\n\n\n\n<h4 class=\"wp-block-heading\">(Lambrecht) &#8211; Ladendiebstahl \/ Mit vollem Einkaufswagen durch die Kasse<\/h4>\n\n\n\n<p>Drei M\u00e4nner im Alter von 27, 43 und 53 Jahren verlie\u00dfen am 29.08.02019  gegen 15:00 Uhr einen Einkaufsmarkt in Lambrecht mit einem vollen  Einkaufswagen, ohne die Waren zu bezahlen. Einer der Drei lenkte die  Kassiererin ab und die beiden anderen schoben den Wagen an der Kasse  vorbei. Dies wurde jedoch von anderen Angestellten beobachtet. Sie  stellten die Diebe vor dem Discounter und riefen die Polizei. Zwei Diebe  wollten fl\u00fcchten, konnten aber von den eingetroffenen Beamten  aufgegriffen werden. Alle Drei waren mit einer Atemalkoholkonzentration  von \u00fcber 2 Promille stark alkoholisiert. Ihnen wurde jeweils eine  Blutprobe entnommen. Der Wert der Waren betrug ca. 520 Euro. Im Rahmen  der weiteren Bearbeitung stellte sich heraus, dass gegen den 43-J\u00e4hrigen  ein Haftbefehl vorlag. Er wurde in die Justizvollzugsanstalt  Frankenthal gebracht. <\/p>\n\n\n\n<h4 class=\"wp-block-heading\">(Frankenthal) &#8211; Raubdelikt auf Bahnhofvorplatz<\/h4>\n\n\n\n<div class=\"wp-block-image\"><figure class=\"aligncenter\"><img decoding=\"async\" src=\"https:\/\/speyer24news.com\/wp-content\/uploads\/2019\/07\/Zeugen-gesucht-Neutral-3.jpg\" alt=\"\" class=\"wp-image-17272\"\/><\/figure><\/div>\n\n\n\n<p>Laut eigenen Angaben wird ein 15-j\u00e4hriger aus Frankenthal am  28.08.2019, gegen 11.30 Uhr, auf dem Weg vom Hauptbahnhof in Richtung  Parkhaus von einem Jugendlichen angesprochen. Dieser fragt ihn nach  Geld. Als der 15-j\u00e4hrige verneint Bargeld bei sich zu haben, droht ihm  der Jugendliche Schl\u00e4ge durch 4-5 weitere Jugendliche an, welche in  einiger Entfernung die Situation beobachten. Hierdurch eingesch\u00fcchtert,  h\u00e4ndigt der 15-j\u00e4hrige sein Bargeld aus. Hiernach kann er gehen. Dem  Gesch\u00e4digten werden hierbei 40 Euro geraubt. <\/p>\n\n\n\n<p><strong>Der Hauptt\u00e4ter wird  beschrieben als<\/strong> <\/p>\n\n\n\n<ul><li>etwa 15 bis 16 Jahre alt<\/li><li>etwa 160cm<\/li><li>normale Figur<\/li><li>trug ein schwarzes T-Shirt, graue Jeans und schwarze Schuhe<\/li><li>hatte  schwarze Haare und<\/li><li>s\u00fcdl\u00e4ndisches Aussehen <\/li><\/ul>\n\n\n\n<p><strong>Ein weiterer T\u00e4ter  wird beschrieben als: <\/strong><\/p>\n\n\n\n<ul><li>etwa 15-16 Jahre alt<\/li><li>etwa 175cm<\/li><li>etwas kr\u00e4ftiger<\/li><li>trug ein rotes T-Shirt<\/li><li>eine schwarze Hose und wei\u00dfe Sneaker und <\/li><li>hatte s\u00fcdl\u00e4ndisches Aussehen. <\/li><\/ul>\n\n\n\n<p>Wer sachdienliche Hinweise zu dem  genannten Fall geben kann, wird gebeten sich mit der Polizeiinspektion  Frankenthal unter der Rufnummer 06233\/313-0 oder der Polizeiwache  Maxdorf unter der Rufnummer 06237\/934-1100 in Verbindung zu setzen.  Hinweise k\u00f6nnen auch per E-Mail unter <a href=\"mailto:pifrankenthal@polizei.rlp.de\">pifrankenthal@polizei.rlp.de<\/a> an die Polizei \u00fcbermittelt werden. <\/p>\n\n\n\n<h4 class=\"wp-block-heading\">(Frankenthal) &#8211; Verkehrsunfallflucht<\/h4>\n\n\n\n<p>Die Gesch\u00e4digte stellt ihren Pkw Ford Fiesta am 22.08.2019, in der Zeit  von 14.30 Uhr bis 18.05 Uhr, in der Frankenstra\u00dfe, H\u00f6he Hausnummer 5,  ab. Als sie wieder zu ihrem Fahrzeug kommt, muss sie feststellen, dass  dieses durch einen bislang unbekannten Fahrzeugf\u00fchrer am linken  Au\u00dfenspiegel besch\u00e4digt wurde. Der Schaden wird auf etwa 200 Euro  gesch\u00e4tzt. <\/p>\n\n\n\n<p>Wer sachdienliche Hinweise zu dem genannten Fall geben  kann, wird gebeten sich mit der Polizeiinspektion Frankenthal unter der  Rufnummer 06233\/313-0 oder der Polizeiwache Maxdorf unter der Rufnummer  06237\/934-1100 in Verbindung zu setzen. Hinweise k\u00f6nnen auch per E-Mail  unter <a href=\"mailto:pifrankenthal@polizei.rlp.de\">pifrankenthal@polizei.rlp.de<\/a> an die Polizei \u00fcbermittelt werden. <\/p>\n\n\n\n<h4 class=\"wp-block-heading\">(Bobenheim-Roxheim) &#8211; Verkehrsunfall mit leichtverletzter Fahrradfahrerin<\/h4>\n\n\n\n<p>Die 16-j\u00e4hrige Gesch\u00e4digte bef\u00e4hrt am 29.08.2019, gegen 14.30 Uhr, mit  ihrem Fahrrad die Feilitzstra\u00dfe in Richtung Roxheimer Stra\u00dfe. An der  dortigen Kreuzung h\u00e4lt sie an. Ein bislang unbekannter Pkw-Fahrer,  welcher die Roxheimer Stra\u00dfe in Richtung Franz-Voll-Stra\u00dfe bef\u00e4hrt h\u00e4lt  ebenfalls zun\u00e4chst an der Kreuzung. Nach Angaben der Gesch\u00e4digten gibt  er ihr ein Handzeichen, dass sie fahren k\u00f6nne. Als die Gesch\u00e4digte mit  ihrem Fahrrad in H\u00f6he des Sto\u00dff\u00e4ngers des Pkw ist, gibt der Fahrer  pl\u00f6tzlich Gas und touchiert das Fahrrad. Die Gesch\u00e4digte f\u00e4llt hierbei  zu Boden und verletzt sich leicht im Rippenbereich. Der Fahrer steigt  hiernach kurz aus, fragt ob alles in Ordnung sei und verl\u00e4sst hiernach  die Unfallstelle, ohne sich weiter um die Gesch\u00e4digte zu k\u00fcmmern. Am  Fahrrad entsteht leichter Sachschaden. Bislang ist lediglich bekannt,  dass der Fahrer 20 bis 25 Jahre alt sein soll. <\/p>\n\n\n\n<p>Wer sachdienliche \nHinweise zu dem genannten Fall geben kann, wird gebeten sich mit der \nPolizeiinspektion Frankenthal unter der Rufnummer 06233\/313-0 oder der \nPolizeiwache Maxdorf unter der Rufnummer 06237\/934-1100 in Verbindung zu\n setzen. Hinweise k\u00f6nnen auch per E-Mail unter <a href=\"mailto:pifrankenthal@polizei.rlp.de\">pifrankenthal@polizei.rlp.de<\/a> an die Polizei \u00fcbermittelt werden. <\/p>\n\n\n\n<h4 class=\"wp-block-heading\">(Bobenheim-Roxheim) &#8211; Verkehrsunfallflucht<\/h4>\n\n\n\n<p>Die Gesch\u00e4digte stellt ihren Pkw Mercedes-Benz A150 am 27.08.2019, in  der Zeit von 09.00 Uhr bis 19.00 Uhr im S\u00fcdring auf dem Parkplatz eines  Einkaufszentrums ab. Als sie wieder zu ihrem Fahrzeug kommt, muss sie  feststellen, dass dieses durch einen bislang unbekannten Fahrzeugf\u00fchrer  an der hinteren linken Sto\u00dfstange besch\u00e4digt wurde. Der Schaden wird auf  etwa 750 Euro gesch\u00e4tzt. <\/p>\n\n\n\n<p>Wer sachdienliche Hinweise zu dem  genannten Fall geben kann, wird gebeten sich mit der Polizeiinspektion  Frankenthal unter der Rufnummer 06233\/313-0 oder der Polizeiwache  Maxdorf unter der Rufnummer 06237\/934-1100 in Verbindung zu setzen.  Hinweise k\u00f6nnen auch per E-Mail unter <a href=\"mailto:pifrankenthal@polizei.rlp.de\">pifrankenthal@polizei.rlp.de<\/a> an die Polizei \u00fcbermittelt werden. <\/p>\n\n\n\n<h4 class=\"wp-block-heading\">(Ludwigshafen) &#8211; 41-J\u00e4hriger beim Einbruch erwischt<\/h4>\n\n\n\n<p>Ein 41-J\u00e4hriger wurde am Freitag (30.08.2019) dabei beobachtet, wie er  mit einem unbekannten Komplizen versuchte in einen Mobilfunkshop in der  Kaiser-Wilhelm-Stra\u00dfe einzubrechen. Gegen 1.40 Uhr wurde die Polizei von  einem aufmerksamen Zeugen gemeldet, dass sich zwei Personen verd\u00e4chtig  vor einem Mobilfunkshop aufhalten w\u00fcrden. Als die Polizei eintraf wurde  ein 41-J\u00e4hriger und dessen Komplize festgestellt. Ein Fenster des  Mobilfunkshops wurde bereits durch die Einbrecher ge\u00f6ffnet. Der Komplize  ergriff sofort die Flucht, wohingegen der 41-J\u00e4hrigre festgenommen  werden konnte. Den 41-J\u00e4hrigen erwartet nun eine Anzeige wegen  Einbruchdiebstahls. Die Ermittlungen zu dem fl\u00fcchtigen zweiten T\u00e4ter  dauern an. <\/p>\n\n\n\n<h4 class=\"wp-block-heading\">(Ludwigshafen) &#8211; Einbr\u00fcche im Stadtgebiet Ludwigshafen<\/h4>\n\n\n\n<p>Am Donnerstag (29.08.2019) ereigneten sich insgesamt zwei Einbr\u00fcche im Bereich Ludwigshafen. <\/p>\n\n\n\n<p>In\n der Bolandenstra\u00dfe hebelten Unbekannte zwischen 20.15 Uhr und 21 Uhr \nein Fenster eines Einfamilienhauses auf und stahlen Schmuck im \nGesamtwert in noch unbekannter H\u00f6he. <\/p>\n\n\n\n<p>Am fr\u00fchem Morgen zwischen \n4.11 Uhr und 5.36 Uhr gelangten Unbekannte in einen Keller eines \nWohnhauses in der Luitpoldstra\u00dfe. Die Bewohner wurden durch laute \nGer\u00e4usche geweckt und machten lauten L\u00e4rm, um den der\/die Einbrecher zu \nverscheuchen. Dies funktionierte auch, sodass der\/die T\u00e4ter ohne Beute \nverscheucht wurde\/n. <\/p>\n\n\n\n<p>Sachdienliche Hinweise nimmt die Kriminalpolizei Ludwigshafen unter der Telefonnummer 0621\/963-2773 oder per Email <a href=\"mailto:kiludwigshafen@polizei.rlp.de\">kiludwigshafen@polizei.rlp.de<\/a> entgegen. <\/p>\n\n\n\n<h4 class=\"wp-block-heading\">(Ludwigshafen) &#8211; 21-J\u00e4hriger mit Drogen erwischt \/ Eltern und Sch\u00fcler halfen<\/h4>\n\n\n\n<p>Ein 21-J\u00e4hrige wurde am Donnerstag (29.08.2019) mit Drogen erwischt,  nachdem er zuvor sich einer Polizeikontrolle entzog. Gegen 18.40 Uhr  wollte eine Polizeistreife zwei Personen im Bereich der Leuschnerstra\u00dfe  kontrollieren. Beim Erblicken der Polizei ergriffen beide sofort die  Flucht. Eine Person konnte verfolgt werden, wurde aber auf H\u00f6he der  dortigen Goetheschule aus den Augen verloren. Da sich zu diesem  Zeitpunkt mehrere Eltern mit ihren Kindern, aufgrund eines Elternabends,  auf dem Schulgel\u00e4nde aufhielten, erkundigten sich die Polizeibeamten,  ob eine rennende Person ihnen aufgefallen sei. Mehrere Kinder teilten  den Polizeibeamten mit, dass sich ein Mann in einem Geb\u00fcsch auf dem  Schulhof verstecken w\u00fcrde. Die Polizei sah nach und fand den Fl\u00fcchtigen,  einen 21-J\u00e4hrinen, in einem Geb\u00fcsch kauernd. Mit Hilfe von Eltern und  Sch\u00fclern wurde noch eine Tasche, die der 21-J\u00e4hrige auf der Flucht  wegwarf, in einem Geb\u00fcsch gefunden. In der Tasche befanden sich eine  geringe Menge an Bet\u00e4ubungsmittel. Der 21-J\u00e4hrige muss sich nun wegen  des Versto\u00dfes gegen das Bet\u00e4ubungsmittelgesetz verantworten. Der zweite  Fl\u00fcchtige entkam. <\/p>\n\n\n\n<h4 class=\"wp-block-heading\">(Ludwigshafen) &#8211; Polizeibeamtin leicht verletzt<\/h4>\n\n\n\n<p>Ein 31-J\u00e4hriger wurde am Donnerstag (29.08.2019) dem kommunalen  Vollzugsdienst \u00fcbergeben, nachdem er zuvor im Bereich des Berliner  Platzes mehrere Leute anp\u00f6belte. Gegen 18.30 Uhr erreichte die Polizei  mehrere Notrufe, dass ein Mann mehrere Personen im Bereich des Berliner  Platzes in einer aggressiven Art und Weise bel\u00e4stigen w\u00fcrde. Als die  Polizei eintraf ging er mit geballter Faust auf die Polizeibeamten los  und verletzt hierbei eine Polizeibeamtin leicht. Der 31-J\u00e4hrige musste  gefesselt werden und wurde anschlie\u00dfend dem kommunalen Vollzugsdienst  der Stadt Ludwigshafen \u00fcbergeben. <\/p>\n\n\n\n<h4 class=\"wp-block-heading\">(Ludwigshafen) &#8211; 85-J\u00e4hriger \u00fcbersieht Fu\u00dfg\u00e4ngerin<\/h4>\n\n\n\n<p>Eine 17-J\u00e4hrige musste am Donnerstag (29.08.2019) verletzt in ein  Krankenhaus eingeliefert werden, nachdem sie von einem Pkw erfasst  wurde. Gegen 17 Uhr wollte ein 85-j\u00e4hriger Pkw-Fahrer von der  Pfalzgrafenstra\u00dfe kommend rechts in die Wittelsbachstra\u00dfe abbiegen.  Hierbei \u00fcbersah er eine 17-j\u00e4hrige Fu\u00dfg\u00e4ngerin, die in diesem Moment  einen Fu\u00dfg\u00e4nger\u00fcberweg \u00fcberquerte. Die Jugendliche prallte \u00fcber die  Motorhaube auf den Asphalt auf. Ein Krankenwagen brachte die 17-J\u00e4hrige  verletzt in ein Krankenhaus. <\/p>\n\n\n\n<h4 class=\"wp-block-heading\">(Ludwigshafen) &#8211; 20 000 Euro Schaden nach Verkehrsunfall<\/h4>\n\n\n\n<p>Ein 51-J\u00e4hriger verursachte am Donnerstag (29.08.2019) einen  Verkehrsunfall und einen Gesamtschaden in H\u00f6he von 20 000 Euro. Der Mann  wollte mit seinem Pkw gegen 14.30 Uhr links in den Adlerdamm im Bereich  der Mundenheimer Stra\u00dfe abbiegen. Hierbei \u00fcbersah er einen  entgegenkommenden Audi und stie\u00df mit diesem zusammen. Beide Fahrzeuge  waren nicht mehr fahrbereit und mussten abgeschleppt werden. Der  52-j\u00e4hrige Audi-Fahrer und der 51-J\u00e4hrige wurden nicht verletzt. <\/p>\n\n\n\n<h4 class=\"wp-block-heading\">(Ludwigshafen) &#8211; Werkzeug von Baustelle gestohlen<\/h4>\n\n\n\n<p>Ein 42-J\u00e4hriger teilte am 29.08.2019, gegen 2:30 Uhr, mit, dass er  soeben einen Unbekannten beobachtet habe, der mit einer Taschenlampe auf  einer Baustelle in der Pr\u00e4lat-Caire-Stra\u00dfe in einen Pritschenwagen  geleuchtet habe. Im Anschluss sei der Unbekannte geflohen. Durch  Polizeibeamte der Polizeiinspektion Ludwighafen 2 konnte der 35-j\u00e4hrige  T\u00e4ter am Schlo\u00dfkanal auf H\u00f6he des Josef-Queva-Parks gefasst werden. Bei  ihm konnte Werkzeug festgestellt werden, das von der Baustelle stammte.  Den 35-J\u00e4hrigen erwartet nun eine Anzeige wegen Diebstahls. <\/p>\n\n\n\n<p>Zeugen,  die den Vorfall beobachtet haben, werden gebeten, sich bei der  Polizeiinspektion Ludwigshafen 2  unter der Telefonnummer 0621 963-2222  oder per E-Mail <a href=\"mailto:piludwigshafen2@polizei.rlp.de\">piludwigshafen2@polizei.rlp.de<\/a> zu melden. <\/p>\n\n\n\n<h4 class=\"wp-block-heading\">(Ludwigshafen) &#8211; 18.000 Euro Sachschaden nach Verkehrsunfall<\/h4>\n\n\n\n<p>Als ein 57-J\u00e4hriger am 28.08.2019 gegen 10:40 Uhr mit seinem Auto von  einem Parkplatz in der Rheing\u00f6nheimer Stra\u00dfe in den flie\u00dfenden Verkehr  einfahren wollte, kollidierte er mit dem Auto eines 72-J\u00e4hrigen. Durch  den Unfall wurde niemand verletzt. Insgesamt entstand ein Sachschaden  von etwa 18.000 Euro. <\/p>\n\n\n\n<h4 class=\"wp-block-heading\">(Ludwigshafen) &#8211; Einbruchsversuche scheitern<\/h4>\n\n\n\n<p>Am Mittwochmorgen, gg. 10 Uhr, klingelten Unbekannte an einem  Einfamilienhaus in der Homburger Stra\u00dfe. Als nicht ge\u00f6ffnet wurde,  verschafften sie sich Zutritt zum Grundst\u00fcck und versuchten die  Terrassent\u00fcr aufzuhebeln. Dabei wurden sie von der Bewohnerin ertappt  und fl\u00fcchteten. Die Fahndungsma\u00dfnahmen er Polizei verliefen erfolglos.  Eine Beschreibung des T\u00e4ters gibt es leider nicht. <\/p>\n\n\n\n<p>Zu einem  weiteren Versuch kam es heute Morgen, gg. 4 Uhr. Unbekannte verschafften  sich Zutritt in den Keller eines Hauses in der Luitpoldstra\u00dfe. Die  anwesenden Bewohner bemerkten Ger\u00e4usche im Keller des Anwesens und  verst\u00e4ndigten die Polizei. Bis zu unsrem Eintreffen waren die T\u00e4ter  gefl\u00fcchtet, entwendet wurde nichts. Die Polizei sucht Zeugen, die  gestern im Bereich Homburger Stra\u00dfe und heute Morgen im Bereich  Luitpoldstra\u00dfe Beobachtungen gemacht haben. Sachdienliche Hinweise nimmt  die Kriminalpolizei Ludwigshafen unter der Telefonnummer 0621\/963-2773  oder per E-Mail <a href=\"mailto:kiludwigshafen@polizei.rlp.de\">kiludwigshafen@polizei.rlp.de<\/a> entgegen. <\/p>\n\n\n\n<h4 class=\"wp-block-heading\">(Ludwigshafen) &#8211; Kontrolleure verletzt<\/h4>\n\n\n\n<p>Ein bislang Unbekannter verletzte am 28.08.2019 gegen 7:20 Uhr zwei Stra\u00dfenbahnkontrolleure an der Haltestelle &#8222;am Schwanen&#8220;. <\/p>\n\n\n\n<p>Zuvor\n hatten der 38-J\u00e4hrige Kontrolleur und sein 58-J\u00e4hriger Kollege den \nUnbekannten nach dessen Fahrschein gefragt. Als dieser keinen vorweisen \nkonnte, sollten die Personalien aufgenommen werden. Als sich an der \nHaltestelle alle T\u00fcren \u00f6ffneten, schubste er den 58-J\u00e4hrigen. Dem \n38-J\u00e4hrigen schlug er mit der Faust gegen die Schl\u00e4fe. Anschlie\u00dfend \nfl\u00fcchtete der T\u00e4ter in unbekannte Richtung. <\/p>\n\n\n\n<p>Beide Kontrolleure wurden leicht verletzt. <\/p>\n\n\n\n<p>Bei\n dem Unbekannten handelt es sich um einen 28-30-j\u00e4hrigen, etwa 1,80 m \ngro\u00dfen Mann. Beide Arme sind t\u00e4towiert. Zum Tatzeitpunkt trug er ein \ngr\u00fcnes Shirt. Er hatte einen Rucksack bei sich. <\/p>\n\n\n\n<p>Die Polizeiinspektion Ludwigshafen 1 bittet um sachdienliche Hinweise unter der Telefonnummer 0621 963-2122 oder per e-Mail <a href=\"mailto:piludwigshafen1@polizei.rlp.de\">piludwigshafen1@polizei.rlp.de<\/a>. <\/p>\n\n\n\n<h4 class=\"wp-block-heading\">(Ludwigshafen) &#8211; Gartenger\u00e4te gestohlen<\/h4>\n\n\n\n<p>In der Kanalstra\u00dfe wurden zwischen dem 27.08.2019, 16:15 Uhr, und dem  28.08.2019, 07:15 Uhr, von einem Unbekannten mehrere Gartenger\u00e4te von  einem Pritschenfahrzeug gestohlen. Es entstand ein Schaden in H\u00f6he eines  niedrigen vierstelligen Betrags. <\/p>\n\n\n\n<p>Sachdienliche Hinweise nimmt die Kriminalpolizei Ludwigshafen unter der Telefonnummer 0621\/963-2773 oder per E-Mail <a href=\"mailto:kiludwigshafen@polizei.rlp.de\">kiludwigshafen@polizei.rlp.de<\/a> entgegen. <\/p>\n\n\n\n<h4 class=\"wp-block-heading\">(Ludwigshafen) &#8211; Auslobung von 500 Euro nach Sachbesch\u00e4digung<\/h4>\n\n\n\n<p>In der Zeit zwischen Samstag den 03.08.2019 15 Uhr und Montag  05.08.2019 7 Uhr haben unbekannte T\u00e4ter am Schulzentrum in Mundenheim in  der Karolina-Burger-Stra\u00dfe 42 in Ludwigshafen mehrere Fenster und T\u00fcren  besch\u00e4digt und hierbei ca. 30 Scheiben mit Schotter- und Backsteinen  eingeworfen, welche sie zuvor aus dem naheliegenden Gleisbett der  Stra\u00dfenbahn entnommen hatten. Die Schadensh\u00f6re wird auf 15 000 bis 20  000 Euro gesch\u00e4tzt. F\u00fcr Hinweise, die zur Aufkl\u00e4rung der Tat sowie zur  T\u00e4terermittlung f\u00fchren, hat die Staatsanwaltschaft Frankenthal eine  Belohnung in H\u00f6he von 500 Euro ausgesetzt. \u00dcber die Zuerkennung und  gegebenenfalls die Verteilung der Belohnung wird unter Ausschluss des  Rechtswegs entschieden. Die Belohnung ist ausschlie\u00dflich f\u00fcr  Privatpersonen und nicht f\u00fcr Beamte bestimmt, zu deren Berufspflichten  die Verfolgung strafbarer Handlungen geh\u00f6rt. Ebenfalls ausgeschlossen  sind unmittelbar durch die Tat gesch\u00e4digte Personen. Sachdienliche  Hinweise bitte an die Polizeiinspektion Ludwigshafen 1, Telefonnummer  0621 963-2122 oder per E-Mail <a href=\"mailto:piludwigshafen1@polizei.rlp.de\">piludwigshafen1@polizei.rlp.de<\/a> . <\/p>\n\n\n\n<h4 class=\"wp-block-heading\">(Mannheim) &#8211; Gro\u00dfes Kinderfest in der Jugendverkehrsschule Mannheim \/ Viele Mitmachaktionen und Informationen f\u00fcr Gro\u00df und Klein<\/h4>\n\n\n\n<div class=\"wp-block-image\"><figure class=\"aligncenter\"><img decoding=\"async\" loading=\"lazy\" width=\"500\" height=\"680\" src=\"https:\/\/speyer24news.com\/wp-content\/uploads\/2019\/08\/Kinderfest.jpg\" alt=\"\" class=\"wp-image-18458\" srcset=\"https:\/\/speyer24news.com\/wp-content\/uploads\/2019\/08\/Kinderfest.jpg 500w, https:\/\/speyer24news.com\/wp-content\/uploads\/2019\/08\/Kinderfest-221x300.jpg 221w\" sizes=\"(max-width: 500px) 100vw, 500px\" \/><figcaption>Kinderfest-Plakat\n\nPP Mannheim<\/figcaption><\/figure><\/div>\n\n\n\n<p>Zum Ende der gro\u00dfen Ferien steigt auf dem Gel\u00e4nde der  Jugendverkehrsschule Mannheim am 08. September, von 11.00 &#8211; 18.00 Uhr,  wieder das gro\u00dfe und beliebte Kinderfest. <\/p>\n\n\n\n<p>F\u00fcr jede Altersgruppe \nwird etwas geboten. Kasperletheater und Krabbelparcours sowie \numfangreiche Spielstationen wie z.B. eine Kistenrutsche f\u00fcr die \nKleinsten oder Fahrrad- und Kettcar-Parcours f\u00fcr die etwas \u00c4lteren. Mit \nPonyreiten, Polizeihundevorf\u00fchrung, L\u00f6schen eines brennenden Hauses bei \nder Jugendfeuerwehr und dem Einsatz des B\u00e4renhospitals des DRK werden \ndie Kinderherzen aller Altersgruppen h\u00f6her schlagen. Erstmals wird in \ndiesem Jahr auch die Rettungshundestaffel des DRK mit einer Vorf\u00fchrung \ndabei sein. An ihrem Stand kann man sich \u00fcber deren Arbeit informieren \nund die Rettungshunde stellen sich zum Knuddeln zur Verf\u00fcgung. Wer \nm\u00f6chte nicht gerne mal ein Polizist oder eine Polizistin sein? Die \nPolizeieinsatztrainer bieten wieder die M\u00f6glichkeit, s\u00e4mtliche \nPolizeiausstattungen auszuprobieren. Die Wasserschutzpolizei wird mit \neinem Rettungsboot aufwarten und nat\u00fcrlich k\u00f6nnen sich die jungen G\u00e4ste \nwieder auf dem Polizeimotorrad fotografieren lassen. Des Weiteren kann \nman dank des Angebots von &#8222;Round table&#8220;, welche wieder mit einem LKW vor\n Ort sind, die gro\u00dfe Gefahr des &#8222;Toten Winkels&#8220; kennenlernen. <\/p>\n\n\n\n<p>Aber\n auch f\u00fcr die Erwachsenen wird etwas geboten. Mit dem Alkoholsimulator \nkann man die negativen Auswirkungen des beliebten Getr\u00e4nks einmal \nhautnah &#8222;erfahren&#8220;. Auch die Beratung rund um die Themen Kindersitze, \nFahrradanh\u00e4nger und Fahrradhelme findet wieder wie gewohnt statt. \nZus\u00e4tzlich gibt es einen E-Bike-Parcours. <\/p>\n\n\n\n<p>Der Besuch des Festes \nist zwar kostenlos, aber mit Sicherheit nicht umsonst, zumal f\u00fcr das \nleibliche Wohl zu familienfreundlichen Preisen bestens gesorgt ist. <\/p>\n\n\n\n<p>Parkm\u00f6glichkeiten\n gibt es in begrenztem Umfang vor der Jugendverkehrsschule in der \nOskar-von-Miller Stra\u00dfe 5 und auf dem nahegelegenen ALDI-Parkplatz in \nder Boveristra\u00dfe. Die Anfahrt mit Fahrrad oder \u00f6ffentlichen \nVerkehrsmitteln (Linie 4\/ 4a Haltestelle &#8222;Jugendverkehrsschule&#8220;) wird \nempfohlen. <\/p>\n\n\n\n<p>Das Team der Jugendverkehrsschule freut sich auf Ihren Besuch! <\/p>\n\n\n\n<h4 class=\"wp-block-heading\">(Mannheim) &#8211; Auffahrunfall in der Augustaanlage \/ Zwei Kinder leicht verletzt<\/h4>\n\n\n\n<p>Zwei Kinder im Alter von f\u00fcnf Jahren wurden am Mittwoch, gegen 16:35  Uhr, bei einem Auffahrunfall in der Augustaanlage leicht verletzt. Eine  25-j\u00e4hrige Renault-Fahrerin war in Richtung Wilhelm-Varnholt-Allee  unterwegs und fuhr in H\u00f6he des Carl-Rei\u00df-Platzes auf den verkehrsbedingt  abbremsenden Ford einer 27-J\u00e4hrigen auf. Durch den Aufprall zogen sich  die zwei Kinder im Ford leichte Verletzungen zu und mussten vorsorglich  in ein Krankenhaus gebracht werden. Der Renault war nicht mehr  fahrbereit und wurde abgeschleppt. Es entstand Sachschaden in H\u00f6he von  ca. 5.000 Euro. <\/p>\n\n\n\n<h4 class=\"wp-block-heading\">(Mannheim-Neckarstadt) &#8211; 33-J\u00e4hriger wegen des dringenden Verdachts des  Handels mit Bet\u00e4ubungsmitteln auf Antrag der Staatsanwaltschaft  Mannheim in Untersuchungshaft<\/h4>\n\n\n\n<h4 class=\"wp-block-heading\">Gemeinsame Pressemitteilung der Staatsanwaltschaft und des Polizeipr\u00e4sidiums Mannheim <\/h4>\n\n\n\n<figure class=\"wp-block-image\"><img decoding=\"async\" src=\"https:\/\/speyer24news.com\/wp-content\/uploads\/2019\/08\/Zelle.jpg\" alt=\"\" class=\"wp-image-18363\"\/><\/figure>\n\n\n\n<p>Auf\n Antrag der Staatsanwaltschaft Mannheim wurde ein 33-j\u00e4hriger Mann dem \nErmittlungsrichter beim Amtsgericht Mannheim vorgef\u00fchrt. Dieser erlie\u00df \nHaftbefehl. <\/p>\n\n\n\n<p>Der Beschuldigte steht im dringenden Verdacht, \nBet\u00e4ubungsmittel in nicht geringer Menge besessen zu haben, um diese \ngewinnbringend zu ver\u00e4u\u00dfern und sich durch den Weiterverkauf eine nicht \nunerhebliche Einnahmequelle zu verschaffen. <\/p>\n\n\n\n<p>Im Zuge einer \nPersonenkontrolle am Donnerstagmorgen fand eine Streife des \nPolizeireviers Mannheim-Neckarstadt in dem von dem Wohnsitzlosen \nmitgef\u00fchrten Rucksack einen Beutel mit einer wei\u00dflichen Substanz sowie \nann\u00e4hernd 300 Euro Bargeld. Im Zuge der weiteren Abkl\u00e4rungen wurde \nbekannt, dass es sich bei dem Inhalt der Plastikt\u00fcte um 1000 Gramm \nfl\u00fcssiges Amphetamin handelte. Daraufhin \u00fcbernahm die bei der \nKriminalpolizeidirektion Heidelberg angesiedelte EG Rauschgift die \nweitere Ermittlungsarbeit. <\/p>\n\n\n\n<p>Nach der vorl\u00e4ufigen Festnahme wurde \nder Verd\u00e4chtige am Freitagmittag dem Ermittlungsrichter beim Amtsgericht\n Mannheim vorgef\u00fchrt, der auf Antrag der Staatsanwaltschaft Mannheim \nHaftbefehl erlie\u00df. Anschlie\u00dfend wurde er in eine Justizvollzugsanstalt \neingeliefert. <\/p>\n\n\n\n<p>Die Ermittlungen der Staatsanwaltschaft Mannheim und der Kriminalpolizeidirektion Heidelberg dauern an. <\/p>\n\n\n\n<h4 class=\"wp-block-heading\">(Mannheim-Schwetzingerstadt) &#8211; Beim R\u00fcckw\u00e4rtsausparken mit Radfahrer  kollidiert \/ Radfahrer prallte gegen Heckscheibe und wird verletzt<\/h4>\n\n\n\n<p>Eine 40-j\u00e4hrige Mercedes-Fahrerin \u00fcbersah am Donnerstag, gegen 18:45  Uhr, in der Tattersallstra\u00dfe beim R\u00fcckw\u00e4rtsausparken einen herannahenden  51-j\u00e4hrigen Radfahrer und kollidierte mit diesem. Der Mann prallte mit  seinem Oberk\u00f6rper gegen die Heckscheibe, die durch die Wucht zerst\u00f6rt  wurde. Er zog sich hierbei mehrere Schnittwunden am Arm zu und musste  mit einem Rettungswagen zur ambulanten Behandlung in eine Klinik  gebracht werden. Am Mercedes entstand Sachschaden in H\u00f6he von ca. 3.000  Euro. <\/p>\n\n\n\n<h4 class=\"wp-block-heading\">(Mannheim-Rheinau) &#8211; \u00dcber Balkon in Wohnung eingedrungen \/ Zeugen gesucht!<\/h4>\n\n\n\n<p>In der Rohrhofer Stra\u00dfe, in H\u00f6he der Haltestelle &#8222;Martinskirche&#8220;, wurde  am Donnerstag, zwischen 7 Uhr und 14:50 Uhr, in eine Wohnung  eingebrochen. Ein bislang unbekannter T\u00e4ter war \u00fcber den Balkon  geklettert und drang \u00fcber die Balkont\u00fcr in die Erdgeschosswohnung ein.  Er durchsuchte mehrere R\u00e4ume nach Brauchbarem und lie\u00df nach derzeitigem  Kenntnisstand eine Kassette mit Bargeld, pers\u00f6nliche Dokumente und drei  goldene Armketten mitgehen. Der Wert des Diebesguts steht bislang nicht  fest. <\/p>\n\n\n\n<p>Zeugen, die verd\u00e4chtige Beobachtungen gemacht haben, werden  gebeten, sich mit dem Polizeirevier Mannheim-Neckarau unter  Tel.:0621\/83397-0 in Verbindung zu setzen. <\/p>\n\n\n\n<h4 class=\"wp-block-heading\">(Mannheim-Sch\u00f6nau) &#8211; Unbekannter stiehlt schwarzen Mercedes Viano \/ Zeugen gesucht!<\/h4>\n\n\n\n<p>Auf bislang ungekl\u00e4rte Art und Weise entwendete ein unbekannter T\u00e4ter  am fr\u00fchen Freitag, gegen 3:35 Uhr, einen schwarzen Mercedes Viano, der  vor einem Anwesen in der Stra\u00dfe &#8222;Graudenzer Linie&#8220;, in H\u00f6he der  Stettiner Stra\u00dfe, stand. Die Gesch\u00e4digte wurde aufgrund des startenden  Motors aus dem Schlaf gerissen und sah, wie eine unbekannte Person mit  ihrem Fahrzeug in Richtung Memeler Stra\u00dfe davonfuhr. Laut Aussage der  Gesch\u00e4digten trug der T\u00e4ter ein schwarzes Sweatshirt mit wei\u00dfen  &#8222;Adidas-Streifen&#8220;. <\/p>\n\n\n\n<p>Der Mercedes hat dunkel get\u00f6nte Scheiben und \nam Kofferraumdeckel die Aufschrift &#8222;Harley Davidson Speed Monster&#8220;. An \nihm sind die Kennzeichen MA-LT 16 angebracht. Der Wert wird auf ca. \n10.000 Euro gesch\u00e4tzt. <\/p>\n\n\n\n<p>Zeugen, die verd\u00e4chtige Wahrnehmungen  gemacht haben oder Hinweise zum Verbleib des gestohlenen Fahrzeugs geben  k\u00f6nnen, werden gebeten, sich beim Kriminaldauerdienst unter Tel.:  0621\/174-4444 zu melden. <\/p>\n\n\n\n<h4 class=\"wp-block-heading\">(Mannheim-K\u00e4fertal) &#8211; 19-J\u00e4hriger verursacht zwei Unf\u00e4lle und fl\u00fcchtet dann vom Unfallort<\/h4>\n\n\n\n<p>Gleich wegen mehrerer Straftatbest\u00e4nde ermittelt die Mannheimer Polizei gegen einen 19-j\u00e4hrigen Mann. <\/p>\n\n\n\n<p>Zun\u00e4chst  verursachte der junge Mann, am Mittwoch kurz nach 21:00 Uhr in der Oberen  Riedstra\u00dfe einen Verkehrsunfall, indem er den R\u00fcckw\u00e4rtsgang einlegte und  gegen einen hinter ihm fahrenden Fiat stie\u00df. Ohne sich um den Schaden  zu k\u00fcmmern, fuhr der Unfallverursacher weiter und stie\u00df erneut beim  R\u00fcckw\u00e4rtsfahren auf dem Parkplatz eines Kraftfahrzeugherstellers gegen  die Begrenzung eines Kreisverkehrs. Abermals fl\u00fcchtete der  Heranwachsende und entkam entgegen einer Einbahnstra\u00dfe in Richtung  Speckweg. <\/p>\n\n\n\n<p>Da es Hinweise auf den Unfallverursacher bzw. dessen \nPkw gab, wussten die fahndenden Funkstreifen schnell, wo sie zu suchen \nhatten. Den jungen Mann trafen sie zu Hause im Stadtteil Herzogenried \nan, sein Auto fand man im Bereich des Neuen Messplatzes. Der Alkohol- \nund der Drogenvortest verliefen zwar negativ, der Umstand, dass der \n19-J\u00e4hrige jedoch ohne F\u00fchrerschein unterwegs war, erkl\u00e4rte schnell sein\n Verhalten. <\/p>\n\n\n\n<p>Au\u00dferdem stellte sich heraus, dass er den benutzten \nPkw ohne das Wissen seiner Besitzer gefahren hatte; daher ermittelt die \nPolizei zudem wegen unbefugter Ingebrauchnahme eines Pkws. <\/p>\n\n\n\n<h4 class=\"wp-block-heading\">(Mannheim-K\u00e4fertal) &#8211; Neufahrzeug von Gel\u00e4nde eines Autohauses gestohlen \/ Wer kann Hinweise geben?<\/h4>\n\n\n\n<p>Vom Gel\u00e4nde eines Autohauses in der Weinheimer Stra\u00dfe wurde in der Zeit  von Dienstag, 18 Uhr bis Mittwoch, 8:30 Uhr, ein neuer VW T6 Multivan  im Wert von \u00fcber 30.000 Euro gestohlen. Wie der oder die bislang  unbekannten T\u00e4ter das Fahrzeug entriegelten, ist bislang unklar. <\/p>\n\n\n\n<p>Zeugen,  die verd\u00e4chtige Beobachtungen gemacht haben oder Hinweise zum Verbleib  des Fahrzeugs geben k\u00f6nnen, werden gebeten, sich beim  Kriminaldauerdienst unter Tel.: 0621\/174-4444 zu melden. <\/p>\n\n\n\n<h4 class=\"wp-block-heading\">(Mannheim-Vogelstang) &#8211; Vor Frauen unsittliche Handlungen vorgenommen; weitere Gesch\u00e4digte und Zeugen gesucht!<\/h4>\n\n\n\n<div class=\"wp-block-image\"><figure class=\"aligncenter\"><img decoding=\"async\" src=\"https:\/\/speyer24news.com\/wp-content\/uploads\/2019\/07\/Zeugen-gesucht-Neutral-3.jpg\" alt=\"\" class=\"wp-image-17272\"\/><\/figure><\/div>\n\n\n\n<p>Das Auftreten eines sogenannten Exhibitionisten am Strand des unteren  Vogelstangsees wurde der Polizei am 22. August gemeldet. In der  Folgezeit kam es zu weiteren Zwischenf\u00e4llen mit dem Tatverd\u00e4chtigen. <\/p>\n\n\n\n<p>Wie\n die bisherigen Ermittlungen des Dezernats f\u00fcr Sexualdelikte des \nKriminalkommissariats in Mannheim ergaben, entbl\u00f6\u00dfte sich der \nmittlerweile ermittelte 24-j\u00e4hrige Mann erstmals am 20. August zwischen \n13:30 Uhr und 14:00 Uhr  vor zwei Frauen. Nach diesem Vorfall entkam der\n Mann unerkannt, bevor er am 22.08., zur selben Zeit, erneut ungeh\u00f6rige \nHandlungen an sich vornahm, dieses Mal jedoch vor einer weiteren, \nbislang noch nicht ermittelten Gesch\u00e4digten. Am 27. August, gegen 13:00 \nUhr erkannten die beiden gesch\u00e4digten Frauen vom 20. August den \nUnbekannten wieder und verst\u00e4ndigten umgehend die Polizei. <\/p>\n\n\n\n<p>Da die\n \u00d6rtlichkeit polizeilich \u00fcberwacht wurde, gelang am 27. August der \nZugriff und der Exhibitionist konnte festgenommen werden. <\/p>\n\n\n\n<p>Die  Kriminalpolizei sucht nun nach weiteren Zeugen und Gesch\u00e4digten des  24-j\u00e4hrigen Mannes. <\/p>\n\n\n\n<ul><li>Er hat nackenlange schwarze Haare tr\u00e4gt sein Haupthaar kurz und hat einen sp\u00e4rlich wirkenden schwarzen Vollbart<\/li><li>Er  ist 175 bis 180 cm gro\u00df <\/li><li>und von s\u00fcdl\u00e4ndischem Typ<\/li><\/ul>\n\n\n\n<p>Insbesondere die bislang unbekannte 20 bis 25-j\u00e4hrige Gesch\u00e4digte wird gebeten, die Polizei unter 0621\/174-4444 anzurufen. <\/p>\n\n\n\n<h4 class=\"wp-block-heading\">(Mannheim-Sandhofen) &#8211; Toyota-Fahrer f\u00e4hrt an Ampel auf LKW auf und zieht sich leichte Verletzungen zu<\/h4>\n\n\n\n<p>Leichte Verletzungen zog sich ein 79-j\u00e4hriger Toyota-Fahrer zu, der am  Mittwoch, gegen 16:35 Uhr, in der Frankenthaler Stra\u00dfe, an der Kreuzung  zur B\u00fcrstadter Stra\u00dfe, auf einen LKW aufgefahren war. Der 52-j\u00e4hrige  LKW-Fahrer musste an der Kreuzung seinen Lastwagen aufgrund einer roten  Ampel abbremsen, was der nachfolgende Toyota-Fahrer offenbar wegen des  starken Regens zu sp\u00e4t erkannte. Durch die Kollision wurden beide  Fahrzeuge erheblich besch\u00e4digt, der Toyota sogar so sehr, dass er  abgeschleppt werden musste. Der 79-j\u00e4hrige Autofahrer wurde mit  Prellungen in ein Krankenhaus eingeliefert. W\u00e4hrend der Unfallaufnahme  und S\u00e4uberung der Fahrbahn musste die Frankenthaler Stra\u00dfe kurzzeitig  gesperrt werden. Es entstand Sachschaden in H\u00f6he von ca. 15.000 Euro. <\/p>\n\n\n\n<h4 class=\"wp-block-heading\">(Mannheim \/ Heidelberg) &#8211; E-Scooter-Kontrollwoche des Polizeipr\u00e4sidiums Mannheim, Bilanz aus polizeilicher Sicht<\/h4>\n\n\n\n<p>Seit Inkrafttreten der &#8222;Verordnung \u00fcber die Teilnahme von  Elektrokleinstfahrzeugen am Stra\u00dfenverkehr&#8220; sind noch nicht einmal zwei  Monate vergangen. Zwischenzeitlich steht auch in den Gro\u00dfst\u00e4dten  Mannheim und Heidelberg eine gro\u00dfe Anzahl von E-Scootern zur Nutzung  bereit und die elektrifizierten Tretroller geh\u00f6ren zum Stadtbild, nicht  zur Freude aller. Vermehrt kam es in j\u00fcngster Vergangenheit zu  Beschwerden besorgter B\u00fcrgerinnen und B\u00fcrger, da einzelne  E-Scooter-Lenker sich um die Einhaltung der Verkehrsregeln wenig bem\u00fcht  zeigten. <\/p>\n\n\n\n<p>Grund genug, f\u00fcr die St\u00e4dte Mannheim und Heidelberg in \nKooperation mit dem Polizeipr\u00e4sidium Mannheim zu einer gemeinsamen \nE-Scooter-Kontrollwoche aufzurufen. Diese hatte vor allen Dingen das \nZiel, durch Aufkl\u00e4rung und Sanktionierung die Sicherheit im \nStra\u00dfenverkehr zu erh\u00f6hen. Die Ma\u00dfnahmen, die unter den Augen der \n\u00d6ffentlichkeit stattfanden, wurden insgesamt sehr positiv aufgenommen \nund von einer breiten Mehrheit begr\u00fc\u00dft. Im Rahmen der verst\u00e4rkten \nKontrollen wurden die beanstandeten Fahrer aufgrund des gezeigten \nFehlverhaltens auf die Regeln und Vorschriften im Zusammenhang mit der \nNutzung des neuen Verkehrsmittels hingewiesen. <\/p>\n\n\n\n<p>In der Zeit \nzwischen dem 21. August und 28. August wurden insbesondere in den \ninnerst\u00e4dtischen Bereichen der beiden nordbadischen Metropolen die \nElektrorollerfahrer kontrolliert. Die Verkehrs\u00fcberwachungsdienste \nHeidelberg und Mannheim, die Einsatzz\u00fcge Heidelberg und Mannheim, sowie \ndie Polizeireviere Heidelberg-Mitte, Heidelberg-Nord, \nMannheim-Innenstadt, Mannheim-Oststadt und Mannheim-Neckarstadt stellten\n in den zur\u00fcckliegenden Tagen 233 Verst\u00f6\u00dfe fest; 187 in Mannheim; 46 in \nHeidelberg. <\/p>\n\n\n\n<p>So wurde unter anderem die Fu\u00dfg\u00e4ngerzone 113-mal \nunbefugt befahren. Auff\u00e4llig sind hier die gro\u00dfen Unterschiede zwischen \nMannheim (106 Verst\u00f6\u00dfe) und Heidelberg (7 Verst\u00f6\u00dfe). In 37 F\u00e4llen waren \nzwei Personen auf einem E-Scooter unterwegs, 17 Lenker waren als \n&#8222;Geisterfahrer&#8220; entgegen der erlaubten Fahrtrichtung unterwegs, 44-mal \nwurde der Gehweg unerlaubt befahren, 5 Personen telefonierten w\u00e4hrend \nder Fahrt und 4 Fahrer waren betrunken unterwegs. <\/p>\n\n\n\n<p>Parallel zur Polizei waren auch die st\u00e4dtischen Ordnungsdienste unterwegs, um Verst\u00f6\u00dfe festzustellen. <\/p>\n\n\n\n<p>Im  Zusammenhang mit der E-Scooter-Kontrollwoche zieht die Polizei eine  positive Bilanz; die Beamten sind zuversichtlich, dass die Aktion  Wirkung gezeigt hat und es zuk\u00fcnftig zu weniger Verst\u00f6\u00dfen kommen wird.  Nichtsdestotrotz wird die Polizei auch zuk\u00fcnftig ihr Augenmerk auf die  E-Scooter richten, um weiterhin ein H\u00f6chstma\u00df an Sicherheit im  Stra\u00dfenverkehr zu gew\u00e4hrleisten. <\/p>\n\n\n\n<h4 class=\"wp-block-heading\">(Heidelberg) &#8211; Zwei Verletzte nach Frontalzusammensto\u00df im Baustellenbereich<\/h4>\n\n\n\n<p>Am Donnerstag, gegen 23.30 Uhr, fuhr eine 35-j\u00e4hrige mit ihrem  VW-Tiguan von Schlierbach kommend in Richtung Heidelberg auf der  Schlierbacher Landstra\u00dfe. In H\u00f6he des Hausackerweg, im dortigen  Baustellenbereich, fuhr sie pl\u00f6tzlich auf die Gegenfahrbahn. Ein  entgegenkommender 65-j\u00e4hriger Taxifahrer erkannte die Situation und  bremste seinen VW-Touran bis zum Stillstand ab. Die 35-j\u00e4hrige fuhr  jedoch frontal auf das Taxi. Dieses wurde hierdurch zirka 20 Meter  r\u00fcckw\u00e4rts geschleudert. Beide Personen erlitten keine schweren  Verletzungen, wurden jedoch in Krankenh\u00e4user eingeliefert. Der  Sachschaden wird auf rund 20.000 Euro gesch\u00e4tzt. Beide Autos mussten  abgeschleppt werden. Die Schlierbacher Landstra\u00dfe war bis 02.45 Uhr  gesperrt. Der Verkehrsunfalldienst Heidelberg hat die Ermittlungen zur  Unfallursache aufgenommen. Zeugen werden gebeten sich beim  Verkehrsunfalldienst (Tel.:  0621\/174-4140) zu melden. <\/p>\n\n\n\n<h4 class=\"wp-block-heading\">(Heidelberg) &#8211; Diebst\u00e4hle in Krankenzimmern; 77-j\u00e4hriger Tatverd\u00e4chtiger von Personal festgehalten<\/h4>\n\n\n\n<p>Dem aufmerksamen Klinikpersonal ist es zu verdanken, dass ein  77-j\u00e4hriger Mann, der im dringenden Verdacht steht, am Mittwochvormittag  in mindestens zwei F\u00e4llen Geldbeutel aus Krankenzimmern der Kopfklinik  gestohlen zu haben, vorl\u00e4ufig festgenommen wurde. <\/p>\n\n\n\n<p>Der aus \nFrankfurt a.M. stammende Mann wurde von einem Patienten kurz nach 10 Uhr\n beim Diebstahl seines Geldes aus dem Beistelltisch erwischt, worauf \ndieser die Flucht ergriff. Das Stationspersonal reagierte \ngeistesgegenw\u00e4rtig und hielt den Verd\u00e4chtigen noch vor Verlassen der \nKlinik bis zum Eintreffen der Streife fest. <\/p>\n\n\n\n<p>Bei der Durchsuchung \nseiner pers\u00f6nlichen Sachen wurden Geldbeutel gefunden, die ebenfalls aus\n Krankenzimmern gestohlen worden sein d\u00fcrften. Eine \u00dcberpr\u00fcfung findet \nderzeit noch statt. <\/p>\n\n\n\n<p>Der Senior, der in der Vergangenheit bereits \nwegen Diebst\u00e4hlen einschl\u00e4gig in Erscheinung getreten ist, wurde nach \nseiner erkennungsdienstlichen Behandlung entlassen. <\/p>\n\n\n\n<p>Die Ermittlungen des Polizeireviers Heidelberg-Nord dauern noch an. <\/p>\n\n\n\n<h4 class=\"wp-block-heading\">(Heidelberg-Bergheim) &#8211; T\u00e4terfestnahmen nach Sachbesch\u00e4digungen und Fahrraddiebstahl<\/h4>\n\n\n\n<p>Beamte der Heidelberger Polizei nahmen in der Nacht zum Freitag vier  Jugendliche bzw. junge M\u00e4nner fest, nachdem diese mehrere Fahrr\u00e4der  besch\u00e4digt und in einem Fall sogar ein Zweirad gestohlen hatten. <\/p>\n\n\n\n<p>Beim\n derzeitigen Stand der Ermittlungen besch\u00e4digte das Quartett gegen 03:10\n Uhr in der Hauptstra\u00dfe mehrere Fahrr\u00e4der, bevor es etwa 20 Minuten \nsp\u00e4ter in der Rohrbacher Stra\u00dfe dabei beobachtet wurde, wie es sich an \nmehreren abgeschlossenen Drahteseln zu schaffen machte. In einem Fall \ngelang es den Vieren das Schloss zu \u00fcberwinden und sich des Fahrzeugs zu\n bem\u00e4chtigen. <\/p>\n\n\n\n<p>Eine aufmerksame Streife des Reviers Mitte \nkontrollierte die jungen M\u00e4nner unmittelbar nach Gewahrwerden der \nSituation, forderte gleichzeitig aber Verst\u00e4rkung an. Nicht grundlos, \nwie sich im Nachhinein herausstellen sollte. Die 16- bis 18-J\u00e4hrigen \ngeb\u00e4rdeten sich teilweise aggressiv und wurden auch beleidigend \ngegen\u00fcber den Beamten. <\/p>\n\n\n\n<p>Das gestohlene Fahrrad wurde \nsichergestellt, die vier Festgenommenen mussten mit zur Wache kommen, wo\n zwei von ihnen den Eltern \u00fcberstellt wurden. <\/p>\n\n\n\n<p>Die abschlie\u00dfende Sachbearbeitung wird dem Jugendsachbearbeiter des Polizeireviers Heidelberg-Mitte obliegen. <\/p>\n\n\n\n<h4 class=\"wp-block-heading\">(Heidelberg-Bergheim) &#8211; Nach Polizei- und Feuerwehreins\u00e4tzen am Dienstag und Mittwoch; Pulverstreuerin ermittelt<\/h4>\n\n\n\n<p>Einen Ermittlungserfolg kann der Bezirksdienst des Polizeireviers Heidelberg-Mitte vermelden. <\/p>\n\n\n\n<p>Nachdem\n es am Dienstag und auch am Mittwoch zu Polizei- und Feuerwehreins\u00e4tzen \nkam, weil ein Unbekannter an mehreren Stellen des Bismarckplatzes \nverd\u00e4chtiges Pulver verstreut hatte, gelang es der Polizei mittlerweile,\n die Verursacherin zu identifizieren. Es handelt sich um eine 60-j\u00e4hrige\n psychisch auff\u00e4llige Heidelbergerin. Auf den Zeugenaufruf der Polizei \nmeldete sich ein Hinweisgeber bei den Ermittlern. <\/p>\n\n\n\n<p>Im Zuge der \nErmittlungen wurde bekannt, dass die 60-J\u00e4hrige bereits seit etwa zwei \nJahren im Stadtgebiet Backpulver, Mehl, Zucker aber auch Katzenstreu \nverteilte. <\/p>\n\n\n\n<p>Die Beamten f\u00fchrten am gestrigen Tag bei der Frau eine Gef\u00e4hrderansprache durch. <\/p>\n\n\n\n<p>Die  Ermittlungen des Polizeireviers Heidelberg-Mitte dauern an; ein  entsprechender Ermittlungsbericht an die Staatsanwaltschaft Heidelberg  wird folgen. <\/p>\n\n\n\n<h4 class=\"wp-block-heading\">(Heidelberg \/ Eppelheim) &#8211; Gro\u00dffl\u00e4chiger Stromausfall, mehrere Stadtteile und Eppelheim betroffen; Ursache unklar.<\/h4>\n\n\n\n<p>Auch mehrere Stunden nach dem gro\u00dffl\u00e4chigen Stromausfall am  Donnerstagvormittag, bei dem nach derzeitigem Stand weite Teile  Heidelbergs (alle Stadtteile au\u00dfer Altstadt, Kirchheim, Schlierbach und  Ziegelhausen) sowie Eppelheim betroffen war, ist die Ursache aus  polizeilicher Sicht noch unklar. Die Stadtwerke Heidelberg sind mit der  Ursachenforschung des zwischen ca. 07.30-7.50 Uhr dauernden  Stromausfalls betraut. In den betroffenen Gebieten fiel ein Gro\u00dfteil der  Ampeln aus. Im Berufsverkehr f\u00fchrte das in einigen Bereichen,  insbesondere gr\u00f6\u00dferen Kreuzungen im Innenstadtgebiet zu erheblichen  Behinderungen. Die Ampelanlage an der Kreuzung Cernyring\/Bergheimer  Stra\u00dfe wurde durch den Stromausfall besch\u00e4digt und konnte erst gegen 10  Uhr wieder in Gang gesetzt werden, sodass der Verkehr von Polizeibeamten  f\u00fcr die Dauer von rund zwei Stunden geregelt wurde. Weitere  Verkehrsregelungen durch ausgefallene Ampelanlagen wurden nicht  durchgef\u00fchrt. <\/p>\n\n\n\n<h4 class=\"wp-block-heading\">(Leimen \/ Rhein-Neckar-Kreis) &#8211; Beim Ein- oder Ausparken VW besch\u00e4digt und gefl\u00fcchtet \/ Zeugen gesucht!<\/h4>\n\n\n\n<p>Gerade mal f\u00fcnfzehn Minuten geparkt hatte eine VW-Fahrerin am  Donnerstag ihren VW Turan auf dem Edeka-Parkplatz in der St. Ilgener  Stra\u00dfe. Als sie gegen 12:05 Uhr zu ihrem Auto zur\u00fcckkehrte, musste sie  an der hinteren rechten T\u00fcr einen Schaden feststellen. Der bislang  unbekannte Verursacher hatte den PKW vermutlich beim Ein- oder Ausparken  touchiert und war dann gefl\u00fcchtet. Die H\u00f6he des Sachschadens wird auf  rund 1.000 Euro gesch\u00e4tzt. <\/p>\n\n\n\n<p>Zeugen, die den Unfall beobachtet  haben und Hinweise zu dem Verursacher geben k\u00f6nnen, werden gebeten, sich  mit dem Polizeiposten Leimen unter Tel.: 06224\/1749-0 oder dem  Polizeirevier Wiesloch unter Tel.: 06222\/5709-0 in Verbindung zu setzen.  <\/p>\n\n\n\n<h4 class=\"wp-block-heading\">(Altlu\u00dfheim \/ Rhein-Neckar-Kreis) &#8211; Radfahrer kommt alleinbeteiligt zu Fall \/ Station\u00e4re Aufnahme in Krankenhaus<\/h4>\n\n\n\n<p>Ein 26-j\u00e4hriger Radfahrer musste station\u00e4r in einer Klinik aufgenommen  werden, nachdem er am Mittwoch in der Hauptstra\u00dfe, in H\u00f6he der  Kurpfalzstra\u00dfe, alleinbeteiligt gest\u00fcrzt war. Der junge Mann befuhr  gegen 10:50 Uhr den linken Radweg von Neulu\u00dfheim kommend in Richtung  Altlu\u00dfheim und kam vermutlich aufgrund einer Toilettenpapierpackung, die  er am Lenker transportierte, zu Fall. Der Mann verletzte sich dabei  schwer und wurde mit einem Rettungswagen in eine Klinik gebracht. An  dessen Zweirad entstand kein Schaden. <\/p>\n\n\n\n<h4 class=\"wp-block-heading\">(M\u00fchlhausen \/ Rhein-Neckar-Kreis) &#8211; Unfall in der Hauptstra\u00dfe mit einer Verletzten \/ Zeugen und insbesondere Busfahrer gesucht!<\/h4>\n\n\n\n<p>Die Polizei sucht Zeugen eines Unfalls, der sich am Donnerstag, gegen  19:30 Uhr, in der Hauptstra\u00dfe ereignet hat. Ein 18-J\u00e4hriger war mit  seinem VW-Transporter von Rotenberg kommend in Richtung M\u00fchlhausen  unterwegs. Aufgrund des hohen Verkehrsaufkommens kam es zu stockendem  Verkehr. In H\u00f6he des Anwesens Nr. 3 kam dem jungen Mann ein Linienbus  entgegen, welchem er die Durchfahrt erm\u00f6glichen wollte. Er setzte mit  seinem Fahrzeug zur\u00fcck und kollidierte dabei mit dem Motorroller einer  16-J\u00e4hrigen, die hinter ihm stand. Der Roller fiel zur Seite um und  wurde teilweise \u00fcberrollt. Die 16-j\u00e4hrige Rollerfahrerin versuchte noch  von ihrer Honda abzusteigen, wurde jedoch vom Transporter am Arm  erfasst. Sie erlitt eine Fraktur des Oberarmes und begab sich zur  Behandlung in ein Krankenhaus. Am Roller entstand Sachschaden in H\u00f6he  von ca. 1.000 Euro. <\/p>\n\n\n\n<p>Die Ermittler des Polizeireviers Wiesloch  suchen nun Zeugen und insbesondere den Fahrer des Linienbusses, der den  Vorfall beobachtet haben k\u00f6nnte. Diese werden gebeten, sich unter Tel.:  06222\/5709-0 zu melden. <\/p>\n\n\n\n<h4 class=\"wp-block-heading\">(M\u00fchlhausen \/ Rhein-Neckar-Kreis) &#8211; Autofahrer kommt von Fahrbahn ab und f\u00e4hrt gegen Hausmauer<\/h4>\n\n\n\n<p>Aus ungekl\u00e4rter Ursache kam ein 79-j\u00e4hriger VW-Fahrer am Mittwoch,  gegen 11:15 Uhr, in der Malscher Stra\u00dfe von der Fahrbahn ab. Der  Autofahrer war vom Finkenweg in Richtung Silcherstra\u00dfe unterwegs, als er  pl\u00f6tzlich nach links abkam und gegen die Mauer eines Anwesens prallte.  Anwohner eilten dem Mann zu Hilfe. Er wurde erstversorgt und mit einer  Kopfplatzwunde sowie Verletzungen am Arm in eine Klinik gebracht. Zudem  klagte er \u00fcber Schwindel. Der PKW des 79-J\u00e4hrigen wurde komplett  zerst\u00f6rt. In welchem Ausma\u00df die Hausmauer besch\u00e4digt wurde, steht  bislang noch nicht fest. Am VW entstand Sachschaden in H\u00f6he von ca.  7.500 Euro. <\/p>\n\n\n\n<h4 class=\"wp-block-heading\">(Sinsheim \/ Rhein-Neckar-Kreis) &#8211; An Kreuzung Vorfahrt missachtet und zusammengesto\u00dfen \/ Beide Autos abschleppreif<\/h4>\n\n\n\n<p>An der Kreuzung Leibnizstra\u00dfe\/N\u00f6rdliche Ringstra\u00dfe kam es am  Donnerstag, gegen 19 Uhr, zu einem Verkehrsunfall mit Sachschaden in  H\u00f6he von \u00fcber 5.000 Euro. Ein 25-j\u00e4hriger Smart-Fahrer war in der  Leibnizstra\u00dfe unterwegs und hatte an der Kreuzung einer 27-j\u00e4hrigen  BMW-Fahrerin die Vorfahrt genommen. Es kam zum Zusammensto\u00df, wobei beide  Fahrzeuge so sehr besch\u00e4digt wurden, dass sie nicht mehr fahrbereit  waren. Sie mussten abgeschleppt werden. Verletzt wurde gl\u00fccklicherweise  niemand. <\/p>\n\n\n\n<h4 class=\"wp-block-heading\">(Sinsheim \/ Rhein-Neckar-Kreis) &#8211; Betrunken Auto gefahren und Unfall verursacht \/ Weitere Zeugen gesucht<\/h4>\n\n\n\n<p>Am Mittwochmorgen fiel einer aufmerksamen Zeugin ein Autofahrer auf der  Landstra\u00dfe 550 auf &#8211; dieser fuhr Schlangenlinien und gef\u00e4hrdete andere  Verkehrsteilnehmer. <\/p>\n\n\n\n<p>Die Zeugin wurde um kurz nach 10 Uhr auf \neinen grauen Honda aufmerksam, der ihn Richtung Weiler fuhr. Dabei fiel \nes dem Fahrer offensichtlich schwer die Spur zu halten, sodass \nentgegenkommende Autofahrer, um einen Unfall zu vermeiden, stark \nabbremsen mussten. Kurz darauf parkte der Honda-Fahrer sein Auto im Hof \neines Anwesens in der Kaiserstra\u00dfe. Die Zeugin z\u00f6gerte nicht lange und \nalarmierte die Polizei. Beamte des Polizeireviers Sinsheim stellten den \n38-J\u00e4hrigen vor Ort, der zun\u00e4chst angab nicht gefahren zu sein. Dies \nkonnte allerdings schnell widerlegt werden. Ein freiwilliger \nAtemalkoholtest ergab einen Wert von 2,92 Promille bei dem Mann, der den\n Konsum von Alkohol verneinte. Eine \u00dcberpr\u00fcfung ergab, dass er zudem \nnicht im Besitz eines F\u00fchrerscheins ist. Nachdem dem Mann eine Blutprobe\n entnommen wurde, wurde er in die Obhut von Angeh\u00f6rigen gestellt. Er \nmuss sich nun wegen Trunkenheit im Stra\u00dfenverkehr, Gef\u00e4hrdung des \nStra\u00dfenverkehrs und Unfallflucht strafrechtlich verantworten. <\/p>\n\n\n\n<p>An \ndem Fahrzeug des 38-J\u00e4hrigen wurden frische Unfallspuren festgestellt, \ndie bislang nicht vollst\u00e4ndig zugeordnet werden konnten. Um 10 Uhr soll \nder graue Honda in Zusammenhang eines Verkehrsunfalls auf dem Parkplatz \ndes Bahnhofs aufgefallen sein. Weitere Zeugen, die durch das \nFahrverhalten des Mannes gef\u00e4hrdet oder gesch\u00e4digt wurden, werden \ngebeten, sich unter 07261 6900 an die Ermittler des Polizeirevier \nSinsheim zu melden. <\/p>\n\n\n\n<h4 class=\"wp-block-heading\">(Epfenbach \/ Rhein-Neckar-Kreis) &#8211; Zwei Schwerverletzte nach Frontalzusammensto\u00df<\/h4>\n\n\n\n<p>Ein schwerer Verkehrsunfall ereignete sich am Freitagmittag in Epfenbach. <\/p>\n\n\n\n<p>Gegen\n 12:45 Uhr stie\u00dfen in der Spechbacher Stra\u00dfe in H\u00f6he der dortigen Schule\n \/ Ortsausgang zwei Fahrzeuge zusammen. Beim derzeitigen Stand der \nErmittlungen kam der 27-j\u00e4hrige Fahrer eines Richtung Spechbach \nfahrenden Opel Tigra aus bislang unbekannter Ursache in den Gegenverkehr\n und stie\u00df dort mit dem Toyota Yaris einer 55-j\u00e4hrigen Frau zusammen. <\/p>\n\n\n\n<p>Sowohl\n der Unfallverursacher als auch die Toyota-Fahrerin wurden schwer \nverletzt. Die Frau kam mit dem Rettungswagen in ein Krankenhaus im \nRhein-Neckar-Kreis, der Opel-Fahrer wurde mit dem Rettungshubschrauber \nin eine Ludwigshafener Spezialklinik geflogen. <\/p>\n\n\n\n<p>An beiden Fahrzeugen entstand Totalschaden. Sie mussten abgeschleppt werden. <\/p>\n\n\n\n<p>Die Verkehrsunfallaufnahme-Ost hat die Ermittlungen zur Verkehrsunfallursache \u00fcbernommen. <\/p>\n\n\n\n<h4 class=\"wp-block-heading\">(Eberbach \/ Rhein-Neckar-Kreis) &#8211; Sprayer beschmieren Hausw\u00e4nde, Zeugen gesucht!<\/h4>\n\n\n\n<p>Zeugen f\u00fcr mehrere Farbschmierereien im Stadtgebiet Eberbach suchen die  Beamten des Bezirksdienstes des Eberbacher Polizeireviers. <\/p>\n\n\n\n<p>In \nder Zeit zwischen dem 01. August und dem 19. August verunzierten \nUnbekannte die Fassade der Dr. Wei\u00df-Grundschule im Bereich der \nZwingerstra\u00dfe mit comic-\u00e4hnlichen Figuren. <\/p>\n\n\n\n<p>Im Zeitraum zwischen \nDienstagabend, 17:30 Uhr und Mittwochfr\u00fch, 07:00 Uhr beschmierten der \noder die T\u00e4ter im Bereich des Parallelwegs mehrere Betons\u00e4ulen, \nHausfassaden, Fensterscheiben, den Boden und Aufsteller mit diversen \nZahlenfolgen. Zudem wurde das Hohenstaufen-Gymnasium Ziel eines \nSchmierer-Angriffs. <\/p>\n\n\n\n<p>Die Polizei bittet Hinweisgeber um telefonische Meldung unter 06271\/9210-0. <\/p>\n\n\n\n<h4 class=\"wp-block-heading\">(Dossenheim \/ Rhein-Neckar-Kreis) &#8211; Kupferkabel aus Rohbau gestohlen \/ Hoher Schaden &#8211; Zeugen gesucht<\/h4>\n\n\n\n<p>Aus dem Rohbau eines B\u00fcrogeb\u00e4udes in der Schwabenheimer Stra\u00dfe  entwendeten bislang unbekannte T\u00e4ter im Zeitraum von Donnerstag, 01.08.  bis Dienstag, 27.08., 14 Uhr, rund 70 Meter Kupferkabel im Wert von \u00fcber  4.000 Euro. Wie die Unbekannten sich Zugang zu der Baustelle  verschafften, steht bislang nicht fest. Nach derzeitigem  Ermittlungsstand hatten sie das ca. 630 kg schwere Kabel, welches im  Keller des Geb\u00e4udes lag, vermutlich mit einer Elektros\u00e4ge in St\u00fccke  zerteilt, um diese dann abzutransportieren. Sie besch\u00e4digten beim  Zuschneiden zwei weitere Kabel, sodass diese nun unbrauchbar sind. Der  hierbei entstandene Sachschaden bel\u00e4uft sich auf \u00fcber 9.500 Euro. Das  Diebesgut transportieren die Unbekannten vermutlich in einem LKW oder  Transporter ab. <\/p>\n\n\n\n<p>Zeugen, die verd\u00e4chtige Wahrnehmungen gemacht  haben, werden gebeten, sich mit dem Polizeirevier Heidelberg-Nord unter  Tel.: 06221\/4569-0 in Verbindung zu setzen. <\/p>\n\n\n\n<h4 class=\"wp-block-heading\">(Weinheim \/ Rhein-Neckar-Kreis) &#8211; Mopedfahrer rutscht auf \u00d6lspur aus \/ Verursacher der \u00d6lspur und Zeugen gesucht!<\/h4>\n\n\n\n<p>Ein 57-j\u00e4hriger Mopedfahrer rutschte auf der Westtangente\/B38, an der  Einm\u00fcndung zur K4229, mit seinem Fahrzeug auf einer \u00d6lspur aus und kam  zu Fall. Er zog sich Verletzungen im Gesichtsbereich und an den Armen zu  und musste mit einem Rettungswagen in ein Krankenhaus gebracht werden.  Um weitere Unf\u00e4lle zu vermeiden, wurde die \u00d6lspur, die sich einige Meter  \u00fcber die Fahrbahn zog, von einer Firma beseitigt. Der Verursacher  konnte bisher nicht ausfindig gemacht werden. <\/p>\n\n\n\n<p>Die Polizei sucht  nun Zeugen, die Hinweise zu dem Verursacher geben k\u00f6nnen. Diese werden  gebeten, sich beim Polizeirevier Weinheim unter Tel.: 06201\/1003-0 zu  melden. <\/p>\n\n\n\n<h4 class=\"wp-block-heading\">(Weinheim \/ Rhein-Neckar-Kreis) &#8211; Beim Linksabbiegen zusammengesto\u00dfen<\/h4>\n\n\n\n<p>Auf der K4229, an der Einm\u00fcndung zur B38, kam es am Mittwoch, gegen  16:35 Uhr, zum Zusammensto\u00df zwischen einem BMW und einem Mercedes. Eine  40-j\u00e4hrige BMW-Fahrerin war auf der K4229 in Richtung B38 unterwegs und  wollte nach links in die Stra\u00dfe &#8222;Im Tiefgewann&#8220; abbiegen. Hierbei  kollidierte sie allerdings mit dem entgegenkommenden Mercedes eines  59-J\u00e4hrigen, wobei dessen 52-j\u00e4hrige Beifahrerin leicht verletzt wurde.  Eine \u00e4rztliche Behandlung in einer Klinik war jedoch nicht notwendig.  Die beiden Fahrzeuge wurden durch die Kollision erheblich besch\u00e4digt.  Der Gesamtschaden wird auf ca. 15.000 Euro gesch\u00e4tzt. <\/p>\n","protected":false},"excerpt":{"rendered":"<div class=\"mh-excerpt\"><p>Polizeimeldungen vom Donnerstag &amp; Freitag (29.08. &amp; 30.08.2019) (Speyer) &#8211; Austritt eines gesundheitsgef\u00e4hrdenden Stoffes in einer Arztpraxis mit sechs verletzten Personen Am fr\u00fchen Donnerstagabend klagten mehrere Mitarbeiter einer Arztpraxis in der Iggelheimer Stra\u00dfe in Speyer <a class=\"mh-excerpt-more\" href=\"https:\/\/speyer24news.com\/?p=18448\" title=\"Polizei:\">[&#8230;]<\/a><\/p>\n<\/div>","protected":false},"author":3,"featured_media":0,"comment_status":"open","ping_status":"open","sticky":false,"template":"","format":"standard","meta":{"_monsterinsights_skip_tracking":false,"_monsterinsights_sitenote_active":false,"_monsterinsights_sitenote_note":"","_monsterinsights_sitenote_category":0,"footnotes":""},"categories":[12],"tags":[61,2555,63,105,53,102,213,55,103,106,427,62,104,979,1565],"aioseo_notices":[],"amp_enabled":true,"_links":{"self":[{"href":"https:\/\/speyer24news.com\/index.php?rest_route=\/wp\/v2\/posts\/18448"}],"collection":[{"href":"https:\/\/speyer24news.com\/index.php?rest_route=\/wp\/v2\/posts"}],"about":[{"href":"https:\/\/speyer24news.com\/index.php?rest_route=\/wp\/v2\/types\/post"}],"author":[{"embeddable":true,"href":"https:\/\/speyer24news.com\/index.php?rest_route=\/wp\/v2\/users\/3"}],"replies":[{"embeddable":true,"href":"https:\/\/speyer24news.com\/index.php?rest_route=%2Fwp%2Fv2%2Fcomments&post=18448"}],"version-history":[{"count":3,"href":"https:\/\/speyer24news.com\/index.php?rest_route=\/wp\/v2\/posts\/18448\/revisions"}],"predecessor-version":[{"id":18461,"href":"https:\/\/speyer24news.com\/index.php?rest_route=\/wp\/v2\/posts\/18448\/revisions\/18461"}],"wp:attachment":[{"href":"https:\/\/speyer24news.com\/index.php?rest_route=%2Fwp%2Fv2%2Fmedia&parent=18448"}],"wp:term":[{"taxonomy":"category","embeddable":true,"href":"https:\/\/speyer24news.com\/index.php?rest_route=%2Fwp%2Fv2%2Fcategories&post=18448"},{"taxonomy":"post_tag","embeddable":true,"href":"https:\/\/speyer24news.com\/index.php?rest_route=%2Fwp%2Fv2%2Ftags&post=18448"}],"curies":[{"name":"wp","href":"https:\/\/api.w.org\/{rel}","templated":true}]}}