{"id":18502,"date":"2019-09-02T07:03:43","date_gmt":"2019-09-02T06:03:43","guid":{"rendered":"https:\/\/speyer24news.com\/?p=18502"},"modified":"2019-09-02T07:24:28","modified_gmt":"2019-09-02T06:24:28","slug":"germersheim-und-landkreis-germersheim-5","status":"publish","type":"post","link":"https:\/\/speyer24news.com\/?p=18502","title":{"rendered":"Germersheim und Landkreis Germersheim:"},"content":{"rendered":"<style type=\"text\/css\">\r\n\t.ads_top_disp{}\r\n\t.ads_top_corner_disp{ float:left; margin:0px 10px 10px 0px; }\r\n\t.ads_first_p_disp{}\r\n\t.ads_bottom_disp{}\r\n\t<\/style>\n<h2 class=\"wp-block-heading\">Argumentationstraining in W\u00f6rth am 13.\/14. September<\/h2>\n\n\n\n<div class=\"wp-block-image\"><figure class=\"aligncenter\"><img decoding=\"async\" loading=\"lazy\" width=\"800\" height=\"155\" src=\"https:\/\/speyer24news.com\/wp-content\/uploads\/2019\/09\/Landeszentrale-Politische-Bildung.png\" alt=\"\" class=\"wp-image-18504\" srcset=\"https:\/\/speyer24news.com\/wp-content\/uploads\/2019\/09\/Landeszentrale-Politische-Bildung.png 800w, https:\/\/speyer24news.com\/wp-content\/uploads\/2019\/09\/Landeszentrale-Politische-Bildung-300x58.png 300w, https:\/\/speyer24news.com\/wp-content\/uploads\/2019\/09\/Landeszentrale-Politische-Bildung-768x149.png 768w\" sizes=\"(max-width: 800px) 100vw, 800px\" \/><\/figure><\/div>\n\n\n\n<p><strong>W\u00f6rth &#8211; <\/strong>Angesichts aktueller politischer Krisen und gesellschaftlicher  Herausforderungen begegnen uns immer wieder Vorurteile und  Stammtischparolen. Doch wie reagiert man richtig und angemessen darauf?  Was k\u00f6nnen wir bei diskriminierenden und menschenverachtenden  Aussagen entgegnen? Wann ist Widerspruch und Argumentation gegen solche  Aussagen n\u00f6tig und sinnvoll?<\/p>\n\n\n\n<p>Das<strong> Argumentationstraining gegen Stammtischparolen<\/strong>\n soll zun\u00e4chst sensibilisieren, auf der Arbeit und in der Freizeit \ngenauer hinzuh\u00f6ren, Dinge zu hinterfragen und einzuhaken, wenn pauschal\n abwertende S\u00e4tze fallen.<\/p>\n\n\n\n<p>Das n\u00e4chste Training findet statt am<\/p>\n\n\n\n<ul><li><strong>Freitag, 13.9.2019, von 16:30 Uhr bis 19:30 Uhr und <\/strong><\/li><li><strong>Samstag, 14.9.2019, von 9.30 Uhr bis16:30 Uhr<\/strong>.<\/li><\/ul>\n\n\n\n<p>Veranstaltungsort ist das Mehrgenerationenhaus, Ahornstra\u00dfe 5, 76744 W\u00f6rth am Rhein.<\/p>\n\n\n\n<p>&nbsp;Das Training ist offen f\u00fcr alle Interessierte und soll helfen, den \nge\u00e4u\u00dferten Vorurteilen die eigene Meinung entgegenzusetzen und die \nDiskussion auf ein sachliches Niveau zu bringen. Die Teilnehmenden \nlernen, die Parolen, Schlagw\u00f6rter und \u00c4u\u00dferungen auf\n die Hintergr\u00fcnde ihres Aufkommens zu \u00fcberpr\u00fcfen, um anschlie\u00dfend \nargumentative Gegenstrategien zu Vorurteilen und Stammtischparolen zu \nentwickeln.<\/p>\n\n\n\n<p>Auf der Basis eigener Erfahrungen und Erlebnisse der Teilnehmenden \nwerden praktische Gruppenarbeiten und Rollenspiele entwickelt, in denen \nwirkungsvolle Handlungsm\u00f6glichkeiten und Reaktionsweisen einge\u00fcbt \nwerden. In der anschlie\u00dfenden gemeinsamen Auswertung\n werden die Verhaltensweisen und Argumentationsmuster reflektiert und so\n vertieft.<\/p>\n\n\n\n<p>&nbsp;Eine Anmeldung ist erforderlich, da die Teilnehmerzahl begrenzt ist.<\/p>\n\n\n\n<p>Anmeldungen werden in der Reihenfolge ihres Eingangs ber\u00fccksichtigt.<\/p>\n\n\n\n<p>&nbsp;Wir w\u00fcrden uns freuen, wenn die Veranstaltung Ihr Interesse f\u00e4nde \nund m\u00f6chten Sie bitten, interessierte Personen ebenfalls darauf \naufmerksam zu machen. Hierf\u00fcr bereits im Voraus herzlichen Dank!<\/p>\n\n\n\n<p>&nbsp;\u00dcber den folgenden Link k\u00f6nnen Sie sich direkt f\u00fcr das Training anmelden:<\/p>\n\n\n\n<p><a href=\"https:\/\/politische-bildung.rlp.de\/veranstaltungen\/details.html?tx_pgevents_pi1%5Bevent%5D=1507&amp;tx_pgevents_pi1%5Baction%5D=show&amp;tx_pgevents_pi1%5Bcontroller%5D=Date&amp;tx_pgevents_pi1%5Bbookable%5D=1&amp;tx_pgevents_pi1%5BeventId%5D=1000001152&amp;cHash=38fe04f7bbee0b976170113840f132ff\">https:\/\/politische-bildung.rlp.de\/veranstaltungen\/details.html?tx_pgevents_pi1%5Bevent%5D=1507&amp;tx_pgevents_pi1%5Baction%5D=show&amp;tx_pgevents_pi1%5Bcontroller%5D=Date&amp;tx_pgevents_pi1%5Bbookable%5D=1&amp;tx_pgevents_pi1%5BeventId%5D=1000001152&amp;cHash=38fe04f7bbee0b976170113840f132ff<\/a><\/p>\n\n\n\n<p><em>Kreisverwaltung Germersheim<br>02.09.2019<\/em><\/p>\n\n\n\n<h2 class=\"wp-block-heading\"><strong>Kfz-Zulassungsstelle:\n<\/strong><strong>in Kandel vom 20.\nbis 27. September geschlossen, in Germersheim normal ge\u00f6ffnet<\/strong><\/h2>\n\n\n\n<p><strong>Kandel \/ Germersheim &#8211; <\/strong>Aufgrund von Umbauarbeiten ist die Kfz-Zulassungsstelle Kandel <strong><em>vom 20. bis einschlie\u00dflich 27.09.2019<\/em><\/strong> geschlossen. Die Kreisverwaltung Germersheim bittet daf\u00fcr um Verst\u00e4ndnis.<\/p>\n\n\n\n<p>Die\nKfz-Zulassungsstelle in Germersheim steht den B\u00fcrgerinnen und B\u00fcrgern aber im\ngewohnten Umfang zur Verf\u00fcgung. <\/p>\n\n\n\n<p><em>Kreisverwaltung Germersheim<br>02.09.2019<\/em><\/p>\n\n\n\n<h2 class=\"wp-block-heading\"><strong>Vortrag \u00fcber Psychopharmaka<\/strong><\/h2>\n\n\n\n<p><strong>Germersheim &#8211;<\/strong> Um \u201ePsychopharmaka \u2013 \u00dcbersicht, Anwendungsgebiete, Chancen und Risiken\u201c geht es im Vortrag von Horst K\u00f6ster, Dipl. Psychologe und Psycholog. Psychotherapeut, am <strong>Dienstag, 17.\u00a0September 2019<\/strong>, 19 Uhr, im Caritas-Altenzentrum St. Elisabeth, Reduitstra\u00dfe 1, (Veranstaltungsraum in Untergescho\u00df) in Germersheim.<\/p>\n\n\n\n<p>Die\nVeranstaltung bietet einen \u00dcberblick \u00fcber die Psychopharmaklassen Antipsychotika,\nAntidepressiva, Tranquilizer und Phasenprophylaktika. Im Vortrag werden die\nM\u00f6glichkeiten, Grenzen und Risiken dieser Medikamente in der Behandlung\nverschiedener St\u00f6rungen erl\u00e4utert und der Einsatz insbesondere in Bezug zur\nrealen psychiatrischen Versorgungssituation kritisch diskutiert.<\/p>\n\n\n\n<p>Alle\nInteressierten sind herzlich zu diesem Vortrag eingeladen.<\/p>\n\n\n\n<p>Organisiert wird die Veranstaltung gemeinsam\nvon der Betreuungsbeh\u00f6rde des Landkreises und den drei Betreuungsvereinen im\nKreis Germersheim. <\/p>\n\n\n\n<p>F\u00fcr eventuelle R\u00fcckfragen stehen\nzur Verf\u00fcgung: Betreuungsbeh\u00f6rde, Herr Stegner (Tel. 07274&nbsp;53264), AWO\nBetreuungsverein, Frau Lossin (Tel. 07275&nbsp;8919), SKFM Betreuungsverein,\nFrau Klein (Tel. 07274&nbsp;7078211), Lebenshilfe Betreuungsverein, Herr Bast, (Tel.\n07271&nbsp;5050341).<\/p>\n\n\n\n<p><em>Kreisverwaltung Germersheim<br>02.09.2019<\/em><\/p>\n\n\n\n<h2 class=\"wp-block-heading\"><strong>Lange\nNacht der Volkshochschulen<\/strong><\/h2>\n\n\n\n<h3 class=\"wp-block-heading\"><strong>Bundesweites Zeichen setzen f\u00fcr gesellschaftlichen Zusammenhalt<\/strong><\/h3>\n\n\n\n<div class=\"wp-block-image\"><figure class=\"aligncenter\"><img decoding=\"async\" loading=\"lazy\" width=\"800\" height=\"286\" src=\"https:\/\/speyer24news.com\/wp-content\/uploads\/2019\/09\/Lange-Nacht-der-Volkshochschulen.png\" alt=\"\" class=\"wp-image-18503\" srcset=\"https:\/\/speyer24news.com\/wp-content\/uploads\/2019\/09\/Lange-Nacht-der-Volkshochschulen.png 800w, https:\/\/speyer24news.com\/wp-content\/uploads\/2019\/09\/Lange-Nacht-der-Volkshochschulen-300x107.png 300w, https:\/\/speyer24news.com\/wp-content\/uploads\/2019\/09\/Lange-Nacht-der-Volkshochschulen-768x275.png 768w\" sizes=\"(max-width: 800px) 100vw, 800px\" \/><\/figure><\/div>\n\n\n\n<p><strong>Germersheim &#8211; <\/strong>Zum 100-j\u00e4hrigen Bestehen wollen die Volkshochschulen und ihre Verb\u00e4nde mit einer besonderen Aktion bundesweit f\u00fcr Aufmerksamkeit sorgen. Zahlreiche Volkshochschulen beteiligen sich an der bundesweit ersten <strong>\u201eLangen Nacht\u201c der Volkshochschulen<\/strong> am <strong>Freitag, 20. September 2019<\/strong>. <\/p>\n\n\n\n<p>Unter dem Motto \u201ezusammenleben. zusammenhalten\u201c setzen sie an diesem Abend ein deutliches Zeichen f\u00fcr gesellschaftlichen Zusammenhalt. Der gesamten Volkshochschulfamilie bietet das Jubil\u00e4um die einmalige Gelegenheit, zu feiern und \u00f6ffentlich sichtbar zu machen: vhs sind mit ihrer einzigartigen Palette von Angeboten \u00fcberall vor Ort die erste Adresse in Sachen Weiterbildung \u2013 da, wo sich Menschen begegnen, um miteinander und voneinander zu lernen. <\/p>\n\n\n\n<p>Auch die <strong>Kreisvolkshochschule Germersheim<\/strong> ist dabei \u2013 am <strong>20. September<\/strong>, ab 18 Uhr in der Aula der Berufsbildenden Schule Germersheim, Ritter-von-Schmau\u00df-Stra\u00dfe, 76726 Germersheim. Zu dieser Veranstaltung mit verschiedenen Referenten der Kreisvolkshochschule Germersheim sind alle Interessierten eingeladen. Der Eintritt ist frei.  <\/p>\n\n\n\n<p><em>Kreisverwaltung Germersheim<br>02.09.2019<\/em><\/p>\n\n\n\n<h2 class=\"wp-block-heading\"><strong>Kreisvolkshochschule Germersheim: Kurse, Vortr\u00e4ge, Veranstaltungen<\/strong><\/h2>\n\n\n\n<div class=\"wp-block-image\"><figure class=\"aligncenter\"><img decoding=\"async\" src=\"https:\/\/speyer24news.com\/wp-content\/uploads\/2019\/08\/KVHS-GER-Logo.png\" alt=\"\" class=\"wp-image-17439\"\/><\/figure><\/div>\n\n\n\n<p><strong>Germersheim &#8211; <\/strong>Es wird darauf hingewiesen, dass zu allen nachstehend aufgef\u00fchrten Kursen und Vortr\u00e4gen eine<strong> Anmeldung unbedingt erforderlich <\/strong>ist. Kontaktadressen sind am Ende des Textes zu finden.<\/p>\n\n\n\n<p><strong>2019kv316<\/strong><strong><\/strong><\/p>\n\n\n\n<p><strong>\u201eSpanisch A1 Teil 1 &#8211; am Vormittag\u201c &#8211; <\/strong>Kurs mit<strong> Ra\u00fal Mi\u00f1arro Garrido:<\/strong> Germersheim, Ritter-von-Schmau\u00df-Str.\/Ecke\nParadeplatz, Seminarraum 2 in der KVHS\nGesch\u00e4ftsstelle. Beginn: Mittwoch,\n18.09.2019, 10:30 &#8211; 12:00 Uhr. Dauer: 11 Termine,\nKosten: 55,00 Euro\/Person.<\/p>\n\n\n\n<p><strong>2019kv060<\/strong><strong><\/strong><\/p>\n\n\n\n<p><strong>\u201eWebinar: Finanzkompetenz f\u00fcr Frauen\u201c &#8211; <\/strong>Kurs mit<strong> Fachreferentinnen:<\/strong> Germersheim, Ritter-von-Schmau\u00df-Str.\/Ecke\nParadeplatz, EDV-Raum in der KVHS\nGesch\u00e4ftsstelle. Beginn: Mittwoch,\n18.09.2019, 20:00 &#8211; 21:30 Uhr. Dauer: 1 Termin, Kosten: kostenfrei Euro\/Person.<\/p>\n\n\n\n<p><strong>2019kv035<\/strong><strong><\/strong><\/p>\n\n\n\n<p><strong>\u201eLange Nacht der Volkshochschulen &#8211; 100 Jahre Volkshochschule\n&#8211; Jubil\u00e4um 2019\u201c &#8211; Veranstaltung <\/strong>&nbsp;mit<strong> Referenten\nder KVHS:<\/strong> Germersheim, Ritter-von-Schmau\u00df-Str., Kreisaula, Eingang \u00fcber den Schulhof der BBS.\nBeginn: Freitag, 20.09.2019, 18:00 &#8211; 21:30 Uhr, -kostenfrei-<\/p>\n\n\n\n<p><strong>2019kv311<\/strong><strong><\/strong><\/p>\n\n\n\n<p><strong>\u201eSpinnen mit der Handspindel &#8211; Einsteiger-Workshop A\u201c\n&#8211; <\/strong>Kurs mit<strong> Sonja\nCollet:<\/strong> Germersheim, Ritter-von-Schmau\u00df-Str.\/Ecke Paradeplatz, Seiteneingang der Berufsbildende Schule, EG, Saal E 07.\nBeginn: Samstag, 21.09.2019, 09:00 &#8211; 12:45 Uhr. Dauer: 1 Termin, Kosten: 20,00\nEuro\/Person.<\/p>\n\n\n\n<p><strong>2019kv193\n+ 2019kv194<\/strong><strong><\/strong><\/p>\n\n\n\n<p><strong>\u201eEinb\u00fcrgerungstest, Termin 17 am Vormittag und Termin 18\nam Nachmittag-\u201c &#8211; Test mit Karin Tr\u00e4ber:<\/strong> Germersheim,\nRitter-von-Schmau\u00df-Str.\/Ecke Paradeplatz,\nSeminarraum 1 der KVHS Gesch\u00e4ftsstelle.\nBeginn: Montag, 21. Oktober 2019, Termin 17 um 10:00 Uhr, Termin 18 um 15:00 Uhr, Dauer:\n60 Minuten, Kosten: 25,00 Euro\/Person. <strong>Anmeldeschluss: 20 September 2019.<\/strong><\/p>\n\n\n\n<p>Eine <strong>Anmeldung<\/strong>\nist zu allen Veranstaltungen der Kreisvolkshochschule zwingend <strong>erforderlich. <\/strong>Pers\u00f6nlich&nbsp;bei der Gesch\u00e4ftsstelle der KVHS in\nGermersheim, Ritter-von-Schmau\u00df-Str.\/Ecke Paradeplatz, telefonisch 07274-53334\noder -53382, per E-Mail: <a href=\"mailto:vhs@kreis-germersheim.de\">vhs@kreis-germersheim.de<\/a> oder online \u00fcber ein\nBuchungsformular auf der Homepage unter <a href=\"http:\/\/www.kreis-germersheim.de\/kvhs\">www.kreis-germersheim.de\/kvhs<\/a>.<\/p>\n\n\n\n<p><strong>Bitte beachten Sie unsere\n\u00d6ffnungszeiten:<\/strong><\/p>\n\n\n\n<p>Montag\nbis Freitag: 08:30 bis 12:00 Uhr, Dienstag: 13:30 bis 16:00 Uhr, Donnerstag:\n13:30 bis 18:00 Uhr, <\/p>\n\n\n\n<p>Annahmeschluss:\njeweils&nbsp;15 Minuten vor Ende der \u00d6ffnungszeiten.<\/p>\n\n\n\n<p><em>Kreisverwaltung Germersheim<br>02.09.2019<\/em><\/p>\n\n\n\n<h2 class=\"wp-block-heading\"><strong>Informationsveranstaltungen\nzu den Wahlen zum Beirat f\u00fcr Migration und Integration <\/strong><\/h2>\n\n\n\n<h3 class=\"wp-block-heading\"><strong>Achtung\nTermin\u00e4nderungen in W\u00f6rth und Germersheim<\/strong><\/h3>\n\n\n\n<p><strong>Landkreis Germersheim \/ Germersheim \/ W\u00f6rth &#8211; <\/strong>Am Sonntag, 27.10.2019, finden die Wahlen zum Beirat f\u00fcr Migration und Integration in Rheinland-Pfalz statt. Gem\u00e4\u00df \u00a7 49 a LKO ist in St\u00e4dten, in denen mehr als 1000 und in Landkreisen, in denen mehr als 5.000 ausl\u00e4ndische Einwohner ihre Hauptwohnung haben, ein Beirat f\u00fcr Migration und Integration einzurichten. Hierzu z\u00e4hlen auch der Landkreis Germersheim und die St\u00e4dte Kandel, W\u00f6rth und Germersheim. Die Verbandsgemeinde Jockgrim w\u00e4hlt auf freiwilliger Basis einen Beirat f\u00fcr Migration und Integration. <\/p>\n\n\n\n<p>Die\nKreisverwaltung Germersheim veranstaltet in Kooperation mit den\nStadtverwaltungen und der VG Jockgrim Info-Abende zu den Wahlen, um \u00fcber wichtige\nFristen und die Arbeit eines Beirats f\u00fcr Migration und Integration zu informieren.\nAlle B\u00fcrger\/innen (auch ohne Migrationshintergrund) ab 16 Jahren, die seit\nmindestens drei Monaten ihren Hauptwohnsitz im Landkreis Germersheim haben, k\u00f6nnen\nsich zur Wahl aufstellen lassen. Die Infoveranstaltungen richten sich deshalb an\nalle Interessierten, die sich f\u00fcr die Belange von Mitb\u00fcrgerinnen und Mitb\u00fcrgern\nmit Migrationshintergrund einsetzen m\u00f6chten sowie an alle Wahlberechtigte, die\nsich \u00fcber die Wahlen und die Funktion eines Beirats f\u00fcr Migration und\nIntegration informieren m\u00f6chten. <\/p>\n\n\n\n<h4 class=\"wp-block-heading\">Die\nInformationsveranstaltungen finden statt <\/h4>\n\n\n\n<ul><li>am <strong>Dienstag, 3. September, 20 Uhr, im B\u00fcrgersaal der Stadtverwaltung, Kolpingplatz 3, 76726 Germersheim<\/strong> (verschoben von 29. August) und<\/li><li>am <strong>Mittwoch, 4. September, 19 Uhr, im Sitzungssaal (Rathaus W\u00f6rth), <\/strong>Mozartstra\u00dfe 2, 76744 W\u00f6rth am Rhein (verschoben von 28. August).<\/li><\/ul>\n\n\n\n<p>Eine\nAnmeldung ist nicht erforderlich.<\/p>\n\n\n\n<p>Weitere\nInfos zu den Beiratswahlen sind auf der Webseite der Arbeitsgemeinschaft der\nBeir\u00e4te f\u00fcr Migration und Integration erh\u00e4ltlich: <a href=\"http:\/\/beiratswahlen.agarp.de\/\">http:\/\/beiratswahlen.agarp.de\/<\/a> <\/p>\n\n\n\n<p>Die erforderlichen Formulare gibt es unter <a href=\"http:\/\/www.kreis-germersheim.de\/wahl-bmi\">www.kreis-germersheim.de\/wahl-bmi<\/a><\/p>\n\n\n\n<p><em>Kreisverwaltung Germersheim<br>02.09.2019<\/em><\/p>\n\n\n\n<h2 class=\"wp-block-heading\"><strong>Nachtragshaushalt\nLandkreis Germersheim 2019 verabschiedet \u2013 Ergebnis um 3,3 Millionen Euro\nverbessert<\/strong><\/h2>\n\n\n\n<p><strong>Landkreis Germersheim &#8211; <\/strong>\u201eMit dem Nachtragshaushalt 2019 k\u00f6nnen wir das knapp positive Ergebnis des Basishaushalts nicht nur halten, sondern um rund 3 Millionen verbessern\u201c, stellt Landrat Dr. Fritz Brechtel die aktuelle Haushaltsituation des Landkreises vor. \u201eLeider sind dies nur Einmal-Effekte, die in den kommenden Jahren nicht zu erwarten sind.\u201c<\/p>\n\n\n\n<p>\u201eBei den laufenden\nErtr\u00e4gen und Aufwendungen im Ergebnishaushalt verbessert sich der rechnerische\n\u00dcberschuss um 3,3 Mio. Euro auf 4,1 Mio. Euro. Den Ertr\u00e4gen von 214,1 Mio. Euro\nstehen Aufwendungen von 210,0 Mio. Euro gegen\u00fcber. Beim Finanzhaushalt k\u00f6nnen\nwir unsere Kreditaufnahme um 13,9 Mio. Euro auf 2,6 Mio. Euro zur\u00fcckf\u00fchren.\nMa\u00dfgebend ist daf\u00fcr die Vereinbarung mit der Stadt W\u00f6rth, den st\u00e4dtischen\nAnteil und die anstehende Landesf\u00f6rderung vorzufinanzieren. Eine klassische\nWin-win-Situation, bei der sich W\u00f6rth das ansonsten anfallende Verwahrentgelte\nerspart und der Landkreis externe Finanzierungen. Da diese Anteile k\u00fcnftig\nfehlen werden, ist dann mit h\u00f6heren Kreditaufnahmen bei den Investitionen zu\nrechnen. Insofern handelt es sich um Einmaleffekte\u201c, erkl\u00e4rt Brechtel die\nAusgangslage.<\/p>\n\n\n\n<p>Die Verschuldung\nreduziert sich um 17,2 Mio. auf 106,1 Mio. Euro. Im \u00dcbrigen wird mit h\u00f6heren\nVerpflichtungserm\u00e4chtigungen gerechnet. Dort steigt der Bedarf um 3,6 Mio. Euro\nauf 15,2 Mio. Euro. Ausschlaggebend sind vor allem Korrekturen beim\nfl\u00e4chendeckenden Breitbandausbau des Landkreises. Auftragsvergaben sollen\ndieses Jahr noch in einer Gr\u00f6\u00dfenordnung von 7,9 Mio. Euro erfolgen. Die Mittel\nwerden dann in den Folgejahren kassenwirksam.<\/p>\n\n\n\n<p>\u201eTrotz dieser guten\nEntwicklung ist der Landkreis dennoch finanziell nicht leistungsf\u00e4hig. Die\nbilanzielle \u00dcberschuldung betr\u00e4gt noch 2,5 Mio. Euro zum Jahresende 2019\u201c, gibt\nK\u00e4mmerer Martin Schnerch zu bedenken. Dies bedeute eine nach wie vor strenge\nGenehmigungspraxis durch die Kommunalaufsicht und eingeschr\u00e4nkte\nHaushaltsbewirtschaftung.<\/p>\n\n\n\n<p>Die \u00c4nderungen im\nErgebnishaushalt sind \u00fcberwiegend auf Verbesserungen bei den\nPersonalkostenabrechnungen der Kindertagesst\u00e4tten (-1,9 Mio. Euro\nZuschussbedarf), Ver\u00e4u\u00dferung des Gesch\u00e4ftsanteils an der Wohnbau W\u00f6rth GmbH an\ndie Stadt W\u00f6rth (1,4 Mio. Euro) und der gew\u00e4hrten Integrationspauschale (0,8\nMio. Euro) zur\u00fcckzuf\u00fchren. Dem stehen 0,75 Mio. Euro h\u00f6here Aufwendungen beim\nBauunterhalt und bei den Kostenerstattungen gegen\u00fcber. Beim investiven Teil\nwerden Ma\u00dfnahmen in H\u00f6he von ca. 0,8 Mio. Euro nach 2020 geschoben. <\/p>\n\n\n\n<p>Der Nachtragshaushalt 2019 wurde vom Kreistag gegen die Stimmen der SPD beschlossen. Die SPD hatte vorgeschlagen, die Kreisumlage um ein Prozent auf 45,50 % zu senken. Der Kreistag ist \u00fcberwiegend dem Verwaltungsvorschlag gefolgt. \u201eEs ist nicht m\u00f6glich, die Kreisumlage zu senken und gleichzeitig die Verschuldung abzubauen. Dazu fehlt es weiter an Mitteln vom Land. Der Nachtrag ist von Einmaleffekten gepr\u00e4gt. Die Finanzausstattung bleibt aktuell f\u00fcr die Kommunen in Rheinland-Pfalz v\u00f6llig unzureichend\u201c, stellt Dr. Brechtel dazu abschlie\u00dfend fest.<\/p>\n\n\n\n<p><em>Kreisverwaltung Germersheim<br>02.09.2019<\/em><\/p>\n","protected":false},"excerpt":{"rendered":"<div class=\"mh-excerpt\"><p>Argumentationstraining in W\u00f6rth am 13.\/14. September W\u00f6rth &#8211; Angesichts aktueller politischer Krisen und gesellschaftlicher Herausforderungen begegnen uns immer wieder Vorurteile und Stammtischparolen. Doch wie reagiert man richtig und angemessen darauf? Was k\u00f6nnen wir bei diskriminierenden <a class=\"mh-excerpt-more\" href=\"https:\/\/speyer24news.com\/?p=18502\" title=\"Germersheim und Landkreis Germersheim:\">[&#8230;]<\/a><\/p>\n<\/div>","protected":false},"author":3,"featured_media":0,"comment_status":"open","ping_status":"open","sticky":false,"template":"","format":"standard","meta":{"_monsterinsights_skip_tracking":false,"_monsterinsights_sitenote_active":false,"_monsterinsights_sitenote_note":"","_monsterinsights_sitenote_category":0,"footnotes":""},"categories":[449],"tags":[3062,2189,210,211,3063,1664,1665,3065,2517,2516,3064,224],"aioseo_notices":[],"amp_enabled":true,"_links":{"self":[{"href":"https:\/\/speyer24news.com\/index.php?rest_route=\/wp\/v2\/posts\/18502"}],"collection":[{"href":"https:\/\/speyer24news.com\/index.php?rest_route=\/wp\/v2\/posts"}],"about":[{"href":"https:\/\/speyer24news.com\/index.php?rest_route=\/wp\/v2\/types\/post"}],"author":[{"embeddable":true,"href":"https:\/\/speyer24news.com\/index.php?rest_route=\/wp\/v2\/users\/3"}],"replies":[{"embeddable":true,"href":"https:\/\/speyer24news.com\/index.php?rest_route=%2Fwp%2Fv2%2Fcomments&post=18502"}],"version-history":[{"count":2,"href":"https:\/\/speyer24news.com\/index.php?rest_route=\/wp\/v2\/posts\/18502\/revisions"}],"predecessor-version":[{"id":18506,"href":"https:\/\/speyer24news.com\/index.php?rest_route=\/wp\/v2\/posts\/18502\/revisions\/18506"}],"wp:attachment":[{"href":"https:\/\/speyer24news.com\/index.php?rest_route=%2Fwp%2Fv2%2Fmedia&parent=18502"}],"wp:term":[{"taxonomy":"category","embeddable":true,"href":"https:\/\/speyer24news.com\/index.php?rest_route=%2Fwp%2Fv2%2Fcategories&post=18502"},{"taxonomy":"post_tag","embeddable":true,"href":"https:\/\/speyer24news.com\/index.php?rest_route=%2Fwp%2Fv2%2Ftags&post=18502"}],"curies":[{"name":"wp","href":"https:\/\/api.w.org\/{rel}","templated":true}]}}