{"id":18549,"date":"2019-09-02T11:19:06","date_gmt":"2019-09-02T10:19:06","guid":{"rendered":"https:\/\/speyer24news.com\/?p=18549"},"modified":"2019-09-02T11:19:08","modified_gmt":"2019-09-02T10:19:08","slug":"kirche-26","status":"publish","type":"post","link":"https:\/\/speyer24news.com\/?p=18549","title":{"rendered":"Kirche:"},"content":{"rendered":"<style type=\"text\/css\">\r\n\t.ads_top_disp{}\r\n\t.ads_top_corner_disp{ float:left; margin:0px 10px 10px 0px; }\r\n\t.ads_first_p_disp{}\r\n\t.ads_bottom_disp{}\r\n\t<\/style>\n<h2 class=\"wp-block-heading\"><strong>Gebet um Berufungen <\/strong><\/h2>\n\n\n\n<h3 class=\"wp-block-heading\"><strong>Messfeier mit Bischof Wiesemann in der Kirche des Priesterseminars in Speyer am 5. September<\/strong><\/h3>\n\n\n\n<div class=\"wp-block-image\"><figure class=\"aligncenter\"><img decoding=\"async\" loading=\"lazy\" width=\"333\" height=\"500\" src=\"https:\/\/speyer24news.com\/wp-content\/uploads\/2019\/09\/Bischof-Karl-Heinz-Wiesemann-2.jpg\" alt=\"\" class=\"wp-image-18555\" srcset=\"https:\/\/speyer24news.com\/wp-content\/uploads\/2019\/09\/Bischof-Karl-Heinz-Wiesemann-2.jpg 333w, https:\/\/speyer24news.com\/wp-content\/uploads\/2019\/09\/Bischof-Karl-Heinz-Wiesemann-2-200x300.jpg 200w\" sizes=\"(max-width: 333px) 100vw, 333px\" \/><\/figure><\/div>\n\n\n\n<p><strong>Speyer &#8211; <\/strong>Am <strong>Donnerstag, 5. September<\/strong>, 19 Uhr laden das Priesterseminar St.  German in Speyer und die Stabsstelle Berufungspastoral im Bistum Speyer  in die Kirche des Priesterseminars zu einem Gottesdienst ein. Im  Mittelpunkt des spirituellen Angebotes, das an jedem ersten Donnerstag  im Monat stattfindet, steht das Gebet um geistliche Berufungen.<\/p>\n\n\n\n<p>Zelebrant und Prediger ist an diesem Donnerstag Bischof Dr. Karl-Heinz Wiesemann.  Die Messe endet nach der eucharistischen Anbetung gegen 20.15 Uhr.<\/p>\n\n\n\n<p><em>Domkapitel Speyer<br>02.09.2019<\/em><\/p>\n\n\n\n<h2 class=\"wp-block-heading\"><strong>Terminkalender des Bistum Speyer im September 2019<\/strong><\/h2>\n\n\n\n<div class=\"wp-block-image\"><figure class=\"aligncenter\"><img decoding=\"async\" src=\"https:\/\/speyer24news.com\/wp-content\/uploads\/2019\/07\/Dom-1.jpg\" alt=\"\" class=\"wp-image-16804\"\/><\/figure><\/div>\n\n\n\n<table class=\"wp-block-table\"><tbody><tr><td><strong>1.9.<\/strong>   <\/td><td>35-j\u00e4hriges   Partnerschaftsjubil\u00e4um der Gemeinde St. Martin, Kaiserslautern, mit der   Pfarrei Shangi in Ruanda.   11 Uhr   Festgottesdienst mit anschlie\u00dfender Feier   <\/td><\/tr><tr><td><strong>2.9.<\/strong>   <\/td><td>\n  15 Uhr\n  Vespergottesdienst im Speyerer Dom anl\u00e4sslich der Verabschiedung von\n  Domkapitular Josef Damian Szuba und der Einf\u00fchrung von Christine Lambrich als\n  Ordinariatsdirektorin und Leiterin der Hauptabteilung III \u2013 Personal im\n  Bisch\u00f6flichen Ordinariat Speyer.\n  <\/td><\/tr><tr><td><strong>4. \u2013   11.9.<\/strong>   <\/td><td>\n  Gro\u00dfe\n  Studienfahrt nach Burgund des Dombauvereins Speyer.\n  <\/td><\/tr><tr><td><strong>5.9.<\/strong>   <\/td><td>\n  14.15 Uhr\n  Mediengespr\u00e4ch im Haus der Kirchenmusik Speyer zum 10-j\u00e4hrigen Jubil\u00e4um von\n  Markus Melchiori als Domkapellmeister am Dom.\n  <\/td><\/tr><tr><td><strong>5.9.<\/strong>   <\/td><td>\n  9.30 Uhr\n  bis 15.30 Uhr Fachtag zu \u00f6kumenischen Segensfeiern im Rahmen des Projektes\n  \u201eSegen ber\u00fchrt neues Leben\u201c im Butenschoenhaus in Landau (Luitpoldstr. 8).\n  Veranstalter:\n  Evangelische Arbeitsstelle Bildung und Gesellschaft und Bisch\u00f6fliches\n  Ordinariat Speyer, Abt. Seelsorge in Pfarrei und Lebensr\u00e4umen.\n  <\/td><\/tr><tr><td><strong>5.9.<\/strong>   <\/td><td>\n  Gebet um\n  geistliche Berufe.\n  19 Uhr\n  Messfeier mit Bischof Dr. Karl-Heinz Wiesemann in der Kirche des\n  Priesterseminars St. German in Speyer.\n  <\/td><\/tr><tr><td><strong>6.9.<\/strong>   <\/td><td>\n  18 Uhr\n  bis 21 Uhr Dialogabend unter dem Thema \u201eWir gehen weiter: Frauen in\n  kirchliche \u00c4mter!\u201c mit Prof. Dr. Margit Eckholt und G\u00e4sten zu den \u201eOsnabr\u00fccker\n  Thesen\u201c im Kloster Neustadt, Waldstr. 145, 67433 Neustadt. \n  <\/td><\/tr><tr><td><strong>6.9. bis   12.9.<\/strong>   <\/td><td>\n  <strong>Sch\u00f6pfungswoche\n  2019 \u201e\u2026nur noch kurz die Welt retten\u201c<\/strong><strong>&nbsp;in der Pfarrei Hl. Anna-Edenkoben:<\/strong><br>\n  Vorleserunde f\u00fcr die Kinder der Kitas und der Grundschulen in den 6\n  B\u00fcchereien der Pfarrei; Feierliche Er\u00f6ffnung der Sch\u00f6pfungswoche in der prot.\n  Kirche Rhodt, Wald-erlebnisnachmittag im Modenbachtal-Waldfestplatz; Kinderwortgottesdienste\n  zum Thema, Wanderung zum Thema essbare Wildpflanzen (mit Verkostung) rund um\n  St. Martin mit Peter Straub; Informationsveranstaltung\n  \u201eFoodsaver\/Foodsharing\u201c im Pfarrheim Edesheim.&nbsp;\u201eSchnupperkurs \u2013\n  Waldbaden\u201c, mit der Gesundheitsberaterin und Heilpraktikerin Maria-Elisabeth\n  Mira, Informationen zu Wildbienen f\u00fcr Kinder und Wildbienenhotelbau mit G\u00fcnther\n  Hahn, um und in der Pfarrscheuer in Rhodt;&nbsp;<br>\n  \u201eBiblischer Weinpfad\u201c in Kirrweiler; Abendmusik und Texte, mit dem Chor der\n  Maria Ward Schule Landau als Abschluss der Sch\u00f6pfungswoche!<br>\n  W\u00e4hrend der Woche, finden Besuche der Revierf\u00f6rster in einigen Grundschulen\n  im Pfarrgebiet statt. Die Anmeldung zu den Veranstaltungen erfolgt \u00fcber das\n  Pfarrb\u00fcro Edenkoben, Tel. 06323\/4279.&nbsp;\n  <\/td><\/tr><tr><td><strong>7.9.<\/strong>   <\/td><td>\n  9.30 Uhr\n  Infotag \u201eTheologie im Fernkurs\u201c im Priesterseminar St. German in Speyer.\n  Informationen\n  zum Studium des Fernkurses und dem Speyerer Begleitprogramm.\n  <\/td><\/tr><tr><td><strong>7.9.<\/strong>   <\/td><td>\n  10 Uhr\n  bis 12 Uhr Werbeaktion f\u00fcr den Di\u00f6zesan-Katholikentag 2019 in Landau,\n  Rathausplatz (vor Adler-Apotheke) mit der K\u00fcnstlergruppe Duo Jomamak\u00fc.\n  <\/td><\/tr><tr><td><strong>7.9.<\/strong>   <\/td><td>\n  10 Uhr\n  bis 12 Uhr Werbeaktion f\u00fcr den Di\u00f6zesan-Katholikentag 2019 in Speyer vor der\n  \u201eAlten M\u00fcnze\u201c mit der DJK-Show-Dance-Gruppe.\n  <\/td><\/tr><tr><td><strong>8.9.<\/strong>   <\/td><td>\n  10 Uhr\n  Firmung durch Weihbischof Otto Georgens in Herxheim.\n  <\/td><\/tr><tr><td><strong>8.9.<\/strong>   <\/td><td>\n  Tag des\n  offenen Denkmals unter dem Motto \u201eModern(e): Umbr\u00fcche in\n  Kunst und Architektur\u201c Ab 12 Uhr attraktives\n  Programm des Dombauvereins im Speyerer Dom. Weitere Aktionen im Bistum sind\n  auf der Seite <a href=\"https:\/\/www.tag-des-offenen-denkmals.de\/besucher\/listenprogramm\/\">https:\/\/www.tag-des-offenen-denkmals.de\/besucher\/listenprogramm\/<\/a> zu finden.\n  <\/td><\/tr><tr><td><strong>8.9.<\/strong>   <\/td><td>\n  15.30 Uhr\n  Firmung durch Bischof Dr. Karl-Heinz Wiesemann in der Kirche St. Valentin in\n  K\u00fcbelberg.\n  <\/td><\/tr><tr><td><strong>8.9.<\/strong>   <\/td><td>\n  16 Uhr\n  Firmung durch Weihbischof Otto Georgens in Offenbach.\n  <\/td><\/tr><tr><td><strong>8.9.<\/strong>   <\/td><td>\n  19 Uhr\n  Er\u00f6ffnung der Wallfahrtswoche im Kloster Blieskastel durch Bischof Dr.\n  Karl-Heinz Wiesemann.\n  <\/td><\/tr><tr><td><strong>8. \u2013   12.9.<\/strong>   <\/td><td>\n  \u00d6kumenische\n  Exerzitien \u201eerd-verbunden\u201c \u2013 Ein\u00fcbung in eine \u00f6kologische Spiritualit\u00e4t im\n  Bisch\u00f6flichen Priesterseminar St. German in Speyer.\n  <\/td><\/tr><tr><td><strong>9.9.<\/strong>   <\/td><td>\n  12 Uhr\n  Angelus mit Mittagsansprache und Segen von Bischof Dr. Karl-Heinz Wiesemann\n  bei Radio Horeb.\n  <\/td><\/tr><tr><td><strong>10.9.<\/strong>   <\/td><td>\n  Gedenktag\n  von Theodard, Bischof von Maastricht; der Heilige soll 671 oder 672 als\n  M\u00e4rtyrer bei R\u00fclzheim gestorben sein; daran erinnert das Dieterskirchel\n  <\/td><\/tr><tr><td><strong>10.9.<\/strong>   <\/td><td>\n  18 Uhr\n  Willi-Graf-Empfang in der Aula der Bisch\u00f6flichen Willi-Graf-Schulen in\n  Saarbr\u00fccken mit Bischof Dr. Karl-Heinz Wiesemann und Bischof Dr. Stephan Ackermann.\n  <\/td><\/tr><tr><td><strong>13.9.<\/strong>   <\/td><td>\n  18 Uhr im\n  Rahmen der Aktion Trendsetter Weltretter: &nbsp;\u00d6kumenischer Gottesdienst zum Tag der Sch\u00f6pfung&nbsp;in\n  Frankenthal auf dem Rathausplatz; Filmreihe\n  zu Umweltthemen&nbsp;vom 17. \u2013 26. September im Dathenushaus. \n  <\/td><\/tr><tr><td><strong>14.9.<\/strong>   <\/td><td>\n  9.30 Uhr\n  Diakonenweihe durch Weihbischof Otto Georgens im Speyerer Dom.\n  <\/td><\/tr><tr><td><strong>14.9.<\/strong>   <\/td><td>\n  10 Uhr\n  bis 12 Uhr Werbeaktion f\u00fcr den Di\u00f6zesan-Katholikentag 2019 in Kaiserslautern,\n  Riesenstra\u00dfe (vor Juwelier Christ) mit der K\u00fcnstlergruppe Duo Jomamak\u00fc.\n  <\/td><\/tr><tr><td><strong>14.9.<\/strong>   <\/td><td>\n  19.30 Uhr\n  Orgelkonzert im Rahmen des Orgelzyklus 2019 im Speyerer Dom mit Dan Zerfa\u00df,\n  Worms.\n  <\/td><\/tr><tr><td><strong>15.9.<\/strong>   <\/td><td>\n  Caritassonntag;\n  10 Uhr Kapitelsamt im Speyerer Dom.\n  <\/td><\/tr><tr><td><strong>15.9.<\/strong>   <\/td><td>\n  Di\u00f6zesan-Katholikentag\n  unter dem Motto \u201eWeiter(r) denken\u201c auf dem Gel\u00e4nde der Gartenschau\n  Kaiserslautern.\n  10 Uhr\n  Er\u00f6ffnungsgottesdienst mit Bischof Dr. Karl-Heinz Wiesemann, parallel dazu\n  Kinder-Gottesdienst.\n  Anschlie\u00dfend\n  verschiedene Programmangebote\n  16 Uhr\n  Start des Visionsprozesses\n  <\/td><\/tr><tr><td><strong>15.9.<\/strong>   <\/td><td>\n  11 Uhr\n  \u00d6kumenischer Gottesdienst im Rahmen der Lebensmutwochen (05. \u2013 20. September\n  2019) \u2013 ein Programm zum Welttag der Suizidpr\u00e4vention mit Pfarrer Helmut\n  Gingerich und Pastoralreferent Michael Reis und dem Kammerchor der\n  Maria-Ward-Schule Landau unter Leitung von Felix Rosskopp im Kirchenpavillon\n  \u201ehimmelgr\u00fcn\u201c auf dem Landesgartenschaugel\u00e4nde Landau.\n  <\/td><\/tr><tr><td><strong>17.9.<\/strong>   <\/td><td>\n  Gedenktag\n  von Hildegard von Bingen, \u00c4btissin, Mystikerin\n  <\/td><\/tr><tr><td><strong>19. \u2013 20.9.<\/strong>   <\/td><td>\n  S\u00fcdwest-Konveniat\n  (Konferenz der Bisch\u00f6fe aus den s\u00fcdwestdeutschen Di\u00f6zesen) mit Bischof Dr.\n  Karl-Heinz Wiesemann in Freiburg.\n  <\/td><\/tr><tr><td><strong>19.9.<\/strong>   <\/td><td>\n  12 bis 15\n  Uhr Mainz \u201ePolli am Landtag\u201c \u2013 jugendpolitische Mittagspause; Veranstalter Bund\n  der Deutschen Katholischen Jugend (BDKJ) Landesstelle Rheinland-Pfalz\n  <\/td><\/tr><tr><td><strong>20.9.<\/strong>   <\/td><td>\n  10 bis\n  11.30 Uhr Ludwigshafen Festakt 100 Jahre Caritas Zentrum, Cinema Paradies,\n  Hemshofstra\u00dfe 56.\n  <\/td><\/tr><tr><td><strong>21.9.<\/strong>   <\/td><td>\n  9.30 Uhr\n  bis 17 Uhr \u00f6kumenischer Frauentag zum Thema \u201eHeute schon gesch\u00e4mt? \u2013 von der\n  verst\u00f6renden und heilsamen Kraft von Scham\u201c mit Referentin Sabine Ostertag\n  (Stuttgart) in Kaiserslautern (Alte Eintracht, Unionstr. 2). Anmeldeschluss:\n  10. September.\n  <\/td><\/tr><tr><td><strong>21.9.<\/strong>   <\/td><td>\n  10 Uhr\n  bis 16 Uhr Infotag \u201eTheologie studieren!?\u201c \u2013 Information, Austausch und\n  Besinnung im Bisch\u00f6flichen Priesterseminar St. German in Speyer.\n  <\/td><\/tr><tr><td><strong>21.9.<\/strong>   <\/td><td>\n  18 Uhr\n  Cantate Domino im Dom zu Speyer \u2013 Miserere\n  Geistliche\n  Musik von Lotti, Esenvalds, Parry, Stanford und Swider\n  Europ\u00e4ischer\n  Kammerchor, Leitung: Prof. Michael Reif\n  <\/td><\/tr><tr><td><strong>21.\/22.9.<\/strong>   <\/td><td>\n  Feier der\n  Ehejubil\u00e4en 2019.\n  Jeweils\n  10 Uhr Festgottesdienst mit Bischof Dr. Karl-Heinz Wiesemann im Dom zu Speyer\n  mit anschlie\u00dfender Begegnung.\n  <\/td><\/tr><tr><td><strong>21.9.<\/strong>   <\/td><td>\n  Ab 14\n  Uhr, Chortag des Verbandes Pueri Cantores mit \u00fcber 200 Teilnehmerinnen und\n  Teilnehmern aus acht Ch\u00f6ren in Herxheim (Pfarrkirche). \n  <\/td><\/tr><tr><td><strong>22.9.<\/strong>   <\/td><td>\n  10 Uhr\n  Firmung durch Weihbischof Otto Georgens in Schallodenbach.\n  <\/td><\/tr><tr><td><strong>22.9. <\/strong>  <\/td><td>\n  25-j\u00e4hriges\n  Jubil\u00e4um der Edith-Stein-Gesellschaft Deutschland e. V.\n  18 Uhr\n  Vesper mit Bischof Dr. Karl-Heinz Wiesemann in der Kirche des Klosters St.\n  Magdalena in Speyer.\n  <\/td><\/tr><tr><td><strong>22.9. <\/strong>  <\/td><td>\n  Dommusik\n  Speyer f\u00e4hrt nach W\u00fcrzburg und gestaltet dort ein Pontifikalamt\n  <\/td><\/tr><tr><td><strong>23. \u2013 26.9. <\/strong>  <\/td><td>\n  Herbstvollversammlung\n  der Deutschen Bischofskonferenz in Fulda mit Bischof Dr. Karl-Heinz Wiesemann\n  und Weihbischof Otto Georgens.\n  <\/td><\/tr><tr><td><strong>24.9.  <\/strong> <\/td><td>\n  11.30 Uhr\n  bis 14 Uhr im Rahmen der Aktion Trendsetter Weltretter \u201eweltbewusster\n  Stadtrundgang\u201c in Speyer \u2013 neue Seiten des bewussten Einkaufens und\n  Konsumierens.\n  Ein\n  Stadtrundgang der etwas anderen Art.\n  Veranstalter:\n  Frauenseelsorge im Bistum Speyer und Evangelische Arbeitsstelle f\u00fcr Bildung\n  und Gesellschaft in Kaiserslautern\n  <\/td><\/tr><tr><td><strong>27.9.  <\/strong> <\/td><td>\n  9 Uhr im\n  Rahmen der Aktion Trendsetter Weltretter: \u201eWald bewegt\u201c. Erlebnistag f\u00fcr Grundschulklassen. (Ab Bahnhof\n  Siebeldingen)\n  <\/td><\/tr><tr><td><strong>28.9.<\/strong>   <\/td><td>\n  9.30 Uhr\n  Regionaler Ordenstag im Priesterseminar St. German in Speyer mit Weihbischof\n  Otto Georgens.\n  <\/td><\/tr><tr><td><strong>28.9. <\/strong>  <\/td><td>\n  19.30 Uhr\n  Orgelkonzert im Rahmen des Orgelzyklus 2019 im Speyerer Dom mit Andreas\n  Sieling, Berlin.\n  <\/td><\/tr><tr><td><strong>29.9. <\/strong>  <\/td><td>\n  2009\n  Besuch von Ministerpr\u00e4sident Kurt Beck anl\u00e4sslich der Unterzeichnung eines\n  Vertrages zwischen dem Domkapitel und dem Land Rheinland-Pfalz (vor 10\n  Jahren).\n  <\/td><\/tr><tr><td><strong>29.9.  <\/strong> <\/td><td>\n  40.\n  Hungermarsch Ramstein-Landstuhl\n  9.30 Uhr\n  \u00f6kumenischer Familiengottesdienst in der evangelischen Stadtkirche Landstuhl.\n  <\/td><\/tr><tr><td><strong>29.9.  <\/strong> <\/td><td>\n  18 Uhr\n  \u00f6kumenischer Sch\u00f6pfungsgottesdienst zum Abschluss der \u00f6kumenischen\n  Mitmachaktion \u201eTrendsetter Weltretter\u201c in der Kirche St. Martin in\n  Kaiserslautern. \n  <\/td><\/tr><tr><td><strong>29.9. bis    6.10.  <\/strong> <\/td><td>\n  Taiz\u00e9fahrt\n  f\u00fcr Jugendliche und junge Erwachsene zwischen 15 und 30 Jahren. Gemeinsam\n  leben, beten, feiern und sich austauschen. Die Fahrt nach Taiz\u00e9 ist eine\n  Kooperationsveranstaltung der Stabsstelle Berufungspastoral im Bistum Speyer\n  und des BDKJ Speyer.\n  <\/td><\/tr><\/tbody><\/table>\n\n\n\n<p><em>Domkapitel Speyer<br>02.09.2019<\/em><\/p>\n\n\n\n<h2 class=\"wp-block-heading\"><strong>\u201eZwischen Synode und Bundestag\u201c<\/strong><\/h2>\n\n\n\n<h3 class=\"wp-block-heading\">Ehemaliger Gesundheitsminister Hermann Gr\u00f6he h\u00e4lt Vortrag im Historischen Museum der Pfalz<\/h3>\n\n\n\n<div class=\"wp-block-image\"><figure class=\"aligncenter\"><img decoding=\"async\" loading=\"lazy\" width=\"800\" height=\"555\" src=\"https:\/\/speyer24news.com\/wp-content\/uploads\/2019\/09\/Hermann-Gr\u00f6he.png\" alt=\"\" class=\"wp-image-18553\" srcset=\"https:\/\/speyer24news.com\/wp-content\/uploads\/2019\/09\/Hermann-Gr\u00f6he.png 800w, https:\/\/speyer24news.com\/wp-content\/uploads\/2019\/09\/Hermann-Gr\u00f6he-300x208.png 300w, https:\/\/speyer24news.com\/wp-content\/uploads\/2019\/09\/Hermann-Gr\u00f6he-768x533.png 768w\" sizes=\"(max-width: 800px) 100vw, 800px\" \/><\/figure><\/div>\n\n\n\n<p><strong>Speyer<\/strong><em> (lk)<\/em> <strong>&#8211;<\/strong> Die  Evangelische Kirche der Pfalz feiert drei historische Daten der  Demokratie, die sich 2019 j\u00e4hren, mit einem Begegnungsabend von Kirche  und Politik am<strong> 13. September<\/strong> um 19.30 Uhr in Speyer. Im  Historischen Museum der Pfalz, Domplatz 4, h\u00e4lt der ehemalige  Bundesminister Hermann Gr\u00f6he einen Vortrag mit dem Titel\u00a0 \u201eZwischen  Synode und Bundestag \u2013 Zur Beziehung von Glaube und Politik\u201c.<\/p>\n\n\n\n<p>Der \nBundestagsabgeordnete Gr\u00f6he ist stellvertretender Vorsitzender und \nBeauftragter f\u00fcr Kirchen und Religionsgemeinschaften der \nCDU\/CSU-Fraktion im Deutschen Bundestag sowie Mitglied der Synode der \nEvangelischen\n Kirche in Deutschland (EKD). <\/p>\n\n\n\n<p>Im anschlie\u00dfenden \nPodiumsgespr\u00e4ch stellt sich Gr\u00f6he den Fragen von Harald Asel, Redakteur \nbeim info-radio des Rundfunks Berlin Brandenburg (rbb). Musikalisch \ngestaltet das Pf\u00e4lzische Blechbl\u00e4serensemble unter\n der Leitung von Landesposaunenwart Christian Syperek den Abend.<\/p>\n\n\n\n<p>Der Eintritt ist frei. Anmeldung ist erforderlich. Interessierte k\u00f6nnen sich <strong><em>bis zum 6. September<\/em><\/strong> per E-Mail unter <a rel=\"noreferrer noopener\" href=\"mailto:dezernat.1@evkirchepfalz.de\" target=\"_blank\">dezernat.1@evkirchepfalz.de<\/a> mit Name und Postadresse anmelden. Daraufhin erhalten sie per Post eine Einladung, die als Eintrittskarte f\u00fcr den Abend gilt.<\/p>\n\n\n\n<div class=\"wp-block-image\"><figure class=\"aligncenter\"><img decoding=\"async\" loading=\"lazy\" width=\"640\" height=\"480\" src=\"https:\/\/speyer24news.com\/wp-content\/uploads\/2019\/09\/DSC00118.jpg\" alt=\"\" class=\"wp-image-18554\" srcset=\"https:\/\/speyer24news.com\/wp-content\/uploads\/2019\/09\/DSC00118.jpg 640w, https:\/\/speyer24news.com\/wp-content\/uploads\/2019\/09\/DSC00118-300x225.jpg 300w, https:\/\/speyer24news.com\/wp-content\/uploads\/2019\/09\/DSC00118-326x245.jpg 326w, https:\/\/speyer24news.com\/wp-content\/uploads\/2019\/09\/DSC00118-80x60.jpg 80w\" sizes=\"(max-width: 640px) 100vw, 640px\" \/><\/figure><\/div>\n\n\n\n<p><strong>Hintergrund:<\/strong>  Gleich drei Daten der deutschen Demokratiegeschichte feiern in diesem  Jahr Jubil\u00e4um: Vor 100 Jahren wurde die Weimarer Reichsverfassung  verabschiedet. Mit ihr erfolgte die Trennung von Kirche  und Staat. Das Grundgesetz der Bundesrepublik wird 70 Jahre alt. Es  formulierte die Neutralit\u00e4t des Staates gegen\u00fcber  Religionsgemeinschaften. Schlie\u00dflich f\u00fchrten unter anderem die  Friedensgebete in den Kirchen zur Friedlichen Revolution in der DDR und  zum  Fall der Berliner Mauer vor 30 Jahren.<\/p>\n\n\n\n<p><em>02.09.2019<\/em><\/p>\n\n\n\n<h2 class=\"wp-block-heading\"><strong>Tag des offenen Denkmals am Dom zu Speyer<\/strong><\/h2>\n\n\n\n<h3 class=\"wp-block-heading\"><strong>Entenangeln am Domnapf \u2013 Kaisersaal, Heident\u00fcrmchen und Dachstuhl begehbar<\/strong><\/h3>\n\n\n\n<div class=\"wp-block-image\"><figure class=\"aligncenter\"><img decoding=\"async\" loading=\"lazy\" width=\"500\" height=\"666\" src=\"https:\/\/speyer24news.com\/wp-content\/uploads\/2019\/09\/P1020248_m.jpg\" alt=\"\" class=\"wp-image-18550\" srcset=\"https:\/\/speyer24news.com\/wp-content\/uploads\/2019\/09\/P1020248_m.jpg 500w, https:\/\/speyer24news.com\/wp-content\/uploads\/2019\/09\/P1020248_m-225x300.jpg 225w\" sizes=\"(max-width: 500px) 100vw, 500px\" \/><\/figure><\/div>\n\n\n\n<p><strong>Speyer &#8211; <\/strong>Der Satz \u201eman kann nur sch\u00fctzen, was man kennt\u201c erkl\u00e4rt die Idee, die  hinter dem j\u00e4hrlich stattfindenden Tag des offenen Denkmals steckt. Ziel  ist es, Menschen jeden Alters f\u00fcr die Erhaltung von Denkmalen zu  begeistern. Der Dom zu Speyer beteiligt sich an dem Aktionstag und  bietet <strong>am 8. September <\/strong>zwischen 12 und 17 Uhr besondere F\u00fchrungen und  Aktivit\u00e4ten f\u00fcr Kinder und Erwachsene an. Dank vieler engagierter  Mitglieder des Dombauvereins, der f\u00fcr das Programm des Tags  verantwortlich zeichnet, sind dabei auch Bereiche zug\u00e4nglich, die  Besuchern sonst nicht offen stehen. Zentrale Anlaufstelle ist ein  Informationsstand vor dem Dom.<\/p>\n\n\n\n<p>Als  besonderes Angebot f\u00fcr junge Dom-Fans ist in diesem Jahr erstmals ein  Entenangeln am Domnapf geplant. Dieser wird zu diesem Zweck von der  Speyerer Feuerwehr mit rund 1000 Litern Wasser gef\u00fcllt, die Gummienten  stammen von den Stadtwerken Speyer. \u201eWir freuen uns, dass wir mit dieser  Aktion an zentraler Stelle auf unser Anliegen, den Dom zu erhalten,  aufmerksam machen k\u00f6nnen\u201c, sagt der Vorstandsvorsitzende des  Dombauvereins Dr. Gottfried Jung. \u201eJunge Menschen f\u00fcr alte Geb\u00e4ude zu  begeistern ist dabei ein besonders wichtiges Ziel. Der Tag ist aber auch  ein Anlass um allen zu danken, die sich bereits f\u00fcr den Dom zu Speyer  engagieren\u201c, so Jung. <\/p>\n\n\n\n<div class=\"wp-block-image\"><figure class=\"aligncenter\"><img decoding=\"async\" loading=\"lazy\" width=\"800\" height=\"600\" src=\"https:\/\/speyer24news.com\/wp-content\/uploads\/2019\/09\/P1020206_m.jpg\" alt=\"\" class=\"wp-image-18551\" srcset=\"https:\/\/speyer24news.com\/wp-content\/uploads\/2019\/09\/P1020206_m.jpg 800w, https:\/\/speyer24news.com\/wp-content\/uploads\/2019\/09\/P1020206_m-300x225.jpg 300w, https:\/\/speyer24news.com\/wp-content\/uploads\/2019\/09\/P1020206_m-768x576.jpg 768w, https:\/\/speyer24news.com\/wp-content\/uploads\/2019\/09\/P1020206_m-678x509.jpg 678w, https:\/\/speyer24news.com\/wp-content\/uploads\/2019\/09\/P1020206_m-326x245.jpg 326w, https:\/\/speyer24news.com\/wp-content\/uploads\/2019\/09\/P1020206_m-80x60.jpg 80w\" sizes=\"(max-width: 800px) 100vw, 800px\" \/><\/figure><\/div>\n\n\n\n<p>Das\n offizielle Motto des Denkmaltages \u201eModern(e): Umbr\u00fcche in Kunst und \nArchitektur\u201c wird in diesem Jahr den Fokus auf den Westbau lenken. \nDieser ist der neueste Teil des Doms und wurde Mitte des 19. \nJahrhunderts errichtet. Domkonservator Wolfgang Franz wird als Leiter \nder kirchlichen Denkmalpflege Einblick in die verschiedenen \nVergoldungstechniken geben, die bei der Restaurierung der Vorhalle zum \nEinsatz kommen. 2012 wurden der \u00fcber der Vorhalle gelegene Kaisersaal \nund die Aussichtsplattform im S\u00fcdwestturm er\u00f6ffnet. Der ehemalige \nDombaumeister Mario Colletto stellt in Kurzvortr\u00e4gen seine moderne \nGestaltung dieses Bereichs vor. <\/p>\n\n\n\n<p>Am\n Tag des offenen Denkmals sind immer wieder auch Bereiche am Dom \nbegehbar, welche sonst nicht \u00f6ffentlich zug\u00e4nglich sind. Exklusiv f\u00fcr \nMitglieder des Dombauvereins gibt es die M\u00f6glichkeit, das im \u00f6stlichen \nDomgarten gelegene Heident\u00fcrmchen zu besteigen. Auch wer an diesem Tag \nneu in den Verein eintritt, bekommt diese M\u00f6glichkeit. F\u00fcr alle offen \nist das Angebot, den Dachstuhl \u00fcber dem Mittelschiff zu begehen. <\/p>\n\n\n\n<p>Alle  Angebote finden in einem festen Zeitrahmen statt, f\u00fcr einige werden  zus\u00e4tzlich Tickets ben\u00f6tigt. Zentrale Anlaufstelle ist der Infostand des  Dombauvereins vor dem Dom, wo eine \u00dcbersicht zu allen Angeboten und  weitere Hinweise erh\u00e4ltlich sind. Die  erhobenen Eintrittsgeb\u00fchren k\u00f6nnen in der Dom-Info im s\u00fcdlichen  Domgarten entrichtet werden. Die Gelder kommen dem Domerhalt zu Gute.  Vereinsmitglieder \u2013 auch solche, die es an diesem Tag werden \u2013 zahlen  keinen Eintritt. <\/p>\n\n\n\n<div class=\"wp-block-image\"><figure class=\"aligncenter\"><img decoding=\"async\" loading=\"lazy\" width=\"800\" height=\"600\" src=\"https:\/\/speyer24news.com\/wp-content\/uploads\/2019\/09\/P1020252_m.jpg\" alt=\"\" class=\"wp-image-18552\" srcset=\"https:\/\/speyer24news.com\/wp-content\/uploads\/2019\/09\/P1020252_m.jpg 800w, https:\/\/speyer24news.com\/wp-content\/uploads\/2019\/09\/P1020252_m-300x225.jpg 300w, https:\/\/speyer24news.com\/wp-content\/uploads\/2019\/09\/P1020252_m-768x576.jpg 768w, https:\/\/speyer24news.com\/wp-content\/uploads\/2019\/09\/P1020252_m-678x509.jpg 678w, https:\/\/speyer24news.com\/wp-content\/uploads\/2019\/09\/P1020252_m-326x245.jpg 326w, https:\/\/speyer24news.com\/wp-content\/uploads\/2019\/09\/P1020252_m-80x60.jpg 80w\" sizes=\"(max-width: 800px) 100vw, 800px\" \/><\/figure><\/div>\n\n\n\n<h4 class=\"wp-block-heading\"><strong>Der Tag des offenen Denkmals<\/strong><\/h4>\n\n\n\n<p>Der\n Tag des offenen Denkmals findet allj\u00e4hrlich am zweiten Sonntag im \nSeptember statt. Mehr als 8.000 historische Baudenkmale, Parks oder \narch\u00e4ologische St\u00e4tten \u00f6ffnen 2019 deutschlandweit ihre T\u00fcren. Das \naktuelle bundesweite Programm ist unter <a href=\"https:\/\/deref-web-02.de\/mail\/client\/O2yb6rSMTWw\/dereferrer\/?redirectUrl=http%3A%2F%2Fwww.tag-des-offenen-denkmals.de\" target=\"_blank\" rel=\"noreferrer noopener\">www.tag-des-offenen-denkmals.de<\/a> einsehbar.\n Dort kann man sich alle teilnehmenden Denkmale einer Region anzeigen \nlassen, nach Denkmalkategorien suchen und \u00fcber einen Merkzettel \npers\u00f6nliche Denkmaltouren zusammenstellen. <\/p>\n\n\n\n<p>Der  Tag des offenen Denkmals ist der deutsche Beitrag zu den European  Heritage Days unter der Schirmherrschaft des Europarats. Alle 50 L\u00e4nder  der europ\u00e4ischen Kulturkonvention beteiligen sich im September und  Oktober an dem Ereignis. Seit 1993 koordiniert die Deutsche Stiftung  Denkmalschutz den Tag des offenen Denkmals in der Bundesrepublik  Deutschland.<\/p>\n\n\n\n<p><em>Domkapitel Speyer<br>02.09.2019<\/em><\/p>\n","protected":false},"excerpt":{"rendered":"<div class=\"mh-excerpt\"><p>Gebet um Berufungen Messfeier mit Bischof Wiesemann in der Kirche des Priesterseminars in Speyer am 5. September Speyer &#8211; Am Donnerstag, 5. September, 19 Uhr laden das Priesterseminar St. German in Speyer und die Stabsstelle <a class=\"mh-excerpt-more\" href=\"https:\/\/speyer24news.com\/?p=18549\" title=\"Kirche:\">[&#8230;]<\/a><\/p>\n<\/div>","protected":false},"author":3,"featured_media":16802,"comment_status":"open","ping_status":"open","sticky":false,"template":"","format":"standard","meta":{"_monsterinsights_skip_tracking":false,"_monsterinsights_sitenote_active":false,"_monsterinsights_sitenote_note":"","_monsterinsights_sitenote_category":0,"footnotes":""},"categories":[120],"tags":[953,174,3102,3105,3107,2360,3098,3104,3103,540,3106,121,123,1442,3101,2287,3099,3100],"aioseo_notices":[],"amp_enabled":true,"_links":{"self":[{"href":"https:\/\/speyer24news.com\/index.php?rest_route=\/wp\/v2\/posts\/18549"}],"collection":[{"href":"https:\/\/speyer24news.com\/index.php?rest_route=\/wp\/v2\/posts"}],"about":[{"href":"https:\/\/speyer24news.com\/index.php?rest_route=\/wp\/v2\/types\/post"}],"author":[{"embeddable":true,"href":"https:\/\/speyer24news.com\/index.php?rest_route=\/wp\/v2\/users\/3"}],"replies":[{"embeddable":true,"href":"https:\/\/speyer24news.com\/index.php?rest_route=%2Fwp%2Fv2%2Fcomments&post=18549"}],"version-history":[{"count":1,"href":"https:\/\/speyer24news.com\/index.php?rest_route=\/wp\/v2\/posts\/18549\/revisions"}],"predecessor-version":[{"id":18556,"href":"https:\/\/speyer24news.com\/index.php?rest_route=\/wp\/v2\/posts\/18549\/revisions\/18556"}],"wp:featuredmedia":[{"embeddable":true,"href":"https:\/\/speyer24news.com\/index.php?rest_route=\/wp\/v2\/media\/16802"}],"wp:attachment":[{"href":"https:\/\/speyer24news.com\/index.php?rest_route=%2Fwp%2Fv2%2Fmedia&parent=18549"}],"wp:term":[{"taxonomy":"category","embeddable":true,"href":"https:\/\/speyer24news.com\/index.php?rest_route=%2Fwp%2Fv2%2Fcategories&post=18549"},{"taxonomy":"post_tag","embeddable":true,"href":"https:\/\/speyer24news.com\/index.php?rest_route=%2Fwp%2Fv2%2Ftags&post=18549"}],"curies":[{"name":"wp","href":"https:\/\/api.w.org\/{rel}","templated":true}]}}