{"id":18683,"date":"2019-09-03T15:17:11","date_gmt":"2019-09-03T14:17:11","guid":{"rendered":"https:\/\/speyer24news.com\/?p=18683"},"modified":"2019-09-03T15:17:13","modified_gmt":"2019-09-03T14:17:13","slug":"polizei-56","status":"publish","type":"post","link":"https:\/\/speyer24news.com\/?p=18683","title":{"rendered":"Polizei:"},"content":{"rendered":"<style type=\"text\/css\">\r\n\t.ads_top_disp{}\r\n\t.ads_top_corner_disp{ float:left; margin:0px 10px 10px 0px; }\r\n\t.ads_first_p_disp{}\r\n\t.ads_bottom_disp{}\r\n\t<\/style>\n<h2 class=\"wp-block-heading\">Polizeimeldungen vom Dienstag (03.09.2019)<\/h2>\n\n\n\n<div class=\"wp-block-image\"><figure class=\"aligncenter\"><img decoding=\"async\" src=\"https:\/\/speyer24news.com\/wp-content\/uploads\/2019\/09\/Aktuelles-Polizeilogo.jpg\" alt=\"\" class=\"wp-image-18496\"\/><\/figure><\/div>\n\n\n\n<h4 class=\"wp-block-heading\">(Speyer) &#8211; Sicherheitsgurt verhindert noch schlimmeres<\/h4>\n\n\n\n<div class=\"wp-block-image\"><figure class=\"aligncenter\"><img decoding=\"async\" loading=\"lazy\" width=\"800\" height=\"533\" src=\"https:\/\/speyer24news.com\/wp-content\/uploads\/2019\/09\/02.09.19-SP-VU.jpg\" alt=\"\" class=\"wp-image-18684\" srcset=\"https:\/\/speyer24news.com\/wp-content\/uploads\/2019\/09\/02.09.19-SP-VU.jpg 800w, https:\/\/speyer24news.com\/wp-content\/uploads\/2019\/09\/02.09.19-SP-VU-300x200.jpg 300w, https:\/\/speyer24news.com\/wp-content\/uploads\/2019\/09\/02.09.19-SP-VU-768x512.jpg 768w\" sizes=\"(max-width: 800px) 100vw, 800px\" \/><figcaption>\u00dcbersichtsaufnahme der Unfallstelle am AK Speyer<\/figcaption><\/figure><\/div>\n\n\n\n<p>Gl\u00fcck im Ungl\u00fcck hatte am Montagnachmittag ein 30-j\u00e4hriger Mann aus  Weilerbach, als er bei einem Verkehrsunfall  am Autobahnkreuz Speyer  nicht lebensbedrohlich verletzt wurde. Der junge Mann befuhr mit seinem  Pkw die BAB 61 in Richtung Hockenheim und wollte am Speyerer Kreuz auf  die B9 in Richtung Speyer wechseln. Hier verlor er, aus bisher  ungekl\u00e4rten Ursachen, die Kontrolle \u00fcber sein Fahrzeug und kam nach  links von der Fahrbahn ab und \u00fcberschlug sich im dortigen Gef\u00e4lle. Erst  auf der weiter unten verlaufenden B9 in Richtung Speyer kam das Fahrzeug  zum Stehen. Der angelegte Sicherheitsgurt und die ausgel\u00f6sten Airbags  verhinderten schwerere Verletzungen des Fahrers. Der Fahrer wurde  dennoch mit einem Krankenwagen ins Krankenhaus gebracht. Die rechte  Fahrspur der B9 musste f\u00fcr ca. 1 Stunde gesperrt werden. Die Feuerwehren  aus Speyer und Schifferstadt unterst\u00fctzten die beiden Polizeibeamten  der Polizeiautobahnstation Ruchheim vor Ort.<\/p>\n\n\n\n<h4 class=\"wp-block-heading\">(Speyer) &#8211; Erneut hitzige Auseinandersetzung unter Verkehrsteilnehmern<\/h4>\n\n\n\n<p>Bereits\n am 26.08.2019 kam es zu zwei polizeilichen Eins\u00e4tzen mit \nVerkehrsteilnehmern, die im Umgang miteinander jegliche Form der \nR\u00fccksichtnahme vermissen lie\u00dfen (Pressemeldung 40+52\/2608). <\/p>\n\n\n\n<p>Am \nMontag gegen 14:15 Uhr ereignete sich in der Christian-Dathan-Stra\u00dfe \nzwischen einem 58j\u00e4hrigen Transporter-Fahrer aus Dudenhofen und einem \n53j\u00e4hrigen Radfahrer aus Speyer eine \u00e4hnliche Verkehrssituation. Diese \nendete damit, dass der Radfahrer von dem 58j\u00e4hrigen zu Boden gesto\u00dfen \nworden sein soll und sich dabei leicht verletzte. Ausgangspunkt des \nGanzen war offensichtlich zun\u00e4chst ein \u00dcberholman\u00f6ver des Transporters, \nbei welchem er den Radfahrer zur Seite abgedr\u00e4ngt haben soll. Ob der \nRadfahrer dabei m\u00f6glicherweise gegen den Transporter geschlagen\/getreten\n hat, steht derzeit nicht fest und ist Gegenstand der weiteren \nErmittlungen. Jedenfalls soll der Radfahrer dann vom Transporterfahrer \nam Kragen gepackt und gesto\u00dfen worden sein. Ungl\u00fccklicherweise fiel bei \nder Auseinandersetzung das Fahrrad des Gesto\u00dfenen noch gegen ein \nparkendes Fahrzeug und verursachte an diesem einen geringen Sachschaden \nin Form eines Kratzers. <\/p>\n\n\n\n<h4 class=\"wp-block-heading\">(Speyer) &#8211; Beim B\u00e4cker bestohlen<\/h4>\n\n\n\n<p>Am\n Montag gegen 10:30 Uhr hielt sich eine 44j\u00e4hrige Frau aus Speyer in \neiner B\u00e4ckereifiliale in der Dudenhofer Stra\u00dfe auf. Beim Verlassen der \nB\u00e4ckerei verga\u00df sie ihren Rucksack, den sie wenige Minuten sp\u00e4ter, als \nsie in die B\u00e4ckerei zur\u00fcckkehrte, nicht mehr auffinden konnte. Es ist \nanzunehmen, dass eine unbekannte Person den Rucksack mit dem Geldbeutel,\n einer Bankkarte und dem Personalausweis der Gesch\u00e4digten unbemerkt an \nsich genommen und das Gesch\u00e4ft damit verlassen hat.  Derzeit gibt es \nkeine Hinweise auf den T\u00e4ter. Zeugenhinweise nimmt die Polizei jedoch \nunter der Tel.-Nr. 06232-1370 oder per Mail an <a href=\"mailto:pispeyer@polizei.rlp.de\">pispeyer@polizei.rlp.de<\/a> entgegen. <\/p>\n\n\n\n<h4 class=\"wp-block-heading\">(Speyer) &#8211; Einbr\u00fcche in Gartenhaussiedlung Am Woogbach<\/h4>\n\n\n\n<p>Unbekannte  T\u00e4ter versuchten von Sonntag auf Montag in der Gartenhaussiedlung Am  Woogbach durch Aufhebeln unberechtigt in drei Gartenh\u00e4user bzw.  Ger\u00e4teschuppen einzudringen. In zwei F\u00e4llen gelang das Vorhaben und es  wurden eine Axt sowie eine Kiste Bier entwendet. Durch das Vorgehen der  T\u00e4ter entstand ein Sachschaden von etwa 1300EUR. Ob es weitere  gesch\u00e4digte Parzellenbesitzer gibt, ist Gegenstand der derzeitigen  Ermittlungen. T\u00e4terhinweise liegen aktuell nicht vor. Zeugenhinweise  nimmt die Polizei jedoch unter der Tel.-Nr. 06232-1370 oder per Mail an <a href=\"mailto:pispeyer@polizei.rlp.de\">pispeyer@polizei.rlp.de<\/a> entgegen. Hier\u00fcber k\u00f6nnen sich auch etwaige weitere Gesch\u00e4digte an die Polizei Speyer wenden. <\/p>\n\n\n\n<h4 class=\"wp-block-heading\">(Schifferstadt) &#8211; Unfall zwischen zwei Kindern<\/h4>\n\n\n\n<p>Am Montagmorgen gegen 07:50 Uhr ereignete sich ein Unfall in der  Salierstra\u00dfe, an dem ein 12- und ein 6-j\u00e4hriges Kind auf dem Weg zur  Schule beteiligt waren. Der 12-j\u00e4hrige Junge befuhr mit seinem Fahrrad  den Radweg in der Salierstra\u00dfe in Richtung Speyerer Stra\u00dfe. Weiter vorne  lief der 6-j\u00e4hrige in dieselbe Richtung. Als der Radfahrer etwa in H\u00f6he  des Fu\u00dfg\u00e4ngers war, geriet dieser einen Schritt nach links. Dabei wurde  er von dem Fahrradlenker getroffen und leicht am Arm verletzt. Der  12-j\u00e4hrige st\u00fcrzte durch die Ber\u00fchrung und verletzte sich ebenfalls  leicht. Er trug einen Helm. Beide Kinder wurden vorsorglich durch den  Rettungsdienst zum Arzt gebracht. Die Eltern wurden verst\u00e4ndigt und  konnten ihre Kinder beim Arzt abholen. <\/p>\n\n\n\n<h4 class=\"wp-block-heading\">(Limburgerhof) &#8211; Polizei zieht teilweise durchwachsene Bilanz des Stra\u00dfenfests in Limburgerhof<\/h4>\n\n\n\n<p>Nach dem bereits berichteten Ereignis vom ersten Tag des Stra\u00dfenfests  in Limburgerhof hatte die Polizei insbesondere am Freitag nochmals so  manche Probleme zu l\u00f6sen. Hierbei best\u00e4tigte sich die langj\u00e4hrige  polizeiliche Erfahrung, dass mit zunehmender Alkoholisierung zu sp\u00e4ter  Stunde sich die Anl\u00e4sse f\u00fcr ein Eingreifen h\u00e4uften. <\/p>\n\n\n\n<p>Trotzdem ist \nhierbei auch ausdr\u00fccklich festzustellen, dass die weit \u00fcberwiegende \nMehrheit der Besucher absolut friedlich miteinander feierte. <\/p>\n\n\n\n<p>Freitag:\n Eine 16j\u00e4hrige aus Ludwigshafen hatte bei einer Kontrolle durch Polizei\n und Jugendamt eine Atemalkoholkonzentration von \u00fcber 2 Promille. Das \nf\u00fchrte zu einem aggressiven Verhalten mit wiederholten Beleidigungen der\n eingesetzten Kr\u00e4fte von Polizei, Jugendamt und Kommunalem \nVollzugsdienst. Die phasenweise kaum zu b\u00e4ndigende Jugendliche wurde vom\n eingesetzten Jugendamt in Obhut genommen, da keine \nErziehungsberechtigten erreichbar waren. Sie musste letztlich zur \nAusn\u00fcchterung in ein Krankenhaus gebracht werden. <\/p>\n\n\n\n<p>Ein 23j\u00e4hriger \nMann aus Limburgerhof rief in H\u00f6rweite eingesetzter Polizeibeamten eine \nverbotene Nazi-Parole. Seine Identit\u00e4t wurde festgestellt und eine \nStrafanzeige wegen &#8222;Verwendung von Kennzeichen verfassungswidriger \nOrganisationen&#8220; (\u00a7 86a Strafgesetzbuch) erstattet. <\/p>\n\n\n\n<p>Zu sp\u00e4terer Stunde ereigneten sich dann mehrere Streitigkeiten, die gl\u00fccklicherweise jedoch ohne schwerwiegende Folgen blieben: <\/p>\n\n\n\n<p>In\n einer Gastst\u00e4tte an der Festmeile kam es gegen 00:45 Uhr zum Streit \nzwischen einem Gastwirt und einem Gast. Der Wirt hatte kurzzeitig \nverhindert, dass der Gast das Lokal verlassen kann, weshalb der Gast \nbeim gewaltsamen \u00d6ffnen einer T\u00fcr diese besch\u00e4digte. Der Wirt musste \nwegen des Verdachts der N\u00f6tigung und der Gast wegen des Verdachts der \nSachbesch\u00e4digung beanzeigt werden. <\/p>\n\n\n\n<p>Ein 17j\u00e4hriger Ludwigshafener \nwar alkoholbedingt kurzzeitig au\u00dfer Fassung, konnte jedoch beruhigt und \nseinem Vater \u00fcberstellt werden. <\/p>\n\n\n\n<p>Gegen 01:00 Uhr machte eine \nunbekannte Person, m\u00f6glicherweise ein Anwohner, seinem Unmut \u00fcber zwei \nWildpinkler in der Neuhofener Stra\u00dfe Luft, indem er versuchte, diese mit\n einer Eisenstange anzugreifen. Die Angegriffenen konnten das jedoch \nverhindern und den Mann entwaffnen. Einer der beiden wurde aber dennoch \nverletzt, da ihm ein unbekannter Dritter pl\u00f6tzlich Faustschl\u00e4ge an Kopf \nund Oberk\u00f6rper versetzte. <\/p>\n\n\n\n<p>Nach 01:30 Uhr kam es zu einer \nAuseinandersetzung zwischen zwei Personengruppen in der Rheinstra\u00dfe, \nderen Ablauf im Detail noch unklar ist, da nur eine der Gruppen \nkontrolliert werden konnte. Die jungen Menschen zwischen 18 und 22 \nJahren waren durchweg deutlich alkoholisiert und gerieten zun\u00e4chst \nverbal, dann auch k\u00f6rperlich mit der anderen Gruppe aneinander. Drei \nPersonen wiesen leichte Verletzungen auf. <\/p>\n\n\n\n<p>Samstag: Am Nachmittag \nwurden zwei Achtj\u00e4hrige an einem Luftgewehr-Schie\u00dfstand von einem \nzun\u00e4chst unbekannten Mann um ihr Wechselgeld bestohlen, als dieser sich \ndieses griff und fl\u00fcchtete. Auf Grund der Beschreibung konnte die Mutter\n einen 39j\u00e4hrigen aus Ludwigshafen auf dem Fest identifizieren und der \nPolizei melden. <\/p>\n\n\n\n<p>Um 23 Uhr schlug ein 16j\u00e4hriger aus Hanhofen den \ngleichaltrigen Gesch\u00e4digten mehrfach ins Gesicht. Der Gesch\u00e4digte \nerstattete daraufhin am n\u00e4chsten Morgen Strafanzeige bei der PI \nSchifferstadt. Grund sei eine zwei Jahre zur\u00fcckliegende Streitigkeit \nzwischen den Jugendlichen gewesen. <\/p>\n\n\n\n<p>Nach 00:00 Uhr musste f\u00fcnf \nPersonen wegen ihres aggressiven Verhaltens zur Unterbindung von \nStraftaten ein Platzverweis erteilt werden, dem sie auch nachkamen. <\/p>\n\n\n\n<p>Um\n 01:20 Uhr wurde eine Personengruppe am Bahnhof bei einem Diebstahl \ndreier Fahrr\u00e4der beobachtet. Im Rahmen der Fahndung konnten die \nTatverd\u00e4chtigen auf dem Heimweg nach Ludwigshafen mit einem der \nvermutlich gestohlenen R\u00e4der kontrolliert werden. <\/p>\n\n\n\n<p>In der Speyerer Stra\u00dfe wurde nachts zudem ein weiteres Fahrrad entwendet. <\/p>\n\n\n\n<p>Sonntag: Am Sonntag verlief das Stra\u00dfenfest ohne polizeilich relevante Vorkommnisse. <\/p>\n\n\n\n<h4 class=\"wp-block-heading\">(Dudenhofen) &#8211; Einbruch in Wochenendhaus<\/h4>\n\n\n\n<p>Im\n Zeitraum 31.08.2019 &#8211; 02.09.2019 machten sich unbekannte T\u00e4ter an dem \nWochenendhaus und bzw. dem dortigen Werkzeug- \/Ger\u00e4tehaus eines \nGesch\u00e4digten zu schaffen. Durch Aufhebeln eines Klappladens und das \nEinwerfen eines Fensters verschafften sie sich Zutritt in die \nR\u00e4umlichkeiten und entwendeten dort eine sog. Powerbank und eine \ndreizackige Gartenharke. Von den T\u00e4tern fehlt jede Spur. Zeugenhinweise \nnimmt die Polizei unter der Tel.-Nr. 06232-1370 oder per Mail an <a href=\"mailto:pispeyer@polizei.rlp.de\">pispeyer@polizei.rlp.de<\/a> entgegen. <\/p>\n\n\n\n<h4 class=\"wp-block-heading\">(Gommersheim) &#8211; Dreiste Langfinger<\/h4>\n\n\n\n<p>Vier Gartenst\u00fchle im Wert von 400 Euro haben Unbekannte aus einem  Garten unter einer Pergola im Schwalbenweg entwendet. Vermutlich wurden  die St\u00fchle \u00fcber den Feldweg hinter dem Anwesen abtransportiert. Der  Diebstahl wurde am Samstagmittag festgestellt und beanzeigt. Von den  Unbekannten fehlt jede Spur. Hinweise zu den T\u00e4tern nimmt die Polizei in  Edenkoben unter der Telefonnummer 06323 9550 entgegen. <\/p>\n\n\n\n<h4 class=\"wp-block-heading\">(Germersheim) &#8211; Zeugen gesucht<\/h4>\n\n\n\n<p>Bluterg\u00fcsse und eine Knochenabsplitterung sind die Folge einer  k\u00f6rperlichen Auseinandersetzung am Sonntagabend im Stadtpark hinter der  Stadthalle gegen 20 Uhr. Ein bis dato unbekannter T\u00e4ter hatte einen 53 &#8211;  j\u00e4hrigen Mann zun\u00e4chst von einer Bank gesto\u00dfen und ihm im Anschluss auf  dem Boden liegend in den Bauch getreten. Der Vorfall wurde erst am  Montagmittag bei der Polizei Germersheim bekannt. Der Auseinandersetzung  war kein Streit vorausgegangen. Eine Beschreibung des Angreifers war  dem verletzten Mann nicht m\u00f6glich. <\/p>\n\n\n\n<p>Zeugenhinweise nimmt die Polizeiinspektion Germersheim telefonisch unter 07274\/9580 oder per Mail <a href=\"mailto:pigermersheim@polizei.rlp.de\">pigermersheim@polizei.rlp.de<\/a>. <\/p>\n\n\n\n<h4 class=\"wp-block-heading\">(Bellheim) &#8211; Rad gestohlen<\/h4>\n\n\n\n<p>Ein Cityrad der Marke Viking Go wurde in der Nacht von Samstag auf  Sonntag am Bahnhof in Bellheim gestohlen. Das wei\u00dfe Rad hatte einen Wert  von 180 EUR und war mit einem Schloss gegen die Wegnahme gesichert.  Derzeit bestehen keine T\u00e4terhinweise. <\/p>\n\n\n\n<p>Hinweise nimmt die Polizei Germersheim unter 07274\/958-0 oder <a href=\"mailto:pigermersheim.presse@polizei.rlp.de\">pigermersheim.presse@polizei.rlp.de<\/a> entgegen. <\/p>\n\n\n\n<h4 class=\"wp-block-heading\">(Herxheim) &#8211; Einbruch in Getr\u00e4nkemarkt<\/h4>\n\n\n\n<p>\u00dcbers\n Wochenende von Samstag, den 31.08.2019 nach Ladenschluss bis zur \nFeststellung am Montag, den 02.09.2019 nach 08.00 Uhr schlugen bisher \nunbekannte T\u00e4ter ein Fenster zu einem Getr\u00e4nkemarkt in der \nSiedlungsstra\u00dfe in Herxheim ein. <\/p>\n\n\n\n<p>Die T\u00e4ter entwendeten Zigaretten und Spirituosen im Wert von mehreren hundert Euro. <\/p>\n\n\n\n<p>T\u00e4terhinweise liegen bisher nicht vor. Die am Tatort gesicherten Spuren werden noch kriminaltechnisch untersucht. <\/p>\n\n\n\n<p>Zeugen werden gebeten sich mit der Kriminalinspektion Landau unter der Telefonnummer: 06341-287-0 in Verbindung zu setzen. <\/p>\n\n\n\n<h4 class=\"wp-block-heading\">(Schweigen-Rechtenbach) &#8211; 17-j\u00e4hriger leicht verletzt<\/h4>\n\n\n\n<p>Am Montag, 02.09.2019, gegen 18:45 Uhr, befuhr eine 4-k\u00f6pfige  Motorradgruppe die B 38 von Schweigen-Rechtenbach in Richtung  Oberotterbach. Kurz vor dem Ortsausgang Schweigen-Rechtenbach kam der an  zweiter Position fahrende 17-j\u00e4hrige Fahrer eines Leichtkraftrades,  ohne Fremdeinwirkung zu Fall und zog sich leichte Verletzungen zu. An  dem Leichtkraftrad entstand nur geringer Sachschaden. <\/p>\n\n\n\n<h4 class=\"wp-block-heading\">(Bad Bergzabern) &#8211; Zeugen gesucht<\/h4>\n\n\n\n<p>Am Montag, 02.09.2019, gegen 19:30 Uhr, wurde im Maxburgring, in der  N\u00e4he eines Spielplatzes, ein 10-j\u00e4hriger Junge angesprochen und  aufgefordert sich f\u00fcr eine angebliche Beleidigung zu entschuldigen. Der  Junge entschuldigte sich, musste aber trotzdem einen Schlag auf den Arm  hinnehmen. Anschlie\u00dfend wurden dem Jungen die F\u00fc\u00dfe weggezogen, sodass er  auf den Boden st\u00fcrzte. Einer der beiden T\u00e4ter trat auf den am Boden  liegenden Jungen ein. Der zweite T\u00e4ter beleidigte den 10-J\u00e4hrigen.  Gesucht werden zwei Jungen im jugendlichen Alter und einer Gr\u00f6\u00dfe von  circa 170cm. Zeugen, die Angaben zur Tat oder den beiden T\u00e4tern machen  k\u00f6nnen, werden gebeten sich mit der Polizeiinspektion Bad Bergzabern  unter 06343-93340 oder per Email unter <a href=\"mailto:pibadbergzabern@Polizei.rlp.de\">pibadbergzabern@Polizei.rlp.de<\/a> in Verbindung zu setzen. <\/p>\n\n\n\n<h4 class=\"wp-block-heading\">(Gossersweiler-Stein &amp; Silz) &#8211; Verkehrskontrollen<\/h4>\n\n\n\n<p>Am Montag, 02.09.2019, wurden in der Zeit von 07:15Uhr bis 08:45 Uhr,  an der Grundschule Gossersweiler-Stein und am Kindergarten in Silz,  Verkehrskontrollen durchgef\u00fchrt. Dabei wurde insbesondere die  Kindersicherung \u00fcberpr\u00fcft. Bei 10 kontrollierten Fahrzeugen mussten 4  Fahrzeugf\u00fchrer beanstandet werden. Ein Fahrzeugf\u00fchrer bef\u00f6rderte ein  Kind ohne Kindersitz. Im wurde gar die Weiterfahrt untersagt. <\/p>\n\n\n\n<h4 class=\"wp-block-heading\">(Edesheim) &#8211; Fiatfahrer mit Alkoholfahne<\/h4>\n\n\n\n<p>Montagabend (02.09.2019, 20.15 Uhr) wurde in der  Leonhard-Eckel-Siedlung ein 63-j\u00e4hriger Fiatfahrer kontrolliert. Da der  Mann eine Alkoholfahne hatte, wurde ein Alkotest durchgef\u00fchrt. Dieser  ergab 0,94 Promille. Sein Fahrzeug musste er vor Ort stehen lassen. Der  Schl\u00fcssel wurde einkassiert. Der Mann erh\u00e4lt in K\u00fcrze einen  Bu\u00dfgeldbescheid in H\u00f6he von 500 Euro. Zudem muss er einen Monat seine  Fahrerlaubnis abgeben. <\/p>\n\n\n\n<h4 class=\"wp-block-heading\">(Edenkoben) &#8211; Unklarer Unfallhergang; Polizei sucht Unfallzeugen<\/h4>\n\n\n\n<p>Angeblich musste am Mittwochmorgen (03.09.2019) kurz vor 8 Uhr ein  51-j\u00e4hriger Busfahrer in einer Engstelle in der Weinstra\u00dfe einem  entgegenkommenden BMW ausweichen und kollidierte dabei mit einem  geparkten Fahrzeug. Die 18-j\u00e4hrige BMW-Fahrerin, die den Unfall zun\u00e4chst  nicht bemerkte, fuhr weiter und konnte im Laufe der Ermittlungen  ausfindig gemacht werden. Sie gab an, dass sie problemlos die angebliche  Engstelle passieren konnte. Zeugen, die Angaben zu dem Unfallhergang  machen k\u00f6nnen, werden gebeten, sich mit der Polizei unter der  Telefonnummer 06323 9550 in Verbindung zu setzen. <\/p>\n\n\n\n<h4 class=\"wp-block-heading\">(Edenkoben) &#8211; Frontscheibe eingeworfen<\/h4>\n\n\n\n<p>In der Weinstra\u00dfe haben Montag (02.09.2019) in der Zeit von 13.40 Uhr  bis 16.10 Uhr Unbekannte mit einem Stein die Frontscheibe eines Fiat  Panda eingeworfen. Das Auto stand geparkt auf dem Parkplatz vor der  Grundschule.  Von den T\u00e4tern fehlt jede Spur. Hinweise nimmt die Polizei  Edenkoben unter der Telefonnummer 06323 9550 entgegen. <\/p>\n\n\n\n<h4 class=\"wp-block-heading\">(Edenkoben) &#8211; 26 Autofahrer zu schnell<\/h4>\n\n\n\n<p>Bei einer Geschwindigkeitskontrolle Montagmorgen in der Zeit zwischen  10 Uhr und 11 Uhr in der Weinstra\u00dfe wurden 26 Verkehrsteilnehmer  erwischt, die sich nicht an die Geschwindigkeitsbeschr\u00e4nkung von 30 km\/h  hielten. W\u00e4hrend 24 Autofahrer eine geb\u00fchrenpflichtige Verwarnung  zahlen mussten, kommt auf einen Reisebusfahrer und einen weiteren  Autofahrer ein Bu\u00dfgeldbescheid zu, weil deren Geschwindigkeit  55 km\/h  in der 30er Zone betrug. Vier Autofahrer erhielten eine  Kontrollaufforderung, da sie den F\u00fchrerschein nicht mitf\u00fchrten und die  Hauptuntersuchung abgelaufen war. <\/p>\n\n\n\n<h4 class=\"wp-block-heading\">(Edenkoben) &#8211; Durch langsame Fahrweise auff\u00e4llig<\/h4>\n\n\n\n<p>Weil ein 60-j\u00e4hriger Autofahrer aus Edenkoben mit teilweise ca. 25 km\/h  und schlangenlinienfahrend Sonntagabend kurz vor 21 Uhr auf der L 516  zwischen Edesheim und Edenkoben unterwegs war, wurde er einer Kontrolle  unterzogen. Der Grund f\u00fcr sein Verkehrsverhalten war schnell klar. Der  Alkotest ergab 1,65 Promille. Eine Blutprobe wurde angeordnet. Seine  Fahrerlaubnis wurde beschlagnahmt. <\/p>\n\n\n\n<h4 class=\"wp-block-heading\">(Kirrweiler) &#8211; Sprinter besch\u00e4digt<\/h4>\n\n\n\n<p>Wie bereits berichtet, wurden am vergangenen Wochenende in den  Forstg\u00e4rten vier Fahrzeuge von Unbekannten mutwillig zerst\u00f6rt. Der  Sachschaden d\u00fcrfte bei knapp 2000 Euro liegen. Mittlerweile wurde eine  weitere Sachbesch\u00e4digung aus dem Kuhgartenweg gemeldet. Mit  Pflastersteinen schlugen Unbekannte die Front- und Seitenscheibe eines  Sprinters ein. Auch der linke Au\u00dfenspiegel wurde demoliert. Ein  Tatzusammenhang d\u00fcrfte bestehen. Nicht auszuschlie\u00dfen ist, dass es sich  bei den T\u00e4tern um Besucher des Venninger Weinfestes handelt, die auf  ihrem Heimweg am vergangenen Wochenende die Fahrzeuge \u00fcberm\u00fctig  besch\u00e4digten. Die Ermittlungen laufen. Hinweise nimmt die Polizei in  Edenkoben unter der Telefonnummer 06323 9550 entgegen. <\/p>\n\n\n\n<h4 class=\"wp-block-heading\">(Neustadt) &#8211; Polizeieinsatz wegen angeblichem Schusswaffengebrauch<\/h4>\n\n\n\n<p>Am Montag, den 02.09.2019 gegen 20:30 Uhr, teilte eine 64-j\u00e4hrige Frau  aus Lindenberg der Polizei \u00fcber Notruf mit, dass ihr Lebensgef\u00e4hrte im  Besitz einer Schusswaffe sei und er derzeit in der Wohnung damit  schie\u00dfen w\u00fcrde. Aus dem Mehrfamilienhaus, in dem die Anruferin wohnt,  gingen allerdings keine weiteren Notrufe ein. Sie selbst \u00f6ffnete den  eintreffenden Beamten die Haust\u00fcr. Sie konnte auf Nachfrage den am  Notruf geschilderten Sachverhalt allerdings nicht widergeben. Der  Lebensgef\u00e4hrte, der durch den Einsatz scheinbar geweckt wurde, erschien  ebenfalls an der Haust\u00fcr. Die Wohnung wurde mit Einverst\u00e4ndnis nach der  angeblichen Waffe durchsucht. Es gab keine Hinweise auf eine Schusswaffe  oder deren Gebrauch. Es stellte sich heraus, dass der geschilderte  Sachverhalt nicht der Realit\u00e4t entsprach und die Frau bereits wegen  \u00e4hnlicher Vorf\u00e4lle aktenkundig ist. <\/p>\n\n\n\n<h4 class=\"wp-block-heading\">(Neustadt) &#8211; Verdacht auf illegales Stra\u00dfenrennen<\/h4>\n\n\n\n<p>Am fr\u00fchen Sonntagmorgen den 01.09.2019, gegen 04:30 Uhr bemerkte eine  Polizeistreife in Neustadt zwei Fahrzeuge, die mit stark \u00fcberh\u00f6hter  Geschwindigkeit aus der Branchweilerhofstra\u00dfe in die  Martin-Luther-Stra\u00dfe fuhren. Sie \u00fcberfuhren beinahe ungebremst ein  &#8222;Vorfahrt gew\u00e4hren&#8220; Schild und fuhren anschlie\u00dfend in die  Konrad-Adenauer-Stra\u00dfe, wobei die Kurven f\u00fcr Drifts genutzt wurde. Die  beiden Fahrzeuge, ein BMW 3er und ein DB C-Klasse,  wurden auf der  Festwiese einer Verkehrskontrolle unterzogen. Deren Fahrer, ein  19-J\u00e4hriger Mann aus Neustadt und ein 20-J\u00e4hriger Mann aus der  Verbandsgemeinde Deidesheim, waren uneinsichtig. Es werden Strafanzeigen  wegen Verdacht auf illegale Stra\u00dfenrennen der Staatsanwaltschaft  Frankenthal vorgelegt. <\/p>\n\n\n\n<h4 class=\"wp-block-heading\">(Lambrecht) &#8211; Motorradfahrer unter Alkohol- und Medikamenteneinfluss<\/h4>\n\n\n\n<p>Am Montag den 02.09.2019 wurde die Polizei Neustadt gegen 19:00 Uhr  informiert, dass in Lambrecht ein Motorradfahrer an der Einm\u00fcndung  Bahnhofstra\u00dfe \/ Hauptstra\u00dfe gest\u00fcrzt sei. Vor Ort konnte der  Motorradfahrer mit Ersthelfern angetroffen werden. W\u00e4hrend der  Unfallaufnahme stellte sich heraus, dass der 27-j\u00e4hrige Neustadter unter  Alkoholeinfluss stand und ohne Fremdeinwirkung gest\u00fcrzt war. Ein  Atemalkoholtest ergab eine Konzentration von 1,41 Promille. Nach eigenen  Angaben hatte der Fahrer auch Medikamente (Tilidin) an diesem Tag  eingenommen. Er zog sich bei dem Sturz eine Sch\u00fcrfwunde am rechten Bein  zu, lehnte aber jegliche medizinische Betreuung durch den Rettungsdienst  ab. Das Motorrad ist derzeit nicht zugelassen und nicht versichert. Dem  27-J\u00e4hrigen, der nicht im Besitz einer g\u00fcltigen Fahrerlaubnis ist,   wurde eine Blutprobe entnommen. Zudem wurde festgestellt, dass er im  Juni mit einem Motorrad einen schweren Verkehrsunfall hatte und deshalb  erst vor zwei Tagen aus dem Krankenhaus entlassen wurde. <\/p>\n\n\n\n<h4 class=\"wp-block-heading\">(Elmsteiner Tal) &#8211; Motorradkontrolle im Elmsteiner Tal<\/h4>\n\n\n\n<p>Am 31.08.2019, wurde von 11:00 &#8211; 14:45 Uhr eine Zweiradkontrolle an der  L499 durchgef\u00fchrt. Insgesamt wurden 19 Kraftr\u00e4der kontrolliert. Vier  Fahrern wurde eine Verwarnung aufgrund des Durchfahrtverbotes  ausgesprochen, ihnen wurde die Durchfahrt verweigert. Zudem wurden 2  M\u00e4ngelberichte ausgestellt. <\/p>\n\n\n\n<h4 class=\"wp-block-heading\">(Freinsheim \/ Bad D\u00fcrkheim) &#8211; Geschwindigkeitskontrollen<\/h4>\n\n\n\n<p>Am 02.09.19 f\u00fchrte das Polizeipr\u00e4sidium Einsatz, Logistik, Technik f\u00fcr  die Polizeiinspektion Bad D\u00fcrkheim Geschwindigkeitskontrollen durch. In  der Zeit von 10:50 &#8211; 12.25 Uhr wurde in der Dackenheimer-Stra\u00dfe in  Freinsheim, in H\u00f6he des dortigen Kindergartens eine Laser-Kontrolle  durchgef\u00fchrt. Es wurden 11 Fahrzeugf\u00fchrer betroffen und  geb\u00fchrenpflichtig verwarnt. Die gemessene H\u00f6chstgeschwindigkeit betrug  49 km\/h. Dies wurde mit einem Verwarnungsgeld von 35,- Euro geahndet.  Erlaubt sind dort 30 km\/h. Weiterhin wurden zwei Fahrzeugf\u00fchrer mit  jeweils einem Verwarnungsgeld von 30,- Euro verwarnt, da sie nicht  angeschnallt waren. In Bad D\u00fcrkheim wurde auf der B 217, H\u00f6he Bad  D\u00fcrkheim S\u00fcd in der Zeit von 13:30 Uhr &#8211; 14:45 Uhr der Verkehr in  Richtung Neustadt \u00fcberwacht. Hier gilt eine H\u00f6chstgeschwindigkeit von 70  km\/h. Es wurden 22 Verkehrsteilnehmer geb\u00fchrenpflichtig verwarnt. Gegen  6 weitere Verkehrsteilnehmer wurde eine Ordnungswidrigkeitenanzeige  erstellt, da sie schneller als 91 km\/h gefahren waren. Die gemessene  H\u00f6chstgeschwindigkeit betrug 111 km\/h. Dies wird mit einem Bu\u00dfgeld von  200,- Euro, 2 Punkten in Flensburg und einem Monat Fahrverbot  sanktioniert. Weiterhin wurden zwei Fahrzeugf\u00fchrer dabei betroffen, die  mit einen Handy w\u00e4hrend der Fahrt telefonierten. Dies wird jeweils mit  100,- Euro und einem Punkt in Flensburg geahndet. <\/p>\n\n\n\n<h4 class=\"wp-block-heading\">(Bad D\u00fcrkheim) &#8211;  Zu tief ins Glas geschaut u.a.<\/h4>\n\n\n\n<p>Am 02.09.19, gegen 23:30 Uhr, wurde die Polizei von einem Pkw-Fahrer  dar\u00fcber informiert, dass ein unbekannter Pkw-Fahrer ihn durch Zeigen des  &#8222;Mittelfingers&#8220; beleidigt habe. Er konnte zun\u00e4chst den Fahrer in Bad  D\u00fcrkheim in der N\u00e4he der Sparda-Bank zur Rede stellen. Hierbei bemerkte  er, dass der Fahrer alkoholisiert war. Der unbekannte Pkw-Fahrer parkte  danach seinen Pkw am Schlossplatz und begab sich in die Spielbank. Dort  konnte der 53-j\u00e4hrige Pkw-Fahrer durch die verst\u00e4ndigte Polizei  angetroffen werden. Alkoholgeruch wurde bei ihm festgestellt. Ein  freiwillig durchgef\u00fchrter Atemalkoholtest ergab einen Wert von ca. 1,9  Promille. Ihm wurde auf der Dienststelle eine Blutprobe entnommen.  Weiterhin stellte sich bei der \u00dcberpr\u00fcfung des Fahrers heraus, dass er  nicht im Besitz einer Fahrererlaubnis ist. Ihn erwartet nun eine Anzeige  wegen Trunkenheit im Stra\u00dfenverkehr, Fahren ohne Fahrerlaubnis und  Beleidigung. <\/p>\n\n\n\n<h4 class=\"wp-block-heading\">(Bad D\u00fcrkheim) &#8211; Pkw-Aufbruch<\/h4>\n\n\n\n<p>Bisher unbekannte T\u00e4ter schlugen am 02.09.19, zw. 12:45 &#8211; 16:00 Uhr, an  einem in der Gutleutstra\u00dfe, gegen\u00fcber den Flohmarktgel\u00e4nde auf dem  dortigen Parkplatz abgestellten schwarzen Pkw, Toyota eine Scheibe ein  und entwendet aus dem Fahrzeug eine kleine Umh\u00e4ngetasche mit Bargeld,  Personaldokumenten und pers\u00f6nlichen Papieren. Die genaue Schadensh\u00f6he  steht noch nicht fest. <\/p>\n\n\n\n<p>Hinweise bitte an die Polizeiinspektion Bad D\u00fcrkheim, Tel. 06322\/963-0, oder <a href=\"mailto:pibadduerkheim@polizei.rlp.de\">pibadduerkheim@polizei.rlp.de<\/a> <\/p>\n\n\n\n<h4 class=\"wp-block-heading\">(Gr\u00fcnstadt) &#8211; Verd\u00e4chtige Personen im Gewerbegebiet kontrolliert \/ Bet\u00e4ubungsmittel gefunden<\/h4>\n\n\n\n<p>Nach Mitteilung einer Streife der Autobahnpolizei Ruchheim wurden in der Dienstagfr\u00fch zwei  Personen im Bereich Ferdinand-Porsche-Stra\u00dfe \/ Obers\u00fclzer Stra\u00dfe  kontrolliert. Sie f\u00fchrten mehrere leere Taschen und Rucks\u00e4cke mit sich  und hatten Taschenlampen dabei. Auch machten sie widerspr\u00fcchliche  Angaben, woher sie kommen und was sie am Kontrollort zu suchen haben.  Bei der Durchsuchung der Personen und eines mitgef\u00fchrten PKW wurden ein  Joint und T\u00fctchen mit wei\u00dflichen Anhaftungen gefunden, was auf  Amphetamin hindeutete. Einer hatte auch wei\u00dfes Pulver in seiner Nase.  Die Personen, ein 30- und ein 39-J\u00e4hriger aus Eisenberg, waren der  Polizei nicht unbekannt &#8211; sie hatten Vorstrafen u.a. wegen  Eigentumsdelikten. <\/p>\n\n\n\n<h4 class=\"wp-block-heading\">(Gr\u00fcnstadt) &#8211; Alkoholisierter PKW-Fahrer in der Schlachthofstra\u00dfe<\/h4>\n\n\n\n<p>Ein 51-j\u00e4hriger PKW-Fahrer machte sich am Montagnachmittag verd\u00e4chtig, als er nach  Erblicken der Streife unvermittelt einen Parkplatz ansteuerte. Bei  seiner Kontrolle stellten die Beamten Alkoholgeruch fest. Ein Test ergab  einen Wert von knapp 0,7 Promille, weshalb eine Blutprobe angeordnet  wurde. Den F\u00fchrerschein und den Fzg-Schl\u00fcssel bekommt der 51-j\u00e4hrige  wieder zur\u00fcck, wenn er n\u00fcchtern ist. <\/p>\n\n\n\n<h4 class=\"wp-block-heading\">(Gr\u00fcnstadt) &#8211; Hochwertiger Audi Q 7 und Kennzeichen gestohlen<\/h4>\n\n\n\n<p>Vom Gel\u00e4nde eines Autohauses in der Kirchheimer Stra\u00dfe wurde \u00fcber das  Wochenende ein grauer Audi Q 7 im Wert \u00fcber 35.000 EUR  (Gebrauchtfahrzeug) gestohlen. An einem anderen ausgestellten PKW wurden  die Kennzeichen BIR-.. entwendet. Vermutlich wurden diese am  gestohlenen Audi angeschraubt. M\u00f6glicherweise hat jemand verd\u00e4chtige  Wahrnehmungen im Bereich des Leininger Centers (Kirchheimer Stra\u00dfe \/  Otte-Fliesen-Stra\u00dfe) gemacht. Hinweise bitte an: Polizei Gr\u00fcnstadt 06359  93120 <\/p>\n\n\n\n<h4 class=\"wp-block-heading\">(Bockenheim \/ Quirnheim) &#8211; Vorsicht &#8222;Dachhaie&#8220; unterwegs<\/h4>\n\n\n\n<p>Der Mitteiler aus Bockenheim staunte nicht schlecht, als er drei M\u00e4nner  dabei antraf, wie sie ohne Auftrag die Dachrinne am Haus seines Vaters  \u00fcber eine L\u00e4nge von ca. 12 m abmontierten. Nur widerwillig schraubten  die 3 Handwerker die Dachrinne wieder dran. Der Gesch\u00e4digte stellte  dabei fest, dass die Dachrinne besch\u00e4digt wurde. Die Dachsanierer waren  mit einem silbernen Kleinbus mit PF-Kennzeichen unterwegs. Die gleichen  Leute boten einer 50-J\u00e4hrigen in Quirnheim die Reparatur ihrer Dachrinne  am Haus an. Die Hausbesitzerin hatte per Vorkasse einen 4-stelligen  Euro-Betrag gezahlt. Ob die Reparatur \u00fcberhaupt erforderlich war, ist  fragw\u00fcrdig. <\/p>\n\n\n\n<h4 class=\"wp-block-heading\">(Frankenthal) &#8211; Einbruch in Nagelstudio<\/h4>\n\n\n\n<p>In der Zeit von 01.09.2019, 21.00 Uhr, bis 02.09.2019, 07.45 Uhr,  brechen bislang unbekannte T\u00e4ter in ein Nagelstudio in der Speyerer  Stra\u00dfe ein, indem sie die Schiebet\u00fcr aufhebeln. Entwendet werden nach  derzeitigem Stand ein Fernsehger\u00e4t und ein Laptop. Der Schaden wird auf  etwa 500 Euro gesch\u00e4tzt. <\/p>\n\n\n\n<p>Wer sachdienliche Hinweise zu dem  genannten Fall geben kann, wird gebeten sich mit der Polizeiinspektion  Frankenthal unter der Rufnummer 06233\/313-0 oder der Polizeiwache  Maxdorf unter der Rufnummer 06237\/934-1100 in Verbindung zu setzen.  Hinweise k\u00f6nnen auch per E-Mail unter <a href=\"mailto:pifrankenthal@polizei.rlp.de\">pifrankenthal@polizei.rlp.de<\/a> an die Polizei \u00fcbermittelt werden. <\/p>\n\n\n\n<h4 class=\"wp-block-heading\">(Ludwigshafen) &#8211; Hoher Sachschaden bei Verkehrsunfall<\/h4>\n\n\n\n<p>An der Kreuzung Bliesstra\u00dfe \/ Wollstra\u00dfe ereignete sich am Montag,  02.09.2019, gegen 17 Uhr, ein Verkehrsunfall mit hohem Sachschaden. Ein  65-j\u00e4hriger Seat-Fahrer fuhr aus Richtung Mannheimer Stra\u00dfe kommend auf  die Kreuzung zu. Eine 20-j\u00e4hrige Toyota-Fahrerin fuhr ebenfalls auf die  Kreuzung zu, sie kam aus Richtung Mannheimer Stra\u00dfe. Beide Autofahrer  kamen zeitgleich an der Kreuzung an. Der 65-J\u00e4hrige wollte die Kreuzung  geradeaus \u00fcberqueren beachtete dabei aber nicht die Vorfahrt der jungen  Frau. Es kam zum Zusammensto\u00df der Autos. An diesen entstand hoher  Sachschaden, Gesamtschadensh\u00f6he rund 17.000EUR. <\/p>\n\n\n\n<h4 class=\"wp-block-heading\">(Ludwigshafen) &#8211; Einbruch in Wohnung<\/h4>\n\n\n\n<p>Unbekannte brachen am Montag (02.09.2019), zwischen 12.30 Uhr und 15.15  Uhr in eine Wohnung in der Eschenbachstra\u00dfe ein. Aus der Wohnung wurden  Bargeld und Schmuck in noch unbekannter H\u00f6he entwendet. Sachdienliche  Hinweise nimmt die Kriminalpolizei Ludwigshafen unter der Telefonnummer  0621\/963-2773 oder per Email <a href=\"mailto:kiludwigshafen@polizei.rlp.de\">kiludwigshafen@polizei.rlp.de<\/a> entgegen. <\/p>\n\n\n\n<h4 class=\"wp-block-heading\">(Ludwigshafen) &#8211; Beifahrerin bei Unfall leicht verletzt<\/h4>\n\n\n\n<p>Die Beifahrerin eines Hyundai wurde bei einem Verkehrsunfall am Montag,  02.09.2019, gg. 12 Uhr, leicht verletzt. Ein 22-j\u00e4hriger Hyundai-Fahrer  befuhr die Rheinuferstra\u00dfe in Richtung Innenstadt. An der B44 wollte  nach rechts auf die B44 Richtung A650 auffahren. Ein 69-j\u00e4hriger  Mercedesfahrer war in der gleichen Fahrtrichtung unterwegs. Als dieser  ebenfalls auf den rechten Fahrtstreifen wechseln wollte, \u00fcbersah er den  Hyundai. Es kam zum Zusammensto\u00df. Beide Autos wurden an den Reifen so  stark besch\u00e4digt, dass sie nicht mehr weiterfahren konnten. Der Schaden  betr\u00e4gt rund 1.000 EUR. <\/p>\n\n\n\n<h4 class=\"wp-block-heading\">(Ludwigshafen) &#8211; Rollerfahrerin \u00fcbersehen<\/h4>\n\n\n\n<p>Eine 33-J\u00e4hrige kam am Montag (02.09.2019) schwerverletzt in ein  Krankenhaus, nachdem sie mit einem Pkw kollidierte. Eine 44-j\u00e4hrige  Pkw-Fahrerin fuhr auf der Adolf-Diesterweg-Stra\u00dfe und wollte links in  die D\u00fcrkheimer Stra\u00dfe einbiegen. Hierbei \u00fcbersah sie eine  entgegenkommende Rollerfahrerin. Beide Fahrzeuge kollidierten. Insgesamt  entstand ein Sachschaden in H\u00f6he von 2000 Euro. Die 33-j\u00e4hrige  Rollerfahrerin wurde anschlie\u00dfend in ein Krankenhaus gebracht. <\/p>\n\n\n\n<h4 class=\"wp-block-heading\">(Ludwigshafen) &#8211; Fahrradfahrer leicht verletzt<\/h4>\n\n\n\n<p>Am Morgen des 02.09.2019, gegen 07:15 Uhr, kam es in der Friesenheimer  Stra\u00dfe zu einem Verkehrsunfall in dessen Verlauf ein 49-j\u00e4hriger  Fahrradfahrer verletzt wurde. Zuvor war der Radfahrer auf dem Radweg  entlang in Richtung Oppau gefahren. Als eine 46-j\u00e4hrige Autofahrerin von  der Langgartenstra\u00dfe in die Friesenheimer Stra\u00dfe abbog, kam es zur  Kollision. Der 49-J\u00e4hrige st\u00fcrzte und wurde leicht verletzt. Sachschaden  entstand nicht. <\/p>\n\n\n\n<h4 class=\"wp-block-heading\">(Ludwigshafen) &#8211; In Bekleidungsgesch\u00e4ft eingebrochen<\/h4>\n\n\n\n<p>In der Edigheimer Stra\u00dfe brachen zwischen dem 31.08.2019 (14:20 Uhr)  und dem 02.09.2019 (07:25 Uhr) bislang Unbekannte in ein  Bekleidungsgesch\u00e4ft ein. Ob es den T\u00e4tern gelang etwas zu erbeuten, wird  derzeit ermittelt. Zeugen, die etwas beobachtet haben, werden gebeten,  sich bei der Polizeiinspektion Ludwigshafen 2  unter der Telefonnummer  0621 963-2222 oder per E-Mail <a href=\"mailto:piludwigshafen2@polizei.rlp.de\">piludwigshafen2@polizei.rlp.de<\/a> zu melden.<\/p>\n\n\n\n<h4 class=\"wp-block-heading\">(Mannheim-Innenstadt) &#8211; Nach sexueller Bel\u00e4stigung an Stra\u00dfenbahnhaltestelle, Polizei sucht nach Gesch\u00e4digter und weiteren Zeugen!<\/h4>\n\n\n\n<div class=\"wp-block-image\"><figure class=\"aligncenter\"><img decoding=\"async\" src=\"https:\/\/speyer24news.com\/wp-content\/uploads\/2019\/09\/Zeugen-gesucht-Neutral.jpg\" alt=\"\" class=\"wp-image-18690\"\/><\/figure><\/div>\n\n\n\n<p>Wegen einer sexuell motivierten Straftat ermitteln derzeit die Beamten  des Dezernats f\u00fcr Sexualdelikte des Kriminalkommissariats in Mannheim.  Die bislang unbekannte Gesch\u00e4digte, eine etwa 70 bis 75 Jahre alte  Seniorin,  wollte am Montagmittag, gegen 13:00 Uhr mit ihrem Rollator im  Bereich der Stra\u00dfenbahnhaltestelle &#8222;Paradeplatz&#8220; \/ D 1 in eine  Stra\u00dfenbahn der Linie 7 einsteigen. Zur selben Zeit passierte eine  Gruppe junger M\u00e4nner die Tram. Ein Angeh\u00f6riger dieser Gruppe griff im  Vorbeigehen der verdutzten Frau ans Ges\u00e4\u00df und lief dann lachend mit den  anderen Dreien weiter. Das Quartett entfernte sich Richtung Paradeplatz  (Bereich gegen\u00fcber der Sparkasse) und setzte sich dann hin. <\/p>\n\n\n\n<p>Beim \nEintreffen der Polizei hatten sich sowohl die Gesch\u00e4digte als auch die \nvier jungen M\u00e4nner bereits entfernt. Lediglich eine Zeugin konnte zum \nSachverhalt geh\u00f6rt werden. <\/p>\n\n\n\n<p>Zu der bislang <strong><em>unbekannten  Gesch\u00e4digten<\/em><\/strong> liegt folgende Personenbeschreibung vor: <\/p>\n\n\n\n<ul><li>Ca. 70 bis 75  Jahre alt<\/li><li>wirkte gebrechlich und schob einen Rollator<\/li><li>bekleidet war  die Frau mit einer beigen Hose und einem beigen Oberteil <\/li><\/ul>\n\n\n\n<p><strong>Beschreibung  des T\u00e4ters:<\/strong> <\/p>\n\n\n\n<ul><li>20 bis 30 Jahre alt<\/li><li>175 bis 180 cm gro\u00df<\/li><li>kurzes braunes  Haar<\/li><li>markante Zahnl\u00fccke im Bereich der Schneidez\u00e4hne <\/li><\/ul>\n\n\n\n<p>Die  Gesch\u00e4digte und weitere Zeugen, insbesondere solche, die Hinweise zur  Identit\u00e4t des T\u00e4ters bzw. der ihn begleitenden Gruppe geben k\u00f6nnen,  werden gebeten, die Kriminalpolizeidirektion Heidelberg unter  0621\/174-4444 anzurufen. <\/p>\n\n\n\n<h4 class=\"wp-block-heading\">(Mannheim-Oststadt) &#8211; Pkw aufgebrochen, Zeugenaufruf!<\/h4>\n\n\n\n<p>Ein aufgebrochener Pkw wurde der Mannheimer Polizei am sp\u00e4ten Montagabend gemeldet. <\/p>\n\n\n\n<p>In\n der Zeit zwischen 19:25 Uhr und 21:30 Uhr stellte die Gesch\u00e4digte ihren\n schwarzen VW Passat in der Werderstra\u00dfe, in H\u00f6he der Christuskirche ab.\n Bei ihrer R\u00fcckkehr zum Fahrzeug musste die Frau feststellen, dass \nUnbekannte in der Zwischenzeit in den Innenraum eingedrungen waren und \neine gr\u00f6\u00dfere Menge Leergut sowie eine Sporttasche entwendet hatten. <\/p>\n\n\n\n<p>Das\n wegen Pkw-Aufbruchs ermittelnde Polizeirevier Mannheim-Oststadt bittet \nZeugen der Tat um telefonische Meldung unter 0621\/174-3310. <\/p>\n\n\n\n<h4 class=\"wp-block-heading\">(Mannheim-Neckarstadt) &#8211; Unterm\u00fchlaustra\u00dfe (B 44) nach Verkehrsunfall voll gesperrt<\/h4>\n\n\n\n<p>Am Montagabend kurz vor 21.00 Uhr wollte ein Pkw-Fahrer mit seinem  BMW  von einem Tankstellengel\u00e4nde auf die Unterm\u00fchlaustra\u00dfe einfahren.  Hierbei \u00fcbersah der 53-j\u00e4hrige Fahrer einen in Richtung Innenstadt  fahrenden VW und stie\u00df mit diesem zusammen. Der BMW wurde nach dem  Aufprall gegen einen am rechten Fahrbahnrand geparkten Kleintransporter  geschleudert. Der VW des 40-j\u00e4hrigen Fahrers kam auf der Gegenfahrbahn  zum Stillstand. Beide Fahrer wurden verletzt und in Krankenh\u00e4user  eingeliefert. Lebensgefahr besteht nicht. Die Unterm\u00fchlaustra\u00dfe war  zwischen Pyramidenstra\u00dfe und Hansastra\u00dfe bis 23.40 Uhr voll gesperrt.  Der Gesamtschaden wird auf rund 50.000 Euro gesch\u00e4tzt. <\/p>\n\n\n\n<h4 class=\"wp-block-heading\">(Mannheim-Neckarstadt) &#8211; Einbruch in R\u00e4umlichkeiten eines ambulanten Pflegedienstes \/ Zeugen gesucht<\/h4>\n\n\n\n<p>In die R\u00e4umlichkeiten eines ambulanten Pflegedienstes in der  Geibelstra\u00dfe wurde in der Zeit von Freitag, 18:15 Uhr bis Montag, 7:30  Uhr, eingebrochen. Der oder die bislang unbekannten T\u00e4ter waren  vermutlich \u00fcber ein gekipptes Fenster ins Innere eingedrungen und  brachen dort gewaltsam eine Zugangst\u00fcr auf. Aus einem Vorratsraum  entwendeten sie lediglich vier P\u00e4ckchen Kaffeepulver und ergriffen dann  die Flucht. Ob und in welcher H\u00f6he Sachschaden entstand steht bislang  nicht fest. <\/p>\n\n\n\n<p>Zeugen, die verd\u00e4chtige Beobachtungen gemacht haben,  werden gebeten, sich mit dem Polizeirevier Mannheim-Neckarstadt unter  Tel.: 0621\/3301-0 in Verbindung zu setzen. <\/p>\n\n\n\n<h4 class=\"wp-block-heading\">(Mannheim-Waldhof) &#8211; Scheibe eingeschlagen und mobiles Navi gestohlen \/ Zeugen gesucht!<\/h4>\n\n\n\n<p>Auf dem Parkplatz eines Motorenherstellers in der Oberen Riedstra\u00dfe  wurde am Montag ein Renault Laguna aufgebrochen. Der gesch\u00e4digte  Autohalter hatte seinen PKW am Morgen, gegen 6 Uhr, in N\u00e4he des &#8222;Tor 2&#8220;  geparkt und musste bei seiner R\u00fcckkehr, gegen 16:20 Uhr, eine  eingeschlagene Scheibe und das Fehlen seines mobilen Navigationsger\u00e4ts  feststellen. Zudem wurde aus dem Fahrzeug eine Sonnenbrille gestohlen.  Der Wert des Diebesguts sowie der entstandene Sachschaden kann derzeit  noch nicht beziffert werden. <\/p>\n\n\n\n<p>Zeugen, die verd\u00e4chtige  Beobachtungen gemacht haben, werden gebeten, sich beim Polizeirevier  Mannheim-Sandhofen unter Tel.: 0621\/77769-0 zu melden. <\/p>\n\n\n\n<h4 class=\"wp-block-heading\">(Mannheim-Neuhermsheim) &#8211; An Kreuzung Vorfahrt genommen \/ Mehrere Tausend Euro Schaden<\/h4>\n\n\n\n<p>An der Kreuzung Reiterweg\/Armbrustweg kam es am Montag, kurz nach 19  Uhr, zu einem Verkehrsunfall mit mehreren Tausend Euro Sachschaden. Ein  27-j\u00e4hriger Mercedes-Fahrer war im Reiterweg unterwegs und hatte an der  Kreuzung einer von rechts kommenden 20-j\u00e4hrigen VW-Fahrerin die Vorfahrt  genommen. Die beiden stie\u00dfen mitten im Kreuzungsbereich zusammen, wobei  deren Fahrzeuge besch\u00e4digt wurden. Verletzt wurde aber gl\u00fccklicherweise  niemand. <\/p>\n\n\n\n<h4 class=\"wp-block-heading\">(Mannheim-Vogelstang) &#8211; Trickdiebstahl, Zeugenhinweise erbeten!<\/h4>\n\n\n\n<p>Opfer eines Trickdiebs wurde am Sonntagabend ein Mannheimer Rentnerehepaar. <\/p>\n\n\n\n<p>Der\n bislang unbekannte T\u00e4ter klingelte kurz vor 19:00 Uhr an der \nWohnungst\u00fcr der Gesch\u00e4digten und gab an, der Sohn einer Nachbarin aus \ndem 5. Stockwerk zu sein. Im Namen der Nachbarin wolle er einen \nSchl\u00fcssel in der Wohnung der Gesch\u00e4digten deponieren. Nach Einlass in \ndie Wohnung verwickelte er die beiden Senioren in ein Gespr\u00e4ch und \ndurchsuchte hierbei die Wohnr\u00e4ume. Als dies dem Wohnungsinhaber zu bunt \nwurde, sprach er den Mann an, das Durchsuchen der Wohnung zu unterlassen\n und verwies ihn der Wohnung. <\/p>\n\n\n\n<p>Sp\u00e4ter bemerkte er, dass ein Amulett, welches sich samt Kette im Flur auf einer Schmuckhalterung befand, entwendet wurde. <\/p>\n\n\n\n<p>Der  Trickdieb wurde wie folgt beschrieben: <\/p>\n\n\n\n<ul><li>M\u00e4nnlich<\/li><li>ca. 175 cm gro\u00df<\/li><li>schlank<\/li><li>s\u00fcdl\u00e4ndisches Erscheinungsbild<\/li><li>bekleidet mit einer schwarzen  Jacke <\/li><\/ul>\n\n\n\n<p>Personen, welchen der Unbekannte auffiel oder die ebenfalls\n Kontakt zu ihm hatten, werden gebeten, das Polizeirevier K\u00e4fertal unter\n 0621\/71849-0 anzurufen. <\/p>\n\n\n\n<h4 class=\"wp-block-heading\">(Mannheim-Vogelstang) &#8211; Frau ausgeraubt, Zeugenhinweise erbeten!<\/h4>\n\n\n\n<div class=\"wp-block-image\"><figure class=\"aligncenter\"><img decoding=\"async\" src=\"https:\/\/speyer24news.com\/wp-content\/uploads\/2019\/07\/Zeugen-gesucht-Neutral-3.jpg\" alt=\"\" class=\"wp-image-17272\"\/><\/figure><\/div>\n\n\n\n<p>Opfer einer Gruppe jugendlicher Stra\u00dfenr\u00e4uber wurde am Sonntagnachmittag eine 61-j\u00e4hrige Frau. <\/p>\n\n\n\n<p>Die\n Gesch\u00e4digte stieg gegen 15:00 Uhr an der Haltestelle Vogelstang-West \naus einer Stra\u00dfenbahn der Linie 7 aus und begab sich zu Fu\u00df in Richtung \n&#8222;Rott&#8220;. Als sie die Fu\u00dfg\u00e4ngerunterf\u00fchrung verlie\u00df, wurde sie von 4 oder 5\n Jugendlichen umringt. Mit dem Messer in der Hand forderten die \nHalbstarken Bares und entrissen der Frau unmittelbar anschlie\u00dfend eine \nmitgef\u00fchrte Stofftragetasche. Danach fl\u00fcchtete die Gruppe Richtung \nIda-Dehmel-Ring. <\/p>\n\n\n\n<p>Das Raubgut fand die Gesch\u00e4digte kurze Zeit \nsp\u00e4ter im Gleisbett der Linie 5. Der Geldbeutel samt Inhalt blieb \nallerdings verschwunden. <\/p>\n\n\n\n<p>Folgende Beschreibung eines der T\u00e4ter  konnte erlangt werden: <\/p>\n\n\n\n<ul><li>175 bis 180 cm gro\u00df<\/li><li>s\u00fcdl\u00e4ndisches Erscheinungsbild<\/li><li>kurzes dunkelbraunes fast schwarzes gegeltes Haar<\/li><li>3-Tage-Bart<\/li><li>aufgrund des gesprochenen Akzents vermutlich T\u00fcrke<\/li><li>bekleidet mit rotem Kurzarm-Shirt\/Hemd und dreiviertellanger Jeans mit  ausgefransten Beinen <\/li><\/ul>\n\n\n\n<p>Aufgrund des jugendlichen Erscheinungsbilds  der T\u00e4ter hat das Haus des Jugendrechts in Mannheim die weitere  Ermittlungsarbeit \u00fcbernommen. Hinweisgeber k\u00f6nnen die Kriminalpolizei  unter der Telefonnummer 0621\/174-4444 erreichen. <\/p>\n\n\n\n<h4 class=\"wp-block-heading\">(Mannheim \/ Kaiserslautern) &#8211; Ausgesetztes Schwein am Carl-Benz-Stadion;  erster Tatverd\u00e4chtiger ermittelt; drei verd\u00e4chtige Fahrzeuge im Fokus;  Zeugen gesucht<\/h4>\n\n\n\n<p>Nachdem am Freitag, den 30. August 2019, kurz vor 7 Uhr, ein  Hausschwein in der N\u00e4he des Carl-Benz-Stadions, mit Fu\u00dfballparolen  beschmiert, aufgefunden worden war, wurden seitens des Polizeireviers  Mannheim-Oststadt zeitnah umfangreiche Ermittlungen zu den Hintergr\u00fcnden  der Tat sowie den hierzu verantwortlichen Personen wegen des Verdacht  des Diebstahls und des Versto\u00dfes gegen das Tierschutzgesetz aufgenommen.  <\/p>\n\n\n\n<p>Gegen einen Mann aus dem Landkreis Kaiserslautern, der im \nVerdacht steht, an der &#8222;Aktion&#8220; beteiligt gewesen zu sein, laufen die \nErmittlungen bereits. <\/p>\n\n\n\n<p>Dar\u00fcber hinaus fielen in der n\u00e4heren \nUmgebung des Carl-Benz-Stadions drei Fahrzeuge auf, die mit der Tat in \nVerbindung stehen k\u00f6nnten. <\/p>\n\n\n\n<p>Zwei Pkws, davon ein Kastenwagen, \nwurden am Donnerstagabend, kurz nach 22 Uhr, wahrgenommen, wie sie durch\n den Gartenschauweg davon fuhren. <\/p>\n\n\n\n<p>Am Freitagmorgen, gegen 6 Uhr, fiel zudem ein wei\u00dfer Sprinter auf, der ebenfalls denselben Weg nahm. <\/p>\n\n\n\n<p>Die Halter, bzw. die Insassen der Fahrzeuge sind bislang noch nicht ermittelt. <\/p>\n\n\n\n<p>Zeugen,  die Hinweise zu den Fahrzeugen, zu deren Insassen, zur &#8222;Aktion&#8220; selbst,  sowie zur Herkunft des Tieres die noch immer unbekannt ist, geben  k\u00f6nnen, werden gebeten, sich mit dem Polizeirevier Mannheim-Oststadt,  Tel.: 0621\/174-3310 in Verbindung zu setzen. <\/p>\n\n\n\n<h4 class=\"wp-block-heading\">(Heidelberg) &#8211; Auffahrunfall auf der B3 mit drei verletzten Personen, darunter ein Kleinkind<\/h4>\n\n\n\n<p>Eine 51-j\u00e4hrige Ford-Fahrerin verursachte am Montag, gegen 17:20 Uhr,  auf der B3 einen Auffahrunfall, bei dem zwei Personen und ein Kleinkind  verletzt wurden. Die Frau war mit ihrem Fiesta von  Heidelberg-Handschuhsheim in Richtung Dossenheim unterwegs, als sie auf  einen verkehrsbedingt stehenden VW auffuhr. Durch den Aufprall wurden  die Ford-Fahrerin sowie die 28-j\u00e4hrige Fahrerin des VWs und deren  vierj\u00e4hrige Tochter leicht verletzt. Das M\u00e4dchen wurde gemeinsam mit  einem 9 Monate alten S\u00e4ugling, welcher ebenfalls im VW mitfuhr aber  unverletzt blieb, in eine Klinik gebracht. Die beiden Autofahrerinnen  suchten selbstst\u00e4ndig einen Arzt auf. Der Ford war nicht mehr fahrbereit  und musste abgeschleppt werden. Es entstand Sachschaden in H\u00f6he von ca.  13.000 Euro. <\/p>\n\n\n\n<h4 class=\"wp-block-heading\">(Heidelberg) &#8211; Motorradfahrer bei Unfall verletzt; Handschuhsheimer Landstra\u00dfe \u00fcber eine halbe Stunde in beiden Richtungen gesperrt<\/h4>\n\n\n\n<p>Am Montagnachmittag wurde ein 61-j\u00e4hriger Motorradfahrer bei einem Verkehrsunfall im Stadtteil Neuenheim verletzt. <\/p>\n\n\n\n<p>Ein\n 86-j\u00e4hriger BMW-Fahrer \u00fcberquerte gegen 14.45 Uhr von der \nBlumenthalstra\u00dfe kommend die Handschuhsheimer Landstra\u00dfe und \u00fcbersah \ndabei den Biker, der mit seiner Suzuki auf der Handschuhsheimer \nLandstra\u00dfe in Richtung Handschuhsheim unterwegs war. <\/p>\n\n\n\n<p>Durch die \nKollision st\u00fcrzte der 61-j\u00e4hrige zu Boden und verletzte sich nach \nderzeitigen Erkenntnissen zum Gl\u00fcck nur leicht. Er wurde trotzdem nach \nseiner not\u00e4rztlichen Behandlung zur weiteren Untersuchung mit einem \nRettungswagen in eine Klinik gebracht. Der 86-J\u00e4hrige blieb unverletzt. <\/p>\n\n\n\n<p>Der Sachschaden bel\u00e4uft sich insgesamt auf rund 4.000.- Euro. <\/p>\n\n\n\n<p>Zur\n Unfallaufnahme wurde die Handschuhsheimer Landstra\u00dfe f\u00fcr rund eine \nhalbe Stunde in beiden Richtungen voll gesperrt. Da sie noch gereinigt \nwerden musste, dauert die Sperrung in Fahrtrichtung Innenstadt bis gegen\n 15.30 Uhr rund eine viertel Stunde l\u00e4nger. <\/p>\n\n\n\n<p>Die Berufsfeuerwehr Heidelberg war zur Reinigung der Fahrbahn im Einsatz. <\/p>\n\n\n\n<h4 class=\"wp-block-heading\">(Heidelberg) &#8211; VW erheblich besch\u00e4digt und gefl\u00fcchtet \/ Verursacher fuhr einen blauen LKW mit Pritsche &#8211; Weitere Zeugen gesucht!<\/h4>\n\n\n\n<p>Ein bislang unbekannter Fahrzeugf\u00fchrer streifte am Samstagabend, gegen  18 Uhr, in der Neuenheimer Landstra\u00dfe, in H\u00f6he des Anwesens 40, einen  geparkten VW Golf und entfernte sich einfach von der Unfallstelle,  obwohl der VW erheblich besch\u00e4digt worden war. Zeugen teilten der  Polizei mit, dass der Verursacher einen blauen LKW mit Pritsche und dem  Teilkennzeichen KA-E 2??? fuhr. Eventuell k\u00f6nnte es sich um einen  Daimler Atego gehandelt haben. Der gesch\u00e4tzte Sachschaden am VW bel\u00e4uft  sich auf rund 7.000 Euro. <\/p>\n\n\n\n<p>Weitere Zeugen, die Hinweise zum \nVerursacher geben k\u00f6nnen, werden gebeten, sich beim Polizeirevier \nHeidelberg-Nord unter Tel.: 06221\/4569-0 zu melden. <\/p>\n\n\n\n<h4 class=\"wp-block-heading\">(Heidelberg \/ Rhein-Neckar-Kreis) &#8211; 42-J\u00e4hriger vermisst \/ \u00d6ffentlichkeitsfahndung der Polizei<\/h4>\n\n\n\n<div class=\"wp-block-image\"><figure class=\"alignleft is-resized\"><img decoding=\"async\" loading=\"lazy\" src=\"https:\/\/speyer24news.com\/wp-content\/uploads\/2019\/09\/Matth\u00e4us-P.jpg\" alt=\"\" class=\"wp-image-18687\" width=\"306\" height=\"526\" srcset=\"https:\/\/speyer24news.com\/wp-content\/uploads\/2019\/09\/Matth\u00e4us-P.jpg 500w, https:\/\/speyer24news.com\/wp-content\/uploads\/2019\/09\/Matth\u00e4us-P-175x300.jpg 175w\" sizes=\"(max-width: 306px) 100vw, 306px\" \/><\/figure><\/div>\n\n\n\n<p>Der 42-j\u00e4hrige Matth\u00e4us P. wird seit Dienstag, den 27.08.2019  vermisst. Nach derzeitigem Ermittlungsstand verlie\u00df der Vermisste um  08:00 Uhr seine Wohnanschrift in Heidelberg in Richtung  Arbeitsstelle. Dort kam er jedoch nicht an. Matth\u00e4us P. ist  m\u00f6glicherweise mit einem kirschroten Mountainbike unterwegs. <\/p>\n\n\n\n<p>Konkrete Hinweise auf den Aufenthaltsort sowie Gr\u00fcnde des \nVerschwindens sind nicht bekannt. Die Kriminaldirektion Heidelberg \nhat die Ermittlungen zum Aufenthalt des 42-J\u00e4hrigen aufgenommen und \nbereits zahlreiche Ma\u00dfnahmen eingeleitet. <\/p>\n\n\n\n<p>Der Vermisste kann wie folgt beschrieben werden: <\/p>\n\n\n\n<ul><li>m\u00e4nnlich<\/li><li>1,75 m  gro\u00df<\/li><li>85 Kg schwer<\/li><li>kr\u00e4ftig<\/li><li>kurze grau-schwarze Haare<\/li><li>Brillentr\u00e4ger<\/li><li>tr\u00e4gt vermutlich eine graue Baumwollhose und ein dunkles T-Shirt<\/li><li>Au\u00dferdem hat er einen hellblauen Rucksack dabei<\/li><\/ul>\n\n\n\n<p>Derzeit gibt es keine Anhaltspunkte daf\u00fcr, dass der 42-j\u00e4hrige Opfer \neiner Straftat geworden ist. <\/p>\n\n\n\n<p>Zeugen, die Hinweise zum Aufenthaltsort von Matth\u00e4us P. geben k\u00f6nnen, werden gebeten, sich bei den Ermittlern der Kriminalpolizei unter  0621 174-4444 in Verbindung zu setzen. Hinweise nimmt zudem jede  andere Polizeidienststelle entgegen. <\/p>\n\n\n\n<h4 class=\"wp-block-heading\">(Heidelberg-Weststadt) &#8211; Zeuge beobachtete Unfallflucht in der Lessingstra\u00dfe \/ Polizei sucht diese Person und weitere Zeugen<\/h4>\n\n\n\n<p>Ein Zeuge beobachtete in der Nacht auf Montag, zwischen 23:40 Uhr und  0:10 Uhr, in der Lessingstra\u00dfe einen bislang unbekannten Hyundai-Fahrer,  der beim Ausparken einen geparkten 3er BMW touchierte und sich  anschlie\u00dfend von der \u00d6rtlichkeit entfernte. Er teilte den Vorfall samt  Kennzeichen dem gesch\u00e4digten Autohalter mit, der die Polizei  verst\u00e4ndigte. Laut Aussage des Zeugens fuhr der Verursacher einen  Hyundai mit RP-Kennzeichen. Die Ermittlungen bez\u00fcglich des Fahrers  dauern noch an. <\/p>\n\n\n\n<p>Die Polizei sucht den Zeugen, der den Vorfall  beobachtet hat und weitere Personen, die Angaben zum Fahrer des Hyundai  machen k\u00f6nnen. Diese werden gebeten, sich beim Verkehrskommissariat  Heidelberg unter Tel.: 0621\/174-4140 zu melden. <\/p>\n\n\n\n<h4 class=\"wp-block-heading\">(Heidelberg-Rohrbach) &#8211; Fahrradfahrer w\u00e4hrend der Fahrt geschlagen \/ Zeugen gesucht<\/h4>\n\n\n\n<p>Am Samstag, den 31.08.2019 schlug ein bislang Unbekannter auf einen  Radfahrer ein, der ihm entgegenkam und das bereits zum zweiten Mal. <\/p>\n\n\n\n<p>Der\n 58-J\u00e4hrige fuhr um kurz nach 15 Uhr auf seinem Rad in der Turnerstra\u00dfe \nals ihm ein m\u00e4nnlicher Fahrradfahrer entgegenkam. Als sich beide M\u00e4nner \nauf selber H\u00f6he befanden, schlug der Unbekannte pl\u00f6tzlich mit der Faust \ngezielt auf den Kopf des \u00c4lteren. Durch eine schnelle Reaktion konnte \nsich dieser abducken und wurde gl\u00fccklicherweise nur an der Schulter \ngetroffen. Der Aggressor fuhr einfach weiter. Bereits vor wenigen Wochen\n begegnete der 58-J\u00e4hrige dem unbekannten Radler an derselben \n\u00d6rtlichkeit. Hierbei soll es zum gleichen Geschehen gekommen sein. <\/p>\n\n\n\n<p>Der  Schl\u00e4ger kann wie folgt beschrieben werden: <\/p>\n\n\n\n<ul><li>30-35 Jahre<\/li><li>1,90 m gro\u00df<\/li><li>schlanke Statur<\/li><li>dunkle mittellange Haare<\/li><li>wirkt ungepflegt<\/li><li>grau-kariertes Flanellhemd<\/li><li>kurze beige Hose<\/li><\/ul>\n\n\n\n<p>Zeugen, die \nm\u00f6glicherweise \u00e4hnliches erlebt haben oder Hinweise zum T\u00e4ter geben \nk\u00f6nnen, werden gebeten, sich unter 06221 34180 an die Beamten des \nPolizeireviers Heidelberg-S\u00fcd zu wenden. <\/p>\n\n\n\n<h4 class=\"wp-block-heading\">(Heidelberg-Handschuhsheim) &#8211; Drei leicht Verletzte bei Auffahrunfall<\/h4>\n\n\n\n<p>Am Montag gegen 17.20 Uhr fuhr eine Pkw-Fahrerin auf der B 3 zwischen  HD-Handschuhsheim und Dossenheim auf einen vorrausfahrenden und  verkehrsbedingt haltenden Pkw VW-Golf auf. Hierbei wurden sowohl die  51-j\u00e4hrige Unfallverursacherin, als auch die 28-j\u00e4hriger Fahrerin des VW  und deren mitfahrendes vierj\u00e4hriges Kind leicht verletzt. Dieses sowie  ein weiteres im Fahrzeug befindliches mehrere Monate altes Kleinkind  wurden vorsorglich in die Chirurgie verbracht und \u00e4rztlich untersucht.  Das Kleinkind wurde nicht verletzt.  Der Sachschaden wird auf ca. 13.000  Euro gesch\u00e4tzt. <\/p>\n\n\n\n<h4 class=\"wp-block-heading\">(Heidelberg-Handschuhsheim) &#8211; Kriminalpolizei ermittelt wegen Erregung \u00f6ffentlichen \u00c4rgernisses, Zeugen und weitere Gesch\u00e4digte gesucht!<\/h4>\n\n\n\n<div class=\"wp-block-image\"><figure class=\"aligncenter\"><img decoding=\"async\" src=\"https:\/\/speyer24news.com\/wp-content\/uploads\/2019\/07\/Zeugen-gesucht-Neutral-3.jpg\" alt=\"\" class=\"wp-image-17272\"\/><\/figure><\/div>\n\n\n\n<p>Wegen mehrerer sexuell motivierter Vorf\u00e4lle in der Linie 5 ermittelt  das Dezernat f\u00fcr Sexualdelikte der Kriminalpolizeidirektion Heidelberg. <\/p>\n\n\n\n<p>Bereits\n am Vormittag des 03. oder 04. Juli fiel der Gesch\u00e4digten in der \nStra\u00dfenbahn ein Mann auf, der sexuelle Handlungen an sich vornahm. Der \n\u00e4ltere Herr, der am Hans-Thoma-Platz in die Tram stieg, um Richtung \nBismarckplatz zu fahren, habe -nachdem er sich neben die Gesch\u00e4digte \ngesetzt hatte- seine Aktentasche auf den Scho\u00df gestellt, dann den \nRei\u00dfverschluss seiner Hose ge\u00f6ffnet, um schlussendlich an seinem \nGeschlechtsteil zu manipulieren. Dabei habe er in auff\u00e4lliger Weise ein \nihm gegen\u00fcbersitzendes M\u00e4dchen angestarrt. <\/p>\n\n\n\n<p>Am 28. August um 11:15\n Uhr stie\u00df die Gesch\u00e4digte ebenfalls in einer Strab der Linie 5 auf \ndenselben Mann. Auch bei dem neuerlichen &#8222;Zusammentreffen&#8220; verhielt sich\n der bislang Unbekannte in der oben beschriebenen Weise. <\/p>\n\n\n\n<p>Die \nGesch\u00e4digte erz\u00e4hlte einer Freundin von ihren Beobachtungen. Hierbei \nwurde bekannt, dass auch der Freundin der Mann mit der Aktentasche schon\n aufgefallen war. Am Freitagnachmittag entschieden sich die Frauen, zur \nPolizei zu gehen und Anzeige zu erstatten. <\/p>\n\n\n\n<p>Hierbei wurde der  Unbekannte wie folgt beschrieben: <\/p>\n\n\n\n<ul><li>65 bis 70 Jahre alt<\/li><li>165 bis 170cm  gro\u00df<\/li><li>wei\u00dfes kurzes Haar mit Ansatz zur Halbglatze<\/li><li>Oberlippenbart<\/li><li>Brillentr\u00e4ger<\/li><li>f\u00fchrte jeweils eine schwarze Lederaktentasche mit sich<\/li><li> Beim letzten bekannten Vorfall am 28. August trug der Mann eine  wei\u00df-graue Jacke. <\/li><\/ul>\n\n\n\n<p>Weitere Gesch\u00e4digte sowie Hinweisgeber werden gebeten, die Kriminalpolizei unter 0621\/174-4444 anzurufen. <\/p>\n\n\n\n<h4 class=\"wp-block-heading\">(Schwetzingen \/ Rhein-Neckar-Kreis) &#8211; Verkehrsunfall aufgrund nicht angepasster Geschwindigkeit<\/h4>\n\n\n\n<p>Am Montagabend, gegen 18:45 Uhr, geriet ein 33-j\u00e4hriger Mercedes Fahrer  in der Hebelstra\u00dfe aufgrund nicht angepasster Geschwindigkeit mit  seinem Fahrzeug ins Schleudern, prallte gegen ein Verkehrszeichen sowie  einen kleinen Baum und ein am Fahrbahnrand geparktes Fahrzeug. Beim  Aufprall wurde die \u00d6lwanne des Mercedes aufgerissen. Dies verursachte  eine breite \u00d6lspur bis zur Zeyherstra\u00dfe. Zwecks Fahrbahnreinigung durch  die Feuerwehr Schwetzingen musste die Hebelstra\u00dfe gesperrt werden. Bei  dem Unfall entstand ein Schaden von rund 15.000 Euro. Verletzt wurde  niemand. <\/p>\n\n\n\n<h4 class=\"wp-block-heading\">(Oftersheim \/ Rhein-Neckar-Kreis) &#8211; Auftreten eines Exhibitionisten, Zeugen gesucht!<\/h4>\n\n\n\n<div class=\"wp-block-image\"><figure class=\"aligncenter\"><img decoding=\"async\" src=\"https:\/\/speyer24news.com\/wp-content\/uploads\/2019\/07\/Zeugen-gesucht-Neutral-3.jpg\" alt=\"\" class=\"wp-image-17272\"\/><\/figure><\/div>\n\n\n\n<p>Auf einen Exhibitionisten traf am fr\u00fchen Samstagnachmittag eine 69-j\u00e4hrige Golferin. <\/p>\n\n\n\n<p>Die\n Gesch\u00e4digte befand sich gegen 13:30 Uhr auf dem Golfplatz Rheintal im \nBereich des Gr\u00fcns &#8222;8&#8220;, als ein komplett unbekleideter Mann aus dem Wald \ntrat und sich vor der Frau zur Schau stellte. Dabei manipulierte er an \nseinem Geschlechtsteil. <\/p>\n\n\n\n<p>Der Unbekannte wurde wie folgt beschrieben: <\/p>\n\n\n\n<ul><li>Etwa 40 Jahre alt<\/li><li>180cm gro\u00df<\/li><li>athletischer K\u00f6rperbau<\/li><li>sonnengebr\u00e4unt und von attraktiver Erscheinung<\/li><\/ul>\n\n\n\n<p>Die polizeilichen  Fahndungsma\u00dfnahmen verliefen bislang ergebnislos. Zeugen der Tat werden  ebenso wie weitere Gesch\u00e4digte gebeten, die Kriminalpolizei unter  0621\/174-4444 anzurufen. <\/p>\n\n\n\n<h4 class=\"wp-block-heading\">(Hockenheim \/ B 39 \/ Rhein-Neckar-Kreis) &#8211; Auffahrunfall mit drei Beteiligten \/ Vier Personen leicht verletzt<\/h4>\n\n\n\n<p>Vier Verletzte und Sachschaden in H\u00f6he von ca. 15.000 Euro, so lautet  die Bilanz eines Verkehrsunfalls, der sich am Montagmorgen, gegen 8:30  Uhr, auf der B39, zwischen der Abfahrt Hockenheim-S\u00fcd und  Hockenheim-Mitte, ereignet hat. Eine 36-j\u00e4hrige Seat-Fahrerin befuhr die  linke Fahrspur in Richtung Schwetzingen. Da zwei vorausfahrende  Autofahrer von der rechten auf die linke Spur wechseln wollten, bremste  die 36-J\u00e4hrige ihren PKW ab. Ein nachfolgender 31-j\u00e4hriger  Mercedes-Fahrer konnte daraufhin nicht mehr rechtzeitig bremsen und fuhr  auf den Seat auf. Dies wiederum nahm eine 51-j\u00e4hrige Nissan-Fahrerin  offenbar zu sp\u00e4t wahr und prallte gegen das Heck des Mercedes. Alle drei  Autofahrer sowie eine 57-j\u00e4hrige Insassin im Mercedes wurden leicht  verletzt. Au\u00dfer dem Mercedes-Fahrer, der selbstst\u00e4ndig einen Arzt  aufsuchte, wurden die Verletzten mit Rettungsw\u00e4gen in Krankenh\u00e4user  gebracht. Der Nissan war nicht mehr fahrbereit und musste abgeschleppt  werden. Das Polizeirevier Hockenheim ermittelt wegen fahrl\u00e4ssiger  K\u00f6rperverletzung. <\/p>\n\n\n\n<h4 class=\"wp-block-heading\">(Leimen \/ Rhein-Neckar-Kreis) &#8211; Mercedes-Fahrer kommt in den Gegenverkehr und kollidiert mit entgegenkommendem Honda \/ Drei Verletzte<\/h4>\n\n\n\n<p>Drei Personen wurden bei einem Unfall am Montagmorgen, gegen 9:20 Uhr,  im Weidweg leicht verletzt. Ein 30-j\u00e4hriger Mercedes-Fahrer war  vermutlich mit \u00fcberh\u00f6hter Geschwindigkeit an mehreren geparkten  Fahrzeugen vorbeigefahren und kam infolgedessen in den Gegenverkehr. Er  stie\u00df mit dem entgegenkommenden Honda eines 57-J\u00e4hrigen zusammen, wobei  sich die beiden Autofahrer sowie die 49-j\u00e4hrige Beifahrerin im Honda  leichte Verletzungen zuzogen. Der Verursacher sowie die 49-j\u00e4hrige Frau  mussten mit Rettungsw\u00e4gen in eine Klinik gebracht werden. Der  Honda-Fahrer suchte selbstst\u00e4ndig einen Arzt auf. An den beiden PKW  entstand Sachschaden in H\u00f6he von ca. 10.000 Euro. <\/p>\n\n\n\n<h4 class=\"wp-block-heading\">(Leimen \/ Rhein-Neckar-Kreis) &#8211; Mehrere geparkte Pkw zerkratzt, Zeugenhinweise erbeten!<\/h4>\n\n\n\n<p>Mehrere in Leimen geparkte Fahrzeuge wurden letztes Wochenende von einem oder mehreren bislang Unbekannten besch\u00e4digt. <\/p>\n\n\n\n<p>Der\n oder die T\u00e4ter zerkratzten den Lack der Karosserie von drei im \nSandh\u00e4user Weg und einem in der B\u00fcrgermeister-Weidemaier-Stra\u00dfe \nabgestellten Autos. Hierbei entstand Sachschaden in H\u00f6he von mehreren \nTausend Euro. <\/p>\n\n\n\n<p>Als Tatzeit kommt der Zeitraum von Samstagmorgen, 08:15 Uhr bis Sonntagabend, 19:00 Uhr in Betracht. <\/p>\n\n\n\n<p>Etwaige  Zeugen der Tat(en) und auch weitere Gesch\u00e4digte werden gebeten, die  Ermittler des Polizeipostens in Leimen unter 06224\/1749-0 anzurufen. <\/p>\n\n\n\n<h4 class=\"wp-block-heading\">(Mauer \/ Rhein-Neckar-Kreis) &#8211; Gasleitung bei Baggerarbeiten besch\u00e4digt<\/h4>\n\n\n\n<p>Bei Erdarbeiten mit einem Kleinbagger um 12.25 Uhr in der Heidelberger  Stra\u00dfe, wurde versehentlich eine Gasleitung besch\u00e4digt, so dass es zu  einem Leck kam und Gas austrat. Wegen Explosionsgefahr wurde die  Heidelberger Stra\u00dfe durch die Freiwillige Feuerwehr Mauer umgehend  gesperrt. Diese war mit 13 Mann im Einsatz. Sicherheitshalber wurden die  Anwohner aufgefordert, ihre Wohnungen zu verlassen. Die Gaszufuhr wurde  durch den Energieversorger umgehend abgestellt. Nach Durchf\u00fchrung der  erforderlichen Arbeiten konnte die Stra\u00dfensperrung um 13 Uhr wieder  aufgehoben werden und die Anwohner zur\u00fcck in ihre Wohnungen gehen.  Personen kamen nicht zu Schaden.  Die Schadensh\u00f6he ist bislang nicht  bekannt. <\/p>\n\n\n\n<h4 class=\"wp-block-heading\">(St. Leon-Rot \/ Rhein-Neckar-Kreis) &#8211; \u00c4lterer Wohnwagen und im Hof gelagerte M\u00f6bel in Brand geraten \/ Keine Verletzten &#8211; Kriminalpolizei  ermittelt<\/h4>\n\n\n\n<p>Am Dienstagmorgen kurz nach 11 Uhr kam es in einem Hofgel\u00e4nde in der  Wallgrabenstra\u00dfe zum Brand eines \u00e4lteren Wohnwagens und dort gelagerter  M\u00f6bel. Nachbarn hatten das Feuer entdeckt und die Feuerwehr alarmiert.   Personen wurden nicht verletzt, die Freiwillige Feuerwehr l\u00f6schte den  Brand. Die Brandursache ist derzeit noch nicht bekannt, die H\u00f6he des  Sachschadens kann noch nicht beziffert werden. Die weiteren Ermittlungen  hat die Kriminalpolizeidirektion Heidelberg \u00fcbernommen. <\/p>\n\n\n\n<h4 class=\"wp-block-heading\">(St. Leon-Rot \/ Rhein-Neckar-Kreis) &#8211; Im Kreisverkehr mit Smart zusammengesto\u00dfen \/ Beide Autos nicht mehr fahrbereit<\/h4>\n\n\n\n<p>Zwei abschleppreife Autos und eine leichtverletzte Person, so lautet  die Bilanz eines Verkehrsunfalls, der sich am Montagmittag im  Kreisverkehr der L546\/Wieslocher Stra\u00dfe ereignet hat. Eine 67-j\u00e4hrige  Frau war mit ihrem Renault gegen 12:20 Uhr auf der L546 unterwegs und  nahm beim Einfahren in den Kreisverkehr einer 65-j\u00e4hrigen Smart-Fahrerin  die Vorfahrt. Die beiden stie\u00dfen im Kreisel zusammen, wobei die  Smart-Fahrerin sich leichte Verletzungen zuzog. Sie wurde von  Rettungssanit\u00e4tern vor Ort versorgt. Die beiden Fahrzeuge wurden durch  die Kollision so sehr besch\u00e4digt, dass sie nicht mehr fahrbereit waren.  Sie mussten abgeschleppt werden. Der Sachschaden bel\u00e4uft sich auf  mehrere Tausend Euro. <\/p>\n\n\n\n<h4 class=\"wp-block-heading\">(Sinsheim-D\u00fchren \/ Rhein-Neckar-Kreis) &#8211; Mit entgegenkommendem Auto kollidiert \/ \u00dcber 20.000 Euro Sachschaden<\/h4>\n\n\n\n<p>Am Montagmorgen, gegen 6:45 Uhr, kollidierte in der Karlsruher Stra\u00dfe  eine 78-j\u00e4hrige Peugeot-Fahrerin beim Abbiegen mit einem  entgegenkommenden Ford. Die Autofahrerin war von Sinsheim kommend in  Richtung Eschelbach unterwegs und wollte kurz vor der Einm\u00fcndung &#8222;Zum  Spargelland&#8220; nach links auf das Gel\u00e4nde eines Autohauses abbiegen.  Hierbei nahm sie dem 61-j\u00e4hrigen Ford-Fahrer die Vorfahrt und stie\u00df mit  diesem zusammen. Beide Fahrzeuge wurden bei der Kollision total  besch\u00e4digt, verletzt wurde aber gl\u00fccklicherweise niemand. Der  Sachschaden wird auf \u00fcber 20.000 Euro gesch\u00e4tzt. <\/p>\n\n\n\n<h4 class=\"wp-block-heading\">(Sinsheim \/ Rhein-Neckar-Kreis) &#8211; Fahrradfahrer bei Sturz schwer verletzt<\/h4>\n\n\n\n<p>Am Montagabend gegen 20.30 Uhr fuhr ein 56- j\u00e4hriger Mountainbiker die  etwa 10-prozentige Gef\u00e4llstrecke zwischen der westlichen  Friedhofszufahrt und der Stra\u00dfe &#8222;Zum Friedhof&#8220; hinunter. Hierbei  streifte er einen Absperrpfosten und st\u00fcrzte vom Rad. Da der Radfahrer  keinen Schutzhelm trug, zog er sich schwere Kopfverletzungen zu.  Er  wurde nach not\u00e4rztlicher Versorgung in die Chirurgie nach Heidelberg  eingeliefert und station\u00e4r aufgenommen. <\/p>\n\n\n\n<h4 class=\"wp-block-heading\">(Sinsheim \/ Rhein-Neckar-Kreis) &#8211; Ford-Fahrer f\u00e4hrt auf stehenden Audi auf \/ Ca. 5.000 Euro Sachschaden<\/h4>\n\n\n\n<p>In der Steinsfurter Stra\u00dfe, in H\u00f6he des Edeka-Marktes, kam es am  Montag, kurz nach 16 Uhr, zu einem Auffahrunfall mit ca. 5.000 Euro  Sachschaden. Ein 39-j\u00e4hriger Audi-Fahrer befuhr aus Richtung &#8222;In der Au&#8220;  kommend die Steinsfurter Stra\u00dfe und wollte sich auf einem  Linksabbiegerstreifen einordnen, um auf dem Parkplatz des Edeka-Marktes  abzubiegen. Er fuhr jedoch an der Einfahrt vorbei und bremste daraufhin  sein Fahrzeug bis zum Stillstand ab. Zeitgleich fuhr ein 41-j\u00e4hriger  Ford-Fahrer gerade nach links aus der Parkplatzausfahrt heraus und  erkannte den stehenden Audi offenbar zu sp\u00e4t, woraufhin es zum  Zusammensto\u00df der beiden kam. Die PKWs wurden beide besch\u00e4digt, blieben  aber noch fahrbereit. Verletzungen zog sich keiner der Beteiligten zu. <\/p>\n\n\n\n<h4 class=\"wp-block-heading\">(Sinsheim \/ A 6 \/ Rhein-Neckar-Kreis) &#8211; Zahlreiche Fahrverbote bei Geschwindigkeitskontrollen<\/h4>\n\n\n\n<p>Am Samstag, den 31.08.2019 f\u00fchrten Beamten des Verkehrskommissariats  Heidelberg station\u00e4re Geschwindigkeitskontrollen auf der Bundesautobahn 6  in Fahrtrichtung Mannheim durch. W\u00e4hrend der dreist\u00fcndigen Ma\u00dfnahme  wurden auf H\u00f6he der Anschlussstelle Sinsheim-West insgesamt 6324  Fahrzeuge gemessen. Knapp 24 % &#8211; genau 1500 der Gemessenen &#8211; waren zu  schnell auf dem auf 100 Km\/h begrenzten Streckenabschnitt unterwegs.  Dabei \u00fcberschritten 737 Fahrer die H\u00f6chstgeschwindigkeit um bis zu 20  Km\/h. 635 weitere fuhren zwischen 21 und 40 Km\/h zu schnell. Besonders  auff\u00e4llig: 128 \u00fcberschritten die zugelassene H\u00f6chstgeschwindigkeit um  mehr als 40 Km\/h. <\/p>\n\n\n\n<p>Fragw\u00fcrdiger Spitzenreiter war der Fahrer eines\n Porsches der mit 206 Km\/h die Geschwindigkeitsbegrenzung um mehr als \n100 Km\/h \u00fcberschritt. Da das Auto mit einer ausl\u00e4ndischen Zulassung \nversehen war, setzten die Beamten des Messdienstes sofort die Kollegen \ndes Verkehrskommissariats Walldorf dar\u00fcber in Kenntnis. Diese unterzogen\n den Fahrer noch auf der Autobahn einer Kontrolle und stellten die \nPersonalien des deutschen Fahrers sicher. <\/p>\n\n\n\n<p>Er, sowie die anderen \n127 m\u00fcssen sich nun auf Fahrverbote einstellen. Die anderen 635 Fahrer \nm\u00fcssen mit empfindlichen Bu\u00dfgeldern und Punkten rechnen. Bei einer \nGeschwindigkeits\u00fcberschreitung bis zu 20 Km\/h erwartet die Betroffenen \nein Verwarnungsgeld. <\/p>\n\n\n\n<p>Anstehende Geschwindigkeitskontrollen werden  jeden Montag auf der Homepage des Polizeipr\u00e4sidiums Mannheim bekannt  gegeben. Den Link zur Startseite finden Sie hier: <a rel=\"noreferrer noopener\" target=\"_blank\" href=\"https:\/\/ppmannheim.polizei-bw.de\/\">https:\/\/ppmannheim.polizei-bw.de\/<\/a> <\/p>\n\n\n\n<h4 class=\"wp-block-heading\">(Ladenburg \/ Rhein-Neckar-Kreis) &#8211; Radfahrer bei Verkehrsunfall schwer verletzt, Zeugen gesucht!<\/h4>\n\n\n\n<p>Beim Zusammensto\u00df mit einem Auto wurde am fr\u00fchen Montagnachmittag ein 78-j\u00e4hriger Radfahrer schwer verletzt. <\/p>\n\n\n\n<p>Der\n Senior befuhr gegen 14:30 Uhr mit seinem Zweirad die Stra\u00dfe \n&#8222;Neuzeilsheim&#8220; aus Richtung Schriesheim kommend. An der Einm\u00fcndung zur L\n 631 (Heddesheimer Stra\u00dfe) missachtete er die Vorfahrt eines sich aus \nHeddesheim n\u00e4hernden Pkws. Obwohl der Autofahrer noch versuchte \nauszuweichen, kam es zum Zusammensto\u00df mit dem Fahrradfahrer, welcher auf\n die Fahrbahn st\u00fcrzte und sich hierbei schwer verletzte. <\/p>\n\n\n\n<p>Er kam mit Verdacht auf eine Hirnblutung in ein Mannheimer Krankenhaus und wurde station\u00e4r aufgenommen. <\/p>\n\n\n\n<p>Die  Ermittlungen zur Unfallursache hat die Verkehrsunfallaufnahme-West  aufgenommen. Diese bittet etwaige Zeugen des Unfalls um telefonische  Meldung unter 0621\/174-4045. <\/p>\n\n\n\n<h4 class=\"wp-block-heading\">(Hirschberg a. d. Bergstra\u00dfe \/ Rhein-Neckar-Kreis) &#8211; Peugeot auf Parkplatz &#8222;Am Kohlbach&#8220; aufgebrochen \/ Zeugen gesucht!<\/h4>\n\n\n\n<p>Auf dem Parkplatz &#8222;Am Kohlbach&#8220; schlug ein bislang Unbekannter am  Sonntag, zwischen 15:15 Uhr und 16:20 Uhr, die hintere Beifahrerscheibe  eines wei\u00dfen Peugeots ein. Aus dem Kofferraum entwendete der T\u00e4ter eine  Handtasche, in der sich eine Geldb\u00f6rse mit Bargeld, pers\u00f6nlichen  Dokumenten und einer EC-Karte befand. Die H\u00f6he des Diebstahl- und  Sachschadens steht bislang noch nicht fest. <\/p>\n\n\n\n<p>Zeugen, die \nverd\u00e4chtige Wahrnehmungen gemacht haben, werden gebeten, sich mit dem \nPolizeirevier Weinheim unter Tel.: 06201\/1003-0 in Verbindung zu setzen.\n <\/p>\n","protected":false},"excerpt":{"rendered":"<div class=\"mh-excerpt\"><p>Polizeimeldungen vom Dienstag (03.09.2019) (Speyer) &#8211; Sicherheitsgurt verhindert noch schlimmeres Gl\u00fcck im Ungl\u00fcck hatte am Montagnachmittag ein 30-j\u00e4hriger Mann aus Weilerbach, als er bei einem Verkehrsunfall am Autobahnkreuz Speyer nicht lebensbedrohlich verletzt wurde. Der junge <a class=\"mh-excerpt-more\" href=\"https:\/\/speyer24news.com\/?p=18683\" title=\"Polizei:\">[&#8230;]<\/a><\/p>\n<\/div>","protected":false},"author":3,"featured_media":0,"comment_status":"open","ping_status":"open","sticky":false,"template":"","format":"standard","meta":{"_monsterinsights_skip_tracking":false,"_monsterinsights_sitenote_active":false,"_monsterinsights_sitenote_note":"","_monsterinsights_sitenote_category":0,"footnotes":""},"categories":[12],"tags":[61,2555,63,105,53,102,213,55,103,106,427,62,104,979,1565],"aioseo_notices":[],"amp_enabled":true,"_links":{"self":[{"href":"https:\/\/speyer24news.com\/index.php?rest_route=\/wp\/v2\/posts\/18683"}],"collection":[{"href":"https:\/\/speyer24news.com\/index.php?rest_route=\/wp\/v2\/posts"}],"about":[{"href":"https:\/\/speyer24news.com\/index.php?rest_route=\/wp\/v2\/types\/post"}],"author":[{"embeddable":true,"href":"https:\/\/speyer24news.com\/index.php?rest_route=\/wp\/v2\/users\/3"}],"replies":[{"embeddable":true,"href":"https:\/\/speyer24news.com\/index.php?rest_route=%2Fwp%2Fv2%2Fcomments&post=18683"}],"version-history":[{"count":2,"href":"https:\/\/speyer24news.com\/index.php?rest_route=\/wp\/v2\/posts\/18683\/revisions"}],"predecessor-version":[{"id":18691,"href":"https:\/\/speyer24news.com\/index.php?rest_route=\/wp\/v2\/posts\/18683\/revisions\/18691"}],"wp:attachment":[{"href":"https:\/\/speyer24news.com\/index.php?rest_route=%2Fwp%2Fv2%2Fmedia&parent=18683"}],"wp:term":[{"taxonomy":"category","embeddable":true,"href":"https:\/\/speyer24news.com\/index.php?rest_route=%2Fwp%2Fv2%2Fcategories&post=18683"},{"taxonomy":"post_tag","embeddable":true,"href":"https:\/\/speyer24news.com\/index.php?rest_route=%2Fwp%2Fv2%2Ftags&post=18683"}],"curies":[{"name":"wp","href":"https:\/\/api.w.org\/{rel}","templated":true}]}}