{"id":18686,"date":"2019-09-03T14:36:36","date_gmt":"2019-09-03T13:36:36","guid":{"rendered":"https:\/\/speyer24news.com\/?p=18686"},"modified":"2019-09-13T11:27:20","modified_gmt":"2019-09-13T10:27:20","slug":"oeffentlichkeitsverhandung-vermisstensuche","status":"publish","type":"post","link":"https:\/\/speyer24news.com\/?p=18686","title":{"rendered":"\u00d6ffentlichkeitsfahndung \/ Vermisstensuche:"},"content":{"rendered":"<style type=\"text\/css\">\r\n\t.ads_top_disp{}\r\n\t.ads_top_corner_disp{ float:left; margin:0px 10px 10px 0px; }\r\n\t.ads_first_p_disp{}\r\n\t.ads_bottom_disp{}\r\n\t<\/style>\n<h1 class=\"wp-block-heading\">(Heidelberg \/ Rhein-Neckar-Kreis) &#8211; 42-J\u00e4hriger meldet sich bei der Polizei, \u00d6ffentlichkeitsfahndung eingestellt!<\/h1>\n\n\n\n<p>Der seit Donnerstag, 29.08.2019 vermisste Matth\u00e4us P. meldete sich  zwischenzeitlich bei der Polizei. Dem Mann geht es gut. Hinweise auf  m\u00f6gliche Straftaten konnten nicht erlangt werden. <\/p>\n\n\n\n<p>Die von der  Kriminalpolizeidirektion Heidelberg durchgef\u00fchrten Ma\u00dfnahmen die zum  Auffinden des Mannes f\u00fchren sollten, wurden eingestellt.<\/p>\n\n\n\n<p><em>Polizeipr\u00e4sidium Mannheim<br>13.09.2019<\/em><\/p>\n\n\n\n<h2 class=\"wp-block-heading\">42-J\u00e4hriger vermisst \/ \u00d6ffentlichkeitsfahndung der Polizei<\/h2>\n\n\n\n<p><strong>(Heidelberg \/ Rhein-Neckar-Kreis) &#8211; <\/strong>Der 42-j\u00e4hrige Matth\u00e4us P. wird seit Dienstag, den 27.08.2019  vermisst. Nach derzeitigem Ermittlungsstand verlie\u00df der Vermisste um  08:00 Uhr seine Wohnanschrift in Heidelberg in Richtung  Arbeitsstelle. Dort kam er jedoch nicht an. Matth\u00e4us P. ist  m\u00f6glicherweise mit einem kirschroten Mountainbike unterwegs. <\/p>\n\n\n\n<p>Konkrete Hinweise auf den Aufenthaltsort sowie Gr\u00fcnde des \nVerschwindens sind nicht bekannt. Die Kriminaldirektion Heidelberg \nhat die Ermittlungen zum Aufenthalt des 42-J\u00e4hrigen aufgenommen und \nbereits zahlreiche Ma\u00dfnahmen eingeleitet. <\/p>\n\n\n\n<p><strong>Der Vermisste kann wie folgt beschrieben werden: <\/strong><\/p>\n\n\n\n<ul><li>m\u00e4nnlich<\/li><li>1,75 m  gro\u00df<\/li><li>85 Kg schwer<\/li><li>kr\u00e4ftig<\/li><li>kurze grau-schwarze Haare<\/li><li>Brillentr\u00e4ger<\/li><li>tr\u00e4gt vermutlich eine graue Baumwollhose und ein dunkles T-Shirt<\/li><li>Au\u00dferdem hat er einen hellblauen Rucksack dabei<\/li><\/ul>\n\n\n\n<p>Derzeit gibt es keine Anhaltspunkte daf\u00fcr, dass der 42-j\u00e4hrige Opfer \neiner Straftat geworden ist. <\/p>\n\n\n\n<p>Zeugen, die Hinweise zum Aufenthaltsort von Matth\u00e4us P. geben k\u00f6nnen, werden gebeten, sich bei den Ermittlern der Kriminalpolizei unter  0621 174-4444 in Verbindung zu setzen. Hinweise nimmt zudem jede  andere Polizeidienststelle entgegen.<\/p>\n\n\n\n<p><em>Polizeipr\u00e4sidium Mannheim<br>03.09.2019<\/em><\/p>\n","protected":false},"excerpt":{"rendered":"<div class=\"mh-excerpt\"><p>(Heidelberg \/ Rhein-Neckar-Kreis) &#8211; 42-J\u00e4hriger meldet sich bei der Polizei, \u00d6ffentlichkeitsfahndung eingestellt! Der seit Donnerstag, 29.08.2019 vermisste Matth\u00e4us P. meldete sich zwischenzeitlich bei der Polizei. Dem Mann geht es gut. Hinweise auf m\u00f6gliche Straftaten konnten <a class=\"mh-excerpt-more\" href=\"https:\/\/speyer24news.com\/?p=18686\" title=\"\u00d6ffentlichkeitsfahndung \/ Vermisstensuche:\">[&#8230;]<\/a><\/p>\n<\/div>","protected":false},"author":3,"featured_media":0,"comment_status":"open","ping_status":"open","sticky":false,"template":"","format":"standard","meta":{"_monsterinsights_skip_tracking":false,"_monsterinsights_sitenote_active":false,"_monsterinsights_sitenote_note":"","_monsterinsights_sitenote_category":0,"footnotes":""},"categories":[12],"tags":[57,2388,103,62,1117,618],"aioseo_notices":[],"amp_enabled":true,"_links":{"self":[{"href":"https:\/\/speyer24news.com\/index.php?rest_route=\/wp\/v2\/posts\/18686"}],"collection":[{"href":"https:\/\/speyer24news.com\/index.php?rest_route=\/wp\/v2\/posts"}],"about":[{"href":"https:\/\/speyer24news.com\/index.php?rest_route=\/wp\/v2\/types\/post"}],"author":[{"embeddable":true,"href":"https:\/\/speyer24news.com\/index.php?rest_route=\/wp\/v2\/users\/3"}],"replies":[{"embeddable":true,"href":"https:\/\/speyer24news.com\/index.php?rest_route=%2Fwp%2Fv2%2Fcomments&post=18686"}],"version-history":[{"count":3,"href":"https:\/\/speyer24news.com\/index.php?rest_route=\/wp\/v2\/posts\/18686\/revisions"}],"predecessor-version":[{"id":19253,"href":"https:\/\/speyer24news.com\/index.php?rest_route=\/wp\/v2\/posts\/18686\/revisions\/19253"}],"wp:attachment":[{"href":"https:\/\/speyer24news.com\/index.php?rest_route=%2Fwp%2Fv2%2Fmedia&parent=18686"}],"wp:term":[{"taxonomy":"category","embeddable":true,"href":"https:\/\/speyer24news.com\/index.php?rest_route=%2Fwp%2Fv2%2Fcategories&post=18686"},{"taxonomy":"post_tag","embeddable":true,"href":"https:\/\/speyer24news.com\/index.php?rest_route=%2Fwp%2Fv2%2Ftags&post=18686"}],"curies":[{"name":"wp","href":"https:\/\/api.w.org\/{rel}","templated":true}]}}