{"id":18693,"date":"2019-09-03T16:19:45","date_gmt":"2019-09-03T15:19:45","guid":{"rendered":"https:\/\/speyer24news.com\/?p=18693"},"modified":"2019-09-03T16:19:46","modified_gmt":"2019-09-03T15:19:46","slug":"stadtnotizen-und-verkehrsnotizen-speyer","status":"publish","type":"post","link":"https:\/\/speyer24news.com\/?p=18693","title":{"rendered":"Stadtnotizen und Verkehrsnotizen Speyer:"},"content":{"rendered":"<style type=\"text\/css\">\r\n\t.ads_top_disp{}\r\n\t.ads_top_corner_disp{ float:left; margin:0px 10px 10px 0px; }\r\n\t.ads_first_p_disp{}\r\n\t.ads_bottom_disp{}\r\n\t<\/style>\n<h2 class=\"wp-block-heading\"><strong>Baumf\u00e4llung Im Gei\u00dfhorn<\/strong><\/h2>\n\n\n\n<div class=\"wp-block-image\"><figure class=\"aligncenter\"><img decoding=\"async\" loading=\"lazy\" width=\"500\" height=\"667\" src=\"https:\/\/speyer24news.com\/wp-content\/uploads\/2019\/09\/Pappel-Gei\u00dfhorn2.jpg\" alt=\"\" class=\"wp-image-18694\" srcset=\"https:\/\/speyer24news.com\/wp-content\/uploads\/2019\/09\/Pappel-Gei\u00dfhorn2.jpg 500w, https:\/\/speyer24news.com\/wp-content\/uploads\/2019\/09\/Pappel-Gei\u00dfhorn2-225x300.jpg 225w\" sizes=\"(max-width: 500px) 100vw, 500px\" \/><\/figure><\/div>\n\n\n\n<p>Die  Stadtverwaltung weist darauf hin, dass Ende dieser Woche im Bereich der Ausgleichsfl\u00e4che &#8222;Im Gei\u00dfhorn&#8220; eine Pappel gef\u00e4llt werden muss. <\/p>\n\n\n\n<p>Aus dem dreist\u00e4mmigen Baum ist ein St\u00e4mmling herausgebrochen und auf die Ausgleichsfl\u00e4che gefallen. <\/p>\n\n\n\n<div class=\"wp-block-image\"><figure class=\"aligncenter\"><img decoding=\"async\" loading=\"lazy\" width=\"500\" height=\"667\" src=\"https:\/\/speyer24news.com\/wp-content\/uploads\/2019\/09\/IMG_0449.jpg\" alt=\"\" class=\"wp-image-18695\" srcset=\"https:\/\/speyer24news.com\/wp-content\/uploads\/2019\/09\/IMG_0449.jpg 500w, https:\/\/speyer24news.com\/wp-content\/uploads\/2019\/09\/IMG_0449-225x300.jpg 225w\" sizes=\"(max-width: 500px) 100vw, 500px\" \/><\/figure><\/div>\n\n\n\n<p>Dadurch ist die Verkehrssicherheit der \u00fcbrigen beiden St\u00e4mmlinge nicht mehr gew\u00e4hrleistet, sodass eine F\u00e4llung, auch aufgrund der unmittelbaren N\u00e4he zur Bahnlinie, unumg\u00e4nglich ist.<\/p>\n\n\n\n<p><em>Stadt Speyer<br>03.09.2019<\/em><\/p>\n\n\n\n<h2 class=\"wp-block-heading\"><strong>Brudergasse gesperrt<\/strong><\/h2>\n\n\n\n<div class=\"wp-block-image\"><figure class=\"aligncenter\"><img decoding=\"async\" src=\"https:\/\/speyer24news.com\/wp-content\/uploads\/2019\/09\/Vollsperrung-1.jpg\" alt=\"\" class=\"wp-image-18696\"\/><\/figure><\/div>\n\n\n\n<p>Aufgrund von Kranarbeiten an einem Wohnhaus wird die Brudergasse <strong>am 05.09.2019<\/strong> in der Zeit von 8 Uhr bis voraussichtlich 18 Uhr f\u00fcr den Individualverkehr gesperrt.<\/p>\n\n\n\n<p>F\u00fcr R\u00fcckfragen steht die Stra\u00dfenverkehrsbeh\u00f6rde unter den Telefonnummern: 14-2682, 14-2492 und 14-2739 zur Verf\u00fcgung.<\/p>\n\n\n\n<p><em>Stadt Speyer<br>03.09.2019<\/em><\/p>\n","protected":false},"excerpt":{"rendered":"<div class=\"mh-excerpt\"><p>Baumf\u00e4llung Im Gei\u00dfhorn Die Stadtverwaltung weist darauf hin, dass Ende dieser Woche im Bereich der Ausgleichsfl\u00e4che &#8222;Im Gei\u00dfhorn&#8220; eine Pappel gef\u00e4llt werden muss. Aus dem dreist\u00e4mmigen Baum ist ein St\u00e4mmling herausgebrochen und auf die Ausgleichsfl\u00e4che <a class=\"mh-excerpt-more\" href=\"https:\/\/speyer24news.com\/?p=18693\" title=\"Stadtnotizen und Verkehrsnotizen Speyer:\">[&#8230;]<\/a><\/p>\n<\/div>","protected":false},"author":3,"featured_media":0,"comment_status":"open","ping_status":"open","sticky":false,"template":"","format":"standard","meta":{"_monsterinsights_skip_tracking":false,"_monsterinsights_sitenote_active":false,"_monsterinsights_sitenote_note":"","_monsterinsights_sitenote_category":0,"footnotes":""},"categories":[47],"tags":[314,3137,6,657,1296,658,1114],"aioseo_notices":[],"amp_enabled":true,"_links":{"self":[{"href":"https:\/\/speyer24news.com\/index.php?rest_route=\/wp\/v2\/posts\/18693"}],"collection":[{"href":"https:\/\/speyer24news.com\/index.php?rest_route=\/wp\/v2\/posts"}],"about":[{"href":"https:\/\/speyer24news.com\/index.php?rest_route=\/wp\/v2\/types\/post"}],"author":[{"embeddable":true,"href":"https:\/\/speyer24news.com\/index.php?rest_route=\/wp\/v2\/users\/3"}],"replies":[{"embeddable":true,"href":"https:\/\/speyer24news.com\/index.php?rest_route=%2Fwp%2Fv2%2Fcomments&post=18693"}],"version-history":[{"count":1,"href":"https:\/\/speyer24news.com\/index.php?rest_route=\/wp\/v2\/posts\/18693\/revisions"}],"predecessor-version":[{"id":18697,"href":"https:\/\/speyer24news.com\/index.php?rest_route=\/wp\/v2\/posts\/18693\/revisions\/18697"}],"wp:attachment":[{"href":"https:\/\/speyer24news.com\/index.php?rest_route=%2Fwp%2Fv2%2Fmedia&parent=18693"}],"wp:term":[{"taxonomy":"category","embeddable":true,"href":"https:\/\/speyer24news.com\/index.php?rest_route=%2Fwp%2Fv2%2Fcategories&post=18693"},{"taxonomy":"post_tag","embeddable":true,"href":"https:\/\/speyer24news.com\/index.php?rest_route=%2Fwp%2Fv2%2Ftags&post=18693"}],"curies":[{"name":"wp","href":"https:\/\/api.w.org\/{rel}","templated":true}]}}