{"id":18713,"date":"2019-09-04T07:11:43","date_gmt":"2019-09-04T06:11:43","guid":{"rendered":"https:\/\/speyer24news.com\/?p=18713"},"modified":"2019-09-04T07:12:57","modified_gmt":"2019-09-04T06:12:57","slug":"speyer-aktuell-10","status":"publish","type":"post","link":"https:\/\/speyer24news.com\/?p=18713","title":{"rendered":"Speyer aktuell:"},"content":{"rendered":"<style type=\"text\/css\">\r\n\t.ads_top_disp{}\r\n\t.ads_top_corner_disp{ float:left; margin:0px 10px 10px 0px; }\r\n\t.ads_first_p_disp{}\r\n\t.ads_bottom_disp{}\r\n\t<\/style>\n<h2 class=\"wp-block-heading\">#Einheitsbuddeln, Speyer mit dabei bei der Aktion<\/h2>\n\n\n\n<h3 class=\"wp-block-heading\">Oberb\u00fcrgermeisterin Stefanie Seiler gie\u00dft neue Winterlinde an<\/h3>\n\n\n\n<div class=\"wp-block-image\"><figure class=\"aligncenter\"><img decoding=\"async\" loading=\"lazy\" width=\"800\" height=\"600\" src=\"https:\/\/speyer24news.com\/wp-content\/uploads\/2019\/09\/DSC05987.jpg\" alt=\"\" class=\"wp-image-18715\" srcset=\"https:\/\/speyer24news.com\/wp-content\/uploads\/2019\/09\/DSC05987.jpg 800w, https:\/\/speyer24news.com\/wp-content\/uploads\/2019\/09\/DSC05987-300x225.jpg 300w, https:\/\/speyer24news.com\/wp-content\/uploads\/2019\/09\/DSC05987-768x576.jpg 768w, https:\/\/speyer24news.com\/wp-content\/uploads\/2019\/09\/DSC05987-678x509.jpg 678w, https:\/\/speyer24news.com\/wp-content\/uploads\/2019\/09\/DSC05987-326x245.jpg 326w, https:\/\/speyer24news.com\/wp-content\/uploads\/2019\/09\/DSC05987-80x60.jpg 80w\" sizes=\"(max-width: 800px) 100vw, 800px\" \/><figcaption> Oberb\u00fcrgermeisterin Stefanie Seiler gie\u00dft die neue Winterlinde<\/figcaption><\/figure><\/div>\n\n\n\n<p><strong>Speyer \/ Schleswig-Holstein &#8211; <\/strong>&#8222;Stell dir vor, am 3. Oktober w\u00fcrde jeder Mensch in Deutschland einen Baum pflanzen. 83 Millionen. Jedes Jahr. Ein neuer Wald. F\u00fcr das Klima. Und f\u00fcr dich und deine Familie. F\u00fcr unsere Zukunft. Lass uns zusammen diese Tradition ins Leben rufen!&#8220;<\/p>\n\n\n\n<p>Unter diesem Motto ruft das Land Schleswig-Holstein, in diesem Jahr Ausrichter des Tages der Deutschen Einheit, zur Aktion \u201eEinheitsbuddeln\u201c auf.<\/p>\n\n\n\n<div class=\"wp-block-image\"><figure class=\"aligncenter\"><img decoding=\"async\" loading=\"lazy\" width=\"500\" height=\"667\" src=\"https:\/\/speyer24news.com\/wp-content\/uploads\/2019\/09\/DSC05978.jpg\" alt=\"\" class=\"wp-image-18716\" srcset=\"https:\/\/speyer24news.com\/wp-content\/uploads\/2019\/09\/DSC05978.jpg 500w, https:\/\/speyer24news.com\/wp-content\/uploads\/2019\/09\/DSC05978-225x300.jpg 225w\" sizes=\"(max-width: 500px) 100vw, 500px\" \/><\/figure><\/div>\n\n\n\n<p>Gerne folgt die Stadt Speyer diesem Aufruf \u2013 und so schritt unsere Oberb\u00fcrgermeisterin Stefanie Seiler zur Tat und goss bereits am Dienstag den 03.09.2019, genau einen Monat vor dem Feiertag, eine Winterlinde der Sorte \u201eRancho\u201c im Domgarten an.<\/p>\n\n\n\n<p>\u201eAufforstungen sind eines der wirksamsten Mittel gegen den Klimawandel und einer der entscheidenden Schl\u00fcssel zum Erreichen der Klimaziele \u2013 in Speyer, RLP, Deutschland und weltweit\u201c, betont Stefanie Seiler und ruft alle B\u00fcrger*innen dazu auf, sich an dieser tollen Aktion zu beteiligen und bis zum 3. Oktober 2019 B\u00e4ume auf ihren Grundst\u00fccken oder in ihrer Institution zu pflanzen.<\/p>\n\n\n\n<div class=\"wp-block-image\"><figure class=\"aligncenter\"><img decoding=\"async\" loading=\"lazy\" width=\"800\" height=\"600\" src=\"https:\/\/speyer24news.com\/wp-content\/uploads\/2019\/09\/DSC06011.jpg\" alt=\"\" class=\"wp-image-18717\" srcset=\"https:\/\/speyer24news.com\/wp-content\/uploads\/2019\/09\/DSC06011.jpg 800w, https:\/\/speyer24news.com\/wp-content\/uploads\/2019\/09\/DSC06011-300x225.jpg 300w, https:\/\/speyer24news.com\/wp-content\/uploads\/2019\/09\/DSC06011-768x576.jpg 768w, https:\/\/speyer24news.com\/wp-content\/uploads\/2019\/09\/DSC06011-678x509.jpg 678w, https:\/\/speyer24news.com\/wp-content\/uploads\/2019\/09\/DSC06011-326x245.jpg 326w, https:\/\/speyer24news.com\/wp-content\/uploads\/2019\/09\/DSC06011-80x60.jpg 80w\" sizes=\"(max-width: 800px) 100vw, 800px\" \/><figcaption>Oberb\u00fcrgermeisterin Stefanie Seiler gemeinsam mit Steffen Schwendy vom st\u00e4dtischen Gr\u00fcnamt.<\/figcaption><\/figure><\/div>\n\n\n\n<p>Weitere Infos zum \u201eEinheitsbuddeln\u201c gibt es online unter <a href=\"http:\/\/www.einheitsbuddeln.de\">www.einheitsbuddeln.de<\/a><\/p>\n\n\n\n<p>Seid ihr dabei? #einheitsbuddeln<\/p>\n\n\n\n<p><em>Text: Stadt Speyer Foto: Speyer 24\/7 News, dak<br>04.09.2019<\/em><\/p>\n","protected":false},"excerpt":{"rendered":"<div class=\"mh-excerpt\"><p>#Einheitsbuddeln, Speyer mit dabei bei der Aktion Oberb\u00fcrgermeisterin Stefanie Seiler gie\u00dft neue Winterlinde an Speyer \/ Schleswig-Holstein &#8211; &#8222;Stell dir vor, am 3. Oktober w\u00fcrde jeder Mensch in Deutschland einen Baum pflanzen. 83 Millionen. Jedes <a class=\"mh-excerpt-more\" href=\"https:\/\/speyer24news.com\/?p=18713\" title=\"Speyer aktuell:\">[&#8230;]<\/a><\/p>\n<\/div>","protected":false},"author":3,"featured_media":0,"comment_status":"open","ping_status":"open","sticky":false,"template":"","format":"standard","meta":{"_monsterinsights_skip_tracking":false,"_monsterinsights_sitenote_active":false,"_monsterinsights_sitenote_note":"","_monsterinsights_sitenote_category":0,"footnotes":""},"categories":[9],"tags":[526,3077,699,3145,501,3146,6,2256],"aioseo_notices":[],"amp_enabled":true,"_links":{"self":[{"href":"https:\/\/speyer24news.com\/index.php?rest_route=\/wp\/v2\/posts\/18713"}],"collection":[{"href":"https:\/\/speyer24news.com\/index.php?rest_route=\/wp\/v2\/posts"}],"about":[{"href":"https:\/\/speyer24news.com\/index.php?rest_route=\/wp\/v2\/types\/post"}],"author":[{"embeddable":true,"href":"https:\/\/speyer24news.com\/index.php?rest_route=\/wp\/v2\/users\/3"}],"replies":[{"embeddable":true,"href":"https:\/\/speyer24news.com\/index.php?rest_route=%2Fwp%2Fv2%2Fcomments&post=18713"}],"version-history":[{"count":2,"href":"https:\/\/speyer24news.com\/index.php?rest_route=\/wp\/v2\/posts\/18713\/revisions"}],"predecessor-version":[{"id":18719,"href":"https:\/\/speyer24news.com\/index.php?rest_route=\/wp\/v2\/posts\/18713\/revisions\/18719"}],"wp:attachment":[{"href":"https:\/\/speyer24news.com\/index.php?rest_route=%2Fwp%2Fv2%2Fmedia&parent=18713"}],"wp:term":[{"taxonomy":"category","embeddable":true,"href":"https:\/\/speyer24news.com\/index.php?rest_route=%2Fwp%2Fv2%2Fcategories&post=18713"},{"taxonomy":"post_tag","embeddable":true,"href":"https:\/\/speyer24news.com\/index.php?rest_route=%2Fwp%2Fv2%2Ftags&post=18713"}],"curies":[{"name":"wp","href":"https:\/\/api.w.org\/{rel}","templated":true}]}}