{"id":18730,"date":"2019-09-05T08:24:51","date_gmt":"2019-09-05T07:24:51","guid":{"rendered":"https:\/\/speyer24news.com\/?p=18730"},"modified":"2019-09-05T08:24:53","modified_gmt":"2019-09-05T07:24:53","slug":"polizei-57","status":"publish","type":"post","link":"https:\/\/speyer24news.com\/?p=18730","title":{"rendered":"Polizei:"},"content":{"rendered":"<style type=\"text\/css\">\r\n\t.ads_top_disp{}\r\n\t.ads_top_corner_disp{ float:left; margin:0px 10px 10px 0px; }\r\n\t.ads_first_p_disp{}\r\n\t.ads_bottom_disp{}\r\n\t<\/style>\n<h2 class=\"wp-block-heading\">Polizeimeldungen vom Mittwoch (04.09.2019)<\/h2>\n\n\n\n<div class=\"wp-block-image\"><figure class=\"aligncenter\"><img decoding=\"async\" src=\"https:\/\/speyer24news.com\/wp-content\/uploads\/2019\/09\/Aktuelles-Polizeilogo.jpg\" alt=\"\" class=\"wp-image-18496\"\/><\/figure><\/div>\n\n\n\n<h4 class=\"wp-block-heading\">(Speyer) &#8211; Versuchter Aufbruch eines Zigarettenautomaten<\/h4>\n\n\n\n<p>Am  Mittwoch gegen 00:46 Uhr konnte ein Anwohner der  Johann-Sebastian-Bach-Stra\u00dfe von seinem Fenster aus beobachten, wie zwei  m\u00e4nnliche Personen im Alter von ca. 20 Jahren und bekleidet mit einem  dunklen Kapuzenpulli bzw. einem wei\u00dfen T-Shirt offensichtlich  versuchten, einen dort befindlichen Zigarettenautomaten aufzubrechen. Er  verst\u00e4ndigte deshalb sofort die Polizei. Beim Eintreffen der  Polizeistreifen konnten die Tatverd\u00e4chtigen weder am  Zigarettenautomaten, noch in den umliegenden Stra\u00dfen festgestellt  werden. Am Automat selbst befanden sich frische Hebelspuren. Wenige  Meter entfernt konnte auf dem Gehweg ein Kapuzenpulli und ein  Schraubendreher aufgefunden werden, welche vermutlich den beiden T\u00e4tern  zuzuordnen sind und daher sichergestellt wurden. Zur Fahndung nach den  T\u00e4tern wurde aufgrund des Bekleidungsfundes ein Diensthund hinzugezogen,  welcher jedoch keine F\u00e4hrte aufnehmen konnte. Sollten zu der genannten  Zeit Beobachtungen gemacht worden sein, welche der Polizei bei der  Ermittlung der T\u00e4ter weiterhelfen k\u00f6nnen, nimmt die Polizei diese  Hinweise unter der Tel.-Nr. 06232-1370 oder per Mail an <a href=\"mailto:pispeyer@polizei.rlp.de\">pispeyer@polizei.rlp.de<\/a> entgegen. <\/p>\n\n\n\n<h4 class=\"wp-block-heading\">(Speyer) &#8211; Fl\u00fcchtigen Kleinkraftradfahrer nach Unfall mit Pedelec gestellt<\/h4>\n\n\n\n<p>Zu\n einem Verkehrsunfall mit anschlie\u00dfender Flucht kam es am Dienstag kurz \nnach 17 Uhr auf dem Fu\u00df-\/Radweg St\u00f6ckelgraben. Von der Tullastra\u00dfe aus \nfuhr dabei ein 18j\u00e4hriger Speyerer mit seinem Kleinkraftrad \nverbotswidrig einen auf den St\u00f6ckelgraben f\u00fchrenden Fu\u00df-\/Radweg. Als er \nan der Einm\u00fcndung nach rechts abbog, touchierte er eine ihm auf dem \nFu\u00df-\/Radweg St\u00f6ckelgraben entgegenkommende 58j\u00e4hrige Pedelec-Fahrerin \naus Otterstadt. <\/p>\n\n\n\n<p>Diese kam zu Fall und erlitt Sch\u00fcrfwunden. Der \n18J\u00e4hrige, welcher sich zun\u00e4chst noch nach dem Wohlbefinden der \ngest\u00fcrzten Pedelec-Fahrerin erkundigte, verlie\u00df die Unfallstelle jedoch,\n als er mitbekam, dass durch einen Unfallzeugen die Polizei verst\u00e4ndigt \nwurde. An seiner Wohnaschrift von einer Polizeistreife angetroffen gab \ner an, Sorge gehabt zu haben, dass die polizeiliche Unfallaufnahme \nAuswirkungen auf die gerade erlangte Fahrerlaubnis habe k\u00f6nnte. Dies \nw\u00e4re m\u00f6glicherweise nicht der Fall gewesen. Da er sich jedoch dazu \nentschloss, die Unfallstelle zu Verlassen, ohne seinen Pflichten als \nUnfallbeteiligtem nachgekommen zu sein, wurde sein F\u00fchrerschein in \nAbsprache mit der Staatsanwaltschaft beschlagnahmt. <\/p>\n\n\n\n<h4 class=\"wp-block-heading\">(Speyer) &#8211; Diebstahl von Kupferkabel auf Baustelle<\/h4>\n\n\n\n<p>Vermutlich  in der Nacht von Montag auf Dienstag gelangten unbekannte T\u00e4ter in  einen 3-st\u00f6ckigen Rohbau in der Bahnhofstra\u00dfe und schnitten in nahezu  allen Stockwerken Kupferkabel ab, welches bereits in der Wand verputzt  lag. Der Schaden kann derzeit noch nicht beziffert werden, jedoch muss  von mehreren hundert Metern Kabel ausgegangen werden. Zeugenhinweise  nimmt die Polizei unter der Tel.-Nr. 06232-1370 oder per Mail an <a href=\"mailto:pispeyer@polizei.rlp.de\">pispeyer@polizei.rlp.de<\/a> entgegen. <\/p>\n\n\n\n<h4 class=\"wp-block-heading\">(Speyer) &#8211; Sachbesch\u00e4digung durch Graffiti<\/h4>\n\n\n\n<p>Unbekannte  T\u00e4ter verursachten zwischen dem 31.08. und dem 02.09.2019 Sachschaden  an der Mauer einer Grundst\u00fccksbegrenzung in der Armbruststra\u00dfe, indem  sie diese mit dem Schriftzug &#8222;1.FCK&#8220; und einem unleserlichen K\u00fcrzel  bespr\u00fchten. Derzeit liegen der Polizei keinerlei Hinweise auf die T\u00e4ter  vor. Zeugenhinweise nimmt die Polizei unter der Tel.-Nr. 06232-1370 oder  per Mail an <a href=\"mailto:pispeyer@polizei.rlp.de\">pispeyer@polizei.rlp.de<\/a> entgegen. <\/p>\n\n\n\n<h4 class=\"wp-block-heading\">(Limburgerhof) &#8211; Nachtragsmeldung zu Raub auf Tankstelle<\/h4>\n\n\n\n<h4 class=\"wp-block-heading\">Gemeinsame Pressemitteilung von Staatsanwaltschaft Frankenthal\/Pfalz und Polizeipr\u00e4sidium Rheinpfalz <\/h4>\n\n\n\n<div class=\"wp-block-image\"><figure class=\"aligncenter\"><img decoding=\"async\" src=\"https:\/\/speyer24news.com\/wp-content\/uploads\/2019\/09\/Festnahme.jpg\" alt=\"\" class=\"wp-image-18735\"\/><\/figure><\/div>\n\n\n\n<p>Im\n Falle des Raub\u00fcberfalls auf eine Aral-Tankstelle vom 30.03.2019 in \nLimburgerhof konnte ein Tatverd\u00e4chtiger ermittelt werden. Auf Antrag der\n Staatsanwaltschaft Frankenthal erging Haftbefehl gegen den \nBeschuldigten. Er wurde in eine Justizvollzugsanstalt verschubt. <\/p>\n\n\n\n<h4 class=\"wp-block-heading\">(Limburgerhof) &#8211;  Sachbesch\u00e4digungen \/ Mehrere PKWs zerkratzt<\/h4>\n\n\n\n<p>Im Zeitraum von Sonntag, 01.09.2019, 13:00 Uhr, bis Dienstag,  03.09.2019, 17:00 Uhr, wurde in der Jahnstra\u00dfe der Lack von zum  derzeitigen Ermittlungsstand neun PKWs mittels bislang unbekanntem  Gegenstand zerkratzt. Es entstand Sachschaden in H\u00f6he von mehreren  tausend Euro. Bei den Ermittlungen wird auch gepr\u00fcft, ob die Tat  m\u00f6glicherweise mit dem Stra\u00dfenfest in Limburgerhof, das am 01.09.2019  seinen letzten Veranstaltungstag hatte, in Verbindung stehen k\u00f6nnte.  Zeugen werden gebeten sich mit der Polizeiinspektion Schifferstadt unter  06235 495-0 oder <a href=\"mailto:pischifferstadt@polizei.rlp.de\">pischifferstadt@polizei.rlp.de<\/a> in Verbindung zu setzen. <\/p>\n\n\n\n<h4 class=\"wp-block-heading\">(Harthausen) &#8211; Mit nichtversichertem E-Scooter ohne Betriebserlaubnis unterwegs<\/h4>\n\n\n\n<p>Ein\n Jugendlicher aus Harthausen wurde am Dienstagnachmittag von einer \nPolizeistreife mit einem E-Scooter auf der Speyerer Stra\u00dfe in Harthausen\n fahrend festgestellt und einer Verkehrskontrolle unterzogen. Dabei \nstellte sich heraus, dass der E-Scooter weder versichert war, noch \u00fcber \neine Betriebserlaubnis verf\u00fcgte. Gegen den in Anwesenheit seines Vaters \nals Beschuldigten belehrten Jugendlichen wurde ein Strafverfahren wegen \ndes Versto\u00dfes gegen das Pflichtversicherungsgesetz eingeleitet. Ihm \nwurde die Weiterfahrt untersagt. <\/p>\n\n\n\n<p>Die Polizei wei\u00dft in diesem  Zusammenhang darauf hin, dass bei j\u00fcngsten Kontrollen von E-Scootern  vereinzelt festzustellen ist, dass deren Nutzer teilweise nicht  ausreichend mit den Vorschriften, die beim Betrieb eines solchen  Elektrokleinstfahrzeugs zu beachten sind, vertraut scheinen. Es wird  daher nochmal ausdr\u00fccklich darauf hingewiesen, das E-Scooter versichert  sein m\u00fcssen und eine Versicherungsplakette an dem Kraftfahrzeug  angebracht sein muss. Zudem ist das Vorhandensein einer  Betriebserlaubnis zwingend erforderlich. Weiterhin muss der  Elektroroller \u00fcber eine Lenk-\/Haltestange verf\u00fcgen. Das Befahren von  Gehwegen mit den Fahrzeugen ist grunds\u00e4tzlich nicht zul\u00e4ssig. F\u00fcr deren  Benutzung im \u00f6ffentlichen Verkehrsraum ist letztlich auch ein  Mindestalter von 14 Jahren vorgeschrieben. <\/p>\n\n\n\n<h4 class=\"wp-block-heading\">(Schwegenheim) &#8211; Diebstahl von Baustelle<\/h4>\n\n\n\n<p>In der Zeit vom 30.08 bis 02.09.2019 wurden mehrere Arbeitsger\u00e4te von  einer Baustelle im Bereich des Gewerbegebietes in Schwegenheim  gestohlen. Wie der bzw. die T\u00e4ter auf das Gel\u00e4nde gelangt sind ist bis  dato noch unklar. Die Schadensh\u00f6he ist derzeit noch nicht bekannt. <\/p>\n\n\n\n<p>Zeugenhinweise nimmt die Polizeiinspektion Germersheim telefonisch unter 07274\/9580 oder per Mail unter <a href=\"mailto:pigermersheim@polizei.rlp.de\">pigermersheim@polizei.rlp.de<\/a> entgegen. <\/p>\n\n\n\n<h4 class=\"wp-block-heading\">(Zeiskam) &#8211; Brand gel\u00f6scht<\/h4>\n\n\n\n<p>Zu einem Feldbrand kam es am Dienstagmorgen gegen 10.30 Uhr in der N\u00e4he  des Sportplatzes von Zeiskam. Die Feuerwehren aus dem Bereich der  Verbandsgemeinde Bellheim waren mit f\u00fcnf Fahrzeugen und 18 Mann im  Einsatz. Der Brand konnte rasch gel\u00f6scht worden, die Ursache konnte  jedoch nicht gekl\u00e4rt werden. Ein Schaden entstand nicht. <\/p>\n\n\n\n<p>Hinweise nimmt die Polizei Germersheim unter 07274\/958-0 oder <a href=\"mailto:pigermersheim.presse@polizei.rlp.de\">pigermersheim.presse@polizei.rlp.de<\/a> entgegen. <\/p>\n\n\n\n<h4 class=\"wp-block-heading\">(Germersheim) &#8211; Diebstahl von Rubbellosen<\/h4>\n\n\n\n<p>Mehrere Rubbellose entwendeten Jugendliche am Montagabend gegen 19 Uhr  aus einer Lottofiliale im Bereich der Mainzer Stra\u00dfe. Drei Personen  lenkten zun\u00e4chst die Verk\u00e4uferin ab. In der Zwischenzeit hatte ein  weiterer junger Mann den Verkaufsst\u00e4nder aus dem Gesch\u00e4ft entwendet und  die Rubbellose an sich genommen. Die Beamten konnten zwischenzeitlich  zwei 17 &#8211; j\u00e4hrige Tatverd\u00e4chtige ermitteln. Die Schadensh\u00f6he ist noch  nicht bekannt. <\/p>\n\n\n\n<h4 class=\"wp-block-heading\">(Germersheim) &#8211; Fahrradzubeh\u00f6r gestohlen<\/h4>\n\n\n\n<p>Zubeh\u00f6r im Wert von 150 EUR wurden in der Nacht von Samstag auf Sonntag  an einem Damenrad, welches im Bereich des Fahrradst\u00e4nders an der S &#8211;  Bahnhaltestelle\/Mitte in Germersheim abgestellt war, gestohlen. Der  unbekannte T\u00e4ter entfernte den Sattel, die Bremse, den Korb sowie den  St\u00e4nder. Bei dem Rad handelte es sich um ein Cityrad der Marke Mifa.  Weiterhin wurden die Beleuchtung sowie die Reifen besch\u00e4digt. <\/p>\n\n\n\n<h4 class=\"wp-block-heading\">(Bellheim) &#8211; W\u00e4schest\u00e4nder f\u00fchrt zu Streit<\/h4>\n\n\n\n<p>Auf Grund eines falsch aufgestellten W\u00e4schest\u00e4nders kam es am  Dienstagabend gegen 17 Uhr zum Streit zwischen zwei Bewohnern eines  Mehrparteienhaus. Der 53 &#8211; j\u00e4hrige Tatverd\u00e4chtige schlug mit einem  Rollerhelm seinen 61 &#8211; j\u00e4hrigen Kontrahenten, in Folge dessen dieser zu  Boden st\u00fcrzte. Der \u00c4ltere erlitt hierdurch Absch\u00fcrfungen sowie  Sch\u00fcrfwunden. Ein Ermittlungsverfahren wurde eingeleitet. <\/p>\n\n\n\n<h4 class=\"wp-block-heading\">(R\u00fclzheim \/ Bellheim) &#8211; Asbestplatten illegal entsorgt<\/h4>\n\n\n\n<div class=\"wp-block-image\"><figure class=\"aligncenter\"><img decoding=\"async\" loading=\"lazy\" width=\"800\" height=\"533\" src=\"https:\/\/speyer24news.com\/wp-content\/uploads\/2019\/09\/30.08.19-R\u00fclzheim-Asbest.jpg\" alt=\"\" class=\"wp-image-18731\" srcset=\"https:\/\/speyer24news.com\/wp-content\/uploads\/2019\/09\/30.08.19-R\u00fclzheim-Asbest.jpg 800w, https:\/\/speyer24news.com\/wp-content\/uploads\/2019\/09\/30.08.19-R\u00fclzheim-Asbest-300x200.jpg 300w, https:\/\/speyer24news.com\/wp-content\/uploads\/2019\/09\/30.08.19-R\u00fclzheim-Asbest-768x512.jpg 768w\" sizes=\"(max-width: 800px) 100vw, 800px\" \/><figcaption>Asbestplatte<\/figcaption><\/figure><\/div>\n\n\n\n<p>Bereits  am Freitagvormittag, den 30.08.2019 beobachtete ein Zeuge aus einiger  Entfernung einen gr\u00fcnen LKW, der Marke Iveco, wie dieser einen Feldweg  hinter dem Bahnhof R\u00fclzheim in Richtung Bellheim befuhr. Dabei warf ein  Mann Bruchst\u00fccke von Wellzementplatten von der Ladefl\u00e4che des LKW in die  dortigen Maisfelder. <\/p>\n\n\n\n<div class=\"wp-block-image\"><figure class=\"aligncenter\"><img decoding=\"async\" loading=\"lazy\" width=\"800\" height=\"533\" src=\"https:\/\/speyer24news.com\/wp-content\/uploads\/2019\/09\/30.08.19-R\u00fclzheim-Feldweg.jpg\" alt=\"\" class=\"wp-image-18732\" srcset=\"https:\/\/speyer24news.com\/wp-content\/uploads\/2019\/09\/30.08.19-R\u00fclzheim-Feldweg.jpg 800w, https:\/\/speyer24news.com\/wp-content\/uploads\/2019\/09\/30.08.19-R\u00fclzheim-Feldweg-300x200.jpg 300w, https:\/\/speyer24news.com\/wp-content\/uploads\/2019\/09\/30.08.19-R\u00fclzheim-Feldweg-768x512.jpg 768w\" sizes=\"(max-width: 800px) 100vw, 800px\" \/><figcaption>Feldweg zwischen R\u00fclzheim und Bellheim<\/figcaption><\/figure><\/div>\n\n\n\n<p>Da der Zeuge zu weit entfernt war, konnte \ner weder das Kennzeichen des LKW ablesen, noch eine genauere \nBeschreibung der Person auf dem LKW abgeben. Die Kriminalpolizei und die\n untere Umweltbeh\u00f6rde der Kreisverwaltung Germersheim haben den Tatort \naufgesucht und die ordnungsgem\u00e4\u00dfe Entsorgung veranlasst. <\/p>\n\n\n\n<p>Hinweise  auf die T\u00e4ter haben sich bisher nicht konkretisiert. Zeugen werden  gebeten sich mit der Kriminalinspektion Landau unter der Telefonnummer:  06341-287-0 in Verbindung zu setzen. <\/p>\n\n\n\n<h4 class=\"wp-block-heading\">(Herxheim) &#8211; Trotz Zettel Verkehrsunfallflucht<\/h4>\n\n\n\n<p>Eine 41-j\u00e4hrige PKW-Fahrerin befuhr am Dienstagnachmittag die Eisenbahnstra\u00dfe und touchierte  hier mit ihrem rechten Au\u00dfenspiegel den Au\u00dfenspiegel eines am rechten  Fahrbahnrand ordnungsgem\u00e4\u00df geparkten PKWs. Die Verursacherin stieg aus  und erkundigte sich bei den Bewohnern der angrenzenden H\u00e4user nach dem  Fahrzeugnutzer. Dieser war jedoch niemandem bekannt, weshalb die Dame  einen Zettel am PKW mit ihren Personalien hinterlie\u00df. Zwischenzeitlich  hatte sich die Nutzerin des besch\u00e4digten Fahrzeugs bei ihr gemeldet und  die Personalien wurden ausgetauscht. Erst Stunden sp\u00e4ter meldete die  Verursacherin dann den Unfall bei der Polizei. In diesem Zusammenhang  weist die Polizei darauf hin, dass das Anbringen eines Zettels an einem  besch\u00e4digten Fahrzeug nicht ausreicht. Der Fahrzeugf\u00fchrer hat eine  angemessene Zeit an der Unfallstelle zu warten und am besten den Vorfall  gleich der Polizei zu melden, was in diesem Fall nicht erfolgte. In  solchen F\u00e4llen muss dennoch eine Anzeige wegen Verkehrsunfallflucht  vorgelegt werden. <\/p>\n\n\n\n<h4 class=\"wp-block-heading\">(Kandel) &#8211; Unfallflucht in der Badallee<\/h4>\n\n\n\n<p>Eine 18-j\u00e4hrige aus Lichtenau befuhr am Mittag des 03.09.2019, gegen  15:00 Uhr die Badallee in Kandel in Richtung Jahnstra\u00dfe mit ihrem blauen  Opel Corsa mit RA- Kennzeichen. Kurz vor der Einm\u00fcndung zur Jahnstra\u00dfe  kam von rechts ein silberfarbener PKW um die Kurve gefahren, der die  Kurve schnitt, weshalb die Corsa-Fahrerin nach rechts ausweichen musste,  um einen Frontalzusammensto\u00df zu verhindern. Hierbei fuhr sie mit ihrem  rechten vorderen Reifen auf den hohen Bordstein, wodurch der Reifen  stark besch\u00e4digt wurde. Anschlie\u00dfend entfernte sich der silberfarbene  PKW von der Unfallstelle. Laut der Corsa-Fahrerin befand sich zum  Unfallzeitpunkt ein wei\u00dfer Lieferwagen in unmittelbarer N\u00e4he und k\u00f6nnte  eventuell weitere Hinweise zu dem silberfarbenen PKW machen.  Zeugenhinweise nimmt die Polizeiinspektion W\u00f6rth am Rhein unter  07271\/92210 oder <a href=\"mailto:piwoerth@polizei.rlp.de\">piwoerth@polizei.rlp.de<\/a> dankend entgegen. <\/p>\n\n\n\n<h4 class=\"wp-block-heading\">(Bad Bergzabern) &#8211; In Arztpraxis und Versicherungsb\u00fcro eingebrochen<\/h4>\n\n\n\n<p>Am Dienstagmorgen, zwischen 02.00 Uhr und 03.00 Uhr, brachen bislang  unbekannte T\u00e4ter in der Kurtalstra\u00dfe in Bad Bergzabern in eine  Arztpraxis sowie in ein im gleichen Anwesen befindliches  Versicherungsb\u00fcro ein. Hierbei wurde neben einem Laptop auch ein IPad  der Marke Apple entwendet. <\/p>\n\n\n\n<p>Bei Hinweisen wenden Sie sich bitte an die Polizei in Bad Bergzabern, Tel.: 06343\/93340 oder unter der Email: <a href=\"mailto:pibadbergzabern@polizei.rlp.de\">pibadbergzabern@polizei.rlp.de<\/a>. <\/p>\n\n\n\n<h4 class=\"wp-block-heading\">(Bad Bergzabern) &#8211; Versuchter Einbruch<\/h4>\n\n\n\n<p>In der Nacht von 02\/03.09.2019, versuchten bislang unbekannte T\u00e4ter in  die R\u00e4umlichkeiten einer Gastst\u00e4tte in der Kurtalstra\u00dfe  einzubrechen.  Die T\u00e4ter wurden vermutlich bei der Tatausf\u00fchrung gest\u00f6rt und suchten  das Weite. <\/p>\n\n\n\n<h4 class=\"wp-block-heading\">(Rohrbach) &#8211; Verkehrsunfallflucht<\/h4>\n\n\n\n<p>Auf dem Parkplatz des Einkaufsmarkts wurde am Dienstagabend ein PKW Golf mit  S\u00dcW-Kennzeichen, vermutlich von einem Aus-, bzw. einparkenden PKW-Fahrer  am Kotfl\u00fcgel hinten links besch\u00e4digt. Der Verursacher entfernte sich  danach unerlaubt von der Unfallstelle. Es entstand Schaden von ca. 2000  Euro. <\/p>\n\n\n\n<p>Zeugen m\u00f6gen sich bitte bei der Polizei Landau melden. <\/p>\n\n\n\n<h4 class=\"wp-block-heading\">(Landau) &#8211; Versuchter Diebstahl aus Fahrzeugen<\/h4>\n\n\n\n<p>In der M\u00fchlstra\u00dfe wurde zwischen Montagabend und Dienstagmorgen an zwei geparkten PKW der Innenraum durchw\u00fchlt  und nach bisherigen Feststellungen nichts entwendet. Wie der T\u00e4ter die  Fahrzeuge ge\u00f6ffnet hatte ist nicht bekannt. Eine \u00dcberpr\u00fcfung weiterer  abgestellter Fahrzeuge verlief zun\u00e4chst negativ. <\/p>\n\n\n\n<p>Falls in diesem Bereich weitere PKW ge\u00f6ffnet wurden, werden die Eigent\u00fcmer gebeten sich bei der Polizei Landau zu melden. <\/p>\n\n\n\n<h4 class=\"wp-block-heading\">(Landau) &#8211; Verkehrsunfallflucht<\/h4>\n\n\n\n<p>Ein 30-j\u00e4hriger Fahrradfahrer befuhr am Dienstagmorgen die Stra\u00dfe &#8222;Im Grein&#8220; von der  Hainbachstra\u00dfe kommend. Hier wurde er von einem PKW mit so wenig Abstand  \u00fcberholt, dass das Fahrzeug den Lenker des Rades streifte und der  Radfahrer auf die Stra\u00dfe st\u00fcrzte, wobei er sich leicht an der Schulter  verletzte. Er konnte nur noch erkennen, dass es sich um einen schwarzen  Mazda gehandelt hatte. <\/p>\n\n\n\n<p>Weitere Hinweise hierzu bitte an die PI Landau. <\/p>\n\n\n\n<h4 class=\"wp-block-heading\">(Landau) &#8211; Fahrzeug zerkratzt I<\/h4>\n\n\n\n<p>Auf dem Parkplatz eines Supermarkts in der Damm\u00fchlstra\u00dfe wurde am Montagnachmittag ein PKW  Peugeot mit KL-Kennzeichen auf der gesamten rechten Fahrzeugseite  zerkratzt. Es entstand Schaden von ca. 500 Euro. <\/p>\n\n\n\n<p>Auch hier m\u00f6gen sich Zeugen bitte bei der Polizei Landau melden. <\/p>\n\n\n\n<h4 class=\"wp-block-heading\">(Landau) &#8211; Fahrzeug zerkratzt II<\/h4>\n\n\n\n<p>Auf dem Parkplatz des La Ola Schwimmbads wurde am Sonntagvormittag ein PKW Citroen mit  S\u00dcW-Kennzeichen an der hinteren linken T\u00fcr mit einem spitzen Gegenstand  zerkratzt. Es entstand Schaden von ca. 500 Euro. <\/p>\n\n\n\n<p>Zeugen m\u00f6gen sich bitte bei der Polizei Landau melden. <\/p>\n\n\n\n<h4 class=\"wp-block-heading\">(Annweiler) &#8211; Anrufe Gewinnversprechen<\/h4>\n\n\n\n<p>Im Laufe des Vormittags des 04.09.2019 meldeten sich zwei Gesch\u00e4digte  bei der Polizeiwache, welche von einer angeblichen Lotto-Gesellschaft  einen 5-stelligen EUR-Gewinn durch einen Notar \u00fcberreicht bekommen  sollen. Dazu wurden die Gesch\u00e4digten aufgefordert in Superm\u00e4rkten Karten  zu holen. Die Kartennummern sollten die Gesch\u00e4digten dann dem  angeblichen Notar vorab am Telefon mitteilen. Hierbei handelt es sich um  eine Betrugsmasche bei welcher es den Anrufern nur darum geht das Geld  aus den Karten zu bekommen. Es wird nie zu einer &#8222;Gewinn\u00fcbergabe&#8220;  kommen. Die Angerufenen haben richtig reagiert und sind nicht auf die  Forderungen eingegangen. Sollte es noch weitere Anrufe gegeben haben, so  sollen sich die Gesch\u00e4digten bei der Polizeiwache Annweiler oder der  Kriminalinspektion Landau melden. <\/p>\n\n\n\n<h4 class=\"wp-block-heading\">(Essingen) &#8211; Unfall nicht verursacht und dennoch gefl\u00fcchtet<\/h4>\n\n\n\n<p>Eine 21-j\u00e4hrige Peugeot-Fahrerin fuhr Montagnacht auf der B272 von Offenbach  kommend in den &#8222;Essinger-Kreisel&#8220; ein und beachtete nicht die Vorfahrt  eines bereits im Kreisel befindlichen dunklen PKWs. Es kam zum  Zusammensto\u00df der Fahrzeuge, wobei der Peugeot am Kotfl\u00fcgel vorne links  besch\u00e4digt wurde. Der dunkle PKW fuhr anschlie\u00dfend ohne anzuhalten in  Richtung Hochstadt weiter. Eventuell handelte es sich um einen BMW mit  S\u00dcW-Kennzeichen. <\/p>\n\n\n\n<p>Zeugen, bzw. der\/die unfallbeteiligte PKW-Fahrer\/in m\u00f6gen sich bitte bei der Polizei Landau melden. <\/p>\n\n\n\n<h4 class=\"wp-block-heading\">(Edenkoben) &#8211; Sitzgarnitur an der &#8222;Lolosruhe&#8220; besch\u00e4digt<\/h4>\n\n\n\n<p>Unbekannte haben Dienstagmittag auf dem Parkplatz der &#8222;Lolosruhe&#8220; eine  Sitzgarnitur besch\u00e4digt, indem sie diese anz\u00fcndeten. Infolge des  massiven Holzes kokelte die Garnitur vor sich hin, bis die hinzugerufene  Feuerwehr aus Edenkoben das Glutnest vollst\u00e4ndig l\u00f6schte. Es entstand  Sachschaden von \u00fcber 1000 Euro. Hinweise zu den Unbekannten nimmt die  Polizei Edenkoben unter der Telefonnummer 06323 9550 entgegen. <\/p>\n\n\n\n<h4 class=\"wp-block-heading\">(Edenkoben) &#8211; 70-j\u00e4hriger Autofahrer fl\u00fcchtet<\/h4>\n\n\n\n<p>Ein 70-j\u00e4hriger Autofahrer muss sich wegen Unfallflucht verantworten,  weil er Dienstagvormittag (03.09.2019) gegen 11.30 Uhr in der Bahnhofstra\u00dfe  beim Vorbeifahren ein geparktes Fahrzeug streifte und ohne  Schadensregulierung einfach weiterfuhr. Zeugen notierten sich das  Kennzeichen und teilten es der Polizei mit. Die Polizei weist darauf  hin, dass Unfallflucht kein Kavaliersdelikt ist! Ein fl\u00fcchtiger  Unfallverursacher muss je nach Schadensh\u00f6he mit einer Geld- oder  Freiheitsstrafe bis zu 3 Jahren und evtl. mit einem F\u00fchrerscheinentzug  rechnen. Au\u00dferdem kann der Fl\u00fcchtige den Kaskoschutz seiner  Kfz-Versicherung verlieren und von seiner Versicherung an der  Begleichung des Fremdschadens beteiligt werden. Die Polizei r\u00e4t deshalb  jeden Unfall zu melden. <\/p>\n\n\n\n<h4 class=\"wp-block-heading\">(Edenkoben) &#8211; Sicherheitsabstand ist wichtig<\/h4>\n\n\n\n<p>Gleich drei Unf\u00e4lle ereigneten sich Dienstagmorgen, weil die Autofahrer  den vorgeschriebenen Sicherheitsabstand nicht einhielten. In der  Staatsstra\u00dfe passierte ein 21-j\u00e4hriger Autofahrer den Kreuzungsbereich,  musste allerdings sein Fahrzeug stark abbremsen. Hierbei ist ihm ein  65-j\u00e4hriger LKW-Fahrer ins Heck gefahren. Zeitgleich kam es auf der K 6  zwischen Edenkoben und Venningen zu einem weiteren Verkehrsunfall, weil  eine 55-j\u00e4hrige Autofahrerin im Kreuzungsbereich anhalten musste. Eine  20-j\u00e4hrige Autofahrerin \u00fcbersah den Anhaltevorgang und fuhr auf, wobei  ein Sachschaden von 2000 Euro entstand. Kurz vor 10 Uhr wollte eine  47-j\u00e4hrige Frau von der A65 an der Anschlussstelle Edenkoben nach rechts  auf die K6 in Richtung Edenkoben abbiegen. Sie musste verkehrsbedingt  abbremsen, wobei ihr ein nachfolgender 69-j\u00e4hriger Autofahrer auffuhr.  Ein Sicherheitsabstand mit dem Auto ist wichtig, um Unf\u00e4lle zu  vermeiden. Nur bei einem ausreichenden Abstand k\u00f6nnen Fahrer noch  rechtzeitig bremsen, wenn der vorausfahrende Wagen langsamer wird oder  pl\u00f6tzlich zum Stehen kommt. Wer auf Nummer sichergehen will, kann den  passenden Sicherheitsabstand leicht berechnen. Als Faustregel kann die  Formel &#8222;Abstand gleich halber Tacho&#8220; angewendet werden. <\/p>\n\n\n\n<h4 class=\"wp-block-heading\">(Maikammer) &#8211; Leute angep\u00f6belt<\/h4>\n\n\n\n<p>Mit 4,03 Promille hat Dienstagnachmittag (03.09.2019, 17 Uhr) in der  Bahnhofstra\u00dfe ein 42-j\u00e4hriger Mann aus Neustadt Kunden einer Tankstelle  auf unangenehme und aggressive Weise angesprochen, weshalb die Polizei  hinzugerufen wurde. Aufgrund seiner Alkoholisierung wurde er in ein  Krankenhaus gebracht. Zu strafbarem Verhalten seitens des Mannes kam es  nicht. <\/p>\n\n\n\n<h4 class=\"wp-block-heading\">(Neustadt) &#8211; Verkehrsunfall mit verletztem Radfahrer<\/h4>\n\n\n\n<p>Ein 87-j\u00e4hriger Radfahrer befuhr am 03.09.2019 gegen 16:30 Uhr den  Lehmgrubenweg in Mu\u00dfbach, um die L516 zwischen Mu\u00dfbach und Deidesheim zu  \u00fcberqueren. Hierbei \u00fcbersah er eine aus Mu\u00dfbach kommende 78-j\u00e4hrige  Autofahrerin, so dass es zum Zusammensto\u00df kam. Der Radfahrer erlitt  leichte Verletzungen am Arm und wurde \u00e4rztlich versorgt. Am Fahrrad  wurde nur das Vorderrad verbogen, am Pkw entstand Sachschaden an der  Sto\u00dfstange und an der Motorhaube von ca. 2000 Euro. <\/p>\n\n\n\n<h4 class=\"wp-block-heading\">(Lindenberg) &#8211; Verkehrsunfall durch Hornisse im Auto<\/h4>\n\n\n\n<p>Am 02.09.2019 kam es gegen 12:45 Uhr auf der B39 bei Lindenberg H\u00f6he  Parkplatz Nonnental zu einem Verkehrsunfall, da eine Hornisse in den  Fahrzeuginnenraum gelangte. Die 34-j\u00e4hrige Fahrerin erschrak und verlor  die Kontrolle \u00fcber ihr Fahrzeug, so dass sie nach rechts von der  Fahrbahn abkam. Sie und ihr zweij\u00e4hriger Sohn, der sich ebenfalls im  Auto befand, blieben unverletzt. Der Sachschaden betr\u00e4gt ca. 5000 Euro.  Die B39 musste kurzfristig zur Bergung des Fahrzeugs gesperrt werden. <\/p>\n\n\n\n<h4 class=\"wp-block-heading\">(Bad D\u00fcrkheim) &#8211; Ihre Polizei setzt auch 2019 w\u00e4hrend des Wurstmarktes Video\u00fcberwachung zur Sicherheit der Festbesuchenden ein<\/h4>\n\n\n\n<figure class=\"wp-block-image\"><img decoding=\"async\" loading=\"lazy\" width=\"800\" height=\"529\" src=\"https:\/\/speyer24news.com\/wp-content\/uploads\/2019\/09\/\u00dcberwachungskamera-@-ElasticComputeFarm.jpg\" alt=\"\" class=\"wp-image-18733\" srcset=\"https:\/\/speyer24news.com\/wp-content\/uploads\/2019\/09\/\u00dcberwachungskamera-@-ElasticComputeFarm.jpg 800w, https:\/\/speyer24news.com\/wp-content\/uploads\/2019\/09\/\u00dcberwachungskamera-@-ElasticComputeFarm-300x198.jpg 300w, https:\/\/speyer24news.com\/wp-content\/uploads\/2019\/09\/\u00dcberwachungskamera-@-ElasticComputeFarm-768x508.jpg 768w\" sizes=\"(max-width: 800px) 100vw, 800px\" \/><\/figure>\n\n\n\n<p>Durch Video\u00fcberwachung relvanter Bereiche, insbesondere an den  Eingangsm\u00f6glichkeiten, aber auch bei bekannten  Kriminalit\u00e4tsschwerpunkten, wird die Sicherheit der   Wurstmarktbesuchenden erh\u00f6ht. Die \u00dcberwachung findet an den Festtagen  auf und um das Wurstmarktgel\u00e4nde statt. Diese Technik dient der  Steuerung von Einsatzkr\u00e4ften, der Beseitigung von St\u00f6rungen der  \u00f6ffentlichen Sicherheit und Ordnung, der Verhinderung der Begehung von  Straftaten und deren Beweissicherung. Weiterhin k\u00f6nnen dadurch  Lagebilder erstellt werden und sie erm\u00f6glicht das Erkennen von Gefahren,  Massenbewegungen und \u00dcberf\u00fcllungen. <\/p>\n\n\n\n<div class=\"wp-block-image\"><figure class=\"aligncenter\"><img decoding=\"async\" loading=\"lazy\" width=\"800\" height=\"524\" src=\"https:\/\/speyer24news.com\/wp-content\/uploads\/2019\/09\/Video\u00fcberwachung.jpg\" alt=\"\" class=\"wp-image-18734\" srcset=\"https:\/\/speyer24news.com\/wp-content\/uploads\/2019\/09\/Video\u00fcberwachung.jpg 800w, https:\/\/speyer24news.com\/wp-content\/uploads\/2019\/09\/Video\u00fcberwachung-300x197.jpg 300w, https:\/\/speyer24news.com\/wp-content\/uploads\/2019\/09\/Video\u00fcberwachung-768x503.jpg 768w\" sizes=\"(max-width: 800px) 100vw, 800px\" \/><figcaption>So sieht die Beschilderung der \u00fcberwachten Bereiche aus.<\/figcaption><\/figure><\/div>\n\n\n\n<p>Letztendlich findet der Einsatz der  Video\u00fcberwachung positive Auswirkungungen auf die Leichtigkeit des  Stra\u00dfenverkehrs rund um den Wurstmarkt. Eine dem Datenschutz konforme  Beschilderung in den betroffenen Bereichen wurde erkennbar vorgenommen. <\/p>\n\n\n\n<h4 class=\"wp-block-heading\">(Altleiningen) &#8211; Bei Fahrerwechsel aufgefallen \/ kein F\u00fchrerschein<\/h4>\n\n\n\n<p>Einer Streife fiel in Altleiningen zun\u00e4chst ein langsam fahrender PKW  auf der Hauptstra\u00dfe Richtung Carlsberg auf, das Abblendlicht ging kurz  aus. Als die Beamten den PKW anhielten und kontrollierten, sa\u00df die  vorherige Fahrerin pl\u00f6tzlich auf dem Beifahrersitz &#8211; sie hatte keinen  F\u00fchrerschein. Gegen den 39-J\u00e4hrigen Halter und die 26-j\u00e4hrige Fahrerin  wird Anzeige erstattet. <\/p>\n\n\n\n<h4 class=\"wp-block-heading\">(Birkenheide) &#8211; Verkehrsunfall mit schwerverletztem Motorradfahrer<\/h4>\n\n\n\n<p>Am Dienstag, den 03.09.2019 gegen 18:30 Uhr kam es auf der L527  (Mannheimer Stra\u00dfe) in Birkenheide zu einem Verkehrsunfall zwischen  einem Motorradfahrer und einem PKW-Fahrer. Nach Zeugenangaben und  Spurenlagen befuhr der 70 j\u00e4hrige PKW-Fahrer die L527 von Maxdorf  kommend in Richtung  Bad D\u00fcrkheim. An der Einm\u00fcndung zur Bruchstra\u00dfe  \u00fcbersieht der PKW-Fahrer, vermutlich wegen der tiefstehenden Sonne den  24 j\u00e4hrigen Motorradfahrer, welcher die L527 in Richtung Maxdorf  bef\u00e4hrt. Hierbei zieht sich der Motorradfahrer mehrere Knochenbr\u00fcche zu  und wird zur Behandlung ins Krankenhaus verbracht. Beide Fahrzeuge  m\u00fcssen durch einen Abschleppdienst abgeschleppt werden. Der Sachschaden  wird auf ca. 10.000 EUR gesch\u00e4tzt. Gegen den PKW-Fahrer wurde ein  Strafverfahren wegen fahrl\u00e4ssiger K\u00f6rperverletzung er\u00f6ffnet. <\/p>\n\n\n\n<h4 class=\"wp-block-heading\">(Lambsheim) &#8211; Hinweis auf Stra\u00dfenverkehrsgef\u00e4hrdung<\/h4>\n\n\n\n<p>Durch eine Verkehrsteilnehmerin wird der Polizeiwache Maxdorf am  Mittwoch, den 04.09.2019 gegen 09:00 Uhr mitgeteilt, dass ein BMW mit  Karlsruher Kennzeichen auf der K2 zwischen Lambsheim und Maxdorf mehrere  PKW&#8217;s \u00fcberholt habe. Der Gegenverkehr sei hierdurch m\u00f6glicherweise auch  gef\u00e4hrdet worden. Das Fahrzeug sei mit \u00fcberh\u00f6hter Geschwindigkeit in  Richtung Maxdorf gefahren. Zeugen und Verkehrsteilnehmer, welche sich  durch das Verhalten des Fahrers gef\u00e4hrdet f\u00fchlten werden gebeten sich  mit der Polizeiwache Maxdorf in Verbindung zu setzen. <\/p>\n\n\n\n<p>Wer \nsachdienliche Hinweise zu dem genannten Fall geben kann, wird gebeten \nsich mit der Polizeiwache Maxdorf unter der Rufnummer 06237\/934-1100 in \nVerbindung zu setzen. Hinweise k\u00f6nnen auch per E-Mail unter <a href=\"mailto:pwmaxdorf@polizei.rlp.de\">pwmaxdorf@polizei.rlp.de<\/a> an die Polizei \u00fcbermittelt werden. <\/p>\n\n\n\n<h4 class=\"wp-block-heading\">(Dirmstein) &#8211; Dachstuhlbrand an Einfamilienhaus<\/h4>\n\n\n\n<p>Am Mittwoch, gegen 13:30 Uhr, wurde ein Dachstuhlbrand in Dirmstein gemeldet.  Die Bewohner, ein \u00e4lteres Ehepaar, konnten sich unverletzt in  Sicherheit bringen. Feuerwehren aus der VG Leiningerland und der Stadt  Gr\u00fcnstadt sind mit dem L\u00f6schen des Feuers besch\u00e4ftigt, da  zwischenzeitlich auch das 1. OG betroffen ist. \u00dcber die Brandursache und  die H\u00f6he des Schadens k\u00f6nnen derzeit noch keine Angaben gemacht werden.  Wir werden nach berichten. <\/p>\n\n\n\n<h4 class=\"wp-block-heading\">(Frankenthal) &#8211; Verkehrsunfallflucht I<\/h4>\n\n\n\n<p>Die Gesch\u00e4digte stellt ihren Pkw Mercedes-Benz CLK am 04.09.2019, in  der Zeit von 15.15 Uhr bis 15.20 Uhr, in der M\u00f6rscher Stra\u00dfe, H\u00f6he  Hausnummer 143, auf dem Parkplatz eines Supermarktes ab. Als sie wieder  zu ihrem Fahrzeug kommt, muss sie feststellen, dass dieses durch einen  bislang unbekannten Fahrzeugf\u00fchrer an der rechten hinteren Fahrzeugseite  besch\u00e4digt wurde. Der Schaden wird auf etwa 300 Euro gesch\u00e4tzt. <\/p>\n\n\n\n<p>Wer\n sachdienliche Hinweise zu dem genannten Fall geben kann, wird gebeten \nsich mit der Polizeiinspektion Frankenthal unter der Rufnummer \n06233\/313-0 oder der Polizeiwache Maxdorf unter der Rufnummer \n06237\/934-1100 in Verbindung zu setzen. Hinweise k\u00f6nnen auch per E-Mail \nunter <a href=\"mailto:pifrankenthal@polizei.rlp.de\">pifrankenthal@polizei.rlp.de<\/a> an die Polizei \u00fcbermittelt werden. <\/p>\n\n\n\n<h4 class=\"wp-block-heading\">(Frankenthal) &#8211; Verkehrsunfallflucht II<\/h4>\n\n\n\n<p>Die Gesch\u00e4digte stellt ihren Pkw GMC in der Zeit von 30.08.2019, 17.00  Uhr, bis 03.09.2019, 08.00 Uhr, in der Wormser Stra\u00dfe, H\u00f6he Hausnummer  86a, ab. Als sie wieder zu ihrem Fahrzeug kommt, muss sie feststellen,  dass dieses durch einen bislang unbekannten Fahrzeugf\u00fchrer an der linken  Fahrzeugseite besch\u00e4digt wurde. Der Schaden wird auf etwa 750 Euro  gesch\u00e4tzt. <\/p>\n\n\n\n<p>Wer sachdienliche Hinweise zu dem genannten Fall geben  kann, wird gebeten sich mit der Polizeiinspektion Frankenthal unter der  Rufnummer 06233\/313-0 oder der Polizeiwache Maxdorf unter der Rufnummer  06237\/934-1100 in Verbindung zu setzen. Hinweise k\u00f6nnen auch per E-Mail  unter <a href=\"mailto:pifrankenthal@polizei.rlp.de\">pifrankenthal@polizei.rlp.de<\/a> an die Polizei \u00fcbermittelt werden. <\/p>\n\n\n\n<h4 class=\"wp-block-heading\">(Ludwigshafen) &#8211; Verbandspokalspiel Ph\u00f6nix Schifferstadt gegen 1. FC Kaiserslautern im S\u00fcdweststadion<\/h4>\n\n\n\n<p>Im Rahmen der Partie am Mittwoch des Verbandspokalspiels Ph\u00f6nix  Schifferstadt gegen den 1. FC Kaiserslautern im S\u00fcdweststadion in  Ludwigshafen, kam es zu keinen besonderen Vorkommissen. Ein Fanzug von  ca. 120 FCK-Fans wurde mit starken Polizeikr\u00e4ften, vom Bahnhof Mitte  \u00fcber die Mundenheimer Stra\u00dfe zum Stadion und nach Spielende wieder  zur\u00fcck begleitet. Insgesamt verhielten sich die Fans von beiden  Mannschaften ruhig und unauff\u00e4llig. <\/p>\n\n\n\n<h4 class=\"wp-block-heading\">(Ludwigshafen) &#8211; Unfall zwischen Stra\u00dfenbahn und Auto<\/h4>\n\n\n\n<p>Am 04.09.2019 gegen 11:15 Uhr kam es in der Saarlandstra\u00dfe zu einem  Verkehrsunfall zwischen einer Stra\u00dfenbahn und einem Auto. Ein  55-j\u00e4hriger Autofahrer wollte zu diesem Zeitpunkt verbotswidrig in die  Pestalozzistra\u00dfe abbiegen. Trotz Notbremsung konnte die 46-j\u00e4hrige  Stra\u00dfenbahnfahrerin nicht mehr bremsen und erfasste das Auto. Der Wagen  wurde \u00fcber mehrere Meter mitgeschleift. <\/p>\n\n\n\n<p>Verletzt wurde nach derzeitigem Kenntnisstand niemand. Durch den Unfall entstand ein Sachschaden von etwa 30.000 Euro. <\/p>\n\n\n\n<p>W\u00e4hrend der Unfallaufnahme musste die Kreuzung bis etwa 12:30 Uhr gesperrt werden. <\/p>\n\n\n\n<h4 class=\"wp-block-heading\">(Ludwigshafen) &#8211; Handyortung f\u00fchrt zu Dieb<\/h4>\n\n\n\n<p>W\u00e4hrend ihres Einkaufs wurde am Dienstag, 03.09.2019, gg. 18.45 Uhr, in der  Hochfeldstra\u00dfe eine 55-J\u00e4hrige bestohlen. Zun\u00e4chst Unbekannter nutzte  einen Augenblick der Unaufmerksamkeit und entwendete eine schwarze  Handtasche. In dieser Tasche befand sich u.a. das Handy der Frau. \u00dcber  den Ortungsdienst des Herstellers konnte die Frau den Standort ihres  Telefons in der Maudacher Stra\u00dfe feststellen. Bei der sofortigen  \u00dcberpr\u00fcfung durch die Polizeibeamten konnte dort ein 59-j\u00e4hriger Mann  angetroffen werden, in dessen Rucksack dann tats\u00e4chlich das Telefon der  Frau klingelte. Die Tasche der Frau f\u00fchrte der 59-J\u00e4hrige ebenfalls mit.  Auf Vorhalt behauptete er, die Tasche auf dem Parkplatz des  Supermarktes gefunden zu haben. Der wohnsitzlose Mann war stark  alkoholisiert, ein Test ergab eine Atemluftalkoholkonzentration von 1,83  Promille. Nach Abschluss der polizeilichen Ma\u00dfnahmen wurde er von der  Dienststelle entlassen. Ein Ermittlungsverfahren wegen Diebstahls wurde  eingeleitet. <\/p>\n\n\n\n<h4 class=\"wp-block-heading\">(Ludwigshafen) &#8211; Alter Streit eskaliert<\/h4>\n\n\n\n<p>Ein seit l\u00e4ngerer Zeit anhaltender Streit soll Ausl\u00f6ser f\u00fcr eine  filmreife Szene Dienstagnachmittag im Feierabendverkehr gewesen sein.  Ein 39-J\u00e4hriger war am Dienstag mit seinem Auto auf der Yorckstra\u00dfe  unterwegs. Mit ihm im Wagen sa\u00df dessen 36-j\u00e4hriger Freund. An der  Kreuzung Yorckstra\u00dfe \/ Mundenheimer Stra\u00dfe musste er an der roten Ampel  halten. Zuf\u00e4lligerweise hielt hinter ihm sein Kontrahent, ein  45-j\u00e4hriger Ludwigshafener. Als dieser den vor ihm stehenden 39-J\u00e4hrigen  bemerkte, stieg er aus seinem Wagen aus und ging laut schreiend zu  diesem nach vorne. Gl\u00fccklicherweise schaltete die Ampel auf Gr\u00fcnlicht um  und der 39-J\u00e4hrige konnte seine Fahrt fortsetzen. Der 45-J\u00e4hrige sprang  auch in seinen Wagen und fuhr ihm hinterher. An der n\u00e4chsten Ampel  Yorckstra\u00dfe \/ Rheinallee musste beide aber wieder anhalten. Der  45-J\u00e4hrige nutzte dies, rannte zu dem 39-J\u00e4hrigen und schlug  unvermittelt mit F\u00e4usten auf diesen ein. Als der 39-J\u00e4hrige ausstieg, um  sich zu wehren, erhielt er einen Kopfsto\u00df und weitere Faustschl\u00e4ge.  Letztlich gelang es dem Beifahrer die Personen zu trennen und die  Polizei zu verst\u00e4ndigen. Die Gem\u00fcter beruhigten sich. Der 39-J\u00e4hrige  erlitt mehrere Verletzungen, u.a. eine Platzwunde an der Schl\u00e4fe. Er  musste zur Behandlung in ein Krankenhaus gebracht werden. Bei der  Kontrolle des 45-J\u00e4hrige wurde in seinem Auto ein Springmesser  aufgefunden. Er muss sich nun wegen K\u00f6rperverletzung und Versto\u00df gegen  das Waffengesetz verantworten. <\/p>\n\n\n\n<h4 class=\"wp-block-heading\">(Ludwigshafen) &#8211; Personenschaden und hoher Sachschaden bei Verkehrsunfall<\/h4>\n\n\n\n<p>  Ein leichter Personenschaden und ein Sachschaden in H\u00f6he von rund  13.000EUR war die Folge eines Verkehrsunfalls am Dienstagmittag,  03.09.2019, 11.50 Uhr an der Kreuzung Leininger Stra\u00dfe \/ K\u00f6nigsbacher  Stra\u00dfe. Ein 60-j\u00e4hriger Opel-Fahrer befuhr die K\u00f6nigsbacher Stra\u00dfe und  wollte nach links in die Leininger Stra\u00dfe abbiegen. Trotz R\u00fcckstau im  Kreuzungsbereich fuhr er bei Gr\u00fcnlicht in die Kreuzung ein. Dort musste  er warten, bis der Kreuzungsbereich frei war. Ohne auf den querenden  Verkehr zu achten, setzte er seine Fahrt fort und bog nach links ab. Auf  der Leininger Stra\u00dfe befand sich zu diesem Zeitpunkt ein 53-j\u00e4hriger  Fiat-Fahrer. Dieser war bei Gr\u00fcnlicht in die Kreuzung eingefahren. Es  kam zum Zusammensto\u00df der Autos. An diesen entstand hoher Sachschaden,  Gesamtschadensh\u00f6he rund 13.000EUR. Im Wagen des 53-J\u00e4hrigen l\u00f6ste der  Airbag aus. Dadurch verletzte sich dieser leicht an den Rippen. <\/p>\n\n\n\n<h4 class=\"wp-block-heading\">(Ludwigshafen) &#8211; In Bekleidungsgesch\u00e4ft eingebrochen<\/h4>\n\n\n\n<p>In der Prinzregentenstra\u00dfe versuchten zwischen dem 02.09.2019 (19:00  Uhr) und dem 03.09.2019 (10:00 Uhr) bislang Unbekannte in ein  Bekleidungsgesch\u00e4ft einzudringen. Es gelang den T\u00e4tern nicht, die T\u00fcr  des Ladens aufzuhebeln. <\/p>\n\n\n\n<p>Zeugen, die den Vorfall beobachtet haben,  werden gebeten, sich bei der Polizeiinspektion Ludwigshafen 2  unter  der Telefonnummer 0621 963-2222 oder per E-Mail <a href=\"mailto:piludwigshafen2@polizei.rlp.de\">piludwigshafen2@polizei.rlp.de<\/a> zu melden. <\/p>\n\n\n\n<h4 class=\"wp-block-heading\">(Ludwigshafen) &#8211; Werkzeug gestohlen<\/h4>\n\n\n\n<p>Unbekannte schlugen zwischen Montag (02.09.2019, 17:30 Uhr) und  Dienstag (03.09.2019, 7 Uhr) am Carl-Wurster-Platz die Scheibe eines  Autos ein. Im Anschluss erbeuteten sie Werkzeug im Wert eines mittleren  vierstelligen Betrags aus dem Fahrzeug. <\/p>\n\n\n\n<p>Sachdienliche Hinweise nimmt die Kriminalpolizei Ludwigshafen unter der Telefonnummer 0621\/963-2773 oder per Email <a href=\"mailto:kiludwigshafen@polizei.rlp.de\">kiludwigshafen@polizei.rlp.de<\/a> entgegen. <\/p>\n\n\n\n<h4 class=\"wp-block-heading\">(Ludwigshafen) &#8211; Motorhaube besch\u00e4digt<\/h4>\n\n\n\n<p>Den Buchstaben &#8222;K&#8220; kratzten Unbekannte in der Nacht von Montag auf  Dienstag auf die Motorhaube eines Ford Fiesta. Die Eigent\u00fcmerin stellte  den Wagen am Montagabend, um 20 Uhr in der Mundenheimer Stra\u00dfe ab. Als  sie am n\u00e4chsten Morgen, um 5.30 Uhr, zu ihrem Wagen kam, war die Luft  aus dem vorderen rechten Reifen herausgelassen und das K eingeritzt.  Sachdienliche Hinweise bitte an die Polizeiinspektion Ludwigshafen 1,  Telefonnummer 0621 963-2122 oder per e-Mail <a href=\"mailto:piludwigshafen1@polizei.rlp.de\">piludwigshafen1@polizei.rlp.de<\/a> . <\/p>\n\n\n\n<h4 class=\"wp-block-heading\">(Mannheim) &#8211; Lkw-Brand sorgt f\u00fcr Vollsperrung \/ Schaden ca. 5.000 Euro &#8211; keine Verletzten<\/h4>\n\n\n\n<p>Nach einem Lkw-Brand am Dienstag um 17.23 Uhr in der Magdeburger  Stra\u00dfe\/H\u00f6he B 38 musste die Abfahrt zur B 38 sowie die Auffahrt von der B  38 zur Magdeburger Stra\u00dfe voll gesperrt werden. Nach den bisherigen  Ermittlungen war es zu einem Kurzschluss gekommen, wodurch der Motorraum  Feuer fing. Der Fahrer rief die Feuerwehr und konnte den Brand zun\u00e4chst  mit einem Feuerl\u00f6scher eind\u00e4mmen. Die Feuerwehr l\u00f6schte den Brand  vollst\u00e4ndig und klemmte die Batterie im Anschluss ab. Durch auslaufende  Betriebsstoffe wurden die Fahrbahnen verschmutzt, weshalb die Stra\u00dfe bis  19 Uhr voll gesperrt werden musste. Dann konnte ein Fahrstreifen  freigegeben werden. Nach Beendigung der Reinigungs- und  Bergungsma\u00dfnahmen konnten die Verkehrssperrungen gegen 19.30 Uhr wieder  zur\u00fcck genommen werden. Der Verkehr wurde durch die Polizei geregelt.  Der Sachschaden an dem Lkw bel\u00e4uft sich auf ca. 5.000 Euro. <\/p>\n\n\n\n<h4 class=\"wp-block-heading\">(Mannheim-Sch\u00f6nau) &#8211; Fahrraddiebst\u00e4hle in der Rastenburger Stra\u00dfe; wer hat Verd\u00e4chtiges bemerkt?Zwei bislang unbekannte Fahrraddiebe fielen am sp\u00e4ten Dienstagabend einer Zeugin im Stadtteil Sch\u00f6nau auf. <\/h4>\n\n\n\n<p>Die\n Frau bemerkte gegen 23:30 Uhr zwei verd\u00e4chtige Gestalten, die \nmindestens zwei in der Rastenburger Stra\u00dfe aufgestellte Fahrradcontainer\n aufbrachen und die darin abgestellten Zweir\u00e4der entwendeten. Die \nPolizei stellte im Rahmen des anschlie\u00dfenden Einsatzes in den \nFahrradgaragen zwei aufgebrochene und zur\u00fcckgelassene Fahrradschl\u00f6sser \nfest. Die T\u00e4ter hatten samt ihrer Beute zwischenzeitlich die Flucht \nergriffen. <\/p>\n\n\n\n<p>Am fr\u00fchen Mittwochmorgen, kurz vor 04:00 Uhr bemerkte \ndie gleiche Zeugin die beiden Unbekannten erneut; dieses Mal in der \nTilisiter Stra\u00dfe beim Versuch einen Baucontainer aufzubrechen. Mehrere \nFunkstreifen machten sich auf den Weg und entdeckten bei der \nDurchsuchung im Keller eines in Sanierung befindlichen Geb\u00e4udes die \nzuvor gestohlenen Drahtesel. Ein in dem Geb\u00e4ude \u00fcbernachtender \nWohnsitzloser vernahm Ger\u00e4usche und sah die beiden T\u00e4ter noch in \nRichtung Kleing\u00e4rten davonrennen. Er erg\u00e4nzte die bereits existierende \nPersonenbeschreibung: <\/p>\n\n\n\n<p><strong>Erster T\u00e4ter: <\/strong><\/p>\n\n\n\n<ul><li>Ca. 25 Jahre alt<\/li><li>180cm gro\u00df,<\/li><li>seitlich abrasiertes Haar, in der Mitte zum Zopf gebunden<\/li><li>schmale  Statur<\/li><li>bekleidet mit schwarzem T-Shirt und schwarzer Hose <\/li><\/ul>\n\n\n\n<p><strong>Zweiter T\u00e4ter: <\/strong><\/p>\n\n\n\n<ul><li>Kr\u00e4ftige Statur<\/li><li>trug neongelbe Turnschuhe <\/li><\/ul>\n\n\n\n<p>Zeugen,  welchen die in Richtung Kleingartenanlage fl\u00fcchtenden T\u00e4ter auffielen,  oder die ebenfalls die beiden geschilderten Taten beobachten konnten,  werden gebeten, das Revier in Mannheim-Sandhofen unter 0621\/77769-0  anzurufen. <\/p>\n\n\n\n<h4 class=\"wp-block-heading\">(Heidelberg) &#8211; Unfall zwischen Stra\u00dfenbahn und Auto, eine Person eingeklemmt<\/h4>\n\n\n\n<h4 class=\"wp-block-heading\" style=\"text-align:center\">Pressemitteilung Nr.1<\/h4>\n\n\n\n<p>Kurz vor 8 Uhr kam es am Donnerstagmorgen in der Bergheimer Stra\u00dfe,  H\u00f6he &#8222;Altes Hallenbad&#8220; zu einem Verkehrsunfall zwischen einer  Stra\u00dfenbahn und einem Auto. Dabei wurde der Autofahrer in seinem  Fahrzeug eingeklemmt. <\/p>\n\n\n\n<p>Weitere Einzelheiten zum Unfallhergang, der\n Schwere der Verletzungen des eingeklemmten Autofahrers sowie des \nSachschadens sind noch nicht bekannt. <\/p>\n\n\n\n<p>Der Linienverkehr in der Bergheimer Stra\u00dfe ist derzeit blockiert. <\/p>\n\n\n\n<h4 class=\"wp-block-heading\">(Heidelberg-Bergheim) &#8211; Smart durchbricht Parkhausschranke \/ Totalschaden!<\/h4>\n\n\n\n<p>Gl\u00fcck hatte ein 62-j\u00e4hriger Smart-Fahrer aus Wilhelmsfeld, als er in  der Poststra\u00dfe beim Einfahren in ein dortiges Parkhaus die Parkschranke  durchbrach und sein Fahrzeug auf einen gro\u00dfen Stein aufsetzte. Als er  sich zur Ticketentnahme bei ge\u00f6ffneter T\u00fcr aus dem Smart beugte, kam er  wohl versehentlich auf das Gaspedal und das Ungl\u00fcck nahm seinen Lauf.  Der Fahrer blieb unverletzt, sein Fahrzeug wurde jedoch so stark  besch\u00e4digt, das von einem Totalschaden ausgegangen wird. Da bei der  Fahrzeugbergung Betriebsstoffe ausliefen kam auch die Berufsfeuerwehr  Heidelberg vor Ort, um diese Stoffe aufzunehmen. <\/p>\n\n\n\n<h4 class=\"wp-block-heading\">(Heidelberg-Rohrbach) &#8211; Feuerwehreinsatz wegen Brand im Wald, Zeugenhinweise erbeten!<\/h4>\n\n\n\n<p>Ein brennender Laubhaufen wurde Polizei und Feuerwehr am  Dienstagnachmittag, gegen 15:35 Uhr im Bereich  Panoramastra\u00dfe\/Winzerstra\u00dfe gemeldet. <\/p>\n\n\n\n<p>Die Berufsfeuerwehr \nHeidelberg hatte die Flammen schnell erstickt und konnte wieder \nabr\u00fccken. Etwa 60 Minuten sp\u00e4ter kam es an gleicher Stelle allerdings zu\n einem erneuten Einsatz. Beim Abl\u00f6schen des etwa 20 qm gro\u00dfen Brandorts \nfanden die Wehrleute Teile eines h\u00f6chstwahrscheinlich selbst \nhergestellten B\u00f6llers. <\/p>\n\n\n\n<p>Mittlerweile hat der Brandermittler des  Polizeireviers Heidelberg-S\u00fcd seine Arbeit aufgenommen. Hinweisgeber die  am Dienstagnachmittag im Bereich der &#8222;Himmelsleiter&#8220; Verd\u00e4chtiges  bemerkt haben oder gar mit B\u00f6llern hantierende Personen sahen, k\u00f6nnen  das Polizeirevier Heidelberg-S\u00fcd unter 06221\/3418-0 erreichen. Zudem  weist die Polizei darauf hin, dass aufgrund der geringen Niederschl\u00e4ge  in den zur\u00fcckliegenden Wochen mit einer erh\u00f6hten Waldbrandgefahr zu  rechnen ist und jegliches offene Feuer vermieden werden sollte. <\/p>\n\n\n\n<h4 class=\"wp-block-heading\">(Heidelberg-Kirchheim) &#8211; Aggressiver Ladendieb leistet Widerstand<\/h4>\n\n\n\n<p>Ein aggressiver Ladendieb wurde der Heidelberger Polizei in einem Einkaufsmarkt in der Pleikartsf\u00f6rster Stra\u00dfe gemeldet. <\/p>\n\n\n\n<p>Als\n die Beamten kurz vor 18:00 Uhr am Ereignisort ankamen, trafen sie zwar \nnicht mehr auf den gemeldeten Ladendieb, wohl aber auf einen Landsmann \ndesselben und zwei Bedienstete des Gesch\u00e4fts. Die beiden Mitarbeiter \ngaben gegen\u00fcber der Polizei an, dass es sich bei dem Angetroffenen um \neinen Begleiter des eigentlichen Ladendiebs handle und dass dieser ihnen\n gegen\u00fcber aggressiv und beleidigend geworden sein soll. <\/p>\n\n\n\n<p>Da der  bis dahin Unbekannte auch gegen\u00fcber der Polizei seine Aggressivit\u00e4t  nicht ablegte, wurde er vor den Lebensmittelmarkt gef\u00fchrt. Dort wurde er  renitent, leistete Widerstand, spuckte um sich und wurde beleidigend.  Die Funkstreife nahm den 34-j\u00e4hrigen Georgier mit zum Revier, wo er nach  Abschluss der polizeilichen Ma\u00dfnahmen entlassen wurde. <\/p>\n\n\n\n<h4 class=\"wp-block-heading\">(Oftersheim \/ Rhein-Neckar-Kreis) &#8211; Defekter Turbolader l\u00f6st Feuerwehreinsatz aus<\/h4>\n\n\n\n<p>Am Mittwochabend gegen 21.00 Uhr musste die Freiwillige Feuerwehr nach  Oftersheim in die Alfred-Delp-Stra\u00dfe ausr\u00fccken, nachdem es dort zu einer  erheblichen Rauchentwicklung gekommen war. Vor Ort stellte sich heraus,  dass nach einer offensichtlich misslungenen Fahrzeugreparatur das  Fahrzeug beim Anlassen des Motors die komplette Umgebung eingenebelt  hatte. Eine Wohnung war so stark betroffen, dass sie von der Feuerwehr  bel\u00fcftet werden musste, bevor die Bewohner wieder zur\u00fcck konnten. Dem  Halter wird jetzt auferlegt, sein Fahrzeug fachgerecht reparieren zu  lassen.<\/p>\n\n\n\n<h4 class=\"wp-block-heading\">(Wiesloch \/ Rhein-Neckar-Kreis) &#8211; Pedelec-Fahrerin kommt alleinbeteiligt zu Fall \/ Einlieferung ins Krankenhaus<\/h4>\n\n\n\n<p>Eine Streifenwagenbesatzung kam w\u00e4hrend einer Einsatzfahrt am Dienstag,  gegen 11:15 Uhr, in der Gerbersruhstra\u00dfe zu einer gest\u00fcrzten  Radfahrerin. Neben zwei Personen, die gerade der Frau aufhalfen, eilten  ihr auch die Beamten zu Hilfe. Es stellte sich heraus, dass die  78-j\u00e4hrige Frau zuvor auf ihr E-Bike aufsteigen und losfahren wollte,  sich dabei aber wohl der Lenker verdreht hatte. Die Frau war zu Boden  gest\u00fcrzt und zog sich dabei Verletzungen im H\u00fcftbereich zu. Sie musste  mit einem Rettungswagen in ein Krankenhaus gebracht werden. <\/p>\n\n\n\n<h4 class=\"wp-block-heading\">(Wiesloch \/ Rhein-Neckar-Kreis) &#8211; Unklarer Unfallhergang, Zeugen gesucht!<\/h4>\n\n\n\n<p>Ein Verkehrsunfall unter Beteiligung eines Pkws und eines Motorrads  ereignete sich am sp\u00e4ten Montagnachmittag, gegen 16:35 Uhr  im Bereich  der Zufahrt zum PZN. <\/p>\n\n\n\n<p>Sowohl der Fahrer des beteiligten Audi Q 7 \nals auch der Fahrer des Yamaha-Leichtkraftrades beschuldigen sich \ngegenseitig, den Unfall verursacht zu haben. <\/p>\n\n\n\n<p>Bislang steht \nlediglich fest, dass beide die Heidelberger Stra\u00dfe, Richtung Ortsmitte \nbefuhren, um dann nach links in die westliche Zufahrt zum PZN \nabzubiegen. Dabei kam es zur Kollision der beiden Fahrzeuge, bei welcher\n geringer Sachschaden entstand. <\/p>\n\n\n\n<p>W\u00e4hrend der Audi-Fahrer \nmitteilte, er habe sich auf der Abbiegespur befunden, behauptete dessen \nUnfallgegner, er sei auf dem Abbiegestreifen gefahren und der Audi auf \nder Geradeausspur. Unvermittelt sei der Audi dann nach links abgebogen \nund sei dann mit dem motorisierten Zweirad zusammengeprallt. <\/p>\n\n\n\n<p>Zeugen des Unfalls werden gebeten, die ermittelnden Beamten beim Polizeirevier Wiesloch unter 06202\/5709-0 anzurufen. <\/p>\n\n\n\n<h4 class=\"wp-block-heading\">(Wiesloch-Rauenberg \/ B 39 \/ <br>AS Wiesloch-Rauenberg \/ Rhein-Neckar-Kreis) &#8211; Vier leicht Verletzte bei Auffahrunfall<\/h4>\n\n\n\n<p>Bei einem Auffahrunfall auf der B 39 bei Rauenberg wurden am  Mittwochabend gegen 21.00 Uhr vier Personen leicht verletzt. Der Fahrer  eines mit drei Personen Pkw Dacia war einem VW-Polo kurz vor der AS  Wiesloch-Rauenberg nach einem abgebrochenen Fahrstreifenwechsel  aufgefahren.  Hierbei wurden beide Fahrer sowie zwei Insassen im Pkw  Dacia verletzt. Beide Fahrer wurden in Krankenh\u00e4user eingeliefert. Der  Schaden wird auf ca. 20.000 Euro gesch\u00e4tzt. Die B 39 war bis gegen 22.00  Uhr nur einspurig befahrbar. <\/p>\n\n\n\n<h4 class=\"wp-block-heading\">(Sinsheim \/ Rhein-Neckar-Kreis) &#8211; Alkoholisierter Autofahrer \u00fcbersieht Fahrradfahrer beim \u00dcberholen<\/h4>\n\n\n\n<p>Am Mittwochabend, gegen 20.50 Uhr, streifte ein 42-j\u00e4hriger Pkw-Fahrer  auf der Hoffenheimer Stra\u00dfe (K 4176), H\u00f6he Balzfelder Weg, mit seinem  Kastenwagen beim \u00dcberholen einen Fahrradfahrer, der in gleicher Richtung  unterwegs war, so dass dieser st\u00fcrzte und sich verletzte. Er wurde mit  Sch\u00fcrfungen und Prellungen in ein Krankenhaus eingeliefert. Da der  Pkw-Fahrer unter Alkoholeinwirkung stand, wurde eine Blutentnahme  angeordnet und sein F\u00fchrerschein einbehalten. <\/p>\n\n\n\n<h4 class=\"wp-block-heading\">(Reichartshausen \/ Rhein-Neckar-Kreis) &#8211; VW auf Parkplatz &#8222;Am alten Sportplatz&#8220; aufgebrochen \/ Wer hat Verd\u00e4chtiges beobachtet?<\/h4>\n\n\n\n<p>Ein bislang unbekannter T\u00e4ter zerst\u00f6rte am Mittwoch, zwischen 8:30 Uhr  und 9:10 Uhr, die Beifahrerscheibe eines VW Tiguan, der auf dem  Parkplatz &#8222;Am alten Sportplatz&#8220; an der L532 geparkt war. Aus dem  Fahrzeug entwendete er eine Wickeltasche mit pers\u00f6nlichen Gegenst\u00e4nden  und eine Handtasche, in der sich eine Geldb\u00f6rse mit Bargeld und  Dokumenten befand. Der Wert des Diebesguts wird auf mehrere hundert Euro  gesch\u00e4tzt. <\/p>\n\n\n\n<p>Zeugen, die verd\u00e4chtige Beobachtungen gemacht haben,  werden gebeten, sich mit dem Polizeiposten Waibstadt unter Tel.:  07263\/910673 oder dem Polizeirevier Sinsheim unter Tel.: 07261\/690-0 in  Verbindung zu setzen. <\/p>\n\n\n\n<h4 class=\"wp-block-heading\">(Eppelheim \/ Rhein-Neckar-Kreis) &#8211; Raub auf Tankstelle \/ 25-j\u00e4hriger Tatverd\u00e4chtiger festgenommen<\/h4>\n\n\n\n<figure class=\"wp-block-image\"><img decoding=\"async\" src=\"https:\/\/speyer24news.com\/wp-content\/uploads\/2019\/09\/Festnahme.jpg\" alt=\"\" class=\"wp-image-18735\"\/><\/figure>\n\n\n\n<p>Nach einem Raub auf eine Tankstelle in der Handelsstra\u00dfe am Mittwoch  kurz vor 11 Uhr wurde ein 25-j\u00e4hriger Tatverd\u00e4chtiger festgenommen. Nach  den bisherigen Erkenntnissen hatte der Tatverd\u00e4chtige, bewaffnet mit  einem Holzkn\u00fcppel, eine Angestellte bedroht und die Herausgabe von  Bargeld gefordert. Anschlie\u00dfend fl\u00fcchtete er mit der Beute zu seinem in  der N\u00e4he geparkten Auto. Ein beherzter Zeuge, der auf die Tat aufmerksam  wurde, zog den jungen Mann aus dem Auto und hielt ihn bis zum  Eintreffen der zwischenzeitlich verst\u00e4ndigten Polizei fest. Bei der  Festnahme verletzte sich der Tatverd\u00e4chtige an der Hand, er wurde zur  Behandlung in eine Klink nach Heidelberg eingeliefert. Das Auto des  25-J\u00e4hrigen wurde abgeschleppt und sichergestellt. Die Kriminaltechniker  \u00fcbernahmen die Spurensicherung. Die weiteren Ermittlungen f\u00fchrt das  Raubdezernat der Kriminalpolizeidirektion Heidelberg. <\/p>\n\n\n\n<h4 class=\"wp-block-heading\">(Eppelheim \/ Rhein-Neckar-Kreis) &#8211; Verkehrsunfall unter Alkoholeinfluss und ohne F\u00fchrerschein<\/h4>\n\n\n\n<p>Am Mittwochmorgen gegen 00.50 Uhr meldete ein Anwohner der Hauptstra\u00dfe  einen lauten Knall und vermutete einen Verkehrsunfall. Vor Ort konnten  stellten die Beamten fest, dass die gesamte Stra\u00dfe von Fahrzeugteilen  \u00fcbers\u00e4ht war. Au\u00dferdem lag eine Verkehrsampel in mehreren Teilen am  Boden. Ein paar Meter weiter stand der 34-j\u00e4hriger Fahrer an einem stark  besch\u00e4digten KIA. Der  Fahrer war alkoholisiert und nicht im Besitz  einer g\u00fcltigen Fahrerlaubnis.  Er wurde durch den Unfall leicht verletzt  und ambulant  behandelt. Es entstand ein gesch\u00e4tzter Gesamtschaden von  5000 Euro. Den Fahrer erwartet eine Anzeige wegen Fahren ohne  Fahrerlaubnis und Fahren unter Alkoholeinfluss mit Unfallverursachung.  Die weiteren Ermittlungen werden durch das Polizeirevier  Heidelberg-Mitte gef\u00fchrt. <\/p>\n\n\n\n<h4 class=\"wp-block-heading\">(Hemsbach \/ Rhein-Neckar-Kreis) &#8211; An Kreuzung Vorfahrt missachtet \/ Eine Verletzte<\/h4>\n\n\n\n<p>Eine 80-j\u00e4hrige Peugeot-Fahrerin wurde am Dienstagvormittag bei einem  Verkehrsunfall an der Kreuzung Beethovenstra\u00dfe\/B3 leicht verletzt. Die  Autofahrerin war gegen 10:30 Uhr mit ihrem Peugeot auf der B3 in  Richtung Weinheim unterwegs. An der Einm\u00fcndung nahm ihr ein 83-j\u00e4hriger  VW-Fahrer, der von der Beethovenstra\u00dfe in den Einm\u00fcndungsbereich  eingefahren war, die Vorfahrt. Es kam zum Zusammensto\u00df der beiden, wobei  sich die Peugeot-Fahrerin leichte Verletzungen zuzog. Eine \u00e4rztliche  Behandlung vor Ort war jedoch nicht notwendig. Die beiden PKW wurden  besch\u00e4digt. Der entstandene Sachschaden wird auf ca. 8.000 Euro  gesch\u00e4tzt. <\/p>\n\n\n\n<h4 class=\"wp-block-heading\">(Weinheim \/ Rhein-Neckar-Kreis) &#8211; Brand einer Gartenh\u00fctte, Ursache unklar; Bahnstrecke  Weinheim Richtung Darmstadt rund eine Stunde in beiden Richtungen  gesperrt<\/h4>\n\n\n\n<p>Am Mittwochnachmittag, gegen 14.45 Uhr, geriet eine Gartenh\u00fctte,  zwischen Weinheim und Sulzbach, am Rande der K 4229 aus bislang  unbekannten Gr\u00fcnden in Brand. Durch die starke Rauchentwicklung musste  der Bahnverkehr zwischen Weinheim und Darmstadt in beide Richtungen  gesperrt werden. Die Weinheimer Feuerwehr l\u00f6schte das Feuer, sodass der  Bahnverkehr kurz nach 16 Uhr wieder freigegeben wurde. Erkenntnisse zur  H\u00f6he des Sachschadens liegen noch nicht vor. Die Ermittlungen des  Polizeireviers Weinheim dauern an. <\/p>\n\n\n\n<h4 class=\"wp-block-heading\">(Weinheim \/ Rhein-Neckar-Kreis) &#8211; Laute Schreie in Wald \/ Hubschrauber im Einsatz<\/h4>\n\n\n\n<p>Durch eine Anruferin wurde die Weinheimer Polizei auf laute Schreie aus  dem Wald, in der N\u00e4he der Burgruine Windeck aufmerksam gemacht.  Insgesamt 6 Beamte, darunter die Hundestaffel aus Mannheim, begaben sich  auf die Suche. Die Schreie, welche wie menschliche Hilfeschreie  klangen, konnten auch nach intensiver zweist\u00fcndiger Suche nicht genau  lokalisiert, aber fortw\u00e4hrend wahrgenommen werden. Man ging von einer  Person in hilfloser Lage aus. Da das eingegrenzte Gebiet sehr unwegsam  und aufgrund der vielen Z\u00e4une und dortigen Schreberg\u00e4rten f\u00fcr die  Beamten schlecht begehbar war, wurde der Polizeihubschrauber zur  Mitsuche angefordert. Dieser stellte tats\u00e4chlich mit Hilfe der  W\u00e4rmebildkamera Bewegungen im Wald fest und lotste die Beamten am Boden  zur \u00d6rtlichkeit. Dort angekommen, stellten sie fest, dass es sich bei  den schmerzerf\u00fcllten Schreien um eine Ziege handelt, welche sich in dem  Zaun des Geheges verfangen hatte. Die Befreiung der Ziege gestaltete  sich nochmals schwierig, da die restliche Herde inklusive des  Ziegenbockes versuchte, die verletzte Ziege zu besch\u00fctzen und auf die  Beamten losging. Nur mit trickreichen Ablenkungsman\u00f6vern gelang es den  Polizisten schlie\u00dflich, die Ziege zu befreien, die danach einen  unverletzten und gl\u00fccklichen Eindruck machte. <\/p>\n","protected":false},"excerpt":{"rendered":"<div class=\"mh-excerpt\"><p>Polizeimeldungen vom Mittwoch (04.09.2019) (Speyer) &#8211; Versuchter Aufbruch eines Zigarettenautomaten Am Mittwoch gegen 00:46 Uhr konnte ein Anwohner der Johann-Sebastian-Bach-Stra\u00dfe von seinem Fenster aus beobachten, wie zwei m\u00e4nnliche Personen im Alter von ca. 20 Jahren <a class=\"mh-excerpt-more\" href=\"https:\/\/speyer24news.com\/?p=18730\" title=\"Polizei:\">[&#8230;]<\/a><\/p>\n<\/div>","protected":false},"author":3,"featured_media":0,"comment_status":"open","ping_status":"open","sticky":false,"template":"","format":"standard","meta":{"_monsterinsights_skip_tracking":false,"_monsterinsights_sitenote_active":false,"_monsterinsights_sitenote_note":"","_monsterinsights_sitenote_category":0,"footnotes":""},"categories":[12],"tags":[61,2555,63,105,53,102,213,55,103,106,2803,427,62,104,979,1565],"aioseo_notices":[],"amp_enabled":true,"_links":{"self":[{"href":"https:\/\/speyer24news.com\/index.php?rest_route=\/wp\/v2\/posts\/18730"}],"collection":[{"href":"https:\/\/speyer24news.com\/index.php?rest_route=\/wp\/v2\/posts"}],"about":[{"href":"https:\/\/speyer24news.com\/index.php?rest_route=\/wp\/v2\/types\/post"}],"author":[{"embeddable":true,"href":"https:\/\/speyer24news.com\/index.php?rest_route=\/wp\/v2\/users\/3"}],"replies":[{"embeddable":true,"href":"https:\/\/speyer24news.com\/index.php?rest_route=%2Fwp%2Fv2%2Fcomments&post=18730"}],"version-history":[{"count":1,"href":"https:\/\/speyer24news.com\/index.php?rest_route=\/wp\/v2\/posts\/18730\/revisions"}],"predecessor-version":[{"id":18736,"href":"https:\/\/speyer24news.com\/index.php?rest_route=\/wp\/v2\/posts\/18730\/revisions\/18736"}],"wp:attachment":[{"href":"https:\/\/speyer24news.com\/index.php?rest_route=%2Fwp%2Fv2%2Fmedia&parent=18730"}],"wp:term":[{"taxonomy":"category","embeddable":true,"href":"https:\/\/speyer24news.com\/index.php?rest_route=%2Fwp%2Fv2%2Fcategories&post=18730"},{"taxonomy":"post_tag","embeddable":true,"href":"https:\/\/speyer24news.com\/index.php?rest_route=%2Fwp%2Fv2%2Ftags&post=18730"}],"curies":[{"name":"wp","href":"https:\/\/api.w.org\/{rel}","templated":true}]}}