{"id":18737,"date":"2019-09-05T08:36:10","date_gmt":"2019-09-05T07:36:10","guid":{"rendered":"https:\/\/speyer24news.com\/?p=18737"},"modified":"2019-09-05T08:36:11","modified_gmt":"2019-09-05T07:36:11","slug":"feuerwehr-3","status":"publish","type":"post","link":"https:\/\/speyer24news.com\/?p=18737","title":{"rendered":"Feuerwehr:"},"content":{"rendered":"<style type=\"text\/css\">\r\n\t.ads_top_disp{}\r\n\t.ads_top_corner_disp{ float:left; margin:0px 10px 10px 0px; }\r\n\t.ads_first_p_disp{}\r\n\t.ads_bottom_disp{}\r\n\t<\/style>\n<h2 class=\"wp-block-heading\">Dehnfugenbrand in der Aufnahmeeinrichtung f\u00fcr Asylbegehrende (AfA) \/ Keine Verletzten<\/h2>\n\n\n\n<div class=\"wp-block-image\"><figure class=\"aligncenter\"><img decoding=\"async\" loading=\"lazy\" width=\"800\" height=\"533\" src=\"https:\/\/speyer24news.com\/wp-content\/uploads\/2019\/09\/DSC02682.jpg\" alt=\"\" class=\"wp-image-18738\" srcset=\"https:\/\/speyer24news.com\/wp-content\/uploads\/2019\/09\/DSC02682.jpg 800w, https:\/\/speyer24news.com\/wp-content\/uploads\/2019\/09\/DSC02682-300x200.jpg 300w, https:\/\/speyer24news.com\/wp-content\/uploads\/2019\/09\/DSC02682-768x512.jpg 768w\" sizes=\"(max-width: 800px) 100vw, 800px\" \/><\/figure><\/div>\n\n\n\n<p><strong>Speyer \/ AfA &#8211; <\/strong>Am 04.09.2019 wurde die Feuerwehr Speyer um 17:59 Uhr zu einer Rauchentwicklung in der Aufnahmeeinrichtung f\u00fcr Asylbegehrende in die Spaldingerstra\u00dfe gerufen. Vor Ort stellte die Mannschaft eine leichte Rauchentwicklung im Kantinengeb\u00e4ude fest. <\/p>\n\n\n\n<p>Die Rauchentwicklung kam durch einen Brand in der Zwischendecke und hier speziell in der Dehnfuge (Trennung zwischen zwei Geb\u00e4udeteilen, die isoliert ist). Diese Isolation geriet durch noch unbekannte Ursache in Brand.<\/p>\n\n\n\n<div class=\"wp-block-image\"><figure class=\"aligncenter\"><img decoding=\"async\" loading=\"lazy\" width=\"800\" height=\"533\" src=\"https:\/\/speyer24news.com\/wp-content\/uploads\/2019\/09\/DSC02680.jpg\" alt=\"\" class=\"wp-image-18739\" srcset=\"https:\/\/speyer24news.com\/wp-content\/uploads\/2019\/09\/DSC02680.jpg 800w, https:\/\/speyer24news.com\/wp-content\/uploads\/2019\/09\/DSC02680-300x200.jpg 300w, https:\/\/speyer24news.com\/wp-content\/uploads\/2019\/09\/DSC02680-768x512.jpg 768w\" sizes=\"(max-width: 800px) 100vw, 800px\" \/><\/figure><\/div>\n\n\n\n<p>Das Feuer l\u00e4sst sich nur schwer bek\u00e4mpfen, da diese Dehnfuge nur sehr schwer zug\u00e4nglich ist. \u00dcber das Dach, das stellenweise ge\u00f6ffnet werden musste und den Eingangsbereich wurde jeweils ein L\u00f6schangriff vorgetragen. Hierzu wird dem L\u00f6schwasser ein Netzmittel (Tensid) beigemischt, um die Oberfl\u00e4chenspannung des Wassers zu zerst\u00f6ren. So kann das L\u00f6schmittel in die enge Spalte, in der sich das glimmende Isolationsmaterial befindet, besser eindringen.<\/p>\n\n\n\n<div class=\"wp-block-image\"><figure class=\"aligncenter\"><img decoding=\"async\" loading=\"lazy\" width=\"800\" height=\"533\" src=\"https:\/\/speyer24news.com\/wp-content\/uploads\/2019\/09\/DSC02681.jpg\" alt=\"\" class=\"wp-image-18740\" srcset=\"https:\/\/speyer24news.com\/wp-content\/uploads\/2019\/09\/DSC02681.jpg 800w, https:\/\/speyer24news.com\/wp-content\/uploads\/2019\/09\/DSC02681-300x200.jpg 300w, https:\/\/speyer24news.com\/wp-content\/uploads\/2019\/09\/DSC02681-768x512.jpg 768w\" sizes=\"(max-width: 800px) 100vw, 800px\" \/><\/figure><\/div>\n\n\n\n<p>Die Feuerwehr wurde w\u00e4hrend der L\u00f6scharbeiten durch die SEG (Schnelleinsatzgruppe Sanit\u00e4t) der Stadt Speyer mit einem Rettungswagen und zwei Mann abgesichert. Verletzt wurde gl\u00fccklicherweise niemand.<br>\nInsgesamt waren 28 Personen mit 10 Fahrzeugen der Feuerwehr im Einsatz.<\/p>\n\n\n\n<p><em>Feuerwehr Speyer<br>05.09.2019<\/em><\/p>\n","protected":false},"excerpt":{"rendered":"<div class=\"mh-excerpt\"><p>Dehnfugenbrand in der Aufnahmeeinrichtung f\u00fcr Asylbegehrende (AfA) \/ Keine Verletzten Speyer \/ AfA &#8211; Am 04.09.2019 wurde die Feuerwehr Speyer um 17:59 Uhr zu einer Rauchentwicklung in der Aufnahmeeinrichtung f\u00fcr Asylbegehrende in die Spaldingerstra\u00dfe gerufen. <a class=\"mh-excerpt-more\" href=\"https:\/\/speyer24news.com\/?p=18737\" title=\"Feuerwehr:\">[&#8230;]<\/a><\/p>\n<\/div>","protected":false},"author":3,"featured_media":0,"comment_status":"open","ping_status":"open","sticky":false,"template":"","format":"standard","meta":{"_monsterinsights_skip_tracking":false,"_monsterinsights_sitenote_active":false,"_monsterinsights_sitenote_note":"","_monsterinsights_sitenote_category":0,"footnotes":""},"categories":[12],"tags":[3151,3152,54,507,506],"aioseo_notices":[],"amp_enabled":true,"_links":{"self":[{"href":"https:\/\/speyer24news.com\/index.php?rest_route=\/wp\/v2\/posts\/18737"}],"collection":[{"href":"https:\/\/speyer24news.com\/index.php?rest_route=\/wp\/v2\/posts"}],"about":[{"href":"https:\/\/speyer24news.com\/index.php?rest_route=\/wp\/v2\/types\/post"}],"author":[{"embeddable":true,"href":"https:\/\/speyer24news.com\/index.php?rest_route=\/wp\/v2\/users\/3"}],"replies":[{"embeddable":true,"href":"https:\/\/speyer24news.com\/index.php?rest_route=%2Fwp%2Fv2%2Fcomments&post=18737"}],"version-history":[{"count":1,"href":"https:\/\/speyer24news.com\/index.php?rest_route=\/wp\/v2\/posts\/18737\/revisions"}],"predecessor-version":[{"id":18741,"href":"https:\/\/speyer24news.com\/index.php?rest_route=\/wp\/v2\/posts\/18737\/revisions\/18741"}],"wp:attachment":[{"href":"https:\/\/speyer24news.com\/index.php?rest_route=%2Fwp%2Fv2%2Fmedia&parent=18737"}],"wp:term":[{"taxonomy":"category","embeddable":true,"href":"https:\/\/speyer24news.com\/index.php?rest_route=%2Fwp%2Fv2%2Fcategories&post=18737"},{"taxonomy":"post_tag","embeddable":true,"href":"https:\/\/speyer24news.com\/index.php?rest_route=%2Fwp%2Fv2%2Ftags&post=18737"}],"curies":[{"name":"wp","href":"https:\/\/api.w.org\/{rel}","templated":true}]}}