{"id":19022,"date":"2019-09-11T08:39:32","date_gmt":"2019-09-11T07:39:32","guid":{"rendered":"https:\/\/speyer24news.com\/?p=19022"},"modified":"2019-09-11T08:39:34","modified_gmt":"2019-09-11T07:39:34","slug":"neustadt-an-der-weinstrasse-3","status":"publish","type":"post","link":"https:\/\/speyer24news.com\/?p=19022","title":{"rendered":"Neustadt an der Weinstra\u00dfe:"},"content":{"rendered":"<style type=\"text\/css\">\r\n\t.ads_top_disp{}\r\n\t.ads_top_corner_disp{ float:left; margin:0px 10px 10px 0px; }\r\n\t.ads_first_p_disp{}\r\n\t.ads_bottom_disp{}\r\n\t<\/style>\n<h2 class=\"wp-block-heading\">Lange Nacht der Volkshochschulen (VHS)<\/h2>\n\n\n\n<div class=\"wp-block-image\"><figure class=\"aligncenter\"><img decoding=\"async\" loading=\"lazy\" width=\"500\" height=\"699\" src=\"https:\/\/speyer24news.com\/wp-content\/uploads\/2019\/09\/Lange-Nacht-der-VHS-NW.png\" alt=\"\" class=\"wp-image-19024\" srcset=\"https:\/\/speyer24news.com\/wp-content\/uploads\/2019\/09\/Lange-Nacht-der-VHS-NW.png 500w, https:\/\/speyer24news.com\/wp-content\/uploads\/2019\/09\/Lange-Nacht-der-VHS-NW-215x300.png 215w\" sizes=\"(max-width: 500px) 100vw, 500px\" \/><\/figure><\/div>\n\n\n\n<p>Anl\u00e4sslich der 100-j\u00e4hrigen Jubil\u00e4umsfeier der Volkshochschulen in Deutschland findet am Freitag, <strong>20. September 2019,<\/strong> zum ersten Mal in einer bundesweiten Aktion die \u201eLange Nacht der Volkshochschulen\u201c statt.<\/p>\n\n\n\n<p>Auch\ndie VHS Neustadt beteiligt sich daran und l\u00e4dt <strong>ab 18 Uhr<\/strong> sehr herzlich in die <strong>Hindenburgstra\u00dfe\n14<\/strong> ein.<\/p>\n\n\n\n<p>Die Veranstaltung bietet eine einmalige Gelegenheit, G\u00e4sten das Potenzial der Volkshochschule als Bildungs- und Begegnungsort zu zeigen. Den Startschuss zu den Feierlichkeiten wird Oberb\u00fcrgermeister Marc Weigel um 18 Uhr geben. Danach folgt eine bunte Auswahl an Angeboten, umrahmt von viel Musik und mit der Gelegenheit zum Austausch. Das Programm bietet kulinarische Gen\u00fcsse &#8211; frisch zubereitet in der eigenen K\u00fcche -, Live-Musik, kostenfreie Mit-Mach-Workshops aller Art, kleine Ausstellungen und nicht zuletzt ein spannendes Programm f\u00fcr Kinder. F\u00fcr Essen und Trinken ist ebenfalls gesorgt. <\/p>\n\n\n\n<h4 class=\"wp-block-heading\">Lesen sie hier das Programm als pdf:<\/h4>\n\n\n\n<div class=\"wp-block-file\"><a href=\"https:\/\/speyer24news.com\/wp-content\/uploads\/2019\/09\/Programm_Lange-Nacht-VHS.pdf\">Programm_Lange-Nacht-VHS<\/a><a href=\"https:\/\/speyer24news.com\/wp-content\/uploads\/2019\/09\/Programm_Lange-Nacht-VHS.pdf\" class=\"wp-block-file__button\" download>Herunterladen<\/a><\/div>\n\n\n\n<p><em>Stadtverwaltung Neustadt an der Weinstra\u00dfe<br>11.09.2019<\/em><\/p>\n","protected":false},"excerpt":{"rendered":"<div class=\"mh-excerpt\"><p>Lange Nacht der Volkshochschulen (VHS) Anl\u00e4sslich der 100-j\u00e4hrigen Jubil\u00e4umsfeier der Volkshochschulen in Deutschland findet am Freitag, 20. September 2019, zum ersten Mal in einer bundesweiten Aktion die \u201eLange Nacht der Volkshochschulen\u201c statt. Auch die VHS <a class=\"mh-excerpt-more\" href=\"https:\/\/speyer24news.com\/?p=19022\" title=\"Neustadt an der Weinstra\u00dfe:\">[&#8230;]<\/a><\/p>\n<\/div>","protected":false},"author":3,"featured_media":19023,"comment_status":"open","ping_status":"open","sticky":false,"template":"","format":"standard","meta":{"_monsterinsights_skip_tracking":false,"_monsterinsights_sitenote_active":false,"_monsterinsights_sitenote_note":"","_monsterinsights_sitenote_category":0,"footnotes":""},"categories":[145],"tags":[3065,59,146,459,3235],"aioseo_notices":[],"amp_enabled":true,"_links":{"self":[{"href":"https:\/\/speyer24news.com\/index.php?rest_route=\/wp\/v2\/posts\/19022"}],"collection":[{"href":"https:\/\/speyer24news.com\/index.php?rest_route=\/wp\/v2\/posts"}],"about":[{"href":"https:\/\/speyer24news.com\/index.php?rest_route=\/wp\/v2\/types\/post"}],"author":[{"embeddable":true,"href":"https:\/\/speyer24news.com\/index.php?rest_route=\/wp\/v2\/users\/3"}],"replies":[{"embeddable":true,"href":"https:\/\/speyer24news.com\/index.php?rest_route=%2Fwp%2Fv2%2Fcomments&post=19022"}],"version-history":[{"count":1,"href":"https:\/\/speyer24news.com\/index.php?rest_route=\/wp\/v2\/posts\/19022\/revisions"}],"predecessor-version":[{"id":19026,"href":"https:\/\/speyer24news.com\/index.php?rest_route=\/wp\/v2\/posts\/19022\/revisions\/19026"}],"wp:featuredmedia":[{"embeddable":true,"href":"https:\/\/speyer24news.com\/index.php?rest_route=\/wp\/v2\/media\/19023"}],"wp:attachment":[{"href":"https:\/\/speyer24news.com\/index.php?rest_route=%2Fwp%2Fv2%2Fmedia&parent=19022"}],"wp:term":[{"taxonomy":"category","embeddable":true,"href":"https:\/\/speyer24news.com\/index.php?rest_route=%2Fwp%2Fv2%2Fcategories&post=19022"},{"taxonomy":"post_tag","embeddable":true,"href":"https:\/\/speyer24news.com\/index.php?rest_route=%2Fwp%2Fv2%2Ftags&post=19022"}],"curies":[{"name":"wp","href":"https:\/\/api.w.org\/{rel}","templated":true}]}}