{"id":19059,"date":"2019-09-11T16:42:03","date_gmt":"2019-09-11T15:42:03","guid":{"rendered":"https:\/\/speyer24news.com\/?p=19059"},"modified":"2019-09-11T16:42:05","modified_gmt":"2019-09-11T15:42:05","slug":"polizei-62","status":"publish","type":"post","link":"https:\/\/speyer24news.com\/?p=19059","title":{"rendered":"Polizei"},"content":{"rendered":"<style type=\"text\/css\">\r\n\t.ads_top_disp{}\r\n\t.ads_top_corner_disp{ float:left; margin:0px 10px 10px 0px; }\r\n\t.ads_first_p_disp{}\r\n\t.ads_bottom_disp{}\r\n\t<\/style>\n<h2 class=\"wp-block-heading\">Polizeimeldungen vom Mittwoch (11.09.2019)<\/h2>\n\n\n\n<div class=\"wp-block-image\"><figure class=\"aligncenter\"><img decoding=\"async\" src=\"https:\/\/speyer24news.com\/wp-content\/uploads\/2019\/09\/Aktuelles-Polizeilogo-1.jpg\" alt=\"\" class=\"wp-image-19009\"\/><\/figure><\/div>\n\n\n\n<h4 class=\"wp-block-heading\">(Speyer) &#8211; Zechbetrug bei Asia-Imbiss<\/h4>\n\n\n\n<p>Ein  20j\u00e4hriger Mann aus Speyer speiste am Dienstagabend in einem asiatischen Stra\u00dfenimbiss  auf der Maximilianstra\u00dfe f\u00fcr 23 EUR und er\u00f6ffnete anschlie\u00dfend dem  Personal, dass er nicht bezahlen werde, da er kein Geld mitf\u00fchre. Dies  sei ihm auch bereits bei seiner Bestellung bewusst gewesen, allerdings  habe er Hunger gehabt. Die Polizei konnte bei der Anzeigenaufnahme  feststellen, dass der Beschuldigte weder Bargeld noch irgendwelche  Bankkarten mit sich f\u00fchrte. Die offene Rechnung konnte von ihm so nicht  beglichen werden. Deshalb wurden seine Personalien erhoben und an den  Imbissbetreiber f\u00fcr die Geltendmachung seiner zivilrechtlichen  Forderungen weitergegeben. <\/p>\n\n\n\n<h4 class=\"wp-block-heading\">(Dudenhofen) &#8211; Zwei Diebst\u00e4hle aus Kraftfahrzeugen<\/h4>\n\n\n\n<p>Gleich\n zu zwei Diebst\u00e4hlen aus einem Kraftfahrzeug durch unbekannte T\u00e4ter kam \nes vermutlich in der Nacht von Montag auf Dienstag in Dudenhofen. <\/p>\n\n\n\n<p>In\n der Ernst-Reuter-Stra\u00dfe wurde ein dort geparkter Lieferwagen auf \nunbekannte Weise ge\u00f6ffnet. Aufbruchspuren waren an dem Fahrzeug nicht \nfeststellbar. Aus dem Fahrzeuginneren wurden mehrere Werkzeuge, \nWerkzeugkoffer und ein Laptop entwendet. Der genaue Schaden ist noch \nnicht bekannt. <\/p>\n\n\n\n<p>In der Friedrich-Ebert-Stra\u00dfe wurde aus einem in \neiner Hofeinfahrt geparkten Pkw der Fahrzeugschein und einen Nintendo \n2DS Spielekonsole entwendet. Auch an diesem Fahrzeug, welches zur \nTatzeit verschlossen war, konnten keinerlei Aufbruchspuren festgestellt \nwerden. <\/p>\n\n\n\n<p>Zeugenhinweise nimmt die Polizei unter der Tel.-Nr. 06232-1370 oder per Mail an <a href=\"mailto:pispeyer@polizei.rlp.de\">pispeyer@polizei.rlp.de<\/a> entgegen. <\/p>\n\n\n\n<h4 class=\"wp-block-heading\">(Dudenhofen) &#8211; Einbruch in Einfamilienhaus und Kindertagesst\u00e4tte<\/h4>\n\n\n\n<p>\u00dcber zwei Einbr\u00fcche in Dudenhofen wurde die Polizei Speyer am 10.09.2019 verst\u00e4ndigt. <\/p>\n\n\n\n<p>Unbekannte\n T\u00e4ter gelangen im Zeitraum 30.08 &#8211; 10.09.2019 w\u00e4hrend der Abwesenheit \ndes Bewohners vermutlich \u00fcber ein Kellerfenster unberechtigt in sein \nEinfamilienhaus in der J\u00e4gerstra\u00dfe. Nach der Tat d\u00fcrfte das Haus \u00fcber \nein bei der Tatortaufnahme offenstehendes Schlafzimmerfenster verlassen \nworden sein. Ob Etwas entwendet wurde, ist derzeit noch nicht bekannt. <\/p>\n\n\n\n<p>\u00dcber\n das Wochenende (06.09 &#8211; 10.09.2019) gelangen unbekannte T\u00e4ter in eine \nKindertagesst\u00e4tte in der Kilianstra\u00dfe. Wie der\/die T\u00e4ter in das Geb\u00e4ude \neindringen konnte\/n, war vor Ort nicht abschlie\u00dfend zu kl\u00e4ren und ist \nGegenstand der weiteren Ermittlungen. Aus der Kindertagesst\u00e4tte wurde \neine Bargeldsumme in 3stelliger H\u00f6he und einen Universalschl\u00fcssel \nentwendet. <\/p>\n\n\n\n<p>Zeugenhinweise zu beiden Einbr\u00fcchen nimmt die Polizei unter der Tel.-Nr. 06232-1370 oder per Mail an <a href=\"mailto:pispeyer@polizei.rlp.de\">pispeyer@polizei.rlp.de<\/a> entgegen. <\/p>\n\n\n\n<h4 class=\"wp-block-heading\">(Schwegenheim) &#8211; Zeugen gesucht<\/h4>\n\n\n\n<p>Mehrere Anzeigen wegen Sachbesch\u00e4digung an Kraftfahrzeugen im  Ortsbereich Schwegenheim hat die Polizeiinspektion Germersheim  zwischenzeitlich registriert. Die Taten ereigneten sich \u00fcberwiegend im  Bereich der Bahnhofstra\u00dfe sowie der Hauptstra\u00dfe. Der Sachschaden d\u00fcrfte  sich mittlerweile auf eine f\u00fcnfstellige Summe belaufen. Ein bis dato  unbekannter T\u00e4ter zerkratzte den Lack der geparkten Fahrzeuge mittels  eines spitzen Gegenstandes. Die erste Tat ereignete sich am Dienstag den  27.08.2019. <\/p>\n\n\n\n<p>Hinweise nimmt die Polizei Germersheim telefonisch unter 07274\/958-0 oder per Mail unter <a href=\"mailto:pigermersheim.presse@polizei.rlp.de\">pigermersheim.presse@polizei.rlp.de<\/a> entgegen. <\/p>\n\n\n\n<h4 class=\"wp-block-heading\">(Germersheim) &#8211; Rauchmelder l\u00f6st Einsatz aus<\/h4>\n\n\n\n<figure class=\"wp-block-image\"><img decoding=\"async\" loading=\"lazy\" width=\"800\" height=\"600\" src=\"https:\/\/speyer24news.com\/wp-content\/uploads\/2019\/09\/Feuerwehr-Speyer-II@Nina-Ebert.jpg\" alt=\"\" class=\"wp-image-19060\" srcset=\"https:\/\/speyer24news.com\/wp-content\/uploads\/2019\/09\/Feuerwehr-Speyer-II@Nina-Ebert.jpg 800w, https:\/\/speyer24news.com\/wp-content\/uploads\/2019\/09\/Feuerwehr-Speyer-II@Nina-Ebert-300x225.jpg 300w, https:\/\/speyer24news.com\/wp-content\/uploads\/2019\/09\/Feuerwehr-Speyer-II@Nina-Ebert-768x576.jpg 768w, https:\/\/speyer24news.com\/wp-content\/uploads\/2019\/09\/Feuerwehr-Speyer-II@Nina-Ebert-678x509.jpg 678w, https:\/\/speyer24news.com\/wp-content\/uploads\/2019\/09\/Feuerwehr-Speyer-II@Nina-Ebert-326x245.jpg 326w, https:\/\/speyer24news.com\/wp-content\/uploads\/2019\/09\/Feuerwehr-Speyer-II@Nina-Ebert-80x60.jpg 80w\" sizes=\"(max-width: 800px) 100vw, 800px\" \/><\/figure>\n\n\n\n<p>Zu einem gemeinsamen Einsatz r\u00fcckten Einsatzkr\u00e4fte der Feuerwehr und  Polizei Germersheim am Dienstagabend gegen 22 Uhr in die Leipziger  Stra\u00dfe aus. Eine 72 &#8211; j\u00e4hrige Frau versuchte Papier in ihrer Wohnung  anzuz\u00fcnden, woraufhin der Rauchmelder aktiviert wurde. Beim Eintreffen  der Einsatzkr\u00e4fte warf die Frau eine Thermoskanne auf einen  Feuerwehrmann, welcher am Helm getroffen wurde und gl\u00fccklicherweise  unverletzt blieb. Das brennende Papier konnte rasch gel\u00f6scht werden.  Nach einer ersten medizinischen Versorgung wurde die Frau in eine  psychiatrische Fachklinik gebracht. Bei dem Vorfall entstand kein  Geb\u00e4udeschaden. Ein Ermittlungsverfahren wurde von der Polizei  eingeleitet. <\/p>\n\n\n\n<h4 class=\"wp-block-heading\">(Hagenbach) &#8211; Wohnmobil aufgebrochen<\/h4>\n\n\n\n<p>In der Zeit vom 09.-10.09.2019 verschafften sich unbekannte  T\u00e4ter Zugang zu einem in der Perl\u00e4ckerstra\u00dfe auf einem Gel\u00e4nde  abgestellten Wohnmobil. Mittels eines Werkzeugs wurde die  Schlie\u00dfvorrichtung aufgebrochen. Die T\u00e4ter entwendeten neben den  Fahrzeugpapieren auch einen dort abgelegten Ersatzschl\u00fcssel. <\/p>\n\n\n\n<h4 class=\"wp-block-heading\">(Landau) &#8211; Diebstahl von Plakat<\/h4>\n\n\n\n<p>Im Savoyenpark wurde ein ca. 3,30&#215;1,70m gro\u00dfes Plakat mit dem Aufdruck  eines Festungsmodells der Stadt Landau zw. dem 31.08.2019, 18:00 Uhr bis 06.09.2019, 10:00 Uhr entwendet, welches an einem  Bauzaun angebracht war. <\/p>\n\n\n\n<p>Hinweise hierzu bitte an die Polizei Landau. <\/p>\n\n\n\n<h4 class=\"wp-block-heading\">(Offenbach) &#8211; Fahrzeug besch\u00e4digt<\/h4>\n\n\n\n<p>Auf einem Parkplatz des Interpark wurde am Dienstag ein PKW Opel Astra mit  PS-Kennzeichen auf der gesamten linken Seite, sowie an der Front- und  Heckbeleuchtung zerkratzt. Es entstand Schaden in H\u00f6he von mindestens  3000 Euro. <\/p>\n\n\n\n<p>Zeugen m\u00f6gen sich bitte bei der Polizei Landau melden. <\/p>\n\n\n\n<h4 class=\"wp-block-heading\">(Neustadt) &#8211; Unfallflucht auf Parkplatz<\/h4>\n\n\n\n<p>Ein unbekannter Fahrzeugf\u00fchrer besch\u00e4digte am Dienstag den 10.09.2019  zwischen 18:45 Uhr und 19:30 Uhr auf dem Parkplatz des  Globus-Einkaufszentrum einen Opel Tigra. Der oder die Unbekannte  streifte den Opel scheinbar beim Ein- oder Ausparken und verursachte  einen Schaden von ca. 1000 Euro. Der Unfallverursacher machte sich  unerkannt aus dem Staub. Da zu dem Unfallzeitpunkt reger Einkaufsverkehr  herrschte, bittet die Polizei Neustadt um Hinweise  telefonisch unter  06321 854-0 oder per E-Mail unter <a href=\"mailto:pineustadt@polizei.rlp.de\">pineustadt@polizei.rlp.de<\/a> <\/p>\n\n\n\n<h4 class=\"wp-block-heading\">(Friedelsheim) &#8211; Pkw-Aufbruch<\/h4>\n\n\n\n<p>Bisher unbekannte T\u00e4ter schlugen in der Zeit vom 09.09.19, 07:00 Uhr &#8211;  10.09.19, 10:50 Uhr an einem schwarzen Pkw, VW Polo, der auf einem  Parkplatz in der N\u00e4he der RNV-Haltstelle abgestellt war, beide Scheiben  auf der Beifahrerseite ein und entwendeten aus dem Fahrzeug Bargeld und  eine kleine Calvin-Klein Handtasche mit pers\u00f6nlichen Dokumenten. Der  entstandene Schaden bel\u00e4uft sich auf ca.1.000 Euro. <\/p>\n\n\n\n<p>Hinweise bitte an die Polizeiinspektion Bad D\u00fcrkheim, Tel. 06322\/963-0, oder <a href=\"mailto:pibadduerkheim@polizei.rlp.de\">pibadduerkheim@polizei.rlp.de<\/a> <\/p>\n\n\n\n<h4 class=\"wp-block-heading\">(Bad D\u00fcrkheim) &#8211; Rund um den Wurstmarkt<\/h4>\n\n\n\n<p>Unbekannte T\u00e4ter schnitten an einen VW-Golf Cabrio das Stoffverdeck  oberhalb der Fahrert\u00fcre auf durchw\u00fchlten das Handschuhfach und  entwendeten aus dem Fahrzeug das eingebaute Radio und aus dem Kofferraum  eine Bass-Box sowie einen Verst\u00e4rker. Weiterhin besch\u00e4digten sie eine  Zierleiste an der Fahrert\u00fcr. Der Pkw war von seinem Eigent\u00fcmer am  10.09.19,  gegen 04:30 Uhr auf dem Parkplatz in der Dr. Kaufmann-Stra\u00dfe,  vor dem ev. Krankenhaus abgestellt worden. Als er gegen 18:00 Uhr zu  dem Pkw zur\u00fcckkam, stelle er den Einbruch fest und erstattete Anzeige  bei der Polizei . Die entstandene Schadensh\u00f6he konnte noch nicht  beziffert werden. <\/p>\n\n\n\n<p>Schubkarchst\u00e4nde angegangen <\/p>\n\n\n\n<p>Unbekannte \nT\u00e4ter machten sich am 11.09.19 zw. 01:30 Uhr &#8211; 07:40 Uhr an insgesamt \nf\u00fcnf Schubkarchst\u00e4nden zu schaffen, indem sie die vorhandenen \nVorh\u00e4ngeschl\u00f6sser und Schieberiegel zur Seite bogen. Bei zwei St\u00e4nden \ngelang es ihnen dadurch in den Stand zu kommen. Aus diesen entwendeten \nsie jeweils einen niedrigen Bargeldbetrag. Bei drei St\u00e4nden konnten sie \ndie Einbruchsicherung nicht \u00fcberwinden und es blieb daher beim Versuch. \nDer entstandene Gesamtschaden konnte noch nicht beziffert werden. <\/p>\n\n\n\n<p>Hinweise in beiden F\u00e4llen bitte an die Polizeiinspektion Bad D\u00fcrkheim, Tel. 06322\/963-0, oder <a href=\"mailto:pibadduerkheim@polizei.rlp.de\">pibadduerkheim@polizei.rlp.de<\/a> <\/p>\n\n\n\n<h4 class=\"wp-block-heading\">(Freinsheim) &#8211; Vers. Enkeltrick<\/h4>\n\n\n\n<p>Bisher unbekannter m\u00e4nnlicher T\u00e4ter rief am 10.09.19, gegen 14:00 Uhr  bei einer \u00e4lteren Frau an und gab sich als ihr Enkel aus. Er teilte ihr  mit, dass er einen Autounfall hatte und nun Geld ben\u00f6tige. Weiterhin  wollte er Ausk\u00fcnfte haben \u00fcber Barverm\u00f6gen und Schmuckgegenst\u00e4nde. Die  \u00e4ltere Dame durchschaute das Vorhaben des vermeintlichen Enkels,  beendete das Gespr\u00e4ch und informierte ihren Sohn, der die Polizei  informierte. <\/p>\n\n\n\n<h4 class=\"wp-block-heading\">(Frankenthal) &#8211; Verkehrsunfallflucht<\/h4>\n\n\n\n<p>Die Gesch\u00e4digte stellt ihren Pkw Seat Ibiza in der Zeit von 09.09.2019,  17.30 Uhr, bis 10.09.2019, 06.30 Uhr, auf der H\u00f6he Hofgut Petersau ab.  Als sie wieder zu ihrem Fahrzeug kommt, muss sie feststellen, dass  dieses durch einen bislang unbekannten Fahrzeugf\u00fchrer hinten rechts  besch\u00e4digt wurde. Der Schaden wird auf etwa 1500 Euro gesch\u00e4tzt. <\/p>\n\n\n\n<p>Wer  sachdienliche Hinweise zu dem genannten Fall geben kann, wird gebeten  sich mit der Polizeiinspektion Frankenthal unter der Rufnummer  06233\/313-0 oder der Polizeiwache Maxdorf unter der Rufnummer  06237\/934-1100 in Verbindung zu setzen. Hinweise k\u00f6nnen auch per E-Mail  unter <a href=\"mailto:pifrankenthal@polizei.rlp.de\">pifrankenthal@polizei.rlp.de<\/a> an die Polizei \u00fcbermittelt werden. <\/p>\n\n\n\n<h4 class=\"wp-block-heading\">(Birkenheide) &#8211; Verkehrsunfallflucht mit leicht verletztem Radfahrer<\/h4>\n\n\n\n<p>Der 34-j\u00e4hrige Gesch\u00e4digte aus Frankenthal bef\u00e4hrt am 10.09.2019, gegen  19.55 Uhr, mit seinem Fahrrad die Mannheimer Stra\u00dfe aus Bad D\u00fcrkheim  kommend in Fahrtrichtung Maxdorf. Kurz vor der dortigen Tankstelle  werden er und sein ebenfalls fahrradfahrender Begleiter von einem Pkw  mit Anh\u00e4nger \u00fcberholt. Hierbei \u00fcberholt der bislang unbekannte  Pkw-Fahrer die beiden Fahrradfahrer mit zu geringem Seitenabstand,  sodass der 34-j\u00e4hrige vom Anh\u00e4nger erfasst wird und zu Boden st\u00fcrzt.  Hierbei wird der Fahrradfahrer an H\u00e4nden und Schulter verletzt und zur  \u00dcberpr\u00fcfung durch den Rettungsdienst in ein Krankenhaus verbracht. Am  Fahrrad entsteht leichter Sachschaden. Bei dem Pkw soll es sich um einen  dunkelgr\u00fcnen oder dunkelblauen Mercedes \u00e4lteren Baujahres mit  D\u00dcW-Kennzeichen handeln. <\/p>\n\n\n\n<p>Wer sachdienliche Hinweise zu dem  genannten Fall geben kann, wird gebeten sich mit der Polizeiinspektion  Frankenthal unter der Rufnummer 06233\/313-0 oder der Polizeiwache  Maxdorf unter der Rufnummer 06237\/934-1100 in Verbindung zu setzen.  Hinweise k\u00f6nnen auch per E-Mail unter <a href=\"mailto:pifrankenthal@polizei.rlp.de\">pifrankenthal@polizei.rlp.de<\/a> an die Polizei \u00fcbermittelt werden. <\/p>\n\n\n\n<h4 class=\"wp-block-heading\">(Ludwigshafen) &#8211; 26-J\u00e4hriger attackiert \/ Zeugen gesucht<\/h4>\n\n\n\n<figure class=\"wp-block-image\"><img decoding=\"async\" src=\"https:\/\/speyer24news.com\/wp-content\/uploads\/2019\/09\/Zeugen-gesucht-Neutral-1.jpg\" alt=\"\" class=\"wp-image-19014\"\/><\/figure>\n\n\n\n<p>Ein 26-J\u00e4hriger wurde am Dienstag (10.09.2019) von zwei M\u00e4nnern  attackiert, nachdem er einer Frau geholfen hatte. Der Mann war gegen  18.30 Uhr zu Fu\u00df auf einem Feldweg zwischen der L524 und dem Neugraben  in Richtung zum Gewerbegebiet &#8222;Am R\u00f6mig&#8220; unterwegs, als er Zeuge eines  Streites (unterhalb der Unterf\u00fchrung der A650) zwischen einer Frau und  zwei M\u00e4nnern wurde. Der 26-J\u00e4hrige schritt sofort ein und versuchte zu  schlichten. Es entstand ein Gerangel zwischen den beiden M\u00e4nnern und dem  26-J\u00e4hrigen. Die Auseinandersetzung nutzte die Frau aus und rannte in  Richtung Ruchheim davon. Die M\u00e4nner fl\u00fcchteten anschlie\u00dfend mit einem  Motorrad in Richtung Maxdorf. Der 26-J\u00e4hrige musste verletzt in ein  Krankenhaus eingeliefert werden. <\/p>\n\n\n\n<ul><li>Die Frau war Mitte 20. <\/li><li>Beide fl\u00fcchtigen  M\u00e4nner waren zwischen 30 und 40 Jahre alt. <\/li><li>Einer trug einen Vollbart, ein schwarzes Hemd und eine blaue Jeans. <\/li><\/ul>\n\n\n\n<p>Die Polizei sucht nun nach  Hinweisen zu der Frau und den beiden M\u00e4nnern. Hinweise werden an die  Polizeiwache Oggersheim unter Tel. 0621 963 &#8211; 2403 oder per Mail <a href=\"mailto:pwoggersheim@polizei.rlp.de\">pwoggersheim@polizei.rlp.de<\/a> erbeten. <\/p>\n\n\n\n<h4 class=\"wp-block-heading\">(Ludwigshafen) &#8211; Fahrzeugf\u00fchrer befahren gesperrte Hochstra\u00dfe S\u00fcd Polizei appelliert an Verkehrsteilnehmer<\/h4>\n\n\n\n<p>In der letzten Woche gingen bei der Polizeiinspektion Ludwigshafen 1  Hinweise auf einen Motorradfahrer ein, der t\u00e4glich zur gleichen Zeit von  Mannheim kommend \u00fcber den gesperrten Teil der Hochstra\u00dfe S\u00fcd in  Richtung A650 unterwegs sein sollte. Dazu w\u00fcrde er gezielt die  Absperrung am Ende der Konrad-Adenauer-Br\u00fccke umfahren, teilten Zeugen  mit. Im Wege der Verkehrs\u00fcberwachungsma\u00dfnahmen rund um die Hochstra\u00dfe  konnte am Dienstag der 27-j\u00e4hrige Motorradfahrer beim Befahren der  Hochstra\u00dfe festgestellt und kontrolliert werden. Der 27-J\u00e4hrige hatte  nicht nur die gesperrte Hochstra\u00dfe sondern anschlie\u00dfend auch einen Rad-  und Fu\u00dfweg befahren, um schneller zu seiner Wohnung in der Innenstadt zu  kommen. Bei den polizeilichen \u00dcberwachungsma\u00dfnahmen konnten wir  au\u00dferdem den Fahrer eines Kleinkraftrades feststellen, der ebenfalls  verbotswidrig durch die Absperrung auf die Hochstra\u00dfe S\u00fcd aufgefahren  war. Dazu konnte auch der Fahrer eines Kleintransportes ermittelt  werden, der am 05.09.2019 nicht nur verbotswidrig auf der Hochstra\u00dfe  unterwegs, sondern auch die falsche Richtungsfahrbahn befahren hatte.  Am Mittwochmorgen entdeckten die Polizeibeamten noch einen Radfahrer, der auf  der Hochstra\u00dfe S\u00fcd in Richtung Mannheim unterwegs war.  Besonders  gef\u00e4hrlich war f\u00fcr ihn, dass er im Bereich der Auffahrt von der  Mundenheimer Stra\u00dfe die Fahrbahn der Kraftfahrzeuge h\u00e4tte queren m\u00fcssen.  Gegen die Verkehrsteilnehmer wurde ein Bu\u00dfgeldverfahren eingeleitet. <\/p>\n\n\n\n<p><strong><em>Die  Polizei appelliert an alle Verkehrsteilnehmer: Beachten Sie das Verbot  die Hochstra\u00dfe S\u00fcd zu befahren! Die Sperrung wurde aus  Sicherheitsgr\u00fcnden eingerichtet, um Sie nicht in Gefahr zu bringen. <\/em><\/strong><\/p>\n\n\n\n<h4 class=\"wp-block-heading\">(Ludwigshafen) &#8211; Baucontainer aufgebrochen<\/h4>\n\n\n\n<p>Unbekannte brachen im Zeitraum 05.09. bis 10.09.2019 zwei Baucontainer  auf einer Baustelle im Bereich der Industriestra\u00dfe auf. Aus den  Containern wurden Baumaschinen entwendet. Die Schadensh\u00f6he wird derzeit  noch ermittelt. Zeugen, die den Vorfall beobachtet haben, werden  gebeten, sich bei der Polizeiinspektion Ludwigshafen 2  unter der  Telefonnummer 0621 963-2222 oder per E-Mail <a href=\"mailto:piludwigshafen2@polizei.rlp.de\">piludwigshafen2@polizei.rlp.de<\/a> zu melden. <\/p>\n\n\n\n<h4 class=\"wp-block-heading\">(Mannheim-Innenstadt) &#8211; Betrunken mit dem E-Scooter unterwegs<\/h4>\n\n\n\n<p>Beamte wurden am fr\u00fchen Mittwoch, gegen 1 Uhr, auf zwei  E-Scooter-Fahrer aufmerksam, die hintereinander in Schlangenlinien den  Friedrichsring entlang fuhren. Sie hielten den jungen Mann sowie dessen  Begleiterin in H\u00f6he des Quadrats U5 zu einer Verkehrskontrolle an, bei  der sich herausstellte, dass beide deutlich unter Alkoholeinfluss  standen. Mit dem 23- und der 22-j\u00e4hrigen Frau wurden Alkoholtests  durchgef\u00fchrt, die jeweils einen Wert von \u00fcber 1 Promille ergaben. Sie  mussten die Beamten im Anschluss zu einer Blutentnahme begleiten. Die  F\u00fchrerscheine der beiden wurden sichergestellt. Sie erwartet nun eine  Anzeige wegen Trunkenheit im Stra\u00dfenverkehr. <\/p>\n\n\n\n<h4 class=\"wp-block-heading\">(Mannheim-Oststadt) &#8211; KIA am Friedensplatz aufgebrochen \/ Fuhr Verursacher ein gelbes Fahrzeug? Zeugen gesucht<\/h4>\n\n\n\n<p>Ein bislang unbekannter Autofahrer touchierte am Dienstag, zwischen  8:50 Uhr und kurz vor 18 Uhr, am &#8222;Friedensplatz&#8220; einen geparkten KIA und  entfernte sich im Anschluss von der Unfallstelle. Der KIA wurde im  Bereich des hinteren linken Kotfl\u00fcgels besch\u00e4digt, sodass die  gesch\u00e4digte Autohalterin nun einen Schaden von ca. 2.000 Euro zu  regulieren hat. Am PKW wurden gelbe Abriebspuren festgestellt, die vom  Verursacher stammen k\u00f6nnten. <\/p>\n\n\n\n<p>Zeugen, die den Unfall beobachtet  haben und Hinweise zum Unfallverursacher geben k\u00f6nnen, werden gebeten,  sich beim Polizeirevier Mannheim-Oststadt unter Tel.: 0621\/174-3310 zu  melden. <\/p>\n\n\n\n<h4 class=\"wp-block-heading\">(Mannheim-Herzogenried) &#8211; Vorfahrt missachtet \/ Zwei Verletzte und \u00fcber 20.000 Euro Sachschaden<\/h4>\n\n\n\n<p>Zwei verletzte Personen und Sachschaden in H\u00f6he von \u00fcber 20.000 Euro,  so lautet die Bilanz eines Verkehrsunfalls, der sich am Dienstag, gegen  14:50 Uhr, in der Stra\u00dfe &#8222;Zum Herrenried&#8220; ereignet hat. Ein 32-J\u00e4hriger  war mit seinem Jaguar von der Hafenbahnstra\u00dfe in die Stra\u00dfe &#8222;Zum  Herrenried&#8220; abgebogen, um anschlie\u00dfend nach links in die Stra\u00dfe  &#8222;Sammelbahnhof&#8220; zu fahren. Beim Abbiegen missachtete er allerdings die  Vorfahrt eines entgegenkommenden 50-j\u00e4hrigen Mercedes-Fahrers, woraufhin  es zum Zusammensto\u00df der beiden kam. Durch den heftigen Aufprall wurde  der Jaguar abgewiesen und schleuderte gegen einen verkehrsbedingt  stehenden Peugeot einer 24-J\u00e4hrigen. Die 24-J\u00e4hrige sowie der  Mercedes-Fahrer wurden bei dem Unfall leicht verletzt und mussten nach  einer Erstversorgung zur ambulanten Behandlung in Krankenh\u00e4user gebracht  werden. An den drei beteiligten PKW entstand Sachschaden. Der Jaguar  sowie der Mercedes mussten abgeschleppt werden. <\/p>\n\n\n\n<h4 class=\"wp-block-heading\">(Mannheim-Neuhermsheim) &#8211; BMW-Fahrer kommt von Fahrbahn ab und prallt gegen L\u00e4rmschutzwand \/ Hoher Schaden<\/h4>\n\n\n\n<p>In der Hermsheimer Stra\u00dfe, an der Auffahrt zur B37, kam am  Dienstagmittag, gegen 13:35 Uhr, ein 25-j\u00e4hriger BMW-Fahrer aus  unbekannten Gr\u00fcnden von der Fahrbahn ab. Der Autofahrer war von der  Hermsheimer Stra\u00dfe nach links abgebogen, um auf die B37 in Richtung  Mannheim-Innenstadt zu fahren. Beim Abbiegen kam er nach rechts von der  Fahrbahn ab und prallte frontal gegen eine L\u00e4rmschutzwand. Der BMW wurde  durch den Aufprall erheblich besch\u00e4digt. Auch die L\u00e4rmschutzwand wurde  teilweise in Mitleidenschaft gezogen, sodass der Gesamtschaden auf \u00fcber  15.000 Euro beziffert werden kann. Der PKW war nicht mehr fahrbereit und  musste abgeschleppt werden. Verletzt wurde gl\u00fccklicherweise niemand. <\/p>\n\n\n\n<h4 class=\"wp-block-heading\">(Mannheim-Vogelstang) &#8211; Hoher Verm\u00f6gensschaden nach Trickbetrug durch falsche Polizeibeamte<\/h4>\n\n\n\n<p>Opfer gewiefter Trickbetr\u00fcger wurde im Laufe des Dienstags ein 89-j\u00e4hriger Mann im Stadtteil Vogelstang. <\/p>\n\n\n\n<p>Der\n Gesch\u00e4digte erhielt gegen 12:00 Uhr den ersten Anruf eines angeblichen \nPolizeibeamten. Dieser teilte ihm mit, dass man einzelne Mitglieder \neiner Einbrecherbande festnehmen konnte. Man habe aber Anhaltspunkte, \ndass die noch nicht identifizierten T\u00e4ter dieser Bande bei dem Rentner \neinbrechen wollten. Im weiteren Verlauf des Gespr\u00e4chs wurde der \nGesch\u00e4digte an den angeblichen Vorgesetzten des vermeintlichen \nPolizeibeamten weitergeleitet. Der &#8222;Vorgesetzte&#8220; versuchte den Senior \ndahingehend zu beeinflussen, dass er seine Wertsachen an einen &#8222;verdeckt\n agierenden Ermittler&#8220; \u00fcbergeben solle. Bis zu diesem Zeitpunkt war der \nGesch\u00e4digte \u00e4u\u00dferst misstrauisch und lehnte die unterbreiteten \n&#8222;Vorschl\u00e4ge&#8220; ab, allerdings gelang es den T\u00e4tern im Verlaufe weiterer \nTelefongespr\u00e4che das Vertrauen des Rentners zu gewinnen, sodass er einem\n Treffen mit dem verdeckt operierenden Polizisten zustimmte. Ihm \u00fcbergab\n er gegen 15:00 Uhr Gold, Schmuck und M\u00fcnzen im Wert von mehreren \nZehntausend Euro. <\/p>\n\n\n\n<p>Erst sp\u00e4ter sch\u00f6pfte der Gesch\u00e4digte Verdacht und rief die richtige Polizei. <\/p>\n\n\n\n<h4 class=\"wp-block-heading\">(Mannheim \/ Heidelberg \/ Rhein-Neckar-Kreis) &#8211; Aktion &#8222;Sicherer Schulweg&#8220;, Kontrollma\u00dfnahmen des Polizeipr\u00e4sidiums Mannheim<\/h4>\n\n\n\n<p>Auch zu Beginn des neunen Schuljahres 2019\/ 2020 f\u00fchrt die Polizei  Baden-W\u00fcrttemberg und so auch das Polizeipr\u00e4sidium Mannheim die -Aktion  &#8222;Sicherer Schulweg&#8220;- durch. <\/p>\n\n\n\n<p>Im Zeitraum vom 11.09.2019 bis \n28.09.2019 werden verst\u00e4rkte Verkehrs\u00fcberwachungsma\u00dfnahmen im Bereich \nvon Schulen und Schulwegen durchgef\u00fchrt. Festgestellte Verst\u00f6\u00dfe werden \nkonsequent geahndet! <\/p>\n\n\n\n<p>Bei den Ma\u00dfnahmen achten die Kollegen \nhaupts\u00e4chlich auf die Gurtanlege- und Kindersicherungspflicht. Au\u00dferdem \nwerden Geschwindigkeitskontrollen durchgef\u00fchrt, insbesondere an den \nStellen mit einer erh\u00f6hten Unfallgefahr f\u00fcr Kinder und Jugendliche und \nim Bereich der Schulwege. Zudem wird darauf geachtet wie sich \nKraftfahrzeugf\u00fchrer gegen\u00fcber \u00f6ffentlichen Verkehrsmitteln und \nSchulbussen sowie an Bushaltestellen, Fu\u00dfg\u00e4ngerfurten und -\u00fcberwegen \nverhalten. Verkehrsteilnehmer, die gegen Park- und Halteverbote auf Geh-\n und Radwegen, an Kreuzungen, in un\u00fcbersichtlichen Kurvenbereichen, in \n&#8222;zweiter Reihe&#8220;, an Bushaltestellen oder an Fu\u00dfg\u00e4nger\u00fcberwegen stehen \noder parken, werden ebenso in den Fokus genommen. Aber auch die \nverbotene Benutzung von Mobiltelefonen und die damit verbundene \nAblenkung w\u00e4hrend der Fahrt wird ein Schwerpunkt der Kontrollma\u00dfnahmen \nsein. Au\u00dferdem wird die technische Sicherheit der von Sch\u00fclern genutzten\n Verkehrsmittel im Stra\u00dfenverkehr \u00fcberpr\u00fcft, wie z.B. bei Fahrr\u00e4dern. \nDas Verhalten der Sch\u00fcler auf den Schul- und Radschulwegen wird ebenso \n\u00fcberwacht. <\/p>\n\n\n\n<p>Bei der letztj\u00e4hrigen &#8222;Aktion Sicherer Schulweg&#8220; wurden als h\u00e4ufigste Fehlverhaltensweisen <\/p>\n\n\n\n<ul><li>das falsche\/ fehlerhafte \u00dcberqueren der Fahrbahn <\/li><li>Verst\u00f6\u00dfe gegen die Vorschriften \u00fcber das Halten\/ Parken <\/li><li>Verst\u00f6\u00dfe gegen die Gurtpflicht\/R\u00fcckhalteeinrichtungen <\/li><\/ul>\n\n\n\n<p>festgestellt. <\/p>\n\n\n\n<p>Im\n Bereich des Polizeipr\u00e4sidiums Mannheim ereigneten sich im Jahr 2018 \ninsgesamt 20 Schulwegunf\u00e4lle (Vorjahr 40), bei denen 22 Personen \n(Vorjahr 41) verletzt wurden. Im gleichen Zeitraum sank die Zahl der \nVerkehrsunf\u00e4lle mit Kindern um neun auf 268 Kinder. 219 Kinder wurden \nleicht verletzt, 54 Kinder schwer verletzt, ein Kind kam im Vorjahr ums \nLeben. <\/p>\n\n\n\n<p>Erste Trends zeigen, dass die Schulwegunf\u00e4lle und auch die\n Unf\u00e4lle an denen Kinder beteiligt waren wieder leicht ansteigen. Ein \nGrund mehr die Kontrollma\u00dfnahmen in diesem Bereich zu intensivieren. <\/p>\n\n\n\n<p>Die Ergebnisse der Kontrollaktionen werden bei Vorliegen kommuniziert. <\/p>\n\n\n\n<h4 class=\"wp-block-heading\">(Heidelberg) &#8211; Unfall in der Heidelberger Altstadt:  zwei Leichtverletzte \/ Beide Autos nicht mehr fahrbereit<\/h4>\n\n\n\n<p>Am Dienstagmittag kurz nach 14 Uhr kam es in der Stra\u00dfe &#8222;Am  Hackteufel\/Alte Br\u00fccke&#8220; zu einem Verkehrsunfall, bei dem beide  Beteiligte leicht verletzt wurden und die Autos von Abschleppunternehmen  auch abtransportiert werden mussten. <\/p>\n\n\n\n<p>Verursacht hatte den Unfall  ein 37-j\u00e4hriger VW Golf-Fahrer, der nicht ausreichend auf den Verkehr  geachtet hatte und auf den davor befindlichen Ford einer aus Sandhausen  stammenden Frau aufgefahren war. Beide Beteiligte zogen sich leichte  Verletzungen zu, ben\u00f6tigten aber keine medizinische Versorgung. Die  Polizei beziffert den Gesamtschaden auf 8.000 Euro. <\/p>\n\n\n\n<h4 class=\"wp-block-heading\">(Heidelberg) &#8211; Polizei ermittelt wegen Sachbesch\u00e4digung und bittet um Hinweise<\/h4>\n\n\n\n<p>In der Nacht zum Dienstag wurden zwei in der Mannheimer Stra\u00dfe  abgestellte Fahrzeuge mit rotem Lack bespr\u00fcht, so dass der Gesch\u00e4digte  einen Schaden von mehr als 6.000 Euro zu regeln hat. An der kompletten  Fahrerseite des Opel Insignia wie auch an der Front des Piaggio Rollers &#8211;  beide Fahrzeuge standen in der Zeit zwischen Montagabend, 21 Uhr und  Dienstagfr\u00fch, 5 Uhr &#8211; wurde dieselbe rote Farbe angebracht, so dass die  Beamten auch von ein- und demselben T\u00e4ter ausgehen. Zeugen, die  verd\u00e4chtige Beobachtungen gemacht haben, werden daher gebeten, sich mit  dem Polizeirevier Heidelberg-S\u00fcd, Tel.: 06221\/3418-0, in Verbindung zu  setzen. <\/p>\n\n\n\n<h4 class=\"wp-block-heading\">(Heidelberg-Weststadt) &#8211; Audi A5 erheblich besch\u00e4digt \/ Verursacher gefl\u00fcchtet &#8211; Zeugen gesucht!<\/h4>\n\n\n\n<p>Ein bislang unbekannter Autofahrer besch\u00e4digte in der Zeit von  Mittwoch, 04.09., 18 Uhr bis Dienstag, 10.09., 16:30 Uhr, ein Audi A5  Cabriolet, welches in der Bunsenstra\u00dfe\/Ecke Landhausstra\u00dfe geparkt war.  Der Verursacher war im Anschluss von der Unfallstelle gefl\u00fcchtet, obwohl  der Audi auf der Fahrerseite erheblich besch\u00e4digt worden war. Der  Sachschaden wird auf ca. 4.000 Euro gesch\u00e4tzt. <\/p>\n\n\n\n<p>Zeugen, die den  Unfall beobachtet haben und Hinweise zum Unfallverursacher geben k\u00f6nnen,  werden gebeten, sich beim Polizeirevier Heidelberg-Mitte unter Tel.:  06221\/99-1700 zu melden. <\/p>\n\n\n\n<h4 class=\"wp-block-heading\">(Schwetzingen \/ Rhein-Neckar-Kreis) &#8211; Diebstahl in Supermarkt \/ BMW-Fahrer verfolgt den Dieb und bringt Diebesgut zur\u00fcck &#8211; Dieser Autofahrer sowie Zeugen gesucht!<\/h4>\n\n\n\n<p>\n Ein bislang unbekannter T\u00e4ter ist am Dienstagabend, gegen 21:10 Uhr, \naus einem Supermarkt in der Carl-Theodor-Stra\u00dfe gefl\u00fcchtet, nachdem er \neinige Waren gestohlen hatte. Der Mann lief offenbar ohne zu Bezahlen \nmit einer vollen Einkaufst\u00fcte in Richtung Ausgang, was von Zeugen \nbeobachtet wurde. Diese sprachen eine Mitarbeiterin an, die sofort dem \nUnbekannten hinterherging. Als dieser die Frau hinter sich bemerkte, \nschlug er mit seiner Einkaufstasche nach der 41-J\u00e4hrigen, die jedoch \nnoch ausweichen konnte. Daraufhin rannte er aus dem Laden und wurde auf \nder Stra\u00dfe beinahe von einem schwarzen BMW erfasst. Zwei Zeugen waren \ndem Dieb noch bis zur Bismarckstra\u00dfe\/Marstallstra\u00dfe gefolgt, wo sie ihn \ndann aber aus den Augen verloren. Laut Aussage der Mitarbeiterin hatte \nauch der unbekannte Autofahrer mit seinem BMW die Verfolgung \naufgenommen. Kurze Zeit sp\u00e4ter, gegen 21:30 Uhr, kam der BMW-Fahrer zum \nSupermarkt zur\u00fcck und \u00fcbergab der Frau das Diebesgut, welches er eigenen\n Angaben zufolge, dem Dieb abgenommen hatte. <\/p>\n\n\n\n<p>Die Polizei sucht nun diesen BMW-Fahrer. Er soll ca. 30 Jahre alt und ein s\u00fcdl\u00e4ndisches Aussehen gehabt haben. <\/p>\n\n\n\n<p>Der  Dieb konnte wie folgt beschrieben werden: <\/p>\n\n\n\n<ul><li>etwa 25-30 Jahre alt<\/li><li>ca.  1,80 m gro\u00df<\/li><li>schlank<\/li><li>dunkle Augen<\/li><li>kurze dunkle Haare<\/li><li>s\u00fcdl\u00e4ndisches  Aussehen<\/li><li>3-Tage-Bart<\/li><li>rug eine blaue Jeans und ein schwarzes T-Shirt<\/li><\/ul>\n\n\n\n<p>Weitere  Zeugen und insbesondere der BMW-Fahrer werden gebeten, sich beim  Polizeirevier Schwetzingen unter Tel.: 06202\/288-0 zu melden. <\/p>\n\n\n\n<h4 class=\"wp-block-heading\">(Altlu\u00dfheim \/ Rhein-Neckar-Kreis) &#8211; Kollision im Kreuzungsbereich \/ Roller-Fahrer st\u00fcrzt und verletzt sich<\/h4>\n\n\n\n<p>Ein 16-j\u00e4hriger Roller-Fahrer war am Dienstag kurz nach 14 Uhr in der  Gersdorfer Stra\u00dfe unterwegs und achtete im Kreuzungsbereich zur  Badenwerkstra\u00dfe nicht auf den ordnungsgem\u00e4\u00df fahrenden Opel Astra-Fahrer.  <\/p>\n\n\n\n<p>Der 57-J\u00e4hrige konnte nicht mehr ausweichen bzw. bremsen, \nerfasste den Roller, wodurch sich der 16-J\u00e4hrige bei dem Sturz auf die \nFahrbahn Verletzungen zuzog. Nach der Erstversorgung an der Unfallstelle\n durch den Notarzt wurde der Jugendliche in einem Krankenhaus \nweiterbehandelt. Die Polizei beziffert den Schaden auf mehrere hundert \nEuro. <\/p>\n\n\n\n<p>Gemeindebedienstete s\u00e4uberten die mit ausgelaufenen Betriebsstoffen verschmutzte Fahrbahn. <\/p>\n\n\n\n<h4 class=\"wp-block-heading\">(Hockenheim \/ Rhein-Neckar-Kreis) &#8211; Nach gef\u00e4hrlicher K\u00f6rperverletzung  und versuchter Erpressung; Kriminalpolizei sucht nach fl\u00fcchtigem Verd\u00e4chtigen<\/h4>\n\n\n\n<div class=\"wp-block-image\"><figure class=\"aligncenter\"><img decoding=\"async\" loading=\"lazy\" width=\"500\" height=\"750\" src=\"https:\/\/speyer24news.com\/wp-content\/uploads\/2019\/09\/Schmiere.jpg\" alt=\"\" class=\"wp-image-19061\" srcset=\"https:\/\/speyer24news.com\/wp-content\/uploads\/2019\/09\/Schmiere.jpg 500w, https:\/\/speyer24news.com\/wp-content\/uploads\/2019\/09\/Schmiere-200x300.jpg 200w\" sizes=\"(max-width: 500px) 100vw, 500px\" \/><\/figure><\/div>\n\n\n\n<p>Wegen versuchter Erpressung und gef\u00e4hrlicher K\u00f6rperverletzung suchen  die Ermittler des Raubdezernats des Kriminalkommissariats Mannheim nach  einem jungen Mann. <\/p>\n\n\n\n<p>Am sp\u00e4ten Abend des 07. Juni 2019 klingelte es\n gegen 22:40 Uhr an der Wohnungst\u00fcr des Gesch\u00e4digten. Ein bislang \nUnbekannter stand nach \u00d6ffnen der T\u00fcr durch den Gesch\u00e4digten mit dem \nR\u00fccken zur Wohnungst\u00fcr. Nahezu zeitgleich st\u00fcrmte ein zweiter T\u00e4ter ins \nHaus und schlug den 54-J\u00e4hrigen  mehrfach mit der Faust ins Gesicht. \nAnschlie\u00dfend fl\u00fcchtete das Duo zu Fu\u00df. <\/p>\n\n\n\n<p>Zwei Tage sp\u00e4ter erhielt \nein Verwandter des Gesch\u00e4digten einen Anruf, in welchem er zur Zahlung \neines gr\u00f6\u00dferen Geldbetrags aufgefordert wurde. F\u00fcr den Fall der \nWeigerung wurde ihm ebenfalls mit k\u00f6rperlicher Gewalt gedroht. <\/p>\n\n\n\n<p>Da  der Schmiere stehende Komplize von der \u00dcberwachungskamera des Anwesens  gefilmt wurde, bitten die Beamten der Kriminalpolizeidirektion  Heidelberg die \u00d6ffentlichkeit um Unterst\u00fctzung: <\/p>\n\n\n\n<ul><li>Wer kennt den von der Kamera aufgenommenen Mann?<\/li><li>Wer kann  Hinweise zum Aufenthaltsort des Gesuchten geben? <\/li><\/ul>\n\n\n\n<p>Hinweisgeber  werden gebeten, die Kriminalpolizei unter 0621\/174-4444 anzurufen. <\/p>\n\n\n\n<h4 class=\"wp-block-heading\">(Wiesloch \/ Rhein-Neckar-Kreis) &#8211; Duo entwendet mehrere Smartphones und fl\u00fcchtet Fahndung der Polizei ohne Erfolg<\/h4>\n\n\n\n<p>Zwei bislang unbekannte M\u00e4nner betraten am Dienstag kurz vor 12 Uhr ein  Gesch\u00e4ft in der Hauptstra\u00dfe, begaben sich direkt zur Ausstellungsware,  rissen f\u00fcnf Smartphones aus der Sicherung und fl\u00fcchteten sofort in  Richtung Ringstra\u00dfe. Zu einem Dialog mit den beiden Angestellten kam es  nicht. Die iPhones haben einen Gesamtwert von \u00fcber 4.400 Euro. <\/p>\n\n\n\n<p>Sofort nach Bekanntwerden der Tat leitete die Polizei eine Fahndung nach dem Duo ein, diese blieb jedoch ohne Erfolg. <\/p>\n\n\n\n<p>Die  M\u00e4nner werden wie folgt beschrieben: <\/p>\n\n\n\n<ul><li>Ca. 20 &#8211; 25 Jahre alt<\/li><li>sportliche schlanke Figur<\/li><li>ca. 170 cm gro\u00df<\/li><li>schwarze Haare<\/li><li>etwas dunklerer Teint<\/li><li>Sie trugen beide dunkle Kleidung, einer davon mit Basecap und  \u00e4rmelloser Steppweste. <\/li><\/ul>\n\n\n\n<p>Passanten, die auf die beschriebenen  M\u00e4nner evtl. aufmerksam geworden sind und Hinweise zu deren Aufenthalt  geben k\u00f6nnen, werden gebeten, sich mit dem Polizeirevier Wiesloch, Tel.:  06222\/57090, in Verbindung zu setzen. <\/p>\n\n\n\n<h4 class=\"wp-block-heading\">(Sch\u00f6nau \/ Rhein-Neckar-Kreis) &#8211; Autofahrer schaute eindeutig zu tief ins Glas&#8230;<\/h4>\n\n\n\n<p>Alkoholisiert verursachte am Dienstagabend ein VW Passat-Fahrer in der  Panoramastra\u00dfe einen Unfall. Einer Autofahrerin war die \u00e4u\u00dferst  unsichere Fahrweise des Mannes gegen 21.30 Uhr aufgefallen. Nachdem er  dann auch noch einen geparkten Wagen gerammt hatte, machte sie durch  Hupen auf die Situation aufmerksam. Der Mann stoppte seinen VW, worauf  sie die Polizei verst\u00e4ndigte. <\/p>\n\n\n\n<p>Eine vor Ort durchgef\u00fchrte  Alkohol\u00fcberpr\u00fcfung ergab den Wert von \u00fcber 1,7 Promille. Dem Mann wurde  danach auf der Wache des Neckargem\u00fcnder Polizeireviers eine Blutprobe  entnommen und seinen F\u00fchrerschein einbehalten. Er sieht einer Anzeige  bei der Staatsanwaltschaft Heidelberg entgegen. An den Autos entstand  ein Gesamtschaden von 8.000 Euro. <\/p>\n\n\n\n<h4 class=\"wp-block-heading\">(Sinsheim \/ Rhein-Neckar-Kreis) &#8211; Duo beim Ladendiebstahl erwischt<\/h4>\n\n\n\n<p>Der Ladendetektiv eines Drogeriemarktes in der Bahnhofstra\u00dfe  verst\u00e4ndigte am Dienstag kurz vor 15 Uhr die Polizei, da er zwei M\u00e4nner  beim Diebstahl von Parfum beobachtet hatte und nun verfolgte. Im Bereich  der Allee konnten der Detektiv wie auch die beiden M\u00e4nner, ein  19-j\u00e4hriger Sinsheimer und ein 20-J\u00e4hriger aus Reichartshausen, von  Beamten des \u00f6rtlichen Polizeireviers angetroffen werden. Die beiden  Parfumflaschen im Wert von rund 200 Euro, die die M\u00e4nner zun\u00e4chst in die  Taschen ihrer Kapuzenpullover gesteckt hatten, wurden in einem Geb\u00fcsch  wieder aufgefunden. <\/p>\n\n\n\n<p>Das Duo, sie gaben an, von einem Dritten \nangestiftet worden zu sein, r\u00e4umten die Diebst\u00e4hle ein. Diesbez\u00fcglich \ndauern die weiteren Ermittlungen noch an. <\/p>\n\n\n\n<p>Wegen Ladendiebstahls sehen sie jedoch Anzeigen entgegen. <\/p>\n\n\n\n<h4 class=\"wp-block-heading\">(Eberbach \/ Rhein-Neckar-Kreis) &#8211; Kopfverletzung nach &#8222;Schubser&#8220; gegen Hinweisschild, Zeugenhinweise erbeten!<\/h4>\n\n\n\n<p>Ein achtj\u00e4hriges M\u00e4dchen zog sich am Dienstagabend in Eberbach eine  blutende Kopfverletzung zu, nachdem es von einem Unbekannten gegen ein  Verkehrsschild gesto\u00dfen worden war. <\/p>\n\n\n\n<p>Die Sch\u00fclerin war gegen 19:15\n Uhr in der Neckarstra\u00dfe unterwegs und hatte soeben den dortigen \nKreisverkehr passiert, als sich von hinten ein 12- bis 13-j\u00e4hriger Junge\n n\u00e4herte. Als sich dieser etwa auf gleicher H\u00f6he mit dem Kind befand, \nsoll er das M\u00e4dchen grundlos mit beiden H\u00e4nden gesto\u00dfen haben, sodass \ndie Achtj\u00e4hrige gegen eine an einem Rohrmast befestigte Hinweistafel \nprallte und sich eine blutende Wunde am Kopf zuzog. <\/p>\n\n\n\n<p>Nach der Tat fl\u00fcchtete der Jugendliche vom Tatort. Er wurde wie folgt beschrieben: <\/p>\n\n\n\n<ul><li>Etwa 160cm gro\u00df<\/li><li>dunkles kurzes Haar<\/li><li>schlank<\/li><li>bekleidet mit einer Jeans<\/li><\/ul>\n\n\n\n<p>Das verletzte Kind rannte nach Hause. Im Krankenhaus wurde die Risswunde anschlie\u00dfend medizinisch versorgt. <\/p>\n\n\n\n<p>Das  wegen K\u00f6rperverletzung ermittelnde Polizeirevier in Eberbach bittet  eventuelle Zeugen der Tat um telefonische Meldung unter 06271\/9210-0. <\/p>\n\n\n\n<h4 class=\"wp-block-heading\">(Dossenheim \/ Rhein-Neckar-Kreis) &#8211; Zweiradfahrerin prallt mit VW Sharan zusammen und wird leicht verletzt<\/h4>\n\n\n\n<p>In der Bahnhofstra\u00dfe kam es am Dienstagabend gegen 19 Uhr zu einer  Kollision zwischen einer 16-j\u00e4hrigen Zweiradfahrerin und einem VW  Sharan-Fahrer aus Neckargem\u00fcnd. Bei unklarer Verkehrslage \u00fcberholte sie  den Wagen und st\u00fcrzte. Gl\u00fccklicherweise zog sie sich nur leichte  Verletzungen zu. An den Fahrzeugen entstand Schaden von mehreren tausend  Euro. <\/p>\n\n\n\n<h4 class=\"wp-block-heading\">(Weinheim \/ Rhein-Neckar-Kreis) &#8211; Reh von Auto erfasst und get\u00f6tet<\/h4>\n\n\n\n<p>Ein Reh querte am Dienstagabend kurz vor 21 Uhr die Fahrbahn der  Odenwaldstra\u00dfe im Ortsteil Rippenweier und wurde von dem Audi einer aus  Wilhelmsfeld stammenden Frau erfasst und sofort get\u00f6tet. Am Auto  entstand zudem Schaden von 4.000 Euro; die Fahrerin \u00fcberstand den  Zusammenprall mit dem Tier zum Gl\u00fcck ohne Verletzungen. Der Jagdp\u00e4chter  wurde verst\u00e4ndigt und k\u00fcmmerte sich um die Beseitigung des toten Tieres.  <\/p>\n\n\n\n<h4 class=\"wp-block-heading\">(Weinheim \/ Rhein-Neckar-Kreis) &#8211; Unbekannter Autofahrer f\u00e4hrt vermutlich  beim Ausparken gegen Vorderrad eines BMW und fl\u00fcchtet \/ Zeugen gesucht!<\/h4>\n\n\n\n<p>Erheblich besch\u00e4digt wurde am Dienstag, zwischen 11:20 Uhr und 13:40  Uhr, ein 5er BMW, der gegen\u00fcber eines Parkplatzes in der Waidallee  geparkt war. Als der Halter des Wagens am Mittag zu seinem Auto  zur\u00fcckkehrte, stellte er fest, dass beide Vorderr\u00e4der &#8222;in verschiedene  Richtungen&#8220; standen. Ein bislang unbekannter Autofahrer war vermutlich  beim Ausparken gegen eines der R\u00e4der gefahren und hatte dabei die  Vorderachse so verschoben, dass der BMW nicht mehr fahrbereit war. Er  musste abgeschleppt werden. Der Verursacher hatte sich von der  Unfallstelle entfernt. Die H\u00f6he des Sachschadens bel\u00e4uft sich auf  mehrere Tausend Euro. <\/p>\n\n\n\n<p>Zeugen, die den Unfall beobachtet haben und  Hinweise zum Unfallverursacher geben k\u00f6nnen, werden gebeten, sich mit  dem Polizeirevier Weinheim unter Tel.: 06201\/1003-0 in Verbindung zu  setzen. <\/p>\n\n\n\n<h4 class=\"wp-block-heading\">(Hemsbach \/ Rhein-Neckar-Kreis) &#8211; Audi Q2 besch\u00e4digt und gefl\u00fcchtet<\/h4>\n\n\n\n<p>Einen auf dem LIDL-Parkplatz in der Berliner Stra\u00dfe abgestellten Audi  Q2 besch\u00e4digte im Laufe des Dienstag ein bislang unbekannter Autofahrer  vermutlich beim Ein- oder Ausparken und entfernte sich danach unerlaubt.  Das Fahrzeug war in der Zeit zwischen 5.40 und 13.20 Uhr geparkt und  weist einen Schaden von rund 2.000 Euro auf. Die Beamten ermitteln nun  wegen Unfallflucht und nehmen unter Tel.: 06201\/10030 sachdienliche  Hinweise zum Fl\u00fcchtigen entgegen. <\/p>\n","protected":false},"excerpt":{"rendered":"<div class=\"mh-excerpt\"><p>Polizeimeldungen vom Mittwoch (11.09.2019) (Speyer) &#8211; Zechbetrug bei Asia-Imbiss Ein 20j\u00e4hriger Mann aus Speyer speiste am Dienstagabend in einem asiatischen Stra\u00dfenimbiss auf der Maximilianstra\u00dfe f\u00fcr 23 EUR und er\u00f6ffnete anschlie\u00dfend dem Personal, dass er nicht <a class=\"mh-excerpt-more\" href=\"https:\/\/speyer24news.com\/?p=19059\" title=\"Polizei\">[&#8230;]<\/a><\/p>\n<\/div>","protected":false},"author":3,"featured_media":0,"comment_status":"open","ping_status":"open","sticky":false,"template":"","format":"standard","meta":{"_monsterinsights_skip_tracking":false,"_monsterinsights_sitenote_active":false,"_monsterinsights_sitenote_note":"","_monsterinsights_sitenote_category":0,"footnotes":""},"categories":[12],"tags":[61,2555,63,105,53,102,213,55,103,106,2803,2423,427,62,104,979,1565],"aioseo_notices":[],"amp_enabled":true,"_links":{"self":[{"href":"https:\/\/speyer24news.com\/index.php?rest_route=\/wp\/v2\/posts\/19059"}],"collection":[{"href":"https:\/\/speyer24news.com\/index.php?rest_route=\/wp\/v2\/posts"}],"about":[{"href":"https:\/\/speyer24news.com\/index.php?rest_route=\/wp\/v2\/types\/post"}],"author":[{"embeddable":true,"href":"https:\/\/speyer24news.com\/index.php?rest_route=\/wp\/v2\/users\/3"}],"replies":[{"embeddable":true,"href":"https:\/\/speyer24news.com\/index.php?rest_route=%2Fwp%2Fv2%2Fcomments&post=19059"}],"version-history":[{"count":2,"href":"https:\/\/speyer24news.com\/index.php?rest_route=\/wp\/v2\/posts\/19059\/revisions"}],"predecessor-version":[{"id":19065,"href":"https:\/\/speyer24news.com\/index.php?rest_route=\/wp\/v2\/posts\/19059\/revisions\/19065"}],"wp:attachment":[{"href":"https:\/\/speyer24news.com\/index.php?rest_route=%2Fwp%2Fv2%2Fmedia&parent=19059"}],"wp:term":[{"taxonomy":"category","embeddable":true,"href":"https:\/\/speyer24news.com\/index.php?rest_route=%2Fwp%2Fv2%2Fcategories&post=19059"},{"taxonomy":"post_tag","embeddable":true,"href":"https:\/\/speyer24news.com\/index.php?rest_route=%2Fwp%2Fv2%2Ftags&post=19059"}],"curies":[{"name":"wp","href":"https:\/\/api.w.org\/{rel}","templated":true}]}}