{"id":19066,"date":"2019-09-11T17:34:54","date_gmt":"2019-09-11T16:34:54","guid":{"rendered":"https:\/\/speyer24news.com\/?p=19066"},"modified":"2019-09-11T17:34:57","modified_gmt":"2019-09-11T16:34:57","slug":"kirche-27","status":"publish","type":"post","link":"https:\/\/speyer24news.com\/?p=19066","title":{"rendered":"Kirche:"},"content":{"rendered":"<style type=\"text\/css\">\r\n\t.ads_top_disp{}\r\n\t.ads_top_corner_disp{ float:left; margin:0px 10px 10px 0px; }\r\n\t.ads_first_p_disp{}\r\n\t.ads_bottom_disp{}\r\n\t<\/style>\n<h2 class=\"wp-block-heading\"><strong>Wolfgang Jochim als Hauptabteilungsleiter der Zentralstelle eingef\u00fchrt<\/strong><\/h2>\n\n\n\n<h3 class=\"wp-block-heading\"><strong>Berufsweg  beim Bistum Speyer hat 1988 im Pfarrverband Edenkoben begonnen \u2013  Bew\u00e4hrter Organisator di\u00f6zesaner Gro\u00dfereignisse \u2013 Ab jetzt  stimmberechtigtes Mitglied im Allgemeinen Geistlichen Rat<\/strong><\/h3>\n\n\n\n<div class=\"wp-block-image\"><figure class=\"aligncenter\"><img decoding=\"async\" loading=\"lazy\" width=\"800\" height=\"533\" src=\"https:\/\/speyer24news.com\/wp-content\/uploads\/2019\/09\/Generalvikar-Andreas-Sturm-und-Wolfgang-Jochim.jpg\" alt=\"\" class=\"wp-image-19079\" srcset=\"https:\/\/speyer24news.com\/wp-content\/uploads\/2019\/09\/Generalvikar-Andreas-Sturm-und-Wolfgang-Jochim.jpg 800w, https:\/\/speyer24news.com\/wp-content\/uploads\/2019\/09\/Generalvikar-Andreas-Sturm-und-Wolfgang-Jochim-300x200.jpg 300w, https:\/\/speyer24news.com\/wp-content\/uploads\/2019\/09\/Generalvikar-Andreas-Sturm-und-Wolfgang-Jochim-768x512.jpg 768w\" sizes=\"(max-width: 800px) 100vw, 800px\" \/><figcaption>Generalvikar Andreas Sturm und Wolfgang Jochim<\/figcaption><\/figure><\/div>\n\n\n\n<p><strong>Speyer &#8211;<\/strong> Mit einer Feierstunde unter freiem Himmel wurde heute Kanzleidirektor  Wolfgang Jochim in sein neues Amt als Hauptabteilungsleiter der  Zentralstelle des Bisch\u00f6flichen Ordinariats eingef\u00fchrt. \u201eWir alle kennen  Wolfgang Jochim als einen Mann, der sich mit viel Engagement und  Herzblut f\u00fcr das Bistum einsetzt\u201c, sagte Generalvikar Andreas Sturm und  \u00fcberreichte ihm die Ernennungsurkunde des Bischofs. Jochim geh\u00f6rt dem  Allgemeinen Geistlichen Rat jetzt als stimmberechtigtes Mitglied an.  \u201eUnser Ziel ist, deutlich zu machen, wo Aufgaben und Verantwortung  liegen. Die Ernennung von Wolfgang Jochim zum Hauptabteilungsleiter der  Zentralstelle macht den Aufbau des Ordinariats transparenter und  klarer\u201c, erl\u00e4uterte Andreas Sturm.<\/p>\n\n\n\n<p>Wolfgang  Jochim stammt aus Diedesfeld und hat eine Ausbildung zum  Industriekaufmann absolviert. Seinen Dienst beim Bistum Speyer hat er  1988 als Gesch\u00e4ftsf\u00fchrer des katholischen Pfarrverbandes Edenkoben  begonnen. 1996 wechselte er in das Bisch\u00f6fliche Ordinariat nach Speyer  und \u00fcbernahm die Gesch\u00e4ftsf\u00fchrung der Hauptabteilung \u201ePastorale Dienste  und Gemeindearbeit\u201c. 2009 holte ihn Generalvikar Dr. Franz Jung als  Abteilungsleiter der Kanzlei und stellvertretenden Hauptabteilungsleiter  in die Zentralstelle. Zugleich wurde Wolfgang Jochim zum  Kanzleidirektor und beratenden Mitglied des Allgemeinen Geistlichen Rats  ernannt. Ein Schwerpunkt seiner T\u00e4tigkeit war der Erneuerungsprozess  \u201eGemeindepastoral 2015\u201c, f\u00fcr den er gemeinsam mit Generalvikar Dr. Franz  Jung die Gesch\u00e4ftsf\u00fchrung wahrgenommen und in zahlreichen  Arbeitsgruppen auch inhaltlich mitgewirkt hat. Jochim ist zugleich  Mitglied zahlreicher Gremien, dazu z\u00e4hlen beispielsweise der  Di\u00f6zesanverm\u00f6gensverwaltungsrat, der Verwaltungsrat von Maria Rosenberg  sowie der Koordinierungsausschuss des katholischen Datenschutzzentrums  Frankfurt.<\/p>\n\n\n\n<div class=\"wp-block-image\"><figure class=\"aligncenter\"><img decoding=\"async\" loading=\"lazy\" width=\"800\" height=\"533\" src=\"https:\/\/speyer24news.com\/wp-content\/uploads\/2019\/09\/Wolfgang-Jochim.jpg\" alt=\"\" class=\"wp-image-19080\" srcset=\"https:\/\/speyer24news.com\/wp-content\/uploads\/2019\/09\/Wolfgang-Jochim.jpg 800w, https:\/\/speyer24news.com\/wp-content\/uploads\/2019\/09\/Wolfgang-Jochim-300x200.jpg 300w, https:\/\/speyer24news.com\/wp-content\/uploads\/2019\/09\/Wolfgang-Jochim-768x512.jpg 768w\" sizes=\"(max-width: 800px) 100vw, 800px\" \/><\/figure><\/div>\n\n\n\n<p>Im\n Bistum Speyer hat sich Wolfgang Jochim auch als Organisator di\u00f6zesaner \nGro\u00dfereignisse einen Namen gemacht. Angefangen von der Lourdes-Wallfahrt\n 1998 \u00fcber die Seligsprechung Paul Josef Nardinis 2006 bis zum \nBistumsjubil\u00e4um und den Trauerfeierlichkeiten f\u00fcr Altkanzler Dr. Helmut \nKohl 2017: Wolfgang Jochim hat die Planungen immer wieder souver\u00e4n \nzusammengef\u00fchrt und war Garant f\u00fcr einen professionellen und \nreibungslosen Ablauf. Auch beim Di\u00f6zesan-Katholikentag am kommenden \nSonntag auf dem Gel\u00e4nde der Gartenschau in Kaiserslautern liegt die \norganisatorische Gesamtverantwortung erneut in seinen H\u00e4nden.<\/p>\n\n\n\n<p>In\n der Zentralstelle des Bisch\u00f6flichen Ordinariats sind klassische \nVerwaltungsaufgaben geb\u00fcndelt. Dazu geh\u00f6ren die Kanzlei, das Rechtsamt, \ndas Kirchenrecht, der Datenschutz, die Regionalverwaltungen und \nKindertagesst\u00e4tten, die elektronische Datenverarbeitung, die \nInnenrevision, das Bistumsarchiv und die \u00d6ffentlichkeitsarbeit. Die \nZentralstelle war bisher von Generalvikar Andreas Sturm gef\u00fchrt worden. \nEr wird sich k\u00fcnftig verst\u00e4rkt in die Mitarbeitergespr\u00e4che und die \nPersonalentwicklung der Priester des Bistums einbringen.<\/p>\n\n\n\n<p>\u201eEs\n ist eine gro\u00dfe Herausforderung, all den Anforderungen, die Politik, \nGesellschaft, aber auch die Kirchengemeinden an uns stellen, immer \nwieder gerecht zu werden\u201c, betonte Wolfgang Jochim. Die Zentralstelle \nhabe dabei eine besondere Rolle. \u201eAn uns liegt es zu unterst\u00fctzen und \ndie Rahmenbedingungen so zu gestalten, dass sowohl die Kolleginnen und \nKollegen in allen Hauptabteilungen des Ordinariates, den \nRegionalverwaltungen und anderen Au\u00dfenstellen, aber auch in den \nPfarreien und bei sonstigen kirchlichen Rechtstr\u00e4gern ihren Auftrag in \nund f\u00fcr die Kirche von Speyer erf\u00fcllen k\u00f6nnen.\u201c Musikalisch umrahmt \nwurde die Feierstunde im Innenhof des Haus der Kirchenmusik von Matthias\n L\u00f6cher, dem Leiter der Regionalverwaltung Neustadt, mit St\u00fccken auf \nseiner Knopf-Harmonika.<\/p>\n\n\n\n<p><strong>Bildergalerie:<\/strong><\/p>\n\n\n\n<p><a href=\"https:\/\/www.bistum-speyer.de\/aktuelles\/bildergalerien\/bildergalerie-wechsel-in-der-leitung-der-zentralstelle\/\">https:\/\/www.bistum-speyer.de\/aktuelles\/bildergalerien\/bildergalerie-wechsel-in-der-leitung-der-zentralstelle\/<\/a><\/p>\n\n\n\n<p><em>Bistum Speyer<br>11.09.2019<\/em><\/p>\n\n\n\n<h2 class=\"wp-block-heading\"><strong>Europ\u00e4ischer Kammerchor zu Gast im Dom<\/strong><\/h2>\n\n\n\n<h3 class=\"wp-block-heading\"><strong>Konzert in der Reihe \u201eCantate Domino\u201c<\/strong><\/h3>\n\n\n\n<div class=\"wp-block-image\"><figure class=\"aligncenter\"><img decoding=\"async\" loading=\"lazy\" width=\"800\" height=\"533\" src=\"https:\/\/speyer24news.com\/wp-content\/uploads\/2019\/09\/EUKA_2019_m.jpg\" alt=\"\" class=\"wp-image-19078\" srcset=\"https:\/\/speyer24news.com\/wp-content\/uploads\/2019\/09\/EUKA_2019_m.jpg 800w, https:\/\/speyer24news.com\/wp-content\/uploads\/2019\/09\/EUKA_2019_m-300x200.jpg 300w, https:\/\/speyer24news.com\/wp-content\/uploads\/2019\/09\/EUKA_2019_m-768x512.jpg 768w\" sizes=\"(max-width: 800px) 100vw, 800px\" \/><\/figure><\/div>\n\n\n\n<p><strong>Speyer &#8211; <\/strong>Auf Einladung der Dommusik Speyer bereichern immer wieder renommierte,  ausw\u00e4rtige Ensembles das musikalische Leben am Speyerer Dom. Am <strong>Samstag,  21. September 2019<\/strong>, 18 Uhr, gastiert der Europ\u00e4ische Kammerchor unter  der Leitung von Michael Reif in der Reihe \u201eCantate Domino\u201c in der  romanischen Kathedrale. Unter dem Titel \u201eMiserere\u201c werden die  S\u00e4ngerinnen und S\u00e4nger eine Auswahl an Werken pr\u00e4sentieren, die den Chor  die letzten 15 Jahre begleitet haben. Neben \u201eKlassikern\u201c sind auch  zeitgen\u00f6ssische St\u00fccke zu h\u00f6ren, in denen jedoch immer wieder bekannte  Motive aufgegriffen werden. Dar\u00fcber hinaus werden Spirituals und Gospels  erklingen, die der Chor im Herbst 2018 auf CD eingesungen hat. Der  Eintritt zu dem Konzert ist frei, mit einer Spende unterst\u00fctzen die  Konzertg\u00e4ste die Arbeit der Dommusik Speyer.<\/p>\n\n\n\n<p>Der\n ausgezeichnete Ruf des Europ\u00e4ischen Kammerchores f\u00fchrte in den \nvergangenen 15 Jahren zu einer Vielzahl von Konzerteinladungen. Weit \nbeachtete Konzerte in der K\u00f6lner Philharmonie, beim WDR und bei \nFestivals im In- und Ausland sind das Ergebnis der intensiven \nChorarbeit. Unverwechselbarer Sound, h\u00f6chste Qualit\u00e4t, lebendige \nInterpretation und Intensit\u00e4t haben Publikum und Presse gleicherma\u00dfen \nbeeindruckt.<\/p>\n\n\n\n<p><strong>Zum Europ\u00e4ischen Kammerchor:<\/strong>\n Der Chor wurde 2004 gegr\u00fcndet und widmet sich unter seinem Gr\u00fcnder und \nLeiter Michael Reif anspruchsvoller a-cappella Chorliteratur. \nUnverwechselbare Programme, Spannungsfelder zwischen alter und neuer \nMusik, Neugier auf romantische Chorwerke und das Aufsp\u00fcren von \nvergessenen Werken der Chorliteratur, sind zum Markenzeichen des \nEurop\u00e4ischen Kammerchores geworden.<\/p>\n\n\n\n<p>Die  Interpretationen zeitgen\u00f6ssischer Musik und die vielf\u00e4ltigen  Zusammenarbeiten mit Komponisten haben das Selbstverst\u00e4ndnis des Chores  gepr\u00e4gt, erfolgreich als Vermittler zwischen Musik und Publikum zu  wirken. Namhafte Komponisten haben dem Chor regelm\u00e4\u00dfig Urauff\u00fchrungen  anvertraut (Michael Ostrzyga, Harald Weiss, Michael Villmow und Wulfin  Lieske, u.A.).<\/p>\n\n\n\n<p>Zusammenarbeiten mit  Ensembles, mit Instrumentalisten und Orchestern bereichern die  musikalische Ausdruckspalette hin zur Chorsinfonik. Unverwechselbarer  Sound, h\u00f6chste Qualit\u00e4t, lebendige Interpretation und Intensit\u00e4t haben  Publikum und Presse gleicherma\u00dfen beeindruckt. Zuletzt hat das Ensemble  mit seiner eindrucksvollen Interpretation von Alfred Schnittkes Requiem  (beim Acht Br\u00fccken-Festival in K\u00f6ln) internationales Aufsehen erregt.<\/p>\n\n\n\n<p><strong>Der Dirigent:<\/strong>\n Michael Reif gr\u00fcndete 2004 den Europ\u00e4ischen Kammerchor zu einem \nZeitpunkt, als er bereits auf einen reichhaltigen, schnell gewachsenen \nmusikalischen Erfahrungsschatz zur\u00fcckgreifen konnte. Nachdem er zun\u00e4chst\n seine Studien in Klavier, Gesang und Chorleitung mit Auszeichnung \nabgeschlossen hatte, bildete er sich im Rahmen internationaler \nMeisterkurse weiter und wurde so in kurzer Zeit nicht nur zum gefragten \nInterpreten, sondern auch zum angesehenen P\u00e4dagogen. So fungierte er \nbereits kurz nach dem Ende seines Studiums nicht nur als Direktor der \nMusikschule der Stadt Trier, sondern auch als Leiter der dortigen \nInternationalen Meisterkurse und Festlichen Musiktage. Neben seiner \ninternationalen Dirigentent\u00e4tigkeit, die ihn auf Konzertpodien von den \nUSA bis nach Japan f\u00fchrten, hat Michael Reif in K\u00f6ln eine musikalische \nHeimat gefunden. Den dortigen B\u00fcrgern ist er als langj\u00e4hriger Leiter des\n G\u00fcrzenich-Chors sowie der K\u00f6lner Kurrende pr\u00e4sent. <\/p>\n\n\n\n<p>Daneben\n bleibt auch das Unterrichten ein wichtiger Schwerpunkt seines \nSchaffens: Durch seine Lehrt\u00e4tigkeit im Fach Chordirigieren sowohl an \nder Hochschule f\u00fcr Musik und Tanz in K\u00f6ln, als auch an der dortigen \nUniversit\u00e4t, geh\u00f6ren nicht nur angehende Musiker, sondern auch \nzuk\u00fcnftige P\u00e4dagogen zu seinen Sch\u00fclern. Zahlreiche Hochschulen im \nIn-und Ausland konnten ihn in den vergangenen Jahren als Gastdozent oder\n Kursleiter im Rahmen von Workshops gewinnen.<\/p>\n\n\n\n<p>Obwohl\n die intensive Auseinandersetzung mit der sogenannten \u201ehistorischen \nAuff\u00fchrungspraxis\u201c einen ersten Akzent in Michael Reifs k\u00fcnstlerischem \nProfil setzte (dokumentiert durch die Einspielung s\u00e4mtlicher Messen von \nW. A. Mozart mit dem Staatsorchester Rheinische Philharmonie), ist ihm \ndie Auseinandersetzung mit der Musik des 20. und 21. Jahrhunderts ein \nmindestens ebenso wichtiges Anliegen. Der intensive Austausch mit jungen\n Komponisten ist eine logische Konsequenz hieraus. Mehrere \nOpernproduktionen, die von Reif mit gro\u00dfem Erfolg nicht nur an der \nK\u00f6lner Oper geleitet wurden, zeigen eine weitere Facette seines weit \ngestreuten musikalischen Wirkens. <\/p>\n\n\n\n<p><em>Text: Bistum Speyer Foto: Europ\u00e4ischer Kammerchor<br>11.09.2019<\/em><\/p>\n\n\n\n<h2 class=\"wp-block-heading\"><strong>Irina Kreusch neue Leiterin der Hauptabteilung Schulen, Hochschulen und Bildung<\/strong><\/h2>\n\n\n\n<h3 class=\"wp-block-heading\"><strong>Ernennung  zur Ordinariatsdirektorin und zum stimmberechtigten Mitglied im  Allgemeinen Geistlichen Rat \u2013 Religi\u00f6se Bildungsangebote im lebenslangen  Lernen f\u00fcr das Bistum<\/strong><\/h3>\n\n\n\n<div class=\"wp-block-image\"><figure class=\"aligncenter\"><img decoding=\"async\" loading=\"lazy\" width=\"800\" height=\"616\" src=\"https:\/\/speyer24news.com\/wp-content\/uploads\/2019\/09\/Dr.-Irina-Kreusch-Portr\u00e4t.jpg\" alt=\"\" class=\"wp-image-19077\" srcset=\"https:\/\/speyer24news.com\/wp-content\/uploads\/2019\/09\/Dr.-Irina-Kreusch-Portr\u00e4t.jpg 800w, https:\/\/speyer24news.com\/wp-content\/uploads\/2019\/09\/Dr.-Irina-Kreusch-Portr\u00e4t-300x231.jpg 300w, https:\/\/speyer24news.com\/wp-content\/uploads\/2019\/09\/Dr.-Irina-Kreusch-Portr\u00e4t-768x591.jpg 768w\" sizes=\"(max-width: 800px) 100vw, 800px\" \/><\/figure><\/div>\n\n\n\n<p><strong>Speyer &#8211; <\/strong>Dr. Irina Kreusch wird neue Leiterin der Hauptabteilung \u201eSchulen,  Hochschulen und Bildung\u201c des Bisch\u00f6flichen Ordinariats. Das Bistum  Speyer \u00fcbertr\u00e4gt ihr die Aufgabe zum 1. Oktober. Damit verbunden ist die  Ernennung zur Ordinariatsdirektorin und zum stimmberechtigen Mitglied  im Allgemeinen Geistlichen Rat. Kreusch folgt auf Domdekan und Domkustos  Dr. Christoph Kohl. Er hatte die Hauptabteilung bis Ende Juni gef\u00fchrt.  \u201eWir freuen uns, dass wir Dr. Irina Kreusch f\u00fcr diese wichtige Aufgabe  gewinnen konnten\u201c, erkl\u00e4rt Generalvikar Andreas Sturm. \u201eSie bringt mit  ihren vielf\u00e4ltigen Kompetenzen und Erfahrungen daf\u00fcr die besten  Voraussetzungen mit, menschlich wie auch fachlich.\u201c<\/p>\n\n\n\n<p>Irina\n Kreusch ist in Bernkastel-Kues an der Mosel aufgewachsen. Sie hat in \nTrier Theologie, Germanistik, Politologie und Deutsch als Fremdsprache \nstudiert. Mit einer Dissertation zum Thema \u201eVerehrung oder Missbrauch \ndes g\u00f6ttlichen Namens? Der Eid zwischen Schwurverbot Jesu und \nKodifizierung im Gesetzbuch von 1983\u201c wurde sie am Lehrstuhl f\u00fcr \nKirchenrecht der Katholisch-Theologischen Fakult\u00e4t der Universit\u00e4t \nRegensburg 2004 zur Doktorin der Theologie promoviert.<\/p>\n\n\n\n<p>Ihren\n Berufsweg im Bistum Speyer startete sie 2005 als Grundsatzreferentin in\n der Hauptabteilung \u201eSchulen und Hochschulen\u201c. Zugleich unterrichtete \nsie katholische Religion am Hans-Purrmann-Gymnasium in Speyer. Seit 2010\n leitete sie die Abteilung \u201eReligionsunterricht und Schule\u201c und hat \nmehrere innovative Projekte auf den Weg gebracht. So l\u00e4dt das Bistum \nSpeyer seit 2012 j\u00e4hrlich zu den \u201eSch\u00fclertagen\u201c ein, bei denen \nSch\u00fclerinnen und Sch\u00fcler der Oberstufe sich in Gespr\u00e4chen mit dem \nBischof und mit Mitarbeiterinnen und Mitarbeitern aus verschiedenen \nArbeitsfeldern ein pers\u00f6nliches Bild von ihrem Heimatbistum machen \nk\u00f6nnen.<\/p>\n\n\n\n<p>Dr.\n Irina Kreusch ist auch publizistisch und auf dem Gebiet der \nwissenschaftlichen Lehre t\u00e4tig. Als Autorin hat sie Beitr\u00e4ge unter \nanderem f\u00fcr die Katholische Nachrichtenagentur, das Sonntagsblatt und \nkirchenrechtliche Fachliteratur verfasst. Sie geh\u00f6rt der Gesellschaft \nKatholischer Publizisten Deutschlands an und vertritt seit 2018 die \nrheinland-pf\u00e4lzischen Bist\u00fcmer im Rundfunkrat des SWR. Sie wirkte als \nwissenschaftliche Assistentin an der Universit\u00e4t Regensburg und hatte an\n der Universit\u00e4t Koblenz-Landau einen Lehrauftrag f\u00fcr Kirchenrecht und \nLiturgie.<\/p>\n\n\n\n<p>&#8222;Die\n Zeichen der Zeit, die es im Bildungsbereich aus christlicher Sicht \naktuell anzugehen gilt, sind Klimaschutz, Digitalisierung und politisch \nwie religi\u00f6se Extremismen vor dem Hintergrund einer hochkomplexen Welt. \nSinnsuche trifft darin oft auf theologische wie kirchliche \nSprachlosigkeit&#8220;, sch\u00e4tzt Irina Kreusch aktuelle Themen ein. Zugleich \nunterstreicht sie die Bedeutung eines lebenslangen Lernens. &#8222;Die \nGottesfrage, christliche Standpunkte und Wertvorstellungen in die \ngesellschaftliche Debatte einzubringen, Menschen zu h\u00f6ren und auf ihre \nBed\u00fcrfnisse, ihren \u201aBildungshunger\u2018 einzugehen oder ihn zu wecken: \ninterdisziplin\u00e4r, \u00f6kumenisch, wertsch\u00e4tzend, jesuanisch\u201c, hebt sie die \nBedeutung des kirchlichen Engagements hervor.<\/p>\n\n\n\n<p>Der\n Hauptabteilung \u201eSchulen, Hochschulen und Bildung\u201c ist zust\u00e4ndig f\u00fcr die\n Katholischen Schulen im Bistum Speyer, den katholischen \nReligionsunterricht an allen Schulen im Bistumsgebiet, und bietet mit \nSchulprojekten von Globalem Lernen bis zur Sexualp\u00e4dagogik, der \nHochschularbeit sowie der Erwachsenenbildung mit vielen Kooperationen zu\n Tagungsh\u00e4usern und Verb\u00e4nden Bildung f\u00fcr alle Altersgruppen an. <\/p>\n\n\n\n<p>Irina Kreusch ist verheiratet, hat drei Kinder im Alter von 13 bis 19 Jahren und lebt mit ihrer Familie in Speyer.<\/p>\n\n\n\n<p><em>Bistum Speyer<br>11.09.2019<\/em><\/p>\n\n\n\n<h2 class=\"wp-block-heading\"><strong>Internationaler Orgelzyklus im Dom zu Speyer<\/strong><\/h2>\n\n\n\n<h3 class=\"wp-block-heading\"><strong>Wormser Domorganist spielt \u201eInspirationen aus Belgien &amp; Frankreich\u201c<\/strong><\/h3>\n\n\n\n<div class=\"wp-block-image\"><figure class=\"aligncenter\"><img decoding=\"async\" loading=\"lazy\" width=\"500\" height=\"730\" src=\"https:\/\/speyer24news.com\/wp-content\/uploads\/2019\/09\/Zerfa\u00df-K\u00f6ln.jpg\" alt=\"\" class=\"wp-image-19076\" srcset=\"https:\/\/speyer24news.com\/wp-content\/uploads\/2019\/09\/Zerfa\u00df-K\u00f6ln.jpg 500w, https:\/\/speyer24news.com\/wp-content\/uploads\/2019\/09\/Zerfa\u00df-K\u00f6ln-205x300.jpg 205w\" sizes=\"(max-width: 500px) 100vw, 500px\" \/><figcaption>Wormser Domorganist Dan Zerfa\u00df<\/figcaption><\/figure><\/div>\n\n\n\n<p><strong>Speyer &#8211; <\/strong> Am <strong>Samstag, den 14. September<\/strong>, wird der Wormser Domorganist Dan Zerfa\u00df  den Orgelzyklus im Dom zu Speyer fortsetzen. Das Konzert, das um 19.30  Uhr beginnt, steht unter dem Motto \u201eInspirationen aus Belgien &amp;  Frankreich\u201c.<\/p>\n\n\n\n<p>Zu Beginn des Orgelabends erklingt auf dem mittelt\u00f6nigen Werk der Chororgel die <em>Fantasia primi toni<\/em> des Renaissance-Meisters Peter Cornet. Mit der <em>Toccata, Fugue et Hymne sur \u201eAve Maris Stella\u201c<\/em>  des bedeutenden belgischen Komponisten Flor Peeters wird die  Namenspatronin des Speyerer Doms geehrt. Von Peeters erklingen auch die <em>Variationen und Finale \u00fcber ein altfl\u00e4misches Lied<\/em> und das <em>Concertpiece<\/em>. Von C\u00e9sar Franck \u2013 dem Erfinder der Gattung Orgelsymphonie \u2013 erklingen die ausladende <em>Fantaisie A-Dur<\/em> und das zauberhafte <em>Cantabile H-Dur<\/em>.<\/p>\n\n\n\n<p>Dan Zerfa\u00dfist\n seit 1999 Domkantor und Domorganist an St. Peter in Worms und \nRegionalkantor der Di\u00f6zese Mainz. Von 1993-1997 hatte er einen \nLehrauftrag f\u00fcr Liturgisches Orgel an der Musikhochschule in Karlsruhe \nund von 2003-2016 einen Lehrauftrag f\u00fcr Orgelliteraturspiel und \nOrgelmethodik an der Musikhochschule in Mainz inne. Dar\u00fcber hinaus \narbeitete er bis 2016 in der k\u00fcnstlerischen Leitung der \u201eInternationalen\n Orgelwochen im Kultursommer Rheinland-Pfalz\u201c. Dan Zerfa\u00df studierte an \nder Musikhochschule in Frankfurt, wo er sein Studium 1992 mit dem \nA-Examen als Kirchenmusiker und 1993 mit dem Konzertexamen als Organist \nmit Auszeichnung abschloss. Sein pr\u00e4gendster Orgellehrer war vor allem \nEdgar Krapp. Neben Rundfunk- und Fernsehaufnahmen liegen verschiedene \nCD-Produktionen vor, darunter das gesamte Orgelwerk von Robert Schumann,\n Chor- und Orgelwerke von Camille Saint-Sa\u00ebns und ein \nKomponistenportrait von Petr Eben. <\/p>\n\n\n\n<p>Bereits<strong> um 18.45 Uhr startet<\/strong> am 14. September <strong>das <\/strong>von Domorganist Markus Eichenlaub und dem Journalisten Dr. Klaus Ga\u00dfner moderierte <strong>\u201ePraeludium\u201c<\/strong> \u2013 ein <strong>30-min\u00fctiges offenes Gespr\u00e4ch<\/strong>,  in dessen Rahmen die Konzertbesucher Unterhaltsames und Informatives  von und \u00fcber den Interpreten des Orgelabends erfahren k\u00f6nnen. Treffpunkt  ist das Chorpodest auf dem K\u00f6nigschor.<\/p>\n\n\n\n<p>Der\n Eintritt zu den Konzerten betr\u00e4gt 12 Euro (erm\u00e4\u00dfigt 5 Euro), Karten \nsind bei der Dom-Info, der Tourist-Information der Stadt Speyer, \nbundesweit bei allen Reservix-Vorverkaufsstellen, sowie beim Rheinpfalz \nTicket Service, Telefon 0631 3701-6618 erh\u00e4ltlich. Die Abendkasse \u00f6ffnet\n um 18.30 Uhr.<\/p>\n\n\n\n<p><em>Text: Bistum Speyer Foto: privat<br>11.09.2019<\/em><\/p>\n\n\n\n<h2 class=\"wp-block-heading\"><strong>Mit den Augen der Konfirmanden sehen<\/strong><\/h2>\n\n\n\n<h3 class=\"wp-block-heading\">Der Landeskirchenrat hat einen modernen Rahmenplan f\u00fcr die  Konfirmandenarbeit herausgegeben. Damit k\u00f6nnen Gemeinden besser auf die  Erwartungen der Konfirmanden eingehen.<\/h3>\n\n\n\n<p><strong>Speyer \/ Landau &#8211;<\/strong> <em>(lk). <\/em>Knallgelb, dialogisch, praktisch: Der Landeskirchenrat hat einen  neuen Rahmenplan f\u00fcr die Konfirmandenarbeit in der pf\u00e4lzischen  Landeskirche herausgegeben. Erarbeitet wurde  er vom Konfirmationsausschuss der Landeskirche. Unter dem Titel  \u201eKonfi-Arbeit. Zeit mit und f\u00fcr Konfis\u201c ist eine Orientierungshilfe  inklusive Arbeitsheft f\u00fcr Pfarrer, Presbyter, Diakone, Jugendreferenten  und Ehrenamtliche entstanden.<\/p>\n\n\n\n<p>Seit dem letzten Rahmenplan sei viel Zeit vergangen\n und vieles habe sich ver\u00e4ndert, sagt Oberkirchenr\u00e4tin und \nPersonaldezernentin Marianne Wagner in ihrem Vorwort. \u201eGleich geblieben \nist unsere Aufgabe, Konfis mit unserer Kirche vertraut\n zu machen und das Evangelium mit ihnen so zu kommunizieren, dass es zu \nihrer Glaubensentwicklung beitr\u00e4gt.\u201c<\/p>\n\n\n\n<p>Inhaltlich sowie \nsprachlich und grafisch ist eine Arbeitsgrundlage entstanden, die sich \nst\u00e4rker an den Erwartungen der jugendlichen Zielgruppe&nbsp; orientiert. Der \nwichtigste Punkt dabei: Perspektivwechsel. \u201eDie Beteiligten\n sollten \u00fcberlegen, was Konfirmanden wollen und brauchen, was sie \nbesch\u00e4ftigt und wie Gemeinde den christlichen Glauben im Leben der \nJugendlichen ins Gespr\u00e4ch bringen kann\u201c, sagt Andreas Gro\u00dfe, einer der \nReferenten f\u00fcr Konfirmandenarbeit am Institut f\u00fcr kirchliche\n Fortbildung und Mit-Autor des neuen Leitfadens.<\/p>\n\n\n\n<p>Inhaltliche Basis f\u00fcr \ndie neue Publikation der Landeskirche waren die bundesweiten Studien zur\n Konfirmandenarbeit. Daf\u00fcr wurden Konfirmanden befragt, welche Inhalte \nund Formate beim Konfirmandenunterricht beliebt\n sind und am nachhaltigsten wirken. \u201eDie Jugendlichen lehnen \nFrontalunterricht ab und bevorzugen l\u00e4ngere Treffen: Konfi-Camps, auch \n\u00fcbers Wochenende, schneiden bei allen Beteiligten am besten ab und haben\n eine hohe Wirksamkeit\u201c, so Gro\u00dfe.<\/p>\n\n\n\n<p>Laut dem Referenten \ngeht es beim neuen Rahmenplan darum, wie die Gemeinden Konfi-Arbeit vor \nOrt gestalten k\u00f6nnen und wer daran beteiligt werden soll. Entscheidend \nsei es, vor Ort eine Konfi-Zeit zu entwickeln, die\n passt. \u201eUnd es ist wichtig, im Team, mit Ehrenamtlichen und \u00e4lteren \nJugendlichen zu arbeiten\u201c, betont Gro\u00dfe. Daf\u00fcr k\u00f6nnten die Gemeinden \nehemalige Konfirmanden ansprechen, ob sie bei einem Konfi-Wochenende als\n Teamer, also Betreuer, mitmachen. \u201eWer Jahre vorher\n als Konfirmand positive Erfahrungen mit Konfi-Freizeiten gemacht hat, \nbekommt oft Lust, als Teamer mitzumachen.\u201c&nbsp;\n<\/p>\n\n\n\n<p>Daf\u00fcr eigne sich auch \ndie sogenannte Jugendleiter-Card-Ausbildung (Juleica), die die \nJugendzentralen anbieten. \u201eEs ist ein m\u00f6gliches Anschlussformat, um \nJugendliche in der Kirche zu halten.\u201c<\/p>\n\n\n\n<p><strong>Kontakt: <\/strong>Die \ngedruckte Publikation \u201eZeit mit und f\u00fcr Konfis\u201c erhalten Presbyter \u00fcber \nihre Pfarr\u00e4mter. Eine digitale Version ist als Download verf\u00fcgbar unter\n<a href=\"https:\/\/deref-web-02.de\/mail\/client\/4zspIaTKkfA\/dereferrer\/?redirectUrl=http%3A%2F%2Fwww.institut-kirchliche-fortbildung.de\" target=\"_blank\" rel=\"noreferrer noopener\">www.institut-kirchliche-fortbildung.de<\/a><\/p>\n\n\n\n<p><strong>Weitere Infos:<\/strong> Bundesweite Studien zu Konfirmandenarbeit sowie pf\u00e4lzische Zahlen und Auswertungen sind einsehbar unter\n<a href=\"https:\/\/deref-web-02.de\/mail\/client\/4zspIaTKkfA\/dereferrer\/?redirectUrl=http%3A%2F%2Fwww.institut-kirchliche-fortbildung.de\" target=\"_blank\" rel=\"noreferrer noopener\">http:\/\/www.institut-kirchliche-fortbildung.de<\/a> &gt; Material &gt; Konfirmandenarbeit.<\/p>\n\n\n\n<h2 class=\"wp-block-heading\"><strong>Der Fachbereich Arbeitswelt jetzt parit\u00e4tisch besetzt<\/strong><\/h2>\n\n\n\n<h3 class=\"wp-block-heading\"><strong>Stefanie Minges gestaltet k\u00fcnftig gemeinsam mit Andreas Welte die Betriebsseelsorge<\/strong><\/h3>\n\n\n\n<div class=\"wp-block-image\"><figure class=\"aligncenter\"><img decoding=\"async\" loading=\"lazy\" width=\"500\" height=\"655\" src=\"https:\/\/speyer24news.com\/wp-content\/uploads\/2019\/09\/Andreas-Welte-und-Stefanie-Minges.jpg\" alt=\"\" class=\"wp-image-19075\" srcset=\"https:\/\/speyer24news.com\/wp-content\/uploads\/2019\/09\/Andreas-Welte-und-Stefanie-Minges.jpg 500w, https:\/\/speyer24news.com\/wp-content\/uploads\/2019\/09\/Andreas-Welte-und-Stefanie-Minges-229x300.jpg 229w\" sizes=\"(max-width: 500px) 100vw, 500px\" \/><figcaption>Andreas Welte und Stefanie Minges<\/figcaption><\/figure><\/div>\n\n\n\n<p><strong>Speyer &#8211;<\/strong> Seit Mitte August arbeitet Stefanie Minges im Fachbereich Arbeitswelt  im Bistum Speyer. Er geh\u00f6rt zur Abteilung Seelsorge in Pfarreien und  Lebenswelten unter der Leitung von Dr. Thomas Kiefer. Gemeinsam  mit Diakon Andreas Welte betrachtet die geb\u00fcrtige Pf\u00e4lzerin  Arbeitswelten aus verschiedenen Perspektiven und nimmt die  Lebenswirklichkeiten der Menschen unter die Lupe. <\/p>\n\n\n\n<p>\u201eWer\n kennt es nicht: Morgens klingelt viel zu fr\u00fch der Wecker, dann erstmal \nim Stau stehen und abends schnell was essen, aufs Sofa und ab ins Bett. \nDie Arbeitswelt beziehungsweise die Erwerbst\u00e4tigkeit nimmt eine zentrale\n Bedeutung im Alltag und in der Gesellschaft ein. Die meiste Zeit des \nLebens verbringen wir auf der Arbeit\u201c, verdeutlicht Stefanie Minges. \nDamit einher gehe eine gro\u00dfe Bandbreite an Themen: Zum Beispiel die \nVereinbarkeit von Familie und Beruf, Sorge um die berufliche Zukunft, \nDigitalisierung oder Frauen in F\u00fchrungspositionen. Schnell zeige sich, \ndass diese Themen die meisten Menschen ber\u00fchren, wenn auch in \nunterschiedlicher Auspr\u00e4gung. Menschen seien gerade in diesem \nLebensbereich auf der Suche nach Rat, Hilfe und Orientierung. <\/p>\n\n\n\n<p>\u201eDie\n Kirche nimmt diese Themen in den Blick und ist Anlaufstelle f\u00fcr alle: \nUm gemeinsam sozialethischen Fragen zu diskutieren, um Menschen in \nZeiten von Globalisierung, stetig wachsenden und wandelnden \nArbeitsbedingungen sowie gesellschaftlichem Druck zu unterst\u00fctzen\u201c, \numrei\u00dft Stefanie Minges ihr Aufgabengebiet. Die Institution Kirche \nf\u00f6rdere und reflektiere christliches Tun auf allen Ebenen, unter den \nLeitgedanken \u201e solidarisch, prophetisch, missionarisch\u201c. Hierzu setze \nsie sich, gemeinsam mit der evangelischen Landeskirche, mit den Themen \nder Arbeitswelten auseinander, um von den Sorgen, Freuden, Hoffnungen \nund \u00c4ngsten zu erfahren. Eine bedeutende Schnittstelle f\u00fcr die \nAufgabenerf\u00fcllung ist f\u00fcr die Betriebsseelsorge der Kontakt zu \nBetriebsr\u00e4ten und weiteren Arbeitnehmervertretungen, die als Sprachroh \nder Mitarbeitenden agieren. <\/p>\n\n\n\n<p>Die\n letzten Jahre arbeitete Stefanie Minges als Bildungsreferentin im \nNachbarbistum Trier. Aufgewachsen ist sie in Burrweiler und gestaltete \ndort neben der Messdienerarbeit auch die Malteser Jugend auf \nunterschiedlichen Ebenen mit. Aktuell absolviert sie nebenberuflich ein \nMasterstudium im Bereich Personal und Organisation.<\/p>\n\n\n\n<p><em>Bistum Speyer<br>11.09.2019<\/em><\/p>\n\n\n\n<h2 class=\"wp-block-heading\"><strong>Katholikentag des Bistums Speyers am 15. September auf der Gartenschau Kaiserslautern<\/strong><\/h2>\n\n\n\n<h3 class=\"wp-block-heading\"><strong>Gl\u00e4ubige  und am Thema Interessierte aus der gesamten Pfalz und dem  Saarpfalzkreis kommen zusammen &#8211; Pirmin Spiegel (MISEREOR) setzt  Themenimpuls zu \u00d6kologie und \u00d6kumene<\/strong><\/h3>\n\n\n\n<div class=\"wp-block-image\"><figure class=\"aligncenter\"><img decoding=\"async\" loading=\"lazy\" width=\"500\" height=\"704\" src=\"https:\/\/speyer24news.com\/wp-content\/uploads\/2019\/09\/Katholikentag.png\" alt=\"\" class=\"wp-image-19073\" srcset=\"https:\/\/speyer24news.com\/wp-content\/uploads\/2019\/09\/Katholikentag.png 500w, https:\/\/speyer24news.com\/wp-content\/uploads\/2019\/09\/Katholikentag-213x300.png 213w\" sizes=\"(max-width: 500px) 100vw, 500px\" \/><\/figure><\/div>\n\n\n\n<p><strong>Kaiserslautern \/ Speyer &#8211; <\/strong>\u201eWeite(r) denken\u201c lautet das Motto des Katholikentages, zu dem das  Bistum Speyer am Sonntag, den 15. September, auf das Gel\u00e4nde der  Landesgartenschau in Kaiserslautern einl\u00e4dt. Das Treffen richtet sich an  alle Gl\u00e4ubigen und kirchlich Engagierten in der Pfalz und im  Saarpfalzkreis. Zugleich l\u00e4dt das Bistum Speyer auch alle am Thema  Interessierten ein. Der Eintritt ist kostenlos, ein Faltblatt mit  Veranstaltungsinformationen und einer kostenlosen Eintrittskarte kann  auf der Internetseite des Bistums heruntergeladen werden.<\/p>\n\n\n\n<p>Er\u00f6ffnet\n wird der Katholikentag mit einem Gottesdienst, den Bischof Dr. \nKarl-Heinz Wiesemann zelebriert. Das St. Franziskus-Gymnasium und \n-Realschule aus Kaiserslautern f\u00fchrt dabei die &#8222;Missa 4 You(th)&#8220; auf. \nParallel dazu wird ein Kinder-Gottesdienst angeboten. Anschlie\u00dfend \nbieten ein Markt der M\u00f6glichkeiten und Mitmachangebote f\u00fcr Kinder und \nJugendliche Gelegenheit, die verschiedenen Facetten von Kirche auf \nunterhaltsame Weise kennenzulernen. Den zentralen Themenimpuls des Tages\n setzt Monsignore Pirmin Spiegel, der aus dem Bistum Speyer stammt, \nmehrere Jahre in Brasilien gewirkt hat und seit 2012 als \nHauptgesch\u00e4ftsf\u00fchrer des Bisch\u00f6flichen Hilfswerkes MISEREOR t\u00e4tig ist. \nEr benennt die Herausforderungen des Klimawandels aus internationaler \nPerspektive und verdeutlicht die Chancen der \u00f6kumenischen Zusammenarbeit\n von Christinnen und Christen aller Konfessionen. In Gespr\u00e4chsgruppen \nund Kreativworkshops werden seine Impulse vertieft und weitergef\u00fchrt.<\/p>\n\n\n\n<p>Am  Nachmittag l\u00e4dt das Bistum zu einem offenen Singen mit Eugen Eckert und  Horst Christill ein, bevor um 16 Uhr offiziell der Visionsprozess des  Bistums Speyer gestartet wird. \u201eEr soll zu einer Antwort auf die Frage  f\u00fchren, worin wir als Kirche von Speyer unsere Sendung und unseren  Auftrag im Hier und Heute konkret erkennen und verwirklichen\u201c, macht  Bischof Wiesemann deutlich. Das Bistum wolle diese Suche aktiv angehen,  \u201eoffen und mit Beteiligung m\u00f6glichst vieler, denen die Botschaft des  Evangeliums am Herzen liegt.\u201c<\/p>\n\n\n\n<p><strong>Lesen sie hier den Flyer zum Katholikentag in Kaiserslautern als pdf:<\/strong><\/p>\n\n\n\n<div class=\"wp-block-file\"><a href=\"https:\/\/speyer24news.com\/wp-content\/uploads\/2019\/09\/82268-Bistum-Flyer.pdf\">Bistum-Flyer<\/a><a href=\"https:\/\/speyer24news.com\/wp-content\/uploads\/2019\/09\/82268-Bistum-Flyer.pdf\" class=\"wp-block-file__button\" download>Herunterladen<\/a><\/div>\n\n\n\n<p><strong>Weitere Informationen zum Di\u00f6zesan-Katholikentag:<\/strong><\/p>\n\n\n\n<p><a href=\"https:\/\/www.bistum-speyer.de\/news\/nachrichten\/?no_cache=1&amp;tx_ttnews%5Btt_news%5D=9612&amp;cHash=1c570ffa4cdc497f475571af73ff1e84\">https:\/\/www.bistum-speyer.de\/news\/nachrichten\/?no_cache=1&amp;tx_ttnews%5Btt_news%5D=9612&amp;cHash=1c570ffa4cdc497f475571af73ff1e84<\/a><\/p>\n\n\n\n<p><em>Bistum Speyer<br>11.09.2019<\/em><\/p>\n\n\n\n<h2 class=\"wp-block-heading\"><strong>Diakonenweihe im Dom zu Speyer<\/strong><\/h2>\n\n\n\n<h3 class=\"wp-block-heading\"><strong>Feierlicher Gottesdienst mit Weihbischof Georgens am 14. September<\/strong><\/h3>\n\n\n\n<p><strong>Speyer &#8211; <\/strong>Weihbischof Otto Georgens wird am <strong>Samstag, 14. September<\/strong>, zwei M\u00e4nnern  das Sakrament der Diakonenweihe spenden. Die Weihekandidaten sind  Priesteramtskandidat Stefan H\u00e4u\u00dfler aus der Pfarrei Pax Christi Speyer  und der Bewerber aus dem Kreis des St\u00e4ndigen Diakonats Holger  Weberbauer, aus der Pfarrei Hl. Ingobertus St. Ingbert. Der feierliche  Gottesdienst im Speyerer Dom beginnt um 9.30 Uhr. <\/p>\n\n\n\n<p>Die\n Diakonenweihe ist die unterste Stufe des Weiheamtes in der katholischen\n Kirche. Von ihrem Ursprung her ist sie die Beauftragung zum sozialen \nDienst an den Armen und Kranken. Der Diakon hat aber auch besondere \nAufgaben im liturgischen Bereich: Er kann Wortgottesdienste halten, das \nTaufsakrament spenden, der Feier der Trauung vorstehen und Begr\u00e4bnisse \nleiten. F\u00fcr den Priesterberuf ist die Weihe zum Diakon die notwendige \nVorstufe. Es gibt in der katholischen Kirche aber auch die &#8222;St\u00e4ndigen \nDiakone&#8220; &#8211; oft verheiratete M\u00e4nner und Familienv\u00e4ter &#8211; die das Amt im \nNebenberuf oder im Hauptberuf aus\u00fcben.<\/p>\n\n\n\n<p><em>Bistum Speyer<br>11.09.2019<\/em><\/p>\n\n\n\n<h2 class=\"wp-block-heading\"><strong>Er-lebt Gemeinde Landau feiert ihr 25.\nGemeindejubil\u00e4um<\/strong><\/h2>\n\n\n\n<h3 class=\"wp-block-heading\"><strong>Der Festgottesdienst zum 25-j\u00e4hringen Bestehen der evangelischen Freikirche findet am 15. September statt. Den Abschluss der Feierlichkeiten bildet am 21. September ein Jubil\u00e4umskonzert mit dem Orchester und Vokalensemble der Musikschule Kandel.<\/strong><\/h3>\n\n\n\n<div class=\"wp-block-image\"><figure class=\"aligncenter\"><img decoding=\"async\" loading=\"lazy\" width=\"330\" height=\"97\" src=\"https:\/\/speyer24news.com\/wp-content\/uploads\/2019\/09\/ER-lebt.jpg\" alt=\"\" class=\"wp-image-19072\" srcset=\"https:\/\/speyer24news.com\/wp-content\/uploads\/2019\/09\/ER-lebt.jpg 330w, https:\/\/speyer24news.com\/wp-content\/uploads\/2019\/09\/ER-lebt-300x88.jpg 300w, https:\/\/speyer24news.com\/wp-content\/uploads\/2019\/09\/ER-lebt-326x97.jpg 326w\" sizes=\"(max-width: 330px) 100vw, 330px\" \/><\/figure><\/div>\n\n\n\n<p><strong>Landau &#8211; <\/strong>Die Er-lebt Gemeinde wurde 1994 durch die Initiative evangelischer Christen aus Landau und Umgebung gegr\u00fcndet. Jeden Sonntag besuchen rund 400 Menschen den Gottesdienst. Ein Schwerpunkt der Gemeinde ist die Arbeit mit Kindern und Jugendlichen. Zum monatlich stattfindenden Jugendgottesdienst \u201eConnexion\u201c treffen sich beispielsweise rund 140 Teens und Jugendliche. Die Gemeinde ist Mitglied in der Evangelischen Allianz und in der Arbeitsgemeinschaft Christlicher Kirchen (ACK) Landau. <\/p>\n\n\n\n<p>Im Jahr 2017 wurde mit dem\nerlebt Forum das neue Gemeindezentrum fertiggestellt. Der Neubau war aufgrund\nstetig steigernder Gottesdienstbesucher notwendig geworden. Das erlebt Forum\nsteht nicht nur f\u00fcr kirchliche Veranstaltungen offen, sondern kann auch von\nUnternehmen, Vereinen und Privatpersonen gemietet werden. <\/p>\n\n\n\n<p>Das Jubil\u00e4um begeht die\nGemeinde mit einem Festgottesdienst am 15. September um 10:30 Uhr im erlebt\nForum, zu dem alle B\u00fcrgerinnen und B\u00fcrger herzlich eingeladen sind. Der\nGottesdienst steht unter dem Thema \u201eDankend erinnern &#8211; Mutig tr\u00e4umen\u201c. Als\nEhrengast wird Oberb\u00fcrgermeister Thomas Hirsch an den Feierlichkeiten\nteilnehmen. Im Anschluss an den Gottesdienst l\u00e4dt die Gemeinde zu Fingerfood\nein.<\/p>\n\n\n\n<p>Zum Abschluss der\nJubil\u00e4umsfeierlichkeiten pr\u00e4sentiert die Er-lebt Gemeinde am 21. September um\n19 Uhr ein Konzert mit dem Orchester und dem Vokalensemble der Musikschule\nKandel. Das Orchester spielt das Brandenburgische Konzert Nr. 4 und Nr. 6. von\nJohann Sebastian Bach. Das Vokalensemble tr\u00e4gt sechs Madrigale von Andrea\nGabrieli vor. Der Eintritt ist frei, es wird um eine Spende gebeten.<\/p>\n\n\n\n<p><strong>Er-lebt Gemeinde Landau<\/strong><\/p>\n\n\n\n<p>Christian Bohr<\/p>\n\n\n\n<p>Marie-Curie-Stra\u00dfe 3<\/p>\n\n\n\n<p>76829 Landau in der Pfalz<\/p>\n\n\n\n<p>E-Mail:&nbsp;<a href=\"mailto:christian.bohr@er-lebt.de\">christian.bohr@er-lebt.de<\/a>&nbsp;<\/p>\n\n\n\n<p><a href=\"http:\/\/www.er-lebt.de\/\">www.er-lebt.de<\/a>&nbsp;<\/p>\n\n\n\n<p><a href=\"http:\/\/www.facebook.com\/er.lebt\">www.facebook.com\/er.lebt<\/a> <\/p>\n\n\n\n<h2 class=\"wp-block-heading\"><strong>Als junge Botschafter in die Welt<\/strong><\/h2>\n\n\n\n<h3 class=\"wp-block-heading\">Elf Vikare starten in den Vorbereitungsdienst bei der Landeskirche<\/h3>\n\n\n\n<p><strong>Speyer &#8211; <\/strong><em>(lk).<\/em> F\u00fcnf Theologinnen und sechs Theologen haben am Donnerstag  ihre Ernennungsurkunden erhalten: Ab jetzt sind sie Vikare. Anfang  Oktober beginnen sie mit dem zweieinhalbj\u00e4hrigen Vorbereitungsdienst f\u00fcr  das zuk\u00fcnftige Pfarramt in der Evangelischen Kirche  der Pfalz.<\/p>\n\n\n\n<p>Oberkirchenr\u00e4tin Marianne Wagner \u00fcberreichte im Landeskirchenrat in  Speyer die Ernennungsurkunden an Matthias Baum, Stefanie Christmann,  Daniel G\u00f6tzfried, Kevin Gutgesell, Patrick Keipert, Daniel Lampe, Tobias  Laun, Christina Neumann, Simone Schl\u00f6r, Lara Schmidt  und Maren Wolf. Die Personaldezernentin der pf\u00e4lzischen Landeskirche  ermutigte die jungen Theologen, ihr Vikariat mit Gottvertrauen und  Freude im Gep\u00e4ck zu beginnen \u2013 gerade angesichts der Herausforderungen. <\/p>\n\n\n\n<p>\u201eUnsere Kirche befindet sich in einem tiefgreifenden  Ver\u00e4nderungsprozess. Wir verlieren Mitglieder und werden in Zukunft  wesentlich weniger Pfarrerinnen und Pfarrer sein als heute\u201c, sagte  Wagner. Dies werde die Gestalt der Kirche ver\u00e4ndern, aber der Auftrag  bleibe: \u201eGehet hin in alle Welt\u201c.<\/p>\n\n\n\n<p>Wagner sicherte den zuk\u00fcnftigen Pfarrern im Namen der Kirchenleitung  Unterst\u00fctzung und ein offenes Ohr zu. \u201eUnsere Gesellschaft braucht die  Botschaft von Jesus Christus. Sie braucht Menschen, die f\u00fcr einen  respektvollen Umgang miteinander einstehen und dies  im Alltag vorleben \u2013 mit eigenen Visionen und Leidenschaft zum  Aufbruch\u201c, betonte Wagner.<\/p>\n\n\n\n<p>Ab 7. Oktober werden die Vikare auf die Aufgaben im Pfarramt  vorbereitet. Sie werden unter anderem in Kirchengemeinden in  Frankenthal, Niederbexbach, Hassloch, Landau, Mutterstadt,  Kaiserslautern, Billigheim-Ingenheim, Altrip, Pirmasens und Neuhofen im  Einsatz  sein. W\u00e4hrend des ersten halben Jahres sammeln sie vor allem  religionsp\u00e4dagogische Erfahrungen in Schulen.<\/p>\n\n\n\n<p><strong>Hintergrund:<\/strong> Nach der Ersten Theologischen Pr\u00fcfung folgt das  Vikariat, der zweieinhalbj\u00e4hrige Vorbereitungsdienst auf das Pfarramt.  In abwechselnden Praxisphasen und Kursen sammeln die Vikare Erfahrungen  in den Bereichen Schule und Gemeinde. Nach zwei  Jahren folgt das Zweite Theologische Examen. Danach w\u00e4hlen die  zuk\u00fcnftigen Pfarrer im Spezialpraktikum einen eigenen Schwerpunkt, um  sich gezielt zu qualifizieren, zum Beispiel in einer Auslandsgemeinde  oder einer sozialp\u00e4dagogischen Einrichtung der Landeskirche.  Nach Abschluss des Vikariats folgt die Ordination, die Berufung als  Pfarrer.<\/p>\n\n\n\n<h2 class=\"wp-block-heading\"><strong>Filmforum mit Kleinb\u00e4uerin aus Paraguay<\/strong><\/h2>\n\n\n\n<h3 class=\"wp-block-heading\"><strong>Dokumentarfilm &#8222;Raising Resistance&#8220; wird in Kaiserslautern, Neustadt, Landau und Speyer gezeigt<\/strong><\/h3>\n\n\n\n<p><strong>Speyer &#8211; <\/strong> &#8222;Raising Resistance&#8220; hei\u00dft ein Dokumentarfilm, in dem die  Auseinandersetzung zwischen Gro\u00dfgrundbesitzern, Agrarkonzernen und  Kleinbauern im Osten Paraguays gezeigt wird. Der Film beschreibt, wie  dort Soja-Monokulturen immer weiter vordringen und durch den Einsatz von  genmanipuliertem Saatgut und Glyphosat die Ernte, Gesundheit und  Existenz von Kleinbauern gef\u00e4hrdet werden. <\/p>\n\n\n\n<p>An  vier Orten, in Kaiserslautern, Neustadt, Landau und Speyer, l\u00e4dt das  Referat Globales Lernen im Bistum Speyer zu einem Filmforum ein, bei dem  der Film gezeigt wird und die Protagonistin der Dokumentation, Juana  Mendoza, da sein wird. Im Gespr\u00e4ch mit ihr und der Referentin f\u00fcr  Globales Lernen, Monika Bossung-Winkler, wird es auch um die Frage  gehen, was ihr Kampf gegen Gro\u00dfgrundbesitzer und Agrarkonzerne mit den  Menschen hier zu tun hat. &#8222;Der Widerstand paraguayischer Kleinbauern  gegen die Gro\u00dfgrundbesitzer und Agrarkonzerne erinnert an den biblischen  Kampf von David gegen Goliath&#8220;, so die Veranstalter des Filmforums.<\/p>\n\n\n\n<h4 class=\"wp-block-heading\"><strong>Vorf\u00fchrungsorte und Termine:<\/strong><\/h4>\n\n\n\n<p><strong>Kaiserslautern:<\/strong><br>Dienstag, 10.09.2019, 14.00 bis 15.30 Uhr, Union-Kino<br><br><strong>Neustadt:<\/strong><br>Mittwoch, 11.09.2019, 14.00 bis 15.30 Uhr, Roxy-Kino<br><br><strong>Landau:<\/strong><br>Donnerstag, 12.09.2019, 14.00 bis 15.30 Uhr, Kino Universum Kino-Center <br>18.00 bis 19.30 h, Katholische Hochschulgemeinde, Moltkestr. 9 (in Kooperation mit der B\u00fcrgerstiftung Pfalz)<br><br><strong>Speyer:<\/strong> <br>Donnerstag, 19.09.2019: 14.00 h bis 15.30 Uhr, Villa Ecarius (in Kooperation mit der Volkshochschule Speyer)<\/p>\n\n\n\n<p><em>Bistum Speyer<br>11.09.2019<\/em><\/p>\n\n\n\n<h2 class=\"wp-block-heading\"><strong>Vertrauen damals und heute: Jahresfest bei Diakonissen\nSpeyer<\/strong><\/h2>\n\n\n\n<h3 class=\"wp-block-heading\">Bei strahlendem Sonnenschein feierten rund 500 G\u00e4ste am ersten Sonntag im September das traditionelle Jahresfest im Park der Diakonissen Speyer und lernten Einrichtungen und Arbeit des sozialdiakonischen Unternehmens kennen.<\/h3>\n\n\n\n<div class=\"wp-block-image\"><figure class=\"aligncenter\"><img decoding=\"async\" loading=\"lazy\" width=\"800\" height=\"534\" src=\"https:\/\/speyer24news.com\/wp-content\/uploads\/2019\/09\/2019_Jahresfest-1.jpg\" alt=\"\" class=\"wp-image-19070\" srcset=\"https:\/\/speyer24news.com\/wp-content\/uploads\/2019\/09\/2019_Jahresfest-1.jpg 800w, https:\/\/speyer24news.com\/wp-content\/uploads\/2019\/09\/2019_Jahresfest-1-300x200.jpg 300w, https:\/\/speyer24news.com\/wp-content\/uploads\/2019\/09\/2019_Jahresfest-1-768x513.jpg 768w\" sizes=\"(max-width: 800px) 100vw, 800px\" \/><figcaption> Pfarrer  Dr. G\u00fcnter Geisthardt mit Andreas M\u00fcller, Leiter Bau und Technik, und  Carmen Becker, Hauswirtschaftsleiterin im Mutterhaus, die im gut  besuchten Gottesdienst  von Vertrauen in ihrem Arbeitsalltag berichteten. <\/figcaption><\/figure><\/div>\n\n\n\n<p><strong>Speyer &#8211;<\/strong> Beim Festgottesdienst im Mutterhaus-Park blickte Pfarrer Dr. G\u00fcnter Geisthardt, Theologischer Vorstand der Diakonissen Speyer, auf 160 Jahre Diakonissengeschichte in Speyer zur\u00fcck, in denen die Beteiligten immer wieder Zuspruch und Ermutigung gebraucht und erfahren h\u00e4tten. Auch heute ist Vertrauen gefragt: Vertrauen in Kolleginnen und Projektpartner, Selbstvertrauen und Gottvertrauen. Davon berichteten Carmen Becker, Hauswirtschaftsleiterin im Mutterhaus, und Andreas M\u00fcller, Leiter der Abteilung Bau und Technik. \u201eWerft euer Vertrauen und euren Glaubensmut nicht weg, seid unerschrocken und zeigt eure Hoffnung und eure Liebe\u201c, rief Pfarrer Dr. G\u00fcnter Geisthardt die Festgemeinde mit Worten aus dem Hebr\u00e4erbrief (10, 35-36) auf. \u201eDenn wir werden gebraucht.\u201c<\/p>\n\n\n\n<p>Musikalisch begleiteten die Posaunench\u00f6re aus Mutterstadt und Speyer und der Schwegenheimer Gospelchor \u201eSpirit of Sound\u201c den Gottesdienst, die Kollekte in H\u00f6he von 1.179,97 Euro sowie Spenden in H\u00f6he von 2.187,33 Euro kommen der Diakonissen Stiftung f\u00fcr Seelsorge und Betreuung zugute.<\/p>\n\n\n\n<div class=\"wp-block-image\"><figure class=\"aligncenter\"><img decoding=\"async\" loading=\"lazy\" width=\"800\" height=\"534\" src=\"https:\/\/speyer24news.com\/wp-content\/uploads\/2019\/09\/2019_Jahresfest-2.jpg\" alt=\"\" class=\"wp-image-19071\" srcset=\"https:\/\/speyer24news.com\/wp-content\/uploads\/2019\/09\/2019_Jahresfest-2.jpg 800w, https:\/\/speyer24news.com\/wp-content\/uploads\/2019\/09\/2019_Jahresfest-2-300x200.jpg 300w, https:\/\/speyer24news.com\/wp-content\/uploads\/2019\/09\/2019_Jahresfest-2-768x513.jpg 768w\" sizes=\"(max-width: 800px) 100vw, 800px\" \/><figcaption>  Farbenfroher Auftritt von Besch\u00e4ftigten der Maudacher Werkstatt.<\/figcaption><\/figure><\/div>\n\n\n\n<p>Von der Arbeit in den Einrichtungen der\nDiakonissen Speyer konnten sich die G\u00e4ste im Anschluss an den Gottesdienst ein\nBild machen: Krankenh\u00e4user, Seniorenzentren, Einrichtungen der Kinder-, Jugend-\nund Behindertenhilfe sowie Schulen, Hospize und die Diakonische Gemeinschaft\npr\u00e4sentierten sich mit Informationen, Mitmachaktionen und Spielen f\u00fcr Kinder. Ob\nOperation am Teddyb\u00e4r oder Gesundheit- und Hygienechecks \u2013 die Krankenh\u00e4user\nboten wieder ein spannendes Programm. Passend zu den sommerlichen Temperaturen\nservierte das Team aus Bethesda Landau erfrischende Smoothies und die\nDiakonische Gemeinschaft alkoholfreie Cocktails. Auch der Flohmarkt fand wieder\nzahlreiche K\u00e4ufer und viele G\u00e4ste nutzten die Gelegenheit, sich \u00fcber\nM\u00f6glichkeiten des ehrenamtlichen Engagements zu informieren. Ein Alterssimulator\nund Informationen zum Thema Validation stie\u00dfen auf ebenso viel Interesse wie\ndas Kletter-, Bastel-, und Spielangebot der Kinder- und Jugendhilfe. Besonderer\nH\u00f6hepunkt des Festes war der Auftritt von Besch\u00e4ftigten der Maudacher\nWerkstatt, die mit Sketchen, Tanzeinlagen und einer Modenschau mit\nEigenkreationen das Publikum begeisterten.<\/p>\n\n\n\n<p>Bereits am Vorabend des traditionellen Jahresfestes kamen zahlreiche Besucher zum Cocktail-Kino-Abend im Mutterhaus. Gezeigt wurde ein US-amerikanischer Filmklassiker in schwarz-wei\u00df aus dem Jahr 1942 mit Humphrey Bogart und Ingrid Bergman.<\/p>\n\n\n\n<p><em>Diakonissen Speyer<br>11.09.2019<\/em><\/p>\n\n\n\n<h2 class=\"wp-block-heading\"><strong>\u201eEine ver\u00e4nderte, weibliche Perspektive tut dem Bistum gut\u201c<\/strong><\/h2>\n\n\n\n<h3 class=\"wp-block-heading\"><strong>Ordinariatsdirektorin  Christine Lambrich mit Gottesdienst im Dom als neue Leiterin der  Personalabteilung eingef\u00fchrt \u2013 Abschied von Domkapitular Josef Szuba,  der Anfang Dezember Pfarrer in Ludwigshafen wird<\/strong><\/h3>\n\n\n\n<div class=\"wp-block-image\"><figure class=\"aligncenter\"><img decoding=\"async\" loading=\"lazy\" width=\"800\" height=\"533\" src=\"https:\/\/speyer24news.com\/wp-content\/uploads\/2019\/09\/Ordinariatsdirektorin-Christine-Lambrich.jpg\" alt=\"\" class=\"wp-image-19068\" srcset=\"https:\/\/speyer24news.com\/wp-content\/uploads\/2019\/09\/Ordinariatsdirektorin-Christine-Lambrich.jpg 800w, https:\/\/speyer24news.com\/wp-content\/uploads\/2019\/09\/Ordinariatsdirektorin-Christine-Lambrich-300x200.jpg 300w, https:\/\/speyer24news.com\/wp-content\/uploads\/2019\/09\/Ordinariatsdirektorin-Christine-Lambrich-768x512.jpg 768w\" sizes=\"(max-width: 800px) 100vw, 800px\" \/><figcaption>Ordinariatsdirektorin Christine Lambrich<\/figcaption><\/figure><\/div>\n\n\n\n<p><strong>Speyer &#8211; <\/strong>Einen historischen Moment erlebte das Bistum Speyer, als am Montag  erstmals eine Frau als Leiterin einer Hauptabteilung des Bisch\u00f6flichen  Ordinariats in ihr Amt eingef\u00fchrt wurde. Ordinariatsdirektorin Christine  Lambrich folgt auf Domkapitular Josef Szuba, der nach 19 Jahren auf  Di\u00f6zesanebene die Leitung der Hauptabteilung Personal abgibt und ab  Dezember leitender Pfarrer der Pfarrei Heilige Katharina von Siena in  Ludwigshafen wird. Der Leitungswechsel wurde im Rahmen einer Vesper im  Speyerer Dom vollzogen, zu dem Mitarbeiterinnen und Mitarbeiter aus dem  gesamten Bistum gekommen waren.<\/p>\n\n\n\n<p>Bischof  Dr. Karl-Heinz Wiesemann dankte Domkapitular Szuba f\u00fcr seinen Dienst  zun\u00e4chst als Generalvikar und ab 2005 als Leiter der Hauptabteilung  Personal. Er w\u00fcrdigte besonders, dass f\u00fcr Josef Szuba das Wort Gottes  immer im Mittelpunkt seines Wirkens gestanden habe. Vor allem Machen und  Organisieren sei es ihm um die Frage gegangen, wo \u201eChristus durch den  Dienst der Kirche heute wirksam werden will\u201c. Sein Handeln sei von einer  \u201eselbstlose Sorgfalt und Sorge um das Ganze\u201c bestimmt gewesen. Bischof  Wiesemann \u00fcberreichte der neuen Leiterin der Hauptabteilung Personal,  Ordinariatsdirektorin Christine Lambrich, die Ernennungsurkunde und  dankte ihr f\u00fcr die Bereitschaft, die Verantwortung f\u00fcr das Personal des  Bistums Speyer zu \u00fcbernehmen.<\/p>\n\n\n\n<div class=\"wp-block-image\"><figure class=\"aligncenter\"><img decoding=\"async\" loading=\"lazy\" width=\"800\" height=\"533\" src=\"https:\/\/speyer24news.com\/wp-content\/uploads\/2019\/09\/Bischof-Wiesemann-dankt-Josef-Szuba-links.jpg\" alt=\"\" class=\"wp-image-19069\" srcset=\"https:\/\/speyer24news.com\/wp-content\/uploads\/2019\/09\/Bischof-Wiesemann-dankt-Josef-Szuba-links.jpg 800w, https:\/\/speyer24news.com\/wp-content\/uploads\/2019\/09\/Bischof-Wiesemann-dankt-Josef-Szuba-links-300x200.jpg 300w, https:\/\/speyer24news.com\/wp-content\/uploads\/2019\/09\/Bischof-Wiesemann-dankt-Josef-Szuba-links-768x512.jpg 768w\" sizes=\"(max-width: 800px) 100vw, 800px\" \/><figcaption>Bischof Wiesemann dankt Josef Szuba (links)<\/figcaption><\/figure><\/div>\n\n\n\n<p>Auch\n Generalvikar Andreas Sturm sagte Dank f\u00fcr den \u201ewichtigen und treuen \nDienst\u201c von Josef Szuba. Seine Entscheidung, ab Dezember als Pfarrer in \nLudwigshafen wieder seiner urspr\u00fcnglichen Berufung zum Seelsorger zu \nfolgen, beinhalte eine wichtige Lektion: \u201eWichtiger als die Karriere \nnach oben ist die Karriere des Herzens\u201c, so Andreas Sturm. \nOrdinariatsdirektorin Christine Lambrich w\u00fcnschte er viel \u201eSegen, Freude\n und Kraft\u201c f\u00fcr die neue Aufgabe. \u201eIn der Kirche wurde viel zu lange \nausgeblendet, wie wertvoll der weibliche Blick auf die Welt ist.\u201c<\/p>\n\n\n\n<p>Zu\n Vorsicht gegen\u00fcber \u201eMasterpl\u00e4nen\u201c und der \u201eSehnsucht nach heroischen \nF\u00fchrungsgestalten\u201c riet Domkapitular Josef Szuba in seinem \nAbschiedswort. So hilfreich Planungen auch seien, so wenig d\u00fcrfe man sie\n absolut setzen. \u201eDie Wirklichkeit gr\u00e4bt sich ihr eigenes Flussbett\u201c, so\n Josef Szuba. Deshalb sei es wichtig, sich der \u201eVorl\u00e4ufigkeit und \nKorrekturbed\u00fcrftigkeit\u201c aller Planungen bewusst zu bleiben. \u201eWir haben \nvielleicht keinen Masterplan. Aber wir haben einen, der unser Meister \nist \u2013 Christus\u201c, ermutigte er zu einer Haltung der Freude, Gelassenheit,\n Demut und Dankbarkeit. Die Bibel sei voll von Aufbruchgeschichten: \n\u201eAbraham, Mose, die ersten J\u00fcnger \u2026 keiner von ihnen wusste, was auf sie\n zukam. Keiner hatte einen fertigen Plan.\u201c Gott umarme die Menschen \ndurch die Wirklichkeit &#8211; \u201eauch wenn er manchmal sehr heftig zudr\u00fcckt\u201c. \nZugleich zeigte sich Szuba \u00fcberzeugt, dass \u201eeine Auffrischung und eine \nver\u00e4nderte, weibliche Perspektive\u201c dem Bistum gut tue.<\/p>\n\n\n\n<p>Auf\n Halle Berry, die erste afroamerikanische Schauspielerin, die 2002 mit \neinem Oscar ausgezeichnet wurde, bezog sich Ordinariatsdirektorin \nChristine Lambrich in ihrer Ansprache. Die erste Frau in der Leitung \neiner Hauptabteilung zu sein, bedeute f\u00fcr sie Verantwortung und \nHoffnung: \u201eZugleich stehe ich f\u00fcr all diejenigen, denen diese Chance \nbisher verwehrt worden ist. Die erste zu sein, soll nicht hei\u00dfen, die \neinzige zu bleiben.\u201c Sie freue sich auf die Aufgabe, an der Zukunft der \nKirche von Speyer mitzuwirken, und wolle Ma\u00dfnahmen f\u00f6rdern, \u201edamit \nMenschen gerne bei uns arbeiten und ihre Charismen entfalten k\u00f6nnen\u201c.<\/p>\n\n\n\n<p>Christine\n Lambrich, die bisher als Dozentin f\u00fcr Pastoraltheologie am \nPriesterseminar St. German in Speyer t\u00e4tig war, ist die erste \nPersonalleiterin eines deutschen Bistums, die auch die \nPersonalverantwortung f\u00fcr die aktiven Priester wahrnimmt. Sie hat in \nMainz und Fribourg (Schweiz) Theologie studiert. Als Pastoralreferentin \nwirkte sie in den Pfarreiengemeinschaften Waldmohr, Breitenbach, \nDunzweiler und in Ha\u00dfloch und war von 2004 an im Bisch\u00f6flichen \nOrdinariat f\u00fcr das Arbeitsfeld Katechese verantwortlich. Als Referentin \nf\u00fcr missionarische Pastoral gestaltete sie 2015 das \u00f6kumenische Projekt \n\u201eHimmelgr\u00fcn \u2013 Kirche auf der Landesgartenschau in Landau\u201c. Zum \nErneuerungsprozess \u201eGemeindepastoral 2015\u201c des Bistums Speyer hat sie \nals Moderatorin der di\u00f6zesanen Foren und Mitglied mehrerer \nArbeitsgruppen ma\u00dfgeblich beigetragen. Parallel zu ihrer \nDozentent\u00e4tigkeit am Priesterseminar war sie in den Pfarreien des \nBistums Speyer als Gemeindeberaterin t\u00e4tig. Mit der neuen Aufgabe ist \ndie Ernennung zum stimmberechtigten Mitglied im Allgemeinen Geistlichen \nRat verbunden.<\/p>\n\n\n\n<p>F\u00fcr\n die Mitarbeitervertretung sprach der stellvertretende Vorsitzende \nThomas Eschbach. Als Kraftquelle f\u00fcr die neuen Aufgaben \u00fcberreichte er \nJosef Szuba und Christine Lambrich eine Wegzehrung, bestehend aus \nPowerriegel, Vitamintabletten, Gallen- und Lebertee und einer Flasche \nWein \u201ef\u00fcr genussvolle Momente\u201c. An den Gottesdienst, der von einer \nSchola der Dommusik musikalisch umrahmt wurde, schloss sich ein Empfang \nim n\u00f6rdlichen Domgarten an.<\/p>\n\n\n\n<p><strong>Bildergalerie:<\/strong> <a rel=\"noreferrer noopener\" href=\"https:\/\/deref-web-02.de\/mail\/client\/B5AvGve1Ev4\/dereferrer\/?redirectUrl=http%3A%2F%2Fwww.bistum-speyer.de%2Faktuelles%2Fbildergalerien%2Fbildergalerie-wechsel-an-der-spitze-der-personalabteilung%2F\" target=\"_blank\">www.bistum-speyer.de\/aktuelles\/bildergalerien\/bildergalerie-wechsel-an-der-spitze-der-personalabteilung\/<\/a><\/p>\n\n\n\n<p><em>Bistum Speyer<br>11.09.2019<\/em><\/p>\n\n\n\n<h2 class=\"wp-block-heading\"><strong>\u00d6ffentlich und \u00f6kumenisch eintreten f\u00fcr die Sch\u00f6pfung<\/strong><\/h2>\n\n\n\n<h3 class=\"wp-block-heading\"><strong>Churches for \nFuture: Landeskirche und Bistum Speyer laden Gemeinden und kirchliche \nInstitutionen dazu ein, beim Klimastreik am 20. September ein Zeichen zu\n setzen.<\/strong><\/h3>\n\n\n\n<p><strong>Speyer &#8211; <\/strong><em>(lk). <\/em>Die  Evangelische Kirche der Pfalz und das Bistum Speyer unterst\u00fctzen den  weltweiten Klimaprotesttag der \u201eFridays for Future\u201c-Bewegung am 20.  September. Sie ermutigen Pfarreien, Gemeinden, kirchliche  Einrichtungen, Verb\u00e4nde und die Besch\u00e4ftigten der beiden Kirchen zur  Teilnahme an den geplanten globalen und generationen\u00fcbergreifenden  Demonstrationen an dem Tag. <\/p>\n\n\n\n<p>Auf dem Gebiet der \nLandeskirche und des Bistums Speyer sind unter anderem in Zweibr\u00fccken, \nKaiserslautern, Landau, Neustadt und Speyer Demonstrationen geplant. \nZudem sind Pfarreien und Gemeinden eingeladen, am 20.\n September eigene Impulse vor Ort zu geben, beispielsweise mit \nSch\u00f6pfungsgebeten, Meditationen oder Andachten \u2013 idealerweise in \n\u00f6kumenischer Zusammenarbeit. Auch Glockengel\u00e4ut kommt in Frage, um \n\u00f6ffentlich ein Zeichen zum Schutz des Klimas zu setzen.<\/p>\n\n\n\n<p>\u201eDie aktuelle \n\u00f6kumenische Mitmachaktion \u201aTrendsetter Weltretter \u2013 Einfach anders \nbewegen\u2018 von Landeskirche und Bistum Speyer zeigt Wege auf, wie im \nAlltag eine klimaschonende Mobilit\u00e4t gelingen kann\u201c, betont \nOberkirchenr\u00e4tin\n W\u00fcst. Die Aktion dauert vom 1. September bis 4. Oktober 2019.<\/p>\n\n\n\n<p>Hitzewellen, D\u00fcrren, \n\u00dcberschwemmungen: Bereits heute vernichtet die Klimakrise Leben und \nLebensgrundlagen von Millionen Menschen weltweit, versch\u00e4rft \nUngleichheiten und verletzt grundlegende Menschenrechte. Der\n \u00d6kumenische Rat der Kirchen formulierte 2012: Christliche Sch\u00f6pfung zu \nbewahren, bedeute f\u00fcr Christen auch, Widerstand zu leisten \u201egegen alle \nLeben zerst\u00f6renden Werte und Systeme, wo immer sie in unserer \nWirtschaft, unserer Politik und selbst in unseren Kirchen\n am Werk sind\u201c.<\/p>\n\n\n\n<p><strong>Weitere Informationen:<\/strong><\/p>\n\n\n\n<p>Arbeitsstelle Frieden und Umwelt der Evangelischen Kirche der Pfalz, Aufruf und Gottesdienstentwurf f\u00fcr den Klimastreik:\n<a href=\"https:\/\/deref-web-02.de\/mail\/client\/i50dT6upuf8\/dereferrer\/?redirectUrl=http%3A%2F%2Fwww.frieden-umwelt-pfalz.de%2Findex.php%3Fid%3D292\" target=\"_blank\" rel=\"noreferrer noopener\">http:\/\/www.frieden-umwelt-pfalz.de\/index.php?id=292<\/a><\/p>\n\n\n\n<p>\u00d6kumenische Aktion im September: <a href=\"https:\/\/deref-web-02.de\/mail\/client\/MLTqJZNe0ks\/dereferrer\/?redirectUrl=http%3A%2F%2Fwww.trendsetter-weltretter.de\" target=\"_blank\" rel=\"noreferrer noopener\">\nwww.trendsetter-weltretter.de<\/a><\/p>\n\n\n\n<p>Globaler Klimastreik am 20. September: <a rel=\"noreferrer noopener\" href=\"https:\/\/deref-web-02.de\/mail\/client\/NNoVsTE7aME\/dereferrer\/?redirectUrl=http%3A%2F%2Fwww.klima-streik.org\" target=\"_blank\">www.klima-streik.org<\/a><\/p>\n\n\n\n<h2 class=\"wp-block-heading\"><strong>Bistum Speyer ruft zu Beteiligung an Klimaprotest am 20. September auf<\/strong><\/h2>\n\n\n\n<h3 class=\"wp-block-heading\"><strong>Generalvikar Andreas Sturm: \u201eBewahrung der Sch\u00f6pfung geh\u00f6rt zum Kern der christlichen Botschaft\u201c<\/strong><\/h3>\n\n\n\n<p><strong>Speyer &#8211; <\/strong>Das Bistum Speyer ist dem Unterst\u00fctzerkreis f\u00fcr den weltweiten  Klimaprotesttag der \u201eFridays for Future\u201c-Bewegung am 20. September  beigetreten. Es ist das erste Bistum in Deutschland, das in dieser Weise  Stellung bezieht. Generalvikar Andreas Sturm ermutigt Pfarreien,  Gemeinden, kirchliche Einrichtungen, Verb\u00e4nde\u00a0 und die Besch\u00e4ftigten des  Bisch\u00f6flichen Ordinariates zur Teilnahme an den Demonstrationen der  Jugendlichen am 20. September. Der Auftrag zur Bewahrung der Sch\u00f6pfung  geh\u00f6re zum Kern der christlichen Botschaft, unterstreicht Generalvikar  Sturm unter Hinweis auf die Enzyklika \u201eLaudato si\u201c von Papst Franziskus.<\/p>\n\n\n\n<p>F\u00fcr\n den 20. September sind nach Aussage von \u201eFridays for Future\u201c rund um \nden Erdball in mehr als 110 L\u00e4ndern Aktionen und Demonstrationen \ngeplant, im Bereich des Bistums Speyer unter anderem in Zweibr\u00fccken, \nLandau, Neustadt und Speyer. Das Bistum Speyer wird die Demonstrationen \nam 20. September zus\u00e4tzlich mit eigenen Impulsen begleiten. Generalvikar\n Sturm l\u00e4dt die Pfarreien und Gemeinden ein, Sch\u00f6pfungsgebete, \nMeditationen&nbsp; oder Andachten anzubieten \u2013 idealerweise in \u00f6kumenischer \nZusammenarbeit. Das L\u00e4uten der Glocken in diesem Zusammenhang k\u00f6nne \ndabei zu einem zus\u00e4tzlichen \u00f6ffentlichen Zeichen zum Schutz des Klimas \nwerden. Der Bund der Deutschen katholischen Jugend (BDKJ) plant eigene \nAngebote, und \u201eder pilger\u201c wird mit der Bistumszeitung und seinem \nMagazin das Thema zu einem Schwerpunkt machen. Der \u201cpilger\u201c hatte auch \neinen entscheidenden Ansto\u00df zum Engagement des Bistums am 20. September \ngegeben und wird mit seinen Besch\u00e4ftigten aus Redaktion und Verlag an \nder Speyerer Demonstration teilnehmen. <\/p>\n\n\n\n<p>Sprecher\n der \u201eFridays for Future\u201c-Bewegung machen deutlich, dass der Kampf gegen\n den Klimawandel keine Aufgabe allein f\u00fcr eine einzige Generation sei, \nsondern eine \u201eAufgabe f\u00fcr die gesamte Menschheit\u201c. Menschen aller \nAltersgruppen seien am 20. September eingeladen, zur Begrenzung des \nmenschengemachten Klimawandels zu demonstrieren. Der Brief aus dem \nBistum&nbsp; Speyer erinnert daran, dass am 20. September das Klimakabinett \nder Bundesregierung zu Ma\u00dfnahmen gegen den Klimawandel tagt und am 23. \nSeptember ein UN-Klimagipfel in New York beginnt. <\/p>\n\n\n\n<p>Die\n hartn\u00e4ckigen Proteste von \u201eFridays for Future\u201c seien wichtig, so der \nSpeyerer Generalvikar. Hitzewellen, D\u00fcrren, \u00dcberschwemmungen &#8211; bereits \nheute vernichte die Klimakrise Leben und Lebensgrundlagen von Millionen \nMenschen weltweit. Sie versch\u00e4rfe bereits bestehende Ungleichheiten und \nverletze grundlegende Menschenrechte. \u201eIm besten Fall laufen all unsere \nBem\u00fchungen zusammen mit denen der Sch\u00fclerinnen und Sch\u00fcler, die mit \nihren Protesten die gro\u00dfen und entscheidenden Zukunftsthemen weltweit \nganz oben auf die politische Agenda gesetzt haben\u201c, so Generalvikar \nSturm.<\/p>\n\n\n\n<p><strong>Weitere Informationen:<\/strong><\/p>\n\n\n\n<p><a href=\"https:\/\/www.klima-streik.org\/\">https:\/\/www.klima-streik.org\/<\/a><\/p>\n\n\n\n<p><em>Bistum Speyer<br>11.09.2019<\/em><\/p>\n","protected":false},"excerpt":{"rendered":"<div class=\"mh-excerpt\"><p>Wolfgang Jochim als Hauptabteilungsleiter der Zentralstelle eingef\u00fchrt Berufsweg beim Bistum Speyer hat 1988 im Pfarrverband Edenkoben begonnen \u2013 Bew\u00e4hrter Organisator di\u00f6zesaner Gro\u00dfereignisse \u2013 Ab jetzt stimmberechtigtes Mitglied im Allgemeinen Geistlichen Rat Speyer &#8211; Mit einer <a class=\"mh-excerpt-more\" href=\"https:\/\/speyer24news.com\/?p=19066\" title=\"Kirche:\">[&#8230;]<\/a><\/p>\n<\/div>","protected":false},"author":3,"featured_media":19067,"comment_status":"open","ping_status":"open","sticky":false,"template":"","format":"standard","meta":{"_monsterinsights_skip_tracking":false,"_monsterinsights_sitenote_active":false,"_monsterinsights_sitenote_note":"","_monsterinsights_sitenote_category":0,"footnotes":""},"categories":[120],"tags":[],"aioseo_notices":[],"amp_enabled":true,"_links":{"self":[{"href":"https:\/\/speyer24news.com\/index.php?rest_route=\/wp\/v2\/posts\/19066"}],"collection":[{"href":"https:\/\/speyer24news.com\/index.php?rest_route=\/wp\/v2\/posts"}],"about":[{"href":"https:\/\/speyer24news.com\/index.php?rest_route=\/wp\/v2\/types\/post"}],"author":[{"embeddable":true,"href":"https:\/\/speyer24news.com\/index.php?rest_route=\/wp\/v2\/users\/3"}],"replies":[{"embeddable":true,"href":"https:\/\/speyer24news.com\/index.php?rest_route=%2Fwp%2Fv2%2Fcomments&post=19066"}],"version-history":[{"count":1,"href":"https:\/\/speyer24news.com\/index.php?rest_route=\/wp\/v2\/posts\/19066\/revisions"}],"predecessor-version":[{"id":19081,"href":"https:\/\/speyer24news.com\/index.php?rest_route=\/wp\/v2\/posts\/19066\/revisions\/19081"}],"wp:featuredmedia":[{"embeddable":true,"href":"https:\/\/speyer24news.com\/index.php?rest_route=\/wp\/v2\/media\/19067"}],"wp:attachment":[{"href":"https:\/\/speyer24news.com\/index.php?rest_route=%2Fwp%2Fv2%2Fmedia&parent=19066"}],"wp:term":[{"taxonomy":"category","embeddable":true,"href":"https:\/\/speyer24news.com\/index.php?rest_route=%2Fwp%2Fv2%2Fcategories&post=19066"},{"taxonomy":"post_tag","embeddable":true,"href":"https:\/\/speyer24news.com\/index.php?rest_route=%2Fwp%2Fv2%2Ftags&post=19066"}],"curies":[{"name":"wp","href":"https:\/\/api.w.org\/{rel}","templated":true}]}}