{"id":19156,"date":"2019-09-12T09:46:36","date_gmt":"2019-09-12T08:46:36","guid":{"rendered":"https:\/\/speyer24news.com\/?p=19156"},"modified":"2019-09-12T09:46:38","modified_gmt":"2019-09-12T08:46:38","slug":"kultur-10","status":"publish","type":"post","link":"https:\/\/speyer24news.com\/?p=19156","title":{"rendered":"Kultur:"},"content":{"rendered":"<style type=\"text\/css\">\r\n\t.ads_top_disp{}\r\n\t.ads_top_corner_disp{ float:left; margin:0px 10px 10px 0px; }\r\n\t.ads_first_p_disp{}\r\n\t.ads_bottom_disp{}\r\n\t<\/style>\n<h1 class=\"wp-block-heading\" style=\"text-align:center\">K\u00fcnstlerbund Speyer:<\/h1>\n\n\n\n<div class=\"wp-block-image\"><figure class=\"aligncenter\"><img decoding=\"async\" loading=\"lazy\" width=\"800\" height=\"600\" src=\"https:\/\/speyer24news.com\/wp-content\/uploads\/2019\/09\/K\u00fcnstlerbund-Speyer.jpg\" alt=\"\" class=\"wp-image-19160\" srcset=\"https:\/\/speyer24news.com\/wp-content\/uploads\/2019\/09\/K\u00fcnstlerbund-Speyer.jpg 800w, https:\/\/speyer24news.com\/wp-content\/uploads\/2019\/09\/K\u00fcnstlerbund-Speyer-300x225.jpg 300w, https:\/\/speyer24news.com\/wp-content\/uploads\/2019\/09\/K\u00fcnstlerbund-Speyer-768x576.jpg 768w, https:\/\/speyer24news.com\/wp-content\/uploads\/2019\/09\/K\u00fcnstlerbund-Speyer-678x509.jpg 678w, https:\/\/speyer24news.com\/wp-content\/uploads\/2019\/09\/K\u00fcnstlerbund-Speyer-326x245.jpg 326w, https:\/\/speyer24news.com\/wp-content\/uploads\/2019\/09\/K\u00fcnstlerbund-Speyer-80x60.jpg 80w\" sizes=\"(max-width: 800px) 100vw, 800px\" \/><\/figure><\/div>\n\n\n\n<h2 class=\"wp-block-heading\">Ausstellung im K\u00fcnstlerbund\u00a0 &#8222;NICOLAS WITSCHI &#8211; Werkschau&#8220; <\/h2>\n\n\n\n<div class=\"wp-block-image\"><figure class=\"aligncenter\"><img decoding=\"async\" loading=\"lazy\" width=\"500\" height=\"697\" src=\"https:\/\/speyer24news.com\/wp-content\/uploads\/2019\/09\/fullsizeoutput_1d04.jpeg\" alt=\"\" class=\"wp-image-19161\" srcset=\"https:\/\/speyer24news.com\/wp-content\/uploads\/2019\/09\/fullsizeoutput_1d04.jpeg 500w, https:\/\/speyer24news.com\/wp-content\/uploads\/2019\/09\/fullsizeoutput_1d04-215x300.jpeg 215w\" sizes=\"(max-width: 500px) 100vw, 500px\" \/><\/figure><\/div>\n\n\n\n<p><em>K\u00fcnstlerbund Speyer<br>12.09.2019<\/em><\/p>\n\n\n\n<h1 class=\"wp-block-heading\" style=\"text-align:center\">Stadt Speyer:<\/h1>\n\n\n\n<div class=\"wp-block-image\"><figure class=\"aligncenter\"><img decoding=\"async\" src=\"https:\/\/speyer24news.com\/wp-content\/uploads\/2019\/08\/Speyer-Logo.jpg\" alt=\"\" class=\"wp-image-18106\"\/><\/figure><\/div>\n\n\n\n<h2 class=\"wp-block-heading\"><strong>Finale f\u00fcr das Gryne Band &#8211; Bonsai, Herbarium, spontanes Singen und Abschlussfest im Adenauerpark<\/strong><\/h2>\n\n\n\n<div class=\"wp-block-image\"><figure class=\"aligncenter\"><img decoding=\"async\" loading=\"lazy\" width=\"800\" height=\"600\" src=\"https:\/\/speyer24news.com\/wp-content\/uploads\/2019\/09\/Das-gryne-Band-6.jpg\" alt=\"\" class=\"wp-image-19165\" srcset=\"https:\/\/speyer24news.com\/wp-content\/uploads\/2019\/09\/Das-gryne-Band-6.jpg 800w, https:\/\/speyer24news.com\/wp-content\/uploads\/2019\/09\/Das-gryne-Band-6-300x225.jpg 300w, https:\/\/speyer24news.com\/wp-content\/uploads\/2019\/09\/Das-gryne-Band-6-768x576.jpg 768w, https:\/\/speyer24news.com\/wp-content\/uploads\/2019\/09\/Das-gryne-Band-6-678x509.jpg 678w, https:\/\/speyer24news.com\/wp-content\/uploads\/2019\/09\/Das-gryne-Band-6-326x245.jpg 326w, https:\/\/speyer24news.com\/wp-content\/uploads\/2019\/09\/Das-gryne-Band-6-80x60.jpg 80w\" sizes=\"(max-width: 800px) 100vw, 800px\" \/><\/figure><\/div>\n\n\n\n<p><strong>Speyer &#8211; <\/strong>Der gryne Sommer in Speyer zeigt noch einmal bunte Bl\u00fcten. Mit einem  vielf\u00e4ltigen Veranstaltungsprogramm im September wird am Wochenende das  Finale der gro\u00dfen Beteiligungsaktion eingel\u00e4utet.\u00a0\u00a0\u00a0\u00a0\u00a0\u00a0\u00a0 <\/p>\n\n\n\n<p>Der kommende <strong>Samstag und Sonntag, 14. und 15. September<\/strong>,  jeweils 11 bis 16 Uhr, ist den Bonsai, der\u00a0 gro\u00dfen Leidenschaft f\u00fcr  kleine B\u00e4ume gewidmet.\u00a0 Der Glaspavillon im Rathausr\u00fcckgeb\u00e4ude wird f\u00fcr  zwei Tage zur Ausstellungsfl\u00e4che  mit begleitenden Rundg\u00e4ngen durch eine umfangreiche Pr\u00e4sentation von  Bonsai.\u00a0 Jeweils 14 Uhr gibt es eine Einf\u00fchrung in die Bonsai-Technik  f\u00fcr Anf\u00e4nger*innen und Fortgeschrittene durch die Firma  \u201eBonsai-Gestaltung Sturm\u201c.<\/p>\n\n\n\n<div class=\"wp-block-image\"><figure class=\"aligncenter\"><img decoding=\"async\" loading=\"lazy\" width=\"800\" height=\"600\" src=\"https:\/\/speyer24news.com\/wp-content\/uploads\/2019\/09\/Das-gryne-Band-2.jpg\" alt=\"\" class=\"wp-image-19166\" srcset=\"https:\/\/speyer24news.com\/wp-content\/uploads\/2019\/09\/Das-gryne-Band-2.jpg 800w, https:\/\/speyer24news.com\/wp-content\/uploads\/2019\/09\/Das-gryne-Band-2-300x225.jpg 300w, https:\/\/speyer24news.com\/wp-content\/uploads\/2019\/09\/Das-gryne-Band-2-768x576.jpg 768w, https:\/\/speyer24news.com\/wp-content\/uploads\/2019\/09\/Das-gryne-Band-2-678x509.jpg 678w, https:\/\/speyer24news.com\/wp-content\/uploads\/2019\/09\/Das-gryne-Band-2-326x245.jpg 326w, https:\/\/speyer24news.com\/wp-content\/uploads\/2019\/09\/Das-gryne-Band-2-80x60.jpg 80w\" sizes=\"(max-width: 800px) 100vw, 800px\" \/><\/figure><\/div>\n\n\n\n<p>Am <strong>Sonntag, 15. September, 19 Uhr<\/strong>, l\u00e4dt der \nRosa Luxemburg-Club in die Gotische Kapelle im&nbsp; Adenauerpark ein, um an \ndie Kommunistin und Blumenfreundin Rosa Luxemburg zu erinnern, die vor \n100 Jahren in Berlin ermordet wurde. Sabrina\n Albers liest aus den Briefen, die Rosa Luxemburg aus der Haft an \nFreund*innen und Genoss*innen&nbsp; geschrieben hat. Die Revolution\u00e4rin und \nleidenschaftliche Kriegsgegnerin sammelte sowohl in Freiheit als auch in\n Gefangenschaft Pflanzen, die sie ab Mai 1913 in\n ihrem Herbarium \u2013 einem Heft, in dem sie diese presste und penibel \nbeschriftete \u2013 anlegte. Die Liebe zu den Blumen begleitete sie ein Leben\n lang.<\/p>\n\n\n\n<p>Am <strong>Freitag, 27. September, 18 Uhr<\/strong>, wird noch  einmal das Singen im Grynen ge\u00fcbt: Spontan, gemeinsam und ohne Noten.  Jutta Brandel singt mit Menschen im Adenauerpark, ohne Vorbereitung und  in der Natur unter freiem Himmel. Anmeldung  per Mail an <a href=\"kulturbuero@stadt-speyer.de\">kulturbuero@stadt-speyer.de<\/a>\u00a0\u00a0\u00a0 <\/p>\n\n\n\n<div class=\"wp-block-image\"><figure class=\"aligncenter\"><img decoding=\"async\" loading=\"lazy\" width=\"800\" height=\"600\" src=\"https:\/\/speyer24news.com\/wp-content\/uploads\/2019\/09\/DSC03195.jpg\" alt=\"\" class=\"wp-image-19167\" srcset=\"https:\/\/speyer24news.com\/wp-content\/uploads\/2019\/09\/DSC03195.jpg 800w, https:\/\/speyer24news.com\/wp-content\/uploads\/2019\/09\/DSC03195-300x225.jpg 300w, https:\/\/speyer24news.com\/wp-content\/uploads\/2019\/09\/DSC03195-768x576.jpg 768w, https:\/\/speyer24news.com\/wp-content\/uploads\/2019\/09\/DSC03195-678x509.jpg 678w, https:\/\/speyer24news.com\/wp-content\/uploads\/2019\/09\/DSC03195-326x245.jpg 326w, https:\/\/speyer24news.com\/wp-content\/uploads\/2019\/09\/DSC03195-80x60.jpg 80w\" sizes=\"(max-width: 800px) 100vw, 800px\" \/><\/figure><\/div>\n\n\n\n<p>Als Dankesch\u00f6n f\u00fcr diesen grynen Sommer in Speyer l\u00e4dt Oberb\u00fcrgermeisterin Stefanie Seiler dann am\n<strong>29. September, ab 16 Uhr<\/strong> alle Mitwirkenden, Pflanzpat*innen, \nFreund*innen und G\u00e4rtner*innen des Grynen Bandes in den Adenauerpark zum\n gro\u00dfen Abschlussfest ein. F\u00fcr gute Laune, kulinarisches Wohlbefinden \nund Spannung sorgen das gryne Duo Radikal, die\n Dampfnudelmanufaktur Wolke 7 und eine Pr\u00e4mierung der f\u00fcnf sch\u00f6nsten \nbzw. originellsten Pflanzkisten des Grynen Bandes. Bei Regen findet das \nFest in der Kapelle statt. G\u00e4ste sind willkommen.&nbsp;&nbsp;\n<\/p>\n\n\n\n<p>Der Eintritt zu allen Veranstaltungen im September ist frei. Ausf\u00fchrliche Infos unter <a rel=\"noreferrer noopener\" href=\"https:\/\/deref-web-02.de\/mail\/client\/f3PIz5hQcu4\/dereferrer\/?redirectUrl=http%3A%2F%2Fwww.speyer.de%2Fgryn\" target=\"_blank\">www.speyer.de\/gryn<\/a><\/p>\n\n\n\n<p><\/p>\n\n\n\n<h2 class=\"wp-block-heading\"><strong>Der Umbruch in der Speyerer Winkeldruckerey ist gelungen: Druckerwochenenden werden auch 2019\/2020 fortgesetzt<\/strong><\/h2>\n\n\n\n<div class=\"wp-block-image\"><figure class=\"aligncenter\"><img decoding=\"async\" loading=\"lazy\" width=\"640\" height=\"480\" src=\"https:\/\/speyer24news.com\/wp-content\/uploads\/2019\/09\/Kulturhof-Flachsgasse.jpg\" alt=\"\" class=\"wp-image-19159\" srcset=\"https:\/\/speyer24news.com\/wp-content\/uploads\/2019\/09\/Kulturhof-Flachsgasse.jpg 640w, https:\/\/speyer24news.com\/wp-content\/uploads\/2019\/09\/Kulturhof-Flachsgasse-300x225.jpg 300w, https:\/\/speyer24news.com\/wp-content\/uploads\/2019\/09\/Kulturhof-Flachsgasse-326x245.jpg 326w, https:\/\/speyer24news.com\/wp-content\/uploads\/2019\/09\/Kulturhof-Flachsgasse-80x60.jpg 80w\" sizes=\"(max-width: 640px) 100vw, 640px\" \/><\/figure><\/div>\n\n\n\n<p><strong>Speyer &#8211;<\/strong> Nach der erfolgreichen Neustrukturierung der Speyerer Winkeldruckerey im  vergangenen Jahr, werden die beliebten Druckerwochenenden auch in der  Saison 2019\/2020 fortgesetzt. Die eingeladenen Gastdruckerinnen und  -drucker pr\u00e4sentieren das gro\u00dfe Spektrum der Druckkunst,  von Holz- und Linolschnitt \u00fcber Plakatgestaltung bis hin zum  Schriftdesign.<\/p>\n\n\n\n<p>Er\u00f6ffnet wird die Saison am <strong>28. und 29. September<\/strong> von einem der wichtigsten zeitgen\u00f6ssischen Linolschneider, dem Berliner\n<strong>Philipp Hennevogl<\/strong>. Der f\u00fcr seine fotorealistischen Arbeiten \nbekannte K\u00fcnstler hat sich in Rheinland-Pfalz insbesondere als Mainzer \nStadtdrucker 2010\/2011 einen Namen gemacht. Am\n<strong>26. und 27. Oktober<\/strong> folgt mit <strong>Hannes Steinert<\/strong> ein vor \nallem im s\u00fcddeutschen Raum umtriebiger K\u00fcnstler. Seine Landschaftsszenen\n und Stillleben sind \u00e4u\u00dferst farbenpr\u00e4chtig und plakativ. Ein neuer \nAkzent wird am\n<strong>23. und 24. November<\/strong> gesetzt. Erstmals in der Geschichte der Winkeldruckerey wird ein Plakatgestalter zu Gast sein. Mit dem Schweizer\n<strong>Niklaus Troxler<\/strong> konnte hier gleich einer der bedeutendsten seiner\n Zunft gewonnen werden. Seine Plakate sind in den wichtigsten \ninternationalen Designsammlungen, z.B. dem Museum of Modern Art in New \nYork, vertreten.<\/p>\n\n\n\n<p>Zu Beginn der zweiten Saisonh\u00e4lfte steht bei <strong>Anastasiya Nesterova<\/strong> am\n<strong>18. und 19. Januar<\/strong> der Farbholzschnitt im Mittelpunkt. Die \ngeb\u00fcrtige Ukrainerin hat sich der Technik des \u201everlorenen Druckstocks\u201c \nverschrieben und arbeitet in thematischen Zyklen. Am\n<strong>15. und 16. Februar<\/strong> kehrt mit <strong>Thomas Siemon<\/strong> ein alter \nBekannter aus der \u00c4ra von Artur Sch\u00fctt nach Speyer zur\u00fcck. Der Gr\u00fcnder \ndes Leipziger Druckateliers \u201ecarpe plumbum\u201c hat seinen \nArbeitsschwerpunkt in der Zwischenzeit jedoch von B\u00fcchern auf \nDruckgrafik\n verlagert. Das letzte Druckerwochenende der Saison findet anl\u00e4sslich \ndes Tages der Druckkunst am\n<strong>14. und 15. M\u00e4rz<\/strong> statt und beleuchtet einen weiteren Aspekt, die Typographie. Aus Leipzig zu Gast sein wird der typographische Gestalter\n<strong>Pierre Pan\u00e9-Farr\u00e9<\/strong>, Mitbegr\u00fcnder des Schriftlabels \u201eForgotten Shapes\u201c.<\/p>\n\n\n\n<p>An den <strong>Druckerwochenenden<\/strong> wird am <strong>Samstag und Sonntag jeweils von 11 bis 18 Uhr<\/strong> bei \u201eoffener Werkstatt\u201c in der <strong>Winkeldruckerey im Kulturhof Flachsgasse<\/strong> gearbeitet. Besucher k\u00f6nnen den Gastdruckerinnen und -druckern beim Werken \u00fcber die Schulter schauen.<\/p>\n\n\n\n<p>Dar\u00fcber hinaus werden im <strong>Typographischen Kabinett im Kulturhof Flachsgasse<\/strong>  f\u00fcr ca. vier Wochen die vor Ort entstandenen Bl\u00e4tter sowie weitere  Drucke aus der Heimatwerkstatt der jeweiligen Gastdruckerinnen und  -drucker gezeigt. Zu  sehen ist diese <strong>Ausstellung <\/strong>bei freiem Eintritt von <strong>Donnerstag bis Sonntag jeweils von 11 bis 18 Uhr<\/strong>.<\/p>\n\n\n\n<p><em>Stadt Speyer<br>12.09.2019<\/em><\/p>\n\n\n\n<h2 class=\"wp-block-heading\"><strong>Musikunterricht nach der Suzuki-Methode<\/strong><\/h2>\n\n\n\n<div class=\"wp-block-image\"><figure class=\"aligncenter\"><img decoding=\"async\" loading=\"lazy\" width=\"800\" height=\"599\" src=\"https:\/\/speyer24news.com\/wp-content\/uploads\/2019\/09\/Musikschule-Speyer-Gitarrenensamble.jpg\" alt=\"\" class=\"wp-image-19162\" srcset=\"https:\/\/speyer24news.com\/wp-content\/uploads\/2019\/09\/Musikschule-Speyer-Gitarrenensamble.jpg 800w, https:\/\/speyer24news.com\/wp-content\/uploads\/2019\/09\/Musikschule-Speyer-Gitarrenensamble-300x225.jpg 300w, https:\/\/speyer24news.com\/wp-content\/uploads\/2019\/09\/Musikschule-Speyer-Gitarrenensamble-768x575.jpg 768w, https:\/\/speyer24news.com\/wp-content\/uploads\/2019\/09\/Musikschule-Speyer-Gitarrenensamble-678x509.jpg 678w, https:\/\/speyer24news.com\/wp-content\/uploads\/2019\/09\/Musikschule-Speyer-Gitarrenensamble-326x245.jpg 326w, https:\/\/speyer24news.com\/wp-content\/uploads\/2019\/09\/Musikschule-Speyer-Gitarrenensamble-80x60.jpg 80w\" sizes=\"(max-width: 800px) 100vw, 800px\" \/><\/figure><\/div>\n\n\n\n<p><strong>Speyer &#8211; <\/strong>Die  Musikschule der Stadt Speyer bietet ab November wieder Violinen-Kurse  nach der Suzuki Methode an. Bereits ab vier Jahren k\u00f6nnen  nach dieser Methode Kinder an einem Instrument ausgebildet werden.  Interessierte Eltern sind herzlich eingeladen, sich am <strong>Mittwoch, 25.  September 2019<\/strong>, zwischen 14:30 Uhr und 17:00 Uhr vor Ort selbst ein Bild  von den bereits laufenden Kursen zu machen. Hierzu  ist eine Anmeldung beim Sekretariat der Musikschule n\u00f6tig, telefonisch  unter 06232-141340 oder per Email an <a rel=\"noreferrer noopener\" href=\"mailto:musikschule@stadt-speyer.de\" target=\"_blank\">musikschule@stadt-speyer.de<\/a>. Bei \u00dcberbelegung stehen weitere Termine zur Verf\u00fcgung. <\/p>\n\n\n\n<p>Die\n Suzuki-Methode ist eine besondere Form des fr\u00fchinstrumentalen \nMusikunterrichts, benannt nach ihrem Begr\u00fcnder Shinichi Suzuki,\n wonach Kinder zun\u00e4chst nach Geh\u00f6r musizieren, bevor sie das Notenlesen \nerlernen \u2013 so wie sie zun\u00e4chst sprechen und dann erst lesen lernen. \nShinichi Suzuki nannte seine Methode auch \u201eTalenterziehung\u201c. Er war \nzutiefst davon \u00fcberzeugt, dass Talent und Begabung\n nicht angeboren sind, sondern dass jedes Kind sie entwickeln k\u00f6nne, \nwenn es nur entsprechend dem eigenen Wissens- und Entwicklungsstand von \nliebevollen Eltern und Lehrer*innen gef\u00f6rdert und unterrichtet w\u00fcrde. Im\n Alter von drei bis vier Jahren sei die kindliche\n Freude an der Musik noch ganz lebendig und das Lernen nach Geh\u00f6r und \ndurch Imitation selbstverst\u00e4ndlich, so Suzuki.\n<\/p>\n\n\n\n<p>Anmeldungen k\u00f6nnen direkt \u00fcber die Homepage der Musikschule <a rel=\"noreferrer noopener\" href=\"https:\/\/deref-web-02.de\/mail\/client\/Ta46j3QLG0M\/dereferrer\/?redirectUrl=http%3A%2F%2Fwww.musikschule.speyer.de\" target=\"_blank\">www.musikschule.speyer.de<\/a> vorgenommen werden.<\/p>\n\n\n\n<p><em>Stadt Speyer<br>12.09.2019<\/em><\/p>\n\n\n\n<h1 class=\"wp-block-heading\" style=\"text-align:center\">Sealife Speyer GmbH:<\/h1>\n\n\n\n<div class=\"wp-block-image\"><figure class=\"aligncenter\"><img decoding=\"async\" src=\"https:\/\/speyer24news.com\/wp-content\/uploads\/2019\/09\/Sea-Life-Speyer-Logo.png\" alt=\"\" class=\"wp-image-19158\"\/><\/figure><\/div>\n\n\n\n<h2 class=\"wp-block-heading\">Ein Bali-Besuch mit positiven Folgen f\u00fcr \u201eMeer\u201c Lebensraum <\/h2>\n\n\n\n<h3 class=\"wp-block-heading\"><strong>Das Wort Nachhaltigkeit ist gerade in aller Munde und vor allem die  Aktionen sowie Diskussionen rund um Klimaschutz-Initiativen und  \u201aFridays4Future\u2018-Bewegungen  t\u00e4glich Thema in Nachrichten und Sozialen Medien. Wikipedia sagt  Nachhaltigkeit sei \u201eein Handlungsprinzip zur Ressourcen-Nutzung, bei dem  eine dauerhafte Bed\u00fcrfnisbefriedigung durch die Bewahrung der  nat\u00fcrlichen Regenerationsf\u00e4higkeit der beteiligten Systeme  gew\u00e4hrleistet werden soll.\u201c Der Mensch m\u00f6ge also achtsam mit der Erde  umgehen, wenn er hier noch lange leben m\u00f6chte. Alternativer Lebensraum  ist nicht vorhanden.<\/strong><\/h3>\n\n\n\n<div class=\"wp-block-image\"><figure class=\"aligncenter\"><img decoding=\"async\" loading=\"lazy\" width=\"800\" height=\"600\" src=\"https:\/\/speyer24news.com\/wp-content\/uploads\/2019\/09\/korallen-bali.jpg\" alt=\"\" class=\"wp-image-19163\" srcset=\"https:\/\/speyer24news.com\/wp-content\/uploads\/2019\/09\/korallen-bali.jpg 800w, https:\/\/speyer24news.com\/wp-content\/uploads\/2019\/09\/korallen-bali-300x225.jpg 300w, https:\/\/speyer24news.com\/wp-content\/uploads\/2019\/09\/korallen-bali-768x576.jpg 768w, https:\/\/speyer24news.com\/wp-content\/uploads\/2019\/09\/korallen-bali-678x509.jpg 678w, https:\/\/speyer24news.com\/wp-content\/uploads\/2019\/09\/korallen-bali-326x245.jpg 326w, https:\/\/speyer24news.com\/wp-content\/uploads\/2019\/09\/korallen-bali-80x60.jpg 80w\" sizes=\"(max-width: 800px) 100vw, 800px\" \/><figcaption>Wiederherstellung eines Korallenriffs vor Bali <\/figcaption><\/figure><\/div>\n\n\n\n<p><strong>Speyer &#8211; <\/strong>Auch SEA LIFE besch\u00e4ftigt sich seit Jahrzehnten mit diesem  Thema und setzt sich weltweit im Rahmen der eigenen  Umweltschutzorganisation SEA LIFE  Trust f\u00fcr die Erhaltung des Lebensraums Meer ein. So auch k\u00fcrzlich das  SEA LIFE Speyer mit einer ganz besonderen Aktion. Und zwar nicht im  pf\u00e4lzischen Speyer, sondern dem indonesischen Bali: Arndt Hadamek,  biologischer Leiter des SEA LIFE Speyer war in diesem  Jahr mit seinen SEA LIFE-Kollegen aus London, Dallas, Melbourne und  Brighton als einer von f\u00fcnf Experten auf der f\u00fcr ihre Korallenriffe  bekannte Vulkaninsel, um dort neun Tage lang mit der Indonesian Nature  Foundation im LINI Aquaculture and Training Center  zu arbeiten und Teile ebendieser Korallenriffe wiederherzustellen.<\/p>\n\n\n\n<div class=\"wp-block-image\"><figure class=\"aligncenter\"><img decoding=\"async\" loading=\"lazy\" width=\"800\" height=\"535\" src=\"https:\/\/speyer24news.com\/wp-content\/uploads\/2019\/09\/sea-life-team-bali.jpg\" alt=\"\" class=\"wp-image-19164\" srcset=\"https:\/\/speyer24news.com\/wp-content\/uploads\/2019\/09\/sea-life-team-bali.jpg 800w, https:\/\/speyer24news.com\/wp-content\/uploads\/2019\/09\/sea-life-team-bali-300x201.jpg 300w, https:\/\/speyer24news.com\/wp-content\/uploads\/2019\/09\/sea-life-team-bali-768x514.jpg 768w\" sizes=\"(max-width: 800px) 100vw, 800px\" \/><figcaption> Arndt Hadamek (links) und seine Kollegen der SEA LIFE Standorte weltweit.<\/figcaption><\/figure><\/div>\n\n\n\n<p>Die\n SEA LIFE Experten schulten die dortigen Kollegen, Mitarbeiter und \nEinheimischen in Aquakulturtechniken sowie im Wiederaufbau besch\u00e4digter \nKorallenriffe und halfen\n sowohl \u00fcber wie auch unter Wasser dabei, ein k\u00fcnstliches Riff zu \nerneuern, um die lokalen Riffe von LINI zu erweitern. \u201eEine \nHerzensangelegenheit\u201c findet Arndt Hadamek, der sagt zum ersten aber \nnicht zum letzten Mal auf Bali gewesen zu sein: \u201eDie Arbeit mit\n den Kollegen, aber vor allem Einheimischem war gleicherma\u00dfen \ninspirierend wie wichtig und ich freue mich so einen weiteren Beitrag \nzur Erhaltung des Lebensraum Meer leisten zu k\u00f6nnen. Der Bali-Besuch \n2019 wird 2020 mit Sicherheit wiederholt \u2013 mal sehen wie\n die Unterwasserwelt unsere \u201aneuen\u2018 Korallenriffe bis dahin angenommen \nhat.\u201c<\/p>\n\n\n\n<p><em>SEA LIFE Deutschland GmbH, Niederlassung Speyer<br>12.09.2019<\/em><\/p>\n\n\n\n<h2 class=\"wp-block-heading\"><strong>\u201eWeinprobe unter Wasser\u201c im Sea Life<\/strong><\/h2>\n\n\n\n<h3 class=\"wp-block-heading\"><strong>Das erfolgreiche Event-Konzept der \u201eWeinprobe unter Wasser\u201c startet mit  neuen Terminen in den Herbst 2019.  Wie bereits in den Vorjahren bietet das Aquarium am Rhein gemeinsam mit dem Winzerpaar des Weingut Bender das Neustadt-Geinsheim eine Weinprobe kombiniert mit einer kurzweiligen F\u00fchrung. <\/strong><\/h3>\n\n\n\n<div class=\"wp-block-image\"><figure class=\"aligncenter\"><img decoding=\"async\" loading=\"lazy\" width=\"800\" height=\"600\" src=\"https:\/\/speyer24news.com\/wp-content\/uploads\/2019\/09\/Weinprobe-unter-Wasser.jpg\" alt=\"\" class=\"wp-image-19157\" srcset=\"https:\/\/speyer24news.com\/wp-content\/uploads\/2019\/09\/Weinprobe-unter-Wasser.jpg 800w, https:\/\/speyer24news.com\/wp-content\/uploads\/2019\/09\/Weinprobe-unter-Wasser-300x225.jpg 300w, https:\/\/speyer24news.com\/wp-content\/uploads\/2019\/09\/Weinprobe-unter-Wasser-768x576.jpg 768w, https:\/\/speyer24news.com\/wp-content\/uploads\/2019\/09\/Weinprobe-unter-Wasser-678x509.jpg 678w, https:\/\/speyer24news.com\/wp-content\/uploads\/2019\/09\/Weinprobe-unter-Wasser-326x245.jpg 326w, https:\/\/speyer24news.com\/wp-content\/uploads\/2019\/09\/Weinprobe-unter-Wasser-80x60.jpg 80w\" sizes=\"(max-width: 800px) 100vw, 800px\" \/><\/figure><\/div>\n\n\n\n<p><strong>Speyer &#8211; <\/strong>Es ist wieder soweit. Das erfolgreiche  Event-Konzept der \u201eWeinprobe unter Wasser\u201c startet mit  neuen Terminen in den Herbst 2019. Wie bereits in den Vorjahren bietet  das Aquarium am Rhein gemeinsam mit dem Winzerpaar des Weinguts Bender  das Neustadt-Geinsheim eine Weinprobe unter Wasser. <\/p>\n\n\n\n<p>Bei\n der Weinprobe unter Wasser erwartet die G\u00e4ste eine F\u00fchrung, bei der sie\n nicht nur einen tiefen Einblick in die Unterwasserwelt, sondern\n auch in ihre Gl\u00e4ser, gef\u00fcllt mit besonderen Weinen aus der Pfalz, \nbekommen. Das Winzerpaar Melissa und Stefan Bender nehmen die G\u00e4ste mit \nauf eine ganz besondere Reise f\u00fcr die Sinne. An jeweils drei Stationen \nin der Ausstellung werden verschiedene Weine mit\n ihren individuellen Eigenschaften vorgestellt.<\/p>\n\n\n\n<p>Die Ticketanzahl je Termin ist auf 25 limitiert und online unter <a href=\"https:\/\/deref-web-02.de\/mail\/client\/ouX5KOSeoaU\/dereferrer\/?redirectUrl=http%3A%2F%2Fwww.sealife.de\" target=\"_blank\" rel=\"noreferrer noopener\">www.sealife.de<\/a>\n buchbar. Die Weinprobe kostet 30 Euro, hierin sind die F\u00fchrung,\n die Weinprobe und ein kleiner Snack inklusive. Im Anschluss an die \nVeranstaltung k\u00f6nnen die verk\u00f6stigten Weine erworben und direkt mit nach\n Hause genommen werden.<\/p>\n\n\n\n<h4 class=\"wp-block-heading\">Termine:\n<\/h4>\n\n\n\n<ul><li>28.09.2019<\/li><li>26.10.2019<\/li><li>16.11.2019<\/li><li>07.12.2019<\/li><\/ul>\n\n\n\n<p><em>SEA LIFE Deutschland GmbH, Niederlassung Speyer<br>12.09.2019<\/em><\/p>\n","protected":false},"excerpt":{"rendered":"<div class=\"mh-excerpt\"><p>K\u00fcnstlerbund Speyer: Ausstellung im K\u00fcnstlerbund\u00a0 &#8222;NICOLAS WITSCHI &#8211; Werkschau&#8220; K\u00fcnstlerbund Speyer12.09.2019 Stadt Speyer: Finale f\u00fcr das Gryne Band &#8211; Bonsai, Herbarium, spontanes Singen und Abschlussfest im Adenauerpark Speyer &#8211; Der gryne Sommer in Speyer zeigt <a class=\"mh-excerpt-more\" href=\"https:\/\/speyer24news.com\/?p=19156\" title=\"Kultur:\">[&#8230;]<\/a><\/p>\n<\/div>","protected":false},"author":3,"featured_media":0,"comment_status":"open","ping_status":"open","sticky":false,"template":"","format":"standard","meta":{"_monsterinsights_skip_tracking":false,"_monsterinsights_sitenote_active":false,"_monsterinsights_sitenote_note":"","_monsterinsights_sitenote_category":0,"footnotes":""},"categories":[14],"tags":[1269,3277,3275,926,928,3278,577,3272,292,3273,667,668,989,3276,3279,3274],"aioseo_notices":[],"amp_enabled":true,"_links":{"self":[{"href":"https:\/\/speyer24news.com\/index.php?rest_route=\/wp\/v2\/posts\/19156"}],"collection":[{"href":"https:\/\/speyer24news.com\/index.php?rest_route=\/wp\/v2\/posts"}],"about":[{"href":"https:\/\/speyer24news.com\/index.php?rest_route=\/wp\/v2\/types\/post"}],"author":[{"embeddable":true,"href":"https:\/\/speyer24news.com\/index.php?rest_route=\/wp\/v2\/users\/3"}],"replies":[{"embeddable":true,"href":"https:\/\/speyer24news.com\/index.php?rest_route=%2Fwp%2Fv2%2Fcomments&post=19156"}],"version-history":[{"count":1,"href":"https:\/\/speyer24news.com\/index.php?rest_route=\/wp\/v2\/posts\/19156\/revisions"}],"predecessor-version":[{"id":19168,"href":"https:\/\/speyer24news.com\/index.php?rest_route=\/wp\/v2\/posts\/19156\/revisions\/19168"}],"wp:attachment":[{"href":"https:\/\/speyer24news.com\/index.php?rest_route=%2Fwp%2Fv2%2Fmedia&parent=19156"}],"wp:term":[{"taxonomy":"category","embeddable":true,"href":"https:\/\/speyer24news.com\/index.php?rest_route=%2Fwp%2Fv2%2Fcategories&post=19156"},{"taxonomy":"post_tag","embeddable":true,"href":"https:\/\/speyer24news.com\/index.php?rest_route=%2Fwp%2Fv2%2Ftags&post=19156"}],"curies":[{"name":"wp","href":"https:\/\/api.w.org\/{rel}","templated":true}]}}