{"id":19182,"date":"2019-09-12T12:10:54","date_gmt":"2019-09-12T11:10:54","guid":{"rendered":"https:\/\/speyer24news.com\/?p=19182"},"modified":"2019-09-12T13:44:11","modified_gmt":"2019-09-12T12:44:11","slug":"stadtnotizen-und-verkehrsnotizen-aus-speyer","status":"publish","type":"post","link":"https:\/\/speyer24news.com\/?p=19182","title":{"rendered":"Stadtnotizen und Verkehrsnotizen aus Speyer:"},"content":{"rendered":"<style type=\"text\/css\">\r\n\t.ads_top_disp{}\r\n\t.ads_top_corner_disp{ float:left; margin:0px 10px 10px 0px; }\r\n\t.ads_first_p_disp{}\r\n\t.ads_bottom_disp{}\r\n\t<\/style>\n<h1 class=\"wp-block-heading\" style=\"text-align:center\">Stadtnotizen:<\/h1>\n\n\n\n<h2 class=\"wp-block-heading\"><strong>B\u00fcrgerinformationsveranstaltung zum Bauprojekt Waldstra\u00dfe<\/strong><\/h2>\n\n\n\n<div class=\"wp-block-image\"><figure class=\"aligncenter\"><img decoding=\"async\" loading=\"lazy\" width=\"800\" height=\"600\" src=\"https:\/\/speyer24news.com\/wp-content\/uploads\/2019\/09\/DSC09980.jpg\" alt=\"\" class=\"wp-image-19186\" srcset=\"https:\/\/speyer24news.com\/wp-content\/uploads\/2019\/09\/DSC09980.jpg 800w, https:\/\/speyer24news.com\/wp-content\/uploads\/2019\/09\/DSC09980-300x225.jpg 300w, https:\/\/speyer24news.com\/wp-content\/uploads\/2019\/09\/DSC09980-768x576.jpg 768w, https:\/\/speyer24news.com\/wp-content\/uploads\/2019\/09\/DSC09980-678x509.jpg 678w, https:\/\/speyer24news.com\/wp-content\/uploads\/2019\/09\/DSC09980-326x245.jpg 326w, https:\/\/speyer24news.com\/wp-content\/uploads\/2019\/09\/DSC09980-80x60.jpg 80w\" sizes=\"(max-width: 800px) 100vw, 800px\" \/><\/figure><\/div>\n\n\n\n<p>Am\n<strong>Dienstag, 17.09.2019, 15 &#8211; 18 Uhr<\/strong>, l\u00e4dt die Stadt Speyer alle \nInteressierten zu einer B\u00fcrgerinformationsveranstaltung zum Bauprojekt \nWaldstra\u00dfe in den Glaspavillon im Innenhof des Historischen Rathauses \nein. Gem\u00e4\u00df Planungsstand soll auf der bislang brach\n liegenden Fl\u00e4che eingangs der Waldstra\u00dfe ein Wohnbebauungsvorhaben mit \ninsgesamt 85 Wohneinheiten, davon 22 sozial gef\u00f6rdert,&nbsp; realisiert \nwerden.<\/p>\n\n\n\n<p>Im Rahmen der B\u00fcrgerinformationsveranstaltung erhalten die B\u00fcrger*innen die M\u00f6glichkeit,  sich fr\u00fchzeitig mit den Planungen auseinanderzusetzen und direkt mit  den Planungsbeteiligten ins Gespr\u00e4ch zu kommen. Vorhabentr\u00e4ger,  Architekt, Fachplaner*innen  zu den Themenbereichen Verkehr, Naturschutz, Klima und L\u00e4rm sowie  Vertreter*innen der Stadtverwaltung stehen dabei f\u00fcr Fragen und  Anregungen zum Projekt zur Verf\u00fcgung. Oberb\u00fcrgermeisterin Stefanie  Seiler wird zu Beginn ein paar Worte an die Teilnehmer*innen  richten. <\/p>\n\n\n\n<p><em>Text: Stadt Speyer Foto: Speyer 24\/7 News, dak<br>12.09.2019<\/em><\/p>\n\n\n\n<h2 class=\"wp-block-heading\"><strong>B\u00fcrgersprechstunde in Speyer-S\u00fcd<\/strong><\/h2>\n\n\n\n<div class=\"wp-block-image\"><figure class=\"aligncenter\"><img decoding=\"async\" loading=\"lazy\" width=\"500\" height=\"688\" src=\"https:\/\/speyer24news.com\/wp-content\/uploads\/2019\/09\/Renovierung1.jpg\" alt=\"\" class=\"wp-image-19183\" srcset=\"https:\/\/speyer24news.com\/wp-content\/uploads\/2019\/09\/Renovierung1.jpg 500w, https:\/\/speyer24news.com\/wp-content\/uploads\/2019\/09\/Renovierung1-218x300.jpg 218w\" sizes=\"(max-width: 500px) 100vw, 500px\" \/><\/figure><\/div>\n\n\n\n<p>Oberb\u00fcrgermeisterin Stefanie Seiler l\u00e4dt am <strong>Freitag, 20. September 2019, von 11.00 bis 13.00 Uhr<\/strong> zu einer  B\u00fcrgersprechstunde ins Quartiersb\u00fcro in der Windthorststra\u00dfe 18 in  Speyer-S\u00fcd ein. Interessierte B\u00fcrgerinnen und B\u00fcrger k\u00f6nnen sich f\u00fcr  einen Gespr\u00e4chstermin mit der Oberb\u00fcrgermeisterin <strong><em>bis sp\u00e4testens Mittwoch, 18. September 2019<\/em><\/strong>, &nbsp;bei Jennifer Braun (<a rel=\"noreferrer noopener\" href=\"mailto:jennifer.braun@stadt-speyer.de\" target=\"_blank\">jennifer.braun@stadt-speyer.de<\/a>, Tel. 06232-14-2447), anmelden.<\/p>\n\n\n\n<p><em>Text: Stadt Speyer Foto: Speyer 24\/7 News, dak<br>12.09.2019<\/em><\/p>\n\n\n\n<h2 class=\"wp-block-heading\"><strong>Stadtteilladen im Vogelgesang&nbsp;&#8211; Haushaltsbefragung im Speyerer S\u00fcden soll Grundstein legen&nbsp;&nbsp;<\/strong><\/h2>\n\n\n\n<p>Am kommenden Wochenende werden alle Haushalte im \nVogelgesang und im Neuland einen Fragebogen in ihrem Briefkasten finden,\n der ihr Einkaufsverhalten abfragt. Damit wollen der Stadtteilverein \nSpeyer S\u00fcd und die Stadtverwaltung herausfinden,\n was die Bewohnerinnen und Bewohner brauchen, damit die Nahversorgung im\n Speyerer S\u00fcden besser wird. Ein rheinland-pf\u00e4lzisches F\u00f6rderprogramm \nzur Unterst\u00fctzung von Dorf- und Stadtteill\u00e4den macht die Befragung \nm\u00f6glich. &nbsp;<\/p>\n\n\n\n<p><strong><em>Bis zum 30. September<\/em><\/strong> k\u00f6nnen die Interessierten  ihren ausgef\u00fcllten Fragebogen abgeben. Ziel ist es, zu erfahren, welche  Produkte von den Menschen vermisst werden und auch, ob ein m\u00f6glicher  Stadtteilladen weitere Dienstleistungen anbieten  sollte \u2013 so zum Beispiel einen Druck- und Kopierservice, einen  Lieferdienst, eine Annahme f\u00fcr Kleiderreinigung oder eine Schneiderei.&nbsp;<\/p>\n\n\n\n<p>\u201eDamit sich ein Stadtteilladen halten kann, ist es  notwendig, das Angebot an den Bed\u00fcrfnissen der Bewohnerschaft  auszurichten und eine L\u00fccke zu f\u00fcllen, die gro\u00dfe M\u00e4rkte wie Edeka und  Lidl nicht abdecken k\u00f6nnen\u201c, macht Unternehmensberater  Volker Bulitta deutlich, dessen B\u00fcro die Befragung durchf\u00fchrt. Bis Ende  des Jahres werden er und sein Team eine Machbarkeitsstudie vorlegen,  die handfeste Grundlagen f\u00fcr weitere Gespr\u00e4che mit Investoren und  Gewerbetreibenden liefern soll.&nbsp;<\/p>\n\n\n\n<p><em>Stadt Speyer<br>12.09.2019<\/em><\/p>\n\n\n\n<h1 class=\"wp-block-heading\" style=\"text-align:center\">Verkehrsnotizen<\/h1>\n\n\n\n<h2 class=\"wp-block-heading\"><strong>Verkehrssituation in der Gilgenstra\u00dfe \u2013 Aufstellung von Pollern<\/strong><\/h2>\n\n\n\n<div class=\"wp-block-image\"><figure class=\"aligncenter\"><img decoding=\"async\" loading=\"lazy\" width=\"500\" height=\"667\" src=\"https:\/\/speyer24news.com\/wp-content\/uploads\/2019\/09\/DSC07696.jpg\" alt=\"\" class=\"wp-image-19187\" srcset=\"https:\/\/speyer24news.com\/wp-content\/uploads\/2019\/09\/DSC07696.jpg 500w, https:\/\/speyer24news.com\/wp-content\/uploads\/2019\/09\/DSC07696-225x300.jpg 225w\" sizes=\"(max-width: 500px) 100vw, 500px\" \/><\/figure><\/div>\n\n\n\n<p>In  <strong>Kalenderwoche 37 oder 38<\/strong> wird der st\u00e4dtische Baubetriebshof auf der  \u00f6stlichen Seite der Gilgenstra\u00dfe im Bereich der Sparda Bank  &#8211; zwischen Schuhhaus B\u00f6deker und Modehaus Bea Benz &#8211; Poller  installieren. Damit soll das Parken und die damit einhergehende  Behinderung der Fu\u00dfg\u00e4nger*innen und des flie\u00dfenden Verkehrs in diesem  Abschnitt unterbunden werden. <\/p>\n\n\n\n<p>Die  zust\u00e4ndigen Mitarbeiter*innen der Verwaltung werden die Auswirkungen  der neuen Poller beobachten und bei Bedarf weitere Ma\u00dfnahmen  ergreifen.<\/p>\n\n\n\n<p><em>Text: Stadt Speyer Foto: Speyer 24\/7 News, dak<br>12.09.2019<\/em><\/p>\n\n\n\n<h2 class=\"wp-block-heading\"><strong>Fliederweg gesperrt<\/strong><\/h2>\n\n\n\n<div class=\"wp-block-image\"><figure class=\"aligncenter\"><img decoding=\"async\" src=\"https:\/\/speyer24news.com\/wp-content\/uploads\/2019\/09\/Vollsperrung-1.jpg\" alt=\"\" class=\"wp-image-18696\"\/><\/figure><\/div>\n\n\n\n<p>Wegen kurzfristiger Leitungsarbeiten im Auftrag der Vodafone Kabel Deutschland GmbH muss der Fliederweg zwischen Ginsterweg  und Eibenweg am<strong> Freitag, 13. September 2019<\/strong>, voraussichtlich von 09:00  bis 10:00 Uhr, f\u00fcr den Durchgangsverkehr gesperrt werden.<\/p>\n\n\n\n<p>Eine Umleitung wird eingerichtet. F\u00fcr R\u00fcckfragen steht  die Stra\u00dfenverkehrsbeh\u00f6rde unter den Rufnummern 14-2739, 14-2682\u00a0 oder  14-2492 zur Verf\u00fcgung.<\/p>\n\n\n\n<p><em>Text: Stadt Speyer Foto: Speyer 24\/7 News, dak<br>12.09.2019<\/em><\/p>\n","protected":false},"excerpt":{"rendered":"<div class=\"mh-excerpt\"><p>Stadtnotizen: B\u00fcrgerinformationsveranstaltung zum Bauprojekt Waldstra\u00dfe Am Dienstag, 17.09.2019, 15 &#8211; 18 Uhr, l\u00e4dt die Stadt Speyer alle Interessierten zu einer B\u00fcrgerinformationsveranstaltung zum Bauprojekt Waldstra\u00dfe in den Glaspavillon im Innenhof des Historischen Rathauses ein. Gem\u00e4\u00df Planungsstand <a class=\"mh-excerpt-more\" href=\"https:\/\/speyer24news.com\/?p=19182\" title=\"Stadtnotizen und Verkehrsnotizen aus Speyer:\">[&#8230;]<\/a><\/p>\n<\/div>","protected":false},"author":3,"featured_media":0,"comment_status":"open","ping_status":"open","sticky":false,"template":"","format":"standard","meta":{"_monsterinsights_skip_tracking":false,"_monsterinsights_sitenote_active":false,"_monsterinsights_sitenote_note":"","_monsterinsights_sitenote_category":0,"footnotes":""},"categories":[47],"tags":[3296,3295,478,3297,3111,6,1296,3298,1114],"aioseo_notices":[],"amp_enabled":true,"_links":{"self":[{"href":"https:\/\/speyer24news.com\/index.php?rest_route=\/wp\/v2\/posts\/19182"}],"collection":[{"href":"https:\/\/speyer24news.com\/index.php?rest_route=\/wp\/v2\/posts"}],"about":[{"href":"https:\/\/speyer24news.com\/index.php?rest_route=\/wp\/v2\/types\/post"}],"author":[{"embeddable":true,"href":"https:\/\/speyer24news.com\/index.php?rest_route=\/wp\/v2\/users\/3"}],"replies":[{"embeddable":true,"href":"https:\/\/speyer24news.com\/index.php?rest_route=%2Fwp%2Fv2%2Fcomments&post=19182"}],"version-history":[{"count":3,"href":"https:\/\/speyer24news.com\/index.php?rest_route=\/wp\/v2\/posts\/19182\/revisions"}],"predecessor-version":[{"id":19201,"href":"https:\/\/speyer24news.com\/index.php?rest_route=\/wp\/v2\/posts\/19182\/revisions\/19201"}],"wp:attachment":[{"href":"https:\/\/speyer24news.com\/index.php?rest_route=%2Fwp%2Fv2%2Fmedia&parent=19182"}],"wp:term":[{"taxonomy":"category","embeddable":true,"href":"https:\/\/speyer24news.com\/index.php?rest_route=%2Fwp%2Fv2%2Fcategories&post=19182"},{"taxonomy":"post_tag","embeddable":true,"href":"https:\/\/speyer24news.com\/index.php?rest_route=%2Fwp%2Fv2%2Ftags&post=19182"}],"curies":[{"name":"wp","href":"https:\/\/api.w.org\/{rel}","templated":true}]}}