{"id":19191,"date":"2019-09-12T13:23:33","date_gmt":"2019-09-12T12:23:33","guid":{"rendered":"https:\/\/speyer24news.com\/?p=19191"},"modified":"2019-09-12T13:25:28","modified_gmt":"2019-09-12T12:25:28","slug":"sport-17","status":"publish","type":"post","link":"https:\/\/speyer24news.com\/?p=19191","title":{"rendered":"Sport:"},"content":{"rendered":"<style type=\"text\/css\">\r\n\t.ads_top_disp{}\r\n\t.ads_top_corner_disp{ float:left; margin:0px 10px 10px 0px; }\r\n\t.ads_first_p_disp{}\r\n\t.ads_bottom_disp{}\r\n\t<\/style>\n<h1 class=\"wp-block-heading\" style=\"text-align:center\">TSV Speyer e.V.<\/h1>\n\n\n\n<div class=\"wp-block-image\"><figure class=\"aligncenter\"><img decoding=\"async\" loading=\"lazy\" width=\"640\" height=\"271\" src=\"https:\/\/speyer24news.com\/wp-content\/uploads\/2019\/08\/TSV-Speyer.jpg\" alt=\"\" class=\"wp-image-17818\" srcset=\"https:\/\/speyer24news.com\/wp-content\/uploads\/2019\/08\/TSV-Speyer.jpg 640w, https:\/\/speyer24news.com\/wp-content\/uploads\/2019\/08\/TSV-Speyer-300x127.jpg 300w\" sizes=\"(max-width: 640px) 100vw, 640px\" \/><\/figure><\/div>\n\n\n\n<h2 class=\"wp-block-heading\">92. Geburtstag Heinz Kreutzenberger am 8.9.2019<\/h2>\n\n\n\n<div class=\"wp-block-image\"><figure class=\"aligncenter\"><img decoding=\"async\" loading=\"lazy\" width=\"500\" height=\"663\" src=\"https:\/\/speyer24news.com\/wp-content\/uploads\/2019\/09\/Heinz-Kreutzenberger.jpg\" alt=\"\" class=\"wp-image-19193\" srcset=\"https:\/\/speyer24news.com\/wp-content\/uploads\/2019\/09\/Heinz-Kreutzenberger.jpg 500w, https:\/\/speyer24news.com\/wp-content\/uploads\/2019\/09\/Heinz-Kreutzenberger-226x300.jpg 226w\" sizes=\"(max-width: 500px) 100vw, 500px\" \/><\/figure><\/div>\n\n\n\n<p><strong>Speyer &#8211; <\/strong>Heinz Kreutzenberger, Ehrenvorsitzender des TSV Speyer 1847 e. V., feierte am 8. September 2019 seinen 92. Geburtstag. Zu den Gratulanten geh\u00f6rte auch die Vorsitzende des Vereins Angelika W\u00f6hlert, die vom Vorstand, den Abteilungsleitern, \u00dcbungsleitern und Mitgliedern herzliche Geburtstagsgr\u00fc\u00dfe \u00fcberbrachte.<\/p>\n\n\n\n<p>Heinz Kreutzenberger trat im Jahre 1947 in den Verein ein und ist somit seit 72 Jahren TSV-Mitglied des TSV Speyer. W\u00e4hrend dieser Zeit pr\u00e4gte er die Geschicke des gr\u00f6\u00dften Speyerer Sportvereins ma\u00dfgeblich mit. Leitende Funktionen als stellvertretender TSV-Vorsitzender (1959 \u2013 1966, 1967 \u2013 2001, 2006 \u2013 2015), kommissarischer Vorsitzender (1966 \u2013 1967) und TSV-Vorsitzender (2001 \u2013 2006) fanden ihre Anerkennungen in zahlreichen Ehrungen wie der Ehrenmitgliedschaft seit 1984 und als h\u00f6chste Vereinsauszeichnung der Wahl zum Ehrenvorsitzenden am 13. November 2015. Dem Handballsport galt und gilt nach wie vor seine gro\u00dfe sportliche Liebe. Aktiv h\u00fctete er im Feldhandball \u00fcberragend das Tor und brachte es zu internationalen Eins\u00e4tzen. Bis vor wenigen Jahren geh\u00f6rte sein regelm\u00e4\u00dfiger Besuch in der TSV-Gesch\u00e4ftsstelle zum t\u00e4glichen Programm.<\/p>\n\n\n\n<p>Als Ehrenvorsitzender ist Kreutzenberger weiterhin an der Vereinsarbeit&nbsp;sehr interessiert. Er ist das Paradebeispiel daf\u00fcr, dass Sport im TSV Speyer jung und fit h\u00e4lt!<\/p>\n\n\n\n<h1 class=\"wp-block-heading\" style=\"text-align:center\">Tanzen \/ Tanz-Sport-Club Gr\u00fcn-Gold Speyer e.V.<\/h1>\n\n\n\n<div class=\"wp-block-image\"><figure class=\"aligncenter\"><img decoding=\"async\" loading=\"lazy\" width=\"479\" height=\"500\" src=\"https:\/\/speyer24news.com\/wp-content\/uploads\/2019\/08\/Gr\u00fcnGold-Speyer-eV.jpg\" alt=\"\" class=\"wp-image-17814\" srcset=\"https:\/\/speyer24news.com\/wp-content\/uploads\/2019\/08\/Gr\u00fcnGold-Speyer-eV.jpg 479w, https:\/\/speyer24news.com\/wp-content\/uploads\/2019\/08\/Gr\u00fcnGold-Speyer-eV-287x300.jpg 287w\" sizes=\"(max-width: 479px) 100vw, 479px\" \/><\/figure><\/div>\n\n\n\n<h2 class=\"wp-block-heading\"><strong>Landesmeister in der Hauptgruppe B Standard!<\/strong><\/h2>\n\n\n\n<div class=\"wp-block-image\"><figure class=\"aligncenter\"><img decoding=\"async\" loading=\"lazy\" width=\"800\" height=\"574\" src=\"https:\/\/speyer24news.com\/wp-content\/uploads\/2019\/09\/vlnr-Saskia-Isabella-Patrick-Uli.jpeg\" alt=\"\" class=\"wp-image-19192\" srcset=\"https:\/\/speyer24news.com\/wp-content\/uploads\/2019\/09\/vlnr-Saskia-Isabella-Patrick-Uli.jpeg 800w, https:\/\/speyer24news.com\/wp-content\/uploads\/2019\/09\/vlnr-Saskia-Isabella-Patrick-Uli-300x215.jpeg 300w, https:\/\/speyer24news.com\/wp-content\/uploads\/2019\/09\/vlnr-Saskia-Isabella-Patrick-Uli-768x551.jpeg 768w\" sizes=\"(max-width: 800px) 100vw, 800px\" \/><figcaption>v.l.: Saskia, Isabella, Patrick, Uli<\/figcaption><\/figure><\/div>\n\n\n\n<p><strong>Kaiserslautern \/ Speyer &#8211; <\/strong>Vorletzten Sonntag fanden in Kaiserslautern die Landesmeisterschaften der Hauptgruppen in den Standardt\u00e4nzen statt. Zusammen mit vielen Freunden und Vereinsmitgliedern waren zwei Speyerer Paare gen Westen gereist, um sich der landesinternen Konkurrenz zu stellen und den Titel ins Visier zu nehmen.<\/p>\n\n\n\n<p>Gleich zu Beginn des Turniertages durften Patrick Hoffmann und Isabella Bohl in der Hauptgruppe D an den Start. Die schon jetzt gute Stimmung heizte die beiden durch zwei Runden an, nach denen sie sich im offenen Feld sehr \u00fcber den Finalplatz freuten. Da die Turniere der D- und C-Klasse offen ausgeschrieben wurden, mussten sich die beiden noch gegen Paare anderer Landesverb\u00e4nde durchsetzen, was ihnen jedoch bis ins Finale gelang. Letztlich konnten sie sich den 4. Platz der Landesmeisterschaftswertung sichern.<\/p>\n\n\n\n<p>Nach einer St\u00e4rkung am \u00fcppigen Buffet ging es weiter mit dem Turnier der Hauptgruppe II B, an dem Uli Kunz und Saska Morcinczyk ihr K\u00f6nnen zum Besten gaben. Nach einer Sichtungsrunde erreichten die beiden im Finale den 3. Platz.<\/p>\n\n\n\n<p>Anschlie\u00dfend starteten die beiden direkt im Turnier der Hauptgruppe B. Nachdem die Schlachtenbummler zwischenzeitlich in ihrer Zuruflautst\u00e4rke gebremst werden mussten, waren Uli und Saskia derart motiviert, dass es f\u00fcr sie in diesem Turnier ganz oben auf das Treppchen ging. Mit allen gewonnenen T\u00e4nzen freuen sich die beiden \u00fcber den Titel \u201cLandesmeister der Hauptgruppe B Standard\u201d.<\/p>\n\n\n\n<p>Herzlichen Gl\u00fcckwunsch!<\/p>\n\n\n\n<p><\/p>\n","protected":false},"excerpt":{"rendered":"<div class=\"mh-excerpt\"><p>TSV Speyer e.V. 92. Geburtstag Heinz Kreutzenberger am 8.9.2019 Speyer &#8211; Heinz Kreutzenberger, Ehrenvorsitzender des TSV Speyer 1847 e. V., feierte am 8. September 2019 seinen 92. Geburtstag. Zu den Gratulanten geh\u00f6rte auch die Vorsitzende <a class=\"mh-excerpt-more\" href=\"https:\/\/speyer24news.com\/?p=19191\" title=\"Sport:\">[&#8230;]<\/a><\/p>\n<\/div>","protected":false},"author":3,"featured_media":0,"comment_status":"open","ping_status":"open","sticky":false,"template":"","format":"standard","meta":{"_monsterinsights_skip_tracking":false,"_monsterinsights_sitenote_active":false,"_monsterinsights_sitenote_note":"","_monsterinsights_sitenote_category":0,"footnotes":""},"categories":[339],"tags":[3305,3306,193,659,340,1249,247],"aioseo_notices":[],"amp_enabled":true,"_links":{"self":[{"href":"https:\/\/speyer24news.com\/index.php?rest_route=\/wp\/v2\/posts\/19191"}],"collection":[{"href":"https:\/\/speyer24news.com\/index.php?rest_route=\/wp\/v2\/posts"}],"about":[{"href":"https:\/\/speyer24news.com\/index.php?rest_route=\/wp\/v2\/types\/post"}],"author":[{"embeddable":true,"href":"https:\/\/speyer24news.com\/index.php?rest_route=\/wp\/v2\/users\/3"}],"replies":[{"embeddable":true,"href":"https:\/\/speyer24news.com\/index.php?rest_route=%2Fwp%2Fv2%2Fcomments&post=19191"}],"version-history":[{"count":2,"href":"https:\/\/speyer24news.com\/index.php?rest_route=\/wp\/v2\/posts\/19191\/revisions"}],"predecessor-version":[{"id":19195,"href":"https:\/\/speyer24news.com\/index.php?rest_route=\/wp\/v2\/posts\/19191\/revisions\/19195"}],"wp:attachment":[{"href":"https:\/\/speyer24news.com\/index.php?rest_route=%2Fwp%2Fv2%2Fmedia&parent=19191"}],"wp:term":[{"taxonomy":"category","embeddable":true,"href":"https:\/\/speyer24news.com\/index.php?rest_route=%2Fwp%2Fv2%2Fcategories&post=19191"},{"taxonomy":"post_tag","embeddable":true,"href":"https:\/\/speyer24news.com\/index.php?rest_route=%2Fwp%2Fv2%2Ftags&post=19191"}],"curies":[{"name":"wp","href":"https:\/\/api.w.org\/{rel}","templated":true}]}}