{"id":19229,"date":"2019-09-13T07:26:22","date_gmt":"2019-09-13T06:26:22","guid":{"rendered":"https:\/\/speyer24news.com\/?p=19229"},"modified":"2019-09-13T07:26:24","modified_gmt":"2019-09-13T06:26:24","slug":"hockenheim-29","status":"publish","type":"post","link":"https:\/\/speyer24news.com\/?p=19229","title":{"rendered":"Hockenheim:"},"content":{"rendered":"<style type=\"text\/css\">\r\n\t.ads_top_disp{}\r\n\t.ads_top_corner_disp{ float:left; margin:0px 10px 10px 0px; }\r\n\t.ads_first_p_disp{}\r\n\t.ads_bottom_disp{}\r\n\t<\/style>\n<figure class=\"wp-block-image\"><img decoding=\"async\" loading=\"lazy\" width=\"800\" height=\"559\" src=\"https:\/\/speyer24news.com\/wp-content\/uploads\/2019\/09\/1250-Jahre-Hockenheim.jpg\" alt=\"\" class=\"wp-image-19044\" srcset=\"https:\/\/speyer24news.com\/wp-content\/uploads\/2019\/09\/1250-Jahre-Hockenheim.jpg 800w, https:\/\/speyer24news.com\/wp-content\/uploads\/2019\/09\/1250-Jahre-Hockenheim-300x210.jpg 300w, https:\/\/speyer24news.com\/wp-content\/uploads\/2019\/09\/1250-Jahre-Hockenheim-768x537.jpg 768w\" sizes=\"(max-width: 800px) 100vw, 800px\" \/><\/figure>\n\n\n\n<h2 class=\"wp-block-heading\"><strong>Kant- und sp\u00e4ter Herderstra\u00dfe gesperrt<\/strong><\/h2>\n\n\n\n<figure class=\"wp-block-image\"><img decoding=\"async\" src=\"https:\/\/speyer24news.com\/wp-content\/uploads\/2019\/09\/Vollsperrung-1.jpg\" alt=\"\" class=\"wp-image-18696\"\/><\/figure>\n\n\n\n<p>Die Erschlie\u00dfung der Kantstra\u00dfe 2 (ehemals Raiffeisen-Markt) f\u00fcr ein Bauvorhaben macht eine Sperrung der Stra\u00dfe erforderlich. Aus diesem Grund ist die Kantstra\u00dfe <strong>ab sofort bis voraussichtlich Freitag, 4. Oktober 2019<\/strong>, f\u00fcr den Verkehr vollst\u00e4ndig gesperrt. In der Folge kann auch die Herderstra\u00dfe von Montag, 7. Oktober, bis voraussichtlich 18. Oktober nicht genutzt werden. <\/p>\n\n\n\n<p><em>Text: Stadtverwaltung Hockenheim Foto: S24N, dak<br>13.09.2019<\/em><\/p>\n\n\n\n<h2 class=\"wp-block-heading\">B<strong>esonderer Einsatz auch in schweren Zeiten<\/strong><\/h2>\n\n\n\n<div class=\"wp-block-image\"><figure class=\"aligncenter\"><img decoding=\"async\" loading=\"lazy\" width=\"800\" height=\"600\" src=\"https:\/\/speyer24news.com\/wp-content\/uploads\/2019\/09\/2019-09-12-Verwaltung_Ehrung-Sandra-Batke.jpg\" alt=\"\" class=\"wp-image-19232\" srcset=\"https:\/\/speyer24news.com\/wp-content\/uploads\/2019\/09\/2019-09-12-Verwaltung_Ehrung-Sandra-Batke.jpg 800w, https:\/\/speyer24news.com\/wp-content\/uploads\/2019\/09\/2019-09-12-Verwaltung_Ehrung-Sandra-Batke-300x225.jpg 300w, https:\/\/speyer24news.com\/wp-content\/uploads\/2019\/09\/2019-09-12-Verwaltung_Ehrung-Sandra-Batke-768x576.jpg 768w, https:\/\/speyer24news.com\/wp-content\/uploads\/2019\/09\/2019-09-12-Verwaltung_Ehrung-Sandra-Batke-678x509.jpg 678w, https:\/\/speyer24news.com\/wp-content\/uploads\/2019\/09\/2019-09-12-Verwaltung_Ehrung-Sandra-Batke-326x245.jpg 326w, https:\/\/speyer24news.com\/wp-content\/uploads\/2019\/09\/2019-09-12-Verwaltung_Ehrung-Sandra-Batke-80x60.jpg 80w\" sizes=\"(max-width: 800px) 100vw, 800px\" \/><figcaption> Die Jubilarin Sandra Batke (3.v.l) erhielt unter anderem einen Blumenstrau\u00df als Dank f\u00fcr ihren Einsatz im Rathaus. Personalratsvorsitzender Johannes Lienstromberg, Fachbereichsleiter Gerhard Weber und B\u00fcrgermeister Thomas Jakob-Lichtenberg gratulierten dazu  <\/figcaption><\/figure><\/div>\n\n\n\n<p>Jubil\u00e4en\nsind in der Stadtverwaltung Hockenheim immer ein sch\u00f6ner Anlass zu feiern. Das\ngilt vor allem dann, wenn Mitarbeiter der Stadt ein Vierteljahrhundert die\nTreue halten. Aus diesem Anlass gratulierte B\u00fcrgermeister Thomas\nJakob-Lichtenberg bei einer kleinen Feierstunde Sandra Batke zu ihrem\n25-j\u00e4hrigen Jubil\u00e4um im \u00f6ffentlichen Dienst. Er \u00fcberreichte ihr eine Urkunde\nund ein kleines Geschenk als Zeichen der Anerkennung. Diesem Dank schlossen\nsich auch Gerhard Weber (Leiter Fachbereich Bauen und Wohnen) und Johannes\nLienstromberg f\u00fcr den Personalrat der Stadt an. Der Personalrat steuerte\nebenfalls eine kleine Aufmerksamkeit bei.<\/p>\n\n\n\n<p>Die Jubilarin Sandra Batke wurde am 29. August 1977 in Schwetzingen geboren. Als echte Hockenheimerin f\u00fchrte sie die Ausbildung zur Beamtin im mittleren Dienst im August 1994 zur Stadtverwaltung. Der Lehre schloss sich nach einem Jahr im Bauamt eine T\u00e4tigkeit im Fachbereich Finanzen bis zum Jahr 2019 an. Daraufhin wechselte sie innerhalb des Rathauses den Fachbereich. Seit dem 15. Mai arbeitet sie als Sachbearbeiterin in der Abteilung Baurecht. Diese Unterst\u00fctzung erm\u00f6glicht die schnellere Bearbeitung von baurechtlichen Vorg\u00e4ngen, unter anderem f\u00fcr die Erteilung von Baugenehmigungen. B\u00fcrgermeister Thomas Jakob-Lichtenberg hob in seiner W\u00fcrdigung das Engagement und die Treue von Sandra Batke bei ihrer beruflichen T\u00e4tigkeit hervor. \u201eSie zeigen auch Einsatz in schwierigen Zeiten, was keine Selbstverst\u00e4ndlichkeit ist\u201c, sagte er. Sandra Batke freute sich \u00fcber die Ehrung und meinte, dass ihr die Arbeit im Rathaus Spa\u00df mache. Anschlie\u00dfend tauschten sich die Anwesenden in geselligem Rahmen \u00fcber die Arbeit bei der Stadtverwaltung Hockenheim aus. <\/p>\n\n\n\n<p><em>Stadtverwaltung Hockenheim<br>13.09.2019<\/em><\/p>\n\n\n\n<h2 class=\"wp-block-heading\"><strong>Akustik-Trio unplugged begeistert<\/strong><\/h2>\n\n\n\n<div class=\"wp-block-image\"><figure class=\"aligncenter\"><img decoding=\"async\" loading=\"lazy\" width=\"800\" height=\"533\" src=\"https:\/\/speyer24news.com\/wp-content\/uploads\/2019\/09\/2019-09-12-Pumpwerk_Paddy-goes-to-Holyhead.jpg\" alt=\"\" class=\"wp-image-19231\" srcset=\"https:\/\/speyer24news.com\/wp-content\/uploads\/2019\/09\/2019-09-12-Pumpwerk_Paddy-goes-to-Holyhead.jpg 800w, https:\/\/speyer24news.com\/wp-content\/uploads\/2019\/09\/2019-09-12-Pumpwerk_Paddy-goes-to-Holyhead-300x200.jpg 300w, https:\/\/speyer24news.com\/wp-content\/uploads\/2019\/09\/2019-09-12-Pumpwerk_Paddy-goes-to-Holyhead-768x512.jpg 768w\" sizes=\"(max-width: 800px) 100vw, 800px\" \/><figcaption>v.l.: Die \u201ePaddies\u201d Almut Ritter, Paddy Schmidt und Uwe \u201eUhu\u201c Bender gehen im Pumpwerk Hockenheim wieder \u201eon the road\u201c  <\/figcaption><\/figure><\/div>\n\n\n\n<p>Mehr als 25 Jahre sind sie \u201eon the Road\u201d. Wer h\u00e4tte gedacht, dass Paddy Schmidt und seine Mitstreiter sich einmal selbst besingen w\u00fcrden. Ihr gro\u00dfer Hit \u201eBound Around\u201c und die gro\u00dfe Spielfreude von Paddy Goes To Holyhead lie\u00df die bekanntesten Folkrocker Deutschlands in den Neunzigern ein keltisches Feuerwerk nach dem anderen abbrennen. Sie treten am <strong>Freitag, 20. September 2019<\/strong>, 21 Uhr, im Kulturhaus Pumpwerk Hockenheim auf. Paddy Schmidt (Gesang, Gitarre, Mundharmonikas), Almut Ritter (Geige, Concertina) und Uwe \u201eUhu\u201c Bender (Bassgitarre, Gesang) bilden an diesem Abend wieder ein Akustik-Trio der Sonderklasse.<\/p>\n\n\n\n<p>Die Triebfeder des Erfolgs ist vor allem\nSchmidts markant-rauchige Whiskystimme und sein weithin anerkanntes virtuoses\nSpiel der keltischen Mundharmonika. Auch der Einsatz der pulsierenden Geige als\nSoloinstrument, die Anlehnung an keltische Ornamentik sowie die konsequente\nUmsetzung der Songs aus aktuellen und geschichtstr\u00e4chtigen Themen spielen eine\nRolle.<\/p>\n\n\n\n<p>Bestimmt aber war es die nat\u00fcrliche\nvolksnahe Ausstrahlung des fr\u00f6hlichen Trios, das sich in unerm\u00fcdlicher Pr\u00e4senz\nin die Herzen der Zuh\u00f6rer spielte. Tausende Live- Konzerte erz\u00e4hlen Geschichten\nvon Liebe und Leid, Fernweh, Krieg und Frieden. Gereift sind sie, die \u201ePaddies\u201c\nvon heute. Ihrer unb\u00e4ndigen Spielfreude tut das keinen Abbruch. Aber in ihre\nMusik, die sie wieder zur\u00fcckf\u00fchren wird in die verspielte, erdige und fr\u00f6hliche\n\u201eReady For Paddy- Zeit\u201c, lassen sie sich so wenig reinreden wie zuvor. Und das\nist auch gut so.<\/p>\n\n\n\n<p>Einlass ab 20 Uhr. Karten f\u00fcr 16 Euro (erm\u00e4\u00dfigt 14 Euro f\u00fcr Sch\u00fcler, Studenten und Schwerbehinderte) gibt es an allen bekannten Vorverkaufsstellen, in der Stadthalle Hockenheim (Telefon 06205 21190), im Kartenshop der Hockenheimer Tageszeitung\/Schwetzinger Zeitung sowie unter der Ticket- Hotline 06205 922625. Auf der Internetseite <a href=\"http:\/\/www.pumpwerk-hockenheim.de\">http:\/\/www.pumpwerk-hockenheim.de<\/a> k\u00f6nnen Karten auch online reserviert werden.<\/p>\n\n\n\n<p><em>Text: Stadtverwaltung Hockenheim \/ Kulturhaus Pumpwerk Foto: Paddy goes to Holyhead<br>13.09.2019<\/em><\/p>\n\n\n\n<h2 class=\"wp-block-heading\"><strong>Franz\u00f6sisch angehauchte Chansons<\/strong><\/h2>\n\n\n\n<div class=\"wp-block-image\"><figure class=\"aligncenter\"><img decoding=\"async\" loading=\"lazy\" width=\"500\" height=\"500\" src=\"https:\/\/speyer24news.com\/wp-content\/uploads\/2019\/09\/2019-09-12-Pumpwerk_Marcel-Adam.jpg\" alt=\"\" class=\"wp-image-19230\" srcset=\"https:\/\/speyer24news.com\/wp-content\/uploads\/2019\/09\/2019-09-12-Pumpwerk_Marcel-Adam.jpg 500w, https:\/\/speyer24news.com\/wp-content\/uploads\/2019\/09\/2019-09-12-Pumpwerk_Marcel-Adam-150x150.jpg 150w, https:\/\/speyer24news.com\/wp-content\/uploads\/2019\/09\/2019-09-12-Pumpwerk_Marcel-Adam-300x300.jpg 300w\" sizes=\"(max-width: 500px) 100vw, 500px\" \/><figcaption>v.l.: Anisha, Yann Loup und Marcel Adam pr\u00e4sentieren ihre neue CD mit deutsch-franz\u00f6sischen Liedern im Kulturhaus Pumpwerk Hockenheim  <\/figcaption><\/figure><\/div>\n\n\n\n<p>Mit seiner brandneuen CD \u201ePour le Plaisir\u201c im Gep\u00e4ck macht der deutsch-franz\u00f6sische Liedermacher Marcel Adam seit l\u00e4ngerer Zeit erneut Station in Hockenheim. Er steht am <strong>Samstag, 21. September 2019<\/strong>, 20 Uhr, auf der B\u00fchne im Kulturhaus Pumpwerk Hockenheim. Dabei wird er von seinen beiden Mitstreitern Yann Loup Adam und Anisha Adam begleitet.<\/p>\n\n\n\n<p>Yann Loup Adam ist gepr\u00e4gt vom Gesang, der\nGitarre und Klavier. Er ist Musiker aus Begeisterung, nicht weil sein Papa ihn\ngezwungen hat. Er trat bereits in jungen Jahren mit Musikern wie Rolf Zuckowski\nund Joscho Stephan auf. 2014 brachte er seine erste Solo-CD \u201eCarte de\nVisite&#8220; heraus. Er ist vor allem vom franz\u00f6sischen Chanson gepr\u00e4gt, aber\nauch Songs in Deutsch und Englisch geh\u00f6ren zu seinem Repertoire.<\/p>\n\n\n\n<p>Auch die Frau von Marcel Adam, Anisha,\nwidmet ihr Leben ihrer gro\u00dfen Leidenschaft &#8211; der Musik. Ihre ausdrucksstarke\nStimme reicht von entspanntem Jazz und groovigem Soul bis hin zu starken\nRocknummern und einf\u00fchlsamen Chansons.<\/p>\n\n\n\n<p>Nat\u00fcrlich hat Marcel Adam auch seine\nalten, von seinem treuen Publikum immer wieder gew\u00fcnschten \u201eKlassiker\u201c im\nGep\u00e4ck. Er ist einer der bekanntesten Chansonniers, Liedermacher, Autoren,\nKomponisten und Interpreten aus dem nordfranz\u00f6sischen und s\u00fcddeutschen Bereich.\nGeschichten, die das Leben schreibt, pr\u00e4gen seine Texte und Melodien, f\u00fcllen\ndiese mit viel Humor und Gef\u00fchl und lassen keinen Zuh\u00f6rer unger\u00fchrt.<\/p>\n\n\n\n<p>Einlass ab 19 Uhr. Karten sind zum Preis von 16 Euro (erm\u00e4\u00dfigt 14 Euro \u00a0f\u00fcr Sch\u00fcler, Studenten und Schwerbehinderte) an allen bekannten Vorverkaufsstellen, in der Stadthalle Hockenheim (Telefon 06205 21190), im Kartenshop der Hockenheimer Tageszeitung\/Schwetzinger Zeitung sowie unter der Ticket- Hotline 06205 922625 erh\u00e4ltlich. Auf der Internetseite <a href=\"http:\/\/www.pumpwerk-hockenheim.de\">http:\/\/www.pumpwerk-hockenheim.de<\/a> k\u00f6nnen Karten auch online bestellt werden.<\/p>\n\n\n\n<p><em>Text: Stadtverwaltung Hockenheim \/ Kulturhaus Pumpwerk Foto: jean m Laffitau, Tom Gundelwein, Dieter Schumann<br>13.09.2019<\/em><\/p>\n\n\n\n<h2 class=\"wp-block-heading\"><strong>Weitere Vorgehensweise PCB-Belastung\nim Schulzentrum<\/strong><\/h2>\n\n\n\n<p>Die\nStadtverwaltung Hockenheim, die betroffenen Schulleitungen und das Gesundheitsamt\nstehen wegen den erh\u00f6hten PCB-Werten im Schulzentrum, vor allem in der\nHartmann-Baumann-Schule, in engem Austausch. Die &nbsp;Stadt nimmt\nderzeit in Abstimmung dem Gesundheitsamt Sofortma\u00dfnahmen (verst\u00e4rktes und\nwiederholtes L\u00fcften aller R\u00e4ume, t\u00e4gliche Feuchtreinigung der B\u00f6den, zweimalige\nw\u00f6chentliche Reinigung von Tischen und Einrichtungsgegenst\u00e4nden) vor, die die\nPCB-Werte merklich verringern.<\/p>\n\n\n\n<p>\u201eDie\nPCB-Situation in der Hartmann-Baumann-Schule erfordert Entscheidungen. Diese\nEntscheidungen haben wir getroffen. Sie sind f\u00fcr die Gesundheit unmittelbar bis\nlangfristig alternativlos. Dabei setzen wir gro\u00dfen Wert auf die Transparenz\nunseres Handelns\u201c, sagt dazu Oberb\u00fcrgermeister Marcus Zeitler. Dar\u00fcber\ninformierte er am vergangenen Donnerstag (5. September 2019) die Schulleitungen\nund Elternbeir\u00e4te der Hartmann-Baumann-Schule, der Theodor-Heuss-Realschule und\nder Schule am Kraichbach in einem Gespr\u00e4ch. Er setzte dar\u00fcber auch den\nGemeinderat der Stadt Hockenheim in seiner Sondersitzung am Mittwoch, dem 11.\nSeptember 2019, in Kenntnis. <\/p>\n\n\n\n<p>Die\nEntscheidungen f\u00fcr die Ma\u00dfnahmen zur Bek\u00e4mpfung der Prim\u00e4rquellen der\nPCB-Belastung sehen folgende Schritte vor:<\/p>\n\n\n\n<ol><li>Eine Sanierung der Riegelgeb\u00e4ude 1 und\n2 der Hartmann-Baumann-Schule (gegen\u00fcber Schule am Kraichbach) ist vor dem\nHintergrund der PCB-Belastung unwirtschaftlich. Sie wird daher bei den\nPlanungen nicht weiterverfolgt.<\/li><li>Die\nStadtverwaltung Hockenheim stellt bis zum Beginn des Schuljahres 2020\/2021\nContainer, die als Ausweichr\u00e4ume f\u00fcr den Schulbetrieb dienen. Sie erm\u00f6glichen\ndie Durchf\u00fchrung des Unterrichts w\u00e4hrend des R\u00fcckbaus der beiden Riegelgeb\u00e4ude.<\/li><li>Die\nRiegelgeb\u00e4ude 1 und 2 werden bis auf die Bodenplatte abgerissen.<\/li><\/ol>\n\n\n\n<h4 class=\"wp-block-heading\">Allgemeine Informationen PCB<\/h4>\n\n\n\n<p>Polychlorierte Biphenyle, kurz PCB, sind allgegenw\u00e4rtig. Insbesondere wird PCB \u00fcber die Nahrung aufgenommen. Der kleinste Anteil gelangt \u00fcber die Einatmung in den K\u00f6rper. PCB, wurde in den 1950-er bis 1970-er Jahren vorzugsweise in Fugenmassen eingesetzt, weil es die Vorteile hatte, schwer entflammbar, hochelastisch und nicht elektrisch leitend zu sein. PCB ist in freier und gebundener Form global vorzufinden. <\/p>\n\n\n\n<p><em>Stadtverwaltung Hockenheim<br>13.09.2019<\/em><\/p>\n\n\n\n<h2 class=\"wp-block-heading\"><strong>Ausschuss f\u00fcr\nSoziales, Jugend, Kultur und Sport tagt am 19. September <\/strong><\/h2>\n\n\n\n<p>Der Ausschuss Soziales, Jugend, Kultur und Sport des Gemeinderates Hockenheim tagt am <strong>Donnerstag, 19. September 2019<\/strong>, 17 Uhr, im B\u00fcrgersaal des Rathauses Hockenheim wieder \u00f6ffentlich. Auf der Tagesordnung stehen folgende Punkte: <\/p>\n\n\n\n<ol><li> Besucherfragen<\/li><li> Seniorenb\u00fcro &#8211; Vorstellung einer Stellenbeschreibung, Vorlage: 40\/2019\/307<\/li><li> Hockenheim feiert 2020 125 Jahre Stadtrechte, Vorlage: 40\/2019\/315<\/li><li> Mitteilungen der Verwaltung<\/li><li> Anfragen aus der Mitte des Gremiums<\/li><\/ol>\n\n\n\n<p>Alle B\u00fcrger sind zur Sitzung herzlich eingeladen.<\/p>\n\n\n\n<p><em>Stadtverwaltung Hockenheim<br>13.09.2019<\/em><\/p>\n","protected":false},"excerpt":{"rendered":"<div class=\"mh-excerpt\"><p>Kant- und sp\u00e4ter Herderstra\u00dfe gesperrt Die Erschlie\u00dfung der Kantstra\u00dfe 2 (ehemals Raiffeisen-Markt) f\u00fcr ein Bauvorhaben macht eine Sperrung der Stra\u00dfe erforderlich. Aus diesem Grund ist die Kantstra\u00dfe ab sofort bis voraussichtlich Freitag, 4. Oktober 2019, <a class=\"mh-excerpt-more\" href=\"https:\/\/speyer24news.com\/?p=19229\" title=\"Hockenheim:\">[&#8230;]<\/a><\/p>\n<\/div>","protected":false},"author":3,"featured_media":19045,"comment_status":"open","ping_status":"open","sticky":false,"template":"","format":"standard","meta":{"_monsterinsights_skip_tracking":false,"_monsterinsights_sitenote_active":false,"_monsterinsights_sitenote_note":"","_monsterinsights_sitenote_category":0,"footnotes":""},"categories":[489],"tags":[3334,3193,3331,108,3330,1287,3333,566,3335,3332],"aioseo_notices":[],"amp_enabled":true,"_links":{"self":[{"href":"https:\/\/speyer24news.com\/index.php?rest_route=\/wp\/v2\/posts\/19229"}],"collection":[{"href":"https:\/\/speyer24news.com\/index.php?rest_route=\/wp\/v2\/posts"}],"about":[{"href":"https:\/\/speyer24news.com\/index.php?rest_route=\/wp\/v2\/types\/post"}],"author":[{"embeddable":true,"href":"https:\/\/speyer24news.com\/index.php?rest_route=\/wp\/v2\/users\/3"}],"replies":[{"embeddable":true,"href":"https:\/\/speyer24news.com\/index.php?rest_route=%2Fwp%2Fv2%2Fcomments&post=19229"}],"version-history":[{"count":1,"href":"https:\/\/speyer24news.com\/index.php?rest_route=\/wp\/v2\/posts\/19229\/revisions"}],"predecessor-version":[{"id":19233,"href":"https:\/\/speyer24news.com\/index.php?rest_route=\/wp\/v2\/posts\/19229\/revisions\/19233"}],"wp:featuredmedia":[{"embeddable":true,"href":"https:\/\/speyer24news.com\/index.php?rest_route=\/wp\/v2\/media\/19045"}],"wp:attachment":[{"href":"https:\/\/speyer24news.com\/index.php?rest_route=%2Fwp%2Fv2%2Fmedia&parent=19229"}],"wp:term":[{"taxonomy":"category","embeddable":true,"href":"https:\/\/speyer24news.com\/index.php?rest_route=%2Fwp%2Fv2%2Fcategories&post=19229"},{"taxonomy":"post_tag","embeddable":true,"href":"https:\/\/speyer24news.com\/index.php?rest_route=%2Fwp%2Fv2%2Ftags&post=19229"}],"curies":[{"name":"wp","href":"https:\/\/api.w.org\/{rel}","templated":true}]}}