{"id":19245,"date":"2019-09-13T07:58:09","date_gmt":"2019-09-13T06:58:09","guid":{"rendered":"https:\/\/speyer24news.com\/?p=19245"},"modified":"2019-09-13T07:58:10","modified_gmt":"2019-09-13T06:58:10","slug":"veranstaltungen-25","status":"publish","type":"post","link":"https:\/\/speyer24news.com\/?p=19245","title":{"rendered":"Veranstaltungen:"},"content":{"rendered":"<style type=\"text\/css\">\r\n\t.ads_top_disp{}\r\n\t.ads_top_corner_disp{ float:left; margin:0px 10px 10px 0px; }\r\n\t.ads_first_p_disp{}\r\n\t.ads_bottom_disp{}\r\n\t<\/style>\n<h2 class=\"wp-block-heading\">Nach Herzenslust st\u00f6bern oder selbst einen Stand aufschlagen<\/h2>\n\n\n\n<h3 class=\"wp-block-heading\">Die Schn\u00e4ppchenjagd auf dem Berliner Platz geht in ihre elfte Runde!<\/h3>\n\n\n\n<div class=\"wp-block-image\"><figure class=\"aligncenter\"><img decoding=\"async\" loading=\"lazy\" width=\"500\" height=\"621\" src=\"https:\/\/speyer24news.com\/wp-content\/uploads\/2019\/09\/Familienflohmarkt.jpg\" alt=\"\" class=\"wp-image-19246\" srcset=\"https:\/\/speyer24news.com\/wp-content\/uploads\/2019\/09\/Familienflohmarkt.jpg 500w, https:\/\/speyer24news.com\/wp-content\/uploads\/2019\/09\/Familienflohmarkt-242x300.jpg 242w\" sizes=\"(max-width: 500px) 100vw, 500px\" \/><\/figure><\/div>\n\n\n\n<p><strong>Speyer-West \/ Berliner Platz &#8211;<\/strong> Bereits zum elften Mal findet am <strong>21. September 2019<\/strong> der beliebte Familienflohmarkt auf dem Berliner Platz in Speyer West statt.<\/p>\n\n\n\n<p>Veranstaltet wird er zweimal im Jahr, jeweils am dritten Samstag im Juni und am dritten Samstag im September, vom Jugendcaf\u00e9 Speyer West und dem Stadtteilverein Speyer West. War er zu Beginn als Belebung des neu gestalteten Berliner Platzes gedacht, so ist der beliebte Familienflohmarkt mittlerweile ein fester Bestandteil im Jahreskalender der Stadt Speyer geworden.<\/p>\n\n\n\n<p>Und auch in diesem Jahr freuen sich die Organisatoren wieder \u00fcber viele Interessenten, die gebrauchte Spielsachen, Kleidung und sonstige Artikel erwerben oder verkaufen m\u00f6chten. Der Flohmarkt ist ein Angebot f\u00fcr Kinder, Jugendliche und deren Familien. Er ist nicht f\u00fcr gewerbliche oder halbgewerbliche Anbieter.<\/p>\n\n\n\n<p>Pro angefangenem Meter Stellfl\u00e4che sind 2,50 \u20ac zu entrichten. Alle Helfer sind ehrenamtlich t\u00e4tig. Die Einnahmen des Flohmarktes flie\u00dfen vollst\u00e4ndig in die ehrenamtliche Arbeit beider Vereine.<\/p>\n\n\n\n<p>Der Aufbau beginnt um 7 Uhr. Zwischen 9 und 14 Uhr ist der gesamte Flohmarktbereich f\u00fcr Fahrzeuge gesperrt. In dieser Zeit k\u00f6nnen Waren angeboten, gekauft und um beste Preise gefeilscht werden.<\/p>\n\n\n\n<p>Elektroger\u00e4te k\u00f6nnen im Bereich des Stadtteilb\u00fcros getestet werden.<\/p>\n\n\n\n<p>Es ist eine M\u00fcllkaution in H\u00f6he von 5,00 \u20ac zu entrichten. Unsere Helferinnen und Helfer kassieren im Verlaufe des Flohmarkts bei  Ihnen pers\u00f6nlich den Standpreis und die M\u00fcllkaution.   <\/p>\n\n\n\n<p>Standbetreiber erhalten die Kaution zur\u00fcck, wenn sie ihren Standplatz ordnungsgem\u00e4\u00df ger\u00e4umt haben. Sp\u00e4testens 1 Stunde nach \u00d6ffnen der Sperre muss der Platz endg\u00fcltig  ger\u00e4umt sein!   <\/p>\n\n\n\n<p>Nach 15:00 Uhr k\u00f6nnen keine Kautionen mehr zur\u00fcckgezahlt werden!<\/p>\n\n\n\n<p>Informationen erhalten sie beim Jugendcaf\u00e9 Speyer West, Telefon 0178 9191513 oder beim Stadtteilb\u00fcro Speyer West, Telefon 06232 3170082<\/p>\n\n\n\n<div class=\"wp-block-image\"><figure class=\"aligncenter\"><img decoding=\"async\" loading=\"lazy\" width=\"800\" height=\"442\" src=\"https:\/\/speyer24news.com\/wp-content\/uploads\/2019\/09\/Zwanzig10-Jugendkultur-Speyer-e.V..png\" alt=\"\" class=\"wp-image-18573\" srcset=\"https:\/\/speyer24news.com\/wp-content\/uploads\/2019\/09\/Zwanzig10-Jugendkultur-Speyer-e.V..png 800w, https:\/\/speyer24news.com\/wp-content\/uploads\/2019\/09\/Zwanzig10-Jugendkultur-Speyer-e.V.-300x166.png 300w, https:\/\/speyer24news.com\/wp-content\/uploads\/2019\/09\/Zwanzig10-Jugendkultur-Speyer-e.V.-768x424.png 768w\" sizes=\"(max-width: 800px) 100vw, 800px\" \/><\/figure><\/div>\n\n\n\n<p><em>Zwanzig10 Jugendkultur Speyer<br>13.09.2019<\/em><\/p>\n","protected":false},"excerpt":{"rendered":"<div class=\"mh-excerpt\"><p>Nach Herzenslust st\u00f6bern oder selbst einen Stand aufschlagen Die Schn\u00e4ppchenjagd auf dem Berliner Platz geht in ihre elfte Runde! Speyer-West \/ Berliner Platz &#8211; Bereits zum elften Mal findet am 21. September 2019 der beliebte <a class=\"mh-excerpt-more\" href=\"https:\/\/speyer24news.com\/?p=19245\" title=\"Veranstaltungen:\">[&#8230;]<\/a><\/p>\n<\/div>","protected":false},"author":3,"featured_media":0,"comment_status":"open","ping_status":"open","sticky":false,"template":"","format":"standard","meta":{"_monsterinsights_skip_tracking":false,"_monsterinsights_sitenote_active":false,"_monsterinsights_sitenote_note":"","_monsterinsights_sitenote_category":0,"footnotes":""},"categories":[13],"tags":[3343,3340,751,3342,6,96,3341,2197],"aioseo_notices":[],"amp_enabled":true,"_links":{"self":[{"href":"https:\/\/speyer24news.com\/index.php?rest_route=\/wp\/v2\/posts\/19245"}],"collection":[{"href":"https:\/\/speyer24news.com\/index.php?rest_route=\/wp\/v2\/posts"}],"about":[{"href":"https:\/\/speyer24news.com\/index.php?rest_route=\/wp\/v2\/types\/post"}],"author":[{"embeddable":true,"href":"https:\/\/speyer24news.com\/index.php?rest_route=\/wp\/v2\/users\/3"}],"replies":[{"embeddable":true,"href":"https:\/\/speyer24news.com\/index.php?rest_route=%2Fwp%2Fv2%2Fcomments&post=19245"}],"version-history":[{"count":1,"href":"https:\/\/speyer24news.com\/index.php?rest_route=\/wp\/v2\/posts\/19245\/revisions"}],"predecessor-version":[{"id":19247,"href":"https:\/\/speyer24news.com\/index.php?rest_route=\/wp\/v2\/posts\/19245\/revisions\/19247"}],"wp:attachment":[{"href":"https:\/\/speyer24news.com\/index.php?rest_route=%2Fwp%2Fv2%2Fmedia&parent=19245"}],"wp:term":[{"taxonomy":"category","embeddable":true,"href":"https:\/\/speyer24news.com\/index.php?rest_route=%2Fwp%2Fv2%2Fcategories&post=19245"},{"taxonomy":"post_tag","embeddable":true,"href":"https:\/\/speyer24news.com\/index.php?rest_route=%2Fwp%2Fv2%2Ftags&post=19245"}],"curies":[{"name":"wp","href":"https:\/\/api.w.org\/{rel}","templated":true}]}}