{"id":19248,"date":"2019-09-13T11:42:55","date_gmt":"2019-09-13T10:42:55","guid":{"rendered":"https:\/\/speyer24news.com\/?p=19248"},"modified":"2019-09-13T11:43:44","modified_gmt":"2019-09-13T10:43:44","slug":"polizei-63","status":"publish","type":"post","link":"https:\/\/speyer24news.com\/?p=19248","title":{"rendered":"Polizei:"},"content":{"rendered":"<style type=\"text\/css\">\r\n\t.ads_top_disp{}\r\n\t.ads_top_corner_disp{ float:left; margin:0px 10px 10px 0px; }\r\n\t.ads_first_p_disp{}\r\n\t.ads_bottom_disp{}\r\n\t<\/style>\n<h2 class=\"wp-block-heading\">Polizeimeldung vom Donnerstag (12.09.2019)<\/h2>\n\n\n\n<div class=\"wp-block-image\"><figure class=\"aligncenter\"><img decoding=\"async\" src=\"https:\/\/speyer24news.com\/wp-content\/uploads\/2019\/09\/Aktuelles-Polizeilogo-1.jpg\" alt=\"\" class=\"wp-image-19009\"\/><\/figure><\/div>\n\n\n\n<h4 class=\"wp-block-heading\">(Speyer) &#8211; Bei Kontrolle durch die Polizei Einhandmesser mitgef\u00fchrt<\/h4>\n\n\n\n<p>Bei\n der \u00dcberpr\u00fcfung einer Mitteilung \u00fcber zwei m\u00e4nnliche Jugendliche, \nwelche in der Heinrich-Heine-Stra\u00dfe auff\u00e4llig in parkende Fahrzeuge \nschauen w\u00fcrden, konnten am Mittwoch gegen 20:44 Uhr ein 16 und ein \n17j\u00e4hriger Speyerer dort angetroffen und kontrolliert werden. Im Rahmen \nder Durchsuchung der Jugendlichen fand man bei dem 16J\u00e4hrigen ein \nEinhandmesser mit einer Klingenl\u00e4nge von 9cm. Gegen ihn wurde deshalb \nein Ordnungswidrigkeitenverfahren eingeleitet und das Einhandmesser \nsichergestellt. Bei der Inaugenscheinnahme der umliegend geparkten \nFahrzeuge im Hinblick auf etwaige Aufbruchspuren konnten keinerlei \nHinweise diesbez\u00fcglich erlangt werden. <\/p>\n\n\n\n<h4 class=\"wp-block-heading\">(Speyer) &#8211; Beim Diebstahl von Tabak ertappt<\/h4>\n\n\n\n<p>Am\n Mittwoch kurz vor 18 Uhr kam es zu einem Ladendiebstahl in einem \nLebensmitteldiscounter in der Dudenhofer Stra\u00dfe. Ein 48j\u00e4hriger Mann \nkonnte hier dabei beobachtet werden, wie er eine Dose Tabak im Wert von \nca. 20EUR an sich nahm und diesen in eine Plastikt\u00fcte umf\u00fcllte. Die T\u00fcte\n mit dem Tabak steckte er dann unter sein T-Shirt und begab sich zur \nKasse. Hier bezahlte er lediglich zwei Getr\u00e4nkedosen. Mit der Tat \nkonfrontiert konnte die T\u00fcte mit dem Tabak in seinem Hosenbund \naufgefunden werden. Weiteres Diebesgut f\u00fchrte der Beschuldigte nicht mit\n sich. Gegen ihn wurde ein Strafverfahren eingeleitet. Der Einkaufsmarkt\n erteilte ihm ein Hausverbot. <\/p>\n\n\n\n<h4 class=\"wp-block-heading\">(Speyer) &#8211; Mehrere Diebst\u00e4hle am Binsfeld aufgekl\u00e4rt, Eigent\u00fcmer von Schmuck gesucht.<\/h4>\n\n\n\n<p>Nach\n Diebst\u00e4hlen von Geld und Mobiltelefonen am Binsfeld (Pressebericht der \nPI Speyer vom 29.08.2019) ergaben sich durch polizeiliche Ermittlungen \nHinweise auf einen tatverd\u00e4chtigen 29-j\u00e4hrigen Mann, welcher eine den \nZeugenangaben entsprechende T\u00e4towierung am Arm trug. Dieser wohnt mit \ndem bereits am 28.08.2019 auf frischer Tat am Binsfeld ergriffenen \n18-J\u00e4hrigen in h\u00e4uslicher Gemeinschaft. Eine Wohnungsdurchsuchung bei \nbeiden Beschuldigten f\u00fchrte zwar nicht direkt zum Auffinden der \nentwendeten Gegenst\u00e4nde. Allerdings wurden bei der Durchsuchung &#8211; neben \nden Ausweisdokumenten der Opfer, &#8211; auch Haschisch im zweistelligen \nGramm-Bereich, sowie eine Digitalkamera sichergestellt, welche anhand \nder darauf gespeicherten Bilder eindeutig einem \u00fcberraschten 50-j\u00e4hrigen\n Badegast des Binsfeld zugeordnet werden konnte. Dieser konnte sich den \n&#8222;Verlust&#8220; der Kamera bis zur polizeilichen Kontaktaufnahme nicht \nerkl\u00e4ren. Weiterhin wurde bei der Durchsuchung weiteres mutma\u00dfliches \nDiebesgut sichergestellt, welches bisher noch keiner Straftat zugeordnet\n werden kann.  Hierbei handelt es sich um silberne Damenuhren der Marken\n Tissot und Claude Pascal, eine silberne Damenuhr mit Strassbesatz sowie\n eine silberne Halskette in Herzform in einem roten Herzetui. <\/p>\n\n\n\n<p>Die  Eigent\u00fcmer der genannten Gegenst\u00e4nde werden gebeten, sich bei der  Polizei Speyer zu melden. Weitere Zeugenhinweise nimmt die Polizei unter  der Tel.-Nr. 06232-1370 oder per Mail an <a href=\"mailto:pispeyer@polizei.rlp.de\">pispeyer@polizei.rlp.de<\/a> entgegen. <\/p>\n\n\n\n<h4 class=\"wp-block-heading\">(Schwegenheim) &#8211; Frau zerkratzt Autolack<\/h4>\n\n\n\n<p>Sachschaden in H\u00f6he von 500 EUR entstand an einem geparkten Fahrzeug am  Mittwochabend gegen 19 Uhr in der Bahnhofstra\u00dfe. Ein Zeuge konnte  beobachten wie eine 64 &#8211; j\u00e4hrige Frau den Lack mit einem Gegenstand  besch\u00e4digte und verst\u00e4ndigte daraufhin die Polizei. Die Frau bestritt  gegen\u00fcber den eingesetzten Polizeibeamten die Tat. Ob ein Zusammenhang  zu den zur\u00fcckliegenden Sachbesch\u00e4digungen besteht, wird derzeit gepr\u00fcft.  Zudem lag gegen die Frau noch ein offener Haftbefehl vor dessen  Vollstreckung durch die Bezahlung des geforderten Betrages in H\u00f6he von  1000 EUR abgewendet wurde. <\/p>\n\n\n\n<h4 class=\"wp-block-heading\">(Weingarten) &#8211; B 272 nach Verkehrsunfall gesperrt<\/h4>\n\n\n\n<p>Ein nicht mehr fahrbereiter Transporter ist die Folge eines  Verkehrsunfalls vom Mittwochabend gegen 17 Uhr auf der B272 zwischen  Weingarten und Hochstadt. Der 60 &#8211; j\u00e4hrige Fahrer, welcher in Richtung  Landau unterwegs war, kam in Folge der Nutzung seines Mobiltelefons auf  die Gegenspur und landete letztlich mit seinem Fahrzeug im Graben. Der  Fahrer wurde vorsorglich mit einem Rettungswagen in ein Krankenhaus  gebracht. Das Fahrzeug musste abgeschleppt werden. Die Fahrbahn wurde  f\u00fcr die Dauer der Verkehrsunfallaufnahme gesperrt. <\/p>\n\n\n\n<h4 class=\"wp-block-heading\">(Kuhardt) &#8211; Werkzeugkiste gestohlen<\/h4>\n\n\n\n<p>Werkzeuge im Gesamtwert von 200 EUR entwendete ein bis dato unbekannter  T\u00e4ter in der Nacht vom Montag auf Dienstag. Das Werkzeug war in einer  Kiste in einem Verkaufsstand der Kerwe deponiert. T\u00e4terhinweise liegen  bis dato keine vor. <\/p>\n\n\n\n<p><\/p>\n\n\n\n<h4 class=\"wp-block-heading\">(Maximiliansau) &#8211; Fahrversuche gehen geh\u00f6rig schief<\/h4>\n\n\n\n<div class=\"wp-block-image\"><figure class=\"aligncenter\"><img decoding=\"async\" loading=\"lazy\" width=\"800\" height=\"600\" src=\"https:\/\/speyer24news.com\/wp-content\/uploads\/2019\/09\/VU_Maxau.jpg.jpg\" alt=\"\" class=\"wp-image-19249\" srcset=\"https:\/\/speyer24news.com\/wp-content\/uploads\/2019\/09\/VU_Maxau.jpg.jpg 800w, https:\/\/speyer24news.com\/wp-content\/uploads\/2019\/09\/VU_Maxau.jpg-300x225.jpg 300w, https:\/\/speyer24news.com\/wp-content\/uploads\/2019\/09\/VU_Maxau.jpg-768x576.jpg 768w, https:\/\/speyer24news.com\/wp-content\/uploads\/2019\/09\/VU_Maxau.jpg-678x509.jpg 678w, https:\/\/speyer24news.com\/wp-content\/uploads\/2019\/09\/VU_Maxau.jpg-326x245.jpg 326w, https:\/\/speyer24news.com\/wp-content\/uploads\/2019\/09\/VU_Maxau.jpg-80x60.jpg 80w\" sizes=\"(max-width: 800px) 100vw, 800px\" \/><figcaption>Unfallauto<\/figcaption><\/figure><\/div>\n\n\n\n<p>Die Alkoholisierung d\u00fcrfte sicherlich ein Mitursache  daf\u00fcr gewesen sein, dass sich am Mittwochabend zwei junge Frauen dazu entschlossen haben,  auf dem Parkplatz des ehemaligen SBK Marktes Fahrversuche  durchzuf\u00fchren. Durch Zeugen wurde beobachtet wie die 23-j\u00e4hrige  Beschuldigte mit ihrem PKW auf den Parkplatz fuhr, stark schwankend  ausstieg und mit der 22-j\u00e4hrigen Beifahrerin die Pl\u00e4tze tauschte. <\/p>\n\n\n\n<div class=\"wp-block-image\"><figure class=\"aligncenter\"><img decoding=\"async\" loading=\"lazy\" width=\"800\" height=\"600\" src=\"https:\/\/speyer24news.com\/wp-content\/uploads\/2019\/09\/Einkaufswagenstand.jpg.jpg\" alt=\"\" class=\"wp-image-19250\" srcset=\"https:\/\/speyer24news.com\/wp-content\/uploads\/2019\/09\/Einkaufswagenstand.jpg.jpg 800w, https:\/\/speyer24news.com\/wp-content\/uploads\/2019\/09\/Einkaufswagenstand.jpg-300x225.jpg 300w, https:\/\/speyer24news.com\/wp-content\/uploads\/2019\/09\/Einkaufswagenstand.jpg-768x576.jpg 768w, https:\/\/speyer24news.com\/wp-content\/uploads\/2019\/09\/Einkaufswagenstand.jpg-678x509.jpg 678w, https:\/\/speyer24news.com\/wp-content\/uploads\/2019\/09\/Einkaufswagenstand.jpg-326x245.jpg 326w, https:\/\/speyer24news.com\/wp-content\/uploads\/2019\/09\/Einkaufswagenstand.jpg-80x60.jpg 80w\" sizes=\"(max-width: 800px) 100vw, 800px\" \/><figcaption>EInkaufwagenstand<\/figcaption><\/figure><\/div>\n\n\n\n<p>Diese  f\u00e4hrt ohne im Besitz einer Fahrerlaubnis zu sein einige Runden auf dem  Parkplatz. Die Fahrt endet in einem Unterstand f\u00fcr Einkaufsw\u00e4gen. Die  beiden Beschuldigten hatten bei der Unfallaufnahme Atemalkoholwerte  zwischen 1,9 und 2,3 Promille. Resultat der Idee: Mehrere Strafanzeigen,  Beschlagnahme der Fahrerlaubnis, Totalschaden am PKW und ein  Sachschaden von mehreren tausend Euro. <\/p>\n\n\n\n<h4 class=\"wp-block-heading\">(Kapellen-Drusweiler) &#8211; Vorfahrt von rechts missachtet<\/h4>\n\n\n\n<p>Am Mittwoch, 11.09.2019, gegen 09:15 Uhr, kam es an der Einm\u00fcndung  Ludwig-Kr\u00f6ber-Stra\u00dfe, Ecke Hintergasse, zu einem Verkehrsunfall. Die  Fahrerin eines VW Touran befuhr die Ludwig-Kr\u00f6ber-Stra\u00dfe in Richtung  Weinbergstra\u00dfe. An der Einm\u00fcndung zur Hintergasse missachtete die  30-j\u00e4hrige Fahrerin die Vorfahrt eines von rechts kommenden 37-j\u00e4hrigen  BMW-Fahrers. An beiden Fahrzeugen entstand ein Sachschaden in H\u00f6he von  10.000 Euro. <\/p>\n\n\n\n<h4 class=\"wp-block-heading\">(Bad Bergzabern) &#8211; Mobiltelefon aus der Hand genommen und gefl\u00fcchtet<\/h4>\n\n\n\n<p>Am Donnerstag, 12.09.19, gegen 13:00 Uhr, wurde eine 67-j\u00e4hrige Frau im  Rieslingweg, vor dem Anwesen Nummer 1, von einem Kind angesprochen und  nach Geld gefragt. W\u00e4hrend die Frau nach M\u00fcnzgeld suchte, nahm ihr der  T\u00e4ter das Mobiltelefon aus der anderen Hand und fl\u00fcchtete vom Tatort.  Der T\u00e4ter wird mit 10-11 Jahren, 140cm gro\u00df, sehr dicke Figur, schwarze  gegelte Haare, an der Seite kurz geschnitten, beschrieben. Der Junge  soll eine schwarze Jeanshose und ein schwarz-wei\u00dfes T-Shirt getragen  haben. Zeugen des Vorfalles,  insbesondere die Insassen eines Pkw&#8217;s, die  dem T\u00e4ter gefolgt sein sollen, werden gebeten sich bei der  Polizeiinspektion Bad Bergzabern unter 06343-93340 oder per Email unter <a href=\"mailto:pibadbergzabern@polizei.rlp.de\">pibadbergzabern@polizei.rlp.de<\/a> zu melden. <\/p>\n\n\n\n<h4 class=\"wp-block-heading\">(Silz) &#8211; Ausweichman\u00f6ver \/ Pkw-Fahrer gesucht<\/h4>\n\n\n\n<p>Am Dienstag, 10.09.2019, gegen 11:45 Uhr, befuhr ein Lkw-Fahrer die L  493 von Vorderweidenthal in Richtung Silz. Etwa 1 Kilometer vor dem  Wild- und Wanderpark Silz, musste der Lkw-Fahrer eine Vollbremsung  einleiten und nach rechts auf den Gr\u00fcnstreifen ausweichen. Ein  entgegenkommender silberfarbener Pkw soll auf die Gegenfahrbahn gekommen  sein und den Lkw nach rechts abgedr\u00e4ngt haben. Zur Kl\u00e4rung des  Tathergangs werden, insbesondere der Fahrer des silberfarbenen Pkw,  sowie Zeugen des Vorfalls gebeten, sich bei der Polizeiinspektion Bad  Bergzabern unter 06343-93340 oder per Email unter <a href=\"mailto:pibadbergzabern@polizei.rlp.de\">pibadbergzabern@polizei.rlp.de<\/a> zu melden <\/p>\n\n\n\n<h4 class=\"wp-block-heading\">(Klingenm\u00fcnster) &#8211; Leichtkraftradfahrerin leichtverletzt<\/h4>\n\n\n\n<p>Am Dienstag, 10.09.2019, gegen 13:50 Uhr, befuhr eine 48-j\u00e4hrige  Pkw-Fahrerin die Weinstra\u00dfe in Richtung Klinikum. Beim Einfahren in den  Kreisel am Ortsausgang Klingenm\u00fcnster missachtete die Pkw-Fahrerin die  Vorfahrt einer im Kreisel fahrenden Fahrerin eines Leichtkraftrades.  Beim Zusammensto\u00df st\u00fcrzte die 17-j\u00e4hrige Zweiradfahrerin und zog sich  leichte Verletzungen zu. Sie wurde vom Rettungsdienst zur Untersuchung  ins Krankenhaus verbracht. An den Fahrzeugen entstand ein Sachschaden in  H\u00f6he von 2000.- Euro. <\/p>\n\n\n\n<h4 class=\"wp-block-heading\">(Birkweiler) &#8211; Verkehrsunfallflucht<\/h4>\n\n\n\n<p>Ein vermutlich unbekannter LKW-Fahrer stie\u00df am Mittwochmittag in der Hauptstra\u00dfe an den  Dachgiebel eines Anwesens und entfernte sich dann unerlaubt von der  Unfallstelle. An dem Haus entstand Schaden von ca. 500 Euro. <\/p>\n\n\n\n<p>Hinweise bitte an die Polizei Landau.<\/p>\n\n\n\n<h4 class=\"wp-block-heading\">(Edenkoben) &#8211; Fl\u00fcchtige Autofahrer<\/h4>\n\n\n\n<p>Vermutlich beim Ein- oder Ausparken fuhr in der Nacht von Dienstag auf  Mittwoch ein unbekannter Autofahrer gegen die linke hintere T\u00fcr eines  geparkten Hyundai und verursachte dabei Sachschaden. Die Frage der  Schadensregulierung k\u00fcmmerte ihn nicht. Er fl\u00fcchtete. Hinweise zum  Verursacher nimmt die Polizei Edenkoben unter der Telefonnummer 06323  9550 entgegen. In der Weinstra\u00dfe fuhr ein 58-j\u00e4hriger Kangoo-Fahrer beim  Wenden gegen eine Sandsteinmauer (Meldezeit des Unfalls: 11.09.2019,  09.50 Uhr). Sowohl an seinem Fahrzeug als auch an der Sandsteinmauer  entstand nicht unerheblicher Sachschaden. Zeugen notierten sich das  Kennzeichen. Der Kangoofahrer bekam Besuch von der Polizei und muss sich  nun in einem Strafverfahren wegen Unfallflucht verantworten. Die  Polizei weist darauf hin, dass Unerlaubtes Entfernen vom Unfallort kein  Kavaliersdelikt ist! Der fl\u00fcchtige Fahrer muss mit einer Geld- oder  Freiheitsstrafe bis zu 3 Jahren und evtl. mit einem F\u00fchrerscheinentzug  rechnen. Au\u00dferdem kann der Fl\u00fcchtige den Kaskoschutz seiner  Kfz-Versicherung verlieren und von seiner Versicherung an der  Begleichung des Fremdschadens beteiligt werden. Die Polizei r\u00e4t deshalb  jeden Unfall zu melden. <\/p>\n\n\n\n<h4 class=\"wp-block-heading\">(Kirrweiler) &#8211; Verletzte Radfahrerin<\/h4>\n\n\n\n<p>Angeblich wegen der tiefstehenden Sonnen konnte am Mittwochmorgen  (11.09.2019, 10 Uhr) ein 86-j\u00e4hriger Autofahrer die Fahrbahnverengung an  der Ortseinfahrt von Kirrweiler zu sp\u00e4t erkennen und kollidierte mit  dieser. Durch die Wucht wurden Teile der Begrenzung gegen den Fu\u00df einer  79-j\u00e4hrige Radfahrerin geschleudert, die dabei hinst\u00fcrzte und sich  leicht verletzte. Die Frau wurde \u00e4rztlich versorgt. Der Pkw des  86-J\u00e4hrigen wurde so stark besch\u00e4digt, dass er abgeschleppt werden  musste.<\/p>\n\n\n\n<h4 class=\"wp-block-heading\">(Neustadt) &#8211; Zusammensto\u00df zwischen zwei Radfahrerinnen \/ Rettungshubschrauber im Einsatz<\/h4>\n\n\n\n<p>Am Donnerstagnachmittag gegen 16:20 Uhr kam es zu einem Verkehrsunfall  mit zwei verletzten Radfahrerinnen. Eine 39-j\u00e4hrige Neustadterin befuhr  den Radweg vom Ordenswald aus kommend in Richtung B38. Eine 69-j\u00e4hrige  Dame, ebenfalls aus Neustadt, befuhr exakt diesen Radweg in  entgegengesetzte Richtung mit ihrem Pedelec. Unterhalb der dortigen  Bahnunterf\u00fchrung ber\u00fchrten sich beide Radfahrerinnen jeweils mit ihren  Lenkern und kamen zu Fall.  Die 39 Jahre alte Frau, welche einen  Schutzhelm trug, musste mit dem Rettungshubschrauber aufgrund ihrer  Kopfverletzungen ins Krankenhaus verbracht werden. Die 69-J\u00e4hrige wurde  ebenfalls in ein umliegendes Hospital, mit Verdacht auf einen  gebrochenen Ellenbogen, verbracht. <\/p>\n\n\n\n<h4 class=\"wp-block-heading\">(Neustadt) &#8211; Verkehrsunfall mit verletztem Autofahrer<\/h4>\n\n\n\n<div class=\"wp-block-image\"><figure class=\"aligncenter\"><img decoding=\"async\" loading=\"lazy\" width=\"800\" height=\"600\" src=\"https:\/\/speyer24news.com\/wp-content\/uploads\/2019\/09\/12.09.19-NW-VU.jpg\" alt=\"\" class=\"wp-image-19251\" srcset=\"https:\/\/speyer24news.com\/wp-content\/uploads\/2019\/09\/12.09.19-NW-VU.jpg 800w, https:\/\/speyer24news.com\/wp-content\/uploads\/2019\/09\/12.09.19-NW-VU-300x225.jpg 300w, https:\/\/speyer24news.com\/wp-content\/uploads\/2019\/09\/12.09.19-NW-VU-768x576.jpg 768w, https:\/\/speyer24news.com\/wp-content\/uploads\/2019\/09\/12.09.19-NW-VU-678x509.jpg 678w, https:\/\/speyer24news.com\/wp-content\/uploads\/2019\/09\/12.09.19-NW-VU-326x245.jpg 326w, https:\/\/speyer24news.com\/wp-content\/uploads\/2019\/09\/12.09.19-NW-VU-80x60.jpg 80w\" sizes=\"(max-width: 800px) 100vw, 800px\" \/><\/figure><\/div>\n\n\n\n<p>Zu einem schweren Verkehrsunfall kam es am Donnerstagmittag um 15.40  Uhr an der Einm\u00fcndung B 38 (Zubringer zur BAB 65, NW-Nord) und der L  532. Bei starkem Verkehrsaufkommen wollte eine 54j\u00e4hrige Opelfahrerin  von der L 532 nach links auf die B 38 Richtung Autobahn abbiegen.  Nachdem nach ihren Angaben ein auf der Linksabbiegerspur der B 38  stehender Autofahrer ihr per &#8222;Lichthupe&#8220; signalisierte, dass er ihr die  Vorfahrt gew\u00e4hrt fuhr sie los und \u00fcbersah hierbei einen 47j\u00e4hrigen  Audifahrer, der auf der Geradeausspur Richtung Autobahn fuhr. Es kam im  Einm\u00fcndungsbereich zum Zusammensto\u00df der Fahrzeuge, wobei sich der  Audifahrer mittelschwer verletzte. Er musste mit dem Rettungswagen ins  Krankenhaus gebracht werden. W\u00e4hrend der Rettungs- und Bergungsarbeiten,  bei denen die Feuerwehr Neustadt sowie mehrere Rettungsfahrzeuge und  Abschlepper besch\u00e4ftigt waren, kam es zu Verkehrsbeeintr\u00e4chtigungen auf  dem vielbefahrenen Zubringer. Der Sachschaden betr\u00e4gt ca. 10.000 EUR. <\/p>\n\n\n\n<h4 class=\"wp-block-heading\">(Neustadt) &#8211; Radfahrer bei Sturz verletzt<\/h4>\n\n\n\n<p>Ein Hund verursachte am 11.09.2019 gegen 08:00 Uhr auf einem Feldweg in  der Dr.-Siebenpfeiffer-Stra\u00dfe einen Verkehrsunfall, bei dem ein  57-j\u00e4hriger Radfahrer verletzt wurde. Der Hund lief scheinbar pl\u00f6tzlich  vor das Fahrrad, so dass der Radfahrer stark bremsen musste und hierbei  st\u00fcrzte. Er zog  sich Sch\u00fcrfwunden an der linken Hand zu. Die 55-j\u00e4hrige  Hundehalterin hatte ihren Hund nicht an der Leine gef\u00fchrt. Welcher  Rasse der Hund angeh\u00f6rt, ist nicht bekannt. <\/p>\n\n\n\n<h4 class=\"wp-block-heading\">(Ellerstadt) &#8211; Sachbesch\u00e4digung<\/h4>\n\n\n\n<p>Bisher unbekannte T\u00e4ter brachten im Zeitraum vom 01.09. &#8211; 10.09.19 an  die W\u00e4nde der &#8222;Sonnenbergh\u00fctte, die sich s\u00fcdwestlich der Stra\u00dfe &#8220; In der  Nauroth&#8220; im Feld \/ Wingertgel\u00e4nde befindet mit schwarzer Farbe mehrere  Schriftz\u00fcge mit politischen und beleidigenden Inhalt an. Der dadurch  entstandene Sachschaden bel\u00e4uft sich auf ca. 2.500,- Euro. <\/p>\n\n\n\n<p>Hinweise bitte an die Polizeiinspektion Bad D\u00fcrkheim, Tel. 06322\/963-0, oder <a href=\"mailto:pibadduerkheim@polizei.rlp.de\">pibadduerkheim@polizei.rlp.de<\/a> <\/p>\n\n\n\n<h4 class=\"wp-block-heading\">(Mutterstadt) &#8211; Betr\u00fcgerischer Anruf<\/h4>\n\n\n\n<p>Am Mittwochmittag erhielt eine B\u00fcrgerin aus Mutterstadt einen Anruf von  einem vermeintlichen Mitarbeiter eines Auktionshauses. Er bezog sich  auf eine angebliche Kundenaktion und fragte die Dame nach ihren  Wertgegenst\u00e4nden im Haus. Als sie angab, keine Wertgegenst\u00e4nde zu haben,  legte der Anrufer abrupt auf. Die Frau rief anschlie\u00dfend selbst bei dem  Auktionshaus an und fragte, ob es denn eine solche Kundenaktion gebe.  Das war nicht der Fall. <\/p>\n\n\n\n<h4 class=\"wp-block-heading\">(Ruchheim) &#8211; Erheblicher Sachschaden bei Verkehrsunfall auf Autobahnparkplatz<\/h4>\n\n\n\n<div class=\"wp-block-image\"><figure class=\"aligncenter\"><img decoding=\"async\" loading=\"lazy\" width=\"800\" height=\"533\" src=\"https:\/\/speyer24news.com\/wp-content\/uploads\/2019\/09\/12.09.19-Ruchheim-Schwerlastkontrolle.jpg\" alt=\"\" class=\"wp-image-19252\" srcset=\"https:\/\/speyer24news.com\/wp-content\/uploads\/2019\/09\/12.09.19-Ruchheim-Schwerlastkontrolle.jpg 800w, https:\/\/speyer24news.com\/wp-content\/uploads\/2019\/09\/12.09.19-Ruchheim-Schwerlastkontrolle-300x200.jpg 300w, https:\/\/speyer24news.com\/wp-content\/uploads\/2019\/09\/12.09.19-Ruchheim-Schwerlastkontrolle-768x512.jpg 768w\" sizes=\"(max-width: 800px) 100vw, 800px\" \/><\/figure><\/div>\n\n\n\n<p>Am Donnerstag den 12.09.2019 ereignete sich gegen 14:45 Uhr auf dem an  der Bundesautobahn A61 in Fahrtrichtung Koblenz gelegenen  Autobahnparkplatz &#8222;Auf dem Hahnen&#8220; ein Verkehrsunfall. Auf dem  vollbesetzten Parkplatz beabsichtigte ein 46 Jahre alter Fahrer eines  Sattelzuggespanns aus einer Parkl\u00fccke herauszufahren. Hierbei stie\u00df er  mit seinem F\u00fchrerhaus gegen die Ladung eines auf dem  Schwerlastverkehrsstreifens abgestellten Schwertransporters. Bei der  besch\u00e4digten Ladung handelte es sich um ein hochpr\u00e4zises und circa circa  60 Meter langes Rotorblatt einer Windkraftanlage. Nach erster  Einsch\u00e4tzung d\u00fcrfte dieses durch den Zusammensto\u00df v\u00f6llig unbrauchbar  geworden sein. Die Schadensh\u00f6he bel\u00e4uft sich auf circa 300.000 Euro. <\/p>\n\n\n\n<h4 class=\"wp-block-heading\">(Frankenthal) &#8211; Verkehrsunfall mit verletzten Radfahrern<\/h4>\n\n\n\n<p>Am 11.09.2019, um 14:15 Uhr kollidiert ein 9-j\u00e4hriger Radfahrer in der  Bleichstra\u00dfe in Frankenthal mit einer 79-j\u00e4hrigen Radfahrerin. Der Junge  biegt von einem Parkplatz links in Richtung R\u00f6ntgenplatz ab, ohne auf  die bevorrechtigte Fahrradfahrerin zu achten. Beide Radfahrer st\u00fcrzen  bei der Kollision zu Boden und ziehen sich leichte Sch\u00fcrfwunden zu. Die  Schadensh\u00f6he betr\u00e4gt ca. 150 Euro. <\/p>\n\n\n\n<h4 class=\"wp-block-heading\">(Frankenthal) &#8211; Diebstahl einer Geldb\u00f6rse<\/h4>\n\n\n\n<p>Am 11.09.2019, um 12:00 Uhr entwendet bislang unbekannter T\u00e4ter in  einem Einkaufsmarkt in der Benderstra\u00dfe in Frankenthal die Geldb\u00f6rse  einer 70-j\u00e4hrigen Frankenthalerin. Die Gesch\u00e4digte legt ihre Geldb\u00f6rse  w\u00e4hrend des Einkaufs f\u00fcr kurze Zeit an der Obstablage ab. Diese  Gelegenheit nutzt unbekannter T\u00e4ter und nimmt den Geldbeutel an sich. In  der Geldb\u00f6rse befindet sich lediglich eine Krankenkassenkarte und eine  EC-Karte. Vor dem Diebstahl ist der Gesch\u00e4digten bereits eine Frau  aufgefallen, die sich verd\u00e4chtig im Einkaufsmarkt umgesehen hat. Die  Frau wird wie folgt beschrieben: ca. 35 Jahre alt, 170 cm gro\u00df, kr\u00e4ftige  Statur, kurze braune Haare. <\/p>\n\n\n\n<p>Die Polizei r\u00e4t: Lassen Sie Ihre Wertsachen nie unbeaufsichtigt! Weitere Tipps erhalten Sie unter <a target=\"_blank\" href=\"http:\/\/www.polizei-beratung.de\" rel=\"noreferrer noopener\">www.polizei-beratung.de<\/a>. <\/p>\n\n\n\n<p>Wer\n sachdienliche Hinweise zu dem genannten Fall geben kann, wird gebeten \nsich mit der Polizeiinspektion Frankenthal unter der Rufnummer \n06233\/313-0 oder der Polizeiwache Maxdorf unter der Rufnummer \n06237\/934-100 in Verbindung zu setzen. Hinweise k\u00f6nnen auch per E-Mail \nunter <a href=\"mailto:pifrankenthal@polizei.rlp.de\">pifrankenthal@polizei.rlp.de<\/a> an die Polizei \u00fcbermittelt werden. <\/p>\n\n\n\n<h4 class=\"wp-block-heading\">(Frankenthal) &#8211; Verkehrsunfallflucht<\/h4>\n\n\n\n<p>Im Zeitraum vom 10.09.2019, 14:00 Uhr &#8211; 19:00 Uhr besch\u00e4digt ein  bislang unbekannter Fahrzeugf\u00fchrer auf dem Parkplatz Am Rheinufer 1 in  der Verl\u00e4ngerung zur K10 einen geparkten Hyundai Tucson und entfernt  sich unerlaubt von der Unfallstelle. Die Schadensh\u00f6he am Hyundai wird  auf ca. 1000 Euro beziffert. <\/p>\n\n\n\n<p>Die Polizei weist nochmals darauf \nhin, dass es sich bei einer Verkehrsunfallflucht keinesfalls um ein \nKavaliersdelikt handelt. Eine Unfallflucht ist eine Straftat, \u00e4hnlich \neinem Diebstahl oder einer K\u00f6rperverletzung. \u00a7 142 des Strafgesetzbuches\n sieht f\u00fcr eine Unfallflucht eine Geldstrafe oder sogar eine \nFreiheitsstrafe bis zu drei Jahre vor. In vielen F\u00e4llen bleiben die \nGesch\u00e4digten auf ihren Kosten sitzen. Es k\u00f6nnte auch Ihr Auto treffen. \nHelfen Sie uns, Unfallopfern zu helfen. Wenn Sie Zeuge einer \nUnfallflucht werden, notieren Sie das Kennzeichen oder machen Sie ein \nFoto mit Ihrem Handy. Verst\u00e4ndigen Sie auf jeden Fall die Polizei. <\/p>\n\n\n\n<p>Wir wollen, dass Sie sicher Leben &#8211; ihre Polizei Frankenthal <\/p>\n\n\n\n<p>Wer  sachdienliche Hinweise zu dem genannten Fall geben kann, wird gebeten  sich mit der Polizeiinspektion Frankenthal unter der Rufnummer  06233\/313-0 oder der Polizeiwache Maxdorf unter der Rufnummer  06237\/934-1100 in Verbindung zu setzen. Hinweise k\u00f6nnen auch per E-Mail  unter <a href=\"mailto:pifrankenthal@polizei.rlp.de\">pifrankenthal@polizei.rlp.de<\/a> an die Polizei \u00fcbermittelt werden. <\/p>\n\n\n\n<h4 class=\"wp-block-heading\">(Ludwigshafen) &#8211; Polizeieinsatz bei der Fa. Raschig<\/h4>\n\n\n\n<p>Die Polizei und Fa. Raschig gehen derzeit einem Hinweis auf eine  erhebliche St\u00f6rung des Betriebsabslaufs nach. Zur Sicherheit der  Mitarbeiterinnen und Mitarbeiter sowie zum Schutz der Bev\u00f6lkerung haben  wir uns dazu entschlossen, den Betrieb zu r\u00e4umen und das Gel\u00e4nde  abzusperren. Die Ermittlungen zu den weiteren Hintergr\u00fcnden und den  m\u00f6glichen Beeintr\u00e4chtigungen f\u00fcr die Bev\u00f6lkerung dauern noch an. Wir  berichten weiter und bitten darum, die Arbeit der Polizei und der  anderen Kr\u00e4fte nicht zu beeintr\u00e4chtigen und sich an die Absperrungen und  die Anweisungen der Polizeikr\u00e4fte zu halten. Sobald wir weitere  Erkenntnisse haben, berichten wir nach. <\/p>\n\n\n\n<h4 class=\"wp-block-heading\">(Ludwigshafen) &#8211; Polizeieinsatz Fa. Raschig<\/h4>\n\n\n\n<h4 class=\"wp-block-heading\" style=\"text-align:center\">Pressemeldung 2<\/h4>\n\n\n\n<p>Die Polizei und Fa. Raschig gehen derzeit einem Hinweis auf eine  erhebliche St\u00f6rung des Betriebsabslaufs nach. Zur Sicherheit der  Mitarbeiterinnen und Mitarbeiter sowie zum Schutz der Bev\u00f6lkerung haben  wir uns dazu entschlossen, den Betrieb zu r\u00e4umen und das Gel\u00e4nde  abzusperren. Die Ermittlungen zu den weiteren Hintergr\u00fcnden und den  m\u00f6glichen Beeintr\u00e4chtigungen f\u00fcr die Bev\u00f6lkerung dauern noch an. Wir  berichten weiter und bitten darum, die Arbeit der Polizei und der  anderen Kr\u00e4fte nicht zu beeintr\u00e4chtigen und sich an die Absperrungen und  die Anweisungen der Polizeikr\u00e4fte zu halten. <\/p>\n\n\n\n<p>Nachtrag: Nach  Abschluss der Absuche des Gel\u00e4ndes gemeinsam mit Polizei und Werksschutz  konnten keine Gefahrenquellen gefunden werden. Die Mitarbeiterinnen und  Mitarbeiter sind wieder auf das Betriebsgel\u00e4nde zur\u00fcckgekehrt, die  polizeilichen Ma\u00dfnahmen vor Ort sind beendet. Die weiteren Ermittlungen  zum Verursacher dauern noch an. Ein Strafverfahren wegen St\u00f6rung des  \u00f6ffentlichen Friedens ist eingeleitet worden. <\/p>\n\n\n\n<h4 class=\"wp-block-heading\">(Ludwigshafen) &#8211; Polizeieinsatz Fa Raschig<\/h4>\n\n\n\n<h4 class=\"wp-block-heading\" style=\"text-align:center\">Nachtrag<\/h4>\n\n\n\n<p>Die\n Kriminalpolizei Ludwigshafen hat im Fall der erheblichen St\u00f6rung des \nBetriebsablaufs bei der Firma Raschig die Ermittlungen aufgenommen. Eine\n bislang unbekannte Person hatte in der Nacht vom 11.09.2019, gegen \n23:25 Uhr, damit gedroht, dass die Firma in die Luft fliegen w\u00fcrde. Nach\n einer Absuche des Gel\u00e4ndes durch Polizei und Werksschutz konnten keine \nGefahrenquellen gefunden werden. <\/p>\n\n\n\n<p>Es wurde ein Strafverfahren wegen St\u00f6rung des \u00f6ffentlichen Friedens eingeleitet. <\/p>\n\n\n\n<h4 class=\"wp-block-heading\">(Ludwigshafen) &#8211; Leicht Verletzte bei Unfall<\/h4>\n\n\n\n<p>Bei einem Verkehrsunfall am Donnerstagmorgen, 11.09.2019, um 07.45 Uhr,  wurde die Fahrerin eines BMW leicht verletzt. Die Frau war mit ihrem  Wagen auf der Lichtenberger Stra\u00dfe in Richtung Rheinuferstra\u00dfe  unterwegs, w\u00e4hrend ein Mercedes-Fahrer auf der Lichtenbergerstra\u00dfe aus  Richtung Mannheim unterwegs war. An der Kreuzung Lichtenberstra\u00dfe \/  Rheinunferstra\u00dfe missachtete der 54-j\u00e4hrige Mercedes-Fahrer die Vorfahrt  der 45-J\u00e4hrigen. Es kam zum Zusammensto\u00df. Insgesamt entstand an den  beteiligten Autos ein Gesamtschaden von 11.000 EUR. <\/p>\n\n\n\n<p>Die Polizeiinspektion Ludwigshafen 1 bittet um sachdienliche Hinweise unter der Telefonnummer 0621 963-2122 oder per e-Mail <a href=\"mailto:piludwigshafen1@polizei.rlp.de\">piludwigshafen1@polizei.rlp.de<\/a>. <\/p>\n\n\n\n<h4 class=\"wp-block-heading\">(Ludwigshafen) &#8211; Stromaggregat gestohlen<\/h4>\n\n\n\n<p>In der D\u00fcrkheimer Stra\u00dfe wurde zwischen dem 09.09.2019, 16:30 Uhr, und  dem 11.09.2019, 07:30 Uhr, von Unbekannten ein Anh\u00e4nger sowie ein  Stromaggregat im Wert von mehreren zehntausend Euro gestohlen. <\/p>\n\n\n\n<p>Sachdienliche Hinweise bitte an die Polizeiwache Oggersheim unter Tel. 0621 963 &#8211; 2403 oder per Mail <a href=\"mailto:pwoggersheim@polizei.rlp.de\">pwoggersheim@polizei.rlp.de<\/a>. <\/p>\n\n\n\n<h4 class=\"wp-block-heading\">(Ludwigshafen) &#8211; In Kindergarten eingebrochen<\/h4>\n\n\n\n<p>Zwischen dem 10.09.2019, 19 Uhr, und dem 11.09.2019, 06:30 Uhr,  verschafften sich Unbekannte Zutritt zu einem Kindergarten in der  Waltraudenstra\u00dfe. Entwendet wurde nichts. <\/p>\n\n\n\n<p>Zeugen, die den Vorfall  beobachtet haben, werden gebeten, sich bei der Polizeiinspektion  Ludwigshafen 2  unter der Telefonnummer 0621 963-2222 oder per E-Mail <a href=\"mailto:piludwigshafen2@polizei.rlp.de\">piludwigshafen2@polizei.rlp.de<\/a> zu melden. <\/p>\n\n\n\n<h4 class=\"wp-block-heading\">(Mannheim) &#8211; 12-j\u00e4hriger Radfahrer bei Unfall zum Gl\u00fcck nur leicht verletzt<\/h4>\n\n\n\n<p>Gl\u00fcck im Ungl\u00fcck hatte ein 12-j\u00e4hriger Junge bei einem Unfall am  Mittwoch kurz nach 13 Uhr. Er befuhr mit seinem Rad die Spinozastra\u00dfe in  Richtung Schubertstra\u00dfe und achtete an der Kreuzung zur Fichtestra\u00dfe  nicht auf einen ordnungsgem\u00e4\u00df fahrenden BMW-Fahrer, so dass es zum  Zusammensto\u00df kam. Der Junge st\u00fcrzte auf die Fahrbahn, zog sich leichte  Verletzungen zu und musste nach der Erstversorgung an der Unfallstelle  in einem Krankenhaus weiterbehandelt werden. Am BMW entstand Schaden von  1.000 Euro. <\/p>\n\n\n\n<h4 class=\"wp-block-heading\">(Mannheim-Schwetzingerstadt) &#8211; Unfallflucht, Zeugenhinweise erbeten!<\/h4>\n\n\n\n<p>Ein geparkter Pkw wurde im Laufe des gestrigen Mittwochs in der Schwetzingerstadt besch\u00e4digt. <\/p>\n\n\n\n<p>Der\n Halter des Fiat Punto mit Karlsruher Kennzeichen stelle sein Fahrzeug \ngegen 09:00 Uhr im Wendehammer der Amerikanerstra\u00dfe ab. Als er gegen \n18:45 Uhr zu seinem Fahrzeug zur\u00fcckkehrte, musste er feststellen, dass \nein bislang unbekannter Autofahrer gegen seinen Pkw gefahren war und \ndanach die Unfallstelle verlassen hatte, ohne den Unfall zu melden. <\/p>\n\n\n\n<p>Durch den Zusammensto\u00df entstand Sachschaden in H\u00f6he von mindestens 2.000 Euro. <\/p>\n\n\n\n<p>Die Polizei bittet Hinweisgeber darum, sich unter der Telefonnummer 0621\/174-3310 zu melden und ihre Wahrnehmungen mitzuteilen. <\/p>\n\n\n\n<h4 class=\"wp-block-heading\">(Mannheim-Jungbusch) &#8211; Frau angefahren und dann weggefahren, Zeugen gesucht!<\/h4>\n\n\n\n<p>Eine Verkehrsunfallflucht ereignete sich am Dienstagmittag im  Mannheimer Stadtteil Jungbusch. Hierbei wurde eine Fu\u00dfg\u00e4ngerin leicht  verletzt. <\/p>\n\n\n\n<p>Beim derzeitigen Stand der Ermittlungen ist bekannt, \ndass der Fahrer eines VW Sharan mit Mannheimer Kennzeichen gegen 12:00 \nUhr beim Abbiegen im Bereich Schanzenstra\u00dfe\/Dalbergstra\u00dfe eine \n19-j\u00e4hrige Fu\u00dfg\u00e4ngerin erfasste, die ihr defektes Fahrrad  \u00fcber die \nFahrbahn schob. <\/p>\n\n\n\n<p>Durch den Zusammensto\u00df st\u00fcrzte die Gesch\u00e4digte zu\n Boden und zog sich leichte Verletzungen zu. Der Fahrer des Unfallwagens\n hielt kurz an, hob ein abgefallenes Fahrzeugteil auf, stieg dann wieder\n in sein Auto ein und verlie\u00df die Unfall\u00f6rtlichkeit, ohne sich um die \nSchadensregulierung oder die Verletzte zu k\u00fcmmern. <\/p>\n\n\n\n<p>Das Geschehen \nsei von mehreren bislang unbekannten Zeugen beobachtet worden. Eine \nZeugin notierte das Kennzeichen des Unfallverursachers und \u00fcbergab den \nZettel an die Gesch\u00e4digte. <\/p>\n\n\n\n<p>Das Polizeirevier Mannheim-Innenstadt  ermittelt wegen Verkehrsunfallflucht und bittet Unfallzeugen um  telefonische Meldung unter 0621\/1258-0. <\/p>\n\n\n\n<h4 class=\"wp-block-heading\">(Mannheim-Waldhof) &#8211; Unbekannte schl\u00e4gt Frau mit Glasflasche, Zeugen gesucht!<\/h4>\n\n\n\n<p> Am Mittwoch gegen 20 Uhr stand eine 20-J\u00e4hrige an der Haltestelle  Bahnhof-Waldhof, auf der Seite in Richtung Luzenberg und wurde von einer  bislang unbekannten T\u00e4terin unvermittelt mit einer Glasflasche von  hinten in die rechte Seite des Oberk\u00f6rpers geschlagen. <\/p>\n\n\n\n<p>Die 20-J\u00e4hrige erlitt durch den Schlag starke Schmerzen und suchte ein        Krankenhaus auf. <\/p>\n\n\n\n<p>Hintergr\u00fcnde der Tat sind bislang nicht bekannt. <\/p>\n\n\n\n<p>Die T\u00e4terin wurde wie folgt beschrieben: <\/p>\n\n\n\n<ul><li>ca. 25 Jahre alt<\/li><li>ca. 165 cm<\/li><li>dunkelh\u00e4utig<\/li><li>trug ein blaues Kopftuch<\/li><li>schwarze Hose<\/li><li>schwarze Jacke <\/li><\/ul>\n\n\n\n<p>Die 20-J\u00e4hrige erstattete gegen 23 Uhr Anzeige gegen Unbekannt beim        Polizeirevier Mannheim-Sandhofen. <\/p>\n\n\n\n<p>Zeugen  oder Personen, die Hinweise auf der bislang unbekannten T\u00e4terin         geben k\u00f6nnen, werden gebeten sich beim Polizeiposten Mannheim-Waldhof         unter 0621 762540 zu melden. <\/p>\n\n\n\n<h4 class=\"wp-block-heading\">(Mannheim-Lindenhof) &#8211; Versuchter Containeraufbruch \/ Duo fl\u00fcchtet nach Ansprache durch Anwohner<\/h4>\n\n\n\n<p>Einen Container, der in der Emil-Heckel-Stra\u00dfe platziert ist, versuchte  am sp\u00e4ten Mittwochabend ein bislang nicht ermitteltes P\u00e4rchen  aufzubrechen. Ein Anwohner wurde gegen 22.30 Uhr auf das Duo aufmerksam  und sprach es auch unmittelbar an. Daraufhin fl\u00fcchteten beide \u00fcber den  Lanzpark in unbekannte Richtung. <\/p>\n\n\n\n<p>Eine sofort nach Bekanntwerden der Tat eingeleitete Fahndung nach den beiden Personen verlief ohne Erfolg. <\/p>\n\n\n\n<p>Bisherigen Feststellungen zufolge entstand Sachschaden von mehreren tausend Euro. Gegenst\u00e4nde wurden nicht entwendet. <\/p>\n\n\n\n<p>Beschreibung  des Mannes: <\/p>\n\n\n\n<ul><li>Ca. 40 Jahre alt<\/li><li>schlank<\/li><li>mittellange, dunkle Haare<\/li><li>trug  eine Karottenhose <\/li><li>und f\u00fchrte einen schwarzen Rucksack mit<\/li><\/ul>\n\n\n\n<p>Beschreibung  der Frau: <\/p>\n\n\n\n<ul><li>Ebenfalls ca. 40 Jahre alt<\/li><li>korpulent<\/li><li>schwarze, schulterlange  Haare<\/li><li>trug insgesamt dunkle Kleidung<\/li><\/ul>\n\n\n\n<p>Zeugen, die evtl. auf die  beiden Personen aufmerksam wurden und Hinweise zu deren Aufenthalt  geben k\u00f6nnen, werden gebeten, sich mit dem Polizeirevier  Mannheim-Neckarau, Tel.: 0621\/83397-0, in Verbindung zu setzen. <\/p>\n\n\n\n<h4 class=\"wp-block-heading\">(Mannheim-Rheinau) &#8211; Respekt vor der Polizei? Polizeibeamter wird bei Unfallaufnahme von Unbeteiligten angegriffen<\/h4>\n\n\n\n<p>Am Mittwoch gegen 10.40 Uhr ereignete sich auf der Relaisstra\u00dfe in H\u00f6he  der Hausnummer 15 ein Auffahrunfall. Ein 34-j\u00e4hriger Fahrer eines  Daimler Benz Kleinbusses fuhr in Folge von Unachtsamkeit auf einen 3,5 t  Daimler-Benz auf, dieser wurde auf dem vor ihm stehenden VW Golf  aufgeschoben. <\/p>\n\n\n\n<p>Es entstand Sachschaden in H\u00f6he von 18.000 Euro, \nzwei besch\u00e4digte Fahrzeuge mussten abgeschleppt werden. Der Fahrer des \nKleinbusses wurde leichten Verletzungen von einem Rettungswagen in ein \nnahegelegenes Krankenhaus gefahren. <\/p>\n\n\n\n<p>W\u00e4hrend der Unfallaufnahme \nund R\u00e4umung der Unfallstelle kam es zu St\u00f6rung des Stra\u00dfenbahnverkehrs \nder Linie 1, die etwa eine Stunde andauerten. <\/p>\n\n\n\n<p>Die Stra\u00dfenbahn in \nRichtung Sch\u00f6nau konnte l\u00e4ngere Zeit ihre Fahrt nicht fortsetzen. Eine \n43-j\u00e4hrige Frau, die als Fahrgast in der blockierten Bahn war, brachte \nder Zustand derart aus der Fassung, dass sie einen mit der \nUnfallaufnahme besch\u00e4ftigten Polizeibeamten mehrfach in aggressiver Art \nst\u00f6rte, dass dieser ihr ein Platzverweis erteilte, dem sie dann auch \nnachkam. <\/p>\n\n\n\n<p>Wenige Minuten danach kam die 43-J\u00e4hrige mit einem \n49-j\u00e4hrigen Mann zur\u00fcck zur Unfallstelle. Der 49-J\u00e4hrige erkundigte sich\n bei seiner Begleiterin, welcher der Polizeibeamten den Platzverweis \nausgesprochen habe und ging anschlie\u00dfend in bedrohlicher K\u00f6rperhaltung \nauf den Beamten zu. Der Polizeibeamte streckte sch\u00fctzend seinen Arm nach\n vorne, der ihm vom 49-J\u00e4hrigem weggeschlagen wurden. Au\u00dferdem versetzte\n der 49-J\u00e4hrige dem Beamten einen kr\u00e4ftigen Sto\u00df gegen die Brust, dass \ndie Schreibunterlagen des Beamten zu Boden fielen. <\/p>\n\n\n\n<p>Zwei \nPolizeibeamte versuchten dann den kr\u00e4ftigen Beschuldigten zu fixieren um\n weitere Angriffe abzuwehren. Dieser riss sich aus den Haltegriffen los,\n worauf zwei weitere Beamte den Kollegen Hilfe leisten mussten. \nSchlie\u00dflich wurde der Mann mit Handschlie\u00dfen gefesselt und zum \nPolizeirevier Mannheim-Neckarau gebracht. <\/p>\n\n\n\n<p>Bei dem Vorfall wurde \nein 25-j\u00e4hriger Polizeibeamter leicht verletzt, konnte jedoch seinen \nDienst fortsetzen. Auch der 49-J\u00e4hrige wurde leicht verletzt. <\/p>\n\n\n\n<p>Nach  Abschluss aller polizeilichen Ma\u00dfnahmen wurde der Mann wieder auf  freien Fu\u00df gesetzt. Gegen ihn wird nun wegen T\u00e4tlichen Angriff und  Widerstand gegen Vollstreckungsbeamte ermittelt. <\/p>\n\n\n\n<h4 class=\"wp-block-heading\">(Mannheim \/ Heidelberg \/ Rhein-Neckar-Kreis) &#8211; Bundesweiter Aktionstag &#8222;sicher.mobil.leben&#8220; \/ Brummis im Blick<\/h4>\n\n\n\n<p>Am Donnerstag beteiligt sich das Polizeipr\u00e4sidium Mannheim am  bundesweiten Aktionstag &#8222;sicher.mobil.leben&#8220; f\u00fcr mehr  Verkehrssicherheit. <\/p>\n\n\n\n<p>Im Zuge fortschreitender nationaler und \ninternationaler wirtschaftlicher Verflechtung nimmt der gewerbliche \nPersonen- und G\u00fcterverkehr &#8211; gerade im Transit-Land Deutschland &#8211; stetig\n zu. Rund 70 % aller G\u00fcter werden per LKW transportiert, Tendenz \nsteigend. Insbesondere Berufskraftfahrer sind einem hohen Zeit- und \nKostendruck ausgesetzt. Zugleich tragen sie eine besondere Verantwortung\n sowie die Sicherheit anderer Verkehrsteilnehmer, da sie in der Regel \nschwere Lasten oder gar andere Personen bef\u00f6rdern. Um auf die Risiken \nund Gefahren aufmerksam zu machen, steht die diesj\u00e4hrige Aktion \n&#8222;sicher.mobil.leben&#8220; unter dem Titel &#8222;Brummis im Blick&#8220;. <\/p>\n\n\n\n<p>LKW-Unf\u00e4lle\n haben \u00fcberdurchschnittlich schwere Folgen. Allein im Jahr 2018 gab es \n26.631 solcher Unf\u00e4lle, bei denen rund 39.500 Personen verletzt wurden, \ndavon 7.293 schwer. 762 Menschen wurden bei diesen Unf\u00e4llen get\u00f6tet. \nDabei sind es seltener die Fahrer selbst, die gro\u00dfen Schaden nehmen. Das\n Risiko, bei einem LKW-Unfall get\u00f6tet zu werden, ist f\u00fcr andere \nVerkehrsteilnehmer fast viermal so hoch wie f\u00fcr Insassen eines \nG\u00fcterkraftfahrzeuges. H\u00e4ufigste Ursachen f\u00fcr Unf\u00e4lle, die die Fahrer von\n G\u00fcterkraftfahrzeugen au\u00dferhalb der Bundesautobahnen verursachen, sind \nAbstandsfehler, Fehler beim Abbiegen, Wenden, R\u00fcckw\u00e4rtsfahren, Ein- und \nAusfahren sowie Vorfahrts- und Vorrangfehler. Auf den Bundesautobahnen \nsind die Hauptunfallursachen nicht angepasste Geschwindigkeit, mangelnde\n Ladungssicherung, unzureichender Abstand, Fehler beim \u00dcberholen und \n\u00dcberm\u00fcdung. <\/p>\n\n\n\n<p>Entsprechend dieser Erkenntnisse widmen sich die \nSpeziallisten der Verkehrspolizei am bundesweiten Aktionstag insgesamt \ndrei Schwerpunkten. <\/p>\n\n\n\n<p><strong>Lenk- und Ruhezeit &#8211; Ausreichend schlafen und Pausen machen! <\/strong><\/p>\n\n\n\n<p>Bei\n Kontrollen zur Einhaltung von Sozialvorschriften im Stra\u00dfenverkehr \nwerden pro Jahr durchschnittlich \u00fcber 300.000 Zuwiderhandlung wegen \nVerst\u00f6\u00dfen gegen die Lenk- und Ruhezeiten bzw. wegen fehlerhaften oder \nmanipulierten Kontrollger\u00e4ten durch die Polizeien der L\u00e4nder und das \nBundesamt f\u00fcr G\u00fcterverkehr zur Anzeige gebracht. <\/p>\n\n\n\n<p><strong>Technischer Zustand von LKW &#8211; Sichere Stra\u00dfen durch sichere Fahrzeuge! <\/strong><\/p>\n\n\n\n<p>Im\n Rahmen technischer Unterwegskontrollen wurden in den letzten beiden \nJahren mehr als 1,3 Millionen Nutzfahrzeuge durch die Polizeien der \nL\u00e4nder und das Bundesamt f\u00fcr G\u00fcterverkehr auf den Stra\u00dfen der \nBundesrepublik kontrolliert. Etwa jedes f\u00fcnfte Fahrzeug war wegen \ntechnischer M\u00e4ngel zu beanstanden. In der Hauptsache handelte es sich um\n M\u00e4ngel im Bereich der Lichtanlage, der R\u00e4der, Reifen und Achsen sowie \nder Bremsanlage. Bei jedem zehnten kontrollierten Fahrzeug musste, \nzumindest teilweise, die Weiterfahrt untersagt werden. <\/p>\n\n\n\n<p><strong>Ladung &#8211; Nicht zu viel laden und richtig sichern! <\/strong><\/p>\n\n\n\n<p>Mangelnde\n Ladungssicherung ist h\u00e4ufig die Ursache daf\u00fcr, dass auf Stra\u00dfen Ladung \nverloren wird und es infolge zu Behinderungen und im schlimmsten Fall zu\n Unf\u00e4llen kommt &#8211; mitunter mit schweren Folgen. Kontrollergebnisse des \nBAG belegen jedoch, dass die Notwendigkeit einer sachgem\u00e4\u00dfen Beladung \nund richtigen Ladungssicherung noch immer von vielen LKW-Fahrer \nuntersch\u00e4tzt wird: Bei jeden zehnten von der BAG kontrollierten Fahrzeug\n wurde eine \u00dcberladung festgestellt. Ebenso verhielt es sich im Hinblick\n auf unzureichende Ladungssicherung. Beides erh\u00f6ht die Risiken im Falle \neines Unfalls. <\/p>\n\n\n\n<p>Die Kontrollergebnisse werden am Freitag, den  13.09.2019, am sp\u00e4ten Vormittag in einer entsprechenden Pressemitteilung  ver\u00f6ffentlicht.<\/p>\n\n\n\n<h4 class=\"wp-block-heading\">(Heidelberg) &#8211; Unfall in der R\u00f6merstra\u00dfe \/ Radfahrerin leicht verletzt<\/h4>\n\n\n\n<p>Verletzt wurde eine 19-j\u00e4hrige Radfahrerin bei einem Verkehrsunfall am  Mittwoch kurz vor 19 Uhr in der R\u00f6merstra\u00dfe\/Am Rohrbach. Zum  Unfallzeitpunkt herrschte hohes Verkehrsaufkommen, so dass die  64-j\u00e4hrige Peugeot-Fahrerin vermutlich die ordnungsgem\u00e4\u00df fahrende  19-J\u00e4hrige &#8222;\u00fcbersah&#8220;. Die junge Frau wurde schlie\u00dflich auf den Peugeot  aufgeladen und zog sich Verletzungen zu. <\/p>\n\n\n\n<p>Nach der Erstversorgung an der Unfallstelle wurde sie mittels Rettungswagen in ein Krankenhaus eingeliefert. <\/p>\n\n\n\n<p>Am Peugeot entstand Schaden von 1.500 Euro. Nach Abschluss der Ermittlungen sieht die 64-J\u00e4hrige einer Anzeige entgegen. <\/p>\n\n\n\n<h4 class=\"wp-block-heading\">(Heidelberg) &#8211; 42-J\u00e4hriger meldet sich bei der Polizei, \u00d6ffentlichkeitsfahndung eingestellt!<\/h4>\n\n\n\n<p>Der seit Donnerstag, 29.08.2019 vermisste Matth\u00e4us P. meldete sich  zwischenzeitlich bei der Polizei. Dem Mann geht es gut. Hinweise auf  m\u00f6gliche Straftaten konnten nicht erlangt werden. <\/p>\n\n\n\n<p>Die von der  Kriminalpolizeidirektion Heidelberg durchgef\u00fchrten Ma\u00dfnahmen die zum  Auffinden des Mannes f\u00fchren sollten, wurden eingestellt.<\/p>\n\n\n\n<h4 class=\"wp-block-heading\">(Schwetzingen \/ Rhein-Neckar-Kreis) &#8211; Suzuki Swift besch\u00e4digt und abgehauen \/ Polizei sucht Zeugen<\/h4>\n\n\n\n<p>Einen auf dem Alten Messplatz geparkten Suzuki Swift besch\u00e4digte am  Mittwoch ein bislang nicht ermittelter Autofahrer, richtete Schaden von  1.000 Euro an und entfernte sich danach unerlaubt von der Unfallstelle.  Abgestellt hatte die aus Ketsch stammende Frau ihren Wagen zwischen 7.30  Uhr und 10.15 Uhr. Zeugen, die Hinweise zum Verursacher geben k\u00f6nnen,  werden gebeten, sich mit dem Polizeirevier Schwetzingen, Tel.:  06202\/2880, in Verbindung zu setzen. <\/p>\n\n\n\n<h4 class=\"wp-block-heading\">(Wiesloch \/ Rhein-Neckar-Kreis) &#8211; Beim Linksabbiegen mit Audi A 4 zusammengesto\u00dfen und weitergefahren \/ Polizei Wiesloch ermittelt und sucht Zeugen<\/h4>\n\n\n\n<p>Bei seinem Abbiegevorgang in der Stra\u00dfe &#8222;In den Wein\u00e4ckern&#8220;\/Parkstra\u00dfe  besch\u00e4digte am Mittwochabend gegen 20 Uhr ein bislang unbekannter  Lkw-Fahrer einen ordnungsgem\u00e4\u00df entgegenkommenden Audi A 4 und setzte  danach einfach seine Fahrt fort. Der Audi wurde im vorderen Bereich  massiv besch\u00e4digt; der Sachschaden d\u00fcrfte sich auf ca. 5.000 Euro  belaufen. Bei dem verursachenden Lkw m\u00fcsste es sich um einen Sattelzug  mit wei\u00dfem Auflieger gehandelt haben. <\/p>\n\n\n\n<p>Zeugen, die sachdienliche  Hinweise geben k\u00f6nnen, werden gebeten, sich mit dem Polizeirevier  Wiesloch, Tel.: 06222\/57090, in Verbindung zu setzen.<\/p>\n\n\n\n<h4 class=\"wp-block-heading\">(Sinsheim \/ Rhein-Neckar-Kreis) &#8211; Sinsheimer B\u00fcrgerinnen von einer Unbekannten telefonisch kontaktiert&#8230;<\/h4>\n\n\n\n<p>F\u00fcnf Frauen, die allesamt im Sinsheimer Stadtteil Hilsbach wohnhaft  sind, erhielten am Mittwochnachmittag einen Anruf einer vermeintlichen  Verwandten, die vorgab, f\u00fcr einen Wohnungskauf dringend Geld zu  ben\u00f6tigen. Lediglich in einem Gespr\u00e4ch gab eine Frau Ausk\u00fcnfte \u00fcber  deren Verm\u00f6gensverh\u00e4ltnisse, zu einer Geld\u00fcbergabe oder sonstigen  weiteren Abwicklungen kam es zum Gl\u00fcck aber nicht. <\/p>\n\n\n\n<p>Die sonstigen Telefonate wurden rechtzeitig durch die Frauen beendet. <\/p>\n\n\n\n<p>Aus\n aktuellem Anlass gibt die Polizei wieder folgende Hinweise: Lassen Sie \nsich am Telefon nicht unter Druck setzen. Legen Sie den H\u00f6rer auf. So \nwerden Sie Betr\u00fcger los. <\/p>\n\n\n\n<p>Werden Sie misstrauisch bei Forderungen nach schnellen Entscheidungen. <\/p>\n\n\n\n<p>Geben Sie keine Ausk\u00fcnfte \u00fcber pers\u00f6nliche Daten, Bargeld, Schmuck oder Wertgegenst\u00e4nden. <\/p>\n\n\n\n<p>W\u00e4hlen Sie die 110 und teilen Sie den Sachverhalt mit. <\/p>\n\n\n\n<h4 class=\"wp-block-heading\">(Waibstadt \/ Rhein-Neckar-Kreis) &#8211; Benzin abgezapft \/  Wer hat verd\u00e4chtige Beobachtungen gemacht ?<\/h4>\n\n\n\n<p>Nach dem Durchtrennen des Firmenzauns begaben sich in der Zeit zwischen  Dienstag, 16.45 und Mittwochmorgen, 7 Uhr bislang nicht ermittelte  T\u00e4ter auf ein Areal in der Siemensstra\u00dfe und zapften aus zwei  Betonmischern Benzin ab. Angaben zur Schadensh\u00f6he sind aktuell noch  nicht m\u00f6glich. Am Mittwochmorgen stellte ein Arbeiter den  Benzindiebstahl fest und verst\u00e4ndigte die Polizei. Zeugen, die zur  fraglichen Zeit verd\u00e4chtige Beobachtungen gemacht haben, werden gebeten,  Kontakt mit dem Polizeirevier Sinsheim, Tel.: 07261\/6900, aufzunehmen. <\/p>\n\n\n\n<h4 class=\"wp-block-heading\">(Eberbach \/ Rhein-Neckar-Kreis) &#8211; Radfahrer bei Unfall verletzt \/ Einlieferung ins Krankenhaus<\/h4>\n\n\n\n<p>Nicht ausreichend auf den vor ihm liegenden Verkehr auf der B 37 in  Richtung Lindach achtete am Mittwochnachmittag ein aus Sinsheim  stammender Radfahrer, so dass er ungebremst auf einen am Fahrbahnrand  haltenden VW auffuhr. Der Rennradfahrer, der einen Helm getragen hatte,  wurde nach der Erstversorgung in einem Heidelberger Krankenhaus  weiterbehandelt. <\/p>\n\n\n\n<p>Sein Rennrad stellten die Beamten vorl\u00e4ufig sicher. <\/p>\n\n\n\n<h4 class=\"wp-block-heading\">(Eberbach \/ Rhein-Neckar-Kreis) &#8211; VW Tiguan besch\u00e4digt und gefl\u00fcchtet<\/h4>\n\n\n\n<p>Einen im Quellenweg geparkten VW Tiguan besch\u00e4digte in der Zeit  zwischen Dienstagabend, 19.30 Uhr und Mittwochmorgen, kurz vor 7 Uhr ein  bislang unbekannter Autofahrer und entfernte sich danach unerlaubt. Die  Gesch\u00e4digte, die ihren Wagen in H\u00f6he des Anwesens Nr. 10 geparkt hatte,  hat nun einen Schaden von 2.000 Euro zu regeln. Die Beamten des  Polizeireviers Eberbach ermitteln wegen Unfallflucht und nehmen unter  Tel.: 06271\/92100 Hinweise zum Fl\u00fcchtigen entgegen.<\/p>\n\n\n\n<h4 class=\"wp-block-heading\">(Eppelheim \/ Rhein-Neckar-Kreis) &#8211; 25-J\u00e4hriger wegen des dringenden Verdachts der schweren r\u00e4uberischen Erpressung auf Antrag der StA Heidelberg  einstweilig untergebracht<\/h4>\n\n\n\n<h4 class=\"wp-block-heading\" style=\"text-align:center\">Gemeinsame Pressemeldung der Staatsanwaltschaft Heidelberg und des Polizeipr\u00e4sidiums Mannheim<\/h4>\n\n\n\n<div class=\"wp-block-image\"><figure class=\"aligncenter\"><img decoding=\"async\" src=\"https:\/\/speyer24news.com\/wp-content\/uploads\/2019\/09\/Zelle.jpg\" alt=\"\" class=\"wp-image-19254\"\/><\/figure><\/div>\n\n\n\n<p>Auf\n Antrag der Staatsanwaltschaft Heidelberg erlie\u00df das Amtsgericht \nHeidelberg einen Unterbringungsbefehl gegen einen 25-j\u00e4hrigen deutschen \nStaatsangeh\u00f6rigen wegen des dringenden Verdachts der schweren \nr\u00e4uberischen Erpressung. <\/p>\n\n\n\n<p>Der Beschuldigte soll im Zustand der \nSchuldunf\u00e4higkeit oder zumindest im Zustand der verminderten \nSchuldunf\u00e4higkeit am 04.09.2019 gegen 10.50 Uhr die R\u00e4umlichkeiten einer\n Tankstelle in der Handelsstra\u00dfe in Eppelheim betreten und eine \nKassiererin unter Vorhalt eines Stuhlbeins zur Herausgabe von Bargeld \naufgefordert haben. Die Kassiererin \u00fcbergab 50 EUR an den Beschuldigten,\n woraufhin dieser die Tankstelle verlie\u00df. <\/p>\n\n\n\n<p>Nach der Tat konnte der 25-J\u00e4hrige von einem Zeugen des \u00dcberfalls festgehalten und der Polizei \u00fcbergeben werden. <\/p>\n\n\n\n<p>Der\n Beschuldigte wurde auf Antrag der Staatsanwaltschaft Heidelberg am \n05.09.2019 der Ermittlungsrichterin des Amtsgerichts Heidelberg \nvorgef\u00fchrt. Diese ordnete die einstweilige Unterbringung in einem \npsychiatrischen Krankenhaus an. <\/p>\n\n\n\n<p>Die Ermittlungen der Staatsanwaltschaft Heidelberg und der Kriminalpolizeidirektion Heidelberg dauern an. <\/p>\n\n\n\n<h4 class=\"wp-block-heading\">(Laudenbach \/ Rhein-Neckar-Kreis) &#8211; Alkoholisierter BMW-Fahrer verursacht Unfall&#8230;<\/h4>\n\n\n\n<p>Ein unter Alkoholeinfluss stehender BMW-Fahrer verursachte am  Mittwochabend kurz vor Mitternacht auf der B 3 einen Verkehrsunfall. Am  Kreisverkehr zwischen Heppenheim und Laudenbach kam der 37-J\u00e4hrige zu  weit nach links von der Fahrbahn ab, \u00fcberfuhr eine Verkehrsinsel samt  Verkehrszeichen und besch\u00e4digte dabei auch die Gr\u00fcnfl\u00e4chenbebauung. <\/p>\n\n\n\n<p>Der Stra\u00dfenmeisterei Wiesloch entstand dadurch Schaden von fast 1.000 Euro. <\/p>\n\n\n\n<p>Bei\n der Unfallaufnahme stellten die Beamten deutlichen Alkoholgeruch fest \nund ordneten eine \u00dcberpr\u00fcfung an. Nach dem Wert von 1,8 Promille wurde \ndem Mann auf der Wache des Weinheimer Reviers eine Blutprobe entnommen \nund der polnische F\u00fchrerschein einbehalten. Verkehrsteilnehmer, die \nevtl. durch die Fahrweise des BMW-Fahrers gef\u00e4hrdet wurden, werden \ngebeten, sich mit den Beamten des Polizeireviers Weinheim, Tel.: \n06201\/10030, in Verbindung zu setzen. <\/p>\n","protected":false},"excerpt":{"rendered":"<div class=\"mh-excerpt\"><p>Polizeimeldung vom Donnerstag (12.09.2019) (Speyer) &#8211; Bei Kontrolle durch die Polizei Einhandmesser mitgef\u00fchrt Bei der \u00dcberpr\u00fcfung einer Mitteilung \u00fcber zwei m\u00e4nnliche Jugendliche, welche in der Heinrich-Heine-Stra\u00dfe auff\u00e4llig in parkende Fahrzeuge schauen w\u00fcrden, konnten am Mittwoch <a class=\"mh-excerpt-more\" href=\"https:\/\/speyer24news.com\/?p=19248\" title=\"Polizei:\">[&#8230;]<\/a><\/p>\n<\/div>","protected":false},"author":3,"featured_media":0,"comment_status":"open","ping_status":"open","sticky":false,"template":"","format":"standard","meta":{"_monsterinsights_skip_tracking":false,"_monsterinsights_sitenote_active":false,"_monsterinsights_sitenote_note":"","_monsterinsights_sitenote_category":0,"footnotes":""},"categories":[12],"tags":[61,2555,63,105,53,102,213,55,103,106,2803,2423,427,62,104,1565],"aioseo_notices":[],"amp_enabled":true,"_links":{"self":[{"href":"https:\/\/speyer24news.com\/index.php?rest_route=\/wp\/v2\/posts\/19248"}],"collection":[{"href":"https:\/\/speyer24news.com\/index.php?rest_route=\/wp\/v2\/posts"}],"about":[{"href":"https:\/\/speyer24news.com\/index.php?rest_route=\/wp\/v2\/types\/post"}],"author":[{"embeddable":true,"href":"https:\/\/speyer24news.com\/index.php?rest_route=\/wp\/v2\/users\/3"}],"replies":[{"embeddable":true,"href":"https:\/\/speyer24news.com\/index.php?rest_route=%2Fwp%2Fv2%2Fcomments&post=19248"}],"version-history":[{"count":2,"href":"https:\/\/speyer24news.com\/index.php?rest_route=\/wp\/v2\/posts\/19248\/revisions"}],"predecessor-version":[{"id":19256,"href":"https:\/\/speyer24news.com\/index.php?rest_route=\/wp\/v2\/posts\/19248\/revisions\/19256"}],"wp:attachment":[{"href":"https:\/\/speyer24news.com\/index.php?rest_route=%2Fwp%2Fv2%2Fmedia&parent=19248"}],"wp:term":[{"taxonomy":"category","embeddable":true,"href":"https:\/\/speyer24news.com\/index.php?rest_route=%2Fwp%2Fv2%2Fcategories&post=19248"},{"taxonomy":"post_tag","embeddable":true,"href":"https:\/\/speyer24news.com\/index.php?rest_route=%2Fwp%2Fv2%2Ftags&post=19248"}],"curies":[{"name":"wp","href":"https:\/\/api.w.org\/{rel}","templated":true}]}}