{"id":19322,"date":"2019-09-16T15:55:54","date_gmt":"2019-09-16T14:55:54","guid":{"rendered":"https:\/\/speyer24news.com\/?p=19322"},"modified":"2019-09-16T16:00:24","modified_gmt":"2019-09-16T15:00:24","slug":"veranstaltungen-26","status":"publish","type":"post","link":"https:\/\/speyer24news.com\/?p=19322","title":{"rendered":"Veranstaltungen:"},"content":{"rendered":"<style type=\"text\/css\">\r\n\t.ads_top_disp{}\r\n\t.ads_top_corner_disp{ float:left; margin:0px 10px 10px 0px; }\r\n\t.ads_first_p_disp{}\r\n\t.ads_bottom_disp{}\r\n\t<\/style>\n<div class=\"wp-block-image\"><figure class=\"aligncenter\"><img decoding=\"async\" loading=\"lazy\" width=\"800\" height=\"600\" src=\"https:\/\/speyer24news.com\/wp-content\/uploads\/2019\/09\/DSC06013.jpg\" alt=\"\" class=\"wp-image-18792\" srcset=\"https:\/\/speyer24news.com\/wp-content\/uploads\/2019\/09\/DSC06013.jpg 800w, https:\/\/speyer24news.com\/wp-content\/uploads\/2019\/09\/DSC06013-300x225.jpg 300w, https:\/\/speyer24news.com\/wp-content\/uploads\/2019\/09\/DSC06013-768x576.jpg 768w, https:\/\/speyer24news.com\/wp-content\/uploads\/2019\/09\/DSC06013-678x509.jpg 678w, https:\/\/speyer24news.com\/wp-content\/uploads\/2019\/09\/DSC06013-326x245.jpg 326w, https:\/\/speyer24news.com\/wp-content\/uploads\/2019\/09\/DSC06013-80x60.jpg 80w\" sizes=\"(max-width: 800px) 100vw, 800px\" \/><\/figure><\/div>\n\n\n\n<h2 class=\"wp-block-heading\">ASV Speyer Nord e.V. feiert 65 j\u00e4hriges Vereinsjubil\u00e4um<\/h2>\n\n\n\n<h3 class=\"wp-block-heading\">Gro\u00dfe Feier am Samstag, 21.09.2019 ab 12 Uhr auf dem Vereinsgel\u00e4nde<\/h3>\n\n\n\n<div class=\"wp-block-image\"><figure class=\"aligncenter\"><img decoding=\"async\" loading=\"lazy\" width=\"468\" height=\"1024\" src=\"https:\/\/speyer24news.com\/wp-content\/uploads\/2019\/09\/Jubil\u00e4um-1-468x1024.png\" alt=\"\" class=\"wp-image-18816\" srcset=\"https:\/\/speyer24news.com\/wp-content\/uploads\/2019\/09\/Jubil\u00e4um-1-468x1024.png 468w, https:\/\/speyer24news.com\/wp-content\/uploads\/2019\/09\/Jubil\u00e4um-1-137x300.png 137w, https:\/\/speyer24news.com\/wp-content\/uploads\/2019\/09\/Jubil\u00e4um-1.png 500w\" sizes=\"(max-width: 468px) 100vw, 468px\" \/><\/figure><\/div>\n\n\n\n<p><strong>Speyer-Nord \/ ASV &#8211; <\/strong>Nochmals zur Erinnerung . N\u00e4chste Woche steigt im Birkenweg eine  gro\u00dfe Sause.<\/p>\n\n\n\n<p>Der ASV Speyer wird 65 Jahre und zu diesem Anlass lassen wir es richtig krachen. <\/p>\n\n\n\n<p>Ab 12 Uhr findet ein Altherren Turnier mit 14 Mannschaften statt. Ab 18 Uhr wird dann bei lecker Pf\u00e4lzerkost und Livemusik ( The Goodies ) weitergefeiert.<\/p>\n\n\n\n<div class=\"wp-block-image\"><figure class=\"aligncenter\"><img decoding=\"async\" loading=\"lazy\" width=\"800\" height=\"600\" src=\"https:\/\/speyer24news.com\/wp-content\/uploads\/2019\/09\/DSC06016-1.jpg\" alt=\"\" class=\"wp-image-19323\" srcset=\"https:\/\/speyer24news.com\/wp-content\/uploads\/2019\/09\/DSC06016-1.jpg 800w, https:\/\/speyer24news.com\/wp-content\/uploads\/2019\/09\/DSC06016-1-300x225.jpg 300w, https:\/\/speyer24news.com\/wp-content\/uploads\/2019\/09\/DSC06016-1-768x576.jpg 768w, https:\/\/speyer24news.com\/wp-content\/uploads\/2019\/09\/DSC06016-1-678x509.jpg 678w, https:\/\/speyer24news.com\/wp-content\/uploads\/2019\/09\/DSC06016-1-326x245.jpg 326w, https:\/\/speyer24news.com\/wp-content\/uploads\/2019\/09\/DSC06016-1-80x60.jpg 80w\" sizes=\"(max-width: 800px) 100vw, 800px\" \/><\/figure><\/div>\n\n\n\n<p>F\u00fcr die Kleinen haben wir eine H\u00fcpfburg und ein Riesendart organisiert. Au\u00dferdem verlosen wir Tickets f\u00fcr ein Bundesligaspiel der TSG Hoffenheim. <\/p>\n\n\n\n<p>Das wird ein richtig tolles Event das ihr hoffentlich alle mit uns feiert!<\/p>\n\n\n\n<p>Bis n\u00e4chsten Samstag und Ole Schwarz Rot.<\/p>\n\n\n\n<div class=\"wp-block-image\"><figure class=\"aligncenter\"><img decoding=\"async\" loading=\"lazy\" width=\"800\" height=\"244\" src=\"https:\/\/speyer24news.com\/wp-content\/uploads\/2019\/09\/DSC06015-2.jpg\" alt=\"\" class=\"wp-image-19325\" srcset=\"https:\/\/speyer24news.com\/wp-content\/uploads\/2019\/09\/DSC06015-2.jpg 800w, https:\/\/speyer24news.com\/wp-content\/uploads\/2019\/09\/DSC06015-2-300x92.jpg 300w, https:\/\/speyer24news.com\/wp-content\/uploads\/2019\/09\/DSC06015-2-768x234.jpg 768w\" sizes=\"(max-width: 800px) 100vw, 800px\" \/><\/figure><\/div>\n\n\n\n<p><strong>Mehr Informationen, in Facebook, unter:<\/strong> <a href=\"https:\/\/www.facebook.com\/ASV-Speyer-Nord-525780917927784\/\">https:\/\/www.facebook.com\/ASV-Speyer-Nord-525780917927784\/<\/a><\/p>\n\n\n\n<p><em>Text: ASV Speyer Nord e.V. Foto: Speyer 24\/7 News, dak<br>15.09.2019<\/em><\/p>\n","protected":false},"excerpt":{"rendered":"<div class=\"mh-excerpt\"><p>ASV Speyer Nord e.V. feiert 65 j\u00e4hriges Vereinsjubil\u00e4um Gro\u00dfe Feier am Samstag, 21.09.2019 ab 12 Uhr auf dem Vereinsgel\u00e4nde Speyer-Nord \/ ASV &#8211; Nochmals zur Erinnerung . N\u00e4chste Woche steigt im Birkenweg eine gro\u00dfe Sause. <a class=\"mh-excerpt-more\" href=\"https:\/\/speyer24news.com\/?p=19322\" title=\"Veranstaltungen:\">[&#8230;]<\/a><\/p>\n<\/div>","protected":false},"author":3,"featured_media":0,"comment_status":"open","ping_status":"open","sticky":false,"template":"","format":"standard","meta":{"_monsterinsights_skip_tracking":false,"_monsterinsights_sitenote_active":false,"_monsterinsights_sitenote_note":"","_monsterinsights_sitenote_category":0,"footnotes":""},"categories":[13],"tags":[803,3160,3360,826,6,802,3359],"aioseo_notices":[],"amp_enabled":true,"_links":{"self":[{"href":"https:\/\/speyer24news.com\/index.php?rest_route=\/wp\/v2\/posts\/19322"}],"collection":[{"href":"https:\/\/speyer24news.com\/index.php?rest_route=\/wp\/v2\/posts"}],"about":[{"href":"https:\/\/speyer24news.com\/index.php?rest_route=\/wp\/v2\/types\/post"}],"author":[{"embeddable":true,"href":"https:\/\/speyer24news.com\/index.php?rest_route=\/wp\/v2\/users\/3"}],"replies":[{"embeddable":true,"href":"https:\/\/speyer24news.com\/index.php?rest_route=%2Fwp%2Fv2%2Fcomments&post=19322"}],"version-history":[{"count":2,"href":"https:\/\/speyer24news.com\/index.php?rest_route=\/wp\/v2\/posts\/19322\/revisions"}],"predecessor-version":[{"id":19326,"href":"https:\/\/speyer24news.com\/index.php?rest_route=\/wp\/v2\/posts\/19322\/revisions\/19326"}],"wp:attachment":[{"href":"https:\/\/speyer24news.com\/index.php?rest_route=%2Fwp%2Fv2%2Fmedia&parent=19322"}],"wp:term":[{"taxonomy":"category","embeddable":true,"href":"https:\/\/speyer24news.com\/index.php?rest_route=%2Fwp%2Fv2%2Fcategories&post=19322"},{"taxonomy":"post_tag","embeddable":true,"href":"https:\/\/speyer24news.com\/index.php?rest_route=%2Fwp%2Fv2%2Ftags&post=19322"}],"curies":[{"name":"wp","href":"https:\/\/api.w.org\/{rel}","templated":true}]}}