{"id":19406,"date":"2019-09-18T08:41:18","date_gmt":"2019-09-18T07:41:18","guid":{"rendered":"https:\/\/speyer24news.com\/?p=19406"},"modified":"2019-09-18T08:50:33","modified_gmt":"2019-09-18T07:50:33","slug":"1-fc-08-hassloch-12","status":"publish","type":"post","link":"https:\/\/speyer24news.com\/?p=19406","title":{"rendered":"1. FC 08 Ha\u00dfloch:"},"content":{"rendered":"<style type=\"text\/css\">\r\n\t.ads_top_disp{}\r\n\t.ads_top_corner_disp{ float:left; margin:0px 10px 10px 0px; }\r\n\t.ads_first_p_disp{}\r\n\t.ads_bottom_disp{}\r\n\t<\/style>\n<h2 class=\"wp-block-heading\"><strong>Hoher Ausw\u00e4rtssieg in Kandel<\/strong><\/h2>\n\n\n\n<h2 class=\"wp-block-heading\"><strong>Ha\u00dflocher A-Junioren nun auf 6. Tabellenplatz<\/strong><\/h2>\n\n\n\n<p><strong>Kandel \/ Ha\u00dfloch &#8211; <\/strong>Wie zuvor der TSG Jockgrim und TuS Altrip gelang es am vergangenen Samstag auch der SG 1. FC 08\/VfB Ha\u00dfloch, in der Fu\u00dfball-A-Junioren-Landesliga  Vorderpfalz bei Aufsteiger FC Bienwald Kandel hoch zu gewinnen.&nbsp; Diese  Begegnung verlief trotzdem lange spannend, da die Ha\u00dflocher ihre letzten  drei Tore beim 6:2-Sieg erst in den letzten sechs Minuten erzielten.<\/p>\n\n\n\n<p>Die Mannschaft von SG-Trainer Dennis Kindler war diesmal zwar von Beginn an dominant und konzentriert, nutzte aber ihre fr\u00fchen Chancen nicht. Die Strafe daf\u00fcr kam in der 16. Minute, als der Kandeler Marc Baumann eunen individuellen Fehler zum 1:0 nutzte. Da sich die Ha\u00dflocher davon nicht geschockt zeigten, waren sie weiterhin das spielbestimmende Team und schafften es, durch Tore von Max Laubscher (23.) und Semih Sahin, der einen tollen Spielzug erfolgreich abschloss (31.), mit einer 1:2-F\u00fchrung in die Pause zu gehen.<\/p>\n\n\n\n<p>Nachdem Till Willem in der 57. Minute das 1:3 gelungen war, schien nichts mehr anzubrennen, aber Kevin Jarczewski sorgte mit seinem Anschlusstreffer zum 2:3 noch einmal f\u00fcr Spannung  (70.). Kandel \u00fcbte fortan noch einmal Druck aus, handelte sich aber in der Schlussphase noch drei Gegentreffer von Willem (85.), Okan Simsek nach einer sch\u00f6nen Einzelleistung (90.) und Lennon Stanley (90.) noch drei Gegentore ein.<\/p>\n\n\n\n<p>&#8222;Mit dem Ergebnis bin ich nat\u00fcrlich zufrieden, aber wenn wir unsere vielen Torchancen besser genutzt h\u00e4tten, w\u00e4re das Spiel viel fr\u00fcher entschieden gewesen&#8220;, kommentierte Kindler den dritten Sieg im f\u00fcnften Punktspiel. Die Ha\u00dflocher A-Junioren belegen nun in der Landesliga Vorderpfalz mit 9 Punkten und 15:15 Toren den 6. Rang, punktgleich mit dem Tabellenvierten.<\/p>\n\n\n\n<p>Am <strong>Freitag, 20. September<\/strong>, um 19.30 Uhr, spielt die SG 1. FC 08\/VfB in Ha\u00dfloch gegen den Tabellenzweiten TuS Altrip<\/p>\n\n\n\n<p><em>1 FC 08 Ha\u00dfloch, jh<br>18.09.2019<\/em><\/p>\n\n\n\n<h2 class=\"wp-block-heading\"><strong>Neues vom\n08-Stammtisch Nr. 51<\/strong><\/h2>\n\n\n\n<h3 class=\"wp-block-heading\"><strong>Die neue Fu\u00dfballsaison<\/strong><\/h3>\n\n\n\n<div class=\"wp-block-image\"><figure class=\"aligncenter\"><img decoding=\"async\" loading=\"lazy\" width=\"330\" height=\"185\" src=\"https:\/\/speyer24news.com\/wp-content\/uploads\/2019\/09\/08-er-Stammtisch.jpg\" alt=\"\" class=\"wp-image-19409\" srcset=\"https:\/\/speyer24news.com\/wp-content\/uploads\/2019\/09\/08-er-Stammtisch.jpg 330w, https:\/\/speyer24news.com\/wp-content\/uploads\/2019\/09\/08-er-Stammtisch-300x168.jpg 300w\" sizes=\"(max-width: 330px) 100vw, 330px\" \/><\/figure><\/div>\n\n\n\n<p><strong>Ha\u00dfloch \/ 1. FC 08 &#8211; <\/strong>Die 51. Ausgabe der Sendereihe \u201eNeues vom 08-Stammtisch\u201c ist auf <a href=\"https:\/\/www.youtube.com\/watch?v=EOwpjr5WdZY&amp;feature=youtu.be\">youtube.com<\/a> sowie auf der Homepage des 1. FC 08 Ha\u00dfloch unter <a href=\"http:\/\/www.fc08hassloch.de\/\">www.fc08hassloch.de<\/a> und hier zu sehen. Auch beim Offenen Kanal Weinstra\u00dfe wird der Film ausgestrahlt.<\/p>\n\n\n\n<p>In dieser Sendung unter dem Motto \u201eDie neue Fu\u00dfballsaison 2019\/20\u201c ist Moderator Thomas Dill-Korter zun\u00e4chst im Gespr\u00e4ch mit Noel Rapp von der 1. Mannschaft und Michael Ilg von der 2. Mannschaft. Danach sind seine Gespr\u00e4chspartner Jugendleiter Torsten Quell und der D 2-Jugendtrainer Belarmino Rodriguez. Produziert wurde der Film von Peter Schallmeier, verantwortlich ist J\u00fcrgen Hurrle.<\/p>\n\n\n\n<figure class=\"wp-block-embed-youtube wp-block-embed is-type-video is-provider-youtube wp-embed-aspect-16-9 wp-has-aspect-ratio\"><div class=\"wp-block-embed__wrapper\">\n<iframe loading=\"lazy\" title=\"Neues vom 08 Stammtisch 51\" width=\"500\" height=\"281\" src=\"https:\/\/www.youtube.com\/embed\/EOwpjr5WdZY?feature=oembed\" frameborder=\"0\" allow=\"accelerometer; autoplay; encrypted-media; gyroscope; picture-in-picture\" allowfullscreen><\/iframe>\n<\/div><\/figure>\n\n\n\n<p><em>1 FC 08 Ha\u00dfloch, jh<br>18.09.2019<\/em><\/p>\n\n\n\n<h2 class=\"wp-block-heading\"><strong>Verdienter Ausw\u00e4rtssieg der 08er beim VfR Frankenthal<\/strong><\/h2>\n\n\n\n<h3 class=\"wp-block-heading\"><strong>Gut ger\u00fcstet f\u00fcr das Lokalderby<\/strong><\/h3>\n\n\n\n<p><strong>Frankenthal \/ Ha\u00dfloch &#8211; <\/strong>Fu\u00dfball-Bezirksligist VfR Frankenthal hat den erhofften Befreiungsschlag auch am siebten Spieltag nicht geschafft. Gegen den 1. FC 08 Ha\u00dfloch verlor die Mannschaft des Trainerduos Tim Graf\/Uwe Rebholz am Sonntag zu Hause 1:3 (0:1). Durch die Niederlage sind die Frankenthaler auf den letzten Tabellenplatz abgerutscht. Kurios, dass der 1. FC 08 Ha\u00dfloch trotz des Ausw\u00e4rtssieges auf den 7.  Platz gerutscht ist mit nun 13 Punkten und 14:7 Toren hinter dem punktgleichen Sechsten VfB Ha\u00dfloch. Allerdings liegen die beiden Ha\u00dflocher Mannschaften nun nur noch drei Punkte hinter dem Tabellenf\u00fchrer TSG Jockgrim.<\/p>\n\n\n\n<p>Die Gastgeber begannen engagiert. Die Ha\u00dflocher spielten aus einer kompakten Defensive heraus und lauerten auf Konter. \u201eWir hatten die beiden vergangenen Partien verloren. Da war das unser taktischer Plan\u201c,  bekannte Ha\u00dflochs Trainer Andreas Brill nach dem Abpfiff. Der VfR wusste  mit dem vielen Ballbesitz aber nicht wirklich etwas anzufangen. Und so  dauerte es bis zur 15. Minute, ehe die erste Chance der Platzherren  heraussprang. Francicso Cetin legte mit der Brust auf Timucin S\u00fcrmen ab.  Dessen Schuss konnte 08-Keeper Sebastian Kaiser aber parieren. Die  Gastgeber versuchten, mit Diagonalb\u00e4llen von Uwe Rebholz auf Giuseppe  Moncada die Abwehr der Ha\u00dflocher zu \u00fcberspielen. Moncada vergab nach 20 Minuten die M\u00f6glichkeit zur F\u00fchrung. Mit der ersten gef\u00e4hrlichen Aktion gelang dann den G\u00e4sten das 1:0. Ein satter Schuss von Fl\u00fcgelspieler  Ibrahim Mastrorocco schlug im rechten Toreck ein (26.) \u2013 unhaltbar f\u00fcr  den Frankenthaler Torh\u00fcter David Czerwinski. <\/p>\n\n\n\n<p>In der Folge waren die Platzherren weiter \u00fcberlegen, S\u00fcrmen und Moncada  scheiterten mit einer Doppelchance an Sebastian Kaiser. VfR-Spielertrainer Tim Graf h\u00e4tte kurz vor der Pause zum 1:1 treffen m\u00fcssen, trat aber freistehend am Ball vorbei. So blieb es zur Pause bei der knappen G\u00e4stef\u00fchrung.<\/p>\n\n\n\n<p>Nach Wiederbeginn \u00fcbernahm erneut der VfR das Zepter. S\u00fcrmen versuchte es immer wieder aus der Distanz. Seinen Schuss aus knapp 20 Metern konnte Kaiser noch um den Pfosten lenken. Nach 57 Minuten sahen die rund 100 Zuschauer die wohl spielentscheidende Szene: Czerwinski konnte einen Schuss von Mastrorocco noch parieren, blieb danach aber verletzt am Boden liegen. Das Spiel lief aber weiter. Ha\u00dflochs Kaan Temizkan schob zum 0:2 ins leere VfR-Tor ein (57). Gro\u00dfe Proteste der Frankenthaler Spieler und Zuschauer im Ostpark waren die Folge. \u201eIch mache dem Spieler da keinen Vorwurf, das muss der Schiedsrichter abpfeifen\u201c, sagte Graf nach der Partie. Ha\u00dflochs Coach Brill merkte an: \u201eIch glaube, Kaan steht mit dem R\u00fccken zum Tor und schie\u00dft den Ball ins Tor. Ich denke, das war auch kein Foul am Torh\u00fcter. F\u00fcr mich war es ein regul\u00e4res Tor\u201c. Als Ha\u00dflochs Jan Lintz einen Konter der G\u00e4ste zum 0:3 verwertete, war die Partie gelaufen (69.). Dem eingewechselten Willi Peschechodow gelang im direkten Gegenzug nur noch der Ehrentreffer f\u00fcr seine Farben. <\/p>\n\n\n\n<p>Spannung verspricht nun die n\u00e4chste Partie: Am <strong>Donnerstag, 19. September<\/strong>, um 19.30 Uhr, findet das Lokalderby VfB gegen 08 auf dem Kunstrasen des VfB  Ha\u00dfloch statt.<\/p>\n\n\n\n<p>So spielten sie: 1. FC 08 Ha\u00dfloch: Kaiser &#8211; Walburg, Griszhaber, Bayer,  Dietrich &#8211; Temizkan, Allen (80. Engisch), Lintz, Mastrorocco (75. Berac)  &#8211; Schumacher (70. Coenen), Faust. <\/p>\n\n\n\n<p><strong>Tore:<\/strong>  0:1 Mastrorocco (26.), 0:2 Temizkan (57.), 0:3 Lintz (69.), 1:3  Peschechodow (71.) <\/p>\n\n\n\n<p><strong>Gelbe Karten: <\/strong>Rebholz, S\u00fcrmen &#8211; Griszhaber, Berac <\/p>\n\n\n\n<p><strong>Beste Spieler:<\/strong> S\u00fcrmen, Czerwinski, Rebholz &#8211; Mastrorocco, Temizkan,  Allen<\/p>\n\n\n\n<p><strong>Zuschauer:<\/strong> 100<\/p>\n\n\n\n<p><em>1 FC 08 Ha\u00dfloch, jh<br>18.09.2019<\/em><\/p>\n\n\n\n<h2 class=\"wp-block-heading\"><strong>25 Jahre Seniorentanz beim 1. FC 08 Ha\u00dfloch<\/strong><\/h2>\n\n\n\n<h2 class=\"wp-block-heading\"><strong>Ingo Nicolaus und 1. FC 08 Ha\u00dfloch garantieren Fortbestand<\/strong><\/h2>\n\n\n\n<div class=\"wp-block-image\"><figure class=\"aligncenter\"><img decoding=\"async\" loading=\"lazy\" width=\"800\" height=\"532\" src=\"https:\/\/speyer24news.com\/wp-content\/uploads\/2019\/09\/DSC_0255.jpg\" alt=\"\" class=\"wp-image-19407\" srcset=\"https:\/\/speyer24news.com\/wp-content\/uploads\/2019\/09\/DSC_0255.jpg 800w, https:\/\/speyer24news.com\/wp-content\/uploads\/2019\/09\/DSC_0255-300x200.jpg 300w, https:\/\/speyer24news.com\/wp-content\/uploads\/2019\/09\/DSC_0255-768x511.jpg 768w\" sizes=\"(max-width: 800px) 100vw, 800px\" \/><figcaption>Jeden Dienstag ab 14:30 Uhr darf beim 08 das Tanzbein geschwungen werden<\/figcaption><\/figure><\/div>\n\n\n\n<p> <strong>Ha\u00dfloch \/ 1. FC 08 &#8211; <\/strong> 59 T\u00e4nzerinnen und T\u00e4nzer waren zum 25j\u00e4hrigen Jubil\u00e4um der Seniorentanzgruppe (Tanz f\u00fcr Junggebliebene) ins 08-Clubheim gekommen. Der 1. Vorsitzende J\u00fcrgen Hurrle konnte dabei neben B\u00fcrgermeister Lothar Lorch auch Claus Wolfer, den neuen Sozial- und Vereinsdezernenten der Gemeinde, begr\u00fc\u00dfen. Lorch ging in seinem Gru\u00dfwort detailliert auf die Geschichte dieser Seniorenveranstaltung und den damaligen Initiator Kurt Kirsch ein. <\/p>\n\n\n\n<p>Der Seniorentanz oder wie es seit neuem hei\u00dft, der Tanz f\u00fcr  Junggebliebene, findet<strong> jeden Dienstag, ab 14.30 Uhr<\/strong>, im 08-Clubheim, in  der Adam-Stegerwald-Stra\u00dfe 1, statt. Hurrle erinnerte sich bei seiner Rede noch an das Jahr 1994, als er damals als hauptamtlicher 1. Beigeordneter und Sozialdezernent gebeten wurde, diese Gruppe unter die Fittiche der Gemeinde zu nehmen, was er auch damals zusagte. Heute habe ihn die Geschichte als 08-Vorsitzender wieder eingeholt. <\/p>\n\n\n\n<div class=\"wp-block-image\"><figure class=\"aligncenter\"><img decoding=\"async\" loading=\"lazy\" width=\"800\" height=\"532\" src=\"https:\/\/speyer24news.com\/wp-content\/uploads\/2019\/09\/DSC_0269.jpg\" alt=\"\" class=\"wp-image-19408\" srcset=\"https:\/\/speyer24news.com\/wp-content\/uploads\/2019\/09\/DSC_0269.jpg 800w, https:\/\/speyer24news.com\/wp-content\/uploads\/2019\/09\/DSC_0269-300x200.jpg 300w, https:\/\/speyer24news.com\/wp-content\/uploads\/2019\/09\/DSC_0269-768x511.jpg 768w\" sizes=\"(max-width: 800px) 100vw, 800px\" \/><figcaption>J\u00fcrgen Hurrle, 1 Vorsitzender FC 08, bedankt sich bei den Anwesenden<\/figcaption><\/figure><\/div>\n\n\n\n<p>Seit Anfang an bis heute \u00fcbernimmt die Gemeinde Ha\u00dfloch die GEMA-Geb\u00fchren f\u00fcr die  Tanzveranstaltungen. Werner Stahler, der damalige  Seniorenbeirats-Vorsitzende \u00fcbernahm die Organisation. Nach seinem Tod  gab es zun\u00e4chst Probleme, um die Gruppe am Leben zu erhalten. Erst mit  Ingo Nicolaus, der vor einigen Jahren die Organisation \u00fcbernahm, ging es  wieder aufw\u00e4rts. <\/p>\n\n\n\n<p>Der 1. FC 08 Ha\u00dfloch ist seitdem Veranstalter und wird von der Gemeinde finanziell unterst\u00fctzt. Hurrle dankte insbesondere Nicolaus f\u00fcr sein Engagement, das den Fortbestand dieser Einrichtung garantiere. Ein herzlicher Dank ging auch an die ehrenamtlichen Helfer Bernd Strub, Manfred Block, Peter Decker und Toni Schallmeier mit ihren Ehefrauen, die mangels Vereinswirt seit einem Jahr die Bewirtung \u00fcbernehmen.<\/p>\n\n\n\n<p><em>1 FC 08 Ha\u00dfloch, jh<br>18.09.2019<\/em><\/p>\n","protected":false},"excerpt":{"rendered":"<div class=\"mh-excerpt\"><p>Hoher Ausw\u00e4rtssieg in Kandel Ha\u00dflocher A-Junioren nun auf 6. Tabellenplatz Kandel \/ Ha\u00dfloch &#8211; Wie zuvor der TSG Jockgrim und TuS Altrip gelang es am vergangenen Samstag auch der SG 1. FC 08\/VfB Ha\u00dfloch, in <a class=\"mh-excerpt-more\" href=\"https:\/\/speyer24news.com\/?p=19406\" title=\"1. FC 08 Ha\u00dfloch:\">[&#8230;]<\/a><\/p>\n<\/div>","protected":false},"author":3,"featured_media":18960,"comment_status":"open","ping_status":"open","sticky":false,"template":"","format":"standard","meta":{"_monsterinsights_skip_tracking":false,"_monsterinsights_sitenote_active":false,"_monsterinsights_sitenote_note":"","_monsterinsights_sitenote_category":0,"footnotes":""},"categories":[317],"tags":[2589,318,3397,60,180,3398,211,3399,2958],"aioseo_notices":[],"amp_enabled":true,"_links":{"self":[{"href":"https:\/\/speyer24news.com\/index.php?rest_route=\/wp\/v2\/posts\/19406"}],"collection":[{"href":"https:\/\/speyer24news.com\/index.php?rest_route=\/wp\/v2\/posts"}],"about":[{"href":"https:\/\/speyer24news.com\/index.php?rest_route=\/wp\/v2\/types\/post"}],"author":[{"embeddable":true,"href":"https:\/\/speyer24news.com\/index.php?rest_route=\/wp\/v2\/users\/3"}],"replies":[{"embeddable":true,"href":"https:\/\/speyer24news.com\/index.php?rest_route=%2Fwp%2Fv2%2Fcomments&post=19406"}],"version-history":[{"count":4,"href":"https:\/\/speyer24news.com\/index.php?rest_route=\/wp\/v2\/posts\/19406\/revisions"}],"predecessor-version":[{"id":19413,"href":"https:\/\/speyer24news.com\/index.php?rest_route=\/wp\/v2\/posts\/19406\/revisions\/19413"}],"wp:featuredmedia":[{"embeddable":true,"href":"https:\/\/speyer24news.com\/index.php?rest_route=\/wp\/v2\/media\/18960"}],"wp:attachment":[{"href":"https:\/\/speyer24news.com\/index.php?rest_route=%2Fwp%2Fv2%2Fmedia&parent=19406"}],"wp:term":[{"taxonomy":"category","embeddable":true,"href":"https:\/\/speyer24news.com\/index.php?rest_route=%2Fwp%2Fv2%2Fcategories&post=19406"},{"taxonomy":"post_tag","embeddable":true,"href":"https:\/\/speyer24news.com\/index.php?rest_route=%2Fwp%2Fv2%2Ftags&post=19406"}],"curies":[{"name":"wp","href":"https:\/\/api.w.org\/{rel}","templated":true}]}}