{"id":19420,"date":"2019-09-18T10:17:11","date_gmt":"2019-09-18T09:17:11","guid":{"rendered":"https:\/\/speyer24news.com\/?p=19420"},"modified":"2019-09-18T10:17:13","modified_gmt":"2019-09-18T09:17:13","slug":"landau-22","status":"publish","type":"post","link":"https:\/\/speyer24news.com\/?p=19420","title":{"rendered":"Landau:"},"content":{"rendered":"<style type=\"text\/css\">\r\n\t.ads_top_disp{}\r\n\t.ads_top_corner_disp{ float:left; margin:0px 10px 10px 0px; }\r\n\t.ads_first_p_disp{}\r\n\t.ads_bottom_disp{}\r\n\t<\/style>\n<h2 class=\"wp-block-heading\">Planungssicherheit f\u00fcr Bauherrinnen und Bauherren: Stadt Landau informiert \u00fcber Auswirkungen der Rechtsverordnungen zum Schutz der Festung<\/h2>\n\n\n\n<div class=\"wp-block-image\"><figure class=\"aligncenter\"><img decoding=\"async\" loading=\"lazy\" width=\"500\" height=\"661\" src=\"https:\/\/speyer24news.com\/wp-content\/uploads\/2019\/09\/Info-453a-RVO-Festung.jpg\" alt=\"\" class=\"wp-image-19435\" srcset=\"https:\/\/speyer24news.com\/wp-content\/uploads\/2019\/09\/Info-453a-RVO-Festung.jpg 500w, https:\/\/speyer24news.com\/wp-content\/uploads\/2019\/09\/Info-453a-RVO-Festung-227x300.jpg 227w\" sizes=\"(max-width: 500px) 100vw, 500px\" \/><figcaption> Planungssicherheit f\u00fcr Bauherrinnen und Bauherren: Die Stadt Landau  informiert \u00fcber die Auswirkungen der Rechtsverordnungen zum Schutz der  Festung. <\/figcaption><\/figure><\/div>\n\n\n\n<p>Knapp 200 Festungswerke, die innere Hauptmauer alleine mit rund 3.000 Metern L\u00e4nge, 18 Metern H\u00f6he und mehr als 30 Metern Durchmesser und insgesamt bis zu 16 Kilometer unterirdische G\u00e4nge: Die Festung der Stadt Landau ist eines der gr\u00f6\u00dften Fl\u00e4chendenkm\u00e4ler in Rheinland-Pfalz. Nach ihrer Unterschutzstellung im Jahr 2017 folgen nun weitere Schritte zur rechtlichen Ausgestaltung: Vom 20. September bis zum 22. Oktober liegen die beiden Rechtsverordnungen \u201eBauliche Gesamtanlage Festung Landau\u201c und \u201eGrabungsschutzgebiet Festung Landau\u201c \u00f6ffentlich im B\u00fcrgerb\u00fcro des Stadtbauamts aus. Um interessierte und insbesondere auch bauwillige Landauerinnen und Landauer \u00fcber die Auswirkungen der Unterschutzstellung der Festung zu informieren, fand jetzt eine Informationsveranstaltung im Landauer Bethesda statt. Zuvor waren die B\u00fcrgerinnen und B\u00fcrger zu einer F\u00fchrung durch das Fort eingeladen, bei der Vertreterinnen und Vertreter der Stadt und des Landes unter anderem die aktuellen Sanierungsma\u00dfnahmen im Fort vorstellten. <\/p>\n\n\n\n<div class=\"wp-block-image\"><figure class=\"aligncenter\"><img decoding=\"async\" loading=\"lazy\" width=\"800\" height=\"534\" src=\"https:\/\/speyer24news.com\/wp-content\/uploads\/2019\/09\/Info-453b-RVO-Festung.jpg\" alt=\"\" class=\"wp-image-19436\" srcset=\"https:\/\/speyer24news.com\/wp-content\/uploads\/2019\/09\/Info-453b-RVO-Festung.jpg 800w, https:\/\/speyer24news.com\/wp-content\/uploads\/2019\/09\/Info-453b-RVO-Festung-300x200.jpg 300w, https:\/\/speyer24news.com\/wp-content\/uploads\/2019\/09\/Info-453b-RVO-Festung-768x513.jpg 768w\" sizes=\"(max-width: 800px) 100vw, 800px\" \/><figcaption> Im Vorfeld der Informationsveranstaltung waren B\u00fcrgerinnen und B\u00fcrger zu einer F\u00fchrung durch das Fort eingeladen. <\/figcaption><\/figure><\/div>\n\n\n\n<p>Stadtdenkmalpfleger J\u00f6rg Seitz, der den B\u00fcrgerinnen und B\u00fcrgern gemeinsam mit Vertreterinnen und Vertretern der Landesarch\u00e4ologie und der Generaldirektion Kulturelles Erbe f\u00fcr Fragen zur Verf\u00fcgung stand, betont die Bedeutung der beiden neuen Rechtsverordnungen. \u201eIn Landau stecken gro\u00dfe Teile sch\u00fctzenswerter Stadtgeschichte unter der Erde. Insbesondere im Bereich der Kernstadt ist dies von Grundst\u00fcckseigent\u00fcmerinnen und -eigent\u00fcmern bei geplanten Bauvorhaben zu beachten\u201c, so Seitz. In den neuen Verordnungen sei genau festgehalten, auf welchen Flurst\u00fccken mit Festungsresten zu rechnen sei. \u201eDas schafft Planungssicherheit\u201c, ist der Denkmalpfleger \u00fcberzeugt. \u201eDie Denkmalsch\u00fctzerinnen und Denkmalsch\u00fctzer k\u00f6nnen dann fr\u00fchzeitig t\u00e4tig werden \u2013 und nicht erst, wenn die Bagger bereits rollen.\u201c<\/p>\n\n\n\n<div class=\"wp-block-image\"><figure class=\"aligncenter\"><img decoding=\"async\" loading=\"lazy\" width=\"500\" height=\"668\" src=\"https:\/\/speyer24news.com\/wp-content\/uploads\/2019\/09\/Info-453c-RVO-Festung.jpg\" alt=\"\" class=\"wp-image-19437\" srcset=\"https:\/\/speyer24news.com\/wp-content\/uploads\/2019\/09\/Info-453c-RVO-Festung.jpg 500w, https:\/\/speyer24news.com\/wp-content\/uploads\/2019\/09\/Info-453c-RVO-Festung-225x300.jpg 225w\" sizes=\"(max-width: 500px) 100vw, 500px\" \/><figcaption> Die F\u00fchrung durch das Landauer Fort fand nicht nur \u00fcber- sondern auch unterirdisch statt.<\/figcaption><\/figure><\/div>\n\n\n\n<p>W\u00e4hrend der Offenlage der\nbeiden Rechtsverordnungen vom 20. September bis zum 22. Oktober haben\nB\u00fcrgerinnen und B\u00fcrger die M\u00f6glichkeit, die Verordnungen im B\u00fcrgerb\u00fcro des\nStadtbauamts einzusehen und Stellung dazu zu beziehen.\n\nBei\nFragen zu m\u00f6glichen Bauvorhaben im Bereich der Festung werden\nGrundst\u00fccksbesitzerinnen und -besitzer gebeten, sich fr\u00fchzeitig mit der Unteren\nDenkmalschutzbeh\u00f6rde unter 0 63 41\/13 61 10 oder per E-Mail unter <a href=\"mailto:joerg.seitz@landau.de\">joerg.seitz@landau.de<\/a> in Verbindung zu\nsetzen.\n\n\n\n<\/p>\n\n\n\n<p><em>Stadtverwaltung Landau in der Pfalz<br>18.09.2019<\/em><\/p>\n\n\n\n<h2 class=\"wp-block-heading\">Interkommunale Kooperationen sichern Daseinsvorsorge f\u00fcr B\u00fcrgerinnen und B\u00fcrger: OB Hirsch und Landrat Seefeldt f\u00fchren Expertengespr\u00e4ch zur Kommunal- und Verwaltungsreform in Rheinland-Pfalz<\/h2>\n\n\n\n<div class=\"wp-block-image\"><figure class=\"aligncenter\"><img decoding=\"async\" loading=\"lazy\" width=\"800\" height=\"534\" src=\"https:\/\/speyer24news.com\/wp-content\/uploads\/2019\/09\/Gemeinsame-PM-Interkommunale-Zusammenarbeit.jpg\" alt=\"\" class=\"wp-image-19434\" srcset=\"https:\/\/speyer24news.com\/wp-content\/uploads\/2019\/09\/Gemeinsame-PM-Interkommunale-Zusammenarbeit.jpg 800w, https:\/\/speyer24news.com\/wp-content\/uploads\/2019\/09\/Gemeinsame-PM-Interkommunale-Zusammenarbeit-300x200.jpg 300w, https:\/\/speyer24news.com\/wp-content\/uploads\/2019\/09\/Gemeinsame-PM-Interkommunale-Zusammenarbeit-768x513.jpg 768w\" sizes=\"(max-width: 800px) 100vw, 800px\" \/><figcaption> Oberb\u00fcrgermeister Thomas Hirsch (3.v.l.) und Landrat Dietmar Seefeldt  (r.) im Gespr\u00e4ch mit Prof. Dr. Martin Junkernheinrich (l.) von der TU  Kaiserslautern und Gerhard Micosatt von der FORA Forschungsgesellschaft  f\u00fcr Raumfinanzpolitik. <\/figcaption><\/figure><\/div>\n\n\n\n<p>Mit rund 70 bzw. rund 50\ninterkommunalen Kooperationen stehen die Stadt Landau und der Landkreis\nS\u00fcdliche Weinstra\u00dfe mit an der Spitze in Rheinland-Pfalz. Alleine zwischen der\nkreisfreien Stadt und dem Landkreis, der sie umschlie\u00dft, bestehen rund 40\nformelle Kooperationen in unterschiedlichen Rechtsformen \u2013 von A wie\nAbfallwirtschaft bis Z wie Zulassungsstelle. F\u00fcr die Fachleute, die aktuell\nvertiefende Untersuchungen zur Kommunal- und Verwaltungsreform in\nRheinland-Pfalz durchf\u00fchren, waren die Angaben, die Stadt und Kreis zu ihrer\ninterkommunalen Zusammenarbeit gemacht haben, so interessant, dass jetzt ein\nExpertengespr\u00e4ch mit Oberb\u00fcrgermeister Thomas Hirsch und Landrat Dietmar\nSeefeldt stattfand. <\/p>\n\n\n\n<p>Rund eine Stunde lang beantworteten\nOB und Landrat die Fragen von Prof. Dr. Martin Junkernheinrich von der\nTechnischen Universit\u00e4t Kaiserslautern. Der Experte f\u00fchrt gemeinsam mit Prof.\nDr. Jan Ziekow vom Deutschen Forschungsinstitut f\u00fcr \u00f6ffentliche Verwaltung in\nSpeyer und Prof. Dr. Ivo Bischoff von der Universit\u00e4t Kassel die vertiefenden\nwissenschaftlichen Untersuchungen \u00fcber interkommunale Zusammenarbeit im Rahmen\nder Kommunal- und Verwaltungsreform in Rheinland-Pfalz durch, auf die sich die\nLandtagsfraktionen von SPD, CDU, FDP und GR\u00dcNEN, die Landesregierung und die\nkommunalen Spitzenverb\u00e4nde verst\u00e4ndigt hatten. Zuvor war bereits ein\nFragenkatalog an St\u00e4dte, Landkreise, Verbandsgemeinden und Gemeinden im Land\nverteilt worden. <\/p>\n\n\n\n<p>Landaus OB Hirsch, der zugleich dem\nrheinland-pf\u00e4lzischen St\u00e4dtetag vorsitzt, setzt bereits seit Bekanntwerden der\nPl\u00e4ne f\u00fcr eine m\u00f6gliche Einkreisung der mittelgro\u00dfen rheinland-pf\u00e4lzischen\nSt\u00e4dte auf \u201eInterkommunale Zusammenarbeit statt Zwangsfusion\u201c: \u201eDie Stadt\nLandau arbeitet insbesondere mit den Landkreisen S\u00dcW und Germersheim in ganz unterschiedlichen\nBereichen eng zusammen und in der S\u00fcdpfalz ist es uns gemeinsam gelungen,\nhervorragende Synergieeffekte etwa beim Brand- und Katastrophenschutz, im\nsozialen Bereich oder auch bei der touristischen Vermarktung unserer Region zu\nerzielen.\u201c Sinnvolle und freiwillige Kooperationen, wie sie in der S\u00fcdpfalz\nerfolgreich gelebt w\u00fcrden und k\u00fcnftig gerne noch weiter ausgebaut werden\nk\u00f6nnten, sicherten die Daseinsvorsorge f\u00fcr die B\u00fcrgerinnen und B\u00fcrger \u2013 ohne\ndie Kompetenzen und Entscheidungsm\u00f6glichkeiten der einzelnen\nGebietsk\u00f6rperschaften zu beschneiden, so Hirsch.&nbsp; <\/p>\n\n\n\n<p>Auch Landrat Seefeldt betont Sinn und\nNutzen von interkommunalen Kooperationen. \u201eOb bei der gemeinsamen\nKfz-Zulassungsstelle, beim Thema Tourismus im Verein S\u00fcdliche Weinstra\u00dfe, beim\nKlinikum Landau-S\u00dcW, dem Jobcenter, bei der noch jungen gemeinsamen\nBetreuungsbeh\u00f6rde, beim gemeinsamen Ferienpass oder beim Thema Wasser und\nAbwasser, um nur einige Beispiele zu nennen: Der Landkreis S\u00fcdliche Weinstra\u00dfe\narbeitet auf vielen Ebenen mit der kreisfreien Stadt Landau zusammen und kann\nso eine noch effizientere Aufgabenwahrnehmung gew\u00e4hrleisten, Kompetenzen\nb\u00fcndeln und einen noch b\u00fcrgerfreundlicheren Service anbieten.\u201c Als besonders\ngelungenes Beispiel hebt der Landrat die enge Zusammenarbeit im Brand- und\nKatastrophenschutz hervor, die gar einmalig in Rheinland-Pfalz sei. \n\n\u00dcber die formellen\nKooperationen im engeren Sinne hinaus b\u00fcndeln Stadt und Kreis ihre Kompetenzen\nauch durch regelm\u00e4\u00dfige Gespr\u00e4che und Austausche, gemeinsame Pressearbeit und\ngemeinsame Veranstaltungen in den verschiedenen Bereichen.\n\n\n\n<\/p>\n\n\n\n<p><em>Text: Gemeinsame Pressemitteilung der Stadtverwaltung Landau und der Kreisverwaltung S\u00fcdliche Weinstra\u00dfe Foto: Landkreis S\u00fcdliche Weinstra\u00dfe<br>18.09.2019<\/em><\/p>\n\n\n\n<h2 class=\"wp-block-heading\">Fortschreibung des Schulentwicklungsplans der Stadt Landau: Erweiterung der Thomas-Nast-Grundschule um sechs zus\u00e4tzliche Klassenr\u00e4ume erforderlich \u2013 Neuzuschnitt der Grundschulbezirke zum Schuljahr 2021\/2022<\/h2>\n\n\n\n<div class=\"wp-block-image\"><figure class=\"aligncenter\"><img decoding=\"async\" loading=\"lazy\" width=\"800\" height=\"533\" src=\"https:\/\/speyer24news.com\/wp-content\/uploads\/2019\/09\/Info-448-Schulerweiterung.jpg\" alt=\"\" class=\"wp-image-19433\" srcset=\"https:\/\/speyer24news.com\/wp-content\/uploads\/2019\/09\/Info-448-Schulerweiterung.jpg 800w, https:\/\/speyer24news.com\/wp-content\/uploads\/2019\/09\/Info-448-Schulerweiterung-300x200.jpg 300w, https:\/\/speyer24news.com\/wp-content\/uploads\/2019\/09\/Info-448-Schulerweiterung-768x512.jpg 768w\" sizes=\"(max-width: 800px) 100vw, 800px\" \/><figcaption>v.l.: Stellten jetzt gemeinsam die Pl\u00e4ne zur Erweiterung der  Thomas-Nast-Grundschule und den Neuzuschnitt der Grundschulbezirke vor:  Schulamtsleiter Ralf M\u00fcller, Schulleiterin Pascale Schneider und  B\u00fcrgermeister Dr. Maximilian Ingenthron <\/figcaption><\/figure><\/div>\n\n\n\n<p>Landau w\u00e4chst \u2013 und damit\nauch die Zahl der Kinder, die in der Landauer Kernstadt zur Schule gehen.\nW\u00e4hrend die weiterf\u00fchrenden Schulen den Zuwachs an Sch\u00fclerinnen und Sch\u00fclern\nverkraften k\u00f6nnen, besteht bei den Grundschulen in der Innenstadt\nHandlungsbedarf. Neben einer \u00c4nderung der Grundschulbezirksgrenzen plant die\nStadt auch die Erweiterung von vier Grundschulen. W\u00e4hrend der Anbau der\nGrundschule S\u00fcd bereits kurz vor der Fertigstellung steht, sollen auch die\nGrundschulen Thomas-Nast, Wollmesheimer H\u00f6he und Michael Ende in Queichheim\nwachsen. Die Erweiterungsbauten an den drei Grundschulen sollen zum Schuljahr\n2022\/23 fertiggestellt sein.<\/p>\n\n\n\n<p>Was bedeutet das konkret?\nDurch die Schaffung von neuem Wohnraum im Einzugsgebiet der Grundschule\nPestalozzi w\u00fcrde die maximale Kapazit\u00e4t von 16 Klassen um mindestens drei bis\nvier Klassen \u00fcberschritten werden. Da eine Erweiterung dieses Schulstandorts\nnicht m\u00f6glich ist, wird ein Teil des bisherigen Grundschulbezirks Pestalozzi voraussichtlich\nzum Schuljahr 2021\/2022 dem Einzugsgebiet der Thomas-Nast-Grundschule\nzugeordnet. Dies f\u00fchrt dazu, dass die Schule nicht nur wie urspr\u00fcnglich geplant\num vier neue Klassenr\u00e4ume erweitert wird, sondern um sechs. Hinzu kommen eine\nMensa sowie die erforderlichen Funktionsr\u00e4ume entsprechend der Zahl an\nSch\u00fclerinnen und Sch\u00fclern sowie Lehrkr\u00e4ften.<\/p>\n\n\n\n<p>B\u00fcrgermeister Dr.\nMaximilian Ingenthron betont die Bedeutung der Umstrukturierungen. \u201eDer Stadt\nLandau liegt ihre breit aufgestellte Schullandschaft sehr am Herzen und sie\nlegt ganz besonders gro\u00dfen Wert auf m\u00f6glichst optimale Lernbedingungen f\u00fcr die\nSch\u00fclerinnen und Sch\u00fcler\u201c, so der Schuldezernent. \u201eUmso wichtiger ist es, dass\nwir hart am Wind segeln und dem dringenden und unmittelbaren Bedarf an\nzus\u00e4tzlichen R\u00e4umlichkeiten begegen, der mit den Ver\u00e4nderungen in unserer Stadt\neinhergeht. In diesem Zusammenhang gilt es nat\u00fcrlich auch, von Optionen wie der\nVerschiebung von Schulbezirksgrenzen Gebrauch zu machen, um f\u00fcr alle\nBeteiligten und entsprechend der gegebenen Umst\u00e4nde eine zufriedenstellende\nL\u00f6sung zu erm\u00f6glichen\u201c, erkl\u00e4rt Dr. Ingenthron. Der Umfang der \u00c4nderungen sei\naber insgesamt \u00fcberschaubar, es gehe um den Bereich im s\u00fcdlichen Teil der Ludowicistra\u00dfe\nzwischen Guldengewann und Paul-von-Denis-Stra\u00dfe. \u201eDas Ziel des Stadtvorstands war\nes, einen nur m\u00f6glichst geringen Eingriff in die bestehende Struktur\nvorzunehmen. Das ist uns gelungen\u201c, so der Schuldezernent.\n\nWichtig:\nDie \u00c4nderung der Grundschulbezirksgrenzen wirkt sich nur auf die\neinzuschulenden Kinder aus. Sch\u00fclerinnen und Sch\u00fcler, die bereits auf eine\nGrundschule gehen und deren Wohnort mit dem Neuzuschnitt einem anderen Bezirk\nzufallen w\u00fcrde, verbleiben in ihrer bisherigen Grundschule.\n\n\n\n<\/p>\n\n\n\n<p><em>Stadtverwaltung Landau in der Pfalz<br>18.09.2019<\/em><\/p>\n\n\n\n<h2 class=\"wp-block-heading\">Gelebte Kooperation und Integration am Weltkindertag in Landau: Danziger Platz verwandelt sich in gro\u00dfe Spielwiese f\u00fcr Kinder aller Altersgruppen<\/h2>\n\n\n\n<div class=\"wp-block-image\"><figure class=\"aligncenter\"><img decoding=\"async\" loading=\"lazy\" width=\"800\" height=\"533\" src=\"https:\/\/speyer24news.com\/wp-content\/uploads\/2019\/09\/Info-452a-Weltkindertag.jpg\" alt=\"\" class=\"wp-image-19430\" srcset=\"https:\/\/speyer24news.com\/wp-content\/uploads\/2019\/09\/Info-452a-Weltkindertag.jpg 800w, https:\/\/speyer24news.com\/wp-content\/uploads\/2019\/09\/Info-452a-Weltkindertag-300x200.jpg 300w, https:\/\/speyer24news.com\/wp-content\/uploads\/2019\/09\/Info-452a-Weltkindertag-768x512.jpg 768w\" sizes=\"(max-width: 800px) 100vw, 800px\" \/><figcaption> Clown Giovanni ist schon eine feste Gr\u00f6\u00dfe im Programm; seine Show l\u00e4utet  beim Weltkindertag in Landau das Ende eines ereignisreichen Tags ein.<\/figcaption><\/figure><\/div>\n\n\n\n<p>Der Weltkindertag ist ein in \u00fcber 145 Staaten auf verschiedene Weise (und an unterschiedlichen Terminen) begangener Aktionstag, um auf die besonderen Bed\u00fcrfnisse und speziell die Rechte von Kindern aufmerksam zu machen. In langj\u00e4hriger Tradition wird der Weltkindertag in Landau mit einem gro\u00dfen Spielfest auf dem Danziger Platz gefeiert. So auch in diesem Jahr am <strong>Freitag, 20.\u00a0September<\/strong>, von 15 bis 19 Uhr. <\/p>\n\n\n\n<div class=\"wp-block-image\"><figure class=\"aligncenter\"><img decoding=\"async\" loading=\"lazy\" width=\"800\" height=\"533\" src=\"https:\/\/speyer24news.com\/wp-content\/uploads\/2019\/09\/Info-452b-Weltkindertag.jpg\" alt=\"\" class=\"wp-image-19431\" srcset=\"https:\/\/speyer24news.com\/wp-content\/uploads\/2019\/09\/Info-452b-Weltkindertag.jpg 800w, https:\/\/speyer24news.com\/wp-content\/uploads\/2019\/09\/Info-452b-Weltkindertag-300x200.jpg 300w, https:\/\/speyer24news.com\/wp-content\/uploads\/2019\/09\/Info-452b-Weltkindertag-768x512.jpg 768w\" sizes=\"(max-width: 800px) 100vw, 800px\" \/><figcaption> Von Bungee-Basketball \u00fcber Dosenwerfen bis zur Kletterwand: Beim vielseitigen Spiel- und Sportprogramm ist f\u00fcr jeden etwas dabei.<\/figcaption><\/figure><\/div>\n\n\n\n<p>Die Jugendf\u00f6rderung der Stadt Landau ist Veranstalterin dieses Fests und konnte wieder viele tatkr\u00e4ftige Akteurinnen und Akteure f\u00fcr die Veranstaltung gewinnen. Im Laufe der Jahre hat sich ein fester Teilnehmerkreis von im Stadtteil Horst ans\u00e4ssigen Institutionen und Vereinen gebildet, der j\u00e4hrlich die Weltkindertagsfeier mitgestaltet. Verschiedene Kulturen pr\u00e4sentieren sich mit kulinarischen oder sportlichen Darbietungen sowie Spielangeboten. Die tolle Stimmung und der reibungslose Ablauf des Fests in den vergangenen Jahren zeigen, wie gut Kooperation und Integration beim Weltkindertag in Landau gelebt werden.<\/p>\n\n\n\n<p>Das Programm der Veranstaltung bietet f\u00fcr alle Altersgruppen das passende Angebot: Um 16 Uhr er\u00f6ffnet Oberb\u00fcrgermeister Thomas Hirsch die Veranstaltung offiziell. Mit verschiedenen Tanz- und Sportvorf\u00fchrungen geht das Programm um 17 Uhr weiter. Clown Giovanni l\u00e4utet um 18:30 Uhr mit seiner Vorstellung das Ende des Fests ein.<\/p>\n\n\n\n<div class=\"wp-block-image\"><figure class=\"aligncenter\"><img decoding=\"async\" loading=\"lazy\" width=\"500\" height=\"750\" src=\"https:\/\/speyer24news.com\/wp-content\/uploads\/2019\/09\/Info-452c-Weltkindertag.jpg\" alt=\"\" class=\"wp-image-19432\" srcset=\"https:\/\/speyer24news.com\/wp-content\/uploads\/2019\/09\/Info-452c-Weltkindertag.jpg 500w, https:\/\/speyer24news.com\/wp-content\/uploads\/2019\/09\/Info-452c-Weltkindertag-200x300.jpg 200w\" sizes=\"(max-width: 500px) 100vw, 500px\" \/><figcaption> Das gro\u00dfe Fest zum Weltkindertag auf dem Danzinger Platz l\u00e4dt Kinder jeden Alters zu Spiel, Spa\u00df und Abenteuer ein.<\/figcaption><\/figure><\/div>\n\n\n\n<p>F\u00fcr die kleinsten Besucherinnen und Besucher h\u00e4lt\nder Eltern-Kind-Treff des Kinderschutzbunds LD-S\u00dcW eine Krabbelecke bereit. Auf\ndie gr\u00f6\u00dferen Kinder warten u.a. Bastelangebote der im Horst ans\u00e4ssigen\nKirchengemeinden, der Grundschule Horstring und der Kita L\u00f6wenzahn, ein\nMalatelier der Kita Spiel- und Lernhaus, Kinderschminken der Kita St.\nElisabeth, Dosenwerfen der Jugendhilfe Jona, eine H\u00fcpfburg und Bungee-Basketball\nder Jugendf\u00f6rderung sowie eine Kletterwand des Schwimm- und Sportclubs Landau.\nDer Horstsportverein ist erstmalig mit einem Turnangebot vertreten und eine\nGruppe Studierender der Universit\u00e4t Landau hat in Kooperation mit dem\nPfalzklinikum eine Mal- und Vorleseaktion zum Thema Kinderrechte in den\nR\u00e4umlichkeiten des Mehrgenerationenhauses am Danziger Platz vorbereitet.\n\nOb s\u00fc\u00dfe oder deftige Speisen, kalte Getr\u00e4nke,\nalkoholfreie Cocktails oder Kaffee: F\u00fcr das leibliche Wohl sorgen der Jugendtreff,\nder Islamisch multikulturelle Verein, der \u201eOrient Palace\u201c, das\nMehrgenerationenhaus, die Kita Horsth\u00fcpfer, die Streetwork der Stadt Landau,\ndie Jugendbeteiligung Landau sowie die Eltern der der Grundschulkinder und der\nElternbeirat der Kita St. Elisabeth.\n\n\n\n<\/p>\n\n\n\n<p><em>Stadtverwaltung Landau in der Pfalz<br>18.09.2019<\/em><\/p>\n\n\n\n<h2 class=\"wp-block-heading\">Tr\u00e4ger der Regional- und Landesplanung best\u00e4tigen eingeschlagenen Weg der Stadt Landau zur Schaffung von Wohnraum<\/h2>\n\n\n\n<h3 class=\"wp-block-heading\">Positiver Zielabweichungsbescheid f\u00fcr Teile des geplanten Quartiers s\u00fcdlich der Wollmesheimer H\u00f6he in Landau \u2013 \u00d6ffentlicher Spaziergang und Workshop am Dienstag, 17. September<\/h3>\n\n\n\n<div class=\"wp-block-image\"><figure class=\"aligncenter\"><img decoding=\"async\" loading=\"lazy\" width=\"800\" height=\"533\" src=\"https:\/\/speyer24news.com\/wp-content\/uploads\/2019\/09\/Info-449-Regionalplanung.jpg\" alt=\"\" class=\"wp-image-19429\" srcset=\"https:\/\/speyer24news.com\/wp-content\/uploads\/2019\/09\/Info-449-Regionalplanung.jpg 800w, https:\/\/speyer24news.com\/wp-content\/uploads\/2019\/09\/Info-449-Regionalplanung-300x200.jpg 300w, https:\/\/speyer24news.com\/wp-content\/uploads\/2019\/09\/Info-449-Regionalplanung-768x512.jpg 768w\" sizes=\"(max-width: 800px) 100vw, 800px\" \/><figcaption> Die Stadt Landau setzt auf B\u00fcrgerbeteiligung: Wie  hier bei der Infoveranstaltung zur Neuaufstellung des  Fl\u00e4chennutzungsplans k\u00f6nnen B\u00fcrgerinnen und B\u00fcrger ihre Ideen und  Anregungen auch in den geplanten st\u00e4dtebaulichen und  landschaftsplanerischen  Realisierungswettbewerb zum neuen Stadtquartier s\u00fcdlich der  Wollmesheimer H\u00f6he einbringen.<\/figcaption><\/figure><\/div>\n\n\n\n<p>Die Stadt Landau hat\nfr\u00fchzeitig Planungssicherheit f\u00fcr die Entwicklung des neuen Stadtquartiers\ns\u00fcdlich der Wollmesheimer H\u00f6he. Wie die Stadtverwaltung jetzt informiert, liegt\nihr ein positiver Zielabweichungsbescheid f\u00fcr eine rund f\u00fcnf Hektar gro\u00dfe\nTeilfl\u00e4che des k\u00fcnftigen Quartiers vor. Einen entsprechenden Antrag auf Abweichung\nvon den Zielen des Regionalplans hatte die Verwaltung gestellt, um unabh\u00e4ngig\nvon dessen Teilfortschreibung zu sein. <\/p>\n\n\n\n<p>Zur Erkl\u00e4rung: Bei der\nAufstellung von Fl\u00e4chennutzungs- und Bebauungspl\u00e4nen sind Kommunen in\nDeutschland an die \u00fcbergeordneten Ziele der Raumordnung gebunden. Seit Beginn\nder Planungen f\u00fcr das neue Stadtquartier steht die Stadtverwaltung in engem\nAustausch mit der Struktur- und Genehmigungsdirektion (SGD) S\u00fcd als Obere\nLandesplanungsbeh\u00f6rde und dem Verband Region Rhein-Neckar als Tr\u00e4ger der\nRegionalplanung. Beide erkennen den hohen Wohnraumbedarf der Stadt Landau, der\nauch \u00fcber Baulandentwicklungen im Au\u00dfenbereich gedeckt werden muss, an.\nDementsprechend wird die Wohnraumstrategie der Stadt Landau bei der anstehenden\nTeilfortschreibung des Einheitlichen Regionalplans ber\u00fccksichtigt werden.<\/p>\n\n\n\n<p>Um jedoch fr\u00fchzeitig planen\nzu k\u00f6nnen, hatte die Stadt einen Antrag auf die Abweichung von den Zielen des\naktuellen, rechtsg\u00fcltigen Regionalplans gestellt. Gepr\u00fcft wurde, ob die Fl\u00e4chen\ns\u00fcdlich der Wollmesheimer Stra\u00dfe als Wohnbaufl\u00e4chen im k\u00fcnftigen Regionalplan\ndargestellt werden k\u00f6nnen. Dies wurde nun f\u00fcr die ersten f\u00fcnf Hektar unter\nEinbindung der Oberen Naturschutzbeh\u00f6rde und der Landwirtschaftskammer\nbest\u00e4tigt. <\/p>\n\n\n\n<p>Oberb\u00fcrgermeister Thomas Hirsch\nbegr\u00fc\u00dft die positiven Neuigkeiten. \u201eDer positive Bescheid best\u00e4tigt uns in\nunserer Arbeit und zeigt, dass die Tr\u00e4ger der Regional- und Landesplanung den\neingeschlagenen Weg der Wohnraumstrategie unterst\u00fctzen\u201c, so der Stadtchef. \n\nEr l\u00e4dt\nalle interessierten Landauerinnen und Landauer f\u00fcr den morgigen Dienstag, 17.\nSeptember, zu einem Rundgang durch das neue Stadtquartier ein. Der Umsetzung\nist ein st\u00e4dtebaulicher und landschaftsplanerischer Realisierungswettbewerb\nvorgeschaltet, der von den B\u00fcrgerinnen und B\u00fcrgern aktiv begleitet werden soll.\nDazu findet ab 17:30 Uhr ein Spaziergang mit anschlie\u00dfendem Workshop statt, bei\ndenen die Landauerinnen und Landauer ihre Ideen und Anregungen in die\nRahmenbedingungen f\u00fcr den Wettbewerb mit einflie\u00dfen lassen k\u00f6nnen. Treffpunkt\nist am Landhaus Lang in der Wollmesheimer H\u00f6he 5. \n\n\n\n<\/p>\n\n\n\n<p><em>Stadtverwaltung Landau in der Pfalz<br>18.09.2019<\/em><\/p>\n\n\n\n<h2 class=\"wp-block-heading\">F\u00fcr den guten Zweck: Pirmasenser Berufsfeuerwehrmann absolviert Spendenlauf in kompletter Schutzkleidung und mit Atemschutzger\u00e4t \u2013 Ankunft am Montag, 23. September, gegen 17:10 Uhr in Landau <\/h2>\n\n\n\n<div class=\"wp-block-image\"><figure class=\"aligncenter\"><img decoding=\"async\" loading=\"lazy\" width=\"500\" height=\"702\" src=\"https:\/\/speyer24news.com\/wp-content\/uploads\/2019\/09\/Info-451-Spendenlauf-Feuerwehr.jpg\" alt=\"\" class=\"wp-image-19428\" srcset=\"https:\/\/speyer24news.com\/wp-content\/uploads\/2019\/09\/Info-451-Spendenlauf-Feuerwehr.jpg 500w, https:\/\/speyer24news.com\/wp-content\/uploads\/2019\/09\/Info-451-Spendenlauf-Feuerwehr-214x300.jpg 214w\" sizes=\"(max-width: 500px) 100vw, 500px\" \/><figcaption> Der Pirmasenser Berufsfeuerwehrmann Christopher  Rauch absolviert am kommenden Montag, 23. September, einen Spendenlauf  von Pirmasens nach Landau.<\/figcaption><\/figure><\/div>\n\n\n\n<p>Der Pirmasenser Berufsfeuerwehrmann Christopher Rauch absolviert am <strong>Montag, 23. Septembe<\/strong>r, einen Spendenlauf f\u00fcr den guten Zweck. Nach etwa zehn Stunden wird der Ausdauersportler, der bereits mehrfach an Ironman-L\u00e4ufen teilgenommen hat, in Landau erwartet. Gegen 17:10 Uhr nehmen u.a. Oberb\u00fcrgermeister Thomas Hirsch und Mitglieder der Freiwilligen Feuerwehr Landau Rauch auf dem Rathausplatz in Empfang. Der Erl\u00f6s seines Benefizlaufs kommt dem Verein Paulinchen zugute, der brandverletzte Kinder und deren Familien ber\u00e4t und Aufkl\u00e4rung zum Thema betreibt. <\/p>\n\n\n\n<p>Christopher Rauch ist 30\nJahre alt. \u00dcber sich selbst sagt er: \u201eIch war sportlich schon immer sehr aktiv\nund suche st\u00e4ndig nach neuen Herausforderungen. Schnell habe ich gemerkt, dass\nmich die daf\u00fcr n\u00f6tigen, unz\u00e4hligen Trainingsstunden eine hohe mentale St\u00e4rke\nentwickeln lie\u00dfen. Ich wollte diese Strapazen aber nicht nur f\u00fcr mich, sondern\nauch f\u00fcr andere auf mich nehmen.\u201c U.a. sammelte er bei seinen L\u00e4ufen bereits\nGeld f\u00fcr den Pakt f\u00fcr Pirmasens und die Deutsche Krebshilfe. Mit seinem 2019er\nSpendenlauf, der von verschiedenen Sponsorinnen und Sponsoren unterst\u00fctzt wird,\nhofft er auch, Aufmerksamkeit f\u00fcr die wichtige Arbeit des Vereins Paulinchen\nschaffen zu k\u00f6nnen. <\/p>\n\n\n\n<p>Warum er Landau als Ziel\nseines in Pirmasens startenden Laufs gew\u00e4hlt hat? Rauch arbeitet ehrenamtlich\nbei der dortigen Integrierten Leitstelle als Disponent und freut sich nach\neigenen Angaben immer, wenn er nach Landau kommen darf. Auch verbinde ihn mit\nden Kameradinnen und Kameraden der Freiwilligen Feuerwehr Landau ein gutes und\nkollegiales Verh\u00e4ltnis, so Rauch \u2013 auch aus diesem Grund waren diese begeistert\nvon seiner Idee und unterst\u00fctzen, genau wie OB Hirsch, gerne. <\/p>\n\n\n\n<p>Christopher Rauch wird die\nrund 50 Kilometer lange Strecke in kompletter Schutzkleidung und mit\nAtemschutzger\u00e4t absolvieren. Auf diese Weise will er symbolisch die Strapazen\ndarstellen, die ein Kind mit Verbrennungen \u00fcberstehen muss. <\/p>\n\n\n\n<p>Wer den Spendenlauf von\nChristopher Rauch unterst\u00fctzen m\u00f6chte, kann dies auf folgendes Spendenkonto\ntun: <\/p>\n\n\n\n<ul><li>Bank f\u00fcr Sozialwirtschaft AG <\/li><li>IBAN: DE54 2512 0510 0008 4794 00\u00a0 <\/li><li>BIC: BFSWDE33HAN <\/li><\/ul>\n\n\n\n<p>Weitere Informationen zur Arbeit von Paulinchen e.V. finden sich auf <a href=\"http:\/\/www.paulinchen.de\">www.paulinchen.de<\/a>. <\/p>\n\n\n\n<p><em>Text: Stadtverwaltung Landau in der Pfalz Foto: Privat<br>18.09.2019<\/em><\/p>\n\n\n\n<h2 class=\"wp-block-heading\">Station\u00e4res Hospiz f\u00fcr Landau und die S\u00fcdliche Weinstra\u00dfe auf der Zielgeraden \u2013 Tag der offenen T\u00fcr am 3. Oktober \u2013 Motorradclub \u201eBlue Knights\u201c spendet 1.000 Euro f\u00fcr Hospiz-F\u00f6rderverein<\/h2>\n\n\n\n<div class=\"wp-block-image\"><figure class=\"aligncenter\"><img decoding=\"async\" loading=\"lazy\" width=\"800\" height=\"533\" src=\"https:\/\/speyer24news.com\/wp-content\/uploads\/2019\/09\/Info-450a-Hospizspende.jpg\" alt=\"\" class=\"wp-image-19425\" srcset=\"https:\/\/speyer24news.com\/wp-content\/uploads\/2019\/09\/Info-450a-Hospizspende.jpg 800w, https:\/\/speyer24news.com\/wp-content\/uploads\/2019\/09\/Info-450a-Hospizspende-300x200.jpg 300w, https:\/\/speyer24news.com\/wp-content\/uploads\/2019\/09\/Info-450a-Hospizspende-768x512.jpg 768w\" sizes=\"(max-width: 800px) 100vw, 800px\" \/><figcaption> Zum wiederholten Mal spendeten die Biker des Motorradclubs \u201eBlue  Knights\u201c jetzt f\u00fcr das station\u00e4re Hospiz auf dem Gel\u00e4nde des Landauer  Bethesda.<\/figcaption><\/figure><\/div>\n\n\n\n<p>Harte Jungs mit weichem Kern: Zum wiederholten Mal unterst\u00fctzt das Chapter 33 des Motorradclubs \u201eBlue Knights Germany\u201c den F\u00f6rderverein \u201eEin Hospiz f\u00fcr LD-S\u00dcW\u201c mit 1.000 Euro. In seiner Eigenschaft als Vereinsvorsitzender nahm Oberb\u00fcrgermeister Thomas Hirsch den symbolischen Spendenscheck jetzt aus den H\u00e4nden von Chapter-Pr\u00e4sident J\u00fcrgen Geyer entgegen \u2013 und das an einem ganz besonderen Ort: Der kreuzf\u00f6rmige, helle und freundliche Hospiz-Bau auf dem Gel\u00e4nde des Landauer Bethesda steht kurz vor der Fertigstellung. <\/p>\n\n\n\n<div class=\"wp-block-image\"><figure class=\"aligncenter\"><img decoding=\"async\" loading=\"lazy\" width=\"800\" height=\"533\" src=\"https:\/\/speyer24news.com\/wp-content\/uploads\/2019\/09\/Info-450b-Hospizspende.jpg\" alt=\"\" class=\"wp-image-19426\" srcset=\"https:\/\/speyer24news.com\/wp-content\/uploads\/2019\/09\/Info-450b-Hospizspende.jpg 800w, https:\/\/speyer24news.com\/wp-content\/uploads\/2019\/09\/Info-450b-Hospizspende-300x200.jpg 300w, https:\/\/speyer24news.com\/wp-content\/uploads\/2019\/09\/Info-450b-Hospizspende-768x512.jpg 768w\" sizes=\"(max-width: 800px) 100vw, 800px\" \/><figcaption> Hell und freundlich: Der Bau des Hospizgeb\u00e4udes f\u00fcr Landau und die S\u00fcdliche Weinstra\u00dfe befindet sich auf der Zielgeraden.<\/figcaption><\/figure><\/div>\n\n\n\n<p>Der Stadtchef, der vor rund f\u00fcnf Jahren selbst den Ansto\u00df f\u00fcr den Bau eines station\u00e4ren Hospizes in Landau gegeben hatte, zeigte sich beim Vor-Ort-Termin mit der k\u00fcnftigen Hospizleiterin Alice Ferlinz, Diakonissen-Vorstand Dr. G\u00fcnter Geisthardt und Bethesda-Gesch\u00e4ftsf\u00fchrer Dieter Lang froh und dankbar, dass sich sein Herzensprojekt nun auf der Zielgerade befindet. \u201eMein gro\u00dfer Dank gilt allen, die sich in den vergangenen Jahren meiner Initiative zur Schaffung dieser Einrichtung angeschlossen und mit Spenden oder Aktionen Unterst\u00fctzung geleistet haben\u201c, so Hirsch. \u201eIch freue mich \u00fcber das breite Engagement, das dieses Vorhaben f\u00fcr Landau und die S\u00fcdliche Weinstra\u00dfe erst m\u00f6glich gemacht hat, und bin gl\u00fccklich, dass wir mit den Diakonissen Speyer-Mannheim einen sehr erfahrenen kirchlichen Tr\u00e4ger f\u00fcr das Hospiz Bethesda gefunden haben.\u201c<\/p>\n\n\n\n<div class=\"wp-block-image\"><figure class=\"aligncenter\"><img decoding=\"async\" loading=\"lazy\" width=\"800\" height=\"533\" src=\"https:\/\/speyer24news.com\/wp-content\/uploads\/2019\/09\/Info-450c-Hospizspende.jpg\" alt=\"\" class=\"wp-image-19427\" srcset=\"https:\/\/speyer24news.com\/wp-content\/uploads\/2019\/09\/Info-450c-Hospizspende.jpg 800w, https:\/\/speyer24news.com\/wp-content\/uploads\/2019\/09\/Info-450c-Hospizspende-300x200.jpg 300w, https:\/\/speyer24news.com\/wp-content\/uploads\/2019\/09\/Info-450c-Hospizspende-768x512.jpg 768w\" sizes=\"(max-width: 800px) 100vw, 800px\" \/><figcaption> Das k\u00fcnftige station\u00e4re Hospiz in Landau wird durch ein Atrium in der Mitte mit Tageslicht versorgt.<\/figcaption><\/figure><\/div>\n\n\n\n<p>Zur j\u00fcngsten\nSpenden\u00fcbergabe fuhren die Mitglieder der \u201eBlue Knights\u201c, allesamt in blauen Biker-Kutten,\nmit ihren schweren Motorr\u00e4dern auf dem Bethesda-Gel\u00e4nde vor. \u201eEine\nSpenden\u00fcbergabe, die im Ged\u00e4chtnis bleibt\u201c, befand der OB schmunzelnd. Sein\nausdr\u00fccklicher Dank gilt den Mitgliedern des Motorradclubs, die insgesamt\nbereits drei Mal f\u00fcr das Hospizprojekt gespendet haben. \u201eIch bin sehr dankbar\nf\u00fcr das kontinuierliche Engagement der \u00abBlue Knights\u00bb, das mit dazu beigetragen\nhat, dass wir das station\u00e4re Hospiz in wenigen Wochen in Betrieb nehmen\nk\u00f6nnen.\u201c Die au\u00dfergew\u00f6hnliche Spendenbereitschaft f\u00fcr die Einrichtung zeige,\nwie sehr diese die Menschen ber\u00fchre und wie tief sie in der Gesellschaft\nverankert sei, so der Stadtchef. <\/p>\n\n\n\n<p>Die \u201eBlue Knights\u201c sind in erster Linie eine Vereinigung motorradfahrender Polizistinnen und Polizisten sowie Ordnungskr\u00e4fte. Die Urspr\u00fcnge des Motorradclubs liegen in den USA; seit den sp\u00e4ten 80er Jahren gibt es auch in Deutschland so genannte Chapter, also Niederlassungen. Das hiesige Chapter 33 hat seinen Sitz in Landau und umfasst den Bereich Pfalz\/Kurpfalz. Die \u201eBlue Knights\u201c spenden regelm\u00e4\u00dfig den Erl\u00f6s aus dem Verkauf von Essen und Getr\u00e4nken bei ihren Veranstaltungen an soziale Zwecke. Um interessierten B\u00fcrgerinnen und B\u00fcrgern die M\u00f6glichkeit zu geben, einen Blick hinter die Kulissen des neuen Hospizes zu werfen, laden die Diakonissen Speyer-Mannheim am <strong>Donnerstag, 3. Oktober<\/strong>, zu einem <strong>Tag der offenen T\u00fcr<\/strong>. Die Einrichtung kann von 13 bis 17 Uhr besichtigt werden.  <\/p>\n\n\n\n<p><em>Stadtverwaltung Landau in der Pfalz<br>18.09.2019<\/em><\/p>\n\n\n\n<h2 class=\"wp-block-heading\">Extreme Trockenheit und Sch\u00e4dlingsbefall: Der Klimawandel macht auch dem Landauer Stadtwald zu schaffen \u2013 Rund 100 B\u00fcrgerinnen und B\u00fcrger informieren sich bei Waldbegehung mit OB Hirsch \u2013 Fachleute: Weitere intensive Durchmischung und Umbau in klimastabile (Eichen-)Best\u00e4nde erforderlich<\/h2>\n\n\n\n<div class=\"wp-block-image\"><figure class=\"aligncenter\"><img decoding=\"async\" loading=\"lazy\" width=\"800\" height=\"534\" src=\"https:\/\/speyer24news.com\/wp-content\/uploads\/2019\/09\/Info-442a-Waldbegehung.jpg\" alt=\"\" class=\"wp-image-19421\" srcset=\"https:\/\/speyer24news.com\/wp-content\/uploads\/2019\/09\/Info-442a-Waldbegehung.jpg 800w, https:\/\/speyer24news.com\/wp-content\/uploads\/2019\/09\/Info-442a-Waldbegehung-300x200.jpg 300w, https:\/\/speyer24news.com\/wp-content\/uploads\/2019\/09\/Info-442a-Waldbegehung-768x513.jpg 768w\" sizes=\"(max-width: 800px) 100vw, 800px\" \/><figcaption> Gute Laune im Stadtwald: Gemeinsam mit Mitarbeiterinnen und Mitarbeitern  des Forstamts Haardt lud OB Thomas Hirsch jetzt zur Waldbegehung auf  den Taubensuhl.<\/figcaption><\/figure><\/div>\n\n\n\n<p>Er ist ein Schatz, den es\nzu bewahren gilt: Der Landauer Stadtwald auf dem Taubensuhl ist\nErholungsgebiet, Klimaoase und Naturraum und hat f\u00fcr die Stadt Landau eine gro\u00dfe\n\u00f6kologische, aber auch \u00f6konomische Bedeutung. Doch das Idyll ist bedroht: Die\nAuswirkungen des Klimawandels machen der bei Eu\u00dferthal gelegenen Exklave zu\nschaffen. Um sich vor Ort \u00fcber den aktuellen Zustand des Stadtwalds zu\ninformieren und den B\u00fcrgerinnen und B\u00fcrgern die gleiche M\u00f6glichkeit zu geben,\nhat Landaus OB Thomas Hirsch jetzt eine Waldbegehung initiiert. Mit Bussen fuhren\nrund 100 Teilnehmerinnen und Teilnehmer, darunter mehrere Stadtr\u00e4tinnen und\nStadtr\u00e4te, zum Taubensuhl und nahmen dort an einer F\u00fchrung mit Mitarbeiterinnen\nund Mitarbeitern des Forstamts Haardt teil. <\/p>\n\n\n\n<p>Forstamtsleiterin Ulrike Abel und ihre Kollegen zeigten den Besucherinnen und Besuchern neben den vielen Sch\u00f6nheiten des Landauer Stadtwalds auch Stellen, an denen die Auswirkungen des Klimawandels durch Trockenstress und Sch\u00e4dlingsbefall bereits deutlich sichtbar sind. <\/p>\n\n\n\n<div class=\"wp-block-image\"><figure class=\"aligncenter\"><img decoding=\"async\" loading=\"lazy\" width=\"800\" height=\"533\" src=\"https:\/\/speyer24news.com\/wp-content\/uploads\/2019\/09\/Info-442b-Waldbegehung.jpg\" alt=\"\" class=\"wp-image-19422\" srcset=\"https:\/\/speyer24news.com\/wp-content\/uploads\/2019\/09\/Info-442b-Waldbegehung.jpg 800w, https:\/\/speyer24news.com\/wp-content\/uploads\/2019\/09\/Info-442b-Waldbegehung-300x200.jpg 300w, https:\/\/speyer24news.com\/wp-content\/uploads\/2019\/09\/Info-442b-Waldbegehung-768x512.jpg 768w\" sizes=\"(max-width: 800px) 100vw, 800px\" \/><figcaption> Forstamtsleiterin Ulrike Abel informierte die Teilnehmerinnen und  Teilnehmer der Waldbegehung \u00fcber den Zustand des Landauer Stadtwalds. <\/figcaption><\/figure><\/div>\n\n\n\n<h4 class=\"wp-block-heading\">Die wichtigsten\nErkenntnisse: <\/h4>\n\n\n\n<p>Durch mehrere Hitzesommer\nin Folge mit langanhaltender, gro\u00dfer Trockenheit ist auch der Landauer\nStadtwald bereits jetzt in seiner Vitalit\u00e4t deutlich eingeschr\u00e4nkt \u2013 und damit\nanf\u00e4lliger f\u00fcr Sch\u00e4dlinge wie den Fichtenborkenk\u00e4fer und zu erwartende weitere\nWetterextreme sowie Unwetter.<\/p>\n\n\n\n<p>Der Landauer Stadtwald ist vom Befall durch den Fichtenborkenk\u00e4fer im Landesvergleich allerdings noch relativ wenig betroffen. Dies ist darauf zur\u00fcckzuf\u00fchren, dass der Pf\u00e4lzerwald, zu dem auch das st\u00e4dtische Waldgebiet bei Eu\u00dferthal geh\u00f6rt, ein naturnaher Mischwald aus verschiedenen, standortangepassten Baumarten ist. So hat die Fichte im Landauer Wald einen Baumanteil von lediglich 9 Prozent. Trotzdem sind auch auf dem Taubensuhl bereits sogenannte \u201eK\u00e4ferl\u00f6cher\u201c zu sehen, also kleinere Kahlfl\u00e4chen, die durch den Ausfall der vom K\u00e4fer befallenen B\u00e4ume entstanden sind. Laut Forstamtsleiterin Abel k\u00f6nnen sich diese jedoch durch die nat\u00fcrliche Ansamung ringsum stehender Baumarten wieder schlie\u00dfen. Nur bei gr\u00f6\u00dferen Fl\u00e4chen ist eine Aufwertung durch die Pflanzung von Eichen notwendig. Die Eiche gilt, ebenso wie die Buche, die Douglasie, die Edel-Kastanie und die Tanne, als besonders klimastabil. <\/p>\n\n\n\n<div class=\"wp-block-image\"><figure class=\"aligncenter\"><img decoding=\"async\" loading=\"lazy\" width=\"800\" height=\"533\" src=\"https:\/\/speyer24news.com\/wp-content\/uploads\/2019\/09\/Info-442c-Waldbegehung.jpg\" alt=\"\" class=\"wp-image-19423\" srcset=\"https:\/\/speyer24news.com\/wp-content\/uploads\/2019\/09\/Info-442c-Waldbegehung.jpg 800w, https:\/\/speyer24news.com\/wp-content\/uploads\/2019\/09\/Info-442c-Waldbegehung-300x200.jpg 300w, https:\/\/speyer24news.com\/wp-content\/uploads\/2019\/09\/Info-442c-Waldbegehung-768x512.jpg 768w\" sizes=\"(max-width: 800px) 100vw, 800px\" \/><figcaption> Rund 100 B\u00fcrgerinnen und B\u00fcrger waren der Einladung auf den Taubensuhl gefolgt.<\/figcaption><\/figure><\/div>\n\n\n\n<p>Langfristig ist von einer\nVer\u00e4nderung des Walds auszugehen. So wird sich der Fichtenanteil im Landauer\nStadtwald weiter reduzieren. Auch s\u00e4mtliche andere Baumarten werden laut Abel\nmit den Folgen des Klimawandels zu k\u00e4mpfen haben, wobei genaue Prognosen\nschwierig sind. \u201eDurch unsere forstliche Bewirtschaftung haben wir den Wald\nbereits auf die Auswirkungen des Klimawandels vorbereitet, indem wir ganz\nbewusst auf eine intensive Durchmischung setzen\u201c, sagt Abel. Vom Einbringen\nweiterer, bisher in Mitteleuropa nicht heimischer Baumarten r\u00e4t die Expertin\nvorerst ab, bis gesicherte Forschungsergebnisse vorliegen. <\/p>\n\n\n\n<p>Das beste Mittel gegen die Auswirkungen des Klimawandels ist laut Abel der teilweise Umbau des Landauer Stadtwalds in klimastabile Best\u00e4nde, vor allem Eichen \u2013 eine sowohl fachlich als auch finanziell sehr anspruchsvolle Aufgabe f\u00fcr das betreuende Fachpersonal und die Stadt als Waldbesitzerin, wie die Forstamtsleiterin betont. Dazu brauche es auch ein intensives Monitoring der Waldfl\u00e4chen.<\/p>\n\n\n\n<div class=\"wp-block-image\"><figure class=\"aligncenter\"><img decoding=\"async\" loading=\"lazy\" width=\"800\" height=\"533\" src=\"https:\/\/speyer24news.com\/wp-content\/uploads\/2019\/09\/Info-442d-Waldbegehung.jpg\" alt=\"\" class=\"wp-image-19424\" srcset=\"https:\/\/speyer24news.com\/wp-content\/uploads\/2019\/09\/Info-442d-Waldbegehung.jpg 800w, https:\/\/speyer24news.com\/wp-content\/uploads\/2019\/09\/Info-442d-Waldbegehung-300x200.jpg 300w, https:\/\/speyer24news.com\/wp-content\/uploads\/2019\/09\/Info-442d-Waldbegehung-768x512.jpg 768w\" sizes=\"(max-width: 800px) 100vw, 800px\" \/><figcaption> Auch im Landauer Stadtwald sind stellenweise sogenannte \u201eK\u00e4ferl\u00f6cher\u201c zu sehen \u2013 Kahlfl\u00e4chen, verursacht vom Fichtenborkenk\u00e4fer. <\/figcaption><\/figure><\/div>\n\n\n\n<p>Ein weiterer Aspekt: Im\nZusammenhang mit den europaweit angefallenen gro\u00dfen Mengen an Fichtenholz hat\nder gesamte Nadelholzmarkt mit deutlichen Preiseinbr\u00fcchen zu k\u00e4mpfen. In der\nFolge muss auch die Stadt Landau in den kommenden Jahren mit Einnahmeausf\u00e4llen\nbeim Holzverkauf rechnen. <\/p>\n\n\n\n<p>OB Hirsch sieht den aktuellen Zustandsbericht des Landauer Stadtwalds mit gro\u00dfer Sorge. \u201eUnser gr\u00fcner Stadtteil auf dem Taubensuhl ist Erholungsgebiet f\u00fcr Menschen, Lebensraum f\u00fcr Tiere und Pflanzen, Trinkwasserspeicherraum, Rohstofflieferant, Jagdbezirk und vieles mehr: Dem Wald kommen vielf\u00e4ltige Aufgaben zu, die er hoffentlich auch in Zukunft f\u00fcr unsere Stadt und unsere Region erf\u00fcllen kann.\u201c Die Frage der Walderhaltung und damit die Sicherstellung der lebenswichtigen Funktionen des Walds stelle eine gesellschaftliche Gesamtaufgabe dar, ist Hirsch \u00fcberzeugt. \u201eWir blicken in Landau im Vergleich zu vielen Fichtenw\u00e4ldern in den Mittelgebirgen noch auf vergleichsweise wenige Sch\u00e4den, aber auch bei uns braucht der im Umbruch befindliche Wald kontinuierlich Betreuung und Pflege \u2013 und\u00a0 verursacht damit k\u00fcnftig auch hohe Kosten\u201c, appelliert Landaus Stadtchef an L\u00e4nder und Bund, die Kommunen bei dieser wichtigen Zukunftsaufgabe nicht alleine zu lassen.<\/p>\n\n\n\n<p><em>Stadtverwaltung Landau in der Pfalz<br>18.09.2019<\/em><\/p>\n\n\n\n<p> <\/p>\n","protected":false},"excerpt":{"rendered":"<div class=\"mh-excerpt\"><p>Planungssicherheit f\u00fcr Bauherrinnen und Bauherren: Stadt Landau informiert \u00fcber Auswirkungen der Rechtsverordnungen zum Schutz der Festung Knapp 200 Festungswerke, die innere Hauptmauer alleine mit rund 3.000 Metern L\u00e4nge, 18 Metern H\u00f6he und mehr als 30 <a class=\"mh-excerpt-more\" href=\"https:\/\/speyer24news.com\/?p=19420\" title=\"Landau:\">[&#8230;]<\/a><\/p>\n<\/div>","protected":false},"author":3,"featured_media":19006,"comment_status":"open","ping_status":"open","sticky":false,"template":"","format":"standard","meta":{"_monsterinsights_skip_tracking":false,"_monsterinsights_sitenote_active":false,"_monsterinsights_sitenote_note":"","_monsterinsights_sitenote_category":0,"footnotes":""},"categories":[675],"tags":[3218,3412,2276,3075,3408,1241,58,3417,3416,3407,3409,3415,3410,3418,3411,3413,3414],"aioseo_notices":[],"amp_enabled":true,"_links":{"self":[{"href":"https:\/\/speyer24news.com\/index.php?rest_route=\/wp\/v2\/posts\/19420"}],"collection":[{"href":"https:\/\/speyer24news.com\/index.php?rest_route=\/wp\/v2\/posts"}],"about":[{"href":"https:\/\/speyer24news.com\/index.php?rest_route=\/wp\/v2\/types\/post"}],"author":[{"embeddable":true,"href":"https:\/\/speyer24news.com\/index.php?rest_route=\/wp\/v2\/users\/3"}],"replies":[{"embeddable":true,"href":"https:\/\/speyer24news.com\/index.php?rest_route=%2Fwp%2Fv2%2Fcomments&post=19420"}],"version-history":[{"count":1,"href":"https:\/\/speyer24news.com\/index.php?rest_route=\/wp\/v2\/posts\/19420\/revisions"}],"predecessor-version":[{"id":19438,"href":"https:\/\/speyer24news.com\/index.php?rest_route=\/wp\/v2\/posts\/19420\/revisions\/19438"}],"wp:featuredmedia":[{"embeddable":true,"href":"https:\/\/speyer24news.com\/index.php?rest_route=\/wp\/v2\/media\/19006"}],"wp:attachment":[{"href":"https:\/\/speyer24news.com\/index.php?rest_route=%2Fwp%2Fv2%2Fmedia&parent=19420"}],"wp:term":[{"taxonomy":"category","embeddable":true,"href":"https:\/\/speyer24news.com\/index.php?rest_route=%2Fwp%2Fv2%2Fcategories&post=19420"},{"taxonomy":"post_tag","embeddable":true,"href":"https:\/\/speyer24news.com\/index.php?rest_route=%2Fwp%2Fv2%2Ftags&post=19420"}],"curies":[{"name":"wp","href":"https:\/\/api.w.org\/{rel}","templated":true}]}}