{"id":19449,"date":"2019-09-18T11:55:56","date_gmt":"2019-09-18T10:55:56","guid":{"rendered":"https:\/\/speyer24news.com\/?p=19449"},"modified":"2019-09-18T11:55:57","modified_gmt":"2019-09-18T10:55:57","slug":"wirtschaft-finanzen-24","status":"publish","type":"post","link":"https:\/\/speyer24news.com\/?p=19449","title":{"rendered":"Wirtschaft &#038; Finanzen:"},"content":{"rendered":"<style type=\"text\/css\">\r\n\t.ads_top_disp{}\r\n\t.ads_top_corner_disp{ float:left; margin:0px 10px 10px 0px; }\r\n\t.ads_first_p_disp{}\r\n\t.ads_bottom_disp{}\r\n\t<\/style>\n<h1 class=\"wp-block-heading\" style=\"text-align:center\"><strong>Volksbank Kur- und Rheinpfalz<\/strong><\/h1>\n\n\n\n<div class=\"wp-block-image\"><figure class=\"aligncenter\"><img decoding=\"async\" src=\"https:\/\/speyer24news.com\/wp-content\/uploads\/2019\/09\/Volksbank-Kur-und-Rheinpfalz-eG-Logo-1.png\" alt=\"\" class=\"wp-image-19458\"\/><\/figure><\/div>\n\n\n\n<h2 class=\"wp-block-heading\"><strong>Volksbank Kur- und Rheinpfalz Stiftung unterst\u00fctzt gemeinn\u00fctzige Einrichtungen der Region&nbsp;<\/strong><\/h2>\n\n\n\n<h3 class=\"wp-block-heading\"><strong>Zuwendungen in H\u00f6he von 20.000 Euro an acht regionale Vereine, Organisationen und Initiativen \u00fcbergeben<\/strong><\/h3>\n\n\n\n<div class=\"wp-block-image\"><figure class=\"aligncenter\"><img decoding=\"async\" loading=\"lazy\" width=\"800\" height=\"519\" src=\"https:\/\/speyer24news.com\/wp-content\/uploads\/2019\/09\/volksbank_stiftung_print.png\" alt=\"\" class=\"wp-image-19459\" srcset=\"https:\/\/speyer24news.com\/wp-content\/uploads\/2019\/09\/volksbank_stiftung_print.png 800w, https:\/\/speyer24news.com\/wp-content\/uploads\/2019\/09\/volksbank_stiftung_print-300x195.png 300w, https:\/\/speyer24news.com\/wp-content\/uploads\/2019\/09\/volksbank_stiftung_print-768x498.png 768w\" sizes=\"(max-width: 800px) 100vw, 800px\" \/><figcaption> Die Vorst\u00e4nde der Volksbank Kur- und  Rheinpfalz Stiftung Thomas Spies (3. v. l.) und Stephan Nagel (1. v. r.)  mit den Stiftungsr\u00e4ten Winfried Szkutnik (1. v. l.), J\u00fcrgen Kappenstein  (2. v. l.) und Till Me\u00dfmer (4. v. l.) sowie Vertretern der acht  unterst\u00fctzten gemeinn\u00fctzigen Organisationen aus dem Gesch\u00e4ftsgebiet der  Volksbank Kur- und Rheinpfalz<\/figcaption><\/figure><\/div>\n\n\n\n<p><strong>Speyer &#8211; Helfen, in der Region Gutes zu tun: Der Stiftungsvorstand der Volksbank  Kur- und Rheinpfalz Stiftung hat am vergangenen Donnerstag in der  Speyerer Hauptstelle der Volksbank Kur- und Rheinpfalz Zuwendungen in  H\u00f6he von 20.000 Euro an verschiedene regionale Einrichtungen \u00fcbergeben.<\/strong><\/p>\n\n\n\n<p>Die Volksbank Kur- und  Rheinpfalz Stiftung wurde im Jahr 2016 gegr\u00fcndet und ist aktuell mit  einer Million Euro dotiert. In diesem Jahr kann die Stiftung nun  erstmals gemeinn\u00fctzige, mildt\u00e4tige und kirchliche Vereine,  Organisationen und Initiativen aus der Region mit Zuwendungen  unterst\u00fctzen, wie Stiftungsvorstand Stefan Nagel ausf\u00fchrte. Die  Volksbank Kur- und Rheinpfalz Stiftung ist eine gemeinn\u00fctzige  rechtsf\u00e4hige Stiftung des b\u00fcrgerlichen Rechts, bei der sich auch  Privatpersonen auf verschiedene Weise einbringen k\u00f6nnen: \u00dcber eine  einfache Zustiftung in das Stiftungsverm\u00f6gen der Dachstiftung oder mit  einer eigenen Treuhandstiftung, deren Name vom Stifter individuell  bestimmt werden kann.<\/p>\n\n\n\n<h4 class=\"wp-block-heading\"><strong>Zuwendungen an acht regionale Einrichtungen \u00fcbergeben<\/strong><\/h4>\n\n\n\n<p>Jeweils 2.500 Euro aus den  Kapitalertr\u00e4gen der Stiftung erhalten in diesem Jahr die Lebenshilfe  Schwetzingen Hockenheim und die Lebenshilfe Speyer Schifferstadt, der  F\u00f6rderverein Gartenschaupark Hockenheim, der Kinderschutzbund  Neustadt-Bad D\u00fcrkheim, die Jugend forscht AG Neustadt, das Kinderhospiz  Sterntaler in Dudenhofen, das Frauenhaus Speyer sowie die  protestantische Ged\u00e4chtniskirchengemeinde in Speyer. \u201eWir haben unsere  Stiftung mit dem Ziel gegr\u00fcndet, unser gesellschaftliches Engagement in  einer weiteren, zukunftsweisenden und zugleich nachhaltigen Form zum  Ausdruck zu bringen\u201c, erkl\u00e4rte Till Me\u00dfmer, Stiftungsrat der Volksbank  Kur- und Rheinpfalz Stiftung. \u201eEs geh\u00f6rt zu den Grundz\u00fcgen unseres  genossenschaftlichen Selbstverst\u00e4ndnisses, dass wir nicht nur unseren  Mitgliedern und Kunden verpflichtet sind, sondern auch der Gesellschaft,  in der wir leben und arbeiten. Deswegen unterst\u00fctzen wir als regionale  Bank regionale Vereine und Institutionen und geben damit einen Teil  unserer Ertr\u00e4ge direkt wieder an die Region zur\u00fcck.\u201c<\/p>\n\n\n\n<h4 class=\"wp-block-heading\"><strong>Weitere Informationen:<\/strong><\/h4>\n\n\n\n<p><a href=\"https:\/\/deref-web-02.de\/mail\/client\/BhKQ74FQp7M\/dereferrer\/?redirectUrl=https%3A%2F%2Fwww.volksbank-krp.de%2Fstiftung.html\" target=\"_blank\" rel=\"noreferrer noopener\">Zur Website der Volksbank Kur- und Rheinpfalz Stiftung<\/a><\/p>\n\n\n\n<p><em>Volksbank Kur- und Rheinpfalz eG<br>18.09.2019<\/em><\/p>\n\n\n\n<h1 class=\"wp-block-heading\" style=\"text-align:center\">Sparkasse Vorderpfalz<\/h1>\n\n\n\n<div class=\"wp-block-image\"><figure class=\"aligncenter\"><img decoding=\"async\" src=\"https:\/\/speyer24news.com\/wp-content\/uploads\/2019\/08\/Sparkasse-Vorderpfalz-1-1024x768-1024x768.jpg\" alt=\"\" class=\"wp-image-18098\"\/><\/figure><\/div>\n\n\n\n<h2 class=\"wp-block-heading\"><strong>Stiftung zur Unterst\u00fctzung des Ebertpark Ludwigshafen gegr\u00fcndet<\/strong><\/h2>\n\n\n\n<p><strong>Ludwigshafen &#8211;<\/strong> Die &#8222;Stiftung f\u00fcr den F\u00f6rderkreis Ebertpark e.V.&#8220; wurde gegr\u00fcndet. Gef\u00fchrt wird sie unter dem Dach der Stiftergemeinschaft der Sparkasse Vorderpfalz. Ziel der Stiftung ist es die Attraktivit\u00e4t der Parkanlage mit seinen vielen Freizeitangeboten zu erhalten und auszubauen. Mit den Stiftungsertr\u00e4gen soll eines der bedeutendsten innerst\u00e4dtischen Naherholungsgebiete Ludwigshafens dauerhaft und nachhaltig gef\u00f6rdert werden.<\/p>\n\n\n\n<p>Wer die Arbeit der neu gegr\u00fcndeten &#8222;Stiftung f\u00fcr den F\u00f6rderkreis Ebertpark e.V.\u201c unterst\u00fctzen und aktiv mitgestalten m\u00f6chte, kann dies jederzeit durch Spenden oder Zustiftungen tun. Spenden nimmt die Sparkasse unter IBAN: DE85 5455 0010 0191 4629 93 mit dem Verwendungszweck &#8222;Ebertpark&#8220; entgegen. Spendenbescheinigungen ab 200 Euro werden von der Stiftergemeinschaft ausgestellt. Bei Spenden darunter gen\u00fcgt der Kontoauszug als Nachweis f\u00fcr das Finanzamt. Mit einem Stiftungskapital von \u00fcber 2,7 Mio. Euro f\u00fchrt die Sparkasse Vorderpfalz f\u00fcr ihre Kunden inzwischen 30 Einzelstiftungen und 13 Themenstiftungen.<\/p>\n\n\n\n<h4 class=\"wp-block-heading\"><strong>Hintergrund: Stifter machen sich stark f\u00fcr die Region<\/strong><\/h4>\n\n\n\n<p>Die Sparkasse Vorderpfalz bietet allen B\u00fcrgern, Unternehmen und Kommunen die M\u00f6glichkeit sich als Stifter zu engagieren. Mit professioneller Betreuung und ohne gro\u00dfen Verwaltungsaufwand, aber mit einem H\u00f6chstma\u00df an Individualit\u00e4t, k\u00f6nnen mit einem Kapital ab 10.000 Euro eigene Stiftungen gegr\u00fcndet werden. Davon profitiert nicht nur das b\u00fcrgerschaftliche Engagement sowie gemeinn\u00fctzige Vereine und Organisationen aus der Region sondern auch die Stifter: Die gestifteten Gelder sind erbschafts- und schenkungssteuerfrei und wirken sich steuermildernd auf die Einkommenssteuer aus. Weitere Informationen gibt es unter <a rel=\"noreferrer noopener\" href=\"https:\/\/deref-web-02.de\/mail\/client\/_uupWqPsKiw\/dereferrer\/?redirectUrl=http%3A%2F%2Fwww.sparkasse-vorderpfalz.de%2Fstiftergemeinschaft\" target=\"_blank\">www.sparkasse-vorderpfalz.de\/stiftergemeinschaft<\/a>. <\/p>\n\n\n\n<p><em>Sparkasse Vorderpfalz<br>18.09.2019<\/em><\/p>\n\n\n\n<h2 class=\"wp-block-heading\"><strong>Messe im Pfalzbau sorgt f\u00fcr \u00dcberblick<\/strong><\/h2>\n\n\n\n<h3 class=\"wp-block-heading\">Fragen mit Experten am 21. und 22. September pers\u00f6nlich kl\u00e4ren<\/h3>\n\n\n\n<div class=\"wp-block-image\"><figure class=\"aligncenter\"><img decoding=\"async\" loading=\"lazy\" width=\"800\" height=\"534\" src=\"https:\/\/speyer24news.com\/wp-content\/uploads\/2019\/09\/Zollstock-Haus_h_00014867_rf_informativ_1.jpg\" alt=\"\" class=\"wp-image-19450\" srcset=\"https:\/\/speyer24news.com\/wp-content\/uploads\/2019\/09\/Zollstock-Haus_h_00014867_rf_informativ_1.jpg 800w, https:\/\/speyer24news.com\/wp-content\/uploads\/2019\/09\/Zollstock-Haus_h_00014867_rf_informativ_1-300x200.jpg 300w, https:\/\/speyer24news.com\/wp-content\/uploads\/2019\/09\/Zollstock-Haus_h_00014867_rf_informativ_1-768x513.jpg 768w\" sizes=\"(max-width: 800px) 100vw, 800px\" \/><figcaption> Der Kauf oder Verkauf einer Immobilie ist wohl immer einer der gr\u00f6\u00dfte finanzielle Entscheidung im Leben. Fragen hierzu beantworten die Fachleute bei der Messe \u201emeinZuhause! Ludwigshafen\u201c.<\/figcaption><\/figure><\/div>\n\n\n\n<p><strong>Ludwigshafen &#8211;<\/strong> Wer Ideen, Tipps und Trends zum Thema Immobilie sucht, ist auf der Messe \u201emeinZuhause! Ludwigshafen\u201c am 21. und 22. September im Pfalzbau Ludwigshafen richtig. Im pers\u00f6nlichen Gespr\u00e4ch mit Experten k\u00f6nnen viele Fragen zu Kauf und Verkauf eines Hauses oder einer Wohnung gekl\u00e4rt werden. Am Stand der Sparkasse Vorderpfalz sind eine Vielzahl von H\u00e4usern, Wohnungen und Grundst\u00fccke in und um Ludwigshafen zu sehen.<\/p>\n\n\n\n<p>Das eigene Heim steht auf den Wunschlisten der meisten Deutschen ganz oben. Rund um Kauf und Verkauf von Immobilien sind viele Fragen zu beantworten: Welchen Wert hat mein Haus oder meine Eigentumswohnung? Und: Was muss ich beachten, wenn ich mein Wohneigentum verkaufen m\u00f6chte? Diese und viele andere Fragen beantworten die Immobilienexperten der Sparkasse Vorderpfalz an ihrem Stand auf der Messe \u201emeinZuhause! Ludwigshafen\u201c.<\/p>\n\n\n\n<p><em>Text: Sparkasse Vorderpfalz Foto: Fotolia<br>18.09.2019<\/em><\/p>\n\n\n\n<h1 class=\"wp-block-heading\" style=\"text-align:center\"><strong>Deutsches Fertighaus Center Mannheim<\/strong><\/h1>\n\n\n\n<div class=\"wp-block-image\"><figure class=\"aligncenter\"><img decoding=\"async\" loading=\"lazy\" width=\"600\" height=\"130\" src=\"https:\/\/speyer24news.com\/wp-content\/uploads\/2019\/09\/DFC.png\" alt=\"\" class=\"wp-image-19455\" srcset=\"https:\/\/speyer24news.com\/wp-content\/uploads\/2019\/09\/DFC.png 600w, https:\/\/speyer24news.com\/wp-content\/uploads\/2019\/09\/DFC-300x65.png 300w\" sizes=\"(max-width: 600px) 100vw, 600px\" \/><\/figure><\/div>\n\n\n\n<h2 class=\"wp-block-heading\">Herbstfest\nfeiert \u201eBunte Vielfalt im Fertigbau\u201c<\/h2>\n\n\n\n<h3 class=\"wp-block-heading\">Das Deutsche Fertighaus Center Mannheim l\u00e4dt am 21. und 22. September zu Live-Musik, Spiel und Spa\u00df sowie individueller Beratung zu aktuellen Themen im Fertigbau ein \u2013 Eintritt frei<\/h3>\n\n\n\n<div class=\"wp-block-image\"><figure class=\"aligncenter\"><img decoding=\"async\" loading=\"lazy\" width=\"800\" height=\"600\" src=\"https:\/\/speyer24news.com\/wp-content\/uploads\/2019\/09\/Deutsches_Fertighaus_Center_Mannheim_Herbstfest_2018__20_.jpg\" alt=\"\" class=\"wp-image-19451\" srcset=\"https:\/\/speyer24news.com\/wp-content\/uploads\/2019\/09\/Deutsches_Fertighaus_Center_Mannheim_Herbstfest_2018__20_.jpg 800w, https:\/\/speyer24news.com\/wp-content\/uploads\/2019\/09\/Deutsches_Fertighaus_Center_Mannheim_Herbstfest_2018__20_-300x225.jpg 300w, https:\/\/speyer24news.com\/wp-content\/uploads\/2019\/09\/Deutsches_Fertighaus_Center_Mannheim_Herbstfest_2018__20_-768x576.jpg 768w, https:\/\/speyer24news.com\/wp-content\/uploads\/2019\/09\/Deutsches_Fertighaus_Center_Mannheim_Herbstfest_2018__20_-678x509.jpg 678w, https:\/\/speyer24news.com\/wp-content\/uploads\/2019\/09\/Deutsches_Fertighaus_Center_Mannheim_Herbstfest_2018__20_-326x245.jpg 326w, https:\/\/speyer24news.com\/wp-content\/uploads\/2019\/09\/Deutsches_Fertighaus_Center_Mannheim_Herbstfest_2018__20_-80x60.jpg 80w\" sizes=\"(max-width: 800px) 100vw, 800px\" \/><\/figure><\/div>\n\n\n\n<p><strong>Mannhein-Fertighaus Center &#8211; <\/strong>Neue H\u00e4user, raffinierte Technik, Wohnkonzepte f\u00fcr die Zukunft: Beim Herbstfest im Deutschen Fertighaus Center Mannheim am 21. und 22. September k\u00f6nnen Bauinteressierte die aktuellsten Infos holen und sich pers\u00f6nlich und individuell beraten lassen. Unter dem Motto \u201eBunte Vielfalt im Fertigbau\u201c bieten die Aussteller in den Musterh\u00e4usern Vortr\u00e4ge, Mitmachaktionen und Erfahrungsaustausch unter Bauherren. Dazu haben sie weitere Experten eingeladen, zum Beispiel zu den Themen Finanzierung und Photovoltaik. Kinder k\u00f6nnen sich beim betreuten Spielprogramm und auf dem Bewegungsparcours vergn\u00fcgen. Herzhaftes vom Grill, S\u00fc\u00dfes vom Cr\u00eape-Stand und Gute-Laune-Musik machen das \u201eH\u00e4user-Shoppen\u201c zum Familienfest. Es findet an beiden Tagen von 10 bis 17 Uhr statt. Der Eintritt ist frei.<\/p>\n\n\n\n<h4 class=\"wp-block-heading\"><strong>Vom Grundst\u00fcck bis zum Photovoltaik-Dach<\/strong><\/h4>\n\n\n\n<div class=\"wp-block-image\"><figure class=\"aligncenter\"><img decoding=\"async\" loading=\"lazy\" width=\"800\" height=\"600\" src=\"https:\/\/speyer24news.com\/wp-content\/uploads\/2019\/09\/Deutsches_Fertighaus_Center_Mannheim_Herbstfest_2018__19_.jpg\" alt=\"\" class=\"wp-image-19452\" srcset=\"https:\/\/speyer24news.com\/wp-content\/uploads\/2019\/09\/Deutsches_Fertighaus_Center_Mannheim_Herbstfest_2018__19_.jpg 800w, https:\/\/speyer24news.com\/wp-content\/uploads\/2019\/09\/Deutsches_Fertighaus_Center_Mannheim_Herbstfest_2018__19_-300x225.jpg 300w, https:\/\/speyer24news.com\/wp-content\/uploads\/2019\/09\/Deutsches_Fertighaus_Center_Mannheim_Herbstfest_2018__19_-768x576.jpg 768w, https:\/\/speyer24news.com\/wp-content\/uploads\/2019\/09\/Deutsches_Fertighaus_Center_Mannheim_Herbstfest_2018__19_-678x509.jpg 678w, https:\/\/speyer24news.com\/wp-content\/uploads\/2019\/09\/Deutsches_Fertighaus_Center_Mannheim_Herbstfest_2018__19_-326x245.jpg 326w, https:\/\/speyer24news.com\/wp-content\/uploads\/2019\/09\/Deutsches_Fertighaus_Center_Mannheim_Herbstfest_2018__19_-80x60.jpg 80w\" sizes=\"(max-width: 800px) 100vw, 800px\" \/><\/figure><\/div>\n\n\n\n<p>Wie das Wunschhaus aussehen k\u00f6nnte, k\u00f6nnen die Besucher in den rund 40 komplett eingerichteten Musterh\u00e4usern von \u00fcber 30 Herstellern erleben. Grundrisse und Ausbau sind dabei frei planbar. \u201eSo baut man heute\u201c hei\u00dft einer der Vortr\u00e4ge, in denen die Vorteile des Fertigbaus zusammengefasst werden. Auch \u00fcber Architektur, D\u00e4mmkonzepte, Haustechnik \u00a0Keller-Ausbau und nat\u00fcrlich die neusten Hausmodelle referieren die Experten. Sie verraten au\u00dferdem, wie man an ein Grundst\u00fcck kommt, welches Budget man veranschlagen muss und welche F\u00f6rderm\u00f6glichkeiten zur Verf\u00fcgung stehen. Ebenfalls eine gro\u00dfe Rolle spielen Energieeffizienz, gesundes Wohnklima und nachhaltiges Bauen, das auch zertifiziert werden kann und den Wert des Hauses steigert. Das komplette Programm des Herbstfests ist unter <a href=\"http:\/\/www.deutsches-fertighaus-center.de\">www.deutsches-fertighaus-center.de<\/a> zu finden.<\/p>\n\n\n\n<h4 class=\"wp-block-heading\"><strong>Spielspa\u00df von Klangspielen bis zum E-Bike-Parcours<\/strong><\/h4>\n\n\n\n<div class=\"wp-block-image\"><figure class=\"aligncenter\"><img decoding=\"async\" loading=\"lazy\" width=\"800\" height=\"600\" src=\"https:\/\/speyer24news.com\/wp-content\/uploads\/2019\/09\/Deutsches_Fertighaus_Center_Mannheim_Herbstfest_2018__14_.jpg\" alt=\"\" class=\"wp-image-19453\" srcset=\"https:\/\/speyer24news.com\/wp-content\/uploads\/2019\/09\/Deutsches_Fertighaus_Center_Mannheim_Herbstfest_2018__14_.jpg 800w, https:\/\/speyer24news.com\/wp-content\/uploads\/2019\/09\/Deutsches_Fertighaus_Center_Mannheim_Herbstfest_2018__14_-300x225.jpg 300w, https:\/\/speyer24news.com\/wp-content\/uploads\/2019\/09\/Deutsches_Fertighaus_Center_Mannheim_Herbstfest_2018__14_-768x576.jpg 768w, https:\/\/speyer24news.com\/wp-content\/uploads\/2019\/09\/Deutsches_Fertighaus_Center_Mannheim_Herbstfest_2018__14_-678x509.jpg 678w, https:\/\/speyer24news.com\/wp-content\/uploads\/2019\/09\/Deutsches_Fertighaus_Center_Mannheim_Herbstfest_2018__14_-326x245.jpg 326w, https:\/\/speyer24news.com\/wp-content\/uploads\/2019\/09\/Deutsches_Fertighaus_Center_Mannheim_Herbstfest_2018__14_-80x60.jpg 80w\" sizes=\"(max-width: 800px) 100vw, 800px\" \/><\/figure><\/div>\n\n\n\n<p>Kinder\nk\u00f6nnen sich auf dem Bewegungsparcours austoben, sich schminken lassen,\nKlangspiele aus Holz basteln und bei der Bilder-Rallye auf Entdeckungsreise\ngehen. Mit etwas Gl\u00fcck gewinnen sie Familien-Gutscheine f\u00fcr Trampolin-Spa\u00df in\nder \u201eSprungbude Heidelberg\u201c. Auch ein Malwettbewerb wird angeboten. Erwachsene\nk\u00f6nnen an einem E-Bike-Parcours ein neues Fahrgef\u00fchl ausprobieren und an einem\nFotowettbewerb auf Instagram teilnehmen.<\/p>\n\n\n\n<h4 class=\"wp-block-heading\"><strong>Live-Musik\nund Leckereien<\/strong><\/h4>\n\n\n\n<p>Gute Laune an allen Ecken und Enden: Das Swing-Trio \u201eHERRENKOMBO \u2013 die mobile Band\u201c l\u00e4sst seine beliebten Melodien an unterschiedlichen Standorten erklingen. Zur St\u00e4rkung gibt es herzhafte und s\u00fc\u00dfe Leckereien, ein bayerisches Buffet und einen Popcorn-Stand.<\/p>\n\n\n\n<div class=\"wp-block-image\"><figure class=\"aligncenter\"><img decoding=\"async\" loading=\"lazy\" width=\"800\" height=\"600\" src=\"https:\/\/speyer24news.com\/wp-content\/uploads\/2019\/09\/Deutsches_Fertighaus_Center_Mannheim_Herbstfest_2018__10_.jpg\" alt=\"\" class=\"wp-image-19454\" srcset=\"https:\/\/speyer24news.com\/wp-content\/uploads\/2019\/09\/Deutsches_Fertighaus_Center_Mannheim_Herbstfest_2018__10_.jpg 800w, https:\/\/speyer24news.com\/wp-content\/uploads\/2019\/09\/Deutsches_Fertighaus_Center_Mannheim_Herbstfest_2018__10_-300x225.jpg 300w, https:\/\/speyer24news.com\/wp-content\/uploads\/2019\/09\/Deutsches_Fertighaus_Center_Mannheim_Herbstfest_2018__10_-768x576.jpg 768w, https:\/\/speyer24news.com\/wp-content\/uploads\/2019\/09\/Deutsches_Fertighaus_Center_Mannheim_Herbstfest_2018__10_-678x509.jpg 678w, https:\/\/speyer24news.com\/wp-content\/uploads\/2019\/09\/Deutsches_Fertighaus_Center_Mannheim_Herbstfest_2018__10_-326x245.jpg 326w, https:\/\/speyer24news.com\/wp-content\/uploads\/2019\/09\/Deutsches_Fertighaus_Center_Mannheim_Herbstfest_2018__10_-80x60.jpg 80w\" sizes=\"(max-width: 800px) 100vw, 800px\" \/><\/figure><\/div>\n\n\n\n<h4 class=\"wp-block-heading\">info:<\/h4>\n\n\n\n<p><strong>Deutsches\nFertighaus Center Mannheim<\/strong><\/p>\n\n\n\n<p>am\nMaimarktgel\u00e4nde, verkehrsg\u00fcnstig an der BAB 656<\/p>\n\n\n\n<p>Ge\u00f6ffnet:\ndienstags bis sonntags von 10 bis 17 Uhr<\/p>\n\n\n\n<p>Eintritt\nfrei.<\/p>\n\n\n\n<p><a href=\"http:\/\/www.deutsches-fertighaus-center.de\">www.deutsches-fertighaus-center.de<\/a><\/p>\n\n\n\n<p><em>Deutsches Fertighaus Center Mannheim<br>18.09.2019<\/em><\/p>\n\n\n\n<h1 class=\"wp-block-heading\" style=\"text-align:center\">Stadtwerke Speyer \/ Bademaxx<\/h1>\n\n\n\n<div class=\"wp-block-image\"><figure class=\"aligncenter\"><img decoding=\"async\" src=\"https:\/\/speyer24news.com\/wp-content\/uploads\/2019\/09\/Bademaxx.jpg\" alt=\"\" class=\"wp-image-19456\"\/><\/figure><\/div>\n\n\n\n<h2 class=\"wp-block-heading\">Rennrutsch-Wettbewerb im bademaxx<\/h2>\n\n\n\n<div class=\"wp-block-image\"><figure class=\"aligncenter\"><img decoding=\"async\" loading=\"lazy\" width=\"800\" height=\"577\" src=\"https:\/\/speyer24news.com\/wp-content\/uploads\/2019\/09\/160715bademaxx011b.jpg\" alt=\"\" class=\"wp-image-19457\" srcset=\"https:\/\/speyer24news.com\/wp-content\/uploads\/2019\/09\/160715bademaxx011b.jpg 800w, https:\/\/speyer24news.com\/wp-content\/uploads\/2019\/09\/160715bademaxx011b-300x216.jpg 300w, https:\/\/speyer24news.com\/wp-content\/uploads\/2019\/09\/160715bademaxx011b-768x554.jpg 768w\" sizes=\"(max-width: 800px) 100vw, 800px\" \/><figcaption>16.07.15 Das Schwimmbad bademaxx der Stadtwerke Speyer (SWS) laedt mit seiner grosszuegigen Baederlandschaft in Freibad und Hallenbad sowie der grossen Liegewiese mit vielen Schattenplaetzen, aber auch dem grossen Saunabereich zum baden, saunieren, ueberhaupt zum gemuetlichen und erholsamen Verbringen seiner Zeit ein, Model auf dem Bild Ines Decker-Vogel, ggf. mit Sohn Henry<\/figcaption><\/figure><\/div>\n\n\n\n<p><strong>Speyer &#8211; <\/strong>Das bademaxx veranstaltet gemeinsam mit dem Deutschen Rennrutsch Verband, Ortsgruppe Hanhofen, den\u00a0zweiten Speyerer\u00a0Rennrutsch-Wettbewerb! Hierzu sind alle Rutsch-Fans herzlich eingeladen. Dabei geht es darum, die Regenbogenrutsche im bademaxx in m\u00f6glichst kurzer Zeit zu bew\u00e4ltigen. Weitere Infos finden Sie hier:<\/p>\n\n\n\n<p><strong>Wer kann mitmachen?<\/strong><br>Es werden verschiedene Altersgruppen gebildet (Kinder\/Erwachsene).<\/p>\n\n\n\n<p><strong>Wann ist der Wettbewerb?<\/strong><br>21. September 2019, 13 bis 17 Uhr,<br>Siegerehrung: 17 Uhr<\/p>\n\n\n\n<p><strong>Wie melde ich mich an?<\/strong><br>Am Veranstaltungstag ab 13 Uhr im bademaxx.<\/p>\n\n\n\n<p><strong>Wer organisiert?<\/strong><br>Der Deutsche Rennrutsch Verband e. V., Jens Niedermeyer aus Hanhofen mit seinem Team.<\/p>\n\n\n\n<p><strong>Was kostet die Teilnahme?<\/strong><br>Sie zahlen lediglich\u00a0den Badeintrittspreis!<\/p>\n\n\n\n<p><strong>Wie l\u00e4uft der Rennrutsch-Wettbewerb ab?\u00a0<br><\/strong>Es werden insgesamt drei Rutschl\u00e4ufe absolviert, wobei die langsamste Zeit gestrichen wird. <br>Die verbleibenden zwei Zeiten werden aufsummiert. Sieger ist die Person mit der niedrigsten Gesamtzeit.<\/p>\n\n\n\n<p>Die jeweils schnellsten zwei Teilnehmer\/innen der Wertungsklassen Herren  und Damen beim Speyerer Rennrutsch-Wettbewerb qualifizieren sich f\u00fcr  das gro\u00dfe Finale des Deutschland-Cups in Bad Lauterberg. Der  Deutschland-Cup findet bereits zum vierten Mal statt. Deutschlandweit gibt es im Zeitraum von Februar bis November \u00fcber 25 regionale Rutschmeisterschaften zur Qualifikation.<\/p>\n\n\n\n<p>Weitere Informationen zum Deutschland-Cup finden Sie hier:\n<a href=\"https:\/\/deref-web-02.de\/mail\/client\/SNeXnyh7MQg\/dereferrer\/?redirectUrl=http%3A%2F%2Fwww.drv-rennrutschen.com%2Fdeutschland-cup%2F\" target=\"_blank\" rel=\"noreferrer noopener\">http:\/\/www.drv-rennrutschen.com\/deutschland-cup\/<\/a><\/p>\n\n\n\n<p><strong>Wir w\u00fcnschen viel Spa\u00df\u00a0und Erfolg!<\/strong><\/p>\n\n\n\n<p><em>bademaxx &#8211; Das Sport- und Erlebnisbad in Speyer<br>18.09.2019<\/em><\/p>\n","protected":false},"excerpt":{"rendered":"<div class=\"mh-excerpt\"><p>Volksbank Kur- und Rheinpfalz Volksbank Kur- und Rheinpfalz Stiftung unterst\u00fctzt gemeinn\u00fctzige Einrichtungen der Region&nbsp; Zuwendungen in H\u00f6he von 20.000 Euro an acht regionale Vereine, Organisationen und Initiativen \u00fcbergeben Speyer &#8211; Helfen, in der Region Gutes <a class=\"mh-excerpt-more\" href=\"https:\/\/speyer24news.com\/?p=19449\" title=\"Wirtschaft &#038; Finanzen:\">[&#8230;]<\/a><\/p>\n<\/div>","protected":false},"author":3,"featured_media":0,"comment_status":"open","ping_status":"open","sticky":false,"template":"","format":"standard","meta":{"_monsterinsights_skip_tracking":false,"_monsterinsights_sitenote_active":false,"_monsterinsights_sitenote_note":"","_monsterinsights_sitenote_category":0,"footnotes":""},"categories":[29],"tags":[27,3434,3435,1088,3436,56,2227,3437,301,303,1442,3433,1076,2196,1087],"aioseo_notices":[],"amp_enabled":true,"_links":{"self":[{"href":"https:\/\/speyer24news.com\/index.php?rest_route=\/wp\/v2\/posts\/19449"}],"collection":[{"href":"https:\/\/speyer24news.com\/index.php?rest_route=\/wp\/v2\/posts"}],"about":[{"href":"https:\/\/speyer24news.com\/index.php?rest_route=\/wp\/v2\/types\/post"}],"author":[{"embeddable":true,"href":"https:\/\/speyer24news.com\/index.php?rest_route=\/wp\/v2\/users\/3"}],"replies":[{"embeddable":true,"href":"https:\/\/speyer24news.com\/index.php?rest_route=%2Fwp%2Fv2%2Fcomments&post=19449"}],"version-history":[{"count":1,"href":"https:\/\/speyer24news.com\/index.php?rest_route=\/wp\/v2\/posts\/19449\/revisions"}],"predecessor-version":[{"id":19460,"href":"https:\/\/speyer24news.com\/index.php?rest_route=\/wp\/v2\/posts\/19449\/revisions\/19460"}],"wp:attachment":[{"href":"https:\/\/speyer24news.com\/index.php?rest_route=%2Fwp%2Fv2%2Fmedia&parent=19449"}],"wp:term":[{"taxonomy":"category","embeddable":true,"href":"https:\/\/speyer24news.com\/index.php?rest_route=%2Fwp%2Fv2%2Fcategories&post=19449"},{"taxonomy":"post_tag","embeddable":true,"href":"https:\/\/speyer24news.com\/index.php?rest_route=%2Fwp%2Fv2%2Ftags&post=19449"}],"curies":[{"name":"wp","href":"https:\/\/api.w.org\/{rel}","templated":true}]}}