{"id":19501,"date":"2019-09-19T15:33:50","date_gmt":"2019-09-19T14:33:50","guid":{"rendered":"https:\/\/speyer24news.com\/?p=19501"},"modified":"2019-09-19T15:33:51","modified_gmt":"2019-09-19T14:33:51","slug":"kultur-11","status":"publish","type":"post","link":"https:\/\/speyer24news.com\/?p=19501","title":{"rendered":"Kultur:"},"content":{"rendered":"<style type=\"text\/css\">\r\n\t.ads_top_disp{}\r\n\t.ads_top_corner_disp{ float:left; margin:0px 10px 10px 0px; }\r\n\t.ads_first_p_disp{}\r\n\t.ads_bottom_disp{}\r\n\t<\/style>\n<h2 class=\"wp-block-heading\"><strong>10. Landesorchesterwettbewerb in Speyer<\/strong><\/h2>\n\n\n\n<h3 class=\"wp-block-heading\"><strong>Spitze der rheinland-pf\u00e4lzischen Laienorchester pr\u00e4sentiert sich <br>am 26. und 27. Oktober in der Stadthalle Speyer<\/strong><\/h3>\n\n\n\n<p><strong>Zum  10. Mal findet in diesem Jahr vom 26. bis 27. Oktober 2019 der  Landesorchesterwettbewerb in der Stadthalle Speyer statt, bei dem sich  rheinland-pf\u00e4lzische Laienmusiker aus 17 Orchestern in 11 Kategorien  musikalisch miteinander messen. Die Vorspiele sind \u00f6ffentlich und finden  am Samstag zwischen 10:30 Uhr und 17 Uhr und am Sonntag zwischen 11.00  Uhr und 15.30 Uhr statt. Der Eintritt hierzu ist frei. Am Samstagabend  findet um 19.30 Uhr eine gro\u00dfe Big Band Nacht statt, bei der vier  rheinland-pf\u00e4lzische Big Bands zu h\u00f6ren sein werden.<\/strong><\/p>\n\n\n\n<div class=\"wp-block-image\"><figure class=\"aligncenter\"><img decoding=\"async\" loading=\"lazy\" width=\"800\" height=\"533\" src=\"https:\/\/speyer24news.com\/wp-content\/uploads\/2019\/09\/Musica_Viva_LOW.jpg\" alt=\"\" class=\"wp-image-19513\" srcset=\"https:\/\/speyer24news.com\/wp-content\/uploads\/2019\/09\/Musica_Viva_LOW.jpg 800w, https:\/\/speyer24news.com\/wp-content\/uploads\/2019\/09\/Musica_Viva_LOW-300x200.jpg 300w, https:\/\/speyer24news.com\/wp-content\/uploads\/2019\/09\/Musica_Viva_LOW-768x512.jpg 768w\" sizes=\"(max-width: 800px) 100vw, 800px\" \/><figcaption> Die  Kammerphilharmonie \u201emusica viva\u201c vom Landesmusikgymnasium Montabaur  unter der Leitung von Tobias Simon war auch beim 9.  Landesorchesterwettbewerb 2015 in Kaiserslautern dabei. <\/figcaption><\/figure><\/div>\n\n\n\n<p><strong>Speyer &#8211; <\/strong>Neben dem Leistungsvergleich der Orchester, die sich bei einer erfolgreichen Teilnahme f\u00fcr den Deutschen Orchesterwettbewerb 2020 in Bonn qualifizieren k\u00f6nnen, steht auch der Begegnungsgedanke im Mittelpunkt.  Hintergrund ist, dass Begegnung und Leistungsvergleich gleicherma\u00dfen dem  Ziel dienen, gemeinsames Musizieren in einem Ensemble, individuelles  K\u00f6nnen und sinnvolle Freizeitbesch\u00e4ftigung miteinander zu verbinden.<\/p>\n\n\n\n<p>Die Austragung des Wettbewerbs ist \u00f6ffentlich, interessierte Zuh\u00f6rer sind  herzlich willkommen! F\u00fcr die Big Band Nacht sind ab 12.9. Tickets zum  Preis von 10 \u20ac bzw. 8 \u20ac erm\u00e4\u00dfigt unter <a rel=\"noreferrer noopener\" href=\"https:\/\/deref-web-02.de\/mail\/client\/iOxLwbwI2X8\/dereferrer\/?redirectUrl=http%3A%2F%2Fwww.reservix.de\" target=\"_blank\">www.reservix.de<\/a> sowie an der Abendkasse erh\u00e4ltlich. Inhaber der Rheinpfalz-Card erhalten ebenfalls erm\u00e4\u00dfigten Eintritt.<\/p>\n\n\n\n<p>Ausgerichtet\n wird der Landesorchesterwettbewerb vom Landesmusikrat Rheinland-Pfalz \nin Kooperation mit der Stadt Speyer. Erm\u00f6glicht wird der Wettbewerb \ndurch das Ministerium f\u00fcr Wissenschaft, Weiterbildung und Kultur, der \nBASF Ludwigshafen, der Kulturstiftung Speyer und der Gl\u00fccksSpirale von \nLotto Rheinland-Pfalz.<\/p>\n\n\n\n<p><strong>Kurzinformation:<\/strong><\/p>\n\n\n\n<p>Die\n \u00f6ffentlichen Vorspiele zum Landesorchesterwettbewerb finden bei freiem \nEintritt am Samstag von 10.30-17 Uhr und am Sonntag von 11-15.30 Uhr in \nder Stadthalle Speyer statt. Die Big Band Nacht am 26.Oktober beginnt um\n 19.30 Uhr. Inhaber der Rheinpfalz-Card erhalten die Karten zum \nerm\u00e4\u00dfigten Preis.<\/p>\n\n\n\n<p>Tickets f\u00fcr die Big Band Nacht zum Preis von 10 Euro\/8 Euro sind im Vorverkauf erh\u00e4ltlich unter <a rel=\"noreferrer noopener\" href=\"https:\/\/deref-web-02.de\/mail\/client\/iOxLwbwI2X8\/dereferrer\/?redirectUrl=http%3A%2F%2Fwww.reservix.de\" target=\"_blank\">www.reservix.de<\/a> sowie an den bekannten Vorverkaufsstellen. An der Abendkasse kosten die Karten 12 Euro bzw. 10 Euro. <\/p>\n\n\n\n<h3 class=\"wp-block-heading\"><strong>Programm<\/strong><\/h3>\n\n\n\n<h4 class=\"wp-block-heading\"><strong>Samstag, 26. Oktober 2019<\/strong><\/h4>\n\n\n\n<ul><li>10:30 Sinfonisches Blasorchester Ludwigshafen<\/li><li>11:20 Sinfonisches Blasorchester am LMG Montabaur<\/li><li>12:10 Cornelius Brass (Mainz)<\/li><li>12:55 Brass Cats (Kaiserslautern)<\/li><li>14:45 Mandolinenorchester \u201eRietania\u201c Rhodt<\/li><li>15:30 Zupforchester \u00d6tzingen<\/li><li>16:15 P\u00e4lzer Saidezerrer (Landau\/Pfalz)<\/li><\/ul>\n\n\n\n<h4 class=\"wp-block-heading\"><strong>Gro\u00dfe Big Band-Nacht, Samstag, 26. Oktober 2019<\/strong><\/h4>\n\n\n\n<ul><li>19:30 Track 4 Big Band (Frankenthal)<\/li><li>20:10 Big Band der Hochschule Kaiserslautern<\/li><li>21:00 Blue Note Big Band (Neustadt\/Weinstra\u00dfe)<\/li><li>21:40 Uni Big Band Kaiserslautern<\/li><\/ul>\n\n\n\n<h4 class=\"wp-block-heading\"><strong>Sonntag, 27. Oktober 2019<\/strong><\/h4>\n\n\n\n<ul><li>11:00 Blockfl\u00f6tenensemble \u201eKlangfarbe\u201c (Mainz)<\/li><li>11:45 flautastique (Montabaur)<\/li><li>12:30 cantomano (Montabaur)<\/li><li>13:30 Kammerphilharmonie \u201emusica viva\u201c (Montabaur)<\/li><li>14:15 Kammerorchester der Kreismusikschule Rhein-Hunsr\u00fcck (Simmern)<\/li><li>15:00 Alba (Donnersbergkreis\/ Bad-Kreuznach)<\/li><\/ul>\n\n\n\n<p><strong><em>(Programm\u00e4nderungen vorbehalten)<\/em><\/strong><\/p>\n\n\n\n<p><em>Text: Landesmusikrat Rheinland-Pfalz e. V. Foto: Thomas Brenner<br>19.09.2019<\/em><\/p>\n\n\n\n<h1 class=\"wp-block-heading\" style=\"text-align:center\">Technik Museum Speyer \/ Sinsheim:<\/h1>\n\n\n\n<div class=\"wp-block-image\"><figure class=\"aligncenter\"><img decoding=\"async\" src=\"https:\/\/speyer24news.com\/wp-content\/uploads\/2019\/09\/Technik-Museum-Logo.png\" alt=\"\" class=\"wp-image-18757\"\/><\/figure><\/div>\n\n\n\n<h2 class=\"wp-block-heading\">Leidenschaft, Emotionen und Eleganz auf 3.000 m\u00b2<\/h2>\n\n\n\n<h3 class=\"wp-block-heading\">\u201eMythos Alfa Romeo\u201c &#8211; erste Sonderausstellung in der neuen Halle 3 des Technik Museum Sinsheim<\/h3>\n\n\n\n<div class=\"wp-block-image\"><figure class=\"aligncenter\"><img decoding=\"async\" loading=\"lazy\" width=\"800\" height=\"590\" src=\"https:\/\/speyer24news.com\/wp-content\/uploads\/2019\/09\/Architektur_Halle3_aussen_01-1.jpg\" alt=\"\" class=\"wp-image-19514\" srcset=\"https:\/\/speyer24news.com\/wp-content\/uploads\/2019\/09\/Architektur_Halle3_aussen_01-1.jpg 800w, https:\/\/speyer24news.com\/wp-content\/uploads\/2019\/09\/Architektur_Halle3_aussen_01-1-300x221.jpg 300w, https:\/\/speyer24news.com\/wp-content\/uploads\/2019\/09\/Architektur_Halle3_aussen_01-1-768x566.jpg 768w, https:\/\/speyer24news.com\/wp-content\/uploads\/2019\/09\/Architektur_Halle3_aussen_01-1-80x60.jpg 80w\" sizes=\"(max-width: 800px) 100vw, 800px\" \/><\/figure><\/div>\n\n\n\n<p><strong>Sinsheim &#8211; <\/strong>Am Donnerstag, 19. September 2019 schl\u00e4gt das Technik Museum Sinsheim ein neues Kapitel auf und \u00f6ffnet die Tore zur neuen 3.000 qm gro\u00dfen Halle 3. Die erste Sonderausstellung ist der Traditionsmarke Alfa Romeo gewidmet. Dank dem Alfa-Romeo-Werksmuseum \u201eLa Macchina del Tempo\u201c und privater Leihgeber zeigt \u201eMythos Alfa Romeo\u201c die einzigartige 109-j\u00e4hrige Historie anhand von legend\u00e4ren Rennwagen, beeindruckenden Serienfahrzeugen und technischem Equipment.<\/p>\n\n\n\n<p>\u201eEs finden j\u00e4hrliche wechselnde Sonderausstellungen statt, dadurch bleibt das Museum aktuell und f\u00fcr unsere Besucher attraktiv. Wir m\u00fcssen den jungen, an historischen Fahrzeugen Interessierten, eine Plattform bieten. Viele Oldtimer wachsen nach. Geplant ist, dass ein einmaliger Besuch des Museums f\u00fcr den Fan zur Pflicht wird, weil es jedes Jahr etwas Neues zu sehen gibt\u201c, so Museumspr\u00e4sident Hermann Layher.<\/p>\n\n\n\n<p>Die hochangebrachten Schaufenster an der Halle 3 gew\u00e4hren einen Blick auf die jeweils aktuelle Ausstellung. Innerhalb der Ausstellung k\u00f6nnen auch Events und Veranstaltungen durchgef\u00fchrt werden.<\/p>\n\n\n\n<p>Aus Elementen des historischen Bahnstegs des Bahnhofs Sinsheim, ein Wahrzeichen der Stadt, wurde die Sinsheim \u2013 Plattform gebaut. Von dieser Plattform aus kann man die ganze Stadt \u00fcberblicken. \u201eEs ist das erste Mal, dass eine Freizeiteinrichtung schon im Bau und in der Architektur die Stadt Sinsheim mit einbezieht, so Hermann Layher. Herr Oberb\u00fcrgermeister Albrecht wird die Sinsheim-Fahne hissen.<\/p>\n\n\n\n<div class=\"wp-block-image\"><figure class=\"aligncenter\"><img decoding=\"async\" loading=\"lazy\" width=\"500\" height=\"750\" src=\"https:\/\/speyer24news.com\/wp-content\/uploads\/2019\/09\/Er\u00f6ffnung-Halle-3_Pressekonferenz_28.jpg\" alt=\"\" class=\"wp-image-19515\" srcset=\"https:\/\/speyer24news.com\/wp-content\/uploads\/2019\/09\/Er\u00f6ffnung-Halle-3_Pressekonferenz_28.jpg 500w, https:\/\/speyer24news.com\/wp-content\/uploads\/2019\/09\/Er\u00f6ffnung-Halle-3_Pressekonferenz_28-200x300.jpg 200w\" sizes=\"(max-width: 500px) 100vw, 500px\" \/><\/figure><\/div>\n\n\n\n<p>Seit 1910 ist Alfa Romeo der Inbegriff f\u00fcr herausragende Technik, bahnbrechende Innovationen und atemberaubendes Design. Die Sonderausstellung \u201eMythos Alfa Romeo\u201c entf\u00fchrt die Museumsbesucher in die Welt des wohl traditionsreichsten Automobilherstellers aller Zeiten.                                                                                                                             <\/p>\n\n\n\n<p>Das Automobil mit dem geheimnisvollen Markenlogo ist zu jeder Zeit Anlaufstelle und ein Knotenpunkt f\u00fcr bedeutende Pers\u00f6nlichkeiten des vergangenen Jahrhunderts: Designer wie<\/p>\n\n\n\n<p>Pininfarina entwarfen f\u00fcr das Haus zeitlose Klassiker; Rennfahrer wie Tazio Nuvolari, Enzo Ferrari oder Jean Alesi aber auch Konstrukteure und Designer entwickelten die Marke weiter und f\u00fcllten diese mit Leben. Legend\u00e4re Rennsportsiege, Ingenieurskunst \u201emade in Italy\u201c und ein auff\u00e4lliges Design verhalfen dem schnittigen Mail\u00e4nder so zum Kultstatus. <\/p>\n\n\n\n<p>Bei Alfa Romeo stand nicht nur das Auto im Vordergrund, sondern ein ganzes Lebensgef\u00fchl. Schlie\u00dflich wurden die Autos nicht gebaut, sondern kreiert, hei\u00dft es bei Alfa Romeo Germany. \u201eIn unserer Ausstellung werden wir zusammen mit Alfa Romeo einen \u00dcberblick \u00fcber die Geschichte des Hauses sowohl im Motorsport als auch im Design zeigen. Dies beginnt in der Vorkriegszeit mit Spitzenmodellen wie einem 6c Mille Miglia und f\u00fchrt weiter mit Designikonen wie einem Montreal bis hin zu Autos mit Seltenheitswert wie einem Alfa Romeo Matta\u201c, kommentiert Ausstellungskurator Moritz Dressel den Inhalt der neuen Sonderausstellung.<\/p>\n\n\n\n<p>Wer das Technik Museum Sinsheim kennt, der wei\u00df, wie bunt und abwechslungsreich es gestaltet ist. In jeder Ecke gibt es etwas Neues zu entdecken. Bugattis umringen die Concorde-Triebwerke, ein riesen U-Boot-Motor steht zwischen unz\u00e4hligen klassischen Oldtimern. In der Halle 3 d\u00fcrfen sich die Besucher auf eine komplett andere und durchaus beeindruckende Gestaltung freuen. Das minimalistische Design lenkt den Blick auf das Wesentliche: die Autos. Nur die typischen Alfa Romeo- und gleichzeitig die Farben Italiens dominieren in der sonst im k\u00fchlen Wei\u00dfgrau gehaltenen Halle 3. Von der Decke herabh\u00e4ngende Banner sowie festangebrachte Tafeln erz\u00e4hlen die Geschichte rund um die \u201eMeccanica delle Emozioni\u201c.<\/p>\n\n\n\n<div class=\"wp-block-image\"><figure class=\"aligncenter\"><img decoding=\"async\" loading=\"lazy\" width=\"800\" height=\"533\" src=\"https:\/\/speyer24news.com\/wp-content\/uploads\/2019\/09\/Architektur_Halle3_innen_05-Gro\u00df.jpg\" alt=\"\" class=\"wp-image-19516\" srcset=\"https:\/\/speyer24news.com\/wp-content\/uploads\/2019\/09\/Architektur_Halle3_innen_05-Gro\u00df.jpg 800w, https:\/\/speyer24news.com\/wp-content\/uploads\/2019\/09\/Architektur_Halle3_innen_05-Gro\u00df-300x200.jpg 300w, https:\/\/speyer24news.com\/wp-content\/uploads\/2019\/09\/Architektur_Halle3_innen_05-Gro\u00df-768x512.jpg 768w\" sizes=\"(max-width: 800px) 100vw, 800px\" \/><\/figure><\/div>\n\n\n\n<p>Die Ausstellung selbst ist in Themengebiete unterteilt. Auf unterschiedlich hohen Podesten werden die zeitlosen Klassiker ins beste Licht ger\u00fcckt und von ihrer sch\u00f6nsten Seite pr\u00e4sentiert. So auch zum Beispiel der Alfa Romeo Matta AR 52 von 1952. Hier steht das AR f\u00fcr \u201eAutovetture da Ricognizione\u201c &#8211; zu Deutsch: Sp\u00e4hwagen. War es urspr\u00fcnglich f\u00fcr das italienische Milit\u00e4r gedacht, gibt es davon nur 154 Exemplare in ziviler Ausf\u00fchrung. Oder aber ein Alfa Romeo RL von 1922. Aus dieser Baureihe stammt das Siegerfahrzeug, welches 1923 das Langstreckenrennen Targa Florio gewann. So zierte eine Zeitlang ein Siegerkranz das Logo an allen Alfa-Fahrzeugen. Ein weiteres Highlight ist der Junior Zagato von 1972. Dieses zweit\u00fcriges Flie\u00dfheck-Sportcoup\u00e9, von Ercole Spada entworfen und vom italienischen Karosseriehersteller Zagato produziert, war bei seiner Premiere 1969 designtechnisch seiner<\/p>\n\n\n\n<p>Zeit deutlich voraus. Fortan fanden sich die glatten und schn\u00f6rkellosen Fl\u00e4chen sowie die gro\u00dfe verglaste Heckklappe bei den nachfolgenden Kompaktwagen und sportlichen Coup\u00e9s wieder.                                                                                                          <\/p>\n\n\n\n<p>Die neue Sonderausstellung &#8222;Mythos Alfa Romeo&#8220; ist ab Donnerstag, 19. September 2019 in der neuen Halle 3 des Technik Museum Sinsheim t\u00e4glich ab 9 Uhr zu sehen. Der Besuch ist im Gesamteintrittspreis des Museums enthalten. Mehr Informationen dazu: <a href=\"http:\/\/www.technik-museum.de\/alfa\">www.technik-museum.de\/alfa<\/a><\/p>\n\n\n\n<p><em>Technik Museum Speyer<br>19.09.2019<\/em><\/p>\n\n\n\n<h2 class=\"wp-block-heading\">Programm f\u00fcr Science Fiction Treffen im Technik Museum Speyer <\/h2>\n\n\n\n<div class=\"wp-block-image\"><figure class=\"aligncenter\"><img decoding=\"async\" loading=\"lazy\" width=\"800\" height=\"533\" src=\"https:\/\/speyer24news.com\/wp-content\/uploads\/2019\/09\/3718.jpg\" alt=\"\" class=\"wp-image-19503\" srcset=\"https:\/\/speyer24news.com\/wp-content\/uploads\/2019\/09\/3718.jpg 800w, https:\/\/speyer24news.com\/wp-content\/uploads\/2019\/09\/3718-300x200.jpg 300w, https:\/\/speyer24news.com\/wp-content\/uploads\/2019\/09\/3718-768x512.jpg 768w\" sizes=\"(max-width: 800px) 100vw, 800px\" \/><\/figure><\/div>\n\n\n\n<p><strong>Speyer &#8211; <\/strong>In nicht ganz zwei Wochen (28. &amp; 29.09.2019) wird Speyer wieder zum Treffpunkt f\u00fcr Fans von Science  Fiction, Superhelden oder vielen anderen Figuren aus Film und Fernsehen.  <\/p>\n\n\n\n<p>Das Programm steht und ist auch bereits auf der Homepage des Technik  Museum Speyer ver\u00f6ffentlicht.\u00a0Die Besucher erwartet wieder ein abwechslungsreiches und buntes Programm f\u00fcr gro\u00dfe und kleine Fans.<\/p>\n\n\n\n<div class=\"wp-block-image\"><figure class=\"aligncenter\"><img decoding=\"async\" loading=\"lazy\" width=\"800\" height=\"533\" src=\"https:\/\/speyer24news.com\/wp-content\/uploads\/2019\/09\/Kost\u00fcmparade-Science-Fiction-Treffen-Speyer.jpg\" alt=\"\" class=\"wp-image-19504\" srcset=\"https:\/\/speyer24news.com\/wp-content\/uploads\/2019\/09\/Kost\u00fcmparade-Science-Fiction-Treffen-Speyer.jpg 800w, https:\/\/speyer24news.com\/wp-content\/uploads\/2019\/09\/Kost\u00fcmparade-Science-Fiction-Treffen-Speyer-300x200.jpg 300w, https:\/\/speyer24news.com\/wp-content\/uploads\/2019\/09\/Kost\u00fcmparade-Science-Fiction-Treffen-Speyer-768x512.jpg 768w\" sizes=\"(max-width: 800px) 100vw, 800px\" \/><\/figure><\/div>\n\n\n\n<p>Unter <a rel=\"noreferrer noopener\" href=\"https:\/\/deref-web-02.de\/mail\/client\/3RJQHltkPZ8\/dereferrer\/?redirectUrl=http%3A%2F%2Fwww.technik-museum.de%2Fsci-fi\" target=\"_blank\">www.technik-museum.de\/sci-fi<\/a>\u00a0gibt es alle aktuellen Infos zur Veranstaltung.<\/p>\n\n\n\n<h4 class=\"wp-block-heading\">Lesen sie hier das Programm als pdf:<\/h4>\n\n\n\n<div class=\"wp-block-file\"><a href=\"https:\/\/speyer24news.com\/wp-content\/uploads\/2019\/09\/SciFi-Programmherft-2019-Internet-1.pdf\">SciFi-Programmherft-2019-Internet-1<\/a><a href=\"https:\/\/speyer24news.com\/wp-content\/uploads\/2019\/09\/SciFi-Programmherft-2019-Internet-1.pdf\" class=\"wp-block-file__button\" download>Herunterladen<\/a><\/div>\n\n\n\n<h4 class=\"wp-block-heading\">Sehen sie hier die Videoank\u00fcnding der SciFi Days:<\/h4>\n\n\n\n<figure class=\"wp-block-embed-youtube wp-block-embed is-type-video is-provider-youtube wp-embed-aspect-16-9 wp-has-aspect-ratio\"><div class=\"wp-block-embed__wrapper\">\n<iframe loading=\"lazy\" title=\"Science Fiction Days Speyer 2019 - Announcement Trailer\" width=\"500\" height=\"281\" src=\"https:\/\/www.youtube.com\/embed\/4JNttWikmRg?feature=oembed\" frameborder=\"0\" allow=\"accelerometer; autoplay; encrypted-media; gyroscope; picture-in-picture\" allowfullscreen><\/iframe>\n<\/div><\/figure>\n\n\n\n<p><em>Technik Museum Speyer<br>19.09.2019<\/em><\/p>\n\n\n\n<h2 class=\"wp-block-heading\">Weiterer Synchronsprecher beim Science Fiction Treffen Speyer<\/h2>\n\n\n\n<h3 class=\"wp-block-heading\">Zusage von Julien Hagg\u00e8ge: die Stimme von Kylo Ren<\/h3>\n\n\n\n<figure class=\"wp-block-image\"><img decoding=\"async\" loading=\"lazy\" width=\"800\" height=\"533\" src=\"https:\/\/speyer24news.com\/wp-content\/uploads\/2019\/09\/Kylo-Ren-Cosplayer-beim-Science-Ficiton-Treffen-Speyer-2017-Quelle-Daniel-Dornhoefer.jpg\" alt=\"\" class=\"wp-image-19518\" srcset=\"https:\/\/speyer24news.com\/wp-content\/uploads\/2019\/09\/Kylo-Ren-Cosplayer-beim-Science-Ficiton-Treffen-Speyer-2017-Quelle-Daniel-Dornhoefer.jpg 800w, https:\/\/speyer24news.com\/wp-content\/uploads\/2019\/09\/Kylo-Ren-Cosplayer-beim-Science-Ficiton-Treffen-Speyer-2017-Quelle-Daniel-Dornhoefer-300x200.jpg 300w, https:\/\/speyer24news.com\/wp-content\/uploads\/2019\/09\/Kylo-Ren-Cosplayer-beim-Science-Ficiton-Treffen-Speyer-2017-Quelle-Daniel-Dornhoefer-768x512.jpg 768w\" sizes=\"(max-width: 800px) 100vw, 800px\" \/><\/figure>\n\n\n\n<p><strong>Speyer &#8211; <\/strong>Kurz vor dem Science Fiction Treffen im Technik Museum Speyer tut sich noch mal etwas bei den Ehreng\u00e4sten. Leider musste Bj\u00f6rn Schalla seine Teilnahme am Event, bedingt durch kurzfristige berufliche Verpflichtungen, absagen. Aber durch seine guten Kontakte in die Welt der Synchronsprecher war schnell jemand gefunden, der ebenfalls sehr gut nach Speyer passt. Julien Hagg\u00e8ge spricht in den neuen Star Wars Filmen den Charakter Kylo Ren. Zusammen mit seiner Kollegin Kaya Marie M\u00f6ller, die in Star War die Jedi Rey spricht, hat man hier ein sehr interessantes \u201ePaar\u201c zusammen.\u00a0<\/p>\n\n\n\n<div class=\"wp-block-image\"><figure class=\"aligncenter\"><img decoding=\"async\" loading=\"lazy\" width=\"800\" height=\"554\" src=\"https:\/\/speyer24news.com\/wp-content\/uploads\/2019\/09\/Germa-Garrison-Cosplay-Gruppe-im-Technik-Museum-Speyer-Quelle-Daniel-Dornh\u00f6fer.jpg\" alt=\"\" class=\"wp-image-19519\" srcset=\"https:\/\/speyer24news.com\/wp-content\/uploads\/2019\/09\/Germa-Garrison-Cosplay-Gruppe-im-Technik-Museum-Speyer-Quelle-Daniel-Dornh\u00f6fer.jpg 800w, https:\/\/speyer24news.com\/wp-content\/uploads\/2019\/09\/Germa-Garrison-Cosplay-Gruppe-im-Technik-Museum-Speyer-Quelle-Daniel-Dornh\u00f6fer-300x208.jpg 300w, https:\/\/speyer24news.com\/wp-content\/uploads\/2019\/09\/Germa-Garrison-Cosplay-Gruppe-im-Technik-Museum-Speyer-Quelle-Daniel-Dornh\u00f6fer-768x532.jpg 768w\" sizes=\"(max-width: 800px) 100vw, 800px\" \/><\/figure><\/div>\n\n\n\n<p>Julien Hagg\u00e8ge wurde als Sohn der Schauspielerin Eva-Maria Werth geboren. Seit seiner Kindheit synchronisierte Julien schon etliche Spielfilm- und Serienproduktionen. Bekannt wurde er, als er f\u00fcr die MTV-Kultserie Beavis &amp; Butthead der durchgeknallten Figur Beavis seine Stimme lieh. Film- und Serienjunkies kennen seine Stimme unter anderem auch von den Rollen Dean Winchester aus Supernatural, Eric Northman aus True Blood, Hikaru Sulu aus den aktuellen Star Trek Filmen, oder als Jake Sisko aus Star Trek: Deep Space Nine. Auch den Anime-Fans ist seine Stimme wohlbekannt, ob als L aus Death Note oder als Kaito Kid aus Detektiv Conan. Gemeinsam mit seinen Kollegen Florian Clyde und Kaya Marie M\u00f6ller gibt Julien Hagg\u00e8ge an beiden Tagen Autogramme und ist Teil der Talkrunde am Samstagmittag. <\/p>\n\n\n\n<p>Das genaue Programm zur Veranstaltung sowie allgemeine Informationen gibt es unter <a rel=\"noreferrer noopener\" href=\"https:\/\/deref-web-02.de\/mail\/client\/3RJQHltkPZ8\/dereferrer\/?redirectUrl=http%3A%2F%2Fwww.technik-museum.de%2Fsci-fi\" target=\"_blank\">www.technik-museum.de\/sci-fi<\/a>.\u00a0<\/p>\n\n\n\n<p><em>Text: Technik Museum Speyer Foto: Daniel Dornhoefer<br>19.09.2019<\/em><\/p>\n\n\n\n<h2 class=\"wp-block-heading\">Erster Vortrag einer Astronautin am 20. Oktober im Technik Museum Speyer<\/h2>\n\n\n\n<div class=\"wp-block-image\"><figure class=\"aligncenter\"><img decoding=\"async\" loading=\"lazy\" width=\"800\" height=\"532\" src=\"https:\/\/speyer24news.com\/wp-content\/uploads\/2019\/09\/1.png\" alt=\"\" class=\"wp-image-19506\" srcset=\"https:\/\/speyer24news.com\/wp-content\/uploads\/2019\/09\/1.png 800w, https:\/\/speyer24news.com\/wp-content\/uploads\/2019\/09\/1-300x200.png 300w, https:\/\/speyer24news.com\/wp-content\/uploads\/2019\/09\/1-768x511.png 768w\" sizes=\"(max-width: 800px) 100vw, 800px\" \/><\/figure><\/div>\n\n\n\n<p><strong>Speyer &#8211; <\/strong>Das Thema Raumfahrt begeistert nicht nur M\u00e4nner. Auch f\u00fcr Frauen ist es ein spannender Bereich, ob als Hobby oder als Arbeitsplatz. \u00dcber 50 Raumfahrer besuchten bisher Europas gr\u00f6\u00dfte Raumfahrtausstellung \u201eApollo and Beyond\u201c im Technik Museum Speyer. Sie hielten Vortr\u00e4ge und standen bei Fragerunden Rede und Antwort. Am <strong>Sonntag, 20. Oktober 2019<\/strong> wird erstmals eine Astronautin einen Vortrag im Museum halten. <strong>Heidemarie Stefanyshyn-Piper<\/strong> ist eine ehemalige US Astronautin der NASA und war mit den Missionen STS-115 und STS-126 insgesamt 27 Tage, 15 Stunden und 35 Minuten im Weltraum. Sie f\u00fchrte dabei f\u00fcnf Au\u00dfenbordeins\u00e4tze mit einer Dauer von 33 Stunden und 42 Minuten durch. Bei ihrem Vortrag berichtet die Amerikanerin \u00fcber ihre beiden Raumfahrtmissionen und welche famili\u00e4re Verbindung sie unter anderem zu Deutschland hat. Der Vortrag findet in englischer Sprache statt und beginnt um 14.00 Uhr im FORUM Kino. Die Pr\u00e4sentation ist im Eintrittspreis des Museums enthalten. Informationen gibt es unter <a href=\"http:\/\/www.technik-museum.de\/astronautin\">www.technik-museum.de\/astronautin<\/a>.<\/p>\n\n\n\n<h4 class=\"wp-block-heading\">US Astronautin Heidemarie \u201eHeide\u201c Stefanyshyn-Piper<\/h4>\n\n\n\n<div class=\"wp-block-image\"><figure class=\"aligncenter\"><img decoding=\"async\" loading=\"lazy\" width=\"800\" height=\"530\" src=\"https:\/\/speyer24news.com\/wp-content\/uploads\/2019\/09\/Heide-S-P-STS-115-EVA-1.jpg\" alt=\"\" class=\"wp-image-19505\" srcset=\"https:\/\/speyer24news.com\/wp-content\/uploads\/2019\/09\/Heide-S-P-STS-115-EVA-1.jpg 800w, https:\/\/speyer24news.com\/wp-content\/uploads\/2019\/09\/Heide-S-P-STS-115-EVA-1-300x199.jpg 300w, https:\/\/speyer24news.com\/wp-content\/uploads\/2019\/09\/Heide-S-P-STS-115-EVA-1-768x509.jpg 768w\" sizes=\"(max-width: 800px) 100vw, 800px\" \/><\/figure><\/div>\n\n\n\n<p>Heidemarie wurde am 7. Februar 1963 in Saint Paul, Minnesota als das Kind von Einwanderern geboren. Der Vater der ehemaligen NASA Astronautin und Marineoffizierin stammte urspr\u00fcnglich aus der Ukraine, die Mutter kam aus Deutschland. Nach ihrer Ausbildung nahm \u201eHeide\u201c ihren aktiven Dienst in der Marine auf \u2013 Ziel war es Marinepilotin zu werden. Doch durch einen nicht bestandenen Augentest zerschlug sich ihr Traum und es musste ein anderer Weg her. Am Naval Diving and Salvage Training Center in Florida lie\u00df sie sich zur Marine- und Bergungstaucherin ausbilden. Nach einem Jahrzehnt als Taucherin bewarb sie sich mit Erfolg bei der NASA. Am 1. Mai 1996 wurde Stefanyshyn-Piper aus 2.432 Anw\u00e4rtern ausgew\u00e4hlt und begann im August desselben Jahres ihre zweij\u00e4hrige Grundausbildung im Johnson Space Center zur Astronautin. Als vollwertige Missionsspezialistin arbeitete sie anfangs bei den Unterst\u00fctzungsmannschaften und half den Shuttle-Besatzungen am Starttag beim Einstieg in die Raumf\u00e4hre. Im Februar 2002 gab es dann endlich das \u201eGo\u201c f\u00fcr ihren ersten Raumflug. Doch durch das Ungl\u00fcck der Raumf\u00e4hre Columbia am 1. Februar 2003 verz\u00f6gerte sich ihr Einsatz um vier Jahre. Am 9. September 2006 war es dann soweit und es ging mit der Raumf\u00e4hre Atlantis zur Mission STS-115 erstmals ins Weltall. Hauptnutzlast war das 16 Tonnen schwere Element P3\/P4, mit dem die Internationale Raumstation erweitert wurde. W\u00e4hrend der Mission unternahm die Astronautin zwei Au\u00dfenbordeins\u00e4tze mit einer Dauer von 13 Stunden und 8 Minuten. Sie montierte P3\/P4 am P1-Tr\u00e4ger, stellte alle notwendigen Verbindungen her und aktivierte ein K\u00fchlsystem. Die Mission dauerte 11 Tage, 19 Stunden und 6 Minuten. Zur zweiten Mission ging es am 15. November 2008. Mit STS-126 flog \u201eHeide\u201c zu einer Versorgungs- und Reparaturmission der ISS. Bei diesem Flug unternahm sie drei Au\u00dfenbordeins\u00e4tze mit einer Dauer von 20 Stunden und 34 Minuten. Die Mission endete am 30. November 2008 mit der Landung der Raumf\u00e4hre Endeavour auf der Edwards Air Force Base in Kalifornien. Die Mission dauerte 15 Tage, 20 Stunden und 29 Minuten. Heidemarie Stefanyshyn-Piper verlie\u00df die NASA im Juli 2009 und kehrte zum Naval Sea Systems Command zur\u00fcck.<\/p>\n\n\n\n<p><em>Technik Museum Speyer<br>19.09.2019<\/em><\/p>\n\n\n\n<h1 class=\"wp-block-heading\" style=\"text-align:center\"> Historische Museum der Pfalz Speyer<\/h1>\n\n\n\n<div class=\"wp-block-image\"><figure class=\"aligncenter\"><img decoding=\"async\" src=\"https:\/\/speyer24news.com\/wp-content\/uploads\/2019\/08\/Historisches-Museum-Speyer-Logo.png\" alt=\"\" class=\"wp-image-17918\"\/><\/figure><\/div>\n\n\n\n<h2 class=\"wp-block-heading\"><strong>\u201eManche m\u00f6gen\u2019s hei\u00df\u201c kam vor 60 Jahren in die deutschen Kinos<\/strong><\/h2>\n\n\n\n<h3 class=\"wp-block-heading\"><strong>Mehr \u00fcber Marilyn Monroes gr\u00f6\u00dften Kinoerfolg in der Ausstellung im Historischen Museum der Pfalz Speyer<\/strong><\/h3>\n\n\n\n<div class=\"wp-block-image\"><figure class=\"aligncenter\"><img decoding=\"async\" loading=\"lazy\" width=\"800\" height=\"600\" src=\"https:\/\/speyer24news.com\/wp-content\/uploads\/2019\/09\/Marilyn-Monroe-35-1.jpg\" alt=\"\" class=\"wp-image-19507\" srcset=\"https:\/\/speyer24news.com\/wp-content\/uploads\/2019\/09\/Marilyn-Monroe-35-1.jpg 800w, https:\/\/speyer24news.com\/wp-content\/uploads\/2019\/09\/Marilyn-Monroe-35-1-300x225.jpg 300w, https:\/\/speyer24news.com\/wp-content\/uploads\/2019\/09\/Marilyn-Monroe-35-1-768x576.jpg 768w, https:\/\/speyer24news.com\/wp-content\/uploads\/2019\/09\/Marilyn-Monroe-35-1-678x509.jpg 678w, https:\/\/speyer24news.com\/wp-content\/uploads\/2019\/09\/Marilyn-Monroe-35-1-326x245.jpg 326w, https:\/\/speyer24news.com\/wp-content\/uploads\/2019\/09\/Marilyn-Monroe-35-1-80x60.jpg 80w\" sizes=\"(max-width: 800px) 100vw, 800px\" \/><\/figure><\/div>\n\n\n\n<p>1959 erschien mit \u201eSome like it hot\u201c, mit dem deutschen Filmtitel \u201eManche m\u00f6gen\u2018s hei\u00df\u201c,  der Film der Hollywood-Schauspielerin Marilyn Monroe mit dem gr\u00f6\u00dften Bekanntheitsgrad. Am 29. M\u00e4rz 1959 kam &#8222;Some like it hot&#8220; in die amerikanischen Kinos und wurde ein gro\u00dfer finanzieller Erfolg. Auch in anderen L\u00e4ndern war die Kom\u00f6die sehr erfolgreich. In Deutschland kam die amerikanische Produktion mit dem deutschen Titel &#8222;Manche m\u00f6gen&#8217;s hei\u00df&#8220; am 17. September 1959 in die Kinos. Der Film wurde vom American Film Institut als beliebteste Kom\u00f6die des 20. Jahrhunderts gelistet.<\/p>\n\n\n\n<div class=\"wp-block-image\"><figure class=\"aligncenter\"><img decoding=\"async\" loading=\"lazy\" width=\"500\" height=\"667\" src=\"https:\/\/speyer24news.com\/wp-content\/uploads\/2019\/09\/Marilyn-Monroe-37.jpg\" alt=\"\" class=\"wp-image-19508\" srcset=\"https:\/\/speyer24news.com\/wp-content\/uploads\/2019\/09\/Marilyn-Monroe-37.jpg 500w, https:\/\/speyer24news.com\/wp-content\/uploads\/2019\/09\/Marilyn-Monroe-37-225x300.jpg 225w\" sizes=\"(max-width: 500px) 100vw, 500px\" \/><\/figure><\/div>\n\n\n\n<p>Nach dem \u201everflixten siebten Jahr\u201c war es f\u00fcr Marilyn Monroe bereits die zweite Zusammenarbeit mit dem Regisseur Billy Wilder.<br>Aus dessen Nachlass stammen viele der Objekte, die anl\u00e4sslich des 60-j\u00e4hrigen Jubil\u00e4ums von \u201eManche m\u00f6gen\u2019s hei\u00df\u201c im Historischen Museum der Pfalz in einem eigenen Themenbereich pr\u00e4sentiert werden.<br>Neben diesen seltenen Einblicken in das Archiv von Billy Wilder sind auch bisher noch nie \u00f6ffentlich gezeigte Fotografien des Speyerer Fotografen Manfred Kreiner zu sehen.<\/p>\n\n\n\n<div class=\"wp-block-image\"><figure class=\"aligncenter\"><img decoding=\"async\" loading=\"lazy\" width=\"500\" height=\"648\" src=\"https:\/\/speyer24news.com\/wp-content\/uploads\/2019\/09\/Marilyn-Monroe-41.jpg\" alt=\"\" class=\"wp-image-19509\" srcset=\"https:\/\/speyer24news.com\/wp-content\/uploads\/2019\/09\/Marilyn-Monroe-41.jpg 500w, https:\/\/speyer24news.com\/wp-content\/uploads\/2019\/09\/Marilyn-Monroe-41-231x300.jpg 231w\" sizes=\"(max-width: 500px) 100vw, 500px\" \/><\/figure><\/div>\n\n\n\n<p>Kreiner hatte Marilyn Monroe 1959 w\u00e4hrend ihrer Werbetour in Chicago zu ihrem Film \u201eManche m\u00f6gen\u2018s hei\u00df\u201c begleiten d\u00fcrfen. Aus dieser Fotosession stammen 15 Fotografien, die in der Ausstellung \u201eMarilyn Monroe. Die Unbekannte\u201c im Historischen Museum der Pfalz erstmals zu sehen sind.<\/p>\n\n\n\n<div class=\"wp-block-image\"><figure class=\"aligncenter\"><img decoding=\"async\" loading=\"lazy\" width=\"800\" height=\"600\" src=\"https:\/\/speyer24news.com\/wp-content\/uploads\/2019\/09\/Marilyn-Monroe-54.jpg\" alt=\"\" class=\"wp-image-19510\" srcset=\"https:\/\/speyer24news.com\/wp-content\/uploads\/2019\/09\/Marilyn-Monroe-54.jpg 800w, https:\/\/speyer24news.com\/wp-content\/uploads\/2019\/09\/Marilyn-Monroe-54-300x225.jpg 300w, https:\/\/speyer24news.com\/wp-content\/uploads\/2019\/09\/Marilyn-Monroe-54-768x576.jpg 768w, https:\/\/speyer24news.com\/wp-content\/uploads\/2019\/09\/Marilyn-Monroe-54-678x509.jpg 678w, https:\/\/speyer24news.com\/wp-content\/uploads\/2019\/09\/Marilyn-Monroe-54-326x245.jpg 326w, https:\/\/speyer24news.com\/wp-content\/uploads\/2019\/09\/Marilyn-Monroe-54-80x60.jpg 80w\" sizes=\"(max-width: 800px) 100vw, 800px\" \/><\/figure><\/div>\n\n\n\n<p>Rund 400 Exponate, darunter viele Objekte aus dem Privatnachlass von Marilyn Monroe geben tiefen Einblick in das Privatleben der Hollywood-Ikone: Zu den ganz pers\u00f6nlichen Exponaten z\u00e4hlen ihr Terminkalender von 1961 mit privaten Aufzeichnungen, aber auch Schuhe, Kleidungsst\u00fccke, Pflege- und Stylingprodukte, private Fotoaufnahmen und Zeichnungen sowie Briefe. <\/p>\n\n\n\n<div class=\"wp-block-image\"><figure class=\"aligncenter\"><img decoding=\"async\" loading=\"lazy\" width=\"800\" height=\"589\" src=\"https:\/\/speyer24news.com\/wp-content\/uploads\/2019\/09\/Marilyn-Monroe-83.jpg\" alt=\"\" class=\"wp-image-19511\" srcset=\"https:\/\/speyer24news.com\/wp-content\/uploads\/2019\/09\/Marilyn-Monroe-83.jpg 800w, https:\/\/speyer24news.com\/wp-content\/uploads\/2019\/09\/Marilyn-Monroe-83-300x221.jpg 300w, https:\/\/speyer24news.com\/wp-content\/uploads\/2019\/09\/Marilyn-Monroe-83-768x565.jpg 768w, https:\/\/speyer24news.com\/wp-content\/uploads\/2019\/09\/Marilyn-Monroe-83-80x60.jpg 80w\" sizes=\"(max-width: 800px) 100vw, 800px\" \/><\/figure><\/div>\n\n\n\n<p>Die Ausstellung ist noch bis 12. Januar 2020 im Historischen Museum der Pfalz Speyer zu sehen.   \u00a0   <\/p>\n\n\n\n<h4 class=\"wp-block-heading\">Hintergrundinformationen:<\/h4>\n\n\n\n<div class=\"wp-block-image\"><figure class=\"aligncenter\"><img decoding=\"async\" loading=\"lazy\" width=\"800\" height=\"356\" src=\"https:\/\/speyer24news.com\/wp-content\/uploads\/2019\/09\/Marilyn-Monroe-6.jpg\" alt=\"\" class=\"wp-image-19512\" srcset=\"https:\/\/speyer24news.com\/wp-content\/uploads\/2019\/09\/Marilyn-Monroe-6.jpg 800w, https:\/\/speyer24news.com\/wp-content\/uploads\/2019\/09\/Marilyn-Monroe-6-300x134.jpg 300w, https:\/\/speyer24news.com\/wp-content\/uploads\/2019\/09\/Marilyn-Monroe-6-768x342.jpg 768w\" sizes=\"(max-width: 800px) 100vw, 800px\" \/><\/figure><\/div>\n\n\n\n<p>Weitere Informationen zu den Terminen f\u00fcr die \u00f6ffentlichen F\u00fchrungen unter <a rel=\"noreferrer noopener\" href=\"https:\/\/deref-web-02.de\/mail\/client\/gKsZVMMlBGI\/dereferrer\/?redirectUrl=http%3A%2F%2Fwww.marilyn-ausstellung.de\" target=\"_blank\">www.marilyn-ausstellung.de<\/a>.<\/p>\n\n\n\n<p>Das Historische Museum der Pfalz ist dienstags bis sonntags von 10 bis 18 Uhr ge\u00f6ffnet, an Feiertagen auch montags. Informationen zu den Sonder\u00f6ffnungszeiten unter <a rel=\"noreferrer noopener\" href=\"https:\/\/deref-web-02.de\/mail\/client\/O8hjddZLn4E\/dereferrer\/?redirectUrl=http%3A%2F%2Fwww.museum.speyer.de\" target=\"_blank\">www.museum.speyer.de<\/a><\/p>\n\n\n\n<p><em>Text: Historischen Museum der Pfalz Speyer Foto: Speyer 24\/7 News, dak<br>19.09.2019<\/em><\/p>\n","protected":false},"excerpt":{"rendered":"<div class=\"mh-excerpt\"><p>10. Landesorchesterwettbewerb in Speyer Spitze der rheinland-pf\u00e4lzischen Laienorchester pr\u00e4sentiert sich am 26. und 27. Oktober in der Stadthalle Speyer Zum 10. Mal findet in diesem Jahr vom 26. bis 27. Oktober 2019 der Landesorchesterwettbewerb in <a class=\"mh-excerpt-more\" href=\"https:\/\/speyer24news.com\/?p=19501\" title=\"Kultur:\">[&#8230;]<\/a><\/p>\n<\/div>","protected":false},"author":3,"featured_media":0,"comment_status":"open","ping_status":"open","sticky":false,"template":"","format":"standard","meta":{"_monsterinsights_skip_tracking":false,"_monsterinsights_sitenote_active":false,"_monsterinsights_sitenote_note":"","_monsterinsights_sitenote_category":0,"footnotes":""},"categories":[14],"tags":[3468,3471,1191,3469,577,2200,3470,3466,543,867,3467,2679,6,992,133],"aioseo_notices":[],"amp_enabled":true,"_links":{"self":[{"href":"https:\/\/speyer24news.com\/index.php?rest_route=\/wp\/v2\/posts\/19501"}],"collection":[{"href":"https:\/\/speyer24news.com\/index.php?rest_route=\/wp\/v2\/posts"}],"about":[{"href":"https:\/\/speyer24news.com\/index.php?rest_route=\/wp\/v2\/types\/post"}],"author":[{"embeddable":true,"href":"https:\/\/speyer24news.com\/index.php?rest_route=\/wp\/v2\/users\/3"}],"replies":[{"embeddable":true,"href":"https:\/\/speyer24news.com\/index.php?rest_route=%2Fwp%2Fv2%2Fcomments&post=19501"}],"version-history":[{"count":2,"href":"https:\/\/speyer24news.com\/index.php?rest_route=\/wp\/v2\/posts\/19501\/revisions"}],"predecessor-version":[{"id":19520,"href":"https:\/\/speyer24news.com\/index.php?rest_route=\/wp\/v2\/posts\/19501\/revisions\/19520"}],"wp:attachment":[{"href":"https:\/\/speyer24news.com\/index.php?rest_route=%2Fwp%2Fv2%2Fmedia&parent=19501"}],"wp:term":[{"taxonomy":"category","embeddable":true,"href":"https:\/\/speyer24news.com\/index.php?rest_route=%2Fwp%2Fv2%2Fcategories&post=19501"},{"taxonomy":"post_tag","embeddable":true,"href":"https:\/\/speyer24news.com\/index.php?rest_route=%2Fwp%2Fv2%2Ftags&post=19501"}],"curies":[{"name":"wp","href":"https:\/\/api.w.org\/{rel}","templated":true}]}}