{"id":19586,"date":"2019-09-22T08:39:04","date_gmt":"2019-09-22T07:39:04","guid":{"rendered":"https:\/\/speyer24news.com\/?p=19586"},"modified":"2019-09-22T08:41:19","modified_gmt":"2019-09-22T07:41:19","slug":"schifferstadt-25","status":"publish","type":"post","link":"https:\/\/speyer24news.com\/?p=19586","title":{"rendered":"Schifferstadt:"},"content":{"rendered":"<style type=\"text\/css\">\r\n\t.ads_top_disp{}\r\n\t.ads_top_corner_disp{ float:left; margin:0px 10px 10px 0px; }\r\n\t.ads_first_p_disp{}\r\n\t.ads_bottom_disp{}\r\n\t<\/style>\n<h2 class=\"wp-block-heading\"><strong>Teilsperrung Parkplatz Hauptstra\u00dfe\nzur Soldgasse <\/strong><\/h2>\n\n\n\n<p>Am <strong>Montag, 23. September 2019<\/strong> werden auf dem Parkplatz in der Hauptstra\u00dfe zur Soldgasse Baumschnittarbeiten durchgef\u00fchrt. Aus diesem Grund m\u00fcssen Teilbereiche des Parkplatzes gesperrt werden. W\u00e4hrend dieser Zeit steht nur eine verminderte Anzahl an Parkfl\u00e4chen zur Verf\u00fcgung. Die Stadtverwaltung bitte um Beachtung und Verst\u00e4ndnis.<\/p>\n\n\n\n<p><em>Stadtverwaltung Schifferstadt<br>22.09.2019<\/em><\/p>\n\n\n\n<h2 class=\"wp-block-heading\"><strong>Sitzung des Bau- und\nVerkehrsausschusses &nbsp;<\/strong><\/h2>\n\n\n\n<p>Am <strong>Mittwoch, 25. September 2019<\/strong> beginnt um 18 Uhr die erste Sitzung des Bau- und Verkehrsausschusses im Ratssaal des Schifferstadter Rathauses Schifferstadt. <\/p>\n\n\n\n<p>Thema der \u00f6ffentlichen Sitzung ist zun\u00e4chst die LED-Stra\u00dfenbeleuchtung. Danach geht es um eine Auftragsvergabe einer Asphaltdeckschicht im \u201eGro\u00dfen Garten\u201c, anschlie\u00dfend um die Modernisierungsrichtlinie. Es folgt die Beurteilung von neun privaten Bauvorhaben und es wird \u00fcber die Stellplatzsatzung und Stellplatzabl\u00f6sesatzung beraten. Besucher sind zur \u00f6ffentlichen Sitzung herzlich eingeladen. <\/p>\n\n\n\n<p><em>Stadtverwaltung Schifferstadt<br>22.09.2019<\/em><\/p>\n\n\n\n<h2 class=\"wp-block-heading\"><strong>Auf dem Mehrweg \u2013 kommen Sie mit! <\/strong><\/h2>\n\n\n\n<h3 class=\"wp-block-heading\"><strong>Kostenloser T\u00fctentausch beim Obst- und Gem\u00fcsetag <\/strong><\/h3>\n\n\n\n<div class=\"wp-block-image\"><figure class=\"aligncenter\"><img decoding=\"async\" loading=\"lazy\" width=\"500\" height=\"667\" src=\"https:\/\/speyer24news.com\/wp-content\/uploads\/2019\/09\/Mehrweg-Tasche-hochkant.jpeg\" alt=\"\" class=\"wp-image-19588\" srcset=\"https:\/\/speyer24news.com\/wp-content\/uploads\/2019\/09\/Mehrweg-Tasche-hochkant.jpeg 500w, https:\/\/speyer24news.com\/wp-content\/uploads\/2019\/09\/Mehrweg-Tasche-hochkant-225x300.jpeg 225w\" sizes=\"(max-width: 500px) 100vw, 500px\" \/><\/figure><\/div>\n\n\n\n<p>Am <strong>Sonntag, 29. September<\/strong> l\u00e4dt das Team des Stadtmarketings Schifferstadt an seinem Stand auf dem Obst- und Gem\u00fcsetag neben der B\u00fchne zum T\u00fctentausch ein. <\/p>\n\n\n\n<p>Und so geht\u00b4s: Schnappen\nSie sich eine Ihrer Plastikt\u00fcten und tauschen Sie sie gegen eine der 100 fair\ngehandelten Stoffbeutel. Pro Besucher gibt das Stadtmarketing-Team eine der\nBaumwolltasche mit dem Aufdruck \u201eWir sind auf dem Mehrweg\u201c heraus \u2013 solange der\nVorrat reicht und nur im Tausch gegen eine Plastikt\u00fcte. <\/p>\n\n\n\n<p>Ab Montag, 30.\nSeptember gibt\u00b4s die umweltvertr\u00e4glichen Beutel dann auch an der Infotheke im\nRathaus f\u00fcr zwei Euro zu kaufen. <\/p>\n\n\n\n<p><strong>Schifferstadt: nicht am Meer und trotzdem voller M\u00fcll<\/strong><\/p>\n\n\n\n<p>Kunststoff in den\nM\u00e4gen von Seev\u00f6geln und Fischen, in Plastikt\u00fcten eingeschn\u00fcrte und dem Tod\ngeweihte Schildkr\u00f6ten, Str\u00e4nde voller M\u00fcll \u2013 geht uns nichts an, schlie\u00dflich\nleben wir in Schifferstadt und nicht am Meer? Schon, ABER: Auch an und in\nSchifferstadter Gew\u00e4ssern leben Tiere, die teilweise auch auf unseren Tellern\nlanden \u2013 und so auch winzige Kunststoffteilchen, sogenanntes Mikroplastik, in\nunseren B\u00e4uchen. Zwei- bis dreimal am Tag r\u00fcckt der Schifferstadter\nVollzugsdienst nur aufgrund von Meldungen wegen illegal abgelegtem M\u00fcll aus.\nManchmal geht es nur um eine T\u00fcte, ein anderes Mal um eine komplette\nLKW-Ladung. &nbsp;Den Plastikverbrauch zu\nreduzieren hilft der Umwelt \u2013 Tieren und Pflanzen \u2013 und so letzten Endes auch\nuns. <\/p>\n\n\n\n<p><strong>25 Minuten versus mehrere Jahre<\/strong><\/p>\n\n\n\n<p>Obwohl sie seit Juli\n2016 in Gesch\u00e4ften bezahlt werden m\u00fcssen, werden j\u00e4hrlich 3,6 Milliarden\nPlastikt\u00fcten in Deutschland verbraucht \u2013 mit einer durchschnittlichen\nGebrauchsdauer von nur 25 Minuten. Eine Stofftasche aus fairem Handel mit\nschickem Aufdruck und langen Henkeln ist garantiert l\u00e4nger in der Benutzung \u2013\nalso auf zum T\u00fctentausch am Obst- und Gem\u00fcsetag. <\/p>\n\n\n\n<p><em>Stadtverwaltung Schifferstadt<br>22.09.2019<\/em><\/p>\n\n\n\n<h2 class=\"wp-block-heading\"><strong>Klimaschutz \u2013 einfach mitmachen! &nbsp;<\/strong><\/h2>\n\n\n\n<p>Noch bis <strong>Freitag, 27. September <\/strong>k\u00f6nnen Gemeinden, Unternehmen sowie B\u00fcrgerinnen und B\u00fcrger unter <a href=\"http:\/\/www.machmit-klimaschutzkonzept-rlp.de\">www.machmit-klimaschutzkonzept-rlp.de<\/a> aktiv zum Landesklimaschutzkonzept des Landes beitragen. Von Verkehr, \u00fcber Abfall bis hin zur Stromerzeugung \u2013 jeder kann seine eigenen Ideen einbringen. &nbsp;<\/p>\n\n\n\n<p>Auch Schifferstadts\nKlimaschutzmanagerin Nicole D\u00f6rr ist aktiv dabei und hat bei einer\nVeranstaltung der Energieagentur Rheinland-Pfalz am Handlungsfeld \u201e\u00d6ffentliche\nHand, Abfall und Wasser\u201c mitgearbeitet. Jetzt sind die Schifferstadter dran,\nfindet sie. \u201eEinfach online gehen, einen Beitrag schreiben oder mitdiskutieren\n\u2013 so einfach kann jetzt jeder etwas bewegen in Sachen Klimaschutz\u201c, sagt D\u00f6rr. \n\nDas\nLandesklimaschutzkonzept wurde erstmals im Jahr 2015 vorgelegt und stellt die\nwesentlichen Strategien und Ma\u00dfnahmen zur Erreichung der Ziele des\nrheinland-pf\u00e4lzischen Landesklimaschutzgesetzes (LKSG) dar. Es gliedert sich in\ndie acht Handlungsfelder Verkehr, Gewerbe\/Handel\/Dienstleistungen, Private\nHaushalte, Industrie, Landnutzung, Strom und W\u00e4rmeerzeugung, \u00d6ffentliche Hand\nund Abfall und Wasser.\n\n\n\n<\/p>\n\n\n\n<p><em>Stadtverwaltung Schifferstadt<br>22.09.2019<\/em><\/p>\n\n\n\n<h2 class=\"wp-block-heading\"><strong>Frauenkino der\nGleichstellungsbeauftragten in Schifferstadt <\/strong><\/h2>\n\n\n\n<h3 class=\"wp-block-heading\"><strong>Film \u201eGloria \u2013 das Leben wartet nicht\u201c am 2. Oktober 2019 im Rex-Kino-Center <\/strong><\/h3>\n\n\n\n<div class=\"wp-block-image\"><figure class=\"aligncenter\"><img decoding=\"async\" loading=\"lazy\" width=\"500\" height=\"701\" src=\"https:\/\/speyer24news.com\/wp-content\/uploads\/2019\/09\/Frauenkino-02.10.19.png\" alt=\"\" class=\"wp-image-19587\" srcset=\"https:\/\/speyer24news.com\/wp-content\/uploads\/2019\/09\/Frauenkino-02.10.19.png 500w, https:\/\/speyer24news.com\/wp-content\/uploads\/2019\/09\/Frauenkino-02.10.19-214x300.png 214w\" sizes=\"(max-width: 500px) 100vw, 500px\" \/><\/figure><\/div>\n\n\n\n<p>Am <strong>Mittwoch, 2. Oktober<\/strong> um 20 Uhr l\u00e4dt das von den Gleichstellungsbeauftragten Ute Sold und Katrin Pardall initiierte Frauenkino zur romantischen Kom\u00f6die \u201eGloria \u2013 das Leben wartet nicht\u201c ins Rex-Kino-Center Schifferstadt, Zeppelinstra\u00dfe 6. Die f\u00fcr viele Frauen inzwischen liebgewonnene Veranstaltung kostet acht Euro Eintritt. Ein Glas Sekt ist inklusive.&nbsp; <\/p>\n\n\n\n<p><strong><em>Und darum geht\u00b4s im Film<\/em><\/strong><\/p>\n\n\n\n<p>Die Mittf\u00fcnfzigerin Gloria (Julianne Moore) f\u00fchlt sich seit ihrer Scheidung einsam. Ihre Kinder Anne (Caren Pistorius) und Peter (Michael Cera) haben l\u00e4ngst ein eigenes Leben \u2013 er mit seinem neugeborenen Baby, sie mit ihren Yoga-Kursen und dem hei\u00dfen neuen Surfer-Freund. Gloria, die das Tanzen liebt, beginnt deswegen, auf Single-Partys \u00fcberall in Los Angeles zu gehen. Tags\u00fcber k\u00e4mpft sie sich durch ihren langweiligen Alltag im B\u00fcro und schl\u00e4gt sie sich die N\u00e4chte um die Ohren. Bei einer dieser n\u00e4chtlichen Streifz\u00fcge lernt sie Arnold (John Turturro) kennen. Zun\u00e4chst scheint es f\u00fcr Gloria nun bergauf zu gehen, doch sie ist sich nicht sicher, ob sie ihrem neu gefundenen Gl\u00fcck trauen kann \u2013 vor allem als sie herausfindet, dass der ebenfalls geschiedene Arnold sie vor seinen T\u00f6chtern verheimlicht&#8230; (<a href=\"http:\/\/www.filmstarts.de\">www.filmstarts.de<\/a>)<\/p>\n\n\n\n<p>Karten f\u00fcrs Frauenkino\nk\u00f6nnen gerne im Vorfeld reserviert werden, m\u00fcssen allerdings am 2. Oktober bis\nsp\u00e4testens 19:30 Uhr abgeholt werden. Einlass ist um 19 Uhr. Aufgrund des\ngro\u00dfen Andrangs empfiehlt sich dringend eine Kartenreservierung im Vorfeld\nunter 06235\/9299840 (ab 17 Uhr).<\/p>\n\n\n\n<p><strong>Jeden ersten Mittwoch<\/strong><\/p>\n\n\n\n<p>Das Frauenkino findet an jedem ersten Mittwoch des Monats statt. \u00dcber die Filme entscheidet das Publikum direkt vor Ort. <\/p>\n\n\n\n<p><em>Stadtverwaltung Schifferstadt<br>22.09.2019<\/em><\/p>\n\n\n\n<h1 class=\"wp-block-heading\" style=\"text-align:center\">Volkshochschulkurse (VHS):<\/h1>\n\n\n\n<div class=\"wp-block-image\"><figure class=\"aligncenter\"><img decoding=\"async\" src=\"https:\/\/speyer24news.com\/wp-content\/uploads\/2019\/09\/VHS-1.png\" alt=\"\" class=\"wp-image-19393\"\/><\/figure><\/div>\n\n\n\n<h2 class=\"wp-block-heading\"><strong>Erst der Kurs und dann der Hund <\/strong><\/h2>\n\n\n\n<p>Am <strong>Montag, 23. September 2019 <\/strong>beginnt um 18:30 Uhr \u201eErst der Kurs und dann der Hund\u201c im Schifferstadter vhs-Bildungszentrum, Neust\u00fcckweg 2. <\/p>\n\n\n\n<p>Dieser Kurs ist Teil\nder bundesweiten Initiative \u201eDer alternative Hund \u2013 f\u00fcr ein besseres\nMiteinander von Mensch und Hund\u201c und wird in Kooperation mit Tierheimen\nangeboten. Er richtet sich an alle, die sich erstmals einen eigenen Hund\nanschaffen m\u00f6chten und denen an einem m\u00f6glichst entspannten und konfliktfreien\nStart mit dem Tier gelegen ist. <\/p>\n\n\n\n<p>Die Dozentin, die von\nder Tier\u00e4rztekammer Schleswig-Holstein als Hundetrainerin und\n-verhaltensberaterin zertifiziert wurde, vermittelt Grundkenntnisse und\nGrundfertigkeiten aus folgenden Gebieten: Allgemeines Wissen \u00fcber Hundehaltung\nin der heutigen Gesellschaft, Herkunft, Auswahl und artgerechte Haltung, angemessenes\nund r\u00fccksichtsvolles Auftreten mit Hunden, Rechte und Pflichten von\nHundehaltern sowie Haftungsfragen und Versicherungsschutz, Gesetze,\nVerordnungen und Bestimmungen zur Hundehaltung, Erste Hilfe beim Hund, Verst\u00e4ndigung\nzwischen Mensch und Hund, Wesen des Hundes (Konstitution, angeborenes und\nerlerntes Verhalten), Sinne des Hundes, K\u00f6rpersprache (Ausdrucksverhalten) des\nHundes und Erziehung des Hundes.<\/p>\n\n\n\n<p>Ein Ortstermin mit\nVorf\u00fchrungen von Hunden verschiedenster Rassen und Gr\u00f6\u00dfen in einem Tierheim\nrundet das Angebot ab. Im Anschluss daran bekommen die Teilnehmenden Gelegenheit,\nverschiedene Tierheimhunde selbst an der Leine zu f\u00fchren und sich so einen\npraktischen Einblick im Umgang mit Hunden zu verschaffen.<\/p>\n\n\n\n<p>Der Kurs erstreckt\n\u00fcber f\u00fcnf Abende. Informationen und Anmeldung erhalten Interessierte bei der\nStadtverwaltung Schifferstadt unter den Telefonnummern 06235 \/ 44302 oder 44305.<\/p>\n\n\n\n<h2 class=\"wp-block-heading\"><strong>Welcher Baum ist das? <\/strong><\/h2>\n\n\n\n<p>Am <strong>Montag, 23. September 2019<\/strong> veranstalten die Volkshochschule Rhein-Pfalz-Kreis und der BUND Rhein-Pfalz-Kreis um 19 Uhr den Kurs \u201eWelcher Baum ist das? Herbst\u201c im Schifferstadter vhs-Bildungszentrum, Neust\u00fcckweg 2. <\/p>\n\n\n\n<p>M\u00f6chten Sie den Sie\nden Wald ganz neu entdecken und erleben? Dann sind Sie in diesem Kurs genau richtig\n\u2013 hier lernen Sie B\u00e4ume und Str\u00e4ucher zu bestimmen. <\/p>\n\n\n\n<p>Der Referent erl\u00e4utert\nIhnen Techniken und einige Fachbegriffe wie sie in g\u00e4ngigen Bestimmungsb\u00fcchern\nverwendet werden. Au\u00dferdem werden moderne Bestimmungs-Apps f\u00fcr Smartphones\nvorgestellt und deren Verwendung einge\u00fcbt.&nbsp;\nErg\u00e4nzend dazu erhalten Sie Infos zu einzelnen Baum- und Straucharten\nsowie \u00fcber das \u00d6kosystem Wald im Allgemeinen. Die Bedeutung des Waldes f\u00fcr uns\nMenschen ist ebenso Thema.<\/p>\n\n\n\n<p>Beim ersten Termin\nhandelt es sich um ein Seminar mit \u00dcbungen, beim zweiten um eine Exkursion auf\ndem Lehrpfad \u201eB\u00e4ume des Jahres\u201c in Neuhofen. Dabei werden Sie in Gruppen das\nErlernte praktisch anwenden und ausprobieren.<\/p>\n\n\n\n<p>Informationen und Anmeldung erhalten Interessierte bei der Stadtverwaltung Schifferstadt unter den Telefonnummern 06235 \/ 44302 oder 44305.<\/p>\n\n\n\n<h2 class=\"wp-block-heading\"><strong>Zucker ist s\u00fc\u00df \u2013 Interessantes zum\nStoffwechsel <\/strong><\/h2>\n\n\n\n<p>Am Dienstag, 24.\nSeptember 2019 findet um 19 Uhr der Vortrag \u201eZucker ist s\u00fc\u00df \u2013 Interessantes zum\nStoffwechsel\u201c im Schifferstadter vhs-Bildungszentrum, Neust\u00fcckweg 2 statt.<\/p>\n\n\n\n<p>Erfahren Sie im\nVortrag, wie der K\u00f6rper Zucker verstoffwechselt, was passiert, wenn er damit\n\u00fcberfordert ist und auf welche Weise Sie den Kohlehydratstoffwechsel entlasten\nk\u00f6nnen, um u.a. einen Diabetes von Typ 2 zu vermeiden. Die Dozentin ist\nHeilpraktikerin.<\/p>\n\n\n\n<p>Informationen und\nAnmeldungen erhalten Interessierte bei der Stadtverwaltung Schifferstadt unter\nden Telefonnummer 06235 \/ 44302 oder 44305.<\/p>\n\n\n\n<h2 class=\"wp-block-heading\"><strong>Craniosacraltherapie \u2013 was ist das,\nwem nutzt sie? <\/strong><\/h2>\n\n\n\n<p>Am <strong>Dienstag, 24. September 2019<\/strong> veranstaltet die Volkshochschule Rhein-Pfalz-Kreis um 20 Uhr der Vortrag \u201eCraniosacraltherapie \u2013 was ist das, wem nutzt sie?\u201c im Schifferstadter vhs-Bildungszentrum, Neust\u00fcckweg 2.<\/p>\n\n\n\n<p>Eindeutschen l\u00e4sst\nsich der Fachbegriff Craniosacraltherapie ungef\u00e4hr mit\nSch\u00e4del-Kreuzbein-Therapie. Es handelt sich um eine alternative Heilmethode,\ndie auf bestimmten Handgriffen basiert und sich aus der Osteopathie entwickelt\nhat. Der Vortrag beleuchtet die Grundlagen, Entstehungsgeschichte und die\nEinsatzm\u00f6glichkeiten der Therapie. Die Dozentin ist Heilpraktikerin und\nCraniosacraltherapeutin (Master CCVD).<\/p>\n\n\n\n<p>Informationen und Anmeldungen erhalten Interessierte bei der Stadtverwaltung Schifferstadt unter den Telefonnummer 06235 \/ 44302 oder 44305. <\/p>\n\n\n\n<p><em>Stadtverwaltung Schifferstadt \/ Volkshochschule (VHS)<br>22.09.2019<\/em><\/p>\n","protected":false},"excerpt":{"rendered":"<div class=\"mh-excerpt\"><p>Teilsperrung Parkplatz Hauptstra\u00dfe zur Soldgasse Am Montag, 23. September 2019 werden auf dem Parkplatz in der Hauptstra\u00dfe zur Soldgasse Baumschnittarbeiten durchgef\u00fchrt. Aus diesem Grund m\u00fcssen Teilbereiche des Parkplatzes gesperrt werden. W\u00e4hrend dieser Zeit steht nur <a class=\"mh-excerpt-more\" href=\"https:\/\/speyer24news.com\/?p=19586\" title=\"Schifferstadt:\">[&#8230;]<\/a><\/p>\n<\/div>","protected":false},"author":3,"featured_media":0,"comment_status":"open","ping_status":"open","sticky":false,"template":"","format":"standard","meta":{"_monsterinsights_skip_tracking":false,"_monsterinsights_sitenote_active":false,"_monsterinsights_sitenote_note":"","_monsterinsights_sitenote_category":0,"footnotes":""},"categories":[126],"tags":[3475,2948,2949,182,3476,3383,127,3474,3477,2582,3045],"aioseo_notices":[],"amp_enabled":true,"_links":{"self":[{"href":"https:\/\/speyer24news.com\/index.php?rest_route=\/wp\/v2\/posts\/19586"}],"collection":[{"href":"https:\/\/speyer24news.com\/index.php?rest_route=\/wp\/v2\/posts"}],"about":[{"href":"https:\/\/speyer24news.com\/index.php?rest_route=\/wp\/v2\/types\/post"}],"author":[{"embeddable":true,"href":"https:\/\/speyer24news.com\/index.php?rest_route=\/wp\/v2\/users\/3"}],"replies":[{"embeddable":true,"href":"https:\/\/speyer24news.com\/index.php?rest_route=%2Fwp%2Fv2%2Fcomments&post=19586"}],"version-history":[{"count":2,"href":"https:\/\/speyer24news.com\/index.php?rest_route=\/wp\/v2\/posts\/19586\/revisions"}],"predecessor-version":[{"id":19590,"href":"https:\/\/speyer24news.com\/index.php?rest_route=\/wp\/v2\/posts\/19586\/revisions\/19590"}],"wp:attachment":[{"href":"https:\/\/speyer24news.com\/index.php?rest_route=%2Fwp%2Fv2%2Fmedia&parent=19586"}],"wp:term":[{"taxonomy":"category","embeddable":true,"href":"https:\/\/speyer24news.com\/index.php?rest_route=%2Fwp%2Fv2%2Fcategories&post=19586"},{"taxonomy":"post_tag","embeddable":true,"href":"https:\/\/speyer24news.com\/index.php?rest_route=%2Fwp%2Fv2%2Ftags&post=19586"}],"curies":[{"name":"wp","href":"https:\/\/api.w.org\/{rel}","templated":true}]}}