{"id":19592,"date":"2019-09-23T07:48:29","date_gmt":"2019-09-23T06:48:29","guid":{"rendered":"https:\/\/speyer24news.com\/?p=19592"},"modified":"2019-09-23T07:48:30","modified_gmt":"2019-09-23T06:48:30","slug":"germersheim-landkreis-germersheim-5","status":"publish","type":"post","link":"https:\/\/speyer24news.com\/?p=19592","title":{"rendered":"Germersheim &#038; Landkreis Germersheim:"},"content":{"rendered":"<style type=\"text\/css\">\r\n\t.ads_top_disp{}\r\n\t.ads_top_corner_disp{ float:left; margin:0px 10px 10px 0px; }\r\n\t.ads_first_p_disp{}\r\n\t.ads_bottom_disp{}\r\n\t<\/style>\n<h1 class=\"wp-block-heading\" style=\"text-align:center\"><strong>Kreisvolkshochschule Germersheim: <\/strong><\/h1>\n\n\n\n<div class=\"wp-block-image\"><figure class=\"aligncenter\"><img decoding=\"async\" src=\"https:\/\/speyer24news.com\/wp-content\/uploads\/2019\/09\/KVHS-GER-Logo.png\" alt=\"\" class=\"wp-image-19415\"\/><\/figure><\/div>\n\n\n\n<h2 class=\"wp-block-heading\"><strong>Kurse, Vortr\u00e4ge, Veranstaltungen<\/strong><\/h2>\n\n\n\n<p>Es wird darauf hingewiesen, dass zu\nallen nachstehend aufgef\u00fchrten Kursen und Vortr\u00e4gen eine<strong> Anmeldung unbedingt erforderlich <\/strong>ist. Kontaktadressen sind\nam Ende des Textes zu finden.<\/p>\n\n\n\n<p><strong>2019kv080<\/strong><strong><\/strong><\/p>\n\n\n\n<p><strong>\u201eInformationsabend\u201c&nbsp;\n&#8211; <\/strong><em>kostenfrei <\/em><strong>&#8211;<\/strong><\/p>\n\n\n\n<p><strong>Vorbereitungskurs\nzum nachtr\u00e4glichen Erwerb der Berufsreife (Hauptschulabschluss)<\/strong><strong>\u201c\n&#8211; <\/strong>Kurs mit<strong> Karin\nTr\u00e4ber:<\/strong> Germersheim, Ritter-von-Schmau\u00df-Str.\/Ecke Paradeplatz, Seiteneingang der Berufsbildende Schule, EG, Saal E 01,\nam Mittwoch, den 16.10.2019 von 18:00 &nbsp;bis ca.\n19:30 Uhr. <\/p>\n\n\n\n<p><strong>2019kv325<\/strong><strong><\/strong><\/p>\n\n\n\n<p><strong>\u201ePr\u00e4sentation mit PowerPoint 2016\u201c &#8211; <\/strong>Kurs mit<strong> Gerald Kessing:<\/strong> Germersheim, Ritter-von-Schmau\u00df-Str.\/Ecke\nParadeplatz, EDV-Raum in der KVHS\nGesch\u00e4ftsstelle. Beginn: Montag, 21.10.2019, 18:00\n&#8211; 21:00 Uhr. Dauer: 4 Termine,\nKosten: 56,00 Euro\/Person.<\/p>\n\n\n\n<p><strong>2019kv227<\/strong><strong><\/strong><\/p>\n\n\n\n<p><strong>\u201eVersicherungsbeitr\u00e4ge sparen f\u00fcr 60+ &#8211; Vortrag\u201c\n&#8211; <\/strong>Kurs mit<strong> Andrea Kalt:<\/strong>\nGermersheim, Ritter-von-Schmau\u00df-Str.\/Ecke Paradeplatz, Seminarraum 1 in der KVHS Gesch\u00e4ftsstelle. Beginn: Montag, 21.10.2019,\n19:00 &#8211; 21:15\nUhr. Dauer: 1 Termin, Kosten: 10,00 Euro\/Person.<\/p>\n\n\n\n<p><strong>2019kv037<\/strong><strong><\/strong><\/p>\n\n\n\n<p><strong>\u201eVorbereitungskurs zum nachtr\u00e4glichen Erwerb der\nBerufsreife (Hauptschulabschluss)\u201c &#8211; <\/strong>Kurs mit<strong> Christiane Langner-Feith:<\/strong> Germersheim, Ritter-von-Schmau\u00df-Str.\/Ecke\nParadeplatz, Seiteneingang der\nBerufsbildende Schule, 1. OG, Saal 1.01. Beginn: Donnerstag, 24.10.2019, 18:00 &#8211; 21:15\nUhr. Dauer: 65 Termine, Kosten: 245,00\nEuro\/Person. <\/p>\n\n\n\n<p><strong>2019kv268<\/strong><strong><\/strong><\/p>\n\n\n\n<p><strong>\u201eImmobilienrecht &#8211; Erwerb der eigenen vier W\u00e4nde &#8211;\nRechtsvortrag\u201c &#8211; <\/strong>Kurs\nmit<strong> Matthias\nMarz:<\/strong> Germersheim, Ritter-von-Schmau\u00df-Str.\/Ecke Paradeplatz, Seminarraum 1 in der KVHS Gesch\u00e4ftsstelle.\nBeginn: Donnerstag, 24.10.2019, 19:30\n&#8211; 21:00 Uhr. Dauer: 1 Termin, Kosten: 10,00 Euro\/Person.<\/p>\n\n\n\n<p><strong>2019kv312<\/strong><strong><\/strong><\/p>\n\n\n\n<p><strong>\u201eSpinnen mit der Handspindel &#8211; Einsteiger-Workshop B\u201c\n&#8211; <\/strong>Kurs mit<strong> Sonja\nCollet:<\/strong> Germersheim, Ritter-von-Schmau\u00df-Str.\/Ecke Paradeplatz, Seiteneingang der Berufsbildende Schule, EG, Saal E 07.\nBeginn: Samstag, 26.10.2019, 09:00 &#8211; 12:45 Uhr. Dauer: 1 Termin, Kosten: 20,00\nEuro\/Person.<\/p>\n\n\n\n<p><strong>2019kv220<\/strong><strong><\/strong><\/p>\n\n\n\n<p><strong>\u201eFeldenkraismethode\u00ae &#8211; Kurs A\u201c &#8211; <\/strong>Kurs mit<strong> Katharina Gayer:<\/strong> Germersheim, Ritter-von-Schmau\u00df-Str.\/Ecke\nParadeplatz, Seiteneingang der\nBerufsbildende Schule, EG, Saal E 06. Beginn: Samstag, 26.10.2019, 10:00 &#8211; 16:30\nUhr. Dauer: 1 Termin, Kosten: 40,00 Euro\/Person.<\/p>\n\n\n\n<p>Eine <strong>Anmeldung<\/strong>\nist zu allen Veranstaltungen der Kreisvolkshochschule zwingend <strong>erforderlich. <\/strong>Pers\u00f6nlich&nbsp;bei der Gesch\u00e4ftsstelle der KVHS in\nGermersheim, Ritter-von-Schmau\u00df-Str.\/Ecke Paradeplatz, telefonisch 07274-53334\noder -53382, per E-Mail: <a href=\"mailto:vhs@kreis-germersheim.de\">vhs@kreis-germersheim.de<\/a> oder online \u00fcber ein\nBuchungsformular <\/p>\n\n\n\n<p>auf\nder Homepage unter www.kreis-germersheim.de\/kvhs.<\/p>\n\n\n\n<p><strong>Bitte beachten Sie unsere\n\u00d6ffnungszeiten:<\/strong><\/p>\n\n\n\n<p>Montag\nbis Freitag: 08:30 bis 12:00 Uhr, Dienstag: 13:30 bis 16:00 Uhr, Donnerstag:\n13:30 bis 18:00 Uhr, <\/p>\n\n\n\n<p>Annahmeschluss:\njeweils&nbsp;15 Minuten vor Ende der \u00d6ffnungszeiten.<\/p>\n\n\n\n<p><em>Kreisverwaltung Germersheim<br>23.09.2019<\/em><\/p>\n\n\n\n<h2 class=\"wp-block-heading\"><strong>Netzwerkkonferenz\nzum Thema \u201eQuerdenken erw\u00fcnscht\u201c<\/strong><\/h2>\n\n\n\n<p>\u201eQuerdenken erw\u00fcnscht\u201c ist das Thema der Netzwerkkonferenz 2019 des \u201eLokalen Netzwerks Kinderschutz und Kindergesundheit\u201c. Zu dieser interdisziplin\u00e4ren Veranstaltung am <strong>Mittwoch, 23. Oktober 2019<\/strong>, 13 bis 18 Uhr, l\u00e4dt das Jugendamt des Landkreises Germersheim interessierte Fachleute in die Stadthalle Kandel, Schulgasse 3, ein.<\/p>\n\n\n\n<p>Eingeladen sind alle, die im professionellen\nZusammenhang mit Kindern, Jugendlichen und Familien arbeiten (LehrerInnen,\n\u00c4rztInnen, ErzieherInnen, Hebammen, BeraterInnen, etc). Auf dem Programm der\nNetzwerkkonferenz steht u.a. ein Workshop \u201eLife Kinetik: Training f\u00fcr K\u00f6rper\nund Geist\/Querdenken erw\u00fcnscht\u201c und eine Informationsmesse, in der sich\nAnbieter und Beratungsstellen, die im Kreis Germersheim mit und f\u00fcr Familien\narbeiten, vorstellen.<\/p>\n\n\n\n<p>Die Teilnahme ist kostenfrei. F\u00fcr Anmeldungen (bis 16. Oktober 2019) und R\u00fcckfragen steht in der Kreisverwaltung Germersheim, Fachbereich Jugendhilfe, Annette Heck, 17er-Str. 1, 76726 Germersheim, Tel. 07274\/53-373, Fax 07274\/53-15597, E-Mail: <a href=\"a.heck@kreis-germersheim.de\">a.heck@kreis-germersheim.de<\/a>, zur Verf\u00fcgung.<\/p>\n\n\n\n<p><em>Kreisverwaltung Germersheim<br>23.09.2019<\/em><\/p>\n\n\n\n<h2 class=\"wp-block-heading\">\u201eSo schmeckt die S\u00fcdpfalz\u201c<\/h2>\n\n\n\n<h3 class=\"wp-block-heading\">Buttrig, erdig oder nussig im Geschmack: Aufregend und raffiniert wird es, wenn Pf\u00e4lzer GRUMBEERE auf die Teller kommen.<\/h3>\n\n\n\n<h4 class=\"wp-block-heading\">Der Wettbewerb \u201eSo schmeckt die S\u00fcdpfalz \u201c ist nominiert f\u00fcr den Tourismuspreis Rheinland-Pfalz 2019<\/h4>\n\n\n\n<div class=\"wp-block-image\"><figure class=\"aligncenter\"><img decoding=\"async\" loading=\"lazy\" width=\"800\" height=\"639\" src=\"https:\/\/speyer24news.com\/wp-content\/uploads\/2019\/09\/So-schmeckt-die-S\u00fcdpfalz.png\" alt=\"\" class=\"wp-image-19596\" srcset=\"https:\/\/speyer24news.com\/wp-content\/uploads\/2019\/09\/So-schmeckt-die-S\u00fcdpfalz.png 800w, https:\/\/speyer24news.com\/wp-content\/uploads\/2019\/09\/So-schmeckt-die-S\u00fcdpfalz-300x240.png 300w, https:\/\/speyer24news.com\/wp-content\/uploads\/2019\/09\/So-schmeckt-die-S\u00fcdpfalz-768x613.png 768w\" sizes=\"(max-width: 800px) 100vw, 800px\" \/><\/figure><\/div>\n\n\n\n<p><strong>Germersheim &#8211; <\/strong>Geschafft! Der Gastronomiewettbewerb \u201eSo schmeckt die S\u00fcdpfalz\u201c ist nominiert f\u00fcr den Tourismuspreis Rheinland-Pfalz in der Kategorie Projekt des Jahres.  <\/p>\n\n\n\n<p>Aus insgesamt 70 Bewerbungen wurden in drei Kategorien je drei Nominierte ausgew\u00e4hlt. Die Sieger werden am 12. November 2019 auf dem Tourismustag Rheinland-Pfalz in Ingelheim gek\u00fcrt. Besonders \u00fcberzeugt hat die 12-k\u00f6pfige Fachjury die Vernetzung von Produzenten regionaler Produkte, Gastronomiebetrieben und Tourismusstellen, durch welche das regionale Tourismusbewusstsein gest\u00e4rkt werden kann.  <\/p>\n\n\n\n<p>Der Tourismusverein S\u00fcdpfalz-Tourismus Landkreis Germersheim e.V. ist stolz, unter den Nominierten zu sein und freut sich \u00fcber diesen Erfolg. Silke Wiedrig, Gesch\u00e4ftsf\u00fchrerin des S\u00fcdpfalz-Tourismus Landkreis Germersheim e.V. konnte mit ihrer Pr\u00e4sentation vor der Fachjury punkten und die S\u00fcdpfalz im Gesamten als authentische Genussregion darstellen. Unterst\u00fctzt wurde sie dabei von Christiane Steinmetz, Gesch\u00e4ftsf\u00fchrerin der B\u00fcrgerstiftung Pfalz und Betreiberin des Stiftsgut Keyserm\u00fchle in Klingenm\u00fcnster, die von ihren positiven Erfahrungen als Teilnehmerin am Wettbewerb berichten konnte.<\/p>\n\n\n\n<p>Der Wettbewerb \u201eSo schmeckt die S\u00fcdpfalz\u201c wird j\u00e4hrlich unter einem neuen Motto gemeinsam mit dem Tourismusverein S\u00fcdliche Weinstra\u00dfe e.V. organisiert. Landrat Dr. Brechtel (GER), Landrat Dietmar Seefeldt (S\u00dcW) und Oberb\u00fcrgermeister Thomas Hirsch (LD) zur Nominierung und die damit verbundene Anerkennung der tollen Leistung aller Beteiligten: \u201eDieses Zusammentreffen von Gastronomen und landwirtschaftlichen Erzeugern ist genau das, was sich unsere Tourismusvereine S\u00fcdpfalz-Tourismus Landkreis Germersheim e.V. und S\u00fcdliche Weinstrasse e.V. als Veranstalter des Genuss-Wettbewerbs w\u00fcnschen; zeigt es doch, wie kurz die Wege f\u00fcr regionale Produkte in der S\u00fcdpfalz sind und welchen Wettbewerbsvorteil unsere Region vor anderen Destinationen hat. Jetzt hei\u00dft es: Daumen dr\u00fccken!\u201c<\/p>\n\n\n\n<p>Weitere Infos gibt es zum Wettbewerb unter <a href=\"http:\/\/www.soschmecktdiesuedpfalz.de\">www.soschmecktdiesuedpfalz.de<\/a> zum Tourismuspreis unter <a href=\"https:\/\/www.tourismuspreis-rheinland-pfalz.de\/die-beitraege\/dienominierten\">https:\/\/www.tourismuspreis-rheinland-pfalz.de\/die-beitraege\/dienominierten<\/a> <\/p>\n\n\n\n<p><em>Kreisverwaltung Germersheim<br>23.09.2019<\/em><\/p>\n\n\n\n<h2 class=\"wp-block-heading\"><strong>Staatssekret\u00e4r Dr. Thomas\nGebhart \u00fcberbringt f\u00fcr den Breitbandausbau im Kreis Germersheim\nZuwendungsbescheid des Bundes <\/strong><\/h2>\n\n\n\n<h3 class=\"wp-block-heading\"><strong>Landrat: Finanzierung des Glasfaserausbaus f\u00fcr 8 Mio Euro damit\u00a0 sichergestellt<\/strong><\/h3>\n\n\n\n<div class=\"wp-block-image\"><figure class=\"aligncenter\"><img decoding=\"async\" loading=\"lazy\" width=\"800\" height=\"496\" src=\"https:\/\/speyer24news.com\/wp-content\/uploads\/2019\/09\/\u00dcbergabe-Zuwendungsbescheid-des-Bundes-Breitband-Landkreis-GER-2.jpg\" alt=\"\" class=\"wp-image-19594\" srcset=\"https:\/\/speyer24news.com\/wp-content\/uploads\/2019\/09\/\u00dcbergabe-Zuwendungsbescheid-des-Bundes-Breitband-Landkreis-GER-2.jpg 800w, https:\/\/speyer24news.com\/wp-content\/uploads\/2019\/09\/\u00dcbergabe-Zuwendungsbescheid-des-Bundes-Breitband-Landkreis-GER-2-300x186.jpg 300w, https:\/\/speyer24news.com\/wp-content\/uploads\/2019\/09\/\u00dcbergabe-Zuwendungsbescheid-des-Bundes-Breitband-Landkreis-GER-2-768x476.jpg 768w\" sizes=\"(max-width: 800px) 100vw, 800px\" \/><figcaption> Staatssekret\u00e4r  Dr. Thomas Gebhart (rechts) \u00fcberreicht Landrat Dr. Fritz Brechtel den  Zuwendungsbescheid des Bundes f\u00fcr den Breitbandausbau im Kreis GER <\/figcaption><\/figure><\/div>\n\n\n\n<p>Der\nparlamentarische Staatssekret\u00e4r Dr. Thomas Gebhart hat am Mittwoch, 18.09.2019,\nden abschlie\u00dfenden F\u00f6rderbescheid des Bundes f\u00fcr den Breitbandausbau im\nLandkreis Germersheim an Landrat Dr. Fritz Brechtel \u00fcbergeben. Mit rund 3,93\nMio. Euro unterst\u00fctzt der Bund die geplante Glasfasererschlie\u00dfung der\nsogenannten \u201ewei\u00dfen Flecken\u201c. <\/p>\n\n\n\n<p>\u201eDer\nLandkreis Germersheim ist in Sachen schnelles Internet im Vergleich zu anderen\nKommunen im Land schon jetzt gut aufgestellt. Ziel ist jedoch der\nfl\u00e4chendeckende Glasfaserausbau\u201c, so Landrat Dr. Fritz Brechtel. \u201eMit den\nF\u00f6rdermitteln von Bund und Land k\u00f6nnen wir nun einen weiteren Schritt des\nGigabitausbaus realisieren und die bislang unterversorgten Gebiete mit\nGlasfaser versorgen.\u201c<\/p>\n\n\n\n<p>Das\nLand Rheinland-Pfalz hat ebenfalls einen Zuschuss in H\u00f6he von rund 3,14 Mio.\nEuro zugesagt.<\/p>\n\n\n\n<p>\u201eDer Ausbau im Landkreis Germersheim ist ein wesentlicher Beitrag f\u00fcr Innovation, Wachstum und Besch\u00e4ftigung. Damit stellt der Landkreis eine wichtige Weiche f\u00fcr seine Zukunftsf\u00e4higkeit\u201c, so Dr. Thomas Gebhart bei der \u00dcbergabe des Zuwendungsbescheides. <\/p>\n\n\n\n<div class=\"wp-block-image\"><figure class=\"aligncenter\"><img decoding=\"async\" loading=\"lazy\" width=\"800\" height=\"535\" src=\"https:\/\/speyer24news.com\/wp-content\/uploads\/2019\/09\/\u00dcbergabe-Zuwendungsbescheid-des-Bundes-Breitband-Landkreis-GER-3.jpg\" alt=\"\" class=\"wp-image-19595\" srcset=\"https:\/\/speyer24news.com\/wp-content\/uploads\/2019\/09\/\u00dcbergabe-Zuwendungsbescheid-des-Bundes-Breitband-Landkreis-GER-3.jpg 800w, https:\/\/speyer24news.com\/wp-content\/uploads\/2019\/09\/\u00dcbergabe-Zuwendungsbescheid-des-Bundes-Breitband-Landkreis-GER-3-300x201.jpg 300w, https:\/\/speyer24news.com\/wp-content\/uploads\/2019\/09\/\u00dcbergabe-Zuwendungsbescheid-des-Bundes-Breitband-Landkreis-GER-3-768x514.jpg 768w\" sizes=\"(max-width: 800px) 100vw, 800px\" \/><\/figure><\/div>\n\n\n\n<p>Insgesamt\n1.207 bislang unterversorgte Anschl\u00fcsse in 16 Gemeinden sollen im Rahmen des\nkreisweiten Projektes zur Verbesserung der Breitbandinfrastruktur einen\nFTTB-Anschluss (Fibre To The Building) erhalten, darunter 331 Unternehmen und\n30 Schulen. Damit ergibt sich f\u00fcr die betreffenden Anschl\u00fcsse nach dem Ausbau\neine m\u00f6gliche Daten\u00fcbertragungsgeschwindigkeit von einem Gigabit pro Sekunde.<\/p>\n\n\n\n<p>\u201eGut\nausgebaute Breitbandnetze sind heute eine zentrale Voraussetzung f\u00fcr\ntechnologischen Fortschritt und wirtschaftliche Entwicklung. Au\u00dferdem wird\nunser allt\u00e4gliches Miteinander immer digitaler. Die Versorgung mit schnellem\nInternet ist ein wichtiger Standortfaktor sowohl f\u00fcr die Ansiedlung von\nUnternehmen als auch bei der Wahl des Wohnsitzes, und damit ein wichtiger\nBestandteil der Grunddaseinsvorsorge&#8220;, sagt Landrat Dr. Fritz Brechtel.<\/p>\n\n\n\n<p>Insgesamt\nwerden rund 8 Mio. Euro f\u00fcr die Durchf\u00fchrung des Breitbandausbaus im Landkreis\nGermersheim aufgewendet. Der Bund finanziert 50 % der Kosten, das Land\n\u00fcbernimmt 40 %. Der verbleibende Eigenanteil in H\u00f6he von rd. 800.000 \u20ac wird von\nden Kommunen und dem Landkreis getragen. Nach dem sogenannten\nWirtschaftlichkeitsl\u00fcckenmodell werden dem Telekommunikationsunternehmen, das\nden Zuschlag erh\u00e4lt, die zus\u00e4tzlichen Aufwendungen erstattet, die f\u00fcr einen\nwirtschaftlichen Betrieb erforderlich sind.<\/p>\n\n\n\n<p>Landrat Brechtel: \u201eDen Auftrag f\u00fcr den Breitbandausbau wird zeitnah die Telekom erhalten, die im Zuge des Ausschreibungsverfahrens das Angebot mit der niedrigsten Wirtschaftlichkeitsl\u00fccke abgegeben hat. Der Realisierungsplan der Telekom sieht f\u00fcr die Umsetzung des Projektes einen Zeitraum von 36 Monaten vor.\u201c<\/p>\n\n\n\n<p><em>Kreisverwaltung Germersheim<br>23.09.2019<\/em><\/p>\n\n\n\n<h2 class=\"wp-block-heading\"><strong>Kreisweiter\nFerien- und Freizeitkalender 2020<\/strong><\/h2>\n\n\n\n<h3 class=\"wp-block-heading\"><strong>Aufruf: Freizeit- und Ferienveranstaltungen 2020 schon jetzt melden<\/strong><\/h3>\n\n\n\n<div class=\"wp-block-image\"><figure class=\"aligncenter\"><img decoding=\"async\" loading=\"lazy\" width=\"500\" height=\"705\" src=\"https:\/\/speyer24news.com\/wp-content\/uploads\/2019\/09\/FK.jpg\" alt=\"\" class=\"wp-image-19593\" srcset=\"https:\/\/speyer24news.com\/wp-content\/uploads\/2019\/09\/FK.jpg 500w, https:\/\/speyer24news.com\/wp-content\/uploads\/2019\/09\/FK-213x300.jpg 213w\" sizes=\"(max-width: 500px) 100vw, 500px\" \/><\/figure><\/div>\n\n\n\n<p>\u201eDamit Eltern und\nKinder m\u00f6glichst bald in die Urlaubs- und Ferienplanung 2020 einsteigen k\u00f6nnen,\nbitten wir alle Anbieter von Freizeiten und Ferienaktivit\u00e4ten um\nschnellstm\u00f6gliche Meldung ihrer Angebote\u201c, so der Erste Kreisbeigeordnete\nChristoph Buttweiler. Diese Informationen werden vom Jugendamt des Landkreises\nGermersheim \u2013 wie jedes Jahr \u2013 in einem Freizeit- und Ferienkalender\nzusammengestellt. Alle gemeldeten Angebote werden nach Eingang zun\u00e4chst in ein\nOnline-Portal auf der Homepage des Kreises gestellt, Anfang 2020 gibt es dann\nauch eine Druckversion des Ferienkalenders. <\/p>\n\n\n\n<p>\u201eDer Ferien- und\nFreizeitkalender bietet jungen Familien mit Kindern bzw. alleinerziehenden\nElternteilen, die nach Ferienbetreuungsm\u00f6glichkeiten f\u00fcr ihre Kinder suchen,\neinen hilfreichen ersten \u00dcberblick und tr\u00e4gt auch zur Vereinbarkeit von Beruf\nund Familie bei\u201c, wirbt Landrat Dr. Fritz Brechtel. Neben Ferienfreizeiten\nwerden auch ganzt\u00e4gige (Ferien-) Veranstaltungen wie z.B. Kinderferienwochen,\nSpielaktionen und Spielfeste f\u00fcr Menschen mit und ohne Beeintr\u00e4chtigungen sowie\nVortr\u00e4ge und Seminare f\u00fcr ehrenamtliche Jugendgruppenleiter\/innen gerne\naufgenommen. Insbesondere gefragt sind Ma\u00dfnahmen in den Oster-, Sommer-,\nHerbst- und Winterferien.<\/p>\n\n\n\n<p>Die gedruckte Variante\ndes Kalenders wird voraussichtlich ab Anfang Februar 2020 unter anderem in den\nVerwaltungen des Landkreises, in den Familienb\u00fcros und bei den\nSchulsozialarbeiter\/innen und Jugendpfleger\/innen im Landkreis erh\u00e4ltlich sein.<\/p>\n\n\n\n<p>Die Meldung von Angeboten und Veranstaltungen im Ferien- und Freizeitkalender erfolgen \u00fcber einen Vordruck. Diesen Vordruck gibt es unter <a href=\"http:\/\/www.kreis-germersheim.de\">www.kreis-germersheim.de<\/a> unter Downloads, Bereich Freizeit und Ferien. Er kann auch unter der E-Mail-Adresse <a href=\"m.leingang@kreis-germersheim.de\">m.leingang@kreis-germersheim.de<\/a> angefordert werden. <\/p>\n\n\n\n<p>F\u00fcr die Onlineplattform ben\u00f6tigt das Jugendamt eine schnellstm\u00f6gliche Meldung der Angebote. F\u00fcr die gedruckte Variante des \u201eFerien- und Freizeitkalenders\u201c, wird um R\u00fccksendung der Meldungen bis sp\u00e4testens <strong>13. Dezember 2019<\/strong> an E-Mail <a href=\"m.leingang@kreis-germersheim.de\">m.leingang@kreis-germersheim.de<\/a>, per Post an Kreisverwaltung Germersheim, Jugendf\u00f6rderung, 17er Stra\u00dfe 1, 76726 Germersheim oder per Fax an 07274\/53-15578 gebeten. F\u00fcr R\u00fcckfragen und weitere Informationen steht Mirco Leingang unter Tel. 07274\/53-372 zur Verf\u00fcgung.<\/p>\n\n\n\n<p><em>Kreisverwaltung Germersheim<br>23.09.2019<\/em><\/p>\n","protected":false},"excerpt":{"rendered":"<div class=\"mh-excerpt\"><p>Kreisvolkshochschule Germersheim: Kurse, Vortr\u00e4ge, Veranstaltungen Es wird darauf hingewiesen, dass zu allen nachstehend aufgef\u00fchrten Kursen und Vortr\u00e4gen eine Anmeldung unbedingt erforderlich ist. Kontaktadressen sind am Ende des Textes zu finden. 2019kv080 \u201eInformationsabend\u201c&nbsp; &#8211; kostenfrei &#8211; <a class=\"mh-excerpt-more\" href=\"https:\/\/speyer24news.com\/?p=19592\" title=\"Germersheim &#038; Landkreis Germersheim:\">[&#8230;]<\/a><\/p>\n<\/div>","protected":false},"author":3,"featured_media":0,"comment_status":"open","ping_status":"open","sticky":false,"template":"","format":"standard","meta":{"_monsterinsights_skip_tracking":false,"_monsterinsights_sitenote_active":false,"_monsterinsights_sitenote_note":"","_monsterinsights_sitenote_category":0,"footnotes":""},"categories":[449],"tags":[2512,3479,3480,3481,210,1665,3478,375,459],"aioseo_notices":[],"amp_enabled":true,"_links":{"self":[{"href":"https:\/\/speyer24news.com\/index.php?rest_route=\/wp\/v2\/posts\/19592"}],"collection":[{"href":"https:\/\/speyer24news.com\/index.php?rest_route=\/wp\/v2\/posts"}],"about":[{"href":"https:\/\/speyer24news.com\/index.php?rest_route=\/wp\/v2\/types\/post"}],"author":[{"embeddable":true,"href":"https:\/\/speyer24news.com\/index.php?rest_route=\/wp\/v2\/users\/3"}],"replies":[{"embeddable":true,"href":"https:\/\/speyer24news.com\/index.php?rest_route=%2Fwp%2Fv2%2Fcomments&post=19592"}],"version-history":[{"count":1,"href":"https:\/\/speyer24news.com\/index.php?rest_route=\/wp\/v2\/posts\/19592\/revisions"}],"predecessor-version":[{"id":19597,"href":"https:\/\/speyer24news.com\/index.php?rest_route=\/wp\/v2\/posts\/19592\/revisions\/19597"}],"wp:attachment":[{"href":"https:\/\/speyer24news.com\/index.php?rest_route=%2Fwp%2Fv2%2Fmedia&parent=19592"}],"wp:term":[{"taxonomy":"category","embeddable":true,"href":"https:\/\/speyer24news.com\/index.php?rest_route=%2Fwp%2Fv2%2Fcategories&post=19592"},{"taxonomy":"post_tag","embeddable":true,"href":"https:\/\/speyer24news.com\/index.php?rest_route=%2Fwp%2Fv2%2Ftags&post=19592"}],"curies":[{"name":"wp","href":"https:\/\/api.w.org\/{rel}","templated":true}]}}