{"id":19601,"date":"2019-09-23T08:41:07","date_gmt":"2019-09-23T07:41:07","guid":{"rendered":"https:\/\/speyer24news.com\/?p=19601"},"modified":"2019-09-23T08:41:08","modified_gmt":"2019-09-23T07:41:08","slug":"hassloch-28","status":"publish","type":"post","link":"https:\/\/speyer24news.com\/?p=19601","title":{"rendered":"Ha\u00dfloch:"},"content":{"rendered":"<style type=\"text\/css\">\r\n\t.ads_top_disp{}\r\n\t.ads_top_corner_disp{ float:left; margin:0px 10px 10px 0px; }\r\n\t.ads_first_p_disp{}\r\n\t.ads_bottom_disp{}\r\n\t<\/style>\n<h2 class=\"wp-block-heading\">\u201eMalerei und Musik \u2013 eine Wechselbeziehung\u201c <\/h2>\n\n\n\n<h3 class=\"wp-block-heading\">Veranstaltung mit Rita Thiel in der Gemeindeb\u00fccherei<\/h3>\n\n\n\n<div class=\"wp-block-image\"><figure class=\"aligncenter\"><img decoding=\"async\" loading=\"lazy\" width=\"800\" height=\"400\" src=\"https:\/\/speyer24news.com\/wp-content\/uploads\/2019\/09\/Summerimte-@-Rita-Thiel.png\" alt=\"\" class=\"wp-image-19602\" srcset=\"https:\/\/speyer24news.com\/wp-content\/uploads\/2019\/09\/Summerimte-@-Rita-Thiel.png 800w, https:\/\/speyer24news.com\/wp-content\/uploads\/2019\/09\/Summerimte-@-Rita-Thiel-300x150.png 300w, https:\/\/speyer24news.com\/wp-content\/uploads\/2019\/09\/Summerimte-@-Rita-Thiel-768x384.png 768w\" sizes=\"(max-width: 800px) 100vw, 800px\" \/><figcaption>Sumemrtime von Rita Thiel<\/figcaption><\/figure><\/div>\n\n\n\n<p>Seit Anfang September ist die Ha\u00dflocher K\u00fcnstlerin Rita Thiel mit einer Ausstellung bei \u201eKunst im Treppenhaus\u201c in der Ha\u00dflocher Gemeindeb\u00fccherei vertreten. Die Ausstellung tr\u00e4gt den Titel \u201eMalerei und Musik \u2013 eine Wechselbeziehung\u201c und kann bis Ende Oktober zu den \u00fcblichen \u00d6ffnungszeiten der B\u00fccherei besichtigt werden.<\/p>\n\n\n\n<p>Am <strong>Dienstag, dem 08. Oktober 2019<\/strong> um 18:00 Uhr wird Rita Thiel interessierten B\u00fcrgerinnen und B\u00fcrgern einen Einblick in die Entstehungsgeschichte ihrer Arbeiten geben sowie die Wechselbeziehung von Musik und Malerei erl\u00e4utern. Im ersten Teil des Abends m\u00f6chte sie den Besuchern die eigenen Bilder konkret mit der Musik von Musikern vorstellen. Im zweiten Teil des Abends haben die Besucher laut Thiel die M\u00f6glichkeit, selbst festzustellen, dass in jedem Menschen seine eigene Musik \u201eklingen\u201c kann. Der Eintritt zur Veranstaltung ist frei. Eine vorherige Anmeldung ist nicht erforderlich.<\/p>\n\n\n\n<p>F\u00fcr Rita Thiel liegen Malerei und Musik eng beieinander. Begriffe wie Klang, Ton, Komposition, Harmonie, Disharmonie oder Modulation findet man sowohl in der Malerei wie auch in der Musik. Viele ihrer Werke entstehen unter dem Einfluss von Musik und tragen dementsprechend auch Titel mit musikalischem Bezug: \u201eOvert\u00fcre\u201c, \u201eJazz-Time\u201c oder \u201eRhapsody in Blue\u201c. <\/p>\n\n\n\n<p>Die Affinit\u00e4t zur Musik h\u00e4ngt auch mit der musikalischen Vergangenheit von Rita Thiel zusammen: Sie hat neben dem Studium f\u00fcr das Lehramt an Grund- und Hauptschulen auch Gesang studiert. Die intensive Auseinandersetzung mit der Malerei erfolgte durch den Besuch der Europ\u00e4ischen Kunstakademie in Trier. Dar\u00fcber hinaus nahm sie an Seminaren der Pf\u00e4lzer Kunsttage in Schifferstadt teil und besuchte Kurse und Workshops bei renommierten Pf\u00e4lzer K\u00fcnstlern. Rita Thiel konnte bereits viele Ausstellungen im In- und Ausland ausrichten.<\/p>\n\n\n\n<p><em>Text: Gemeindeverwaltung Ha\u00dfloch Foto: Rita Thiel<br>23.09.2019<\/em><\/p>\n","protected":false},"excerpt":{"rendered":"<div class=\"mh-excerpt\"><p>\u201eMalerei und Musik \u2013 eine Wechselbeziehung\u201c Veranstaltung mit Rita Thiel in der Gemeindeb\u00fccherei Seit Anfang September ist die Ha\u00dflocher K\u00fcnstlerin Rita Thiel mit einer Ausstellung bei \u201eKunst im Treppenhaus\u201c in der Ha\u00dflocher Gemeindeb\u00fccherei vertreten. Die <a class=\"mh-excerpt-more\" href=\"https:\/\/speyer24news.com\/?p=19601\" title=\"Ha\u00dfloch:\">[&#8230;]<\/a><\/p>\n<\/div>","protected":false},"author":3,"featured_media":19205,"comment_status":"open","ping_status":"open","sticky":false,"template":"","format":"standard","meta":{"_monsterinsights_skip_tracking":false,"_monsterinsights_sitenote_active":false,"_monsterinsights_sitenote_note":"","_monsterinsights_sitenote_category":0,"footnotes":""},"categories":[235],"tags":[3482,180,327,3312],"aioseo_notices":[],"amp_enabled":true,"_links":{"self":[{"href":"https:\/\/speyer24news.com\/index.php?rest_route=\/wp\/v2\/posts\/19601"}],"collection":[{"href":"https:\/\/speyer24news.com\/index.php?rest_route=\/wp\/v2\/posts"}],"about":[{"href":"https:\/\/speyer24news.com\/index.php?rest_route=\/wp\/v2\/types\/post"}],"author":[{"embeddable":true,"href":"https:\/\/speyer24news.com\/index.php?rest_route=\/wp\/v2\/users\/3"}],"replies":[{"embeddable":true,"href":"https:\/\/speyer24news.com\/index.php?rest_route=%2Fwp%2Fv2%2Fcomments&post=19601"}],"version-history":[{"count":1,"href":"https:\/\/speyer24news.com\/index.php?rest_route=\/wp\/v2\/posts\/19601\/revisions"}],"predecessor-version":[{"id":19603,"href":"https:\/\/speyer24news.com\/index.php?rest_route=\/wp\/v2\/posts\/19601\/revisions\/19603"}],"wp:featuredmedia":[{"embeddable":true,"href":"https:\/\/speyer24news.com\/index.php?rest_route=\/wp\/v2\/media\/19205"}],"wp:attachment":[{"href":"https:\/\/speyer24news.com\/index.php?rest_route=%2Fwp%2Fv2%2Fmedia&parent=19601"}],"wp:term":[{"taxonomy":"category","embeddable":true,"href":"https:\/\/speyer24news.com\/index.php?rest_route=%2Fwp%2Fv2%2Fcategories&post=19601"},{"taxonomy":"post_tag","embeddable":true,"href":"https:\/\/speyer24news.com\/index.php?rest_route=%2Fwp%2Fv2%2Ftags&post=19601"}],"curies":[{"name":"wp","href":"https:\/\/api.w.org\/{rel}","templated":true}]}}